{"id":24493,"date":"2019-06-29T14:13:11","date_gmt":"2019-06-29T19:13:11","guid":{"rendered":"https:\/\/canal7slp.tv\/2019\/?p=24493"},"modified":"2019-08-21T15:54:25","modified_gmt":"2019-08-21T20:54:25","slug":"lewis-hamilton-recibe-sancion-y-largara-quinto-en-gp-de-austria","status":"publish","type":"post","link":"https:\/\/canal7slp.tv\/2019\/lewis-hamilton-recibe-sancion-y-largara-quinto-en-gp-de-austria\/","title":{"rendered":"Lewis Hamilton recibe sanci\u00f3n y largar\u00e1 quinto en GP de Austria"},"content":{"rendered":"<p>Spielberg, Aut.- El vigente campe\u00f3n de la F\u00f3rmula 1, el piloto brit\u00e1nico Lewis Hamilton, largar\u00e1 en el quinto lugar para la carrera de este domingo en el Gran Premio de Austria, novena cita de la presente campa\u00f1a.<\/p>\n<p>Los comisarios llevaron a cabo la investigaci\u00f3n, tras la prueba de clasificaci\u00f3n, debido a que Hamilton, de Mercedes, protagoniz\u00f3 un bloqueo sobre el finland\u00e9s Kimi Raikkonen, de Alfa Romeo, durante la Q1.<\/p>\n<p>\u201cRevisaron la evidencia en video y escucharon al piloto del auto 7 (Raikkonen) y al piloto del auto 44 (Hamilton) y a representantes de los equipos y determinaron que el auto 44 innecesariamente obstaculiz\u00f3 al auto 7 en la curva 3&#8243;, se explic\u00f3.<\/p>\n<p>En el comunicado expuesto por la F\u00f3rmula 1, se agreg\u00f3: \u201cEl auto 44 hab\u00eda salido de los pits y fue informado de los autos que se acercaban, incluido el auto 7. Si bien el auto 44 intent\u00f3 tomar una acci\u00f3n evasiva cuando not\u00f3 que el auto 7 se le acercaba en una vuelta r\u00e1pida, no fue suficiente para evitar obstaculizarlo, luego tuvo que abortar la vuelta&#8221;.<\/p>\n<p>Por ello, este domingo en el Circuito de esta ciudad, Hamilton ceder\u00e1 el segundo lugar que hab\u00eda conseguido en la clasificaci\u00f3n y arrancar\u00e1 desde el quinto puesto de la parrilla de salida.<\/p>\n<p>Otros pilotos que recibieron alguna sanci\u00f3n previa a la carrera fueron el espa\u00f1ol Carlos Sainz, el alem\u00e1n Nico Hulkenberg, el dan\u00e9s Kevin Magnussen y el tailand\u00e9s Alexander Albon.<\/p>\n<p>Aunque la FIA a\u00fan confirmir\u00e1 la parrilla de salida instantes previos a la competencia de este domingo, los primeros 10 lugares del Gran Premio de Austria ser\u00e1n ocupados de la siguiente forma:<\/p>\n<p>El monegasco Charles Leclerc (Ferrari), quien se adue\u00f1\u00f3 de la \u201cpole position\u201d; seguido del holand\u00e9s Max Verstappen (Red Bull), del finland\u00e9s Valtteri Bottas (Mercedes), del brit\u00e1nico Lando Norris (McLaren) y Lewis Hamilton.<\/p>\n<p>M\u00e1s atr\u00e1s iniciar\u00e1n los dos Alfa Romeo, con el finland\u00e9s Kimi Raikkonen y el italiano Antonio Giovinazzi; el franc\u00e9s Pierre Gasly (Red Bull), el alem\u00e1n Sebasti\u00e1n Vettel (Ferrari) y el dan\u00e9s Kevin Magnussen (Haas).<\/p>\n","protected":false},"excerpt":{"rendered":"<p>Spielberg, Aut.- El vigente campe\u00f3n de la F\u00f3rmula 1, el piloto brit\u00e1nico Lewis Hamilton, largar\u00e1 en el quinto lugar para la carrera de este domingo en el Gran Premio de Austria, novena cita de la presente campa\u00f1a. Los comisarios llevaron a cabo la investigaci\u00f3n, tras la prueba de clasificaci\u00f3n, debido a que Hamilton, de Mercedes, [&hellip;]<\/p>\n","protected":false},"author":2,"featured_media":24494,"comment_status":"open","ping_status":"closed","sticky":false,"template":"","format":"standard","meta":{"footnotes":""},"categories":[96],"tags":[],"class_list":["post-24493","post","type-post","status-publish","format-standard","has-post-thumbnail","hentry","category-deportes"],"yoast_head":"<!-- This site is optimized with the Yoast SEO plugin v27.5 - https:\/\/yoast.com\/product\/yoast-seo-wordpress\/ -->\n<title>Lewis Hamilton recibe sanci\u00f3n y largar\u00e1 quinto en GP de Austria - Canal 7 SLP - 2019<\/title>\n<meta name=\"robots\" content=\"index, follow, max-snippet:-1, max-image-preview:large, max-video-preview:-1\" \/>\n<link rel=\"canonical\" href=\"https:\/\/canal7slp.tv\/2019\/lewis-hamilton-recibe-sancion-y-largara-quinto-en-gp-de-austria\/\" \/>\n<meta property=\"og:locale\" content=\"es_ES\" \/>\n<meta property=\"og:type\" content=\"article\" \/>\n<meta property=\"og:title\" content=\"Lewis Hamilton recibe sanci\u00f3n y largar\u00e1 quinto en GP de Austria - Canal 7 SLP - 2019\" \/>\n<meta property=\"og:description\" content=\"Spielberg, Aut.- El vigente campe\u00f3n de la F\u00f3rmula 1, el piloto brit\u00e1nico Lewis Hamilton, largar\u00e1 en el quinto lugar para la carrera de este domingo en el Gran Premio de Austria, novena cita de la presente campa\u00f1a. Los comisarios llevaron a cabo la investigaci\u00f3n, tras la prueba de clasificaci\u00f3n, debido a que Hamilton, de Mercedes, [&hellip;]\" \/>\n<meta property=\"og:url\" content=\"https:\/\/canal7slp.tv\/2019\/lewis-hamilton-recibe-sancion-y-largara-quinto-en-gp-de-austria\/\" \/>\n<meta property=\"og:site_name\" content=\"Canal 7 SLP - 2019\" \/>\n<meta property=\"article:publisher\" content=\"https:\/\/www.facebook.com\/CANAL7SLP\/\" \/>\n<meta property=\"article:published_time\" content=\"2019-06-29T19:13:11+00:00\" \/>\n<meta property=\"article:modified_time\" content=\"2019-08-21T20:54:25+00:00\" \/>\n<meta property=\"og:image\" content=\"https:\/\/canal7slp.tv\/2019\/wp-content\/uploads\/2019\/06\/1450-2.jpg\" \/>\n\t<meta property=\"og:image:width\" content=\"728\" \/>\n\t<meta property=\"og:image:height\" content=\"410\" \/>\n\t<meta property=\"og:image:type\" content=\"image\/jpeg\" \/>\n<meta name=\"author\" content=\"edicionweb\" \/>\n<meta name=\"twitter:card\" content=\"summary_large_image\" \/>\n<meta name=\"twitter:creator\" content=\"@canal7_slp\" \/>\n<meta name=\"twitter:site\" content=\"@canal7_slp\" \/>\n<meta name=\"twitter:label1\" content=\"Escrito por\" \/>\n\t<meta name=\"twitter:data1\" content=\"edicionweb\" \/>\n\t<meta name=\"twitter:label2\" content=\"Tiempo de lectura\" \/>\n\t<meta name=\"twitter:data2\" content=\"2 minutos\" \/>\n<script type=\"application\/ld+json\" class=\"yoast-schema-graph\">{\"@context\":\"https:\\\/\\\/schema.org\",\"@graph\":[{\"@type\":\"Article\",\"@id\":\"https:\\\/\\\/canal7slp.tv\\\/2019\\\/lewis-hamilton-recibe-sancion-y-largara-quinto-en-gp-de-austria\\\/#article\",\"isPartOf\":{\"@id\":\"https:\\\/\\\/canal7slp.tv\\\/2019\\\/lewis-hamilton-recibe-sancion-y-largara-quinto-en-gp-de-austria\\\/\"},\"author\":{\"name\":\"edicionweb\",\"@id\":\"https:\\\/\\\/canal7slp.tv\\\/2019\\\/#\\\/schema\\\/person\\\/11d941c1c6ca30ac0a46b95fa37aa2e3\"},\"headline\":\"Lewis Hamilton recibe sanci\u00f3n y largar\u00e1 quinto en GP de Austria\",\"datePublished\":\"2019-06-29T19:13:11+00:00\",\"dateModified\":\"2019-08-21T20:54:25+00:00\",\"mainEntityOfPage\":{\"@id\":\"https:\\\/\\\/canal7slp.tv\\\/2019\\\/lewis-hamilton-recibe-sancion-y-largara-quinto-en-gp-de-austria\\\/\"},\"wordCount\":368,\"commentCount\":0,\"publisher\":{\"@id\":\"https:\\\/\\\/canal7slp.tv\\\/2019\\\/#organization\"},\"image\":{\"@id\":\"https:\\\/\\\/canal7slp.tv\\\/2019\\\/lewis-hamilton-recibe-sancion-y-largara-quinto-en-gp-de-austria\\\/#primaryimage\"},\"thumbnailUrl\":\"https:\\\/\\\/canal7slp.tv\\\/2019\\\/wp-content\\\/uploads\\\/2019\\\/06\\\/1450-2.jpg\",\"articleSection\":[\"DEPORTES\"],\"inLanguage\":\"es\",\"potentialAction\":[{\"@type\":\"CommentAction\",\"name\":\"Comment\",\"target\":[\"https:\\\/\\\/canal7slp.tv\\\/2019\\\/lewis-hamilton-recibe-sancion-y-largara-quinto-en-gp-de-austria\\\/#respond\"]}]},{\"@type\":\"WebPage\",\"@id\":\"https:\\\/\\\/canal7slp.tv\\\/2019\\\/lewis-hamilton-recibe-sancion-y-largara-quinto-en-gp-de-austria\\\/\",\"url\":\"https:\\\/\\\/canal7slp.tv\\\/2019\\\/lewis-hamilton-recibe-sancion-y-largara-quinto-en-gp-de-austria\\\/\",\"name\":\"Lewis Hamilton recibe sanci\u00f3n y largar\u00e1 quinto en GP de Austria - Canal 7 SLP - 2019\",\"isPartOf\":{\"@id\":\"https:\\\/\\\/canal7slp.tv\\\/2019\\\/#website\"},\"primaryImageOfPage\":{\"@id\":\"https:\\\/\\\/canal7slp.tv\\\/2019\\\/lewis-hamilton-recibe-sancion-y-largara-quinto-en-gp-de-austria\\\/#primaryimage\"},\"image\":{\"@id\":\"https:\\\/\\\/canal7slp.tv\\\/2019\\\/lewis-hamilton-recibe-sancion-y-largara-quinto-en-gp-de-austria\\\/#primaryimage\"},\"thumbnailUrl\":\"https:\\\/\\\/canal7slp.tv\\\/2019\\\/wp-content\\\/uploads\\\/2019\\\/06\\\/1450-2.jpg\",\"datePublished\":\"2019-06-29T19:13:11+00:00\",\"dateModified\":\"2019-08-21T20:54:25+00:00\",\"breadcrumb\":{\"@id\":\"https:\\\/\\\/canal7slp.tv\\\/2019\\\/lewis-hamilton-recibe-sancion-y-largara-quinto-en-gp-de-austria\\\/#breadcrumb\"},\"inLanguage\":\"es\",\"potentialAction\":[{\"@type\":\"ReadAction\",\"target\":[\"https:\\\/\\\/canal7slp.tv\\\/2019\\\/lewis-hamilton-recibe-sancion-y-largara-quinto-en-gp-de-austria\\\/\"]}]},{\"@type\":\"ImageObject\",\"inLanguage\":\"es\",\"@id\":\"https:\\\/\\\/canal7slp.tv\\\/2019\\\/lewis-hamilton-recibe-sancion-y-largara-quinto-en-gp-de-austria\\\/#primaryimage\",\"url\":\"https:\\\/\\\/canal7slp.tv\\\/2019\\\/wp-content\\\/uploads\\\/2019\\\/06\\\/1450-2.jpg\",\"contentUrl\":\"https:\\\/\\\/canal7slp.tv\\\/2019\\\/wp-content\\\/uploads\\\/2019\\\/06\\\/1450-2.jpg\",\"width\":728,\"height\":410},{\"@type\":\"BreadcrumbList\",\"@id\":\"https:\\\/\\\/canal7slp.tv\\\/2019\\\/lewis-hamilton-recibe-sancion-y-largara-quinto-en-gp-de-austria\\\/#breadcrumb\",\"itemListElement\":[{\"@type\":\"ListItem\",\"position\":1,\"name\":\"Home\",\"item\":\"https:\\\/\\\/canal7slp.tv\\\/2019\\\/\"},{\"@type\":\"ListItem\",\"position\":2,\"name\":\"Lewis Hamilton recibe sanci\u00f3n y largar\u00e1 quinto en GP de Austria\"}]},{\"@type\":\"WebSite\",\"@id\":\"https:\\\/\\\/canal7slp.tv\\\/2019\\\/#website\",\"url\":\"https:\\\/\\\/canal7slp.tv\\\/2019\\\/\",\"name\":\"Canal 7 SLP - Somos TV\",\"description\":\"Somos un Canal de 10\",\"publisher\":{\"@id\":\"https:\\\/\\\/canal7slp.tv\\\/2019\\\/#organization\"},\"potentialAction\":[{\"@type\":\"SearchAction\",\"target\":{\"@type\":\"EntryPoint\",\"urlTemplate\":\"https:\\\/\\\/canal7slp.tv\\\/2019\\\/?s={search_term_string}\"},\"query-input\":{\"@type\":\"PropertyValueSpecification\",\"valueRequired\":true,\"valueName\":\"search_term_string\"}}],\"inLanguage\":\"es\"},{\"@type\":\"Organization\",\"@id\":\"https:\\\/\\\/canal7slp.tv\\\/2019\\\/#organization\",\"name\":\"Comunicaci\u00f3n 2000 S.A. de C.V.\",\"url\":\"https:\\\/\\\/canal7slp.tv\\\/2019\\\/\",\"logo\":{\"@type\":\"ImageObject\",\"inLanguage\":\"es\",\"@id\":\"https:\\\/\\\/canal7slp.tv\\\/2019\\\/#\\\/schema\\\/logo\\\/image\\\/\",\"url\":\"https:\\\/\\\/canal7slp.tv\\\/2019\\\/wp-content\\\/uploads\\\/2019\\\/07\\\/logo-c7.png\",\"contentUrl\":\"https:\\\/\\\/canal7slp.tv\\\/2019\\\/wp-content\\\/uploads\\\/2019\\\/07\\\/logo-c7.png\",\"width\":220,\"height\":60,\"caption\":\"Comunicaci\u00f3n 2000 S.A. de C.V.\"},\"image\":{\"@id\":\"https:\\\/\\\/canal7slp.tv\\\/2019\\\/#\\\/schema\\\/logo\\\/image\\\/\"},\"sameAs\":[\"https:\\\/\\\/www.facebook.com\\\/CANAL7SLP\\\/\",\"https:\\\/\\\/x.com\\\/canal7_slp\",\"https:\\\/\\\/www.instagram.com\\\/canal7_slp\",\"https:\\\/\\\/www.youtube.com\\\/user\\\/NOTICIEROSCANAL7SLP\\\/\"]},{\"@type\":\"Person\",\"@id\":\"https:\\\/\\\/canal7slp.tv\\\/2019\\\/#\\\/schema\\\/person\\\/11d941c1c6ca30ac0a46b95fa37aa2e3\",\"name\":\"edicionweb\",\"image\":{\"@type\":\"ImageObject\",\"inLanguage\":\"es\",\"@id\":\"https:\\\/\\\/secure.gravatar.com\\\/avatar\\\/eee448fc3f7164808013b816ba91ac7e43bbe82a70bebac296f8bc6f0addaa1a?s=96&d=mm&r=g\",\"url\":\"https:\\\/\\\/secure.gravatar.com\\\/avatar\\\/eee448fc3f7164808013b816ba91ac7e43bbe82a70bebac296f8bc6f0addaa1a?s=96&d=mm&r=g\",\"contentUrl\":\"https:\\\/\\\/secure.gravatar.com\\\/avatar\\\/eee448fc3f7164808013b816ba91ac7e43bbe82a70bebac296f8bc6f0addaa1a?s=96&d=mm&r=g\",\"caption\":\"edicionweb\"}}]}<\/script>\n<!-- \/ Yoast SEO plugin. -->","yoast_head_json":{"title":"Lewis Hamilton recibe sanci\u00f3n y largar\u00e1 quinto en GP de Austria - Canal 7 SLP - 2019","robots":{"index":"index","follow":"follow","max-snippet":"max-snippet:-1","max-image-preview":"max-image-preview:large","max-video-preview":"max-video-preview:-1"},"canonical":"https:\/\/canal7slp.tv\/2019\/lewis-hamilton-recibe-sancion-y-largara-quinto-en-gp-de-austria\/","og_locale":"es_ES","og_type":"article","og_title":"Lewis Hamilton recibe sanci\u00f3n y largar\u00e1 quinto en GP de Austria - Canal 7 SLP - 2019","og_description":"Spielberg, Aut.- El vigente campe\u00f3n de la F\u00f3rmula 1, el piloto brit\u00e1nico Lewis Hamilton, largar\u00e1 en el quinto lugar para la carrera de este domingo en el Gran Premio de Austria, novena cita de la presente campa\u00f1a. Los comisarios llevaron a cabo la investigaci\u00f3n, tras la prueba de clasificaci\u00f3n, debido a que Hamilton, de Mercedes, [&hellip;]","og_url":"https:\/\/canal7slp.tv\/2019\/lewis-hamilton-recibe-sancion-y-largara-quinto-en-gp-de-austria\/","og_site_name":"Canal 7 SLP - 2019","article_publisher":"https:\/\/www.facebook.com\/CANAL7SLP\/","article_published_time":"2019-06-29T19:13:11+00:00","article_modified_time":"2019-08-21T20:54:25+00:00","og_image":[{"width":728,"height":410,"url":"https:\/\/canal7slp.tv\/2019\/wp-content\/uploads\/2019\/06\/1450-2.jpg","type":"image\/jpeg"}],"author":"edicionweb","twitter_card":"summary_large_image","twitter_creator":"@canal7_slp","twitter_site":"@canal7_slp","twitter_misc":{"Escrito por":"edicionweb","Tiempo de lectura":"2 minutos"},"schema":{"@context":"https:\/\/schema.org","@graph":[{"@type":"Article","@id":"https:\/\/canal7slp.tv\/2019\/lewis-hamilton-recibe-sancion-y-largara-quinto-en-gp-de-austria\/#article","isPartOf":{"@id":"https:\/\/canal7slp.tv\/2019\/lewis-hamilton-recibe-sancion-y-largara-quinto-en-gp-de-austria\/"},"author":{"name":"edicionweb","@id":"https:\/\/canal7slp.tv\/2019\/#\/schema\/person\/11d941c1c6ca30ac0a46b95fa37aa2e3"},"headline":"Lewis Hamilton recibe sanci\u00f3n y largar\u00e1 quinto en GP de Austria","datePublished":"2019-06-29T19:13:11+00:00","dateModified":"2019-08-21T20:54:25+00:00","mainEntityOfPage":{"@id":"https:\/\/canal7slp.tv\/2019\/lewis-hamilton-recibe-sancion-y-largara-quinto-en-gp-de-austria\/"},"wordCount":368,"commentCount":0,"publisher":{"@id":"https:\/\/canal7slp.tv\/2019\/#organization"},"image":{"@id":"https:\/\/canal7slp.tv\/2019\/lewis-hamilton-recibe-sancion-y-largara-quinto-en-gp-de-austria\/#primaryimage"},"thumbnailUrl":"https:\/\/canal7slp.tv\/2019\/wp-content\/uploads\/2019\/06\/1450-2.jpg","articleSection":["DEPORTES"],"inLanguage":"es","potentialAction":[{"@type":"CommentAction","name":"Comment","target":["https:\/\/canal7slp.tv\/2019\/lewis-hamilton-recibe-sancion-y-largara-quinto-en-gp-de-austria\/#respond"]}]},{"@type":"WebPage","@id":"https:\/\/canal7slp.tv\/2019\/lewis-hamilton-recibe-sancion-y-largara-quinto-en-gp-de-austria\/","url":"https:\/\/canal7slp.tv\/2019\/lewis-hamilton-recibe-sancion-y-largara-quinto-en-gp-de-austria\/","name":"Lewis Hamilton recibe sanci\u00f3n y largar\u00e1 quinto en GP de Austria - Canal 7 SLP - 2019","isPartOf":{"@id":"https:\/\/canal7slp.tv\/2019\/#website"},"primaryImageOfPage":{"@id":"https:\/\/canal7slp.tv\/2019\/lewis-hamilton-recibe-sancion-y-largara-quinto-en-gp-de-austria\/#primaryimage"},"image":{"@id":"https:\/\/canal7slp.tv\/2019\/lewis-hamilton-recibe-sancion-y-largara-quinto-en-gp-de-austria\/#primaryimage"},"thumbnailUrl":"https:\/\/canal7slp.tv\/2019\/wp-content\/uploads\/2019\/06\/1450-2.jpg","datePublished":"2019-06-29T19:13:11+00:00","dateModified":"2019-08-21T20:54:25+00:00","breadcrumb":{"@id":"https:\/\/canal7slp.tv\/2019\/lewis-hamilton-recibe-sancion-y-largara-quinto-en-gp-de-austria\/#breadcrumb"},"inLanguage":"es","potentialAction":[{"@type":"ReadAction","target":["https:\/\/canal7slp.tv\/2019\/lewis-hamilton-recibe-sancion-y-largara-quinto-en-gp-de-austria\/"]}]},{"@type":"ImageObject","inLanguage":"es","@id":"https:\/\/canal7slp.tv\/2019\/lewis-hamilton-recibe-sancion-y-largara-quinto-en-gp-de-austria\/#primaryimage","url":"https:\/\/canal7slp.tv\/2019\/wp-content\/uploads\/2019\/06\/1450-2.jpg","contentUrl":"https:\/\/canal7slp.tv\/2019\/wp-content\/uploads\/2019\/06\/1450-2.jpg","width":728,"height":410},{"@type":"BreadcrumbList","@id":"https:\/\/canal7slp.tv\/2019\/lewis-hamilton-recibe-sancion-y-largara-quinto-en-gp-de-austria\/#breadcrumb","itemListElement":[{"@type":"ListItem","position":1,"name":"Home","item":"https:\/\/canal7slp.tv\/2019\/"},{"@type":"ListItem","position":2,"name":"Lewis Hamilton recibe sanci\u00f3n y largar\u00e1 quinto en GP de Austria"}]},{"@type":"WebSite","@id":"https:\/\/canal7slp.tv\/2019\/#website","url":"https:\/\/canal7slp.tv\/2019\/","name":"Canal 7 SLP - Somos TV","description":"Somos un Canal de 10","publisher":{"@id":"https:\/\/canal7slp.tv\/2019\/#organization"},"potentialAction":[{"@type":"SearchAction","target":{"@type":"EntryPoint","urlTemplate":"https:\/\/canal7slp.tv\/2019\/?s={search_term_string}"},"query-input":{"@type":"PropertyValueSpecification","valueRequired":true,"valueName":"search_term_string"}}],"inLanguage":"es"},{"@type":"Organization","@id":"https:\/\/canal7slp.tv\/2019\/#organization","name":"Comunicaci\u00f3n 2000 S.A. de C.V.","url":"https:\/\/canal7slp.tv\/2019\/","logo":{"@type":"ImageObject","inLanguage":"es","@id":"https:\/\/canal7slp.tv\/2019\/#\/schema\/logo\/image\/","url":"https:\/\/canal7slp.tv\/2019\/wp-content\/uploads\/2019\/07\/logo-c7.png","contentUrl":"https:\/\/canal7slp.tv\/2019\/wp-content\/uploads\/2019\/07\/logo-c7.png","width":220,"height":60,"caption":"Comunicaci\u00f3n 2000 S.A. de C.V."},"image":{"@id":"https:\/\/canal7slp.tv\/2019\/#\/schema\/logo\/image\/"},"sameAs":["https:\/\/www.facebook.com\/CANAL7SLP\/","https:\/\/x.com\/canal7_slp","https:\/\/www.instagram.com\/canal7_slp","https:\/\/www.youtube.com\/user\/NOTICIEROSCANAL7SLP\/"]},{"@type":"Person","@id":"https:\/\/canal7slp.tv\/2019\/#\/schema\/person\/11d941c1c6ca30ac0a46b95fa37aa2e3","name":"edicionweb","image":{"@type":"ImageObject","inLanguage":"es","@id":"https:\/\/secure.gravatar.com\/avatar\/eee448fc3f7164808013b816ba91ac7e43bbe82a70bebac296f8bc6f0addaa1a?s=96&d=mm&r=g","url":"https:\/\/secure.gravatar.com\/avatar\/eee448fc3f7164808013b816ba91ac7e43bbe82a70bebac296f8bc6f0addaa1a?s=96&d=mm&r=g","contentUrl":"https:\/\/secure.gravatar.com\/avatar\/eee448fc3f7164808013b816ba91ac7e43bbe82a70bebac296f8bc6f0addaa1a?s=96&d=mm&r=g","caption":"edicionweb"}}]}},"amp_enabled":true,"cmb2":{"video_ids_in_playlist":{"vid_p_videos":""},"video_ids_in_channel":{"vid_c_videos":""},"playlist_ids_in_channel":{"vid_c_playlists":""},"series_ids_in_channel":{"vid_c_series":""},"channel_images":{"vid_c_logo":"","vid_c_banner":""},"poster_feature_image":{"vid_m_poster_image":""},"gif_feature_image":{"vid_m_gif_image":""},"video_movie_settings":{"vid_m_director":"","vid_m_actor":"","vid_m_imdb_ratings":"","vid_m_amazon_associates":""},"vid_youtube_broadcasts_settings":{"vid_yb_broadcast_title":"","vid_yb_q":"","vid_yb_channelid":"","vid_yb_videocategoryid":"","vid_yb_maxresults":"","vid_yb_order":"","vid_yb_regioncode":"","vid_yb_videosyndicated":"","vid_yb_style":"","vid_yb_reload_first":""},"video_series_settings":{"vid_m_director":"","vid_m_actor":"","vid_m_imdb_ratings":"","video_series_group":""},"amazon_associates_settings":{"amazon_associates":"","amazon_native_ad":""},"vid_youtube_automatic_settings":{"vid_ya_youtube_source":"","vid_ya_update_every":"","vid_ya_update_unit":"","vid_ya_categories":"","vid_ya_published_after":"","vid_ya_published_before":"","vid_ya_playlists":"","vid_ya_channels":"","vid_ya_director":"","vid_ya_actor":"","vid_ya_author":"","vid_ya_import_post_date":"","vid_ya_status":"","vid_ya_sub_api_key":""},"vid_ads_m_videoads_settings_post":{"vid_ads_m_video_ads":"","vid_ads_m_video_ads_type":"","vid_ads_m_group_google_ima":"","vid_ads_m_group_image":"","vid_ads_m_group_html5_video":"","vid_ads_m_group_html":"","vid_ads_m_vast_preroll":"","vid_ads_m_vast_postroll":"","vid_ads_m_vast_pauseroll":"","vid_ads_m_vast_midroll":[{"vid_ads_m_vast_timer_seconds":"50"}],"vid_ads_m_time_to_show_ads":"","vid_ads_m_time_skip_ads":"","vid_ads_m_time_to_hide_ads":""},"page_slider_settings":{"display_slider_group":"","page_slider_group":""},"blog_page_settings":{"blog_page_title":"","blog_page_heading":"","blog_page_ic":"","blog_page_it":"","blog_page_ec":"","blog_page_ip":"","archive_loop_style":"","blog_image_ratio":"","blog_show_categories":"","blog_show_excerpt":"","blog_show_author":"","blog_show_date":"","blog_show_comment_count":"","blog_show_view_count":"","blog_show_like_count":"","blog_show_dislike_count":"","blog_items_per_page":"","blog_pag_type":""},"page_options":{"get_page_template":"","color_mode":"","main_layout":"","main_layout_full_with":"","main_logo":"","main_logo_retina":"","main_logo_mobile":"","main_logo_mobile_retina":"","sticky_logo":"","sticky_logo_retina":"","main_nav_layout":"","ajax_search":"","header_background":"","theme_sidebar":"","instagram_feed":"","instagram_feed_position":"","popular_videos":"","popular_videos_title_1":"","popular_videos_title_2":"","popular_videos_ic":"","popular_videos_it":"","theme_background":"","page_custom_css":""},"feature_image_settings":{"feature_image_position":""},"video_player_settings":{"single_video_style":"","video_player_position":"","vm_video_url":"","video_player_library":"","video_streaming":"","vm_media_sources":"","vid_auto_play":"","vm_video_shortcode":"","vid_p_sync_playlist":"","vid_c_sync_channel":"","get_post_format":"","multiple_links_structure":"default","multi_links_title":"","vm_video_multi_links":"","vm_duration":"","vid_social_locker":"off","vid_social_locker_id":"","vid_membership_action":"content-video","vm_video_trailer_url":"","vid_download_type":"free","vid_download_target":"download","vid_woo_product":"","vm_media_download":"","user_rating":"","user_rating_position":"","user_rating_mode":"","user_rating_multi_sets":""},"video_auto_fetch_settings":{"vm_video_fetch":"on"},"video_fake_views_likes":{"vm_fake_views":"","vm_fake_likes":"","vm_fake_dislikes":""},"gallery_settings":{"gallery_position":""},"quote_settings":{"quote_position":""},"post_options":{"main_layout":"","main_logo":"","main_logo_retina":"","main_logo_mobile":"","main_logo_mobile_retina":"","sticky_logo":"","sticky_logo_retina":"","main_nav_layout":"","header_background":"","theme_sidebar":"","single_post_comment_type":"","theme_background":""}},"_links":{"self":[{"href":"https:\/\/canal7slp.tv\/2019\/wp-json\/wp\/v2\/posts\/24493","targetHints":{"allow":["GET"]}}],"collection":[{"href":"https:\/\/canal7slp.tv\/2019\/wp-json\/wp\/v2\/posts"}],"about":[{"href":"https:\/\/canal7slp.tv\/2019\/wp-json\/wp\/v2\/types\/post"}],"author":[{"embeddable":true,"href":"https:\/\/canal7slp.tv\/2019\/wp-json\/wp\/v2\/users\/2"}],"replies":[{"embeddable":true,"href":"https:\/\/canal7slp.tv\/2019\/wp-json\/wp\/v2\/comments?post=24493"}],"version-history":[{"count":0,"href":"https:\/\/canal7slp.tv\/2019\/wp-json\/wp\/v2\/posts\/24493\/revisions"}],"wp:featuredmedia":[{"embeddable":true,"href":"https:\/\/canal7slp.tv\/2019\/wp-json\/wp\/v2\/media\/24494"}],"wp:attachment":[{"href":"https:\/\/canal7slp.tv\/2019\/wp-json\/wp\/v2\/media?parent=24493"}],"wp:term":[{"taxonomy":"category","embeddable":true,"href":"https:\/\/canal7slp.tv\/2019\/wp-json\/wp\/v2\/categories?post=24493"},{"taxonomy":"post_tag","embeddable":true,"href":"https:\/\/canal7slp.tv\/2019\/wp-json\/wp\/v2\/tags?post=24493"}],"curies":[{"name":"wp","href":"https:\/\/api.w.org\/{rel}","templated":true}]}}