{"id":23768,"date":"2019-06-28T13:02:20","date_gmt":"2019-06-28T18:02:20","guid":{"rendered":"https:\/\/canal7slp.tv\/2019\/?p=23768"},"modified":"2019-06-28T13:02:20","modified_gmt":"2019-06-28T18:02:20","slug":"no-hay-justificacion-para-aumento-de-precios-en-aguacate-y-pollo-sader","status":"publish","type":"post","link":"https:\/\/canal7slp.tv\/2019\/no-hay-justificacion-para-aumento-de-precios-en-aguacate-y-pollo-sader\/","title":{"rendered":"No hay justificaci\u00f3n para aumento de precios en aguacate y pollo: Sader"},"content":{"rendered":"<p>M\u00e9xico.- El titular de la Secretar\u00eda de Agricultura y Desarrollo Rural (Sader), V\u00edctor Villalobos Ar\u00e1mbula, se\u00f1al\u00f3 que \u201cno hay raz\u00f3n justificada\u201d del incremento de precios del aguacate, pollo y otros productos agroalimentarios.<\/p>\n<p>\u201cNo s\u00f3lo es aguacate, se est\u00e1n encareciendo otros productos y no tenemos una justificaci\u00f3n\u201d, coment\u00f3 al t\u00e9rmino de la conferencia para informar sobre la distribuci\u00f3n de fertilizantes en Guerrero.<\/p>\n<p>Argument\u00f3 que si bien este aumento de los precios se ha atribuido al incremento de los vol\u00famenes de exportaci\u00f3n, \u00e9sta es una decisi\u00f3n tomada por los propios productores agr\u00edcolas.<\/p>\n<p>\u201cNo lo estamos viendo as\u00ed, adem\u00e1s no tenemos ning\u00fan programa detectado de \u00edndole sanitario\u201d, coment\u00f3 Villalobos Ar\u00e1mbula, quien remarc\u00f3 que el tema tambi\u00e9n se eval\u00faa con la Secretar\u00eda de Econom\u00eda (SE).<\/p>\n<p>De acuerdo con informaci\u00f3n del Servicio de Informaci\u00f3n Agroalimentaria y Pesquera (SIAP), el aguacate Hass lleva varias semanas a la alza en su precio por una reducci\u00f3n de 1.2 por ciento en su producci\u00f3n.<\/p>\n<p>Respecto al pollo, indic\u00f3 que las altas temperaturas han impactado \u201cun poco\u201d en ello e incluso se ampli\u00f3 un cupo de importaci\u00f3n -de 300 mil a 355 mil toneladas- para regular el precio de la carne, empero, \u201cno se est\u00e1 consumiendo\u201d.<\/p>\n<p>Seg\u00fan el Grupo Consultor de Mercados Agr\u00edcolas (GCMA), dirigido por Juan Carlos Anaya, el precio de mayoreo del kilo de pierna y muslo se ubic\u00f3? en 41.88 pesos y de pechuga de pollo se report\u00f3 en 82.25 pesos en la Central de Abastos de la Ciudad de M\u00e9xico, lo que signific\u00f3 un aumento de 8.9 por ciento y 16.3 por ciento, respectivamente, durante la semana del 17 al 21 de junio.<\/p>\n<p>Villalobos Ar\u00e1mbula record\u00f3 que la producci\u00f3n de aguacate se eleva durante los meses de agosto, septiembre y octubre, y confi\u00f3 que esto permita disminuir el precio del tambi\u00e9n llamado \u201coro verde\u201d.<\/p>\n<p>\u201cPero insisto no hay explicaci\u00f3n de porqu\u00e9 se ha subido tanto el precio\u201d, reiter\u00f3 el encargado de la pol\u00edtica agr\u00edcola de M\u00e9xico.<\/p>\n<p>Por su parte, la Procuradur\u00eda Federal del Consumidor (Profeco) inform\u00f3 en d\u00edas pasados que el precio promedio nacional del aguacate Hass fue de 70.40 pesos por kilogramo.<\/p>\n","protected":false},"excerpt":{"rendered":"<p>M\u00e9xico.- El titular de la Secretar\u00eda de Agricultura y Desarrollo Rural (Sader), V\u00edctor Villalobos Ar\u00e1mbula, se\u00f1al\u00f3 que \u201cno hay raz\u00f3n justificada\u201d del incremento de precios del aguacate, pollo y otros productos agroalimentarios. \u201cNo s\u00f3lo es aguacate, se est\u00e1n encareciendo otros productos y no tenemos una justificaci\u00f3n\u201d, coment\u00f3 al t\u00e9rmino de la conferencia para informar sobre [&hellip;]<\/p>\n","protected":false},"author":2,"featured_media":23778,"comment_status":"open","ping_status":"closed","sticky":false,"template":"","format":"standard","meta":{"footnotes":""},"categories":[98],"tags":[],"class_list":["post-23768","post","type-post","status-publish","format-standard","has-post-thumbnail","hentry","category-finanzas"],"yoast_head":"<!-- This site is optimized with the Yoast SEO plugin v27.4 - https:\/\/yoast.com\/product\/yoast-seo-wordpress\/ -->\n<title>No hay justificaci\u00f3n para aumento de precios en aguacate y pollo: Sader - Canal 7 SLP - 2019<\/title>\n<meta name=\"robots\" content=\"index, follow, max-snippet:-1, max-image-preview:large, max-video-preview:-1\" \/>\n<link rel=\"canonical\" href=\"https:\/\/canal7slp.tv\/2019\/no-hay-justificacion-para-aumento-de-precios-en-aguacate-y-pollo-sader\/\" \/>\n<meta property=\"og:locale\" content=\"es_ES\" \/>\n<meta property=\"og:type\" content=\"article\" \/>\n<meta property=\"og:title\" content=\"No hay justificaci\u00f3n para aumento de precios en aguacate y pollo: Sader - Canal 7 SLP - 2019\" \/>\n<meta property=\"og:description\" content=\"M\u00e9xico.- El titular de la Secretar\u00eda de Agricultura y Desarrollo Rural (Sader), V\u00edctor Villalobos Ar\u00e1mbula, se\u00f1al\u00f3 que \u201cno hay raz\u00f3n justificada\u201d del incremento de precios del aguacate, pollo y otros productos agroalimentarios. \u201cNo s\u00f3lo es aguacate, se est\u00e1n encareciendo otros productos y no tenemos una justificaci\u00f3n\u201d, coment\u00f3 al t\u00e9rmino de la conferencia para informar sobre [&hellip;]\" \/>\n<meta property=\"og:url\" content=\"https:\/\/canal7slp.tv\/2019\/no-hay-justificacion-para-aumento-de-precios-en-aguacate-y-pollo-sader\/\" \/>\n<meta property=\"og:site_name\" content=\"Canal 7 SLP - 2019\" \/>\n<meta property=\"article:publisher\" content=\"https:\/\/www.facebook.com\/CANAL7SLP\/\" \/>\n<meta property=\"article:published_time\" content=\"2019-06-28T18:02:20+00:00\" \/>\n<meta property=\"og:image\" content=\"https:\/\/canal7slp.tv\/2019\/wp-content\/uploads\/2019\/06\/05-24.jpg\" \/>\n\t<meta property=\"og:image:width\" content=\"614\" \/>\n\t<meta property=\"og:image:height\" content=\"410\" \/>\n\t<meta property=\"og:image:type\" content=\"image\/jpeg\" \/>\n<meta name=\"author\" content=\"edicionweb\" \/>\n<meta name=\"twitter:card\" content=\"summary_large_image\" \/>\n<meta name=\"twitter:creator\" content=\"@canal7_slp\" \/>\n<meta name=\"twitter:site\" content=\"@canal7_slp\" \/>\n<meta name=\"twitter:label1\" content=\"Escrito por\" \/>\n\t<meta name=\"twitter:data1\" content=\"edicionweb\" \/>\n\t<meta name=\"twitter:label2\" content=\"Tiempo de lectura\" \/>\n\t<meta name=\"twitter:data2\" content=\"2 minutos\" \/>\n<script type=\"application\/ld+json\" class=\"yoast-schema-graph\">{\"@context\":\"https:\\\/\\\/schema.org\",\"@graph\":[{\"@type\":\"Article\",\"@id\":\"https:\\\/\\\/canal7slp.tv\\\/2019\\\/no-hay-justificacion-para-aumento-de-precios-en-aguacate-y-pollo-sader\\\/#article\",\"isPartOf\":{\"@id\":\"https:\\\/\\\/canal7slp.tv\\\/2019\\\/no-hay-justificacion-para-aumento-de-precios-en-aguacate-y-pollo-sader\\\/\"},\"author\":{\"name\":\"edicionweb\",\"@id\":\"https:\\\/\\\/canal7slp.tv\\\/2019\\\/#\\\/schema\\\/person\\\/11d941c1c6ca30ac0a46b95fa37aa2e3\"},\"headline\":\"No hay justificaci\u00f3n para aumento de precios en aguacate y pollo: Sader\",\"datePublished\":\"2019-06-28T18:02:20+00:00\",\"mainEntityOfPage\":{\"@id\":\"https:\\\/\\\/canal7slp.tv\\\/2019\\\/no-hay-justificacion-para-aumento-de-precios-en-aguacate-y-pollo-sader\\\/\"},\"wordCount\":390,\"commentCount\":0,\"publisher\":{\"@id\":\"https:\\\/\\\/canal7slp.tv\\\/2019\\\/#organization\"},\"image\":{\"@id\":\"https:\\\/\\\/canal7slp.tv\\\/2019\\\/no-hay-justificacion-para-aumento-de-precios-en-aguacate-y-pollo-sader\\\/#primaryimage\"},\"thumbnailUrl\":\"https:\\\/\\\/canal7slp.tv\\\/2019\\\/wp-content\\\/uploads\\\/2019\\\/06\\\/05-24.jpg\",\"articleSection\":[\"FINANZAS\"],\"inLanguage\":\"es\",\"potentialAction\":[{\"@type\":\"CommentAction\",\"name\":\"Comment\",\"target\":[\"https:\\\/\\\/canal7slp.tv\\\/2019\\\/no-hay-justificacion-para-aumento-de-precios-en-aguacate-y-pollo-sader\\\/#respond\"]}]},{\"@type\":\"WebPage\",\"@id\":\"https:\\\/\\\/canal7slp.tv\\\/2019\\\/no-hay-justificacion-para-aumento-de-precios-en-aguacate-y-pollo-sader\\\/\",\"url\":\"https:\\\/\\\/canal7slp.tv\\\/2019\\\/no-hay-justificacion-para-aumento-de-precios-en-aguacate-y-pollo-sader\\\/\",\"name\":\"No hay justificaci\u00f3n para aumento de precios en aguacate y pollo: Sader - Canal 7 SLP - 2019\",\"isPartOf\":{\"@id\":\"https:\\\/\\\/canal7slp.tv\\\/2019\\\/#website\"},\"primaryImageOfPage\":{\"@id\":\"https:\\\/\\\/canal7slp.tv\\\/2019\\\/no-hay-justificacion-para-aumento-de-precios-en-aguacate-y-pollo-sader\\\/#primaryimage\"},\"image\":{\"@id\":\"https:\\\/\\\/canal7slp.tv\\\/2019\\\/no-hay-justificacion-para-aumento-de-precios-en-aguacate-y-pollo-sader\\\/#primaryimage\"},\"thumbnailUrl\":\"https:\\\/\\\/canal7slp.tv\\\/2019\\\/wp-content\\\/uploads\\\/2019\\\/06\\\/05-24.jpg\",\"datePublished\":\"2019-06-28T18:02:20+00:00\",\"breadcrumb\":{\"@id\":\"https:\\\/\\\/canal7slp.tv\\\/2019\\\/no-hay-justificacion-para-aumento-de-precios-en-aguacate-y-pollo-sader\\\/#breadcrumb\"},\"inLanguage\":\"es\",\"potentialAction\":[{\"@type\":\"ReadAction\",\"target\":[\"https:\\\/\\\/canal7slp.tv\\\/2019\\\/no-hay-justificacion-para-aumento-de-precios-en-aguacate-y-pollo-sader\\\/\"]}]},{\"@type\":\"ImageObject\",\"inLanguage\":\"es\",\"@id\":\"https:\\\/\\\/canal7slp.tv\\\/2019\\\/no-hay-justificacion-para-aumento-de-precios-en-aguacate-y-pollo-sader\\\/#primaryimage\",\"url\":\"https:\\\/\\\/canal7slp.tv\\\/2019\\\/wp-content\\\/uploads\\\/2019\\\/06\\\/05-24.jpg\",\"contentUrl\":\"https:\\\/\\\/canal7slp.tv\\\/2019\\\/wp-content\\\/uploads\\\/2019\\\/06\\\/05-24.jpg\",\"width\":614,\"height\":410},{\"@type\":\"BreadcrumbList\",\"@id\":\"https:\\\/\\\/canal7slp.tv\\\/2019\\\/no-hay-justificacion-para-aumento-de-precios-en-aguacate-y-pollo-sader\\\/#breadcrumb\",\"itemListElement\":[{\"@type\":\"ListItem\",\"position\":1,\"name\":\"Home\",\"item\":\"https:\\\/\\\/canal7slp.tv\\\/2019\\\/\"},{\"@type\":\"ListItem\",\"position\":2,\"name\":\"No hay justificaci\u00f3n para aumento de precios en aguacate y pollo: Sader\"}]},{\"@type\":\"WebSite\",\"@id\":\"https:\\\/\\\/canal7slp.tv\\\/2019\\\/#website\",\"url\":\"https:\\\/\\\/canal7slp.tv\\\/2019\\\/\",\"name\":\"Canal 7 SLP - Somos TV\",\"description\":\"Somos un Canal de 10\",\"publisher\":{\"@id\":\"https:\\\/\\\/canal7slp.tv\\\/2019\\\/#organization\"},\"potentialAction\":[{\"@type\":\"SearchAction\",\"target\":{\"@type\":\"EntryPoint\",\"urlTemplate\":\"https:\\\/\\\/canal7slp.tv\\\/2019\\\/?s={search_term_string}\"},\"query-input\":{\"@type\":\"PropertyValueSpecification\",\"valueRequired\":true,\"valueName\":\"search_term_string\"}}],\"inLanguage\":\"es\"},{\"@type\":\"Organization\",\"@id\":\"https:\\\/\\\/canal7slp.tv\\\/2019\\\/#organization\",\"name\":\"Comunicaci\u00f3n 2000 S.A. de C.V.\",\"url\":\"https:\\\/\\\/canal7slp.tv\\\/2019\\\/\",\"logo\":{\"@type\":\"ImageObject\",\"inLanguage\":\"es\",\"@id\":\"https:\\\/\\\/canal7slp.tv\\\/2019\\\/#\\\/schema\\\/logo\\\/image\\\/\",\"url\":\"https:\\\/\\\/canal7slp.tv\\\/2019\\\/wp-content\\\/uploads\\\/2019\\\/07\\\/logo-c7.png\",\"contentUrl\":\"https:\\\/\\\/canal7slp.tv\\\/2019\\\/wp-content\\\/uploads\\\/2019\\\/07\\\/logo-c7.png\",\"width\":220,\"height\":60,\"caption\":\"Comunicaci\u00f3n 2000 S.A. de C.V.\"},\"image\":{\"@id\":\"https:\\\/\\\/canal7slp.tv\\\/2019\\\/#\\\/schema\\\/logo\\\/image\\\/\"},\"sameAs\":[\"https:\\\/\\\/www.facebook.com\\\/CANAL7SLP\\\/\",\"https:\\\/\\\/x.com\\\/canal7_slp\",\"https:\\\/\\\/www.instagram.com\\\/canal7_slp\",\"https:\\\/\\\/www.youtube.com\\\/user\\\/NOTICIEROSCANAL7SLP\\\/\"]},{\"@type\":\"Person\",\"@id\":\"https:\\\/\\\/canal7slp.tv\\\/2019\\\/#\\\/schema\\\/person\\\/11d941c1c6ca30ac0a46b95fa37aa2e3\",\"name\":\"edicionweb\",\"image\":{\"@type\":\"ImageObject\",\"inLanguage\":\"es\",\"@id\":\"https:\\\/\\\/secure.gravatar.com\\\/avatar\\\/eee448fc3f7164808013b816ba91ac7e43bbe82a70bebac296f8bc6f0addaa1a?s=96&d=mm&r=g\",\"url\":\"https:\\\/\\\/secure.gravatar.com\\\/avatar\\\/eee448fc3f7164808013b816ba91ac7e43bbe82a70bebac296f8bc6f0addaa1a?s=96&d=mm&r=g\",\"contentUrl\":\"https:\\\/\\\/secure.gravatar.com\\\/avatar\\\/eee448fc3f7164808013b816ba91ac7e43bbe82a70bebac296f8bc6f0addaa1a?s=96&d=mm&r=g\",\"caption\":\"edicionweb\"}}]}<\/script>\n<!-- \/ Yoast SEO plugin. -->","yoast_head_json":{"title":"No hay justificaci\u00f3n para aumento de precios en aguacate y pollo: Sader - Canal 7 SLP - 2019","robots":{"index":"index","follow":"follow","max-snippet":"max-snippet:-1","max-image-preview":"max-image-preview:large","max-video-preview":"max-video-preview:-1"},"canonical":"https:\/\/canal7slp.tv\/2019\/no-hay-justificacion-para-aumento-de-precios-en-aguacate-y-pollo-sader\/","og_locale":"es_ES","og_type":"article","og_title":"No hay justificaci\u00f3n para aumento de precios en aguacate y pollo: Sader - Canal 7 SLP - 2019","og_description":"M\u00e9xico.- El titular de la Secretar\u00eda de Agricultura y Desarrollo Rural (Sader), V\u00edctor Villalobos Ar\u00e1mbula, se\u00f1al\u00f3 que \u201cno hay raz\u00f3n justificada\u201d del incremento de precios del aguacate, pollo y otros productos agroalimentarios. \u201cNo s\u00f3lo es aguacate, se est\u00e1n encareciendo otros productos y no tenemos una justificaci\u00f3n\u201d, coment\u00f3 al t\u00e9rmino de la conferencia para informar sobre [&hellip;]","og_url":"https:\/\/canal7slp.tv\/2019\/no-hay-justificacion-para-aumento-de-precios-en-aguacate-y-pollo-sader\/","og_site_name":"Canal 7 SLP - 2019","article_publisher":"https:\/\/www.facebook.com\/CANAL7SLP\/","article_published_time":"2019-06-28T18:02:20+00:00","og_image":[{"width":614,"height":410,"url":"https:\/\/canal7slp.tv\/2019\/wp-content\/uploads\/2019\/06\/05-24.jpg","type":"image\/jpeg"}],"author":"edicionweb","twitter_card":"summary_large_image","twitter_creator":"@canal7_slp","twitter_site":"@canal7_slp","twitter_misc":{"Escrito por":"edicionweb","Tiempo de lectura":"2 minutos"},"schema":{"@context":"https:\/\/schema.org","@graph":[{"@type":"Article","@id":"https:\/\/canal7slp.tv\/2019\/no-hay-justificacion-para-aumento-de-precios-en-aguacate-y-pollo-sader\/#article","isPartOf":{"@id":"https:\/\/canal7slp.tv\/2019\/no-hay-justificacion-para-aumento-de-precios-en-aguacate-y-pollo-sader\/"},"author":{"name":"edicionweb","@id":"https:\/\/canal7slp.tv\/2019\/#\/schema\/person\/11d941c1c6ca30ac0a46b95fa37aa2e3"},"headline":"No hay justificaci\u00f3n para aumento de precios en aguacate y pollo: Sader","datePublished":"2019-06-28T18:02:20+00:00","mainEntityOfPage":{"@id":"https:\/\/canal7slp.tv\/2019\/no-hay-justificacion-para-aumento-de-precios-en-aguacate-y-pollo-sader\/"},"wordCount":390,"commentCount":0,"publisher":{"@id":"https:\/\/canal7slp.tv\/2019\/#organization"},"image":{"@id":"https:\/\/canal7slp.tv\/2019\/no-hay-justificacion-para-aumento-de-precios-en-aguacate-y-pollo-sader\/#primaryimage"},"thumbnailUrl":"https:\/\/canal7slp.tv\/2019\/wp-content\/uploads\/2019\/06\/05-24.jpg","articleSection":["FINANZAS"],"inLanguage":"es","potentialAction":[{"@type":"CommentAction","name":"Comment","target":["https:\/\/canal7slp.tv\/2019\/no-hay-justificacion-para-aumento-de-precios-en-aguacate-y-pollo-sader\/#respond"]}]},{"@type":"WebPage","@id":"https:\/\/canal7slp.tv\/2019\/no-hay-justificacion-para-aumento-de-precios-en-aguacate-y-pollo-sader\/","url":"https:\/\/canal7slp.tv\/2019\/no-hay-justificacion-para-aumento-de-precios-en-aguacate-y-pollo-sader\/","name":"No hay justificaci\u00f3n para aumento de precios en aguacate y pollo: Sader - Canal 7 SLP - 2019","isPartOf":{"@id":"https:\/\/canal7slp.tv\/2019\/#website"},"primaryImageOfPage":{"@id":"https:\/\/canal7slp.tv\/2019\/no-hay-justificacion-para-aumento-de-precios-en-aguacate-y-pollo-sader\/#primaryimage"},"image":{"@id":"https:\/\/canal7slp.tv\/2019\/no-hay-justificacion-para-aumento-de-precios-en-aguacate-y-pollo-sader\/#primaryimage"},"thumbnailUrl":"https:\/\/canal7slp.tv\/2019\/wp-content\/uploads\/2019\/06\/05-24.jpg","datePublished":"2019-06-28T18:02:20+00:00","breadcrumb":{"@id":"https:\/\/canal7slp.tv\/2019\/no-hay-justificacion-para-aumento-de-precios-en-aguacate-y-pollo-sader\/#breadcrumb"},"inLanguage":"es","potentialAction":[{"@type":"ReadAction","target":["https:\/\/canal7slp.tv\/2019\/no-hay-justificacion-para-aumento-de-precios-en-aguacate-y-pollo-sader\/"]}]},{"@type":"ImageObject","inLanguage":"es","@id":"https:\/\/canal7slp.tv\/2019\/no-hay-justificacion-para-aumento-de-precios-en-aguacate-y-pollo-sader\/#primaryimage","url":"https:\/\/canal7slp.tv\/2019\/wp-content\/uploads\/2019\/06\/05-24.jpg","contentUrl":"https:\/\/canal7slp.tv\/2019\/wp-content\/uploads\/2019\/06\/05-24.jpg","width":614,"height":410},{"@type":"BreadcrumbList","@id":"https:\/\/canal7slp.tv\/2019\/no-hay-justificacion-para-aumento-de-precios-en-aguacate-y-pollo-sader\/#breadcrumb","itemListElement":[{"@type":"ListItem","position":1,"name":"Home","item":"https:\/\/canal7slp.tv\/2019\/"},{"@type":"ListItem","position":2,"name":"No hay justificaci\u00f3n para aumento de precios en aguacate y pollo: Sader"}]},{"@type":"WebSite","@id":"https:\/\/canal7slp.tv\/2019\/#website","url":"https:\/\/canal7slp.tv\/2019\/","name":"Canal 7 SLP - Somos TV","description":"Somos un Canal de 10","publisher":{"@id":"https:\/\/canal7slp.tv\/2019\/#organization"},"potentialAction":[{"@type":"SearchAction","target":{"@type":"EntryPoint","urlTemplate":"https:\/\/canal7slp.tv\/2019\/?s={search_term_string}"},"query-input":{"@type":"PropertyValueSpecification","valueRequired":true,"valueName":"search_term_string"}}],"inLanguage":"es"},{"@type":"Organization","@id":"https:\/\/canal7slp.tv\/2019\/#organization","name":"Comunicaci\u00f3n 2000 S.A. de C.V.","url":"https:\/\/canal7slp.tv\/2019\/","logo":{"@type":"ImageObject","inLanguage":"es","@id":"https:\/\/canal7slp.tv\/2019\/#\/schema\/logo\/image\/","url":"https:\/\/canal7slp.tv\/2019\/wp-content\/uploads\/2019\/07\/logo-c7.png","contentUrl":"https:\/\/canal7slp.tv\/2019\/wp-content\/uploads\/2019\/07\/logo-c7.png","width":220,"height":60,"caption":"Comunicaci\u00f3n 2000 S.A. de C.V."},"image":{"@id":"https:\/\/canal7slp.tv\/2019\/#\/schema\/logo\/image\/"},"sameAs":["https:\/\/www.facebook.com\/CANAL7SLP\/","https:\/\/x.com\/canal7_slp","https:\/\/www.instagram.com\/canal7_slp","https:\/\/www.youtube.com\/user\/NOTICIEROSCANAL7SLP\/"]},{"@type":"Person","@id":"https:\/\/canal7slp.tv\/2019\/#\/schema\/person\/11d941c1c6ca30ac0a46b95fa37aa2e3","name":"edicionweb","image":{"@type":"ImageObject","inLanguage":"es","@id":"https:\/\/secure.gravatar.com\/avatar\/eee448fc3f7164808013b816ba91ac7e43bbe82a70bebac296f8bc6f0addaa1a?s=96&d=mm&r=g","url":"https:\/\/secure.gravatar.com\/avatar\/eee448fc3f7164808013b816ba91ac7e43bbe82a70bebac296f8bc6f0addaa1a?s=96&d=mm&r=g","contentUrl":"https:\/\/secure.gravatar.com\/avatar\/eee448fc3f7164808013b816ba91ac7e43bbe82a70bebac296f8bc6f0addaa1a?s=96&d=mm&r=g","caption":"edicionweb"}}]}},"amp_enabled":true,"cmb2":{"video_ids_in_playlist":{"vid_p_videos":""},"video_ids_in_channel":{"vid_c_videos":""},"playlist_ids_in_channel":{"vid_c_playlists":""},"series_ids_in_channel":{"vid_c_series":""},"channel_images":{"vid_c_logo":"","vid_c_banner":""},"poster_feature_image":{"vid_m_poster_image":""},"gif_feature_image":{"vid_m_gif_image":""},"video_movie_settings":{"vid_m_director":"","vid_m_actor":"","vid_m_imdb_ratings":"","vid_m_amazon_associates":""},"vid_youtube_broadcasts_settings":{"vid_yb_broadcast_title":"","vid_yb_q":"","vid_yb_channelid":"","vid_yb_videocategoryid":"","vid_yb_maxresults":"","vid_yb_order":"","vid_yb_regioncode":"","vid_yb_videosyndicated":"","vid_yb_style":"","vid_yb_reload_first":""},"video_series_settings":{"vid_m_director":"","vid_m_actor":"","vid_m_imdb_ratings":"","video_series_group":""},"amazon_associates_settings":{"amazon_associates":"","amazon_native_ad":""},"vid_youtube_automatic_settings":{"vid_ya_youtube_source":"","vid_ya_update_every":"","vid_ya_update_unit":"","vid_ya_categories":"","vid_ya_published_after":"","vid_ya_published_before":"","vid_ya_playlists":"","vid_ya_channels":"","vid_ya_director":"","vid_ya_actor":"","vid_ya_author":"","vid_ya_import_post_date":"","vid_ya_status":"","vid_ya_sub_api_key":""},"vid_ads_m_videoads_settings_post":{"vid_ads_m_video_ads":"","vid_ads_m_video_ads_type":"","vid_ads_m_group_google_ima":"","vid_ads_m_group_image":"","vid_ads_m_group_html5_video":"","vid_ads_m_group_html":"","vid_ads_m_vast_preroll":"","vid_ads_m_vast_postroll":"","vid_ads_m_vast_pauseroll":"","vid_ads_m_vast_midroll":[{"vid_ads_m_vast_timer_seconds":"50"}],"vid_ads_m_time_to_show_ads":"","vid_ads_m_time_skip_ads":"","vid_ads_m_time_to_hide_ads":""},"page_slider_settings":{"display_slider_group":"","page_slider_group":""},"blog_page_settings":{"blog_page_title":"","blog_page_heading":"","blog_page_ic":"","blog_page_it":"","blog_page_ec":"","blog_page_ip":"","archive_loop_style":"","blog_image_ratio":"","blog_show_categories":"","blog_show_excerpt":"","blog_show_author":"","blog_show_date":"","blog_show_comment_count":"","blog_show_view_count":"","blog_show_like_count":"","blog_show_dislike_count":"","blog_items_per_page":"","blog_pag_type":""},"page_options":{"get_page_template":"","color_mode":"","main_layout":"","main_layout_full_with":"","main_logo":"","main_logo_retina":"","main_logo_mobile":"","main_logo_mobile_retina":"","sticky_logo":"","sticky_logo_retina":"","main_nav_layout":"","ajax_search":"","header_background":"","theme_sidebar":"","instagram_feed":"","instagram_feed_position":"","popular_videos":"","popular_videos_title_1":"","popular_videos_title_2":"","popular_videos_ic":"","popular_videos_it":"","theme_background":"","page_custom_css":""},"feature_image_settings":{"feature_image_position":""},"video_player_settings":{"single_video_style":"","video_player_position":"","vm_video_url":"","video_player_library":"","video_streaming":"","vm_media_sources":"","vid_auto_play":"","vm_video_shortcode":"","vid_p_sync_playlist":"","vid_c_sync_channel":"","get_post_format":"","multiple_links_structure":"default","multi_links_title":"","vm_video_multi_links":"","vm_duration":"","vid_social_locker":"off","vid_social_locker_id":"","vid_membership_action":"content-video","vm_video_trailer_url":"","vid_download_type":"free","vid_download_target":"download","vid_woo_product":"","vm_media_download":"","user_rating":"","user_rating_position":"","user_rating_mode":"","user_rating_multi_sets":""},"video_auto_fetch_settings":{"vm_video_fetch":"on"},"video_fake_views_likes":{"vm_fake_views":"","vm_fake_likes":"","vm_fake_dislikes":""},"gallery_settings":{"gallery_position":""},"quote_settings":{"quote_position":""},"post_options":{"main_layout":"","main_logo":"","main_logo_retina":"","main_logo_mobile":"","main_logo_mobile_retina":"","sticky_logo":"","sticky_logo_retina":"","main_nav_layout":"","header_background":"","theme_sidebar":"","single_post_comment_type":"","theme_background":""}},"_links":{"self":[{"href":"https:\/\/canal7slp.tv\/2019\/wp-json\/wp\/v2\/posts\/23768","targetHints":{"allow":["GET"]}}],"collection":[{"href":"https:\/\/canal7slp.tv\/2019\/wp-json\/wp\/v2\/posts"}],"about":[{"href":"https:\/\/canal7slp.tv\/2019\/wp-json\/wp\/v2\/types\/post"}],"author":[{"embeddable":true,"href":"https:\/\/canal7slp.tv\/2019\/wp-json\/wp\/v2\/users\/2"}],"replies":[{"embeddable":true,"href":"https:\/\/canal7slp.tv\/2019\/wp-json\/wp\/v2\/comments?post=23768"}],"version-history":[{"count":0,"href":"https:\/\/canal7slp.tv\/2019\/wp-json\/wp\/v2\/posts\/23768\/revisions"}],"wp:featuredmedia":[{"embeddable":true,"href":"https:\/\/canal7slp.tv\/2019\/wp-json\/wp\/v2\/media\/23778"}],"wp:attachment":[{"href":"https:\/\/canal7slp.tv\/2019\/wp-json\/wp\/v2\/media?parent=23768"}],"wp:term":[{"taxonomy":"category","embeddable":true,"href":"https:\/\/canal7slp.tv\/2019\/wp-json\/wp\/v2\/categories?post=23768"},{"taxonomy":"post_tag","embeddable":true,"href":"https:\/\/canal7slp.tv\/2019\/wp-json\/wp\/v2\/tags?post=23768"}],"curies":[{"name":"wp","href":"https:\/\/api.w.org\/{rel}","templated":true}]}}