{"id":23300,"date":"2019-06-27T14:01:08","date_gmt":"2019-06-27T19:01:08","guid":{"rendered":"https:\/\/canal7slp.tv\/2019\/?p=23300"},"modified":"2019-06-27T14:01:08","modified_gmt":"2019-06-27T19:01:08","slug":"ratificacion-del-t-mec-en-estados-unidos-aun-tardara","status":"publish","type":"post","link":"https:\/\/canal7slp.tv\/2019\/ratificacion-del-t-mec-en-estados-unidos-aun-tardara\/","title":{"rendered":"Ratificaci\u00f3n del T-MEC en Estados Unidos a\u00fan tardar\u00e1"},"content":{"rendered":"<p style=\"text-align: justify;\">M\u00e9xico.- La subsecretaria de Comercio Exterior de la Secretar\u00eda de Econom\u00eda (SE), Luz Mar\u00eda de la Mora, consider\u00f3 que a\u00fan tardar\u00e1 la ratificaci\u00f3n del nuevo acuerdo de libre comercio de Norteam\u00e9rica en el congreso de Estados Unidos.<\/p>\n<p style=\"text-align: justify;\">\u201cPrimero hay que entrar a la discusi\u00f3n. Todav\u00eda falta, pero est\u00e1n trabajando tanto la administraci\u00f3n como el congreso (estadounidense)\u201d, coment\u00f3, despu\u00e9s de participar en el Foro Asia-Pac\u00edfico: Oportunidades de Negocio para M\u00e9xico en la regi\u00f3n As\u00eda-Pac\u00edfico, organizado por el Consejo Empresarial Mexicano de Comercio Exterior (Comce).<\/p>\n<p style=\"text-align: justify;\">Se\u00f1al\u00f3 que el proceso de discusi\u00f3n podr\u00eda iniciar despu\u00e9s del receso del 4 julio, pero depender\u00e1 de las conversaciones que tenga el representante comercial de la Casa Blanca, Robert Lighthizer, y Nancy Pelosi, l\u00edder de la C\u00e1mara de Representantes de Estados Unidos, para encontrar el \u201cmomento adecuado\u201d para mandarlo a la agenda legislativa.<\/p>\n<p style=\"text-align: justify;\">Tanto la C\u00e1mara de Representantes como el Senado toman como receso la \u00faltima semana de junio y los primeros d\u00edas de julio, por lo que en estos d\u00edas no se podr\u00eda llevar a cabo la discusi\u00f3n del instrumento comercial.<\/p>\n<p style=\"text-align: justify;\">\u201cEs un proceso que lleva su din\u00e1mica y poco a poco se va ir encausando\u201d, reiter\u00f3 De la Mora, quien tambi\u00e9n se refiri\u00f3 a los posibles cambios en los textos que puede hacer el gobierno del vecino pa\u00eds del norte.<\/p>\n<p style=\"text-align: justify;\">En ese sentido, enfatiz\u00f3 que M\u00e9xico siempre ha sido claro respecto a su posici\u00f3n de poner en marcha el instrumento comercial como fue renegociado y ratificado en el Senado de la Rep\u00fablica hace unos d\u00edas, con 114 votos a favor, cinco en contra y tres abstenciones.<\/p>\n<p style=\"text-align: justify;\">\u201cCreo que el tratado como tal ya est\u00e1, es el que aprob\u00f3 el Senado de la Rep\u00fablica y es el que esperamos que se lleva a su implementaci\u00f3n\u201d, argument\u00f3 la funcionaria federal.<\/p>\n<p style=\"text-align: justify;\">Sin embargo, De la Mora coment\u00f3 que es necesario saber los otros requerimientos en caso de tener la necesidad de hacer algo m\u00e1s al respecto del acuerdo, que sustituir\u00e1 al Tratado de Libre Comercio de Am\u00e9rica del Norte (TLCAN), vigente desde 1994.<\/p>\n<p style=\"text-align: justify;\">Pelosi ha reiterado que se requieren cambios al texto del T-MEC, como en los temas laboral, medio ambiente y patentes de medicinas biol\u00f3gicas, para incorporar las demandas de su bancada como condici\u00f3n para la ratificaci\u00f3n del pacto.<\/p>\n","protected":false},"excerpt":{"rendered":"<p>M\u00e9xico.- La subsecretaria de Comercio Exterior de la Secretar\u00eda de Econom\u00eda (SE), Luz Mar\u00eda de la Mora, consider\u00f3 que a\u00fan tardar\u00e1 la ratificaci\u00f3n del nuevo acuerdo de libre comercio de Norteam\u00e9rica en el congreso de Estados Unidos. \u201cPrimero hay que entrar a la discusi\u00f3n. Todav\u00eda falta, pero est\u00e1n trabajando tanto la administraci\u00f3n como el congreso [&hellip;]<\/p>\n","protected":false},"author":2,"featured_media":23302,"comment_status":"open","ping_status":"closed","sticky":false,"template":"","format":"standard","meta":{"footnotes":""},"categories":[98],"tags":[],"class_list":["post-23300","post","type-post","status-publish","format-standard","has-post-thumbnail","hentry","category-finanzas"],"yoast_head":"<!-- This site is optimized with the Yoast SEO plugin v27.5 - https:\/\/yoast.com\/product\/yoast-seo-wordpress\/ -->\n<title>Ratificaci\u00f3n del T-MEC en Estados Unidos a\u00fan tardar\u00e1 - Canal 7 SLP - 2019<\/title>\n<meta name=\"robots\" content=\"index, follow, max-snippet:-1, max-image-preview:large, max-video-preview:-1\" \/>\n<link rel=\"canonical\" href=\"https:\/\/canal7slp.tv\/2019\/ratificacion-del-t-mec-en-estados-unidos-aun-tardara\/\" \/>\n<meta property=\"og:locale\" content=\"es_ES\" \/>\n<meta property=\"og:type\" content=\"article\" \/>\n<meta property=\"og:title\" content=\"Ratificaci\u00f3n del T-MEC en Estados Unidos a\u00fan tardar\u00e1 - Canal 7 SLP - 2019\" \/>\n<meta property=\"og:description\" content=\"M\u00e9xico.- La subsecretaria de Comercio Exterior de la Secretar\u00eda de Econom\u00eda (SE), Luz Mar\u00eda de la Mora, consider\u00f3 que a\u00fan tardar\u00e1 la ratificaci\u00f3n del nuevo acuerdo de libre comercio de Norteam\u00e9rica en el congreso de Estados Unidos. \u201cPrimero hay que entrar a la discusi\u00f3n. Todav\u00eda falta, pero est\u00e1n trabajando tanto la administraci\u00f3n como el congreso [&hellip;]\" \/>\n<meta property=\"og:url\" content=\"https:\/\/canal7slp.tv\/2019\/ratificacion-del-t-mec-en-estados-unidos-aun-tardara\/\" \/>\n<meta property=\"og:site_name\" content=\"Canal 7 SLP - 2019\" \/>\n<meta property=\"article:publisher\" content=\"https:\/\/www.facebook.com\/CANAL7SLP\/\" \/>\n<meta property=\"article:published_time\" content=\"2019-06-27T19:01:08+00:00\" \/>\n<meta property=\"og:image\" content=\"https:\/\/canal7slp.tv\/2019\/wp-content\/uploads\/2019\/06\/15-16.jpg\" \/>\n\t<meta property=\"og:image:width\" content=\"554\" \/>\n\t<meta property=\"og:image:height\" content=\"410\" \/>\n\t<meta property=\"og:image:type\" content=\"image\/jpeg\" \/>\n<meta name=\"author\" content=\"edicionweb\" \/>\n<meta name=\"twitter:card\" content=\"summary_large_image\" \/>\n<meta name=\"twitter:creator\" content=\"@canal7_slp\" \/>\n<meta name=\"twitter:site\" content=\"@canal7_slp\" \/>\n<meta name=\"twitter:label1\" content=\"Escrito por\" \/>\n\t<meta name=\"twitter:data1\" content=\"edicionweb\" \/>\n\t<meta name=\"twitter:label2\" content=\"Tiempo de lectura\" \/>\n\t<meta name=\"twitter:data2\" content=\"2 minutos\" \/>\n<script type=\"application\/ld+json\" class=\"yoast-schema-graph\">{\"@context\":\"https:\\\/\\\/schema.org\",\"@graph\":[{\"@type\":\"Article\",\"@id\":\"https:\\\/\\\/canal7slp.tv\\\/2019\\\/ratificacion-del-t-mec-en-estados-unidos-aun-tardara\\\/#article\",\"isPartOf\":{\"@id\":\"https:\\\/\\\/canal7slp.tv\\\/2019\\\/ratificacion-del-t-mec-en-estados-unidos-aun-tardara\\\/\"},\"author\":{\"name\":\"edicionweb\",\"@id\":\"https:\\\/\\\/canal7slp.tv\\\/2019\\\/#\\\/schema\\\/person\\\/11d941c1c6ca30ac0a46b95fa37aa2e3\"},\"headline\":\"Ratificaci\u00f3n del T-MEC en Estados Unidos a\u00fan tardar\u00e1\",\"datePublished\":\"2019-06-27T19:01:08+00:00\",\"mainEntityOfPage\":{\"@id\":\"https:\\\/\\\/canal7slp.tv\\\/2019\\\/ratificacion-del-t-mec-en-estados-unidos-aun-tardara\\\/\"},\"wordCount\":422,\"commentCount\":0,\"publisher\":{\"@id\":\"https:\\\/\\\/canal7slp.tv\\\/2019\\\/#organization\"},\"image\":{\"@id\":\"https:\\\/\\\/canal7slp.tv\\\/2019\\\/ratificacion-del-t-mec-en-estados-unidos-aun-tardara\\\/#primaryimage\"},\"thumbnailUrl\":\"https:\\\/\\\/canal7slp.tv\\\/2019\\\/wp-content\\\/uploads\\\/2019\\\/06\\\/15-16.jpg\",\"articleSection\":[\"FINANZAS\"],\"inLanguage\":\"es\",\"potentialAction\":[{\"@type\":\"CommentAction\",\"name\":\"Comment\",\"target\":[\"https:\\\/\\\/canal7slp.tv\\\/2019\\\/ratificacion-del-t-mec-en-estados-unidos-aun-tardara\\\/#respond\"]}]},{\"@type\":\"WebPage\",\"@id\":\"https:\\\/\\\/canal7slp.tv\\\/2019\\\/ratificacion-del-t-mec-en-estados-unidos-aun-tardara\\\/\",\"url\":\"https:\\\/\\\/canal7slp.tv\\\/2019\\\/ratificacion-del-t-mec-en-estados-unidos-aun-tardara\\\/\",\"name\":\"Ratificaci\u00f3n del T-MEC en Estados Unidos a\u00fan tardar\u00e1 - Canal 7 SLP - 2019\",\"isPartOf\":{\"@id\":\"https:\\\/\\\/canal7slp.tv\\\/2019\\\/#website\"},\"primaryImageOfPage\":{\"@id\":\"https:\\\/\\\/canal7slp.tv\\\/2019\\\/ratificacion-del-t-mec-en-estados-unidos-aun-tardara\\\/#primaryimage\"},\"image\":{\"@id\":\"https:\\\/\\\/canal7slp.tv\\\/2019\\\/ratificacion-del-t-mec-en-estados-unidos-aun-tardara\\\/#primaryimage\"},\"thumbnailUrl\":\"https:\\\/\\\/canal7slp.tv\\\/2019\\\/wp-content\\\/uploads\\\/2019\\\/06\\\/15-16.jpg\",\"datePublished\":\"2019-06-27T19:01:08+00:00\",\"breadcrumb\":{\"@id\":\"https:\\\/\\\/canal7slp.tv\\\/2019\\\/ratificacion-del-t-mec-en-estados-unidos-aun-tardara\\\/#breadcrumb\"},\"inLanguage\":\"es\",\"potentialAction\":[{\"@type\":\"ReadAction\",\"target\":[\"https:\\\/\\\/canal7slp.tv\\\/2019\\\/ratificacion-del-t-mec-en-estados-unidos-aun-tardara\\\/\"]}]},{\"@type\":\"ImageObject\",\"inLanguage\":\"es\",\"@id\":\"https:\\\/\\\/canal7slp.tv\\\/2019\\\/ratificacion-del-t-mec-en-estados-unidos-aun-tardara\\\/#primaryimage\",\"url\":\"https:\\\/\\\/canal7slp.tv\\\/2019\\\/wp-content\\\/uploads\\\/2019\\\/06\\\/15-16.jpg\",\"contentUrl\":\"https:\\\/\\\/canal7slp.tv\\\/2019\\\/wp-content\\\/uploads\\\/2019\\\/06\\\/15-16.jpg\",\"width\":554,\"height\":410},{\"@type\":\"BreadcrumbList\",\"@id\":\"https:\\\/\\\/canal7slp.tv\\\/2019\\\/ratificacion-del-t-mec-en-estados-unidos-aun-tardara\\\/#breadcrumb\",\"itemListElement\":[{\"@type\":\"ListItem\",\"position\":1,\"name\":\"Home\",\"item\":\"https:\\\/\\\/canal7slp.tv\\\/2019\\\/\"},{\"@type\":\"ListItem\",\"position\":2,\"name\":\"Ratificaci\u00f3n del T-MEC en Estados Unidos a\u00fan tardar\u00e1\"}]},{\"@type\":\"WebSite\",\"@id\":\"https:\\\/\\\/canal7slp.tv\\\/2019\\\/#website\",\"url\":\"https:\\\/\\\/canal7slp.tv\\\/2019\\\/\",\"name\":\"Canal 7 SLP - Somos TV\",\"description\":\"Somos un Canal de 10\",\"publisher\":{\"@id\":\"https:\\\/\\\/canal7slp.tv\\\/2019\\\/#organization\"},\"potentialAction\":[{\"@type\":\"SearchAction\",\"target\":{\"@type\":\"EntryPoint\",\"urlTemplate\":\"https:\\\/\\\/canal7slp.tv\\\/2019\\\/?s={search_term_string}\"},\"query-input\":{\"@type\":\"PropertyValueSpecification\",\"valueRequired\":true,\"valueName\":\"search_term_string\"}}],\"inLanguage\":\"es\"},{\"@type\":\"Organization\",\"@id\":\"https:\\\/\\\/canal7slp.tv\\\/2019\\\/#organization\",\"name\":\"Comunicaci\u00f3n 2000 S.A. de C.V.\",\"url\":\"https:\\\/\\\/canal7slp.tv\\\/2019\\\/\",\"logo\":{\"@type\":\"ImageObject\",\"inLanguage\":\"es\",\"@id\":\"https:\\\/\\\/canal7slp.tv\\\/2019\\\/#\\\/schema\\\/logo\\\/image\\\/\",\"url\":\"https:\\\/\\\/canal7slp.tv\\\/2019\\\/wp-content\\\/uploads\\\/2019\\\/07\\\/logo-c7.png\",\"contentUrl\":\"https:\\\/\\\/canal7slp.tv\\\/2019\\\/wp-content\\\/uploads\\\/2019\\\/07\\\/logo-c7.png\",\"width\":220,\"height\":60,\"caption\":\"Comunicaci\u00f3n 2000 S.A. de C.V.\"},\"image\":{\"@id\":\"https:\\\/\\\/canal7slp.tv\\\/2019\\\/#\\\/schema\\\/logo\\\/image\\\/\"},\"sameAs\":[\"https:\\\/\\\/www.facebook.com\\\/CANAL7SLP\\\/\",\"https:\\\/\\\/x.com\\\/canal7_slp\",\"https:\\\/\\\/www.instagram.com\\\/canal7_slp\",\"https:\\\/\\\/www.youtube.com\\\/user\\\/NOTICIEROSCANAL7SLP\\\/\"]},{\"@type\":\"Person\",\"@id\":\"https:\\\/\\\/canal7slp.tv\\\/2019\\\/#\\\/schema\\\/person\\\/11d941c1c6ca30ac0a46b95fa37aa2e3\",\"name\":\"edicionweb\",\"image\":{\"@type\":\"ImageObject\",\"inLanguage\":\"es\",\"@id\":\"https:\\\/\\\/secure.gravatar.com\\\/avatar\\\/eee448fc3f7164808013b816ba91ac7e43bbe82a70bebac296f8bc6f0addaa1a?s=96&d=mm&r=g\",\"url\":\"https:\\\/\\\/secure.gravatar.com\\\/avatar\\\/eee448fc3f7164808013b816ba91ac7e43bbe82a70bebac296f8bc6f0addaa1a?s=96&d=mm&r=g\",\"contentUrl\":\"https:\\\/\\\/secure.gravatar.com\\\/avatar\\\/eee448fc3f7164808013b816ba91ac7e43bbe82a70bebac296f8bc6f0addaa1a?s=96&d=mm&r=g\",\"caption\":\"edicionweb\"}}]}<\/script>\n<!-- \/ Yoast SEO plugin. -->","yoast_head_json":{"title":"Ratificaci\u00f3n del T-MEC en Estados Unidos a\u00fan tardar\u00e1 - Canal 7 SLP - 2019","robots":{"index":"index","follow":"follow","max-snippet":"max-snippet:-1","max-image-preview":"max-image-preview:large","max-video-preview":"max-video-preview:-1"},"canonical":"https:\/\/canal7slp.tv\/2019\/ratificacion-del-t-mec-en-estados-unidos-aun-tardara\/","og_locale":"es_ES","og_type":"article","og_title":"Ratificaci\u00f3n del T-MEC en Estados Unidos a\u00fan tardar\u00e1 - Canal 7 SLP - 2019","og_description":"M\u00e9xico.- La subsecretaria de Comercio Exterior de la Secretar\u00eda de Econom\u00eda (SE), Luz Mar\u00eda de la Mora, consider\u00f3 que a\u00fan tardar\u00e1 la ratificaci\u00f3n del nuevo acuerdo de libre comercio de Norteam\u00e9rica en el congreso de Estados Unidos. \u201cPrimero hay que entrar a la discusi\u00f3n. Todav\u00eda falta, pero est\u00e1n trabajando tanto la administraci\u00f3n como el congreso [&hellip;]","og_url":"https:\/\/canal7slp.tv\/2019\/ratificacion-del-t-mec-en-estados-unidos-aun-tardara\/","og_site_name":"Canal 7 SLP - 2019","article_publisher":"https:\/\/www.facebook.com\/CANAL7SLP\/","article_published_time":"2019-06-27T19:01:08+00:00","og_image":[{"width":554,"height":410,"url":"https:\/\/canal7slp.tv\/2019\/wp-content\/uploads\/2019\/06\/15-16.jpg","type":"image\/jpeg"}],"author":"edicionweb","twitter_card":"summary_large_image","twitter_creator":"@canal7_slp","twitter_site":"@canal7_slp","twitter_misc":{"Escrito por":"edicionweb","Tiempo de lectura":"2 minutos"},"schema":{"@context":"https:\/\/schema.org","@graph":[{"@type":"Article","@id":"https:\/\/canal7slp.tv\/2019\/ratificacion-del-t-mec-en-estados-unidos-aun-tardara\/#article","isPartOf":{"@id":"https:\/\/canal7slp.tv\/2019\/ratificacion-del-t-mec-en-estados-unidos-aun-tardara\/"},"author":{"name":"edicionweb","@id":"https:\/\/canal7slp.tv\/2019\/#\/schema\/person\/11d941c1c6ca30ac0a46b95fa37aa2e3"},"headline":"Ratificaci\u00f3n del T-MEC en Estados Unidos a\u00fan tardar\u00e1","datePublished":"2019-06-27T19:01:08+00:00","mainEntityOfPage":{"@id":"https:\/\/canal7slp.tv\/2019\/ratificacion-del-t-mec-en-estados-unidos-aun-tardara\/"},"wordCount":422,"commentCount":0,"publisher":{"@id":"https:\/\/canal7slp.tv\/2019\/#organization"},"image":{"@id":"https:\/\/canal7slp.tv\/2019\/ratificacion-del-t-mec-en-estados-unidos-aun-tardara\/#primaryimage"},"thumbnailUrl":"https:\/\/canal7slp.tv\/2019\/wp-content\/uploads\/2019\/06\/15-16.jpg","articleSection":["FINANZAS"],"inLanguage":"es","potentialAction":[{"@type":"CommentAction","name":"Comment","target":["https:\/\/canal7slp.tv\/2019\/ratificacion-del-t-mec-en-estados-unidos-aun-tardara\/#respond"]}]},{"@type":"WebPage","@id":"https:\/\/canal7slp.tv\/2019\/ratificacion-del-t-mec-en-estados-unidos-aun-tardara\/","url":"https:\/\/canal7slp.tv\/2019\/ratificacion-del-t-mec-en-estados-unidos-aun-tardara\/","name":"Ratificaci\u00f3n del T-MEC en Estados Unidos a\u00fan tardar\u00e1 - Canal 7 SLP - 2019","isPartOf":{"@id":"https:\/\/canal7slp.tv\/2019\/#website"},"primaryImageOfPage":{"@id":"https:\/\/canal7slp.tv\/2019\/ratificacion-del-t-mec-en-estados-unidos-aun-tardara\/#primaryimage"},"image":{"@id":"https:\/\/canal7slp.tv\/2019\/ratificacion-del-t-mec-en-estados-unidos-aun-tardara\/#primaryimage"},"thumbnailUrl":"https:\/\/canal7slp.tv\/2019\/wp-content\/uploads\/2019\/06\/15-16.jpg","datePublished":"2019-06-27T19:01:08+00:00","breadcrumb":{"@id":"https:\/\/canal7slp.tv\/2019\/ratificacion-del-t-mec-en-estados-unidos-aun-tardara\/#breadcrumb"},"inLanguage":"es","potentialAction":[{"@type":"ReadAction","target":["https:\/\/canal7slp.tv\/2019\/ratificacion-del-t-mec-en-estados-unidos-aun-tardara\/"]}]},{"@type":"ImageObject","inLanguage":"es","@id":"https:\/\/canal7slp.tv\/2019\/ratificacion-del-t-mec-en-estados-unidos-aun-tardara\/#primaryimage","url":"https:\/\/canal7slp.tv\/2019\/wp-content\/uploads\/2019\/06\/15-16.jpg","contentUrl":"https:\/\/canal7slp.tv\/2019\/wp-content\/uploads\/2019\/06\/15-16.jpg","width":554,"height":410},{"@type":"BreadcrumbList","@id":"https:\/\/canal7slp.tv\/2019\/ratificacion-del-t-mec-en-estados-unidos-aun-tardara\/#breadcrumb","itemListElement":[{"@type":"ListItem","position":1,"name":"Home","item":"https:\/\/canal7slp.tv\/2019\/"},{"@type":"ListItem","position":2,"name":"Ratificaci\u00f3n del T-MEC en Estados Unidos a\u00fan tardar\u00e1"}]},{"@type":"WebSite","@id":"https:\/\/canal7slp.tv\/2019\/#website","url":"https:\/\/canal7slp.tv\/2019\/","name":"Canal 7 SLP - Somos TV","description":"Somos un Canal de 10","publisher":{"@id":"https:\/\/canal7slp.tv\/2019\/#organization"},"potentialAction":[{"@type":"SearchAction","target":{"@type":"EntryPoint","urlTemplate":"https:\/\/canal7slp.tv\/2019\/?s={search_term_string}"},"query-input":{"@type":"PropertyValueSpecification","valueRequired":true,"valueName":"search_term_string"}}],"inLanguage":"es"},{"@type":"Organization","@id":"https:\/\/canal7slp.tv\/2019\/#organization","name":"Comunicaci\u00f3n 2000 S.A. de C.V.","url":"https:\/\/canal7slp.tv\/2019\/","logo":{"@type":"ImageObject","inLanguage":"es","@id":"https:\/\/canal7slp.tv\/2019\/#\/schema\/logo\/image\/","url":"https:\/\/canal7slp.tv\/2019\/wp-content\/uploads\/2019\/07\/logo-c7.png","contentUrl":"https:\/\/canal7slp.tv\/2019\/wp-content\/uploads\/2019\/07\/logo-c7.png","width":220,"height":60,"caption":"Comunicaci\u00f3n 2000 S.A. de C.V."},"image":{"@id":"https:\/\/canal7slp.tv\/2019\/#\/schema\/logo\/image\/"},"sameAs":["https:\/\/www.facebook.com\/CANAL7SLP\/","https:\/\/x.com\/canal7_slp","https:\/\/www.instagram.com\/canal7_slp","https:\/\/www.youtube.com\/user\/NOTICIEROSCANAL7SLP\/"]},{"@type":"Person","@id":"https:\/\/canal7slp.tv\/2019\/#\/schema\/person\/11d941c1c6ca30ac0a46b95fa37aa2e3","name":"edicionweb","image":{"@type":"ImageObject","inLanguage":"es","@id":"https:\/\/secure.gravatar.com\/avatar\/eee448fc3f7164808013b816ba91ac7e43bbe82a70bebac296f8bc6f0addaa1a?s=96&d=mm&r=g","url":"https:\/\/secure.gravatar.com\/avatar\/eee448fc3f7164808013b816ba91ac7e43bbe82a70bebac296f8bc6f0addaa1a?s=96&d=mm&r=g","contentUrl":"https:\/\/secure.gravatar.com\/avatar\/eee448fc3f7164808013b816ba91ac7e43bbe82a70bebac296f8bc6f0addaa1a?s=96&d=mm&r=g","caption":"edicionweb"}}]}},"amp_enabled":true,"cmb2":{"video_ids_in_playlist":{"vid_p_videos":""},"video_ids_in_channel":{"vid_c_videos":""},"playlist_ids_in_channel":{"vid_c_playlists":""},"series_ids_in_channel":{"vid_c_series":""},"channel_images":{"vid_c_logo":"","vid_c_banner":""},"poster_feature_image":{"vid_m_poster_image":""},"gif_feature_image":{"vid_m_gif_image":""},"video_movie_settings":{"vid_m_director":"","vid_m_actor":"","vid_m_imdb_ratings":"","vid_m_amazon_associates":""},"vid_youtube_broadcasts_settings":{"vid_yb_broadcast_title":"","vid_yb_q":"","vid_yb_channelid":"","vid_yb_videocategoryid":"","vid_yb_maxresults":"","vid_yb_order":"","vid_yb_regioncode":"","vid_yb_videosyndicated":"","vid_yb_style":"","vid_yb_reload_first":""},"video_series_settings":{"vid_m_director":"","vid_m_actor":"","vid_m_imdb_ratings":"","video_series_group":""},"amazon_associates_settings":{"amazon_associates":"","amazon_native_ad":""},"vid_youtube_automatic_settings":{"vid_ya_youtube_source":"","vid_ya_update_every":"","vid_ya_update_unit":"","vid_ya_categories":"","vid_ya_published_after":"","vid_ya_published_before":"","vid_ya_playlists":"","vid_ya_channels":"","vid_ya_director":"","vid_ya_actor":"","vid_ya_author":"","vid_ya_import_post_date":"","vid_ya_status":"","vid_ya_sub_api_key":""},"vid_ads_m_videoads_settings_post":{"vid_ads_m_video_ads":"","vid_ads_m_video_ads_type":"","vid_ads_m_group_google_ima":"","vid_ads_m_group_image":"","vid_ads_m_group_html5_video":"","vid_ads_m_group_html":"","vid_ads_m_vast_preroll":"","vid_ads_m_vast_postroll":"","vid_ads_m_vast_pauseroll":"","vid_ads_m_vast_midroll":[{"vid_ads_m_vast_timer_seconds":"50"}],"vid_ads_m_time_to_show_ads":"","vid_ads_m_time_skip_ads":"","vid_ads_m_time_to_hide_ads":""},"page_slider_settings":{"display_slider_group":"","page_slider_group":""},"blog_page_settings":{"blog_page_title":"","blog_page_heading":"","blog_page_ic":"","blog_page_it":"","blog_page_ec":"","blog_page_ip":"","archive_loop_style":"","blog_image_ratio":"","blog_show_categories":"","blog_show_excerpt":"","blog_show_author":"","blog_show_date":"","blog_show_comment_count":"","blog_show_view_count":"","blog_show_like_count":"","blog_show_dislike_count":"","blog_items_per_page":"","blog_pag_type":""},"page_options":{"get_page_template":"","color_mode":"","main_layout":"","main_layout_full_with":"","main_logo":"","main_logo_retina":"","main_logo_mobile":"","main_logo_mobile_retina":"","sticky_logo":"","sticky_logo_retina":"","main_nav_layout":"","ajax_search":"","header_background":"","theme_sidebar":"","instagram_feed":"","instagram_feed_position":"","popular_videos":"","popular_videos_title_1":"","popular_videos_title_2":"","popular_videos_ic":"","popular_videos_it":"","theme_background":"","page_custom_css":""},"feature_image_settings":{"feature_image_position":""},"video_player_settings":{"single_video_style":"","video_player_position":"","vm_video_url":"","video_player_library":"","video_streaming":"","vm_media_sources":"","vid_auto_play":"","vm_video_shortcode":"","vid_p_sync_playlist":"","vid_c_sync_channel":"","get_post_format":"","multiple_links_structure":"default","multi_links_title":"","vm_video_multi_links":"","vm_duration":"","vid_social_locker":"off","vid_social_locker_id":"","vid_membership_action":"content-video","vm_video_trailer_url":"","vid_download_type":"free","vid_download_target":"download","vid_woo_product":"","vm_media_download":"","user_rating":"","user_rating_position":"","user_rating_mode":"","user_rating_multi_sets":""},"video_auto_fetch_settings":{"vm_video_fetch":"on"},"video_fake_views_likes":{"vm_fake_views":"","vm_fake_likes":"","vm_fake_dislikes":""},"gallery_settings":{"gallery_position":""},"quote_settings":{"quote_position":""},"post_options":{"main_layout":"","main_logo":"","main_logo_retina":"","main_logo_mobile":"","main_logo_mobile_retina":"","sticky_logo":"","sticky_logo_retina":"","main_nav_layout":"","header_background":"","theme_sidebar":"","single_post_comment_type":"","theme_background":""}},"_links":{"self":[{"href":"https:\/\/canal7slp.tv\/2019\/wp-json\/wp\/v2\/posts\/23300","targetHints":{"allow":["GET"]}}],"collection":[{"href":"https:\/\/canal7slp.tv\/2019\/wp-json\/wp\/v2\/posts"}],"about":[{"href":"https:\/\/canal7slp.tv\/2019\/wp-json\/wp\/v2\/types\/post"}],"author":[{"embeddable":true,"href":"https:\/\/canal7slp.tv\/2019\/wp-json\/wp\/v2\/users\/2"}],"replies":[{"embeddable":true,"href":"https:\/\/canal7slp.tv\/2019\/wp-json\/wp\/v2\/comments?post=23300"}],"version-history":[{"count":0,"href":"https:\/\/canal7slp.tv\/2019\/wp-json\/wp\/v2\/posts\/23300\/revisions"}],"wp:featuredmedia":[{"embeddable":true,"href":"https:\/\/canal7slp.tv\/2019\/wp-json\/wp\/v2\/media\/23302"}],"wp:attachment":[{"href":"https:\/\/canal7slp.tv\/2019\/wp-json\/wp\/v2\/media?parent=23300"}],"wp:term":[{"taxonomy":"category","embeddable":true,"href":"https:\/\/canal7slp.tv\/2019\/wp-json\/wp\/v2\/categories?post=23300"},{"taxonomy":"post_tag","embeddable":true,"href":"https:\/\/canal7slp.tv\/2019\/wp-json\/wp\/v2\/tags?post=23300"}],"curies":[{"name":"wp","href":"https:\/\/api.w.org\/{rel}","templated":true}]}}