{"id":23198,"date":"2019-06-27T12:18:04","date_gmt":"2019-06-27T17:18:04","guid":{"rendered":"https:\/\/canal7slp.tv\/2019\/?p=23198"},"modified":"2019-06-27T12:18:04","modified_gmt":"2019-06-27T17:18:04","slug":"avenida-q-reclama-discriminacion-pornografia-y-aplaude-la-diversidad-sexual","status":"publish","type":"post","link":"https:\/\/canal7slp.tv\/2019\/avenida-q-reclama-discriminacion-pornografia-y-aplaude-la-diversidad-sexual\/","title":{"rendered":"\u201cAvenida Q\u201d reclama discriminaci\u00f3n, pornograf\u00eda y aplaude la diversidad sexual"},"content":{"rendered":"<p style=\"text-align: justify;\">M\u00e9xico..- Con un reclamo a la discriminaci\u00f3n y la pornograf\u00eda, en favor de la diversidad sexual y con un lenguaje \u201cmexicanizado\u201d, el musical \u201cAvenida Q\u201d inicia temporada en esta ciudad para decir que la vida es solo por hoy.<\/p>\n<p style=\"text-align: justify;\">Con m\u00fasica y letras originales de Jeff Marx y Robert L\u00f3pez, basada en un libreto de Jeff Whitty, bajo la direcci\u00f3n de \u00c1lvaro Cervi\u00f1o, la obra es la ant\u00edtesis de \u201cPlaza S\u00e9samo\u201d, pues aunque se desarrolla con puppets controlados por actores, su lenguaje se dirige a un p\u00fablico adulto.<\/p>\n<p style=\"text-align: justify;\">La producci\u00f3n de Adri\u00e1n Fern\u00e1ndez narra el caso de \u201cAgust\u00edn\u201d, un joven reci\u00e9n graduado que llega al barrio de la Avenida Q, donde conoce a varios amigos, entre ellos, un comediante sin empleo y su prometida; un empleado bancario, un adicto al Internet, una asistente de maestra y el conserje de un edificio.<\/p>\n<p style=\"text-align: justify;\">A diferencia de otras t\u00e9cnicas con t\u00edteres, conforme avanza la trama, el int\u00e9rprete y el mu\u00f1eco se convierten en uno solo. Asimismo, una de las escenas que m\u00e1s llaman la atenci\u00f3n es la de corte sexual con los puppets desnudos.<\/p>\n<p style=\"text-align: justify;\">La escenograf\u00eda es la fachada de un vecindario de clase media y en comparaci\u00f3n con otros montajes que de la misma obra se han presentado en la capital, esta vez los actores se mueven m\u00e1s, pues Manu Mart\u00ednez, quien ha creado coreograf\u00edas para Thal\u00eda y Gloria Trevi, les impuso nuevos bailes.<\/p>\n<p style=\"text-align: justify;\">A la funci\u00f3n de estreno, la noche del mi\u00e9rcoles, acudieron la cantante Edith M\u00e1rquez y el actor C\u00e9sar Bono como padrinos, pues en \u201cAvenida Q\u201d participan sus hijos Bastian y Leonardo Bono, respectivamente.<\/p>\n<p style=\"text-align: justify;\">C\u00e9sar Bono destac\u00f3 que le enorgullece que Leonardo se desarrolle en su misma profesi\u00f3n, pues desde peque\u00f1o mostr\u00f3 inter\u00e9s por actuar. Y esta noche fue muy especial porque el lunes pasado operaron a su hijo de piedras en los ri\u00f1ones.<\/p>\n<p style=\"text-align: justify;\">\u201cLlegamos a casa y ya se sent\u00eda un poco mal, por lo que subi\u00f3 a su habitaci\u00f3n. Luego de que mi esposa Paty escuch\u00f3 del dolor que ten\u00eda, se imagin\u00f3 el diagn\u00f3stico y corrimos al hospital. Cuando te duelen los ri\u00f1ones uno siente que se va a morir\u201d, platic\u00f3 C\u00e9sar Bono.<\/p>\n<p style=\"text-align: justify;\">\u201cBastian creci\u00f3 en los escenarios y en la m\u00fasica. Qu\u00e9 bueno que tiene talento, pero le he dicho que esta carrera es de mucha paciencia, lucha, resistencia y disciplina. He visto que de pronto las nuevas generaciones puedan tener esa vieja escuela, pero yo siempre estoy encima de mis hijos. Estoy orgullosa de los dos\u201d, destac\u00f3 Edith M\u00e1rquez.<\/p>\n<p style=\"text-align: justify;\">En \u201cAvenida Q\u201d tambi\u00e9n act\u00faan Majo Brunett, Aurora Wonders, Ana Luisa Mart\u00ednez, Natalia Moguel, Manuel Berm\u00fadez, Maripaz Herrera, Jorge Mej\u00eda, Jorge Vi\u00f1as y Ren\u00e9e Sabina.<\/p>\n<p style=\"text-align: justify;\">La obra se present\u00f3 por primera vez al p\u00fablico en marzo de 2003, en el Vineyard Theatre del circuito off-Broadway, en donde fue gratamente recibida por la cr\u00edtica. Cuatro meses despu\u00e9s se estren\u00f3 en el Golden Theatre.<\/p>\n","protected":false},"excerpt":{"rendered":"<p>M\u00e9xico..- Con un reclamo a la discriminaci\u00f3n y la pornograf\u00eda, en favor de la diversidad sexual y con un lenguaje \u201cmexicanizado\u201d, el musical \u201cAvenida Q\u201d inicia temporada en esta ciudad para decir que la vida es solo por hoy. Con m\u00fasica y letras originales de Jeff Marx y Robert L\u00f3pez, basada en un libreto de [&hellip;]<\/p>\n","protected":false},"author":2,"featured_media":23200,"comment_status":"open","ping_status":"closed","sticky":false,"template":"","format":"standard","meta":{"footnotes":""},"categories":[24],"tags":[],"class_list":["post-23198","post","type-post","status-publish","format-standard","has-post-thumbnail","hentry","category-espectaculos"],"yoast_head":"<!-- This site is optimized with the Yoast SEO plugin v27.5 - https:\/\/yoast.com\/product\/yoast-seo-wordpress\/ -->\n<title>\u201cAvenida Q\u201d reclama discriminaci\u00f3n, pornograf\u00eda y aplaude la diversidad sexual - Canal 7 SLP - 2019<\/title>\n<meta name=\"robots\" content=\"index, follow, max-snippet:-1, max-image-preview:large, max-video-preview:-1\" \/>\n<link rel=\"canonical\" href=\"https:\/\/canal7slp.tv\/2019\/avenida-q-reclama-discriminacion-pornografia-y-aplaude-la-diversidad-sexual\/\" \/>\n<meta property=\"og:locale\" content=\"es_ES\" \/>\n<meta property=\"og:type\" content=\"article\" \/>\n<meta property=\"og:title\" content=\"\u201cAvenida Q\u201d reclama discriminaci\u00f3n, pornograf\u00eda y aplaude la diversidad sexual - Canal 7 SLP - 2019\" \/>\n<meta property=\"og:description\" content=\"M\u00e9xico..- Con un reclamo a la discriminaci\u00f3n y la pornograf\u00eda, en favor de la diversidad sexual y con un lenguaje \u201cmexicanizado\u201d, el musical \u201cAvenida Q\u201d inicia temporada en esta ciudad para decir que la vida es solo por hoy. Con m\u00fasica y letras originales de Jeff Marx y Robert L\u00f3pez, basada en un libreto de [&hellip;]\" \/>\n<meta property=\"og:url\" content=\"https:\/\/canal7slp.tv\/2019\/avenida-q-reclama-discriminacion-pornografia-y-aplaude-la-diversidad-sexual\/\" \/>\n<meta property=\"og:site_name\" content=\"Canal 7 SLP - 2019\" \/>\n<meta property=\"article:publisher\" content=\"https:\/\/www.facebook.com\/CANAL7SLP\/\" \/>\n<meta property=\"article:published_time\" content=\"2019-06-27T17:18:04+00:00\" \/>\n<meta property=\"og:image\" content=\"https:\/\/canal7slp.tv\/2019\/wp-content\/uploads\/2019\/06\/03-26.jpg\" \/>\n\t<meta property=\"og:image:width\" content=\"750\" \/>\n\t<meta property=\"og:image:height\" content=\"500\" \/>\n\t<meta property=\"og:image:type\" content=\"image\/jpeg\" \/>\n<meta name=\"author\" content=\"edicionweb\" \/>\n<meta name=\"twitter:card\" content=\"summary_large_image\" \/>\n<meta name=\"twitter:creator\" content=\"@canal7_slp\" \/>\n<meta name=\"twitter:site\" content=\"@canal7_slp\" \/>\n<meta name=\"twitter:label1\" content=\"Escrito por\" \/>\n\t<meta name=\"twitter:data1\" content=\"edicionweb\" \/>\n\t<meta name=\"twitter:label2\" content=\"Tiempo de lectura\" \/>\n\t<meta name=\"twitter:data2\" content=\"3 minutos\" \/>\n<script type=\"application\/ld+json\" class=\"yoast-schema-graph\">{\"@context\":\"https:\\\/\\\/schema.org\",\"@graph\":[{\"@type\":\"Article\",\"@id\":\"https:\\\/\\\/canal7slp.tv\\\/2019\\\/avenida-q-reclama-discriminacion-pornografia-y-aplaude-la-diversidad-sexual\\\/#article\",\"isPartOf\":{\"@id\":\"https:\\\/\\\/canal7slp.tv\\\/2019\\\/avenida-q-reclama-discriminacion-pornografia-y-aplaude-la-diversidad-sexual\\\/\"},\"author\":{\"name\":\"edicionweb\",\"@id\":\"https:\\\/\\\/canal7slp.tv\\\/2019\\\/#\\\/schema\\\/person\\\/11d941c1c6ca30ac0a46b95fa37aa2e3\"},\"headline\":\"\u201cAvenida Q\u201d reclama discriminaci\u00f3n, pornograf\u00eda y aplaude la diversidad sexual\",\"datePublished\":\"2019-06-27T17:18:04+00:00\",\"mainEntityOfPage\":{\"@id\":\"https:\\\/\\\/canal7slp.tv\\\/2019\\\/avenida-q-reclama-discriminacion-pornografia-y-aplaude-la-diversidad-sexual\\\/\"},\"wordCount\":542,\"commentCount\":0,\"publisher\":{\"@id\":\"https:\\\/\\\/canal7slp.tv\\\/2019\\\/#organization\"},\"image\":{\"@id\":\"https:\\\/\\\/canal7slp.tv\\\/2019\\\/avenida-q-reclama-discriminacion-pornografia-y-aplaude-la-diversidad-sexual\\\/#primaryimage\"},\"thumbnailUrl\":\"https:\\\/\\\/canal7slp.tv\\\/2019\\\/wp-content\\\/uploads\\\/2019\\\/06\\\/03-26.jpg\",\"articleSection\":[\"ESPECTACULOS\"],\"inLanguage\":\"es\",\"potentialAction\":[{\"@type\":\"CommentAction\",\"name\":\"Comment\",\"target\":[\"https:\\\/\\\/canal7slp.tv\\\/2019\\\/avenida-q-reclama-discriminacion-pornografia-y-aplaude-la-diversidad-sexual\\\/#respond\"]}]},{\"@type\":\"WebPage\",\"@id\":\"https:\\\/\\\/canal7slp.tv\\\/2019\\\/avenida-q-reclama-discriminacion-pornografia-y-aplaude-la-diversidad-sexual\\\/\",\"url\":\"https:\\\/\\\/canal7slp.tv\\\/2019\\\/avenida-q-reclama-discriminacion-pornografia-y-aplaude-la-diversidad-sexual\\\/\",\"name\":\"\u201cAvenida Q\u201d reclama discriminaci\u00f3n, pornograf\u00eda y aplaude la diversidad sexual - Canal 7 SLP - 2019\",\"isPartOf\":{\"@id\":\"https:\\\/\\\/canal7slp.tv\\\/2019\\\/#website\"},\"primaryImageOfPage\":{\"@id\":\"https:\\\/\\\/canal7slp.tv\\\/2019\\\/avenida-q-reclama-discriminacion-pornografia-y-aplaude-la-diversidad-sexual\\\/#primaryimage\"},\"image\":{\"@id\":\"https:\\\/\\\/canal7slp.tv\\\/2019\\\/avenida-q-reclama-discriminacion-pornografia-y-aplaude-la-diversidad-sexual\\\/#primaryimage\"},\"thumbnailUrl\":\"https:\\\/\\\/canal7slp.tv\\\/2019\\\/wp-content\\\/uploads\\\/2019\\\/06\\\/03-26.jpg\",\"datePublished\":\"2019-06-27T17:18:04+00:00\",\"breadcrumb\":{\"@id\":\"https:\\\/\\\/canal7slp.tv\\\/2019\\\/avenida-q-reclama-discriminacion-pornografia-y-aplaude-la-diversidad-sexual\\\/#breadcrumb\"},\"inLanguage\":\"es\",\"potentialAction\":[{\"@type\":\"ReadAction\",\"target\":[\"https:\\\/\\\/canal7slp.tv\\\/2019\\\/avenida-q-reclama-discriminacion-pornografia-y-aplaude-la-diversidad-sexual\\\/\"]}]},{\"@type\":\"ImageObject\",\"inLanguage\":\"es\",\"@id\":\"https:\\\/\\\/canal7slp.tv\\\/2019\\\/avenida-q-reclama-discriminacion-pornografia-y-aplaude-la-diversidad-sexual\\\/#primaryimage\",\"url\":\"https:\\\/\\\/canal7slp.tv\\\/2019\\\/wp-content\\\/uploads\\\/2019\\\/06\\\/03-26.jpg\",\"contentUrl\":\"https:\\\/\\\/canal7slp.tv\\\/2019\\\/wp-content\\\/uploads\\\/2019\\\/06\\\/03-26.jpg\",\"width\":750,\"height\":500,\"caption\":\"90626174. M\u00e9xico, 26 Jun 2019 (Notimex-Guillermo Granados).- Estreno del musical Avenida Q en el Teatro Mil\u00e1n, cuyos padrinos fueron Edith M\u00e1rquez y C\u00e9sar Bono. Ciudad de M\u00e9xico, 26 de junio de 2019. NOTIMEX\\\/FOTO\\\/GUILLERMO GRANADOS\\\/GGV\\\/ACE\\\/\"},{\"@type\":\"BreadcrumbList\",\"@id\":\"https:\\\/\\\/canal7slp.tv\\\/2019\\\/avenida-q-reclama-discriminacion-pornografia-y-aplaude-la-diversidad-sexual\\\/#breadcrumb\",\"itemListElement\":[{\"@type\":\"ListItem\",\"position\":1,\"name\":\"Home\",\"item\":\"https:\\\/\\\/canal7slp.tv\\\/2019\\\/\"},{\"@type\":\"ListItem\",\"position\":2,\"name\":\"\u201cAvenida Q\u201d reclama discriminaci\u00f3n, pornograf\u00eda y aplaude la diversidad sexual\"}]},{\"@type\":\"WebSite\",\"@id\":\"https:\\\/\\\/canal7slp.tv\\\/2019\\\/#website\",\"url\":\"https:\\\/\\\/canal7slp.tv\\\/2019\\\/\",\"name\":\"Canal 7 SLP - Somos TV\",\"description\":\"Somos un Canal de 10\",\"publisher\":{\"@id\":\"https:\\\/\\\/canal7slp.tv\\\/2019\\\/#organization\"},\"potentialAction\":[{\"@type\":\"SearchAction\",\"target\":{\"@type\":\"EntryPoint\",\"urlTemplate\":\"https:\\\/\\\/canal7slp.tv\\\/2019\\\/?s={search_term_string}\"},\"query-input\":{\"@type\":\"PropertyValueSpecification\",\"valueRequired\":true,\"valueName\":\"search_term_string\"}}],\"inLanguage\":\"es\"},{\"@type\":\"Organization\",\"@id\":\"https:\\\/\\\/canal7slp.tv\\\/2019\\\/#organization\",\"name\":\"Comunicaci\u00f3n 2000 S.A. de C.V.\",\"url\":\"https:\\\/\\\/canal7slp.tv\\\/2019\\\/\",\"logo\":{\"@type\":\"ImageObject\",\"inLanguage\":\"es\",\"@id\":\"https:\\\/\\\/canal7slp.tv\\\/2019\\\/#\\\/schema\\\/logo\\\/image\\\/\",\"url\":\"https:\\\/\\\/canal7slp.tv\\\/2019\\\/wp-content\\\/uploads\\\/2019\\\/07\\\/logo-c7.png\",\"contentUrl\":\"https:\\\/\\\/canal7slp.tv\\\/2019\\\/wp-content\\\/uploads\\\/2019\\\/07\\\/logo-c7.png\",\"width\":220,\"height\":60,\"caption\":\"Comunicaci\u00f3n 2000 S.A. de C.V.\"},\"image\":{\"@id\":\"https:\\\/\\\/canal7slp.tv\\\/2019\\\/#\\\/schema\\\/logo\\\/image\\\/\"},\"sameAs\":[\"https:\\\/\\\/www.facebook.com\\\/CANAL7SLP\\\/\",\"https:\\\/\\\/x.com\\\/canal7_slp\",\"https:\\\/\\\/www.instagram.com\\\/canal7_slp\",\"https:\\\/\\\/www.youtube.com\\\/user\\\/NOTICIEROSCANAL7SLP\\\/\"]},{\"@type\":\"Person\",\"@id\":\"https:\\\/\\\/canal7slp.tv\\\/2019\\\/#\\\/schema\\\/person\\\/11d941c1c6ca30ac0a46b95fa37aa2e3\",\"name\":\"edicionweb\",\"image\":{\"@type\":\"ImageObject\",\"inLanguage\":\"es\",\"@id\":\"https:\\\/\\\/secure.gravatar.com\\\/avatar\\\/eee448fc3f7164808013b816ba91ac7e43bbe82a70bebac296f8bc6f0addaa1a?s=96&d=mm&r=g\",\"url\":\"https:\\\/\\\/secure.gravatar.com\\\/avatar\\\/eee448fc3f7164808013b816ba91ac7e43bbe82a70bebac296f8bc6f0addaa1a?s=96&d=mm&r=g\",\"contentUrl\":\"https:\\\/\\\/secure.gravatar.com\\\/avatar\\\/eee448fc3f7164808013b816ba91ac7e43bbe82a70bebac296f8bc6f0addaa1a?s=96&d=mm&r=g\",\"caption\":\"edicionweb\"}}]}<\/script>\n<!-- \/ Yoast SEO plugin. -->","yoast_head_json":{"title":"\u201cAvenida Q\u201d reclama discriminaci\u00f3n, pornograf\u00eda y aplaude la diversidad sexual - Canal 7 SLP - 2019","robots":{"index":"index","follow":"follow","max-snippet":"max-snippet:-1","max-image-preview":"max-image-preview:large","max-video-preview":"max-video-preview:-1"},"canonical":"https:\/\/canal7slp.tv\/2019\/avenida-q-reclama-discriminacion-pornografia-y-aplaude-la-diversidad-sexual\/","og_locale":"es_ES","og_type":"article","og_title":"\u201cAvenida Q\u201d reclama discriminaci\u00f3n, pornograf\u00eda y aplaude la diversidad sexual - Canal 7 SLP - 2019","og_description":"M\u00e9xico..- Con un reclamo a la discriminaci\u00f3n y la pornograf\u00eda, en favor de la diversidad sexual y con un lenguaje \u201cmexicanizado\u201d, el musical \u201cAvenida Q\u201d inicia temporada en esta ciudad para decir que la vida es solo por hoy. Con m\u00fasica y letras originales de Jeff Marx y Robert L\u00f3pez, basada en un libreto de [&hellip;]","og_url":"https:\/\/canal7slp.tv\/2019\/avenida-q-reclama-discriminacion-pornografia-y-aplaude-la-diversidad-sexual\/","og_site_name":"Canal 7 SLP - 2019","article_publisher":"https:\/\/www.facebook.com\/CANAL7SLP\/","article_published_time":"2019-06-27T17:18:04+00:00","og_image":[{"width":750,"height":500,"url":"https:\/\/canal7slp.tv\/2019\/wp-content\/uploads\/2019\/06\/03-26.jpg","type":"image\/jpeg"}],"author":"edicionweb","twitter_card":"summary_large_image","twitter_creator":"@canal7_slp","twitter_site":"@canal7_slp","twitter_misc":{"Escrito por":"edicionweb","Tiempo de lectura":"3 minutos"},"schema":{"@context":"https:\/\/schema.org","@graph":[{"@type":"Article","@id":"https:\/\/canal7slp.tv\/2019\/avenida-q-reclama-discriminacion-pornografia-y-aplaude-la-diversidad-sexual\/#article","isPartOf":{"@id":"https:\/\/canal7slp.tv\/2019\/avenida-q-reclama-discriminacion-pornografia-y-aplaude-la-diversidad-sexual\/"},"author":{"name":"edicionweb","@id":"https:\/\/canal7slp.tv\/2019\/#\/schema\/person\/11d941c1c6ca30ac0a46b95fa37aa2e3"},"headline":"\u201cAvenida Q\u201d reclama discriminaci\u00f3n, pornograf\u00eda y aplaude la diversidad sexual","datePublished":"2019-06-27T17:18:04+00:00","mainEntityOfPage":{"@id":"https:\/\/canal7slp.tv\/2019\/avenida-q-reclama-discriminacion-pornografia-y-aplaude-la-diversidad-sexual\/"},"wordCount":542,"commentCount":0,"publisher":{"@id":"https:\/\/canal7slp.tv\/2019\/#organization"},"image":{"@id":"https:\/\/canal7slp.tv\/2019\/avenida-q-reclama-discriminacion-pornografia-y-aplaude-la-diversidad-sexual\/#primaryimage"},"thumbnailUrl":"https:\/\/canal7slp.tv\/2019\/wp-content\/uploads\/2019\/06\/03-26.jpg","articleSection":["ESPECTACULOS"],"inLanguage":"es","potentialAction":[{"@type":"CommentAction","name":"Comment","target":["https:\/\/canal7slp.tv\/2019\/avenida-q-reclama-discriminacion-pornografia-y-aplaude-la-diversidad-sexual\/#respond"]}]},{"@type":"WebPage","@id":"https:\/\/canal7slp.tv\/2019\/avenida-q-reclama-discriminacion-pornografia-y-aplaude-la-diversidad-sexual\/","url":"https:\/\/canal7slp.tv\/2019\/avenida-q-reclama-discriminacion-pornografia-y-aplaude-la-diversidad-sexual\/","name":"\u201cAvenida Q\u201d reclama discriminaci\u00f3n, pornograf\u00eda y aplaude la diversidad sexual - Canal 7 SLP - 2019","isPartOf":{"@id":"https:\/\/canal7slp.tv\/2019\/#website"},"primaryImageOfPage":{"@id":"https:\/\/canal7slp.tv\/2019\/avenida-q-reclama-discriminacion-pornografia-y-aplaude-la-diversidad-sexual\/#primaryimage"},"image":{"@id":"https:\/\/canal7slp.tv\/2019\/avenida-q-reclama-discriminacion-pornografia-y-aplaude-la-diversidad-sexual\/#primaryimage"},"thumbnailUrl":"https:\/\/canal7slp.tv\/2019\/wp-content\/uploads\/2019\/06\/03-26.jpg","datePublished":"2019-06-27T17:18:04+00:00","breadcrumb":{"@id":"https:\/\/canal7slp.tv\/2019\/avenida-q-reclama-discriminacion-pornografia-y-aplaude-la-diversidad-sexual\/#breadcrumb"},"inLanguage":"es","potentialAction":[{"@type":"ReadAction","target":["https:\/\/canal7slp.tv\/2019\/avenida-q-reclama-discriminacion-pornografia-y-aplaude-la-diversidad-sexual\/"]}]},{"@type":"ImageObject","inLanguage":"es","@id":"https:\/\/canal7slp.tv\/2019\/avenida-q-reclama-discriminacion-pornografia-y-aplaude-la-diversidad-sexual\/#primaryimage","url":"https:\/\/canal7slp.tv\/2019\/wp-content\/uploads\/2019\/06\/03-26.jpg","contentUrl":"https:\/\/canal7slp.tv\/2019\/wp-content\/uploads\/2019\/06\/03-26.jpg","width":750,"height":500,"caption":"90626174. M\u00e9xico, 26 Jun 2019 (Notimex-Guillermo Granados).- Estreno del musical Avenida Q en el Teatro Mil\u00e1n, cuyos padrinos fueron Edith M\u00e1rquez y C\u00e9sar Bono. Ciudad de M\u00e9xico, 26 de junio de 2019. NOTIMEX\/FOTO\/GUILLERMO GRANADOS\/GGV\/ACE\/"},{"@type":"BreadcrumbList","@id":"https:\/\/canal7slp.tv\/2019\/avenida-q-reclama-discriminacion-pornografia-y-aplaude-la-diversidad-sexual\/#breadcrumb","itemListElement":[{"@type":"ListItem","position":1,"name":"Home","item":"https:\/\/canal7slp.tv\/2019\/"},{"@type":"ListItem","position":2,"name":"\u201cAvenida Q\u201d reclama discriminaci\u00f3n, pornograf\u00eda y aplaude la diversidad sexual"}]},{"@type":"WebSite","@id":"https:\/\/canal7slp.tv\/2019\/#website","url":"https:\/\/canal7slp.tv\/2019\/","name":"Canal 7 SLP - Somos TV","description":"Somos un Canal de 10","publisher":{"@id":"https:\/\/canal7slp.tv\/2019\/#organization"},"potentialAction":[{"@type":"SearchAction","target":{"@type":"EntryPoint","urlTemplate":"https:\/\/canal7slp.tv\/2019\/?s={search_term_string}"},"query-input":{"@type":"PropertyValueSpecification","valueRequired":true,"valueName":"search_term_string"}}],"inLanguage":"es"},{"@type":"Organization","@id":"https:\/\/canal7slp.tv\/2019\/#organization","name":"Comunicaci\u00f3n 2000 S.A. de C.V.","url":"https:\/\/canal7slp.tv\/2019\/","logo":{"@type":"ImageObject","inLanguage":"es","@id":"https:\/\/canal7slp.tv\/2019\/#\/schema\/logo\/image\/","url":"https:\/\/canal7slp.tv\/2019\/wp-content\/uploads\/2019\/07\/logo-c7.png","contentUrl":"https:\/\/canal7slp.tv\/2019\/wp-content\/uploads\/2019\/07\/logo-c7.png","width":220,"height":60,"caption":"Comunicaci\u00f3n 2000 S.A. de C.V."},"image":{"@id":"https:\/\/canal7slp.tv\/2019\/#\/schema\/logo\/image\/"},"sameAs":["https:\/\/www.facebook.com\/CANAL7SLP\/","https:\/\/x.com\/canal7_slp","https:\/\/www.instagram.com\/canal7_slp","https:\/\/www.youtube.com\/user\/NOTICIEROSCANAL7SLP\/"]},{"@type":"Person","@id":"https:\/\/canal7slp.tv\/2019\/#\/schema\/person\/11d941c1c6ca30ac0a46b95fa37aa2e3","name":"edicionweb","image":{"@type":"ImageObject","inLanguage":"es","@id":"https:\/\/secure.gravatar.com\/avatar\/eee448fc3f7164808013b816ba91ac7e43bbe82a70bebac296f8bc6f0addaa1a?s=96&d=mm&r=g","url":"https:\/\/secure.gravatar.com\/avatar\/eee448fc3f7164808013b816ba91ac7e43bbe82a70bebac296f8bc6f0addaa1a?s=96&d=mm&r=g","contentUrl":"https:\/\/secure.gravatar.com\/avatar\/eee448fc3f7164808013b816ba91ac7e43bbe82a70bebac296f8bc6f0addaa1a?s=96&d=mm&r=g","caption":"edicionweb"}}]}},"amp_enabled":true,"cmb2":{"video_ids_in_playlist":{"vid_p_videos":""},"video_ids_in_channel":{"vid_c_videos":""},"playlist_ids_in_channel":{"vid_c_playlists":""},"series_ids_in_channel":{"vid_c_series":""},"channel_images":{"vid_c_logo":"","vid_c_banner":""},"poster_feature_image":{"vid_m_poster_image":""},"gif_feature_image":{"vid_m_gif_image":""},"video_movie_settings":{"vid_m_director":"","vid_m_actor":"","vid_m_imdb_ratings":"","vid_m_amazon_associates":""},"vid_youtube_broadcasts_settings":{"vid_yb_broadcast_title":"","vid_yb_q":"","vid_yb_channelid":"","vid_yb_videocategoryid":"","vid_yb_maxresults":"","vid_yb_order":"","vid_yb_regioncode":"","vid_yb_videosyndicated":"","vid_yb_style":"","vid_yb_reload_first":""},"video_series_settings":{"vid_m_director":"","vid_m_actor":"","vid_m_imdb_ratings":"","video_series_group":""},"amazon_associates_settings":{"amazon_associates":"","amazon_native_ad":""},"vid_youtube_automatic_settings":{"vid_ya_youtube_source":"","vid_ya_update_every":"","vid_ya_update_unit":"","vid_ya_categories":"","vid_ya_published_after":"","vid_ya_published_before":"","vid_ya_playlists":"","vid_ya_channels":"","vid_ya_director":"","vid_ya_actor":"","vid_ya_author":"","vid_ya_import_post_date":"","vid_ya_status":"","vid_ya_sub_api_key":""},"vid_ads_m_videoads_settings_post":{"vid_ads_m_video_ads":"","vid_ads_m_video_ads_type":"","vid_ads_m_group_google_ima":"","vid_ads_m_group_image":"","vid_ads_m_group_html5_video":"","vid_ads_m_group_html":"","vid_ads_m_vast_preroll":"","vid_ads_m_vast_postroll":"","vid_ads_m_vast_pauseroll":"","vid_ads_m_vast_midroll":[{"vid_ads_m_vast_timer_seconds":"50"}],"vid_ads_m_time_to_show_ads":"","vid_ads_m_time_skip_ads":"","vid_ads_m_time_to_hide_ads":""},"page_slider_settings":{"display_slider_group":"","page_slider_group":""},"blog_page_settings":{"blog_page_title":"","blog_page_heading":"","blog_page_ic":"","blog_page_it":"","blog_page_ec":"","blog_page_ip":"","archive_loop_style":"","blog_image_ratio":"","blog_show_categories":"","blog_show_excerpt":"","blog_show_author":"","blog_show_date":"","blog_show_comment_count":"","blog_show_view_count":"","blog_show_like_count":"","blog_show_dislike_count":"","blog_items_per_page":"","blog_pag_type":""},"page_options":{"get_page_template":"","color_mode":"","main_layout":"","main_layout_full_with":"","main_logo":"","main_logo_retina":"","main_logo_mobile":"","main_logo_mobile_retina":"","sticky_logo":"","sticky_logo_retina":"","main_nav_layout":"","ajax_search":"","header_background":"","theme_sidebar":"","instagram_feed":"","instagram_feed_position":"","popular_videos":"","popular_videos_title_1":"","popular_videos_title_2":"","popular_videos_ic":"","popular_videos_it":"","theme_background":"","page_custom_css":""},"feature_image_settings":{"feature_image_position":""},"video_player_settings":{"single_video_style":"","video_player_position":"","vm_video_url":"","video_player_library":"","video_streaming":"","vm_media_sources":"","vid_auto_play":"","vm_video_shortcode":"","vid_p_sync_playlist":"","vid_c_sync_channel":"","get_post_format":"","multiple_links_structure":"default","multi_links_title":"","vm_video_multi_links":"","vm_duration":"","vid_social_locker":"off","vid_social_locker_id":"","vid_membership_action":"content-video","vm_video_trailer_url":"","vid_download_type":"free","vid_download_target":"download","vid_woo_product":"","vm_media_download":"","user_rating":"","user_rating_position":"","user_rating_mode":"","user_rating_multi_sets":""},"video_auto_fetch_settings":{"vm_video_fetch":"on"},"video_fake_views_likes":{"vm_fake_views":"","vm_fake_likes":"","vm_fake_dislikes":""},"gallery_settings":{"gallery_position":""},"quote_settings":{"quote_position":""},"post_options":{"main_layout":"","main_logo":"","main_logo_retina":"","main_logo_mobile":"","main_logo_mobile_retina":"","sticky_logo":"","sticky_logo_retina":"","main_nav_layout":"","header_background":"","theme_sidebar":"","single_post_comment_type":"","theme_background":""}},"_links":{"self":[{"href":"https:\/\/canal7slp.tv\/2019\/wp-json\/wp\/v2\/posts\/23198","targetHints":{"allow":["GET"]}}],"collection":[{"href":"https:\/\/canal7slp.tv\/2019\/wp-json\/wp\/v2\/posts"}],"about":[{"href":"https:\/\/canal7slp.tv\/2019\/wp-json\/wp\/v2\/types\/post"}],"author":[{"embeddable":true,"href":"https:\/\/canal7slp.tv\/2019\/wp-json\/wp\/v2\/users\/2"}],"replies":[{"embeddable":true,"href":"https:\/\/canal7slp.tv\/2019\/wp-json\/wp\/v2\/comments?post=23198"}],"version-history":[{"count":0,"href":"https:\/\/canal7slp.tv\/2019\/wp-json\/wp\/v2\/posts\/23198\/revisions"}],"wp:featuredmedia":[{"embeddable":true,"href":"https:\/\/canal7slp.tv\/2019\/wp-json\/wp\/v2\/media\/23200"}],"wp:attachment":[{"href":"https:\/\/canal7slp.tv\/2019\/wp-json\/wp\/v2\/media?parent=23198"}],"wp:term":[{"taxonomy":"category","embeddable":true,"href":"https:\/\/canal7slp.tv\/2019\/wp-json\/wp\/v2\/categories?post=23198"},{"taxonomy":"post_tag","embeddable":true,"href":"https:\/\/canal7slp.tv\/2019\/wp-json\/wp\/v2\/tags?post=23198"}],"curies":[{"name":"wp","href":"https:\/\/api.w.org\/{rel}","templated":true}]}}