{"id":23195,"date":"2019-06-27T12:13:42","date_gmt":"2019-06-27T17:13:42","guid":{"rendered":"https:\/\/canal7slp.tv\/2019\/?p=23195"},"modified":"2019-06-27T12:13:43","modified_gmt":"2019-06-27T17:13:43","slug":"la-ciudad-ofrecera-un-atractivo-programa-turistico-este-verano","status":"publish","type":"post","link":"https:\/\/canal7slp.tv\/2019\/la-ciudad-ofrecera-un-atractivo-programa-turistico-este-verano\/","title":{"rendered":"La ciudad ofrecer\u00e1 un atractivo programa tur\u00edstico este verano"},"content":{"rendered":"<p style=\"text-align: justify;\">SLP.- Ante la cercan\u00eda del periodo vacacional de verano, la direcci\u00f3n de Turismo municipal alista el programa de entretenimiento que ofrecer\u00e1 la ciudad a sus habitantes y a los turistas nacionales y extranjeros que se espera que visiten la capital, que se ha convertido en un referente tur\u00edstico del centro del pa\u00eds.<\/p>\n<p style=\"text-align: justify;\">La directora de la dependencia municipal Yara Nagore Rojas, inform\u00f3 que habr\u00e1 actividades para toda la familia en diferentes espacios p\u00fablicos, \u201cel programa tur\u00edstico de verano incluye varias sorpresas en el Centro Hist\u00f3rico, en el parque Tangamanga I y en los museos\u201d, refiri\u00f3.<\/p>\n<p style=\"text-align: justify;\">Mencion\u00f3 que habr\u00e1 actividades para todos los gustos y para todas las edades entre talleres, conferencias, conciertos musicales, cuenta cuentos, noches de leyenda, marionetas de leyenda y el 12 de julio, dijo que se realizar\u00e1 un concierto de \u00f3pera de Walt Disney en la delegaci\u00f3n Villa de Pozos.<\/p>\n<p style=\"text-align: justify;\">La funcionaria precis\u00f3 que los paseantes podr\u00e1n ingresar al Palacio municipal para disfrutar de un recorrido virtual que cuenta la historia del majestuoso recinto; adem\u00e1s, dijo que habr\u00e1 actividades de turismo incluyente con recorridos para personas invidentes por diferentes espacios del Centro Hist\u00f3rico, que incluir\u00e1n mapas en braille.<\/p>\n<p style=\"text-align: justify;\">Expuso Nagore Rojas que la ciudad ha presentado un repunte de visitantes en los \u00faltimos 3 periodos vacacionales, \u201ceste verano esperamos un incremento del 4 o 5 por ciento de turistas en relaci\u00f3n con al a\u00f1o pasado\u201d.<\/p>\n<p style=\"text-align: justify;\">Acerca de los proyectos de rehabilitaci\u00f3n de edificios y monumentos hist\u00f3ricos, dijo la funcionaria que se trabajar\u00e1 de manera conjunta con la Unidad de Gesti\u00f3n del Centro Hist\u00f3rico para gestionar los recursos y destinarlos al mantenimiento y conservaci\u00f3n de las edificaciones representativas de la ciudad.<\/p>\n<p style=\"text-align: justify;\">Yara Nagore precis\u00f3 que la intervenci\u00f3n m\u00e1s cercana, podr\u00eda ser la del monumento a la Independencia que se localiza en el jard\u00edn de San Juan de Dios, \u201cse necesita rehabilitar su infraestructura y las alas, estamos buscando una partida presupuestal del Ramo 33 equivalente a 250 mil pesos\u201d, a\u00f1adi\u00f3 que el proyecto ya cuenta con la aprobaci\u00f3n del Instituto Nacional de Antropolog\u00eda e Historia (INAH).<\/p>\n","protected":false},"excerpt":{"rendered":"<p>SLP.- Ante la cercan\u00eda del periodo vacacional de verano, la direcci\u00f3n de Turismo municipal alista el programa de entretenimiento que ofrecer\u00e1 la ciudad a sus habitantes y a los turistas nacionales y extranjeros que se espera que visiten la capital, que se ha convertido en un referente tur\u00edstico del centro del pa\u00eds. La directora de [&hellip;]<\/p>\n","protected":false},"author":2,"featured_media":23196,"comment_status":"open","ping_status":"closed","sticky":false,"template":"","format":"standard","meta":{"footnotes":""},"categories":[17],"tags":[],"class_list":["post-23195","post","type-post","status-publish","format-standard","has-post-thumbnail","hentry","category-localesyregionales"],"yoast_head":"<!-- This site is optimized with the Yoast SEO plugin v27.5 - https:\/\/yoast.com\/product\/yoast-seo-wordpress\/ -->\n<title>La ciudad ofrecer\u00e1 un atractivo programa tur\u00edstico este verano - Canal 7 SLP - 2019<\/title>\n<meta name=\"robots\" content=\"index, follow, max-snippet:-1, max-image-preview:large, max-video-preview:-1\" \/>\n<link rel=\"canonical\" href=\"https:\/\/canal7slp.tv\/2019\/la-ciudad-ofrecera-un-atractivo-programa-turistico-este-verano\/\" \/>\n<meta property=\"og:locale\" content=\"es_ES\" \/>\n<meta property=\"og:type\" content=\"article\" \/>\n<meta property=\"og:title\" content=\"La ciudad ofrecer\u00e1 un atractivo programa tur\u00edstico este verano - Canal 7 SLP - 2019\" \/>\n<meta property=\"og:description\" content=\"SLP.- Ante la cercan\u00eda del periodo vacacional de verano, la direcci\u00f3n de Turismo municipal alista el programa de entretenimiento que ofrecer\u00e1 la ciudad a sus habitantes y a los turistas nacionales y extranjeros que se espera que visiten la capital, que se ha convertido en un referente tur\u00edstico del centro del pa\u00eds. La directora de [&hellip;]\" \/>\n<meta property=\"og:url\" content=\"https:\/\/canal7slp.tv\/2019\/la-ciudad-ofrecera-un-atractivo-programa-turistico-este-verano\/\" \/>\n<meta property=\"og:site_name\" content=\"Canal 7 SLP - 2019\" \/>\n<meta property=\"article:publisher\" content=\"https:\/\/www.facebook.com\/CANAL7SLP\/\" \/>\n<meta property=\"article:published_time\" content=\"2019-06-27T17:13:42+00:00\" \/>\n<meta property=\"article:modified_time\" content=\"2019-06-27T17:13:43+00:00\" \/>\n<meta property=\"og:image\" content=\"https:\/\/canal7slp.tv\/2019\/wp-content\/uploads\/2019\/06\/yara.jpg\" \/>\n\t<meta property=\"og:image:width\" content=\"750\" \/>\n\t<meta property=\"og:image:height\" content=\"499\" \/>\n\t<meta property=\"og:image:type\" content=\"image\/jpeg\" \/>\n<meta name=\"author\" content=\"edicionweb\" \/>\n<meta name=\"twitter:card\" content=\"summary_large_image\" \/>\n<meta name=\"twitter:creator\" content=\"@canal7_slp\" \/>\n<meta name=\"twitter:site\" content=\"@canal7_slp\" \/>\n<meta name=\"twitter:label1\" content=\"Escrito por\" \/>\n\t<meta name=\"twitter:data1\" content=\"edicionweb\" \/>\n\t<meta name=\"twitter:label2\" content=\"Tiempo de lectura\" \/>\n\t<meta name=\"twitter:data2\" content=\"2 minutos\" \/>\n<script type=\"application\/ld+json\" class=\"yoast-schema-graph\">{\"@context\":\"https:\\\/\\\/schema.org\",\"@graph\":[{\"@type\":\"Article\",\"@id\":\"https:\\\/\\\/canal7slp.tv\\\/2019\\\/la-ciudad-ofrecera-un-atractivo-programa-turistico-este-verano\\\/#article\",\"isPartOf\":{\"@id\":\"https:\\\/\\\/canal7slp.tv\\\/2019\\\/la-ciudad-ofrecera-un-atractivo-programa-turistico-este-verano\\\/\"},\"author\":{\"name\":\"edicionweb\",\"@id\":\"https:\\\/\\\/canal7slp.tv\\\/2019\\\/#\\\/schema\\\/person\\\/11d941c1c6ca30ac0a46b95fa37aa2e3\"},\"headline\":\"La ciudad ofrecer\u00e1 un atractivo programa tur\u00edstico este verano\",\"datePublished\":\"2019-06-27T17:13:42+00:00\",\"dateModified\":\"2019-06-27T17:13:43+00:00\",\"mainEntityOfPage\":{\"@id\":\"https:\\\/\\\/canal7slp.tv\\\/2019\\\/la-ciudad-ofrecera-un-atractivo-programa-turistico-este-verano\\\/\"},\"wordCount\":369,\"commentCount\":0,\"publisher\":{\"@id\":\"https:\\\/\\\/canal7slp.tv\\\/2019\\\/#organization\"},\"image\":{\"@id\":\"https:\\\/\\\/canal7slp.tv\\\/2019\\\/la-ciudad-ofrecera-un-atractivo-programa-turistico-este-verano\\\/#primaryimage\"},\"thumbnailUrl\":\"https:\\\/\\\/canal7slp.tv\\\/2019\\\/wp-content\\\/uploads\\\/2019\\\/06\\\/yara.jpg\",\"articleSection\":[\"LOCALES Y REGIONALES\"],\"inLanguage\":\"es\",\"potentialAction\":[{\"@type\":\"CommentAction\",\"name\":\"Comment\",\"target\":[\"https:\\\/\\\/canal7slp.tv\\\/2019\\\/la-ciudad-ofrecera-un-atractivo-programa-turistico-este-verano\\\/#respond\"]}]},{\"@type\":\"WebPage\",\"@id\":\"https:\\\/\\\/canal7slp.tv\\\/2019\\\/la-ciudad-ofrecera-un-atractivo-programa-turistico-este-verano\\\/\",\"url\":\"https:\\\/\\\/canal7slp.tv\\\/2019\\\/la-ciudad-ofrecera-un-atractivo-programa-turistico-este-verano\\\/\",\"name\":\"La ciudad ofrecer\u00e1 un atractivo programa tur\u00edstico este verano - Canal 7 SLP - 2019\",\"isPartOf\":{\"@id\":\"https:\\\/\\\/canal7slp.tv\\\/2019\\\/#website\"},\"primaryImageOfPage\":{\"@id\":\"https:\\\/\\\/canal7slp.tv\\\/2019\\\/la-ciudad-ofrecera-un-atractivo-programa-turistico-este-verano\\\/#primaryimage\"},\"image\":{\"@id\":\"https:\\\/\\\/canal7slp.tv\\\/2019\\\/la-ciudad-ofrecera-un-atractivo-programa-turistico-este-verano\\\/#primaryimage\"},\"thumbnailUrl\":\"https:\\\/\\\/canal7slp.tv\\\/2019\\\/wp-content\\\/uploads\\\/2019\\\/06\\\/yara.jpg\",\"datePublished\":\"2019-06-27T17:13:42+00:00\",\"dateModified\":\"2019-06-27T17:13:43+00:00\",\"breadcrumb\":{\"@id\":\"https:\\\/\\\/canal7slp.tv\\\/2019\\\/la-ciudad-ofrecera-un-atractivo-programa-turistico-este-verano\\\/#breadcrumb\"},\"inLanguage\":\"es\",\"potentialAction\":[{\"@type\":\"ReadAction\",\"target\":[\"https:\\\/\\\/canal7slp.tv\\\/2019\\\/la-ciudad-ofrecera-un-atractivo-programa-turistico-este-verano\\\/\"]}]},{\"@type\":\"ImageObject\",\"inLanguage\":\"es\",\"@id\":\"https:\\\/\\\/canal7slp.tv\\\/2019\\\/la-ciudad-ofrecera-un-atractivo-programa-turistico-este-verano\\\/#primaryimage\",\"url\":\"https:\\\/\\\/canal7slp.tv\\\/2019\\\/wp-content\\\/uploads\\\/2019\\\/06\\\/yara.jpg\",\"contentUrl\":\"https:\\\/\\\/canal7slp.tv\\\/2019\\\/wp-content\\\/uploads\\\/2019\\\/06\\\/yara.jpg\",\"width\":750,\"height\":499},{\"@type\":\"BreadcrumbList\",\"@id\":\"https:\\\/\\\/canal7slp.tv\\\/2019\\\/la-ciudad-ofrecera-un-atractivo-programa-turistico-este-verano\\\/#breadcrumb\",\"itemListElement\":[{\"@type\":\"ListItem\",\"position\":1,\"name\":\"Home\",\"item\":\"https:\\\/\\\/canal7slp.tv\\\/2019\\\/\"},{\"@type\":\"ListItem\",\"position\":2,\"name\":\"La ciudad ofrecer\u00e1 un atractivo programa tur\u00edstico este verano\"}]},{\"@type\":\"WebSite\",\"@id\":\"https:\\\/\\\/canal7slp.tv\\\/2019\\\/#website\",\"url\":\"https:\\\/\\\/canal7slp.tv\\\/2019\\\/\",\"name\":\"Canal 7 SLP - Somos TV\",\"description\":\"Somos un Canal de 10\",\"publisher\":{\"@id\":\"https:\\\/\\\/canal7slp.tv\\\/2019\\\/#organization\"},\"potentialAction\":[{\"@type\":\"SearchAction\",\"target\":{\"@type\":\"EntryPoint\",\"urlTemplate\":\"https:\\\/\\\/canal7slp.tv\\\/2019\\\/?s={search_term_string}\"},\"query-input\":{\"@type\":\"PropertyValueSpecification\",\"valueRequired\":true,\"valueName\":\"search_term_string\"}}],\"inLanguage\":\"es\"},{\"@type\":\"Organization\",\"@id\":\"https:\\\/\\\/canal7slp.tv\\\/2019\\\/#organization\",\"name\":\"Comunicaci\u00f3n 2000 S.A. de C.V.\",\"url\":\"https:\\\/\\\/canal7slp.tv\\\/2019\\\/\",\"logo\":{\"@type\":\"ImageObject\",\"inLanguage\":\"es\",\"@id\":\"https:\\\/\\\/canal7slp.tv\\\/2019\\\/#\\\/schema\\\/logo\\\/image\\\/\",\"url\":\"https:\\\/\\\/canal7slp.tv\\\/2019\\\/wp-content\\\/uploads\\\/2019\\\/07\\\/logo-c7.png\",\"contentUrl\":\"https:\\\/\\\/canal7slp.tv\\\/2019\\\/wp-content\\\/uploads\\\/2019\\\/07\\\/logo-c7.png\",\"width\":220,\"height\":60,\"caption\":\"Comunicaci\u00f3n 2000 S.A. de C.V.\"},\"image\":{\"@id\":\"https:\\\/\\\/canal7slp.tv\\\/2019\\\/#\\\/schema\\\/logo\\\/image\\\/\"},\"sameAs\":[\"https:\\\/\\\/www.facebook.com\\\/CANAL7SLP\\\/\",\"https:\\\/\\\/x.com\\\/canal7_slp\",\"https:\\\/\\\/www.instagram.com\\\/canal7_slp\",\"https:\\\/\\\/www.youtube.com\\\/user\\\/NOTICIEROSCANAL7SLP\\\/\"]},{\"@type\":\"Person\",\"@id\":\"https:\\\/\\\/canal7slp.tv\\\/2019\\\/#\\\/schema\\\/person\\\/11d941c1c6ca30ac0a46b95fa37aa2e3\",\"name\":\"edicionweb\",\"image\":{\"@type\":\"ImageObject\",\"inLanguage\":\"es\",\"@id\":\"https:\\\/\\\/secure.gravatar.com\\\/avatar\\\/eee448fc3f7164808013b816ba91ac7e43bbe82a70bebac296f8bc6f0addaa1a?s=96&d=mm&r=g\",\"url\":\"https:\\\/\\\/secure.gravatar.com\\\/avatar\\\/eee448fc3f7164808013b816ba91ac7e43bbe82a70bebac296f8bc6f0addaa1a?s=96&d=mm&r=g\",\"contentUrl\":\"https:\\\/\\\/secure.gravatar.com\\\/avatar\\\/eee448fc3f7164808013b816ba91ac7e43bbe82a70bebac296f8bc6f0addaa1a?s=96&d=mm&r=g\",\"caption\":\"edicionweb\"}}]}<\/script>\n<!-- \/ Yoast SEO plugin. -->","yoast_head_json":{"title":"La ciudad ofrecer\u00e1 un atractivo programa tur\u00edstico este verano - Canal 7 SLP - 2019","robots":{"index":"index","follow":"follow","max-snippet":"max-snippet:-1","max-image-preview":"max-image-preview:large","max-video-preview":"max-video-preview:-1"},"canonical":"https:\/\/canal7slp.tv\/2019\/la-ciudad-ofrecera-un-atractivo-programa-turistico-este-verano\/","og_locale":"es_ES","og_type":"article","og_title":"La ciudad ofrecer\u00e1 un atractivo programa tur\u00edstico este verano - Canal 7 SLP - 2019","og_description":"SLP.- Ante la cercan\u00eda del periodo vacacional de verano, la direcci\u00f3n de Turismo municipal alista el programa de entretenimiento que ofrecer\u00e1 la ciudad a sus habitantes y a los turistas nacionales y extranjeros que se espera que visiten la capital, que se ha convertido en un referente tur\u00edstico del centro del pa\u00eds. La directora de [&hellip;]","og_url":"https:\/\/canal7slp.tv\/2019\/la-ciudad-ofrecera-un-atractivo-programa-turistico-este-verano\/","og_site_name":"Canal 7 SLP - 2019","article_publisher":"https:\/\/www.facebook.com\/CANAL7SLP\/","article_published_time":"2019-06-27T17:13:42+00:00","article_modified_time":"2019-06-27T17:13:43+00:00","og_image":[{"width":750,"height":499,"url":"https:\/\/canal7slp.tv\/2019\/wp-content\/uploads\/2019\/06\/yara.jpg","type":"image\/jpeg"}],"author":"edicionweb","twitter_card":"summary_large_image","twitter_creator":"@canal7_slp","twitter_site":"@canal7_slp","twitter_misc":{"Escrito por":"edicionweb","Tiempo de lectura":"2 minutos"},"schema":{"@context":"https:\/\/schema.org","@graph":[{"@type":"Article","@id":"https:\/\/canal7slp.tv\/2019\/la-ciudad-ofrecera-un-atractivo-programa-turistico-este-verano\/#article","isPartOf":{"@id":"https:\/\/canal7slp.tv\/2019\/la-ciudad-ofrecera-un-atractivo-programa-turistico-este-verano\/"},"author":{"name":"edicionweb","@id":"https:\/\/canal7slp.tv\/2019\/#\/schema\/person\/11d941c1c6ca30ac0a46b95fa37aa2e3"},"headline":"La ciudad ofrecer\u00e1 un atractivo programa tur\u00edstico este verano","datePublished":"2019-06-27T17:13:42+00:00","dateModified":"2019-06-27T17:13:43+00:00","mainEntityOfPage":{"@id":"https:\/\/canal7slp.tv\/2019\/la-ciudad-ofrecera-un-atractivo-programa-turistico-este-verano\/"},"wordCount":369,"commentCount":0,"publisher":{"@id":"https:\/\/canal7slp.tv\/2019\/#organization"},"image":{"@id":"https:\/\/canal7slp.tv\/2019\/la-ciudad-ofrecera-un-atractivo-programa-turistico-este-verano\/#primaryimage"},"thumbnailUrl":"https:\/\/canal7slp.tv\/2019\/wp-content\/uploads\/2019\/06\/yara.jpg","articleSection":["LOCALES Y REGIONALES"],"inLanguage":"es","potentialAction":[{"@type":"CommentAction","name":"Comment","target":["https:\/\/canal7slp.tv\/2019\/la-ciudad-ofrecera-un-atractivo-programa-turistico-este-verano\/#respond"]}]},{"@type":"WebPage","@id":"https:\/\/canal7slp.tv\/2019\/la-ciudad-ofrecera-un-atractivo-programa-turistico-este-verano\/","url":"https:\/\/canal7slp.tv\/2019\/la-ciudad-ofrecera-un-atractivo-programa-turistico-este-verano\/","name":"La ciudad ofrecer\u00e1 un atractivo programa tur\u00edstico este verano - Canal 7 SLP - 2019","isPartOf":{"@id":"https:\/\/canal7slp.tv\/2019\/#website"},"primaryImageOfPage":{"@id":"https:\/\/canal7slp.tv\/2019\/la-ciudad-ofrecera-un-atractivo-programa-turistico-este-verano\/#primaryimage"},"image":{"@id":"https:\/\/canal7slp.tv\/2019\/la-ciudad-ofrecera-un-atractivo-programa-turistico-este-verano\/#primaryimage"},"thumbnailUrl":"https:\/\/canal7slp.tv\/2019\/wp-content\/uploads\/2019\/06\/yara.jpg","datePublished":"2019-06-27T17:13:42+00:00","dateModified":"2019-06-27T17:13:43+00:00","breadcrumb":{"@id":"https:\/\/canal7slp.tv\/2019\/la-ciudad-ofrecera-un-atractivo-programa-turistico-este-verano\/#breadcrumb"},"inLanguage":"es","potentialAction":[{"@type":"ReadAction","target":["https:\/\/canal7slp.tv\/2019\/la-ciudad-ofrecera-un-atractivo-programa-turistico-este-verano\/"]}]},{"@type":"ImageObject","inLanguage":"es","@id":"https:\/\/canal7slp.tv\/2019\/la-ciudad-ofrecera-un-atractivo-programa-turistico-este-verano\/#primaryimage","url":"https:\/\/canal7slp.tv\/2019\/wp-content\/uploads\/2019\/06\/yara.jpg","contentUrl":"https:\/\/canal7slp.tv\/2019\/wp-content\/uploads\/2019\/06\/yara.jpg","width":750,"height":499},{"@type":"BreadcrumbList","@id":"https:\/\/canal7slp.tv\/2019\/la-ciudad-ofrecera-un-atractivo-programa-turistico-este-verano\/#breadcrumb","itemListElement":[{"@type":"ListItem","position":1,"name":"Home","item":"https:\/\/canal7slp.tv\/2019\/"},{"@type":"ListItem","position":2,"name":"La ciudad ofrecer\u00e1 un atractivo programa tur\u00edstico este verano"}]},{"@type":"WebSite","@id":"https:\/\/canal7slp.tv\/2019\/#website","url":"https:\/\/canal7slp.tv\/2019\/","name":"Canal 7 SLP - Somos TV","description":"Somos un Canal de 10","publisher":{"@id":"https:\/\/canal7slp.tv\/2019\/#organization"},"potentialAction":[{"@type":"SearchAction","target":{"@type":"EntryPoint","urlTemplate":"https:\/\/canal7slp.tv\/2019\/?s={search_term_string}"},"query-input":{"@type":"PropertyValueSpecification","valueRequired":true,"valueName":"search_term_string"}}],"inLanguage":"es"},{"@type":"Organization","@id":"https:\/\/canal7slp.tv\/2019\/#organization","name":"Comunicaci\u00f3n 2000 S.A. de C.V.","url":"https:\/\/canal7slp.tv\/2019\/","logo":{"@type":"ImageObject","inLanguage":"es","@id":"https:\/\/canal7slp.tv\/2019\/#\/schema\/logo\/image\/","url":"https:\/\/canal7slp.tv\/2019\/wp-content\/uploads\/2019\/07\/logo-c7.png","contentUrl":"https:\/\/canal7slp.tv\/2019\/wp-content\/uploads\/2019\/07\/logo-c7.png","width":220,"height":60,"caption":"Comunicaci\u00f3n 2000 S.A. de C.V."},"image":{"@id":"https:\/\/canal7slp.tv\/2019\/#\/schema\/logo\/image\/"},"sameAs":["https:\/\/www.facebook.com\/CANAL7SLP\/","https:\/\/x.com\/canal7_slp","https:\/\/www.instagram.com\/canal7_slp","https:\/\/www.youtube.com\/user\/NOTICIEROSCANAL7SLP\/"]},{"@type":"Person","@id":"https:\/\/canal7slp.tv\/2019\/#\/schema\/person\/11d941c1c6ca30ac0a46b95fa37aa2e3","name":"edicionweb","image":{"@type":"ImageObject","inLanguage":"es","@id":"https:\/\/secure.gravatar.com\/avatar\/eee448fc3f7164808013b816ba91ac7e43bbe82a70bebac296f8bc6f0addaa1a?s=96&d=mm&r=g","url":"https:\/\/secure.gravatar.com\/avatar\/eee448fc3f7164808013b816ba91ac7e43bbe82a70bebac296f8bc6f0addaa1a?s=96&d=mm&r=g","contentUrl":"https:\/\/secure.gravatar.com\/avatar\/eee448fc3f7164808013b816ba91ac7e43bbe82a70bebac296f8bc6f0addaa1a?s=96&d=mm&r=g","caption":"edicionweb"}}]}},"amp_enabled":true,"cmb2":{"video_ids_in_playlist":{"vid_p_videos":""},"video_ids_in_channel":{"vid_c_videos":""},"playlist_ids_in_channel":{"vid_c_playlists":""},"series_ids_in_channel":{"vid_c_series":""},"channel_images":{"vid_c_logo":"","vid_c_banner":""},"poster_feature_image":{"vid_m_poster_image":""},"gif_feature_image":{"vid_m_gif_image":""},"video_movie_settings":{"vid_m_director":"","vid_m_actor":"","vid_m_imdb_ratings":"","vid_m_amazon_associates":""},"vid_youtube_broadcasts_settings":{"vid_yb_broadcast_title":"","vid_yb_q":"","vid_yb_channelid":"","vid_yb_videocategoryid":"","vid_yb_maxresults":"","vid_yb_order":"","vid_yb_regioncode":"","vid_yb_videosyndicated":"","vid_yb_style":"","vid_yb_reload_first":""},"video_series_settings":{"vid_m_director":"","vid_m_actor":"","vid_m_imdb_ratings":"","video_series_group":""},"amazon_associates_settings":{"amazon_associates":"","amazon_native_ad":""},"vid_youtube_automatic_settings":{"vid_ya_youtube_source":"","vid_ya_update_every":"","vid_ya_update_unit":"","vid_ya_categories":"","vid_ya_published_after":"","vid_ya_published_before":"","vid_ya_playlists":"","vid_ya_channels":"","vid_ya_director":"","vid_ya_actor":"","vid_ya_author":"","vid_ya_import_post_date":"","vid_ya_status":"","vid_ya_sub_api_key":""},"vid_ads_m_videoads_settings_post":{"vid_ads_m_video_ads":"","vid_ads_m_video_ads_type":"","vid_ads_m_group_google_ima":"","vid_ads_m_group_image":"","vid_ads_m_group_html5_video":"","vid_ads_m_group_html":"","vid_ads_m_vast_preroll":"","vid_ads_m_vast_postroll":"","vid_ads_m_vast_pauseroll":"","vid_ads_m_vast_midroll":[{"vid_ads_m_vast_timer_seconds":"50"}],"vid_ads_m_time_to_show_ads":"","vid_ads_m_time_skip_ads":"","vid_ads_m_time_to_hide_ads":""},"page_slider_settings":{"display_slider_group":"","page_slider_group":""},"blog_page_settings":{"blog_page_title":"","blog_page_heading":"","blog_page_ic":"","blog_page_it":"","blog_page_ec":"","blog_page_ip":"","archive_loop_style":"","blog_image_ratio":"","blog_show_categories":"","blog_show_excerpt":"","blog_show_author":"","blog_show_date":"","blog_show_comment_count":"","blog_show_view_count":"","blog_show_like_count":"","blog_show_dislike_count":"","blog_items_per_page":"","blog_pag_type":""},"page_options":{"get_page_template":"","color_mode":"","main_layout":"","main_layout_full_with":"","main_logo":"","main_logo_retina":"","main_logo_mobile":"","main_logo_mobile_retina":"","sticky_logo":"","sticky_logo_retina":"","main_nav_layout":"","ajax_search":"","header_background":"","theme_sidebar":"","instagram_feed":"","instagram_feed_position":"","popular_videos":"","popular_videos_title_1":"","popular_videos_title_2":"","popular_videos_ic":"","popular_videos_it":"","theme_background":"","page_custom_css":""},"feature_image_settings":{"feature_image_position":""},"video_player_settings":{"single_video_style":"","video_player_position":"","vm_video_url":"","video_player_library":"","video_streaming":"","vm_media_sources":"","vid_auto_play":"","vm_video_shortcode":"","vid_p_sync_playlist":"","vid_c_sync_channel":"","get_post_format":"","multiple_links_structure":"default","multi_links_title":"","vm_video_multi_links":"","vm_duration":"","vid_social_locker":"off","vid_social_locker_id":"","vid_membership_action":"content-video","vm_video_trailer_url":"","vid_download_type":"free","vid_download_target":"download","vid_woo_product":"","vm_media_download":"","user_rating":"","user_rating_position":"","user_rating_mode":"","user_rating_multi_sets":""},"video_auto_fetch_settings":{"vm_video_fetch":"on"},"video_fake_views_likes":{"vm_fake_views":"","vm_fake_likes":"","vm_fake_dislikes":""},"gallery_settings":{"gallery_position":""},"quote_settings":{"quote_position":""},"post_options":{"main_layout":"","main_logo":"","main_logo_retina":"","main_logo_mobile":"","main_logo_mobile_retina":"","sticky_logo":"","sticky_logo_retina":"","main_nav_layout":"","header_background":"","theme_sidebar":"","single_post_comment_type":"","theme_background":""}},"_links":{"self":[{"href":"https:\/\/canal7slp.tv\/2019\/wp-json\/wp\/v2\/posts\/23195","targetHints":{"allow":["GET"]}}],"collection":[{"href":"https:\/\/canal7slp.tv\/2019\/wp-json\/wp\/v2\/posts"}],"about":[{"href":"https:\/\/canal7slp.tv\/2019\/wp-json\/wp\/v2\/types\/post"}],"author":[{"embeddable":true,"href":"https:\/\/canal7slp.tv\/2019\/wp-json\/wp\/v2\/users\/2"}],"replies":[{"embeddable":true,"href":"https:\/\/canal7slp.tv\/2019\/wp-json\/wp\/v2\/comments?post=23195"}],"version-history":[{"count":0,"href":"https:\/\/canal7slp.tv\/2019\/wp-json\/wp\/v2\/posts\/23195\/revisions"}],"wp:featuredmedia":[{"embeddable":true,"href":"https:\/\/canal7slp.tv\/2019\/wp-json\/wp\/v2\/media\/23196"}],"wp:attachment":[{"href":"https:\/\/canal7slp.tv\/2019\/wp-json\/wp\/v2\/media?parent=23195"}],"wp:term":[{"taxonomy":"category","embeddable":true,"href":"https:\/\/canal7slp.tv\/2019\/wp-json\/wp\/v2\/categories?post=23195"},{"taxonomy":"post_tag","embeddable":true,"href":"https:\/\/canal7slp.tv\/2019\/wp-json\/wp\/v2\/tags?post=23195"}],"curies":[{"name":"wp","href":"https:\/\/api.w.org\/{rel}","templated":true}]}}