{"id":23152,"date":"2019-06-27T09:14:41","date_gmt":"2019-06-27T14:14:41","guid":{"rendered":"https:\/\/canal7slp.tv\/2019\/?p=23152"},"modified":"2019-06-27T09:14:41","modified_gmt":"2019-06-27T14:14:41","slug":"miguel-herrera-quedaria-contento-con-actual-plantel-americanista","status":"publish","type":"post","link":"https:\/\/canal7slp.tv\/2019\/miguel-herrera-quedaria-contento-con-actual-plantel-americanista\/","title":{"rendered":"Miguel Herrera quedar\u00eda contento con actual plantel americanista"},"content":{"rendered":"<p>M\u00e9xico.- El t\u00e9cnico del equipo de futbol Am\u00e9rica, Miguel Herrera, dej\u00f3 en claro que quedar\u00e1 muy satisfecho si se mantiene la plantilla con la que cuenta en este momento para enfrentar el Torneo Apertura 2019 de la Liga MX, sin importar si no llegan m\u00e1s refuerzos.<\/p>\n<p>\u201cSi el equipo se queda igual que como est\u00e1 me deja muy contento; el equipo est\u00e1 muy fuerte, el a\u00f1o pasado tuvimos un a\u00f1o muy bueno porque ganamos dos torneos de tres que competimos y en uno nos quedamos fuera por la posici\u00f3n en la tabla. Creo que tenemos un gran plantel\u201d, dijo.<\/p>\n<p>Entrevistado a su llegada de Canc\u00fan, Quintana Roo, luego del trabajo de playa que realizaron, el estratega explic\u00f3 que el volante colombiano Nicol\u00e1s Benedetti est\u00e1 incorporado y muy cerca de recuperarse por completo de la fractura que sufri\u00f3 en el quinto metatarsiano. \u201cRecuperamos a Benedetti, ya trabaja casi al cien por ciento, le falta un poco de golpeo de pelota, pero va bien en su proceso, f\u00edsicamente lo vi muy bien.<\/p>\n<p>Lleg\u00f3 Jorge S\u00e1nchez, ya trabaj\u00f3 todo, hoy le peg\u00f3 a la pelota, pr\u00e1cticamente est\u00e1 bien\u201d. Agreg\u00f3 que Sebasti\u00e1n C\u00f3rdova \u201ctambi\u00e9n ya est\u00e1, ven\u00eda de la Sub 21, entonces creo que estamos completando el equipo y cada d\u00eda lo veo mejor\u201d.<\/p>\n<p>Respecto a la llegada del mediocampista Fernando Gonz\u00e1lez explic\u00f3 que es un elemento al que le hab\u00edan dado seguimiento y es una manera de cubrirse en caso de que se concrete la salida de Edson \u00c1lvarez a Europa.<\/p>\n<p>\u201cLa verdad es un jugador que nos ha llamado la atenci\u00f3n desde hace rato, es un tipo joven, mexicano, que puede cumplir&#8230; que no nos agarren con las manos entre la puerta si Edson sale, y si se queda generamos competencia en la media cancha\u201d, acot\u00f3. Indic\u00f3 que la salida de Edson se da por hecho de acuerdo a los medios de comunicaci\u00f3n, \u201cpero no hay una oferta formal, lo que me ha dicho Santiago (Ba\u00f1os) es que no hay nada seguro, pero no queremos que nos agarre as\u00ed\u201d.<\/p>\n<p>\u201cSabemos que en Europa los fichajes se cierran m\u00e1s tarde y que obviamente se van con calma ellos, no vaya a ser el d\u00eda de ma\u00f1ana que vengan y no tengamos nada, entonces cobremos un poco esa parte\u201d, estableci\u00f3.<\/p>\n<p>Sobre el volante Renato Ibarra explic\u00f3 que se integrar\u00e1 a los trabajos de pretemporada en Nueva York. \u201cTenemos el reporte m\u00e9dico de selecci\u00f3n, era un golpe, pero al final de cuentas est\u00e1 listo y se incorporar\u00e1, les daremos los 10 d\u00edas de vacaciones y luego se incorpora en Nueva York\u201d, abund\u00f3.<\/p>\n<p>Asimismo, acept\u00f3 que no le gustar\u00eda que el argentino Guido Rodr\u00edguez o los colombianos Mateus Uribe o Roger Mart\u00ednez salieran del equipo, aunque existe una cl\u00e1usula de recisi\u00f3n y quien quiera pagarla puede tener la posibilidad de acceder a ellos. -Fin de nota-<\/p>\n","protected":false},"excerpt":{"rendered":"<p>M\u00e9xico.- El t\u00e9cnico del equipo de futbol Am\u00e9rica, Miguel Herrera, dej\u00f3 en claro que quedar\u00e1 muy satisfecho si se mantiene la plantilla con la que cuenta en este momento para enfrentar el Torneo Apertura 2019 de la Liga MX, sin importar si no llegan m\u00e1s refuerzos. \u201cSi el equipo se queda igual que como est\u00e1 [&hellip;]<\/p>\n","protected":false},"author":2,"featured_media":23153,"comment_status":"open","ping_status":"closed","sticky":false,"template":"","format":"standard","meta":{"footnotes":""},"categories":[96],"tags":[],"class_list":["post-23152","post","type-post","status-publish","format-standard","has-post-thumbnail","hentry","category-deportes"],"yoast_head":"<!-- This site is optimized with the Yoast SEO plugin v27.5 - https:\/\/yoast.com\/product\/yoast-seo-wordpress\/ -->\n<title>Miguel Herrera quedar\u00eda contento con actual plantel americanista - Canal 7 SLP - 2019<\/title>\n<meta name=\"robots\" content=\"index, follow, max-snippet:-1, max-image-preview:large, max-video-preview:-1\" \/>\n<link rel=\"canonical\" href=\"https:\/\/canal7slp.tv\/2019\/miguel-herrera-quedaria-contento-con-actual-plantel-americanista\/\" \/>\n<meta property=\"og:locale\" content=\"es_ES\" \/>\n<meta property=\"og:type\" content=\"article\" \/>\n<meta property=\"og:title\" content=\"Miguel Herrera quedar\u00eda contento con actual plantel americanista - Canal 7 SLP - 2019\" \/>\n<meta property=\"og:description\" content=\"M\u00e9xico.- El t\u00e9cnico del equipo de futbol Am\u00e9rica, Miguel Herrera, dej\u00f3 en claro que quedar\u00e1 muy satisfecho si se mantiene la plantilla con la que cuenta en este momento para enfrentar el Torneo Apertura 2019 de la Liga MX, sin importar si no llegan m\u00e1s refuerzos. \u201cSi el equipo se queda igual que como est\u00e1 [&hellip;]\" \/>\n<meta property=\"og:url\" content=\"https:\/\/canal7slp.tv\/2019\/miguel-herrera-quedaria-contento-con-actual-plantel-americanista\/\" \/>\n<meta property=\"og:site_name\" content=\"Canal 7 SLP - 2019\" \/>\n<meta property=\"article:publisher\" content=\"https:\/\/www.facebook.com\/CANAL7SLP\/\" \/>\n<meta property=\"article:published_time\" content=\"2019-06-27T14:14:41+00:00\" \/>\n<meta property=\"og:image\" content=\"https:\/\/canal7slp.tv\/2019\/wp-content\/uploads\/2019\/06\/950-16.jpg\" \/>\n\t<meta property=\"og:image:width\" content=\"720\" \/>\n\t<meta property=\"og:image:height\" content=\"410\" \/>\n\t<meta property=\"og:image:type\" content=\"image\/jpeg\" \/>\n<meta name=\"author\" content=\"edicionweb\" \/>\n<meta name=\"twitter:card\" content=\"summary_large_image\" \/>\n<meta name=\"twitter:creator\" content=\"@canal7_slp\" \/>\n<meta name=\"twitter:site\" content=\"@canal7_slp\" \/>\n<meta name=\"twitter:label1\" content=\"Escrito por\" \/>\n\t<meta name=\"twitter:data1\" content=\"edicionweb\" \/>\n\t<meta name=\"twitter:label2\" content=\"Tiempo de lectura\" \/>\n\t<meta name=\"twitter:data2\" content=\"3 minutos\" \/>\n<script type=\"application\/ld+json\" class=\"yoast-schema-graph\">{\"@context\":\"https:\\\/\\\/schema.org\",\"@graph\":[{\"@type\":\"Article\",\"@id\":\"https:\\\/\\\/canal7slp.tv\\\/2019\\\/miguel-herrera-quedaria-contento-con-actual-plantel-americanista\\\/#article\",\"isPartOf\":{\"@id\":\"https:\\\/\\\/canal7slp.tv\\\/2019\\\/miguel-herrera-quedaria-contento-con-actual-plantel-americanista\\\/\"},\"author\":{\"name\":\"edicionweb\",\"@id\":\"https:\\\/\\\/canal7slp.tv\\\/2019\\\/#\\\/schema\\\/person\\\/11d941c1c6ca30ac0a46b95fa37aa2e3\"},\"headline\":\"Miguel Herrera quedar\u00eda contento con actual plantel americanista\",\"datePublished\":\"2019-06-27T14:14:41+00:00\",\"mainEntityOfPage\":{\"@id\":\"https:\\\/\\\/canal7slp.tv\\\/2019\\\/miguel-herrera-quedaria-contento-con-actual-plantel-americanista\\\/\"},\"wordCount\":510,\"commentCount\":0,\"publisher\":{\"@id\":\"https:\\\/\\\/canal7slp.tv\\\/2019\\\/#organization\"},\"image\":{\"@id\":\"https:\\\/\\\/canal7slp.tv\\\/2019\\\/miguel-herrera-quedaria-contento-con-actual-plantel-americanista\\\/#primaryimage\"},\"thumbnailUrl\":\"https:\\\/\\\/canal7slp.tv\\\/2019\\\/wp-content\\\/uploads\\\/2019\\\/06\\\/950-16.jpg\",\"articleSection\":[\"DEPORTES\"],\"inLanguage\":\"es\",\"potentialAction\":[{\"@type\":\"CommentAction\",\"name\":\"Comment\",\"target\":[\"https:\\\/\\\/canal7slp.tv\\\/2019\\\/miguel-herrera-quedaria-contento-con-actual-plantel-americanista\\\/#respond\"]}]},{\"@type\":\"WebPage\",\"@id\":\"https:\\\/\\\/canal7slp.tv\\\/2019\\\/miguel-herrera-quedaria-contento-con-actual-plantel-americanista\\\/\",\"url\":\"https:\\\/\\\/canal7slp.tv\\\/2019\\\/miguel-herrera-quedaria-contento-con-actual-plantel-americanista\\\/\",\"name\":\"Miguel Herrera quedar\u00eda contento con actual plantel americanista - Canal 7 SLP - 2019\",\"isPartOf\":{\"@id\":\"https:\\\/\\\/canal7slp.tv\\\/2019\\\/#website\"},\"primaryImageOfPage\":{\"@id\":\"https:\\\/\\\/canal7slp.tv\\\/2019\\\/miguel-herrera-quedaria-contento-con-actual-plantel-americanista\\\/#primaryimage\"},\"image\":{\"@id\":\"https:\\\/\\\/canal7slp.tv\\\/2019\\\/miguel-herrera-quedaria-contento-con-actual-plantel-americanista\\\/#primaryimage\"},\"thumbnailUrl\":\"https:\\\/\\\/canal7slp.tv\\\/2019\\\/wp-content\\\/uploads\\\/2019\\\/06\\\/950-16.jpg\",\"datePublished\":\"2019-06-27T14:14:41+00:00\",\"breadcrumb\":{\"@id\":\"https:\\\/\\\/canal7slp.tv\\\/2019\\\/miguel-herrera-quedaria-contento-con-actual-plantel-americanista\\\/#breadcrumb\"},\"inLanguage\":\"es\",\"potentialAction\":[{\"@type\":\"ReadAction\",\"target\":[\"https:\\\/\\\/canal7slp.tv\\\/2019\\\/miguel-herrera-quedaria-contento-con-actual-plantel-americanista\\\/\"]}]},{\"@type\":\"ImageObject\",\"inLanguage\":\"es\",\"@id\":\"https:\\\/\\\/canal7slp.tv\\\/2019\\\/miguel-herrera-quedaria-contento-con-actual-plantel-americanista\\\/#primaryimage\",\"url\":\"https:\\\/\\\/canal7slp.tv\\\/2019\\\/wp-content\\\/uploads\\\/2019\\\/06\\\/950-16.jpg\",\"contentUrl\":\"https:\\\/\\\/canal7slp.tv\\\/2019\\\/wp-content\\\/uploads\\\/2019\\\/06\\\/950-16.jpg\",\"width\":720,\"height\":410},{\"@type\":\"BreadcrumbList\",\"@id\":\"https:\\\/\\\/canal7slp.tv\\\/2019\\\/miguel-herrera-quedaria-contento-con-actual-plantel-americanista\\\/#breadcrumb\",\"itemListElement\":[{\"@type\":\"ListItem\",\"position\":1,\"name\":\"Home\",\"item\":\"https:\\\/\\\/canal7slp.tv\\\/2019\\\/\"},{\"@type\":\"ListItem\",\"position\":2,\"name\":\"Miguel Herrera quedar\u00eda contento con actual plantel americanista\"}]},{\"@type\":\"WebSite\",\"@id\":\"https:\\\/\\\/canal7slp.tv\\\/2019\\\/#website\",\"url\":\"https:\\\/\\\/canal7slp.tv\\\/2019\\\/\",\"name\":\"Canal 7 SLP - Somos TV\",\"description\":\"Somos un Canal de 10\",\"publisher\":{\"@id\":\"https:\\\/\\\/canal7slp.tv\\\/2019\\\/#organization\"},\"potentialAction\":[{\"@type\":\"SearchAction\",\"target\":{\"@type\":\"EntryPoint\",\"urlTemplate\":\"https:\\\/\\\/canal7slp.tv\\\/2019\\\/?s={search_term_string}\"},\"query-input\":{\"@type\":\"PropertyValueSpecification\",\"valueRequired\":true,\"valueName\":\"search_term_string\"}}],\"inLanguage\":\"es\"},{\"@type\":\"Organization\",\"@id\":\"https:\\\/\\\/canal7slp.tv\\\/2019\\\/#organization\",\"name\":\"Comunicaci\u00f3n 2000 S.A. de C.V.\",\"url\":\"https:\\\/\\\/canal7slp.tv\\\/2019\\\/\",\"logo\":{\"@type\":\"ImageObject\",\"inLanguage\":\"es\",\"@id\":\"https:\\\/\\\/canal7slp.tv\\\/2019\\\/#\\\/schema\\\/logo\\\/image\\\/\",\"url\":\"https:\\\/\\\/canal7slp.tv\\\/2019\\\/wp-content\\\/uploads\\\/2019\\\/07\\\/logo-c7.png\",\"contentUrl\":\"https:\\\/\\\/canal7slp.tv\\\/2019\\\/wp-content\\\/uploads\\\/2019\\\/07\\\/logo-c7.png\",\"width\":220,\"height\":60,\"caption\":\"Comunicaci\u00f3n 2000 S.A. de C.V.\"},\"image\":{\"@id\":\"https:\\\/\\\/canal7slp.tv\\\/2019\\\/#\\\/schema\\\/logo\\\/image\\\/\"},\"sameAs\":[\"https:\\\/\\\/www.facebook.com\\\/CANAL7SLP\\\/\",\"https:\\\/\\\/x.com\\\/canal7_slp\",\"https:\\\/\\\/www.instagram.com\\\/canal7_slp\",\"https:\\\/\\\/www.youtube.com\\\/user\\\/NOTICIEROSCANAL7SLP\\\/\"]},{\"@type\":\"Person\",\"@id\":\"https:\\\/\\\/canal7slp.tv\\\/2019\\\/#\\\/schema\\\/person\\\/11d941c1c6ca30ac0a46b95fa37aa2e3\",\"name\":\"edicionweb\",\"image\":{\"@type\":\"ImageObject\",\"inLanguage\":\"es\",\"@id\":\"https:\\\/\\\/secure.gravatar.com\\\/avatar\\\/eee448fc3f7164808013b816ba91ac7e43bbe82a70bebac296f8bc6f0addaa1a?s=96&d=mm&r=g\",\"url\":\"https:\\\/\\\/secure.gravatar.com\\\/avatar\\\/eee448fc3f7164808013b816ba91ac7e43bbe82a70bebac296f8bc6f0addaa1a?s=96&d=mm&r=g\",\"contentUrl\":\"https:\\\/\\\/secure.gravatar.com\\\/avatar\\\/eee448fc3f7164808013b816ba91ac7e43bbe82a70bebac296f8bc6f0addaa1a?s=96&d=mm&r=g\",\"caption\":\"edicionweb\"}}]}<\/script>\n<!-- \/ Yoast SEO plugin. -->","yoast_head_json":{"title":"Miguel Herrera quedar\u00eda contento con actual plantel americanista - Canal 7 SLP - 2019","robots":{"index":"index","follow":"follow","max-snippet":"max-snippet:-1","max-image-preview":"max-image-preview:large","max-video-preview":"max-video-preview:-1"},"canonical":"https:\/\/canal7slp.tv\/2019\/miguel-herrera-quedaria-contento-con-actual-plantel-americanista\/","og_locale":"es_ES","og_type":"article","og_title":"Miguel Herrera quedar\u00eda contento con actual plantel americanista - Canal 7 SLP - 2019","og_description":"M\u00e9xico.- El t\u00e9cnico del equipo de futbol Am\u00e9rica, Miguel Herrera, dej\u00f3 en claro que quedar\u00e1 muy satisfecho si se mantiene la plantilla con la que cuenta en este momento para enfrentar el Torneo Apertura 2019 de la Liga MX, sin importar si no llegan m\u00e1s refuerzos. \u201cSi el equipo se queda igual que como est\u00e1 [&hellip;]","og_url":"https:\/\/canal7slp.tv\/2019\/miguel-herrera-quedaria-contento-con-actual-plantel-americanista\/","og_site_name":"Canal 7 SLP - 2019","article_publisher":"https:\/\/www.facebook.com\/CANAL7SLP\/","article_published_time":"2019-06-27T14:14:41+00:00","og_image":[{"width":720,"height":410,"url":"https:\/\/canal7slp.tv\/2019\/wp-content\/uploads\/2019\/06\/950-16.jpg","type":"image\/jpeg"}],"author":"edicionweb","twitter_card":"summary_large_image","twitter_creator":"@canal7_slp","twitter_site":"@canal7_slp","twitter_misc":{"Escrito por":"edicionweb","Tiempo de lectura":"3 minutos"},"schema":{"@context":"https:\/\/schema.org","@graph":[{"@type":"Article","@id":"https:\/\/canal7slp.tv\/2019\/miguel-herrera-quedaria-contento-con-actual-plantel-americanista\/#article","isPartOf":{"@id":"https:\/\/canal7slp.tv\/2019\/miguel-herrera-quedaria-contento-con-actual-plantel-americanista\/"},"author":{"name":"edicionweb","@id":"https:\/\/canal7slp.tv\/2019\/#\/schema\/person\/11d941c1c6ca30ac0a46b95fa37aa2e3"},"headline":"Miguel Herrera quedar\u00eda contento con actual plantel americanista","datePublished":"2019-06-27T14:14:41+00:00","mainEntityOfPage":{"@id":"https:\/\/canal7slp.tv\/2019\/miguel-herrera-quedaria-contento-con-actual-plantel-americanista\/"},"wordCount":510,"commentCount":0,"publisher":{"@id":"https:\/\/canal7slp.tv\/2019\/#organization"},"image":{"@id":"https:\/\/canal7slp.tv\/2019\/miguel-herrera-quedaria-contento-con-actual-plantel-americanista\/#primaryimage"},"thumbnailUrl":"https:\/\/canal7slp.tv\/2019\/wp-content\/uploads\/2019\/06\/950-16.jpg","articleSection":["DEPORTES"],"inLanguage":"es","potentialAction":[{"@type":"CommentAction","name":"Comment","target":["https:\/\/canal7slp.tv\/2019\/miguel-herrera-quedaria-contento-con-actual-plantel-americanista\/#respond"]}]},{"@type":"WebPage","@id":"https:\/\/canal7slp.tv\/2019\/miguel-herrera-quedaria-contento-con-actual-plantel-americanista\/","url":"https:\/\/canal7slp.tv\/2019\/miguel-herrera-quedaria-contento-con-actual-plantel-americanista\/","name":"Miguel Herrera quedar\u00eda contento con actual plantel americanista - Canal 7 SLP - 2019","isPartOf":{"@id":"https:\/\/canal7slp.tv\/2019\/#website"},"primaryImageOfPage":{"@id":"https:\/\/canal7slp.tv\/2019\/miguel-herrera-quedaria-contento-con-actual-plantel-americanista\/#primaryimage"},"image":{"@id":"https:\/\/canal7slp.tv\/2019\/miguel-herrera-quedaria-contento-con-actual-plantel-americanista\/#primaryimage"},"thumbnailUrl":"https:\/\/canal7slp.tv\/2019\/wp-content\/uploads\/2019\/06\/950-16.jpg","datePublished":"2019-06-27T14:14:41+00:00","breadcrumb":{"@id":"https:\/\/canal7slp.tv\/2019\/miguel-herrera-quedaria-contento-con-actual-plantel-americanista\/#breadcrumb"},"inLanguage":"es","potentialAction":[{"@type":"ReadAction","target":["https:\/\/canal7slp.tv\/2019\/miguel-herrera-quedaria-contento-con-actual-plantel-americanista\/"]}]},{"@type":"ImageObject","inLanguage":"es","@id":"https:\/\/canal7slp.tv\/2019\/miguel-herrera-quedaria-contento-con-actual-plantel-americanista\/#primaryimage","url":"https:\/\/canal7slp.tv\/2019\/wp-content\/uploads\/2019\/06\/950-16.jpg","contentUrl":"https:\/\/canal7slp.tv\/2019\/wp-content\/uploads\/2019\/06\/950-16.jpg","width":720,"height":410},{"@type":"BreadcrumbList","@id":"https:\/\/canal7slp.tv\/2019\/miguel-herrera-quedaria-contento-con-actual-plantel-americanista\/#breadcrumb","itemListElement":[{"@type":"ListItem","position":1,"name":"Home","item":"https:\/\/canal7slp.tv\/2019\/"},{"@type":"ListItem","position":2,"name":"Miguel Herrera quedar\u00eda contento con actual plantel americanista"}]},{"@type":"WebSite","@id":"https:\/\/canal7slp.tv\/2019\/#website","url":"https:\/\/canal7slp.tv\/2019\/","name":"Canal 7 SLP - Somos TV","description":"Somos un Canal de 10","publisher":{"@id":"https:\/\/canal7slp.tv\/2019\/#organization"},"potentialAction":[{"@type":"SearchAction","target":{"@type":"EntryPoint","urlTemplate":"https:\/\/canal7slp.tv\/2019\/?s={search_term_string}"},"query-input":{"@type":"PropertyValueSpecification","valueRequired":true,"valueName":"search_term_string"}}],"inLanguage":"es"},{"@type":"Organization","@id":"https:\/\/canal7slp.tv\/2019\/#organization","name":"Comunicaci\u00f3n 2000 S.A. de C.V.","url":"https:\/\/canal7slp.tv\/2019\/","logo":{"@type":"ImageObject","inLanguage":"es","@id":"https:\/\/canal7slp.tv\/2019\/#\/schema\/logo\/image\/","url":"https:\/\/canal7slp.tv\/2019\/wp-content\/uploads\/2019\/07\/logo-c7.png","contentUrl":"https:\/\/canal7slp.tv\/2019\/wp-content\/uploads\/2019\/07\/logo-c7.png","width":220,"height":60,"caption":"Comunicaci\u00f3n 2000 S.A. de C.V."},"image":{"@id":"https:\/\/canal7slp.tv\/2019\/#\/schema\/logo\/image\/"},"sameAs":["https:\/\/www.facebook.com\/CANAL7SLP\/","https:\/\/x.com\/canal7_slp","https:\/\/www.instagram.com\/canal7_slp","https:\/\/www.youtube.com\/user\/NOTICIEROSCANAL7SLP\/"]},{"@type":"Person","@id":"https:\/\/canal7slp.tv\/2019\/#\/schema\/person\/11d941c1c6ca30ac0a46b95fa37aa2e3","name":"edicionweb","image":{"@type":"ImageObject","inLanguage":"es","@id":"https:\/\/secure.gravatar.com\/avatar\/eee448fc3f7164808013b816ba91ac7e43bbe82a70bebac296f8bc6f0addaa1a?s=96&d=mm&r=g","url":"https:\/\/secure.gravatar.com\/avatar\/eee448fc3f7164808013b816ba91ac7e43bbe82a70bebac296f8bc6f0addaa1a?s=96&d=mm&r=g","contentUrl":"https:\/\/secure.gravatar.com\/avatar\/eee448fc3f7164808013b816ba91ac7e43bbe82a70bebac296f8bc6f0addaa1a?s=96&d=mm&r=g","caption":"edicionweb"}}]}},"amp_enabled":true,"cmb2":{"video_ids_in_playlist":{"vid_p_videos":""},"video_ids_in_channel":{"vid_c_videos":""},"playlist_ids_in_channel":{"vid_c_playlists":""},"series_ids_in_channel":{"vid_c_series":""},"channel_images":{"vid_c_logo":"","vid_c_banner":""},"poster_feature_image":{"vid_m_poster_image":""},"gif_feature_image":{"vid_m_gif_image":""},"video_movie_settings":{"vid_m_director":"","vid_m_actor":"","vid_m_imdb_ratings":"","vid_m_amazon_associates":""},"vid_youtube_broadcasts_settings":{"vid_yb_broadcast_title":"","vid_yb_q":"","vid_yb_channelid":"","vid_yb_videocategoryid":"","vid_yb_maxresults":"","vid_yb_order":"","vid_yb_regioncode":"","vid_yb_videosyndicated":"","vid_yb_style":"","vid_yb_reload_first":""},"video_series_settings":{"vid_m_director":"","vid_m_actor":"","vid_m_imdb_ratings":"","video_series_group":""},"amazon_associates_settings":{"amazon_associates":"","amazon_native_ad":""},"vid_youtube_automatic_settings":{"vid_ya_youtube_source":"","vid_ya_update_every":"","vid_ya_update_unit":"","vid_ya_categories":"","vid_ya_published_after":"","vid_ya_published_before":"","vid_ya_playlists":"","vid_ya_channels":"","vid_ya_director":"","vid_ya_actor":"","vid_ya_author":"","vid_ya_import_post_date":"","vid_ya_status":"","vid_ya_sub_api_key":""},"vid_ads_m_videoads_settings_post":{"vid_ads_m_video_ads":"","vid_ads_m_video_ads_type":"","vid_ads_m_group_google_ima":"","vid_ads_m_group_image":"","vid_ads_m_group_html5_video":"","vid_ads_m_group_html":"","vid_ads_m_vast_preroll":"","vid_ads_m_vast_postroll":"","vid_ads_m_vast_pauseroll":"","vid_ads_m_vast_midroll":[{"vid_ads_m_vast_timer_seconds":"50"}],"vid_ads_m_time_to_show_ads":"","vid_ads_m_time_skip_ads":"","vid_ads_m_time_to_hide_ads":""},"page_slider_settings":{"display_slider_group":"","page_slider_group":""},"blog_page_settings":{"blog_page_title":"","blog_page_heading":"","blog_page_ic":"","blog_page_it":"","blog_page_ec":"","blog_page_ip":"","archive_loop_style":"","blog_image_ratio":"","blog_show_categories":"","blog_show_excerpt":"","blog_show_author":"","blog_show_date":"","blog_show_comment_count":"","blog_show_view_count":"","blog_show_like_count":"","blog_show_dislike_count":"","blog_items_per_page":"","blog_pag_type":""},"page_options":{"get_page_template":"","color_mode":"","main_layout":"","main_layout_full_with":"","main_logo":"","main_logo_retina":"","main_logo_mobile":"","main_logo_mobile_retina":"","sticky_logo":"","sticky_logo_retina":"","main_nav_layout":"","ajax_search":"","header_background":"","theme_sidebar":"","instagram_feed":"","instagram_feed_position":"","popular_videos":"","popular_videos_title_1":"","popular_videos_title_2":"","popular_videos_ic":"","popular_videos_it":"","theme_background":"","page_custom_css":""},"feature_image_settings":{"feature_image_position":""},"video_player_settings":{"single_video_style":"","video_player_position":"","vm_video_url":"","video_player_library":"","video_streaming":"","vm_media_sources":"","vid_auto_play":"","vm_video_shortcode":"","vid_p_sync_playlist":"","vid_c_sync_channel":"","get_post_format":"","multiple_links_structure":"default","multi_links_title":"","vm_video_multi_links":"","vm_duration":"","vid_social_locker":"off","vid_social_locker_id":"","vid_membership_action":"content-video","vm_video_trailer_url":"","vid_download_type":"free","vid_download_target":"download","vid_woo_product":"","vm_media_download":"","user_rating":"","user_rating_position":"","user_rating_mode":"","user_rating_multi_sets":""},"video_auto_fetch_settings":{"vm_video_fetch":"on"},"video_fake_views_likes":{"vm_fake_views":"","vm_fake_likes":"","vm_fake_dislikes":""},"gallery_settings":{"gallery_position":""},"quote_settings":{"quote_position":""},"post_options":{"main_layout":"","main_logo":"","main_logo_retina":"","main_logo_mobile":"","main_logo_mobile_retina":"","sticky_logo":"","sticky_logo_retina":"","main_nav_layout":"","header_background":"","theme_sidebar":"","single_post_comment_type":"","theme_background":""}},"_links":{"self":[{"href":"https:\/\/canal7slp.tv\/2019\/wp-json\/wp\/v2\/posts\/23152","targetHints":{"allow":["GET"]}}],"collection":[{"href":"https:\/\/canal7slp.tv\/2019\/wp-json\/wp\/v2\/posts"}],"about":[{"href":"https:\/\/canal7slp.tv\/2019\/wp-json\/wp\/v2\/types\/post"}],"author":[{"embeddable":true,"href":"https:\/\/canal7slp.tv\/2019\/wp-json\/wp\/v2\/users\/2"}],"replies":[{"embeddable":true,"href":"https:\/\/canal7slp.tv\/2019\/wp-json\/wp\/v2\/comments?post=23152"}],"version-history":[{"count":0,"href":"https:\/\/canal7slp.tv\/2019\/wp-json\/wp\/v2\/posts\/23152\/revisions"}],"wp:featuredmedia":[{"embeddable":true,"href":"https:\/\/canal7slp.tv\/2019\/wp-json\/wp\/v2\/media\/23153"}],"wp:attachment":[{"href":"https:\/\/canal7slp.tv\/2019\/wp-json\/wp\/v2\/media?parent=23152"}],"wp:term":[{"taxonomy":"category","embeddable":true,"href":"https:\/\/canal7slp.tv\/2019\/wp-json\/wp\/v2\/categories?post=23152"},{"taxonomy":"post_tag","embeddable":true,"href":"https:\/\/canal7slp.tv\/2019\/wp-json\/wp\/v2\/tags?post=23152"}],"curies":[{"name":"wp","href":"https:\/\/api.w.org\/{rel}","templated":true}]}}