{"id":21978,"date":"2019-06-25T09:41:38","date_gmt":"2019-06-25T14:41:38","guid":{"rendered":"https:\/\/canal7slp.tv\/2019\/?p=21978"},"modified":"2019-06-25T09:41:38","modified_gmt":"2019-06-25T14:41:38","slug":"paty-navidad-alborota-las-redes-al-decir-que-retira-apoyo-a-amlo","status":"publish","type":"post","link":"https:\/\/canal7slp.tv\/2019\/paty-navidad-alborota-las-redes-al-decir-que-retira-apoyo-a-amlo\/","title":{"rendered":"Paty Navidad alborota las redes al decir que retira apoyo a AMLO"},"content":{"rendered":"<p style=\"text-align: justify;\">M\u00e9xico.- Gran controversia causaron las recientes declaraciones de la actriz y cantante mexicana Paty Navidad al afirmar que retira el apoyo que le hab\u00eda dado al presidente de M\u00e9xico, Andr\u00e9s Manuel L\u00f3pez Obrador.<\/p>\n<p style=\"text-align: justify;\">\u201cCon cari\u00f1o y respeto les informo que lamentablemente mis ideales y convicciones dejaron de coincidir en gran parte con lo que este gobierno est\u00e1 llevando a cabo, en ocasiones haciendo lo contrario a lo que se dijo durante la campa\u00f1a&#8221;.<\/p>\n<p style=\"text-align: justify;\">\u201cSobre todo en asuntos de pactos y tratados con organismos extranjeros que desde mi humilde punto de vista afectan gravemente a nuestra naci\u00f3n\u201d, declar\u00f3 la actriz a trav\u00e9s de su cuenta oficial de Twitter.<\/p>\n<p style=\"text-align: justify;\">Por esto mismo, explic\u00f3 que ya no dar\u00e1 el apoyo, que en cierto momento le dio en esta red social, y que continuar\u00e1 expresando su opini\u00f3n, que como ciudadana tiene derecho a ejercer.<\/p>\n<p style=\"text-align: justify;\">En su publicaci\u00f3n, agreg\u00f3 que siempre ha tenido la meta de poner su \u201cgranito de arena\u201d para ayudar, desde su trinchera, al pa\u00eds, en especial \u201ca m\u00e1s de 60 millones de personas que viven en pobreza y carecen de justicia social, humana y derechos humanos que nunca han tenido\u201d.<\/p>\n<p style=\"text-align: justify;\">Tras estas declaraciones, Paty Navidad se volvi\u00f3 tendencia en Twitter, por lo que ha generado infinidad de opiniones del p\u00fablico y aunque algunos se burlan de esto, por medio de memes, hay quienes la apoyan.<\/p>\n<p style=\"text-align: justify;\">Por ejemplo, el usuario Aldo Alan dice: \u201cH\u00e1ganle caso a Paty Navidad: tiene seis semestres de finanzas en la San Marino, que la respaldan\u201d, en referencia a su personaje que interpret\u00f3 en la telenovela \u201cLa fea m\u00e1s bella\u201d.<\/p>\n<p style=\"text-align: justify;\">Mientras que el cibernauta \u201c@luisfer_zebadua\u201d escribi\u00f3 \u201cla actriz que asegura haber sido raptada por aliens, que el cambio clim\u00e1tico no existe, pero s\u00ed existen los reptilianos, las armas que causan terremotos y los aparatos que controlan mentes, ha decidido retirar su apoyo al gobierno de AMLO\u201d.<\/p>\n<p style=\"text-align: justify;\">Mientras la sinaloense le explica a un usuario, que hace esta informaci\u00f3n p\u00fablica porque no desea ser c\u00f3mplice de nada, como de la \u201cdestrucci\u00f3n que pueda llegar a nuestro pa\u00eds, derivado de los tratados y pactos\u201d.<\/p>\n<p style=\"text-align: justify;\">Adem\u00e1s, Navidad, quien fue lopezobradorista durante 15 a\u00f1os, exhorta a no pensar igual que los dem\u00e1s, a nutrir la diversidad y a estar unidos mediante el respeto y el amor a la patria.<\/p>\n<p style=\"text-align: justify;\">Mediante esta red social, Paty ha contestado mensajes como el de @JesusAguilarRo7, quien le dice \u201calgunas veces cuando te leo hablando sobre temas de conspiraci\u00f3n, siento que no soy el \u00fanico que cree sobre esto. Un afectuoso abrazo\u201d, a quien le regres\u00f3 el saludo.<\/p>\n","protected":false},"excerpt":{"rendered":"<p>M\u00e9xico.- Gran controversia causaron las recientes declaraciones de la actriz y cantante mexicana Paty Navidad al afirmar que retira el apoyo que le hab\u00eda dado al presidente de M\u00e9xico, Andr\u00e9s Manuel L\u00f3pez Obrador. \u201cCon cari\u00f1o y respeto les informo que lamentablemente mis ideales y convicciones dejaron de coincidir en gran parte con lo que este [&hellip;]<\/p>\n","protected":false},"author":2,"featured_media":21979,"comment_status":"open","ping_status":"closed","sticky":false,"template":"","format":"standard","meta":{"footnotes":""},"categories":[24],"tags":[],"class_list":["post-21978","post","type-post","status-publish","format-standard","has-post-thumbnail","hentry","category-espectaculos"],"yoast_head":"<!-- This site is optimized with the Yoast SEO plugin v27.5 - https:\/\/yoast.com\/product\/yoast-seo-wordpress\/ -->\n<title>Paty Navidad alborota las redes al decir que retira apoyo a AMLO - Canal 7 SLP - 2019<\/title>\n<meta name=\"robots\" content=\"index, follow, max-snippet:-1, max-image-preview:large, max-video-preview:-1\" \/>\n<link rel=\"canonical\" href=\"https:\/\/canal7slp.tv\/2019\/paty-navidad-alborota-las-redes-al-decir-que-retira-apoyo-a-amlo\/\" \/>\n<meta property=\"og:locale\" content=\"es_ES\" \/>\n<meta property=\"og:type\" content=\"article\" \/>\n<meta property=\"og:title\" content=\"Paty Navidad alborota las redes al decir que retira apoyo a AMLO - Canal 7 SLP - 2019\" \/>\n<meta property=\"og:description\" content=\"M\u00e9xico.- Gran controversia causaron las recientes declaraciones de la actriz y cantante mexicana Paty Navidad al afirmar que retira el apoyo que le hab\u00eda dado al presidente de M\u00e9xico, Andr\u00e9s Manuel L\u00f3pez Obrador. \u201cCon cari\u00f1o y respeto les informo que lamentablemente mis ideales y convicciones dejaron de coincidir en gran parte con lo que este [&hellip;]\" \/>\n<meta property=\"og:url\" content=\"https:\/\/canal7slp.tv\/2019\/paty-navidad-alborota-las-redes-al-decir-que-retira-apoyo-a-amlo\/\" \/>\n<meta property=\"og:site_name\" content=\"Canal 7 SLP - 2019\" \/>\n<meta property=\"article:publisher\" content=\"https:\/\/www.facebook.com\/CANAL7SLP\/\" \/>\n<meta property=\"article:published_time\" content=\"2019-06-25T14:41:38+00:00\" \/>\n<meta property=\"og:image\" content=\"https:\/\/canal7slp.tv\/2019\/wp-content\/uploads\/2019\/06\/1020-16.jpg\" \/>\n\t<meta property=\"og:image:width\" content=\"727\" \/>\n\t<meta property=\"og:image:height\" content=\"410\" \/>\n\t<meta property=\"og:image:type\" content=\"image\/jpeg\" \/>\n<meta name=\"author\" content=\"edicionweb\" \/>\n<meta name=\"twitter:card\" content=\"summary_large_image\" \/>\n<meta name=\"twitter:creator\" content=\"@canal7_slp\" \/>\n<meta name=\"twitter:site\" content=\"@canal7_slp\" \/>\n<meta name=\"twitter:label1\" content=\"Escrito por\" \/>\n\t<meta name=\"twitter:data1\" content=\"edicionweb\" \/>\n\t<meta name=\"twitter:label2\" content=\"Tiempo de lectura\" \/>\n\t<meta name=\"twitter:data2\" content=\"2 minutos\" \/>\n<script type=\"application\/ld+json\" class=\"yoast-schema-graph\">{\"@context\":\"https:\\\/\\\/schema.org\",\"@graph\":[{\"@type\":\"Article\",\"@id\":\"https:\\\/\\\/canal7slp.tv\\\/2019\\\/paty-navidad-alborota-las-redes-al-decir-que-retira-apoyo-a-amlo\\\/#article\",\"isPartOf\":{\"@id\":\"https:\\\/\\\/canal7slp.tv\\\/2019\\\/paty-navidad-alborota-las-redes-al-decir-que-retira-apoyo-a-amlo\\\/\"},\"author\":{\"name\":\"edicionweb\",\"@id\":\"https:\\\/\\\/canal7slp.tv\\\/2019\\\/#\\\/schema\\\/person\\\/11d941c1c6ca30ac0a46b95fa37aa2e3\"},\"headline\":\"Paty Navidad alborota las redes al decir que retira apoyo a AMLO\",\"datePublished\":\"2019-06-25T14:41:38+00:00\",\"mainEntityOfPage\":{\"@id\":\"https:\\\/\\\/canal7slp.tv\\\/2019\\\/paty-navidad-alborota-las-redes-al-decir-que-retira-apoyo-a-amlo\\\/\"},\"wordCount\":459,\"commentCount\":0,\"publisher\":{\"@id\":\"https:\\\/\\\/canal7slp.tv\\\/2019\\\/#organization\"},\"image\":{\"@id\":\"https:\\\/\\\/canal7slp.tv\\\/2019\\\/paty-navidad-alborota-las-redes-al-decir-que-retira-apoyo-a-amlo\\\/#primaryimage\"},\"thumbnailUrl\":\"https:\\\/\\\/canal7slp.tv\\\/2019\\\/wp-content\\\/uploads\\\/2019\\\/06\\\/1020-16.jpg\",\"articleSection\":[\"ESPECTACULOS\"],\"inLanguage\":\"es\",\"potentialAction\":[{\"@type\":\"CommentAction\",\"name\":\"Comment\",\"target\":[\"https:\\\/\\\/canal7slp.tv\\\/2019\\\/paty-navidad-alborota-las-redes-al-decir-que-retira-apoyo-a-amlo\\\/#respond\"]}]},{\"@type\":\"WebPage\",\"@id\":\"https:\\\/\\\/canal7slp.tv\\\/2019\\\/paty-navidad-alborota-las-redes-al-decir-que-retira-apoyo-a-amlo\\\/\",\"url\":\"https:\\\/\\\/canal7slp.tv\\\/2019\\\/paty-navidad-alborota-las-redes-al-decir-que-retira-apoyo-a-amlo\\\/\",\"name\":\"Paty Navidad alborota las redes al decir que retira apoyo a AMLO - Canal 7 SLP - 2019\",\"isPartOf\":{\"@id\":\"https:\\\/\\\/canal7slp.tv\\\/2019\\\/#website\"},\"primaryImageOfPage\":{\"@id\":\"https:\\\/\\\/canal7slp.tv\\\/2019\\\/paty-navidad-alborota-las-redes-al-decir-que-retira-apoyo-a-amlo\\\/#primaryimage\"},\"image\":{\"@id\":\"https:\\\/\\\/canal7slp.tv\\\/2019\\\/paty-navidad-alborota-las-redes-al-decir-que-retira-apoyo-a-amlo\\\/#primaryimage\"},\"thumbnailUrl\":\"https:\\\/\\\/canal7slp.tv\\\/2019\\\/wp-content\\\/uploads\\\/2019\\\/06\\\/1020-16.jpg\",\"datePublished\":\"2019-06-25T14:41:38+00:00\",\"breadcrumb\":{\"@id\":\"https:\\\/\\\/canal7slp.tv\\\/2019\\\/paty-navidad-alborota-las-redes-al-decir-que-retira-apoyo-a-amlo\\\/#breadcrumb\"},\"inLanguage\":\"es\",\"potentialAction\":[{\"@type\":\"ReadAction\",\"target\":[\"https:\\\/\\\/canal7slp.tv\\\/2019\\\/paty-navidad-alborota-las-redes-al-decir-que-retira-apoyo-a-amlo\\\/\"]}]},{\"@type\":\"ImageObject\",\"inLanguage\":\"es\",\"@id\":\"https:\\\/\\\/canal7slp.tv\\\/2019\\\/paty-navidad-alborota-las-redes-al-decir-que-retira-apoyo-a-amlo\\\/#primaryimage\",\"url\":\"https:\\\/\\\/canal7slp.tv\\\/2019\\\/wp-content\\\/uploads\\\/2019\\\/06\\\/1020-16.jpg\",\"contentUrl\":\"https:\\\/\\\/canal7slp.tv\\\/2019\\\/wp-content\\\/uploads\\\/2019\\\/06\\\/1020-16.jpg\",\"width\":727,\"height\":410},{\"@type\":\"BreadcrumbList\",\"@id\":\"https:\\\/\\\/canal7slp.tv\\\/2019\\\/paty-navidad-alborota-las-redes-al-decir-que-retira-apoyo-a-amlo\\\/#breadcrumb\",\"itemListElement\":[{\"@type\":\"ListItem\",\"position\":1,\"name\":\"Home\",\"item\":\"https:\\\/\\\/canal7slp.tv\\\/2019\\\/\"},{\"@type\":\"ListItem\",\"position\":2,\"name\":\"Paty Navidad alborota las redes al decir que retira apoyo a AMLO\"}]},{\"@type\":\"WebSite\",\"@id\":\"https:\\\/\\\/canal7slp.tv\\\/2019\\\/#website\",\"url\":\"https:\\\/\\\/canal7slp.tv\\\/2019\\\/\",\"name\":\"Canal 7 SLP - Somos TV\",\"description\":\"Somos un Canal de 10\",\"publisher\":{\"@id\":\"https:\\\/\\\/canal7slp.tv\\\/2019\\\/#organization\"},\"potentialAction\":[{\"@type\":\"SearchAction\",\"target\":{\"@type\":\"EntryPoint\",\"urlTemplate\":\"https:\\\/\\\/canal7slp.tv\\\/2019\\\/?s={search_term_string}\"},\"query-input\":{\"@type\":\"PropertyValueSpecification\",\"valueRequired\":true,\"valueName\":\"search_term_string\"}}],\"inLanguage\":\"es\"},{\"@type\":\"Organization\",\"@id\":\"https:\\\/\\\/canal7slp.tv\\\/2019\\\/#organization\",\"name\":\"Comunicaci\u00f3n 2000 S.A. de C.V.\",\"url\":\"https:\\\/\\\/canal7slp.tv\\\/2019\\\/\",\"logo\":{\"@type\":\"ImageObject\",\"inLanguage\":\"es\",\"@id\":\"https:\\\/\\\/canal7slp.tv\\\/2019\\\/#\\\/schema\\\/logo\\\/image\\\/\",\"url\":\"https:\\\/\\\/canal7slp.tv\\\/2019\\\/wp-content\\\/uploads\\\/2019\\\/07\\\/logo-c7.png\",\"contentUrl\":\"https:\\\/\\\/canal7slp.tv\\\/2019\\\/wp-content\\\/uploads\\\/2019\\\/07\\\/logo-c7.png\",\"width\":220,\"height\":60,\"caption\":\"Comunicaci\u00f3n 2000 S.A. de C.V.\"},\"image\":{\"@id\":\"https:\\\/\\\/canal7slp.tv\\\/2019\\\/#\\\/schema\\\/logo\\\/image\\\/\"},\"sameAs\":[\"https:\\\/\\\/www.facebook.com\\\/CANAL7SLP\\\/\",\"https:\\\/\\\/x.com\\\/canal7_slp\",\"https:\\\/\\\/www.instagram.com\\\/canal7_slp\",\"https:\\\/\\\/www.youtube.com\\\/user\\\/NOTICIEROSCANAL7SLP\\\/\"]},{\"@type\":\"Person\",\"@id\":\"https:\\\/\\\/canal7slp.tv\\\/2019\\\/#\\\/schema\\\/person\\\/11d941c1c6ca30ac0a46b95fa37aa2e3\",\"name\":\"edicionweb\",\"image\":{\"@type\":\"ImageObject\",\"inLanguage\":\"es\",\"@id\":\"https:\\\/\\\/secure.gravatar.com\\\/avatar\\\/eee448fc3f7164808013b816ba91ac7e43bbe82a70bebac296f8bc6f0addaa1a?s=96&d=mm&r=g\",\"url\":\"https:\\\/\\\/secure.gravatar.com\\\/avatar\\\/eee448fc3f7164808013b816ba91ac7e43bbe82a70bebac296f8bc6f0addaa1a?s=96&d=mm&r=g\",\"contentUrl\":\"https:\\\/\\\/secure.gravatar.com\\\/avatar\\\/eee448fc3f7164808013b816ba91ac7e43bbe82a70bebac296f8bc6f0addaa1a?s=96&d=mm&r=g\",\"caption\":\"edicionweb\"}}]}<\/script>\n<!-- \/ Yoast SEO plugin. -->","yoast_head_json":{"title":"Paty Navidad alborota las redes al decir que retira apoyo a AMLO - Canal 7 SLP - 2019","robots":{"index":"index","follow":"follow","max-snippet":"max-snippet:-1","max-image-preview":"max-image-preview:large","max-video-preview":"max-video-preview:-1"},"canonical":"https:\/\/canal7slp.tv\/2019\/paty-navidad-alborota-las-redes-al-decir-que-retira-apoyo-a-amlo\/","og_locale":"es_ES","og_type":"article","og_title":"Paty Navidad alborota las redes al decir que retira apoyo a AMLO - Canal 7 SLP - 2019","og_description":"M\u00e9xico.- Gran controversia causaron las recientes declaraciones de la actriz y cantante mexicana Paty Navidad al afirmar que retira el apoyo que le hab\u00eda dado al presidente de M\u00e9xico, Andr\u00e9s Manuel L\u00f3pez Obrador. \u201cCon cari\u00f1o y respeto les informo que lamentablemente mis ideales y convicciones dejaron de coincidir en gran parte con lo que este [&hellip;]","og_url":"https:\/\/canal7slp.tv\/2019\/paty-navidad-alborota-las-redes-al-decir-que-retira-apoyo-a-amlo\/","og_site_name":"Canal 7 SLP - 2019","article_publisher":"https:\/\/www.facebook.com\/CANAL7SLP\/","article_published_time":"2019-06-25T14:41:38+00:00","og_image":[{"width":727,"height":410,"url":"https:\/\/canal7slp.tv\/2019\/wp-content\/uploads\/2019\/06\/1020-16.jpg","type":"image\/jpeg"}],"author":"edicionweb","twitter_card":"summary_large_image","twitter_creator":"@canal7_slp","twitter_site":"@canal7_slp","twitter_misc":{"Escrito por":"edicionweb","Tiempo de lectura":"2 minutos"},"schema":{"@context":"https:\/\/schema.org","@graph":[{"@type":"Article","@id":"https:\/\/canal7slp.tv\/2019\/paty-navidad-alborota-las-redes-al-decir-que-retira-apoyo-a-amlo\/#article","isPartOf":{"@id":"https:\/\/canal7slp.tv\/2019\/paty-navidad-alborota-las-redes-al-decir-que-retira-apoyo-a-amlo\/"},"author":{"name":"edicionweb","@id":"https:\/\/canal7slp.tv\/2019\/#\/schema\/person\/11d941c1c6ca30ac0a46b95fa37aa2e3"},"headline":"Paty Navidad alborota las redes al decir que retira apoyo a AMLO","datePublished":"2019-06-25T14:41:38+00:00","mainEntityOfPage":{"@id":"https:\/\/canal7slp.tv\/2019\/paty-navidad-alborota-las-redes-al-decir-que-retira-apoyo-a-amlo\/"},"wordCount":459,"commentCount":0,"publisher":{"@id":"https:\/\/canal7slp.tv\/2019\/#organization"},"image":{"@id":"https:\/\/canal7slp.tv\/2019\/paty-navidad-alborota-las-redes-al-decir-que-retira-apoyo-a-amlo\/#primaryimage"},"thumbnailUrl":"https:\/\/canal7slp.tv\/2019\/wp-content\/uploads\/2019\/06\/1020-16.jpg","articleSection":["ESPECTACULOS"],"inLanguage":"es","potentialAction":[{"@type":"CommentAction","name":"Comment","target":["https:\/\/canal7slp.tv\/2019\/paty-navidad-alborota-las-redes-al-decir-que-retira-apoyo-a-amlo\/#respond"]}]},{"@type":"WebPage","@id":"https:\/\/canal7slp.tv\/2019\/paty-navidad-alborota-las-redes-al-decir-que-retira-apoyo-a-amlo\/","url":"https:\/\/canal7slp.tv\/2019\/paty-navidad-alborota-las-redes-al-decir-que-retira-apoyo-a-amlo\/","name":"Paty Navidad alborota las redes al decir que retira apoyo a AMLO - Canal 7 SLP - 2019","isPartOf":{"@id":"https:\/\/canal7slp.tv\/2019\/#website"},"primaryImageOfPage":{"@id":"https:\/\/canal7slp.tv\/2019\/paty-navidad-alborota-las-redes-al-decir-que-retira-apoyo-a-amlo\/#primaryimage"},"image":{"@id":"https:\/\/canal7slp.tv\/2019\/paty-navidad-alborota-las-redes-al-decir-que-retira-apoyo-a-amlo\/#primaryimage"},"thumbnailUrl":"https:\/\/canal7slp.tv\/2019\/wp-content\/uploads\/2019\/06\/1020-16.jpg","datePublished":"2019-06-25T14:41:38+00:00","breadcrumb":{"@id":"https:\/\/canal7slp.tv\/2019\/paty-navidad-alborota-las-redes-al-decir-que-retira-apoyo-a-amlo\/#breadcrumb"},"inLanguage":"es","potentialAction":[{"@type":"ReadAction","target":["https:\/\/canal7slp.tv\/2019\/paty-navidad-alborota-las-redes-al-decir-que-retira-apoyo-a-amlo\/"]}]},{"@type":"ImageObject","inLanguage":"es","@id":"https:\/\/canal7slp.tv\/2019\/paty-navidad-alborota-las-redes-al-decir-que-retira-apoyo-a-amlo\/#primaryimage","url":"https:\/\/canal7slp.tv\/2019\/wp-content\/uploads\/2019\/06\/1020-16.jpg","contentUrl":"https:\/\/canal7slp.tv\/2019\/wp-content\/uploads\/2019\/06\/1020-16.jpg","width":727,"height":410},{"@type":"BreadcrumbList","@id":"https:\/\/canal7slp.tv\/2019\/paty-navidad-alborota-las-redes-al-decir-que-retira-apoyo-a-amlo\/#breadcrumb","itemListElement":[{"@type":"ListItem","position":1,"name":"Home","item":"https:\/\/canal7slp.tv\/2019\/"},{"@type":"ListItem","position":2,"name":"Paty Navidad alborota las redes al decir que retira apoyo a AMLO"}]},{"@type":"WebSite","@id":"https:\/\/canal7slp.tv\/2019\/#website","url":"https:\/\/canal7slp.tv\/2019\/","name":"Canal 7 SLP - Somos TV","description":"Somos un Canal de 10","publisher":{"@id":"https:\/\/canal7slp.tv\/2019\/#organization"},"potentialAction":[{"@type":"SearchAction","target":{"@type":"EntryPoint","urlTemplate":"https:\/\/canal7slp.tv\/2019\/?s={search_term_string}"},"query-input":{"@type":"PropertyValueSpecification","valueRequired":true,"valueName":"search_term_string"}}],"inLanguage":"es"},{"@type":"Organization","@id":"https:\/\/canal7slp.tv\/2019\/#organization","name":"Comunicaci\u00f3n 2000 S.A. de C.V.","url":"https:\/\/canal7slp.tv\/2019\/","logo":{"@type":"ImageObject","inLanguage":"es","@id":"https:\/\/canal7slp.tv\/2019\/#\/schema\/logo\/image\/","url":"https:\/\/canal7slp.tv\/2019\/wp-content\/uploads\/2019\/07\/logo-c7.png","contentUrl":"https:\/\/canal7slp.tv\/2019\/wp-content\/uploads\/2019\/07\/logo-c7.png","width":220,"height":60,"caption":"Comunicaci\u00f3n 2000 S.A. de C.V."},"image":{"@id":"https:\/\/canal7slp.tv\/2019\/#\/schema\/logo\/image\/"},"sameAs":["https:\/\/www.facebook.com\/CANAL7SLP\/","https:\/\/x.com\/canal7_slp","https:\/\/www.instagram.com\/canal7_slp","https:\/\/www.youtube.com\/user\/NOTICIEROSCANAL7SLP\/"]},{"@type":"Person","@id":"https:\/\/canal7slp.tv\/2019\/#\/schema\/person\/11d941c1c6ca30ac0a46b95fa37aa2e3","name":"edicionweb","image":{"@type":"ImageObject","inLanguage":"es","@id":"https:\/\/secure.gravatar.com\/avatar\/eee448fc3f7164808013b816ba91ac7e43bbe82a70bebac296f8bc6f0addaa1a?s=96&d=mm&r=g","url":"https:\/\/secure.gravatar.com\/avatar\/eee448fc3f7164808013b816ba91ac7e43bbe82a70bebac296f8bc6f0addaa1a?s=96&d=mm&r=g","contentUrl":"https:\/\/secure.gravatar.com\/avatar\/eee448fc3f7164808013b816ba91ac7e43bbe82a70bebac296f8bc6f0addaa1a?s=96&d=mm&r=g","caption":"edicionweb"}}]}},"amp_enabled":true,"cmb2":{"video_ids_in_playlist":{"vid_p_videos":""},"video_ids_in_channel":{"vid_c_videos":""},"playlist_ids_in_channel":{"vid_c_playlists":""},"series_ids_in_channel":{"vid_c_series":""},"channel_images":{"vid_c_logo":"","vid_c_banner":""},"poster_feature_image":{"vid_m_poster_image":""},"gif_feature_image":{"vid_m_gif_image":""},"video_movie_settings":{"vid_m_director":"","vid_m_actor":"","vid_m_imdb_ratings":"","vid_m_amazon_associates":""},"vid_youtube_broadcasts_settings":{"vid_yb_broadcast_title":"","vid_yb_q":"","vid_yb_channelid":"","vid_yb_videocategoryid":"","vid_yb_maxresults":"","vid_yb_order":"","vid_yb_regioncode":"","vid_yb_videosyndicated":"","vid_yb_style":"","vid_yb_reload_first":""},"video_series_settings":{"vid_m_director":"","vid_m_actor":"","vid_m_imdb_ratings":"","video_series_group":""},"amazon_associates_settings":{"amazon_associates":"","amazon_native_ad":""},"vid_youtube_automatic_settings":{"vid_ya_youtube_source":"","vid_ya_update_every":"","vid_ya_update_unit":"","vid_ya_categories":"","vid_ya_published_after":"","vid_ya_published_before":"","vid_ya_playlists":"","vid_ya_channels":"","vid_ya_director":"","vid_ya_actor":"","vid_ya_author":"","vid_ya_import_post_date":"","vid_ya_status":"","vid_ya_sub_api_key":""},"vid_ads_m_videoads_settings_post":{"vid_ads_m_video_ads":"","vid_ads_m_video_ads_type":"","vid_ads_m_group_google_ima":"","vid_ads_m_group_image":"","vid_ads_m_group_html5_video":"","vid_ads_m_group_html":"","vid_ads_m_vast_preroll":"","vid_ads_m_vast_postroll":"","vid_ads_m_vast_pauseroll":"","vid_ads_m_vast_midroll":[{"vid_ads_m_vast_timer_seconds":"50"}],"vid_ads_m_time_to_show_ads":"","vid_ads_m_time_skip_ads":"","vid_ads_m_time_to_hide_ads":""},"page_slider_settings":{"display_slider_group":"","page_slider_group":""},"blog_page_settings":{"blog_page_title":"","blog_page_heading":"","blog_page_ic":"","blog_page_it":"","blog_page_ec":"","blog_page_ip":"","archive_loop_style":"","blog_image_ratio":"","blog_show_categories":"","blog_show_excerpt":"","blog_show_author":"","blog_show_date":"","blog_show_comment_count":"","blog_show_view_count":"","blog_show_like_count":"","blog_show_dislike_count":"","blog_items_per_page":"","blog_pag_type":""},"page_options":{"get_page_template":"","color_mode":"","main_layout":"","main_layout_full_with":"","main_logo":"","main_logo_retina":"","main_logo_mobile":"","main_logo_mobile_retina":"","sticky_logo":"","sticky_logo_retina":"","main_nav_layout":"","ajax_search":"","header_background":"","theme_sidebar":"","instagram_feed":"","instagram_feed_position":"","popular_videos":"","popular_videos_title_1":"","popular_videos_title_2":"","popular_videos_ic":"","popular_videos_it":"","theme_background":"","page_custom_css":""},"feature_image_settings":{"feature_image_position":""},"video_player_settings":{"single_video_style":"","video_player_position":"","vm_video_url":"","video_player_library":"","video_streaming":"","vm_media_sources":"","vid_auto_play":"","vm_video_shortcode":"","vid_p_sync_playlist":"","vid_c_sync_channel":"","get_post_format":"","multiple_links_structure":"default","multi_links_title":"","vm_video_multi_links":"","vm_duration":"","vid_social_locker":"off","vid_social_locker_id":"","vid_membership_action":"content-video","vm_video_trailer_url":"","vid_download_type":"free","vid_download_target":"download","vid_woo_product":"","vm_media_download":"","user_rating":"","user_rating_position":"","user_rating_mode":"","user_rating_multi_sets":""},"video_auto_fetch_settings":{"vm_video_fetch":"on"},"video_fake_views_likes":{"vm_fake_views":"","vm_fake_likes":"","vm_fake_dislikes":""},"gallery_settings":{"gallery_position":""},"quote_settings":{"quote_position":""},"post_options":{"main_layout":"","main_logo":"","main_logo_retina":"","main_logo_mobile":"","main_logo_mobile_retina":"","sticky_logo":"","sticky_logo_retina":"","main_nav_layout":"","header_background":"","theme_sidebar":"","single_post_comment_type":"","theme_background":""}},"_links":{"self":[{"href":"https:\/\/canal7slp.tv\/2019\/wp-json\/wp\/v2\/posts\/21978","targetHints":{"allow":["GET"]}}],"collection":[{"href":"https:\/\/canal7slp.tv\/2019\/wp-json\/wp\/v2\/posts"}],"about":[{"href":"https:\/\/canal7slp.tv\/2019\/wp-json\/wp\/v2\/types\/post"}],"author":[{"embeddable":true,"href":"https:\/\/canal7slp.tv\/2019\/wp-json\/wp\/v2\/users\/2"}],"replies":[{"embeddable":true,"href":"https:\/\/canal7slp.tv\/2019\/wp-json\/wp\/v2\/comments?post=21978"}],"version-history":[{"count":0,"href":"https:\/\/canal7slp.tv\/2019\/wp-json\/wp\/v2\/posts\/21978\/revisions"}],"wp:featuredmedia":[{"embeddable":true,"href":"https:\/\/canal7slp.tv\/2019\/wp-json\/wp\/v2\/media\/21979"}],"wp:attachment":[{"href":"https:\/\/canal7slp.tv\/2019\/wp-json\/wp\/v2\/media?parent=21978"}],"wp:term":[{"taxonomy":"category","embeddable":true,"href":"https:\/\/canal7slp.tv\/2019\/wp-json\/wp\/v2\/categories?post=21978"},{"taxonomy":"post_tag","embeddable":true,"href":"https:\/\/canal7slp.tv\/2019\/wp-json\/wp\/v2\/tags?post=21978"}],"curies":[{"name":"wp","href":"https:\/\/api.w.org\/{rel}","templated":true}]}}