{"id":21966,"date":"2019-06-25T09:12:30","date_gmt":"2019-06-25T14:12:30","guid":{"rendered":"https:\/\/canal7slp.tv\/2019\/?p=21966"},"modified":"2019-06-25T09:12:30","modified_gmt":"2019-06-25T14:12:30","slug":"manifestaciones-a-favor-de-mujeres-y-cultura-en-la-entrega-de-los-ariel","status":"publish","type":"post","link":"https:\/\/canal7slp.tv\/2019\/manifestaciones-a-favor-de-mujeres-y-cultura-en-la-entrega-de-los-ariel\/","title":{"rendered":"Manifestaciones a favor de mujeres y cultura en la entrega de los Ariel"},"content":{"rendered":"<p style=\"text-align: justify;\">M\u00e9xico.- Entre manifestaciones a favor de los derechos de las mujeres y la urgencia de apoyar el arte y la cultura nacional, se llev\u00f3 a cabo la 61 entrega de los Premios Ariel, cuyos m\u00e1ximos galardones fueron para la pel\u00edcula \u201cRoma\u201d, de Alfonso Cuar\u00f3n.<\/p>\n<p style=\"text-align: justify;\">La fiesta del cine nacional estuvo encabezada por los representantes de la industria, que con entusiasmo defendieron los derechos de las mujeres, as\u00ed como el apoyo del Estado para la creaci\u00f3n art\u00edstica, pues aseguraron que el cine, como otras artes, da la cara por M\u00e9xico en el extranjero.<\/p>\n<p style=\"text-align: justify;\">Tras la alfombra roja, cerca de 50 mujeres, entre actrices, productoras, guionistas y directoras levantaron el pu\u00f1o izquierdo, en el cual ten\u00edan atado un paliacate color rojo, a fin de lanzar la iniciativa #YaEsHora, que busca visibilizar a todas las mujeres relacionadas con el quehacer cinematogr\u00e1fico en M\u00e9xico.<\/p>\n<p style=\"text-align: justify;\">Ante los medios de comunicaci\u00f3n, actrices como Yalitza Aparicio, Marina de Tavira, Johanna Murillo, Ilse Salas, Cassandra Ciangherotti y Mariana Arriaga, entre otras, apoyaron esta iniciativa de g\u00e9nero, que buscar\u00e1 hacer cumplir ejes como la apropiaci\u00f3n de espacios libres de violencia, igualdad y paridad en el terreno del cine y el audiovisual, y mayor inclusi\u00f3n de narrativas de mujeres.<\/p>\n<p style=\"text-align: justify;\">Este discurso fue reforzado cuando la actriz Marina de Tavira subi\u00f3 al estrado a recibir el Ariel a Mejor Coactuaci\u00f3n Femenina. Adem\u00e1s de reconocer la labor de las mujeres que enfrentan solas la maternidad, invit\u00f3 a todos y a todas a fortalecer las paternidades y a fomentar el respeto hacia las mujeres desde la infancia.<\/p>\n<p style=\"text-align: justify;\">Otras mujeres distinguidas durante la ceremonia del Ariel fueron la guionista Paz Alicia Garciadiego (Ariel de Oro), la actriz Ilse Salas (Ariel a Mejor Actriz), la cineasta Lila Avil\u00e9s (Ariel Mejor \u00d3pera Prima) y a la actriz y directora \u00c1ngeles Cruz (Mejor Cortometraje Ficci\u00f3n), entre otras.<\/p>\n<p style=\"text-align: justify;\">Uno de los discursos m\u00e1s sobresalientes en torno a los recortes presupuestales a la cultura en la actual administraci\u00f3n, fue el del reconocido cineasta Arturo Ripstein, quien expuso:<\/p>\n<p style=\"text-align: justify;\">\u201cNo hay crecimiento sin cultura, no hay desarrollo sin cultura, no hay democracia sin cultura. La cultura en su sentido m\u00e1s estricto y riguroso, es la \u00fanica opci\u00f3n que tenemos para enfrentar a la barbarie\u201d.<\/p>\n<p style=\"text-align: justify;\">Ripstein tom\u00f3 el micr\u00f3fono por espacio de cinco minutos para destacar los valores de la cultura y principalmente del cine. Asegur\u00f3 que es un deber del Estado proveer recursos para la cultura y las artes, \u201cnosotros, los que hacemos cine, le hemos dado rostro e identidad a nuestro mundo y a nuestros contempor\u00e1neos.<\/p>\n<p style=\"text-align: justify;\">\u201cNecesitamos seguir haciendo cine y con \u00e9ste tener nombre, voz, semblante. El cine no es un bien prescindible al que se le tomar\u00e1 en cuenta cuando vengan tiempos mejores, porque cuando pensemos que han llegado esos tiempos ya habremos perdido el rostro, la voz y el alma\u201d, sentenci\u00f3.<\/p>\n<p style=\"text-align: justify;\">En su oportunidad, el presidente de la Academia de Artes y Ciencias Cinematogr\u00e1ficas (AMACC), Ernesto Contreras, ofreci\u00f3 un mensaje contundente a los encargados de dirigir M\u00e9xico.<\/p>\n<p style=\"text-align: justify;\">\u201cHoy vemos con preocupaci\u00f3n los dr\u00e1sticos recortes en los presupuestos de las instituciones y las pol\u00edticas p\u00fablicas que no s\u00f3lo han sido fundamentales para la cultura mexicana contempor\u00e1nea, sino que han contribuido, incluso, al ejercicio democr\u00e1tico.<\/p>\n<p style=\"text-align: justify;\">\u201cLa cultura no es un gasto. No es un adorno, no es un bien prescindible. Es una inversi\u00f3n a largo plazo. Los creadores no somos el enemigo. Queremos contribuir a la construcci\u00f3n de un nuevo y mejor M\u00e9xico. Tenemos un compromiso con la realidad de este pa\u00eds adolorido y complejo, pero lleno de esperanza y de solidaridades\u201d, expres\u00f3 con contundencia.<\/p>\n<p style=\"text-align: justify;\">Fueron varios los realizadores, actores y actrices, as\u00ed como productores y dem\u00e1s hacedores de cine nacional, quienes expresaron su preocupaci\u00f3n por las pol\u00edticas p\u00fablicas que le dan la espalda al desarrollo art\u00edstico de M\u00e9xico.<\/p>\n<p style=\"text-align: justify;\">Tal fue el caso del animador mexicano Luis T\u00e9llez, quien pugn\u00f3 porque los apoyos para la creaci\u00f3n art\u00edstica no dejen de existir y sostuvo que gracias al Fondo Nacional para la Cultura y las Artes pudo escribir el guion de su corto \u201cViva el Rey\u201d, por el que esta noche recibi\u00f3 el Ariel a Mejor Cortometraje Animado.<\/p>\n<p style=\"text-align: justify;\">En la categor\u00eda de Mejor Corto Documental result\u00f3 ganador Carlos Morales por su trabajo \u201cSinfon\u00eda de un Mar triste\u201d, mientras que \u00c1ngeles Cruz obtuvo el Ariel a Mejor Corto de Ficci\u00f3n por \u201cArc\u00e1ngel\u201d, en el que actu\u00f3 No\u00e9 Hern\u00e1ndez, quien esta noche fue reconocido con el Ariel a Mejor Actor, pero por su trabajo en la pel\u00edcula \u201cOcho de cada diez\u201d.<\/p>\n<p style=\"text-align: justify;\">Como era de esperarse, la pel\u00edcula que m\u00e1s premios recibi\u00f3 fue \u201cRoma\u201d, que esta noche -cerr\u00f3 su ciclo luego de incluso ser multipremiada en los Premios Oscar- obtuvo Mejor Pel\u00edcula, Direcci\u00f3n, Coactuaci\u00f3n Femenina, Dise\u00f1o de Arte, Edici\u00f3n, Efectos Especiales, Efectos Visuales, Fotograf\u00eda, Guion Original y Sonido.<\/p>\n<p style=\"text-align: justify;\">A esta buena acogida le sigui\u00f3 la cinta \u201cLas ni\u00f1as bien\u201d, de Alejandra M\u00e1rquez, que consigui\u00f3 los premios a Mejor Actriz, Vestuario, M\u00fasica Original y Maquillaje.<\/p>\n<p style=\"text-align: justify;\">Otros reconocimientos fueron para el actor Leonardo Ortizgris, por su participaci\u00f3n en \u201cMuseo\u201d (Mejor Coactuaci\u00f3n Masculina); Silvia Pasternac, Carlos Carrera y Fernando Javier Le\u00f3n Rodr\u00edguez por \u201cDe la infancia\u201d (Guion Adaptado); Carlos Carrera por \u201cAna y Bruno\u201d (Largometraje Animaci\u00f3n) y Alberto Arnaut por \u201cHasta los dientes\u201d (Largometraje Documental).<\/p>\n<p style=\"text-align: justify;\">Adem\u00e1s de Cristina Gallegos y Ciro Guerra por \u201cP\u00e1jaros de Verano\u201d (Pel\u00edcula Iberoamericana), y Benny Emmanuel, por \u201cDe la infancia\u201d (Revelaci\u00f3n Actoral).<\/p>\n","protected":false},"excerpt":{"rendered":"<p>M\u00e9xico.- Entre manifestaciones a favor de los derechos de las mujeres y la urgencia de apoyar el arte y la cultura nacional, se llev\u00f3 a cabo la 61 entrega de los Premios Ariel, cuyos m\u00e1ximos galardones fueron para la pel\u00edcula \u201cRoma\u201d, de Alfonso Cuar\u00f3n. La fiesta del cine nacional estuvo encabezada por los representantes de [&hellip;]<\/p>\n","protected":false},"author":2,"featured_media":21967,"comment_status":"open","ping_status":"closed","sticky":false,"template":"","format":"standard","meta":{"footnotes":""},"categories":[24],"tags":[],"class_list":["post-21966","post","type-post","status-publish","format-standard","has-post-thumbnail","hentry","category-espectaculos"],"yoast_head":"<!-- This site is optimized with the Yoast SEO plugin v27.5 - https:\/\/yoast.com\/product\/yoast-seo-wordpress\/ -->\n<title>Manifestaciones a favor de mujeres y cultura en la entrega de los Ariel - Canal 7 SLP - 2019<\/title>\n<meta name=\"robots\" content=\"index, follow, max-snippet:-1, max-image-preview:large, max-video-preview:-1\" \/>\n<link rel=\"canonical\" href=\"https:\/\/canal7slp.tv\/2019\/manifestaciones-a-favor-de-mujeres-y-cultura-en-la-entrega-de-los-ariel\/\" \/>\n<meta property=\"og:locale\" content=\"es_ES\" \/>\n<meta property=\"og:type\" content=\"article\" \/>\n<meta property=\"og:title\" content=\"Manifestaciones a favor de mujeres y cultura en la entrega de los Ariel - Canal 7 SLP - 2019\" \/>\n<meta property=\"og:description\" content=\"M\u00e9xico.- Entre manifestaciones a favor de los derechos de las mujeres y la urgencia de apoyar el arte y la cultura nacional, se llev\u00f3 a cabo la 61 entrega de los Premios Ariel, cuyos m\u00e1ximos galardones fueron para la pel\u00edcula \u201cRoma\u201d, de Alfonso Cuar\u00f3n. La fiesta del cine nacional estuvo encabezada por los representantes de [&hellip;]\" \/>\n<meta property=\"og:url\" content=\"https:\/\/canal7slp.tv\/2019\/manifestaciones-a-favor-de-mujeres-y-cultura-en-la-entrega-de-los-ariel\/\" \/>\n<meta property=\"og:site_name\" content=\"Canal 7 SLP - 2019\" \/>\n<meta property=\"article:publisher\" content=\"https:\/\/www.facebook.com\/CANAL7SLP\/\" \/>\n<meta property=\"article:published_time\" content=\"2019-06-25T14:12:30+00:00\" \/>\n<meta property=\"og:image\" content=\"https:\/\/canal7slp.tv\/2019\/wp-content\/uploads\/2019\/06\/940-14.jpg\" \/>\n\t<meta property=\"og:image:width\" content=\"615\" \/>\n\t<meta property=\"og:image:height\" content=\"410\" \/>\n\t<meta property=\"og:image:type\" content=\"image\/jpeg\" \/>\n<meta name=\"author\" content=\"edicionweb\" \/>\n<meta name=\"twitter:card\" content=\"summary_large_image\" \/>\n<meta name=\"twitter:creator\" content=\"@canal7_slp\" \/>\n<meta name=\"twitter:site\" content=\"@canal7_slp\" \/>\n<meta name=\"twitter:label1\" content=\"Escrito por\" \/>\n\t<meta name=\"twitter:data1\" content=\"edicionweb\" \/>\n\t<meta name=\"twitter:label2\" content=\"Tiempo de lectura\" \/>\n\t<meta name=\"twitter:data2\" content=\"5 minutos\" \/>\n<script type=\"application\/ld+json\" class=\"yoast-schema-graph\">{\"@context\":\"https:\\\/\\\/schema.org\",\"@graph\":[{\"@type\":\"Article\",\"@id\":\"https:\\\/\\\/canal7slp.tv\\\/2019\\\/manifestaciones-a-favor-de-mujeres-y-cultura-en-la-entrega-de-los-ariel\\\/#article\",\"isPartOf\":{\"@id\":\"https:\\\/\\\/canal7slp.tv\\\/2019\\\/manifestaciones-a-favor-de-mujeres-y-cultura-en-la-entrega-de-los-ariel\\\/\"},\"author\":{\"name\":\"edicionweb\",\"@id\":\"https:\\\/\\\/canal7slp.tv\\\/2019\\\/#\\\/schema\\\/person\\\/11d941c1c6ca30ac0a46b95fa37aa2e3\"},\"headline\":\"Manifestaciones a favor de mujeres y cultura en la entrega de los Ariel\",\"datePublished\":\"2019-06-25T14:12:30+00:00\",\"mainEntityOfPage\":{\"@id\":\"https:\\\/\\\/canal7slp.tv\\\/2019\\\/manifestaciones-a-favor-de-mujeres-y-cultura-en-la-entrega-de-los-ariel\\\/\"},\"wordCount\":965,\"commentCount\":0,\"publisher\":{\"@id\":\"https:\\\/\\\/canal7slp.tv\\\/2019\\\/#organization\"},\"image\":{\"@id\":\"https:\\\/\\\/canal7slp.tv\\\/2019\\\/manifestaciones-a-favor-de-mujeres-y-cultura-en-la-entrega-de-los-ariel\\\/#primaryimage\"},\"thumbnailUrl\":\"https:\\\/\\\/canal7slp.tv\\\/2019\\\/wp-content\\\/uploads\\\/2019\\\/06\\\/940-14.jpg\",\"articleSection\":[\"ESPECTACULOS\"],\"inLanguage\":\"es\",\"potentialAction\":[{\"@type\":\"CommentAction\",\"name\":\"Comment\",\"target\":[\"https:\\\/\\\/canal7slp.tv\\\/2019\\\/manifestaciones-a-favor-de-mujeres-y-cultura-en-la-entrega-de-los-ariel\\\/#respond\"]}]},{\"@type\":\"WebPage\",\"@id\":\"https:\\\/\\\/canal7slp.tv\\\/2019\\\/manifestaciones-a-favor-de-mujeres-y-cultura-en-la-entrega-de-los-ariel\\\/\",\"url\":\"https:\\\/\\\/canal7slp.tv\\\/2019\\\/manifestaciones-a-favor-de-mujeres-y-cultura-en-la-entrega-de-los-ariel\\\/\",\"name\":\"Manifestaciones a favor de mujeres y cultura en la entrega de los Ariel - Canal 7 SLP - 2019\",\"isPartOf\":{\"@id\":\"https:\\\/\\\/canal7slp.tv\\\/2019\\\/#website\"},\"primaryImageOfPage\":{\"@id\":\"https:\\\/\\\/canal7slp.tv\\\/2019\\\/manifestaciones-a-favor-de-mujeres-y-cultura-en-la-entrega-de-los-ariel\\\/#primaryimage\"},\"image\":{\"@id\":\"https:\\\/\\\/canal7slp.tv\\\/2019\\\/manifestaciones-a-favor-de-mujeres-y-cultura-en-la-entrega-de-los-ariel\\\/#primaryimage\"},\"thumbnailUrl\":\"https:\\\/\\\/canal7slp.tv\\\/2019\\\/wp-content\\\/uploads\\\/2019\\\/06\\\/940-14.jpg\",\"datePublished\":\"2019-06-25T14:12:30+00:00\",\"breadcrumb\":{\"@id\":\"https:\\\/\\\/canal7slp.tv\\\/2019\\\/manifestaciones-a-favor-de-mujeres-y-cultura-en-la-entrega-de-los-ariel\\\/#breadcrumb\"},\"inLanguage\":\"es\",\"potentialAction\":[{\"@type\":\"ReadAction\",\"target\":[\"https:\\\/\\\/canal7slp.tv\\\/2019\\\/manifestaciones-a-favor-de-mujeres-y-cultura-en-la-entrega-de-los-ariel\\\/\"]}]},{\"@type\":\"ImageObject\",\"inLanguage\":\"es\",\"@id\":\"https:\\\/\\\/canal7slp.tv\\\/2019\\\/manifestaciones-a-favor-de-mujeres-y-cultura-en-la-entrega-de-los-ariel\\\/#primaryimage\",\"url\":\"https:\\\/\\\/canal7slp.tv\\\/2019\\\/wp-content\\\/uploads\\\/2019\\\/06\\\/940-14.jpg\",\"contentUrl\":\"https:\\\/\\\/canal7slp.tv\\\/2019\\\/wp-content\\\/uploads\\\/2019\\\/06\\\/940-14.jpg\",\"width\":615,\"height\":410},{\"@type\":\"BreadcrumbList\",\"@id\":\"https:\\\/\\\/canal7slp.tv\\\/2019\\\/manifestaciones-a-favor-de-mujeres-y-cultura-en-la-entrega-de-los-ariel\\\/#breadcrumb\",\"itemListElement\":[{\"@type\":\"ListItem\",\"position\":1,\"name\":\"Home\",\"item\":\"https:\\\/\\\/canal7slp.tv\\\/2019\\\/\"},{\"@type\":\"ListItem\",\"position\":2,\"name\":\"Manifestaciones a favor de mujeres y cultura en la entrega de los Ariel\"}]},{\"@type\":\"WebSite\",\"@id\":\"https:\\\/\\\/canal7slp.tv\\\/2019\\\/#website\",\"url\":\"https:\\\/\\\/canal7slp.tv\\\/2019\\\/\",\"name\":\"Canal 7 SLP - Somos TV\",\"description\":\"Somos un Canal de 10\",\"publisher\":{\"@id\":\"https:\\\/\\\/canal7slp.tv\\\/2019\\\/#organization\"},\"potentialAction\":[{\"@type\":\"SearchAction\",\"target\":{\"@type\":\"EntryPoint\",\"urlTemplate\":\"https:\\\/\\\/canal7slp.tv\\\/2019\\\/?s={search_term_string}\"},\"query-input\":{\"@type\":\"PropertyValueSpecification\",\"valueRequired\":true,\"valueName\":\"search_term_string\"}}],\"inLanguage\":\"es\"},{\"@type\":\"Organization\",\"@id\":\"https:\\\/\\\/canal7slp.tv\\\/2019\\\/#organization\",\"name\":\"Comunicaci\u00f3n 2000 S.A. de C.V.\",\"url\":\"https:\\\/\\\/canal7slp.tv\\\/2019\\\/\",\"logo\":{\"@type\":\"ImageObject\",\"inLanguage\":\"es\",\"@id\":\"https:\\\/\\\/canal7slp.tv\\\/2019\\\/#\\\/schema\\\/logo\\\/image\\\/\",\"url\":\"https:\\\/\\\/canal7slp.tv\\\/2019\\\/wp-content\\\/uploads\\\/2019\\\/07\\\/logo-c7.png\",\"contentUrl\":\"https:\\\/\\\/canal7slp.tv\\\/2019\\\/wp-content\\\/uploads\\\/2019\\\/07\\\/logo-c7.png\",\"width\":220,\"height\":60,\"caption\":\"Comunicaci\u00f3n 2000 S.A. de C.V.\"},\"image\":{\"@id\":\"https:\\\/\\\/canal7slp.tv\\\/2019\\\/#\\\/schema\\\/logo\\\/image\\\/\"},\"sameAs\":[\"https:\\\/\\\/www.facebook.com\\\/CANAL7SLP\\\/\",\"https:\\\/\\\/x.com\\\/canal7_slp\",\"https:\\\/\\\/www.instagram.com\\\/canal7_slp\",\"https:\\\/\\\/www.youtube.com\\\/user\\\/NOTICIEROSCANAL7SLP\\\/\"]},{\"@type\":\"Person\",\"@id\":\"https:\\\/\\\/canal7slp.tv\\\/2019\\\/#\\\/schema\\\/person\\\/11d941c1c6ca30ac0a46b95fa37aa2e3\",\"name\":\"edicionweb\",\"image\":{\"@type\":\"ImageObject\",\"inLanguage\":\"es\",\"@id\":\"https:\\\/\\\/secure.gravatar.com\\\/avatar\\\/eee448fc3f7164808013b816ba91ac7e43bbe82a70bebac296f8bc6f0addaa1a?s=96&d=mm&r=g\",\"url\":\"https:\\\/\\\/secure.gravatar.com\\\/avatar\\\/eee448fc3f7164808013b816ba91ac7e43bbe82a70bebac296f8bc6f0addaa1a?s=96&d=mm&r=g\",\"contentUrl\":\"https:\\\/\\\/secure.gravatar.com\\\/avatar\\\/eee448fc3f7164808013b816ba91ac7e43bbe82a70bebac296f8bc6f0addaa1a?s=96&d=mm&r=g\",\"caption\":\"edicionweb\"}}]}<\/script>\n<!-- \/ Yoast SEO plugin. -->","yoast_head_json":{"title":"Manifestaciones a favor de mujeres y cultura en la entrega de los Ariel - Canal 7 SLP - 2019","robots":{"index":"index","follow":"follow","max-snippet":"max-snippet:-1","max-image-preview":"max-image-preview:large","max-video-preview":"max-video-preview:-1"},"canonical":"https:\/\/canal7slp.tv\/2019\/manifestaciones-a-favor-de-mujeres-y-cultura-en-la-entrega-de-los-ariel\/","og_locale":"es_ES","og_type":"article","og_title":"Manifestaciones a favor de mujeres y cultura en la entrega de los Ariel - Canal 7 SLP - 2019","og_description":"M\u00e9xico.- Entre manifestaciones a favor de los derechos de las mujeres y la urgencia de apoyar el arte y la cultura nacional, se llev\u00f3 a cabo la 61 entrega de los Premios Ariel, cuyos m\u00e1ximos galardones fueron para la pel\u00edcula \u201cRoma\u201d, de Alfonso Cuar\u00f3n. La fiesta del cine nacional estuvo encabezada por los representantes de [&hellip;]","og_url":"https:\/\/canal7slp.tv\/2019\/manifestaciones-a-favor-de-mujeres-y-cultura-en-la-entrega-de-los-ariel\/","og_site_name":"Canal 7 SLP - 2019","article_publisher":"https:\/\/www.facebook.com\/CANAL7SLP\/","article_published_time":"2019-06-25T14:12:30+00:00","og_image":[{"width":615,"height":410,"url":"https:\/\/canal7slp.tv\/2019\/wp-content\/uploads\/2019\/06\/940-14.jpg","type":"image\/jpeg"}],"author":"edicionweb","twitter_card":"summary_large_image","twitter_creator":"@canal7_slp","twitter_site":"@canal7_slp","twitter_misc":{"Escrito por":"edicionweb","Tiempo de lectura":"5 minutos"},"schema":{"@context":"https:\/\/schema.org","@graph":[{"@type":"Article","@id":"https:\/\/canal7slp.tv\/2019\/manifestaciones-a-favor-de-mujeres-y-cultura-en-la-entrega-de-los-ariel\/#article","isPartOf":{"@id":"https:\/\/canal7slp.tv\/2019\/manifestaciones-a-favor-de-mujeres-y-cultura-en-la-entrega-de-los-ariel\/"},"author":{"name":"edicionweb","@id":"https:\/\/canal7slp.tv\/2019\/#\/schema\/person\/11d941c1c6ca30ac0a46b95fa37aa2e3"},"headline":"Manifestaciones a favor de mujeres y cultura en la entrega de los Ariel","datePublished":"2019-06-25T14:12:30+00:00","mainEntityOfPage":{"@id":"https:\/\/canal7slp.tv\/2019\/manifestaciones-a-favor-de-mujeres-y-cultura-en-la-entrega-de-los-ariel\/"},"wordCount":965,"commentCount":0,"publisher":{"@id":"https:\/\/canal7slp.tv\/2019\/#organization"},"image":{"@id":"https:\/\/canal7slp.tv\/2019\/manifestaciones-a-favor-de-mujeres-y-cultura-en-la-entrega-de-los-ariel\/#primaryimage"},"thumbnailUrl":"https:\/\/canal7slp.tv\/2019\/wp-content\/uploads\/2019\/06\/940-14.jpg","articleSection":["ESPECTACULOS"],"inLanguage":"es","potentialAction":[{"@type":"CommentAction","name":"Comment","target":["https:\/\/canal7slp.tv\/2019\/manifestaciones-a-favor-de-mujeres-y-cultura-en-la-entrega-de-los-ariel\/#respond"]}]},{"@type":"WebPage","@id":"https:\/\/canal7slp.tv\/2019\/manifestaciones-a-favor-de-mujeres-y-cultura-en-la-entrega-de-los-ariel\/","url":"https:\/\/canal7slp.tv\/2019\/manifestaciones-a-favor-de-mujeres-y-cultura-en-la-entrega-de-los-ariel\/","name":"Manifestaciones a favor de mujeres y cultura en la entrega de los Ariel - Canal 7 SLP - 2019","isPartOf":{"@id":"https:\/\/canal7slp.tv\/2019\/#website"},"primaryImageOfPage":{"@id":"https:\/\/canal7slp.tv\/2019\/manifestaciones-a-favor-de-mujeres-y-cultura-en-la-entrega-de-los-ariel\/#primaryimage"},"image":{"@id":"https:\/\/canal7slp.tv\/2019\/manifestaciones-a-favor-de-mujeres-y-cultura-en-la-entrega-de-los-ariel\/#primaryimage"},"thumbnailUrl":"https:\/\/canal7slp.tv\/2019\/wp-content\/uploads\/2019\/06\/940-14.jpg","datePublished":"2019-06-25T14:12:30+00:00","breadcrumb":{"@id":"https:\/\/canal7slp.tv\/2019\/manifestaciones-a-favor-de-mujeres-y-cultura-en-la-entrega-de-los-ariel\/#breadcrumb"},"inLanguage":"es","potentialAction":[{"@type":"ReadAction","target":["https:\/\/canal7slp.tv\/2019\/manifestaciones-a-favor-de-mujeres-y-cultura-en-la-entrega-de-los-ariel\/"]}]},{"@type":"ImageObject","inLanguage":"es","@id":"https:\/\/canal7slp.tv\/2019\/manifestaciones-a-favor-de-mujeres-y-cultura-en-la-entrega-de-los-ariel\/#primaryimage","url":"https:\/\/canal7slp.tv\/2019\/wp-content\/uploads\/2019\/06\/940-14.jpg","contentUrl":"https:\/\/canal7slp.tv\/2019\/wp-content\/uploads\/2019\/06\/940-14.jpg","width":615,"height":410},{"@type":"BreadcrumbList","@id":"https:\/\/canal7slp.tv\/2019\/manifestaciones-a-favor-de-mujeres-y-cultura-en-la-entrega-de-los-ariel\/#breadcrumb","itemListElement":[{"@type":"ListItem","position":1,"name":"Home","item":"https:\/\/canal7slp.tv\/2019\/"},{"@type":"ListItem","position":2,"name":"Manifestaciones a favor de mujeres y cultura en la entrega de los Ariel"}]},{"@type":"WebSite","@id":"https:\/\/canal7slp.tv\/2019\/#website","url":"https:\/\/canal7slp.tv\/2019\/","name":"Canal 7 SLP - Somos TV","description":"Somos un Canal de 10","publisher":{"@id":"https:\/\/canal7slp.tv\/2019\/#organization"},"potentialAction":[{"@type":"SearchAction","target":{"@type":"EntryPoint","urlTemplate":"https:\/\/canal7slp.tv\/2019\/?s={search_term_string}"},"query-input":{"@type":"PropertyValueSpecification","valueRequired":true,"valueName":"search_term_string"}}],"inLanguage":"es"},{"@type":"Organization","@id":"https:\/\/canal7slp.tv\/2019\/#organization","name":"Comunicaci\u00f3n 2000 S.A. de C.V.","url":"https:\/\/canal7slp.tv\/2019\/","logo":{"@type":"ImageObject","inLanguage":"es","@id":"https:\/\/canal7slp.tv\/2019\/#\/schema\/logo\/image\/","url":"https:\/\/canal7slp.tv\/2019\/wp-content\/uploads\/2019\/07\/logo-c7.png","contentUrl":"https:\/\/canal7slp.tv\/2019\/wp-content\/uploads\/2019\/07\/logo-c7.png","width":220,"height":60,"caption":"Comunicaci\u00f3n 2000 S.A. de C.V."},"image":{"@id":"https:\/\/canal7slp.tv\/2019\/#\/schema\/logo\/image\/"},"sameAs":["https:\/\/www.facebook.com\/CANAL7SLP\/","https:\/\/x.com\/canal7_slp","https:\/\/www.instagram.com\/canal7_slp","https:\/\/www.youtube.com\/user\/NOTICIEROSCANAL7SLP\/"]},{"@type":"Person","@id":"https:\/\/canal7slp.tv\/2019\/#\/schema\/person\/11d941c1c6ca30ac0a46b95fa37aa2e3","name":"edicionweb","image":{"@type":"ImageObject","inLanguage":"es","@id":"https:\/\/secure.gravatar.com\/avatar\/eee448fc3f7164808013b816ba91ac7e43bbe82a70bebac296f8bc6f0addaa1a?s=96&d=mm&r=g","url":"https:\/\/secure.gravatar.com\/avatar\/eee448fc3f7164808013b816ba91ac7e43bbe82a70bebac296f8bc6f0addaa1a?s=96&d=mm&r=g","contentUrl":"https:\/\/secure.gravatar.com\/avatar\/eee448fc3f7164808013b816ba91ac7e43bbe82a70bebac296f8bc6f0addaa1a?s=96&d=mm&r=g","caption":"edicionweb"}}]}},"amp_enabled":true,"cmb2":{"video_ids_in_playlist":{"vid_p_videos":""},"video_ids_in_channel":{"vid_c_videos":""},"playlist_ids_in_channel":{"vid_c_playlists":""},"series_ids_in_channel":{"vid_c_series":""},"channel_images":{"vid_c_logo":"","vid_c_banner":""},"poster_feature_image":{"vid_m_poster_image":""},"gif_feature_image":{"vid_m_gif_image":""},"video_movie_settings":{"vid_m_director":"","vid_m_actor":"","vid_m_imdb_ratings":"","vid_m_amazon_associates":""},"vid_youtube_broadcasts_settings":{"vid_yb_broadcast_title":"","vid_yb_q":"","vid_yb_channelid":"","vid_yb_videocategoryid":"","vid_yb_maxresults":"","vid_yb_order":"","vid_yb_regioncode":"","vid_yb_videosyndicated":"","vid_yb_style":"","vid_yb_reload_first":""},"video_series_settings":{"vid_m_director":"","vid_m_actor":"","vid_m_imdb_ratings":"","video_series_group":""},"amazon_associates_settings":{"amazon_associates":"","amazon_native_ad":""},"vid_youtube_automatic_settings":{"vid_ya_youtube_source":"","vid_ya_update_every":"","vid_ya_update_unit":"","vid_ya_categories":"","vid_ya_published_after":"","vid_ya_published_before":"","vid_ya_playlists":"","vid_ya_channels":"","vid_ya_director":"","vid_ya_actor":"","vid_ya_author":"","vid_ya_import_post_date":"","vid_ya_status":"","vid_ya_sub_api_key":""},"vid_ads_m_videoads_settings_post":{"vid_ads_m_video_ads":"","vid_ads_m_video_ads_type":"","vid_ads_m_group_google_ima":"","vid_ads_m_group_image":"","vid_ads_m_group_html5_video":"","vid_ads_m_group_html":"","vid_ads_m_vast_preroll":"","vid_ads_m_vast_postroll":"","vid_ads_m_vast_pauseroll":"","vid_ads_m_vast_midroll":[{"vid_ads_m_vast_timer_seconds":"50"}],"vid_ads_m_time_to_show_ads":"","vid_ads_m_time_skip_ads":"","vid_ads_m_time_to_hide_ads":""},"page_slider_settings":{"display_slider_group":"","page_slider_group":""},"blog_page_settings":{"blog_page_title":"","blog_page_heading":"","blog_page_ic":"","blog_page_it":"","blog_page_ec":"","blog_page_ip":"","archive_loop_style":"","blog_image_ratio":"","blog_show_categories":"","blog_show_excerpt":"","blog_show_author":"","blog_show_date":"","blog_show_comment_count":"","blog_show_view_count":"","blog_show_like_count":"","blog_show_dislike_count":"","blog_items_per_page":"","blog_pag_type":""},"page_options":{"get_page_template":"","color_mode":"","main_layout":"","main_layout_full_with":"","main_logo":"","main_logo_retina":"","main_logo_mobile":"","main_logo_mobile_retina":"","sticky_logo":"","sticky_logo_retina":"","main_nav_layout":"","ajax_search":"","header_background":"","theme_sidebar":"","instagram_feed":"","instagram_feed_position":"","popular_videos":"","popular_videos_title_1":"","popular_videos_title_2":"","popular_videos_ic":"","popular_videos_it":"","theme_background":"","page_custom_css":""},"feature_image_settings":{"feature_image_position":""},"video_player_settings":{"single_video_style":"","video_player_position":"","vm_video_url":"","video_player_library":"","video_streaming":"","vm_media_sources":"","vid_auto_play":"","vm_video_shortcode":"","vid_p_sync_playlist":"","vid_c_sync_channel":"","get_post_format":"","multiple_links_structure":"default","multi_links_title":"","vm_video_multi_links":"","vm_duration":"","vid_social_locker":"off","vid_social_locker_id":"","vid_membership_action":"content-video","vm_video_trailer_url":"","vid_download_type":"free","vid_download_target":"download","vid_woo_product":"","vm_media_download":"","user_rating":"","user_rating_position":"","user_rating_mode":"","user_rating_multi_sets":""},"video_auto_fetch_settings":{"vm_video_fetch":"on"},"video_fake_views_likes":{"vm_fake_views":"","vm_fake_likes":"","vm_fake_dislikes":""},"gallery_settings":{"gallery_position":""},"quote_settings":{"quote_position":""},"post_options":{"main_layout":"","main_logo":"","main_logo_retina":"","main_logo_mobile":"","main_logo_mobile_retina":"","sticky_logo":"","sticky_logo_retina":"","main_nav_layout":"","header_background":"","theme_sidebar":"","single_post_comment_type":"","theme_background":""}},"_links":{"self":[{"href":"https:\/\/canal7slp.tv\/2019\/wp-json\/wp\/v2\/posts\/21966","targetHints":{"allow":["GET"]}}],"collection":[{"href":"https:\/\/canal7slp.tv\/2019\/wp-json\/wp\/v2\/posts"}],"about":[{"href":"https:\/\/canal7slp.tv\/2019\/wp-json\/wp\/v2\/types\/post"}],"author":[{"embeddable":true,"href":"https:\/\/canal7slp.tv\/2019\/wp-json\/wp\/v2\/users\/2"}],"replies":[{"embeddable":true,"href":"https:\/\/canal7slp.tv\/2019\/wp-json\/wp\/v2\/comments?post=21966"}],"version-history":[{"count":0,"href":"https:\/\/canal7slp.tv\/2019\/wp-json\/wp\/v2\/posts\/21966\/revisions"}],"wp:featuredmedia":[{"embeddable":true,"href":"https:\/\/canal7slp.tv\/2019\/wp-json\/wp\/v2\/media\/21967"}],"wp:attachment":[{"href":"https:\/\/canal7slp.tv\/2019\/wp-json\/wp\/v2\/media?parent=21966"}],"wp:term":[{"taxonomy":"category","embeddable":true,"href":"https:\/\/canal7slp.tv\/2019\/wp-json\/wp\/v2\/categories?post=21966"},{"taxonomy":"post_tag","embeddable":true,"href":"https:\/\/canal7slp.tv\/2019\/wp-json\/wp\/v2\/tags?post=21966"}],"curies":[{"name":"wp","href":"https:\/\/api.w.org\/{rel}","templated":true}]}}