{"id":20020,"date":"2019-06-21T14:33:30","date_gmt":"2019-06-21T19:33:30","guid":{"rendered":"https:\/\/canal7slp.tv\/2019\/?p=20020"},"modified":"2019-06-21T14:33:30","modified_gmt":"2019-06-21T19:33:30","slug":"bachelet-y-guaido-conversan-sobre-la-crisis-en-venezuela","status":"publish","type":"post","link":"https:\/\/canal7slp.tv\/2019\/bachelet-y-guaido-conversan-sobre-la-crisis-en-venezuela\/","title":{"rendered":"Bachelet y Guaid\u00f3 conversan sobre la crisis en Venezuela"},"content":{"rendered":"<p>Caraca.- El presidente de la Asamblea Nacional (AN) de Venezuela, el opositor Juan Guaid\u00f3, inform\u00f3 hoy que en su reuni\u00f3n con la Alta Comisionada de Naciones Unidas para los Derechos Humanos, Michelle Bachelet, analizaron la situaci\u00f3n de las v\u00edctimas de violaci\u00f3n a los derechos humanos, los presos pol\u00edticos y la inmigraci\u00f3n.<\/p>\n<p>En rueda de prensa, al t\u00e9rmino del encuentro, Guaid\u00f3 indic\u00f3 que esta reuni\u00f3n servir\u00e1 para presentar soluciones al \u201cconflicto y a la tragedia\u201d que se vive en Venezuela.<\/p>\n<p>\u201cEsta reuni\u00f3n habla de la importancia de la situaci\u00f3n dentro de la crisis, el reconocimiento impl\u00edcito y expl\u00edcito de la emergencia humanitaria compleja que vive Venezuela, es una cat\u00e1strofe sin precedentes en el hemisferio\u201d, incluso en el mundo, dijo Guaid\u00f3 en la escalinata de la AN.<\/p>\n<p>Agreg\u00f3 que con la exmandataria chilena convers\u00f3 sobre el seguimiento a los casos de los presos pol\u00edticos en materia de derechos humanos.<\/p>\n<p>Guaid\u00f3, quien en enero pasado se jurament\u00f3 como presidente encargado de Venezuela, expres\u00f3 que Bachelet est\u00e1 \u201cmuy preocupada luego de su reuni\u00f3n, de casi cinco horas, con familiares y v\u00edctimas (\u2026) de un pa\u00eds, de una sociedad que ha sufrido mucho\u201d.<\/p>\n<p>Insisti\u00f3 en que \u201cnos interesa no s\u00f3lo atender la violaci\u00f3n a los derechos humanos, sino atacar la causa de todo esto, que es la dictadura (\u2026) hay que tomar soluciones reales para atender los derechos humanos\u201d, se\u00f1al\u00f3.<\/p>\n<p>\u201cVamos a tomar soluciones, como parte de la conversaci\u00f3n (con Bachelet) para frenar el flujo migratorio, para lograr que se frene la violaci\u00f3n, grave y sistem\u00e1tica, a los derechos humanos, hay que tomar soluciones reales al conflicto venezolano\u201d, resalt\u00f3.<\/p>\n<p>El l\u00edder opositor reiter\u00f3 la bienvenida a la ayuda que ofrecen la Organizaci\u00f3n de las Naciones Unidas (ONU) y cada uno de los pa\u00edses que han acogido a venezolanos.<\/p>\n<p>Enfatiz\u00f3 que lo importante de la visita de la funcionaria de la ONU es no s\u00f3lo visibilizar la crisis, \u201cporque el diagn\u00f3stico de lo que pasa en Venezuela es muy claro, para nosotros lo importante es aproximar soluciones a la cat\u00e1strofe humanitaria que vive Venezuela\u201d.<\/p>\n<p>Guaid\u00f3 indic\u00f3 que no se debe considerar la visita de Bachelet como una soluci\u00f3n inmediata, sino una manera de visibilizar a\u00fan m\u00e1s la crisis venezolana.<\/p>\n<p>En ese sentido, llam\u00f3 a los venezolanos a coadyuvar a la soluci\u00f3n a la crisis que se viven en el pa\u00eds y no dejar todo en manos de la funcionaria de la ONU, que esta tarde concluir\u00e1 su visita de tres d\u00edas a Venezuela con una rueda de prensa.<\/p>\n<p>Detall\u00f3 que luego que la alta comisionada concluya sus encuentros con los distintos actores pol\u00edticos y sociales de este pa\u00eds, entregar\u00e1 un informe a Naciones Unidas el pr\u00f3ximo 5 de julio.<\/p>\n<p>Entre otros temas, Bachelet y Guaid\u00f3 tambi\u00e9n disertaron sobre torturas en las c\u00e1rceles, uso de colectivos paramilitares para atacar a ciudadanos, y presencia de militares extranjeros en este pa\u00eds sudamericano.<\/p>\n","protected":false},"excerpt":{"rendered":"<p>Caraca.- El presidente de la Asamblea Nacional (AN) de Venezuela, el opositor Juan Guaid\u00f3, inform\u00f3 hoy que en su reuni\u00f3n con la Alta Comisionada de Naciones Unidas para los Derechos Humanos, Michelle Bachelet, analizaron la situaci\u00f3n de las v\u00edctimas de violaci\u00f3n a los derechos humanos, los presos pol\u00edticos y la inmigraci\u00f3n. En rueda de prensa, [&hellip;]<\/p>\n","protected":false},"author":2,"featured_media":20021,"comment_status":"open","ping_status":"closed","sticky":false,"template":"","format":"standard","meta":{"footnotes":""},"categories":[18],"tags":[],"class_list":["post-20020","post","type-post","status-publish","format-standard","has-post-thumbnail","hentry","category-internacional"],"yoast_head":"<!-- This site is optimized with the Yoast SEO plugin v27.5 - https:\/\/yoast.com\/product\/yoast-seo-wordpress\/ -->\n<title>Bachelet y Guaid\u00f3 conversan sobre la crisis en Venezuela - Canal 7 SLP - 2019<\/title>\n<meta name=\"robots\" content=\"index, follow, max-snippet:-1, max-image-preview:large, max-video-preview:-1\" \/>\n<link rel=\"canonical\" href=\"https:\/\/canal7slp.tv\/2019\/bachelet-y-guaido-conversan-sobre-la-crisis-en-venezuela\/\" \/>\n<meta property=\"og:locale\" content=\"es_ES\" \/>\n<meta property=\"og:type\" content=\"article\" \/>\n<meta property=\"og:title\" content=\"Bachelet y Guaid\u00f3 conversan sobre la crisis en Venezuela - Canal 7 SLP - 2019\" \/>\n<meta property=\"og:description\" content=\"Caraca.- El presidente de la Asamblea Nacional (AN) de Venezuela, el opositor Juan Guaid\u00f3, inform\u00f3 hoy que en su reuni\u00f3n con la Alta Comisionada de Naciones Unidas para los Derechos Humanos, Michelle Bachelet, analizaron la situaci\u00f3n de las v\u00edctimas de violaci\u00f3n a los derechos humanos, los presos pol\u00edticos y la inmigraci\u00f3n. En rueda de prensa, [&hellip;]\" \/>\n<meta property=\"og:url\" content=\"https:\/\/canal7slp.tv\/2019\/bachelet-y-guaido-conversan-sobre-la-crisis-en-venezuela\/\" \/>\n<meta property=\"og:site_name\" content=\"Canal 7 SLP - 2019\" \/>\n<meta property=\"article:publisher\" content=\"https:\/\/www.facebook.com\/CANAL7SLP\/\" \/>\n<meta property=\"article:published_time\" content=\"2019-06-21T19:33:30+00:00\" \/>\n<meta property=\"og:image\" content=\"https:\/\/canal7slp.tv\/2019\/wp-content\/uploads\/2019\/06\/17-1.jpeg\" \/>\n\t<meta property=\"og:image:width\" content=\"729\" \/>\n\t<meta property=\"og:image:height\" content=\"410\" \/>\n\t<meta property=\"og:image:type\" content=\"image\/jpeg\" \/>\n<meta name=\"author\" content=\"edicionweb\" \/>\n<meta name=\"twitter:card\" content=\"summary_large_image\" \/>\n<meta name=\"twitter:creator\" content=\"@canal7_slp\" \/>\n<meta name=\"twitter:site\" content=\"@canal7_slp\" \/>\n<meta name=\"twitter:label1\" content=\"Escrito por\" \/>\n\t<meta name=\"twitter:data1\" content=\"edicionweb\" \/>\n\t<meta name=\"twitter:label2\" content=\"Tiempo de lectura\" \/>\n\t<meta name=\"twitter:data2\" content=\"3 minutos\" \/>\n<script type=\"application\/ld+json\" class=\"yoast-schema-graph\">{\"@context\":\"https:\\\/\\\/schema.org\",\"@graph\":[{\"@type\":\"Article\",\"@id\":\"https:\\\/\\\/canal7slp.tv\\\/2019\\\/bachelet-y-guaido-conversan-sobre-la-crisis-en-venezuela\\\/#article\",\"isPartOf\":{\"@id\":\"https:\\\/\\\/canal7slp.tv\\\/2019\\\/bachelet-y-guaido-conversan-sobre-la-crisis-en-venezuela\\\/\"},\"author\":{\"name\":\"edicionweb\",\"@id\":\"https:\\\/\\\/canal7slp.tv\\\/2019\\\/#\\\/schema\\\/person\\\/11d941c1c6ca30ac0a46b95fa37aa2e3\"},\"headline\":\"Bachelet y Guaid\u00f3 conversan sobre la crisis en Venezuela\",\"datePublished\":\"2019-06-21T19:33:30+00:00\",\"mainEntityOfPage\":{\"@id\":\"https:\\\/\\\/canal7slp.tv\\\/2019\\\/bachelet-y-guaido-conversan-sobre-la-crisis-en-venezuela\\\/\"},\"wordCount\":521,\"commentCount\":0,\"publisher\":{\"@id\":\"https:\\\/\\\/canal7slp.tv\\\/2019\\\/#organization\"},\"image\":{\"@id\":\"https:\\\/\\\/canal7slp.tv\\\/2019\\\/bachelet-y-guaido-conversan-sobre-la-crisis-en-venezuela\\\/#primaryimage\"},\"thumbnailUrl\":\"https:\\\/\\\/canal7slp.tv\\\/2019\\\/wp-content\\\/uploads\\\/2019\\\/06\\\/17-1.jpeg\",\"articleSection\":[\"INTERNACIONAL\"],\"inLanguage\":\"es\",\"potentialAction\":[{\"@type\":\"CommentAction\",\"name\":\"Comment\",\"target\":[\"https:\\\/\\\/canal7slp.tv\\\/2019\\\/bachelet-y-guaido-conversan-sobre-la-crisis-en-venezuela\\\/#respond\"]}]},{\"@type\":\"WebPage\",\"@id\":\"https:\\\/\\\/canal7slp.tv\\\/2019\\\/bachelet-y-guaido-conversan-sobre-la-crisis-en-venezuela\\\/\",\"url\":\"https:\\\/\\\/canal7slp.tv\\\/2019\\\/bachelet-y-guaido-conversan-sobre-la-crisis-en-venezuela\\\/\",\"name\":\"Bachelet y Guaid\u00f3 conversan sobre la crisis en Venezuela - Canal 7 SLP - 2019\",\"isPartOf\":{\"@id\":\"https:\\\/\\\/canal7slp.tv\\\/2019\\\/#website\"},\"primaryImageOfPage\":{\"@id\":\"https:\\\/\\\/canal7slp.tv\\\/2019\\\/bachelet-y-guaido-conversan-sobre-la-crisis-en-venezuela\\\/#primaryimage\"},\"image\":{\"@id\":\"https:\\\/\\\/canal7slp.tv\\\/2019\\\/bachelet-y-guaido-conversan-sobre-la-crisis-en-venezuela\\\/#primaryimage\"},\"thumbnailUrl\":\"https:\\\/\\\/canal7slp.tv\\\/2019\\\/wp-content\\\/uploads\\\/2019\\\/06\\\/17-1.jpeg\",\"datePublished\":\"2019-06-21T19:33:30+00:00\",\"breadcrumb\":{\"@id\":\"https:\\\/\\\/canal7slp.tv\\\/2019\\\/bachelet-y-guaido-conversan-sobre-la-crisis-en-venezuela\\\/#breadcrumb\"},\"inLanguage\":\"es\",\"potentialAction\":[{\"@type\":\"ReadAction\",\"target\":[\"https:\\\/\\\/canal7slp.tv\\\/2019\\\/bachelet-y-guaido-conversan-sobre-la-crisis-en-venezuela\\\/\"]}]},{\"@type\":\"ImageObject\",\"inLanguage\":\"es\",\"@id\":\"https:\\\/\\\/canal7slp.tv\\\/2019\\\/bachelet-y-guaido-conversan-sobre-la-crisis-en-venezuela\\\/#primaryimage\",\"url\":\"https:\\\/\\\/canal7slp.tv\\\/2019\\\/wp-content\\\/uploads\\\/2019\\\/06\\\/17-1.jpeg\",\"contentUrl\":\"https:\\\/\\\/canal7slp.tv\\\/2019\\\/wp-content\\\/uploads\\\/2019\\\/06\\\/17-1.jpeg\",\"width\":729,\"height\":410},{\"@type\":\"BreadcrumbList\",\"@id\":\"https:\\\/\\\/canal7slp.tv\\\/2019\\\/bachelet-y-guaido-conversan-sobre-la-crisis-en-venezuela\\\/#breadcrumb\",\"itemListElement\":[{\"@type\":\"ListItem\",\"position\":1,\"name\":\"Home\",\"item\":\"https:\\\/\\\/canal7slp.tv\\\/2019\\\/\"},{\"@type\":\"ListItem\",\"position\":2,\"name\":\"Bachelet y Guaid\u00f3 conversan sobre la crisis en Venezuela\"}]},{\"@type\":\"WebSite\",\"@id\":\"https:\\\/\\\/canal7slp.tv\\\/2019\\\/#website\",\"url\":\"https:\\\/\\\/canal7slp.tv\\\/2019\\\/\",\"name\":\"Canal 7 SLP - Somos TV\",\"description\":\"Somos un Canal de 10\",\"publisher\":{\"@id\":\"https:\\\/\\\/canal7slp.tv\\\/2019\\\/#organization\"},\"potentialAction\":[{\"@type\":\"SearchAction\",\"target\":{\"@type\":\"EntryPoint\",\"urlTemplate\":\"https:\\\/\\\/canal7slp.tv\\\/2019\\\/?s={search_term_string}\"},\"query-input\":{\"@type\":\"PropertyValueSpecification\",\"valueRequired\":true,\"valueName\":\"search_term_string\"}}],\"inLanguage\":\"es\"},{\"@type\":\"Organization\",\"@id\":\"https:\\\/\\\/canal7slp.tv\\\/2019\\\/#organization\",\"name\":\"Comunicaci\u00f3n 2000 S.A. de C.V.\",\"url\":\"https:\\\/\\\/canal7slp.tv\\\/2019\\\/\",\"logo\":{\"@type\":\"ImageObject\",\"inLanguage\":\"es\",\"@id\":\"https:\\\/\\\/canal7slp.tv\\\/2019\\\/#\\\/schema\\\/logo\\\/image\\\/\",\"url\":\"https:\\\/\\\/canal7slp.tv\\\/2019\\\/wp-content\\\/uploads\\\/2019\\\/07\\\/logo-c7.png\",\"contentUrl\":\"https:\\\/\\\/canal7slp.tv\\\/2019\\\/wp-content\\\/uploads\\\/2019\\\/07\\\/logo-c7.png\",\"width\":220,\"height\":60,\"caption\":\"Comunicaci\u00f3n 2000 S.A. de C.V.\"},\"image\":{\"@id\":\"https:\\\/\\\/canal7slp.tv\\\/2019\\\/#\\\/schema\\\/logo\\\/image\\\/\"},\"sameAs\":[\"https:\\\/\\\/www.facebook.com\\\/CANAL7SLP\\\/\",\"https:\\\/\\\/x.com\\\/canal7_slp\",\"https:\\\/\\\/www.instagram.com\\\/canal7_slp\",\"https:\\\/\\\/www.youtube.com\\\/user\\\/NOTICIEROSCANAL7SLP\\\/\"]},{\"@type\":\"Person\",\"@id\":\"https:\\\/\\\/canal7slp.tv\\\/2019\\\/#\\\/schema\\\/person\\\/11d941c1c6ca30ac0a46b95fa37aa2e3\",\"name\":\"edicionweb\",\"image\":{\"@type\":\"ImageObject\",\"inLanguage\":\"es\",\"@id\":\"https:\\\/\\\/secure.gravatar.com\\\/avatar\\\/eee448fc3f7164808013b816ba91ac7e43bbe82a70bebac296f8bc6f0addaa1a?s=96&d=mm&r=g\",\"url\":\"https:\\\/\\\/secure.gravatar.com\\\/avatar\\\/eee448fc3f7164808013b816ba91ac7e43bbe82a70bebac296f8bc6f0addaa1a?s=96&d=mm&r=g\",\"contentUrl\":\"https:\\\/\\\/secure.gravatar.com\\\/avatar\\\/eee448fc3f7164808013b816ba91ac7e43bbe82a70bebac296f8bc6f0addaa1a?s=96&d=mm&r=g\",\"caption\":\"edicionweb\"}}]}<\/script>\n<!-- \/ Yoast SEO plugin. -->","yoast_head_json":{"title":"Bachelet y Guaid\u00f3 conversan sobre la crisis en Venezuela - Canal 7 SLP - 2019","robots":{"index":"index","follow":"follow","max-snippet":"max-snippet:-1","max-image-preview":"max-image-preview:large","max-video-preview":"max-video-preview:-1"},"canonical":"https:\/\/canal7slp.tv\/2019\/bachelet-y-guaido-conversan-sobre-la-crisis-en-venezuela\/","og_locale":"es_ES","og_type":"article","og_title":"Bachelet y Guaid\u00f3 conversan sobre la crisis en Venezuela - Canal 7 SLP - 2019","og_description":"Caraca.- El presidente de la Asamblea Nacional (AN) de Venezuela, el opositor Juan Guaid\u00f3, inform\u00f3 hoy que en su reuni\u00f3n con la Alta Comisionada de Naciones Unidas para los Derechos Humanos, Michelle Bachelet, analizaron la situaci\u00f3n de las v\u00edctimas de violaci\u00f3n a los derechos humanos, los presos pol\u00edticos y la inmigraci\u00f3n. En rueda de prensa, [&hellip;]","og_url":"https:\/\/canal7slp.tv\/2019\/bachelet-y-guaido-conversan-sobre-la-crisis-en-venezuela\/","og_site_name":"Canal 7 SLP - 2019","article_publisher":"https:\/\/www.facebook.com\/CANAL7SLP\/","article_published_time":"2019-06-21T19:33:30+00:00","og_image":[{"width":729,"height":410,"url":"https:\/\/canal7slp.tv\/2019\/wp-content\/uploads\/2019\/06\/17-1.jpeg","type":"image\/jpeg"}],"author":"edicionweb","twitter_card":"summary_large_image","twitter_creator":"@canal7_slp","twitter_site":"@canal7_slp","twitter_misc":{"Escrito por":"edicionweb","Tiempo de lectura":"3 minutos"},"schema":{"@context":"https:\/\/schema.org","@graph":[{"@type":"Article","@id":"https:\/\/canal7slp.tv\/2019\/bachelet-y-guaido-conversan-sobre-la-crisis-en-venezuela\/#article","isPartOf":{"@id":"https:\/\/canal7slp.tv\/2019\/bachelet-y-guaido-conversan-sobre-la-crisis-en-venezuela\/"},"author":{"name":"edicionweb","@id":"https:\/\/canal7slp.tv\/2019\/#\/schema\/person\/11d941c1c6ca30ac0a46b95fa37aa2e3"},"headline":"Bachelet y Guaid\u00f3 conversan sobre la crisis en Venezuela","datePublished":"2019-06-21T19:33:30+00:00","mainEntityOfPage":{"@id":"https:\/\/canal7slp.tv\/2019\/bachelet-y-guaido-conversan-sobre-la-crisis-en-venezuela\/"},"wordCount":521,"commentCount":0,"publisher":{"@id":"https:\/\/canal7slp.tv\/2019\/#organization"},"image":{"@id":"https:\/\/canal7slp.tv\/2019\/bachelet-y-guaido-conversan-sobre-la-crisis-en-venezuela\/#primaryimage"},"thumbnailUrl":"https:\/\/canal7slp.tv\/2019\/wp-content\/uploads\/2019\/06\/17-1.jpeg","articleSection":["INTERNACIONAL"],"inLanguage":"es","potentialAction":[{"@type":"CommentAction","name":"Comment","target":["https:\/\/canal7slp.tv\/2019\/bachelet-y-guaido-conversan-sobre-la-crisis-en-venezuela\/#respond"]}]},{"@type":"WebPage","@id":"https:\/\/canal7slp.tv\/2019\/bachelet-y-guaido-conversan-sobre-la-crisis-en-venezuela\/","url":"https:\/\/canal7slp.tv\/2019\/bachelet-y-guaido-conversan-sobre-la-crisis-en-venezuela\/","name":"Bachelet y Guaid\u00f3 conversan sobre la crisis en Venezuela - Canal 7 SLP - 2019","isPartOf":{"@id":"https:\/\/canal7slp.tv\/2019\/#website"},"primaryImageOfPage":{"@id":"https:\/\/canal7slp.tv\/2019\/bachelet-y-guaido-conversan-sobre-la-crisis-en-venezuela\/#primaryimage"},"image":{"@id":"https:\/\/canal7slp.tv\/2019\/bachelet-y-guaido-conversan-sobre-la-crisis-en-venezuela\/#primaryimage"},"thumbnailUrl":"https:\/\/canal7slp.tv\/2019\/wp-content\/uploads\/2019\/06\/17-1.jpeg","datePublished":"2019-06-21T19:33:30+00:00","breadcrumb":{"@id":"https:\/\/canal7slp.tv\/2019\/bachelet-y-guaido-conversan-sobre-la-crisis-en-venezuela\/#breadcrumb"},"inLanguage":"es","potentialAction":[{"@type":"ReadAction","target":["https:\/\/canal7slp.tv\/2019\/bachelet-y-guaido-conversan-sobre-la-crisis-en-venezuela\/"]}]},{"@type":"ImageObject","inLanguage":"es","@id":"https:\/\/canal7slp.tv\/2019\/bachelet-y-guaido-conversan-sobre-la-crisis-en-venezuela\/#primaryimage","url":"https:\/\/canal7slp.tv\/2019\/wp-content\/uploads\/2019\/06\/17-1.jpeg","contentUrl":"https:\/\/canal7slp.tv\/2019\/wp-content\/uploads\/2019\/06\/17-1.jpeg","width":729,"height":410},{"@type":"BreadcrumbList","@id":"https:\/\/canal7slp.tv\/2019\/bachelet-y-guaido-conversan-sobre-la-crisis-en-venezuela\/#breadcrumb","itemListElement":[{"@type":"ListItem","position":1,"name":"Home","item":"https:\/\/canal7slp.tv\/2019\/"},{"@type":"ListItem","position":2,"name":"Bachelet y Guaid\u00f3 conversan sobre la crisis en Venezuela"}]},{"@type":"WebSite","@id":"https:\/\/canal7slp.tv\/2019\/#website","url":"https:\/\/canal7slp.tv\/2019\/","name":"Canal 7 SLP - Somos TV","description":"Somos un Canal de 10","publisher":{"@id":"https:\/\/canal7slp.tv\/2019\/#organization"},"potentialAction":[{"@type":"SearchAction","target":{"@type":"EntryPoint","urlTemplate":"https:\/\/canal7slp.tv\/2019\/?s={search_term_string}"},"query-input":{"@type":"PropertyValueSpecification","valueRequired":true,"valueName":"search_term_string"}}],"inLanguage":"es"},{"@type":"Organization","@id":"https:\/\/canal7slp.tv\/2019\/#organization","name":"Comunicaci\u00f3n 2000 S.A. de C.V.","url":"https:\/\/canal7slp.tv\/2019\/","logo":{"@type":"ImageObject","inLanguage":"es","@id":"https:\/\/canal7slp.tv\/2019\/#\/schema\/logo\/image\/","url":"https:\/\/canal7slp.tv\/2019\/wp-content\/uploads\/2019\/07\/logo-c7.png","contentUrl":"https:\/\/canal7slp.tv\/2019\/wp-content\/uploads\/2019\/07\/logo-c7.png","width":220,"height":60,"caption":"Comunicaci\u00f3n 2000 S.A. de C.V."},"image":{"@id":"https:\/\/canal7slp.tv\/2019\/#\/schema\/logo\/image\/"},"sameAs":["https:\/\/www.facebook.com\/CANAL7SLP\/","https:\/\/x.com\/canal7_slp","https:\/\/www.instagram.com\/canal7_slp","https:\/\/www.youtube.com\/user\/NOTICIEROSCANAL7SLP\/"]},{"@type":"Person","@id":"https:\/\/canal7slp.tv\/2019\/#\/schema\/person\/11d941c1c6ca30ac0a46b95fa37aa2e3","name":"edicionweb","image":{"@type":"ImageObject","inLanguage":"es","@id":"https:\/\/secure.gravatar.com\/avatar\/eee448fc3f7164808013b816ba91ac7e43bbe82a70bebac296f8bc6f0addaa1a?s=96&d=mm&r=g","url":"https:\/\/secure.gravatar.com\/avatar\/eee448fc3f7164808013b816ba91ac7e43bbe82a70bebac296f8bc6f0addaa1a?s=96&d=mm&r=g","contentUrl":"https:\/\/secure.gravatar.com\/avatar\/eee448fc3f7164808013b816ba91ac7e43bbe82a70bebac296f8bc6f0addaa1a?s=96&d=mm&r=g","caption":"edicionweb"}}]}},"amp_enabled":true,"cmb2":{"video_ids_in_playlist":{"vid_p_videos":""},"video_ids_in_channel":{"vid_c_videos":""},"playlist_ids_in_channel":{"vid_c_playlists":""},"series_ids_in_channel":{"vid_c_series":""},"channel_images":{"vid_c_logo":"","vid_c_banner":""},"poster_feature_image":{"vid_m_poster_image":""},"gif_feature_image":{"vid_m_gif_image":""},"video_movie_settings":{"vid_m_director":"","vid_m_actor":"","vid_m_imdb_ratings":"","vid_m_amazon_associates":""},"vid_youtube_broadcasts_settings":{"vid_yb_broadcast_title":"","vid_yb_q":"","vid_yb_channelid":"","vid_yb_videocategoryid":"","vid_yb_maxresults":"","vid_yb_order":"","vid_yb_regioncode":"","vid_yb_videosyndicated":"","vid_yb_style":"","vid_yb_reload_first":""},"video_series_settings":{"vid_m_director":"","vid_m_actor":"","vid_m_imdb_ratings":"","video_series_group":""},"amazon_associates_settings":{"amazon_associates":"","amazon_native_ad":""},"vid_youtube_automatic_settings":{"vid_ya_youtube_source":"","vid_ya_update_every":"","vid_ya_update_unit":"","vid_ya_categories":"","vid_ya_published_after":"","vid_ya_published_before":"","vid_ya_playlists":"","vid_ya_channels":"","vid_ya_director":"","vid_ya_actor":"","vid_ya_author":"","vid_ya_import_post_date":"","vid_ya_status":"","vid_ya_sub_api_key":""},"vid_ads_m_videoads_settings_post":{"vid_ads_m_video_ads":"","vid_ads_m_video_ads_type":"","vid_ads_m_group_google_ima":"","vid_ads_m_group_image":"","vid_ads_m_group_html5_video":"","vid_ads_m_group_html":"","vid_ads_m_vast_preroll":"","vid_ads_m_vast_postroll":"","vid_ads_m_vast_pauseroll":"","vid_ads_m_vast_midroll":[{"vid_ads_m_vast_timer_seconds":"50"}],"vid_ads_m_time_to_show_ads":"","vid_ads_m_time_skip_ads":"","vid_ads_m_time_to_hide_ads":""},"page_slider_settings":{"display_slider_group":"","page_slider_group":""},"blog_page_settings":{"blog_page_title":"","blog_page_heading":"","blog_page_ic":"","blog_page_it":"","blog_page_ec":"","blog_page_ip":"","archive_loop_style":"","blog_image_ratio":"","blog_show_categories":"","blog_show_excerpt":"","blog_show_author":"","blog_show_date":"","blog_show_comment_count":"","blog_show_view_count":"","blog_show_like_count":"","blog_show_dislike_count":"","blog_items_per_page":"","blog_pag_type":""},"page_options":{"get_page_template":"","color_mode":"","main_layout":"","main_layout_full_with":"","main_logo":"","main_logo_retina":"","main_logo_mobile":"","main_logo_mobile_retina":"","sticky_logo":"","sticky_logo_retina":"","main_nav_layout":"","ajax_search":"","header_background":"","theme_sidebar":"","instagram_feed":"","instagram_feed_position":"","popular_videos":"","popular_videos_title_1":"","popular_videos_title_2":"","popular_videos_ic":"","popular_videos_it":"","theme_background":"","page_custom_css":""},"feature_image_settings":{"feature_image_position":""},"video_player_settings":{"single_video_style":"","video_player_position":"","vm_video_url":"","video_player_library":"","video_streaming":"","vm_media_sources":"","vid_auto_play":"","vm_video_shortcode":"","vid_p_sync_playlist":"","vid_c_sync_channel":"","get_post_format":"","multiple_links_structure":"default","multi_links_title":"","vm_video_multi_links":"","vm_duration":"","vid_social_locker":"off","vid_social_locker_id":"","vid_membership_action":"content-video","vm_video_trailer_url":"","vid_download_type":"free","vid_download_target":"download","vid_woo_product":"","vm_media_download":"","user_rating":"","user_rating_position":"","user_rating_mode":"","user_rating_multi_sets":""},"video_auto_fetch_settings":{"vm_video_fetch":"on"},"video_fake_views_likes":{"vm_fake_views":"","vm_fake_likes":"","vm_fake_dislikes":""},"gallery_settings":{"gallery_position":""},"quote_settings":{"quote_position":""},"post_options":{"main_layout":"","main_logo":"","main_logo_retina":"","main_logo_mobile":"","main_logo_mobile_retina":"","sticky_logo":"","sticky_logo_retina":"","main_nav_layout":"","header_background":"","theme_sidebar":"","single_post_comment_type":"","theme_background":""}},"_links":{"self":[{"href":"https:\/\/canal7slp.tv\/2019\/wp-json\/wp\/v2\/posts\/20020","targetHints":{"allow":["GET"]}}],"collection":[{"href":"https:\/\/canal7slp.tv\/2019\/wp-json\/wp\/v2\/posts"}],"about":[{"href":"https:\/\/canal7slp.tv\/2019\/wp-json\/wp\/v2\/types\/post"}],"author":[{"embeddable":true,"href":"https:\/\/canal7slp.tv\/2019\/wp-json\/wp\/v2\/users\/2"}],"replies":[{"embeddable":true,"href":"https:\/\/canal7slp.tv\/2019\/wp-json\/wp\/v2\/comments?post=20020"}],"version-history":[{"count":0,"href":"https:\/\/canal7slp.tv\/2019\/wp-json\/wp\/v2\/posts\/20020\/revisions"}],"wp:featuredmedia":[{"embeddable":true,"href":"https:\/\/canal7slp.tv\/2019\/wp-json\/wp\/v2\/media\/20021"}],"wp:attachment":[{"href":"https:\/\/canal7slp.tv\/2019\/wp-json\/wp\/v2\/media?parent=20020"}],"wp:term":[{"taxonomy":"category","embeddable":true,"href":"https:\/\/canal7slp.tv\/2019\/wp-json\/wp\/v2\/categories?post=20020"},{"taxonomy":"post_tag","embeddable":true,"href":"https:\/\/canal7slp.tv\/2019\/wp-json\/wp\/v2\/tags?post=20020"}],"curies":[{"name":"wp","href":"https:\/\/api.w.org\/{rel}","templated":true}]}}