{"id":19989,"date":"2019-06-21T13:27:21","date_gmt":"2019-06-21T18:27:21","guid":{"rendered":"https:\/\/canal7slp.tv\/2019\/?p=19989"},"modified":"2019-06-21T13:31:57","modified_gmt":"2019-06-21T18:31:57","slug":"becas-del-fonca-continuaran-y-se-mejoraran-mecanismos-marina-nunez","status":"publish","type":"post","link":"https:\/\/canal7slp.tv\/2019\/becas-del-fonca-continuaran-y-se-mejoraran-mecanismos-marina-nunez\/","title":{"rendered":"Becas del Fonca continuar\u00e1n y se mejorar\u00e1n mecanismos: Marina N\u00fa\u00f1ez"},"content":{"rendered":"<p style=\"text-align: justify;\">M\u00e9xico.- La secretaria ejecutiva del Fondo Nacional para la Cultura y las Artes (Fonca), Marina N\u00fa\u00f1ez Bespalova, asegur\u00f3 que las becas de este organismo seguir\u00e1n y que est\u00e1n abiertos a cr\u00edticas que permitan mejorar sus mecanismos.<\/p>\n<p style=\"text-align: justify;\">Ello, luego de que Notimex revelara que hay creadores que han recibido hasta en seis ocasiones los apoyos de las becas del Fonca, lo que gener\u00f3 que aristas de diferentes disciplinas expresaran su preocupaci\u00f3n de que estos est\u00edmulos concluyan.<\/p>\n<p style=\"text-align: justify;\">\u201cLa postura del Fonca es la misma que la de la Secretar\u00eda de Cultura; Notimex est\u00e1 ejerciendo su libertad de expresi\u00f3n, su liberad de poner sobre la mesa algunos temas que pueden ser materia de discusi\u00f3n y que hasta cierto punto puede ser sano\u201d, asever\u00f3.<\/p>\n<p style=\"text-align: justify;\">En entrevista radiof\u00f3nica con WRadio, la funcionaria record\u00f3 que desde hace 30 a\u00f1os este Fondo ha buscado que artistas y creadores se sostengan y trabajen m\u00e1s all\u00e1 de las normas que dicte un mercado cultural, lo que ha dejado buenos resultados.<\/p>\n<p style=\"text-align: justify;\">\u201cNo puedes tu concebir ahora el escenario cultural de M\u00e9xico sin todas las obras que se han producido desde los apoyos del Fonca; tenemos grandes escritores, pintores, m\u00fasicos que han surgido del Fonca y eso a lo mejor no se ve porque nunca se anuncia, porque no siempre se coloca un logotipo donde se tiene que colocar, pero no importa porque pr\u00e1cticamente a quien pueda citar, reconocido en M\u00e9xico o fuera del pa\u00eds, proviene casi siempre de un apoyo del Fonca\u201d, destac\u00f3.<\/p>\n<p style=\"text-align: justify;\">N\u00fa\u00f1ez Bespalova afirm\u00f3 que las becas son un mecanismo funcional que tiene el Estado desde hace muchos a\u00f1os, el cual \u201cvamos a preservar, pero eso no quiere decir que no tenga que tener alg\u00fan tipo de ajuste, alguna reorganizaci\u00f3n; estamos trabajando en eso\u201d.<\/p>\n<p style=\"text-align: justify;\">Record\u00f3 que pr\u00e1cticamente todos los a\u00f1os hay alguna discusi\u00f3n sobre el organismo lo que suele tener como resultado alguna conclusi\u00f3n que beneficia al Fondo para la Cultura y las Artes, ya sea en sus mecanismos de otorgamiento de becas o en algunos puntos a mejorar.<\/p>\n<p style=\"text-align: justify;\">\u201cEntonces en esa postura estamos: en mejorar el mecanismo, en hacerlo m\u00e1s transparente en algunos de sus engranajes y sobre todo, lo b\u00e1sico; no poner en tela de discusi\u00f3n que estas becas se van a terminar. La propia secretaria de Cultura lo ha ratificado varias veces, hay beca para largo, tenemos un presupuesto asignado que se va a ejercer de acuerdo a ciertas reglas que tenemos\u201d, subray\u00f3.<\/p>\n<p style=\"text-align: justify;\">La funcionaria tambi\u00e9n agradeci\u00f3 que la comunidad cultural se manifieste respecto al tema, ya que son derechos adquiridos los que defienden. No obstante, pidi\u00f3 tranquilidad ya que de parte del Fondo y de la Secretar\u00eda de Cultura existe disposici\u00f3n para seguir colaborando.<\/p>\n<p style=\"text-align: justify;\">Asimismo, discrep\u00f3 de la opini\u00f3n de creadores que han expresado que el reportaje de Notimex responde a un &#8220;linchamiento de Estado&#8221;, \u201cpara nada, estamos en contacto adem\u00e1s con varios miembros de la comunidad, estamos abiertos a cr\u00edticas, a escuchar a reforzar mecanismos y hacerlos m\u00e1s transparentes. El Fonca es de todos y tenemos derecho a discutir alrededor del Fonca\u201d.<\/p>\n<p style=\"text-align: justify;\">Opin\u00f3 que si bien el reportaje de Notimex pone un tema sobre la mesa y proporciona algunos datos, \u201cse podr\u00edan dar algunos otros, quiz\u00e1 de manera m\u00e1s propositiva como el n\u00famero de actividades que se hacen con los apoyos del Fonca, por ejemplo, al a\u00f1o o el n\u00famero de creadores que se apoya que si se ponen a ver representa una parte m\u00ednima del presupuesto y con esa parte minina se logran much\u00edsimas cosas\u201d.<\/p>\n<p style=\"text-align: justify;\">Tras darse a conocer los datos de becarios, consider\u00f3 que es momento de valorar a detalle lo que significa el subsidio del Estado a la creaci\u00f3n, \u201cporque en el fondo de todo est\u00e1 el valor que estamos dando a la cultura y al arte en el desarrollo social\u201d.<\/p>\n<p style=\"text-align: justify;\">Otro tema que debe atender este organismo, reconoci\u00f3, es encontrar indicadores m\u00e1s eficaces de medici\u00f3n de las actividades art\u00edsticas y culturales, pues no es posible medir el impacto que tienen, solo con base en el n\u00famero de asistentes a los eventos.<\/p>\n<p style=\"text-align: justify;\">\u201cCreo que si tuvi\u00e9ramos la capacidad de medirlo como lo hacemos con otras cosas m\u00e1s palpables a lo mejor nos sorprenderiamos; el arte tiene un poder tan grande y puede adem\u00e1s expandirse tanto que quiz\u00e1 las cifras que presentamos ahora de gasto terminemos entendi\u00e9ndolas como lo que son, m\u00e1s que un gasto, inversi\u00f3n porque estamos formando, estamos realmente a trav\u00e9s del arte haciendo, entre otras cosas, ciudadan\u00eda y humanizando\u201d.<\/p>\n","protected":false},"excerpt":{"rendered":"<p>M\u00e9xico.- La secretaria ejecutiva del Fondo Nacional para la Cultura y las Artes (Fonca), Marina N\u00fa\u00f1ez Bespalova, asegur\u00f3 que las becas de este organismo seguir\u00e1n y que est\u00e1n abiertos a cr\u00edticas que permitan mejorar sus mecanismos. Ello, luego de que Notimex revelara que hay creadores que han recibido hasta en seis ocasiones los apoyos de [&hellip;]<\/p>\n","protected":false},"author":2,"featured_media":19995,"comment_status":"open","ping_status":"closed","sticky":false,"template":"","format":"standard","meta":{"footnotes":""},"categories":[30],"tags":[],"class_list":["post-19989","post","type-post","status-publish","format-standard","has-post-thumbnail","hentry","category-nacional"],"yoast_head":"<!-- This site is optimized with the Yoast SEO plugin v27.5 - https:\/\/yoast.com\/product\/yoast-seo-wordpress\/ -->\n<title>Becas del Fonca continuar\u00e1n y se mejorar\u00e1n mecanismos: Marina N\u00fa\u00f1ez - Canal 7 SLP - 2019<\/title>\n<meta name=\"robots\" content=\"index, follow, max-snippet:-1, max-image-preview:large, max-video-preview:-1\" \/>\n<link rel=\"canonical\" href=\"https:\/\/canal7slp.tv\/2019\/becas-del-fonca-continuaran-y-se-mejoraran-mecanismos-marina-nunez\/\" \/>\n<meta property=\"og:locale\" content=\"es_ES\" \/>\n<meta property=\"og:type\" content=\"article\" \/>\n<meta property=\"og:title\" content=\"Becas del Fonca continuar\u00e1n y se mejorar\u00e1n mecanismos: Marina N\u00fa\u00f1ez - Canal 7 SLP - 2019\" \/>\n<meta property=\"og:description\" content=\"M\u00e9xico.- La secretaria ejecutiva del Fondo Nacional para la Cultura y las Artes (Fonca), Marina N\u00fa\u00f1ez Bespalova, asegur\u00f3 que las becas de este organismo seguir\u00e1n y que est\u00e1n abiertos a cr\u00edticas que permitan mejorar sus mecanismos. Ello, luego de que Notimex revelara que hay creadores que han recibido hasta en seis ocasiones los apoyos de [&hellip;]\" \/>\n<meta property=\"og:url\" content=\"https:\/\/canal7slp.tv\/2019\/becas-del-fonca-continuaran-y-se-mejoraran-mecanismos-marina-nunez\/\" \/>\n<meta property=\"og:site_name\" content=\"Canal 7 SLP - 2019\" \/>\n<meta property=\"article:publisher\" content=\"https:\/\/www.facebook.com\/CANAL7SLP\/\" \/>\n<meta property=\"article:published_time\" content=\"2019-06-21T18:27:21+00:00\" \/>\n<meta property=\"article:modified_time\" content=\"2019-06-21T18:31:57+00:00\" \/>\n<meta property=\"og:image\" content=\"https:\/\/canal7slp.tv\/2019\/wp-content\/uploads\/2019\/06\/09-16.jpg\" \/>\n\t<meta property=\"og:image:width\" content=\"554\" \/>\n\t<meta property=\"og:image:height\" content=\"410\" \/>\n\t<meta property=\"og:image:type\" content=\"image\/jpeg\" \/>\n<meta name=\"author\" content=\"edicionweb\" \/>\n<meta name=\"twitter:card\" content=\"summary_large_image\" \/>\n<meta name=\"twitter:creator\" content=\"@canal7_slp\" \/>\n<meta name=\"twitter:site\" content=\"@canal7_slp\" \/>\n<meta name=\"twitter:label1\" content=\"Escrito por\" \/>\n\t<meta name=\"twitter:data1\" content=\"edicionweb\" \/>\n\t<meta name=\"twitter:label2\" content=\"Tiempo de lectura\" \/>\n\t<meta name=\"twitter:data2\" content=\"4 minutos\" \/>\n<script type=\"application\/ld+json\" class=\"yoast-schema-graph\">{\"@context\":\"https:\\\/\\\/schema.org\",\"@graph\":[{\"@type\":\"Article\",\"@id\":\"https:\\\/\\\/canal7slp.tv\\\/2019\\\/becas-del-fonca-continuaran-y-se-mejoraran-mecanismos-marina-nunez\\\/#article\",\"isPartOf\":{\"@id\":\"https:\\\/\\\/canal7slp.tv\\\/2019\\\/becas-del-fonca-continuaran-y-se-mejoraran-mecanismos-marina-nunez\\\/\"},\"author\":{\"name\":\"edicionweb\",\"@id\":\"https:\\\/\\\/canal7slp.tv\\\/2019\\\/#\\\/schema\\\/person\\\/11d941c1c6ca30ac0a46b95fa37aa2e3\"},\"headline\":\"Becas del Fonca continuar\u00e1n y se mejorar\u00e1n mecanismos: Marina N\u00fa\u00f1ez\",\"datePublished\":\"2019-06-21T18:27:21+00:00\",\"dateModified\":\"2019-06-21T18:31:57+00:00\",\"mainEntityOfPage\":{\"@id\":\"https:\\\/\\\/canal7slp.tv\\\/2019\\\/becas-del-fonca-continuaran-y-se-mejoraran-mecanismos-marina-nunez\\\/\"},\"wordCount\":800,\"commentCount\":0,\"publisher\":{\"@id\":\"https:\\\/\\\/canal7slp.tv\\\/2019\\\/#organization\"},\"image\":{\"@id\":\"https:\\\/\\\/canal7slp.tv\\\/2019\\\/becas-del-fonca-continuaran-y-se-mejoraran-mecanismos-marina-nunez\\\/#primaryimage\"},\"thumbnailUrl\":\"https:\\\/\\\/canal7slp.tv\\\/2019\\\/wp-content\\\/uploads\\\/2019\\\/06\\\/09-16.jpg\",\"articleSection\":[\"NACIONAL\"],\"inLanguage\":\"es\",\"potentialAction\":[{\"@type\":\"CommentAction\",\"name\":\"Comment\",\"target\":[\"https:\\\/\\\/canal7slp.tv\\\/2019\\\/becas-del-fonca-continuaran-y-se-mejoraran-mecanismos-marina-nunez\\\/#respond\"]}]},{\"@type\":\"WebPage\",\"@id\":\"https:\\\/\\\/canal7slp.tv\\\/2019\\\/becas-del-fonca-continuaran-y-se-mejoraran-mecanismos-marina-nunez\\\/\",\"url\":\"https:\\\/\\\/canal7slp.tv\\\/2019\\\/becas-del-fonca-continuaran-y-se-mejoraran-mecanismos-marina-nunez\\\/\",\"name\":\"Becas del Fonca continuar\u00e1n y se mejorar\u00e1n mecanismos: Marina N\u00fa\u00f1ez - Canal 7 SLP - 2019\",\"isPartOf\":{\"@id\":\"https:\\\/\\\/canal7slp.tv\\\/2019\\\/#website\"},\"primaryImageOfPage\":{\"@id\":\"https:\\\/\\\/canal7slp.tv\\\/2019\\\/becas-del-fonca-continuaran-y-se-mejoraran-mecanismos-marina-nunez\\\/#primaryimage\"},\"image\":{\"@id\":\"https:\\\/\\\/canal7slp.tv\\\/2019\\\/becas-del-fonca-continuaran-y-se-mejoraran-mecanismos-marina-nunez\\\/#primaryimage\"},\"thumbnailUrl\":\"https:\\\/\\\/canal7slp.tv\\\/2019\\\/wp-content\\\/uploads\\\/2019\\\/06\\\/09-16.jpg\",\"datePublished\":\"2019-06-21T18:27:21+00:00\",\"dateModified\":\"2019-06-21T18:31:57+00:00\",\"breadcrumb\":{\"@id\":\"https:\\\/\\\/canal7slp.tv\\\/2019\\\/becas-del-fonca-continuaran-y-se-mejoraran-mecanismos-marina-nunez\\\/#breadcrumb\"},\"inLanguage\":\"es\",\"potentialAction\":[{\"@type\":\"ReadAction\",\"target\":[\"https:\\\/\\\/canal7slp.tv\\\/2019\\\/becas-del-fonca-continuaran-y-se-mejoraran-mecanismos-marina-nunez\\\/\"]}]},{\"@type\":\"ImageObject\",\"inLanguage\":\"es\",\"@id\":\"https:\\\/\\\/canal7slp.tv\\\/2019\\\/becas-del-fonca-continuaran-y-se-mejoraran-mecanismos-marina-nunez\\\/#primaryimage\",\"url\":\"https:\\\/\\\/canal7slp.tv\\\/2019\\\/wp-content\\\/uploads\\\/2019\\\/06\\\/09-16.jpg\",\"contentUrl\":\"https:\\\/\\\/canal7slp.tv\\\/2019\\\/wp-content\\\/uploads\\\/2019\\\/06\\\/09-16.jpg\",\"width\":554,\"height\":410},{\"@type\":\"BreadcrumbList\",\"@id\":\"https:\\\/\\\/canal7slp.tv\\\/2019\\\/becas-del-fonca-continuaran-y-se-mejoraran-mecanismos-marina-nunez\\\/#breadcrumb\",\"itemListElement\":[{\"@type\":\"ListItem\",\"position\":1,\"name\":\"Home\",\"item\":\"https:\\\/\\\/canal7slp.tv\\\/2019\\\/\"},{\"@type\":\"ListItem\",\"position\":2,\"name\":\"Becas del Fonca continuar\u00e1n y se mejorar\u00e1n mecanismos: Marina N\u00fa\u00f1ez\"}]},{\"@type\":\"WebSite\",\"@id\":\"https:\\\/\\\/canal7slp.tv\\\/2019\\\/#website\",\"url\":\"https:\\\/\\\/canal7slp.tv\\\/2019\\\/\",\"name\":\"Canal 7 SLP - Somos TV\",\"description\":\"Somos un Canal de 10\",\"publisher\":{\"@id\":\"https:\\\/\\\/canal7slp.tv\\\/2019\\\/#organization\"},\"potentialAction\":[{\"@type\":\"SearchAction\",\"target\":{\"@type\":\"EntryPoint\",\"urlTemplate\":\"https:\\\/\\\/canal7slp.tv\\\/2019\\\/?s={search_term_string}\"},\"query-input\":{\"@type\":\"PropertyValueSpecification\",\"valueRequired\":true,\"valueName\":\"search_term_string\"}}],\"inLanguage\":\"es\"},{\"@type\":\"Organization\",\"@id\":\"https:\\\/\\\/canal7slp.tv\\\/2019\\\/#organization\",\"name\":\"Comunicaci\u00f3n 2000 S.A. de C.V.\",\"url\":\"https:\\\/\\\/canal7slp.tv\\\/2019\\\/\",\"logo\":{\"@type\":\"ImageObject\",\"inLanguage\":\"es\",\"@id\":\"https:\\\/\\\/canal7slp.tv\\\/2019\\\/#\\\/schema\\\/logo\\\/image\\\/\",\"url\":\"https:\\\/\\\/canal7slp.tv\\\/2019\\\/wp-content\\\/uploads\\\/2019\\\/07\\\/logo-c7.png\",\"contentUrl\":\"https:\\\/\\\/canal7slp.tv\\\/2019\\\/wp-content\\\/uploads\\\/2019\\\/07\\\/logo-c7.png\",\"width\":220,\"height\":60,\"caption\":\"Comunicaci\u00f3n 2000 S.A. de C.V.\"},\"image\":{\"@id\":\"https:\\\/\\\/canal7slp.tv\\\/2019\\\/#\\\/schema\\\/logo\\\/image\\\/\"},\"sameAs\":[\"https:\\\/\\\/www.facebook.com\\\/CANAL7SLP\\\/\",\"https:\\\/\\\/x.com\\\/canal7_slp\",\"https:\\\/\\\/www.instagram.com\\\/canal7_slp\",\"https:\\\/\\\/www.youtube.com\\\/user\\\/NOTICIEROSCANAL7SLP\\\/\"]},{\"@type\":\"Person\",\"@id\":\"https:\\\/\\\/canal7slp.tv\\\/2019\\\/#\\\/schema\\\/person\\\/11d941c1c6ca30ac0a46b95fa37aa2e3\",\"name\":\"edicionweb\",\"image\":{\"@type\":\"ImageObject\",\"inLanguage\":\"es\",\"@id\":\"https:\\\/\\\/secure.gravatar.com\\\/avatar\\\/eee448fc3f7164808013b816ba91ac7e43bbe82a70bebac296f8bc6f0addaa1a?s=96&d=mm&r=g\",\"url\":\"https:\\\/\\\/secure.gravatar.com\\\/avatar\\\/eee448fc3f7164808013b816ba91ac7e43bbe82a70bebac296f8bc6f0addaa1a?s=96&d=mm&r=g\",\"contentUrl\":\"https:\\\/\\\/secure.gravatar.com\\\/avatar\\\/eee448fc3f7164808013b816ba91ac7e43bbe82a70bebac296f8bc6f0addaa1a?s=96&d=mm&r=g\",\"caption\":\"edicionweb\"}}]}<\/script>\n<!-- \/ Yoast SEO plugin. -->","yoast_head_json":{"title":"Becas del Fonca continuar\u00e1n y se mejorar\u00e1n mecanismos: Marina N\u00fa\u00f1ez - Canal 7 SLP - 2019","robots":{"index":"index","follow":"follow","max-snippet":"max-snippet:-1","max-image-preview":"max-image-preview:large","max-video-preview":"max-video-preview:-1"},"canonical":"https:\/\/canal7slp.tv\/2019\/becas-del-fonca-continuaran-y-se-mejoraran-mecanismos-marina-nunez\/","og_locale":"es_ES","og_type":"article","og_title":"Becas del Fonca continuar\u00e1n y se mejorar\u00e1n mecanismos: Marina N\u00fa\u00f1ez - Canal 7 SLP - 2019","og_description":"M\u00e9xico.- La secretaria ejecutiva del Fondo Nacional para la Cultura y las Artes (Fonca), Marina N\u00fa\u00f1ez Bespalova, asegur\u00f3 que las becas de este organismo seguir\u00e1n y que est\u00e1n abiertos a cr\u00edticas que permitan mejorar sus mecanismos. Ello, luego de que Notimex revelara que hay creadores que han recibido hasta en seis ocasiones los apoyos de [&hellip;]","og_url":"https:\/\/canal7slp.tv\/2019\/becas-del-fonca-continuaran-y-se-mejoraran-mecanismos-marina-nunez\/","og_site_name":"Canal 7 SLP - 2019","article_publisher":"https:\/\/www.facebook.com\/CANAL7SLP\/","article_published_time":"2019-06-21T18:27:21+00:00","article_modified_time":"2019-06-21T18:31:57+00:00","og_image":[{"width":554,"height":410,"url":"https:\/\/canal7slp.tv\/2019\/wp-content\/uploads\/2019\/06\/09-16.jpg","type":"image\/jpeg"}],"author":"edicionweb","twitter_card":"summary_large_image","twitter_creator":"@canal7_slp","twitter_site":"@canal7_slp","twitter_misc":{"Escrito por":"edicionweb","Tiempo de lectura":"4 minutos"},"schema":{"@context":"https:\/\/schema.org","@graph":[{"@type":"Article","@id":"https:\/\/canal7slp.tv\/2019\/becas-del-fonca-continuaran-y-se-mejoraran-mecanismos-marina-nunez\/#article","isPartOf":{"@id":"https:\/\/canal7slp.tv\/2019\/becas-del-fonca-continuaran-y-se-mejoraran-mecanismos-marina-nunez\/"},"author":{"name":"edicionweb","@id":"https:\/\/canal7slp.tv\/2019\/#\/schema\/person\/11d941c1c6ca30ac0a46b95fa37aa2e3"},"headline":"Becas del Fonca continuar\u00e1n y se mejorar\u00e1n mecanismos: Marina N\u00fa\u00f1ez","datePublished":"2019-06-21T18:27:21+00:00","dateModified":"2019-06-21T18:31:57+00:00","mainEntityOfPage":{"@id":"https:\/\/canal7slp.tv\/2019\/becas-del-fonca-continuaran-y-se-mejoraran-mecanismos-marina-nunez\/"},"wordCount":800,"commentCount":0,"publisher":{"@id":"https:\/\/canal7slp.tv\/2019\/#organization"},"image":{"@id":"https:\/\/canal7slp.tv\/2019\/becas-del-fonca-continuaran-y-se-mejoraran-mecanismos-marina-nunez\/#primaryimage"},"thumbnailUrl":"https:\/\/canal7slp.tv\/2019\/wp-content\/uploads\/2019\/06\/09-16.jpg","articleSection":["NACIONAL"],"inLanguage":"es","potentialAction":[{"@type":"CommentAction","name":"Comment","target":["https:\/\/canal7slp.tv\/2019\/becas-del-fonca-continuaran-y-se-mejoraran-mecanismos-marina-nunez\/#respond"]}]},{"@type":"WebPage","@id":"https:\/\/canal7slp.tv\/2019\/becas-del-fonca-continuaran-y-se-mejoraran-mecanismos-marina-nunez\/","url":"https:\/\/canal7slp.tv\/2019\/becas-del-fonca-continuaran-y-se-mejoraran-mecanismos-marina-nunez\/","name":"Becas del Fonca continuar\u00e1n y se mejorar\u00e1n mecanismos: Marina N\u00fa\u00f1ez - Canal 7 SLP - 2019","isPartOf":{"@id":"https:\/\/canal7slp.tv\/2019\/#website"},"primaryImageOfPage":{"@id":"https:\/\/canal7slp.tv\/2019\/becas-del-fonca-continuaran-y-se-mejoraran-mecanismos-marina-nunez\/#primaryimage"},"image":{"@id":"https:\/\/canal7slp.tv\/2019\/becas-del-fonca-continuaran-y-se-mejoraran-mecanismos-marina-nunez\/#primaryimage"},"thumbnailUrl":"https:\/\/canal7slp.tv\/2019\/wp-content\/uploads\/2019\/06\/09-16.jpg","datePublished":"2019-06-21T18:27:21+00:00","dateModified":"2019-06-21T18:31:57+00:00","breadcrumb":{"@id":"https:\/\/canal7slp.tv\/2019\/becas-del-fonca-continuaran-y-se-mejoraran-mecanismos-marina-nunez\/#breadcrumb"},"inLanguage":"es","potentialAction":[{"@type":"ReadAction","target":["https:\/\/canal7slp.tv\/2019\/becas-del-fonca-continuaran-y-se-mejoraran-mecanismos-marina-nunez\/"]}]},{"@type":"ImageObject","inLanguage":"es","@id":"https:\/\/canal7slp.tv\/2019\/becas-del-fonca-continuaran-y-se-mejoraran-mecanismos-marina-nunez\/#primaryimage","url":"https:\/\/canal7slp.tv\/2019\/wp-content\/uploads\/2019\/06\/09-16.jpg","contentUrl":"https:\/\/canal7slp.tv\/2019\/wp-content\/uploads\/2019\/06\/09-16.jpg","width":554,"height":410},{"@type":"BreadcrumbList","@id":"https:\/\/canal7slp.tv\/2019\/becas-del-fonca-continuaran-y-se-mejoraran-mecanismos-marina-nunez\/#breadcrumb","itemListElement":[{"@type":"ListItem","position":1,"name":"Home","item":"https:\/\/canal7slp.tv\/2019\/"},{"@type":"ListItem","position":2,"name":"Becas del Fonca continuar\u00e1n y se mejorar\u00e1n mecanismos: Marina N\u00fa\u00f1ez"}]},{"@type":"WebSite","@id":"https:\/\/canal7slp.tv\/2019\/#website","url":"https:\/\/canal7slp.tv\/2019\/","name":"Canal 7 SLP - Somos TV","description":"Somos un Canal de 10","publisher":{"@id":"https:\/\/canal7slp.tv\/2019\/#organization"},"potentialAction":[{"@type":"SearchAction","target":{"@type":"EntryPoint","urlTemplate":"https:\/\/canal7slp.tv\/2019\/?s={search_term_string}"},"query-input":{"@type":"PropertyValueSpecification","valueRequired":true,"valueName":"search_term_string"}}],"inLanguage":"es"},{"@type":"Organization","@id":"https:\/\/canal7slp.tv\/2019\/#organization","name":"Comunicaci\u00f3n 2000 S.A. de C.V.","url":"https:\/\/canal7slp.tv\/2019\/","logo":{"@type":"ImageObject","inLanguage":"es","@id":"https:\/\/canal7slp.tv\/2019\/#\/schema\/logo\/image\/","url":"https:\/\/canal7slp.tv\/2019\/wp-content\/uploads\/2019\/07\/logo-c7.png","contentUrl":"https:\/\/canal7slp.tv\/2019\/wp-content\/uploads\/2019\/07\/logo-c7.png","width":220,"height":60,"caption":"Comunicaci\u00f3n 2000 S.A. de C.V."},"image":{"@id":"https:\/\/canal7slp.tv\/2019\/#\/schema\/logo\/image\/"},"sameAs":["https:\/\/www.facebook.com\/CANAL7SLP\/","https:\/\/x.com\/canal7_slp","https:\/\/www.instagram.com\/canal7_slp","https:\/\/www.youtube.com\/user\/NOTICIEROSCANAL7SLP\/"]},{"@type":"Person","@id":"https:\/\/canal7slp.tv\/2019\/#\/schema\/person\/11d941c1c6ca30ac0a46b95fa37aa2e3","name":"edicionweb","image":{"@type":"ImageObject","inLanguage":"es","@id":"https:\/\/secure.gravatar.com\/avatar\/eee448fc3f7164808013b816ba91ac7e43bbe82a70bebac296f8bc6f0addaa1a?s=96&d=mm&r=g","url":"https:\/\/secure.gravatar.com\/avatar\/eee448fc3f7164808013b816ba91ac7e43bbe82a70bebac296f8bc6f0addaa1a?s=96&d=mm&r=g","contentUrl":"https:\/\/secure.gravatar.com\/avatar\/eee448fc3f7164808013b816ba91ac7e43bbe82a70bebac296f8bc6f0addaa1a?s=96&d=mm&r=g","caption":"edicionweb"}}]}},"amp_enabled":true,"cmb2":{"video_ids_in_playlist":{"vid_p_videos":""},"video_ids_in_channel":{"vid_c_videos":""},"playlist_ids_in_channel":{"vid_c_playlists":""},"series_ids_in_channel":{"vid_c_series":""},"channel_images":{"vid_c_logo":"","vid_c_banner":""},"poster_feature_image":{"vid_m_poster_image":""},"gif_feature_image":{"vid_m_gif_image":""},"video_movie_settings":{"vid_m_director":"","vid_m_actor":"","vid_m_imdb_ratings":"","vid_m_amazon_associates":""},"vid_youtube_broadcasts_settings":{"vid_yb_broadcast_title":"","vid_yb_q":"","vid_yb_channelid":"","vid_yb_videocategoryid":"","vid_yb_maxresults":"","vid_yb_order":"","vid_yb_regioncode":"","vid_yb_videosyndicated":"","vid_yb_style":"","vid_yb_reload_first":""},"video_series_settings":{"vid_m_director":"","vid_m_actor":"","vid_m_imdb_ratings":"","video_series_group":""},"amazon_associates_settings":{"amazon_associates":"","amazon_native_ad":""},"vid_youtube_automatic_settings":{"vid_ya_youtube_source":"","vid_ya_update_every":"","vid_ya_update_unit":"","vid_ya_categories":"","vid_ya_published_after":"","vid_ya_published_before":"","vid_ya_playlists":"","vid_ya_channels":"","vid_ya_director":"","vid_ya_actor":"","vid_ya_author":"","vid_ya_import_post_date":"","vid_ya_status":"","vid_ya_sub_api_key":""},"vid_ads_m_videoads_settings_post":{"vid_ads_m_video_ads":"","vid_ads_m_video_ads_type":"","vid_ads_m_group_google_ima":"","vid_ads_m_group_image":"","vid_ads_m_group_html5_video":"","vid_ads_m_group_html":"","vid_ads_m_vast_preroll":"","vid_ads_m_vast_postroll":"","vid_ads_m_vast_pauseroll":"","vid_ads_m_vast_midroll":[{"vid_ads_m_vast_timer_seconds":"50"}],"vid_ads_m_time_to_show_ads":"","vid_ads_m_time_skip_ads":"","vid_ads_m_time_to_hide_ads":""},"page_slider_settings":{"display_slider_group":"","page_slider_group":""},"blog_page_settings":{"blog_page_title":"","blog_page_heading":"","blog_page_ic":"","blog_page_it":"","blog_page_ec":"","blog_page_ip":"","archive_loop_style":"","blog_image_ratio":"","blog_show_categories":"","blog_show_excerpt":"","blog_show_author":"","blog_show_date":"","blog_show_comment_count":"","blog_show_view_count":"","blog_show_like_count":"","blog_show_dislike_count":"","blog_items_per_page":"","blog_pag_type":""},"page_options":{"get_page_template":"","color_mode":"","main_layout":"","main_layout_full_with":"","main_logo":"","main_logo_retina":"","main_logo_mobile":"","main_logo_mobile_retina":"","sticky_logo":"","sticky_logo_retina":"","main_nav_layout":"","ajax_search":"","header_background":"","theme_sidebar":"","instagram_feed":"","instagram_feed_position":"","popular_videos":"","popular_videos_title_1":"","popular_videos_title_2":"","popular_videos_ic":"","popular_videos_it":"","theme_background":"","page_custom_css":""},"feature_image_settings":{"feature_image_position":""},"video_player_settings":{"single_video_style":"","video_player_position":"","vm_video_url":"","video_player_library":"","video_streaming":"","vm_media_sources":"","vid_auto_play":"","vm_video_shortcode":"","vid_p_sync_playlist":"","vid_c_sync_channel":"","get_post_format":"","multiple_links_structure":"default","multi_links_title":"","vm_video_multi_links":"","vm_duration":"","vid_social_locker":"off","vid_social_locker_id":"","vid_membership_action":"content-video","vm_video_trailer_url":"","vid_download_type":"free","vid_download_target":"download","vid_woo_product":"","vm_media_download":"","user_rating":"","user_rating_position":"","user_rating_mode":"","user_rating_multi_sets":""},"video_auto_fetch_settings":{"vm_video_fetch":"on"},"video_fake_views_likes":{"vm_fake_views":"","vm_fake_likes":"","vm_fake_dislikes":""},"gallery_settings":{"gallery_position":""},"quote_settings":{"quote_position":""},"post_options":{"main_layout":"","main_logo":"","main_logo_retina":"","main_logo_mobile":"","main_logo_mobile_retina":"","sticky_logo":"","sticky_logo_retina":"","main_nav_layout":"","header_background":"","theme_sidebar":"","single_post_comment_type":"","theme_background":""}},"_links":{"self":[{"href":"https:\/\/canal7slp.tv\/2019\/wp-json\/wp\/v2\/posts\/19989","targetHints":{"allow":["GET"]}}],"collection":[{"href":"https:\/\/canal7slp.tv\/2019\/wp-json\/wp\/v2\/posts"}],"about":[{"href":"https:\/\/canal7slp.tv\/2019\/wp-json\/wp\/v2\/types\/post"}],"author":[{"embeddable":true,"href":"https:\/\/canal7slp.tv\/2019\/wp-json\/wp\/v2\/users\/2"}],"replies":[{"embeddable":true,"href":"https:\/\/canal7slp.tv\/2019\/wp-json\/wp\/v2\/comments?post=19989"}],"version-history":[{"count":0,"href":"https:\/\/canal7slp.tv\/2019\/wp-json\/wp\/v2\/posts\/19989\/revisions"}],"wp:featuredmedia":[{"embeddable":true,"href":"https:\/\/canal7slp.tv\/2019\/wp-json\/wp\/v2\/media\/19995"}],"wp:attachment":[{"href":"https:\/\/canal7slp.tv\/2019\/wp-json\/wp\/v2\/media?parent=19989"}],"wp:term":[{"taxonomy":"category","embeddable":true,"href":"https:\/\/canal7slp.tv\/2019\/wp-json\/wp\/v2\/categories?post=19989"},{"taxonomy":"post_tag","embeddable":true,"href":"https:\/\/canal7slp.tv\/2019\/wp-json\/wp\/v2\/tags?post=19989"}],"curies":[{"name":"wp","href":"https:\/\/api.w.org\/{rel}","templated":true}]}}