{"id":19505,"date":"2019-06-20T19:35:19","date_gmt":"2019-06-21T00:35:19","guid":{"rendered":"https:\/\/canal7slp.tv\/2019\/?p=19505"},"modified":"2019-06-20T19:35:19","modified_gmt":"2019-06-21T00:35:19","slug":"policia-vial-promueve-el-uso-de-movilidad-amigable-ciclovia-potosina","status":"publish","type":"post","link":"https:\/\/canal7slp.tv\/2019\/policia-vial-promueve-el-uso-de-movilidad-amigable-ciclovia-potosina\/","title":{"rendered":"Polic\u00eda vial promueve el uso de movilidad amigable \u201cCiclov\u00eda Potosina\u201d"},"content":{"rendered":"<p style=\"text-align: justify;\">SLP.- A dos d\u00edas del arranque del programa piloto de la \u201cCiclov\u00eda Potosina\u201d, la Polic\u00eda vial se encuentra en la etapa de concientizaci\u00f3n para que los usuarios de la v\u00eda p\u00fablica conozcan y entiendan la nueva forma de movilidad urbana que presenta la Av. Himno Nacional.<\/p>\n<p style=\"text-align: justify;\">El director de la Polic\u00eda vial Filem\u00f3n Ju\u00e1rez Santana, quien supervisaba las acciones de socializaci\u00f3n, inform\u00f3 que la resistencia al proyecto cada vez es menor porque la poblaci\u00f3n comenz\u00f3 a entender el prop\u00f3sito que, lejos de perjudicar, favorece el desplazamiento de las personas en las diferentes modalidades.<\/p>\n<p style=\"text-align: justify;\">\u201cSiempre ha habido resistencia a los cambios, pero la gente ahora que lo ve y lo entiende lo est\u00e1 tomando bien, a quienes nos pidieron una mesa de di\u00e1logo los atendimos y llegamos a acuerdos\u201d, afirm\u00f3 el director policial.<\/p>\n<p style=\"text-align: justify;\">Recalc\u00f3 que no se eliminaron espacios de estacionamiento \u201cla oportunidad de estacionarse es la misma, solo se desplaz\u00f3 el espacio para agregar el nuevo carril para el tr\u00e1nsito de las bicicletas\u201d.<\/p>\n<p style=\"text-align: justify;\">Ju\u00e1rez Santana mencion\u00f3 que esta semana ha sido determinante para informar a la poblaci\u00f3n sobre c\u00f3mo usar la vialidad y evitar que se vuelva sujeto de sanciones administrativas, porque refiri\u00f3 que el Art\u00edculo 34 fracci\u00f3n 37 del Reglamento de Tr\u00e1nsito \u201cnos ampara para sancionar, pero no buscamos llegar a eso, queremos que la gente se concientice y que sepa que esta nueva forma de movilidad es para el beneficio de todos\u201d.<\/p>\n<p style=\"text-align: justify;\">Dijo que la multa es de 10 UMAS que equivalen alrededor de 844 pesos por concepto de obstrucci\u00f3n a la v\u00eda que es de los ciclistas.<\/p>\n<p style=\"text-align: justify;\">El director de la Polic\u00eda vial expuso que la avenida cuanta con nueva se\u00f1alizaci\u00f3n como los pasos de cebra peatonales en todos los cruces, contenciones y la delimitaci\u00f3n de los carriles para el transporte privado y colectivo.<\/p>\n<p style=\"text-align: justify;\">Filem\u00f3n Ju\u00e1rez mencion\u00f3 que los bolardos que actualmente est\u00e1n colocados son de manera provisional porque despu\u00e9s ser\u00e1n sustituidos por bordos de neopreno, para delimitar la ciclov\u00eda en medio de la zona de amortiguamiento que evitar\u00e1 que, al abrir la puerta del veh\u00edculo, se vaya a lesiona a alg\u00fan ciclista. En las cocheras, precis\u00f3 que la regla indica que se deben marcar con l\u00edneas para que los ciclistas disminuyan su velocidad y eviten accidentes.<\/p>\n","protected":false},"excerpt":{"rendered":"<p>SLP.- A dos d\u00edas del arranque del programa piloto de la \u201cCiclov\u00eda Potosina\u201d, la Polic\u00eda vial se encuentra en la etapa de concientizaci\u00f3n para que los usuarios de la v\u00eda p\u00fablica conozcan y entiendan la nueva forma de movilidad urbana que presenta la Av. Himno Nacional. El director de la Polic\u00eda vial Filem\u00f3n Ju\u00e1rez Santana, [&hellip;]<\/p>\n","protected":false},"author":2,"featured_media":19522,"comment_status":"open","ping_status":"closed","sticky":false,"template":"","format":"standard","meta":{"footnotes":""},"categories":[17],"tags":[114],"class_list":["post-19505","post","type-post","status-publish","format-standard","has-post-thumbnail","hentry","category-localesyregionales","tag-ayuntamiento-slp"],"yoast_head":"<!-- This site is optimized with the Yoast SEO plugin v27.4 - https:\/\/yoast.com\/product\/yoast-seo-wordpress\/ -->\n<title>Polic\u00eda vial promueve el uso de movilidad amigable \u201cCiclov\u00eda Potosina\u201d - Canal 7 SLP - 2019<\/title>\n<meta name=\"robots\" content=\"index, follow, max-snippet:-1, max-image-preview:large, max-video-preview:-1\" \/>\n<link rel=\"canonical\" href=\"https:\/\/canal7slp.tv\/2019\/policia-vial-promueve-el-uso-de-movilidad-amigable-ciclovia-potosina\/\" \/>\n<meta property=\"og:locale\" content=\"es_ES\" \/>\n<meta property=\"og:type\" content=\"article\" \/>\n<meta property=\"og:title\" content=\"Polic\u00eda vial promueve el uso de movilidad amigable \u201cCiclov\u00eda Potosina\u201d - Canal 7 SLP - 2019\" \/>\n<meta property=\"og:description\" content=\"SLP.- A dos d\u00edas del arranque del programa piloto de la \u201cCiclov\u00eda Potosina\u201d, la Polic\u00eda vial se encuentra en la etapa de concientizaci\u00f3n para que los usuarios de la v\u00eda p\u00fablica conozcan y entiendan la nueva forma de movilidad urbana que presenta la Av. Himno Nacional. El director de la Polic\u00eda vial Filem\u00f3n Ju\u00e1rez Santana, [&hellip;]\" \/>\n<meta property=\"og:url\" content=\"https:\/\/canal7slp.tv\/2019\/policia-vial-promueve-el-uso-de-movilidad-amigable-ciclovia-potosina\/\" \/>\n<meta property=\"og:site_name\" content=\"Canal 7 SLP - 2019\" \/>\n<meta property=\"article:publisher\" content=\"https:\/\/www.facebook.com\/CANAL7SLP\/\" \/>\n<meta property=\"article:published_time\" content=\"2019-06-21T00:35:19+00:00\" \/>\n<meta property=\"og:image\" content=\"https:\/\/canal7slp.tv\/2019\/wp-content\/uploads\/2019\/06\/Ciclovia2.jpg\" \/>\n\t<meta property=\"og:image:width\" content=\"750\" \/>\n\t<meta property=\"og:image:height\" content=\"500\" \/>\n\t<meta property=\"og:image:type\" content=\"image\/jpeg\" \/>\n<meta name=\"author\" content=\"edicionweb\" \/>\n<meta name=\"twitter:card\" content=\"summary_large_image\" \/>\n<meta name=\"twitter:creator\" content=\"@canal7_slp\" \/>\n<meta name=\"twitter:site\" content=\"@canal7_slp\" \/>\n<meta name=\"twitter:label1\" content=\"Escrito por\" \/>\n\t<meta name=\"twitter:data1\" content=\"edicionweb\" \/>\n\t<meta name=\"twitter:label2\" content=\"Tiempo de lectura\" \/>\n\t<meta name=\"twitter:data2\" content=\"2 minutos\" \/>\n<script type=\"application\/ld+json\" class=\"yoast-schema-graph\">{\"@context\":\"https:\\\/\\\/schema.org\",\"@graph\":[{\"@type\":\"Article\",\"@id\":\"https:\\\/\\\/canal7slp.tv\\\/2019\\\/policia-vial-promueve-el-uso-de-movilidad-amigable-ciclovia-potosina\\\/#article\",\"isPartOf\":{\"@id\":\"https:\\\/\\\/canal7slp.tv\\\/2019\\\/policia-vial-promueve-el-uso-de-movilidad-amigable-ciclovia-potosina\\\/\"},\"author\":{\"name\":\"edicionweb\",\"@id\":\"https:\\\/\\\/canal7slp.tv\\\/2019\\\/#\\\/schema\\\/person\\\/11d941c1c6ca30ac0a46b95fa37aa2e3\"},\"headline\":\"Polic\u00eda vial promueve el uso de movilidad amigable \u201cCiclov\u00eda Potosina\u201d\",\"datePublished\":\"2019-06-21T00:35:19+00:00\",\"mainEntityOfPage\":{\"@id\":\"https:\\\/\\\/canal7slp.tv\\\/2019\\\/policia-vial-promueve-el-uso-de-movilidad-amigable-ciclovia-potosina\\\/\"},\"wordCount\":414,\"commentCount\":0,\"publisher\":{\"@id\":\"https:\\\/\\\/canal7slp.tv\\\/2019\\\/#organization\"},\"image\":{\"@id\":\"https:\\\/\\\/canal7slp.tv\\\/2019\\\/policia-vial-promueve-el-uso-de-movilidad-amigable-ciclovia-potosina\\\/#primaryimage\"},\"thumbnailUrl\":\"https:\\\/\\\/canal7slp.tv\\\/2019\\\/wp-content\\\/uploads\\\/2019\\\/06\\\/Ciclovia2.jpg\",\"keywords\":[\"Ayuntamiento SLP\"],\"articleSection\":[\"LOCALES Y REGIONALES\"],\"inLanguage\":\"es\",\"potentialAction\":[{\"@type\":\"CommentAction\",\"name\":\"Comment\",\"target\":[\"https:\\\/\\\/canal7slp.tv\\\/2019\\\/policia-vial-promueve-el-uso-de-movilidad-amigable-ciclovia-potosina\\\/#respond\"]}]},{\"@type\":\"WebPage\",\"@id\":\"https:\\\/\\\/canal7slp.tv\\\/2019\\\/policia-vial-promueve-el-uso-de-movilidad-amigable-ciclovia-potosina\\\/\",\"url\":\"https:\\\/\\\/canal7slp.tv\\\/2019\\\/policia-vial-promueve-el-uso-de-movilidad-amigable-ciclovia-potosina\\\/\",\"name\":\"Polic\u00eda vial promueve el uso de movilidad amigable \u201cCiclov\u00eda Potosina\u201d - Canal 7 SLP - 2019\",\"isPartOf\":{\"@id\":\"https:\\\/\\\/canal7slp.tv\\\/2019\\\/#website\"},\"primaryImageOfPage\":{\"@id\":\"https:\\\/\\\/canal7slp.tv\\\/2019\\\/policia-vial-promueve-el-uso-de-movilidad-amigable-ciclovia-potosina\\\/#primaryimage\"},\"image\":{\"@id\":\"https:\\\/\\\/canal7slp.tv\\\/2019\\\/policia-vial-promueve-el-uso-de-movilidad-amigable-ciclovia-potosina\\\/#primaryimage\"},\"thumbnailUrl\":\"https:\\\/\\\/canal7slp.tv\\\/2019\\\/wp-content\\\/uploads\\\/2019\\\/06\\\/Ciclovia2.jpg\",\"datePublished\":\"2019-06-21T00:35:19+00:00\",\"breadcrumb\":{\"@id\":\"https:\\\/\\\/canal7slp.tv\\\/2019\\\/policia-vial-promueve-el-uso-de-movilidad-amigable-ciclovia-potosina\\\/#breadcrumb\"},\"inLanguage\":\"es\",\"potentialAction\":[{\"@type\":\"ReadAction\",\"target\":[\"https:\\\/\\\/canal7slp.tv\\\/2019\\\/policia-vial-promueve-el-uso-de-movilidad-amigable-ciclovia-potosina\\\/\"]}]},{\"@type\":\"ImageObject\",\"inLanguage\":\"es\",\"@id\":\"https:\\\/\\\/canal7slp.tv\\\/2019\\\/policia-vial-promueve-el-uso-de-movilidad-amigable-ciclovia-potosina\\\/#primaryimage\",\"url\":\"https:\\\/\\\/canal7slp.tv\\\/2019\\\/wp-content\\\/uploads\\\/2019\\\/06\\\/Ciclovia2.jpg\",\"contentUrl\":\"https:\\\/\\\/canal7slp.tv\\\/2019\\\/wp-content\\\/uploads\\\/2019\\\/06\\\/Ciclovia2.jpg\",\"width\":750,\"height\":500},{\"@type\":\"BreadcrumbList\",\"@id\":\"https:\\\/\\\/canal7slp.tv\\\/2019\\\/policia-vial-promueve-el-uso-de-movilidad-amigable-ciclovia-potosina\\\/#breadcrumb\",\"itemListElement\":[{\"@type\":\"ListItem\",\"position\":1,\"name\":\"Home\",\"item\":\"https:\\\/\\\/canal7slp.tv\\\/2019\\\/\"},{\"@type\":\"ListItem\",\"position\":2,\"name\":\"Polic\u00eda vial promueve el uso de movilidad amigable \u201cCiclov\u00eda Potosina\u201d\"}]},{\"@type\":\"WebSite\",\"@id\":\"https:\\\/\\\/canal7slp.tv\\\/2019\\\/#website\",\"url\":\"https:\\\/\\\/canal7slp.tv\\\/2019\\\/\",\"name\":\"Canal 7 SLP - Somos TV\",\"description\":\"Somos un Canal de 10\",\"publisher\":{\"@id\":\"https:\\\/\\\/canal7slp.tv\\\/2019\\\/#organization\"},\"potentialAction\":[{\"@type\":\"SearchAction\",\"target\":{\"@type\":\"EntryPoint\",\"urlTemplate\":\"https:\\\/\\\/canal7slp.tv\\\/2019\\\/?s={search_term_string}\"},\"query-input\":{\"@type\":\"PropertyValueSpecification\",\"valueRequired\":true,\"valueName\":\"search_term_string\"}}],\"inLanguage\":\"es\"},{\"@type\":\"Organization\",\"@id\":\"https:\\\/\\\/canal7slp.tv\\\/2019\\\/#organization\",\"name\":\"Comunicaci\u00f3n 2000 S.A. de C.V.\",\"url\":\"https:\\\/\\\/canal7slp.tv\\\/2019\\\/\",\"logo\":{\"@type\":\"ImageObject\",\"inLanguage\":\"es\",\"@id\":\"https:\\\/\\\/canal7slp.tv\\\/2019\\\/#\\\/schema\\\/logo\\\/image\\\/\",\"url\":\"https:\\\/\\\/canal7slp.tv\\\/2019\\\/wp-content\\\/uploads\\\/2019\\\/07\\\/logo-c7.png\",\"contentUrl\":\"https:\\\/\\\/canal7slp.tv\\\/2019\\\/wp-content\\\/uploads\\\/2019\\\/07\\\/logo-c7.png\",\"width\":220,\"height\":60,\"caption\":\"Comunicaci\u00f3n 2000 S.A. de C.V.\"},\"image\":{\"@id\":\"https:\\\/\\\/canal7slp.tv\\\/2019\\\/#\\\/schema\\\/logo\\\/image\\\/\"},\"sameAs\":[\"https:\\\/\\\/www.facebook.com\\\/CANAL7SLP\\\/\",\"https:\\\/\\\/x.com\\\/canal7_slp\",\"https:\\\/\\\/www.instagram.com\\\/canal7_slp\",\"https:\\\/\\\/www.youtube.com\\\/user\\\/NOTICIEROSCANAL7SLP\\\/\"]},{\"@type\":\"Person\",\"@id\":\"https:\\\/\\\/canal7slp.tv\\\/2019\\\/#\\\/schema\\\/person\\\/11d941c1c6ca30ac0a46b95fa37aa2e3\",\"name\":\"edicionweb\",\"image\":{\"@type\":\"ImageObject\",\"inLanguage\":\"es\",\"@id\":\"https:\\\/\\\/secure.gravatar.com\\\/avatar\\\/eee448fc3f7164808013b816ba91ac7e43bbe82a70bebac296f8bc6f0addaa1a?s=96&d=mm&r=g\",\"url\":\"https:\\\/\\\/secure.gravatar.com\\\/avatar\\\/eee448fc3f7164808013b816ba91ac7e43bbe82a70bebac296f8bc6f0addaa1a?s=96&d=mm&r=g\",\"contentUrl\":\"https:\\\/\\\/secure.gravatar.com\\\/avatar\\\/eee448fc3f7164808013b816ba91ac7e43bbe82a70bebac296f8bc6f0addaa1a?s=96&d=mm&r=g\",\"caption\":\"edicionweb\"}}]}<\/script>\n<!-- \/ Yoast SEO plugin. -->","yoast_head_json":{"title":"Polic\u00eda vial promueve el uso de movilidad amigable \u201cCiclov\u00eda Potosina\u201d - Canal 7 SLP - 2019","robots":{"index":"index","follow":"follow","max-snippet":"max-snippet:-1","max-image-preview":"max-image-preview:large","max-video-preview":"max-video-preview:-1"},"canonical":"https:\/\/canal7slp.tv\/2019\/policia-vial-promueve-el-uso-de-movilidad-amigable-ciclovia-potosina\/","og_locale":"es_ES","og_type":"article","og_title":"Polic\u00eda vial promueve el uso de movilidad amigable \u201cCiclov\u00eda Potosina\u201d - Canal 7 SLP - 2019","og_description":"SLP.- A dos d\u00edas del arranque del programa piloto de la \u201cCiclov\u00eda Potosina\u201d, la Polic\u00eda vial se encuentra en la etapa de concientizaci\u00f3n para que los usuarios de la v\u00eda p\u00fablica conozcan y entiendan la nueva forma de movilidad urbana que presenta la Av. Himno Nacional. El director de la Polic\u00eda vial Filem\u00f3n Ju\u00e1rez Santana, [&hellip;]","og_url":"https:\/\/canal7slp.tv\/2019\/policia-vial-promueve-el-uso-de-movilidad-amigable-ciclovia-potosina\/","og_site_name":"Canal 7 SLP - 2019","article_publisher":"https:\/\/www.facebook.com\/CANAL7SLP\/","article_published_time":"2019-06-21T00:35:19+00:00","og_image":[{"width":750,"height":500,"url":"https:\/\/canal7slp.tv\/2019\/wp-content\/uploads\/2019\/06\/Ciclovia2.jpg","type":"image\/jpeg"}],"author":"edicionweb","twitter_card":"summary_large_image","twitter_creator":"@canal7_slp","twitter_site":"@canal7_slp","twitter_misc":{"Escrito por":"edicionweb","Tiempo de lectura":"2 minutos"},"schema":{"@context":"https:\/\/schema.org","@graph":[{"@type":"Article","@id":"https:\/\/canal7slp.tv\/2019\/policia-vial-promueve-el-uso-de-movilidad-amigable-ciclovia-potosina\/#article","isPartOf":{"@id":"https:\/\/canal7slp.tv\/2019\/policia-vial-promueve-el-uso-de-movilidad-amigable-ciclovia-potosina\/"},"author":{"name":"edicionweb","@id":"https:\/\/canal7slp.tv\/2019\/#\/schema\/person\/11d941c1c6ca30ac0a46b95fa37aa2e3"},"headline":"Polic\u00eda vial promueve el uso de movilidad amigable \u201cCiclov\u00eda Potosina\u201d","datePublished":"2019-06-21T00:35:19+00:00","mainEntityOfPage":{"@id":"https:\/\/canal7slp.tv\/2019\/policia-vial-promueve-el-uso-de-movilidad-amigable-ciclovia-potosina\/"},"wordCount":414,"commentCount":0,"publisher":{"@id":"https:\/\/canal7slp.tv\/2019\/#organization"},"image":{"@id":"https:\/\/canal7slp.tv\/2019\/policia-vial-promueve-el-uso-de-movilidad-amigable-ciclovia-potosina\/#primaryimage"},"thumbnailUrl":"https:\/\/canal7slp.tv\/2019\/wp-content\/uploads\/2019\/06\/Ciclovia2.jpg","keywords":["Ayuntamiento SLP"],"articleSection":["LOCALES Y REGIONALES"],"inLanguage":"es","potentialAction":[{"@type":"CommentAction","name":"Comment","target":["https:\/\/canal7slp.tv\/2019\/policia-vial-promueve-el-uso-de-movilidad-amigable-ciclovia-potosina\/#respond"]}]},{"@type":"WebPage","@id":"https:\/\/canal7slp.tv\/2019\/policia-vial-promueve-el-uso-de-movilidad-amigable-ciclovia-potosina\/","url":"https:\/\/canal7slp.tv\/2019\/policia-vial-promueve-el-uso-de-movilidad-amigable-ciclovia-potosina\/","name":"Polic\u00eda vial promueve el uso de movilidad amigable \u201cCiclov\u00eda Potosina\u201d - Canal 7 SLP - 2019","isPartOf":{"@id":"https:\/\/canal7slp.tv\/2019\/#website"},"primaryImageOfPage":{"@id":"https:\/\/canal7slp.tv\/2019\/policia-vial-promueve-el-uso-de-movilidad-amigable-ciclovia-potosina\/#primaryimage"},"image":{"@id":"https:\/\/canal7slp.tv\/2019\/policia-vial-promueve-el-uso-de-movilidad-amigable-ciclovia-potosina\/#primaryimage"},"thumbnailUrl":"https:\/\/canal7slp.tv\/2019\/wp-content\/uploads\/2019\/06\/Ciclovia2.jpg","datePublished":"2019-06-21T00:35:19+00:00","breadcrumb":{"@id":"https:\/\/canal7slp.tv\/2019\/policia-vial-promueve-el-uso-de-movilidad-amigable-ciclovia-potosina\/#breadcrumb"},"inLanguage":"es","potentialAction":[{"@type":"ReadAction","target":["https:\/\/canal7slp.tv\/2019\/policia-vial-promueve-el-uso-de-movilidad-amigable-ciclovia-potosina\/"]}]},{"@type":"ImageObject","inLanguage":"es","@id":"https:\/\/canal7slp.tv\/2019\/policia-vial-promueve-el-uso-de-movilidad-amigable-ciclovia-potosina\/#primaryimage","url":"https:\/\/canal7slp.tv\/2019\/wp-content\/uploads\/2019\/06\/Ciclovia2.jpg","contentUrl":"https:\/\/canal7slp.tv\/2019\/wp-content\/uploads\/2019\/06\/Ciclovia2.jpg","width":750,"height":500},{"@type":"BreadcrumbList","@id":"https:\/\/canal7slp.tv\/2019\/policia-vial-promueve-el-uso-de-movilidad-amigable-ciclovia-potosina\/#breadcrumb","itemListElement":[{"@type":"ListItem","position":1,"name":"Home","item":"https:\/\/canal7slp.tv\/2019\/"},{"@type":"ListItem","position":2,"name":"Polic\u00eda vial promueve el uso de movilidad amigable \u201cCiclov\u00eda Potosina\u201d"}]},{"@type":"WebSite","@id":"https:\/\/canal7slp.tv\/2019\/#website","url":"https:\/\/canal7slp.tv\/2019\/","name":"Canal 7 SLP - Somos TV","description":"Somos un Canal de 10","publisher":{"@id":"https:\/\/canal7slp.tv\/2019\/#organization"},"potentialAction":[{"@type":"SearchAction","target":{"@type":"EntryPoint","urlTemplate":"https:\/\/canal7slp.tv\/2019\/?s={search_term_string}"},"query-input":{"@type":"PropertyValueSpecification","valueRequired":true,"valueName":"search_term_string"}}],"inLanguage":"es"},{"@type":"Organization","@id":"https:\/\/canal7slp.tv\/2019\/#organization","name":"Comunicaci\u00f3n 2000 S.A. de C.V.","url":"https:\/\/canal7slp.tv\/2019\/","logo":{"@type":"ImageObject","inLanguage":"es","@id":"https:\/\/canal7slp.tv\/2019\/#\/schema\/logo\/image\/","url":"https:\/\/canal7slp.tv\/2019\/wp-content\/uploads\/2019\/07\/logo-c7.png","contentUrl":"https:\/\/canal7slp.tv\/2019\/wp-content\/uploads\/2019\/07\/logo-c7.png","width":220,"height":60,"caption":"Comunicaci\u00f3n 2000 S.A. de C.V."},"image":{"@id":"https:\/\/canal7slp.tv\/2019\/#\/schema\/logo\/image\/"},"sameAs":["https:\/\/www.facebook.com\/CANAL7SLP\/","https:\/\/x.com\/canal7_slp","https:\/\/www.instagram.com\/canal7_slp","https:\/\/www.youtube.com\/user\/NOTICIEROSCANAL7SLP\/"]},{"@type":"Person","@id":"https:\/\/canal7slp.tv\/2019\/#\/schema\/person\/11d941c1c6ca30ac0a46b95fa37aa2e3","name":"edicionweb","image":{"@type":"ImageObject","inLanguage":"es","@id":"https:\/\/secure.gravatar.com\/avatar\/eee448fc3f7164808013b816ba91ac7e43bbe82a70bebac296f8bc6f0addaa1a?s=96&d=mm&r=g","url":"https:\/\/secure.gravatar.com\/avatar\/eee448fc3f7164808013b816ba91ac7e43bbe82a70bebac296f8bc6f0addaa1a?s=96&d=mm&r=g","contentUrl":"https:\/\/secure.gravatar.com\/avatar\/eee448fc3f7164808013b816ba91ac7e43bbe82a70bebac296f8bc6f0addaa1a?s=96&d=mm&r=g","caption":"edicionweb"}}]}},"amp_enabled":true,"cmb2":{"video_ids_in_playlist":{"vid_p_videos":""},"video_ids_in_channel":{"vid_c_videos":""},"playlist_ids_in_channel":{"vid_c_playlists":""},"series_ids_in_channel":{"vid_c_series":""},"channel_images":{"vid_c_logo":"","vid_c_banner":""},"poster_feature_image":{"vid_m_poster_image":""},"gif_feature_image":{"vid_m_gif_image":""},"video_movie_settings":{"vid_m_director":"","vid_m_actor":"","vid_m_imdb_ratings":"","vid_m_amazon_associates":""},"vid_youtube_broadcasts_settings":{"vid_yb_broadcast_title":"","vid_yb_q":"","vid_yb_channelid":"","vid_yb_videocategoryid":"","vid_yb_maxresults":"","vid_yb_order":"","vid_yb_regioncode":"","vid_yb_videosyndicated":"","vid_yb_style":"","vid_yb_reload_first":""},"video_series_settings":{"vid_m_director":"","vid_m_actor":"","vid_m_imdb_ratings":"","video_series_group":""},"amazon_associates_settings":{"amazon_associates":"","amazon_native_ad":""},"vid_youtube_automatic_settings":{"vid_ya_youtube_source":"","vid_ya_update_every":"","vid_ya_update_unit":"","vid_ya_categories":"","vid_ya_published_after":"","vid_ya_published_before":"","vid_ya_playlists":"","vid_ya_channels":"","vid_ya_director":"","vid_ya_actor":"","vid_ya_author":"","vid_ya_import_post_date":"","vid_ya_status":"","vid_ya_sub_api_key":""},"vid_ads_m_videoads_settings_post":{"vid_ads_m_video_ads":"","vid_ads_m_video_ads_type":"","vid_ads_m_group_google_ima":"","vid_ads_m_group_image":"","vid_ads_m_group_html5_video":"","vid_ads_m_group_html":"","vid_ads_m_vast_preroll":"","vid_ads_m_vast_postroll":"","vid_ads_m_vast_pauseroll":"","vid_ads_m_vast_midroll":[{"vid_ads_m_vast_timer_seconds":"50"}],"vid_ads_m_time_to_show_ads":"","vid_ads_m_time_skip_ads":"","vid_ads_m_time_to_hide_ads":""},"page_slider_settings":{"display_slider_group":"","page_slider_group":""},"blog_page_settings":{"blog_page_title":"","blog_page_heading":"","blog_page_ic":"","blog_page_it":"","blog_page_ec":"","blog_page_ip":"","archive_loop_style":"","blog_image_ratio":"","blog_show_categories":"","blog_show_excerpt":"","blog_show_author":"","blog_show_date":"","blog_show_comment_count":"","blog_show_view_count":"","blog_show_like_count":"","blog_show_dislike_count":"","blog_items_per_page":"","blog_pag_type":""},"page_options":{"get_page_template":"","color_mode":"","main_layout":"","main_layout_full_with":"","main_logo":"","main_logo_retina":"","main_logo_mobile":"","main_logo_mobile_retina":"","sticky_logo":"","sticky_logo_retina":"","main_nav_layout":"","ajax_search":"","header_background":"","theme_sidebar":"","instagram_feed":"","instagram_feed_position":"","popular_videos":"","popular_videos_title_1":"","popular_videos_title_2":"","popular_videos_ic":"","popular_videos_it":"","theme_background":"","page_custom_css":""},"feature_image_settings":{"feature_image_position":""},"video_player_settings":{"single_video_style":"","video_player_position":"","vm_video_url":"","video_player_library":"","video_streaming":"","vm_media_sources":"","vid_auto_play":"","vm_video_shortcode":"","vid_p_sync_playlist":"","vid_c_sync_channel":"","get_post_format":"","multiple_links_structure":"default","multi_links_title":"","vm_video_multi_links":"","vm_duration":"","vid_social_locker":"off","vid_social_locker_id":"","vid_membership_action":"content-video","vm_video_trailer_url":"","vid_download_type":"free","vid_download_target":"download","vid_woo_product":"","vm_media_download":"","user_rating":"","user_rating_position":"","user_rating_mode":"","user_rating_multi_sets":""},"video_auto_fetch_settings":{"vm_video_fetch":"on"},"video_fake_views_likes":{"vm_fake_views":"","vm_fake_likes":"","vm_fake_dislikes":""},"gallery_settings":{"gallery_position":""},"quote_settings":{"quote_position":""},"post_options":{"main_layout":"","main_logo":"","main_logo_retina":"","main_logo_mobile":"","main_logo_mobile_retina":"","sticky_logo":"","sticky_logo_retina":"","main_nav_layout":"","header_background":"","theme_sidebar":"","single_post_comment_type":"","theme_background":""}},"_links":{"self":[{"href":"https:\/\/canal7slp.tv\/2019\/wp-json\/wp\/v2\/posts\/19505","targetHints":{"allow":["GET"]}}],"collection":[{"href":"https:\/\/canal7slp.tv\/2019\/wp-json\/wp\/v2\/posts"}],"about":[{"href":"https:\/\/canal7slp.tv\/2019\/wp-json\/wp\/v2\/types\/post"}],"author":[{"embeddable":true,"href":"https:\/\/canal7slp.tv\/2019\/wp-json\/wp\/v2\/users\/2"}],"replies":[{"embeddable":true,"href":"https:\/\/canal7slp.tv\/2019\/wp-json\/wp\/v2\/comments?post=19505"}],"version-history":[{"count":0,"href":"https:\/\/canal7slp.tv\/2019\/wp-json\/wp\/v2\/posts\/19505\/revisions"}],"wp:featuredmedia":[{"embeddable":true,"href":"https:\/\/canal7slp.tv\/2019\/wp-json\/wp\/v2\/media\/19522"}],"wp:attachment":[{"href":"https:\/\/canal7slp.tv\/2019\/wp-json\/wp\/v2\/media?parent=19505"}],"wp:term":[{"taxonomy":"category","embeddable":true,"href":"https:\/\/canal7slp.tv\/2019\/wp-json\/wp\/v2\/categories?post=19505"},{"taxonomy":"post_tag","embeddable":true,"href":"https:\/\/canal7slp.tv\/2019\/wp-json\/wp\/v2\/tags?post=19505"}],"curies":[{"name":"wp","href":"https:\/\/api.w.org\/{rel}","templated":true}]}}