{"id":19425,"date":"2019-06-20T19:11:16","date_gmt":"2019-06-21T00:11:16","guid":{"rendered":"https:\/\/canal7slp.tv\/2019\/?p=19425"},"modified":"2019-06-20T19:11:16","modified_gmt":"2019-06-21T00:11:16","slug":"jm-carreras-aliado-estrategico-de-la-clase-trabajadora-para-el-pago-de-sus-viviendas-director-de-infonavit","status":"publish","type":"post","link":"https:\/\/canal7slp.tv\/2019\/jm-carreras-aliado-estrategico-de-la-clase-trabajadora-para-el-pago-de-sus-viviendas-director-de-infonavit\/","title":{"rendered":"JM Carreras, aliado estrat\u00e9gico de la clase trabajadora para el pago de sus viviendas: director de Infonavit"},"content":{"rendered":"<p style=\"text-align: justify;\">SLP.- \u201cEl mandatario potosino es un aliado estrat\u00e9gico del programa de Responsabilidad Compartida, cuyo objetivo es respaldar a la clase trabajadora al facilitar el pago de sus casas\u201d, indic\u00f3 Carlos Mart\u00ednez Vel\u00e1zquez, Director General del Instituto del Fondo Nacional de la Vivienda (INFONAVIT), quien, acompa\u00f1ado por el Gobernador del Estado, Juan Manuel Carreras L\u00f3pez, entregaron constancias de conversi\u00f3n de este beneficio federal a familias potosinas.<\/p>\n<p style=\"text-align: justify;\">El funcionario federal, puntualiz\u00f3 que Carreras L\u00f3pez fomenta los mecanismos de promoci\u00f3n de vivienda econ\u00f3mica en San Luis Potos\u00ed, donde se han entregado m\u00e1s 800 constancias de conversi\u00f3n de cr\u00e9dito del programa Responsabilidad Compartida desde que arranc\u00f3 este esquema en la entidad.<\/p>\n<p style=\"text-align: justify;\">En un evento realizado en las instalaciones del INFONAVIT-SLP, el mandatario estatal, destac\u00f3 que, con este mecanismo, miles de familias potosinas podr\u00e1n acceder a mejores condiciones en el cr\u00e9dito de su vivienda y, quienes hayan obtenido uno, lo liquidar\u00e1n con una tasa fija.<\/p>\n<p style=\"text-align: justify;\">Carreras L\u00f3pez, indic\u00f3 que de la mano se fortalece la industria de la construcci\u00f3n en la entidad, porque al existir mejores mecanismos de cr\u00e9dito para que las y los trabajadores obtengan una casa, la demanda aumentar\u00e1 exponencialmente.<\/p>\n<p style=\"text-align: justify;\">El Director General del INFONAVIT, Carlos Mart\u00ednez Vel\u00e1zquez, se\u00f1al\u00f3 que Responsabilidad Compartida, transforma la deuda de vivienda en pesos, para que se implemente una tasa fija que otorgue certidumbre de los lapsos en que tengan que cubrirse los cr\u00e9ditos.<\/p>\n<p style=\"text-align: justify;\">\u201cDurante muchos a\u00f1os las y los trabajadores de M\u00e9xico, ten\u00edan que pagar por cr\u00e9ditos de vivienda que parec\u00edan interminables, por tasas flotantes que depend\u00edan de tarifas establecidas con base en el salario m\u00ednimo, ahora se fija una cantidad mensual espec\u00edfica y un lapso definido, que beneficiar\u00e1 directamente la econom\u00eda de millones de familias\u201d, indic\u00f3 Mart\u00ednez Vel\u00e1zquez.<\/p>\n<p style=\"text-align: justify;\">Posteriormente, Carreras L\u00f3pez y Carlos Mart\u00ednez Vel\u00e1zquez conocieron el desarrollo y segunda fase de Colinas de San Luis, Parque Industrial y de Negocios, que ya cuenta con 33 empresas que generan 7 mil 100 empleos.<\/p>\n<p style=\"text-align: justify;\">El director de Comercializaci\u00f3n del parque, Miguel \u00c1ngel Barreda Araiza, explic\u00f3 que actualmente se encuentra en desarrollo la segunda fase del mismo, que representa 30 hect\u00e1reas de superficie, reconoci\u00f3 la moderna infraestructura de San Luis Potos\u00ed y su localizaci\u00f3n, lo hacen un lugar estrat\u00e9gico para la atracci\u00f3n de inversi\u00f3n industrial, log\u00edstica, financiera y de servicios corporativos.<\/p>\n<p style=\"text-align: justify;\">Durante la reuni\u00f3n, el mandatario estatal hizo hincapi\u00e9 en la necesidad de ligar el parque industrial con Ciudad Sat\u00e9lite, cuyo objetivo es ser un polo de desarrollo con 30 mil viviendas con un crecimiento ordenado con acceso para sus habitantes a equipamiento, servicios, sustentabilidad y empleo.<\/p>\n<p style=\"text-align: justify;\">Posteriormente, el director general de INFONAVIT y el gobernador potosino realizaron un recorrido por la macro manzana 7 de Ciudad Sat\u00e9lite, donde se encuentran 26 viviendas que ser\u00e1n asignadas en la modalidad de L\u00ednea III Integral del Instituto, con un valor de 399 mil pesos con 45 metros cuadrados de construcci\u00f3n, terreno de 120 metros cuadrados, que forman parte de las 5 mil 35 viviendas vendidas dentro del proyecto a trav\u00e9s de cr\u00e9ditos de esa instancia.<\/p>\n<p style=\"text-align: justify;\">Finalmente, recorrieron las nuevas instalaciones de la Universidad Tecnol\u00f3gica Metropolitana en San Luis Potos\u00ed (UTMSLP), donde se destinan 104.4 millones de pesos, del Programa Escuelas al CIEN y del Fondo Estatal de Aportaciones M\u00faltiples.<\/p>\n<p style=\"text-align: justify;\">El plantel cuenta con una Unidad de Docencia, Laboratorio Pesado, adem\u00e1s est\u00e1 por construirse un Centro de Informaci\u00f3n y Documentaci\u00f3n, cuenta con 2 mil 410 alumnos y alumnas, pero se espera que aumente la poblaci\u00f3n estudiantil el siguiente cuatrimestre.<\/p>\n<p style=\"text-align: justify;\">A este evento asistieron la Directora General del Instituto de la Vivienda del Estado, Janeth Socorro L\u00f3pez Hern\u00e1ndez; el Secretario de Desarrollo Social y Regional, Alberto El\u00edas S\u00e1nchez; La Subdirectora de Atenci\u00f3n y Servicio del INFONAVIT, Alicia Barrientos Pantoja; el Secretario de Educaci\u00f3n, Joel Ram\u00edrez D\u00edaz; la Directora del Instituto Estatal de Infraestructura F\u00edsica Educativa, Georgina Silva Barrag\u00e1n y Carlos Mier Padr\u00f3n, Rector de la Universidad Tecnol\u00f3gica Metropolitana de San Luis Potos\u00ed.<\/p>\n","protected":false},"excerpt":{"rendered":"<p>SLP.- \u201cEl mandatario potosino es un aliado estrat\u00e9gico del programa de Responsabilidad Compartida, cuyo objetivo es respaldar a la clase trabajadora al facilitar el pago de sus casas\u201d, indic\u00f3 Carlos Mart\u00ednez Vel\u00e1zquez, Director General del Instituto del Fondo Nacional de la Vivienda (INFONAVIT), quien, acompa\u00f1ado por el Gobernador del Estado, Juan Manuel Carreras L\u00f3pez, entregaron [&hellip;]<\/p>\n","protected":false},"author":2,"featured_media":19426,"comment_status":"open","ping_status":"closed","sticky":false,"template":"","format":"standard","meta":{"footnotes":""},"categories":[17],"tags":[],"class_list":["post-19425","post","type-post","status-publish","format-standard","has-post-thumbnail","hentry","category-localesyregionales"],"yoast_head":"<!-- This site is optimized with the Yoast SEO plugin v27.5 - https:\/\/yoast.com\/product\/yoast-seo-wordpress\/ -->\n<title>JM Carreras, aliado estrat\u00e9gico de la clase trabajadora para el pago de sus viviendas: director de Infonavit - Canal 7 SLP - 2019<\/title>\n<meta name=\"robots\" content=\"index, follow, max-snippet:-1, max-image-preview:large, max-video-preview:-1\" \/>\n<link rel=\"canonical\" href=\"https:\/\/canal7slp.tv\/2019\/jm-carreras-aliado-estrategico-de-la-clase-trabajadora-para-el-pago-de-sus-viviendas-director-de-infonavit\/\" \/>\n<meta property=\"og:locale\" content=\"es_ES\" \/>\n<meta property=\"og:type\" content=\"article\" \/>\n<meta property=\"og:title\" content=\"JM Carreras, aliado estrat\u00e9gico de la clase trabajadora para el pago de sus viviendas: director de Infonavit - Canal 7 SLP - 2019\" \/>\n<meta property=\"og:description\" content=\"SLP.- \u201cEl mandatario potosino es un aliado estrat\u00e9gico del programa de Responsabilidad Compartida, cuyo objetivo es respaldar a la clase trabajadora al facilitar el pago de sus casas\u201d, indic\u00f3 Carlos Mart\u00ednez Vel\u00e1zquez, Director General del Instituto del Fondo Nacional de la Vivienda (INFONAVIT), quien, acompa\u00f1ado por el Gobernador del Estado, Juan Manuel Carreras L\u00f3pez, entregaron [&hellip;]\" \/>\n<meta property=\"og:url\" content=\"https:\/\/canal7slp.tv\/2019\/jm-carreras-aliado-estrategico-de-la-clase-trabajadora-para-el-pago-de-sus-viviendas-director-de-infonavit\/\" \/>\n<meta property=\"og:site_name\" content=\"Canal 7 SLP - 2019\" \/>\n<meta property=\"article:publisher\" content=\"https:\/\/www.facebook.com\/CANAL7SLP\/\" \/>\n<meta property=\"article:published_time\" content=\"2019-06-21T00:11:16+00:00\" \/>\n<meta property=\"og:image\" content=\"https:\/\/canal7slp.tv\/2019\/wp-content\/uploads\/2019\/06\/GobiernoInfonavit.jpg\" \/>\n\t<meta property=\"og:image:width\" content=\"750\" \/>\n\t<meta property=\"og:image:height\" content=\"499\" \/>\n\t<meta property=\"og:image:type\" content=\"image\/jpeg\" \/>\n<meta name=\"author\" content=\"edicionweb\" \/>\n<meta name=\"twitter:card\" content=\"summary_large_image\" \/>\n<meta name=\"twitter:creator\" content=\"@canal7_slp\" \/>\n<meta name=\"twitter:site\" content=\"@canal7_slp\" \/>\n<meta name=\"twitter:label1\" content=\"Escrito por\" \/>\n\t<meta name=\"twitter:data1\" content=\"edicionweb\" \/>\n\t<meta name=\"twitter:label2\" content=\"Tiempo de lectura\" \/>\n\t<meta name=\"twitter:data2\" content=\"3 minutos\" \/>\n<script type=\"application\/ld+json\" class=\"yoast-schema-graph\">{\"@context\":\"https:\\\/\\\/schema.org\",\"@graph\":[{\"@type\":\"Article\",\"@id\":\"https:\\\/\\\/canal7slp.tv\\\/2019\\\/jm-carreras-aliado-estrategico-de-la-clase-trabajadora-para-el-pago-de-sus-viviendas-director-de-infonavit\\\/#article\",\"isPartOf\":{\"@id\":\"https:\\\/\\\/canal7slp.tv\\\/2019\\\/jm-carreras-aliado-estrategico-de-la-clase-trabajadora-para-el-pago-de-sus-viviendas-director-de-infonavit\\\/\"},\"author\":{\"name\":\"edicionweb\",\"@id\":\"https:\\\/\\\/canal7slp.tv\\\/2019\\\/#\\\/schema\\\/person\\\/11d941c1c6ca30ac0a46b95fa37aa2e3\"},\"headline\":\"JM Carreras, aliado estrat\u00e9gico de la clase trabajadora para el pago de sus viviendas: director de Infonavit\",\"datePublished\":\"2019-06-21T00:11:16+00:00\",\"mainEntityOfPage\":{\"@id\":\"https:\\\/\\\/canal7slp.tv\\\/2019\\\/jm-carreras-aliado-estrategico-de-la-clase-trabajadora-para-el-pago-de-sus-viviendas-director-de-infonavit\\\/\"},\"wordCount\":712,\"commentCount\":0,\"publisher\":{\"@id\":\"https:\\\/\\\/canal7slp.tv\\\/2019\\\/#organization\"},\"image\":{\"@id\":\"https:\\\/\\\/canal7slp.tv\\\/2019\\\/jm-carreras-aliado-estrategico-de-la-clase-trabajadora-para-el-pago-de-sus-viviendas-director-de-infonavit\\\/#primaryimage\"},\"thumbnailUrl\":\"https:\\\/\\\/canal7slp.tv\\\/2019\\\/wp-content\\\/uploads\\\/2019\\\/06\\\/GobiernoInfonavit.jpg\",\"articleSection\":[\"LOCALES Y REGIONALES\"],\"inLanguage\":\"es\",\"potentialAction\":[{\"@type\":\"CommentAction\",\"name\":\"Comment\",\"target\":[\"https:\\\/\\\/canal7slp.tv\\\/2019\\\/jm-carreras-aliado-estrategico-de-la-clase-trabajadora-para-el-pago-de-sus-viviendas-director-de-infonavit\\\/#respond\"]}]},{\"@type\":\"WebPage\",\"@id\":\"https:\\\/\\\/canal7slp.tv\\\/2019\\\/jm-carreras-aliado-estrategico-de-la-clase-trabajadora-para-el-pago-de-sus-viviendas-director-de-infonavit\\\/\",\"url\":\"https:\\\/\\\/canal7slp.tv\\\/2019\\\/jm-carreras-aliado-estrategico-de-la-clase-trabajadora-para-el-pago-de-sus-viviendas-director-de-infonavit\\\/\",\"name\":\"JM Carreras, aliado estrat\u00e9gico de la clase trabajadora para el pago de sus viviendas: director de Infonavit - Canal 7 SLP - 2019\",\"isPartOf\":{\"@id\":\"https:\\\/\\\/canal7slp.tv\\\/2019\\\/#website\"},\"primaryImageOfPage\":{\"@id\":\"https:\\\/\\\/canal7slp.tv\\\/2019\\\/jm-carreras-aliado-estrategico-de-la-clase-trabajadora-para-el-pago-de-sus-viviendas-director-de-infonavit\\\/#primaryimage\"},\"image\":{\"@id\":\"https:\\\/\\\/canal7slp.tv\\\/2019\\\/jm-carreras-aliado-estrategico-de-la-clase-trabajadora-para-el-pago-de-sus-viviendas-director-de-infonavit\\\/#primaryimage\"},\"thumbnailUrl\":\"https:\\\/\\\/canal7slp.tv\\\/2019\\\/wp-content\\\/uploads\\\/2019\\\/06\\\/GobiernoInfonavit.jpg\",\"datePublished\":\"2019-06-21T00:11:16+00:00\",\"breadcrumb\":{\"@id\":\"https:\\\/\\\/canal7slp.tv\\\/2019\\\/jm-carreras-aliado-estrategico-de-la-clase-trabajadora-para-el-pago-de-sus-viviendas-director-de-infonavit\\\/#breadcrumb\"},\"inLanguage\":\"es\",\"potentialAction\":[{\"@type\":\"ReadAction\",\"target\":[\"https:\\\/\\\/canal7slp.tv\\\/2019\\\/jm-carreras-aliado-estrategico-de-la-clase-trabajadora-para-el-pago-de-sus-viviendas-director-de-infonavit\\\/\"]}]},{\"@type\":\"ImageObject\",\"inLanguage\":\"es\",\"@id\":\"https:\\\/\\\/canal7slp.tv\\\/2019\\\/jm-carreras-aliado-estrategico-de-la-clase-trabajadora-para-el-pago-de-sus-viviendas-director-de-infonavit\\\/#primaryimage\",\"url\":\"https:\\\/\\\/canal7slp.tv\\\/2019\\\/wp-content\\\/uploads\\\/2019\\\/06\\\/GobiernoInfonavit.jpg\",\"contentUrl\":\"https:\\\/\\\/canal7slp.tv\\\/2019\\\/wp-content\\\/uploads\\\/2019\\\/06\\\/GobiernoInfonavit.jpg\",\"width\":750,\"height\":499},{\"@type\":\"BreadcrumbList\",\"@id\":\"https:\\\/\\\/canal7slp.tv\\\/2019\\\/jm-carreras-aliado-estrategico-de-la-clase-trabajadora-para-el-pago-de-sus-viviendas-director-de-infonavit\\\/#breadcrumb\",\"itemListElement\":[{\"@type\":\"ListItem\",\"position\":1,\"name\":\"Home\",\"item\":\"https:\\\/\\\/canal7slp.tv\\\/2019\\\/\"},{\"@type\":\"ListItem\",\"position\":2,\"name\":\"JM Carreras, aliado estrat\u00e9gico de la clase trabajadora para el pago de sus viviendas: director de Infonavit\"}]},{\"@type\":\"WebSite\",\"@id\":\"https:\\\/\\\/canal7slp.tv\\\/2019\\\/#website\",\"url\":\"https:\\\/\\\/canal7slp.tv\\\/2019\\\/\",\"name\":\"Canal 7 SLP - Somos TV\",\"description\":\"Somos un Canal de 10\",\"publisher\":{\"@id\":\"https:\\\/\\\/canal7slp.tv\\\/2019\\\/#organization\"},\"potentialAction\":[{\"@type\":\"SearchAction\",\"target\":{\"@type\":\"EntryPoint\",\"urlTemplate\":\"https:\\\/\\\/canal7slp.tv\\\/2019\\\/?s={search_term_string}\"},\"query-input\":{\"@type\":\"PropertyValueSpecification\",\"valueRequired\":true,\"valueName\":\"search_term_string\"}}],\"inLanguage\":\"es\"},{\"@type\":\"Organization\",\"@id\":\"https:\\\/\\\/canal7slp.tv\\\/2019\\\/#organization\",\"name\":\"Comunicaci\u00f3n 2000 S.A. de C.V.\",\"url\":\"https:\\\/\\\/canal7slp.tv\\\/2019\\\/\",\"logo\":{\"@type\":\"ImageObject\",\"inLanguage\":\"es\",\"@id\":\"https:\\\/\\\/canal7slp.tv\\\/2019\\\/#\\\/schema\\\/logo\\\/image\\\/\",\"url\":\"https:\\\/\\\/canal7slp.tv\\\/2019\\\/wp-content\\\/uploads\\\/2019\\\/07\\\/logo-c7.png\",\"contentUrl\":\"https:\\\/\\\/canal7slp.tv\\\/2019\\\/wp-content\\\/uploads\\\/2019\\\/07\\\/logo-c7.png\",\"width\":220,\"height\":60,\"caption\":\"Comunicaci\u00f3n 2000 S.A. de C.V.\"},\"image\":{\"@id\":\"https:\\\/\\\/canal7slp.tv\\\/2019\\\/#\\\/schema\\\/logo\\\/image\\\/\"},\"sameAs\":[\"https:\\\/\\\/www.facebook.com\\\/CANAL7SLP\\\/\",\"https:\\\/\\\/x.com\\\/canal7_slp\",\"https:\\\/\\\/www.instagram.com\\\/canal7_slp\",\"https:\\\/\\\/www.youtube.com\\\/user\\\/NOTICIEROSCANAL7SLP\\\/\"]},{\"@type\":\"Person\",\"@id\":\"https:\\\/\\\/canal7slp.tv\\\/2019\\\/#\\\/schema\\\/person\\\/11d941c1c6ca30ac0a46b95fa37aa2e3\",\"name\":\"edicionweb\",\"image\":{\"@type\":\"ImageObject\",\"inLanguage\":\"es\",\"@id\":\"https:\\\/\\\/secure.gravatar.com\\\/avatar\\\/eee448fc3f7164808013b816ba91ac7e43bbe82a70bebac296f8bc6f0addaa1a?s=96&d=mm&r=g\",\"url\":\"https:\\\/\\\/secure.gravatar.com\\\/avatar\\\/eee448fc3f7164808013b816ba91ac7e43bbe82a70bebac296f8bc6f0addaa1a?s=96&d=mm&r=g\",\"contentUrl\":\"https:\\\/\\\/secure.gravatar.com\\\/avatar\\\/eee448fc3f7164808013b816ba91ac7e43bbe82a70bebac296f8bc6f0addaa1a?s=96&d=mm&r=g\",\"caption\":\"edicionweb\"}}]}<\/script>\n<!-- \/ Yoast SEO plugin. -->","yoast_head_json":{"title":"JM Carreras, aliado estrat\u00e9gico de la clase trabajadora para el pago de sus viviendas: director de Infonavit - Canal 7 SLP - 2019","robots":{"index":"index","follow":"follow","max-snippet":"max-snippet:-1","max-image-preview":"max-image-preview:large","max-video-preview":"max-video-preview:-1"},"canonical":"https:\/\/canal7slp.tv\/2019\/jm-carreras-aliado-estrategico-de-la-clase-trabajadora-para-el-pago-de-sus-viviendas-director-de-infonavit\/","og_locale":"es_ES","og_type":"article","og_title":"JM Carreras, aliado estrat\u00e9gico de la clase trabajadora para el pago de sus viviendas: director de Infonavit - Canal 7 SLP - 2019","og_description":"SLP.- \u201cEl mandatario potosino es un aliado estrat\u00e9gico del programa de Responsabilidad Compartida, cuyo objetivo es respaldar a la clase trabajadora al facilitar el pago de sus casas\u201d, indic\u00f3 Carlos Mart\u00ednez Vel\u00e1zquez, Director General del Instituto del Fondo Nacional de la Vivienda (INFONAVIT), quien, acompa\u00f1ado por el Gobernador del Estado, Juan Manuel Carreras L\u00f3pez, entregaron [&hellip;]","og_url":"https:\/\/canal7slp.tv\/2019\/jm-carreras-aliado-estrategico-de-la-clase-trabajadora-para-el-pago-de-sus-viviendas-director-de-infonavit\/","og_site_name":"Canal 7 SLP - 2019","article_publisher":"https:\/\/www.facebook.com\/CANAL7SLP\/","article_published_time":"2019-06-21T00:11:16+00:00","og_image":[{"width":750,"height":499,"url":"https:\/\/canal7slp.tv\/2019\/wp-content\/uploads\/2019\/06\/GobiernoInfonavit.jpg","type":"image\/jpeg"}],"author":"edicionweb","twitter_card":"summary_large_image","twitter_creator":"@canal7_slp","twitter_site":"@canal7_slp","twitter_misc":{"Escrito por":"edicionweb","Tiempo de lectura":"3 minutos"},"schema":{"@context":"https:\/\/schema.org","@graph":[{"@type":"Article","@id":"https:\/\/canal7slp.tv\/2019\/jm-carreras-aliado-estrategico-de-la-clase-trabajadora-para-el-pago-de-sus-viviendas-director-de-infonavit\/#article","isPartOf":{"@id":"https:\/\/canal7slp.tv\/2019\/jm-carreras-aliado-estrategico-de-la-clase-trabajadora-para-el-pago-de-sus-viviendas-director-de-infonavit\/"},"author":{"name":"edicionweb","@id":"https:\/\/canal7slp.tv\/2019\/#\/schema\/person\/11d941c1c6ca30ac0a46b95fa37aa2e3"},"headline":"JM Carreras, aliado estrat\u00e9gico de la clase trabajadora para el pago de sus viviendas: director de Infonavit","datePublished":"2019-06-21T00:11:16+00:00","mainEntityOfPage":{"@id":"https:\/\/canal7slp.tv\/2019\/jm-carreras-aliado-estrategico-de-la-clase-trabajadora-para-el-pago-de-sus-viviendas-director-de-infonavit\/"},"wordCount":712,"commentCount":0,"publisher":{"@id":"https:\/\/canal7slp.tv\/2019\/#organization"},"image":{"@id":"https:\/\/canal7slp.tv\/2019\/jm-carreras-aliado-estrategico-de-la-clase-trabajadora-para-el-pago-de-sus-viviendas-director-de-infonavit\/#primaryimage"},"thumbnailUrl":"https:\/\/canal7slp.tv\/2019\/wp-content\/uploads\/2019\/06\/GobiernoInfonavit.jpg","articleSection":["LOCALES Y REGIONALES"],"inLanguage":"es","potentialAction":[{"@type":"CommentAction","name":"Comment","target":["https:\/\/canal7slp.tv\/2019\/jm-carreras-aliado-estrategico-de-la-clase-trabajadora-para-el-pago-de-sus-viviendas-director-de-infonavit\/#respond"]}]},{"@type":"WebPage","@id":"https:\/\/canal7slp.tv\/2019\/jm-carreras-aliado-estrategico-de-la-clase-trabajadora-para-el-pago-de-sus-viviendas-director-de-infonavit\/","url":"https:\/\/canal7slp.tv\/2019\/jm-carreras-aliado-estrategico-de-la-clase-trabajadora-para-el-pago-de-sus-viviendas-director-de-infonavit\/","name":"JM Carreras, aliado estrat\u00e9gico de la clase trabajadora para el pago de sus viviendas: director de Infonavit - Canal 7 SLP - 2019","isPartOf":{"@id":"https:\/\/canal7slp.tv\/2019\/#website"},"primaryImageOfPage":{"@id":"https:\/\/canal7slp.tv\/2019\/jm-carreras-aliado-estrategico-de-la-clase-trabajadora-para-el-pago-de-sus-viviendas-director-de-infonavit\/#primaryimage"},"image":{"@id":"https:\/\/canal7slp.tv\/2019\/jm-carreras-aliado-estrategico-de-la-clase-trabajadora-para-el-pago-de-sus-viviendas-director-de-infonavit\/#primaryimage"},"thumbnailUrl":"https:\/\/canal7slp.tv\/2019\/wp-content\/uploads\/2019\/06\/GobiernoInfonavit.jpg","datePublished":"2019-06-21T00:11:16+00:00","breadcrumb":{"@id":"https:\/\/canal7slp.tv\/2019\/jm-carreras-aliado-estrategico-de-la-clase-trabajadora-para-el-pago-de-sus-viviendas-director-de-infonavit\/#breadcrumb"},"inLanguage":"es","potentialAction":[{"@type":"ReadAction","target":["https:\/\/canal7slp.tv\/2019\/jm-carreras-aliado-estrategico-de-la-clase-trabajadora-para-el-pago-de-sus-viviendas-director-de-infonavit\/"]}]},{"@type":"ImageObject","inLanguage":"es","@id":"https:\/\/canal7slp.tv\/2019\/jm-carreras-aliado-estrategico-de-la-clase-trabajadora-para-el-pago-de-sus-viviendas-director-de-infonavit\/#primaryimage","url":"https:\/\/canal7slp.tv\/2019\/wp-content\/uploads\/2019\/06\/GobiernoInfonavit.jpg","contentUrl":"https:\/\/canal7slp.tv\/2019\/wp-content\/uploads\/2019\/06\/GobiernoInfonavit.jpg","width":750,"height":499},{"@type":"BreadcrumbList","@id":"https:\/\/canal7slp.tv\/2019\/jm-carreras-aliado-estrategico-de-la-clase-trabajadora-para-el-pago-de-sus-viviendas-director-de-infonavit\/#breadcrumb","itemListElement":[{"@type":"ListItem","position":1,"name":"Home","item":"https:\/\/canal7slp.tv\/2019\/"},{"@type":"ListItem","position":2,"name":"JM Carreras, aliado estrat\u00e9gico de la clase trabajadora para el pago de sus viviendas: director de Infonavit"}]},{"@type":"WebSite","@id":"https:\/\/canal7slp.tv\/2019\/#website","url":"https:\/\/canal7slp.tv\/2019\/","name":"Canal 7 SLP - Somos TV","description":"Somos un Canal de 10","publisher":{"@id":"https:\/\/canal7slp.tv\/2019\/#organization"},"potentialAction":[{"@type":"SearchAction","target":{"@type":"EntryPoint","urlTemplate":"https:\/\/canal7slp.tv\/2019\/?s={search_term_string}"},"query-input":{"@type":"PropertyValueSpecification","valueRequired":true,"valueName":"search_term_string"}}],"inLanguage":"es"},{"@type":"Organization","@id":"https:\/\/canal7slp.tv\/2019\/#organization","name":"Comunicaci\u00f3n 2000 S.A. de C.V.","url":"https:\/\/canal7slp.tv\/2019\/","logo":{"@type":"ImageObject","inLanguage":"es","@id":"https:\/\/canal7slp.tv\/2019\/#\/schema\/logo\/image\/","url":"https:\/\/canal7slp.tv\/2019\/wp-content\/uploads\/2019\/07\/logo-c7.png","contentUrl":"https:\/\/canal7slp.tv\/2019\/wp-content\/uploads\/2019\/07\/logo-c7.png","width":220,"height":60,"caption":"Comunicaci\u00f3n 2000 S.A. de C.V."},"image":{"@id":"https:\/\/canal7slp.tv\/2019\/#\/schema\/logo\/image\/"},"sameAs":["https:\/\/www.facebook.com\/CANAL7SLP\/","https:\/\/x.com\/canal7_slp","https:\/\/www.instagram.com\/canal7_slp","https:\/\/www.youtube.com\/user\/NOTICIEROSCANAL7SLP\/"]},{"@type":"Person","@id":"https:\/\/canal7slp.tv\/2019\/#\/schema\/person\/11d941c1c6ca30ac0a46b95fa37aa2e3","name":"edicionweb","image":{"@type":"ImageObject","inLanguage":"es","@id":"https:\/\/secure.gravatar.com\/avatar\/eee448fc3f7164808013b816ba91ac7e43bbe82a70bebac296f8bc6f0addaa1a?s=96&d=mm&r=g","url":"https:\/\/secure.gravatar.com\/avatar\/eee448fc3f7164808013b816ba91ac7e43bbe82a70bebac296f8bc6f0addaa1a?s=96&d=mm&r=g","contentUrl":"https:\/\/secure.gravatar.com\/avatar\/eee448fc3f7164808013b816ba91ac7e43bbe82a70bebac296f8bc6f0addaa1a?s=96&d=mm&r=g","caption":"edicionweb"}}]}},"amp_enabled":true,"cmb2":{"video_ids_in_playlist":{"vid_p_videos":""},"video_ids_in_channel":{"vid_c_videos":""},"playlist_ids_in_channel":{"vid_c_playlists":""},"series_ids_in_channel":{"vid_c_series":""},"channel_images":{"vid_c_logo":"","vid_c_banner":""},"poster_feature_image":{"vid_m_poster_image":""},"gif_feature_image":{"vid_m_gif_image":""},"video_movie_settings":{"vid_m_director":"","vid_m_actor":"","vid_m_imdb_ratings":"","vid_m_amazon_associates":""},"vid_youtube_broadcasts_settings":{"vid_yb_broadcast_title":"","vid_yb_q":"","vid_yb_channelid":"","vid_yb_videocategoryid":"","vid_yb_maxresults":"","vid_yb_order":"","vid_yb_regioncode":"","vid_yb_videosyndicated":"","vid_yb_style":"","vid_yb_reload_first":""},"video_series_settings":{"vid_m_director":"","vid_m_actor":"","vid_m_imdb_ratings":"","video_series_group":""},"amazon_associates_settings":{"amazon_associates":"","amazon_native_ad":""},"vid_youtube_automatic_settings":{"vid_ya_youtube_source":"","vid_ya_update_every":"","vid_ya_update_unit":"","vid_ya_categories":"","vid_ya_published_after":"","vid_ya_published_before":"","vid_ya_playlists":"","vid_ya_channels":"","vid_ya_director":"","vid_ya_actor":"","vid_ya_author":"","vid_ya_import_post_date":"","vid_ya_status":"","vid_ya_sub_api_key":""},"vid_ads_m_videoads_settings_post":{"vid_ads_m_video_ads":"","vid_ads_m_video_ads_type":"","vid_ads_m_group_google_ima":"","vid_ads_m_group_image":"","vid_ads_m_group_html5_video":"","vid_ads_m_group_html":"","vid_ads_m_vast_preroll":"","vid_ads_m_vast_postroll":"","vid_ads_m_vast_pauseroll":"","vid_ads_m_vast_midroll":[{"vid_ads_m_vast_timer_seconds":"50"}],"vid_ads_m_time_to_show_ads":"","vid_ads_m_time_skip_ads":"","vid_ads_m_time_to_hide_ads":""},"page_slider_settings":{"display_slider_group":"","page_slider_group":""},"blog_page_settings":{"blog_page_title":"","blog_page_heading":"","blog_page_ic":"","blog_page_it":"","blog_page_ec":"","blog_page_ip":"","archive_loop_style":"","blog_image_ratio":"","blog_show_categories":"","blog_show_excerpt":"","blog_show_author":"","blog_show_date":"","blog_show_comment_count":"","blog_show_view_count":"","blog_show_like_count":"","blog_show_dislike_count":"","blog_items_per_page":"","blog_pag_type":""},"page_options":{"get_page_template":"","color_mode":"","main_layout":"","main_layout_full_with":"","main_logo":"","main_logo_retina":"","main_logo_mobile":"","main_logo_mobile_retina":"","sticky_logo":"","sticky_logo_retina":"","main_nav_layout":"","ajax_search":"","header_background":"","theme_sidebar":"","instagram_feed":"","instagram_feed_position":"","popular_videos":"","popular_videos_title_1":"","popular_videos_title_2":"","popular_videos_ic":"","popular_videos_it":"","theme_background":"","page_custom_css":""},"feature_image_settings":{"feature_image_position":""},"video_player_settings":{"single_video_style":"","video_player_position":"","vm_video_url":"","video_player_library":"","video_streaming":"","vm_media_sources":"","vid_auto_play":"","vm_video_shortcode":"","vid_p_sync_playlist":"","vid_c_sync_channel":"","get_post_format":"","multiple_links_structure":"default","multi_links_title":"","vm_video_multi_links":"","vm_duration":"","vid_social_locker":"off","vid_social_locker_id":"","vid_membership_action":"content-video","vm_video_trailer_url":"","vid_download_type":"free","vid_download_target":"download","vid_woo_product":"","vm_media_download":"","user_rating":"","user_rating_position":"","user_rating_mode":"","user_rating_multi_sets":""},"video_auto_fetch_settings":{"vm_video_fetch":"on"},"video_fake_views_likes":{"vm_fake_views":"","vm_fake_likes":"","vm_fake_dislikes":""},"gallery_settings":{"gallery_position":""},"quote_settings":{"quote_position":""},"post_options":{"main_layout":"","main_logo":"","main_logo_retina":"","main_logo_mobile":"","main_logo_mobile_retina":"","sticky_logo":"","sticky_logo_retina":"","main_nav_layout":"","header_background":"","theme_sidebar":"","single_post_comment_type":"","theme_background":""}},"_links":{"self":[{"href":"https:\/\/canal7slp.tv\/2019\/wp-json\/wp\/v2\/posts\/19425","targetHints":{"allow":["GET"]}}],"collection":[{"href":"https:\/\/canal7slp.tv\/2019\/wp-json\/wp\/v2\/posts"}],"about":[{"href":"https:\/\/canal7slp.tv\/2019\/wp-json\/wp\/v2\/types\/post"}],"author":[{"embeddable":true,"href":"https:\/\/canal7slp.tv\/2019\/wp-json\/wp\/v2\/users\/2"}],"replies":[{"embeddable":true,"href":"https:\/\/canal7slp.tv\/2019\/wp-json\/wp\/v2\/comments?post=19425"}],"version-history":[{"count":0,"href":"https:\/\/canal7slp.tv\/2019\/wp-json\/wp\/v2\/posts\/19425\/revisions"}],"wp:featuredmedia":[{"embeddable":true,"href":"https:\/\/canal7slp.tv\/2019\/wp-json\/wp\/v2\/media\/19426"}],"wp:attachment":[{"href":"https:\/\/canal7slp.tv\/2019\/wp-json\/wp\/v2\/media?parent=19425"}],"wp:term":[{"taxonomy":"category","embeddable":true,"href":"https:\/\/canal7slp.tv\/2019\/wp-json\/wp\/v2\/categories?post=19425"},{"taxonomy":"post_tag","embeddable":true,"href":"https:\/\/canal7slp.tv\/2019\/wp-json\/wp\/v2\/tags?post=19425"}],"curies":[{"name":"wp","href":"https:\/\/api.w.org\/{rel}","templated":true}]}}