{"id":19384,"date":"2019-06-20T18:59:49","date_gmt":"2019-06-20T23:59:49","guid":{"rendered":"https:\/\/canal7slp.tv\/2019\/?p=19384"},"modified":"2019-06-20T18:59:49","modified_gmt":"2019-06-20T23:59:49","slug":"imes-fortalece-atencion-con-la-feria-de-las-mujeres-por-tu-vida-sin-violencia","status":"publish","type":"post","link":"https:\/\/canal7slp.tv\/2019\/imes-fortalece-atencion-con-la-feria-de-las-mujeres-por-tu-vida-sin-violencia\/","title":{"rendered":"IMES fortalece atenci\u00f3n con la Feria de las Mujeres, \u201cPor T\u00fa Vida, Sin Violencia\u201d"},"content":{"rendered":"<p style=\"text-align: justify;\">SLP.- Este viernes se realizar\u00e1 la Feria de las Mujeres, \u201cPor T\u00fa Vida Sin Violencia\u201d, en la plaza principal de la parroquia del Saucito en horario de 10:00 a 14:00 horas, con la finalidad de dar a conocer los servicios con los que cuentan las dependencias de gobierno, organizaciones civiles e Instituciones, encargadas de la prevenci\u00f3n y atenci\u00f3n de la violencia.<\/p>\n<p style=\"text-align: justify;\">\n<p style=\"text-align: justify;\">Este evento es organizado por el Instituto de las Mujeres del Estado (IMES) a trav\u00e9s del M\u00f3dulo de Orientaci\u00f3n para las Mujeres de San Luis Potos\u00ed y Soledad de Graciano S\u00e1nchez, inform\u00f3 la Erika Vel\u00e1zquez Guti\u00e9rrez, titular de la dependencia.<\/p>\n<p style=\"text-align: justify;\">\n<p style=\"text-align: justify;\">Dijo que en el evento participar\u00e1: el Centro de Justicia para la Mujeres (CJM), Otra Oportunidad A.C., Red de Diversificadores Sociales A.C., Comisi\u00f3n Estatal de Garant\u00eda de Acceso a la Informaci\u00f3n P\u00fablica (CEGAIP), Consejo Estatal Electoral y de Participaci\u00f3n Ciudadana (CEEPAC), Instituto Estatal para la Educaci\u00f3n de los adultos (IEEA), Fundaci\u00f3n Mexicana para la Planeaci\u00f3n Familiar A.C. (MEXFAM) DIF Municipal, Secretaria del Bienestar, Instituto Temazcalli, Secretaria de Salud, Secretaria de Seguridad P\u00fablica, Casa del Migrante y Secretar\u00eda del Trabajo y Previsi\u00f3n Social.<\/p>\n<p style=\"text-align: justify;\">\n<p style=\"text-align: justify;\">Psic\u00f3logas, abogadas, nutri\u00f3logas, trabajadoras sociales ofrecer\u00e1n orientaci\u00f3n en educaci\u00f3n sexual, adicciones, pruebas de VIH, nutrici\u00f3n y control de peso, orientaci\u00f3n para cursar la primaria y secundaria, asesor\u00eda sobre becas para j\u00f3venes y adultos mayores, entre otros servicios de inter\u00e9s<\/p>\n<p style=\"text-align: justify;\">\n<p style=\"text-align: justify;\">Tambi\u00e9n se ofrecer\u00e1 orientaci\u00f3n sobre el derecho al acceso a la Informaci\u00f3n p\u00fablica, transparencia y rendici\u00f3n de cuentas, derechos pol\u00edticos y electorales por parte del personal de CEGAIP Y CEEPAC.<\/p>\n<p style=\"text-align: justify;\">\n<p style=\"text-align: justify;\">Por \u00faltimo, la licenciada Erika Vel\u00e1zquez hizo una invitaci\u00f3n para que ma\u00f1ana viernes las mujeres asistan a la Feria de la Mujeres \u201cPor T\u00fa Vida, Sin Violencia\u201d y conozcan sus derechos y tengan una vida libre sin violencia, a trav\u00e9s de la orientaci\u00f3n y atenci\u00f3n que ofrecer\u00e1n las Instituciones participantes.<\/p>\n","protected":false},"excerpt":{"rendered":"<p>SLP.- Este viernes se realizar\u00e1 la Feria de las Mujeres, \u201cPor T\u00fa Vida Sin Violencia\u201d, en la plaza principal de la parroquia del Saucito en horario de 10:00 a 14:00 horas, con la finalidad de dar a conocer los servicios con los que cuentan las dependencias de gobierno, organizaciones civiles e Instituciones, encargadas de la [&hellip;]<\/p>\n","protected":false},"author":2,"featured_media":19403,"comment_status":"open","ping_status":"closed","sticky":false,"template":"","format":"standard","meta":{"footnotes":""},"categories":[17],"tags":[111,181],"class_list":["post-19384","post","type-post","status-publish","format-standard","has-post-thumbnail","hentry","category-localesyregionales","tag-gobierno-slp","tag-imes"],"yoast_head":"<!-- This site is optimized with the Yoast SEO plugin v27.5 - https:\/\/yoast.com\/product\/yoast-seo-wordpress\/ -->\n<title>IMES fortalece atenci\u00f3n con la Feria de las Mujeres, \u201cPor T\u00fa Vida, Sin Violencia\u201d - Canal 7 SLP - 2019<\/title>\n<meta name=\"robots\" content=\"index, follow, max-snippet:-1, max-image-preview:large, max-video-preview:-1\" \/>\n<link rel=\"canonical\" href=\"https:\/\/canal7slp.tv\/2019\/imes-fortalece-atencion-con-la-feria-de-las-mujeres-por-tu-vida-sin-violencia\/\" \/>\n<meta property=\"og:locale\" content=\"es_ES\" \/>\n<meta property=\"og:type\" content=\"article\" \/>\n<meta property=\"og:title\" content=\"IMES fortalece atenci\u00f3n con la Feria de las Mujeres, \u201cPor T\u00fa Vida, Sin Violencia\u201d - Canal 7 SLP - 2019\" \/>\n<meta property=\"og:description\" content=\"SLP.- Este viernes se realizar\u00e1 la Feria de las Mujeres, \u201cPor T\u00fa Vida Sin Violencia\u201d, en la plaza principal de la parroquia del Saucito en horario de 10:00 a 14:00 horas, con la finalidad de dar a conocer los servicios con los que cuentan las dependencias de gobierno, organizaciones civiles e Instituciones, encargadas de la [&hellip;]\" \/>\n<meta property=\"og:url\" content=\"https:\/\/canal7slp.tv\/2019\/imes-fortalece-atencion-con-la-feria-de-las-mujeres-por-tu-vida-sin-violencia\/\" \/>\n<meta property=\"og:site_name\" content=\"Canal 7 SLP - 2019\" \/>\n<meta property=\"article:publisher\" content=\"https:\/\/www.facebook.com\/CANAL7SLP\/\" \/>\n<meta property=\"article:published_time\" content=\"2019-06-20T23:59:49+00:00\" \/>\n<meta property=\"og:image\" content=\"https:\/\/canal7slp.tv\/2019\/wp-content\/uploads\/2019\/06\/GobiernoIMES.jpg\" \/>\n\t<meta property=\"og:image:width\" content=\"750\" \/>\n\t<meta property=\"og:image:height\" content=\"586\" \/>\n\t<meta property=\"og:image:type\" content=\"image\/jpeg\" \/>\n<meta name=\"author\" content=\"edicionweb\" \/>\n<meta name=\"twitter:card\" content=\"summary_large_image\" \/>\n<meta name=\"twitter:creator\" content=\"@canal7_slp\" \/>\n<meta name=\"twitter:site\" content=\"@canal7_slp\" \/>\n<meta name=\"twitter:label1\" content=\"Escrito por\" \/>\n\t<meta name=\"twitter:data1\" content=\"edicionweb\" \/>\n\t<meta name=\"twitter:label2\" content=\"Tiempo de lectura\" \/>\n\t<meta name=\"twitter:data2\" content=\"2 minutos\" \/>\n<script type=\"application\/ld+json\" class=\"yoast-schema-graph\">{\"@context\":\"https:\\\/\\\/schema.org\",\"@graph\":[{\"@type\":\"Article\",\"@id\":\"https:\\\/\\\/canal7slp.tv\\\/2019\\\/imes-fortalece-atencion-con-la-feria-de-las-mujeres-por-tu-vida-sin-violencia\\\/#article\",\"isPartOf\":{\"@id\":\"https:\\\/\\\/canal7slp.tv\\\/2019\\\/imes-fortalece-atencion-con-la-feria-de-las-mujeres-por-tu-vida-sin-violencia\\\/\"},\"author\":{\"name\":\"edicionweb\",\"@id\":\"https:\\\/\\\/canal7slp.tv\\\/2019\\\/#\\\/schema\\\/person\\\/11d941c1c6ca30ac0a46b95fa37aa2e3\"},\"headline\":\"IMES fortalece atenci\u00f3n con la Feria de las Mujeres, \u201cPor T\u00fa Vida, Sin Violencia\u201d\",\"datePublished\":\"2019-06-20T23:59:49+00:00\",\"mainEntityOfPage\":{\"@id\":\"https:\\\/\\\/canal7slp.tv\\\/2019\\\/imes-fortalece-atencion-con-la-feria-de-las-mujeres-por-tu-vida-sin-violencia\\\/\"},\"wordCount\":361,\"commentCount\":0,\"publisher\":{\"@id\":\"https:\\\/\\\/canal7slp.tv\\\/2019\\\/#organization\"},\"image\":{\"@id\":\"https:\\\/\\\/canal7slp.tv\\\/2019\\\/imes-fortalece-atencion-con-la-feria-de-las-mujeres-por-tu-vida-sin-violencia\\\/#primaryimage\"},\"thumbnailUrl\":\"https:\\\/\\\/canal7slp.tv\\\/2019\\\/wp-content\\\/uploads\\\/2019\\\/06\\\/GobiernoIMES.jpg\",\"keywords\":[\"Gobierno SLP\",\"IMES\"],\"articleSection\":[\"LOCALES Y REGIONALES\"],\"inLanguage\":\"es\",\"potentialAction\":[{\"@type\":\"CommentAction\",\"name\":\"Comment\",\"target\":[\"https:\\\/\\\/canal7slp.tv\\\/2019\\\/imes-fortalece-atencion-con-la-feria-de-las-mujeres-por-tu-vida-sin-violencia\\\/#respond\"]}]},{\"@type\":\"WebPage\",\"@id\":\"https:\\\/\\\/canal7slp.tv\\\/2019\\\/imes-fortalece-atencion-con-la-feria-de-las-mujeres-por-tu-vida-sin-violencia\\\/\",\"url\":\"https:\\\/\\\/canal7slp.tv\\\/2019\\\/imes-fortalece-atencion-con-la-feria-de-las-mujeres-por-tu-vida-sin-violencia\\\/\",\"name\":\"IMES fortalece atenci\u00f3n con la Feria de las Mujeres, \u201cPor T\u00fa Vida, Sin Violencia\u201d - Canal 7 SLP - 2019\",\"isPartOf\":{\"@id\":\"https:\\\/\\\/canal7slp.tv\\\/2019\\\/#website\"},\"primaryImageOfPage\":{\"@id\":\"https:\\\/\\\/canal7slp.tv\\\/2019\\\/imes-fortalece-atencion-con-la-feria-de-las-mujeres-por-tu-vida-sin-violencia\\\/#primaryimage\"},\"image\":{\"@id\":\"https:\\\/\\\/canal7slp.tv\\\/2019\\\/imes-fortalece-atencion-con-la-feria-de-las-mujeres-por-tu-vida-sin-violencia\\\/#primaryimage\"},\"thumbnailUrl\":\"https:\\\/\\\/canal7slp.tv\\\/2019\\\/wp-content\\\/uploads\\\/2019\\\/06\\\/GobiernoIMES.jpg\",\"datePublished\":\"2019-06-20T23:59:49+00:00\",\"breadcrumb\":{\"@id\":\"https:\\\/\\\/canal7slp.tv\\\/2019\\\/imes-fortalece-atencion-con-la-feria-de-las-mujeres-por-tu-vida-sin-violencia\\\/#breadcrumb\"},\"inLanguage\":\"es\",\"potentialAction\":[{\"@type\":\"ReadAction\",\"target\":[\"https:\\\/\\\/canal7slp.tv\\\/2019\\\/imes-fortalece-atencion-con-la-feria-de-las-mujeres-por-tu-vida-sin-violencia\\\/\"]}]},{\"@type\":\"ImageObject\",\"inLanguage\":\"es\",\"@id\":\"https:\\\/\\\/canal7slp.tv\\\/2019\\\/imes-fortalece-atencion-con-la-feria-de-las-mujeres-por-tu-vida-sin-violencia\\\/#primaryimage\",\"url\":\"https:\\\/\\\/canal7slp.tv\\\/2019\\\/wp-content\\\/uploads\\\/2019\\\/06\\\/GobiernoIMES.jpg\",\"contentUrl\":\"https:\\\/\\\/canal7slp.tv\\\/2019\\\/wp-content\\\/uploads\\\/2019\\\/06\\\/GobiernoIMES.jpg\",\"width\":750,\"height\":586},{\"@type\":\"BreadcrumbList\",\"@id\":\"https:\\\/\\\/canal7slp.tv\\\/2019\\\/imes-fortalece-atencion-con-la-feria-de-las-mujeres-por-tu-vida-sin-violencia\\\/#breadcrumb\",\"itemListElement\":[{\"@type\":\"ListItem\",\"position\":1,\"name\":\"Home\",\"item\":\"https:\\\/\\\/canal7slp.tv\\\/2019\\\/\"},{\"@type\":\"ListItem\",\"position\":2,\"name\":\"IMES fortalece atenci\u00f3n con la Feria de las Mujeres, \u201cPor T\u00fa Vida, Sin Violencia\u201d\"}]},{\"@type\":\"WebSite\",\"@id\":\"https:\\\/\\\/canal7slp.tv\\\/2019\\\/#website\",\"url\":\"https:\\\/\\\/canal7slp.tv\\\/2019\\\/\",\"name\":\"Canal 7 SLP - Somos TV\",\"description\":\"Somos un Canal de 10\",\"publisher\":{\"@id\":\"https:\\\/\\\/canal7slp.tv\\\/2019\\\/#organization\"},\"potentialAction\":[{\"@type\":\"SearchAction\",\"target\":{\"@type\":\"EntryPoint\",\"urlTemplate\":\"https:\\\/\\\/canal7slp.tv\\\/2019\\\/?s={search_term_string}\"},\"query-input\":{\"@type\":\"PropertyValueSpecification\",\"valueRequired\":true,\"valueName\":\"search_term_string\"}}],\"inLanguage\":\"es\"},{\"@type\":\"Organization\",\"@id\":\"https:\\\/\\\/canal7slp.tv\\\/2019\\\/#organization\",\"name\":\"Comunicaci\u00f3n 2000 S.A. de C.V.\",\"url\":\"https:\\\/\\\/canal7slp.tv\\\/2019\\\/\",\"logo\":{\"@type\":\"ImageObject\",\"inLanguage\":\"es\",\"@id\":\"https:\\\/\\\/canal7slp.tv\\\/2019\\\/#\\\/schema\\\/logo\\\/image\\\/\",\"url\":\"https:\\\/\\\/canal7slp.tv\\\/2019\\\/wp-content\\\/uploads\\\/2019\\\/07\\\/logo-c7.png\",\"contentUrl\":\"https:\\\/\\\/canal7slp.tv\\\/2019\\\/wp-content\\\/uploads\\\/2019\\\/07\\\/logo-c7.png\",\"width\":220,\"height\":60,\"caption\":\"Comunicaci\u00f3n 2000 S.A. de C.V.\"},\"image\":{\"@id\":\"https:\\\/\\\/canal7slp.tv\\\/2019\\\/#\\\/schema\\\/logo\\\/image\\\/\"},\"sameAs\":[\"https:\\\/\\\/www.facebook.com\\\/CANAL7SLP\\\/\",\"https:\\\/\\\/x.com\\\/canal7_slp\",\"https:\\\/\\\/www.instagram.com\\\/canal7_slp\",\"https:\\\/\\\/www.youtube.com\\\/user\\\/NOTICIEROSCANAL7SLP\\\/\"]},{\"@type\":\"Person\",\"@id\":\"https:\\\/\\\/canal7slp.tv\\\/2019\\\/#\\\/schema\\\/person\\\/11d941c1c6ca30ac0a46b95fa37aa2e3\",\"name\":\"edicionweb\",\"image\":{\"@type\":\"ImageObject\",\"inLanguage\":\"es\",\"@id\":\"https:\\\/\\\/secure.gravatar.com\\\/avatar\\\/eee448fc3f7164808013b816ba91ac7e43bbe82a70bebac296f8bc6f0addaa1a?s=96&d=mm&r=g\",\"url\":\"https:\\\/\\\/secure.gravatar.com\\\/avatar\\\/eee448fc3f7164808013b816ba91ac7e43bbe82a70bebac296f8bc6f0addaa1a?s=96&d=mm&r=g\",\"contentUrl\":\"https:\\\/\\\/secure.gravatar.com\\\/avatar\\\/eee448fc3f7164808013b816ba91ac7e43bbe82a70bebac296f8bc6f0addaa1a?s=96&d=mm&r=g\",\"caption\":\"edicionweb\"}}]}<\/script>\n<!-- \/ Yoast SEO plugin. -->","yoast_head_json":{"title":"IMES fortalece atenci\u00f3n con la Feria de las Mujeres, \u201cPor T\u00fa Vida, Sin Violencia\u201d - Canal 7 SLP - 2019","robots":{"index":"index","follow":"follow","max-snippet":"max-snippet:-1","max-image-preview":"max-image-preview:large","max-video-preview":"max-video-preview:-1"},"canonical":"https:\/\/canal7slp.tv\/2019\/imes-fortalece-atencion-con-la-feria-de-las-mujeres-por-tu-vida-sin-violencia\/","og_locale":"es_ES","og_type":"article","og_title":"IMES fortalece atenci\u00f3n con la Feria de las Mujeres, \u201cPor T\u00fa Vida, Sin Violencia\u201d - Canal 7 SLP - 2019","og_description":"SLP.- Este viernes se realizar\u00e1 la Feria de las Mujeres, \u201cPor T\u00fa Vida Sin Violencia\u201d, en la plaza principal de la parroquia del Saucito en horario de 10:00 a 14:00 horas, con la finalidad de dar a conocer los servicios con los que cuentan las dependencias de gobierno, organizaciones civiles e Instituciones, encargadas de la [&hellip;]","og_url":"https:\/\/canal7slp.tv\/2019\/imes-fortalece-atencion-con-la-feria-de-las-mujeres-por-tu-vida-sin-violencia\/","og_site_name":"Canal 7 SLP - 2019","article_publisher":"https:\/\/www.facebook.com\/CANAL7SLP\/","article_published_time":"2019-06-20T23:59:49+00:00","og_image":[{"width":750,"height":586,"url":"https:\/\/canal7slp.tv\/2019\/wp-content\/uploads\/2019\/06\/GobiernoIMES.jpg","type":"image\/jpeg"}],"author":"edicionweb","twitter_card":"summary_large_image","twitter_creator":"@canal7_slp","twitter_site":"@canal7_slp","twitter_misc":{"Escrito por":"edicionweb","Tiempo de lectura":"2 minutos"},"schema":{"@context":"https:\/\/schema.org","@graph":[{"@type":"Article","@id":"https:\/\/canal7slp.tv\/2019\/imes-fortalece-atencion-con-la-feria-de-las-mujeres-por-tu-vida-sin-violencia\/#article","isPartOf":{"@id":"https:\/\/canal7slp.tv\/2019\/imes-fortalece-atencion-con-la-feria-de-las-mujeres-por-tu-vida-sin-violencia\/"},"author":{"name":"edicionweb","@id":"https:\/\/canal7slp.tv\/2019\/#\/schema\/person\/11d941c1c6ca30ac0a46b95fa37aa2e3"},"headline":"IMES fortalece atenci\u00f3n con la Feria de las Mujeres, \u201cPor T\u00fa Vida, Sin Violencia\u201d","datePublished":"2019-06-20T23:59:49+00:00","mainEntityOfPage":{"@id":"https:\/\/canal7slp.tv\/2019\/imes-fortalece-atencion-con-la-feria-de-las-mujeres-por-tu-vida-sin-violencia\/"},"wordCount":361,"commentCount":0,"publisher":{"@id":"https:\/\/canal7slp.tv\/2019\/#organization"},"image":{"@id":"https:\/\/canal7slp.tv\/2019\/imes-fortalece-atencion-con-la-feria-de-las-mujeres-por-tu-vida-sin-violencia\/#primaryimage"},"thumbnailUrl":"https:\/\/canal7slp.tv\/2019\/wp-content\/uploads\/2019\/06\/GobiernoIMES.jpg","keywords":["Gobierno SLP","IMES"],"articleSection":["LOCALES Y REGIONALES"],"inLanguage":"es","potentialAction":[{"@type":"CommentAction","name":"Comment","target":["https:\/\/canal7slp.tv\/2019\/imes-fortalece-atencion-con-la-feria-de-las-mujeres-por-tu-vida-sin-violencia\/#respond"]}]},{"@type":"WebPage","@id":"https:\/\/canal7slp.tv\/2019\/imes-fortalece-atencion-con-la-feria-de-las-mujeres-por-tu-vida-sin-violencia\/","url":"https:\/\/canal7slp.tv\/2019\/imes-fortalece-atencion-con-la-feria-de-las-mujeres-por-tu-vida-sin-violencia\/","name":"IMES fortalece atenci\u00f3n con la Feria de las Mujeres, \u201cPor T\u00fa Vida, Sin Violencia\u201d - Canal 7 SLP - 2019","isPartOf":{"@id":"https:\/\/canal7slp.tv\/2019\/#website"},"primaryImageOfPage":{"@id":"https:\/\/canal7slp.tv\/2019\/imes-fortalece-atencion-con-la-feria-de-las-mujeres-por-tu-vida-sin-violencia\/#primaryimage"},"image":{"@id":"https:\/\/canal7slp.tv\/2019\/imes-fortalece-atencion-con-la-feria-de-las-mujeres-por-tu-vida-sin-violencia\/#primaryimage"},"thumbnailUrl":"https:\/\/canal7slp.tv\/2019\/wp-content\/uploads\/2019\/06\/GobiernoIMES.jpg","datePublished":"2019-06-20T23:59:49+00:00","breadcrumb":{"@id":"https:\/\/canal7slp.tv\/2019\/imes-fortalece-atencion-con-la-feria-de-las-mujeres-por-tu-vida-sin-violencia\/#breadcrumb"},"inLanguage":"es","potentialAction":[{"@type":"ReadAction","target":["https:\/\/canal7slp.tv\/2019\/imes-fortalece-atencion-con-la-feria-de-las-mujeres-por-tu-vida-sin-violencia\/"]}]},{"@type":"ImageObject","inLanguage":"es","@id":"https:\/\/canal7slp.tv\/2019\/imes-fortalece-atencion-con-la-feria-de-las-mujeres-por-tu-vida-sin-violencia\/#primaryimage","url":"https:\/\/canal7slp.tv\/2019\/wp-content\/uploads\/2019\/06\/GobiernoIMES.jpg","contentUrl":"https:\/\/canal7slp.tv\/2019\/wp-content\/uploads\/2019\/06\/GobiernoIMES.jpg","width":750,"height":586},{"@type":"BreadcrumbList","@id":"https:\/\/canal7slp.tv\/2019\/imes-fortalece-atencion-con-la-feria-de-las-mujeres-por-tu-vida-sin-violencia\/#breadcrumb","itemListElement":[{"@type":"ListItem","position":1,"name":"Home","item":"https:\/\/canal7slp.tv\/2019\/"},{"@type":"ListItem","position":2,"name":"IMES fortalece atenci\u00f3n con la Feria de las Mujeres, \u201cPor T\u00fa Vida, Sin Violencia\u201d"}]},{"@type":"WebSite","@id":"https:\/\/canal7slp.tv\/2019\/#website","url":"https:\/\/canal7slp.tv\/2019\/","name":"Canal 7 SLP - Somos TV","description":"Somos un Canal de 10","publisher":{"@id":"https:\/\/canal7slp.tv\/2019\/#organization"},"potentialAction":[{"@type":"SearchAction","target":{"@type":"EntryPoint","urlTemplate":"https:\/\/canal7slp.tv\/2019\/?s={search_term_string}"},"query-input":{"@type":"PropertyValueSpecification","valueRequired":true,"valueName":"search_term_string"}}],"inLanguage":"es"},{"@type":"Organization","@id":"https:\/\/canal7slp.tv\/2019\/#organization","name":"Comunicaci\u00f3n 2000 S.A. de C.V.","url":"https:\/\/canal7slp.tv\/2019\/","logo":{"@type":"ImageObject","inLanguage":"es","@id":"https:\/\/canal7slp.tv\/2019\/#\/schema\/logo\/image\/","url":"https:\/\/canal7slp.tv\/2019\/wp-content\/uploads\/2019\/07\/logo-c7.png","contentUrl":"https:\/\/canal7slp.tv\/2019\/wp-content\/uploads\/2019\/07\/logo-c7.png","width":220,"height":60,"caption":"Comunicaci\u00f3n 2000 S.A. de C.V."},"image":{"@id":"https:\/\/canal7slp.tv\/2019\/#\/schema\/logo\/image\/"},"sameAs":["https:\/\/www.facebook.com\/CANAL7SLP\/","https:\/\/x.com\/canal7_slp","https:\/\/www.instagram.com\/canal7_slp","https:\/\/www.youtube.com\/user\/NOTICIEROSCANAL7SLP\/"]},{"@type":"Person","@id":"https:\/\/canal7slp.tv\/2019\/#\/schema\/person\/11d941c1c6ca30ac0a46b95fa37aa2e3","name":"edicionweb","image":{"@type":"ImageObject","inLanguage":"es","@id":"https:\/\/secure.gravatar.com\/avatar\/eee448fc3f7164808013b816ba91ac7e43bbe82a70bebac296f8bc6f0addaa1a?s=96&d=mm&r=g","url":"https:\/\/secure.gravatar.com\/avatar\/eee448fc3f7164808013b816ba91ac7e43bbe82a70bebac296f8bc6f0addaa1a?s=96&d=mm&r=g","contentUrl":"https:\/\/secure.gravatar.com\/avatar\/eee448fc3f7164808013b816ba91ac7e43bbe82a70bebac296f8bc6f0addaa1a?s=96&d=mm&r=g","caption":"edicionweb"}}]}},"amp_enabled":true,"cmb2":{"video_ids_in_playlist":{"vid_p_videos":""},"video_ids_in_channel":{"vid_c_videos":""},"playlist_ids_in_channel":{"vid_c_playlists":""},"series_ids_in_channel":{"vid_c_series":""},"channel_images":{"vid_c_logo":"","vid_c_banner":""},"poster_feature_image":{"vid_m_poster_image":""},"gif_feature_image":{"vid_m_gif_image":""},"video_movie_settings":{"vid_m_director":"","vid_m_actor":"","vid_m_imdb_ratings":"","vid_m_amazon_associates":""},"vid_youtube_broadcasts_settings":{"vid_yb_broadcast_title":"","vid_yb_q":"","vid_yb_channelid":"","vid_yb_videocategoryid":"","vid_yb_maxresults":"","vid_yb_order":"","vid_yb_regioncode":"","vid_yb_videosyndicated":"","vid_yb_style":"","vid_yb_reload_first":""},"video_series_settings":{"vid_m_director":"","vid_m_actor":"","vid_m_imdb_ratings":"","video_series_group":""},"amazon_associates_settings":{"amazon_associates":"","amazon_native_ad":""},"vid_youtube_automatic_settings":{"vid_ya_youtube_source":"","vid_ya_update_every":"","vid_ya_update_unit":"","vid_ya_categories":"","vid_ya_published_after":"","vid_ya_published_before":"","vid_ya_playlists":"","vid_ya_channels":"","vid_ya_director":"","vid_ya_actor":"","vid_ya_author":"","vid_ya_import_post_date":"","vid_ya_status":"","vid_ya_sub_api_key":""},"vid_ads_m_videoads_settings_post":{"vid_ads_m_video_ads":"","vid_ads_m_video_ads_type":"","vid_ads_m_group_google_ima":"","vid_ads_m_group_image":"","vid_ads_m_group_html5_video":"","vid_ads_m_group_html":"","vid_ads_m_vast_preroll":"","vid_ads_m_vast_postroll":"","vid_ads_m_vast_pauseroll":"","vid_ads_m_vast_midroll":[{"vid_ads_m_vast_timer_seconds":"50"}],"vid_ads_m_time_to_show_ads":"","vid_ads_m_time_skip_ads":"","vid_ads_m_time_to_hide_ads":""},"page_slider_settings":{"display_slider_group":"","page_slider_group":""},"blog_page_settings":{"blog_page_title":"","blog_page_heading":"","blog_page_ic":"","blog_page_it":"","blog_page_ec":"","blog_page_ip":"","archive_loop_style":"","blog_image_ratio":"","blog_show_categories":"","blog_show_excerpt":"","blog_show_author":"","blog_show_date":"","blog_show_comment_count":"","blog_show_view_count":"","blog_show_like_count":"","blog_show_dislike_count":"","blog_items_per_page":"","blog_pag_type":""},"page_options":{"get_page_template":"","color_mode":"","main_layout":"","main_layout_full_with":"","main_logo":"","main_logo_retina":"","main_logo_mobile":"","main_logo_mobile_retina":"","sticky_logo":"","sticky_logo_retina":"","main_nav_layout":"","ajax_search":"","header_background":"","theme_sidebar":"","instagram_feed":"","instagram_feed_position":"","popular_videos":"","popular_videos_title_1":"","popular_videos_title_2":"","popular_videos_ic":"","popular_videos_it":"","theme_background":"","page_custom_css":""},"feature_image_settings":{"feature_image_position":""},"video_player_settings":{"single_video_style":"","video_player_position":"","vm_video_url":"","video_player_library":"","video_streaming":"","vm_media_sources":"","vid_auto_play":"","vm_video_shortcode":"","vid_p_sync_playlist":"","vid_c_sync_channel":"","get_post_format":"","multiple_links_structure":"default","multi_links_title":"","vm_video_multi_links":"","vm_duration":"","vid_social_locker":"off","vid_social_locker_id":"","vid_membership_action":"content-video","vm_video_trailer_url":"","vid_download_type":"free","vid_download_target":"download","vid_woo_product":"","vm_media_download":"","user_rating":"","user_rating_position":"","user_rating_mode":"","user_rating_multi_sets":""},"video_auto_fetch_settings":{"vm_video_fetch":"on"},"video_fake_views_likes":{"vm_fake_views":"","vm_fake_likes":"","vm_fake_dislikes":""},"gallery_settings":{"gallery_position":""},"quote_settings":{"quote_position":""},"post_options":{"main_layout":"","main_logo":"","main_logo_retina":"","main_logo_mobile":"","main_logo_mobile_retina":"","sticky_logo":"","sticky_logo_retina":"","main_nav_layout":"","header_background":"","theme_sidebar":"","single_post_comment_type":"","theme_background":""}},"_links":{"self":[{"href":"https:\/\/canal7slp.tv\/2019\/wp-json\/wp\/v2\/posts\/19384","targetHints":{"allow":["GET"]}}],"collection":[{"href":"https:\/\/canal7slp.tv\/2019\/wp-json\/wp\/v2\/posts"}],"about":[{"href":"https:\/\/canal7slp.tv\/2019\/wp-json\/wp\/v2\/types\/post"}],"author":[{"embeddable":true,"href":"https:\/\/canal7slp.tv\/2019\/wp-json\/wp\/v2\/users\/2"}],"replies":[{"embeddable":true,"href":"https:\/\/canal7slp.tv\/2019\/wp-json\/wp\/v2\/comments?post=19384"}],"version-history":[{"count":0,"href":"https:\/\/canal7slp.tv\/2019\/wp-json\/wp\/v2\/posts\/19384\/revisions"}],"wp:featuredmedia":[{"embeddable":true,"href":"https:\/\/canal7slp.tv\/2019\/wp-json\/wp\/v2\/media\/19403"}],"wp:attachment":[{"href":"https:\/\/canal7slp.tv\/2019\/wp-json\/wp\/v2\/media?parent=19384"}],"wp:term":[{"taxonomy":"category","embeddable":true,"href":"https:\/\/canal7slp.tv\/2019\/wp-json\/wp\/v2\/categories?post=19384"},{"taxonomy":"post_tag","embeddable":true,"href":"https:\/\/canal7slp.tv\/2019\/wp-json\/wp\/v2\/tags?post=19384"}],"curies":[{"name":"wp","href":"https:\/\/api.w.org\/{rel}","templated":true}]}}