{"id":18912,"date":"2019-06-20T13:31:21","date_gmt":"2019-06-20T18:31:21","guid":{"rendered":"https:\/\/canal7slp.tv\/2019\/?p=18912"},"modified":"2019-06-20T13:31:21","modified_gmt":"2019-06-20T18:31:21","slug":"destaca-mexico-por-su-labor-a-favor-de-los-refugiados","status":"publish","type":"post","link":"https:\/\/canal7slp.tv\/2019\/destaca-mexico-por-su-labor-a-favor-de-los-refugiados\/","title":{"rendered":"Destaca M\u00e9xico por su labor a favor de los refugiados"},"content":{"rendered":"<p style=\"text-align: justify;\">M\u00e9xico.- Cada dos segundos una persona huye de su hogar por conflictos y persecuci\u00f3n, y de m\u00e1s de 45 millones de refugiados y\/o ap\u00e1tridos en el mundo, casi la mitad son desplazados internos, desarraigados dentro de sus propios pa\u00edses.<\/p>\n<p style=\"text-align: justify;\">En el marco del D\u00eda Mundial del Refugiado, que se conmemora cada 20 de junio, el gobierno de M\u00e9xico refiri\u00f3 que poco m\u00e1s de 70 millones de personas en el mundo han tenido que huir de sus hogares y de ellos 25.9 millones son menores de 18 a\u00f1os.<\/p>\n<p style=\"text-align: justify;\">Con la etiqueta #M\u00e9xicoSolidario, que usan diversas dependencias para recordar la fecha, el gobierno federal, en su\u00a0cuenta @GobiernoMX de Twitter, llam\u00f3 a que M\u00e9xico sea el pa\u00eds fraternal que lo distingue como naci\u00f3n.<\/p>\n<p style=\"text-align: justify;\">Tan s\u00f3lo en M\u00e9xico, seg\u00fan datos de la Comisi\u00f3n Mexicana de Ayuda a Refugiados (COMAR), en 2018 se tuvieron 29 mil solicitantes de refugio, sobre todo de Honduras con 13 mil 669, Venezuela con seis mil 315, El Salvador con seis mil 189 y Guatemala mil 348.<\/p>\n<p style=\"text-align: justify;\">Sin embargo, a mayo de 2019, las peticiones suman 24 mil 424, de las cuales 13 mil 023 corresponden a personas de nacionalidad hondure\u00f1a, tres mil 683 de origen salvadore\u00f1o, tres mil 048 de venezolanos y mil 285 guatemaltecos.<\/p>\n<p style=\"text-align: justify;\">La\u00a0semana pasada se conmemoraron los 80 a\u00f1os del exilio espa\u00f1ol en M\u00e9xico, y tan s\u00f3lo de 1939 a 1940 llegaron al pa\u00eds ocho mil 278 refugiados espa\u00f1oles a trav\u00e9s de Veracruz, Nuevo Laredo, Coatzacoalcos y Tampico.<\/p>\n<p style=\"text-align: justify;\">El 4 de diciembre de 2000, la Asamblea General de la Organizaci\u00f3n de las Naciones Unidas (ONU) decidi\u00f3 que el 20 de junio se conmemorara a quienes se encuentran en esta situaci\u00f3n, fecha que coincidi\u00f3 con los 50 a\u00f1os de la Convenci\u00f3n del organismo internacional.<\/p>\n<p style=\"text-align: justify;\">Ante el aumento significativo en el mundo de personas solicitantes de refugio en septiembre de 2016, la Asamblea General de la ONU acept\u00f3 la declaraci\u00f3n de Nueva York.<\/p>\n<p style=\"text-align: justify;\">La Convenci\u00f3n sobre el Estatuto de los Refugiados de 1951 y el Procolo de 1967 son los instrumentos fundamentales del derecho internacional de los refugiados.<\/p>\n<p style=\"text-align: justify;\">En noviembre de 2018, en el marco de la 73 Asamblea General de la ONU, los Estados integrantes adoptaron el Pacto Mundial, el cual reconoce la contribuci\u00f3n de las personas refugiadas y promueve el fortalecimiento de la solidaridad internacional y la responsabilidad compartida.<\/p>\n<p style=\"text-align: justify;\">Para el Instituto Nacional de Migraci\u00f3n (INM), una persona refugiada es alguien que se ve obligado a dejay su lugar porque considera que su vida, seguridad o libertad est\u00e1 en riesgo.<\/p>\n<p style=\"text-align: justify;\">Asimismo, la Secretar\u00eda de Desarrollo Agrario, Territorial y Urbano (Sedatu), en su cuenta @SEDATU_mx de la red social, subray\u00f3 las acciones que lleva a cabo a favor de las personas migrantes y refugiadas, \u201cquienes enriquecen nuestra cultura y contribuyen al desarrollo de las naciones. #M\u00e9xicoSolidario\u201d.<\/p>\n<p style=\"text-align: justify;\">A su vez, el Instituto Nacional para el Federalismo y el Desarrollo Municipal (Inafed) destac\u00f3 en su cuenta @INAFED_Mx de Twitter que esta fecha \u201ces una oportunidad para mostrar nuestro apoyo a las mujeres, hombres, adolescentes, ni\u00f1as y ni\u00f1os que se han visto obligadas a huir de su pa\u00eds de origen. #M\u00e9xicoSolidario\u201d.<\/p>\n","protected":false},"excerpt":{"rendered":"<p>M\u00e9xico.- Cada dos segundos una persona huye de su hogar por conflictos y persecuci\u00f3n, y de m\u00e1s de 45 millones de refugiados y\/o ap\u00e1tridos en el mundo, casi la mitad son desplazados internos, desarraigados dentro de sus propios pa\u00edses. En el marco del D\u00eda Mundial del Refugiado, que se conmemora cada 20 de junio, el [&hellip;]<\/p>\n","protected":false},"author":2,"featured_media":18913,"comment_status":"open","ping_status":"closed","sticky":false,"template":"","format":"standard","meta":{"footnotes":""},"categories":[30],"tags":[],"class_list":["post-18912","post","type-post","status-publish","format-standard","has-post-thumbnail","hentry","category-nacional"],"yoast_head":"<!-- This site is optimized with the Yoast SEO plugin v27.5 - https:\/\/yoast.com\/product\/yoast-seo-wordpress\/ -->\n<title>Destaca M\u00e9xico por su labor a favor de los refugiados - Canal 7 SLP - 2019<\/title>\n<meta name=\"robots\" content=\"index, follow, max-snippet:-1, max-image-preview:large, max-video-preview:-1\" \/>\n<link rel=\"canonical\" href=\"https:\/\/canal7slp.tv\/2019\/destaca-mexico-por-su-labor-a-favor-de-los-refugiados\/\" \/>\n<meta property=\"og:locale\" content=\"es_ES\" \/>\n<meta property=\"og:type\" content=\"article\" \/>\n<meta property=\"og:title\" content=\"Destaca M\u00e9xico por su labor a favor de los refugiados - Canal 7 SLP - 2019\" \/>\n<meta property=\"og:description\" content=\"M\u00e9xico.- Cada dos segundos una persona huye de su hogar por conflictos y persecuci\u00f3n, y de m\u00e1s de 45 millones de refugiados y\/o ap\u00e1tridos en el mundo, casi la mitad son desplazados internos, desarraigados dentro de sus propios pa\u00edses. En el marco del D\u00eda Mundial del Refugiado, que se conmemora cada 20 de junio, el [&hellip;]\" \/>\n<meta property=\"og:url\" content=\"https:\/\/canal7slp.tv\/2019\/destaca-mexico-por-su-labor-a-favor-de-los-refugiados\/\" \/>\n<meta property=\"og:site_name\" content=\"Canal 7 SLP - 2019\" \/>\n<meta property=\"article:publisher\" content=\"https:\/\/www.facebook.com\/CANAL7SLP\/\" \/>\n<meta property=\"article:published_time\" content=\"2019-06-20T18:31:21+00:00\" \/>\n<meta property=\"og:image\" content=\"https:\/\/canal7slp.tv\/2019\/wp-content\/uploads\/2019\/06\/10-13.jpg\" \/>\n\t<meta property=\"og:image:width\" content=\"727\" \/>\n\t<meta property=\"og:image:height\" content=\"410\" \/>\n\t<meta property=\"og:image:type\" content=\"image\/jpeg\" \/>\n<meta name=\"author\" content=\"edicionweb\" \/>\n<meta name=\"twitter:card\" content=\"summary_large_image\" \/>\n<meta name=\"twitter:creator\" content=\"@canal7_slp\" \/>\n<meta name=\"twitter:site\" content=\"@canal7_slp\" \/>\n<meta name=\"twitter:label1\" content=\"Escrito por\" \/>\n\t<meta name=\"twitter:data1\" content=\"edicionweb\" \/>\n\t<meta name=\"twitter:label2\" content=\"Tiempo de lectura\" \/>\n\t<meta name=\"twitter:data2\" content=\"3 minutos\" \/>\n<script type=\"application\/ld+json\" class=\"yoast-schema-graph\">{\"@context\":\"https:\\\/\\\/schema.org\",\"@graph\":[{\"@type\":\"Article\",\"@id\":\"https:\\\/\\\/canal7slp.tv\\\/2019\\\/destaca-mexico-por-su-labor-a-favor-de-los-refugiados\\\/#article\",\"isPartOf\":{\"@id\":\"https:\\\/\\\/canal7slp.tv\\\/2019\\\/destaca-mexico-por-su-labor-a-favor-de-los-refugiados\\\/\"},\"author\":{\"name\":\"edicionweb\",\"@id\":\"https:\\\/\\\/canal7slp.tv\\\/2019\\\/#\\\/schema\\\/person\\\/11d941c1c6ca30ac0a46b95fa37aa2e3\"},\"headline\":\"Destaca M\u00e9xico por su labor a favor de los refugiados\",\"datePublished\":\"2019-06-20T18:31:21+00:00\",\"mainEntityOfPage\":{\"@id\":\"https:\\\/\\\/canal7slp.tv\\\/2019\\\/destaca-mexico-por-su-labor-a-favor-de-los-refugiados\\\/\"},\"wordCount\":535,\"commentCount\":0,\"publisher\":{\"@id\":\"https:\\\/\\\/canal7slp.tv\\\/2019\\\/#organization\"},\"image\":{\"@id\":\"https:\\\/\\\/canal7slp.tv\\\/2019\\\/destaca-mexico-por-su-labor-a-favor-de-los-refugiados\\\/#primaryimage\"},\"thumbnailUrl\":\"https:\\\/\\\/canal7slp.tv\\\/2019\\\/wp-content\\\/uploads\\\/2019\\\/06\\\/10-13.jpg\",\"articleSection\":[\"NACIONAL\"],\"inLanguage\":\"es\",\"potentialAction\":[{\"@type\":\"CommentAction\",\"name\":\"Comment\",\"target\":[\"https:\\\/\\\/canal7slp.tv\\\/2019\\\/destaca-mexico-por-su-labor-a-favor-de-los-refugiados\\\/#respond\"]}]},{\"@type\":\"WebPage\",\"@id\":\"https:\\\/\\\/canal7slp.tv\\\/2019\\\/destaca-mexico-por-su-labor-a-favor-de-los-refugiados\\\/\",\"url\":\"https:\\\/\\\/canal7slp.tv\\\/2019\\\/destaca-mexico-por-su-labor-a-favor-de-los-refugiados\\\/\",\"name\":\"Destaca M\u00e9xico por su labor a favor de los refugiados - Canal 7 SLP - 2019\",\"isPartOf\":{\"@id\":\"https:\\\/\\\/canal7slp.tv\\\/2019\\\/#website\"},\"primaryImageOfPage\":{\"@id\":\"https:\\\/\\\/canal7slp.tv\\\/2019\\\/destaca-mexico-por-su-labor-a-favor-de-los-refugiados\\\/#primaryimage\"},\"image\":{\"@id\":\"https:\\\/\\\/canal7slp.tv\\\/2019\\\/destaca-mexico-por-su-labor-a-favor-de-los-refugiados\\\/#primaryimage\"},\"thumbnailUrl\":\"https:\\\/\\\/canal7slp.tv\\\/2019\\\/wp-content\\\/uploads\\\/2019\\\/06\\\/10-13.jpg\",\"datePublished\":\"2019-06-20T18:31:21+00:00\",\"breadcrumb\":{\"@id\":\"https:\\\/\\\/canal7slp.tv\\\/2019\\\/destaca-mexico-por-su-labor-a-favor-de-los-refugiados\\\/#breadcrumb\"},\"inLanguage\":\"es\",\"potentialAction\":[{\"@type\":\"ReadAction\",\"target\":[\"https:\\\/\\\/canal7slp.tv\\\/2019\\\/destaca-mexico-por-su-labor-a-favor-de-los-refugiados\\\/\"]}]},{\"@type\":\"ImageObject\",\"inLanguage\":\"es\",\"@id\":\"https:\\\/\\\/canal7slp.tv\\\/2019\\\/destaca-mexico-por-su-labor-a-favor-de-los-refugiados\\\/#primaryimage\",\"url\":\"https:\\\/\\\/canal7slp.tv\\\/2019\\\/wp-content\\\/uploads\\\/2019\\\/06\\\/10-13.jpg\",\"contentUrl\":\"https:\\\/\\\/canal7slp.tv\\\/2019\\\/wp-content\\\/uploads\\\/2019\\\/06\\\/10-13.jpg\",\"width\":727,\"height\":410},{\"@type\":\"BreadcrumbList\",\"@id\":\"https:\\\/\\\/canal7slp.tv\\\/2019\\\/destaca-mexico-por-su-labor-a-favor-de-los-refugiados\\\/#breadcrumb\",\"itemListElement\":[{\"@type\":\"ListItem\",\"position\":1,\"name\":\"Home\",\"item\":\"https:\\\/\\\/canal7slp.tv\\\/2019\\\/\"},{\"@type\":\"ListItem\",\"position\":2,\"name\":\"Destaca M\u00e9xico por su labor a favor de los refugiados\"}]},{\"@type\":\"WebSite\",\"@id\":\"https:\\\/\\\/canal7slp.tv\\\/2019\\\/#website\",\"url\":\"https:\\\/\\\/canal7slp.tv\\\/2019\\\/\",\"name\":\"Canal 7 SLP - Somos TV\",\"description\":\"Somos un Canal de 10\",\"publisher\":{\"@id\":\"https:\\\/\\\/canal7slp.tv\\\/2019\\\/#organization\"},\"potentialAction\":[{\"@type\":\"SearchAction\",\"target\":{\"@type\":\"EntryPoint\",\"urlTemplate\":\"https:\\\/\\\/canal7slp.tv\\\/2019\\\/?s={search_term_string}\"},\"query-input\":{\"@type\":\"PropertyValueSpecification\",\"valueRequired\":true,\"valueName\":\"search_term_string\"}}],\"inLanguage\":\"es\"},{\"@type\":\"Organization\",\"@id\":\"https:\\\/\\\/canal7slp.tv\\\/2019\\\/#organization\",\"name\":\"Comunicaci\u00f3n 2000 S.A. de C.V.\",\"url\":\"https:\\\/\\\/canal7slp.tv\\\/2019\\\/\",\"logo\":{\"@type\":\"ImageObject\",\"inLanguage\":\"es\",\"@id\":\"https:\\\/\\\/canal7slp.tv\\\/2019\\\/#\\\/schema\\\/logo\\\/image\\\/\",\"url\":\"https:\\\/\\\/canal7slp.tv\\\/2019\\\/wp-content\\\/uploads\\\/2019\\\/07\\\/logo-c7.png\",\"contentUrl\":\"https:\\\/\\\/canal7slp.tv\\\/2019\\\/wp-content\\\/uploads\\\/2019\\\/07\\\/logo-c7.png\",\"width\":220,\"height\":60,\"caption\":\"Comunicaci\u00f3n 2000 S.A. de C.V.\"},\"image\":{\"@id\":\"https:\\\/\\\/canal7slp.tv\\\/2019\\\/#\\\/schema\\\/logo\\\/image\\\/\"},\"sameAs\":[\"https:\\\/\\\/www.facebook.com\\\/CANAL7SLP\\\/\",\"https:\\\/\\\/x.com\\\/canal7_slp\",\"https:\\\/\\\/www.instagram.com\\\/canal7_slp\",\"https:\\\/\\\/www.youtube.com\\\/user\\\/NOTICIEROSCANAL7SLP\\\/\"]},{\"@type\":\"Person\",\"@id\":\"https:\\\/\\\/canal7slp.tv\\\/2019\\\/#\\\/schema\\\/person\\\/11d941c1c6ca30ac0a46b95fa37aa2e3\",\"name\":\"edicionweb\",\"image\":{\"@type\":\"ImageObject\",\"inLanguage\":\"es\",\"@id\":\"https:\\\/\\\/secure.gravatar.com\\\/avatar\\\/eee448fc3f7164808013b816ba91ac7e43bbe82a70bebac296f8bc6f0addaa1a?s=96&d=mm&r=g\",\"url\":\"https:\\\/\\\/secure.gravatar.com\\\/avatar\\\/eee448fc3f7164808013b816ba91ac7e43bbe82a70bebac296f8bc6f0addaa1a?s=96&d=mm&r=g\",\"contentUrl\":\"https:\\\/\\\/secure.gravatar.com\\\/avatar\\\/eee448fc3f7164808013b816ba91ac7e43bbe82a70bebac296f8bc6f0addaa1a?s=96&d=mm&r=g\",\"caption\":\"edicionweb\"}}]}<\/script>\n<!-- \/ Yoast SEO plugin. -->","yoast_head_json":{"title":"Destaca M\u00e9xico por su labor a favor de los refugiados - Canal 7 SLP - 2019","robots":{"index":"index","follow":"follow","max-snippet":"max-snippet:-1","max-image-preview":"max-image-preview:large","max-video-preview":"max-video-preview:-1"},"canonical":"https:\/\/canal7slp.tv\/2019\/destaca-mexico-por-su-labor-a-favor-de-los-refugiados\/","og_locale":"es_ES","og_type":"article","og_title":"Destaca M\u00e9xico por su labor a favor de los refugiados - Canal 7 SLP - 2019","og_description":"M\u00e9xico.- Cada dos segundos una persona huye de su hogar por conflictos y persecuci\u00f3n, y de m\u00e1s de 45 millones de refugiados y\/o ap\u00e1tridos en el mundo, casi la mitad son desplazados internos, desarraigados dentro de sus propios pa\u00edses. En el marco del D\u00eda Mundial del Refugiado, que se conmemora cada 20 de junio, el [&hellip;]","og_url":"https:\/\/canal7slp.tv\/2019\/destaca-mexico-por-su-labor-a-favor-de-los-refugiados\/","og_site_name":"Canal 7 SLP - 2019","article_publisher":"https:\/\/www.facebook.com\/CANAL7SLP\/","article_published_time":"2019-06-20T18:31:21+00:00","og_image":[{"width":727,"height":410,"url":"https:\/\/canal7slp.tv\/2019\/wp-content\/uploads\/2019\/06\/10-13.jpg","type":"image\/jpeg"}],"author":"edicionweb","twitter_card":"summary_large_image","twitter_creator":"@canal7_slp","twitter_site":"@canal7_slp","twitter_misc":{"Escrito por":"edicionweb","Tiempo de lectura":"3 minutos"},"schema":{"@context":"https:\/\/schema.org","@graph":[{"@type":"Article","@id":"https:\/\/canal7slp.tv\/2019\/destaca-mexico-por-su-labor-a-favor-de-los-refugiados\/#article","isPartOf":{"@id":"https:\/\/canal7slp.tv\/2019\/destaca-mexico-por-su-labor-a-favor-de-los-refugiados\/"},"author":{"name":"edicionweb","@id":"https:\/\/canal7slp.tv\/2019\/#\/schema\/person\/11d941c1c6ca30ac0a46b95fa37aa2e3"},"headline":"Destaca M\u00e9xico por su labor a favor de los refugiados","datePublished":"2019-06-20T18:31:21+00:00","mainEntityOfPage":{"@id":"https:\/\/canal7slp.tv\/2019\/destaca-mexico-por-su-labor-a-favor-de-los-refugiados\/"},"wordCount":535,"commentCount":0,"publisher":{"@id":"https:\/\/canal7slp.tv\/2019\/#organization"},"image":{"@id":"https:\/\/canal7slp.tv\/2019\/destaca-mexico-por-su-labor-a-favor-de-los-refugiados\/#primaryimage"},"thumbnailUrl":"https:\/\/canal7slp.tv\/2019\/wp-content\/uploads\/2019\/06\/10-13.jpg","articleSection":["NACIONAL"],"inLanguage":"es","potentialAction":[{"@type":"CommentAction","name":"Comment","target":["https:\/\/canal7slp.tv\/2019\/destaca-mexico-por-su-labor-a-favor-de-los-refugiados\/#respond"]}]},{"@type":"WebPage","@id":"https:\/\/canal7slp.tv\/2019\/destaca-mexico-por-su-labor-a-favor-de-los-refugiados\/","url":"https:\/\/canal7slp.tv\/2019\/destaca-mexico-por-su-labor-a-favor-de-los-refugiados\/","name":"Destaca M\u00e9xico por su labor a favor de los refugiados - Canal 7 SLP - 2019","isPartOf":{"@id":"https:\/\/canal7slp.tv\/2019\/#website"},"primaryImageOfPage":{"@id":"https:\/\/canal7slp.tv\/2019\/destaca-mexico-por-su-labor-a-favor-de-los-refugiados\/#primaryimage"},"image":{"@id":"https:\/\/canal7slp.tv\/2019\/destaca-mexico-por-su-labor-a-favor-de-los-refugiados\/#primaryimage"},"thumbnailUrl":"https:\/\/canal7slp.tv\/2019\/wp-content\/uploads\/2019\/06\/10-13.jpg","datePublished":"2019-06-20T18:31:21+00:00","breadcrumb":{"@id":"https:\/\/canal7slp.tv\/2019\/destaca-mexico-por-su-labor-a-favor-de-los-refugiados\/#breadcrumb"},"inLanguage":"es","potentialAction":[{"@type":"ReadAction","target":["https:\/\/canal7slp.tv\/2019\/destaca-mexico-por-su-labor-a-favor-de-los-refugiados\/"]}]},{"@type":"ImageObject","inLanguage":"es","@id":"https:\/\/canal7slp.tv\/2019\/destaca-mexico-por-su-labor-a-favor-de-los-refugiados\/#primaryimage","url":"https:\/\/canal7slp.tv\/2019\/wp-content\/uploads\/2019\/06\/10-13.jpg","contentUrl":"https:\/\/canal7slp.tv\/2019\/wp-content\/uploads\/2019\/06\/10-13.jpg","width":727,"height":410},{"@type":"BreadcrumbList","@id":"https:\/\/canal7slp.tv\/2019\/destaca-mexico-por-su-labor-a-favor-de-los-refugiados\/#breadcrumb","itemListElement":[{"@type":"ListItem","position":1,"name":"Home","item":"https:\/\/canal7slp.tv\/2019\/"},{"@type":"ListItem","position":2,"name":"Destaca M\u00e9xico por su labor a favor de los refugiados"}]},{"@type":"WebSite","@id":"https:\/\/canal7slp.tv\/2019\/#website","url":"https:\/\/canal7slp.tv\/2019\/","name":"Canal 7 SLP - Somos TV","description":"Somos un Canal de 10","publisher":{"@id":"https:\/\/canal7slp.tv\/2019\/#organization"},"potentialAction":[{"@type":"SearchAction","target":{"@type":"EntryPoint","urlTemplate":"https:\/\/canal7slp.tv\/2019\/?s={search_term_string}"},"query-input":{"@type":"PropertyValueSpecification","valueRequired":true,"valueName":"search_term_string"}}],"inLanguage":"es"},{"@type":"Organization","@id":"https:\/\/canal7slp.tv\/2019\/#organization","name":"Comunicaci\u00f3n 2000 S.A. de C.V.","url":"https:\/\/canal7slp.tv\/2019\/","logo":{"@type":"ImageObject","inLanguage":"es","@id":"https:\/\/canal7slp.tv\/2019\/#\/schema\/logo\/image\/","url":"https:\/\/canal7slp.tv\/2019\/wp-content\/uploads\/2019\/07\/logo-c7.png","contentUrl":"https:\/\/canal7slp.tv\/2019\/wp-content\/uploads\/2019\/07\/logo-c7.png","width":220,"height":60,"caption":"Comunicaci\u00f3n 2000 S.A. de C.V."},"image":{"@id":"https:\/\/canal7slp.tv\/2019\/#\/schema\/logo\/image\/"},"sameAs":["https:\/\/www.facebook.com\/CANAL7SLP\/","https:\/\/x.com\/canal7_slp","https:\/\/www.instagram.com\/canal7_slp","https:\/\/www.youtube.com\/user\/NOTICIEROSCANAL7SLP\/"]},{"@type":"Person","@id":"https:\/\/canal7slp.tv\/2019\/#\/schema\/person\/11d941c1c6ca30ac0a46b95fa37aa2e3","name":"edicionweb","image":{"@type":"ImageObject","inLanguage":"es","@id":"https:\/\/secure.gravatar.com\/avatar\/eee448fc3f7164808013b816ba91ac7e43bbe82a70bebac296f8bc6f0addaa1a?s=96&d=mm&r=g","url":"https:\/\/secure.gravatar.com\/avatar\/eee448fc3f7164808013b816ba91ac7e43bbe82a70bebac296f8bc6f0addaa1a?s=96&d=mm&r=g","contentUrl":"https:\/\/secure.gravatar.com\/avatar\/eee448fc3f7164808013b816ba91ac7e43bbe82a70bebac296f8bc6f0addaa1a?s=96&d=mm&r=g","caption":"edicionweb"}}]}},"amp_enabled":true,"cmb2":{"video_ids_in_playlist":{"vid_p_videos":""},"video_ids_in_channel":{"vid_c_videos":""},"playlist_ids_in_channel":{"vid_c_playlists":""},"series_ids_in_channel":{"vid_c_series":""},"channel_images":{"vid_c_logo":"","vid_c_banner":""},"poster_feature_image":{"vid_m_poster_image":""},"gif_feature_image":{"vid_m_gif_image":""},"video_movie_settings":{"vid_m_director":"","vid_m_actor":"","vid_m_imdb_ratings":"","vid_m_amazon_associates":""},"vid_youtube_broadcasts_settings":{"vid_yb_broadcast_title":"","vid_yb_q":"","vid_yb_channelid":"","vid_yb_videocategoryid":"","vid_yb_maxresults":"","vid_yb_order":"","vid_yb_regioncode":"","vid_yb_videosyndicated":"","vid_yb_style":"","vid_yb_reload_first":""},"video_series_settings":{"vid_m_director":"","vid_m_actor":"","vid_m_imdb_ratings":"","video_series_group":""},"amazon_associates_settings":{"amazon_associates":"","amazon_native_ad":""},"vid_youtube_automatic_settings":{"vid_ya_youtube_source":"","vid_ya_update_every":"","vid_ya_update_unit":"","vid_ya_categories":"","vid_ya_published_after":"","vid_ya_published_before":"","vid_ya_playlists":"","vid_ya_channels":"","vid_ya_director":"","vid_ya_actor":"","vid_ya_author":"","vid_ya_import_post_date":"","vid_ya_status":"","vid_ya_sub_api_key":""},"vid_ads_m_videoads_settings_post":{"vid_ads_m_video_ads":"","vid_ads_m_video_ads_type":"","vid_ads_m_group_google_ima":"","vid_ads_m_group_image":"","vid_ads_m_group_html5_video":"","vid_ads_m_group_html":"","vid_ads_m_vast_preroll":"","vid_ads_m_vast_postroll":"","vid_ads_m_vast_pauseroll":"","vid_ads_m_vast_midroll":[{"vid_ads_m_vast_timer_seconds":"50"}],"vid_ads_m_time_to_show_ads":"","vid_ads_m_time_skip_ads":"","vid_ads_m_time_to_hide_ads":""},"page_slider_settings":{"display_slider_group":"","page_slider_group":""},"blog_page_settings":{"blog_page_title":"","blog_page_heading":"","blog_page_ic":"","blog_page_it":"","blog_page_ec":"","blog_page_ip":"","archive_loop_style":"","blog_image_ratio":"","blog_show_categories":"","blog_show_excerpt":"","blog_show_author":"","blog_show_date":"","blog_show_comment_count":"","blog_show_view_count":"","blog_show_like_count":"","blog_show_dislike_count":"","blog_items_per_page":"","blog_pag_type":""},"page_options":{"get_page_template":"","color_mode":"","main_layout":"","main_layout_full_with":"","main_logo":"","main_logo_retina":"","main_logo_mobile":"","main_logo_mobile_retina":"","sticky_logo":"","sticky_logo_retina":"","main_nav_layout":"","ajax_search":"","header_background":"","theme_sidebar":"","instagram_feed":"","instagram_feed_position":"","popular_videos":"","popular_videos_title_1":"","popular_videos_title_2":"","popular_videos_ic":"","popular_videos_it":"","theme_background":"","page_custom_css":""},"feature_image_settings":{"feature_image_position":""},"video_player_settings":{"single_video_style":"","video_player_position":"","vm_video_url":"","video_player_library":"","video_streaming":"","vm_media_sources":"","vid_auto_play":"","vm_video_shortcode":"","vid_p_sync_playlist":"","vid_c_sync_channel":"","get_post_format":"","multiple_links_structure":"default","multi_links_title":"","vm_video_multi_links":"","vm_duration":"","vid_social_locker":"off","vid_social_locker_id":"","vid_membership_action":"content-video","vm_video_trailer_url":"","vid_download_type":"free","vid_download_target":"download","vid_woo_product":"","vm_media_download":"","user_rating":"","user_rating_position":"","user_rating_mode":"","user_rating_multi_sets":""},"video_auto_fetch_settings":{"vm_video_fetch":"on"},"video_fake_views_likes":{"vm_fake_views":"","vm_fake_likes":"","vm_fake_dislikes":""},"gallery_settings":{"gallery_position":""},"quote_settings":{"quote_position":""},"post_options":{"main_layout":"","main_logo":"","main_logo_retina":"","main_logo_mobile":"","main_logo_mobile_retina":"","sticky_logo":"","sticky_logo_retina":"","main_nav_layout":"","header_background":"","theme_sidebar":"","single_post_comment_type":"","theme_background":""}},"_links":{"self":[{"href":"https:\/\/canal7slp.tv\/2019\/wp-json\/wp\/v2\/posts\/18912","targetHints":{"allow":["GET"]}}],"collection":[{"href":"https:\/\/canal7slp.tv\/2019\/wp-json\/wp\/v2\/posts"}],"about":[{"href":"https:\/\/canal7slp.tv\/2019\/wp-json\/wp\/v2\/types\/post"}],"author":[{"embeddable":true,"href":"https:\/\/canal7slp.tv\/2019\/wp-json\/wp\/v2\/users\/2"}],"replies":[{"embeddable":true,"href":"https:\/\/canal7slp.tv\/2019\/wp-json\/wp\/v2\/comments?post=18912"}],"version-history":[{"count":0,"href":"https:\/\/canal7slp.tv\/2019\/wp-json\/wp\/v2\/posts\/18912\/revisions"}],"wp:featuredmedia":[{"embeddable":true,"href":"https:\/\/canal7slp.tv\/2019\/wp-json\/wp\/v2\/media\/18913"}],"wp:attachment":[{"href":"https:\/\/canal7slp.tv\/2019\/wp-json\/wp\/v2\/media?parent=18912"}],"wp:term":[{"taxonomy":"category","embeddable":true,"href":"https:\/\/canal7slp.tv\/2019\/wp-json\/wp\/v2\/categories?post=18912"},{"taxonomy":"post_tag","embeddable":true,"href":"https:\/\/canal7slp.tv\/2019\/wp-json\/wp\/v2\/tags?post=18912"}],"curies":[{"name":"wp","href":"https:\/\/api.w.org\/{rel}","templated":true}]}}