{"id":18805,"date":"2019-06-20T09:08:43","date_gmt":"2019-06-20T14:08:43","guid":{"rendered":"https:\/\/canal7slp.tv\/2019\/?p=18805"},"modified":"2019-06-20T09:08:43","modified_gmt":"2019-06-20T14:08:43","slug":"human-rights-watch-demanda-sanciones-internacionales-contra-nicaragua","status":"publish","type":"post","link":"https:\/\/canal7slp.tv\/2019\/human-rights-watch-demanda-sanciones-internacionales-contra-nicaragua\/","title":{"rendered":"Human Rights Watch demanda sanciones internacionales contra Nicaragua"},"content":{"rendered":"<p style=\"text-align: justify;\">Washington.- La organizaci\u00f3n Human Rights Watch (HRW) llam\u00f3 a los gobiernos de Latinoam\u00e9rica, Canad\u00e1, Estados Unidos y Europa a que impongan sanciones contra los funcionarios nicarag\u00fcenses implicados en graves violaciones a los derechos humanos.<\/p>\n<p style=\"text-align: justify;\">En su informe titulado &#8220;Brutal represi\u00f3n: Torturas, tratos crueles y juicios fraudulentos contra manifestantes y opositores en Nicaragua&#8221;, HRW document\u00f3 la situaci\u00f3n de las personas detenidas por la polic\u00eda o grupo armados afines a las autoridades durante las protestas antigubernamentales que iniciaron en abril de 2018.<\/p>\n<p style=\"text-align: justify;\">Indic\u00f3 que muchos de los detenidos sufrieron abusos que, en algunos casos, constituyeron torturas. A heridos se les habr\u00eda negado atenci\u00f3n m\u00e9dica y varios galenos que brindaron atenci\u00f3n afirmaron haber sufrido represalias.<\/p>\n<p style=\"text-align: justify;\">Numerosos detenidos han sido procesados, en algunos casos por delitos violentos graves, derivado de su participaci\u00f3n en protestas contra el gobierno o por su papel en movimientos sociales que cuestionaron al gobierno, incluso antes de la represi\u00f3n.<\/p>\n<p style=\"text-align: justify;\">Estos procesamientos estuvieron plagados de graves violaciones a las garant\u00edas de debido proceso y otros derechos fundamentales, como la detenci\u00f3n en condiciones de incomunicaci\u00f3n o los juicios a puertas cerradas, de acuerdo con el informe de Human Rights Watch publicado en su p\u00e1gina web.<\/p>\n<p style=\"text-align: justify;\">El gobierno tambi\u00e9n allan\u00f3 las oficinas de medios de prensa independientes, present\u00f3 denuncias penales contra dos periodistas, cancel\u00f3 la personer\u00eda jur\u00eddica de nueve organizaciones no gubernamentales y expuls\u00f3 del pa\u00eds a periodistas extranjeros y observadores internacionales de derechos humanos, agreg\u00f3.<\/p>\n<p style=\"text-align: justify;\">El director para las Am\u00e9ricas de Human Rights Watch, Jos\u00e9 Miguel Vivanco, asever\u00f3 que el presidente nicarag\u00fcense Daniel Ortega no ha mostrado el menor inter\u00e9s en que las v\u00edctimas de la represi\u00f3n policial y paramilitar durante las protestas de 2018 reciban justicia.<\/p>\n<p style=\"text-align: justify;\">El informe, de 107 p\u00e1ginas, se realiz\u00f3 con base en investigaciones en Nicaragua y Costa Rica, un an\u00e1lisis de fuentes oficiales, incluidos expedientes judiciales y declaraciones de fuentes gubernamentales, as\u00ed como pruebas que corroboran los abusos que incluyen fotograf\u00edas, grabaciones de video e informes m\u00e9dicos.<\/p>\n<p style=\"text-align: justify;\">La organizaci\u00f3n humanitaria entrevist\u00f3 a 75 personas, incluidas v\u00edctimas y sus familiares, testigos, abogados defensores, profesionales m\u00e9dicos y representantes de organizaciones internacionales.<\/p>\n<p style=\"text-align: justify;\">Concluy\u00f3 que los polic\u00edas y bandas armadas partidarias del gobierno infligieron graves abusos a los detenidos, que en algunos casos constituyeron torturas.<\/p>\n<p style=\"text-align: justify;\">En abril de 2018, miles de nicarag\u00fcenses salieron a las calles a protestar contra las reformas a la previsi\u00f3n social, que derivaron en manifestaciones antigubernamentales.<\/p>\n<p style=\"text-align: justify;\">Seg\u00fan organismos humanitarios, la represi\u00f3n contra los manifestantes dej\u00f3 un saldo de m\u00e1s de 300 muertos y m\u00e1s de dos mil heridos, as\u00ed como unas 800 personas detenidas.<\/p>\n<p style=\"text-align: justify;\">En marzo de 2019, el gobierno de Ortega acept\u00f3 liberar, dentro de los siguientes 90 d\u00edas, -plazo que se cumpli\u00f3 la v\u00edspera- a quienes hubieran sido detenidos en el contexto de las protestas y a desistir de los cargos contra ellos.<\/p>\n<p style=\"text-align: justify;\">Hasta el pasado 10 de junio, 392 personas hab\u00edan sido excarceladas, pero muchas est\u00e1n bajo arresto domiciliario u otra medida cautelar y persisten los cargos en su contra.<\/p>\n<p style=\"text-align: justify;\">A otros se les aplic\u00f3 una ley de amnist\u00eda aprobada dos d\u00edas antes para delitos cometidos en el contexto de manifestaciones contra el gobierno.<\/p>\n<p style=\"text-align: justify;\">Sin embargo, para HRW existe el riesgo de que la ley se utilice para consolidar la impunidad de la que ya gozan los responsables de graves abusos ocurridos en el pa\u00eds.<\/p>\n<p style=\"text-align: justify;\">Se\u00f1al\u00f3 que entre los funcionarios que tienen responsabilidad por grav\u00edsimas violaciones a los derechos humanos y deber\u00edan ser objeto de sanciones individuales, como la prohibici\u00f3n de ingreso a otros pa\u00edses y el congelamiento de activos, son el presidente Ortega, y la exdirectora de la Polic\u00eda Nacional, la general retirada Aminta Granera.<\/p>\n<p style=\"text-align: justify;\">Tambi\u00e9n mencion\u00f3 al actual director de la Polic\u00eda Nacional, general Francisco D\u00edaz; el subidrector e inspector general de la corporaci\u00f3n, el general Ram\u00f3n Avell\u00e1n, y el general Jaime Vanegas, en forma respectiva; el jefe de la c\u00e1rcel El Chipote, general Luis P\u00e9rez Olivas, y el jefe de la Direcci\u00f3n de Operaciones Especiales (DOEP), general Justo Pastor Urbina.<\/p>\n","protected":false},"excerpt":{"rendered":"<p>Washington.- La organizaci\u00f3n Human Rights Watch (HRW) llam\u00f3 a los gobiernos de Latinoam\u00e9rica, Canad\u00e1, Estados Unidos y Europa a que impongan sanciones contra los funcionarios nicarag\u00fcenses implicados en graves violaciones a los derechos humanos. En su informe titulado &#8220;Brutal represi\u00f3n: Torturas, tratos crueles y juicios fraudulentos contra manifestantes y opositores en Nicaragua&#8221;, HRW document\u00f3 la [&hellip;]<\/p>\n","protected":false},"author":2,"featured_media":18806,"comment_status":"open","ping_status":"closed","sticky":false,"template":"","format":"standard","meta":{"footnotes":""},"categories":[18],"tags":[],"class_list":["post-18805","post","type-post","status-publish","format-standard","has-post-thumbnail","hentry","category-internacional"],"yoast_head":"<!-- This site is optimized with the Yoast SEO plugin v27.5 - https:\/\/yoast.com\/product\/yoast-seo-wordpress\/ -->\n<title>Human Rights Watch demanda sanciones internacionales contra Nicaragua - Canal 7 SLP - 2019<\/title>\n<meta name=\"robots\" content=\"index, follow, max-snippet:-1, max-image-preview:large, max-video-preview:-1\" \/>\n<link rel=\"canonical\" href=\"https:\/\/canal7slp.tv\/2019\/human-rights-watch-demanda-sanciones-internacionales-contra-nicaragua\/\" \/>\n<meta property=\"og:locale\" content=\"es_ES\" \/>\n<meta property=\"og:type\" content=\"article\" \/>\n<meta property=\"og:title\" content=\"Human Rights Watch demanda sanciones internacionales contra Nicaragua - Canal 7 SLP - 2019\" \/>\n<meta property=\"og:description\" content=\"Washington.- La organizaci\u00f3n Human Rights Watch (HRW) llam\u00f3 a los gobiernos de Latinoam\u00e9rica, Canad\u00e1, Estados Unidos y Europa a que impongan sanciones contra los funcionarios nicarag\u00fcenses implicados en graves violaciones a los derechos humanos. En su informe titulado &#8220;Brutal represi\u00f3n: Torturas, tratos crueles y juicios fraudulentos contra manifestantes y opositores en Nicaragua&#8221;, HRW document\u00f3 la [&hellip;]\" \/>\n<meta property=\"og:url\" content=\"https:\/\/canal7slp.tv\/2019\/human-rights-watch-demanda-sanciones-internacionales-contra-nicaragua\/\" \/>\n<meta property=\"og:site_name\" content=\"Canal 7 SLP - 2019\" \/>\n<meta property=\"article:publisher\" content=\"https:\/\/www.facebook.com\/CANAL7SLP\/\" \/>\n<meta property=\"article:published_time\" content=\"2019-06-20T14:08:43+00:00\" \/>\n<meta property=\"og:image\" content=\"https:\/\/canal7slp.tv\/2019\/wp-content\/uploads\/2019\/06\/1040-17.jpg\" \/>\n\t<meta property=\"og:image:width\" content=\"750\" \/>\n\t<meta property=\"og:image:height\" content=\"450\" \/>\n\t<meta property=\"og:image:type\" content=\"image\/jpeg\" \/>\n<meta name=\"author\" content=\"edicionweb\" \/>\n<meta name=\"twitter:card\" content=\"summary_large_image\" \/>\n<meta name=\"twitter:creator\" content=\"@canal7_slp\" \/>\n<meta name=\"twitter:site\" content=\"@canal7_slp\" \/>\n<meta name=\"twitter:label1\" content=\"Escrito por\" \/>\n\t<meta name=\"twitter:data1\" content=\"edicionweb\" \/>\n\t<meta name=\"twitter:label2\" content=\"Tiempo de lectura\" \/>\n\t<meta name=\"twitter:data2\" content=\"4 minutos\" \/>\n<script type=\"application\/ld+json\" class=\"yoast-schema-graph\">{\"@context\":\"https:\\\/\\\/schema.org\",\"@graph\":[{\"@type\":\"Article\",\"@id\":\"https:\\\/\\\/canal7slp.tv\\\/2019\\\/human-rights-watch-demanda-sanciones-internacionales-contra-nicaragua\\\/#article\",\"isPartOf\":{\"@id\":\"https:\\\/\\\/canal7slp.tv\\\/2019\\\/human-rights-watch-demanda-sanciones-internacionales-contra-nicaragua\\\/\"},\"author\":{\"name\":\"edicionweb\",\"@id\":\"https:\\\/\\\/canal7slp.tv\\\/2019\\\/#\\\/schema\\\/person\\\/11d941c1c6ca30ac0a46b95fa37aa2e3\"},\"headline\":\"Human Rights Watch demanda sanciones internacionales contra Nicaragua\",\"datePublished\":\"2019-06-20T14:08:43+00:00\",\"mainEntityOfPage\":{\"@id\":\"https:\\\/\\\/canal7slp.tv\\\/2019\\\/human-rights-watch-demanda-sanciones-internacionales-contra-nicaragua\\\/\"},\"wordCount\":708,\"commentCount\":0,\"publisher\":{\"@id\":\"https:\\\/\\\/canal7slp.tv\\\/2019\\\/#organization\"},\"image\":{\"@id\":\"https:\\\/\\\/canal7slp.tv\\\/2019\\\/human-rights-watch-demanda-sanciones-internacionales-contra-nicaragua\\\/#primaryimage\"},\"thumbnailUrl\":\"https:\\\/\\\/canal7slp.tv\\\/2019\\\/wp-content\\\/uploads\\\/2019\\\/06\\\/1040-17.jpg\",\"articleSection\":[\"INTERNACIONAL\"],\"inLanguage\":\"es\",\"potentialAction\":[{\"@type\":\"CommentAction\",\"name\":\"Comment\",\"target\":[\"https:\\\/\\\/canal7slp.tv\\\/2019\\\/human-rights-watch-demanda-sanciones-internacionales-contra-nicaragua\\\/#respond\"]}]},{\"@type\":\"WebPage\",\"@id\":\"https:\\\/\\\/canal7slp.tv\\\/2019\\\/human-rights-watch-demanda-sanciones-internacionales-contra-nicaragua\\\/\",\"url\":\"https:\\\/\\\/canal7slp.tv\\\/2019\\\/human-rights-watch-demanda-sanciones-internacionales-contra-nicaragua\\\/\",\"name\":\"Human Rights Watch demanda sanciones internacionales contra Nicaragua - Canal 7 SLP - 2019\",\"isPartOf\":{\"@id\":\"https:\\\/\\\/canal7slp.tv\\\/2019\\\/#website\"},\"primaryImageOfPage\":{\"@id\":\"https:\\\/\\\/canal7slp.tv\\\/2019\\\/human-rights-watch-demanda-sanciones-internacionales-contra-nicaragua\\\/#primaryimage\"},\"image\":{\"@id\":\"https:\\\/\\\/canal7slp.tv\\\/2019\\\/human-rights-watch-demanda-sanciones-internacionales-contra-nicaragua\\\/#primaryimage\"},\"thumbnailUrl\":\"https:\\\/\\\/canal7slp.tv\\\/2019\\\/wp-content\\\/uploads\\\/2019\\\/06\\\/1040-17.jpg\",\"datePublished\":\"2019-06-20T14:08:43+00:00\",\"breadcrumb\":{\"@id\":\"https:\\\/\\\/canal7slp.tv\\\/2019\\\/human-rights-watch-demanda-sanciones-internacionales-contra-nicaragua\\\/#breadcrumb\"},\"inLanguage\":\"es\",\"potentialAction\":[{\"@type\":\"ReadAction\",\"target\":[\"https:\\\/\\\/canal7slp.tv\\\/2019\\\/human-rights-watch-demanda-sanciones-internacionales-contra-nicaragua\\\/\"]}]},{\"@type\":\"ImageObject\",\"inLanguage\":\"es\",\"@id\":\"https:\\\/\\\/canal7slp.tv\\\/2019\\\/human-rights-watch-demanda-sanciones-internacionales-contra-nicaragua\\\/#primaryimage\",\"url\":\"https:\\\/\\\/canal7slp.tv\\\/2019\\\/wp-content\\\/uploads\\\/2019\\\/06\\\/1040-17.jpg\",\"contentUrl\":\"https:\\\/\\\/canal7slp.tv\\\/2019\\\/wp-content\\\/uploads\\\/2019\\\/06\\\/1040-17.jpg\",\"width\":750,\"height\":450},{\"@type\":\"BreadcrumbList\",\"@id\":\"https:\\\/\\\/canal7slp.tv\\\/2019\\\/human-rights-watch-demanda-sanciones-internacionales-contra-nicaragua\\\/#breadcrumb\",\"itemListElement\":[{\"@type\":\"ListItem\",\"position\":1,\"name\":\"Home\",\"item\":\"https:\\\/\\\/canal7slp.tv\\\/2019\\\/\"},{\"@type\":\"ListItem\",\"position\":2,\"name\":\"Human Rights Watch demanda sanciones internacionales contra Nicaragua\"}]},{\"@type\":\"WebSite\",\"@id\":\"https:\\\/\\\/canal7slp.tv\\\/2019\\\/#website\",\"url\":\"https:\\\/\\\/canal7slp.tv\\\/2019\\\/\",\"name\":\"Canal 7 SLP - Somos TV\",\"description\":\"Somos un Canal de 10\",\"publisher\":{\"@id\":\"https:\\\/\\\/canal7slp.tv\\\/2019\\\/#organization\"},\"potentialAction\":[{\"@type\":\"SearchAction\",\"target\":{\"@type\":\"EntryPoint\",\"urlTemplate\":\"https:\\\/\\\/canal7slp.tv\\\/2019\\\/?s={search_term_string}\"},\"query-input\":{\"@type\":\"PropertyValueSpecification\",\"valueRequired\":true,\"valueName\":\"search_term_string\"}}],\"inLanguage\":\"es\"},{\"@type\":\"Organization\",\"@id\":\"https:\\\/\\\/canal7slp.tv\\\/2019\\\/#organization\",\"name\":\"Comunicaci\u00f3n 2000 S.A. de C.V.\",\"url\":\"https:\\\/\\\/canal7slp.tv\\\/2019\\\/\",\"logo\":{\"@type\":\"ImageObject\",\"inLanguage\":\"es\",\"@id\":\"https:\\\/\\\/canal7slp.tv\\\/2019\\\/#\\\/schema\\\/logo\\\/image\\\/\",\"url\":\"https:\\\/\\\/canal7slp.tv\\\/2019\\\/wp-content\\\/uploads\\\/2019\\\/07\\\/logo-c7.png\",\"contentUrl\":\"https:\\\/\\\/canal7slp.tv\\\/2019\\\/wp-content\\\/uploads\\\/2019\\\/07\\\/logo-c7.png\",\"width\":220,\"height\":60,\"caption\":\"Comunicaci\u00f3n 2000 S.A. de C.V.\"},\"image\":{\"@id\":\"https:\\\/\\\/canal7slp.tv\\\/2019\\\/#\\\/schema\\\/logo\\\/image\\\/\"},\"sameAs\":[\"https:\\\/\\\/www.facebook.com\\\/CANAL7SLP\\\/\",\"https:\\\/\\\/x.com\\\/canal7_slp\",\"https:\\\/\\\/www.instagram.com\\\/canal7_slp\",\"https:\\\/\\\/www.youtube.com\\\/user\\\/NOTICIEROSCANAL7SLP\\\/\"]},{\"@type\":\"Person\",\"@id\":\"https:\\\/\\\/canal7slp.tv\\\/2019\\\/#\\\/schema\\\/person\\\/11d941c1c6ca30ac0a46b95fa37aa2e3\",\"name\":\"edicionweb\",\"image\":{\"@type\":\"ImageObject\",\"inLanguage\":\"es\",\"@id\":\"https:\\\/\\\/secure.gravatar.com\\\/avatar\\\/eee448fc3f7164808013b816ba91ac7e43bbe82a70bebac296f8bc6f0addaa1a?s=96&d=mm&r=g\",\"url\":\"https:\\\/\\\/secure.gravatar.com\\\/avatar\\\/eee448fc3f7164808013b816ba91ac7e43bbe82a70bebac296f8bc6f0addaa1a?s=96&d=mm&r=g\",\"contentUrl\":\"https:\\\/\\\/secure.gravatar.com\\\/avatar\\\/eee448fc3f7164808013b816ba91ac7e43bbe82a70bebac296f8bc6f0addaa1a?s=96&d=mm&r=g\",\"caption\":\"edicionweb\"}}]}<\/script>\n<!-- \/ Yoast SEO plugin. -->","yoast_head_json":{"title":"Human Rights Watch demanda sanciones internacionales contra Nicaragua - Canal 7 SLP - 2019","robots":{"index":"index","follow":"follow","max-snippet":"max-snippet:-1","max-image-preview":"max-image-preview:large","max-video-preview":"max-video-preview:-1"},"canonical":"https:\/\/canal7slp.tv\/2019\/human-rights-watch-demanda-sanciones-internacionales-contra-nicaragua\/","og_locale":"es_ES","og_type":"article","og_title":"Human Rights Watch demanda sanciones internacionales contra Nicaragua - Canal 7 SLP - 2019","og_description":"Washington.- La organizaci\u00f3n Human Rights Watch (HRW) llam\u00f3 a los gobiernos de Latinoam\u00e9rica, Canad\u00e1, Estados Unidos y Europa a que impongan sanciones contra los funcionarios nicarag\u00fcenses implicados en graves violaciones a los derechos humanos. En su informe titulado &#8220;Brutal represi\u00f3n: Torturas, tratos crueles y juicios fraudulentos contra manifestantes y opositores en Nicaragua&#8221;, HRW document\u00f3 la [&hellip;]","og_url":"https:\/\/canal7slp.tv\/2019\/human-rights-watch-demanda-sanciones-internacionales-contra-nicaragua\/","og_site_name":"Canal 7 SLP - 2019","article_publisher":"https:\/\/www.facebook.com\/CANAL7SLP\/","article_published_time":"2019-06-20T14:08:43+00:00","og_image":[{"width":750,"height":450,"url":"https:\/\/canal7slp.tv\/2019\/wp-content\/uploads\/2019\/06\/1040-17.jpg","type":"image\/jpeg"}],"author":"edicionweb","twitter_card":"summary_large_image","twitter_creator":"@canal7_slp","twitter_site":"@canal7_slp","twitter_misc":{"Escrito por":"edicionweb","Tiempo de lectura":"4 minutos"},"schema":{"@context":"https:\/\/schema.org","@graph":[{"@type":"Article","@id":"https:\/\/canal7slp.tv\/2019\/human-rights-watch-demanda-sanciones-internacionales-contra-nicaragua\/#article","isPartOf":{"@id":"https:\/\/canal7slp.tv\/2019\/human-rights-watch-demanda-sanciones-internacionales-contra-nicaragua\/"},"author":{"name":"edicionweb","@id":"https:\/\/canal7slp.tv\/2019\/#\/schema\/person\/11d941c1c6ca30ac0a46b95fa37aa2e3"},"headline":"Human Rights Watch demanda sanciones internacionales contra Nicaragua","datePublished":"2019-06-20T14:08:43+00:00","mainEntityOfPage":{"@id":"https:\/\/canal7slp.tv\/2019\/human-rights-watch-demanda-sanciones-internacionales-contra-nicaragua\/"},"wordCount":708,"commentCount":0,"publisher":{"@id":"https:\/\/canal7slp.tv\/2019\/#organization"},"image":{"@id":"https:\/\/canal7slp.tv\/2019\/human-rights-watch-demanda-sanciones-internacionales-contra-nicaragua\/#primaryimage"},"thumbnailUrl":"https:\/\/canal7slp.tv\/2019\/wp-content\/uploads\/2019\/06\/1040-17.jpg","articleSection":["INTERNACIONAL"],"inLanguage":"es","potentialAction":[{"@type":"CommentAction","name":"Comment","target":["https:\/\/canal7slp.tv\/2019\/human-rights-watch-demanda-sanciones-internacionales-contra-nicaragua\/#respond"]}]},{"@type":"WebPage","@id":"https:\/\/canal7slp.tv\/2019\/human-rights-watch-demanda-sanciones-internacionales-contra-nicaragua\/","url":"https:\/\/canal7slp.tv\/2019\/human-rights-watch-demanda-sanciones-internacionales-contra-nicaragua\/","name":"Human Rights Watch demanda sanciones internacionales contra Nicaragua - Canal 7 SLP - 2019","isPartOf":{"@id":"https:\/\/canal7slp.tv\/2019\/#website"},"primaryImageOfPage":{"@id":"https:\/\/canal7slp.tv\/2019\/human-rights-watch-demanda-sanciones-internacionales-contra-nicaragua\/#primaryimage"},"image":{"@id":"https:\/\/canal7slp.tv\/2019\/human-rights-watch-demanda-sanciones-internacionales-contra-nicaragua\/#primaryimage"},"thumbnailUrl":"https:\/\/canal7slp.tv\/2019\/wp-content\/uploads\/2019\/06\/1040-17.jpg","datePublished":"2019-06-20T14:08:43+00:00","breadcrumb":{"@id":"https:\/\/canal7slp.tv\/2019\/human-rights-watch-demanda-sanciones-internacionales-contra-nicaragua\/#breadcrumb"},"inLanguage":"es","potentialAction":[{"@type":"ReadAction","target":["https:\/\/canal7slp.tv\/2019\/human-rights-watch-demanda-sanciones-internacionales-contra-nicaragua\/"]}]},{"@type":"ImageObject","inLanguage":"es","@id":"https:\/\/canal7slp.tv\/2019\/human-rights-watch-demanda-sanciones-internacionales-contra-nicaragua\/#primaryimage","url":"https:\/\/canal7slp.tv\/2019\/wp-content\/uploads\/2019\/06\/1040-17.jpg","contentUrl":"https:\/\/canal7slp.tv\/2019\/wp-content\/uploads\/2019\/06\/1040-17.jpg","width":750,"height":450},{"@type":"BreadcrumbList","@id":"https:\/\/canal7slp.tv\/2019\/human-rights-watch-demanda-sanciones-internacionales-contra-nicaragua\/#breadcrumb","itemListElement":[{"@type":"ListItem","position":1,"name":"Home","item":"https:\/\/canal7slp.tv\/2019\/"},{"@type":"ListItem","position":2,"name":"Human Rights Watch demanda sanciones internacionales contra Nicaragua"}]},{"@type":"WebSite","@id":"https:\/\/canal7slp.tv\/2019\/#website","url":"https:\/\/canal7slp.tv\/2019\/","name":"Canal 7 SLP - Somos TV","description":"Somos un Canal de 10","publisher":{"@id":"https:\/\/canal7slp.tv\/2019\/#organization"},"potentialAction":[{"@type":"SearchAction","target":{"@type":"EntryPoint","urlTemplate":"https:\/\/canal7slp.tv\/2019\/?s={search_term_string}"},"query-input":{"@type":"PropertyValueSpecification","valueRequired":true,"valueName":"search_term_string"}}],"inLanguage":"es"},{"@type":"Organization","@id":"https:\/\/canal7slp.tv\/2019\/#organization","name":"Comunicaci\u00f3n 2000 S.A. de C.V.","url":"https:\/\/canal7slp.tv\/2019\/","logo":{"@type":"ImageObject","inLanguage":"es","@id":"https:\/\/canal7slp.tv\/2019\/#\/schema\/logo\/image\/","url":"https:\/\/canal7slp.tv\/2019\/wp-content\/uploads\/2019\/07\/logo-c7.png","contentUrl":"https:\/\/canal7slp.tv\/2019\/wp-content\/uploads\/2019\/07\/logo-c7.png","width":220,"height":60,"caption":"Comunicaci\u00f3n 2000 S.A. de C.V."},"image":{"@id":"https:\/\/canal7slp.tv\/2019\/#\/schema\/logo\/image\/"},"sameAs":["https:\/\/www.facebook.com\/CANAL7SLP\/","https:\/\/x.com\/canal7_slp","https:\/\/www.instagram.com\/canal7_slp","https:\/\/www.youtube.com\/user\/NOTICIEROSCANAL7SLP\/"]},{"@type":"Person","@id":"https:\/\/canal7slp.tv\/2019\/#\/schema\/person\/11d941c1c6ca30ac0a46b95fa37aa2e3","name":"edicionweb","image":{"@type":"ImageObject","inLanguage":"es","@id":"https:\/\/secure.gravatar.com\/avatar\/eee448fc3f7164808013b816ba91ac7e43bbe82a70bebac296f8bc6f0addaa1a?s=96&d=mm&r=g","url":"https:\/\/secure.gravatar.com\/avatar\/eee448fc3f7164808013b816ba91ac7e43bbe82a70bebac296f8bc6f0addaa1a?s=96&d=mm&r=g","contentUrl":"https:\/\/secure.gravatar.com\/avatar\/eee448fc3f7164808013b816ba91ac7e43bbe82a70bebac296f8bc6f0addaa1a?s=96&d=mm&r=g","caption":"edicionweb"}}]}},"amp_enabled":true,"cmb2":{"video_ids_in_playlist":{"vid_p_videos":""},"video_ids_in_channel":{"vid_c_videos":""},"playlist_ids_in_channel":{"vid_c_playlists":""},"series_ids_in_channel":{"vid_c_series":""},"channel_images":{"vid_c_logo":"","vid_c_banner":""},"poster_feature_image":{"vid_m_poster_image":""},"gif_feature_image":{"vid_m_gif_image":""},"video_movie_settings":{"vid_m_director":"","vid_m_actor":"","vid_m_imdb_ratings":"","vid_m_amazon_associates":""},"vid_youtube_broadcasts_settings":{"vid_yb_broadcast_title":"","vid_yb_q":"","vid_yb_channelid":"","vid_yb_videocategoryid":"","vid_yb_maxresults":"","vid_yb_order":"","vid_yb_regioncode":"","vid_yb_videosyndicated":"","vid_yb_style":"","vid_yb_reload_first":""},"video_series_settings":{"vid_m_director":"","vid_m_actor":"","vid_m_imdb_ratings":"","video_series_group":""},"amazon_associates_settings":{"amazon_associates":"","amazon_native_ad":""},"vid_youtube_automatic_settings":{"vid_ya_youtube_source":"","vid_ya_update_every":"","vid_ya_update_unit":"","vid_ya_categories":"","vid_ya_published_after":"","vid_ya_published_before":"","vid_ya_playlists":"","vid_ya_channels":"","vid_ya_director":"","vid_ya_actor":"","vid_ya_author":"","vid_ya_import_post_date":"","vid_ya_status":"","vid_ya_sub_api_key":""},"vid_ads_m_videoads_settings_post":{"vid_ads_m_video_ads":"","vid_ads_m_video_ads_type":"","vid_ads_m_group_google_ima":"","vid_ads_m_group_image":"","vid_ads_m_group_html5_video":"","vid_ads_m_group_html":"","vid_ads_m_vast_preroll":"","vid_ads_m_vast_postroll":"","vid_ads_m_vast_pauseroll":"","vid_ads_m_vast_midroll":[{"vid_ads_m_vast_timer_seconds":"50"}],"vid_ads_m_time_to_show_ads":"","vid_ads_m_time_skip_ads":"","vid_ads_m_time_to_hide_ads":""},"page_slider_settings":{"display_slider_group":"","page_slider_group":""},"blog_page_settings":{"blog_page_title":"","blog_page_heading":"","blog_page_ic":"","blog_page_it":"","blog_page_ec":"","blog_page_ip":"","archive_loop_style":"","blog_image_ratio":"","blog_show_categories":"","blog_show_excerpt":"","blog_show_author":"","blog_show_date":"","blog_show_comment_count":"","blog_show_view_count":"","blog_show_like_count":"","blog_show_dislike_count":"","blog_items_per_page":"","blog_pag_type":""},"page_options":{"get_page_template":"","color_mode":"","main_layout":"","main_layout_full_with":"","main_logo":"","main_logo_retina":"","main_logo_mobile":"","main_logo_mobile_retina":"","sticky_logo":"","sticky_logo_retina":"","main_nav_layout":"","ajax_search":"","header_background":"","theme_sidebar":"","instagram_feed":"","instagram_feed_position":"","popular_videos":"","popular_videos_title_1":"","popular_videos_title_2":"","popular_videos_ic":"","popular_videos_it":"","theme_background":"","page_custom_css":""},"feature_image_settings":{"feature_image_position":""},"video_player_settings":{"single_video_style":"","video_player_position":"","vm_video_url":"","video_player_library":"","video_streaming":"","vm_media_sources":"","vid_auto_play":"","vm_video_shortcode":"","vid_p_sync_playlist":"","vid_c_sync_channel":"","get_post_format":"","multiple_links_structure":"default","multi_links_title":"","vm_video_multi_links":"","vm_duration":"","vid_social_locker":"off","vid_social_locker_id":"","vid_membership_action":"content-video","vm_video_trailer_url":"","vid_download_type":"free","vid_download_target":"download","vid_woo_product":"","vm_media_download":"","user_rating":"","user_rating_position":"","user_rating_mode":"","user_rating_multi_sets":""},"video_auto_fetch_settings":{"vm_video_fetch":"on"},"video_fake_views_likes":{"vm_fake_views":"","vm_fake_likes":"","vm_fake_dislikes":""},"gallery_settings":{"gallery_position":""},"quote_settings":{"quote_position":""},"post_options":{"main_layout":"","main_logo":"","main_logo_retina":"","main_logo_mobile":"","main_logo_mobile_retina":"","sticky_logo":"","sticky_logo_retina":"","main_nav_layout":"","header_background":"","theme_sidebar":"","single_post_comment_type":"","theme_background":""}},"_links":{"self":[{"href":"https:\/\/canal7slp.tv\/2019\/wp-json\/wp\/v2\/posts\/18805","targetHints":{"allow":["GET"]}}],"collection":[{"href":"https:\/\/canal7slp.tv\/2019\/wp-json\/wp\/v2\/posts"}],"about":[{"href":"https:\/\/canal7slp.tv\/2019\/wp-json\/wp\/v2\/types\/post"}],"author":[{"embeddable":true,"href":"https:\/\/canal7slp.tv\/2019\/wp-json\/wp\/v2\/users\/2"}],"replies":[{"embeddable":true,"href":"https:\/\/canal7slp.tv\/2019\/wp-json\/wp\/v2\/comments?post=18805"}],"version-history":[{"count":0,"href":"https:\/\/canal7slp.tv\/2019\/wp-json\/wp\/v2\/posts\/18805\/revisions"}],"wp:featuredmedia":[{"embeddable":true,"href":"https:\/\/canal7slp.tv\/2019\/wp-json\/wp\/v2\/media\/18806"}],"wp:attachment":[{"href":"https:\/\/canal7slp.tv\/2019\/wp-json\/wp\/v2\/media?parent=18805"}],"wp:term":[{"taxonomy":"category","embeddable":true,"href":"https:\/\/canal7slp.tv\/2019\/wp-json\/wp\/v2\/categories?post=18805"},{"taxonomy":"post_tag","embeddable":true,"href":"https:\/\/canal7slp.tv\/2019\/wp-json\/wp\/v2\/tags?post=18805"}],"curies":[{"name":"wp","href":"https:\/\/api.w.org\/{rel}","templated":true}]}}