{"id":18762,"date":"2019-06-20T08:05:21","date_gmt":"2019-06-20T13:05:21","guid":{"rendered":"https:\/\/canal7slp.tv\/2019\/?p=18762"},"modified":"2019-06-20T08:05:21","modified_gmt":"2019-06-20T13:05:21","slug":"continua-potencial-de-lluvias-y-tormentas-electricas-en-gran-parte-del-pais","status":"publish","type":"post","link":"https:\/\/canal7slp.tv\/2019\/continua-potencial-de-lluvias-y-tormentas-electricas-en-gran-parte-del-pais\/","title":{"rendered":"Contin\u00faa potencial de lluvias y tormentas el\u00e9ctricas en gran parte del pa\u00eds"},"content":{"rendered":"<p style=\"text-align: justify;\">M\u00e9xico.- Este jueves se mantendr\u00e1 el potencial de lluvias vespertinas con tormentas el\u00e9ctricas y posibles granizadas en gran parte de la Rep\u00fablica Mexicana, inform\u00f3 el Servicio Meteorol\u00f3gico Nacional (SMN).<\/p>\n<p style=\"text-align: justify;\">El organismo agreg\u00f3 que las lluvias ser\u00e1n generadas por la onda tropical n\u00famero 4 al sur de las costas de Guerrero, canales de baja presi\u00f3n en el interior del pa\u00eds, una l\u00ednea seca en Coahuila y el ingreso de humedad por ambos litorales<\/p>\n<p style=\"text-align: justify;\">Se\u00f1al\u00f3 que una nueva onda tropical se aproximar\u00e1 al sur de la Pen\u00ednsula de Yucat\u00e1n.<\/p>\n<p style=\"text-align: justify;\">Detall\u00f3 que se prev\u00e9n lluvias fuertes en Guanajuato, Jalisco, Michoac\u00e1n, Oaxaca y Chiapas.<\/p>\n<p style=\"text-align: justify;\">As\u00ed como chubascos en Coahuila, Nuevo Le\u00f3n, Tamaulipas, San Luis Potos\u00ed, Quer\u00e9taro, Zacatecas, Aguascalientes, Durango, Nayarit, Colima, Guerrero, Estado de M\u00e9xico, Ciudad de M\u00e9xico, Morelos, Tlaxcala, Puebla, Hidalgo, Veracruz y Tabasco.<\/p>\n<p style=\"text-align: justify;\">Y lluvias aisladas en Campeche y Quintana Roo.<\/p>\n<p style=\"text-align: justify;\">Se pronostica viento con rachas superiores a 50 kil\u00f3metros por hora (km\/h) para la Pen\u00ednsula de Baja California, el Mar de Cort\u00e9s, Sonora, Coahuila, Nuevo Le\u00f3n, Tamaulipas, Veracruz y la Pen\u00ednsula de Yucat\u00e1n.<\/p>\n<p style=\"text-align: justify;\">En cuanto a temperaturas, se espera que sean superiores a 45 grados Celsius en zonas de Sonora, Sinaloa y Chihuahua.<\/p>\n<p style=\"text-align: justify;\">Y de 40 a 45 grados Celsius en \u00e1reas de la Pen\u00ednsula de Baja California, Coahuila, Nuevo Le\u00f3n, Tamaulipas, Nayarit, Jalisco, Michoac\u00e1n, Guerrero, Campeche y Yucat\u00e1n.<\/p>\n<p style=\"text-align: justify;\">Adem\u00e1s de valores de 35 a 40 grados Celsius en regiones de San Luis Potos\u00ed, Colima, Chiapas, Veracruz, Morelos, Oaxaca, Tabasco y Quintana Roo.<\/p>\n<p style=\"text-align: justify;\">Por otra parte, el SMN destac\u00f3 que ma\u00f1ana 21 de junio, a las 10:54 horas, tiempo del centro de M\u00e9xico, iniciar\u00e1 el verano en el Hemisferio Norte.<\/p>\n<p style=\"text-align: justify;\">En su pron\u00f3stico por regiones, el organismo dependiente de la Comisi\u00f3n Nacional del Agua (Conagua) report\u00f3 que la Pen\u00ednsula de Baja California espera cielo despejado la mayor parte del d\u00eda con bancos de niebla matutinos en la costa occidental de Baja California.<\/p>\n<p style=\"text-align: justify;\">Ambiente muy caluroso, viento del noroeste de 10 a 25 km\/h con rachas superiores a 50 km\/h en la regi\u00f3n, incluyendo el Mar de Cort\u00e9s.<\/p>\n<p style=\"text-align: justify;\">Se prev\u00e9 para el Pac\u00edfico Norte cielo mayormente despejado la mayor parte del d\u00eda.<\/p>\n<p style=\"text-align: justify;\">Ambiente muy caluroso y viento del oeste y suroeste de 15 a 30 km\/h con rachas superiores a 50 km\/h en Sonora.<\/p>\n<p style=\"text-align: justify;\">El Pac\u00edfico Centro presentar\u00e1 cielo nublado por la tarde con tormentas puntuales fuertes, descargas el\u00e9ctricas y posible ca\u00edda de granizo en Michoac\u00e1n y Jalisco, adem\u00e1s de intervalos de chubascos en Nayarit y Colima.<\/p>\n<p style=\"text-align: justify;\">Ambiente muy caluroso y viento del oeste de 15 a 30 km\/h con rachas en zonas de tormenta.<\/p>\n<p style=\"text-align: justify;\">Predominar\u00e1 en el Pac\u00edfico Sur cielo nublado por la tarde con tormentas puntuales fuertes, descargas el\u00e9ctricas y posible ca\u00edda de granizo en Oaxaca y Chiapas, as\u00ed como intervalos de chubascos en Guerrero.<\/p>\n<p style=\"text-align: justify;\">Ambiente caluroso y viento de direcci\u00f3n variable de 15 a 30 km\/h con rachas en zonas de tormenta.<\/p>\n<p style=\"text-align: justify;\">El pron\u00f3stico para el Golfo de M\u00e9xico indica nublados vespertinos con intervalos de chubascos en la regi\u00f3n, los cuales se pueden acompa\u00f1ar de actividad el\u00e9ctrica y posible ca\u00edda de granizo.<\/p>\n<p style=\"text-align: justify;\">Ambiente caluroso y viento del este y sureste de 10 a 25 km\/h con rachas superiores a 50 km\/h en Tamaulipas y Veracruz.<\/p>\n<p style=\"text-align: justify;\">La Pen\u00ednsula de Yucat\u00e1n mantendr\u00e1 cielo medio nublado con lluvias aisladas en Campeche y Quintana Roo, acompa\u00f1adas de descargas el\u00e9ctricas.<\/p>\n<p style=\"text-align: justify;\">Ambiente muy caluroso y viento del sureste de 15 a 30 km\/h con rachas superiores a 50 km\/h en costas de la regi\u00f3n.<\/p>\n<p style=\"text-align: justify;\">Se estima para la Mesa del Norte cielo nublado por la tarde con intervalos de chubascos, descargas el\u00e9ctricas y posibles granizadas en Coahuila, Nuevo Le\u00f3n, Durango, Zacatecas, San Luis Potos\u00ed y Aguascalientes.<\/p>\n<p style=\"text-align: justify;\">Ambiente caluroso en la regi\u00f3n y viento de direcci\u00f3n variable de 10 a 25 km\/h con rachas superiores a 50 km\/h en Coahuila y Nuevo Le\u00f3n.<\/p>\n<p style=\"text-align: justify;\">La Mesa Central registrar\u00e1 cielo nublado por la tarde con tormentas puntuales fuertes en Guanajuato e intervalos de chubascos en Quer\u00e9taro, Morelos, Tlaxcala, Puebla e Hidalgo, las cuales se acompa\u00f1ar\u00e1n de actividad el\u00e9ctrica y posibles granizadas.<\/p>\n<ul>\n<li style=\"text-align: justify;\">Ambiente caluroso y viento del noreste de 10 a 25 km\/h con rachas en zonas de tormenta.<\/li>\n<\/ul>\n","protected":false},"excerpt":{"rendered":"<p>M\u00e9xico.- Este jueves se mantendr\u00e1 el potencial de lluvias vespertinas con tormentas el\u00e9ctricas y posibles granizadas en gran parte de la Rep\u00fablica Mexicana, inform\u00f3 el Servicio Meteorol\u00f3gico Nacional (SMN). El organismo agreg\u00f3 que las lluvias ser\u00e1n generadas por la onda tropical n\u00famero 4 al sur de las costas de Guerrero, canales de baja presi\u00f3n en [&hellip;]<\/p>\n","protected":false},"author":2,"featured_media":18763,"comment_status":"open","ping_status":"closed","sticky":false,"template":"","format":"standard","meta":{"footnotes":""},"categories":[26],"tags":[],"class_list":["post-18762","post","type-post","status-publish","format-standard","has-post-thumbnail","hentry","category-clima"],"yoast_head":"<!-- This site is optimized with the Yoast SEO plugin v27.5 - https:\/\/yoast.com\/product\/yoast-seo-wordpress\/ -->\n<title>Contin\u00faa potencial de lluvias y tormentas el\u00e9ctricas en gran parte del pa\u00eds - Canal 7 SLP - 2019<\/title>\n<meta name=\"robots\" content=\"index, follow, max-snippet:-1, max-image-preview:large, max-video-preview:-1\" \/>\n<link rel=\"canonical\" href=\"https:\/\/canal7slp.tv\/2019\/continua-potencial-de-lluvias-y-tormentas-electricas-en-gran-parte-del-pais\/\" \/>\n<meta property=\"og:locale\" content=\"es_ES\" \/>\n<meta property=\"og:type\" content=\"article\" \/>\n<meta property=\"og:title\" content=\"Contin\u00faa potencial de lluvias y tormentas el\u00e9ctricas en gran parte del pa\u00eds - Canal 7 SLP - 2019\" \/>\n<meta property=\"og:description\" content=\"M\u00e9xico.- Este jueves se mantendr\u00e1 el potencial de lluvias vespertinas con tormentas el\u00e9ctricas y posibles granizadas en gran parte de la Rep\u00fablica Mexicana, inform\u00f3 el Servicio Meteorol\u00f3gico Nacional (SMN). El organismo agreg\u00f3 que las lluvias ser\u00e1n generadas por la onda tropical n\u00famero 4 al sur de las costas de Guerrero, canales de baja presi\u00f3n en [&hellip;]\" \/>\n<meta property=\"og:url\" content=\"https:\/\/canal7slp.tv\/2019\/continua-potencial-de-lluvias-y-tormentas-electricas-en-gran-parte-del-pais\/\" \/>\n<meta property=\"og:site_name\" content=\"Canal 7 SLP - 2019\" \/>\n<meta property=\"article:publisher\" content=\"https:\/\/www.facebook.com\/CANAL7SLP\/\" \/>\n<meta property=\"article:published_time\" content=\"2019-06-20T13:05:21+00:00\" \/>\n<meta property=\"og:image\" content=\"https:\/\/canal7slp.tv\/2019\/wp-content\/uploads\/2019\/06\/900-14.jpg\" \/>\n\t<meta property=\"og:image:width\" content=\"750\" \/>\n\t<meta property=\"og:image:height\" content=\"452\" \/>\n\t<meta property=\"og:image:type\" content=\"image\/jpeg\" \/>\n<meta name=\"author\" content=\"edicionweb\" \/>\n<meta name=\"twitter:card\" content=\"summary_large_image\" \/>\n<meta name=\"twitter:creator\" content=\"@canal7_slp\" \/>\n<meta name=\"twitter:site\" content=\"@canal7_slp\" \/>\n<meta name=\"twitter:label1\" content=\"Escrito por\" \/>\n\t<meta name=\"twitter:data1\" content=\"edicionweb\" \/>\n\t<meta name=\"twitter:label2\" content=\"Tiempo de lectura\" \/>\n\t<meta name=\"twitter:data2\" content=\"4 minutos\" \/>\n<script type=\"application\/ld+json\" class=\"yoast-schema-graph\">{\"@context\":\"https:\\\/\\\/schema.org\",\"@graph\":[{\"@type\":\"Article\",\"@id\":\"https:\\\/\\\/canal7slp.tv\\\/2019\\\/continua-potencial-de-lluvias-y-tormentas-electricas-en-gran-parte-del-pais\\\/#article\",\"isPartOf\":{\"@id\":\"https:\\\/\\\/canal7slp.tv\\\/2019\\\/continua-potencial-de-lluvias-y-tormentas-electricas-en-gran-parte-del-pais\\\/\"},\"author\":{\"name\":\"edicionweb\",\"@id\":\"https:\\\/\\\/canal7slp.tv\\\/2019\\\/#\\\/schema\\\/person\\\/11d941c1c6ca30ac0a46b95fa37aa2e3\"},\"headline\":\"Contin\u00faa potencial de lluvias y tormentas el\u00e9ctricas en gran parte del pa\u00eds\",\"datePublished\":\"2019-06-20T13:05:21+00:00\",\"mainEntityOfPage\":{\"@id\":\"https:\\\/\\\/canal7slp.tv\\\/2019\\\/continua-potencial-de-lluvias-y-tormentas-electricas-en-gran-parte-del-pais\\\/\"},\"wordCount\":748,\"commentCount\":0,\"publisher\":{\"@id\":\"https:\\\/\\\/canal7slp.tv\\\/2019\\\/#organization\"},\"image\":{\"@id\":\"https:\\\/\\\/canal7slp.tv\\\/2019\\\/continua-potencial-de-lluvias-y-tormentas-electricas-en-gran-parte-del-pais\\\/#primaryimage\"},\"thumbnailUrl\":\"https:\\\/\\\/canal7slp.tv\\\/2019\\\/wp-content\\\/uploads\\\/2019\\\/06\\\/900-14.jpg\",\"articleSection\":[\"CLIMA\"],\"inLanguage\":\"es\",\"potentialAction\":[{\"@type\":\"CommentAction\",\"name\":\"Comment\",\"target\":[\"https:\\\/\\\/canal7slp.tv\\\/2019\\\/continua-potencial-de-lluvias-y-tormentas-electricas-en-gran-parte-del-pais\\\/#respond\"]}]},{\"@type\":\"WebPage\",\"@id\":\"https:\\\/\\\/canal7slp.tv\\\/2019\\\/continua-potencial-de-lluvias-y-tormentas-electricas-en-gran-parte-del-pais\\\/\",\"url\":\"https:\\\/\\\/canal7slp.tv\\\/2019\\\/continua-potencial-de-lluvias-y-tormentas-electricas-en-gran-parte-del-pais\\\/\",\"name\":\"Contin\u00faa potencial de lluvias y tormentas el\u00e9ctricas en gran parte del pa\u00eds - Canal 7 SLP - 2019\",\"isPartOf\":{\"@id\":\"https:\\\/\\\/canal7slp.tv\\\/2019\\\/#website\"},\"primaryImageOfPage\":{\"@id\":\"https:\\\/\\\/canal7slp.tv\\\/2019\\\/continua-potencial-de-lluvias-y-tormentas-electricas-en-gran-parte-del-pais\\\/#primaryimage\"},\"image\":{\"@id\":\"https:\\\/\\\/canal7slp.tv\\\/2019\\\/continua-potencial-de-lluvias-y-tormentas-electricas-en-gran-parte-del-pais\\\/#primaryimage\"},\"thumbnailUrl\":\"https:\\\/\\\/canal7slp.tv\\\/2019\\\/wp-content\\\/uploads\\\/2019\\\/06\\\/900-14.jpg\",\"datePublished\":\"2019-06-20T13:05:21+00:00\",\"breadcrumb\":{\"@id\":\"https:\\\/\\\/canal7slp.tv\\\/2019\\\/continua-potencial-de-lluvias-y-tormentas-electricas-en-gran-parte-del-pais\\\/#breadcrumb\"},\"inLanguage\":\"es\",\"potentialAction\":[{\"@type\":\"ReadAction\",\"target\":[\"https:\\\/\\\/canal7slp.tv\\\/2019\\\/continua-potencial-de-lluvias-y-tormentas-electricas-en-gran-parte-del-pais\\\/\"]}]},{\"@type\":\"ImageObject\",\"inLanguage\":\"es\",\"@id\":\"https:\\\/\\\/canal7slp.tv\\\/2019\\\/continua-potencial-de-lluvias-y-tormentas-electricas-en-gran-parte-del-pais\\\/#primaryimage\",\"url\":\"https:\\\/\\\/canal7slp.tv\\\/2019\\\/wp-content\\\/uploads\\\/2019\\\/06\\\/900-14.jpg\",\"contentUrl\":\"https:\\\/\\\/canal7slp.tv\\\/2019\\\/wp-content\\\/uploads\\\/2019\\\/06\\\/900-14.jpg\",\"width\":750,\"height\":452},{\"@type\":\"BreadcrumbList\",\"@id\":\"https:\\\/\\\/canal7slp.tv\\\/2019\\\/continua-potencial-de-lluvias-y-tormentas-electricas-en-gran-parte-del-pais\\\/#breadcrumb\",\"itemListElement\":[{\"@type\":\"ListItem\",\"position\":1,\"name\":\"Home\",\"item\":\"https:\\\/\\\/canal7slp.tv\\\/2019\\\/\"},{\"@type\":\"ListItem\",\"position\":2,\"name\":\"Contin\u00faa potencial de lluvias y tormentas el\u00e9ctricas en gran parte del pa\u00eds\"}]},{\"@type\":\"WebSite\",\"@id\":\"https:\\\/\\\/canal7slp.tv\\\/2019\\\/#website\",\"url\":\"https:\\\/\\\/canal7slp.tv\\\/2019\\\/\",\"name\":\"Canal 7 SLP - Somos TV\",\"description\":\"Somos un Canal de 10\",\"publisher\":{\"@id\":\"https:\\\/\\\/canal7slp.tv\\\/2019\\\/#organization\"},\"potentialAction\":[{\"@type\":\"SearchAction\",\"target\":{\"@type\":\"EntryPoint\",\"urlTemplate\":\"https:\\\/\\\/canal7slp.tv\\\/2019\\\/?s={search_term_string}\"},\"query-input\":{\"@type\":\"PropertyValueSpecification\",\"valueRequired\":true,\"valueName\":\"search_term_string\"}}],\"inLanguage\":\"es\"},{\"@type\":\"Organization\",\"@id\":\"https:\\\/\\\/canal7slp.tv\\\/2019\\\/#organization\",\"name\":\"Comunicaci\u00f3n 2000 S.A. de C.V.\",\"url\":\"https:\\\/\\\/canal7slp.tv\\\/2019\\\/\",\"logo\":{\"@type\":\"ImageObject\",\"inLanguage\":\"es\",\"@id\":\"https:\\\/\\\/canal7slp.tv\\\/2019\\\/#\\\/schema\\\/logo\\\/image\\\/\",\"url\":\"https:\\\/\\\/canal7slp.tv\\\/2019\\\/wp-content\\\/uploads\\\/2019\\\/07\\\/logo-c7.png\",\"contentUrl\":\"https:\\\/\\\/canal7slp.tv\\\/2019\\\/wp-content\\\/uploads\\\/2019\\\/07\\\/logo-c7.png\",\"width\":220,\"height\":60,\"caption\":\"Comunicaci\u00f3n 2000 S.A. de C.V.\"},\"image\":{\"@id\":\"https:\\\/\\\/canal7slp.tv\\\/2019\\\/#\\\/schema\\\/logo\\\/image\\\/\"},\"sameAs\":[\"https:\\\/\\\/www.facebook.com\\\/CANAL7SLP\\\/\",\"https:\\\/\\\/x.com\\\/canal7_slp\",\"https:\\\/\\\/www.instagram.com\\\/canal7_slp\",\"https:\\\/\\\/www.youtube.com\\\/user\\\/NOTICIEROSCANAL7SLP\\\/\"]},{\"@type\":\"Person\",\"@id\":\"https:\\\/\\\/canal7slp.tv\\\/2019\\\/#\\\/schema\\\/person\\\/11d941c1c6ca30ac0a46b95fa37aa2e3\",\"name\":\"edicionweb\",\"image\":{\"@type\":\"ImageObject\",\"inLanguage\":\"es\",\"@id\":\"https:\\\/\\\/secure.gravatar.com\\\/avatar\\\/eee448fc3f7164808013b816ba91ac7e43bbe82a70bebac296f8bc6f0addaa1a?s=96&d=mm&r=g\",\"url\":\"https:\\\/\\\/secure.gravatar.com\\\/avatar\\\/eee448fc3f7164808013b816ba91ac7e43bbe82a70bebac296f8bc6f0addaa1a?s=96&d=mm&r=g\",\"contentUrl\":\"https:\\\/\\\/secure.gravatar.com\\\/avatar\\\/eee448fc3f7164808013b816ba91ac7e43bbe82a70bebac296f8bc6f0addaa1a?s=96&d=mm&r=g\",\"caption\":\"edicionweb\"}}]}<\/script>\n<!-- \/ Yoast SEO plugin. -->","yoast_head_json":{"title":"Contin\u00faa potencial de lluvias y tormentas el\u00e9ctricas en gran parte del pa\u00eds - Canal 7 SLP - 2019","robots":{"index":"index","follow":"follow","max-snippet":"max-snippet:-1","max-image-preview":"max-image-preview:large","max-video-preview":"max-video-preview:-1"},"canonical":"https:\/\/canal7slp.tv\/2019\/continua-potencial-de-lluvias-y-tormentas-electricas-en-gran-parte-del-pais\/","og_locale":"es_ES","og_type":"article","og_title":"Contin\u00faa potencial de lluvias y tormentas el\u00e9ctricas en gran parte del pa\u00eds - Canal 7 SLP - 2019","og_description":"M\u00e9xico.- Este jueves se mantendr\u00e1 el potencial de lluvias vespertinas con tormentas el\u00e9ctricas y posibles granizadas en gran parte de la Rep\u00fablica Mexicana, inform\u00f3 el Servicio Meteorol\u00f3gico Nacional (SMN). El organismo agreg\u00f3 que las lluvias ser\u00e1n generadas por la onda tropical n\u00famero 4 al sur de las costas de Guerrero, canales de baja presi\u00f3n en [&hellip;]","og_url":"https:\/\/canal7slp.tv\/2019\/continua-potencial-de-lluvias-y-tormentas-electricas-en-gran-parte-del-pais\/","og_site_name":"Canal 7 SLP - 2019","article_publisher":"https:\/\/www.facebook.com\/CANAL7SLP\/","article_published_time":"2019-06-20T13:05:21+00:00","og_image":[{"width":750,"height":452,"url":"https:\/\/canal7slp.tv\/2019\/wp-content\/uploads\/2019\/06\/900-14.jpg","type":"image\/jpeg"}],"author":"edicionweb","twitter_card":"summary_large_image","twitter_creator":"@canal7_slp","twitter_site":"@canal7_slp","twitter_misc":{"Escrito por":"edicionweb","Tiempo de lectura":"4 minutos"},"schema":{"@context":"https:\/\/schema.org","@graph":[{"@type":"Article","@id":"https:\/\/canal7slp.tv\/2019\/continua-potencial-de-lluvias-y-tormentas-electricas-en-gran-parte-del-pais\/#article","isPartOf":{"@id":"https:\/\/canal7slp.tv\/2019\/continua-potencial-de-lluvias-y-tormentas-electricas-en-gran-parte-del-pais\/"},"author":{"name":"edicionweb","@id":"https:\/\/canal7slp.tv\/2019\/#\/schema\/person\/11d941c1c6ca30ac0a46b95fa37aa2e3"},"headline":"Contin\u00faa potencial de lluvias y tormentas el\u00e9ctricas en gran parte del pa\u00eds","datePublished":"2019-06-20T13:05:21+00:00","mainEntityOfPage":{"@id":"https:\/\/canal7slp.tv\/2019\/continua-potencial-de-lluvias-y-tormentas-electricas-en-gran-parte-del-pais\/"},"wordCount":748,"commentCount":0,"publisher":{"@id":"https:\/\/canal7slp.tv\/2019\/#organization"},"image":{"@id":"https:\/\/canal7slp.tv\/2019\/continua-potencial-de-lluvias-y-tormentas-electricas-en-gran-parte-del-pais\/#primaryimage"},"thumbnailUrl":"https:\/\/canal7slp.tv\/2019\/wp-content\/uploads\/2019\/06\/900-14.jpg","articleSection":["CLIMA"],"inLanguage":"es","potentialAction":[{"@type":"CommentAction","name":"Comment","target":["https:\/\/canal7slp.tv\/2019\/continua-potencial-de-lluvias-y-tormentas-electricas-en-gran-parte-del-pais\/#respond"]}]},{"@type":"WebPage","@id":"https:\/\/canal7slp.tv\/2019\/continua-potencial-de-lluvias-y-tormentas-electricas-en-gran-parte-del-pais\/","url":"https:\/\/canal7slp.tv\/2019\/continua-potencial-de-lluvias-y-tormentas-electricas-en-gran-parte-del-pais\/","name":"Contin\u00faa potencial de lluvias y tormentas el\u00e9ctricas en gran parte del pa\u00eds - Canal 7 SLP - 2019","isPartOf":{"@id":"https:\/\/canal7slp.tv\/2019\/#website"},"primaryImageOfPage":{"@id":"https:\/\/canal7slp.tv\/2019\/continua-potencial-de-lluvias-y-tormentas-electricas-en-gran-parte-del-pais\/#primaryimage"},"image":{"@id":"https:\/\/canal7slp.tv\/2019\/continua-potencial-de-lluvias-y-tormentas-electricas-en-gran-parte-del-pais\/#primaryimage"},"thumbnailUrl":"https:\/\/canal7slp.tv\/2019\/wp-content\/uploads\/2019\/06\/900-14.jpg","datePublished":"2019-06-20T13:05:21+00:00","breadcrumb":{"@id":"https:\/\/canal7slp.tv\/2019\/continua-potencial-de-lluvias-y-tormentas-electricas-en-gran-parte-del-pais\/#breadcrumb"},"inLanguage":"es","potentialAction":[{"@type":"ReadAction","target":["https:\/\/canal7slp.tv\/2019\/continua-potencial-de-lluvias-y-tormentas-electricas-en-gran-parte-del-pais\/"]}]},{"@type":"ImageObject","inLanguage":"es","@id":"https:\/\/canal7slp.tv\/2019\/continua-potencial-de-lluvias-y-tormentas-electricas-en-gran-parte-del-pais\/#primaryimage","url":"https:\/\/canal7slp.tv\/2019\/wp-content\/uploads\/2019\/06\/900-14.jpg","contentUrl":"https:\/\/canal7slp.tv\/2019\/wp-content\/uploads\/2019\/06\/900-14.jpg","width":750,"height":452},{"@type":"BreadcrumbList","@id":"https:\/\/canal7slp.tv\/2019\/continua-potencial-de-lluvias-y-tormentas-electricas-en-gran-parte-del-pais\/#breadcrumb","itemListElement":[{"@type":"ListItem","position":1,"name":"Home","item":"https:\/\/canal7slp.tv\/2019\/"},{"@type":"ListItem","position":2,"name":"Contin\u00faa potencial de lluvias y tormentas el\u00e9ctricas en gran parte del pa\u00eds"}]},{"@type":"WebSite","@id":"https:\/\/canal7slp.tv\/2019\/#website","url":"https:\/\/canal7slp.tv\/2019\/","name":"Canal 7 SLP - Somos TV","description":"Somos un Canal de 10","publisher":{"@id":"https:\/\/canal7slp.tv\/2019\/#organization"},"potentialAction":[{"@type":"SearchAction","target":{"@type":"EntryPoint","urlTemplate":"https:\/\/canal7slp.tv\/2019\/?s={search_term_string}"},"query-input":{"@type":"PropertyValueSpecification","valueRequired":true,"valueName":"search_term_string"}}],"inLanguage":"es"},{"@type":"Organization","@id":"https:\/\/canal7slp.tv\/2019\/#organization","name":"Comunicaci\u00f3n 2000 S.A. de C.V.","url":"https:\/\/canal7slp.tv\/2019\/","logo":{"@type":"ImageObject","inLanguage":"es","@id":"https:\/\/canal7slp.tv\/2019\/#\/schema\/logo\/image\/","url":"https:\/\/canal7slp.tv\/2019\/wp-content\/uploads\/2019\/07\/logo-c7.png","contentUrl":"https:\/\/canal7slp.tv\/2019\/wp-content\/uploads\/2019\/07\/logo-c7.png","width":220,"height":60,"caption":"Comunicaci\u00f3n 2000 S.A. de C.V."},"image":{"@id":"https:\/\/canal7slp.tv\/2019\/#\/schema\/logo\/image\/"},"sameAs":["https:\/\/www.facebook.com\/CANAL7SLP\/","https:\/\/x.com\/canal7_slp","https:\/\/www.instagram.com\/canal7_slp","https:\/\/www.youtube.com\/user\/NOTICIEROSCANAL7SLP\/"]},{"@type":"Person","@id":"https:\/\/canal7slp.tv\/2019\/#\/schema\/person\/11d941c1c6ca30ac0a46b95fa37aa2e3","name":"edicionweb","image":{"@type":"ImageObject","inLanguage":"es","@id":"https:\/\/secure.gravatar.com\/avatar\/eee448fc3f7164808013b816ba91ac7e43bbe82a70bebac296f8bc6f0addaa1a?s=96&d=mm&r=g","url":"https:\/\/secure.gravatar.com\/avatar\/eee448fc3f7164808013b816ba91ac7e43bbe82a70bebac296f8bc6f0addaa1a?s=96&d=mm&r=g","contentUrl":"https:\/\/secure.gravatar.com\/avatar\/eee448fc3f7164808013b816ba91ac7e43bbe82a70bebac296f8bc6f0addaa1a?s=96&d=mm&r=g","caption":"edicionweb"}}]}},"amp_enabled":true,"cmb2":{"video_ids_in_playlist":{"vid_p_videos":""},"video_ids_in_channel":{"vid_c_videos":""},"playlist_ids_in_channel":{"vid_c_playlists":""},"series_ids_in_channel":{"vid_c_series":""},"channel_images":{"vid_c_logo":"","vid_c_banner":""},"poster_feature_image":{"vid_m_poster_image":""},"gif_feature_image":{"vid_m_gif_image":""},"video_movie_settings":{"vid_m_director":"","vid_m_actor":"","vid_m_imdb_ratings":"","vid_m_amazon_associates":""},"vid_youtube_broadcasts_settings":{"vid_yb_broadcast_title":"","vid_yb_q":"","vid_yb_channelid":"","vid_yb_videocategoryid":"","vid_yb_maxresults":"","vid_yb_order":"","vid_yb_regioncode":"","vid_yb_videosyndicated":"","vid_yb_style":"","vid_yb_reload_first":""},"video_series_settings":{"vid_m_director":"","vid_m_actor":"","vid_m_imdb_ratings":"","video_series_group":""},"amazon_associates_settings":{"amazon_associates":"","amazon_native_ad":""},"vid_youtube_automatic_settings":{"vid_ya_youtube_source":"","vid_ya_update_every":"","vid_ya_update_unit":"","vid_ya_categories":"","vid_ya_published_after":"","vid_ya_published_before":"","vid_ya_playlists":"","vid_ya_channels":"","vid_ya_director":"","vid_ya_actor":"","vid_ya_author":"","vid_ya_import_post_date":"","vid_ya_status":"","vid_ya_sub_api_key":""},"vid_ads_m_videoads_settings_post":{"vid_ads_m_video_ads":"","vid_ads_m_video_ads_type":"","vid_ads_m_group_google_ima":"","vid_ads_m_group_image":"","vid_ads_m_group_html5_video":"","vid_ads_m_group_html":"","vid_ads_m_vast_preroll":"","vid_ads_m_vast_postroll":"","vid_ads_m_vast_pauseroll":"","vid_ads_m_vast_midroll":[{"vid_ads_m_vast_timer_seconds":"50"}],"vid_ads_m_time_to_show_ads":"","vid_ads_m_time_skip_ads":"","vid_ads_m_time_to_hide_ads":""},"page_slider_settings":{"display_slider_group":"","page_slider_group":""},"blog_page_settings":{"blog_page_title":"","blog_page_heading":"","blog_page_ic":"","blog_page_it":"","blog_page_ec":"","blog_page_ip":"","archive_loop_style":"","blog_image_ratio":"","blog_show_categories":"","blog_show_excerpt":"","blog_show_author":"","blog_show_date":"","blog_show_comment_count":"","blog_show_view_count":"","blog_show_like_count":"","blog_show_dislike_count":"","blog_items_per_page":"","blog_pag_type":""},"page_options":{"get_page_template":"","color_mode":"","main_layout":"","main_layout_full_with":"","main_logo":"","main_logo_retina":"","main_logo_mobile":"","main_logo_mobile_retina":"","sticky_logo":"","sticky_logo_retina":"","main_nav_layout":"","ajax_search":"","header_background":"","theme_sidebar":"","instagram_feed":"","instagram_feed_position":"","popular_videos":"","popular_videos_title_1":"","popular_videos_title_2":"","popular_videos_ic":"","popular_videos_it":"","theme_background":"","page_custom_css":""},"feature_image_settings":{"feature_image_position":""},"video_player_settings":{"single_video_style":"","video_player_position":"","vm_video_url":"","video_player_library":"","video_streaming":"","vm_media_sources":"","vid_auto_play":"","vm_video_shortcode":"","vid_p_sync_playlist":"","vid_c_sync_channel":"","get_post_format":"","multiple_links_structure":"default","multi_links_title":"","vm_video_multi_links":"","vm_duration":"","vid_social_locker":"off","vid_social_locker_id":"","vid_membership_action":"content-video","vm_video_trailer_url":"","vid_download_type":"free","vid_download_target":"download","vid_woo_product":"","vm_media_download":"","user_rating":"","user_rating_position":"","user_rating_mode":"","user_rating_multi_sets":""},"video_auto_fetch_settings":{"vm_video_fetch":"on"},"video_fake_views_likes":{"vm_fake_views":"","vm_fake_likes":"","vm_fake_dislikes":""},"gallery_settings":{"gallery_position":""},"quote_settings":{"quote_position":""},"post_options":{"main_layout":"","main_logo":"","main_logo_retina":"","main_logo_mobile":"","main_logo_mobile_retina":"","sticky_logo":"","sticky_logo_retina":"","main_nav_layout":"","header_background":"","theme_sidebar":"","single_post_comment_type":"","theme_background":""}},"_links":{"self":[{"href":"https:\/\/canal7slp.tv\/2019\/wp-json\/wp\/v2\/posts\/18762","targetHints":{"allow":["GET"]}}],"collection":[{"href":"https:\/\/canal7slp.tv\/2019\/wp-json\/wp\/v2\/posts"}],"about":[{"href":"https:\/\/canal7slp.tv\/2019\/wp-json\/wp\/v2\/types\/post"}],"author":[{"embeddable":true,"href":"https:\/\/canal7slp.tv\/2019\/wp-json\/wp\/v2\/users\/2"}],"replies":[{"embeddable":true,"href":"https:\/\/canal7slp.tv\/2019\/wp-json\/wp\/v2\/comments?post=18762"}],"version-history":[{"count":0,"href":"https:\/\/canal7slp.tv\/2019\/wp-json\/wp\/v2\/posts\/18762\/revisions"}],"wp:featuredmedia":[{"embeddable":true,"href":"https:\/\/canal7slp.tv\/2019\/wp-json\/wp\/v2\/media\/18763"}],"wp:attachment":[{"href":"https:\/\/canal7slp.tv\/2019\/wp-json\/wp\/v2\/media?parent=18762"}],"wp:term":[{"taxonomy":"category","embeddable":true,"href":"https:\/\/canal7slp.tv\/2019\/wp-json\/wp\/v2\/categories?post=18762"},{"taxonomy":"post_tag","embeddable":true,"href":"https:\/\/canal7slp.tv\/2019\/wp-json\/wp\/v2\/tags?post=18762"}],"curies":[{"name":"wp","href":"https:\/\/api.w.org\/{rel}","templated":true}]}}