{"id":18442,"date":"2019-06-19T18:49:15","date_gmt":"2019-06-19T23:49:15","guid":{"rendered":"https:\/\/canal7slp.tv\/2019\/?p=18442"},"modified":"2019-06-19T18:49:15","modified_gmt":"2019-06-19T23:49:15","slug":"gobierno-del-estado-instala-mesa-interinstitucional-que-colabora-con-el-congreso-en-la-armonizacion-legislativa-en-materia-de-genero","status":"publish","type":"post","link":"https:\/\/canal7slp.tv\/2019\/gobierno-del-estado-instala-mesa-interinstitucional-que-colabora-con-el-congreso-en-la-armonizacion-legislativa-en-materia-de-genero\/","title":{"rendered":"Gobierno del Estado instala mesa interinstitucional que colabora con el Congreso en la armonizaci\u00f3n legislativa en materia de g\u00e9nero"},"content":{"rendered":"<p style=\"text-align: justify;\">SLP.- En cumplimiento a la medida que se desprende de la Declaratoria de Alerta de Violencia de G\u00e9nero contra las Mujeres, se instal\u00f3 la Mesa Institucional de Armonizaci\u00f3n Legislativa, que consiste en la conformaci\u00f3n de un grupo de trabajo que revise y analice la legislaci\u00f3n estatal, para detectar disposiciones que menoscaben o anulen los derechos de ni\u00f1as, adolescentes y mujeres.<\/p>\n<p style=\"text-align: justify;\">\n<p style=\"text-align: justify;\">Esta mesa de trabajo, que la integran varias instituciones del Ejecutivo Estatal, as\u00ed como representantes de la Fiscal\u00eda General, y del Poder Judicial, estar\u00e1 coordinada por la Consejer\u00eda Jur\u00eddica, acciones que responden a las instrucciones del Gobernador del Estado, Juan Manuel Carreras, para presentar nuevamente ante el Congreso una iniciativa de reforma al C\u00f3digo Penal del Estado con el objeto, entre otros, de homologar las penas del feminicidio con la legislaci\u00f3n federal. Esta iniciativa ya hab\u00eda sido presentada en octubre de 2016.<\/p>\n<p style=\"text-align: justify;\">\n<p style=\"text-align: justify;\">Como resultado de los trabajos, se han presentado 10 iniciativas de Ley en materia de igualdad de g\u00e9nero y medidas afirmativas a favor de las mujeres, entre las que destacan la reforma a la Constituci\u00f3n Pol\u00edtica del Estado, a la Ley del Instituto de las Mujeres del Estado, a la Ley de Planeaci\u00f3n del Estado, a la Ley de Presupuesto y Responsabilidad Hacendaria del Estado y Municipios de San Luis Potos\u00ed, a la Ley de Acceso de las Mujeres a una Vida Libre de Violencia para el Estado, a la Ley para Prevenir y Eliminar la Discriminaci\u00f3n en el Estado, y reformas al C\u00f3digo Civil y Familiar del Estado.<\/p>\n<p style=\"text-align: justify;\">\n<p style=\"text-align: justify;\">Con los trabajos que realiza la Mesa Institucional de Armonizaci\u00f3n Legislativa, se busca de manera constante, revisar y analizar de forma exhaustiva la legislaci\u00f3n existente para evitar que se anulen oportunidades y derechos humanos en favor de ni\u00f1as, adolescentes y mujeres en el Estado.<\/p>\n","protected":false},"excerpt":{"rendered":"<p>SLP.- En cumplimiento a la medida que se desprende de la Declaratoria de Alerta de Violencia de G\u00e9nero contra las Mujeres, se instal\u00f3 la Mesa Institucional de Armonizaci\u00f3n Legislativa, que consiste en la conformaci\u00f3n de un grupo de trabajo que revise y analice la legislaci\u00f3n estatal, para detectar disposiciones que menoscaben o anulen los derechos [&hellip;]<\/p>\n","protected":false},"author":2,"featured_media":18455,"comment_status":"open","ping_status":"closed","sticky":false,"template":"","format":"standard","meta":{"footnotes":""},"categories":[17],"tags":[111],"class_list":["post-18442","post","type-post","status-publish","format-standard","has-post-thumbnail","hentry","category-localesyregionales","tag-gobierno-slp"],"yoast_head":"<!-- This site is optimized with the Yoast SEO plugin v27.5 - https:\/\/yoast.com\/product\/yoast-seo-wordpress\/ -->\n<title>Gobierno del Estado instala mesa interinstitucional que colabora con el Congreso en la armonizaci\u00f3n legislativa en materia de g\u00e9nero - Canal 7 SLP - 2019<\/title>\n<meta name=\"robots\" content=\"index, follow, max-snippet:-1, max-image-preview:large, max-video-preview:-1\" \/>\n<link rel=\"canonical\" href=\"https:\/\/canal7slp.tv\/2019\/gobierno-del-estado-instala-mesa-interinstitucional-que-colabora-con-el-congreso-en-la-armonizacion-legislativa-en-materia-de-genero\/\" \/>\n<meta property=\"og:locale\" content=\"es_ES\" \/>\n<meta property=\"og:type\" content=\"article\" \/>\n<meta property=\"og:title\" content=\"Gobierno del Estado instala mesa interinstitucional que colabora con el Congreso en la armonizaci\u00f3n legislativa en materia de g\u00e9nero - Canal 7 SLP - 2019\" \/>\n<meta property=\"og:description\" content=\"SLP.- En cumplimiento a la medida que se desprende de la Declaratoria de Alerta de Violencia de G\u00e9nero contra las Mujeres, se instal\u00f3 la Mesa Institucional de Armonizaci\u00f3n Legislativa, que consiste en la conformaci\u00f3n de un grupo de trabajo que revise y analice la legislaci\u00f3n estatal, para detectar disposiciones que menoscaben o anulen los derechos [&hellip;]\" \/>\n<meta property=\"og:url\" content=\"https:\/\/canal7slp.tv\/2019\/gobierno-del-estado-instala-mesa-interinstitucional-que-colabora-con-el-congreso-en-la-armonizacion-legislativa-en-materia-de-genero\/\" \/>\n<meta property=\"og:site_name\" content=\"Canal 7 SLP - 2019\" \/>\n<meta property=\"article:publisher\" content=\"https:\/\/www.facebook.com\/CANAL7SLP\/\" \/>\n<meta property=\"article:published_time\" content=\"2019-06-19T23:49:15+00:00\" \/>\n<meta property=\"og:image\" content=\"https:\/\/canal7slp.tv\/2019\/wp-content\/uploads\/2019\/06\/GobiernoSLP.jpg\" \/>\n\t<meta property=\"og:image:width\" content=\"750\" \/>\n\t<meta property=\"og:image:height\" content=\"500\" \/>\n\t<meta property=\"og:image:type\" content=\"image\/jpeg\" \/>\n<meta name=\"author\" content=\"edicionweb\" \/>\n<meta name=\"twitter:card\" content=\"summary_large_image\" \/>\n<meta name=\"twitter:creator\" content=\"@canal7_slp\" \/>\n<meta name=\"twitter:site\" content=\"@canal7_slp\" \/>\n<meta name=\"twitter:label1\" content=\"Escrito por\" \/>\n\t<meta name=\"twitter:data1\" content=\"edicionweb\" \/>\n\t<meta name=\"twitter:label2\" content=\"Tiempo de lectura\" \/>\n\t<meta name=\"twitter:data2\" content=\"2 minutos\" \/>\n<script type=\"application\/ld+json\" class=\"yoast-schema-graph\">{\"@context\":\"https:\\\/\\\/schema.org\",\"@graph\":[{\"@type\":\"Article\",\"@id\":\"https:\\\/\\\/canal7slp.tv\\\/2019\\\/gobierno-del-estado-instala-mesa-interinstitucional-que-colabora-con-el-congreso-en-la-armonizacion-legislativa-en-materia-de-genero\\\/#article\",\"isPartOf\":{\"@id\":\"https:\\\/\\\/canal7slp.tv\\\/2019\\\/gobierno-del-estado-instala-mesa-interinstitucional-que-colabora-con-el-congreso-en-la-armonizacion-legislativa-en-materia-de-genero\\\/\"},\"author\":{\"name\":\"edicionweb\",\"@id\":\"https:\\\/\\\/canal7slp.tv\\\/2019\\\/#\\\/schema\\\/person\\\/11d941c1c6ca30ac0a46b95fa37aa2e3\"},\"headline\":\"Gobierno del Estado instala mesa interinstitucional que colabora con el Congreso en la armonizaci\u00f3n legislativa en materia de g\u00e9nero\",\"datePublished\":\"2019-06-19T23:49:15+00:00\",\"mainEntityOfPage\":{\"@id\":\"https:\\\/\\\/canal7slp.tv\\\/2019\\\/gobierno-del-estado-instala-mesa-interinstitucional-que-colabora-con-el-congreso-en-la-armonizacion-legislativa-en-materia-de-genero\\\/\"},\"wordCount\":335,\"commentCount\":0,\"publisher\":{\"@id\":\"https:\\\/\\\/canal7slp.tv\\\/2019\\\/#organization\"},\"image\":{\"@id\":\"https:\\\/\\\/canal7slp.tv\\\/2019\\\/gobierno-del-estado-instala-mesa-interinstitucional-que-colabora-con-el-congreso-en-la-armonizacion-legislativa-en-materia-de-genero\\\/#primaryimage\"},\"thumbnailUrl\":\"https:\\\/\\\/canal7slp.tv\\\/2019\\\/wp-content\\\/uploads\\\/2019\\\/06\\\/GobiernoSLP.jpg\",\"keywords\":[\"Gobierno SLP\"],\"articleSection\":[\"LOCALES Y REGIONALES\"],\"inLanguage\":\"es\",\"potentialAction\":[{\"@type\":\"CommentAction\",\"name\":\"Comment\",\"target\":[\"https:\\\/\\\/canal7slp.tv\\\/2019\\\/gobierno-del-estado-instala-mesa-interinstitucional-que-colabora-con-el-congreso-en-la-armonizacion-legislativa-en-materia-de-genero\\\/#respond\"]}]},{\"@type\":\"WebPage\",\"@id\":\"https:\\\/\\\/canal7slp.tv\\\/2019\\\/gobierno-del-estado-instala-mesa-interinstitucional-que-colabora-con-el-congreso-en-la-armonizacion-legislativa-en-materia-de-genero\\\/\",\"url\":\"https:\\\/\\\/canal7slp.tv\\\/2019\\\/gobierno-del-estado-instala-mesa-interinstitucional-que-colabora-con-el-congreso-en-la-armonizacion-legislativa-en-materia-de-genero\\\/\",\"name\":\"Gobierno del Estado instala mesa interinstitucional que colabora con el Congreso en la armonizaci\u00f3n legislativa en materia de g\u00e9nero - Canal 7 SLP - 2019\",\"isPartOf\":{\"@id\":\"https:\\\/\\\/canal7slp.tv\\\/2019\\\/#website\"},\"primaryImageOfPage\":{\"@id\":\"https:\\\/\\\/canal7slp.tv\\\/2019\\\/gobierno-del-estado-instala-mesa-interinstitucional-que-colabora-con-el-congreso-en-la-armonizacion-legislativa-en-materia-de-genero\\\/#primaryimage\"},\"image\":{\"@id\":\"https:\\\/\\\/canal7slp.tv\\\/2019\\\/gobierno-del-estado-instala-mesa-interinstitucional-que-colabora-con-el-congreso-en-la-armonizacion-legislativa-en-materia-de-genero\\\/#primaryimage\"},\"thumbnailUrl\":\"https:\\\/\\\/canal7slp.tv\\\/2019\\\/wp-content\\\/uploads\\\/2019\\\/06\\\/GobiernoSLP.jpg\",\"datePublished\":\"2019-06-19T23:49:15+00:00\",\"breadcrumb\":{\"@id\":\"https:\\\/\\\/canal7slp.tv\\\/2019\\\/gobierno-del-estado-instala-mesa-interinstitucional-que-colabora-con-el-congreso-en-la-armonizacion-legislativa-en-materia-de-genero\\\/#breadcrumb\"},\"inLanguage\":\"es\",\"potentialAction\":[{\"@type\":\"ReadAction\",\"target\":[\"https:\\\/\\\/canal7slp.tv\\\/2019\\\/gobierno-del-estado-instala-mesa-interinstitucional-que-colabora-con-el-congreso-en-la-armonizacion-legislativa-en-materia-de-genero\\\/\"]}]},{\"@type\":\"ImageObject\",\"inLanguage\":\"es\",\"@id\":\"https:\\\/\\\/canal7slp.tv\\\/2019\\\/gobierno-del-estado-instala-mesa-interinstitucional-que-colabora-con-el-congreso-en-la-armonizacion-legislativa-en-materia-de-genero\\\/#primaryimage\",\"url\":\"https:\\\/\\\/canal7slp.tv\\\/2019\\\/wp-content\\\/uploads\\\/2019\\\/06\\\/GobiernoSLP.jpg\",\"contentUrl\":\"https:\\\/\\\/canal7slp.tv\\\/2019\\\/wp-content\\\/uploads\\\/2019\\\/06\\\/GobiernoSLP.jpg\",\"width\":750,\"height\":500},{\"@type\":\"BreadcrumbList\",\"@id\":\"https:\\\/\\\/canal7slp.tv\\\/2019\\\/gobierno-del-estado-instala-mesa-interinstitucional-que-colabora-con-el-congreso-en-la-armonizacion-legislativa-en-materia-de-genero\\\/#breadcrumb\",\"itemListElement\":[{\"@type\":\"ListItem\",\"position\":1,\"name\":\"Home\",\"item\":\"https:\\\/\\\/canal7slp.tv\\\/2019\\\/\"},{\"@type\":\"ListItem\",\"position\":2,\"name\":\"Gobierno del Estado instala mesa interinstitucional que colabora con el Congreso en la armonizaci\u00f3n legislativa en materia de g\u00e9nero\"}]},{\"@type\":\"WebSite\",\"@id\":\"https:\\\/\\\/canal7slp.tv\\\/2019\\\/#website\",\"url\":\"https:\\\/\\\/canal7slp.tv\\\/2019\\\/\",\"name\":\"Canal 7 SLP - Somos TV\",\"description\":\"Somos un Canal de 10\",\"publisher\":{\"@id\":\"https:\\\/\\\/canal7slp.tv\\\/2019\\\/#organization\"},\"potentialAction\":[{\"@type\":\"SearchAction\",\"target\":{\"@type\":\"EntryPoint\",\"urlTemplate\":\"https:\\\/\\\/canal7slp.tv\\\/2019\\\/?s={search_term_string}\"},\"query-input\":{\"@type\":\"PropertyValueSpecification\",\"valueRequired\":true,\"valueName\":\"search_term_string\"}}],\"inLanguage\":\"es\"},{\"@type\":\"Organization\",\"@id\":\"https:\\\/\\\/canal7slp.tv\\\/2019\\\/#organization\",\"name\":\"Comunicaci\u00f3n 2000 S.A. de C.V.\",\"url\":\"https:\\\/\\\/canal7slp.tv\\\/2019\\\/\",\"logo\":{\"@type\":\"ImageObject\",\"inLanguage\":\"es\",\"@id\":\"https:\\\/\\\/canal7slp.tv\\\/2019\\\/#\\\/schema\\\/logo\\\/image\\\/\",\"url\":\"https:\\\/\\\/canal7slp.tv\\\/2019\\\/wp-content\\\/uploads\\\/2019\\\/07\\\/logo-c7.png\",\"contentUrl\":\"https:\\\/\\\/canal7slp.tv\\\/2019\\\/wp-content\\\/uploads\\\/2019\\\/07\\\/logo-c7.png\",\"width\":220,\"height\":60,\"caption\":\"Comunicaci\u00f3n 2000 S.A. de C.V.\"},\"image\":{\"@id\":\"https:\\\/\\\/canal7slp.tv\\\/2019\\\/#\\\/schema\\\/logo\\\/image\\\/\"},\"sameAs\":[\"https:\\\/\\\/www.facebook.com\\\/CANAL7SLP\\\/\",\"https:\\\/\\\/x.com\\\/canal7_slp\",\"https:\\\/\\\/www.instagram.com\\\/canal7_slp\",\"https:\\\/\\\/www.youtube.com\\\/user\\\/NOTICIEROSCANAL7SLP\\\/\"]},{\"@type\":\"Person\",\"@id\":\"https:\\\/\\\/canal7slp.tv\\\/2019\\\/#\\\/schema\\\/person\\\/11d941c1c6ca30ac0a46b95fa37aa2e3\",\"name\":\"edicionweb\",\"image\":{\"@type\":\"ImageObject\",\"inLanguage\":\"es\",\"@id\":\"https:\\\/\\\/secure.gravatar.com\\\/avatar\\\/eee448fc3f7164808013b816ba91ac7e43bbe82a70bebac296f8bc6f0addaa1a?s=96&d=mm&r=g\",\"url\":\"https:\\\/\\\/secure.gravatar.com\\\/avatar\\\/eee448fc3f7164808013b816ba91ac7e43bbe82a70bebac296f8bc6f0addaa1a?s=96&d=mm&r=g\",\"contentUrl\":\"https:\\\/\\\/secure.gravatar.com\\\/avatar\\\/eee448fc3f7164808013b816ba91ac7e43bbe82a70bebac296f8bc6f0addaa1a?s=96&d=mm&r=g\",\"caption\":\"edicionweb\"}}]}<\/script>\n<!-- \/ Yoast SEO plugin. -->","yoast_head_json":{"title":"Gobierno del Estado instala mesa interinstitucional que colabora con el Congreso en la armonizaci\u00f3n legislativa en materia de g\u00e9nero - Canal 7 SLP - 2019","robots":{"index":"index","follow":"follow","max-snippet":"max-snippet:-1","max-image-preview":"max-image-preview:large","max-video-preview":"max-video-preview:-1"},"canonical":"https:\/\/canal7slp.tv\/2019\/gobierno-del-estado-instala-mesa-interinstitucional-que-colabora-con-el-congreso-en-la-armonizacion-legislativa-en-materia-de-genero\/","og_locale":"es_ES","og_type":"article","og_title":"Gobierno del Estado instala mesa interinstitucional que colabora con el Congreso en la armonizaci\u00f3n legislativa en materia de g\u00e9nero - Canal 7 SLP - 2019","og_description":"SLP.- En cumplimiento a la medida que se desprende de la Declaratoria de Alerta de Violencia de G\u00e9nero contra las Mujeres, se instal\u00f3 la Mesa Institucional de Armonizaci\u00f3n Legislativa, que consiste en la conformaci\u00f3n de un grupo de trabajo que revise y analice la legislaci\u00f3n estatal, para detectar disposiciones que menoscaben o anulen los derechos [&hellip;]","og_url":"https:\/\/canal7slp.tv\/2019\/gobierno-del-estado-instala-mesa-interinstitucional-que-colabora-con-el-congreso-en-la-armonizacion-legislativa-en-materia-de-genero\/","og_site_name":"Canal 7 SLP - 2019","article_publisher":"https:\/\/www.facebook.com\/CANAL7SLP\/","article_published_time":"2019-06-19T23:49:15+00:00","og_image":[{"width":750,"height":500,"url":"https:\/\/canal7slp.tv\/2019\/wp-content\/uploads\/2019\/06\/GobiernoSLP.jpg","type":"image\/jpeg"}],"author":"edicionweb","twitter_card":"summary_large_image","twitter_creator":"@canal7_slp","twitter_site":"@canal7_slp","twitter_misc":{"Escrito por":"edicionweb","Tiempo de lectura":"2 minutos"},"schema":{"@context":"https:\/\/schema.org","@graph":[{"@type":"Article","@id":"https:\/\/canal7slp.tv\/2019\/gobierno-del-estado-instala-mesa-interinstitucional-que-colabora-con-el-congreso-en-la-armonizacion-legislativa-en-materia-de-genero\/#article","isPartOf":{"@id":"https:\/\/canal7slp.tv\/2019\/gobierno-del-estado-instala-mesa-interinstitucional-que-colabora-con-el-congreso-en-la-armonizacion-legislativa-en-materia-de-genero\/"},"author":{"name":"edicionweb","@id":"https:\/\/canal7slp.tv\/2019\/#\/schema\/person\/11d941c1c6ca30ac0a46b95fa37aa2e3"},"headline":"Gobierno del Estado instala mesa interinstitucional que colabora con el Congreso en la armonizaci\u00f3n legislativa en materia de g\u00e9nero","datePublished":"2019-06-19T23:49:15+00:00","mainEntityOfPage":{"@id":"https:\/\/canal7slp.tv\/2019\/gobierno-del-estado-instala-mesa-interinstitucional-que-colabora-con-el-congreso-en-la-armonizacion-legislativa-en-materia-de-genero\/"},"wordCount":335,"commentCount":0,"publisher":{"@id":"https:\/\/canal7slp.tv\/2019\/#organization"},"image":{"@id":"https:\/\/canal7slp.tv\/2019\/gobierno-del-estado-instala-mesa-interinstitucional-que-colabora-con-el-congreso-en-la-armonizacion-legislativa-en-materia-de-genero\/#primaryimage"},"thumbnailUrl":"https:\/\/canal7slp.tv\/2019\/wp-content\/uploads\/2019\/06\/GobiernoSLP.jpg","keywords":["Gobierno SLP"],"articleSection":["LOCALES Y REGIONALES"],"inLanguage":"es","potentialAction":[{"@type":"CommentAction","name":"Comment","target":["https:\/\/canal7slp.tv\/2019\/gobierno-del-estado-instala-mesa-interinstitucional-que-colabora-con-el-congreso-en-la-armonizacion-legislativa-en-materia-de-genero\/#respond"]}]},{"@type":"WebPage","@id":"https:\/\/canal7slp.tv\/2019\/gobierno-del-estado-instala-mesa-interinstitucional-que-colabora-con-el-congreso-en-la-armonizacion-legislativa-en-materia-de-genero\/","url":"https:\/\/canal7slp.tv\/2019\/gobierno-del-estado-instala-mesa-interinstitucional-que-colabora-con-el-congreso-en-la-armonizacion-legislativa-en-materia-de-genero\/","name":"Gobierno del Estado instala mesa interinstitucional que colabora con el Congreso en la armonizaci\u00f3n legislativa en materia de g\u00e9nero - Canal 7 SLP - 2019","isPartOf":{"@id":"https:\/\/canal7slp.tv\/2019\/#website"},"primaryImageOfPage":{"@id":"https:\/\/canal7slp.tv\/2019\/gobierno-del-estado-instala-mesa-interinstitucional-que-colabora-con-el-congreso-en-la-armonizacion-legislativa-en-materia-de-genero\/#primaryimage"},"image":{"@id":"https:\/\/canal7slp.tv\/2019\/gobierno-del-estado-instala-mesa-interinstitucional-que-colabora-con-el-congreso-en-la-armonizacion-legislativa-en-materia-de-genero\/#primaryimage"},"thumbnailUrl":"https:\/\/canal7slp.tv\/2019\/wp-content\/uploads\/2019\/06\/GobiernoSLP.jpg","datePublished":"2019-06-19T23:49:15+00:00","breadcrumb":{"@id":"https:\/\/canal7slp.tv\/2019\/gobierno-del-estado-instala-mesa-interinstitucional-que-colabora-con-el-congreso-en-la-armonizacion-legislativa-en-materia-de-genero\/#breadcrumb"},"inLanguage":"es","potentialAction":[{"@type":"ReadAction","target":["https:\/\/canal7slp.tv\/2019\/gobierno-del-estado-instala-mesa-interinstitucional-que-colabora-con-el-congreso-en-la-armonizacion-legislativa-en-materia-de-genero\/"]}]},{"@type":"ImageObject","inLanguage":"es","@id":"https:\/\/canal7slp.tv\/2019\/gobierno-del-estado-instala-mesa-interinstitucional-que-colabora-con-el-congreso-en-la-armonizacion-legislativa-en-materia-de-genero\/#primaryimage","url":"https:\/\/canal7slp.tv\/2019\/wp-content\/uploads\/2019\/06\/GobiernoSLP.jpg","contentUrl":"https:\/\/canal7slp.tv\/2019\/wp-content\/uploads\/2019\/06\/GobiernoSLP.jpg","width":750,"height":500},{"@type":"BreadcrumbList","@id":"https:\/\/canal7slp.tv\/2019\/gobierno-del-estado-instala-mesa-interinstitucional-que-colabora-con-el-congreso-en-la-armonizacion-legislativa-en-materia-de-genero\/#breadcrumb","itemListElement":[{"@type":"ListItem","position":1,"name":"Home","item":"https:\/\/canal7slp.tv\/2019\/"},{"@type":"ListItem","position":2,"name":"Gobierno del Estado instala mesa interinstitucional que colabora con el Congreso en la armonizaci\u00f3n legislativa en materia de g\u00e9nero"}]},{"@type":"WebSite","@id":"https:\/\/canal7slp.tv\/2019\/#website","url":"https:\/\/canal7slp.tv\/2019\/","name":"Canal 7 SLP - Somos TV","description":"Somos un Canal de 10","publisher":{"@id":"https:\/\/canal7slp.tv\/2019\/#organization"},"potentialAction":[{"@type":"SearchAction","target":{"@type":"EntryPoint","urlTemplate":"https:\/\/canal7slp.tv\/2019\/?s={search_term_string}"},"query-input":{"@type":"PropertyValueSpecification","valueRequired":true,"valueName":"search_term_string"}}],"inLanguage":"es"},{"@type":"Organization","@id":"https:\/\/canal7slp.tv\/2019\/#organization","name":"Comunicaci\u00f3n 2000 S.A. de C.V.","url":"https:\/\/canal7slp.tv\/2019\/","logo":{"@type":"ImageObject","inLanguage":"es","@id":"https:\/\/canal7slp.tv\/2019\/#\/schema\/logo\/image\/","url":"https:\/\/canal7slp.tv\/2019\/wp-content\/uploads\/2019\/07\/logo-c7.png","contentUrl":"https:\/\/canal7slp.tv\/2019\/wp-content\/uploads\/2019\/07\/logo-c7.png","width":220,"height":60,"caption":"Comunicaci\u00f3n 2000 S.A. de C.V."},"image":{"@id":"https:\/\/canal7slp.tv\/2019\/#\/schema\/logo\/image\/"},"sameAs":["https:\/\/www.facebook.com\/CANAL7SLP\/","https:\/\/x.com\/canal7_slp","https:\/\/www.instagram.com\/canal7_slp","https:\/\/www.youtube.com\/user\/NOTICIEROSCANAL7SLP\/"]},{"@type":"Person","@id":"https:\/\/canal7slp.tv\/2019\/#\/schema\/person\/11d941c1c6ca30ac0a46b95fa37aa2e3","name":"edicionweb","image":{"@type":"ImageObject","inLanguage":"es","@id":"https:\/\/secure.gravatar.com\/avatar\/eee448fc3f7164808013b816ba91ac7e43bbe82a70bebac296f8bc6f0addaa1a?s=96&d=mm&r=g","url":"https:\/\/secure.gravatar.com\/avatar\/eee448fc3f7164808013b816ba91ac7e43bbe82a70bebac296f8bc6f0addaa1a?s=96&d=mm&r=g","contentUrl":"https:\/\/secure.gravatar.com\/avatar\/eee448fc3f7164808013b816ba91ac7e43bbe82a70bebac296f8bc6f0addaa1a?s=96&d=mm&r=g","caption":"edicionweb"}}]}},"amp_enabled":true,"cmb2":{"video_ids_in_playlist":{"vid_p_videos":""},"video_ids_in_channel":{"vid_c_videos":""},"playlist_ids_in_channel":{"vid_c_playlists":""},"series_ids_in_channel":{"vid_c_series":""},"channel_images":{"vid_c_logo":"","vid_c_banner":""},"poster_feature_image":{"vid_m_poster_image":""},"gif_feature_image":{"vid_m_gif_image":""},"video_movie_settings":{"vid_m_director":"","vid_m_actor":"","vid_m_imdb_ratings":"","vid_m_amazon_associates":""},"vid_youtube_broadcasts_settings":{"vid_yb_broadcast_title":"","vid_yb_q":"","vid_yb_channelid":"","vid_yb_videocategoryid":"","vid_yb_maxresults":"","vid_yb_order":"","vid_yb_regioncode":"","vid_yb_videosyndicated":"","vid_yb_style":"","vid_yb_reload_first":""},"video_series_settings":{"vid_m_director":"","vid_m_actor":"","vid_m_imdb_ratings":"","video_series_group":""},"amazon_associates_settings":{"amazon_associates":"","amazon_native_ad":""},"vid_youtube_automatic_settings":{"vid_ya_youtube_source":"","vid_ya_update_every":"","vid_ya_update_unit":"","vid_ya_categories":"","vid_ya_published_after":"","vid_ya_published_before":"","vid_ya_playlists":"","vid_ya_channels":"","vid_ya_director":"","vid_ya_actor":"","vid_ya_author":"","vid_ya_import_post_date":"","vid_ya_status":"","vid_ya_sub_api_key":""},"vid_ads_m_videoads_settings_post":{"vid_ads_m_video_ads":"","vid_ads_m_video_ads_type":"","vid_ads_m_group_google_ima":"","vid_ads_m_group_image":"","vid_ads_m_group_html5_video":"","vid_ads_m_group_html":"","vid_ads_m_vast_preroll":"","vid_ads_m_vast_postroll":"","vid_ads_m_vast_pauseroll":"","vid_ads_m_vast_midroll":[{"vid_ads_m_vast_timer_seconds":"50"}],"vid_ads_m_time_to_show_ads":"","vid_ads_m_time_skip_ads":"","vid_ads_m_time_to_hide_ads":""},"page_slider_settings":{"display_slider_group":"","page_slider_group":""},"blog_page_settings":{"blog_page_title":"","blog_page_heading":"","blog_page_ic":"","blog_page_it":"","blog_page_ec":"","blog_page_ip":"","archive_loop_style":"","blog_image_ratio":"","blog_show_categories":"","blog_show_excerpt":"","blog_show_author":"","blog_show_date":"","blog_show_comment_count":"","blog_show_view_count":"","blog_show_like_count":"","blog_show_dislike_count":"","blog_items_per_page":"","blog_pag_type":""},"page_options":{"get_page_template":"","color_mode":"","main_layout":"","main_layout_full_with":"","main_logo":"","main_logo_retina":"","main_logo_mobile":"","main_logo_mobile_retina":"","sticky_logo":"","sticky_logo_retina":"","main_nav_layout":"","ajax_search":"","header_background":"","theme_sidebar":"","instagram_feed":"","instagram_feed_position":"","popular_videos":"","popular_videos_title_1":"","popular_videos_title_2":"","popular_videos_ic":"","popular_videos_it":"","theme_background":"","page_custom_css":""},"feature_image_settings":{"feature_image_position":""},"video_player_settings":{"single_video_style":"","video_player_position":"","vm_video_url":"","video_player_library":"","video_streaming":"","vm_media_sources":"","vid_auto_play":"","vm_video_shortcode":"","vid_p_sync_playlist":"","vid_c_sync_channel":"","get_post_format":"","multiple_links_structure":"default","multi_links_title":"","vm_video_multi_links":"","vm_duration":"","vid_social_locker":"off","vid_social_locker_id":"","vid_membership_action":"content-video","vm_video_trailer_url":"","vid_download_type":"free","vid_download_target":"download","vid_woo_product":"","vm_media_download":"","user_rating":"","user_rating_position":"","user_rating_mode":"","user_rating_multi_sets":""},"video_auto_fetch_settings":{"vm_video_fetch":"on"},"video_fake_views_likes":{"vm_fake_views":"","vm_fake_likes":"","vm_fake_dislikes":""},"gallery_settings":{"gallery_position":""},"quote_settings":{"quote_position":""},"post_options":{"main_layout":"","main_logo":"","main_logo_retina":"","main_logo_mobile":"","main_logo_mobile_retina":"","sticky_logo":"","sticky_logo_retina":"","main_nav_layout":"","header_background":"","theme_sidebar":"","single_post_comment_type":"","theme_background":""}},"_links":{"self":[{"href":"https:\/\/canal7slp.tv\/2019\/wp-json\/wp\/v2\/posts\/18442","targetHints":{"allow":["GET"]}}],"collection":[{"href":"https:\/\/canal7slp.tv\/2019\/wp-json\/wp\/v2\/posts"}],"about":[{"href":"https:\/\/canal7slp.tv\/2019\/wp-json\/wp\/v2\/types\/post"}],"author":[{"embeddable":true,"href":"https:\/\/canal7slp.tv\/2019\/wp-json\/wp\/v2\/users\/2"}],"replies":[{"embeddable":true,"href":"https:\/\/canal7slp.tv\/2019\/wp-json\/wp\/v2\/comments?post=18442"}],"version-history":[{"count":0,"href":"https:\/\/canal7slp.tv\/2019\/wp-json\/wp\/v2\/posts\/18442\/revisions"}],"wp:featuredmedia":[{"embeddable":true,"href":"https:\/\/canal7slp.tv\/2019\/wp-json\/wp\/v2\/media\/18455"}],"wp:attachment":[{"href":"https:\/\/canal7slp.tv\/2019\/wp-json\/wp\/v2\/media?parent=18442"}],"wp:term":[{"taxonomy":"category","embeddable":true,"href":"https:\/\/canal7slp.tv\/2019\/wp-json\/wp\/v2\/categories?post=18442"},{"taxonomy":"post_tag","embeddable":true,"href":"https:\/\/canal7slp.tv\/2019\/wp-json\/wp\/v2\/tags?post=18442"}],"curies":[{"name":"wp","href":"https:\/\/api.w.org\/{rel}","templated":true}]}}