{"id":18436,"date":"2019-06-19T18:37:26","date_gmt":"2019-06-19T23:37:26","guid":{"rendered":"https:\/\/canal7slp.tv\/2019\/?p=18436"},"modified":"2019-06-19T18:37:26","modified_gmt":"2019-06-19T23:37:26","slug":"llama-elias-pesina-a-evitar-la-distraccion-y-la-division-estar-organizados-y-mantener-la-unidad-del-pri","status":"publish","type":"post","link":"https:\/\/canal7slp.tv\/2019\/llama-elias-pesina-a-evitar-la-distraccion-y-la-division-estar-organizados-y-mantener-la-unidad-del-pri\/","title":{"rendered":"Llama El\u00edas Pesina a evitar la distracci\u00f3n y la divisi\u00f3n, estar organizados y mantener la unidad del PRI"},"content":{"rendered":"<p style=\"text-align: justify;\">\u2022 El PRI ha entrado en una etapa de renovaci\u00f3n de sus cuadros pol\u00edticos, estamos trabajando de manera decidida se\u00f1al\u00f3 el l\u00edder estatal del PRI<\/p>\n<p style=\"text-align: justify;\">\u2022 Tras tomar protesta a H\u00e9ctor Covarrubias Rend\u00f3n, nuevo delegado del CEN de la CNC para San Luis Potos\u00ed; Ismael Hern\u00e1ndez Deras, l\u00edder nacional de la liga de comunidades agrarias se suma al llamado del l\u00edder priista en el estado.<\/p>\n<p style=\"text-align: justify;\">SLP:- \u201cLos priistas tenemos que estar organizados, tenemos que mantener la unidad en los municipios, no nos distraigamos, no nos dividamos, participemos con ganas y decisi\u00f3n\u201d, se\u00f1al\u00f3 el presidente del Comit\u00e9 Directivo Estatal del PRI, El\u00edas Pesina Rodr\u00edguez, posterior a la toma de protesta del nuevo delegado del CEN de la CNC para San Luis Potos\u00ed H\u00e9ctor Covarrubias Rend\u00f3n, esto durante el Consejo Pol\u00edtico de Desarrollo Rural de la Liga de Comunidades Agrarias, misma que fue encabezada por el Diputado Federal Ismael Hern\u00e1ndez Deras, l\u00edder nacional de la organizaci\u00f3n campesina.<\/p>\n<p style=\"text-align: justify;\">Durante su participaci\u00f3n, el l\u00edder estatal del tricolor se\u00f1al\u00f3 que el PRI a nivel nacional ha entrado en una etapa de importante renovaci\u00f3n en su dirigencia nacional, del mismo modo el Revolucionario en San Luis Potos\u00ed inici\u00f3 proceso de renovaci\u00f3n de sus cuadros, \u201cestamos trabajando de manera decidida en la renovaci\u00f3n de 32 Consejos Pol\u00edticos Municipales. Con convocatorias apegadas a nuestros estatutos, se renovar\u00e1n las dirigencias municipales donde as\u00ed se requiera y tendremos una renovaci\u00f3n de Comit\u00e9s Seccionales con la intenci\u00f3n de prepararnos, estar listos para los retos que est\u00e1n en nuestra puerta, preparaci\u00f3n que nos permitir\u00e1 mantener el gobierno en manos del PRI en la elecci\u00f3n de 2021\u201d.<\/p>\n<p style=\"text-align: justify;\">Pesina Rodr\u00edguez llam\u00f3 a la militancia priista a estar unidos y luchar por ello \u201ces momento de plantarnos de manera firme e ir juntos en la organizaci\u00f3n del partido, para fortalecer nuestra estructura y hacer frente a lo que viene\u201d.<\/p>\n<p style=\"text-align: justify;\">Por otra parte celebr\u00f3 la llegada de H\u00e9ctor Covarrubias como delegado del CEN de la CNC para San Luis Potos\u00ed, \u201ccon la incorporaci\u00f3n de H\u00e9ctor vamos a redoblar el esfuerzo y vamos a ir a cada uno de los ejidos y municipios para organizarnos y tener cuadros finados de cara al proceso electoral de 2021\u201d.<\/p>\n<p style=\"text-align: justify;\">Sentenci\u00f3 que la CNC es un pilar importante para el PRI, donde se debe gestar el reencuentro del PRI con al gente del campo, \u201ccaminar con la CNC nos dar\u00e1 la fortaleza para ganar las pr\u00f3ximas elecciones\u201d.<\/p>\n<p style=\"text-align: justify;\">Por su parte el dirigente nacional de la Liga de Comunidades Agrarias y Capesinas, el Diputado Federal Ismael Hern\u00e1ndez Der\u00e1s se sum\u00f3 al llamado del presidente del CDE potosino, a evitar las fracturas que distraen al PRI de su objetivo que es seguir teniendo en el gobierno a un cuadro que garantice atenci\u00f3n y preocupaci\u00f3n por la gente del campo \u201cen Juan Manuel Carreras debemos decirlo, es un ejemplo de un gobernador responsable serio equilibrado que siempre ha estado al pendiente de nuestras demandas, siempre ha habido apertura y sensibilidad a los planteamientos de la CNC, lo reconocemos ampliamente y lo valoramos\u201d.<\/p>\n<p style=\"text-align: justify;\">Asimismo, se sum\u00f3 el llamado a fortalecer el trabajo con la gente del campo en San Luis Potos\u00ed, lo que permitir\u00e1 estar preparados para los retos que el PRI est\u00e1 por enfrentar. Previamente tom\u00f3 protesta a H\u00e9ctor Covarrubias Rend\u00f3n como delegado del CEN de la CNC para San Luis Potos\u00ed y entreg\u00f3 el nombramiento que da constancia de lo anterior<\/p>\n<p style=\"text-align: justify;\">Acompa\u00f1aron a esta toma de protesta la Secretaria de Acci\u00f3n Ind\u00edgena del CEN del PRI Bernarda Reyes Hern\u00e1ndez, el delegado general del CEN del PRI para San Luis Potos\u00ed Juli\u00e1n Luzanilla Contreras, la coordinadora de diputados federales del PRI de San Luis Potos\u00ed, Sara Rocha Medina, el diputado federal Oscar Bautista, el l\u00edder de la CNC en San Luis Potos\u00ed Gerardo Lim\u00f3n Montelongo, el l\u00edder de la Vieja Guardia Agrarista y el representante de la Juventud Agrarista, as\u00ed como l\u00edderes agraristas de todo el estado.<\/p>\n","protected":false},"excerpt":{"rendered":"<p>\u2022 El PRI ha entrado en una etapa de renovaci\u00f3n de sus cuadros pol\u00edticos, estamos trabajando de manera decidida se\u00f1al\u00f3 el l\u00edder estatal del PRI \u2022 Tras tomar protesta a H\u00e9ctor Covarrubias Rend\u00f3n, nuevo delegado del CEN de la CNC para San Luis Potos\u00ed; Ismael Hern\u00e1ndez Deras, l\u00edder nacional de la liga de comunidades agrarias [&hellip;]<\/p>\n","protected":false},"author":2,"featured_media":18437,"comment_status":"open","ping_status":"closed","sticky":false,"template":"","format":"standard","meta":{"footnotes":""},"categories":[17],"tags":[],"class_list":["post-18436","post","type-post","status-publish","format-standard","has-post-thumbnail","hentry","category-localesyregionales"],"yoast_head":"<!-- This site is optimized with the Yoast SEO plugin v27.5 - https:\/\/yoast.com\/product\/yoast-seo-wordpress\/ -->\n<title>Llama El\u00edas Pesina a evitar la distracci\u00f3n y la divisi\u00f3n, estar organizados y mantener la unidad del PRI - Canal 7 SLP - 2019<\/title>\n<meta name=\"robots\" content=\"index, follow, max-snippet:-1, max-image-preview:large, max-video-preview:-1\" \/>\n<link rel=\"canonical\" href=\"https:\/\/canal7slp.tv\/2019\/llama-elias-pesina-a-evitar-la-distraccion-y-la-division-estar-organizados-y-mantener-la-unidad-del-pri\/\" \/>\n<meta property=\"og:locale\" content=\"es_ES\" \/>\n<meta property=\"og:type\" content=\"article\" \/>\n<meta property=\"og:title\" content=\"Llama El\u00edas Pesina a evitar la distracci\u00f3n y la divisi\u00f3n, estar organizados y mantener la unidad del PRI - Canal 7 SLP - 2019\" \/>\n<meta property=\"og:description\" content=\"\u2022 El PRI ha entrado en una etapa de renovaci\u00f3n de sus cuadros pol\u00edticos, estamos trabajando de manera decidida se\u00f1al\u00f3 el l\u00edder estatal del PRI \u2022 Tras tomar protesta a H\u00e9ctor Covarrubias Rend\u00f3n, nuevo delegado del CEN de la CNC para San Luis Potos\u00ed; Ismael Hern\u00e1ndez Deras, l\u00edder nacional de la liga de comunidades agrarias [&hellip;]\" \/>\n<meta property=\"og:url\" content=\"https:\/\/canal7slp.tv\/2019\/llama-elias-pesina-a-evitar-la-distraccion-y-la-division-estar-organizados-y-mantener-la-unidad-del-pri\/\" \/>\n<meta property=\"og:site_name\" content=\"Canal 7 SLP - 2019\" \/>\n<meta property=\"article:publisher\" content=\"https:\/\/www.facebook.com\/CANAL7SLP\/\" \/>\n<meta property=\"article:published_time\" content=\"2019-06-19T23:37:26+00:00\" \/>\n<meta property=\"og:image\" content=\"https:\/\/canal7slp.tv\/2019\/wp-content\/uploads\/2019\/06\/z2-8.jpg\" \/>\n\t<meta property=\"og:image:width\" content=\"684\" \/>\n\t<meta property=\"og:image:height\" content=\"500\" \/>\n\t<meta property=\"og:image:type\" content=\"image\/jpeg\" \/>\n<meta name=\"author\" content=\"edicionweb\" \/>\n<meta name=\"twitter:card\" content=\"summary_large_image\" \/>\n<meta name=\"twitter:creator\" content=\"@canal7_slp\" \/>\n<meta name=\"twitter:site\" content=\"@canal7_slp\" \/>\n<meta name=\"twitter:label1\" content=\"Escrito por\" \/>\n\t<meta name=\"twitter:data1\" content=\"edicionweb\" \/>\n\t<meta name=\"twitter:label2\" content=\"Tiempo de lectura\" \/>\n\t<meta name=\"twitter:data2\" content=\"3 minutos\" \/>\n<script type=\"application\/ld+json\" class=\"yoast-schema-graph\">{\"@context\":\"https:\\\/\\\/schema.org\",\"@graph\":[{\"@type\":\"Article\",\"@id\":\"https:\\\/\\\/canal7slp.tv\\\/2019\\\/llama-elias-pesina-a-evitar-la-distraccion-y-la-division-estar-organizados-y-mantener-la-unidad-del-pri\\\/#article\",\"isPartOf\":{\"@id\":\"https:\\\/\\\/canal7slp.tv\\\/2019\\\/llama-elias-pesina-a-evitar-la-distraccion-y-la-division-estar-organizados-y-mantener-la-unidad-del-pri\\\/\"},\"author\":{\"name\":\"edicionweb\",\"@id\":\"https:\\\/\\\/canal7slp.tv\\\/2019\\\/#\\\/schema\\\/person\\\/11d941c1c6ca30ac0a46b95fa37aa2e3\"},\"headline\":\"Llama El\u00edas Pesina a evitar la distracci\u00f3n y la divisi\u00f3n, estar organizados y mantener la unidad del PRI\",\"datePublished\":\"2019-06-19T23:37:26+00:00\",\"mainEntityOfPage\":{\"@id\":\"https:\\\/\\\/canal7slp.tv\\\/2019\\\/llama-elias-pesina-a-evitar-la-distraccion-y-la-division-estar-organizados-y-mantener-la-unidad-del-pri\\\/\"},\"wordCount\":714,\"commentCount\":0,\"publisher\":{\"@id\":\"https:\\\/\\\/canal7slp.tv\\\/2019\\\/#organization\"},\"image\":{\"@id\":\"https:\\\/\\\/canal7slp.tv\\\/2019\\\/llama-elias-pesina-a-evitar-la-distraccion-y-la-division-estar-organizados-y-mantener-la-unidad-del-pri\\\/#primaryimage\"},\"thumbnailUrl\":\"https:\\\/\\\/canal7slp.tv\\\/2019\\\/wp-content\\\/uploads\\\/2019\\\/06\\\/z2-8.jpg\",\"articleSection\":[\"LOCALES Y REGIONALES\"],\"inLanguage\":\"es\",\"potentialAction\":[{\"@type\":\"CommentAction\",\"name\":\"Comment\",\"target\":[\"https:\\\/\\\/canal7slp.tv\\\/2019\\\/llama-elias-pesina-a-evitar-la-distraccion-y-la-division-estar-organizados-y-mantener-la-unidad-del-pri\\\/#respond\"]}]},{\"@type\":\"WebPage\",\"@id\":\"https:\\\/\\\/canal7slp.tv\\\/2019\\\/llama-elias-pesina-a-evitar-la-distraccion-y-la-division-estar-organizados-y-mantener-la-unidad-del-pri\\\/\",\"url\":\"https:\\\/\\\/canal7slp.tv\\\/2019\\\/llama-elias-pesina-a-evitar-la-distraccion-y-la-division-estar-organizados-y-mantener-la-unidad-del-pri\\\/\",\"name\":\"Llama El\u00edas Pesina a evitar la distracci\u00f3n y la divisi\u00f3n, estar organizados y mantener la unidad del PRI - Canal 7 SLP - 2019\",\"isPartOf\":{\"@id\":\"https:\\\/\\\/canal7slp.tv\\\/2019\\\/#website\"},\"primaryImageOfPage\":{\"@id\":\"https:\\\/\\\/canal7slp.tv\\\/2019\\\/llama-elias-pesina-a-evitar-la-distraccion-y-la-division-estar-organizados-y-mantener-la-unidad-del-pri\\\/#primaryimage\"},\"image\":{\"@id\":\"https:\\\/\\\/canal7slp.tv\\\/2019\\\/llama-elias-pesina-a-evitar-la-distraccion-y-la-division-estar-organizados-y-mantener-la-unidad-del-pri\\\/#primaryimage\"},\"thumbnailUrl\":\"https:\\\/\\\/canal7slp.tv\\\/2019\\\/wp-content\\\/uploads\\\/2019\\\/06\\\/z2-8.jpg\",\"datePublished\":\"2019-06-19T23:37:26+00:00\",\"breadcrumb\":{\"@id\":\"https:\\\/\\\/canal7slp.tv\\\/2019\\\/llama-elias-pesina-a-evitar-la-distraccion-y-la-division-estar-organizados-y-mantener-la-unidad-del-pri\\\/#breadcrumb\"},\"inLanguage\":\"es\",\"potentialAction\":[{\"@type\":\"ReadAction\",\"target\":[\"https:\\\/\\\/canal7slp.tv\\\/2019\\\/llama-elias-pesina-a-evitar-la-distraccion-y-la-division-estar-organizados-y-mantener-la-unidad-del-pri\\\/\"]}]},{\"@type\":\"ImageObject\",\"inLanguage\":\"es\",\"@id\":\"https:\\\/\\\/canal7slp.tv\\\/2019\\\/llama-elias-pesina-a-evitar-la-distraccion-y-la-division-estar-organizados-y-mantener-la-unidad-del-pri\\\/#primaryimage\",\"url\":\"https:\\\/\\\/canal7slp.tv\\\/2019\\\/wp-content\\\/uploads\\\/2019\\\/06\\\/z2-8.jpg\",\"contentUrl\":\"https:\\\/\\\/canal7slp.tv\\\/2019\\\/wp-content\\\/uploads\\\/2019\\\/06\\\/z2-8.jpg\",\"width\":684,\"height\":500},{\"@type\":\"BreadcrumbList\",\"@id\":\"https:\\\/\\\/canal7slp.tv\\\/2019\\\/llama-elias-pesina-a-evitar-la-distraccion-y-la-division-estar-organizados-y-mantener-la-unidad-del-pri\\\/#breadcrumb\",\"itemListElement\":[{\"@type\":\"ListItem\",\"position\":1,\"name\":\"Home\",\"item\":\"https:\\\/\\\/canal7slp.tv\\\/2019\\\/\"},{\"@type\":\"ListItem\",\"position\":2,\"name\":\"Llama El\u00edas Pesina a evitar la distracci\u00f3n y la divisi\u00f3n, estar organizados y mantener la unidad del PRI\"}]},{\"@type\":\"WebSite\",\"@id\":\"https:\\\/\\\/canal7slp.tv\\\/2019\\\/#website\",\"url\":\"https:\\\/\\\/canal7slp.tv\\\/2019\\\/\",\"name\":\"Canal 7 SLP - Somos TV\",\"description\":\"Somos un Canal de 10\",\"publisher\":{\"@id\":\"https:\\\/\\\/canal7slp.tv\\\/2019\\\/#organization\"},\"potentialAction\":[{\"@type\":\"SearchAction\",\"target\":{\"@type\":\"EntryPoint\",\"urlTemplate\":\"https:\\\/\\\/canal7slp.tv\\\/2019\\\/?s={search_term_string}\"},\"query-input\":{\"@type\":\"PropertyValueSpecification\",\"valueRequired\":true,\"valueName\":\"search_term_string\"}}],\"inLanguage\":\"es\"},{\"@type\":\"Organization\",\"@id\":\"https:\\\/\\\/canal7slp.tv\\\/2019\\\/#organization\",\"name\":\"Comunicaci\u00f3n 2000 S.A. de C.V.\",\"url\":\"https:\\\/\\\/canal7slp.tv\\\/2019\\\/\",\"logo\":{\"@type\":\"ImageObject\",\"inLanguage\":\"es\",\"@id\":\"https:\\\/\\\/canal7slp.tv\\\/2019\\\/#\\\/schema\\\/logo\\\/image\\\/\",\"url\":\"https:\\\/\\\/canal7slp.tv\\\/2019\\\/wp-content\\\/uploads\\\/2019\\\/07\\\/logo-c7.png\",\"contentUrl\":\"https:\\\/\\\/canal7slp.tv\\\/2019\\\/wp-content\\\/uploads\\\/2019\\\/07\\\/logo-c7.png\",\"width\":220,\"height\":60,\"caption\":\"Comunicaci\u00f3n 2000 S.A. de C.V.\"},\"image\":{\"@id\":\"https:\\\/\\\/canal7slp.tv\\\/2019\\\/#\\\/schema\\\/logo\\\/image\\\/\"},\"sameAs\":[\"https:\\\/\\\/www.facebook.com\\\/CANAL7SLP\\\/\",\"https:\\\/\\\/x.com\\\/canal7_slp\",\"https:\\\/\\\/www.instagram.com\\\/canal7_slp\",\"https:\\\/\\\/www.youtube.com\\\/user\\\/NOTICIEROSCANAL7SLP\\\/\"]},{\"@type\":\"Person\",\"@id\":\"https:\\\/\\\/canal7slp.tv\\\/2019\\\/#\\\/schema\\\/person\\\/11d941c1c6ca30ac0a46b95fa37aa2e3\",\"name\":\"edicionweb\",\"image\":{\"@type\":\"ImageObject\",\"inLanguage\":\"es\",\"@id\":\"https:\\\/\\\/secure.gravatar.com\\\/avatar\\\/eee448fc3f7164808013b816ba91ac7e43bbe82a70bebac296f8bc6f0addaa1a?s=96&d=mm&r=g\",\"url\":\"https:\\\/\\\/secure.gravatar.com\\\/avatar\\\/eee448fc3f7164808013b816ba91ac7e43bbe82a70bebac296f8bc6f0addaa1a?s=96&d=mm&r=g\",\"contentUrl\":\"https:\\\/\\\/secure.gravatar.com\\\/avatar\\\/eee448fc3f7164808013b816ba91ac7e43bbe82a70bebac296f8bc6f0addaa1a?s=96&d=mm&r=g\",\"caption\":\"edicionweb\"}}]}<\/script>\n<!-- \/ Yoast SEO plugin. -->","yoast_head_json":{"title":"Llama El\u00edas Pesina a evitar la distracci\u00f3n y la divisi\u00f3n, estar organizados y mantener la unidad del PRI - Canal 7 SLP - 2019","robots":{"index":"index","follow":"follow","max-snippet":"max-snippet:-1","max-image-preview":"max-image-preview:large","max-video-preview":"max-video-preview:-1"},"canonical":"https:\/\/canal7slp.tv\/2019\/llama-elias-pesina-a-evitar-la-distraccion-y-la-division-estar-organizados-y-mantener-la-unidad-del-pri\/","og_locale":"es_ES","og_type":"article","og_title":"Llama El\u00edas Pesina a evitar la distracci\u00f3n y la divisi\u00f3n, estar organizados y mantener la unidad del PRI - Canal 7 SLP - 2019","og_description":"\u2022 El PRI ha entrado en una etapa de renovaci\u00f3n de sus cuadros pol\u00edticos, estamos trabajando de manera decidida se\u00f1al\u00f3 el l\u00edder estatal del PRI \u2022 Tras tomar protesta a H\u00e9ctor Covarrubias Rend\u00f3n, nuevo delegado del CEN de la CNC para San Luis Potos\u00ed; Ismael Hern\u00e1ndez Deras, l\u00edder nacional de la liga de comunidades agrarias [&hellip;]","og_url":"https:\/\/canal7slp.tv\/2019\/llama-elias-pesina-a-evitar-la-distraccion-y-la-division-estar-organizados-y-mantener-la-unidad-del-pri\/","og_site_name":"Canal 7 SLP - 2019","article_publisher":"https:\/\/www.facebook.com\/CANAL7SLP\/","article_published_time":"2019-06-19T23:37:26+00:00","og_image":[{"width":684,"height":500,"url":"https:\/\/canal7slp.tv\/2019\/wp-content\/uploads\/2019\/06\/z2-8.jpg","type":"image\/jpeg"}],"author":"edicionweb","twitter_card":"summary_large_image","twitter_creator":"@canal7_slp","twitter_site":"@canal7_slp","twitter_misc":{"Escrito por":"edicionweb","Tiempo de lectura":"3 minutos"},"schema":{"@context":"https:\/\/schema.org","@graph":[{"@type":"Article","@id":"https:\/\/canal7slp.tv\/2019\/llama-elias-pesina-a-evitar-la-distraccion-y-la-division-estar-organizados-y-mantener-la-unidad-del-pri\/#article","isPartOf":{"@id":"https:\/\/canal7slp.tv\/2019\/llama-elias-pesina-a-evitar-la-distraccion-y-la-division-estar-organizados-y-mantener-la-unidad-del-pri\/"},"author":{"name":"edicionweb","@id":"https:\/\/canal7slp.tv\/2019\/#\/schema\/person\/11d941c1c6ca30ac0a46b95fa37aa2e3"},"headline":"Llama El\u00edas Pesina a evitar la distracci\u00f3n y la divisi\u00f3n, estar organizados y mantener la unidad del PRI","datePublished":"2019-06-19T23:37:26+00:00","mainEntityOfPage":{"@id":"https:\/\/canal7slp.tv\/2019\/llama-elias-pesina-a-evitar-la-distraccion-y-la-division-estar-organizados-y-mantener-la-unidad-del-pri\/"},"wordCount":714,"commentCount":0,"publisher":{"@id":"https:\/\/canal7slp.tv\/2019\/#organization"},"image":{"@id":"https:\/\/canal7slp.tv\/2019\/llama-elias-pesina-a-evitar-la-distraccion-y-la-division-estar-organizados-y-mantener-la-unidad-del-pri\/#primaryimage"},"thumbnailUrl":"https:\/\/canal7slp.tv\/2019\/wp-content\/uploads\/2019\/06\/z2-8.jpg","articleSection":["LOCALES Y REGIONALES"],"inLanguage":"es","potentialAction":[{"@type":"CommentAction","name":"Comment","target":["https:\/\/canal7slp.tv\/2019\/llama-elias-pesina-a-evitar-la-distraccion-y-la-division-estar-organizados-y-mantener-la-unidad-del-pri\/#respond"]}]},{"@type":"WebPage","@id":"https:\/\/canal7slp.tv\/2019\/llama-elias-pesina-a-evitar-la-distraccion-y-la-division-estar-organizados-y-mantener-la-unidad-del-pri\/","url":"https:\/\/canal7slp.tv\/2019\/llama-elias-pesina-a-evitar-la-distraccion-y-la-division-estar-organizados-y-mantener-la-unidad-del-pri\/","name":"Llama El\u00edas Pesina a evitar la distracci\u00f3n y la divisi\u00f3n, estar organizados y mantener la unidad del PRI - Canal 7 SLP - 2019","isPartOf":{"@id":"https:\/\/canal7slp.tv\/2019\/#website"},"primaryImageOfPage":{"@id":"https:\/\/canal7slp.tv\/2019\/llama-elias-pesina-a-evitar-la-distraccion-y-la-division-estar-organizados-y-mantener-la-unidad-del-pri\/#primaryimage"},"image":{"@id":"https:\/\/canal7slp.tv\/2019\/llama-elias-pesina-a-evitar-la-distraccion-y-la-division-estar-organizados-y-mantener-la-unidad-del-pri\/#primaryimage"},"thumbnailUrl":"https:\/\/canal7slp.tv\/2019\/wp-content\/uploads\/2019\/06\/z2-8.jpg","datePublished":"2019-06-19T23:37:26+00:00","breadcrumb":{"@id":"https:\/\/canal7slp.tv\/2019\/llama-elias-pesina-a-evitar-la-distraccion-y-la-division-estar-organizados-y-mantener-la-unidad-del-pri\/#breadcrumb"},"inLanguage":"es","potentialAction":[{"@type":"ReadAction","target":["https:\/\/canal7slp.tv\/2019\/llama-elias-pesina-a-evitar-la-distraccion-y-la-division-estar-organizados-y-mantener-la-unidad-del-pri\/"]}]},{"@type":"ImageObject","inLanguage":"es","@id":"https:\/\/canal7slp.tv\/2019\/llama-elias-pesina-a-evitar-la-distraccion-y-la-division-estar-organizados-y-mantener-la-unidad-del-pri\/#primaryimage","url":"https:\/\/canal7slp.tv\/2019\/wp-content\/uploads\/2019\/06\/z2-8.jpg","contentUrl":"https:\/\/canal7slp.tv\/2019\/wp-content\/uploads\/2019\/06\/z2-8.jpg","width":684,"height":500},{"@type":"BreadcrumbList","@id":"https:\/\/canal7slp.tv\/2019\/llama-elias-pesina-a-evitar-la-distraccion-y-la-division-estar-organizados-y-mantener-la-unidad-del-pri\/#breadcrumb","itemListElement":[{"@type":"ListItem","position":1,"name":"Home","item":"https:\/\/canal7slp.tv\/2019\/"},{"@type":"ListItem","position":2,"name":"Llama El\u00edas Pesina a evitar la distracci\u00f3n y la divisi\u00f3n, estar organizados y mantener la unidad del PRI"}]},{"@type":"WebSite","@id":"https:\/\/canal7slp.tv\/2019\/#website","url":"https:\/\/canal7slp.tv\/2019\/","name":"Canal 7 SLP - Somos TV","description":"Somos un Canal de 10","publisher":{"@id":"https:\/\/canal7slp.tv\/2019\/#organization"},"potentialAction":[{"@type":"SearchAction","target":{"@type":"EntryPoint","urlTemplate":"https:\/\/canal7slp.tv\/2019\/?s={search_term_string}"},"query-input":{"@type":"PropertyValueSpecification","valueRequired":true,"valueName":"search_term_string"}}],"inLanguage":"es"},{"@type":"Organization","@id":"https:\/\/canal7slp.tv\/2019\/#organization","name":"Comunicaci\u00f3n 2000 S.A. de C.V.","url":"https:\/\/canal7slp.tv\/2019\/","logo":{"@type":"ImageObject","inLanguage":"es","@id":"https:\/\/canal7slp.tv\/2019\/#\/schema\/logo\/image\/","url":"https:\/\/canal7slp.tv\/2019\/wp-content\/uploads\/2019\/07\/logo-c7.png","contentUrl":"https:\/\/canal7slp.tv\/2019\/wp-content\/uploads\/2019\/07\/logo-c7.png","width":220,"height":60,"caption":"Comunicaci\u00f3n 2000 S.A. de C.V."},"image":{"@id":"https:\/\/canal7slp.tv\/2019\/#\/schema\/logo\/image\/"},"sameAs":["https:\/\/www.facebook.com\/CANAL7SLP\/","https:\/\/x.com\/canal7_slp","https:\/\/www.instagram.com\/canal7_slp","https:\/\/www.youtube.com\/user\/NOTICIEROSCANAL7SLP\/"]},{"@type":"Person","@id":"https:\/\/canal7slp.tv\/2019\/#\/schema\/person\/11d941c1c6ca30ac0a46b95fa37aa2e3","name":"edicionweb","image":{"@type":"ImageObject","inLanguage":"es","@id":"https:\/\/secure.gravatar.com\/avatar\/eee448fc3f7164808013b816ba91ac7e43bbe82a70bebac296f8bc6f0addaa1a?s=96&d=mm&r=g","url":"https:\/\/secure.gravatar.com\/avatar\/eee448fc3f7164808013b816ba91ac7e43bbe82a70bebac296f8bc6f0addaa1a?s=96&d=mm&r=g","contentUrl":"https:\/\/secure.gravatar.com\/avatar\/eee448fc3f7164808013b816ba91ac7e43bbe82a70bebac296f8bc6f0addaa1a?s=96&d=mm&r=g","caption":"edicionweb"}}]}},"amp_enabled":true,"cmb2":{"video_ids_in_playlist":{"vid_p_videos":""},"video_ids_in_channel":{"vid_c_videos":""},"playlist_ids_in_channel":{"vid_c_playlists":""},"series_ids_in_channel":{"vid_c_series":""},"channel_images":{"vid_c_logo":"","vid_c_banner":""},"poster_feature_image":{"vid_m_poster_image":""},"gif_feature_image":{"vid_m_gif_image":""},"video_movie_settings":{"vid_m_director":"","vid_m_actor":"","vid_m_imdb_ratings":"","vid_m_amazon_associates":""},"vid_youtube_broadcasts_settings":{"vid_yb_broadcast_title":"","vid_yb_q":"","vid_yb_channelid":"","vid_yb_videocategoryid":"","vid_yb_maxresults":"","vid_yb_order":"","vid_yb_regioncode":"","vid_yb_videosyndicated":"","vid_yb_style":"","vid_yb_reload_first":""},"video_series_settings":{"vid_m_director":"","vid_m_actor":"","vid_m_imdb_ratings":"","video_series_group":""},"amazon_associates_settings":{"amazon_associates":"","amazon_native_ad":""},"vid_youtube_automatic_settings":{"vid_ya_youtube_source":"","vid_ya_update_every":"","vid_ya_update_unit":"","vid_ya_categories":"","vid_ya_published_after":"","vid_ya_published_before":"","vid_ya_playlists":"","vid_ya_channels":"","vid_ya_director":"","vid_ya_actor":"","vid_ya_author":"","vid_ya_import_post_date":"","vid_ya_status":"","vid_ya_sub_api_key":""},"vid_ads_m_videoads_settings_post":{"vid_ads_m_video_ads":"","vid_ads_m_video_ads_type":"","vid_ads_m_group_google_ima":"","vid_ads_m_group_image":"","vid_ads_m_group_html5_video":"","vid_ads_m_group_html":"","vid_ads_m_vast_preroll":"","vid_ads_m_vast_postroll":"","vid_ads_m_vast_pauseroll":"","vid_ads_m_vast_midroll":[{"vid_ads_m_vast_timer_seconds":"50"}],"vid_ads_m_time_to_show_ads":"","vid_ads_m_time_skip_ads":"","vid_ads_m_time_to_hide_ads":""},"page_slider_settings":{"display_slider_group":"","page_slider_group":""},"blog_page_settings":{"blog_page_title":"","blog_page_heading":"","blog_page_ic":"","blog_page_it":"","blog_page_ec":"","blog_page_ip":"","archive_loop_style":"","blog_image_ratio":"","blog_show_categories":"","blog_show_excerpt":"","blog_show_author":"","blog_show_date":"","blog_show_comment_count":"","blog_show_view_count":"","blog_show_like_count":"","blog_show_dislike_count":"","blog_items_per_page":"","blog_pag_type":""},"page_options":{"get_page_template":"","color_mode":"","main_layout":"","main_layout_full_with":"","main_logo":"","main_logo_retina":"","main_logo_mobile":"","main_logo_mobile_retina":"","sticky_logo":"","sticky_logo_retina":"","main_nav_layout":"","ajax_search":"","header_background":"","theme_sidebar":"","instagram_feed":"","instagram_feed_position":"","popular_videos":"","popular_videos_title_1":"","popular_videos_title_2":"","popular_videos_ic":"","popular_videos_it":"","theme_background":"","page_custom_css":""},"feature_image_settings":{"feature_image_position":""},"video_player_settings":{"single_video_style":"","video_player_position":"","vm_video_url":"","video_player_library":"","video_streaming":"","vm_media_sources":"","vid_auto_play":"","vm_video_shortcode":"","vid_p_sync_playlist":"","vid_c_sync_channel":"","get_post_format":"","multiple_links_structure":"default","multi_links_title":"","vm_video_multi_links":"","vm_duration":"","vid_social_locker":"off","vid_social_locker_id":"","vid_membership_action":"content-video","vm_video_trailer_url":"","vid_download_type":"free","vid_download_target":"download","vid_woo_product":"","vm_media_download":"","user_rating":"","user_rating_position":"","user_rating_mode":"","user_rating_multi_sets":""},"video_auto_fetch_settings":{"vm_video_fetch":"on"},"video_fake_views_likes":{"vm_fake_views":"","vm_fake_likes":"","vm_fake_dislikes":""},"gallery_settings":{"gallery_position":""},"quote_settings":{"quote_position":""},"post_options":{"main_layout":"","main_logo":"","main_logo_retina":"","main_logo_mobile":"","main_logo_mobile_retina":"","sticky_logo":"","sticky_logo_retina":"","main_nav_layout":"","header_background":"","theme_sidebar":"","single_post_comment_type":"","theme_background":""}},"_links":{"self":[{"href":"https:\/\/canal7slp.tv\/2019\/wp-json\/wp\/v2\/posts\/18436","targetHints":{"allow":["GET"]}}],"collection":[{"href":"https:\/\/canal7slp.tv\/2019\/wp-json\/wp\/v2\/posts"}],"about":[{"href":"https:\/\/canal7slp.tv\/2019\/wp-json\/wp\/v2\/types\/post"}],"author":[{"embeddable":true,"href":"https:\/\/canal7slp.tv\/2019\/wp-json\/wp\/v2\/users\/2"}],"replies":[{"embeddable":true,"href":"https:\/\/canal7slp.tv\/2019\/wp-json\/wp\/v2\/comments?post=18436"}],"version-history":[{"count":0,"href":"https:\/\/canal7slp.tv\/2019\/wp-json\/wp\/v2\/posts\/18436\/revisions"}],"wp:featuredmedia":[{"embeddable":true,"href":"https:\/\/canal7slp.tv\/2019\/wp-json\/wp\/v2\/media\/18437"}],"wp:attachment":[{"href":"https:\/\/canal7slp.tv\/2019\/wp-json\/wp\/v2\/media?parent=18436"}],"wp:term":[{"taxonomy":"category","embeddable":true,"href":"https:\/\/canal7slp.tv\/2019\/wp-json\/wp\/v2\/categories?post=18436"},{"taxonomy":"post_tag","embeddable":true,"href":"https:\/\/canal7slp.tv\/2019\/wp-json\/wp\/v2\/tags?post=18436"}],"curies":[{"name":"wp","href":"https:\/\/api.w.org\/{rel}","templated":true}]}}