{"id":18369,"date":"2019-06-19T17:36:58","date_gmt":"2019-06-19T22:36:58","guid":{"rendered":"https:\/\/canal7slp.tv\/2019\/?p=18369"},"modified":"2019-06-19T17:36:58","modified_gmt":"2019-06-19T22:36:58","slug":"en-tres-anos-entrega-jm-carreras-637-5-mdp-en-infraestructura-educativa-en-la-capital","status":"publish","type":"post","link":"https:\/\/canal7slp.tv\/2019\/en-tres-anos-entrega-jm-carreras-637-5-mdp-en-infraestructura-educativa-en-la-capital\/","title":{"rendered":"En tres a\u00f1os entrega JM Carreras 637.5 MDP en infraestructura educativa en la capital"},"content":{"rendered":"<ul>\n<li style=\"text-align: justify;\">Mandatario estatal es recibido por B\u00e1rbara Ponce en su casa, quien visitar\u00e1 a sus hijos en los EUA junto con 29 beneficiarios del programa \u201cCoraz\u00f3n Todito\u201d.<\/li>\n<li style=\"text-align: justify;\">Visita proyecto que apoya el Fondo San Luis para la Micro Empresa.<\/li>\n<li style=\"text-align: justify;\">Se realiza la feria de servicios en Villa de Pozos.<\/li>\n<li style=\"text-align: justify;\">Arranca la segunda fase de la campa\u00f1a \u201cPrevenir est\u00e1 Chido\u201d.<\/li>\n<\/ul>\n<p style=\"text-align: justify;\">\n<p style=\"text-align: justify;\">SLP.- Tras la entrega, en m\u00e1s de tres a\u00f1os, de 752 acciones para el fortalecimiento de la infraestructura, equipamiento y rehabilitaci\u00f3n de escuelas en la capital de estado, que representan una inversi\u00f3n de 637.5 millones de pesos, el Gobernador del Estado, Juan Manuel Carreras L\u00f3pez, destac\u00f3 que es fundamental sumar esfuerzos en materia educativa para mejorar las condiciones de las escuelas, para el fortalecimiento de nuestra sociedad y bienestar de las familias potosinas.<\/p>\n<p style=\"text-align: justify;\">\n<p style=\"text-align: justify;\">Durante una gira de trabajo en compa\u00f1\u00eda del Presidente Municipal de San Luis Potos\u00ed, Xavier Nava Palacios, sostuvo un encuentro con B\u00e1rbara Ponce, beneficiaria del programa \u201cCoraz\u00f3n Todito\u201d que visitar\u00e1, junto a 28 personas m\u00e1s, a sus hijos que radican en Estados Unidos y que no han visto f\u00edsicamente en muchos A\u00f1os, donde se dio a conocer que el Programa busca la Reunificaci\u00f3n Familiar de Adultos Mayores a trav\u00e9s del Instituto de Migraci\u00f3n y Enlace Internacional, que tiene como objetivo que paisanos que radican en los Estados Unidos puedan ser visitados por sus padre o madres que viven en San Luis Potos\u00ed.<\/p>\n<p style=\"text-align: justify;\">\n<p style=\"text-align: justify;\">La beneficiaria forma parte de un grupo de 29 personas adultas mayores a quienes se les brind\u00f3 acompa\u00f1amiento para tramitar su visa, en el Instituto de Migraci\u00f3n y Enlace Internacional (IMEI), a trav\u00e9s del programa creado por el gobierno estatal y el consulado general de M\u00e9xico en Dallas. EL pr\u00f3ximo 30 de junio, el Instituto, acompa\u00f1ar\u00e1 al grupo a Houston, Texas, para reencontrarse con sus familiares radicados en Estados Unidos.<\/p>\n<p style=\"text-align: justify;\">\nLa se\u00f1ora B\u00e1rbara Ponce y sus hijas agradecieron al gobernador por ayudarla a obtener su visa, ya que tiene 21 a\u00f1os sin ver a sus tres hijos, quienes emigraron a Estados Unidos, y no han podido visitarla debido a su situaci\u00f3n migratoria. \u201cMe hace muy feliz poder abrazar a mis hijos, se\u00f1or gobernador y gracias por este programa que es muy humanitario y de verdad acerca corazones\u201d.<\/p>\n<p style=\"text-align: justify;\">\n<p style=\"text-align: justify;\">Al iniciar esta gira de trabajo, Carreras L\u00f3pez entreg\u00f3 un aula de usos m\u00faltiples, did\u00e1ctica y biblioteca en el jard\u00edn de ni\u00f1os \u201cAnastacia Lim\u00f3n Lara\u201d de la colonia Mercedes, adem\u00e1s, ductos para instalaci\u00f3n telef\u00f3nica y rampas para personas con discapacidad, con recursos del programa Escuelas al CIEN, acciones que benefician a 129 alumnos y alumnas.<\/p>\n<p style=\"text-align: justify;\">\n<p style=\"text-align: justify;\">En la Escuela Primaria \u201cRafael Ram\u00edrez\u201d, de la delegaci\u00f3n de Villa de Pozos, se entregaron tres aulas did\u00e1cticas, un m\u00f3dulo de servicios sanitarios, direcci\u00f3n en estructura regional y se dot\u00f3 de tres lotes de mobiliario.<\/p>\n<p style=\"text-align: justify;\">\n<p style=\"text-align: justify;\">Aqu\u00ed, el Secretario de Educaci\u00f3n, Joel Ram\u00edrez D\u00edaz dijo que: \u201cdurante la administraci\u00f3n del Gobernador del Estado, en San Luis Potos\u00ed capital, se han aplicado 637.5 millones de pesos estatales para realizar 489 obras y equipamientos en 263 de las 728 escuelas de b\u00e1sica, media superior y superior, m\u00e1s una inversi\u00f3n municipal de 27.8 millones de pesos, que representan un impacto de m\u00e1s de 665 millones de pesos\u201d.<\/p>\n<p style=\"text-align: justify;\">\n<p style=\"text-align: justify;\">Posteriormente Carreras L\u00f3pez, inaugur\u00f3 la primera etapa del edificio con 2 aulas did\u00e1cticas, m\u00f3dulo de servicios sanitarios y obras exteriores en el Colegio de Estudios Cient\u00edficos y Tecnol\u00f3gicos (CECyTE) XII, del fraccionamiento Santa B\u00e1rbara, obras que impactan a 300 alumnos y alumnas.<\/p>\n<p style=\"text-align: justify;\">\n<p style=\"text-align: justify;\">En la secundaria general Aurelio Manrique de Laguna de Santa Rita, Carreras L\u00f3pez, implement\u00f3 el programa \u201cPrevenir Est\u00e1 Chido\u201d del Instituto Potosino de la Juventud (INJUVE), que busca orientar a las y los adolescentes potosinos para una correcta toma de decisiones en esta etapa de sus vidas.<\/p>\n<p style=\"text-align: justify;\">\n<p style=\"text-align: justify;\">Adem\u00e1s, en la parte posterior del plantel, se aplic\u00f3 el programa Ench\u00falame tu Barrio, con acciones encaminadas a rescatar espacios p\u00fablicos con su embellecimiento y adecuaci\u00f3n para diversas actividades, tanto deportivas como culturales.<\/p>\n<p style=\"text-align: justify;\">\n<p style=\"text-align: justify;\">En la plaza principal de Villa de Pozos visit\u00f3 la Feria de Servicios del Gobierno del Estado, en la que realiz\u00f3 un recorrido por los stands donde se brinda informaci\u00f3n a la poblaci\u00f3n sobre salud, protecci\u00f3n de ni\u00f1as, ni\u00f1os y adolescentes, auto producci\u00f3n de alimentos, defensa de personas mayores, atenci\u00f3n de adicciones, la campa\u00f1a #MenosPlastico de la Secretar\u00eda de Ecolog\u00eda y Gesti\u00f3n Ambiental (SEGAM) y el m\u00f3dulo del Registro Civil.<\/p>\n<p style=\"text-align: justify;\">\n<p style=\"text-align: justify;\">Finalmente sostuvo un encuentro con \u00c1lvaro Crist\u00f3bal Aguirre y Claudia Elodia Rojas Garc\u00eda, propietarios de la empresa \u201cCarrocer\u00edas Aguirre\u201d, empresa exitosa \u201cCarrocer\u00edas Aguirre\u201d, apoyada por el Fondo San Luis para la Microempresa del Sistema de Financiamiento para el Desarrollo del Estado.<\/p>\n<p style=\"text-align: justify;\">\n<p style=\"text-align: justify;\">Estuvieron presentes Alberto El\u00edas S\u00e1nchez, Secretario de Desarrollo Social y Regional; Georgina Silva Barrag\u00e1n, Directora General del IEIFE; Griselda \u00c1lvarez Oliveros, Directora General del SEER; Enrique Malacara Mart\u00ednez, Director General del IMEI; Christian Meade Hervert, Coordinador General del SIFIDE y Luis Fernando Alonso Molina, Director General del INPOJUVE.<\/p>\n","protected":false},"excerpt":{"rendered":"<p>Mandatario estatal es recibido por B\u00e1rbara Ponce en su casa, quien visitar\u00e1 a sus hijos en los EUA junto con 29 beneficiarios del programa \u201cCoraz\u00f3n Todito\u201d. Visita proyecto que apoya el Fondo San Luis para la Micro Empresa. Se realiza la feria de servicios en Villa de Pozos. Arranca la segunda fase de la campa\u00f1a [&hellip;]<\/p>\n","protected":false},"author":2,"featured_media":18371,"comment_status":"open","ping_status":"closed","sticky":false,"template":"","format":"standard","meta":{"footnotes":""},"categories":[17],"tags":[],"class_list":["post-18369","post","type-post","status-publish","format-standard","has-post-thumbnail","hentry","category-localesyregionales"],"yoast_head":"<!-- This site is optimized with the Yoast SEO plugin v27.5 - https:\/\/yoast.com\/product\/yoast-seo-wordpress\/ -->\n<title>En tres a\u00f1os entrega JM Carreras 637.5 MDP en infraestructura educativa en la capital - Canal 7 SLP - 2019<\/title>\n<meta name=\"robots\" content=\"index, follow, max-snippet:-1, max-image-preview:large, max-video-preview:-1\" \/>\n<link rel=\"canonical\" href=\"https:\/\/canal7slp.tv\/2019\/en-tres-anos-entrega-jm-carreras-637-5-mdp-en-infraestructura-educativa-en-la-capital\/\" \/>\n<meta property=\"og:locale\" content=\"es_ES\" \/>\n<meta property=\"og:type\" content=\"article\" \/>\n<meta property=\"og:title\" content=\"En tres a\u00f1os entrega JM Carreras 637.5 MDP en infraestructura educativa en la capital - Canal 7 SLP - 2019\" \/>\n<meta property=\"og:description\" content=\"Mandatario estatal es recibido por B\u00e1rbara Ponce en su casa, quien visitar\u00e1 a sus hijos en los EUA junto con 29 beneficiarios del programa \u201cCoraz\u00f3n Todito\u201d. Visita proyecto que apoya el Fondo San Luis para la Micro Empresa. Se realiza la feria de servicios en Villa de Pozos. Arranca la segunda fase de la campa\u00f1a [&hellip;]\" \/>\n<meta property=\"og:url\" content=\"https:\/\/canal7slp.tv\/2019\/en-tres-anos-entrega-jm-carreras-637-5-mdp-en-infraestructura-educativa-en-la-capital\/\" \/>\n<meta property=\"og:site_name\" content=\"Canal 7 SLP - 2019\" \/>\n<meta property=\"article:publisher\" content=\"https:\/\/www.facebook.com\/CANAL7SLP\/\" \/>\n<meta property=\"article:published_time\" content=\"2019-06-19T22:36:58+00:00\" \/>\n<meta property=\"og:image\" content=\"https:\/\/canal7slp.tv\/2019\/wp-content\/uploads\/2019\/06\/gobiernojmc.jpg\" \/>\n\t<meta property=\"og:image:width\" content=\"750\" \/>\n\t<meta property=\"og:image:height\" content=\"478\" \/>\n\t<meta property=\"og:image:type\" content=\"image\/jpeg\" \/>\n<meta name=\"author\" content=\"edicionweb\" \/>\n<meta name=\"twitter:card\" content=\"summary_large_image\" \/>\n<meta name=\"twitter:creator\" content=\"@canal7_slp\" \/>\n<meta name=\"twitter:site\" content=\"@canal7_slp\" \/>\n<meta name=\"twitter:label1\" content=\"Escrito por\" \/>\n\t<meta name=\"twitter:data1\" content=\"edicionweb\" \/>\n\t<meta name=\"twitter:label2\" content=\"Tiempo de lectura\" \/>\n\t<meta name=\"twitter:data2\" content=\"4 minutos\" \/>\n<script type=\"application\/ld+json\" class=\"yoast-schema-graph\">{\"@context\":\"https:\\\/\\\/schema.org\",\"@graph\":[{\"@type\":\"Article\",\"@id\":\"https:\\\/\\\/canal7slp.tv\\\/2019\\\/en-tres-anos-entrega-jm-carreras-637-5-mdp-en-infraestructura-educativa-en-la-capital\\\/#article\",\"isPartOf\":{\"@id\":\"https:\\\/\\\/canal7slp.tv\\\/2019\\\/en-tres-anos-entrega-jm-carreras-637-5-mdp-en-infraestructura-educativa-en-la-capital\\\/\"},\"author\":{\"name\":\"edicionweb\",\"@id\":\"https:\\\/\\\/canal7slp.tv\\\/2019\\\/#\\\/schema\\\/person\\\/11d941c1c6ca30ac0a46b95fa37aa2e3\"},\"headline\":\"En tres a\u00f1os entrega JM Carreras 637.5 MDP en infraestructura educativa en la capital\",\"datePublished\":\"2019-06-19T22:36:58+00:00\",\"mainEntityOfPage\":{\"@id\":\"https:\\\/\\\/canal7slp.tv\\\/2019\\\/en-tres-anos-entrega-jm-carreras-637-5-mdp-en-infraestructura-educativa-en-la-capital\\\/\"},\"wordCount\":889,\"commentCount\":0,\"publisher\":{\"@id\":\"https:\\\/\\\/canal7slp.tv\\\/2019\\\/#organization\"},\"image\":{\"@id\":\"https:\\\/\\\/canal7slp.tv\\\/2019\\\/en-tres-anos-entrega-jm-carreras-637-5-mdp-en-infraestructura-educativa-en-la-capital\\\/#primaryimage\"},\"thumbnailUrl\":\"https:\\\/\\\/canal7slp.tv\\\/2019\\\/wp-content\\\/uploads\\\/2019\\\/06\\\/gobiernojmc.jpg\",\"articleSection\":[\"LOCALES Y REGIONALES\"],\"inLanguage\":\"es\",\"potentialAction\":[{\"@type\":\"CommentAction\",\"name\":\"Comment\",\"target\":[\"https:\\\/\\\/canal7slp.tv\\\/2019\\\/en-tres-anos-entrega-jm-carreras-637-5-mdp-en-infraestructura-educativa-en-la-capital\\\/#respond\"]}]},{\"@type\":\"WebPage\",\"@id\":\"https:\\\/\\\/canal7slp.tv\\\/2019\\\/en-tres-anos-entrega-jm-carreras-637-5-mdp-en-infraestructura-educativa-en-la-capital\\\/\",\"url\":\"https:\\\/\\\/canal7slp.tv\\\/2019\\\/en-tres-anos-entrega-jm-carreras-637-5-mdp-en-infraestructura-educativa-en-la-capital\\\/\",\"name\":\"En tres a\u00f1os entrega JM Carreras 637.5 MDP en infraestructura educativa en la capital - Canal 7 SLP - 2019\",\"isPartOf\":{\"@id\":\"https:\\\/\\\/canal7slp.tv\\\/2019\\\/#website\"},\"primaryImageOfPage\":{\"@id\":\"https:\\\/\\\/canal7slp.tv\\\/2019\\\/en-tres-anos-entrega-jm-carreras-637-5-mdp-en-infraestructura-educativa-en-la-capital\\\/#primaryimage\"},\"image\":{\"@id\":\"https:\\\/\\\/canal7slp.tv\\\/2019\\\/en-tres-anos-entrega-jm-carreras-637-5-mdp-en-infraestructura-educativa-en-la-capital\\\/#primaryimage\"},\"thumbnailUrl\":\"https:\\\/\\\/canal7slp.tv\\\/2019\\\/wp-content\\\/uploads\\\/2019\\\/06\\\/gobiernojmc.jpg\",\"datePublished\":\"2019-06-19T22:36:58+00:00\",\"breadcrumb\":{\"@id\":\"https:\\\/\\\/canal7slp.tv\\\/2019\\\/en-tres-anos-entrega-jm-carreras-637-5-mdp-en-infraestructura-educativa-en-la-capital\\\/#breadcrumb\"},\"inLanguage\":\"es\",\"potentialAction\":[{\"@type\":\"ReadAction\",\"target\":[\"https:\\\/\\\/canal7slp.tv\\\/2019\\\/en-tres-anos-entrega-jm-carreras-637-5-mdp-en-infraestructura-educativa-en-la-capital\\\/\"]}]},{\"@type\":\"ImageObject\",\"inLanguage\":\"es\",\"@id\":\"https:\\\/\\\/canal7slp.tv\\\/2019\\\/en-tres-anos-entrega-jm-carreras-637-5-mdp-en-infraestructura-educativa-en-la-capital\\\/#primaryimage\",\"url\":\"https:\\\/\\\/canal7slp.tv\\\/2019\\\/wp-content\\\/uploads\\\/2019\\\/06\\\/gobiernojmc.jpg\",\"contentUrl\":\"https:\\\/\\\/canal7slp.tv\\\/2019\\\/wp-content\\\/uploads\\\/2019\\\/06\\\/gobiernojmc.jpg\",\"width\":750,\"height\":478},{\"@type\":\"BreadcrumbList\",\"@id\":\"https:\\\/\\\/canal7slp.tv\\\/2019\\\/en-tres-anos-entrega-jm-carreras-637-5-mdp-en-infraestructura-educativa-en-la-capital\\\/#breadcrumb\",\"itemListElement\":[{\"@type\":\"ListItem\",\"position\":1,\"name\":\"Home\",\"item\":\"https:\\\/\\\/canal7slp.tv\\\/2019\\\/\"},{\"@type\":\"ListItem\",\"position\":2,\"name\":\"En tres a\u00f1os entrega JM Carreras 637.5 MDP en infraestructura educativa en la capital\"}]},{\"@type\":\"WebSite\",\"@id\":\"https:\\\/\\\/canal7slp.tv\\\/2019\\\/#website\",\"url\":\"https:\\\/\\\/canal7slp.tv\\\/2019\\\/\",\"name\":\"Canal 7 SLP - Somos TV\",\"description\":\"Somos un Canal de 10\",\"publisher\":{\"@id\":\"https:\\\/\\\/canal7slp.tv\\\/2019\\\/#organization\"},\"potentialAction\":[{\"@type\":\"SearchAction\",\"target\":{\"@type\":\"EntryPoint\",\"urlTemplate\":\"https:\\\/\\\/canal7slp.tv\\\/2019\\\/?s={search_term_string}\"},\"query-input\":{\"@type\":\"PropertyValueSpecification\",\"valueRequired\":true,\"valueName\":\"search_term_string\"}}],\"inLanguage\":\"es\"},{\"@type\":\"Organization\",\"@id\":\"https:\\\/\\\/canal7slp.tv\\\/2019\\\/#organization\",\"name\":\"Comunicaci\u00f3n 2000 S.A. de C.V.\",\"url\":\"https:\\\/\\\/canal7slp.tv\\\/2019\\\/\",\"logo\":{\"@type\":\"ImageObject\",\"inLanguage\":\"es\",\"@id\":\"https:\\\/\\\/canal7slp.tv\\\/2019\\\/#\\\/schema\\\/logo\\\/image\\\/\",\"url\":\"https:\\\/\\\/canal7slp.tv\\\/2019\\\/wp-content\\\/uploads\\\/2019\\\/07\\\/logo-c7.png\",\"contentUrl\":\"https:\\\/\\\/canal7slp.tv\\\/2019\\\/wp-content\\\/uploads\\\/2019\\\/07\\\/logo-c7.png\",\"width\":220,\"height\":60,\"caption\":\"Comunicaci\u00f3n 2000 S.A. de C.V.\"},\"image\":{\"@id\":\"https:\\\/\\\/canal7slp.tv\\\/2019\\\/#\\\/schema\\\/logo\\\/image\\\/\"},\"sameAs\":[\"https:\\\/\\\/www.facebook.com\\\/CANAL7SLP\\\/\",\"https:\\\/\\\/x.com\\\/canal7_slp\",\"https:\\\/\\\/www.instagram.com\\\/canal7_slp\",\"https:\\\/\\\/www.youtube.com\\\/user\\\/NOTICIEROSCANAL7SLP\\\/\"]},{\"@type\":\"Person\",\"@id\":\"https:\\\/\\\/canal7slp.tv\\\/2019\\\/#\\\/schema\\\/person\\\/11d941c1c6ca30ac0a46b95fa37aa2e3\",\"name\":\"edicionweb\",\"image\":{\"@type\":\"ImageObject\",\"inLanguage\":\"es\",\"@id\":\"https:\\\/\\\/secure.gravatar.com\\\/avatar\\\/eee448fc3f7164808013b816ba91ac7e43bbe82a70bebac296f8bc6f0addaa1a?s=96&d=mm&r=g\",\"url\":\"https:\\\/\\\/secure.gravatar.com\\\/avatar\\\/eee448fc3f7164808013b816ba91ac7e43bbe82a70bebac296f8bc6f0addaa1a?s=96&d=mm&r=g\",\"contentUrl\":\"https:\\\/\\\/secure.gravatar.com\\\/avatar\\\/eee448fc3f7164808013b816ba91ac7e43bbe82a70bebac296f8bc6f0addaa1a?s=96&d=mm&r=g\",\"caption\":\"edicionweb\"}}]}<\/script>\n<!-- \/ Yoast SEO plugin. -->","yoast_head_json":{"title":"En tres a\u00f1os entrega JM Carreras 637.5 MDP en infraestructura educativa en la capital - Canal 7 SLP - 2019","robots":{"index":"index","follow":"follow","max-snippet":"max-snippet:-1","max-image-preview":"max-image-preview:large","max-video-preview":"max-video-preview:-1"},"canonical":"https:\/\/canal7slp.tv\/2019\/en-tres-anos-entrega-jm-carreras-637-5-mdp-en-infraestructura-educativa-en-la-capital\/","og_locale":"es_ES","og_type":"article","og_title":"En tres a\u00f1os entrega JM Carreras 637.5 MDP en infraestructura educativa en la capital - Canal 7 SLP - 2019","og_description":"Mandatario estatal es recibido por B\u00e1rbara Ponce en su casa, quien visitar\u00e1 a sus hijos en los EUA junto con 29 beneficiarios del programa \u201cCoraz\u00f3n Todito\u201d. Visita proyecto que apoya el Fondo San Luis para la Micro Empresa. Se realiza la feria de servicios en Villa de Pozos. Arranca la segunda fase de la campa\u00f1a [&hellip;]","og_url":"https:\/\/canal7slp.tv\/2019\/en-tres-anos-entrega-jm-carreras-637-5-mdp-en-infraestructura-educativa-en-la-capital\/","og_site_name":"Canal 7 SLP - 2019","article_publisher":"https:\/\/www.facebook.com\/CANAL7SLP\/","article_published_time":"2019-06-19T22:36:58+00:00","og_image":[{"width":750,"height":478,"url":"https:\/\/canal7slp.tv\/2019\/wp-content\/uploads\/2019\/06\/gobiernojmc.jpg","type":"image\/jpeg"}],"author":"edicionweb","twitter_card":"summary_large_image","twitter_creator":"@canal7_slp","twitter_site":"@canal7_slp","twitter_misc":{"Escrito por":"edicionweb","Tiempo de lectura":"4 minutos"},"schema":{"@context":"https:\/\/schema.org","@graph":[{"@type":"Article","@id":"https:\/\/canal7slp.tv\/2019\/en-tres-anos-entrega-jm-carreras-637-5-mdp-en-infraestructura-educativa-en-la-capital\/#article","isPartOf":{"@id":"https:\/\/canal7slp.tv\/2019\/en-tres-anos-entrega-jm-carreras-637-5-mdp-en-infraestructura-educativa-en-la-capital\/"},"author":{"name":"edicionweb","@id":"https:\/\/canal7slp.tv\/2019\/#\/schema\/person\/11d941c1c6ca30ac0a46b95fa37aa2e3"},"headline":"En tres a\u00f1os entrega JM Carreras 637.5 MDP en infraestructura educativa en la capital","datePublished":"2019-06-19T22:36:58+00:00","mainEntityOfPage":{"@id":"https:\/\/canal7slp.tv\/2019\/en-tres-anos-entrega-jm-carreras-637-5-mdp-en-infraestructura-educativa-en-la-capital\/"},"wordCount":889,"commentCount":0,"publisher":{"@id":"https:\/\/canal7slp.tv\/2019\/#organization"},"image":{"@id":"https:\/\/canal7slp.tv\/2019\/en-tres-anos-entrega-jm-carreras-637-5-mdp-en-infraestructura-educativa-en-la-capital\/#primaryimage"},"thumbnailUrl":"https:\/\/canal7slp.tv\/2019\/wp-content\/uploads\/2019\/06\/gobiernojmc.jpg","articleSection":["LOCALES Y REGIONALES"],"inLanguage":"es","potentialAction":[{"@type":"CommentAction","name":"Comment","target":["https:\/\/canal7slp.tv\/2019\/en-tres-anos-entrega-jm-carreras-637-5-mdp-en-infraestructura-educativa-en-la-capital\/#respond"]}]},{"@type":"WebPage","@id":"https:\/\/canal7slp.tv\/2019\/en-tres-anos-entrega-jm-carreras-637-5-mdp-en-infraestructura-educativa-en-la-capital\/","url":"https:\/\/canal7slp.tv\/2019\/en-tres-anos-entrega-jm-carreras-637-5-mdp-en-infraestructura-educativa-en-la-capital\/","name":"En tres a\u00f1os entrega JM Carreras 637.5 MDP en infraestructura educativa en la capital - Canal 7 SLP - 2019","isPartOf":{"@id":"https:\/\/canal7slp.tv\/2019\/#website"},"primaryImageOfPage":{"@id":"https:\/\/canal7slp.tv\/2019\/en-tres-anos-entrega-jm-carreras-637-5-mdp-en-infraestructura-educativa-en-la-capital\/#primaryimage"},"image":{"@id":"https:\/\/canal7slp.tv\/2019\/en-tres-anos-entrega-jm-carreras-637-5-mdp-en-infraestructura-educativa-en-la-capital\/#primaryimage"},"thumbnailUrl":"https:\/\/canal7slp.tv\/2019\/wp-content\/uploads\/2019\/06\/gobiernojmc.jpg","datePublished":"2019-06-19T22:36:58+00:00","breadcrumb":{"@id":"https:\/\/canal7slp.tv\/2019\/en-tres-anos-entrega-jm-carreras-637-5-mdp-en-infraestructura-educativa-en-la-capital\/#breadcrumb"},"inLanguage":"es","potentialAction":[{"@type":"ReadAction","target":["https:\/\/canal7slp.tv\/2019\/en-tres-anos-entrega-jm-carreras-637-5-mdp-en-infraestructura-educativa-en-la-capital\/"]}]},{"@type":"ImageObject","inLanguage":"es","@id":"https:\/\/canal7slp.tv\/2019\/en-tres-anos-entrega-jm-carreras-637-5-mdp-en-infraestructura-educativa-en-la-capital\/#primaryimage","url":"https:\/\/canal7slp.tv\/2019\/wp-content\/uploads\/2019\/06\/gobiernojmc.jpg","contentUrl":"https:\/\/canal7slp.tv\/2019\/wp-content\/uploads\/2019\/06\/gobiernojmc.jpg","width":750,"height":478},{"@type":"BreadcrumbList","@id":"https:\/\/canal7slp.tv\/2019\/en-tres-anos-entrega-jm-carreras-637-5-mdp-en-infraestructura-educativa-en-la-capital\/#breadcrumb","itemListElement":[{"@type":"ListItem","position":1,"name":"Home","item":"https:\/\/canal7slp.tv\/2019\/"},{"@type":"ListItem","position":2,"name":"En tres a\u00f1os entrega JM Carreras 637.5 MDP en infraestructura educativa en la capital"}]},{"@type":"WebSite","@id":"https:\/\/canal7slp.tv\/2019\/#website","url":"https:\/\/canal7slp.tv\/2019\/","name":"Canal 7 SLP - Somos TV","description":"Somos un Canal de 10","publisher":{"@id":"https:\/\/canal7slp.tv\/2019\/#organization"},"potentialAction":[{"@type":"SearchAction","target":{"@type":"EntryPoint","urlTemplate":"https:\/\/canal7slp.tv\/2019\/?s={search_term_string}"},"query-input":{"@type":"PropertyValueSpecification","valueRequired":true,"valueName":"search_term_string"}}],"inLanguage":"es"},{"@type":"Organization","@id":"https:\/\/canal7slp.tv\/2019\/#organization","name":"Comunicaci\u00f3n 2000 S.A. de C.V.","url":"https:\/\/canal7slp.tv\/2019\/","logo":{"@type":"ImageObject","inLanguage":"es","@id":"https:\/\/canal7slp.tv\/2019\/#\/schema\/logo\/image\/","url":"https:\/\/canal7slp.tv\/2019\/wp-content\/uploads\/2019\/07\/logo-c7.png","contentUrl":"https:\/\/canal7slp.tv\/2019\/wp-content\/uploads\/2019\/07\/logo-c7.png","width":220,"height":60,"caption":"Comunicaci\u00f3n 2000 S.A. de C.V."},"image":{"@id":"https:\/\/canal7slp.tv\/2019\/#\/schema\/logo\/image\/"},"sameAs":["https:\/\/www.facebook.com\/CANAL7SLP\/","https:\/\/x.com\/canal7_slp","https:\/\/www.instagram.com\/canal7_slp","https:\/\/www.youtube.com\/user\/NOTICIEROSCANAL7SLP\/"]},{"@type":"Person","@id":"https:\/\/canal7slp.tv\/2019\/#\/schema\/person\/11d941c1c6ca30ac0a46b95fa37aa2e3","name":"edicionweb","image":{"@type":"ImageObject","inLanguage":"es","@id":"https:\/\/secure.gravatar.com\/avatar\/eee448fc3f7164808013b816ba91ac7e43bbe82a70bebac296f8bc6f0addaa1a?s=96&d=mm&r=g","url":"https:\/\/secure.gravatar.com\/avatar\/eee448fc3f7164808013b816ba91ac7e43bbe82a70bebac296f8bc6f0addaa1a?s=96&d=mm&r=g","contentUrl":"https:\/\/secure.gravatar.com\/avatar\/eee448fc3f7164808013b816ba91ac7e43bbe82a70bebac296f8bc6f0addaa1a?s=96&d=mm&r=g","caption":"edicionweb"}}]}},"amp_enabled":true,"cmb2":{"video_ids_in_playlist":{"vid_p_videos":""},"video_ids_in_channel":{"vid_c_videos":""},"playlist_ids_in_channel":{"vid_c_playlists":""},"series_ids_in_channel":{"vid_c_series":""},"channel_images":{"vid_c_logo":"","vid_c_banner":""},"poster_feature_image":{"vid_m_poster_image":""},"gif_feature_image":{"vid_m_gif_image":""},"video_movie_settings":{"vid_m_director":"","vid_m_actor":"","vid_m_imdb_ratings":"","vid_m_amazon_associates":""},"vid_youtube_broadcasts_settings":{"vid_yb_broadcast_title":"","vid_yb_q":"","vid_yb_channelid":"","vid_yb_videocategoryid":"","vid_yb_maxresults":"","vid_yb_order":"","vid_yb_regioncode":"","vid_yb_videosyndicated":"","vid_yb_style":"","vid_yb_reload_first":""},"video_series_settings":{"vid_m_director":"","vid_m_actor":"","vid_m_imdb_ratings":"","video_series_group":""},"amazon_associates_settings":{"amazon_associates":"","amazon_native_ad":""},"vid_youtube_automatic_settings":{"vid_ya_youtube_source":"","vid_ya_update_every":"","vid_ya_update_unit":"","vid_ya_categories":"","vid_ya_published_after":"","vid_ya_published_before":"","vid_ya_playlists":"","vid_ya_channels":"","vid_ya_director":"","vid_ya_actor":"","vid_ya_author":"","vid_ya_import_post_date":"","vid_ya_status":"","vid_ya_sub_api_key":""},"vid_ads_m_videoads_settings_post":{"vid_ads_m_video_ads":"","vid_ads_m_video_ads_type":"","vid_ads_m_group_google_ima":"","vid_ads_m_group_image":"","vid_ads_m_group_html5_video":"","vid_ads_m_group_html":"","vid_ads_m_vast_preroll":"","vid_ads_m_vast_postroll":"","vid_ads_m_vast_pauseroll":"","vid_ads_m_vast_midroll":[{"vid_ads_m_vast_timer_seconds":"50"}],"vid_ads_m_time_to_show_ads":"","vid_ads_m_time_skip_ads":"","vid_ads_m_time_to_hide_ads":""},"page_slider_settings":{"display_slider_group":"","page_slider_group":""},"blog_page_settings":{"blog_page_title":"","blog_page_heading":"","blog_page_ic":"","blog_page_it":"","blog_page_ec":"","blog_page_ip":"","archive_loop_style":"","blog_image_ratio":"","blog_show_categories":"","blog_show_excerpt":"","blog_show_author":"","blog_show_date":"","blog_show_comment_count":"","blog_show_view_count":"","blog_show_like_count":"","blog_show_dislike_count":"","blog_items_per_page":"","blog_pag_type":""},"page_options":{"get_page_template":"","color_mode":"","main_layout":"","main_layout_full_with":"","main_logo":"","main_logo_retina":"","main_logo_mobile":"","main_logo_mobile_retina":"","sticky_logo":"","sticky_logo_retina":"","main_nav_layout":"","ajax_search":"","header_background":"","theme_sidebar":"","instagram_feed":"","instagram_feed_position":"","popular_videos":"","popular_videos_title_1":"","popular_videos_title_2":"","popular_videos_ic":"","popular_videos_it":"","theme_background":"","page_custom_css":""},"feature_image_settings":{"feature_image_position":""},"video_player_settings":{"single_video_style":"","video_player_position":"","vm_video_url":"","video_player_library":"","video_streaming":"","vm_media_sources":"","vid_auto_play":"","vm_video_shortcode":"","vid_p_sync_playlist":"","vid_c_sync_channel":"","get_post_format":"","multiple_links_structure":"default","multi_links_title":"","vm_video_multi_links":"","vm_duration":"","vid_social_locker":"off","vid_social_locker_id":"","vid_membership_action":"content-video","vm_video_trailer_url":"","vid_download_type":"free","vid_download_target":"download","vid_woo_product":"","vm_media_download":"","user_rating":"","user_rating_position":"","user_rating_mode":"","user_rating_multi_sets":""},"video_auto_fetch_settings":{"vm_video_fetch":"on"},"video_fake_views_likes":{"vm_fake_views":"","vm_fake_likes":"","vm_fake_dislikes":""},"gallery_settings":{"gallery_position":""},"quote_settings":{"quote_position":""},"post_options":{"main_layout":"","main_logo":"","main_logo_retina":"","main_logo_mobile":"","main_logo_mobile_retina":"","sticky_logo":"","sticky_logo_retina":"","main_nav_layout":"","header_background":"","theme_sidebar":"","single_post_comment_type":"","theme_background":""}},"_links":{"self":[{"href":"https:\/\/canal7slp.tv\/2019\/wp-json\/wp\/v2\/posts\/18369","targetHints":{"allow":["GET"]}}],"collection":[{"href":"https:\/\/canal7slp.tv\/2019\/wp-json\/wp\/v2\/posts"}],"about":[{"href":"https:\/\/canal7slp.tv\/2019\/wp-json\/wp\/v2\/types\/post"}],"author":[{"embeddable":true,"href":"https:\/\/canal7slp.tv\/2019\/wp-json\/wp\/v2\/users\/2"}],"replies":[{"embeddable":true,"href":"https:\/\/canal7slp.tv\/2019\/wp-json\/wp\/v2\/comments?post=18369"}],"version-history":[{"count":0,"href":"https:\/\/canal7slp.tv\/2019\/wp-json\/wp\/v2\/posts\/18369\/revisions"}],"wp:featuredmedia":[{"embeddable":true,"href":"https:\/\/canal7slp.tv\/2019\/wp-json\/wp\/v2\/media\/18371"}],"wp:attachment":[{"href":"https:\/\/canal7slp.tv\/2019\/wp-json\/wp\/v2\/media?parent=18369"}],"wp:term":[{"taxonomy":"category","embeddable":true,"href":"https:\/\/canal7slp.tv\/2019\/wp-json\/wp\/v2\/categories?post=18369"},{"taxonomy":"post_tag","embeddable":true,"href":"https:\/\/canal7slp.tv\/2019\/wp-json\/wp\/v2\/tags?post=18369"}],"curies":[{"name":"wp","href":"https:\/\/api.w.org\/{rel}","templated":true}]}}