{"id":17924,"date":"2019-06-19T11:51:24","date_gmt":"2019-06-19T16:51:24","guid":{"rendered":"https:\/\/canal7slp.tv\/2019\/?p=17924"},"modified":"2019-06-19T11:51:24","modified_gmt":"2019-06-19T16:51:24","slug":"china-recicla-195-mil-bicicletas-de-uso-compartido","status":"publish","type":"post","link":"https:\/\/canal7slp.tv\/2019\/china-recicla-195-mil-bicicletas-de-uso-compartido\/","title":{"rendered":"China recicla 195 mil bicicletas de uso compartido"},"content":{"rendered":"<p style=\"text-align: justify;\">Beijing.- El uso de las bicicletas compartidas en las grandes ciudades como Beijing, han resuelto algunos problemas de movilidad y contaminaci\u00f3n, sin embargo se enfrentan al aparcamiento desordenado, por lo que la ciudad china puso en marcha una campa\u00f1a para reciclar esos veh\u00edculos.<\/p>\n<p style=\"text-align: justify;\">Durante un mes, Beijing recicl\u00f3 195 mil bicicletas compartidas que se encontraban rotas o abandonadas, con la finalidad de regular a ese sector en la ciudad, inform\u00f3 la Comisi\u00f3n Municipal de Transportes.<\/p>\n<p style=\"text-align: justify;\">\u201cLas compa\u00f1\u00edas de bicicletas compartidas enviaron cada d\u00eda de la campa\u00f1a, iniciada el 13 de mayo, a m\u00e1s de dos mil empleados y unos mil 660 veh\u00edculos de mantenimiento para terminar la tarea\u201d, indic\u00f3 la Comisi\u00f3n.<\/p>\n<p style=\"text-align: justify;\">Apunt\u00f3 que \u201cvarios distritos de la ciudad mandaron m\u00e1s de 13 mil inspectores a m\u00e1s de 18 mil \u00e1reas con gran presencia de bicicletas, como estaciones de metro y zonas empresariales\u201d, de acuerdo con un reporte de la agencia local de noticias Xinhua.<\/p>\n<p style=\"text-align: justify;\">La Comisi\u00f3n a\u00f1adi\u00f3 que en la actualidad se aparcan en hora pico 85 mil bicicletas en las inmediaciones de las estaciones del metro de Beijing, 45 mil menos que antes de la campa\u00f1a. \u201cA pesar del descenso, los viajes en bicicletas compartidas se han incrementado y el uso de las mismas se ha vuelto m\u00e1s eficiente\u201d.<\/p>\n<p style=\"text-align: justify;\">La ciudad china, considerada como una de las m\u00e1s contaminadas, seg\u00fan datos oficiales, cuenta con m\u00e1s de 1.9 millones de bicicletas compartidas y m\u00e1s de mil 14 kil\u00f3metros de carriles para ciclistas y peatones, y para el 2020 se espera que la cifra sea de tres mil 200 kilometros de ciclopistas y reducir con ello tambi\u00e9n el tr\u00e1fico vehicular.<\/p>\n<p style=\"text-align: justify;\">Las bicicletas compartidas, que se encuentran en varias urbes como R\u00edo de Janeiro y la Ciudad de M\u00e9xico, est\u00e1n equipadas con GPS y se pueden ubicar mediante el uso de una app que se descarga en un tel\u00e9fono m\u00f3vil.<\/p>\n<p style=\"text-align: justify;\">Seg\u00fan la aplicaci\u00f3n, cualquier usuario puede tomar la bicicleta m\u00e1s cercana y dejarla donde sea m\u00e1s conveniente que no estorbe, lo que deja fuera la preocupaci\u00f3n de encontrar una estaci\u00f3n base camino.<\/p>\n<p style=\"text-align: justify;\">El costo puede variar seg\u00fan el pa\u00eds, por ejemplo en China, su uso se considera barato, ya que se pueden alquilar por unos 0.30 d\u00f3lares la hora.<\/p>\n<p style=\"text-align: justify;\">A la Ciudad de M\u00e9xico tambi\u00e9n lleg\u00f3 desde el a\u00f1o pasado una compa\u00f1\u00eda china con la apuesta de atender las necesidades de movilidad y que busca crecer en toda Am\u00e9rica Latina; su costo es de unos 0.26 d\u00f3lares por media hora de uso.<\/p>\n<p style=\"text-align: justify;\">La municipalidad de Beijing ofrece unas cuatro mil \u00e1reas de aparcamiento a las firmas de bicicletas compartidas, a las que se est\u00e1 organizando para instalar vallas el\u00e9ctricas.<\/p>\n<p style=\"text-align: justify;\">Xinhua se\u00f1al\u00f3 que Beijing realizar\u00e1 una evaluaci\u00f3n mensual de las empresas y ajustar\u00e1 el n\u00famero de bicicletas que se puedan poner en el mercado.<\/p>\n<p style=\"text-align: justify;\">Se\u00f1al\u00f3 que \u201cel sector de las bicicletas compartidas de China se ha desarrollado r\u00e1pidamente, ha aliviado los atascos de tr\u00e1nsito y fomenta un estilo de vida sano, pero tambi\u00e9n ha causado nuevos problemas, como el aparcamiento desordenado y caprichoso, que ha creado nuevos desaf\u00edos para la administraci\u00f3n municipal\u201d.<\/p>\n<p style=\"text-align: justify;\">Beijing tiene nueve empresas de bicicletas compartidas y m\u00e1s de 1.9 millones de bicicletas compartidas registradas al t\u00e9rmino de abril, pero las bicicletas de uso activo eran menos del 50 por ciento.<\/p>\n","protected":false},"excerpt":{"rendered":"<p>Beijing.- El uso de las bicicletas compartidas en las grandes ciudades como Beijing, han resuelto algunos problemas de movilidad y contaminaci\u00f3n, sin embargo se enfrentan al aparcamiento desordenado, por lo que la ciudad china puso en marcha una campa\u00f1a para reciclar esos veh\u00edculos. Durante un mes, Beijing recicl\u00f3 195 mil bicicletas compartidas que se encontraban [&hellip;]<\/p>\n","protected":false},"author":2,"featured_media":17926,"comment_status":"open","ping_status":"closed","sticky":false,"template":"","format":"standard","meta":{"footnotes":""},"categories":[98],"tags":[],"class_list":["post-17924","post","type-post","status-publish","format-standard","has-post-thumbnail","hentry","category-finanzas"],"yoast_head":"<!-- This site is optimized with the Yoast SEO plugin v27.5 - https:\/\/yoast.com\/product\/yoast-seo-wordpress\/ -->\n<title>China recicla 195 mil bicicletas de uso compartido - Canal 7 SLP - 2019<\/title>\n<meta name=\"robots\" content=\"index, follow, max-snippet:-1, max-image-preview:large, max-video-preview:-1\" \/>\n<link rel=\"canonical\" href=\"https:\/\/canal7slp.tv\/2019\/china-recicla-195-mil-bicicletas-de-uso-compartido\/\" \/>\n<meta property=\"og:locale\" content=\"es_ES\" \/>\n<meta property=\"og:type\" content=\"article\" \/>\n<meta property=\"og:title\" content=\"China recicla 195 mil bicicletas de uso compartido - Canal 7 SLP - 2019\" \/>\n<meta property=\"og:description\" content=\"Beijing.- El uso de las bicicletas compartidas en las grandes ciudades como Beijing, han resuelto algunos problemas de movilidad y contaminaci\u00f3n, sin embargo se enfrentan al aparcamiento desordenado, por lo que la ciudad china puso en marcha una campa\u00f1a para reciclar esos veh\u00edculos. Durante un mes, Beijing recicl\u00f3 195 mil bicicletas compartidas que se encontraban [&hellip;]\" \/>\n<meta property=\"og:url\" content=\"https:\/\/canal7slp.tv\/2019\/china-recicla-195-mil-bicicletas-de-uso-compartido\/\" \/>\n<meta property=\"og:site_name\" content=\"Canal 7 SLP - 2019\" \/>\n<meta property=\"article:publisher\" content=\"https:\/\/www.facebook.com\/CANAL7SLP\/\" \/>\n<meta property=\"article:published_time\" content=\"2019-06-19T16:51:24+00:00\" \/>\n<meta property=\"og:image\" content=\"https:\/\/canal7slp.tv\/2019\/wp-content\/uploads\/2019\/06\/1230-15.jpg\" \/>\n\t<meta property=\"og:image:width\" content=\"750\" \/>\n\t<meta property=\"og:image:height\" content=\"448\" \/>\n\t<meta property=\"og:image:type\" content=\"image\/jpeg\" \/>\n<meta name=\"author\" content=\"edicionweb\" \/>\n<meta name=\"twitter:card\" content=\"summary_large_image\" \/>\n<meta name=\"twitter:creator\" content=\"@canal7_slp\" \/>\n<meta name=\"twitter:site\" content=\"@canal7_slp\" \/>\n<meta name=\"twitter:label1\" content=\"Escrito por\" \/>\n\t<meta name=\"twitter:data1\" content=\"edicionweb\" \/>\n\t<meta name=\"twitter:label2\" content=\"Tiempo de lectura\" \/>\n\t<meta name=\"twitter:data2\" content=\"3 minutos\" \/>\n<script type=\"application\/ld+json\" class=\"yoast-schema-graph\">{\"@context\":\"https:\\\/\\\/schema.org\",\"@graph\":[{\"@type\":\"Article\",\"@id\":\"https:\\\/\\\/canal7slp.tv\\\/2019\\\/china-recicla-195-mil-bicicletas-de-uso-compartido\\\/#article\",\"isPartOf\":{\"@id\":\"https:\\\/\\\/canal7slp.tv\\\/2019\\\/china-recicla-195-mil-bicicletas-de-uso-compartido\\\/\"},\"author\":{\"name\":\"edicionweb\",\"@id\":\"https:\\\/\\\/canal7slp.tv\\\/2019\\\/#\\\/schema\\\/person\\\/11d941c1c6ca30ac0a46b95fa37aa2e3\"},\"headline\":\"China recicla 195 mil bicicletas de uso compartido\",\"datePublished\":\"2019-06-19T16:51:24+00:00\",\"mainEntityOfPage\":{\"@id\":\"https:\\\/\\\/canal7slp.tv\\\/2019\\\/china-recicla-195-mil-bicicletas-de-uso-compartido\\\/\"},\"wordCount\":589,\"commentCount\":0,\"publisher\":{\"@id\":\"https:\\\/\\\/canal7slp.tv\\\/2019\\\/#organization\"},\"image\":{\"@id\":\"https:\\\/\\\/canal7slp.tv\\\/2019\\\/china-recicla-195-mil-bicicletas-de-uso-compartido\\\/#primaryimage\"},\"thumbnailUrl\":\"https:\\\/\\\/canal7slp.tv\\\/2019\\\/wp-content\\\/uploads\\\/2019\\\/06\\\/1230-15.jpg\",\"articleSection\":[\"FINANZAS\"],\"inLanguage\":\"es\",\"potentialAction\":[{\"@type\":\"CommentAction\",\"name\":\"Comment\",\"target\":[\"https:\\\/\\\/canal7slp.tv\\\/2019\\\/china-recicla-195-mil-bicicletas-de-uso-compartido\\\/#respond\"]}]},{\"@type\":\"WebPage\",\"@id\":\"https:\\\/\\\/canal7slp.tv\\\/2019\\\/china-recicla-195-mil-bicicletas-de-uso-compartido\\\/\",\"url\":\"https:\\\/\\\/canal7slp.tv\\\/2019\\\/china-recicla-195-mil-bicicletas-de-uso-compartido\\\/\",\"name\":\"China recicla 195 mil bicicletas de uso compartido - Canal 7 SLP - 2019\",\"isPartOf\":{\"@id\":\"https:\\\/\\\/canal7slp.tv\\\/2019\\\/#website\"},\"primaryImageOfPage\":{\"@id\":\"https:\\\/\\\/canal7slp.tv\\\/2019\\\/china-recicla-195-mil-bicicletas-de-uso-compartido\\\/#primaryimage\"},\"image\":{\"@id\":\"https:\\\/\\\/canal7slp.tv\\\/2019\\\/china-recicla-195-mil-bicicletas-de-uso-compartido\\\/#primaryimage\"},\"thumbnailUrl\":\"https:\\\/\\\/canal7slp.tv\\\/2019\\\/wp-content\\\/uploads\\\/2019\\\/06\\\/1230-15.jpg\",\"datePublished\":\"2019-06-19T16:51:24+00:00\",\"breadcrumb\":{\"@id\":\"https:\\\/\\\/canal7slp.tv\\\/2019\\\/china-recicla-195-mil-bicicletas-de-uso-compartido\\\/#breadcrumb\"},\"inLanguage\":\"es\",\"potentialAction\":[{\"@type\":\"ReadAction\",\"target\":[\"https:\\\/\\\/canal7slp.tv\\\/2019\\\/china-recicla-195-mil-bicicletas-de-uso-compartido\\\/\"]}]},{\"@type\":\"ImageObject\",\"inLanguage\":\"es\",\"@id\":\"https:\\\/\\\/canal7slp.tv\\\/2019\\\/china-recicla-195-mil-bicicletas-de-uso-compartido\\\/#primaryimage\",\"url\":\"https:\\\/\\\/canal7slp.tv\\\/2019\\\/wp-content\\\/uploads\\\/2019\\\/06\\\/1230-15.jpg\",\"contentUrl\":\"https:\\\/\\\/canal7slp.tv\\\/2019\\\/wp-content\\\/uploads\\\/2019\\\/06\\\/1230-15.jpg\",\"width\":750,\"height\":448},{\"@type\":\"BreadcrumbList\",\"@id\":\"https:\\\/\\\/canal7slp.tv\\\/2019\\\/china-recicla-195-mil-bicicletas-de-uso-compartido\\\/#breadcrumb\",\"itemListElement\":[{\"@type\":\"ListItem\",\"position\":1,\"name\":\"Home\",\"item\":\"https:\\\/\\\/canal7slp.tv\\\/2019\\\/\"},{\"@type\":\"ListItem\",\"position\":2,\"name\":\"China recicla 195 mil bicicletas de uso compartido\"}]},{\"@type\":\"WebSite\",\"@id\":\"https:\\\/\\\/canal7slp.tv\\\/2019\\\/#website\",\"url\":\"https:\\\/\\\/canal7slp.tv\\\/2019\\\/\",\"name\":\"Canal 7 SLP - Somos TV\",\"description\":\"Somos un Canal de 10\",\"publisher\":{\"@id\":\"https:\\\/\\\/canal7slp.tv\\\/2019\\\/#organization\"},\"potentialAction\":[{\"@type\":\"SearchAction\",\"target\":{\"@type\":\"EntryPoint\",\"urlTemplate\":\"https:\\\/\\\/canal7slp.tv\\\/2019\\\/?s={search_term_string}\"},\"query-input\":{\"@type\":\"PropertyValueSpecification\",\"valueRequired\":true,\"valueName\":\"search_term_string\"}}],\"inLanguage\":\"es\"},{\"@type\":\"Organization\",\"@id\":\"https:\\\/\\\/canal7slp.tv\\\/2019\\\/#organization\",\"name\":\"Comunicaci\u00f3n 2000 S.A. de C.V.\",\"url\":\"https:\\\/\\\/canal7slp.tv\\\/2019\\\/\",\"logo\":{\"@type\":\"ImageObject\",\"inLanguage\":\"es\",\"@id\":\"https:\\\/\\\/canal7slp.tv\\\/2019\\\/#\\\/schema\\\/logo\\\/image\\\/\",\"url\":\"https:\\\/\\\/canal7slp.tv\\\/2019\\\/wp-content\\\/uploads\\\/2019\\\/07\\\/logo-c7.png\",\"contentUrl\":\"https:\\\/\\\/canal7slp.tv\\\/2019\\\/wp-content\\\/uploads\\\/2019\\\/07\\\/logo-c7.png\",\"width\":220,\"height\":60,\"caption\":\"Comunicaci\u00f3n 2000 S.A. de C.V.\"},\"image\":{\"@id\":\"https:\\\/\\\/canal7slp.tv\\\/2019\\\/#\\\/schema\\\/logo\\\/image\\\/\"},\"sameAs\":[\"https:\\\/\\\/www.facebook.com\\\/CANAL7SLP\\\/\",\"https:\\\/\\\/x.com\\\/canal7_slp\",\"https:\\\/\\\/www.instagram.com\\\/canal7_slp\",\"https:\\\/\\\/www.youtube.com\\\/user\\\/NOTICIEROSCANAL7SLP\\\/\"]},{\"@type\":\"Person\",\"@id\":\"https:\\\/\\\/canal7slp.tv\\\/2019\\\/#\\\/schema\\\/person\\\/11d941c1c6ca30ac0a46b95fa37aa2e3\",\"name\":\"edicionweb\",\"image\":{\"@type\":\"ImageObject\",\"inLanguage\":\"es\",\"@id\":\"https:\\\/\\\/secure.gravatar.com\\\/avatar\\\/eee448fc3f7164808013b816ba91ac7e43bbe82a70bebac296f8bc6f0addaa1a?s=96&d=mm&r=g\",\"url\":\"https:\\\/\\\/secure.gravatar.com\\\/avatar\\\/eee448fc3f7164808013b816ba91ac7e43bbe82a70bebac296f8bc6f0addaa1a?s=96&d=mm&r=g\",\"contentUrl\":\"https:\\\/\\\/secure.gravatar.com\\\/avatar\\\/eee448fc3f7164808013b816ba91ac7e43bbe82a70bebac296f8bc6f0addaa1a?s=96&d=mm&r=g\",\"caption\":\"edicionweb\"}}]}<\/script>\n<!-- \/ Yoast SEO plugin. -->","yoast_head_json":{"title":"China recicla 195 mil bicicletas de uso compartido - Canal 7 SLP - 2019","robots":{"index":"index","follow":"follow","max-snippet":"max-snippet:-1","max-image-preview":"max-image-preview:large","max-video-preview":"max-video-preview:-1"},"canonical":"https:\/\/canal7slp.tv\/2019\/china-recicla-195-mil-bicicletas-de-uso-compartido\/","og_locale":"es_ES","og_type":"article","og_title":"China recicla 195 mil bicicletas de uso compartido - Canal 7 SLP - 2019","og_description":"Beijing.- El uso de las bicicletas compartidas en las grandes ciudades como Beijing, han resuelto algunos problemas de movilidad y contaminaci\u00f3n, sin embargo se enfrentan al aparcamiento desordenado, por lo que la ciudad china puso en marcha una campa\u00f1a para reciclar esos veh\u00edculos. Durante un mes, Beijing recicl\u00f3 195 mil bicicletas compartidas que se encontraban [&hellip;]","og_url":"https:\/\/canal7slp.tv\/2019\/china-recicla-195-mil-bicicletas-de-uso-compartido\/","og_site_name":"Canal 7 SLP - 2019","article_publisher":"https:\/\/www.facebook.com\/CANAL7SLP\/","article_published_time":"2019-06-19T16:51:24+00:00","og_image":[{"width":750,"height":448,"url":"https:\/\/canal7slp.tv\/2019\/wp-content\/uploads\/2019\/06\/1230-15.jpg","type":"image\/jpeg"}],"author":"edicionweb","twitter_card":"summary_large_image","twitter_creator":"@canal7_slp","twitter_site":"@canal7_slp","twitter_misc":{"Escrito por":"edicionweb","Tiempo de lectura":"3 minutos"},"schema":{"@context":"https:\/\/schema.org","@graph":[{"@type":"Article","@id":"https:\/\/canal7slp.tv\/2019\/china-recicla-195-mil-bicicletas-de-uso-compartido\/#article","isPartOf":{"@id":"https:\/\/canal7slp.tv\/2019\/china-recicla-195-mil-bicicletas-de-uso-compartido\/"},"author":{"name":"edicionweb","@id":"https:\/\/canal7slp.tv\/2019\/#\/schema\/person\/11d941c1c6ca30ac0a46b95fa37aa2e3"},"headline":"China recicla 195 mil bicicletas de uso compartido","datePublished":"2019-06-19T16:51:24+00:00","mainEntityOfPage":{"@id":"https:\/\/canal7slp.tv\/2019\/china-recicla-195-mil-bicicletas-de-uso-compartido\/"},"wordCount":589,"commentCount":0,"publisher":{"@id":"https:\/\/canal7slp.tv\/2019\/#organization"},"image":{"@id":"https:\/\/canal7slp.tv\/2019\/china-recicla-195-mil-bicicletas-de-uso-compartido\/#primaryimage"},"thumbnailUrl":"https:\/\/canal7slp.tv\/2019\/wp-content\/uploads\/2019\/06\/1230-15.jpg","articleSection":["FINANZAS"],"inLanguage":"es","potentialAction":[{"@type":"CommentAction","name":"Comment","target":["https:\/\/canal7slp.tv\/2019\/china-recicla-195-mil-bicicletas-de-uso-compartido\/#respond"]}]},{"@type":"WebPage","@id":"https:\/\/canal7slp.tv\/2019\/china-recicla-195-mil-bicicletas-de-uso-compartido\/","url":"https:\/\/canal7slp.tv\/2019\/china-recicla-195-mil-bicicletas-de-uso-compartido\/","name":"China recicla 195 mil bicicletas de uso compartido - Canal 7 SLP - 2019","isPartOf":{"@id":"https:\/\/canal7slp.tv\/2019\/#website"},"primaryImageOfPage":{"@id":"https:\/\/canal7slp.tv\/2019\/china-recicla-195-mil-bicicletas-de-uso-compartido\/#primaryimage"},"image":{"@id":"https:\/\/canal7slp.tv\/2019\/china-recicla-195-mil-bicicletas-de-uso-compartido\/#primaryimage"},"thumbnailUrl":"https:\/\/canal7slp.tv\/2019\/wp-content\/uploads\/2019\/06\/1230-15.jpg","datePublished":"2019-06-19T16:51:24+00:00","breadcrumb":{"@id":"https:\/\/canal7slp.tv\/2019\/china-recicla-195-mil-bicicletas-de-uso-compartido\/#breadcrumb"},"inLanguage":"es","potentialAction":[{"@type":"ReadAction","target":["https:\/\/canal7slp.tv\/2019\/china-recicla-195-mil-bicicletas-de-uso-compartido\/"]}]},{"@type":"ImageObject","inLanguage":"es","@id":"https:\/\/canal7slp.tv\/2019\/china-recicla-195-mil-bicicletas-de-uso-compartido\/#primaryimage","url":"https:\/\/canal7slp.tv\/2019\/wp-content\/uploads\/2019\/06\/1230-15.jpg","contentUrl":"https:\/\/canal7slp.tv\/2019\/wp-content\/uploads\/2019\/06\/1230-15.jpg","width":750,"height":448},{"@type":"BreadcrumbList","@id":"https:\/\/canal7slp.tv\/2019\/china-recicla-195-mil-bicicletas-de-uso-compartido\/#breadcrumb","itemListElement":[{"@type":"ListItem","position":1,"name":"Home","item":"https:\/\/canal7slp.tv\/2019\/"},{"@type":"ListItem","position":2,"name":"China recicla 195 mil bicicletas de uso compartido"}]},{"@type":"WebSite","@id":"https:\/\/canal7slp.tv\/2019\/#website","url":"https:\/\/canal7slp.tv\/2019\/","name":"Canal 7 SLP - Somos TV","description":"Somos un Canal de 10","publisher":{"@id":"https:\/\/canal7slp.tv\/2019\/#organization"},"potentialAction":[{"@type":"SearchAction","target":{"@type":"EntryPoint","urlTemplate":"https:\/\/canal7slp.tv\/2019\/?s={search_term_string}"},"query-input":{"@type":"PropertyValueSpecification","valueRequired":true,"valueName":"search_term_string"}}],"inLanguage":"es"},{"@type":"Organization","@id":"https:\/\/canal7slp.tv\/2019\/#organization","name":"Comunicaci\u00f3n 2000 S.A. de C.V.","url":"https:\/\/canal7slp.tv\/2019\/","logo":{"@type":"ImageObject","inLanguage":"es","@id":"https:\/\/canal7slp.tv\/2019\/#\/schema\/logo\/image\/","url":"https:\/\/canal7slp.tv\/2019\/wp-content\/uploads\/2019\/07\/logo-c7.png","contentUrl":"https:\/\/canal7slp.tv\/2019\/wp-content\/uploads\/2019\/07\/logo-c7.png","width":220,"height":60,"caption":"Comunicaci\u00f3n 2000 S.A. de C.V."},"image":{"@id":"https:\/\/canal7slp.tv\/2019\/#\/schema\/logo\/image\/"},"sameAs":["https:\/\/www.facebook.com\/CANAL7SLP\/","https:\/\/x.com\/canal7_slp","https:\/\/www.instagram.com\/canal7_slp","https:\/\/www.youtube.com\/user\/NOTICIEROSCANAL7SLP\/"]},{"@type":"Person","@id":"https:\/\/canal7slp.tv\/2019\/#\/schema\/person\/11d941c1c6ca30ac0a46b95fa37aa2e3","name":"edicionweb","image":{"@type":"ImageObject","inLanguage":"es","@id":"https:\/\/secure.gravatar.com\/avatar\/eee448fc3f7164808013b816ba91ac7e43bbe82a70bebac296f8bc6f0addaa1a?s=96&d=mm&r=g","url":"https:\/\/secure.gravatar.com\/avatar\/eee448fc3f7164808013b816ba91ac7e43bbe82a70bebac296f8bc6f0addaa1a?s=96&d=mm&r=g","contentUrl":"https:\/\/secure.gravatar.com\/avatar\/eee448fc3f7164808013b816ba91ac7e43bbe82a70bebac296f8bc6f0addaa1a?s=96&d=mm&r=g","caption":"edicionweb"}}]}},"amp_enabled":true,"cmb2":{"video_ids_in_playlist":{"vid_p_videos":""},"video_ids_in_channel":{"vid_c_videos":""},"playlist_ids_in_channel":{"vid_c_playlists":""},"series_ids_in_channel":{"vid_c_series":""},"channel_images":{"vid_c_logo":"","vid_c_banner":""},"poster_feature_image":{"vid_m_poster_image":""},"gif_feature_image":{"vid_m_gif_image":""},"video_movie_settings":{"vid_m_director":"","vid_m_actor":"","vid_m_imdb_ratings":"","vid_m_amazon_associates":""},"vid_youtube_broadcasts_settings":{"vid_yb_broadcast_title":"","vid_yb_q":"","vid_yb_channelid":"","vid_yb_videocategoryid":"","vid_yb_maxresults":"","vid_yb_order":"","vid_yb_regioncode":"","vid_yb_videosyndicated":"","vid_yb_style":"","vid_yb_reload_first":""},"video_series_settings":{"vid_m_director":"","vid_m_actor":"","vid_m_imdb_ratings":"","video_series_group":""},"amazon_associates_settings":{"amazon_associates":"","amazon_native_ad":""},"vid_youtube_automatic_settings":{"vid_ya_youtube_source":"","vid_ya_update_every":"","vid_ya_update_unit":"","vid_ya_categories":"","vid_ya_published_after":"","vid_ya_published_before":"","vid_ya_playlists":"","vid_ya_channels":"","vid_ya_director":"","vid_ya_actor":"","vid_ya_author":"","vid_ya_import_post_date":"","vid_ya_status":"","vid_ya_sub_api_key":""},"vid_ads_m_videoads_settings_post":{"vid_ads_m_video_ads":"","vid_ads_m_video_ads_type":"","vid_ads_m_group_google_ima":"","vid_ads_m_group_image":"","vid_ads_m_group_html5_video":"","vid_ads_m_group_html":"","vid_ads_m_vast_preroll":"","vid_ads_m_vast_postroll":"","vid_ads_m_vast_pauseroll":"","vid_ads_m_vast_midroll":[{"vid_ads_m_vast_timer_seconds":"50"}],"vid_ads_m_time_to_show_ads":"","vid_ads_m_time_skip_ads":"","vid_ads_m_time_to_hide_ads":""},"page_slider_settings":{"display_slider_group":"","page_slider_group":""},"blog_page_settings":{"blog_page_title":"","blog_page_heading":"","blog_page_ic":"","blog_page_it":"","blog_page_ec":"","blog_page_ip":"","archive_loop_style":"","blog_image_ratio":"","blog_show_categories":"","blog_show_excerpt":"","blog_show_author":"","blog_show_date":"","blog_show_comment_count":"","blog_show_view_count":"","blog_show_like_count":"","blog_show_dislike_count":"","blog_items_per_page":"","blog_pag_type":""},"page_options":{"get_page_template":"","color_mode":"","main_layout":"","main_layout_full_with":"","main_logo":"","main_logo_retina":"","main_logo_mobile":"","main_logo_mobile_retina":"","sticky_logo":"","sticky_logo_retina":"","main_nav_layout":"","ajax_search":"","header_background":"","theme_sidebar":"","instagram_feed":"","instagram_feed_position":"","popular_videos":"","popular_videos_title_1":"","popular_videos_title_2":"","popular_videos_ic":"","popular_videos_it":"","theme_background":"","page_custom_css":""},"feature_image_settings":{"feature_image_position":""},"video_player_settings":{"single_video_style":"","video_player_position":"","vm_video_url":"","video_player_library":"","video_streaming":"","vm_media_sources":"","vid_auto_play":"","vm_video_shortcode":"","vid_p_sync_playlist":"","vid_c_sync_channel":"","get_post_format":"","multiple_links_structure":"default","multi_links_title":"","vm_video_multi_links":"","vm_duration":"","vid_social_locker":"off","vid_social_locker_id":"","vid_membership_action":"content-video","vm_video_trailer_url":"","vid_download_type":"free","vid_download_target":"download","vid_woo_product":"","vm_media_download":"","user_rating":"","user_rating_position":"","user_rating_mode":"","user_rating_multi_sets":""},"video_auto_fetch_settings":{"vm_video_fetch":"on"},"video_fake_views_likes":{"vm_fake_views":"","vm_fake_likes":"","vm_fake_dislikes":""},"gallery_settings":{"gallery_position":""},"quote_settings":{"quote_position":""},"post_options":{"main_layout":"","main_logo":"","main_logo_retina":"","main_logo_mobile":"","main_logo_mobile_retina":"","sticky_logo":"","sticky_logo_retina":"","main_nav_layout":"","header_background":"","theme_sidebar":"","single_post_comment_type":"","theme_background":""}},"_links":{"self":[{"href":"https:\/\/canal7slp.tv\/2019\/wp-json\/wp\/v2\/posts\/17924","targetHints":{"allow":["GET"]}}],"collection":[{"href":"https:\/\/canal7slp.tv\/2019\/wp-json\/wp\/v2\/posts"}],"about":[{"href":"https:\/\/canal7slp.tv\/2019\/wp-json\/wp\/v2\/types\/post"}],"author":[{"embeddable":true,"href":"https:\/\/canal7slp.tv\/2019\/wp-json\/wp\/v2\/users\/2"}],"replies":[{"embeddable":true,"href":"https:\/\/canal7slp.tv\/2019\/wp-json\/wp\/v2\/comments?post=17924"}],"version-history":[{"count":0,"href":"https:\/\/canal7slp.tv\/2019\/wp-json\/wp\/v2\/posts\/17924\/revisions"}],"wp:featuredmedia":[{"embeddable":true,"href":"https:\/\/canal7slp.tv\/2019\/wp-json\/wp\/v2\/media\/17926"}],"wp:attachment":[{"href":"https:\/\/canal7slp.tv\/2019\/wp-json\/wp\/v2\/media?parent=17924"}],"wp:term":[{"taxonomy":"category","embeddable":true,"href":"https:\/\/canal7slp.tv\/2019\/wp-json\/wp\/v2\/categories?post=17924"},{"taxonomy":"post_tag","embeddable":true,"href":"https:\/\/canal7slp.tv\/2019\/wp-json\/wp\/v2\/tags?post=17924"}],"curies":[{"name":"wp","href":"https:\/\/api.w.org\/{rel}","templated":true}]}}