{"id":17905,"date":"2019-06-19T10:34:32","date_gmt":"2019-06-19T15:34:32","guid":{"rendered":"https:\/\/canal7slp.tv\/2019\/?p=17905"},"modified":"2019-06-19T10:34:32","modified_gmt":"2019-06-19T15:34:32","slug":"coincide-consejo-de-administracion-del-infonavit-en-avanzar-las-propuestas-hechas-por-el-presidente-de-mexico-andres-manuel-lopez-obrador","status":"publish","type":"post","link":"https:\/\/canal7slp.tv\/2019\/coincide-consejo-de-administracion-del-infonavit-en-avanzar-las-propuestas-hechas-por-el-presidente-de-mexico-andres-manuel-lopez-obrador\/","title":{"rendered":"Coincide Consejo de Administraci\u00f3n del Infonavit en avanzar las propuestas hechas por el Presidente de M\u00e9xico, Andr\u00e9s Manuel L\u00f3pez Obrador"},"content":{"rendered":"<p style=\"text-align: justify;\">Ciudad de M\u00e9xico.-\u00a0El pasado jueves 13 de junio el Presidente de M\u00e9xico dirigi\u00f3 una carta a los miembros del Consejo de Administraci\u00f3n del Infonavit, integrado por cinco representantes del sector p\u00fablico, cinco del obrero y cinco del empresarial. Este \u00f3rgano de gobierno \u2014el lugar donde se toman las decisiones m\u00e1s relevantes del acontecer del Infonavit\u2014 es el coraz\u00f3n del tripartismo que distingue al Instituto.<\/p>\n<p style=\"text-align: justify;\">\n<p style=\"text-align: justify;\">En su misiva, el Presidente hace un llamado al Consejo de Administraci\u00f3n para recobrar la esencia del Infonavit como un organismo de solidaridad, servicio y seguridad social del Estado mexicano. Para ello, el mandatario exhorta al cuerpo directivo del Infonavit a actuar con la m\u00e1s alta \u00e9tica y eficiencia, para que, de com\u00fan acuerdo entre los tres sectores y en estricto apego a la normatividad y operaci\u00f3n del Instituto, pudieran llevarse a cabo las siguientes acciones:<\/p>\n<p style=\"text-align: justify;\">\n<ol style=\"text-align: justify;\">\n<li>\u201cDesistirse de seguir litigando los llamados \u00b4juicios masivos\u00b4 que pudieran derivar en desalojos;<\/li>\n<li>Ofrecer todas las facilidades de pago posibles para los trabajadores y evitar que pierdan su patrimonio;<\/li>\n<li>Premiar el pago puntual de los acreditados;<\/li>\n<li>Ampliar y fortalecer el programa Responsabilidad Compartida; y<\/li>\n<li>Buscar la innovaci\u00f3n financiera del Instituto.\u201d (Se anexa carta)<\/li>\n<\/ol>\n<p style=\"text-align: justify;\">\n<p style=\"text-align: justify;\">En sesi\u00f3n extraordinaria, los miembros del Consejo de Administraci\u00f3n analizaron el contenido de la propuesta y coincidieron en lo general con el llamado del Presidente y aprobaron \u2014de manera abierta, democr\u00e1tica y con la responsabilidad que distingue al tripartismo del Infonavit\u2014 que las acciones propuestas se analicen y discutan a la brevedad en las pr\u00f3ximas sesiones ordinarias de este \u00f3rgano de gobierno.<\/p>\n<p style=\"text-align: justify;\">\n<p style=\"text-align: justify;\">En el caso de los juicios masivos, los Consejeros coincidieron en revisar aquellos en que los que existan vicios jur\u00eddicos y, en todo caso, dar oportunidad de recuperaci\u00f3n de garant\u00edas o regularizaci\u00f3n de los cr\u00e9ditos. Se\u00f1alaron que cualquier decisi\u00f3n del Consejo debe de anteponer el cuidado de los recursos del Instituto que son propiedad de las y los trabajadores, y no son recursos p\u00fablicos fiscales.<\/p>\n<p style=\"text-align: justify;\">\n<p style=\"text-align: justify;\">Asimismo, los integrantes del Consejo de Administraci\u00f3n destacaron la importancia de reconocer la voluntad de pago de los acreditados a trav\u00e9s de programas que recompensen el cumplimento puntual con los abonos bimestrales a sus cr\u00e9ditos, destacando el \u00e9xito que registra el programa de conversi\u00f3n de cr\u00e9ditos en Veces Salarios M\u00ednimos (VSM) a pesos, Responsabilidad Compartida, que a la fecha ha beneficiado a 26 mil acreditados con descuentos que representan 5 mil millones de pesos.<\/p>\n<p style=\"text-align: justify;\">\n<p style=\"text-align: justify;\">Los integrantes del Consejo de Administraci\u00f3n del Infonavit tambi\u00e9n reconocieron que tanto la carta del Presidente como la seriedad con la que fue discutida en este \u00f3rgano de gobierno son muestra contundente e incontrovertible del compromiso del Gobierno de M\u00e9xico y del Infonavit con la legalidad y el Estado de derecho, refrendando la esencia del Infonavit como una instituci\u00f3n de solidaridad, servicio y seguridad social del Estado mexicano.<\/p>\n<p style=\"text-align: justify;\">\n","protected":false},"excerpt":{"rendered":"<p>Ciudad de M\u00e9xico.-\u00a0El pasado jueves 13 de junio el Presidente de M\u00e9xico dirigi\u00f3 una carta a los miembros del Consejo de Administraci\u00f3n del Infonavit, integrado por cinco representantes del sector p\u00fablico, cinco del obrero y cinco del empresarial. Este \u00f3rgano de gobierno \u2014el lugar donde se toman las decisiones m\u00e1s relevantes del acontecer del Infonavit\u2014 [&hellip;]<\/p>\n","protected":false},"author":2,"featured_media":17906,"comment_status":"open","ping_status":"closed","sticky":false,"template":"","format":"standard","meta":{"footnotes":""},"categories":[30],"tags":[],"class_list":["post-17905","post","type-post","status-publish","format-standard","has-post-thumbnail","hentry","category-nacional"],"yoast_head":"<!-- This site is optimized with the Yoast SEO plugin v27.5 - https:\/\/yoast.com\/product\/yoast-seo-wordpress\/ -->\n<title>Coincide Consejo de Administraci\u00f3n del Infonavit en avanzar las propuestas hechas por el Presidente de M\u00e9xico, Andr\u00e9s Manuel L\u00f3pez Obrador - Canal 7 SLP - 2019<\/title>\n<meta name=\"robots\" content=\"index, follow, max-snippet:-1, max-image-preview:large, max-video-preview:-1\" \/>\n<link rel=\"canonical\" href=\"https:\/\/canal7slp.tv\/2019\/coincide-consejo-de-administracion-del-infonavit-en-avanzar-las-propuestas-hechas-por-el-presidente-de-mexico-andres-manuel-lopez-obrador\/\" \/>\n<meta property=\"og:locale\" content=\"es_ES\" \/>\n<meta property=\"og:type\" content=\"article\" \/>\n<meta property=\"og:title\" content=\"Coincide Consejo de Administraci\u00f3n del Infonavit en avanzar las propuestas hechas por el Presidente de M\u00e9xico, Andr\u00e9s Manuel L\u00f3pez Obrador - Canal 7 SLP - 2019\" \/>\n<meta property=\"og:description\" content=\"Ciudad de M\u00e9xico.-\u00a0El pasado jueves 13 de junio el Presidente de M\u00e9xico dirigi\u00f3 una carta a los miembros del Consejo de Administraci\u00f3n del Infonavit, integrado por cinco representantes del sector p\u00fablico, cinco del obrero y cinco del empresarial. Este \u00f3rgano de gobierno \u2014el lugar donde se toman las decisiones m\u00e1s relevantes del acontecer del Infonavit\u2014 [&hellip;]\" \/>\n<meta property=\"og:url\" content=\"https:\/\/canal7slp.tv\/2019\/coincide-consejo-de-administracion-del-infonavit-en-avanzar-las-propuestas-hechas-por-el-presidente-de-mexico-andres-manuel-lopez-obrador\/\" \/>\n<meta property=\"og:site_name\" content=\"Canal 7 SLP - 2019\" \/>\n<meta property=\"article:publisher\" content=\"https:\/\/www.facebook.com\/CANAL7SLP\/\" \/>\n<meta property=\"article:published_time\" content=\"2019-06-19T15:34:32+00:00\" \/>\n<meta property=\"og:image\" content=\"https:\/\/canal7slp.tv\/2019\/wp-content\/uploads\/2019\/06\/infonavit.gif\" \/>\n\t<meta property=\"og:image:width\" content=\"718\" \/>\n\t<meta property=\"og:image:height\" content=\"600\" \/>\n\t<meta property=\"og:image:type\" content=\"image\/gif\" \/>\n<meta name=\"author\" content=\"edicionweb\" \/>\n<meta name=\"twitter:card\" content=\"summary_large_image\" \/>\n<meta name=\"twitter:creator\" content=\"@canal7_slp\" \/>\n<meta name=\"twitter:site\" content=\"@canal7_slp\" \/>\n<meta name=\"twitter:label1\" content=\"Escrito por\" \/>\n\t<meta name=\"twitter:data1\" content=\"edicionweb\" \/>\n\t<meta name=\"twitter:label2\" content=\"Tiempo de lectura\" \/>\n\t<meta name=\"twitter:data2\" content=\"2 minutos\" \/>\n<script type=\"application\/ld+json\" class=\"yoast-schema-graph\">{\"@context\":\"https:\\\/\\\/schema.org\",\"@graph\":[{\"@type\":\"Article\",\"@id\":\"https:\\\/\\\/canal7slp.tv\\\/2019\\\/coincide-consejo-de-administracion-del-infonavit-en-avanzar-las-propuestas-hechas-por-el-presidente-de-mexico-andres-manuel-lopez-obrador\\\/#article\",\"isPartOf\":{\"@id\":\"https:\\\/\\\/canal7slp.tv\\\/2019\\\/coincide-consejo-de-administracion-del-infonavit-en-avanzar-las-propuestas-hechas-por-el-presidente-de-mexico-andres-manuel-lopez-obrador\\\/\"},\"author\":{\"name\":\"edicionweb\",\"@id\":\"https:\\\/\\\/canal7slp.tv\\\/2019\\\/#\\\/schema\\\/person\\\/11d941c1c6ca30ac0a46b95fa37aa2e3\"},\"headline\":\"Coincide Consejo de Administraci\u00f3n del Infonavit en avanzar las propuestas hechas por el Presidente de M\u00e9xico, Andr\u00e9s Manuel L\u00f3pez Obrador\",\"datePublished\":\"2019-06-19T15:34:32+00:00\",\"mainEntityOfPage\":{\"@id\":\"https:\\\/\\\/canal7slp.tv\\\/2019\\\/coincide-consejo-de-administracion-del-infonavit-en-avanzar-las-propuestas-hechas-por-el-presidente-de-mexico-andres-manuel-lopez-obrador\\\/\"},\"wordCount\":518,\"commentCount\":0,\"publisher\":{\"@id\":\"https:\\\/\\\/canal7slp.tv\\\/2019\\\/#organization\"},\"image\":{\"@id\":\"https:\\\/\\\/canal7slp.tv\\\/2019\\\/coincide-consejo-de-administracion-del-infonavit-en-avanzar-las-propuestas-hechas-por-el-presidente-de-mexico-andres-manuel-lopez-obrador\\\/#primaryimage\"},\"thumbnailUrl\":\"https:\\\/\\\/canal7slp.tv\\\/2019\\\/wp-content\\\/uploads\\\/2019\\\/06\\\/infonavit.gif\",\"articleSection\":[\"NACIONAL\"],\"inLanguage\":\"es\",\"potentialAction\":[{\"@type\":\"CommentAction\",\"name\":\"Comment\",\"target\":[\"https:\\\/\\\/canal7slp.tv\\\/2019\\\/coincide-consejo-de-administracion-del-infonavit-en-avanzar-las-propuestas-hechas-por-el-presidente-de-mexico-andres-manuel-lopez-obrador\\\/#respond\"]}]},{\"@type\":\"WebPage\",\"@id\":\"https:\\\/\\\/canal7slp.tv\\\/2019\\\/coincide-consejo-de-administracion-del-infonavit-en-avanzar-las-propuestas-hechas-por-el-presidente-de-mexico-andres-manuel-lopez-obrador\\\/\",\"url\":\"https:\\\/\\\/canal7slp.tv\\\/2019\\\/coincide-consejo-de-administracion-del-infonavit-en-avanzar-las-propuestas-hechas-por-el-presidente-de-mexico-andres-manuel-lopez-obrador\\\/\",\"name\":\"Coincide Consejo de Administraci\u00f3n del Infonavit en avanzar las propuestas hechas por el Presidente de M\u00e9xico, Andr\u00e9s Manuel L\u00f3pez Obrador - Canal 7 SLP - 2019\",\"isPartOf\":{\"@id\":\"https:\\\/\\\/canal7slp.tv\\\/2019\\\/#website\"},\"primaryImageOfPage\":{\"@id\":\"https:\\\/\\\/canal7slp.tv\\\/2019\\\/coincide-consejo-de-administracion-del-infonavit-en-avanzar-las-propuestas-hechas-por-el-presidente-de-mexico-andres-manuel-lopez-obrador\\\/#primaryimage\"},\"image\":{\"@id\":\"https:\\\/\\\/canal7slp.tv\\\/2019\\\/coincide-consejo-de-administracion-del-infonavit-en-avanzar-las-propuestas-hechas-por-el-presidente-de-mexico-andres-manuel-lopez-obrador\\\/#primaryimage\"},\"thumbnailUrl\":\"https:\\\/\\\/canal7slp.tv\\\/2019\\\/wp-content\\\/uploads\\\/2019\\\/06\\\/infonavit.gif\",\"datePublished\":\"2019-06-19T15:34:32+00:00\",\"breadcrumb\":{\"@id\":\"https:\\\/\\\/canal7slp.tv\\\/2019\\\/coincide-consejo-de-administracion-del-infonavit-en-avanzar-las-propuestas-hechas-por-el-presidente-de-mexico-andres-manuel-lopez-obrador\\\/#breadcrumb\"},\"inLanguage\":\"es\",\"potentialAction\":[{\"@type\":\"ReadAction\",\"target\":[\"https:\\\/\\\/canal7slp.tv\\\/2019\\\/coincide-consejo-de-administracion-del-infonavit-en-avanzar-las-propuestas-hechas-por-el-presidente-de-mexico-andres-manuel-lopez-obrador\\\/\"]}]},{\"@type\":\"ImageObject\",\"inLanguage\":\"es\",\"@id\":\"https:\\\/\\\/canal7slp.tv\\\/2019\\\/coincide-consejo-de-administracion-del-infonavit-en-avanzar-las-propuestas-hechas-por-el-presidente-de-mexico-andres-manuel-lopez-obrador\\\/#primaryimage\",\"url\":\"https:\\\/\\\/canal7slp.tv\\\/2019\\\/wp-content\\\/uploads\\\/2019\\\/06\\\/infonavit.gif\",\"contentUrl\":\"https:\\\/\\\/canal7slp.tv\\\/2019\\\/wp-content\\\/uploads\\\/2019\\\/06\\\/infonavit.gif\",\"width\":718,\"height\":600},{\"@type\":\"BreadcrumbList\",\"@id\":\"https:\\\/\\\/canal7slp.tv\\\/2019\\\/coincide-consejo-de-administracion-del-infonavit-en-avanzar-las-propuestas-hechas-por-el-presidente-de-mexico-andres-manuel-lopez-obrador\\\/#breadcrumb\",\"itemListElement\":[{\"@type\":\"ListItem\",\"position\":1,\"name\":\"Home\",\"item\":\"https:\\\/\\\/canal7slp.tv\\\/2019\\\/\"},{\"@type\":\"ListItem\",\"position\":2,\"name\":\"Coincide Consejo de Administraci\u00f3n del Infonavit en avanzar las propuestas hechas por el Presidente de M\u00e9xico, Andr\u00e9s Manuel L\u00f3pez Obrador\"}]},{\"@type\":\"WebSite\",\"@id\":\"https:\\\/\\\/canal7slp.tv\\\/2019\\\/#website\",\"url\":\"https:\\\/\\\/canal7slp.tv\\\/2019\\\/\",\"name\":\"Canal 7 SLP - Somos TV\",\"description\":\"Somos un Canal de 10\",\"publisher\":{\"@id\":\"https:\\\/\\\/canal7slp.tv\\\/2019\\\/#organization\"},\"potentialAction\":[{\"@type\":\"SearchAction\",\"target\":{\"@type\":\"EntryPoint\",\"urlTemplate\":\"https:\\\/\\\/canal7slp.tv\\\/2019\\\/?s={search_term_string}\"},\"query-input\":{\"@type\":\"PropertyValueSpecification\",\"valueRequired\":true,\"valueName\":\"search_term_string\"}}],\"inLanguage\":\"es\"},{\"@type\":\"Organization\",\"@id\":\"https:\\\/\\\/canal7slp.tv\\\/2019\\\/#organization\",\"name\":\"Comunicaci\u00f3n 2000 S.A. de C.V.\",\"url\":\"https:\\\/\\\/canal7slp.tv\\\/2019\\\/\",\"logo\":{\"@type\":\"ImageObject\",\"inLanguage\":\"es\",\"@id\":\"https:\\\/\\\/canal7slp.tv\\\/2019\\\/#\\\/schema\\\/logo\\\/image\\\/\",\"url\":\"https:\\\/\\\/canal7slp.tv\\\/2019\\\/wp-content\\\/uploads\\\/2019\\\/07\\\/logo-c7.png\",\"contentUrl\":\"https:\\\/\\\/canal7slp.tv\\\/2019\\\/wp-content\\\/uploads\\\/2019\\\/07\\\/logo-c7.png\",\"width\":220,\"height\":60,\"caption\":\"Comunicaci\u00f3n 2000 S.A. de C.V.\"},\"image\":{\"@id\":\"https:\\\/\\\/canal7slp.tv\\\/2019\\\/#\\\/schema\\\/logo\\\/image\\\/\"},\"sameAs\":[\"https:\\\/\\\/www.facebook.com\\\/CANAL7SLP\\\/\",\"https:\\\/\\\/x.com\\\/canal7_slp\",\"https:\\\/\\\/www.instagram.com\\\/canal7_slp\",\"https:\\\/\\\/www.youtube.com\\\/user\\\/NOTICIEROSCANAL7SLP\\\/\"]},{\"@type\":\"Person\",\"@id\":\"https:\\\/\\\/canal7slp.tv\\\/2019\\\/#\\\/schema\\\/person\\\/11d941c1c6ca30ac0a46b95fa37aa2e3\",\"name\":\"edicionweb\",\"image\":{\"@type\":\"ImageObject\",\"inLanguage\":\"es\",\"@id\":\"https:\\\/\\\/secure.gravatar.com\\\/avatar\\\/eee448fc3f7164808013b816ba91ac7e43bbe82a70bebac296f8bc6f0addaa1a?s=96&d=mm&r=g\",\"url\":\"https:\\\/\\\/secure.gravatar.com\\\/avatar\\\/eee448fc3f7164808013b816ba91ac7e43bbe82a70bebac296f8bc6f0addaa1a?s=96&d=mm&r=g\",\"contentUrl\":\"https:\\\/\\\/secure.gravatar.com\\\/avatar\\\/eee448fc3f7164808013b816ba91ac7e43bbe82a70bebac296f8bc6f0addaa1a?s=96&d=mm&r=g\",\"caption\":\"edicionweb\"}}]}<\/script>\n<!-- \/ Yoast SEO plugin. -->","yoast_head_json":{"title":"Coincide Consejo de Administraci\u00f3n del Infonavit en avanzar las propuestas hechas por el Presidente de M\u00e9xico, Andr\u00e9s Manuel L\u00f3pez Obrador - Canal 7 SLP - 2019","robots":{"index":"index","follow":"follow","max-snippet":"max-snippet:-1","max-image-preview":"max-image-preview:large","max-video-preview":"max-video-preview:-1"},"canonical":"https:\/\/canal7slp.tv\/2019\/coincide-consejo-de-administracion-del-infonavit-en-avanzar-las-propuestas-hechas-por-el-presidente-de-mexico-andres-manuel-lopez-obrador\/","og_locale":"es_ES","og_type":"article","og_title":"Coincide Consejo de Administraci\u00f3n del Infonavit en avanzar las propuestas hechas por el Presidente de M\u00e9xico, Andr\u00e9s Manuel L\u00f3pez Obrador - Canal 7 SLP - 2019","og_description":"Ciudad de M\u00e9xico.-\u00a0El pasado jueves 13 de junio el Presidente de M\u00e9xico dirigi\u00f3 una carta a los miembros del Consejo de Administraci\u00f3n del Infonavit, integrado por cinco representantes del sector p\u00fablico, cinco del obrero y cinco del empresarial. Este \u00f3rgano de gobierno \u2014el lugar donde se toman las decisiones m\u00e1s relevantes del acontecer del Infonavit\u2014 [&hellip;]","og_url":"https:\/\/canal7slp.tv\/2019\/coincide-consejo-de-administracion-del-infonavit-en-avanzar-las-propuestas-hechas-por-el-presidente-de-mexico-andres-manuel-lopez-obrador\/","og_site_name":"Canal 7 SLP - 2019","article_publisher":"https:\/\/www.facebook.com\/CANAL7SLP\/","article_published_time":"2019-06-19T15:34:32+00:00","og_image":[{"width":718,"height":600,"url":"https:\/\/canal7slp.tv\/2019\/wp-content\/uploads\/2019\/06\/infonavit.gif","type":"image\/gif"}],"author":"edicionweb","twitter_card":"summary_large_image","twitter_creator":"@canal7_slp","twitter_site":"@canal7_slp","twitter_misc":{"Escrito por":"edicionweb","Tiempo de lectura":"2 minutos"},"schema":{"@context":"https:\/\/schema.org","@graph":[{"@type":"Article","@id":"https:\/\/canal7slp.tv\/2019\/coincide-consejo-de-administracion-del-infonavit-en-avanzar-las-propuestas-hechas-por-el-presidente-de-mexico-andres-manuel-lopez-obrador\/#article","isPartOf":{"@id":"https:\/\/canal7slp.tv\/2019\/coincide-consejo-de-administracion-del-infonavit-en-avanzar-las-propuestas-hechas-por-el-presidente-de-mexico-andres-manuel-lopez-obrador\/"},"author":{"name":"edicionweb","@id":"https:\/\/canal7slp.tv\/2019\/#\/schema\/person\/11d941c1c6ca30ac0a46b95fa37aa2e3"},"headline":"Coincide Consejo de Administraci\u00f3n del Infonavit en avanzar las propuestas hechas por el Presidente de M\u00e9xico, Andr\u00e9s Manuel L\u00f3pez Obrador","datePublished":"2019-06-19T15:34:32+00:00","mainEntityOfPage":{"@id":"https:\/\/canal7slp.tv\/2019\/coincide-consejo-de-administracion-del-infonavit-en-avanzar-las-propuestas-hechas-por-el-presidente-de-mexico-andres-manuel-lopez-obrador\/"},"wordCount":518,"commentCount":0,"publisher":{"@id":"https:\/\/canal7slp.tv\/2019\/#organization"},"image":{"@id":"https:\/\/canal7slp.tv\/2019\/coincide-consejo-de-administracion-del-infonavit-en-avanzar-las-propuestas-hechas-por-el-presidente-de-mexico-andres-manuel-lopez-obrador\/#primaryimage"},"thumbnailUrl":"https:\/\/canal7slp.tv\/2019\/wp-content\/uploads\/2019\/06\/infonavit.gif","articleSection":["NACIONAL"],"inLanguage":"es","potentialAction":[{"@type":"CommentAction","name":"Comment","target":["https:\/\/canal7slp.tv\/2019\/coincide-consejo-de-administracion-del-infonavit-en-avanzar-las-propuestas-hechas-por-el-presidente-de-mexico-andres-manuel-lopez-obrador\/#respond"]}]},{"@type":"WebPage","@id":"https:\/\/canal7slp.tv\/2019\/coincide-consejo-de-administracion-del-infonavit-en-avanzar-las-propuestas-hechas-por-el-presidente-de-mexico-andres-manuel-lopez-obrador\/","url":"https:\/\/canal7slp.tv\/2019\/coincide-consejo-de-administracion-del-infonavit-en-avanzar-las-propuestas-hechas-por-el-presidente-de-mexico-andres-manuel-lopez-obrador\/","name":"Coincide Consejo de Administraci\u00f3n del Infonavit en avanzar las propuestas hechas por el Presidente de M\u00e9xico, Andr\u00e9s Manuel L\u00f3pez Obrador - Canal 7 SLP - 2019","isPartOf":{"@id":"https:\/\/canal7slp.tv\/2019\/#website"},"primaryImageOfPage":{"@id":"https:\/\/canal7slp.tv\/2019\/coincide-consejo-de-administracion-del-infonavit-en-avanzar-las-propuestas-hechas-por-el-presidente-de-mexico-andres-manuel-lopez-obrador\/#primaryimage"},"image":{"@id":"https:\/\/canal7slp.tv\/2019\/coincide-consejo-de-administracion-del-infonavit-en-avanzar-las-propuestas-hechas-por-el-presidente-de-mexico-andres-manuel-lopez-obrador\/#primaryimage"},"thumbnailUrl":"https:\/\/canal7slp.tv\/2019\/wp-content\/uploads\/2019\/06\/infonavit.gif","datePublished":"2019-06-19T15:34:32+00:00","breadcrumb":{"@id":"https:\/\/canal7slp.tv\/2019\/coincide-consejo-de-administracion-del-infonavit-en-avanzar-las-propuestas-hechas-por-el-presidente-de-mexico-andres-manuel-lopez-obrador\/#breadcrumb"},"inLanguage":"es","potentialAction":[{"@type":"ReadAction","target":["https:\/\/canal7slp.tv\/2019\/coincide-consejo-de-administracion-del-infonavit-en-avanzar-las-propuestas-hechas-por-el-presidente-de-mexico-andres-manuel-lopez-obrador\/"]}]},{"@type":"ImageObject","inLanguage":"es","@id":"https:\/\/canal7slp.tv\/2019\/coincide-consejo-de-administracion-del-infonavit-en-avanzar-las-propuestas-hechas-por-el-presidente-de-mexico-andres-manuel-lopez-obrador\/#primaryimage","url":"https:\/\/canal7slp.tv\/2019\/wp-content\/uploads\/2019\/06\/infonavit.gif","contentUrl":"https:\/\/canal7slp.tv\/2019\/wp-content\/uploads\/2019\/06\/infonavit.gif","width":718,"height":600},{"@type":"BreadcrumbList","@id":"https:\/\/canal7slp.tv\/2019\/coincide-consejo-de-administracion-del-infonavit-en-avanzar-las-propuestas-hechas-por-el-presidente-de-mexico-andres-manuel-lopez-obrador\/#breadcrumb","itemListElement":[{"@type":"ListItem","position":1,"name":"Home","item":"https:\/\/canal7slp.tv\/2019\/"},{"@type":"ListItem","position":2,"name":"Coincide Consejo de Administraci\u00f3n del Infonavit en avanzar las propuestas hechas por el Presidente de M\u00e9xico, Andr\u00e9s Manuel L\u00f3pez Obrador"}]},{"@type":"WebSite","@id":"https:\/\/canal7slp.tv\/2019\/#website","url":"https:\/\/canal7slp.tv\/2019\/","name":"Canal 7 SLP - Somos TV","description":"Somos un Canal de 10","publisher":{"@id":"https:\/\/canal7slp.tv\/2019\/#organization"},"potentialAction":[{"@type":"SearchAction","target":{"@type":"EntryPoint","urlTemplate":"https:\/\/canal7slp.tv\/2019\/?s={search_term_string}"},"query-input":{"@type":"PropertyValueSpecification","valueRequired":true,"valueName":"search_term_string"}}],"inLanguage":"es"},{"@type":"Organization","@id":"https:\/\/canal7slp.tv\/2019\/#organization","name":"Comunicaci\u00f3n 2000 S.A. de C.V.","url":"https:\/\/canal7slp.tv\/2019\/","logo":{"@type":"ImageObject","inLanguage":"es","@id":"https:\/\/canal7slp.tv\/2019\/#\/schema\/logo\/image\/","url":"https:\/\/canal7slp.tv\/2019\/wp-content\/uploads\/2019\/07\/logo-c7.png","contentUrl":"https:\/\/canal7slp.tv\/2019\/wp-content\/uploads\/2019\/07\/logo-c7.png","width":220,"height":60,"caption":"Comunicaci\u00f3n 2000 S.A. de C.V."},"image":{"@id":"https:\/\/canal7slp.tv\/2019\/#\/schema\/logo\/image\/"},"sameAs":["https:\/\/www.facebook.com\/CANAL7SLP\/","https:\/\/x.com\/canal7_slp","https:\/\/www.instagram.com\/canal7_slp","https:\/\/www.youtube.com\/user\/NOTICIEROSCANAL7SLP\/"]},{"@type":"Person","@id":"https:\/\/canal7slp.tv\/2019\/#\/schema\/person\/11d941c1c6ca30ac0a46b95fa37aa2e3","name":"edicionweb","image":{"@type":"ImageObject","inLanguage":"es","@id":"https:\/\/secure.gravatar.com\/avatar\/eee448fc3f7164808013b816ba91ac7e43bbe82a70bebac296f8bc6f0addaa1a?s=96&d=mm&r=g","url":"https:\/\/secure.gravatar.com\/avatar\/eee448fc3f7164808013b816ba91ac7e43bbe82a70bebac296f8bc6f0addaa1a?s=96&d=mm&r=g","contentUrl":"https:\/\/secure.gravatar.com\/avatar\/eee448fc3f7164808013b816ba91ac7e43bbe82a70bebac296f8bc6f0addaa1a?s=96&d=mm&r=g","caption":"edicionweb"}}]}},"amp_enabled":true,"cmb2":{"video_ids_in_playlist":{"vid_p_videos":""},"video_ids_in_channel":{"vid_c_videos":""},"playlist_ids_in_channel":{"vid_c_playlists":""},"series_ids_in_channel":{"vid_c_series":""},"channel_images":{"vid_c_logo":"","vid_c_banner":""},"poster_feature_image":{"vid_m_poster_image":""},"gif_feature_image":{"vid_m_gif_image":""},"video_movie_settings":{"vid_m_director":"","vid_m_actor":"","vid_m_imdb_ratings":"","vid_m_amazon_associates":""},"vid_youtube_broadcasts_settings":{"vid_yb_broadcast_title":"","vid_yb_q":"","vid_yb_channelid":"","vid_yb_videocategoryid":"","vid_yb_maxresults":"","vid_yb_order":"","vid_yb_regioncode":"","vid_yb_videosyndicated":"","vid_yb_style":"","vid_yb_reload_first":""},"video_series_settings":{"vid_m_director":"","vid_m_actor":"","vid_m_imdb_ratings":"","video_series_group":""},"amazon_associates_settings":{"amazon_associates":"","amazon_native_ad":""},"vid_youtube_automatic_settings":{"vid_ya_youtube_source":"","vid_ya_update_every":"","vid_ya_update_unit":"","vid_ya_categories":"","vid_ya_published_after":"","vid_ya_published_before":"","vid_ya_playlists":"","vid_ya_channels":"","vid_ya_director":"","vid_ya_actor":"","vid_ya_author":"","vid_ya_import_post_date":"","vid_ya_status":"","vid_ya_sub_api_key":""},"vid_ads_m_videoads_settings_post":{"vid_ads_m_video_ads":"","vid_ads_m_video_ads_type":"","vid_ads_m_group_google_ima":"","vid_ads_m_group_image":"","vid_ads_m_group_html5_video":"","vid_ads_m_group_html":"","vid_ads_m_vast_preroll":"","vid_ads_m_vast_postroll":"","vid_ads_m_vast_pauseroll":"","vid_ads_m_vast_midroll":[{"vid_ads_m_vast_timer_seconds":"50"}],"vid_ads_m_time_to_show_ads":"","vid_ads_m_time_skip_ads":"","vid_ads_m_time_to_hide_ads":""},"page_slider_settings":{"display_slider_group":"","page_slider_group":""},"blog_page_settings":{"blog_page_title":"","blog_page_heading":"","blog_page_ic":"","blog_page_it":"","blog_page_ec":"","blog_page_ip":"","archive_loop_style":"","blog_image_ratio":"","blog_show_categories":"","blog_show_excerpt":"","blog_show_author":"","blog_show_date":"","blog_show_comment_count":"","blog_show_view_count":"","blog_show_like_count":"","blog_show_dislike_count":"","blog_items_per_page":"","blog_pag_type":""},"page_options":{"get_page_template":"","color_mode":"","main_layout":"","main_layout_full_with":"","main_logo":"","main_logo_retina":"","main_logo_mobile":"","main_logo_mobile_retina":"","sticky_logo":"","sticky_logo_retina":"","main_nav_layout":"","ajax_search":"","header_background":"","theme_sidebar":"","instagram_feed":"","instagram_feed_position":"","popular_videos":"","popular_videos_title_1":"","popular_videos_title_2":"","popular_videos_ic":"","popular_videos_it":"","theme_background":"","page_custom_css":""},"feature_image_settings":{"feature_image_position":""},"video_player_settings":{"single_video_style":"","video_player_position":"","vm_video_url":"","video_player_library":"","video_streaming":"","vm_media_sources":"","vid_auto_play":"","vm_video_shortcode":"","vid_p_sync_playlist":"","vid_c_sync_channel":"","get_post_format":"","multiple_links_structure":"default","multi_links_title":"","vm_video_multi_links":"","vm_duration":"","vid_social_locker":"off","vid_social_locker_id":"","vid_membership_action":"content-video","vm_video_trailer_url":"","vid_download_type":"free","vid_download_target":"download","vid_woo_product":"","vm_media_download":"","user_rating":"","user_rating_position":"","user_rating_mode":"","user_rating_multi_sets":""},"video_auto_fetch_settings":{"vm_video_fetch":"on"},"video_fake_views_likes":{"vm_fake_views":"","vm_fake_likes":"","vm_fake_dislikes":""},"gallery_settings":{"gallery_position":""},"quote_settings":{"quote_position":""},"post_options":{"main_layout":"","main_logo":"","main_logo_retina":"","main_logo_mobile":"","main_logo_mobile_retina":"","sticky_logo":"","sticky_logo_retina":"","main_nav_layout":"","header_background":"","theme_sidebar":"","single_post_comment_type":"","theme_background":""}},"_links":{"self":[{"href":"https:\/\/canal7slp.tv\/2019\/wp-json\/wp\/v2\/posts\/17905","targetHints":{"allow":["GET"]}}],"collection":[{"href":"https:\/\/canal7slp.tv\/2019\/wp-json\/wp\/v2\/posts"}],"about":[{"href":"https:\/\/canal7slp.tv\/2019\/wp-json\/wp\/v2\/types\/post"}],"author":[{"embeddable":true,"href":"https:\/\/canal7slp.tv\/2019\/wp-json\/wp\/v2\/users\/2"}],"replies":[{"embeddable":true,"href":"https:\/\/canal7slp.tv\/2019\/wp-json\/wp\/v2\/comments?post=17905"}],"version-history":[{"count":0,"href":"https:\/\/canal7slp.tv\/2019\/wp-json\/wp\/v2\/posts\/17905\/revisions"}],"wp:featuredmedia":[{"embeddable":true,"href":"https:\/\/canal7slp.tv\/2019\/wp-json\/wp\/v2\/media\/17906"}],"wp:attachment":[{"href":"https:\/\/canal7slp.tv\/2019\/wp-json\/wp\/v2\/media?parent=17905"}],"wp:term":[{"taxonomy":"category","embeddable":true,"href":"https:\/\/canal7slp.tv\/2019\/wp-json\/wp\/v2\/categories?post=17905"},{"taxonomy":"post_tag","embeddable":true,"href":"https:\/\/canal7slp.tv\/2019\/wp-json\/wp\/v2\/tags?post=17905"}],"curies":[{"name":"wp","href":"https:\/\/api.w.org\/{rel}","templated":true}]}}