{"id":17844,"date":"2019-06-19T08:08:39","date_gmt":"2019-06-19T13:08:39","guid":{"rendered":"https:\/\/canal7slp.tv\/2019\/?p=17844"},"modified":"2019-06-19T08:08:39","modified_gmt":"2019-06-19T13:08:39","slug":"acnur-revela-cifra-de-70-8-millones-de-personas-refugiadas-o-desplazadas","status":"publish","type":"post","link":"https:\/\/canal7slp.tv\/2019\/acnur-revela-cifra-de-70-8-millones-de-personas-refugiadas-o-desplazadas\/","title":{"rendered":"ACNUR revela cifra de 70.8 millones de personas refugiadas o desplazadas"},"content":{"rendered":"<p style=\"text-align: justify;\">Ginebra.- El informe anual de la Oficina del Alto Comisionado de las Naciones Unidas para los Refugiados (ACNUR) revel\u00f3 este mi\u00e9rcoles que a fines de 2018 hab\u00eda 70.8 millones de personas desplazadas en el mundo, debido a guerras o persecuciones.<\/p>\n<p style=\"text-align: justify;\">ACNUR se\u00f1al\u00f3 que el 2018 fue marcado por el fuerte aumento del desplazamiento interno en Etiop\u00eda y por un aumento en las solicitudes de asilo presentadas por los que huyen de la grave crisis pol\u00edtica y econ\u00f3mica de Venezuela.<\/p>\n<p style=\"text-align: justify;\">En Siria el conflicto interno sigue produciendo un gran n\u00famero de refugiados y desplazados, y la violencia en Nigeria tambi\u00e9n fue una fuente importante de movimiento de personas.<\/p>\n<p style=\"text-align: justify;\">Seg\u00fan el texto, el n\u00famero total de &#8220;desarraigados&#8221; en el mundo -incluyendo a los refugiados (25.9 millones), los desplazados internos (41.3 millones) y los solicitantes de asilo (3.5 millones)- aument\u00f3 en 2.3 millones en comparaci\u00f3n con 2017, destaca la Deutsche Welle.<\/p>\n<p style=\"text-align: justify;\">El Alto Comisionado de ACNUR, Filippo Grandi, se\u00f1al\u00f3 en Ginebra, Suiza, que el c\u00e1lculo es &#8220;prudente&#8221;, porque nuevos conflictos (&#8230;) se suman a los antiguos&#8221;.<\/p>\n<p style=\"text-align: justify;\">El n\u00famero de desplazados y refugiados en el mundo aument\u00f3 de nuevo desde 2009, y registr\u00f3 un fuerte aumento entre 2012 y 2015 con el conflicto sirio. Los colombianos y los sirios son los grupos con mayor n\u00famero de desplazados internos.<\/p>\n<p style=\"text-align: justify;\">En el caso de los refugiados, 5.5 millones son palestinos, que est\u00e1n bajo responsabilidad de una agencia espec\u00edfica de la Organizaci\u00f3n de las Naciones Unidas (ONU). Del resto, la mayor\u00eda proviene de cinco pa\u00edses: Siria, Afganist\u00e1n, Sud\u00e1n del Sur, Birmania y Somalia.<\/p>\n<p style=\"text-align: justify;\">El a\u00f1o pasado m\u00e1s de medio mill\u00f3n de sirios fueron los que tambi\u00e9n presentaron la mayor cantidad de solicitudes de asilo, la mayor\u00eda de ellos en Turqu\u00eda. Le siguen los venezolanos con 341 mil 800 solicitudes, la mayor\u00eda de los cuales viajaron a Colombia y Per\u00fa.<\/p>\n<p style=\"text-align: justify;\">Grandi pidi\u00f3 a los pa\u00edses sudamericanos que en el caso de los venezolanos les dejen entrar para evitar un &#8220;congestionamiento&#8221; en las fronteras, luego de que Per\u00fa impuso recientemente visas a estos inmigrantes.<\/p>\n<p style=\"text-align: justify;\">\n","protected":false},"excerpt":{"rendered":"<p>Ginebra.- El informe anual de la Oficina del Alto Comisionado de las Naciones Unidas para los Refugiados (ACNUR) revel\u00f3 este mi\u00e9rcoles que a fines de 2018 hab\u00eda 70.8 millones de personas desplazadas en el mundo, debido a guerras o persecuciones. ACNUR se\u00f1al\u00f3 que el 2018 fue marcado por el fuerte aumento del desplazamiento interno en [&hellip;]<\/p>\n","protected":false},"author":2,"featured_media":17845,"comment_status":"open","ping_status":"closed","sticky":false,"template":"","format":"standard","meta":{"footnotes":""},"categories":[18],"tags":[],"class_list":["post-17844","post","type-post","status-publish","format-standard","has-post-thumbnail","hentry","category-internacional"],"yoast_head":"<!-- This site is optimized with the Yoast SEO plugin v27.5 - https:\/\/yoast.com\/product\/yoast-seo-wordpress\/ -->\n<title>ACNUR revela cifra de 70.8 millones de personas refugiadas o desplazadas - Canal 7 SLP - 2019<\/title>\n<meta name=\"robots\" content=\"index, follow, max-snippet:-1, max-image-preview:large, max-video-preview:-1\" \/>\n<link rel=\"canonical\" href=\"https:\/\/canal7slp.tv\/2019\/acnur-revela-cifra-de-70-8-millones-de-personas-refugiadas-o-desplazadas\/\" \/>\n<meta property=\"og:locale\" content=\"es_ES\" \/>\n<meta property=\"og:type\" content=\"article\" \/>\n<meta property=\"og:title\" content=\"ACNUR revela cifra de 70.8 millones de personas refugiadas o desplazadas - Canal 7 SLP - 2019\" \/>\n<meta property=\"og:description\" content=\"Ginebra.- El informe anual de la Oficina del Alto Comisionado de las Naciones Unidas para los Refugiados (ACNUR) revel\u00f3 este mi\u00e9rcoles que a fines de 2018 hab\u00eda 70.8 millones de personas desplazadas en el mundo, debido a guerras o persecuciones. ACNUR se\u00f1al\u00f3 que el 2018 fue marcado por el fuerte aumento del desplazamiento interno en [&hellip;]\" \/>\n<meta property=\"og:url\" content=\"https:\/\/canal7slp.tv\/2019\/acnur-revela-cifra-de-70-8-millones-de-personas-refugiadas-o-desplazadas\/\" \/>\n<meta property=\"og:site_name\" content=\"Canal 7 SLP - 2019\" \/>\n<meta property=\"article:publisher\" content=\"https:\/\/www.facebook.com\/CANAL7SLP\/\" \/>\n<meta property=\"article:published_time\" content=\"2019-06-19T13:08:39+00:00\" \/>\n<meta property=\"og:image\" content=\"https:\/\/canal7slp.tv\/2019\/wp-content\/uploads\/2019\/06\/920-11.jpg\" \/>\n\t<meta property=\"og:image:width\" content=\"745\" \/>\n\t<meta property=\"og:image:height\" content=\"500\" \/>\n\t<meta property=\"og:image:type\" content=\"image\/jpeg\" \/>\n<meta name=\"author\" content=\"edicionweb\" \/>\n<meta name=\"twitter:card\" content=\"summary_large_image\" \/>\n<meta name=\"twitter:creator\" content=\"@canal7_slp\" \/>\n<meta name=\"twitter:site\" content=\"@canal7_slp\" \/>\n<meta name=\"twitter:label1\" content=\"Escrito por\" \/>\n\t<meta name=\"twitter:data1\" content=\"edicionweb\" \/>\n\t<meta name=\"twitter:label2\" content=\"Tiempo de lectura\" \/>\n\t<meta name=\"twitter:data2\" content=\"2 minutos\" \/>\n<script type=\"application\/ld+json\" class=\"yoast-schema-graph\">{\"@context\":\"https:\\\/\\\/schema.org\",\"@graph\":[{\"@type\":\"Article\",\"@id\":\"https:\\\/\\\/canal7slp.tv\\\/2019\\\/acnur-revela-cifra-de-70-8-millones-de-personas-refugiadas-o-desplazadas\\\/#article\",\"isPartOf\":{\"@id\":\"https:\\\/\\\/canal7slp.tv\\\/2019\\\/acnur-revela-cifra-de-70-8-millones-de-personas-refugiadas-o-desplazadas\\\/\"},\"author\":{\"name\":\"edicionweb\",\"@id\":\"https:\\\/\\\/canal7slp.tv\\\/2019\\\/#\\\/schema\\\/person\\\/11d941c1c6ca30ac0a46b95fa37aa2e3\"},\"headline\":\"ACNUR revela cifra de 70.8 millones de personas refugiadas o desplazadas\",\"datePublished\":\"2019-06-19T13:08:39+00:00\",\"mainEntityOfPage\":{\"@id\":\"https:\\\/\\\/canal7slp.tv\\\/2019\\\/acnur-revela-cifra-de-70-8-millones-de-personas-refugiadas-o-desplazadas\\\/\"},\"wordCount\":362,\"commentCount\":0,\"publisher\":{\"@id\":\"https:\\\/\\\/canal7slp.tv\\\/2019\\\/#organization\"},\"image\":{\"@id\":\"https:\\\/\\\/canal7slp.tv\\\/2019\\\/acnur-revela-cifra-de-70-8-millones-de-personas-refugiadas-o-desplazadas\\\/#primaryimage\"},\"thumbnailUrl\":\"https:\\\/\\\/canal7slp.tv\\\/2019\\\/wp-content\\\/uploads\\\/2019\\\/06\\\/920-11.jpg\",\"articleSection\":[\"INTERNACIONAL\"],\"inLanguage\":\"es\",\"potentialAction\":[{\"@type\":\"CommentAction\",\"name\":\"Comment\",\"target\":[\"https:\\\/\\\/canal7slp.tv\\\/2019\\\/acnur-revela-cifra-de-70-8-millones-de-personas-refugiadas-o-desplazadas\\\/#respond\"]}]},{\"@type\":\"WebPage\",\"@id\":\"https:\\\/\\\/canal7slp.tv\\\/2019\\\/acnur-revela-cifra-de-70-8-millones-de-personas-refugiadas-o-desplazadas\\\/\",\"url\":\"https:\\\/\\\/canal7slp.tv\\\/2019\\\/acnur-revela-cifra-de-70-8-millones-de-personas-refugiadas-o-desplazadas\\\/\",\"name\":\"ACNUR revela cifra de 70.8 millones de personas refugiadas o desplazadas - Canal 7 SLP - 2019\",\"isPartOf\":{\"@id\":\"https:\\\/\\\/canal7slp.tv\\\/2019\\\/#website\"},\"primaryImageOfPage\":{\"@id\":\"https:\\\/\\\/canal7slp.tv\\\/2019\\\/acnur-revela-cifra-de-70-8-millones-de-personas-refugiadas-o-desplazadas\\\/#primaryimage\"},\"image\":{\"@id\":\"https:\\\/\\\/canal7slp.tv\\\/2019\\\/acnur-revela-cifra-de-70-8-millones-de-personas-refugiadas-o-desplazadas\\\/#primaryimage\"},\"thumbnailUrl\":\"https:\\\/\\\/canal7slp.tv\\\/2019\\\/wp-content\\\/uploads\\\/2019\\\/06\\\/920-11.jpg\",\"datePublished\":\"2019-06-19T13:08:39+00:00\",\"breadcrumb\":{\"@id\":\"https:\\\/\\\/canal7slp.tv\\\/2019\\\/acnur-revela-cifra-de-70-8-millones-de-personas-refugiadas-o-desplazadas\\\/#breadcrumb\"},\"inLanguage\":\"es\",\"potentialAction\":[{\"@type\":\"ReadAction\",\"target\":[\"https:\\\/\\\/canal7slp.tv\\\/2019\\\/acnur-revela-cifra-de-70-8-millones-de-personas-refugiadas-o-desplazadas\\\/\"]}]},{\"@type\":\"ImageObject\",\"inLanguage\":\"es\",\"@id\":\"https:\\\/\\\/canal7slp.tv\\\/2019\\\/acnur-revela-cifra-de-70-8-millones-de-personas-refugiadas-o-desplazadas\\\/#primaryimage\",\"url\":\"https:\\\/\\\/canal7slp.tv\\\/2019\\\/wp-content\\\/uploads\\\/2019\\\/06\\\/920-11.jpg\",\"contentUrl\":\"https:\\\/\\\/canal7slp.tv\\\/2019\\\/wp-content\\\/uploads\\\/2019\\\/06\\\/920-11.jpg\",\"width\":745,\"height\":500},{\"@type\":\"BreadcrumbList\",\"@id\":\"https:\\\/\\\/canal7slp.tv\\\/2019\\\/acnur-revela-cifra-de-70-8-millones-de-personas-refugiadas-o-desplazadas\\\/#breadcrumb\",\"itemListElement\":[{\"@type\":\"ListItem\",\"position\":1,\"name\":\"Home\",\"item\":\"https:\\\/\\\/canal7slp.tv\\\/2019\\\/\"},{\"@type\":\"ListItem\",\"position\":2,\"name\":\"ACNUR revela cifra de 70.8 millones de personas refugiadas o desplazadas\"}]},{\"@type\":\"WebSite\",\"@id\":\"https:\\\/\\\/canal7slp.tv\\\/2019\\\/#website\",\"url\":\"https:\\\/\\\/canal7slp.tv\\\/2019\\\/\",\"name\":\"Canal 7 SLP - Somos TV\",\"description\":\"Somos un Canal de 10\",\"publisher\":{\"@id\":\"https:\\\/\\\/canal7slp.tv\\\/2019\\\/#organization\"},\"potentialAction\":[{\"@type\":\"SearchAction\",\"target\":{\"@type\":\"EntryPoint\",\"urlTemplate\":\"https:\\\/\\\/canal7slp.tv\\\/2019\\\/?s={search_term_string}\"},\"query-input\":{\"@type\":\"PropertyValueSpecification\",\"valueRequired\":true,\"valueName\":\"search_term_string\"}}],\"inLanguage\":\"es\"},{\"@type\":\"Organization\",\"@id\":\"https:\\\/\\\/canal7slp.tv\\\/2019\\\/#organization\",\"name\":\"Comunicaci\u00f3n 2000 S.A. de C.V.\",\"url\":\"https:\\\/\\\/canal7slp.tv\\\/2019\\\/\",\"logo\":{\"@type\":\"ImageObject\",\"inLanguage\":\"es\",\"@id\":\"https:\\\/\\\/canal7slp.tv\\\/2019\\\/#\\\/schema\\\/logo\\\/image\\\/\",\"url\":\"https:\\\/\\\/canal7slp.tv\\\/2019\\\/wp-content\\\/uploads\\\/2019\\\/07\\\/logo-c7.png\",\"contentUrl\":\"https:\\\/\\\/canal7slp.tv\\\/2019\\\/wp-content\\\/uploads\\\/2019\\\/07\\\/logo-c7.png\",\"width\":220,\"height\":60,\"caption\":\"Comunicaci\u00f3n 2000 S.A. de C.V.\"},\"image\":{\"@id\":\"https:\\\/\\\/canal7slp.tv\\\/2019\\\/#\\\/schema\\\/logo\\\/image\\\/\"},\"sameAs\":[\"https:\\\/\\\/www.facebook.com\\\/CANAL7SLP\\\/\",\"https:\\\/\\\/x.com\\\/canal7_slp\",\"https:\\\/\\\/www.instagram.com\\\/canal7_slp\",\"https:\\\/\\\/www.youtube.com\\\/user\\\/NOTICIEROSCANAL7SLP\\\/\"]},{\"@type\":\"Person\",\"@id\":\"https:\\\/\\\/canal7slp.tv\\\/2019\\\/#\\\/schema\\\/person\\\/11d941c1c6ca30ac0a46b95fa37aa2e3\",\"name\":\"edicionweb\",\"image\":{\"@type\":\"ImageObject\",\"inLanguage\":\"es\",\"@id\":\"https:\\\/\\\/secure.gravatar.com\\\/avatar\\\/eee448fc3f7164808013b816ba91ac7e43bbe82a70bebac296f8bc6f0addaa1a?s=96&d=mm&r=g\",\"url\":\"https:\\\/\\\/secure.gravatar.com\\\/avatar\\\/eee448fc3f7164808013b816ba91ac7e43bbe82a70bebac296f8bc6f0addaa1a?s=96&d=mm&r=g\",\"contentUrl\":\"https:\\\/\\\/secure.gravatar.com\\\/avatar\\\/eee448fc3f7164808013b816ba91ac7e43bbe82a70bebac296f8bc6f0addaa1a?s=96&d=mm&r=g\",\"caption\":\"edicionweb\"}}]}<\/script>\n<!-- \/ Yoast SEO plugin. -->","yoast_head_json":{"title":"ACNUR revela cifra de 70.8 millones de personas refugiadas o desplazadas - Canal 7 SLP - 2019","robots":{"index":"index","follow":"follow","max-snippet":"max-snippet:-1","max-image-preview":"max-image-preview:large","max-video-preview":"max-video-preview:-1"},"canonical":"https:\/\/canal7slp.tv\/2019\/acnur-revela-cifra-de-70-8-millones-de-personas-refugiadas-o-desplazadas\/","og_locale":"es_ES","og_type":"article","og_title":"ACNUR revela cifra de 70.8 millones de personas refugiadas o desplazadas - Canal 7 SLP - 2019","og_description":"Ginebra.- El informe anual de la Oficina del Alto Comisionado de las Naciones Unidas para los Refugiados (ACNUR) revel\u00f3 este mi\u00e9rcoles que a fines de 2018 hab\u00eda 70.8 millones de personas desplazadas en el mundo, debido a guerras o persecuciones. ACNUR se\u00f1al\u00f3 que el 2018 fue marcado por el fuerte aumento del desplazamiento interno en [&hellip;]","og_url":"https:\/\/canal7slp.tv\/2019\/acnur-revela-cifra-de-70-8-millones-de-personas-refugiadas-o-desplazadas\/","og_site_name":"Canal 7 SLP - 2019","article_publisher":"https:\/\/www.facebook.com\/CANAL7SLP\/","article_published_time":"2019-06-19T13:08:39+00:00","og_image":[{"width":745,"height":500,"url":"https:\/\/canal7slp.tv\/2019\/wp-content\/uploads\/2019\/06\/920-11.jpg","type":"image\/jpeg"}],"author":"edicionweb","twitter_card":"summary_large_image","twitter_creator":"@canal7_slp","twitter_site":"@canal7_slp","twitter_misc":{"Escrito por":"edicionweb","Tiempo de lectura":"2 minutos"},"schema":{"@context":"https:\/\/schema.org","@graph":[{"@type":"Article","@id":"https:\/\/canal7slp.tv\/2019\/acnur-revela-cifra-de-70-8-millones-de-personas-refugiadas-o-desplazadas\/#article","isPartOf":{"@id":"https:\/\/canal7slp.tv\/2019\/acnur-revela-cifra-de-70-8-millones-de-personas-refugiadas-o-desplazadas\/"},"author":{"name":"edicionweb","@id":"https:\/\/canal7slp.tv\/2019\/#\/schema\/person\/11d941c1c6ca30ac0a46b95fa37aa2e3"},"headline":"ACNUR revela cifra de 70.8 millones de personas refugiadas o desplazadas","datePublished":"2019-06-19T13:08:39+00:00","mainEntityOfPage":{"@id":"https:\/\/canal7slp.tv\/2019\/acnur-revela-cifra-de-70-8-millones-de-personas-refugiadas-o-desplazadas\/"},"wordCount":362,"commentCount":0,"publisher":{"@id":"https:\/\/canal7slp.tv\/2019\/#organization"},"image":{"@id":"https:\/\/canal7slp.tv\/2019\/acnur-revela-cifra-de-70-8-millones-de-personas-refugiadas-o-desplazadas\/#primaryimage"},"thumbnailUrl":"https:\/\/canal7slp.tv\/2019\/wp-content\/uploads\/2019\/06\/920-11.jpg","articleSection":["INTERNACIONAL"],"inLanguage":"es","potentialAction":[{"@type":"CommentAction","name":"Comment","target":["https:\/\/canal7slp.tv\/2019\/acnur-revela-cifra-de-70-8-millones-de-personas-refugiadas-o-desplazadas\/#respond"]}]},{"@type":"WebPage","@id":"https:\/\/canal7slp.tv\/2019\/acnur-revela-cifra-de-70-8-millones-de-personas-refugiadas-o-desplazadas\/","url":"https:\/\/canal7slp.tv\/2019\/acnur-revela-cifra-de-70-8-millones-de-personas-refugiadas-o-desplazadas\/","name":"ACNUR revela cifra de 70.8 millones de personas refugiadas o desplazadas - Canal 7 SLP - 2019","isPartOf":{"@id":"https:\/\/canal7slp.tv\/2019\/#website"},"primaryImageOfPage":{"@id":"https:\/\/canal7slp.tv\/2019\/acnur-revela-cifra-de-70-8-millones-de-personas-refugiadas-o-desplazadas\/#primaryimage"},"image":{"@id":"https:\/\/canal7slp.tv\/2019\/acnur-revela-cifra-de-70-8-millones-de-personas-refugiadas-o-desplazadas\/#primaryimage"},"thumbnailUrl":"https:\/\/canal7slp.tv\/2019\/wp-content\/uploads\/2019\/06\/920-11.jpg","datePublished":"2019-06-19T13:08:39+00:00","breadcrumb":{"@id":"https:\/\/canal7slp.tv\/2019\/acnur-revela-cifra-de-70-8-millones-de-personas-refugiadas-o-desplazadas\/#breadcrumb"},"inLanguage":"es","potentialAction":[{"@type":"ReadAction","target":["https:\/\/canal7slp.tv\/2019\/acnur-revela-cifra-de-70-8-millones-de-personas-refugiadas-o-desplazadas\/"]}]},{"@type":"ImageObject","inLanguage":"es","@id":"https:\/\/canal7slp.tv\/2019\/acnur-revela-cifra-de-70-8-millones-de-personas-refugiadas-o-desplazadas\/#primaryimage","url":"https:\/\/canal7slp.tv\/2019\/wp-content\/uploads\/2019\/06\/920-11.jpg","contentUrl":"https:\/\/canal7slp.tv\/2019\/wp-content\/uploads\/2019\/06\/920-11.jpg","width":745,"height":500},{"@type":"BreadcrumbList","@id":"https:\/\/canal7slp.tv\/2019\/acnur-revela-cifra-de-70-8-millones-de-personas-refugiadas-o-desplazadas\/#breadcrumb","itemListElement":[{"@type":"ListItem","position":1,"name":"Home","item":"https:\/\/canal7slp.tv\/2019\/"},{"@type":"ListItem","position":2,"name":"ACNUR revela cifra de 70.8 millones de personas refugiadas o desplazadas"}]},{"@type":"WebSite","@id":"https:\/\/canal7slp.tv\/2019\/#website","url":"https:\/\/canal7slp.tv\/2019\/","name":"Canal 7 SLP - Somos TV","description":"Somos un Canal de 10","publisher":{"@id":"https:\/\/canal7slp.tv\/2019\/#organization"},"potentialAction":[{"@type":"SearchAction","target":{"@type":"EntryPoint","urlTemplate":"https:\/\/canal7slp.tv\/2019\/?s={search_term_string}"},"query-input":{"@type":"PropertyValueSpecification","valueRequired":true,"valueName":"search_term_string"}}],"inLanguage":"es"},{"@type":"Organization","@id":"https:\/\/canal7slp.tv\/2019\/#organization","name":"Comunicaci\u00f3n 2000 S.A. de C.V.","url":"https:\/\/canal7slp.tv\/2019\/","logo":{"@type":"ImageObject","inLanguage":"es","@id":"https:\/\/canal7slp.tv\/2019\/#\/schema\/logo\/image\/","url":"https:\/\/canal7slp.tv\/2019\/wp-content\/uploads\/2019\/07\/logo-c7.png","contentUrl":"https:\/\/canal7slp.tv\/2019\/wp-content\/uploads\/2019\/07\/logo-c7.png","width":220,"height":60,"caption":"Comunicaci\u00f3n 2000 S.A. de C.V."},"image":{"@id":"https:\/\/canal7slp.tv\/2019\/#\/schema\/logo\/image\/"},"sameAs":["https:\/\/www.facebook.com\/CANAL7SLP\/","https:\/\/x.com\/canal7_slp","https:\/\/www.instagram.com\/canal7_slp","https:\/\/www.youtube.com\/user\/NOTICIEROSCANAL7SLP\/"]},{"@type":"Person","@id":"https:\/\/canal7slp.tv\/2019\/#\/schema\/person\/11d941c1c6ca30ac0a46b95fa37aa2e3","name":"edicionweb","image":{"@type":"ImageObject","inLanguage":"es","@id":"https:\/\/secure.gravatar.com\/avatar\/eee448fc3f7164808013b816ba91ac7e43bbe82a70bebac296f8bc6f0addaa1a?s=96&d=mm&r=g","url":"https:\/\/secure.gravatar.com\/avatar\/eee448fc3f7164808013b816ba91ac7e43bbe82a70bebac296f8bc6f0addaa1a?s=96&d=mm&r=g","contentUrl":"https:\/\/secure.gravatar.com\/avatar\/eee448fc3f7164808013b816ba91ac7e43bbe82a70bebac296f8bc6f0addaa1a?s=96&d=mm&r=g","caption":"edicionweb"}}]}},"amp_enabled":true,"cmb2":{"video_ids_in_playlist":{"vid_p_videos":""},"video_ids_in_channel":{"vid_c_videos":""},"playlist_ids_in_channel":{"vid_c_playlists":""},"series_ids_in_channel":{"vid_c_series":""},"channel_images":{"vid_c_logo":"","vid_c_banner":""},"poster_feature_image":{"vid_m_poster_image":""},"gif_feature_image":{"vid_m_gif_image":""},"video_movie_settings":{"vid_m_director":"","vid_m_actor":"","vid_m_imdb_ratings":"","vid_m_amazon_associates":""},"vid_youtube_broadcasts_settings":{"vid_yb_broadcast_title":"","vid_yb_q":"","vid_yb_channelid":"","vid_yb_videocategoryid":"","vid_yb_maxresults":"","vid_yb_order":"","vid_yb_regioncode":"","vid_yb_videosyndicated":"","vid_yb_style":"","vid_yb_reload_first":""},"video_series_settings":{"vid_m_director":"","vid_m_actor":"","vid_m_imdb_ratings":"","video_series_group":""},"amazon_associates_settings":{"amazon_associates":"","amazon_native_ad":""},"vid_youtube_automatic_settings":{"vid_ya_youtube_source":"","vid_ya_update_every":"","vid_ya_update_unit":"","vid_ya_categories":"","vid_ya_published_after":"","vid_ya_published_before":"","vid_ya_playlists":"","vid_ya_channels":"","vid_ya_director":"","vid_ya_actor":"","vid_ya_author":"","vid_ya_import_post_date":"","vid_ya_status":"","vid_ya_sub_api_key":""},"vid_ads_m_videoads_settings_post":{"vid_ads_m_video_ads":"","vid_ads_m_video_ads_type":"","vid_ads_m_group_google_ima":"","vid_ads_m_group_image":"","vid_ads_m_group_html5_video":"","vid_ads_m_group_html":"","vid_ads_m_vast_preroll":"","vid_ads_m_vast_postroll":"","vid_ads_m_vast_pauseroll":"","vid_ads_m_vast_midroll":[{"vid_ads_m_vast_timer_seconds":"50"}],"vid_ads_m_time_to_show_ads":"","vid_ads_m_time_skip_ads":"","vid_ads_m_time_to_hide_ads":""},"page_slider_settings":{"display_slider_group":"","page_slider_group":""},"blog_page_settings":{"blog_page_title":"","blog_page_heading":"","blog_page_ic":"","blog_page_it":"","blog_page_ec":"","blog_page_ip":"","archive_loop_style":"","blog_image_ratio":"","blog_show_categories":"","blog_show_excerpt":"","blog_show_author":"","blog_show_date":"","blog_show_comment_count":"","blog_show_view_count":"","blog_show_like_count":"","blog_show_dislike_count":"","blog_items_per_page":"","blog_pag_type":""},"page_options":{"get_page_template":"","color_mode":"","main_layout":"","main_layout_full_with":"","main_logo":"","main_logo_retina":"","main_logo_mobile":"","main_logo_mobile_retina":"","sticky_logo":"","sticky_logo_retina":"","main_nav_layout":"","ajax_search":"","header_background":"","theme_sidebar":"","instagram_feed":"","instagram_feed_position":"","popular_videos":"","popular_videos_title_1":"","popular_videos_title_2":"","popular_videos_ic":"","popular_videos_it":"","theme_background":"","page_custom_css":""},"feature_image_settings":{"feature_image_position":""},"video_player_settings":{"single_video_style":"","video_player_position":"","vm_video_url":"","video_player_library":"","video_streaming":"","vm_media_sources":"","vid_auto_play":"","vm_video_shortcode":"","vid_p_sync_playlist":"","vid_c_sync_channel":"","get_post_format":"","multiple_links_structure":"default","multi_links_title":"","vm_video_multi_links":"","vm_duration":"","vid_social_locker":"off","vid_social_locker_id":"","vid_membership_action":"content-video","vm_video_trailer_url":"","vid_download_type":"free","vid_download_target":"download","vid_woo_product":"","vm_media_download":"","user_rating":"","user_rating_position":"","user_rating_mode":"","user_rating_multi_sets":""},"video_auto_fetch_settings":{"vm_video_fetch":"on"},"video_fake_views_likes":{"vm_fake_views":"","vm_fake_likes":"","vm_fake_dislikes":""},"gallery_settings":{"gallery_position":""},"quote_settings":{"quote_position":""},"post_options":{"main_layout":"","main_logo":"","main_logo_retina":"","main_logo_mobile":"","main_logo_mobile_retina":"","sticky_logo":"","sticky_logo_retina":"","main_nav_layout":"","header_background":"","theme_sidebar":"","single_post_comment_type":"","theme_background":""}},"_links":{"self":[{"href":"https:\/\/canal7slp.tv\/2019\/wp-json\/wp\/v2\/posts\/17844","targetHints":{"allow":["GET"]}}],"collection":[{"href":"https:\/\/canal7slp.tv\/2019\/wp-json\/wp\/v2\/posts"}],"about":[{"href":"https:\/\/canal7slp.tv\/2019\/wp-json\/wp\/v2\/types\/post"}],"author":[{"embeddable":true,"href":"https:\/\/canal7slp.tv\/2019\/wp-json\/wp\/v2\/users\/2"}],"replies":[{"embeddable":true,"href":"https:\/\/canal7slp.tv\/2019\/wp-json\/wp\/v2\/comments?post=17844"}],"version-history":[{"count":0,"href":"https:\/\/canal7slp.tv\/2019\/wp-json\/wp\/v2\/posts\/17844\/revisions"}],"wp:featuredmedia":[{"embeddable":true,"href":"https:\/\/canal7slp.tv\/2019\/wp-json\/wp\/v2\/media\/17845"}],"wp:attachment":[{"href":"https:\/\/canal7slp.tv\/2019\/wp-json\/wp\/v2\/media?parent=17844"}],"wp:term":[{"taxonomy":"category","embeddable":true,"href":"https:\/\/canal7slp.tv\/2019\/wp-json\/wp\/v2\/categories?post=17844"},{"taxonomy":"post_tag","embeddable":true,"href":"https:\/\/canal7slp.tv\/2019\/wp-json\/wp\/v2\/tags?post=17844"}],"curies":[{"name":"wp","href":"https:\/\/api.w.org\/{rel}","templated":true}]}}