{"id":17510,"date":"2019-06-18T19:10:06","date_gmt":"2019-06-19T00:10:06","guid":{"rendered":"https:\/\/canal7slp.tv\/2019\/?p=17510"},"modified":"2019-08-21T15:56:57","modified_gmt":"2019-08-21T20:56:57","slug":"jm-carreras-refrenda-su-compromiso-con-la-libertad-de-expresion","status":"publish","type":"post","link":"https:\/\/canal7slp.tv\/2019\/jm-carreras-refrenda-su-compromiso-con-la-libertad-de-expresion\/","title":{"rendered":"JM Carreras refrenda su compromiso con la libertad de expresi\u00f3n"},"content":{"rendered":"<p style=\"text-align: justify\">SLP.- El Gobernador del Estado, Juan Manuel Carreras L\u00f3pez, reiter\u00f3 su compromiso con el ejercicio de la libertad de expresi\u00f3n, luego de sostener un encuentro con las y los integrantes del comit\u00e9, jurado y ganadores del Premio Estatal de Periodismo 2019.<\/p>\n<p style=\"text-align: justify\">El titular del Ejecutivo, acompa\u00f1ado por el Coordinador de Comunicaci\u00f3n Social, Ra\u00fal Camacho Mu\u00f1oz, indic\u00f3 que estar\u00e1 atento a las propuestas que fortalezcan y actualicen el Premio Estatal de periodismo, ya que tiene que adecuarse a las nuevas plataformas digitales.<\/p>\n<p style=\"text-align: justify\">Asegur\u00f3 que es una labor que debe continuar para fortalecer la democracia, y aprovech\u00f3 la ocasi\u00f3n para reiterar su completo respeto a la libertad de expresi\u00f3n y su reconocimiento a la tarea de cada uno de los presentes en los medios de comunicaci\u00f3n.<\/p>\n<p>El secretario del jurado calificador, Filiberto Ju\u00e1rez C\u00f3rdova, agradeci\u00f3 a Carreras L\u00f3pez por el acercamiento, y expres\u00f3 que siempre es necesaria una buena relaci\u00f3n de las autoridades con los medios de comunicaci\u00f3n para el manejo informativo, y los gobernantes deben abrirse al buen ejercicio de la libertad de expresi\u00f3n, en beneficio de la ciudadan\u00eda.<\/p>\n<p>Propuso al mandatario, un espacio para plantear sus propuestas y opiniones, ya que el Premio Estatal de Periodismo se transform\u00f3 hace 9 a\u00f1os y considera es momento de continuar transform\u00e1ndolo, sobre todo, valorar el periodismo digital y otras expresiones de ese tipo, as\u00ed como actualizaci\u00f3n de los g\u00e9neros.<\/p>\n<p>Por su parte, el integrante del jurado calificador, Jos\u00e9 Alem\u00e1n, comparti\u00f3 sus experiencias, y propuso la creaci\u00f3n de subcomisiones para categor\u00edas muy especializadas como la de cr\u00f3nica deportiva; tambi\u00e9n propuso la posibilidad de entregar un premio para plataformas digitales, con candados para que se premie la actividad period\u00edstica seria, as\u00ed como la participaci\u00f3n de un solo representante de cada medio de comunicaci\u00f3n, para mayor legitimizaci\u00f3n.<\/p>\n<p style=\"text-align: justify\">Plante\u00f3 la necesidad de crear un fondo por parte del Ejecutivo Estatal, para apoyo de los trabajadores de medios de comunicaci\u00f3n, ya que no cuentan con seguridad social y est\u00e1n en la orfandad laboral, en caso de padecer alguna eventualidad f\u00edsica.<\/p>\n<p>El ganador al M\u00e9rito Period\u00edstico, Pedro Cervantes Roque, agradeci\u00f3 al gobernador su cercan\u00eda y manifest\u00f3 su deseo de que la relaci\u00f3n prensa gobierno contin\u00fae siendo respetuosa, y que haya un entendimiento de cada uno de los actores de la sociedad que interact\u00faan en beneficio de una comunidad siempre en espera de un futuro mejor.<\/p>\n<p>Participaron en la reuni\u00f3n Ernesto Anguiano, Presidente del Comit\u00e9 Organizador del Premio Estatal de Periodismo y el Secretario<\/p>\n","protected":false},"excerpt":{"rendered":"<p>SLP.- El Gobernador del Estado, Juan Manuel Carreras L\u00f3pez, reiter\u00f3 su compromiso con el ejercicio de la libertad de expresi\u00f3n, luego de sostener un encuentro con las y los integrantes del comit\u00e9, jurado y ganadores del Premio Estatal de Periodismo 2019. El titular del Ejecutivo, acompa\u00f1ado por el Coordinador de Comunicaci\u00f3n Social, Ra\u00fal Camacho Mu\u00f1oz, [&hellip;]<\/p>\n","protected":false},"author":2,"featured_media":17530,"comment_status":"open","ping_status":"closed","sticky":false,"template":"","format":"standard","meta":{"footnotes":""},"categories":[17],"tags":[111,151],"class_list":["post-17510","post","type-post","status-publish","format-standard","has-post-thumbnail","hentry","category-localesyregionales","tag-gobierno-slp","tag-jmcl"],"yoast_head":"<!-- This site is optimized with the Yoast SEO plugin v27.5 - https:\/\/yoast.com\/product\/yoast-seo-wordpress\/ -->\n<title>JM Carreras refrenda su compromiso con la libertad de expresi\u00f3n - Canal 7 SLP - 2019<\/title>\n<meta name=\"robots\" content=\"index, follow, max-snippet:-1, max-image-preview:large, max-video-preview:-1\" \/>\n<link rel=\"canonical\" href=\"https:\/\/canal7slp.tv\/2019\/jm-carreras-refrenda-su-compromiso-con-la-libertad-de-expresion\/\" \/>\n<meta property=\"og:locale\" content=\"es_ES\" \/>\n<meta property=\"og:type\" content=\"article\" \/>\n<meta property=\"og:title\" content=\"JM Carreras refrenda su compromiso con la libertad de expresi\u00f3n - Canal 7 SLP - 2019\" \/>\n<meta property=\"og:description\" content=\"SLP.- El Gobernador del Estado, Juan Manuel Carreras L\u00f3pez, reiter\u00f3 su compromiso con el ejercicio de la libertad de expresi\u00f3n, luego de sostener un encuentro con las y los integrantes del comit\u00e9, jurado y ganadores del Premio Estatal de Periodismo 2019. El titular del Ejecutivo, acompa\u00f1ado por el Coordinador de Comunicaci\u00f3n Social, Ra\u00fal Camacho Mu\u00f1oz, [&hellip;]\" \/>\n<meta property=\"og:url\" content=\"https:\/\/canal7slp.tv\/2019\/jm-carreras-refrenda-su-compromiso-con-la-libertad-de-expresion\/\" \/>\n<meta property=\"og:site_name\" content=\"Canal 7 SLP - 2019\" \/>\n<meta property=\"article:publisher\" content=\"https:\/\/www.facebook.com\/CANAL7SLP\/\" \/>\n<meta property=\"article:published_time\" content=\"2019-06-19T00:10:06+00:00\" \/>\n<meta property=\"article:modified_time\" content=\"2019-08-21T20:56:57+00:00\" \/>\n<meta property=\"og:image\" content=\"https:\/\/canal7slp.tv\/2019\/wp-content\/uploads\/2019\/06\/GobiernoJMCLPeriodistas.jpeg\" \/>\n\t<meta property=\"og:image:width\" content=\"800\" \/>\n\t<meta property=\"og:image:height\" content=\"533\" \/>\n\t<meta property=\"og:image:type\" content=\"image\/jpeg\" \/>\n<meta name=\"author\" content=\"edicionweb\" \/>\n<meta name=\"twitter:card\" content=\"summary_large_image\" \/>\n<meta name=\"twitter:creator\" content=\"@canal7_slp\" \/>\n<meta name=\"twitter:site\" content=\"@canal7_slp\" \/>\n<meta name=\"twitter:label1\" content=\"Escrito por\" \/>\n\t<meta name=\"twitter:data1\" content=\"edicionweb\" \/>\n\t<meta name=\"twitter:label2\" content=\"Tiempo de lectura\" \/>\n\t<meta name=\"twitter:data2\" content=\"2 minutos\" \/>\n<script type=\"application\/ld+json\" class=\"yoast-schema-graph\">{\"@context\":\"https:\\\/\\\/schema.org\",\"@graph\":[{\"@type\":\"Article\",\"@id\":\"https:\\\/\\\/canal7slp.tv\\\/2019\\\/jm-carreras-refrenda-su-compromiso-con-la-libertad-de-expresion\\\/#article\",\"isPartOf\":{\"@id\":\"https:\\\/\\\/canal7slp.tv\\\/2019\\\/jm-carreras-refrenda-su-compromiso-con-la-libertad-de-expresion\\\/\"},\"author\":{\"name\":\"edicionweb\",\"@id\":\"https:\\\/\\\/canal7slp.tv\\\/2019\\\/#\\\/schema\\\/person\\\/11d941c1c6ca30ac0a46b95fa37aa2e3\"},\"headline\":\"JM Carreras refrenda su compromiso con la libertad de expresi\u00f3n\",\"datePublished\":\"2019-06-19T00:10:06+00:00\",\"dateModified\":\"2019-08-21T20:56:57+00:00\",\"mainEntityOfPage\":{\"@id\":\"https:\\\/\\\/canal7slp.tv\\\/2019\\\/jm-carreras-refrenda-su-compromiso-con-la-libertad-de-expresion\\\/\"},\"wordCount\":453,\"commentCount\":0,\"publisher\":{\"@id\":\"https:\\\/\\\/canal7slp.tv\\\/2019\\\/#organization\"},\"image\":{\"@id\":\"https:\\\/\\\/canal7slp.tv\\\/2019\\\/jm-carreras-refrenda-su-compromiso-con-la-libertad-de-expresion\\\/#primaryimage\"},\"thumbnailUrl\":\"https:\\\/\\\/canal7slp.tv\\\/2019\\\/wp-content\\\/uploads\\\/2019\\\/06\\\/GobiernoJMCLPeriodistas.jpeg\",\"keywords\":[\"Gobierno SLP\",\"JMCL\"],\"articleSection\":[\"LOCALES Y REGIONALES\"],\"inLanguage\":\"es\",\"potentialAction\":[{\"@type\":\"CommentAction\",\"name\":\"Comment\",\"target\":[\"https:\\\/\\\/canal7slp.tv\\\/2019\\\/jm-carreras-refrenda-su-compromiso-con-la-libertad-de-expresion\\\/#respond\"]}]},{\"@type\":\"WebPage\",\"@id\":\"https:\\\/\\\/canal7slp.tv\\\/2019\\\/jm-carreras-refrenda-su-compromiso-con-la-libertad-de-expresion\\\/\",\"url\":\"https:\\\/\\\/canal7slp.tv\\\/2019\\\/jm-carreras-refrenda-su-compromiso-con-la-libertad-de-expresion\\\/\",\"name\":\"JM Carreras refrenda su compromiso con la libertad de expresi\u00f3n - Canal 7 SLP - 2019\",\"isPartOf\":{\"@id\":\"https:\\\/\\\/canal7slp.tv\\\/2019\\\/#website\"},\"primaryImageOfPage\":{\"@id\":\"https:\\\/\\\/canal7slp.tv\\\/2019\\\/jm-carreras-refrenda-su-compromiso-con-la-libertad-de-expresion\\\/#primaryimage\"},\"image\":{\"@id\":\"https:\\\/\\\/canal7slp.tv\\\/2019\\\/jm-carreras-refrenda-su-compromiso-con-la-libertad-de-expresion\\\/#primaryimage\"},\"thumbnailUrl\":\"https:\\\/\\\/canal7slp.tv\\\/2019\\\/wp-content\\\/uploads\\\/2019\\\/06\\\/GobiernoJMCLPeriodistas.jpeg\",\"datePublished\":\"2019-06-19T00:10:06+00:00\",\"dateModified\":\"2019-08-21T20:56:57+00:00\",\"breadcrumb\":{\"@id\":\"https:\\\/\\\/canal7slp.tv\\\/2019\\\/jm-carreras-refrenda-su-compromiso-con-la-libertad-de-expresion\\\/#breadcrumb\"},\"inLanguage\":\"es\",\"potentialAction\":[{\"@type\":\"ReadAction\",\"target\":[\"https:\\\/\\\/canal7slp.tv\\\/2019\\\/jm-carreras-refrenda-su-compromiso-con-la-libertad-de-expresion\\\/\"]}]},{\"@type\":\"ImageObject\",\"inLanguage\":\"es\",\"@id\":\"https:\\\/\\\/canal7slp.tv\\\/2019\\\/jm-carreras-refrenda-su-compromiso-con-la-libertad-de-expresion\\\/#primaryimage\",\"url\":\"https:\\\/\\\/canal7slp.tv\\\/2019\\\/wp-content\\\/uploads\\\/2019\\\/06\\\/GobiernoJMCLPeriodistas.jpeg\",\"contentUrl\":\"https:\\\/\\\/canal7slp.tv\\\/2019\\\/wp-content\\\/uploads\\\/2019\\\/06\\\/GobiernoJMCLPeriodistas.jpeg\",\"width\":800,\"height\":533},{\"@type\":\"BreadcrumbList\",\"@id\":\"https:\\\/\\\/canal7slp.tv\\\/2019\\\/jm-carreras-refrenda-su-compromiso-con-la-libertad-de-expresion\\\/#breadcrumb\",\"itemListElement\":[{\"@type\":\"ListItem\",\"position\":1,\"name\":\"Home\",\"item\":\"https:\\\/\\\/canal7slp.tv\\\/2019\\\/\"},{\"@type\":\"ListItem\",\"position\":2,\"name\":\"JM Carreras refrenda su compromiso con la libertad de expresi\u00f3n\"}]},{\"@type\":\"WebSite\",\"@id\":\"https:\\\/\\\/canal7slp.tv\\\/2019\\\/#website\",\"url\":\"https:\\\/\\\/canal7slp.tv\\\/2019\\\/\",\"name\":\"Canal 7 SLP - Somos TV\",\"description\":\"Somos un Canal de 10\",\"publisher\":{\"@id\":\"https:\\\/\\\/canal7slp.tv\\\/2019\\\/#organization\"},\"potentialAction\":[{\"@type\":\"SearchAction\",\"target\":{\"@type\":\"EntryPoint\",\"urlTemplate\":\"https:\\\/\\\/canal7slp.tv\\\/2019\\\/?s={search_term_string}\"},\"query-input\":{\"@type\":\"PropertyValueSpecification\",\"valueRequired\":true,\"valueName\":\"search_term_string\"}}],\"inLanguage\":\"es\"},{\"@type\":\"Organization\",\"@id\":\"https:\\\/\\\/canal7slp.tv\\\/2019\\\/#organization\",\"name\":\"Comunicaci\u00f3n 2000 S.A. de C.V.\",\"url\":\"https:\\\/\\\/canal7slp.tv\\\/2019\\\/\",\"logo\":{\"@type\":\"ImageObject\",\"inLanguage\":\"es\",\"@id\":\"https:\\\/\\\/canal7slp.tv\\\/2019\\\/#\\\/schema\\\/logo\\\/image\\\/\",\"url\":\"https:\\\/\\\/canal7slp.tv\\\/2019\\\/wp-content\\\/uploads\\\/2019\\\/07\\\/logo-c7.png\",\"contentUrl\":\"https:\\\/\\\/canal7slp.tv\\\/2019\\\/wp-content\\\/uploads\\\/2019\\\/07\\\/logo-c7.png\",\"width\":220,\"height\":60,\"caption\":\"Comunicaci\u00f3n 2000 S.A. de C.V.\"},\"image\":{\"@id\":\"https:\\\/\\\/canal7slp.tv\\\/2019\\\/#\\\/schema\\\/logo\\\/image\\\/\"},\"sameAs\":[\"https:\\\/\\\/www.facebook.com\\\/CANAL7SLP\\\/\",\"https:\\\/\\\/x.com\\\/canal7_slp\",\"https:\\\/\\\/www.instagram.com\\\/canal7_slp\",\"https:\\\/\\\/www.youtube.com\\\/user\\\/NOTICIEROSCANAL7SLP\\\/\"]},{\"@type\":\"Person\",\"@id\":\"https:\\\/\\\/canal7slp.tv\\\/2019\\\/#\\\/schema\\\/person\\\/11d941c1c6ca30ac0a46b95fa37aa2e3\",\"name\":\"edicionweb\",\"image\":{\"@type\":\"ImageObject\",\"inLanguage\":\"es\",\"@id\":\"https:\\\/\\\/secure.gravatar.com\\\/avatar\\\/eee448fc3f7164808013b816ba91ac7e43bbe82a70bebac296f8bc6f0addaa1a?s=96&d=mm&r=g\",\"url\":\"https:\\\/\\\/secure.gravatar.com\\\/avatar\\\/eee448fc3f7164808013b816ba91ac7e43bbe82a70bebac296f8bc6f0addaa1a?s=96&d=mm&r=g\",\"contentUrl\":\"https:\\\/\\\/secure.gravatar.com\\\/avatar\\\/eee448fc3f7164808013b816ba91ac7e43bbe82a70bebac296f8bc6f0addaa1a?s=96&d=mm&r=g\",\"caption\":\"edicionweb\"}}]}<\/script>\n<!-- \/ Yoast SEO plugin. -->","yoast_head_json":{"title":"JM Carreras refrenda su compromiso con la libertad de expresi\u00f3n - Canal 7 SLP - 2019","robots":{"index":"index","follow":"follow","max-snippet":"max-snippet:-1","max-image-preview":"max-image-preview:large","max-video-preview":"max-video-preview:-1"},"canonical":"https:\/\/canal7slp.tv\/2019\/jm-carreras-refrenda-su-compromiso-con-la-libertad-de-expresion\/","og_locale":"es_ES","og_type":"article","og_title":"JM Carreras refrenda su compromiso con la libertad de expresi\u00f3n - Canal 7 SLP - 2019","og_description":"SLP.- El Gobernador del Estado, Juan Manuel Carreras L\u00f3pez, reiter\u00f3 su compromiso con el ejercicio de la libertad de expresi\u00f3n, luego de sostener un encuentro con las y los integrantes del comit\u00e9, jurado y ganadores del Premio Estatal de Periodismo 2019. El titular del Ejecutivo, acompa\u00f1ado por el Coordinador de Comunicaci\u00f3n Social, Ra\u00fal Camacho Mu\u00f1oz, [&hellip;]","og_url":"https:\/\/canal7slp.tv\/2019\/jm-carreras-refrenda-su-compromiso-con-la-libertad-de-expresion\/","og_site_name":"Canal 7 SLP - 2019","article_publisher":"https:\/\/www.facebook.com\/CANAL7SLP\/","article_published_time":"2019-06-19T00:10:06+00:00","article_modified_time":"2019-08-21T20:56:57+00:00","og_image":[{"width":800,"height":533,"url":"https:\/\/canal7slp.tv\/2019\/wp-content\/uploads\/2019\/06\/GobiernoJMCLPeriodistas.jpeg","type":"image\/jpeg"}],"author":"edicionweb","twitter_card":"summary_large_image","twitter_creator":"@canal7_slp","twitter_site":"@canal7_slp","twitter_misc":{"Escrito por":"edicionweb","Tiempo de lectura":"2 minutos"},"schema":{"@context":"https:\/\/schema.org","@graph":[{"@type":"Article","@id":"https:\/\/canal7slp.tv\/2019\/jm-carreras-refrenda-su-compromiso-con-la-libertad-de-expresion\/#article","isPartOf":{"@id":"https:\/\/canal7slp.tv\/2019\/jm-carreras-refrenda-su-compromiso-con-la-libertad-de-expresion\/"},"author":{"name":"edicionweb","@id":"https:\/\/canal7slp.tv\/2019\/#\/schema\/person\/11d941c1c6ca30ac0a46b95fa37aa2e3"},"headline":"JM Carreras refrenda su compromiso con la libertad de expresi\u00f3n","datePublished":"2019-06-19T00:10:06+00:00","dateModified":"2019-08-21T20:56:57+00:00","mainEntityOfPage":{"@id":"https:\/\/canal7slp.tv\/2019\/jm-carreras-refrenda-su-compromiso-con-la-libertad-de-expresion\/"},"wordCount":453,"commentCount":0,"publisher":{"@id":"https:\/\/canal7slp.tv\/2019\/#organization"},"image":{"@id":"https:\/\/canal7slp.tv\/2019\/jm-carreras-refrenda-su-compromiso-con-la-libertad-de-expresion\/#primaryimage"},"thumbnailUrl":"https:\/\/canal7slp.tv\/2019\/wp-content\/uploads\/2019\/06\/GobiernoJMCLPeriodistas.jpeg","keywords":["Gobierno SLP","JMCL"],"articleSection":["LOCALES Y REGIONALES"],"inLanguage":"es","potentialAction":[{"@type":"CommentAction","name":"Comment","target":["https:\/\/canal7slp.tv\/2019\/jm-carreras-refrenda-su-compromiso-con-la-libertad-de-expresion\/#respond"]}]},{"@type":"WebPage","@id":"https:\/\/canal7slp.tv\/2019\/jm-carreras-refrenda-su-compromiso-con-la-libertad-de-expresion\/","url":"https:\/\/canal7slp.tv\/2019\/jm-carreras-refrenda-su-compromiso-con-la-libertad-de-expresion\/","name":"JM Carreras refrenda su compromiso con la libertad de expresi\u00f3n - Canal 7 SLP - 2019","isPartOf":{"@id":"https:\/\/canal7slp.tv\/2019\/#website"},"primaryImageOfPage":{"@id":"https:\/\/canal7slp.tv\/2019\/jm-carreras-refrenda-su-compromiso-con-la-libertad-de-expresion\/#primaryimage"},"image":{"@id":"https:\/\/canal7slp.tv\/2019\/jm-carreras-refrenda-su-compromiso-con-la-libertad-de-expresion\/#primaryimage"},"thumbnailUrl":"https:\/\/canal7slp.tv\/2019\/wp-content\/uploads\/2019\/06\/GobiernoJMCLPeriodistas.jpeg","datePublished":"2019-06-19T00:10:06+00:00","dateModified":"2019-08-21T20:56:57+00:00","breadcrumb":{"@id":"https:\/\/canal7slp.tv\/2019\/jm-carreras-refrenda-su-compromiso-con-la-libertad-de-expresion\/#breadcrumb"},"inLanguage":"es","potentialAction":[{"@type":"ReadAction","target":["https:\/\/canal7slp.tv\/2019\/jm-carreras-refrenda-su-compromiso-con-la-libertad-de-expresion\/"]}]},{"@type":"ImageObject","inLanguage":"es","@id":"https:\/\/canal7slp.tv\/2019\/jm-carreras-refrenda-su-compromiso-con-la-libertad-de-expresion\/#primaryimage","url":"https:\/\/canal7slp.tv\/2019\/wp-content\/uploads\/2019\/06\/GobiernoJMCLPeriodistas.jpeg","contentUrl":"https:\/\/canal7slp.tv\/2019\/wp-content\/uploads\/2019\/06\/GobiernoJMCLPeriodistas.jpeg","width":800,"height":533},{"@type":"BreadcrumbList","@id":"https:\/\/canal7slp.tv\/2019\/jm-carreras-refrenda-su-compromiso-con-la-libertad-de-expresion\/#breadcrumb","itemListElement":[{"@type":"ListItem","position":1,"name":"Home","item":"https:\/\/canal7slp.tv\/2019\/"},{"@type":"ListItem","position":2,"name":"JM Carreras refrenda su compromiso con la libertad de expresi\u00f3n"}]},{"@type":"WebSite","@id":"https:\/\/canal7slp.tv\/2019\/#website","url":"https:\/\/canal7slp.tv\/2019\/","name":"Canal 7 SLP - Somos TV","description":"Somos un Canal de 10","publisher":{"@id":"https:\/\/canal7slp.tv\/2019\/#organization"},"potentialAction":[{"@type":"SearchAction","target":{"@type":"EntryPoint","urlTemplate":"https:\/\/canal7slp.tv\/2019\/?s={search_term_string}"},"query-input":{"@type":"PropertyValueSpecification","valueRequired":true,"valueName":"search_term_string"}}],"inLanguage":"es"},{"@type":"Organization","@id":"https:\/\/canal7slp.tv\/2019\/#organization","name":"Comunicaci\u00f3n 2000 S.A. de C.V.","url":"https:\/\/canal7slp.tv\/2019\/","logo":{"@type":"ImageObject","inLanguage":"es","@id":"https:\/\/canal7slp.tv\/2019\/#\/schema\/logo\/image\/","url":"https:\/\/canal7slp.tv\/2019\/wp-content\/uploads\/2019\/07\/logo-c7.png","contentUrl":"https:\/\/canal7slp.tv\/2019\/wp-content\/uploads\/2019\/07\/logo-c7.png","width":220,"height":60,"caption":"Comunicaci\u00f3n 2000 S.A. de C.V."},"image":{"@id":"https:\/\/canal7slp.tv\/2019\/#\/schema\/logo\/image\/"},"sameAs":["https:\/\/www.facebook.com\/CANAL7SLP\/","https:\/\/x.com\/canal7_slp","https:\/\/www.instagram.com\/canal7_slp","https:\/\/www.youtube.com\/user\/NOTICIEROSCANAL7SLP\/"]},{"@type":"Person","@id":"https:\/\/canal7slp.tv\/2019\/#\/schema\/person\/11d941c1c6ca30ac0a46b95fa37aa2e3","name":"edicionweb","image":{"@type":"ImageObject","inLanguage":"es","@id":"https:\/\/secure.gravatar.com\/avatar\/eee448fc3f7164808013b816ba91ac7e43bbe82a70bebac296f8bc6f0addaa1a?s=96&d=mm&r=g","url":"https:\/\/secure.gravatar.com\/avatar\/eee448fc3f7164808013b816ba91ac7e43bbe82a70bebac296f8bc6f0addaa1a?s=96&d=mm&r=g","contentUrl":"https:\/\/secure.gravatar.com\/avatar\/eee448fc3f7164808013b816ba91ac7e43bbe82a70bebac296f8bc6f0addaa1a?s=96&d=mm&r=g","caption":"edicionweb"}}]}},"amp_enabled":true,"cmb2":{"video_ids_in_playlist":{"vid_p_videos":""},"video_ids_in_channel":{"vid_c_videos":""},"playlist_ids_in_channel":{"vid_c_playlists":""},"series_ids_in_channel":{"vid_c_series":""},"channel_images":{"vid_c_logo":"","vid_c_banner":""},"poster_feature_image":{"vid_m_poster_image":""},"gif_feature_image":{"vid_m_gif_image":""},"video_movie_settings":{"vid_m_director":"","vid_m_actor":"","vid_m_imdb_ratings":"","vid_m_amazon_associates":""},"vid_youtube_broadcasts_settings":{"vid_yb_broadcast_title":"","vid_yb_q":"","vid_yb_channelid":"","vid_yb_videocategoryid":"","vid_yb_maxresults":"","vid_yb_order":"","vid_yb_regioncode":"","vid_yb_videosyndicated":"","vid_yb_style":"","vid_yb_reload_first":""},"video_series_settings":{"vid_m_director":"","vid_m_actor":"","vid_m_imdb_ratings":"","video_series_group":""},"amazon_associates_settings":{"amazon_associates":"","amazon_native_ad":""},"vid_youtube_automatic_settings":{"vid_ya_youtube_source":"","vid_ya_update_every":"","vid_ya_update_unit":"","vid_ya_categories":"","vid_ya_published_after":"","vid_ya_published_before":"","vid_ya_playlists":"","vid_ya_channels":"","vid_ya_director":"","vid_ya_actor":"","vid_ya_author":"","vid_ya_import_post_date":"","vid_ya_status":"","vid_ya_sub_api_key":""},"vid_ads_m_videoads_settings_post":{"vid_ads_m_video_ads":"","vid_ads_m_video_ads_type":"","vid_ads_m_group_google_ima":"","vid_ads_m_group_image":"","vid_ads_m_group_html5_video":"","vid_ads_m_group_html":"","vid_ads_m_vast_preroll":"","vid_ads_m_vast_postroll":"","vid_ads_m_vast_pauseroll":"","vid_ads_m_vast_midroll":[{"vid_ads_m_vast_timer_seconds":"50"}],"vid_ads_m_time_to_show_ads":"","vid_ads_m_time_skip_ads":"","vid_ads_m_time_to_hide_ads":""},"page_slider_settings":{"display_slider_group":"","page_slider_group":""},"blog_page_settings":{"blog_page_title":"","blog_page_heading":"","blog_page_ic":"","blog_page_it":"","blog_page_ec":"","blog_page_ip":"","archive_loop_style":"","blog_image_ratio":"","blog_show_categories":"","blog_show_excerpt":"","blog_show_author":"","blog_show_date":"","blog_show_comment_count":"","blog_show_view_count":"","blog_show_like_count":"","blog_show_dislike_count":"","blog_items_per_page":"","blog_pag_type":""},"page_options":{"get_page_template":"","color_mode":"","main_layout":"","main_layout_full_with":"","main_logo":"","main_logo_retina":"","main_logo_mobile":"","main_logo_mobile_retina":"","sticky_logo":"","sticky_logo_retina":"","main_nav_layout":"","ajax_search":"","header_background":"","theme_sidebar":"","instagram_feed":"","instagram_feed_position":"","popular_videos":"","popular_videos_title_1":"","popular_videos_title_2":"","popular_videos_ic":"","popular_videos_it":"","theme_background":"","page_custom_css":""},"feature_image_settings":{"feature_image_position":""},"video_player_settings":{"single_video_style":"","video_player_position":"","vm_video_url":"","video_player_library":"","video_streaming":"","vm_media_sources":"","vid_auto_play":"","vm_video_shortcode":"","vid_p_sync_playlist":"","vid_c_sync_channel":"","get_post_format":"","multiple_links_structure":"default","multi_links_title":"","vm_video_multi_links":"","vm_duration":"","vid_social_locker":"off","vid_social_locker_id":"","vid_membership_action":"content-video","vm_video_trailer_url":"","vid_download_type":"free","vid_download_target":"download","vid_woo_product":"","vm_media_download":"","user_rating":"","user_rating_position":"","user_rating_mode":"","user_rating_multi_sets":""},"video_auto_fetch_settings":{"vm_video_fetch":"on"},"video_fake_views_likes":{"vm_fake_views":"","vm_fake_likes":"","vm_fake_dislikes":""},"gallery_settings":{"gallery_position":""},"quote_settings":{"quote_position":""},"post_options":{"main_layout":"","main_logo":"","main_logo_retina":"","main_logo_mobile":"","main_logo_mobile_retina":"","sticky_logo":"","sticky_logo_retina":"","main_nav_layout":"","header_background":"","theme_sidebar":"","single_post_comment_type":"","theme_background":""}},"_links":{"self":[{"href":"https:\/\/canal7slp.tv\/2019\/wp-json\/wp\/v2\/posts\/17510","targetHints":{"allow":["GET"]}}],"collection":[{"href":"https:\/\/canal7slp.tv\/2019\/wp-json\/wp\/v2\/posts"}],"about":[{"href":"https:\/\/canal7slp.tv\/2019\/wp-json\/wp\/v2\/types\/post"}],"author":[{"embeddable":true,"href":"https:\/\/canal7slp.tv\/2019\/wp-json\/wp\/v2\/users\/2"}],"replies":[{"embeddable":true,"href":"https:\/\/canal7slp.tv\/2019\/wp-json\/wp\/v2\/comments?post=17510"}],"version-history":[{"count":0,"href":"https:\/\/canal7slp.tv\/2019\/wp-json\/wp\/v2\/posts\/17510\/revisions"}],"wp:featuredmedia":[{"embeddable":true,"href":"https:\/\/canal7slp.tv\/2019\/wp-json\/wp\/v2\/media\/17530"}],"wp:attachment":[{"href":"https:\/\/canal7slp.tv\/2019\/wp-json\/wp\/v2\/media?parent=17510"}],"wp:term":[{"taxonomy":"category","embeddable":true,"href":"https:\/\/canal7slp.tv\/2019\/wp-json\/wp\/v2\/categories?post=17510"},{"taxonomy":"post_tag","embeddable":true,"href":"https:\/\/canal7slp.tv\/2019\/wp-json\/wp\/v2\/tags?post=17510"}],"curies":[{"name":"wp","href":"https:\/\/api.w.org\/{rel}","templated":true}]}}