{"id":17448,"date":"2019-06-18T18:36:14","date_gmt":"2019-06-18T23:36:14","guid":{"rendered":"https:\/\/canal7slp.tv\/2019\/?p=17448"},"modified":"2019-06-18T18:36:14","modified_gmt":"2019-06-18T23:36:14","slug":"eduardo-sojo-reconoce-labor-de-jm-carreras-para-potenciar-el-crecimiento-economico-de-slp","status":"publish","type":"post","link":"https:\/\/canal7slp.tv\/2019\/eduardo-sojo-reconoce-labor-de-jm-carreras-para-potenciar-el-crecimiento-economico-de-slp\/","title":{"rendered":"Eduardo Sojo reconoce labor de JM Carreras para potenciar el crecimiento econ\u00f3mico de SLP"},"content":{"rendered":"<p style=\"text-align: justify;\">SLP.- Desde la administraci\u00f3n estatal se generan las sinergias para impulsar la vinculaci\u00f3n con el sector empresarial, destac\u00f3 Eduardo Sojo Garza, Director del Laboratorio Nacional de Pol\u00edticas P\u00fablicas (LNPP), tras una reuni\u00f3n de trabajo que sostuvo con el Gobernador del Estado, Juan Manuel Carreras L\u00f3pez y Miguel Carrera Compe\u00e1n, Director Corporativo Banca Empresarial Citibanamex para analizar los resultados del \u201cTaller para Identificar las Principales Apuestas Estrat\u00e9gicas a Impulsar en Materia Econ\u00f3mica de San Luis Potos\u00ed\u201d.<\/p>\n<p style=\"text-align: justify;\">Sojo asegur\u00f3 que existe una relaci\u00f3n cercana con el Gobierno de Carreras L\u00f3pez y la iniciativa privada, para identificar mecanismos de acci\u00f3n compartidos que permitan que la entidad contin\u00fae con un desarrollo por encima del promedio nacional.<\/p>\n<p style=\"text-align: justify;\">Agreg\u00f3 que expondr\u00e1n resultados de diversas reuniones de trabajo con el Gobierno Estatal, ante las y los empresarios potosinos, para definir estrategias que mantengan a San Luis Potos\u00ed como una de las econom\u00edas m\u00e1s s\u00f3lidas del pa\u00eds, y con ello, se emitan se\u00f1ales de confianza para la inversi\u00f3n nacional y extranjera.<\/p>\n<p style=\"text-align: justify;\">Carreras L\u00f3pez, indic\u00f3 que es imprescindible la participaci\u00f3n de capitales tanto p\u00fablicos como privados, para que la tendencia econ\u00f3mica favorable permanezca en San Luis Potos\u00ed, durante la segunda mitad de su periodo al frente del Poder Ejecutivo, con el aumento de la industria manufacturera, comercio, servicios, entre otros, y a la par se genere un mayor n\u00famero empleos.<\/p>\n<p style=\"text-align: justify;\">El mandatario estatal, destac\u00f3 que la entidad forma parte de la alianza Centro-Occidente, que es la segunda m\u00e1s importante en el pa\u00eds, por tanto, constituye con gran aporte la opini\u00f3n del LNPP y Citibanamex, respecto a las mejores decisiones que se pueden tomar para mantener el rumbo.<\/p>\n<p style=\"text-align: justify;\">Posteriormente, sostuvieron un encuentro con los representantes de c\u00e1maras empresariales y l\u00edderes del sector.<\/p>\n<p style=\"text-align: justify;\">A esta reuni\u00f3n asisti\u00f3 el Secretario General de Gobierno, Alejandro Leal Tov\u00edas; el Secretario de Desarrollo Econ\u00f3mico, Gustavo Puente Orozco; Miguel Carrera Compe\u00e1n, Director Corporativo Banca Empresarial Citibanamex; Sandra Luz Barraza Yuriar, Directora de la Divisi\u00f3n Centro de Citibanamex; Fernando Jim\u00e9nez Aparicio, Director Regional de Aguascalientes, San Luis Potos\u00ed y Zacatecas de Citibanamex.<\/p>\n","protected":false},"excerpt":{"rendered":"<p>SLP.- Desde la administraci\u00f3n estatal se generan las sinergias para impulsar la vinculaci\u00f3n con el sector empresarial, destac\u00f3 Eduardo Sojo Garza, Director del Laboratorio Nacional de Pol\u00edticas P\u00fablicas (LNPP), tras una reuni\u00f3n de trabajo que sostuvo con el Gobernador del Estado, Juan Manuel Carreras L\u00f3pez y Miguel Carrera Compe\u00e1n, Director Corporativo Banca Empresarial Citibanamex para [&hellip;]<\/p>\n","protected":false},"author":2,"featured_media":17462,"comment_status":"open","ping_status":"closed","sticky":false,"template":"","format":"standard","meta":{"footnotes":""},"categories":[17],"tags":[111],"class_list":["post-17448","post","type-post","status-publish","format-standard","has-post-thumbnail","hentry","category-localesyregionales","tag-gobierno-slp"],"yoast_head":"<!-- This site is optimized with the Yoast SEO plugin v27.5 - https:\/\/yoast.com\/product\/yoast-seo-wordpress\/ -->\n<title>Eduardo Sojo reconoce labor de JM Carreras para potenciar el crecimiento econ\u00f3mico de SLP - Canal 7 SLP - 2019<\/title>\n<meta name=\"robots\" content=\"index, follow, max-snippet:-1, max-image-preview:large, max-video-preview:-1\" \/>\n<link rel=\"canonical\" href=\"https:\/\/canal7slp.tv\/2019\/eduardo-sojo-reconoce-labor-de-jm-carreras-para-potenciar-el-crecimiento-economico-de-slp\/\" \/>\n<meta property=\"og:locale\" content=\"es_ES\" \/>\n<meta property=\"og:type\" content=\"article\" \/>\n<meta property=\"og:title\" content=\"Eduardo Sojo reconoce labor de JM Carreras para potenciar el crecimiento econ\u00f3mico de SLP - Canal 7 SLP - 2019\" \/>\n<meta property=\"og:description\" content=\"SLP.- Desde la administraci\u00f3n estatal se generan las sinergias para impulsar la vinculaci\u00f3n con el sector empresarial, destac\u00f3 Eduardo Sojo Garza, Director del Laboratorio Nacional de Pol\u00edticas P\u00fablicas (LNPP), tras una reuni\u00f3n de trabajo que sostuvo con el Gobernador del Estado, Juan Manuel Carreras L\u00f3pez y Miguel Carrera Compe\u00e1n, Director Corporativo Banca Empresarial Citibanamex para [&hellip;]\" \/>\n<meta property=\"og:url\" content=\"https:\/\/canal7slp.tv\/2019\/eduardo-sojo-reconoce-labor-de-jm-carreras-para-potenciar-el-crecimiento-economico-de-slp\/\" \/>\n<meta property=\"og:site_name\" content=\"Canal 7 SLP - 2019\" \/>\n<meta property=\"article:publisher\" content=\"https:\/\/www.facebook.com\/CANAL7SLP\/\" \/>\n<meta property=\"article:published_time\" content=\"2019-06-18T23:36:14+00:00\" \/>\n<meta property=\"og:image\" content=\"https:\/\/canal7slp.tv\/2019\/wp-content\/uploads\/2019\/06\/GobiernoSojo.jpg\" \/>\n\t<meta property=\"og:image:width\" content=\"800\" \/>\n\t<meta property=\"og:image:height\" content=\"533\" \/>\n\t<meta property=\"og:image:type\" content=\"image\/jpeg\" \/>\n<meta name=\"author\" content=\"edicionweb\" \/>\n<meta name=\"twitter:card\" content=\"summary_large_image\" \/>\n<meta name=\"twitter:creator\" content=\"@canal7_slp\" \/>\n<meta name=\"twitter:site\" content=\"@canal7_slp\" \/>\n<meta name=\"twitter:label1\" content=\"Escrito por\" \/>\n\t<meta name=\"twitter:data1\" content=\"edicionweb\" \/>\n\t<meta name=\"twitter:label2\" content=\"Tiempo de lectura\" \/>\n\t<meta name=\"twitter:data2\" content=\"2 minutos\" \/>\n<script type=\"application\/ld+json\" class=\"yoast-schema-graph\">{\"@context\":\"https:\\\/\\\/schema.org\",\"@graph\":[{\"@type\":\"Article\",\"@id\":\"https:\\\/\\\/canal7slp.tv\\\/2019\\\/eduardo-sojo-reconoce-labor-de-jm-carreras-para-potenciar-el-crecimiento-economico-de-slp\\\/#article\",\"isPartOf\":{\"@id\":\"https:\\\/\\\/canal7slp.tv\\\/2019\\\/eduardo-sojo-reconoce-labor-de-jm-carreras-para-potenciar-el-crecimiento-economico-de-slp\\\/\"},\"author\":{\"name\":\"edicionweb\",\"@id\":\"https:\\\/\\\/canal7slp.tv\\\/2019\\\/#\\\/schema\\\/person\\\/11d941c1c6ca30ac0a46b95fa37aa2e3\"},\"headline\":\"Eduardo Sojo reconoce labor de JM Carreras para potenciar el crecimiento econ\u00f3mico de SLP\",\"datePublished\":\"2019-06-18T23:36:14+00:00\",\"mainEntityOfPage\":{\"@id\":\"https:\\\/\\\/canal7slp.tv\\\/2019\\\/eduardo-sojo-reconoce-labor-de-jm-carreras-para-potenciar-el-crecimiento-economico-de-slp\\\/\"},\"wordCount\":387,\"commentCount\":0,\"publisher\":{\"@id\":\"https:\\\/\\\/canal7slp.tv\\\/2019\\\/#organization\"},\"image\":{\"@id\":\"https:\\\/\\\/canal7slp.tv\\\/2019\\\/eduardo-sojo-reconoce-labor-de-jm-carreras-para-potenciar-el-crecimiento-economico-de-slp\\\/#primaryimage\"},\"thumbnailUrl\":\"https:\\\/\\\/canal7slp.tv\\\/2019\\\/wp-content\\\/uploads\\\/2019\\\/06\\\/GobiernoSojo.jpg\",\"keywords\":[\"Gobierno SLP\"],\"articleSection\":[\"LOCALES Y REGIONALES\"],\"inLanguage\":\"es\",\"potentialAction\":[{\"@type\":\"CommentAction\",\"name\":\"Comment\",\"target\":[\"https:\\\/\\\/canal7slp.tv\\\/2019\\\/eduardo-sojo-reconoce-labor-de-jm-carreras-para-potenciar-el-crecimiento-economico-de-slp\\\/#respond\"]}]},{\"@type\":\"WebPage\",\"@id\":\"https:\\\/\\\/canal7slp.tv\\\/2019\\\/eduardo-sojo-reconoce-labor-de-jm-carreras-para-potenciar-el-crecimiento-economico-de-slp\\\/\",\"url\":\"https:\\\/\\\/canal7slp.tv\\\/2019\\\/eduardo-sojo-reconoce-labor-de-jm-carreras-para-potenciar-el-crecimiento-economico-de-slp\\\/\",\"name\":\"Eduardo Sojo reconoce labor de JM Carreras para potenciar el crecimiento econ\u00f3mico de SLP - Canal 7 SLP - 2019\",\"isPartOf\":{\"@id\":\"https:\\\/\\\/canal7slp.tv\\\/2019\\\/#website\"},\"primaryImageOfPage\":{\"@id\":\"https:\\\/\\\/canal7slp.tv\\\/2019\\\/eduardo-sojo-reconoce-labor-de-jm-carreras-para-potenciar-el-crecimiento-economico-de-slp\\\/#primaryimage\"},\"image\":{\"@id\":\"https:\\\/\\\/canal7slp.tv\\\/2019\\\/eduardo-sojo-reconoce-labor-de-jm-carreras-para-potenciar-el-crecimiento-economico-de-slp\\\/#primaryimage\"},\"thumbnailUrl\":\"https:\\\/\\\/canal7slp.tv\\\/2019\\\/wp-content\\\/uploads\\\/2019\\\/06\\\/GobiernoSojo.jpg\",\"datePublished\":\"2019-06-18T23:36:14+00:00\",\"breadcrumb\":{\"@id\":\"https:\\\/\\\/canal7slp.tv\\\/2019\\\/eduardo-sojo-reconoce-labor-de-jm-carreras-para-potenciar-el-crecimiento-economico-de-slp\\\/#breadcrumb\"},\"inLanguage\":\"es\",\"potentialAction\":[{\"@type\":\"ReadAction\",\"target\":[\"https:\\\/\\\/canal7slp.tv\\\/2019\\\/eduardo-sojo-reconoce-labor-de-jm-carreras-para-potenciar-el-crecimiento-economico-de-slp\\\/\"]}]},{\"@type\":\"ImageObject\",\"inLanguage\":\"es\",\"@id\":\"https:\\\/\\\/canal7slp.tv\\\/2019\\\/eduardo-sojo-reconoce-labor-de-jm-carreras-para-potenciar-el-crecimiento-economico-de-slp\\\/#primaryimage\",\"url\":\"https:\\\/\\\/canal7slp.tv\\\/2019\\\/wp-content\\\/uploads\\\/2019\\\/06\\\/GobiernoSojo.jpg\",\"contentUrl\":\"https:\\\/\\\/canal7slp.tv\\\/2019\\\/wp-content\\\/uploads\\\/2019\\\/06\\\/GobiernoSojo.jpg\",\"width\":800,\"height\":533},{\"@type\":\"BreadcrumbList\",\"@id\":\"https:\\\/\\\/canal7slp.tv\\\/2019\\\/eduardo-sojo-reconoce-labor-de-jm-carreras-para-potenciar-el-crecimiento-economico-de-slp\\\/#breadcrumb\",\"itemListElement\":[{\"@type\":\"ListItem\",\"position\":1,\"name\":\"Home\",\"item\":\"https:\\\/\\\/canal7slp.tv\\\/2019\\\/\"},{\"@type\":\"ListItem\",\"position\":2,\"name\":\"Eduardo Sojo reconoce labor de JM Carreras para potenciar el crecimiento econ\u00f3mico de SLP\"}]},{\"@type\":\"WebSite\",\"@id\":\"https:\\\/\\\/canal7slp.tv\\\/2019\\\/#website\",\"url\":\"https:\\\/\\\/canal7slp.tv\\\/2019\\\/\",\"name\":\"Canal 7 SLP - Somos TV\",\"description\":\"Somos un Canal de 10\",\"publisher\":{\"@id\":\"https:\\\/\\\/canal7slp.tv\\\/2019\\\/#organization\"},\"potentialAction\":[{\"@type\":\"SearchAction\",\"target\":{\"@type\":\"EntryPoint\",\"urlTemplate\":\"https:\\\/\\\/canal7slp.tv\\\/2019\\\/?s={search_term_string}\"},\"query-input\":{\"@type\":\"PropertyValueSpecification\",\"valueRequired\":true,\"valueName\":\"search_term_string\"}}],\"inLanguage\":\"es\"},{\"@type\":\"Organization\",\"@id\":\"https:\\\/\\\/canal7slp.tv\\\/2019\\\/#organization\",\"name\":\"Comunicaci\u00f3n 2000 S.A. de C.V.\",\"url\":\"https:\\\/\\\/canal7slp.tv\\\/2019\\\/\",\"logo\":{\"@type\":\"ImageObject\",\"inLanguage\":\"es\",\"@id\":\"https:\\\/\\\/canal7slp.tv\\\/2019\\\/#\\\/schema\\\/logo\\\/image\\\/\",\"url\":\"https:\\\/\\\/canal7slp.tv\\\/2019\\\/wp-content\\\/uploads\\\/2019\\\/07\\\/logo-c7.png\",\"contentUrl\":\"https:\\\/\\\/canal7slp.tv\\\/2019\\\/wp-content\\\/uploads\\\/2019\\\/07\\\/logo-c7.png\",\"width\":220,\"height\":60,\"caption\":\"Comunicaci\u00f3n 2000 S.A. de C.V.\"},\"image\":{\"@id\":\"https:\\\/\\\/canal7slp.tv\\\/2019\\\/#\\\/schema\\\/logo\\\/image\\\/\"},\"sameAs\":[\"https:\\\/\\\/www.facebook.com\\\/CANAL7SLP\\\/\",\"https:\\\/\\\/x.com\\\/canal7_slp\",\"https:\\\/\\\/www.instagram.com\\\/canal7_slp\",\"https:\\\/\\\/www.youtube.com\\\/user\\\/NOTICIEROSCANAL7SLP\\\/\"]},{\"@type\":\"Person\",\"@id\":\"https:\\\/\\\/canal7slp.tv\\\/2019\\\/#\\\/schema\\\/person\\\/11d941c1c6ca30ac0a46b95fa37aa2e3\",\"name\":\"edicionweb\",\"image\":{\"@type\":\"ImageObject\",\"inLanguage\":\"es\",\"@id\":\"https:\\\/\\\/secure.gravatar.com\\\/avatar\\\/eee448fc3f7164808013b816ba91ac7e43bbe82a70bebac296f8bc6f0addaa1a?s=96&d=mm&r=g\",\"url\":\"https:\\\/\\\/secure.gravatar.com\\\/avatar\\\/eee448fc3f7164808013b816ba91ac7e43bbe82a70bebac296f8bc6f0addaa1a?s=96&d=mm&r=g\",\"contentUrl\":\"https:\\\/\\\/secure.gravatar.com\\\/avatar\\\/eee448fc3f7164808013b816ba91ac7e43bbe82a70bebac296f8bc6f0addaa1a?s=96&d=mm&r=g\",\"caption\":\"edicionweb\"}}]}<\/script>\n<!-- \/ Yoast SEO plugin. -->","yoast_head_json":{"title":"Eduardo Sojo reconoce labor de JM Carreras para potenciar el crecimiento econ\u00f3mico de SLP - Canal 7 SLP - 2019","robots":{"index":"index","follow":"follow","max-snippet":"max-snippet:-1","max-image-preview":"max-image-preview:large","max-video-preview":"max-video-preview:-1"},"canonical":"https:\/\/canal7slp.tv\/2019\/eduardo-sojo-reconoce-labor-de-jm-carreras-para-potenciar-el-crecimiento-economico-de-slp\/","og_locale":"es_ES","og_type":"article","og_title":"Eduardo Sojo reconoce labor de JM Carreras para potenciar el crecimiento econ\u00f3mico de SLP - Canal 7 SLP - 2019","og_description":"SLP.- Desde la administraci\u00f3n estatal se generan las sinergias para impulsar la vinculaci\u00f3n con el sector empresarial, destac\u00f3 Eduardo Sojo Garza, Director del Laboratorio Nacional de Pol\u00edticas P\u00fablicas (LNPP), tras una reuni\u00f3n de trabajo que sostuvo con el Gobernador del Estado, Juan Manuel Carreras L\u00f3pez y Miguel Carrera Compe\u00e1n, Director Corporativo Banca Empresarial Citibanamex para [&hellip;]","og_url":"https:\/\/canal7slp.tv\/2019\/eduardo-sojo-reconoce-labor-de-jm-carreras-para-potenciar-el-crecimiento-economico-de-slp\/","og_site_name":"Canal 7 SLP - 2019","article_publisher":"https:\/\/www.facebook.com\/CANAL7SLP\/","article_published_time":"2019-06-18T23:36:14+00:00","og_image":[{"width":800,"height":533,"url":"https:\/\/canal7slp.tv\/2019\/wp-content\/uploads\/2019\/06\/GobiernoSojo.jpg","type":"image\/jpeg"}],"author":"edicionweb","twitter_card":"summary_large_image","twitter_creator":"@canal7_slp","twitter_site":"@canal7_slp","twitter_misc":{"Escrito por":"edicionweb","Tiempo de lectura":"2 minutos"},"schema":{"@context":"https:\/\/schema.org","@graph":[{"@type":"Article","@id":"https:\/\/canal7slp.tv\/2019\/eduardo-sojo-reconoce-labor-de-jm-carreras-para-potenciar-el-crecimiento-economico-de-slp\/#article","isPartOf":{"@id":"https:\/\/canal7slp.tv\/2019\/eduardo-sojo-reconoce-labor-de-jm-carreras-para-potenciar-el-crecimiento-economico-de-slp\/"},"author":{"name":"edicionweb","@id":"https:\/\/canal7slp.tv\/2019\/#\/schema\/person\/11d941c1c6ca30ac0a46b95fa37aa2e3"},"headline":"Eduardo Sojo reconoce labor de JM Carreras para potenciar el crecimiento econ\u00f3mico de SLP","datePublished":"2019-06-18T23:36:14+00:00","mainEntityOfPage":{"@id":"https:\/\/canal7slp.tv\/2019\/eduardo-sojo-reconoce-labor-de-jm-carreras-para-potenciar-el-crecimiento-economico-de-slp\/"},"wordCount":387,"commentCount":0,"publisher":{"@id":"https:\/\/canal7slp.tv\/2019\/#organization"},"image":{"@id":"https:\/\/canal7slp.tv\/2019\/eduardo-sojo-reconoce-labor-de-jm-carreras-para-potenciar-el-crecimiento-economico-de-slp\/#primaryimage"},"thumbnailUrl":"https:\/\/canal7slp.tv\/2019\/wp-content\/uploads\/2019\/06\/GobiernoSojo.jpg","keywords":["Gobierno SLP"],"articleSection":["LOCALES Y REGIONALES"],"inLanguage":"es","potentialAction":[{"@type":"CommentAction","name":"Comment","target":["https:\/\/canal7slp.tv\/2019\/eduardo-sojo-reconoce-labor-de-jm-carreras-para-potenciar-el-crecimiento-economico-de-slp\/#respond"]}]},{"@type":"WebPage","@id":"https:\/\/canal7slp.tv\/2019\/eduardo-sojo-reconoce-labor-de-jm-carreras-para-potenciar-el-crecimiento-economico-de-slp\/","url":"https:\/\/canal7slp.tv\/2019\/eduardo-sojo-reconoce-labor-de-jm-carreras-para-potenciar-el-crecimiento-economico-de-slp\/","name":"Eduardo Sojo reconoce labor de JM Carreras para potenciar el crecimiento econ\u00f3mico de SLP - Canal 7 SLP - 2019","isPartOf":{"@id":"https:\/\/canal7slp.tv\/2019\/#website"},"primaryImageOfPage":{"@id":"https:\/\/canal7slp.tv\/2019\/eduardo-sojo-reconoce-labor-de-jm-carreras-para-potenciar-el-crecimiento-economico-de-slp\/#primaryimage"},"image":{"@id":"https:\/\/canal7slp.tv\/2019\/eduardo-sojo-reconoce-labor-de-jm-carreras-para-potenciar-el-crecimiento-economico-de-slp\/#primaryimage"},"thumbnailUrl":"https:\/\/canal7slp.tv\/2019\/wp-content\/uploads\/2019\/06\/GobiernoSojo.jpg","datePublished":"2019-06-18T23:36:14+00:00","breadcrumb":{"@id":"https:\/\/canal7slp.tv\/2019\/eduardo-sojo-reconoce-labor-de-jm-carreras-para-potenciar-el-crecimiento-economico-de-slp\/#breadcrumb"},"inLanguage":"es","potentialAction":[{"@type":"ReadAction","target":["https:\/\/canal7slp.tv\/2019\/eduardo-sojo-reconoce-labor-de-jm-carreras-para-potenciar-el-crecimiento-economico-de-slp\/"]}]},{"@type":"ImageObject","inLanguage":"es","@id":"https:\/\/canal7slp.tv\/2019\/eduardo-sojo-reconoce-labor-de-jm-carreras-para-potenciar-el-crecimiento-economico-de-slp\/#primaryimage","url":"https:\/\/canal7slp.tv\/2019\/wp-content\/uploads\/2019\/06\/GobiernoSojo.jpg","contentUrl":"https:\/\/canal7slp.tv\/2019\/wp-content\/uploads\/2019\/06\/GobiernoSojo.jpg","width":800,"height":533},{"@type":"BreadcrumbList","@id":"https:\/\/canal7slp.tv\/2019\/eduardo-sojo-reconoce-labor-de-jm-carreras-para-potenciar-el-crecimiento-economico-de-slp\/#breadcrumb","itemListElement":[{"@type":"ListItem","position":1,"name":"Home","item":"https:\/\/canal7slp.tv\/2019\/"},{"@type":"ListItem","position":2,"name":"Eduardo Sojo reconoce labor de JM Carreras para potenciar el crecimiento econ\u00f3mico de SLP"}]},{"@type":"WebSite","@id":"https:\/\/canal7slp.tv\/2019\/#website","url":"https:\/\/canal7slp.tv\/2019\/","name":"Canal 7 SLP - Somos TV","description":"Somos un Canal de 10","publisher":{"@id":"https:\/\/canal7slp.tv\/2019\/#organization"},"potentialAction":[{"@type":"SearchAction","target":{"@type":"EntryPoint","urlTemplate":"https:\/\/canal7slp.tv\/2019\/?s={search_term_string}"},"query-input":{"@type":"PropertyValueSpecification","valueRequired":true,"valueName":"search_term_string"}}],"inLanguage":"es"},{"@type":"Organization","@id":"https:\/\/canal7slp.tv\/2019\/#organization","name":"Comunicaci\u00f3n 2000 S.A. de C.V.","url":"https:\/\/canal7slp.tv\/2019\/","logo":{"@type":"ImageObject","inLanguage":"es","@id":"https:\/\/canal7slp.tv\/2019\/#\/schema\/logo\/image\/","url":"https:\/\/canal7slp.tv\/2019\/wp-content\/uploads\/2019\/07\/logo-c7.png","contentUrl":"https:\/\/canal7slp.tv\/2019\/wp-content\/uploads\/2019\/07\/logo-c7.png","width":220,"height":60,"caption":"Comunicaci\u00f3n 2000 S.A. de C.V."},"image":{"@id":"https:\/\/canal7slp.tv\/2019\/#\/schema\/logo\/image\/"},"sameAs":["https:\/\/www.facebook.com\/CANAL7SLP\/","https:\/\/x.com\/canal7_slp","https:\/\/www.instagram.com\/canal7_slp","https:\/\/www.youtube.com\/user\/NOTICIEROSCANAL7SLP\/"]},{"@type":"Person","@id":"https:\/\/canal7slp.tv\/2019\/#\/schema\/person\/11d941c1c6ca30ac0a46b95fa37aa2e3","name":"edicionweb","image":{"@type":"ImageObject","inLanguage":"es","@id":"https:\/\/secure.gravatar.com\/avatar\/eee448fc3f7164808013b816ba91ac7e43bbe82a70bebac296f8bc6f0addaa1a?s=96&d=mm&r=g","url":"https:\/\/secure.gravatar.com\/avatar\/eee448fc3f7164808013b816ba91ac7e43bbe82a70bebac296f8bc6f0addaa1a?s=96&d=mm&r=g","contentUrl":"https:\/\/secure.gravatar.com\/avatar\/eee448fc3f7164808013b816ba91ac7e43bbe82a70bebac296f8bc6f0addaa1a?s=96&d=mm&r=g","caption":"edicionweb"}}]}},"amp_enabled":true,"cmb2":{"video_ids_in_playlist":{"vid_p_videos":""},"video_ids_in_channel":{"vid_c_videos":""},"playlist_ids_in_channel":{"vid_c_playlists":""},"series_ids_in_channel":{"vid_c_series":""},"channel_images":{"vid_c_logo":"","vid_c_banner":""},"poster_feature_image":{"vid_m_poster_image":""},"gif_feature_image":{"vid_m_gif_image":""},"video_movie_settings":{"vid_m_director":"","vid_m_actor":"","vid_m_imdb_ratings":"","vid_m_amazon_associates":""},"vid_youtube_broadcasts_settings":{"vid_yb_broadcast_title":"","vid_yb_q":"","vid_yb_channelid":"","vid_yb_videocategoryid":"","vid_yb_maxresults":"","vid_yb_order":"","vid_yb_regioncode":"","vid_yb_videosyndicated":"","vid_yb_style":"","vid_yb_reload_first":""},"video_series_settings":{"vid_m_director":"","vid_m_actor":"","vid_m_imdb_ratings":"","video_series_group":""},"amazon_associates_settings":{"amazon_associates":"","amazon_native_ad":""},"vid_youtube_automatic_settings":{"vid_ya_youtube_source":"","vid_ya_update_every":"","vid_ya_update_unit":"","vid_ya_categories":"","vid_ya_published_after":"","vid_ya_published_before":"","vid_ya_playlists":"","vid_ya_channels":"","vid_ya_director":"","vid_ya_actor":"","vid_ya_author":"","vid_ya_import_post_date":"","vid_ya_status":"","vid_ya_sub_api_key":""},"vid_ads_m_videoads_settings_post":{"vid_ads_m_video_ads":"","vid_ads_m_video_ads_type":"","vid_ads_m_group_google_ima":"","vid_ads_m_group_image":"","vid_ads_m_group_html5_video":"","vid_ads_m_group_html":"","vid_ads_m_vast_preroll":"","vid_ads_m_vast_postroll":"","vid_ads_m_vast_pauseroll":"","vid_ads_m_vast_midroll":[{"vid_ads_m_vast_timer_seconds":"50"}],"vid_ads_m_time_to_show_ads":"","vid_ads_m_time_skip_ads":"","vid_ads_m_time_to_hide_ads":""},"page_slider_settings":{"display_slider_group":"","page_slider_group":""},"blog_page_settings":{"blog_page_title":"","blog_page_heading":"","blog_page_ic":"","blog_page_it":"","blog_page_ec":"","blog_page_ip":"","archive_loop_style":"","blog_image_ratio":"","blog_show_categories":"","blog_show_excerpt":"","blog_show_author":"","blog_show_date":"","blog_show_comment_count":"","blog_show_view_count":"","blog_show_like_count":"","blog_show_dislike_count":"","blog_items_per_page":"","blog_pag_type":""},"page_options":{"get_page_template":"","color_mode":"","main_layout":"","main_layout_full_with":"","main_logo":"","main_logo_retina":"","main_logo_mobile":"","main_logo_mobile_retina":"","sticky_logo":"","sticky_logo_retina":"","main_nav_layout":"","ajax_search":"","header_background":"","theme_sidebar":"","instagram_feed":"","instagram_feed_position":"","popular_videos":"","popular_videos_title_1":"","popular_videos_title_2":"","popular_videos_ic":"","popular_videos_it":"","theme_background":"","page_custom_css":""},"feature_image_settings":{"feature_image_position":""},"video_player_settings":{"single_video_style":"","video_player_position":"","vm_video_url":"","video_player_library":"","video_streaming":"","vm_media_sources":"","vid_auto_play":"","vm_video_shortcode":"","vid_p_sync_playlist":"","vid_c_sync_channel":"","get_post_format":"","multiple_links_structure":"default","multi_links_title":"","vm_video_multi_links":"","vm_duration":"","vid_social_locker":"off","vid_social_locker_id":"","vid_membership_action":"content-video","vm_video_trailer_url":"","vid_download_type":"free","vid_download_target":"download","vid_woo_product":"","vm_media_download":"","user_rating":"","user_rating_position":"","user_rating_mode":"","user_rating_multi_sets":""},"video_auto_fetch_settings":{"vm_video_fetch":"on"},"video_fake_views_likes":{"vm_fake_views":"","vm_fake_likes":"","vm_fake_dislikes":""},"gallery_settings":{"gallery_position":""},"quote_settings":{"quote_position":""},"post_options":{"main_layout":"","main_logo":"","main_logo_retina":"","main_logo_mobile":"","main_logo_mobile_retina":"","sticky_logo":"","sticky_logo_retina":"","main_nav_layout":"","header_background":"","theme_sidebar":"","single_post_comment_type":"","theme_background":""}},"_links":{"self":[{"href":"https:\/\/canal7slp.tv\/2019\/wp-json\/wp\/v2\/posts\/17448","targetHints":{"allow":["GET"]}}],"collection":[{"href":"https:\/\/canal7slp.tv\/2019\/wp-json\/wp\/v2\/posts"}],"about":[{"href":"https:\/\/canal7slp.tv\/2019\/wp-json\/wp\/v2\/types\/post"}],"author":[{"embeddable":true,"href":"https:\/\/canal7slp.tv\/2019\/wp-json\/wp\/v2\/users\/2"}],"replies":[{"embeddable":true,"href":"https:\/\/canal7slp.tv\/2019\/wp-json\/wp\/v2\/comments?post=17448"}],"version-history":[{"count":0,"href":"https:\/\/canal7slp.tv\/2019\/wp-json\/wp\/v2\/posts\/17448\/revisions"}],"wp:featuredmedia":[{"embeddable":true,"href":"https:\/\/canal7slp.tv\/2019\/wp-json\/wp\/v2\/media\/17462"}],"wp:attachment":[{"href":"https:\/\/canal7slp.tv\/2019\/wp-json\/wp\/v2\/media?parent=17448"}],"wp:term":[{"taxonomy":"category","embeddable":true,"href":"https:\/\/canal7slp.tv\/2019\/wp-json\/wp\/v2\/categories?post=17448"},{"taxonomy":"post_tag","embeddable":true,"href":"https:\/\/canal7slp.tv\/2019\/wp-json\/wp\/v2\/tags?post=17448"}],"curies":[{"name":"wp","href":"https:\/\/api.w.org\/{rel}","templated":true}]}}