{"id":17441,"date":"2019-06-18T18:30:09","date_gmt":"2019-06-18T23:30:09","guid":{"rendered":"https:\/\/canal7slp.tv\/2019\/?p=17441"},"modified":"2019-06-18T18:30:09","modified_gmt":"2019-06-18T23:30:09","slug":"destaca-conavim-trabajo-coordinado-para-la-erradicacion-de-la-violencia-contra-las-mujeres","status":"publish","type":"post","link":"https:\/\/canal7slp.tv\/2019\/destaca-conavim-trabajo-coordinado-para-la-erradicacion-de-la-violencia-contra-las-mujeres\/","title":{"rendered":"Destaca CONAVIM trabajo coordinado para la erradicaci\u00f3n de la violencia contra las mujeres"},"content":{"rendered":"<p style=\"text-align: justify;\">SLP.- Durante una reuni\u00f3n de trabajo en San Luis Potos\u00ed, la titular de la Comisi\u00f3n Nacional para Prevenir y Erradicar la Violencia contra las Mujeres (CONAVIM), Mar\u00eda Candelaria Ochoa \u00c1valos, resalt\u00f3 la voluntad del Gobernador del Estado, Juan Manuel Carreras L\u00f3pez, para trabajar coordinadamente al implementar proyectos conjuntos que buscan eliminar las agresiones a las mujeres, y en el dise\u00f1o de pol\u00edticas integrales que protejan la integridad de este sector.<\/p>\n<p style=\"text-align: justify;\">Ochoa \u00c1valos indic\u00f3 que este primer acercamiento con el Gobernador del Estado es muy importante ya que se dialog\u00f3 sobre la violencia contra las mujeres en San Luis Potos\u00ed, donde coincidieron que es un tema estructural y de cultura, en el que es fundamental llevar a cabo acciones de atenci\u00f3n y prevenci\u00f3n.<\/p>\n<p style=\"text-align: justify;\">Adem\u00e1s, hizo un llamado a que se difunda a la poblaci\u00f3n, que la violencia contra las mujeres no es natural y no est\u00e1 bien; destac\u00f3 que los medios de comunicaci\u00f3n cumplen un papel muy importante en esta tarea, y finalmente asegur\u00f3, que \u201clas mujeres somos interlocutoras de las mujeres, pero cuando las mujeres hablamos de violencia los hombres piensan que los estamos atacando\u201d.<\/p>\n<p style=\"text-align: justify;\">Por su parte, el jefe del Ejecutivo, refrend\u00f3 que las pol\u00edticas de su administraci\u00f3n son de cero tolerancia a la violencia de g\u00e9nero, indic\u00f3 tras esta reuni\u00f3n que su administraci\u00f3n ha puesto en marcha acciones integrales con la participaci\u00f3n de todas las instancias de gobierno para prevenir y erradicar cualquier tipo de violencia contra las mujeres.<\/p>\n<p style=\"text-align: justify;\">De la mano \u2013agreg\u00f3- del trabajo que se realiza para fomentar la cultura del respeto, igualdad y equidad para las potosinas, desde los centros escolares, el hogar y sus trabajos, con oportunidades que reflejen el respeto y reconocimiento a sus derechos.<\/p>\n<p style=\"text-align: justify;\">Cabe destacar que la funcionaria federal reconoci\u00f3 que San Luis Potos\u00ed cuenta con cuatro Centros de Justicia para las Mujeres, y dijo que es muy importante asegurar una buena atenci\u00f3n y profesional desde ah\u00ed para darle atenci\u00f3n a aquellas personas que sufren de violencia.<\/p>\n<p style=\"text-align: justify;\">Finalmente, se\u00f1al\u00f3 que en esta reuni\u00f3n aprovech\u00f3 para solicitarle al Gobernador del estado incorporar a los municipios en la responsabilidad de la atenci\u00f3n a la alerta de violencia de g\u00e9nero.<\/p>\n<p style=\"text-align: justify;\">En esta reuni\u00f3n estuvieron presentes el Secretario General de Gobierno, Alejandro Leal Tov\u00edas; Julieta M\u00e9ndez Salas, titular del Centro de Justicia para las Mujeres (CJM); Erika Vel\u00e1zquez Guti\u00e9rrez, Titular del Instituto de las Mujeres del Estado (IMES), Nadia Sierra, Directora General de las Alertas de Violencia de G\u00e9nero de la CONAVIM; Karina Rangel, titular de la Unidad de G\u00e9nero de la Secretar\u00eda General de Gobierno y Hugo Ulises Valencia Gordillo, Subsecretario de Derechos Humanos y Asuntos Jur\u00eddicos.<\/p>\n","protected":false},"excerpt":{"rendered":"<p>SLP.- Durante una reuni\u00f3n de trabajo en San Luis Potos\u00ed, la titular de la Comisi\u00f3n Nacional para Prevenir y Erradicar la Violencia contra las Mujeres (CONAVIM), Mar\u00eda Candelaria Ochoa \u00c1valos, resalt\u00f3 la voluntad del Gobernador del Estado, Juan Manuel Carreras L\u00f3pez, para trabajar coordinadamente al implementar proyectos conjuntos que buscan eliminar las agresiones a las [&hellip;]<\/p>\n","protected":false},"author":2,"featured_media":17446,"comment_status":"open","ping_status":"closed","sticky":false,"template":"","format":"standard","meta":{"footnotes":""},"categories":[17],"tags":[],"class_list":["post-17441","post","type-post","status-publish","format-standard","has-post-thumbnail","hentry","category-localesyregionales"],"yoast_head":"<!-- This site is optimized with the Yoast SEO plugin v27.5 - https:\/\/yoast.com\/product\/yoast-seo-wordpress\/ -->\n<title>Destaca CONAVIM trabajo coordinado para la erradicaci\u00f3n de la violencia contra las mujeres - Canal 7 SLP - 2019<\/title>\n<meta name=\"robots\" content=\"index, follow, max-snippet:-1, max-image-preview:large, max-video-preview:-1\" \/>\n<link rel=\"canonical\" href=\"https:\/\/canal7slp.tv\/2019\/destaca-conavim-trabajo-coordinado-para-la-erradicacion-de-la-violencia-contra-las-mujeres\/\" \/>\n<meta property=\"og:locale\" content=\"es_ES\" \/>\n<meta property=\"og:type\" content=\"article\" \/>\n<meta property=\"og:title\" content=\"Destaca CONAVIM trabajo coordinado para la erradicaci\u00f3n de la violencia contra las mujeres - Canal 7 SLP - 2019\" \/>\n<meta property=\"og:description\" content=\"SLP.- Durante una reuni\u00f3n de trabajo en San Luis Potos\u00ed, la titular de la Comisi\u00f3n Nacional para Prevenir y Erradicar la Violencia contra las Mujeres (CONAVIM), Mar\u00eda Candelaria Ochoa \u00c1valos, resalt\u00f3 la voluntad del Gobernador del Estado, Juan Manuel Carreras L\u00f3pez, para trabajar coordinadamente al implementar proyectos conjuntos que buscan eliminar las agresiones a las [&hellip;]\" \/>\n<meta property=\"og:url\" content=\"https:\/\/canal7slp.tv\/2019\/destaca-conavim-trabajo-coordinado-para-la-erradicacion-de-la-violencia-contra-las-mujeres\/\" \/>\n<meta property=\"og:site_name\" content=\"Canal 7 SLP - 2019\" \/>\n<meta property=\"article:publisher\" content=\"https:\/\/www.facebook.com\/CANAL7SLP\/\" \/>\n<meta property=\"article:published_time\" content=\"2019-06-18T23:30:09+00:00\" \/>\n<meta property=\"og:image\" content=\"https:\/\/canal7slp.tv\/2019\/wp-content\/uploads\/2019\/06\/GobiernoCONAVIM.jpg\" \/>\n\t<meta property=\"og:image:width\" content=\"800\" \/>\n\t<meta property=\"og:image:height\" content=\"533\" \/>\n\t<meta property=\"og:image:type\" content=\"image\/jpeg\" \/>\n<meta name=\"author\" content=\"edicionweb\" \/>\n<meta name=\"twitter:card\" content=\"summary_large_image\" \/>\n<meta name=\"twitter:creator\" content=\"@canal7_slp\" \/>\n<meta name=\"twitter:site\" content=\"@canal7_slp\" \/>\n<meta name=\"twitter:label1\" content=\"Escrito por\" \/>\n\t<meta name=\"twitter:data1\" content=\"edicionweb\" \/>\n\t<meta name=\"twitter:label2\" content=\"Tiempo de lectura\" \/>\n\t<meta name=\"twitter:data2\" content=\"2 minutos\" \/>\n<script type=\"application\/ld+json\" class=\"yoast-schema-graph\">{\"@context\":\"https:\\\/\\\/schema.org\",\"@graph\":[{\"@type\":\"Article\",\"@id\":\"https:\\\/\\\/canal7slp.tv\\\/2019\\\/destaca-conavim-trabajo-coordinado-para-la-erradicacion-de-la-violencia-contra-las-mujeres\\\/#article\",\"isPartOf\":{\"@id\":\"https:\\\/\\\/canal7slp.tv\\\/2019\\\/destaca-conavim-trabajo-coordinado-para-la-erradicacion-de-la-violencia-contra-las-mujeres\\\/\"},\"author\":{\"name\":\"edicionweb\",\"@id\":\"https:\\\/\\\/canal7slp.tv\\\/2019\\\/#\\\/schema\\\/person\\\/11d941c1c6ca30ac0a46b95fa37aa2e3\"},\"headline\":\"Destaca CONAVIM trabajo coordinado para la erradicaci\u00f3n de la violencia contra las mujeres\",\"datePublished\":\"2019-06-18T23:30:09+00:00\",\"mainEntityOfPage\":{\"@id\":\"https:\\\/\\\/canal7slp.tv\\\/2019\\\/destaca-conavim-trabajo-coordinado-para-la-erradicacion-de-la-violencia-contra-las-mujeres\\\/\"},\"wordCount\":481,\"commentCount\":0,\"publisher\":{\"@id\":\"https:\\\/\\\/canal7slp.tv\\\/2019\\\/#organization\"},\"image\":{\"@id\":\"https:\\\/\\\/canal7slp.tv\\\/2019\\\/destaca-conavim-trabajo-coordinado-para-la-erradicacion-de-la-violencia-contra-las-mujeres\\\/#primaryimage\"},\"thumbnailUrl\":\"https:\\\/\\\/canal7slp.tv\\\/2019\\\/wp-content\\\/uploads\\\/2019\\\/06\\\/GobiernoCONAVIM.jpg\",\"articleSection\":[\"LOCALES Y REGIONALES\"],\"inLanguage\":\"es\",\"potentialAction\":[{\"@type\":\"CommentAction\",\"name\":\"Comment\",\"target\":[\"https:\\\/\\\/canal7slp.tv\\\/2019\\\/destaca-conavim-trabajo-coordinado-para-la-erradicacion-de-la-violencia-contra-las-mujeres\\\/#respond\"]}]},{\"@type\":\"WebPage\",\"@id\":\"https:\\\/\\\/canal7slp.tv\\\/2019\\\/destaca-conavim-trabajo-coordinado-para-la-erradicacion-de-la-violencia-contra-las-mujeres\\\/\",\"url\":\"https:\\\/\\\/canal7slp.tv\\\/2019\\\/destaca-conavim-trabajo-coordinado-para-la-erradicacion-de-la-violencia-contra-las-mujeres\\\/\",\"name\":\"Destaca CONAVIM trabajo coordinado para la erradicaci\u00f3n de la violencia contra las mujeres - Canal 7 SLP - 2019\",\"isPartOf\":{\"@id\":\"https:\\\/\\\/canal7slp.tv\\\/2019\\\/#website\"},\"primaryImageOfPage\":{\"@id\":\"https:\\\/\\\/canal7slp.tv\\\/2019\\\/destaca-conavim-trabajo-coordinado-para-la-erradicacion-de-la-violencia-contra-las-mujeres\\\/#primaryimage\"},\"image\":{\"@id\":\"https:\\\/\\\/canal7slp.tv\\\/2019\\\/destaca-conavim-trabajo-coordinado-para-la-erradicacion-de-la-violencia-contra-las-mujeres\\\/#primaryimage\"},\"thumbnailUrl\":\"https:\\\/\\\/canal7slp.tv\\\/2019\\\/wp-content\\\/uploads\\\/2019\\\/06\\\/GobiernoCONAVIM.jpg\",\"datePublished\":\"2019-06-18T23:30:09+00:00\",\"breadcrumb\":{\"@id\":\"https:\\\/\\\/canal7slp.tv\\\/2019\\\/destaca-conavim-trabajo-coordinado-para-la-erradicacion-de-la-violencia-contra-las-mujeres\\\/#breadcrumb\"},\"inLanguage\":\"es\",\"potentialAction\":[{\"@type\":\"ReadAction\",\"target\":[\"https:\\\/\\\/canal7slp.tv\\\/2019\\\/destaca-conavim-trabajo-coordinado-para-la-erradicacion-de-la-violencia-contra-las-mujeres\\\/\"]}]},{\"@type\":\"ImageObject\",\"inLanguage\":\"es\",\"@id\":\"https:\\\/\\\/canal7slp.tv\\\/2019\\\/destaca-conavim-trabajo-coordinado-para-la-erradicacion-de-la-violencia-contra-las-mujeres\\\/#primaryimage\",\"url\":\"https:\\\/\\\/canal7slp.tv\\\/2019\\\/wp-content\\\/uploads\\\/2019\\\/06\\\/GobiernoCONAVIM.jpg\",\"contentUrl\":\"https:\\\/\\\/canal7slp.tv\\\/2019\\\/wp-content\\\/uploads\\\/2019\\\/06\\\/GobiernoCONAVIM.jpg\",\"width\":800,\"height\":533},{\"@type\":\"BreadcrumbList\",\"@id\":\"https:\\\/\\\/canal7slp.tv\\\/2019\\\/destaca-conavim-trabajo-coordinado-para-la-erradicacion-de-la-violencia-contra-las-mujeres\\\/#breadcrumb\",\"itemListElement\":[{\"@type\":\"ListItem\",\"position\":1,\"name\":\"Home\",\"item\":\"https:\\\/\\\/canal7slp.tv\\\/2019\\\/\"},{\"@type\":\"ListItem\",\"position\":2,\"name\":\"Destaca CONAVIM trabajo coordinado para la erradicaci\u00f3n de la violencia contra las mujeres\"}]},{\"@type\":\"WebSite\",\"@id\":\"https:\\\/\\\/canal7slp.tv\\\/2019\\\/#website\",\"url\":\"https:\\\/\\\/canal7slp.tv\\\/2019\\\/\",\"name\":\"Canal 7 SLP - Somos TV\",\"description\":\"Somos un Canal de 10\",\"publisher\":{\"@id\":\"https:\\\/\\\/canal7slp.tv\\\/2019\\\/#organization\"},\"potentialAction\":[{\"@type\":\"SearchAction\",\"target\":{\"@type\":\"EntryPoint\",\"urlTemplate\":\"https:\\\/\\\/canal7slp.tv\\\/2019\\\/?s={search_term_string}\"},\"query-input\":{\"@type\":\"PropertyValueSpecification\",\"valueRequired\":true,\"valueName\":\"search_term_string\"}}],\"inLanguage\":\"es\"},{\"@type\":\"Organization\",\"@id\":\"https:\\\/\\\/canal7slp.tv\\\/2019\\\/#organization\",\"name\":\"Comunicaci\u00f3n 2000 S.A. de C.V.\",\"url\":\"https:\\\/\\\/canal7slp.tv\\\/2019\\\/\",\"logo\":{\"@type\":\"ImageObject\",\"inLanguage\":\"es\",\"@id\":\"https:\\\/\\\/canal7slp.tv\\\/2019\\\/#\\\/schema\\\/logo\\\/image\\\/\",\"url\":\"https:\\\/\\\/canal7slp.tv\\\/2019\\\/wp-content\\\/uploads\\\/2019\\\/07\\\/logo-c7.png\",\"contentUrl\":\"https:\\\/\\\/canal7slp.tv\\\/2019\\\/wp-content\\\/uploads\\\/2019\\\/07\\\/logo-c7.png\",\"width\":220,\"height\":60,\"caption\":\"Comunicaci\u00f3n 2000 S.A. de C.V.\"},\"image\":{\"@id\":\"https:\\\/\\\/canal7slp.tv\\\/2019\\\/#\\\/schema\\\/logo\\\/image\\\/\"},\"sameAs\":[\"https:\\\/\\\/www.facebook.com\\\/CANAL7SLP\\\/\",\"https:\\\/\\\/x.com\\\/canal7_slp\",\"https:\\\/\\\/www.instagram.com\\\/canal7_slp\",\"https:\\\/\\\/www.youtube.com\\\/user\\\/NOTICIEROSCANAL7SLP\\\/\"]},{\"@type\":\"Person\",\"@id\":\"https:\\\/\\\/canal7slp.tv\\\/2019\\\/#\\\/schema\\\/person\\\/11d941c1c6ca30ac0a46b95fa37aa2e3\",\"name\":\"edicionweb\",\"image\":{\"@type\":\"ImageObject\",\"inLanguage\":\"es\",\"@id\":\"https:\\\/\\\/secure.gravatar.com\\\/avatar\\\/eee448fc3f7164808013b816ba91ac7e43bbe82a70bebac296f8bc6f0addaa1a?s=96&d=mm&r=g\",\"url\":\"https:\\\/\\\/secure.gravatar.com\\\/avatar\\\/eee448fc3f7164808013b816ba91ac7e43bbe82a70bebac296f8bc6f0addaa1a?s=96&d=mm&r=g\",\"contentUrl\":\"https:\\\/\\\/secure.gravatar.com\\\/avatar\\\/eee448fc3f7164808013b816ba91ac7e43bbe82a70bebac296f8bc6f0addaa1a?s=96&d=mm&r=g\",\"caption\":\"edicionweb\"}}]}<\/script>\n<!-- \/ Yoast SEO plugin. -->","yoast_head_json":{"title":"Destaca CONAVIM trabajo coordinado para la erradicaci\u00f3n de la violencia contra las mujeres - Canal 7 SLP - 2019","robots":{"index":"index","follow":"follow","max-snippet":"max-snippet:-1","max-image-preview":"max-image-preview:large","max-video-preview":"max-video-preview:-1"},"canonical":"https:\/\/canal7slp.tv\/2019\/destaca-conavim-trabajo-coordinado-para-la-erradicacion-de-la-violencia-contra-las-mujeres\/","og_locale":"es_ES","og_type":"article","og_title":"Destaca CONAVIM trabajo coordinado para la erradicaci\u00f3n de la violencia contra las mujeres - Canal 7 SLP - 2019","og_description":"SLP.- Durante una reuni\u00f3n de trabajo en San Luis Potos\u00ed, la titular de la Comisi\u00f3n Nacional para Prevenir y Erradicar la Violencia contra las Mujeres (CONAVIM), Mar\u00eda Candelaria Ochoa \u00c1valos, resalt\u00f3 la voluntad del Gobernador del Estado, Juan Manuel Carreras L\u00f3pez, para trabajar coordinadamente al implementar proyectos conjuntos que buscan eliminar las agresiones a las [&hellip;]","og_url":"https:\/\/canal7slp.tv\/2019\/destaca-conavim-trabajo-coordinado-para-la-erradicacion-de-la-violencia-contra-las-mujeres\/","og_site_name":"Canal 7 SLP - 2019","article_publisher":"https:\/\/www.facebook.com\/CANAL7SLP\/","article_published_time":"2019-06-18T23:30:09+00:00","og_image":[{"width":800,"height":533,"url":"https:\/\/canal7slp.tv\/2019\/wp-content\/uploads\/2019\/06\/GobiernoCONAVIM.jpg","type":"image\/jpeg"}],"author":"edicionweb","twitter_card":"summary_large_image","twitter_creator":"@canal7_slp","twitter_site":"@canal7_slp","twitter_misc":{"Escrito por":"edicionweb","Tiempo de lectura":"2 minutos"},"schema":{"@context":"https:\/\/schema.org","@graph":[{"@type":"Article","@id":"https:\/\/canal7slp.tv\/2019\/destaca-conavim-trabajo-coordinado-para-la-erradicacion-de-la-violencia-contra-las-mujeres\/#article","isPartOf":{"@id":"https:\/\/canal7slp.tv\/2019\/destaca-conavim-trabajo-coordinado-para-la-erradicacion-de-la-violencia-contra-las-mujeres\/"},"author":{"name":"edicionweb","@id":"https:\/\/canal7slp.tv\/2019\/#\/schema\/person\/11d941c1c6ca30ac0a46b95fa37aa2e3"},"headline":"Destaca CONAVIM trabajo coordinado para la erradicaci\u00f3n de la violencia contra las mujeres","datePublished":"2019-06-18T23:30:09+00:00","mainEntityOfPage":{"@id":"https:\/\/canal7slp.tv\/2019\/destaca-conavim-trabajo-coordinado-para-la-erradicacion-de-la-violencia-contra-las-mujeres\/"},"wordCount":481,"commentCount":0,"publisher":{"@id":"https:\/\/canal7slp.tv\/2019\/#organization"},"image":{"@id":"https:\/\/canal7slp.tv\/2019\/destaca-conavim-trabajo-coordinado-para-la-erradicacion-de-la-violencia-contra-las-mujeres\/#primaryimage"},"thumbnailUrl":"https:\/\/canal7slp.tv\/2019\/wp-content\/uploads\/2019\/06\/GobiernoCONAVIM.jpg","articleSection":["LOCALES Y REGIONALES"],"inLanguage":"es","potentialAction":[{"@type":"CommentAction","name":"Comment","target":["https:\/\/canal7slp.tv\/2019\/destaca-conavim-trabajo-coordinado-para-la-erradicacion-de-la-violencia-contra-las-mujeres\/#respond"]}]},{"@type":"WebPage","@id":"https:\/\/canal7slp.tv\/2019\/destaca-conavim-trabajo-coordinado-para-la-erradicacion-de-la-violencia-contra-las-mujeres\/","url":"https:\/\/canal7slp.tv\/2019\/destaca-conavim-trabajo-coordinado-para-la-erradicacion-de-la-violencia-contra-las-mujeres\/","name":"Destaca CONAVIM trabajo coordinado para la erradicaci\u00f3n de la violencia contra las mujeres - Canal 7 SLP - 2019","isPartOf":{"@id":"https:\/\/canal7slp.tv\/2019\/#website"},"primaryImageOfPage":{"@id":"https:\/\/canal7slp.tv\/2019\/destaca-conavim-trabajo-coordinado-para-la-erradicacion-de-la-violencia-contra-las-mujeres\/#primaryimage"},"image":{"@id":"https:\/\/canal7slp.tv\/2019\/destaca-conavim-trabajo-coordinado-para-la-erradicacion-de-la-violencia-contra-las-mujeres\/#primaryimage"},"thumbnailUrl":"https:\/\/canal7slp.tv\/2019\/wp-content\/uploads\/2019\/06\/GobiernoCONAVIM.jpg","datePublished":"2019-06-18T23:30:09+00:00","breadcrumb":{"@id":"https:\/\/canal7slp.tv\/2019\/destaca-conavim-trabajo-coordinado-para-la-erradicacion-de-la-violencia-contra-las-mujeres\/#breadcrumb"},"inLanguage":"es","potentialAction":[{"@type":"ReadAction","target":["https:\/\/canal7slp.tv\/2019\/destaca-conavim-trabajo-coordinado-para-la-erradicacion-de-la-violencia-contra-las-mujeres\/"]}]},{"@type":"ImageObject","inLanguage":"es","@id":"https:\/\/canal7slp.tv\/2019\/destaca-conavim-trabajo-coordinado-para-la-erradicacion-de-la-violencia-contra-las-mujeres\/#primaryimage","url":"https:\/\/canal7slp.tv\/2019\/wp-content\/uploads\/2019\/06\/GobiernoCONAVIM.jpg","contentUrl":"https:\/\/canal7slp.tv\/2019\/wp-content\/uploads\/2019\/06\/GobiernoCONAVIM.jpg","width":800,"height":533},{"@type":"BreadcrumbList","@id":"https:\/\/canal7slp.tv\/2019\/destaca-conavim-trabajo-coordinado-para-la-erradicacion-de-la-violencia-contra-las-mujeres\/#breadcrumb","itemListElement":[{"@type":"ListItem","position":1,"name":"Home","item":"https:\/\/canal7slp.tv\/2019\/"},{"@type":"ListItem","position":2,"name":"Destaca CONAVIM trabajo coordinado para la erradicaci\u00f3n de la violencia contra las mujeres"}]},{"@type":"WebSite","@id":"https:\/\/canal7slp.tv\/2019\/#website","url":"https:\/\/canal7slp.tv\/2019\/","name":"Canal 7 SLP - Somos TV","description":"Somos un Canal de 10","publisher":{"@id":"https:\/\/canal7slp.tv\/2019\/#organization"},"potentialAction":[{"@type":"SearchAction","target":{"@type":"EntryPoint","urlTemplate":"https:\/\/canal7slp.tv\/2019\/?s={search_term_string}"},"query-input":{"@type":"PropertyValueSpecification","valueRequired":true,"valueName":"search_term_string"}}],"inLanguage":"es"},{"@type":"Organization","@id":"https:\/\/canal7slp.tv\/2019\/#organization","name":"Comunicaci\u00f3n 2000 S.A. de C.V.","url":"https:\/\/canal7slp.tv\/2019\/","logo":{"@type":"ImageObject","inLanguage":"es","@id":"https:\/\/canal7slp.tv\/2019\/#\/schema\/logo\/image\/","url":"https:\/\/canal7slp.tv\/2019\/wp-content\/uploads\/2019\/07\/logo-c7.png","contentUrl":"https:\/\/canal7slp.tv\/2019\/wp-content\/uploads\/2019\/07\/logo-c7.png","width":220,"height":60,"caption":"Comunicaci\u00f3n 2000 S.A. de C.V."},"image":{"@id":"https:\/\/canal7slp.tv\/2019\/#\/schema\/logo\/image\/"},"sameAs":["https:\/\/www.facebook.com\/CANAL7SLP\/","https:\/\/x.com\/canal7_slp","https:\/\/www.instagram.com\/canal7_slp","https:\/\/www.youtube.com\/user\/NOTICIEROSCANAL7SLP\/"]},{"@type":"Person","@id":"https:\/\/canal7slp.tv\/2019\/#\/schema\/person\/11d941c1c6ca30ac0a46b95fa37aa2e3","name":"edicionweb","image":{"@type":"ImageObject","inLanguage":"es","@id":"https:\/\/secure.gravatar.com\/avatar\/eee448fc3f7164808013b816ba91ac7e43bbe82a70bebac296f8bc6f0addaa1a?s=96&d=mm&r=g","url":"https:\/\/secure.gravatar.com\/avatar\/eee448fc3f7164808013b816ba91ac7e43bbe82a70bebac296f8bc6f0addaa1a?s=96&d=mm&r=g","contentUrl":"https:\/\/secure.gravatar.com\/avatar\/eee448fc3f7164808013b816ba91ac7e43bbe82a70bebac296f8bc6f0addaa1a?s=96&d=mm&r=g","caption":"edicionweb"}}]}},"amp_enabled":true,"cmb2":{"video_ids_in_playlist":{"vid_p_videos":""},"video_ids_in_channel":{"vid_c_videos":""},"playlist_ids_in_channel":{"vid_c_playlists":""},"series_ids_in_channel":{"vid_c_series":""},"channel_images":{"vid_c_logo":"","vid_c_banner":""},"poster_feature_image":{"vid_m_poster_image":""},"gif_feature_image":{"vid_m_gif_image":""},"video_movie_settings":{"vid_m_director":"","vid_m_actor":"","vid_m_imdb_ratings":"","vid_m_amazon_associates":""},"vid_youtube_broadcasts_settings":{"vid_yb_broadcast_title":"","vid_yb_q":"","vid_yb_channelid":"","vid_yb_videocategoryid":"","vid_yb_maxresults":"","vid_yb_order":"","vid_yb_regioncode":"","vid_yb_videosyndicated":"","vid_yb_style":"","vid_yb_reload_first":""},"video_series_settings":{"vid_m_director":"","vid_m_actor":"","vid_m_imdb_ratings":"","video_series_group":""},"amazon_associates_settings":{"amazon_associates":"","amazon_native_ad":""},"vid_youtube_automatic_settings":{"vid_ya_youtube_source":"","vid_ya_update_every":"","vid_ya_update_unit":"","vid_ya_categories":"","vid_ya_published_after":"","vid_ya_published_before":"","vid_ya_playlists":"","vid_ya_channels":"","vid_ya_director":"","vid_ya_actor":"","vid_ya_author":"","vid_ya_import_post_date":"","vid_ya_status":"","vid_ya_sub_api_key":""},"vid_ads_m_videoads_settings_post":{"vid_ads_m_video_ads":"","vid_ads_m_video_ads_type":"","vid_ads_m_group_google_ima":"","vid_ads_m_group_image":"","vid_ads_m_group_html5_video":"","vid_ads_m_group_html":"","vid_ads_m_vast_preroll":"","vid_ads_m_vast_postroll":"","vid_ads_m_vast_pauseroll":"","vid_ads_m_vast_midroll":[{"vid_ads_m_vast_timer_seconds":"50"}],"vid_ads_m_time_to_show_ads":"","vid_ads_m_time_skip_ads":"","vid_ads_m_time_to_hide_ads":""},"page_slider_settings":{"display_slider_group":"","page_slider_group":""},"blog_page_settings":{"blog_page_title":"","blog_page_heading":"","blog_page_ic":"","blog_page_it":"","blog_page_ec":"","blog_page_ip":"","archive_loop_style":"","blog_image_ratio":"","blog_show_categories":"","blog_show_excerpt":"","blog_show_author":"","blog_show_date":"","blog_show_comment_count":"","blog_show_view_count":"","blog_show_like_count":"","blog_show_dislike_count":"","blog_items_per_page":"","blog_pag_type":""},"page_options":{"get_page_template":"","color_mode":"","main_layout":"","main_layout_full_with":"","main_logo":"","main_logo_retina":"","main_logo_mobile":"","main_logo_mobile_retina":"","sticky_logo":"","sticky_logo_retina":"","main_nav_layout":"","ajax_search":"","header_background":"","theme_sidebar":"","instagram_feed":"","instagram_feed_position":"","popular_videos":"","popular_videos_title_1":"","popular_videos_title_2":"","popular_videos_ic":"","popular_videos_it":"","theme_background":"","page_custom_css":""},"feature_image_settings":{"feature_image_position":""},"video_player_settings":{"single_video_style":"","video_player_position":"","vm_video_url":"","video_player_library":"","video_streaming":"","vm_media_sources":"","vid_auto_play":"","vm_video_shortcode":"","vid_p_sync_playlist":"","vid_c_sync_channel":"","get_post_format":"","multiple_links_structure":"default","multi_links_title":"","vm_video_multi_links":"","vm_duration":"","vid_social_locker":"off","vid_social_locker_id":"","vid_membership_action":"content-video","vm_video_trailer_url":"","vid_download_type":"free","vid_download_target":"download","vid_woo_product":"","vm_media_download":"","user_rating":"","user_rating_position":"","user_rating_mode":"","user_rating_multi_sets":""},"video_auto_fetch_settings":{"vm_video_fetch":"on"},"video_fake_views_likes":{"vm_fake_views":"","vm_fake_likes":"","vm_fake_dislikes":""},"gallery_settings":{"gallery_position":""},"quote_settings":{"quote_position":""},"post_options":{"main_layout":"","main_logo":"","main_logo_retina":"","main_logo_mobile":"","main_logo_mobile_retina":"","sticky_logo":"","sticky_logo_retina":"","main_nav_layout":"","header_background":"","theme_sidebar":"","single_post_comment_type":"","theme_background":""}},"_links":{"self":[{"href":"https:\/\/canal7slp.tv\/2019\/wp-json\/wp\/v2\/posts\/17441","targetHints":{"allow":["GET"]}}],"collection":[{"href":"https:\/\/canal7slp.tv\/2019\/wp-json\/wp\/v2\/posts"}],"about":[{"href":"https:\/\/canal7slp.tv\/2019\/wp-json\/wp\/v2\/types\/post"}],"author":[{"embeddable":true,"href":"https:\/\/canal7slp.tv\/2019\/wp-json\/wp\/v2\/users\/2"}],"replies":[{"embeddable":true,"href":"https:\/\/canal7slp.tv\/2019\/wp-json\/wp\/v2\/comments?post=17441"}],"version-history":[{"count":0,"href":"https:\/\/canal7slp.tv\/2019\/wp-json\/wp\/v2\/posts\/17441\/revisions"}],"wp:featuredmedia":[{"embeddable":true,"href":"https:\/\/canal7slp.tv\/2019\/wp-json\/wp\/v2\/media\/17446"}],"wp:attachment":[{"href":"https:\/\/canal7slp.tv\/2019\/wp-json\/wp\/v2\/media?parent=17441"}],"wp:term":[{"taxonomy":"category","embeddable":true,"href":"https:\/\/canal7slp.tv\/2019\/wp-json\/wp\/v2\/categories?post=17441"},{"taxonomy":"post_tag","embeddable":true,"href":"https:\/\/canal7slp.tv\/2019\/wp-json\/wp\/v2\/tags?post=17441"}],"curies":[{"name":"wp","href":"https:\/\/api.w.org\/{rel}","templated":true}]}}