{"id":16984,"date":"2019-06-18T14:43:06","date_gmt":"2019-06-18T19:43:06","guid":{"rendered":"https:\/\/canal7slp.tv\/2019\/?p=16984"},"modified":"2019-06-18T14:43:06","modified_gmt":"2019-06-18T19:43:06","slug":"empresarios-expresan-asombro-por-cancelacion-de-rondas-petroleras","status":"publish","type":"post","link":"https:\/\/canal7slp.tv\/2019\/empresarios-expresan-asombro-por-cancelacion-de-rondas-petroleras\/","title":{"rendered":"Empresarios expresan asombro por cancelaci\u00f3n de rondas petroleras"},"content":{"rendered":"<p style=\"text-align: justify;\">M\u00e9xico.- El Consejo Coordinador Empresarial (CCE) extern\u00f3 al jefe de la Oficina de la Presidencia de la Rep\u00fablica, Alfonso Romo, el asombro de este sector y el privado por la cancelaci\u00f3n de las rondas petroleras que se celebrar\u00edan en octubre, por lo que \u00e9ste les ofreci\u00f3 dialogar con el presidente Andr\u00e9s Manuel L\u00f3pez Obrador sobre ese tema.<\/p>\n<p style=\"text-align: justify;\">Al informar lo anterior, el dirigente de la CCE, Carlos Salazar Lomel\u00edn, dijo en entrevista que durante la reuni\u00f3n privada que sostuvo con Romo Garza en Palacio Nacional, el tambi\u00e9n enlace con el sector empresarial\u00a0hizo patente su asombro por el reciente anuncio de la Secretar\u00eda de Energ\u00eda.<\/p>\n<p style=\"text-align: justify;\">Salazar Lomel\u00ed indic\u00f3 que la cancelaci\u00f3n de las rondas o &#8220;farmouts&#8221;, coincidi\u00f3 con la firma del convenio entre el gobierno federal e inversionistas agrupados en el CCE para promover la inversi\u00f3n y el desarrollo sustentable.<\/p>\n<p style=\"text-align: justify;\">Ese mismo d\u00eda, el Consejo Mexicano de Negocios (CMN) anunci\u00f3 una inversi\u00f3n por 32 mil millones de d\u00f3lares para este a\u00f1o, donde se a\u00f1ade la participaci\u00f3n de los sectores agropecuario, industrial y de servicios, con lo que se busca alcanzar la meta de crecimiento de cuatro por ciento anual, proyectada por el gobierno federal:<\/p>\n<p style=\"text-align: justify;\">\u201cLo segundo y m\u00e1s importante fue mostrarle nuestro asombro, no lo puedo calificar de otra manera. El mismo d\u00eda que est\u00e1bamos firmando el convenio con el presidente, la Secretar\u00eda de Energ\u00eda estaba anunciando la cancelaci\u00f3n de las rondas que se iban a hacer en octubre\u201d, coment\u00f3.<\/p>\n<p style=\"text-align: justify;\">Abund\u00f3 que Romo tambi\u00e9n se dijo asombrado por la misma situaci\u00f3n, &#8220;de alguna manera sorprendido por lo que hab\u00eda pasado ese d\u00eda y que estaba pidiendo una cita al presidente (Andr\u00e9s Manuel L\u00f3pez Obrador) para tratar de averiguar qu\u00e9 sucedi\u00f3\u201d.<\/p>\n<p style=\"text-align: justify;\">El dirigente empresarial record\u00f3 que Petr\u00f3leos Mexicanos (Pemex) tiene una deuda de 104 mil millones de d\u00f3lares, \u201ces la empresa m\u00e1s endeuda de M\u00e9xico, es la empresa m\u00e1s endeudada de todo el sector petrolero del mundo&#8221;, expres\u00f3 el empresario.<\/p>\n<p style=\"text-align: justify;\">Dijo que el gobierno puede optar en apoyarse en el sector privado en materia de exploraci\u00f3n, si arriesgar sus recursos, esto es, \u201caqu\u00ed el riesgo lo toma el sector privado y si este resulta exitoso en encontrar petr\u00f3leo en uno de los pozos, hay un contrato previo donde un gran porcentaje de las utilidades que genere el petr\u00f3leo que se empieza a extraer, le queda al Gobierno. Entonces, \u00a1imag\u00ednense qu\u00e9 buen trato!\u201d.<\/p>\n<p style=\"text-align: justify;\">A\u00f1adi\u00f3 que sin duda existen \u00e1reas que se deben componer en este tipo de contratos y convenios, as\u00ed como situaciones irregulares que se pudieron haber presentado en el pasado, \u201cpero (\u2026) ya estamos casi en el mes de julio, como para haber resuelto cada una de \u00e9stas dudas que se ten\u00edan y empezar a restablecer procesos que son buenos para todos\u201d.<\/p>\n<p style=\"text-align: justify;\">A pregunta expresa, insisti\u00f3 que el CCE firm\u00f3 un convenio para promover la inversi\u00f3n entre otras cosas, en el sector energ\u00e9tico y, por otro lado, \u201cfue una sorpresa que sin decir agua va, fue una sorpresa que de repente se cancelan (las rondas petroleras)\u201d.<\/p>\n<p style=\"text-align: justify;\">El presidente del Consejo Coordinador Empresarial confi\u00f3 en que haya una explicaci\u00f3n sobre esa cancelaci\u00f3n \u201cy esto fue lo que yo vine a preguntarle a Romo\u201d.<\/p>\n<p style=\"text-align: justify;\">Respecto a si hay decepci\u00f3n con este tipo de anuncios, coment\u00f3 que m\u00e1s bien es sorpresa. \u201cEstamos sorprendidos y venimos a ver qu\u00e9 sucede, por eso venimos hablar con Alfonso (Romo). \u00c9l y yo fuimos firmantes del convenio, el presidente fue nuestro testigo\u201d.<\/p>\n","protected":false},"excerpt":{"rendered":"<p>M\u00e9xico.- El Consejo Coordinador Empresarial (CCE) extern\u00f3 al jefe de la Oficina de la Presidencia de la Rep\u00fablica, Alfonso Romo, el asombro de este sector y el privado por la cancelaci\u00f3n de las rondas petroleras que se celebrar\u00edan en octubre, por lo que \u00e9ste les ofreci\u00f3 dialogar con el presidente Andr\u00e9s Manuel L\u00f3pez Obrador sobre [&hellip;]<\/p>\n","protected":false},"author":2,"featured_media":16985,"comment_status":"open","ping_status":"closed","sticky":false,"template":"","format":"standard","meta":{"footnotes":""},"categories":[30],"tags":[],"class_list":["post-16984","post","type-post","status-publish","format-standard","has-post-thumbnail","hentry","category-nacional"],"yoast_head":"<!-- This site is optimized with the Yoast SEO plugin v27.5 - https:\/\/yoast.com\/product\/yoast-seo-wordpress\/ -->\n<title>Empresarios expresan asombro por cancelaci\u00f3n de rondas petroleras - Canal 7 SLP - 2019<\/title>\n<meta name=\"robots\" content=\"index, follow, max-snippet:-1, max-image-preview:large, max-video-preview:-1\" \/>\n<link rel=\"canonical\" href=\"https:\/\/canal7slp.tv\/2019\/empresarios-expresan-asombro-por-cancelacion-de-rondas-petroleras\/\" \/>\n<meta property=\"og:locale\" content=\"es_ES\" \/>\n<meta property=\"og:type\" content=\"article\" \/>\n<meta property=\"og:title\" content=\"Empresarios expresan asombro por cancelaci\u00f3n de rondas petroleras - Canal 7 SLP - 2019\" \/>\n<meta property=\"og:description\" content=\"M\u00e9xico.- El Consejo Coordinador Empresarial (CCE) extern\u00f3 al jefe de la Oficina de la Presidencia de la Rep\u00fablica, Alfonso Romo, el asombro de este sector y el privado por la cancelaci\u00f3n de las rondas petroleras que se celebrar\u00edan en octubre, por lo que \u00e9ste les ofreci\u00f3 dialogar con el presidente Andr\u00e9s Manuel L\u00f3pez Obrador sobre [&hellip;]\" \/>\n<meta property=\"og:url\" content=\"https:\/\/canal7slp.tv\/2019\/empresarios-expresan-asombro-por-cancelacion-de-rondas-petroleras\/\" \/>\n<meta property=\"og:site_name\" content=\"Canal 7 SLP - 2019\" \/>\n<meta property=\"article:publisher\" content=\"https:\/\/www.facebook.com\/CANAL7SLP\/\" \/>\n<meta property=\"article:published_time\" content=\"2019-06-18T19:43:06+00:00\" \/>\n<meta property=\"og:image\" content=\"https:\/\/canal7slp.tv\/2019\/wp-content\/uploads\/2019\/06\/20-8.jpg\" \/>\n\t<meta property=\"og:image:width\" content=\"800\" \/>\n\t<meta property=\"og:image:height\" content=\"412\" \/>\n\t<meta property=\"og:image:type\" content=\"image\/jpeg\" \/>\n<meta name=\"author\" content=\"edicionweb\" \/>\n<meta name=\"twitter:card\" content=\"summary_large_image\" \/>\n<meta name=\"twitter:creator\" content=\"@canal7_slp\" \/>\n<meta name=\"twitter:site\" content=\"@canal7_slp\" \/>\n<meta name=\"twitter:label1\" content=\"Escrito por\" \/>\n\t<meta name=\"twitter:data1\" content=\"edicionweb\" \/>\n\t<meta name=\"twitter:label2\" content=\"Tiempo de lectura\" \/>\n\t<meta name=\"twitter:data2\" content=\"3 minutos\" \/>\n<script type=\"application\/ld+json\" class=\"yoast-schema-graph\">{\"@context\":\"https:\\\/\\\/schema.org\",\"@graph\":[{\"@type\":\"Article\",\"@id\":\"https:\\\/\\\/canal7slp.tv\\\/2019\\\/empresarios-expresan-asombro-por-cancelacion-de-rondas-petroleras\\\/#article\",\"isPartOf\":{\"@id\":\"https:\\\/\\\/canal7slp.tv\\\/2019\\\/empresarios-expresan-asombro-por-cancelacion-de-rondas-petroleras\\\/\"},\"author\":{\"name\":\"edicionweb\",\"@id\":\"https:\\\/\\\/canal7slp.tv\\\/2019\\\/#\\\/schema\\\/person\\\/11d941c1c6ca30ac0a46b95fa37aa2e3\"},\"headline\":\"Empresarios expresan asombro por cancelaci\u00f3n de rondas petroleras\",\"datePublished\":\"2019-06-18T19:43:06+00:00\",\"mainEntityOfPage\":{\"@id\":\"https:\\\/\\\/canal7slp.tv\\\/2019\\\/empresarios-expresan-asombro-por-cancelacion-de-rondas-petroleras\\\/\"},\"wordCount\":620,\"commentCount\":0,\"publisher\":{\"@id\":\"https:\\\/\\\/canal7slp.tv\\\/2019\\\/#organization\"},\"image\":{\"@id\":\"https:\\\/\\\/canal7slp.tv\\\/2019\\\/empresarios-expresan-asombro-por-cancelacion-de-rondas-petroleras\\\/#primaryimage\"},\"thumbnailUrl\":\"https:\\\/\\\/canal7slp.tv\\\/2019\\\/wp-content\\\/uploads\\\/2019\\\/06\\\/20-8.jpg\",\"articleSection\":[\"NACIONAL\"],\"inLanguage\":\"es\",\"potentialAction\":[{\"@type\":\"CommentAction\",\"name\":\"Comment\",\"target\":[\"https:\\\/\\\/canal7slp.tv\\\/2019\\\/empresarios-expresan-asombro-por-cancelacion-de-rondas-petroleras\\\/#respond\"]}]},{\"@type\":\"WebPage\",\"@id\":\"https:\\\/\\\/canal7slp.tv\\\/2019\\\/empresarios-expresan-asombro-por-cancelacion-de-rondas-petroleras\\\/\",\"url\":\"https:\\\/\\\/canal7slp.tv\\\/2019\\\/empresarios-expresan-asombro-por-cancelacion-de-rondas-petroleras\\\/\",\"name\":\"Empresarios expresan asombro por cancelaci\u00f3n de rondas petroleras - Canal 7 SLP - 2019\",\"isPartOf\":{\"@id\":\"https:\\\/\\\/canal7slp.tv\\\/2019\\\/#website\"},\"primaryImageOfPage\":{\"@id\":\"https:\\\/\\\/canal7slp.tv\\\/2019\\\/empresarios-expresan-asombro-por-cancelacion-de-rondas-petroleras\\\/#primaryimage\"},\"image\":{\"@id\":\"https:\\\/\\\/canal7slp.tv\\\/2019\\\/empresarios-expresan-asombro-por-cancelacion-de-rondas-petroleras\\\/#primaryimage\"},\"thumbnailUrl\":\"https:\\\/\\\/canal7slp.tv\\\/2019\\\/wp-content\\\/uploads\\\/2019\\\/06\\\/20-8.jpg\",\"datePublished\":\"2019-06-18T19:43:06+00:00\",\"breadcrumb\":{\"@id\":\"https:\\\/\\\/canal7slp.tv\\\/2019\\\/empresarios-expresan-asombro-por-cancelacion-de-rondas-petroleras\\\/#breadcrumb\"},\"inLanguage\":\"es\",\"potentialAction\":[{\"@type\":\"ReadAction\",\"target\":[\"https:\\\/\\\/canal7slp.tv\\\/2019\\\/empresarios-expresan-asombro-por-cancelacion-de-rondas-petroleras\\\/\"]}]},{\"@type\":\"ImageObject\",\"inLanguage\":\"es\",\"@id\":\"https:\\\/\\\/canal7slp.tv\\\/2019\\\/empresarios-expresan-asombro-por-cancelacion-de-rondas-petroleras\\\/#primaryimage\",\"url\":\"https:\\\/\\\/canal7slp.tv\\\/2019\\\/wp-content\\\/uploads\\\/2019\\\/06\\\/20-8.jpg\",\"contentUrl\":\"https:\\\/\\\/canal7slp.tv\\\/2019\\\/wp-content\\\/uploads\\\/2019\\\/06\\\/20-8.jpg\",\"width\":800,\"height\":412},{\"@type\":\"BreadcrumbList\",\"@id\":\"https:\\\/\\\/canal7slp.tv\\\/2019\\\/empresarios-expresan-asombro-por-cancelacion-de-rondas-petroleras\\\/#breadcrumb\",\"itemListElement\":[{\"@type\":\"ListItem\",\"position\":1,\"name\":\"Home\",\"item\":\"https:\\\/\\\/canal7slp.tv\\\/2019\\\/\"},{\"@type\":\"ListItem\",\"position\":2,\"name\":\"Empresarios expresan asombro por cancelaci\u00f3n de rondas petroleras\"}]},{\"@type\":\"WebSite\",\"@id\":\"https:\\\/\\\/canal7slp.tv\\\/2019\\\/#website\",\"url\":\"https:\\\/\\\/canal7slp.tv\\\/2019\\\/\",\"name\":\"Canal 7 SLP - Somos TV\",\"description\":\"Somos un Canal de 10\",\"publisher\":{\"@id\":\"https:\\\/\\\/canal7slp.tv\\\/2019\\\/#organization\"},\"potentialAction\":[{\"@type\":\"SearchAction\",\"target\":{\"@type\":\"EntryPoint\",\"urlTemplate\":\"https:\\\/\\\/canal7slp.tv\\\/2019\\\/?s={search_term_string}\"},\"query-input\":{\"@type\":\"PropertyValueSpecification\",\"valueRequired\":true,\"valueName\":\"search_term_string\"}}],\"inLanguage\":\"es\"},{\"@type\":\"Organization\",\"@id\":\"https:\\\/\\\/canal7slp.tv\\\/2019\\\/#organization\",\"name\":\"Comunicaci\u00f3n 2000 S.A. de C.V.\",\"url\":\"https:\\\/\\\/canal7slp.tv\\\/2019\\\/\",\"logo\":{\"@type\":\"ImageObject\",\"inLanguage\":\"es\",\"@id\":\"https:\\\/\\\/canal7slp.tv\\\/2019\\\/#\\\/schema\\\/logo\\\/image\\\/\",\"url\":\"https:\\\/\\\/canal7slp.tv\\\/2019\\\/wp-content\\\/uploads\\\/2019\\\/07\\\/logo-c7.png\",\"contentUrl\":\"https:\\\/\\\/canal7slp.tv\\\/2019\\\/wp-content\\\/uploads\\\/2019\\\/07\\\/logo-c7.png\",\"width\":220,\"height\":60,\"caption\":\"Comunicaci\u00f3n 2000 S.A. de C.V.\"},\"image\":{\"@id\":\"https:\\\/\\\/canal7slp.tv\\\/2019\\\/#\\\/schema\\\/logo\\\/image\\\/\"},\"sameAs\":[\"https:\\\/\\\/www.facebook.com\\\/CANAL7SLP\\\/\",\"https:\\\/\\\/x.com\\\/canal7_slp\",\"https:\\\/\\\/www.instagram.com\\\/canal7_slp\",\"https:\\\/\\\/www.youtube.com\\\/user\\\/NOTICIEROSCANAL7SLP\\\/\"]},{\"@type\":\"Person\",\"@id\":\"https:\\\/\\\/canal7slp.tv\\\/2019\\\/#\\\/schema\\\/person\\\/11d941c1c6ca30ac0a46b95fa37aa2e3\",\"name\":\"edicionweb\",\"image\":{\"@type\":\"ImageObject\",\"inLanguage\":\"es\",\"@id\":\"https:\\\/\\\/secure.gravatar.com\\\/avatar\\\/eee448fc3f7164808013b816ba91ac7e43bbe82a70bebac296f8bc6f0addaa1a?s=96&d=mm&r=g\",\"url\":\"https:\\\/\\\/secure.gravatar.com\\\/avatar\\\/eee448fc3f7164808013b816ba91ac7e43bbe82a70bebac296f8bc6f0addaa1a?s=96&d=mm&r=g\",\"contentUrl\":\"https:\\\/\\\/secure.gravatar.com\\\/avatar\\\/eee448fc3f7164808013b816ba91ac7e43bbe82a70bebac296f8bc6f0addaa1a?s=96&d=mm&r=g\",\"caption\":\"edicionweb\"}}]}<\/script>\n<!-- \/ Yoast SEO plugin. -->","yoast_head_json":{"title":"Empresarios expresan asombro por cancelaci\u00f3n de rondas petroleras - Canal 7 SLP - 2019","robots":{"index":"index","follow":"follow","max-snippet":"max-snippet:-1","max-image-preview":"max-image-preview:large","max-video-preview":"max-video-preview:-1"},"canonical":"https:\/\/canal7slp.tv\/2019\/empresarios-expresan-asombro-por-cancelacion-de-rondas-petroleras\/","og_locale":"es_ES","og_type":"article","og_title":"Empresarios expresan asombro por cancelaci\u00f3n de rondas petroleras - Canal 7 SLP - 2019","og_description":"M\u00e9xico.- El Consejo Coordinador Empresarial (CCE) extern\u00f3 al jefe de la Oficina de la Presidencia de la Rep\u00fablica, Alfonso Romo, el asombro de este sector y el privado por la cancelaci\u00f3n de las rondas petroleras que se celebrar\u00edan en octubre, por lo que \u00e9ste les ofreci\u00f3 dialogar con el presidente Andr\u00e9s Manuel L\u00f3pez Obrador sobre [&hellip;]","og_url":"https:\/\/canal7slp.tv\/2019\/empresarios-expresan-asombro-por-cancelacion-de-rondas-petroleras\/","og_site_name":"Canal 7 SLP - 2019","article_publisher":"https:\/\/www.facebook.com\/CANAL7SLP\/","article_published_time":"2019-06-18T19:43:06+00:00","og_image":[{"width":800,"height":412,"url":"https:\/\/canal7slp.tv\/2019\/wp-content\/uploads\/2019\/06\/20-8.jpg","type":"image\/jpeg"}],"author":"edicionweb","twitter_card":"summary_large_image","twitter_creator":"@canal7_slp","twitter_site":"@canal7_slp","twitter_misc":{"Escrito por":"edicionweb","Tiempo de lectura":"3 minutos"},"schema":{"@context":"https:\/\/schema.org","@graph":[{"@type":"Article","@id":"https:\/\/canal7slp.tv\/2019\/empresarios-expresan-asombro-por-cancelacion-de-rondas-petroleras\/#article","isPartOf":{"@id":"https:\/\/canal7slp.tv\/2019\/empresarios-expresan-asombro-por-cancelacion-de-rondas-petroleras\/"},"author":{"name":"edicionweb","@id":"https:\/\/canal7slp.tv\/2019\/#\/schema\/person\/11d941c1c6ca30ac0a46b95fa37aa2e3"},"headline":"Empresarios expresan asombro por cancelaci\u00f3n de rondas petroleras","datePublished":"2019-06-18T19:43:06+00:00","mainEntityOfPage":{"@id":"https:\/\/canal7slp.tv\/2019\/empresarios-expresan-asombro-por-cancelacion-de-rondas-petroleras\/"},"wordCount":620,"commentCount":0,"publisher":{"@id":"https:\/\/canal7slp.tv\/2019\/#organization"},"image":{"@id":"https:\/\/canal7slp.tv\/2019\/empresarios-expresan-asombro-por-cancelacion-de-rondas-petroleras\/#primaryimage"},"thumbnailUrl":"https:\/\/canal7slp.tv\/2019\/wp-content\/uploads\/2019\/06\/20-8.jpg","articleSection":["NACIONAL"],"inLanguage":"es","potentialAction":[{"@type":"CommentAction","name":"Comment","target":["https:\/\/canal7slp.tv\/2019\/empresarios-expresan-asombro-por-cancelacion-de-rondas-petroleras\/#respond"]}]},{"@type":"WebPage","@id":"https:\/\/canal7slp.tv\/2019\/empresarios-expresan-asombro-por-cancelacion-de-rondas-petroleras\/","url":"https:\/\/canal7slp.tv\/2019\/empresarios-expresan-asombro-por-cancelacion-de-rondas-petroleras\/","name":"Empresarios expresan asombro por cancelaci\u00f3n de rondas petroleras - Canal 7 SLP - 2019","isPartOf":{"@id":"https:\/\/canal7slp.tv\/2019\/#website"},"primaryImageOfPage":{"@id":"https:\/\/canal7slp.tv\/2019\/empresarios-expresan-asombro-por-cancelacion-de-rondas-petroleras\/#primaryimage"},"image":{"@id":"https:\/\/canal7slp.tv\/2019\/empresarios-expresan-asombro-por-cancelacion-de-rondas-petroleras\/#primaryimage"},"thumbnailUrl":"https:\/\/canal7slp.tv\/2019\/wp-content\/uploads\/2019\/06\/20-8.jpg","datePublished":"2019-06-18T19:43:06+00:00","breadcrumb":{"@id":"https:\/\/canal7slp.tv\/2019\/empresarios-expresan-asombro-por-cancelacion-de-rondas-petroleras\/#breadcrumb"},"inLanguage":"es","potentialAction":[{"@type":"ReadAction","target":["https:\/\/canal7slp.tv\/2019\/empresarios-expresan-asombro-por-cancelacion-de-rondas-petroleras\/"]}]},{"@type":"ImageObject","inLanguage":"es","@id":"https:\/\/canal7slp.tv\/2019\/empresarios-expresan-asombro-por-cancelacion-de-rondas-petroleras\/#primaryimage","url":"https:\/\/canal7slp.tv\/2019\/wp-content\/uploads\/2019\/06\/20-8.jpg","contentUrl":"https:\/\/canal7slp.tv\/2019\/wp-content\/uploads\/2019\/06\/20-8.jpg","width":800,"height":412},{"@type":"BreadcrumbList","@id":"https:\/\/canal7slp.tv\/2019\/empresarios-expresan-asombro-por-cancelacion-de-rondas-petroleras\/#breadcrumb","itemListElement":[{"@type":"ListItem","position":1,"name":"Home","item":"https:\/\/canal7slp.tv\/2019\/"},{"@type":"ListItem","position":2,"name":"Empresarios expresan asombro por cancelaci\u00f3n de rondas petroleras"}]},{"@type":"WebSite","@id":"https:\/\/canal7slp.tv\/2019\/#website","url":"https:\/\/canal7slp.tv\/2019\/","name":"Canal 7 SLP - Somos TV","description":"Somos un Canal de 10","publisher":{"@id":"https:\/\/canal7slp.tv\/2019\/#organization"},"potentialAction":[{"@type":"SearchAction","target":{"@type":"EntryPoint","urlTemplate":"https:\/\/canal7slp.tv\/2019\/?s={search_term_string}"},"query-input":{"@type":"PropertyValueSpecification","valueRequired":true,"valueName":"search_term_string"}}],"inLanguage":"es"},{"@type":"Organization","@id":"https:\/\/canal7slp.tv\/2019\/#organization","name":"Comunicaci\u00f3n 2000 S.A. de C.V.","url":"https:\/\/canal7slp.tv\/2019\/","logo":{"@type":"ImageObject","inLanguage":"es","@id":"https:\/\/canal7slp.tv\/2019\/#\/schema\/logo\/image\/","url":"https:\/\/canal7slp.tv\/2019\/wp-content\/uploads\/2019\/07\/logo-c7.png","contentUrl":"https:\/\/canal7slp.tv\/2019\/wp-content\/uploads\/2019\/07\/logo-c7.png","width":220,"height":60,"caption":"Comunicaci\u00f3n 2000 S.A. de C.V."},"image":{"@id":"https:\/\/canal7slp.tv\/2019\/#\/schema\/logo\/image\/"},"sameAs":["https:\/\/www.facebook.com\/CANAL7SLP\/","https:\/\/x.com\/canal7_slp","https:\/\/www.instagram.com\/canal7_slp","https:\/\/www.youtube.com\/user\/NOTICIEROSCANAL7SLP\/"]},{"@type":"Person","@id":"https:\/\/canal7slp.tv\/2019\/#\/schema\/person\/11d941c1c6ca30ac0a46b95fa37aa2e3","name":"edicionweb","image":{"@type":"ImageObject","inLanguage":"es","@id":"https:\/\/secure.gravatar.com\/avatar\/eee448fc3f7164808013b816ba91ac7e43bbe82a70bebac296f8bc6f0addaa1a?s=96&d=mm&r=g","url":"https:\/\/secure.gravatar.com\/avatar\/eee448fc3f7164808013b816ba91ac7e43bbe82a70bebac296f8bc6f0addaa1a?s=96&d=mm&r=g","contentUrl":"https:\/\/secure.gravatar.com\/avatar\/eee448fc3f7164808013b816ba91ac7e43bbe82a70bebac296f8bc6f0addaa1a?s=96&d=mm&r=g","caption":"edicionweb"}}]}},"amp_enabled":true,"cmb2":{"video_ids_in_playlist":{"vid_p_videos":""},"video_ids_in_channel":{"vid_c_videos":""},"playlist_ids_in_channel":{"vid_c_playlists":""},"series_ids_in_channel":{"vid_c_series":""},"channel_images":{"vid_c_logo":"","vid_c_banner":""},"poster_feature_image":{"vid_m_poster_image":""},"gif_feature_image":{"vid_m_gif_image":""},"video_movie_settings":{"vid_m_director":"","vid_m_actor":"","vid_m_imdb_ratings":"","vid_m_amazon_associates":""},"vid_youtube_broadcasts_settings":{"vid_yb_broadcast_title":"","vid_yb_q":"","vid_yb_channelid":"","vid_yb_videocategoryid":"","vid_yb_maxresults":"","vid_yb_order":"","vid_yb_regioncode":"","vid_yb_videosyndicated":"","vid_yb_style":"","vid_yb_reload_first":""},"video_series_settings":{"vid_m_director":"","vid_m_actor":"","vid_m_imdb_ratings":"","video_series_group":""},"amazon_associates_settings":{"amazon_associates":"","amazon_native_ad":""},"vid_youtube_automatic_settings":{"vid_ya_youtube_source":"","vid_ya_update_every":"","vid_ya_update_unit":"","vid_ya_categories":"","vid_ya_published_after":"","vid_ya_published_before":"","vid_ya_playlists":"","vid_ya_channels":"","vid_ya_director":"","vid_ya_actor":"","vid_ya_author":"","vid_ya_import_post_date":"","vid_ya_status":"","vid_ya_sub_api_key":""},"vid_ads_m_videoads_settings_post":{"vid_ads_m_video_ads":"","vid_ads_m_video_ads_type":"","vid_ads_m_group_google_ima":"","vid_ads_m_group_image":"","vid_ads_m_group_html5_video":"","vid_ads_m_group_html":"","vid_ads_m_vast_preroll":"","vid_ads_m_vast_postroll":"","vid_ads_m_vast_pauseroll":"","vid_ads_m_vast_midroll":[{"vid_ads_m_vast_timer_seconds":"50"}],"vid_ads_m_time_to_show_ads":"","vid_ads_m_time_skip_ads":"","vid_ads_m_time_to_hide_ads":""},"page_slider_settings":{"display_slider_group":"","page_slider_group":""},"blog_page_settings":{"blog_page_title":"","blog_page_heading":"","blog_page_ic":"","blog_page_it":"","blog_page_ec":"","blog_page_ip":"","archive_loop_style":"","blog_image_ratio":"","blog_show_categories":"","blog_show_excerpt":"","blog_show_author":"","blog_show_date":"","blog_show_comment_count":"","blog_show_view_count":"","blog_show_like_count":"","blog_show_dislike_count":"","blog_items_per_page":"","blog_pag_type":""},"page_options":{"get_page_template":"","color_mode":"","main_layout":"","main_layout_full_with":"","main_logo":"","main_logo_retina":"","main_logo_mobile":"","main_logo_mobile_retina":"","sticky_logo":"","sticky_logo_retina":"","main_nav_layout":"","ajax_search":"","header_background":"","theme_sidebar":"","instagram_feed":"","instagram_feed_position":"","popular_videos":"","popular_videos_title_1":"","popular_videos_title_2":"","popular_videos_ic":"","popular_videos_it":"","theme_background":"","page_custom_css":""},"feature_image_settings":{"feature_image_position":""},"video_player_settings":{"single_video_style":"","video_player_position":"","vm_video_url":"","video_player_library":"","video_streaming":"","vm_media_sources":"","vid_auto_play":"","vm_video_shortcode":"","vid_p_sync_playlist":"","vid_c_sync_channel":"","get_post_format":"","multiple_links_structure":"default","multi_links_title":"","vm_video_multi_links":"","vm_duration":"","vid_social_locker":"off","vid_social_locker_id":"","vid_membership_action":"content-video","vm_video_trailer_url":"","vid_download_type":"free","vid_download_target":"download","vid_woo_product":"","vm_media_download":"","user_rating":"","user_rating_position":"","user_rating_mode":"","user_rating_multi_sets":""},"video_auto_fetch_settings":{"vm_video_fetch":"on"},"video_fake_views_likes":{"vm_fake_views":"","vm_fake_likes":"","vm_fake_dislikes":""},"gallery_settings":{"gallery_position":""},"quote_settings":{"quote_position":""},"post_options":{"main_layout":"","main_logo":"","main_logo_retina":"","main_logo_mobile":"","main_logo_mobile_retina":"","sticky_logo":"","sticky_logo_retina":"","main_nav_layout":"","header_background":"","theme_sidebar":"","single_post_comment_type":"","theme_background":""}},"_links":{"self":[{"href":"https:\/\/canal7slp.tv\/2019\/wp-json\/wp\/v2\/posts\/16984","targetHints":{"allow":["GET"]}}],"collection":[{"href":"https:\/\/canal7slp.tv\/2019\/wp-json\/wp\/v2\/posts"}],"about":[{"href":"https:\/\/canal7slp.tv\/2019\/wp-json\/wp\/v2\/types\/post"}],"author":[{"embeddable":true,"href":"https:\/\/canal7slp.tv\/2019\/wp-json\/wp\/v2\/users\/2"}],"replies":[{"embeddable":true,"href":"https:\/\/canal7slp.tv\/2019\/wp-json\/wp\/v2\/comments?post=16984"}],"version-history":[{"count":0,"href":"https:\/\/canal7slp.tv\/2019\/wp-json\/wp\/v2\/posts\/16984\/revisions"}],"wp:featuredmedia":[{"embeddable":true,"href":"https:\/\/canal7slp.tv\/2019\/wp-json\/wp\/v2\/media\/16985"}],"wp:attachment":[{"href":"https:\/\/canal7slp.tv\/2019\/wp-json\/wp\/v2\/media?parent=16984"}],"wp:term":[{"taxonomy":"category","embeddable":true,"href":"https:\/\/canal7slp.tv\/2019\/wp-json\/wp\/v2\/categories?post=16984"},{"taxonomy":"post_tag","embeddable":true,"href":"https:\/\/canal7slp.tv\/2019\/wp-json\/wp\/v2\/tags?post=16984"}],"curies":[{"name":"wp","href":"https:\/\/api.w.org\/{rel}","templated":true}]}}