{"id":16981,"date":"2019-06-18T14:39:50","date_gmt":"2019-06-18T19:39:50","guid":{"rendered":"https:\/\/canal7slp.tv\/2019\/?p=16981"},"modified":"2019-06-18T14:39:50","modified_gmt":"2019-06-18T19:39:50","slug":"comision-permanente-allana-camino-para-ratificar-a-consejeros-de-pemex","status":"publish","type":"post","link":"https:\/\/canal7slp.tv\/2019\/comision-permanente-allana-camino-para-ratificar-a-consejeros-de-pemex\/","title":{"rendered":"Comisi\u00f3n Permanente allana camino para ratificar a consejeros de Pemex"},"content":{"rendered":"<p style=\"text-align: justify;\">M\u00e9xico.- El pleno de la Comisi\u00f3n Permanente aprob\u00f3 por unanimidad modificar el numeral quinto del decreto que convoca al Periodo Extraordinario de Sesiones del Senado de la Rep\u00fablica, del 18 al 21 de este mes, para incorporar la ratificaci\u00f3n de consejeros de Petr\u00f3leos Mexicanos (Pemex).<\/p>\n<p style=\"text-align: justify;\">En sesi\u00f3n p\u00fablica, se discuti\u00f3 y vot\u00f3, con 32 votos a favor, modificar este acuerdo que se public\u00f3 el pasado 13 de junio en el Diario Oficial de la Federaci\u00f3n, y se propuso reformar el numero quinto, de la fracci\u00f3n III del art\u00edculo 3 de ese decreto.<\/p>\n<p style=\"text-align: justify;\">El objetivo del cambio es para incorporar la ratificaci\u00f3n de dos consejeros independientes en el Consejo de Administraci\u00f3n de Petr\u00f3leos Mexicanos (Pemex).<\/p>\n<p style=\"text-align: justify;\">En esta sesi\u00f3n, que empez\u00f3 a las 11:25 horas de este martes y concluy\u00f3 a las 11:43, se dio tr\u00e1mite a diversos puntos de acuerdo y se remitieron a las comisiones respectivas para su an\u00e1lisis y dictaminaci\u00f3n, mientras que la propuesta de modificar ese decreto se aval\u00f3 que fuera un asunto de urgente resoluci\u00f3n para empezar su discusi\u00f3n de inmediato.<\/p>\n<p style=\"text-align: justify;\">Este martes inicia el periodo extraordinario de sesiones en el Senado de la Rep\u00fablica, con la sesi\u00f3n solemne para conmemorar 80 a\u00f1os del exilio espa\u00f1ol en M\u00e9xico; y el primer tema que se discutir\u00e1 en la sesi\u00f3n ordinaria de este extraordinario que ser\u00e1 el mi\u00e9rcoles, es la ratificaci\u00f3n del tratado comercial entre M\u00e9xico, Estados Unidos y Canad\u00e1 (T-MEC).<\/p>\n<p style=\"text-align: justify;\">Entre otros asuntos que se discutir\u00e1n hasta el pr\u00f3ximo viernes 21 de junio, fecha en que se ha programado concluya este extraordinario, est\u00e1n la iniciativa de la ley de los cuidados paliativos ante enfermedades en situaci\u00f3n terminal, limitantes o amenazantes a la vida.<\/p>\n<p style=\"text-align: justify;\">Adem\u00e1s, se pretende que en el transcurso de los d\u00edas, en que dure este periodo extraordinario, se logren los consensos entre los senadores para dictaminar las propuestas para la ley de revocaci\u00f3n de mandato, la ley de extinci\u00f3n de dominio, y minutas que envi\u00f3 la C\u00e1mara de Diputados, as\u00ed como algunos otros nombramientos.<\/p>\n<p style=\"text-align: justify;\">Otros temas que se abordar\u00e1n son: la revisi\u00f3n de la minuta de la colegisladora sobre este tema; la ley de austeridad republicana; y se le dar\u00e1 publicidad de la declaraci\u00f3n Tres de Tres de los servidores p\u00fablicos.<\/p>\n<p style=\"text-align: justify;\">Tambi\u00e9n la Ley Federal del Trabajo en materia del teletrabajo; desincorporaci\u00f3n al Consejo de Promoci\u00f3n Tur\u00edstica de M\u00e9xico, y la Ley para el Desarrollo de la Competitividad de la Micro, Peque\u00f1a y Mediana Empresa.<\/p>\n<p style=\"text-align: justify;\">Por \u00faltimo, est\u00e1n los temas de la designaci\u00f3n o elecci\u00f3n de la Junta Directiva del Organismo para la Mejora Continua de la Educaci\u00f3n; y del Consejo T\u00e9cnico de Educaci\u00f3n del Organismo para la Mejora Continua de la Educaci\u00f3n; as\u00ed como el nombramiento de un consejero independiente del Consejo de Administraci\u00f3n de la Comisi\u00f3n Federal de Electricidad (CFE).<\/p>\n<p style=\"text-align: justify;\">Adem\u00e1s, el nombramiento de un miembro independiente del Comit\u00e9 T\u00e9cnico del Fondo Mexicano del Petr\u00f3leo para la Estabilidad y el Desarrollo, y el de un consejero independiente del Consejo de Administraci\u00f3n de Pemex.<\/p>\n","protected":false},"excerpt":{"rendered":"<p>M\u00e9xico.- El pleno de la Comisi\u00f3n Permanente aprob\u00f3 por unanimidad modificar el numeral quinto del decreto que convoca al Periodo Extraordinario de Sesiones del Senado de la Rep\u00fablica, del 18 al 21 de este mes, para incorporar la ratificaci\u00f3n de consejeros de Petr\u00f3leos Mexicanos (Pemex). En sesi\u00f3n p\u00fablica, se discuti\u00f3 y vot\u00f3, con 32 votos [&hellip;]<\/p>\n","protected":false},"author":2,"featured_media":16982,"comment_status":"open","ping_status":"closed","sticky":false,"template":"","format":"standard","meta":{"footnotes":""},"categories":[30],"tags":[],"class_list":["post-16981","post","type-post","status-publish","format-standard","has-post-thumbnail","hentry","category-nacional"],"yoast_head":"<!-- This site is optimized with the Yoast SEO plugin v27.5 - https:\/\/yoast.com\/product\/yoast-seo-wordpress\/ -->\n<title>Comisi\u00f3n Permanente allana camino para ratificar a consejeros de Pemex - Canal 7 SLP - 2019<\/title>\n<meta name=\"robots\" content=\"index, follow, max-snippet:-1, max-image-preview:large, max-video-preview:-1\" \/>\n<link rel=\"canonical\" href=\"https:\/\/canal7slp.tv\/2019\/comision-permanente-allana-camino-para-ratificar-a-consejeros-de-pemex\/\" \/>\n<meta property=\"og:locale\" content=\"es_ES\" \/>\n<meta property=\"og:type\" content=\"article\" \/>\n<meta property=\"og:title\" content=\"Comisi\u00f3n Permanente allana camino para ratificar a consejeros de Pemex - Canal 7 SLP - 2019\" \/>\n<meta property=\"og:description\" content=\"M\u00e9xico.- El pleno de la Comisi\u00f3n Permanente aprob\u00f3 por unanimidad modificar el numeral quinto del decreto que convoca al Periodo Extraordinario de Sesiones del Senado de la Rep\u00fablica, del 18 al 21 de este mes, para incorporar la ratificaci\u00f3n de consejeros de Petr\u00f3leos Mexicanos (Pemex). En sesi\u00f3n p\u00fablica, se discuti\u00f3 y vot\u00f3, con 32 votos [&hellip;]\" \/>\n<meta property=\"og:url\" content=\"https:\/\/canal7slp.tv\/2019\/comision-permanente-allana-camino-para-ratificar-a-consejeros-de-pemex\/\" \/>\n<meta property=\"og:site_name\" content=\"Canal 7 SLP - 2019\" \/>\n<meta property=\"article:publisher\" content=\"https:\/\/www.facebook.com\/CANAL7SLP\/\" \/>\n<meta property=\"article:published_time\" content=\"2019-06-18T19:39:50+00:00\" \/>\n<meta property=\"og:image\" content=\"https:\/\/canal7slp.tv\/2019\/wp-content\/uploads\/2019\/06\/19-8.jpg\" \/>\n\t<meta property=\"og:image:width\" content=\"800\" \/>\n\t<meta property=\"og:image:height\" content=\"450\" \/>\n\t<meta property=\"og:image:type\" content=\"image\/jpeg\" \/>\n<meta name=\"author\" content=\"edicionweb\" \/>\n<meta name=\"twitter:card\" content=\"summary_large_image\" \/>\n<meta name=\"twitter:creator\" content=\"@canal7_slp\" \/>\n<meta name=\"twitter:site\" content=\"@canal7_slp\" \/>\n<meta name=\"twitter:label1\" content=\"Escrito por\" \/>\n\t<meta name=\"twitter:data1\" content=\"edicionweb\" \/>\n\t<meta name=\"twitter:label2\" content=\"Tiempo de lectura\" \/>\n\t<meta name=\"twitter:data2\" content=\"3 minutos\" \/>\n<script type=\"application\/ld+json\" class=\"yoast-schema-graph\">{\"@context\":\"https:\\\/\\\/schema.org\",\"@graph\":[{\"@type\":\"Article\",\"@id\":\"https:\\\/\\\/canal7slp.tv\\\/2019\\\/comision-permanente-allana-camino-para-ratificar-a-consejeros-de-pemex\\\/#article\",\"isPartOf\":{\"@id\":\"https:\\\/\\\/canal7slp.tv\\\/2019\\\/comision-permanente-allana-camino-para-ratificar-a-consejeros-de-pemex\\\/\"},\"author\":{\"name\":\"edicionweb\",\"@id\":\"https:\\\/\\\/canal7slp.tv\\\/2019\\\/#\\\/schema\\\/person\\\/11d941c1c6ca30ac0a46b95fa37aa2e3\"},\"headline\":\"Comisi\u00f3n Permanente allana camino para ratificar a consejeros de Pemex\",\"datePublished\":\"2019-06-18T19:39:50+00:00\",\"mainEntityOfPage\":{\"@id\":\"https:\\\/\\\/canal7slp.tv\\\/2019\\\/comision-permanente-allana-camino-para-ratificar-a-consejeros-de-pemex\\\/\"},\"wordCount\":552,\"commentCount\":0,\"publisher\":{\"@id\":\"https:\\\/\\\/canal7slp.tv\\\/2019\\\/#organization\"},\"image\":{\"@id\":\"https:\\\/\\\/canal7slp.tv\\\/2019\\\/comision-permanente-allana-camino-para-ratificar-a-consejeros-de-pemex\\\/#primaryimage\"},\"thumbnailUrl\":\"https:\\\/\\\/canal7slp.tv\\\/2019\\\/wp-content\\\/uploads\\\/2019\\\/06\\\/19-8.jpg\",\"articleSection\":[\"NACIONAL\"],\"inLanguage\":\"es\",\"potentialAction\":[{\"@type\":\"CommentAction\",\"name\":\"Comment\",\"target\":[\"https:\\\/\\\/canal7slp.tv\\\/2019\\\/comision-permanente-allana-camino-para-ratificar-a-consejeros-de-pemex\\\/#respond\"]}]},{\"@type\":\"WebPage\",\"@id\":\"https:\\\/\\\/canal7slp.tv\\\/2019\\\/comision-permanente-allana-camino-para-ratificar-a-consejeros-de-pemex\\\/\",\"url\":\"https:\\\/\\\/canal7slp.tv\\\/2019\\\/comision-permanente-allana-camino-para-ratificar-a-consejeros-de-pemex\\\/\",\"name\":\"Comisi\u00f3n Permanente allana camino para ratificar a consejeros de Pemex - Canal 7 SLP - 2019\",\"isPartOf\":{\"@id\":\"https:\\\/\\\/canal7slp.tv\\\/2019\\\/#website\"},\"primaryImageOfPage\":{\"@id\":\"https:\\\/\\\/canal7slp.tv\\\/2019\\\/comision-permanente-allana-camino-para-ratificar-a-consejeros-de-pemex\\\/#primaryimage\"},\"image\":{\"@id\":\"https:\\\/\\\/canal7slp.tv\\\/2019\\\/comision-permanente-allana-camino-para-ratificar-a-consejeros-de-pemex\\\/#primaryimage\"},\"thumbnailUrl\":\"https:\\\/\\\/canal7slp.tv\\\/2019\\\/wp-content\\\/uploads\\\/2019\\\/06\\\/19-8.jpg\",\"datePublished\":\"2019-06-18T19:39:50+00:00\",\"breadcrumb\":{\"@id\":\"https:\\\/\\\/canal7slp.tv\\\/2019\\\/comision-permanente-allana-camino-para-ratificar-a-consejeros-de-pemex\\\/#breadcrumb\"},\"inLanguage\":\"es\",\"potentialAction\":[{\"@type\":\"ReadAction\",\"target\":[\"https:\\\/\\\/canal7slp.tv\\\/2019\\\/comision-permanente-allana-camino-para-ratificar-a-consejeros-de-pemex\\\/\"]}]},{\"@type\":\"ImageObject\",\"inLanguage\":\"es\",\"@id\":\"https:\\\/\\\/canal7slp.tv\\\/2019\\\/comision-permanente-allana-camino-para-ratificar-a-consejeros-de-pemex\\\/#primaryimage\",\"url\":\"https:\\\/\\\/canal7slp.tv\\\/2019\\\/wp-content\\\/uploads\\\/2019\\\/06\\\/19-8.jpg\",\"contentUrl\":\"https:\\\/\\\/canal7slp.tv\\\/2019\\\/wp-content\\\/uploads\\\/2019\\\/06\\\/19-8.jpg\",\"width\":800,\"height\":450},{\"@type\":\"BreadcrumbList\",\"@id\":\"https:\\\/\\\/canal7slp.tv\\\/2019\\\/comision-permanente-allana-camino-para-ratificar-a-consejeros-de-pemex\\\/#breadcrumb\",\"itemListElement\":[{\"@type\":\"ListItem\",\"position\":1,\"name\":\"Home\",\"item\":\"https:\\\/\\\/canal7slp.tv\\\/2019\\\/\"},{\"@type\":\"ListItem\",\"position\":2,\"name\":\"Comisi\u00f3n Permanente allana camino para ratificar a consejeros de Pemex\"}]},{\"@type\":\"WebSite\",\"@id\":\"https:\\\/\\\/canal7slp.tv\\\/2019\\\/#website\",\"url\":\"https:\\\/\\\/canal7slp.tv\\\/2019\\\/\",\"name\":\"Canal 7 SLP - Somos TV\",\"description\":\"Somos un Canal de 10\",\"publisher\":{\"@id\":\"https:\\\/\\\/canal7slp.tv\\\/2019\\\/#organization\"},\"potentialAction\":[{\"@type\":\"SearchAction\",\"target\":{\"@type\":\"EntryPoint\",\"urlTemplate\":\"https:\\\/\\\/canal7slp.tv\\\/2019\\\/?s={search_term_string}\"},\"query-input\":{\"@type\":\"PropertyValueSpecification\",\"valueRequired\":true,\"valueName\":\"search_term_string\"}}],\"inLanguage\":\"es\"},{\"@type\":\"Organization\",\"@id\":\"https:\\\/\\\/canal7slp.tv\\\/2019\\\/#organization\",\"name\":\"Comunicaci\u00f3n 2000 S.A. de C.V.\",\"url\":\"https:\\\/\\\/canal7slp.tv\\\/2019\\\/\",\"logo\":{\"@type\":\"ImageObject\",\"inLanguage\":\"es\",\"@id\":\"https:\\\/\\\/canal7slp.tv\\\/2019\\\/#\\\/schema\\\/logo\\\/image\\\/\",\"url\":\"https:\\\/\\\/canal7slp.tv\\\/2019\\\/wp-content\\\/uploads\\\/2019\\\/07\\\/logo-c7.png\",\"contentUrl\":\"https:\\\/\\\/canal7slp.tv\\\/2019\\\/wp-content\\\/uploads\\\/2019\\\/07\\\/logo-c7.png\",\"width\":220,\"height\":60,\"caption\":\"Comunicaci\u00f3n 2000 S.A. de C.V.\"},\"image\":{\"@id\":\"https:\\\/\\\/canal7slp.tv\\\/2019\\\/#\\\/schema\\\/logo\\\/image\\\/\"},\"sameAs\":[\"https:\\\/\\\/www.facebook.com\\\/CANAL7SLP\\\/\",\"https:\\\/\\\/x.com\\\/canal7_slp\",\"https:\\\/\\\/www.instagram.com\\\/canal7_slp\",\"https:\\\/\\\/www.youtube.com\\\/user\\\/NOTICIEROSCANAL7SLP\\\/\"]},{\"@type\":\"Person\",\"@id\":\"https:\\\/\\\/canal7slp.tv\\\/2019\\\/#\\\/schema\\\/person\\\/11d941c1c6ca30ac0a46b95fa37aa2e3\",\"name\":\"edicionweb\",\"image\":{\"@type\":\"ImageObject\",\"inLanguage\":\"es\",\"@id\":\"https:\\\/\\\/secure.gravatar.com\\\/avatar\\\/eee448fc3f7164808013b816ba91ac7e43bbe82a70bebac296f8bc6f0addaa1a?s=96&d=mm&r=g\",\"url\":\"https:\\\/\\\/secure.gravatar.com\\\/avatar\\\/eee448fc3f7164808013b816ba91ac7e43bbe82a70bebac296f8bc6f0addaa1a?s=96&d=mm&r=g\",\"contentUrl\":\"https:\\\/\\\/secure.gravatar.com\\\/avatar\\\/eee448fc3f7164808013b816ba91ac7e43bbe82a70bebac296f8bc6f0addaa1a?s=96&d=mm&r=g\",\"caption\":\"edicionweb\"}}]}<\/script>\n<!-- \/ Yoast SEO plugin. -->","yoast_head_json":{"title":"Comisi\u00f3n Permanente allana camino para ratificar a consejeros de Pemex - Canal 7 SLP - 2019","robots":{"index":"index","follow":"follow","max-snippet":"max-snippet:-1","max-image-preview":"max-image-preview:large","max-video-preview":"max-video-preview:-1"},"canonical":"https:\/\/canal7slp.tv\/2019\/comision-permanente-allana-camino-para-ratificar-a-consejeros-de-pemex\/","og_locale":"es_ES","og_type":"article","og_title":"Comisi\u00f3n Permanente allana camino para ratificar a consejeros de Pemex - Canal 7 SLP - 2019","og_description":"M\u00e9xico.- El pleno de la Comisi\u00f3n Permanente aprob\u00f3 por unanimidad modificar el numeral quinto del decreto que convoca al Periodo Extraordinario de Sesiones del Senado de la Rep\u00fablica, del 18 al 21 de este mes, para incorporar la ratificaci\u00f3n de consejeros de Petr\u00f3leos Mexicanos (Pemex). En sesi\u00f3n p\u00fablica, se discuti\u00f3 y vot\u00f3, con 32 votos [&hellip;]","og_url":"https:\/\/canal7slp.tv\/2019\/comision-permanente-allana-camino-para-ratificar-a-consejeros-de-pemex\/","og_site_name":"Canal 7 SLP - 2019","article_publisher":"https:\/\/www.facebook.com\/CANAL7SLP\/","article_published_time":"2019-06-18T19:39:50+00:00","og_image":[{"width":800,"height":450,"url":"https:\/\/canal7slp.tv\/2019\/wp-content\/uploads\/2019\/06\/19-8.jpg","type":"image\/jpeg"}],"author":"edicionweb","twitter_card":"summary_large_image","twitter_creator":"@canal7_slp","twitter_site":"@canal7_slp","twitter_misc":{"Escrito por":"edicionweb","Tiempo de lectura":"3 minutos"},"schema":{"@context":"https:\/\/schema.org","@graph":[{"@type":"Article","@id":"https:\/\/canal7slp.tv\/2019\/comision-permanente-allana-camino-para-ratificar-a-consejeros-de-pemex\/#article","isPartOf":{"@id":"https:\/\/canal7slp.tv\/2019\/comision-permanente-allana-camino-para-ratificar-a-consejeros-de-pemex\/"},"author":{"name":"edicionweb","@id":"https:\/\/canal7slp.tv\/2019\/#\/schema\/person\/11d941c1c6ca30ac0a46b95fa37aa2e3"},"headline":"Comisi\u00f3n Permanente allana camino para ratificar a consejeros de Pemex","datePublished":"2019-06-18T19:39:50+00:00","mainEntityOfPage":{"@id":"https:\/\/canal7slp.tv\/2019\/comision-permanente-allana-camino-para-ratificar-a-consejeros-de-pemex\/"},"wordCount":552,"commentCount":0,"publisher":{"@id":"https:\/\/canal7slp.tv\/2019\/#organization"},"image":{"@id":"https:\/\/canal7slp.tv\/2019\/comision-permanente-allana-camino-para-ratificar-a-consejeros-de-pemex\/#primaryimage"},"thumbnailUrl":"https:\/\/canal7slp.tv\/2019\/wp-content\/uploads\/2019\/06\/19-8.jpg","articleSection":["NACIONAL"],"inLanguage":"es","potentialAction":[{"@type":"CommentAction","name":"Comment","target":["https:\/\/canal7slp.tv\/2019\/comision-permanente-allana-camino-para-ratificar-a-consejeros-de-pemex\/#respond"]}]},{"@type":"WebPage","@id":"https:\/\/canal7slp.tv\/2019\/comision-permanente-allana-camino-para-ratificar-a-consejeros-de-pemex\/","url":"https:\/\/canal7slp.tv\/2019\/comision-permanente-allana-camino-para-ratificar-a-consejeros-de-pemex\/","name":"Comisi\u00f3n Permanente allana camino para ratificar a consejeros de Pemex - Canal 7 SLP - 2019","isPartOf":{"@id":"https:\/\/canal7slp.tv\/2019\/#website"},"primaryImageOfPage":{"@id":"https:\/\/canal7slp.tv\/2019\/comision-permanente-allana-camino-para-ratificar-a-consejeros-de-pemex\/#primaryimage"},"image":{"@id":"https:\/\/canal7slp.tv\/2019\/comision-permanente-allana-camino-para-ratificar-a-consejeros-de-pemex\/#primaryimage"},"thumbnailUrl":"https:\/\/canal7slp.tv\/2019\/wp-content\/uploads\/2019\/06\/19-8.jpg","datePublished":"2019-06-18T19:39:50+00:00","breadcrumb":{"@id":"https:\/\/canal7slp.tv\/2019\/comision-permanente-allana-camino-para-ratificar-a-consejeros-de-pemex\/#breadcrumb"},"inLanguage":"es","potentialAction":[{"@type":"ReadAction","target":["https:\/\/canal7slp.tv\/2019\/comision-permanente-allana-camino-para-ratificar-a-consejeros-de-pemex\/"]}]},{"@type":"ImageObject","inLanguage":"es","@id":"https:\/\/canal7slp.tv\/2019\/comision-permanente-allana-camino-para-ratificar-a-consejeros-de-pemex\/#primaryimage","url":"https:\/\/canal7slp.tv\/2019\/wp-content\/uploads\/2019\/06\/19-8.jpg","contentUrl":"https:\/\/canal7slp.tv\/2019\/wp-content\/uploads\/2019\/06\/19-8.jpg","width":800,"height":450},{"@type":"BreadcrumbList","@id":"https:\/\/canal7slp.tv\/2019\/comision-permanente-allana-camino-para-ratificar-a-consejeros-de-pemex\/#breadcrumb","itemListElement":[{"@type":"ListItem","position":1,"name":"Home","item":"https:\/\/canal7slp.tv\/2019\/"},{"@type":"ListItem","position":2,"name":"Comisi\u00f3n Permanente allana camino para ratificar a consejeros de Pemex"}]},{"@type":"WebSite","@id":"https:\/\/canal7slp.tv\/2019\/#website","url":"https:\/\/canal7slp.tv\/2019\/","name":"Canal 7 SLP - Somos TV","description":"Somos un Canal de 10","publisher":{"@id":"https:\/\/canal7slp.tv\/2019\/#organization"},"potentialAction":[{"@type":"SearchAction","target":{"@type":"EntryPoint","urlTemplate":"https:\/\/canal7slp.tv\/2019\/?s={search_term_string}"},"query-input":{"@type":"PropertyValueSpecification","valueRequired":true,"valueName":"search_term_string"}}],"inLanguage":"es"},{"@type":"Organization","@id":"https:\/\/canal7slp.tv\/2019\/#organization","name":"Comunicaci\u00f3n 2000 S.A. de C.V.","url":"https:\/\/canal7slp.tv\/2019\/","logo":{"@type":"ImageObject","inLanguage":"es","@id":"https:\/\/canal7slp.tv\/2019\/#\/schema\/logo\/image\/","url":"https:\/\/canal7slp.tv\/2019\/wp-content\/uploads\/2019\/07\/logo-c7.png","contentUrl":"https:\/\/canal7slp.tv\/2019\/wp-content\/uploads\/2019\/07\/logo-c7.png","width":220,"height":60,"caption":"Comunicaci\u00f3n 2000 S.A. de C.V."},"image":{"@id":"https:\/\/canal7slp.tv\/2019\/#\/schema\/logo\/image\/"},"sameAs":["https:\/\/www.facebook.com\/CANAL7SLP\/","https:\/\/x.com\/canal7_slp","https:\/\/www.instagram.com\/canal7_slp","https:\/\/www.youtube.com\/user\/NOTICIEROSCANAL7SLP\/"]},{"@type":"Person","@id":"https:\/\/canal7slp.tv\/2019\/#\/schema\/person\/11d941c1c6ca30ac0a46b95fa37aa2e3","name":"edicionweb","image":{"@type":"ImageObject","inLanguage":"es","@id":"https:\/\/secure.gravatar.com\/avatar\/eee448fc3f7164808013b816ba91ac7e43bbe82a70bebac296f8bc6f0addaa1a?s=96&d=mm&r=g","url":"https:\/\/secure.gravatar.com\/avatar\/eee448fc3f7164808013b816ba91ac7e43bbe82a70bebac296f8bc6f0addaa1a?s=96&d=mm&r=g","contentUrl":"https:\/\/secure.gravatar.com\/avatar\/eee448fc3f7164808013b816ba91ac7e43bbe82a70bebac296f8bc6f0addaa1a?s=96&d=mm&r=g","caption":"edicionweb"}}]}},"amp_enabled":true,"cmb2":{"video_ids_in_playlist":{"vid_p_videos":""},"video_ids_in_channel":{"vid_c_videos":""},"playlist_ids_in_channel":{"vid_c_playlists":""},"series_ids_in_channel":{"vid_c_series":""},"channel_images":{"vid_c_logo":"","vid_c_banner":""},"poster_feature_image":{"vid_m_poster_image":""},"gif_feature_image":{"vid_m_gif_image":""},"video_movie_settings":{"vid_m_director":"","vid_m_actor":"","vid_m_imdb_ratings":"","vid_m_amazon_associates":""},"vid_youtube_broadcasts_settings":{"vid_yb_broadcast_title":"","vid_yb_q":"","vid_yb_channelid":"","vid_yb_videocategoryid":"","vid_yb_maxresults":"","vid_yb_order":"","vid_yb_regioncode":"","vid_yb_videosyndicated":"","vid_yb_style":"","vid_yb_reload_first":""},"video_series_settings":{"vid_m_director":"","vid_m_actor":"","vid_m_imdb_ratings":"","video_series_group":""},"amazon_associates_settings":{"amazon_associates":"","amazon_native_ad":""},"vid_youtube_automatic_settings":{"vid_ya_youtube_source":"","vid_ya_update_every":"","vid_ya_update_unit":"","vid_ya_categories":"","vid_ya_published_after":"","vid_ya_published_before":"","vid_ya_playlists":"","vid_ya_channels":"","vid_ya_director":"","vid_ya_actor":"","vid_ya_author":"","vid_ya_import_post_date":"","vid_ya_status":"","vid_ya_sub_api_key":""},"vid_ads_m_videoads_settings_post":{"vid_ads_m_video_ads":"","vid_ads_m_video_ads_type":"","vid_ads_m_group_google_ima":"","vid_ads_m_group_image":"","vid_ads_m_group_html5_video":"","vid_ads_m_group_html":"","vid_ads_m_vast_preroll":"","vid_ads_m_vast_postroll":"","vid_ads_m_vast_pauseroll":"","vid_ads_m_vast_midroll":[{"vid_ads_m_vast_timer_seconds":"50"}],"vid_ads_m_time_to_show_ads":"","vid_ads_m_time_skip_ads":"","vid_ads_m_time_to_hide_ads":""},"page_slider_settings":{"display_slider_group":"","page_slider_group":""},"blog_page_settings":{"blog_page_title":"","blog_page_heading":"","blog_page_ic":"","blog_page_it":"","blog_page_ec":"","blog_page_ip":"","archive_loop_style":"","blog_image_ratio":"","blog_show_categories":"","blog_show_excerpt":"","blog_show_author":"","blog_show_date":"","blog_show_comment_count":"","blog_show_view_count":"","blog_show_like_count":"","blog_show_dislike_count":"","blog_items_per_page":"","blog_pag_type":""},"page_options":{"get_page_template":"","color_mode":"","main_layout":"","main_layout_full_with":"","main_logo":"","main_logo_retina":"","main_logo_mobile":"","main_logo_mobile_retina":"","sticky_logo":"","sticky_logo_retina":"","main_nav_layout":"","ajax_search":"","header_background":"","theme_sidebar":"","instagram_feed":"","instagram_feed_position":"","popular_videos":"","popular_videos_title_1":"","popular_videos_title_2":"","popular_videos_ic":"","popular_videos_it":"","theme_background":"","page_custom_css":""},"feature_image_settings":{"feature_image_position":""},"video_player_settings":{"single_video_style":"","video_player_position":"","vm_video_url":"","video_player_library":"","video_streaming":"","vm_media_sources":"","vid_auto_play":"","vm_video_shortcode":"","vid_p_sync_playlist":"","vid_c_sync_channel":"","get_post_format":"","multiple_links_structure":"default","multi_links_title":"","vm_video_multi_links":"","vm_duration":"","vid_social_locker":"off","vid_social_locker_id":"","vid_membership_action":"content-video","vm_video_trailer_url":"","vid_download_type":"free","vid_download_target":"download","vid_woo_product":"","vm_media_download":"","user_rating":"","user_rating_position":"","user_rating_mode":"","user_rating_multi_sets":""},"video_auto_fetch_settings":{"vm_video_fetch":"on"},"video_fake_views_likes":{"vm_fake_views":"","vm_fake_likes":"","vm_fake_dislikes":""},"gallery_settings":{"gallery_position":""},"quote_settings":{"quote_position":""},"post_options":{"main_layout":"","main_logo":"","main_logo_retina":"","main_logo_mobile":"","main_logo_mobile_retina":"","sticky_logo":"","sticky_logo_retina":"","main_nav_layout":"","header_background":"","theme_sidebar":"","single_post_comment_type":"","theme_background":""}},"_links":{"self":[{"href":"https:\/\/canal7slp.tv\/2019\/wp-json\/wp\/v2\/posts\/16981","targetHints":{"allow":["GET"]}}],"collection":[{"href":"https:\/\/canal7slp.tv\/2019\/wp-json\/wp\/v2\/posts"}],"about":[{"href":"https:\/\/canal7slp.tv\/2019\/wp-json\/wp\/v2\/types\/post"}],"author":[{"embeddable":true,"href":"https:\/\/canal7slp.tv\/2019\/wp-json\/wp\/v2\/users\/2"}],"replies":[{"embeddable":true,"href":"https:\/\/canal7slp.tv\/2019\/wp-json\/wp\/v2\/comments?post=16981"}],"version-history":[{"count":0,"href":"https:\/\/canal7slp.tv\/2019\/wp-json\/wp\/v2\/posts\/16981\/revisions"}],"wp:featuredmedia":[{"embeddable":true,"href":"https:\/\/canal7slp.tv\/2019\/wp-json\/wp\/v2\/media\/16982"}],"wp:attachment":[{"href":"https:\/\/canal7slp.tv\/2019\/wp-json\/wp\/v2\/media?parent=16981"}],"wp:term":[{"taxonomy":"category","embeddable":true,"href":"https:\/\/canal7slp.tv\/2019\/wp-json\/wp\/v2\/categories?post=16981"},{"taxonomy":"post_tag","embeddable":true,"href":"https:\/\/canal7slp.tv\/2019\/wp-json\/wp\/v2\/tags?post=16981"}],"curies":[{"name":"wp","href":"https:\/\/api.w.org\/{rel}","templated":true}]}}