{"id":16945,"date":"2019-06-18T13:16:35","date_gmt":"2019-06-18T18:16:35","guid":{"rendered":"https:\/\/canal7slp.tv\/2019\/?p=16945"},"modified":"2019-06-18T13:16:35","modified_gmt":"2019-06-18T18:16:35","slug":"instala-inm-12-puntos-en-frontera-sur-preve-deportar-dos-mil-500-al-dia","status":"publish","type":"post","link":"https:\/\/canal7slp.tv\/2019\/instala-inm-12-puntos-en-frontera-sur-preve-deportar-dos-mil-500-al-dia\/","title":{"rendered":"Instala INM 12 puntos en frontera sur, prev\u00e9 deportar dos mil 500 al d\u00eda"},"content":{"rendered":"<p style=\"text-align: justify;\">M\u00e9xico.- Ante el ingreso de casi 400 mil migrantes a territorio nacional en los \u00faltimos tres meses, el comisionado del Instituto Nacional de Migraci\u00f3n (INM), Francisco Gardu\u00f1o Y\u00e1\u00f1ez, anunci\u00f3 que se pondr\u00e1 en marcha un programa especial que prev\u00e9 operativos en 12 puntos de la frontera sur para evitar la migraci\u00f3n irregular, la cual \u201cno se puede seguir permitiendo\u201d.<\/p>\n<p style=\"text-align: justify;\">\u201cVamos a establecer una migraci\u00f3n regular, ordenada y segura con derechos humanos y con una protecci\u00f3n humana\u201d, destac\u00f3 el funcionario federal, quien adem\u00e1s precis\u00f3 que el canciller Marcelo Ebrard es quien coordina los operativos, aunque el INM depende de la Secretar\u00eda de Gobernaci\u00f3n (Segob).<\/p>\n<p style=\"text-align: justify;\">En entrevista con\u00a0<strong>Notimex<\/strong>, detall\u00f3 que los operativos se realizar\u00e1n en coordinaci\u00f3n con la Guardia Nacional, las Fuerzas Armadas y los gobiernos de los estados y municipios donde se presenta ese problema, adem\u00e1s la Secretar\u00eda de Marina vigilar\u00e1 los l\u00edmites territoriales.<\/p>\n<p style=\"text-align: justify;\">El programa considera la participaci\u00f3n de seis mil 500 elementos de la Guardia Nacional, quienes apostados en distintos puntos vigilar\u00e1n tambi\u00e9n la movilidad en carreteras las que, de acuerdo con un diagn\u00f3stico, se da la migraci\u00f3n irregular.<\/p>\n<p style=\"text-align: justify;\">Asimismo, estar\u00e1n atentos al tr\u00e1fico de migrantes en hoteles o casas, donde se les lleva de manera clandestina, previo pago de tres mil a cinco mil d\u00f3lares, y se les mantiene bajo amenazas para que no digan nada.<\/p>\n<p style=\"text-align: justify;\">Los agentes migratorios y los elementos de la Guardia Nacional pedir\u00e1n a los migrantes ilegales que regresen a su naci\u00f3n, adem\u00e1s sus datos generales para intercambiar la informaci\u00f3n con sus pa\u00edses de origen y comprobar la nacionalidad, pues tambi\u00e9n est\u00e1n llegando africanos, asi\u00e1ticos y ciudadanos de Arabia Saudita.<\/p>\n<p style=\"text-align: justify;\">Gardu\u00f1o Y\u00e1\u00f1ez estableci\u00f3 que mediante un operativo a pie tierra de todos los elementos del instituto y de la Guardia Nacional se impedir\u00e1 el acceso no documentado de personas a territorio nacional, y tambi\u00e9n se evitar\u00e1 que sigan utilizando balsas o barcos para moverse desde los r\u00edos Suchiate y Usumacinta.<\/p>\n<p style=\"text-align: justify;\">No habr\u00e1 m\u00e1s ingresos masivos y an\u00e1rquicos de migrantes, y se tiene la meta de regresar diariamente a dos mil 500 personas sin documentos, dijo el comisionado del INM.<\/p>\n<p style=\"text-align: justify;\">Aquellas personas que est\u00e1n en campamentos y que de manera voluntaria deseen retornar a sus lugares de origen \u201cvamos a apoyarlas y trasladarlas a su pa\u00eds; no las vamos a dejar en la frontera, sino a acomodar con los gobiernos lim\u00edtrofes\u201d.<\/p>\n<p style=\"text-align: justify;\">A quienes deseen quedarse en M\u00e9xico, se les dar\u00e1 otro trato, \u201cveremos en qu\u00e9 condiciones est\u00e1n y ver si la misma ley permite que permanezcan, de no ser as\u00ed ser\u00e1n deportados\u201d.<\/p>\n<p style=\"text-align: justify;\">Gardu\u00f1o Y\u00e1\u00f1ez dijo que M\u00e9xico podr\u00e1 albergar, con calidad de vida, entre siete y 10 mil migrantes, pero insisti\u00f3 en que cada caso se analizar\u00e1 se manera particular y no se prev\u00e9 apoyarlos con vivienda y trabajo.<\/p>\n<p style=\"text-align: justify;\">\u201cHay que ver cu\u00e1l es su condici\u00f3n, porque hay muchos mexicanos que ya quisieran ese tipo de asistencia\u201d, se ha mencionado una asistencia de desarrollo con becas y trabajos temporales, pero con control, asegur\u00f3.<\/p>\n<p style=\"text-align: justify;\">Asimismo, el comisionado coment\u00f3 que los casos de agentes migratorios a quienes se ha denunciado por corrupci\u00f3n o se ha detenido en flagrancia est\u00e1n siendo puestos a disposici\u00f3n de las autoridades correspondientes.<\/p>\n<p style=\"text-align: justify;\">Gardu\u00f1o Y\u00e1\u00f1ez, quien hasta hace unos d\u00edas era el director de Reclusorios del pa\u00eds, rechaz\u00f3 de manera categ\u00f3rica que en las acciones para evitar el ingreso de personas sin documentos se vayan a violentar los derechos humanos y hacer uso excesivo de la fuerza p\u00fablica.<\/p>\n<p style=\"text-align: justify;\">\u201cPor mis venas corre la educaci\u00f3n y la cultura de los derechos humanos\u201d, asever\u00f3 al recordar su trayectoria en esta materia: \u201cSoy presidente de una Organizaci\u00f3n No Gubernamental (ONG)\u201d, cuando se fund\u00f3 el Partido de la Revoluci\u00f3n Democr\u00e1tica (PRD) \u201cfui el primer secretario de derechos humanos\u201d.<\/p>\n<p style=\"text-align: justify;\">\u201cConozco los procesos de las ONG, pero que nos digan qu\u00e9 hacer, que nos digan si ellos permitir\u00edan que llegaran a su casa 50 personas.<\/p>\n<p style=\"text-align: justify;\">\u201cEstoy hablando de la casa grande, de la casa de todos los mexicanos, que es M\u00e9xico\u201d, puntualiz\u00f3.<\/p>\n<p style=\"text-align: justify;\">Adem\u00e1s coment\u00f3 que en la frontera con Estados Unidos, donde hay campamentos, habr\u00e1 alrededor de dos mil elementos de la Guardia Nacional que tambi\u00e9n invitar\u00e1n a los migrantes a que regresen a sus pa\u00edses y se les proporcionar\u00e1 ayuda de movilidad.<\/p>\n","protected":false},"excerpt":{"rendered":"<p>M\u00e9xico.- Ante el ingreso de casi 400 mil migrantes a territorio nacional en los \u00faltimos tres meses, el comisionado del Instituto Nacional de Migraci\u00f3n (INM), Francisco Gardu\u00f1o Y\u00e1\u00f1ez, anunci\u00f3 que se pondr\u00e1 en marcha un programa especial que prev\u00e9 operativos en 12 puntos de la frontera sur para evitar la migraci\u00f3n irregular, la cual \u201cno [&hellip;]<\/p>\n","protected":false},"author":2,"featured_media":16946,"comment_status":"open","ping_status":"closed","sticky":false,"template":"","format":"standard","meta":{"footnotes":""},"categories":[30],"tags":[],"class_list":["post-16945","post","type-post","status-publish","format-standard","has-post-thumbnail","hentry","category-nacional"],"yoast_head":"<!-- This site is optimized with the Yoast SEO plugin v27.5 - https:\/\/yoast.com\/product\/yoast-seo-wordpress\/ -->\n<title>Instala INM 12 puntos en frontera sur, prev\u00e9 deportar dos mil 500 al d\u00eda - Canal 7 SLP - 2019<\/title>\n<meta name=\"robots\" content=\"index, follow, max-snippet:-1, max-image-preview:large, max-video-preview:-1\" \/>\n<link rel=\"canonical\" href=\"https:\/\/canal7slp.tv\/2019\/instala-inm-12-puntos-en-frontera-sur-preve-deportar-dos-mil-500-al-dia\/\" \/>\n<meta property=\"og:locale\" content=\"es_ES\" \/>\n<meta property=\"og:type\" content=\"article\" \/>\n<meta property=\"og:title\" content=\"Instala INM 12 puntos en frontera sur, prev\u00e9 deportar dos mil 500 al d\u00eda - Canal 7 SLP - 2019\" \/>\n<meta property=\"og:description\" content=\"M\u00e9xico.- Ante el ingreso de casi 400 mil migrantes a territorio nacional en los \u00faltimos tres meses, el comisionado del Instituto Nacional de Migraci\u00f3n (INM), Francisco Gardu\u00f1o Y\u00e1\u00f1ez, anunci\u00f3 que se pondr\u00e1 en marcha un programa especial que prev\u00e9 operativos en 12 puntos de la frontera sur para evitar la migraci\u00f3n irregular, la cual \u201cno [&hellip;]\" \/>\n<meta property=\"og:url\" content=\"https:\/\/canal7slp.tv\/2019\/instala-inm-12-puntos-en-frontera-sur-preve-deportar-dos-mil-500-al-dia\/\" \/>\n<meta property=\"og:site_name\" content=\"Canal 7 SLP - 2019\" \/>\n<meta property=\"article:publisher\" content=\"https:\/\/www.facebook.com\/CANAL7SLP\/\" \/>\n<meta property=\"article:published_time\" content=\"2019-06-18T18:16:35+00:00\" \/>\n<meta property=\"og:image\" content=\"https:\/\/canal7slp.tv\/2019\/wp-content\/uploads\/2019\/06\/08-12.jpg\" \/>\n\t<meta property=\"og:image:width\" content=\"660\" \/>\n\t<meta property=\"og:image:height\" content=\"440\" \/>\n\t<meta property=\"og:image:type\" content=\"image\/jpeg\" \/>\n<meta name=\"author\" content=\"edicionweb\" \/>\n<meta name=\"twitter:card\" content=\"summary_large_image\" \/>\n<meta name=\"twitter:creator\" content=\"@canal7_slp\" \/>\n<meta name=\"twitter:site\" content=\"@canal7_slp\" \/>\n<meta name=\"twitter:label1\" content=\"Escrito por\" \/>\n\t<meta name=\"twitter:data1\" content=\"edicionweb\" \/>\n\t<meta name=\"twitter:label2\" content=\"Tiempo de lectura\" \/>\n\t<meta name=\"twitter:data2\" content=\"4 minutos\" \/>\n<script type=\"application\/ld+json\" class=\"yoast-schema-graph\">{\"@context\":\"https:\\\/\\\/schema.org\",\"@graph\":[{\"@type\":\"Article\",\"@id\":\"https:\\\/\\\/canal7slp.tv\\\/2019\\\/instala-inm-12-puntos-en-frontera-sur-preve-deportar-dos-mil-500-al-dia\\\/#article\",\"isPartOf\":{\"@id\":\"https:\\\/\\\/canal7slp.tv\\\/2019\\\/instala-inm-12-puntos-en-frontera-sur-preve-deportar-dos-mil-500-al-dia\\\/\"},\"author\":{\"name\":\"edicionweb\",\"@id\":\"https:\\\/\\\/canal7slp.tv\\\/2019\\\/#\\\/schema\\\/person\\\/11d941c1c6ca30ac0a46b95fa37aa2e3\"},\"headline\":\"Instala INM 12 puntos en frontera sur, prev\u00e9 deportar dos mil 500 al d\u00eda\",\"datePublished\":\"2019-06-18T18:16:35+00:00\",\"mainEntityOfPage\":{\"@id\":\"https:\\\/\\\/canal7slp.tv\\\/2019\\\/instala-inm-12-puntos-en-frontera-sur-preve-deportar-dos-mil-500-al-dia\\\/\"},\"wordCount\":770,\"commentCount\":0,\"publisher\":{\"@id\":\"https:\\\/\\\/canal7slp.tv\\\/2019\\\/#organization\"},\"image\":{\"@id\":\"https:\\\/\\\/canal7slp.tv\\\/2019\\\/instala-inm-12-puntos-en-frontera-sur-preve-deportar-dos-mil-500-al-dia\\\/#primaryimage\"},\"thumbnailUrl\":\"https:\\\/\\\/canal7slp.tv\\\/2019\\\/wp-content\\\/uploads\\\/2019\\\/06\\\/08-12.jpg\",\"articleSection\":[\"NACIONAL\"],\"inLanguage\":\"es\",\"potentialAction\":[{\"@type\":\"CommentAction\",\"name\":\"Comment\",\"target\":[\"https:\\\/\\\/canal7slp.tv\\\/2019\\\/instala-inm-12-puntos-en-frontera-sur-preve-deportar-dos-mil-500-al-dia\\\/#respond\"]}]},{\"@type\":\"WebPage\",\"@id\":\"https:\\\/\\\/canal7slp.tv\\\/2019\\\/instala-inm-12-puntos-en-frontera-sur-preve-deportar-dos-mil-500-al-dia\\\/\",\"url\":\"https:\\\/\\\/canal7slp.tv\\\/2019\\\/instala-inm-12-puntos-en-frontera-sur-preve-deportar-dos-mil-500-al-dia\\\/\",\"name\":\"Instala INM 12 puntos en frontera sur, prev\u00e9 deportar dos mil 500 al d\u00eda - Canal 7 SLP - 2019\",\"isPartOf\":{\"@id\":\"https:\\\/\\\/canal7slp.tv\\\/2019\\\/#website\"},\"primaryImageOfPage\":{\"@id\":\"https:\\\/\\\/canal7slp.tv\\\/2019\\\/instala-inm-12-puntos-en-frontera-sur-preve-deportar-dos-mil-500-al-dia\\\/#primaryimage\"},\"image\":{\"@id\":\"https:\\\/\\\/canal7slp.tv\\\/2019\\\/instala-inm-12-puntos-en-frontera-sur-preve-deportar-dos-mil-500-al-dia\\\/#primaryimage\"},\"thumbnailUrl\":\"https:\\\/\\\/canal7slp.tv\\\/2019\\\/wp-content\\\/uploads\\\/2019\\\/06\\\/08-12.jpg\",\"datePublished\":\"2019-06-18T18:16:35+00:00\",\"breadcrumb\":{\"@id\":\"https:\\\/\\\/canal7slp.tv\\\/2019\\\/instala-inm-12-puntos-en-frontera-sur-preve-deportar-dos-mil-500-al-dia\\\/#breadcrumb\"},\"inLanguage\":\"es\",\"potentialAction\":[{\"@type\":\"ReadAction\",\"target\":[\"https:\\\/\\\/canal7slp.tv\\\/2019\\\/instala-inm-12-puntos-en-frontera-sur-preve-deportar-dos-mil-500-al-dia\\\/\"]}]},{\"@type\":\"ImageObject\",\"inLanguage\":\"es\",\"@id\":\"https:\\\/\\\/canal7slp.tv\\\/2019\\\/instala-inm-12-puntos-en-frontera-sur-preve-deportar-dos-mil-500-al-dia\\\/#primaryimage\",\"url\":\"https:\\\/\\\/canal7slp.tv\\\/2019\\\/wp-content\\\/uploads\\\/2019\\\/06\\\/08-12.jpg\",\"contentUrl\":\"https:\\\/\\\/canal7slp.tv\\\/2019\\\/wp-content\\\/uploads\\\/2019\\\/06\\\/08-12.jpg\",\"width\":660,\"height\":440},{\"@type\":\"BreadcrumbList\",\"@id\":\"https:\\\/\\\/canal7slp.tv\\\/2019\\\/instala-inm-12-puntos-en-frontera-sur-preve-deportar-dos-mil-500-al-dia\\\/#breadcrumb\",\"itemListElement\":[{\"@type\":\"ListItem\",\"position\":1,\"name\":\"Home\",\"item\":\"https:\\\/\\\/canal7slp.tv\\\/2019\\\/\"},{\"@type\":\"ListItem\",\"position\":2,\"name\":\"Instala INM 12 puntos en frontera sur, prev\u00e9 deportar dos mil 500 al d\u00eda\"}]},{\"@type\":\"WebSite\",\"@id\":\"https:\\\/\\\/canal7slp.tv\\\/2019\\\/#website\",\"url\":\"https:\\\/\\\/canal7slp.tv\\\/2019\\\/\",\"name\":\"Canal 7 SLP - Somos TV\",\"description\":\"Somos un Canal de 10\",\"publisher\":{\"@id\":\"https:\\\/\\\/canal7slp.tv\\\/2019\\\/#organization\"},\"potentialAction\":[{\"@type\":\"SearchAction\",\"target\":{\"@type\":\"EntryPoint\",\"urlTemplate\":\"https:\\\/\\\/canal7slp.tv\\\/2019\\\/?s={search_term_string}\"},\"query-input\":{\"@type\":\"PropertyValueSpecification\",\"valueRequired\":true,\"valueName\":\"search_term_string\"}}],\"inLanguage\":\"es\"},{\"@type\":\"Organization\",\"@id\":\"https:\\\/\\\/canal7slp.tv\\\/2019\\\/#organization\",\"name\":\"Comunicaci\u00f3n 2000 S.A. de C.V.\",\"url\":\"https:\\\/\\\/canal7slp.tv\\\/2019\\\/\",\"logo\":{\"@type\":\"ImageObject\",\"inLanguage\":\"es\",\"@id\":\"https:\\\/\\\/canal7slp.tv\\\/2019\\\/#\\\/schema\\\/logo\\\/image\\\/\",\"url\":\"https:\\\/\\\/canal7slp.tv\\\/2019\\\/wp-content\\\/uploads\\\/2019\\\/07\\\/logo-c7.png\",\"contentUrl\":\"https:\\\/\\\/canal7slp.tv\\\/2019\\\/wp-content\\\/uploads\\\/2019\\\/07\\\/logo-c7.png\",\"width\":220,\"height\":60,\"caption\":\"Comunicaci\u00f3n 2000 S.A. de C.V.\"},\"image\":{\"@id\":\"https:\\\/\\\/canal7slp.tv\\\/2019\\\/#\\\/schema\\\/logo\\\/image\\\/\"},\"sameAs\":[\"https:\\\/\\\/www.facebook.com\\\/CANAL7SLP\\\/\",\"https:\\\/\\\/x.com\\\/canal7_slp\",\"https:\\\/\\\/www.instagram.com\\\/canal7_slp\",\"https:\\\/\\\/www.youtube.com\\\/user\\\/NOTICIEROSCANAL7SLP\\\/\"]},{\"@type\":\"Person\",\"@id\":\"https:\\\/\\\/canal7slp.tv\\\/2019\\\/#\\\/schema\\\/person\\\/11d941c1c6ca30ac0a46b95fa37aa2e3\",\"name\":\"edicionweb\",\"image\":{\"@type\":\"ImageObject\",\"inLanguage\":\"es\",\"@id\":\"https:\\\/\\\/secure.gravatar.com\\\/avatar\\\/eee448fc3f7164808013b816ba91ac7e43bbe82a70bebac296f8bc6f0addaa1a?s=96&d=mm&r=g\",\"url\":\"https:\\\/\\\/secure.gravatar.com\\\/avatar\\\/eee448fc3f7164808013b816ba91ac7e43bbe82a70bebac296f8bc6f0addaa1a?s=96&d=mm&r=g\",\"contentUrl\":\"https:\\\/\\\/secure.gravatar.com\\\/avatar\\\/eee448fc3f7164808013b816ba91ac7e43bbe82a70bebac296f8bc6f0addaa1a?s=96&d=mm&r=g\",\"caption\":\"edicionweb\"}}]}<\/script>\n<!-- \/ Yoast SEO plugin. -->","yoast_head_json":{"title":"Instala INM 12 puntos en frontera sur, prev\u00e9 deportar dos mil 500 al d\u00eda - Canal 7 SLP - 2019","robots":{"index":"index","follow":"follow","max-snippet":"max-snippet:-1","max-image-preview":"max-image-preview:large","max-video-preview":"max-video-preview:-1"},"canonical":"https:\/\/canal7slp.tv\/2019\/instala-inm-12-puntos-en-frontera-sur-preve-deportar-dos-mil-500-al-dia\/","og_locale":"es_ES","og_type":"article","og_title":"Instala INM 12 puntos en frontera sur, prev\u00e9 deportar dos mil 500 al d\u00eda - Canal 7 SLP - 2019","og_description":"M\u00e9xico.- Ante el ingreso de casi 400 mil migrantes a territorio nacional en los \u00faltimos tres meses, el comisionado del Instituto Nacional de Migraci\u00f3n (INM), Francisco Gardu\u00f1o Y\u00e1\u00f1ez, anunci\u00f3 que se pondr\u00e1 en marcha un programa especial que prev\u00e9 operativos en 12 puntos de la frontera sur para evitar la migraci\u00f3n irregular, la cual \u201cno [&hellip;]","og_url":"https:\/\/canal7slp.tv\/2019\/instala-inm-12-puntos-en-frontera-sur-preve-deportar-dos-mil-500-al-dia\/","og_site_name":"Canal 7 SLP - 2019","article_publisher":"https:\/\/www.facebook.com\/CANAL7SLP\/","article_published_time":"2019-06-18T18:16:35+00:00","og_image":[{"width":660,"height":440,"url":"https:\/\/canal7slp.tv\/2019\/wp-content\/uploads\/2019\/06\/08-12.jpg","type":"image\/jpeg"}],"author":"edicionweb","twitter_card":"summary_large_image","twitter_creator":"@canal7_slp","twitter_site":"@canal7_slp","twitter_misc":{"Escrito por":"edicionweb","Tiempo de lectura":"4 minutos"},"schema":{"@context":"https:\/\/schema.org","@graph":[{"@type":"Article","@id":"https:\/\/canal7slp.tv\/2019\/instala-inm-12-puntos-en-frontera-sur-preve-deportar-dos-mil-500-al-dia\/#article","isPartOf":{"@id":"https:\/\/canal7slp.tv\/2019\/instala-inm-12-puntos-en-frontera-sur-preve-deportar-dos-mil-500-al-dia\/"},"author":{"name":"edicionweb","@id":"https:\/\/canal7slp.tv\/2019\/#\/schema\/person\/11d941c1c6ca30ac0a46b95fa37aa2e3"},"headline":"Instala INM 12 puntos en frontera sur, prev\u00e9 deportar dos mil 500 al d\u00eda","datePublished":"2019-06-18T18:16:35+00:00","mainEntityOfPage":{"@id":"https:\/\/canal7slp.tv\/2019\/instala-inm-12-puntos-en-frontera-sur-preve-deportar-dos-mil-500-al-dia\/"},"wordCount":770,"commentCount":0,"publisher":{"@id":"https:\/\/canal7slp.tv\/2019\/#organization"},"image":{"@id":"https:\/\/canal7slp.tv\/2019\/instala-inm-12-puntos-en-frontera-sur-preve-deportar-dos-mil-500-al-dia\/#primaryimage"},"thumbnailUrl":"https:\/\/canal7slp.tv\/2019\/wp-content\/uploads\/2019\/06\/08-12.jpg","articleSection":["NACIONAL"],"inLanguage":"es","potentialAction":[{"@type":"CommentAction","name":"Comment","target":["https:\/\/canal7slp.tv\/2019\/instala-inm-12-puntos-en-frontera-sur-preve-deportar-dos-mil-500-al-dia\/#respond"]}]},{"@type":"WebPage","@id":"https:\/\/canal7slp.tv\/2019\/instala-inm-12-puntos-en-frontera-sur-preve-deportar-dos-mil-500-al-dia\/","url":"https:\/\/canal7slp.tv\/2019\/instala-inm-12-puntos-en-frontera-sur-preve-deportar-dos-mil-500-al-dia\/","name":"Instala INM 12 puntos en frontera sur, prev\u00e9 deportar dos mil 500 al d\u00eda - Canal 7 SLP - 2019","isPartOf":{"@id":"https:\/\/canal7slp.tv\/2019\/#website"},"primaryImageOfPage":{"@id":"https:\/\/canal7slp.tv\/2019\/instala-inm-12-puntos-en-frontera-sur-preve-deportar-dos-mil-500-al-dia\/#primaryimage"},"image":{"@id":"https:\/\/canal7slp.tv\/2019\/instala-inm-12-puntos-en-frontera-sur-preve-deportar-dos-mil-500-al-dia\/#primaryimage"},"thumbnailUrl":"https:\/\/canal7slp.tv\/2019\/wp-content\/uploads\/2019\/06\/08-12.jpg","datePublished":"2019-06-18T18:16:35+00:00","breadcrumb":{"@id":"https:\/\/canal7slp.tv\/2019\/instala-inm-12-puntos-en-frontera-sur-preve-deportar-dos-mil-500-al-dia\/#breadcrumb"},"inLanguage":"es","potentialAction":[{"@type":"ReadAction","target":["https:\/\/canal7slp.tv\/2019\/instala-inm-12-puntos-en-frontera-sur-preve-deportar-dos-mil-500-al-dia\/"]}]},{"@type":"ImageObject","inLanguage":"es","@id":"https:\/\/canal7slp.tv\/2019\/instala-inm-12-puntos-en-frontera-sur-preve-deportar-dos-mil-500-al-dia\/#primaryimage","url":"https:\/\/canal7slp.tv\/2019\/wp-content\/uploads\/2019\/06\/08-12.jpg","contentUrl":"https:\/\/canal7slp.tv\/2019\/wp-content\/uploads\/2019\/06\/08-12.jpg","width":660,"height":440},{"@type":"BreadcrumbList","@id":"https:\/\/canal7slp.tv\/2019\/instala-inm-12-puntos-en-frontera-sur-preve-deportar-dos-mil-500-al-dia\/#breadcrumb","itemListElement":[{"@type":"ListItem","position":1,"name":"Home","item":"https:\/\/canal7slp.tv\/2019\/"},{"@type":"ListItem","position":2,"name":"Instala INM 12 puntos en frontera sur, prev\u00e9 deportar dos mil 500 al d\u00eda"}]},{"@type":"WebSite","@id":"https:\/\/canal7slp.tv\/2019\/#website","url":"https:\/\/canal7slp.tv\/2019\/","name":"Canal 7 SLP - Somos TV","description":"Somos un Canal de 10","publisher":{"@id":"https:\/\/canal7slp.tv\/2019\/#organization"},"potentialAction":[{"@type":"SearchAction","target":{"@type":"EntryPoint","urlTemplate":"https:\/\/canal7slp.tv\/2019\/?s={search_term_string}"},"query-input":{"@type":"PropertyValueSpecification","valueRequired":true,"valueName":"search_term_string"}}],"inLanguage":"es"},{"@type":"Organization","@id":"https:\/\/canal7slp.tv\/2019\/#organization","name":"Comunicaci\u00f3n 2000 S.A. de C.V.","url":"https:\/\/canal7slp.tv\/2019\/","logo":{"@type":"ImageObject","inLanguage":"es","@id":"https:\/\/canal7slp.tv\/2019\/#\/schema\/logo\/image\/","url":"https:\/\/canal7slp.tv\/2019\/wp-content\/uploads\/2019\/07\/logo-c7.png","contentUrl":"https:\/\/canal7slp.tv\/2019\/wp-content\/uploads\/2019\/07\/logo-c7.png","width":220,"height":60,"caption":"Comunicaci\u00f3n 2000 S.A. de C.V."},"image":{"@id":"https:\/\/canal7slp.tv\/2019\/#\/schema\/logo\/image\/"},"sameAs":["https:\/\/www.facebook.com\/CANAL7SLP\/","https:\/\/x.com\/canal7_slp","https:\/\/www.instagram.com\/canal7_slp","https:\/\/www.youtube.com\/user\/NOTICIEROSCANAL7SLP\/"]},{"@type":"Person","@id":"https:\/\/canal7slp.tv\/2019\/#\/schema\/person\/11d941c1c6ca30ac0a46b95fa37aa2e3","name":"edicionweb","image":{"@type":"ImageObject","inLanguage":"es","@id":"https:\/\/secure.gravatar.com\/avatar\/eee448fc3f7164808013b816ba91ac7e43bbe82a70bebac296f8bc6f0addaa1a?s=96&d=mm&r=g","url":"https:\/\/secure.gravatar.com\/avatar\/eee448fc3f7164808013b816ba91ac7e43bbe82a70bebac296f8bc6f0addaa1a?s=96&d=mm&r=g","contentUrl":"https:\/\/secure.gravatar.com\/avatar\/eee448fc3f7164808013b816ba91ac7e43bbe82a70bebac296f8bc6f0addaa1a?s=96&d=mm&r=g","caption":"edicionweb"}}]}},"amp_enabled":true,"cmb2":{"video_ids_in_playlist":{"vid_p_videos":""},"video_ids_in_channel":{"vid_c_videos":""},"playlist_ids_in_channel":{"vid_c_playlists":""},"series_ids_in_channel":{"vid_c_series":""},"channel_images":{"vid_c_logo":"","vid_c_banner":""},"poster_feature_image":{"vid_m_poster_image":""},"gif_feature_image":{"vid_m_gif_image":""},"video_movie_settings":{"vid_m_director":"","vid_m_actor":"","vid_m_imdb_ratings":"","vid_m_amazon_associates":""},"vid_youtube_broadcasts_settings":{"vid_yb_broadcast_title":"","vid_yb_q":"","vid_yb_channelid":"","vid_yb_videocategoryid":"","vid_yb_maxresults":"","vid_yb_order":"","vid_yb_regioncode":"","vid_yb_videosyndicated":"","vid_yb_style":"","vid_yb_reload_first":""},"video_series_settings":{"vid_m_director":"","vid_m_actor":"","vid_m_imdb_ratings":"","video_series_group":""},"amazon_associates_settings":{"amazon_associates":"","amazon_native_ad":""},"vid_youtube_automatic_settings":{"vid_ya_youtube_source":"","vid_ya_update_every":"","vid_ya_update_unit":"","vid_ya_categories":"","vid_ya_published_after":"","vid_ya_published_before":"","vid_ya_playlists":"","vid_ya_channels":"","vid_ya_director":"","vid_ya_actor":"","vid_ya_author":"","vid_ya_import_post_date":"","vid_ya_status":"","vid_ya_sub_api_key":""},"vid_ads_m_videoads_settings_post":{"vid_ads_m_video_ads":"","vid_ads_m_video_ads_type":"","vid_ads_m_group_google_ima":"","vid_ads_m_group_image":"","vid_ads_m_group_html5_video":"","vid_ads_m_group_html":"","vid_ads_m_vast_preroll":"","vid_ads_m_vast_postroll":"","vid_ads_m_vast_pauseroll":"","vid_ads_m_vast_midroll":[{"vid_ads_m_vast_timer_seconds":"50"}],"vid_ads_m_time_to_show_ads":"","vid_ads_m_time_skip_ads":"","vid_ads_m_time_to_hide_ads":""},"page_slider_settings":{"display_slider_group":"","page_slider_group":""},"blog_page_settings":{"blog_page_title":"","blog_page_heading":"","blog_page_ic":"","blog_page_it":"","blog_page_ec":"","blog_page_ip":"","archive_loop_style":"","blog_image_ratio":"","blog_show_categories":"","blog_show_excerpt":"","blog_show_author":"","blog_show_date":"","blog_show_comment_count":"","blog_show_view_count":"","blog_show_like_count":"","blog_show_dislike_count":"","blog_items_per_page":"","blog_pag_type":""},"page_options":{"get_page_template":"","color_mode":"","main_layout":"","main_layout_full_with":"","main_logo":"","main_logo_retina":"","main_logo_mobile":"","main_logo_mobile_retina":"","sticky_logo":"","sticky_logo_retina":"","main_nav_layout":"","ajax_search":"","header_background":"","theme_sidebar":"","instagram_feed":"","instagram_feed_position":"","popular_videos":"","popular_videos_title_1":"","popular_videos_title_2":"","popular_videos_ic":"","popular_videos_it":"","theme_background":"","page_custom_css":""},"feature_image_settings":{"feature_image_position":""},"video_player_settings":{"single_video_style":"","video_player_position":"","vm_video_url":"","video_player_library":"","video_streaming":"","vm_media_sources":"","vid_auto_play":"","vm_video_shortcode":"","vid_p_sync_playlist":"","vid_c_sync_channel":"","get_post_format":"","multiple_links_structure":"default","multi_links_title":"","vm_video_multi_links":"","vm_duration":"","vid_social_locker":"off","vid_social_locker_id":"","vid_membership_action":"content-video","vm_video_trailer_url":"","vid_download_type":"free","vid_download_target":"download","vid_woo_product":"","vm_media_download":"","user_rating":"","user_rating_position":"","user_rating_mode":"","user_rating_multi_sets":""},"video_auto_fetch_settings":{"vm_video_fetch":"on"},"video_fake_views_likes":{"vm_fake_views":"","vm_fake_likes":"","vm_fake_dislikes":""},"gallery_settings":{"gallery_position":""},"quote_settings":{"quote_position":""},"post_options":{"main_layout":"","main_logo":"","main_logo_retina":"","main_logo_mobile":"","main_logo_mobile_retina":"","sticky_logo":"","sticky_logo_retina":"","main_nav_layout":"","header_background":"","theme_sidebar":"","single_post_comment_type":"","theme_background":""}},"_links":{"self":[{"href":"https:\/\/canal7slp.tv\/2019\/wp-json\/wp\/v2\/posts\/16945","targetHints":{"allow":["GET"]}}],"collection":[{"href":"https:\/\/canal7slp.tv\/2019\/wp-json\/wp\/v2\/posts"}],"about":[{"href":"https:\/\/canal7slp.tv\/2019\/wp-json\/wp\/v2\/types\/post"}],"author":[{"embeddable":true,"href":"https:\/\/canal7slp.tv\/2019\/wp-json\/wp\/v2\/users\/2"}],"replies":[{"embeddable":true,"href":"https:\/\/canal7slp.tv\/2019\/wp-json\/wp\/v2\/comments?post=16945"}],"version-history":[{"count":0,"href":"https:\/\/canal7slp.tv\/2019\/wp-json\/wp\/v2\/posts\/16945\/revisions"}],"wp:featuredmedia":[{"embeddable":true,"href":"https:\/\/canal7slp.tv\/2019\/wp-json\/wp\/v2\/media\/16946"}],"wp:attachment":[{"href":"https:\/\/canal7slp.tv\/2019\/wp-json\/wp\/v2\/media?parent=16945"}],"wp:term":[{"taxonomy":"category","embeddable":true,"href":"https:\/\/canal7slp.tv\/2019\/wp-json\/wp\/v2\/categories?post=16945"},{"taxonomy":"post_tag","embeddable":true,"href":"https:\/\/canal7slp.tv\/2019\/wp-json\/wp\/v2\/tags?post=16945"}],"curies":[{"name":"wp","href":"https:\/\/api.w.org\/{rel}","templated":true}]}}