{"id":16942,"date":"2019-06-18T13:13:50","date_gmt":"2019-06-18T18:13:50","guid":{"rendered":"https:\/\/canal7slp.tv\/2019\/?p=16942"},"modified":"2019-06-18T13:13:50","modified_gmt":"2019-06-18T18:13:50","slug":"dos-mil-200-millones-de-personas-en-el-mundo-carecen-de-agua-potable","status":"publish","type":"post","link":"https:\/\/canal7slp.tv\/2019\/dos-mil-200-millones-de-personas-en-el-mundo-carecen-de-agua-potable\/","title":{"rendered":"Dos mil 200 millones de personas en el mundo carecen de agua potable"},"content":{"rendered":"<p style=\"text-align: justify;\">Nueva York.- Alrededor de 2.2 mil millones de personas en todo el mundo, una de cada tres, carecen de servicios de agua potable segura, seg\u00fan un nuevo informe del Fondo de las Naciones Unidas para la Infancia (UNICEF) y la Organizaci\u00f3n Mundial de la Salud (OMS), publicado hoy.<\/p>\n<p style=\"text-align: justify;\">El documento del Programa Conjunto de Monitoreo, Progresos en materia de agua potable, saneamiento e higiene: Atenci\u00f3n especial a las desigualdades, 2000-2017, revela las desigualdades sobre el acceso al agua potable, saneamiento e higiene global.<\/p>\n<p style=\"text-align: justify;\">Si bien se han hecho progresos considerables para lograr su acceso universal existen enormes lagunas en la calidad de los servicios, debido a que tres mil millones carecen de instalaciones b\u00e1sicas para el lavado de manos, adem\u00e1s de que m\u00e1s de la mitad de la poblaci\u00f3n del mundo no tiene acceso a servicios de saneamiento seguros.<\/p>\n<p style=\"text-align: justify;\">\u201cEl simple acceso a estos servicios no es suficiente. Si el agua no est\u00e1 limpia, no es segura para beber o est\u00e1 lejos, y si el acceso a los retretes no es seguro o est\u00e1 limitado, entonces no estamos cumpliendo con nuestra misi\u00f3n en favor de los ni\u00f1os del mundo\u201d, indic\u00f3 Kelly Ann Naylor, directora adjunta de Agua, Saneamiento e Higiene del UNICEF.<\/p>\n<p style=\"text-align: justify;\">Naylor destac\u00f3 que los ni\u00f1os y sus familias de las comunidades pobres y rurales son quienes corren mayor peligro de quedarse atr\u00e1s en acceso a los servicios b\u00e1sicos de saneamiento, por los que inst\u00f3 a la comunidad internacional a atender el caso.<\/p>\n<p style=\"text-align: justify;\">\u201cLos gobiernos deben invertir en sus comunidades si queremos superar estas divisiones econ\u00f3micas y geogr\u00e1ficas y hacer realidad este derecho humano esencial\u201d, agreg\u00f3 la representante de UNICEF en el comunicado publicado de manera simult\u00e1nea esta ciudad y Ginebra, sede de la OMS.<\/p>\n<p style=\"text-align: justify;\">El informe revel\u00f3 que desde el a\u00f1o 2000, mil 800 millones de personas han obtenido acceso a los servicios b\u00e1sicos de agua potable, sin embrago en la actualidad existen grandes desigualdades en la accesibilidad, disponibilidad y calidad de estos servicios.<\/p>\n<p style=\"text-align: justify;\">Se estima que uno de cada 10 personas, es decir 785 millones, todav\u00eda carecen de servicios b\u00e1sicos, incluidos 144 millones que beben agua que no ha recibido tratamiento, principalmente en zonas rurales, donde ocho de cada 10 personas carece de ellos.<\/p>\n<p style=\"text-align: justify;\">\u201cLos pa\u00edses deben duplicar sus esfuerzos en materia de saneamiento o no alcanzaremos el acceso universal para 2030\u201d, advirti\u00f3 en el comunicado la doctora Maria Neira, directora del Departamento de Salud P\u00fablica y Determinantes Ambientales y Sociales de la Salud de la OMS.<\/p>\n<p style=\"text-align: justify;\">Si los pa\u00edses, agreg\u00f3, no redoblan sus esfuerzos en materia de saneamiento, agua potable e higiene, seguiremos viviendo con enfermedades que deber\u00edan haber sido consignadas hace mucho tiempo como diarrea, c\u00f3lera, fiebre tifoidea, hepatitis A y las enfermedades tropicales<\/p>\n<p style=\"text-align: justify;\">\u201cInvertir en agua, saneamiento e higiene es rentable y bueno para la sociedad de muchas maneras. Es la base esencial de una buena salud\u201d, apunt\u00f3 Neira.<\/p>\n<p style=\"text-align: justify;\">Sobre los servicios b\u00e1sicos de saneamiento, el informe indic\u00f3 que desde el a\u00f1o 2000, dos mil 100 millones de personas ya han tenido acceso a ellos, aunque en muchas partes del mundo los desechos no se gestionan de manera segura y dos mil millones carecen de saneamiento b\u00e1sico, siete de cada 10 en zonas rurales.<\/p>\n<p style=\"text-align: justify;\">\u201cDesde el 2000, la proporci\u00f3n de la poblaci\u00f3n que practica la defecaci\u00f3n al aire libre se ha reducido a la mitad, del 21 al 9.0 por ciento, y 23 pa\u00edses han logrado casi la eliminaci\u00f3n, lo que significa que menos del 1.0 por ciento de la poblaci\u00f3n practica la defecaci\u00f3n al aire libre\u201d, explic\u00f3.<\/p>\n<p style=\"text-align: justify;\">Sin embargo, agreg\u00f3 el documento, hay 673 millones de personas que todav\u00eda practican la defecaci\u00f3n al aire libre, y se concentran en 39 pa\u00edses, sobre todo en la regi\u00f3n de \u00c1frica subsahariana.<\/p>\n<p style=\"text-align: justify;\">El informe resalt\u00f3 tambi\u00e9n que cada a\u00f1o, 297 mil ni\u00f1os menores de cinco a\u00f1os de edad mueren debido a la diarrea relacionada con la falta de agua, saneamiento e higiene y que est\u00e1n relacionados con la transmisi\u00f3n de enfermedades como el c\u00f3lera, la disenter\u00eda, la hepatitis A y la fiebre tifoidea.<\/p>\n<p style=\"text-align: justify;\">\u201cCerrar las brechas de desigualdad en la accesibilidad, calidad y disponibilidad de agua, saneamiento e higiene debe formar parte del n\u00facleo de las estrategias de financiaci\u00f3n y planificaci\u00f3n de los gobiernos. Renunciar a los planes de inversi\u00f3n para la cobertura universal, es socavar d\u00e9cadas de progreso a expensas de las generaciones venideras\u201d, apunt\u00f3 Naylor.<\/p>\n","protected":false},"excerpt":{"rendered":"<p>Nueva York.- Alrededor de 2.2 mil millones de personas en todo el mundo, una de cada tres, carecen de servicios de agua potable segura, seg\u00fan un nuevo informe del Fondo de las Naciones Unidas para la Infancia (UNICEF) y la Organizaci\u00f3n Mundial de la Salud (OMS), publicado hoy. El documento del Programa Conjunto de Monitoreo, [&hellip;]<\/p>\n","protected":false},"author":2,"featured_media":16943,"comment_status":"open","ping_status":"closed","sticky":false,"template":"","format":"standard","meta":{"footnotes":""},"categories":[18],"tags":[],"class_list":["post-16942","post","type-post","status-publish","format-standard","has-post-thumbnail","hentry","category-internacional"],"yoast_head":"<!-- This site is optimized with the Yoast SEO plugin v27.5 - https:\/\/yoast.com\/product\/yoast-seo-wordpress\/ -->\n<title>Dos mil 200 millones de personas en el mundo carecen de agua potable - Canal 7 SLP - 2019<\/title>\n<meta name=\"robots\" content=\"index, follow, max-snippet:-1, max-image-preview:large, max-video-preview:-1\" \/>\n<link rel=\"canonical\" href=\"https:\/\/canal7slp.tv\/2019\/dos-mil-200-millones-de-personas-en-el-mundo-carecen-de-agua-potable\/\" \/>\n<meta property=\"og:locale\" content=\"es_ES\" \/>\n<meta property=\"og:type\" content=\"article\" \/>\n<meta property=\"og:title\" content=\"Dos mil 200 millones de personas en el mundo carecen de agua potable - Canal 7 SLP - 2019\" \/>\n<meta property=\"og:description\" content=\"Nueva York.- Alrededor de 2.2 mil millones de personas en todo el mundo, una de cada tres, carecen de servicios de agua potable segura, seg\u00fan un nuevo informe del Fondo de las Naciones Unidas para la Infancia (UNICEF) y la Organizaci\u00f3n Mundial de la Salud (OMS), publicado hoy. El documento del Programa Conjunto de Monitoreo, [&hellip;]\" \/>\n<meta property=\"og:url\" content=\"https:\/\/canal7slp.tv\/2019\/dos-mil-200-millones-de-personas-en-el-mundo-carecen-de-agua-potable\/\" \/>\n<meta property=\"og:site_name\" content=\"Canal 7 SLP - 2019\" \/>\n<meta property=\"article:publisher\" content=\"https:\/\/www.facebook.com\/CANAL7SLP\/\" \/>\n<meta property=\"article:published_time\" content=\"2019-06-18T18:13:50+00:00\" \/>\n<meta property=\"og:image\" content=\"https:\/\/canal7slp.tv\/2019\/wp-content\/uploads\/2019\/06\/07-11.jpg\" \/>\n\t<meta property=\"og:image:width\" content=\"770\" \/>\n\t<meta property=\"og:image:height\" content=\"420\" \/>\n\t<meta property=\"og:image:type\" content=\"image\/jpeg\" \/>\n<meta name=\"author\" content=\"edicionweb\" \/>\n<meta name=\"twitter:card\" content=\"summary_large_image\" \/>\n<meta name=\"twitter:creator\" content=\"@canal7_slp\" \/>\n<meta name=\"twitter:site\" content=\"@canal7_slp\" \/>\n<meta name=\"twitter:label1\" content=\"Escrito por\" \/>\n\t<meta name=\"twitter:data1\" content=\"edicionweb\" \/>\n\t<meta name=\"twitter:label2\" content=\"Tiempo de lectura\" \/>\n\t<meta name=\"twitter:data2\" content=\"4 minutos\" \/>\n<script type=\"application\/ld+json\" class=\"yoast-schema-graph\">{\"@context\":\"https:\\\/\\\/schema.org\",\"@graph\":[{\"@type\":\"Article\",\"@id\":\"https:\\\/\\\/canal7slp.tv\\\/2019\\\/dos-mil-200-millones-de-personas-en-el-mundo-carecen-de-agua-potable\\\/#article\",\"isPartOf\":{\"@id\":\"https:\\\/\\\/canal7slp.tv\\\/2019\\\/dos-mil-200-millones-de-personas-en-el-mundo-carecen-de-agua-potable\\\/\"},\"author\":{\"name\":\"edicionweb\",\"@id\":\"https:\\\/\\\/canal7slp.tv\\\/2019\\\/#\\\/schema\\\/person\\\/11d941c1c6ca30ac0a46b95fa37aa2e3\"},\"headline\":\"Dos mil 200 millones de personas en el mundo carecen de agua potable\",\"datePublished\":\"2019-06-18T18:13:50+00:00\",\"mainEntityOfPage\":{\"@id\":\"https:\\\/\\\/canal7slp.tv\\\/2019\\\/dos-mil-200-millones-de-personas-en-el-mundo-carecen-de-agua-potable\\\/\"},\"wordCount\":766,\"commentCount\":0,\"publisher\":{\"@id\":\"https:\\\/\\\/canal7slp.tv\\\/2019\\\/#organization\"},\"image\":{\"@id\":\"https:\\\/\\\/canal7slp.tv\\\/2019\\\/dos-mil-200-millones-de-personas-en-el-mundo-carecen-de-agua-potable\\\/#primaryimage\"},\"thumbnailUrl\":\"https:\\\/\\\/canal7slp.tv\\\/2019\\\/wp-content\\\/uploads\\\/2019\\\/06\\\/07-11.jpg\",\"articleSection\":[\"INTERNACIONAL\"],\"inLanguage\":\"es\",\"potentialAction\":[{\"@type\":\"CommentAction\",\"name\":\"Comment\",\"target\":[\"https:\\\/\\\/canal7slp.tv\\\/2019\\\/dos-mil-200-millones-de-personas-en-el-mundo-carecen-de-agua-potable\\\/#respond\"]}]},{\"@type\":\"WebPage\",\"@id\":\"https:\\\/\\\/canal7slp.tv\\\/2019\\\/dos-mil-200-millones-de-personas-en-el-mundo-carecen-de-agua-potable\\\/\",\"url\":\"https:\\\/\\\/canal7slp.tv\\\/2019\\\/dos-mil-200-millones-de-personas-en-el-mundo-carecen-de-agua-potable\\\/\",\"name\":\"Dos mil 200 millones de personas en el mundo carecen de agua potable - Canal 7 SLP - 2019\",\"isPartOf\":{\"@id\":\"https:\\\/\\\/canal7slp.tv\\\/2019\\\/#website\"},\"primaryImageOfPage\":{\"@id\":\"https:\\\/\\\/canal7slp.tv\\\/2019\\\/dos-mil-200-millones-de-personas-en-el-mundo-carecen-de-agua-potable\\\/#primaryimage\"},\"image\":{\"@id\":\"https:\\\/\\\/canal7slp.tv\\\/2019\\\/dos-mil-200-millones-de-personas-en-el-mundo-carecen-de-agua-potable\\\/#primaryimage\"},\"thumbnailUrl\":\"https:\\\/\\\/canal7slp.tv\\\/2019\\\/wp-content\\\/uploads\\\/2019\\\/06\\\/07-11.jpg\",\"datePublished\":\"2019-06-18T18:13:50+00:00\",\"breadcrumb\":{\"@id\":\"https:\\\/\\\/canal7slp.tv\\\/2019\\\/dos-mil-200-millones-de-personas-en-el-mundo-carecen-de-agua-potable\\\/#breadcrumb\"},\"inLanguage\":\"es\",\"potentialAction\":[{\"@type\":\"ReadAction\",\"target\":[\"https:\\\/\\\/canal7slp.tv\\\/2019\\\/dos-mil-200-millones-de-personas-en-el-mundo-carecen-de-agua-potable\\\/\"]}]},{\"@type\":\"ImageObject\",\"inLanguage\":\"es\",\"@id\":\"https:\\\/\\\/canal7slp.tv\\\/2019\\\/dos-mil-200-millones-de-personas-en-el-mundo-carecen-de-agua-potable\\\/#primaryimage\",\"url\":\"https:\\\/\\\/canal7slp.tv\\\/2019\\\/wp-content\\\/uploads\\\/2019\\\/06\\\/07-11.jpg\",\"contentUrl\":\"https:\\\/\\\/canal7slp.tv\\\/2019\\\/wp-content\\\/uploads\\\/2019\\\/06\\\/07-11.jpg\",\"width\":770,\"height\":420},{\"@type\":\"BreadcrumbList\",\"@id\":\"https:\\\/\\\/canal7slp.tv\\\/2019\\\/dos-mil-200-millones-de-personas-en-el-mundo-carecen-de-agua-potable\\\/#breadcrumb\",\"itemListElement\":[{\"@type\":\"ListItem\",\"position\":1,\"name\":\"Home\",\"item\":\"https:\\\/\\\/canal7slp.tv\\\/2019\\\/\"},{\"@type\":\"ListItem\",\"position\":2,\"name\":\"Dos mil 200 millones de personas en el mundo carecen de agua potable\"}]},{\"@type\":\"WebSite\",\"@id\":\"https:\\\/\\\/canal7slp.tv\\\/2019\\\/#website\",\"url\":\"https:\\\/\\\/canal7slp.tv\\\/2019\\\/\",\"name\":\"Canal 7 SLP - Somos TV\",\"description\":\"Somos un Canal de 10\",\"publisher\":{\"@id\":\"https:\\\/\\\/canal7slp.tv\\\/2019\\\/#organization\"},\"potentialAction\":[{\"@type\":\"SearchAction\",\"target\":{\"@type\":\"EntryPoint\",\"urlTemplate\":\"https:\\\/\\\/canal7slp.tv\\\/2019\\\/?s={search_term_string}\"},\"query-input\":{\"@type\":\"PropertyValueSpecification\",\"valueRequired\":true,\"valueName\":\"search_term_string\"}}],\"inLanguage\":\"es\"},{\"@type\":\"Organization\",\"@id\":\"https:\\\/\\\/canal7slp.tv\\\/2019\\\/#organization\",\"name\":\"Comunicaci\u00f3n 2000 S.A. de C.V.\",\"url\":\"https:\\\/\\\/canal7slp.tv\\\/2019\\\/\",\"logo\":{\"@type\":\"ImageObject\",\"inLanguage\":\"es\",\"@id\":\"https:\\\/\\\/canal7slp.tv\\\/2019\\\/#\\\/schema\\\/logo\\\/image\\\/\",\"url\":\"https:\\\/\\\/canal7slp.tv\\\/2019\\\/wp-content\\\/uploads\\\/2019\\\/07\\\/logo-c7.png\",\"contentUrl\":\"https:\\\/\\\/canal7slp.tv\\\/2019\\\/wp-content\\\/uploads\\\/2019\\\/07\\\/logo-c7.png\",\"width\":220,\"height\":60,\"caption\":\"Comunicaci\u00f3n 2000 S.A. de C.V.\"},\"image\":{\"@id\":\"https:\\\/\\\/canal7slp.tv\\\/2019\\\/#\\\/schema\\\/logo\\\/image\\\/\"},\"sameAs\":[\"https:\\\/\\\/www.facebook.com\\\/CANAL7SLP\\\/\",\"https:\\\/\\\/x.com\\\/canal7_slp\",\"https:\\\/\\\/www.instagram.com\\\/canal7_slp\",\"https:\\\/\\\/www.youtube.com\\\/user\\\/NOTICIEROSCANAL7SLP\\\/\"]},{\"@type\":\"Person\",\"@id\":\"https:\\\/\\\/canal7slp.tv\\\/2019\\\/#\\\/schema\\\/person\\\/11d941c1c6ca30ac0a46b95fa37aa2e3\",\"name\":\"edicionweb\",\"image\":{\"@type\":\"ImageObject\",\"inLanguage\":\"es\",\"@id\":\"https:\\\/\\\/secure.gravatar.com\\\/avatar\\\/eee448fc3f7164808013b816ba91ac7e43bbe82a70bebac296f8bc6f0addaa1a?s=96&d=mm&r=g\",\"url\":\"https:\\\/\\\/secure.gravatar.com\\\/avatar\\\/eee448fc3f7164808013b816ba91ac7e43bbe82a70bebac296f8bc6f0addaa1a?s=96&d=mm&r=g\",\"contentUrl\":\"https:\\\/\\\/secure.gravatar.com\\\/avatar\\\/eee448fc3f7164808013b816ba91ac7e43bbe82a70bebac296f8bc6f0addaa1a?s=96&d=mm&r=g\",\"caption\":\"edicionweb\"}}]}<\/script>\n<!-- \/ Yoast SEO plugin. -->","yoast_head_json":{"title":"Dos mil 200 millones de personas en el mundo carecen de agua potable - Canal 7 SLP - 2019","robots":{"index":"index","follow":"follow","max-snippet":"max-snippet:-1","max-image-preview":"max-image-preview:large","max-video-preview":"max-video-preview:-1"},"canonical":"https:\/\/canal7slp.tv\/2019\/dos-mil-200-millones-de-personas-en-el-mundo-carecen-de-agua-potable\/","og_locale":"es_ES","og_type":"article","og_title":"Dos mil 200 millones de personas en el mundo carecen de agua potable - Canal 7 SLP - 2019","og_description":"Nueva York.- Alrededor de 2.2 mil millones de personas en todo el mundo, una de cada tres, carecen de servicios de agua potable segura, seg\u00fan un nuevo informe del Fondo de las Naciones Unidas para la Infancia (UNICEF) y la Organizaci\u00f3n Mundial de la Salud (OMS), publicado hoy. El documento del Programa Conjunto de Monitoreo, [&hellip;]","og_url":"https:\/\/canal7slp.tv\/2019\/dos-mil-200-millones-de-personas-en-el-mundo-carecen-de-agua-potable\/","og_site_name":"Canal 7 SLP - 2019","article_publisher":"https:\/\/www.facebook.com\/CANAL7SLP\/","article_published_time":"2019-06-18T18:13:50+00:00","og_image":[{"width":770,"height":420,"url":"https:\/\/canal7slp.tv\/2019\/wp-content\/uploads\/2019\/06\/07-11.jpg","type":"image\/jpeg"}],"author":"edicionweb","twitter_card":"summary_large_image","twitter_creator":"@canal7_slp","twitter_site":"@canal7_slp","twitter_misc":{"Escrito por":"edicionweb","Tiempo de lectura":"4 minutos"},"schema":{"@context":"https:\/\/schema.org","@graph":[{"@type":"Article","@id":"https:\/\/canal7slp.tv\/2019\/dos-mil-200-millones-de-personas-en-el-mundo-carecen-de-agua-potable\/#article","isPartOf":{"@id":"https:\/\/canal7slp.tv\/2019\/dos-mil-200-millones-de-personas-en-el-mundo-carecen-de-agua-potable\/"},"author":{"name":"edicionweb","@id":"https:\/\/canal7slp.tv\/2019\/#\/schema\/person\/11d941c1c6ca30ac0a46b95fa37aa2e3"},"headline":"Dos mil 200 millones de personas en el mundo carecen de agua potable","datePublished":"2019-06-18T18:13:50+00:00","mainEntityOfPage":{"@id":"https:\/\/canal7slp.tv\/2019\/dos-mil-200-millones-de-personas-en-el-mundo-carecen-de-agua-potable\/"},"wordCount":766,"commentCount":0,"publisher":{"@id":"https:\/\/canal7slp.tv\/2019\/#organization"},"image":{"@id":"https:\/\/canal7slp.tv\/2019\/dos-mil-200-millones-de-personas-en-el-mundo-carecen-de-agua-potable\/#primaryimage"},"thumbnailUrl":"https:\/\/canal7slp.tv\/2019\/wp-content\/uploads\/2019\/06\/07-11.jpg","articleSection":["INTERNACIONAL"],"inLanguage":"es","potentialAction":[{"@type":"CommentAction","name":"Comment","target":["https:\/\/canal7slp.tv\/2019\/dos-mil-200-millones-de-personas-en-el-mundo-carecen-de-agua-potable\/#respond"]}]},{"@type":"WebPage","@id":"https:\/\/canal7slp.tv\/2019\/dos-mil-200-millones-de-personas-en-el-mundo-carecen-de-agua-potable\/","url":"https:\/\/canal7slp.tv\/2019\/dos-mil-200-millones-de-personas-en-el-mundo-carecen-de-agua-potable\/","name":"Dos mil 200 millones de personas en el mundo carecen de agua potable - Canal 7 SLP - 2019","isPartOf":{"@id":"https:\/\/canal7slp.tv\/2019\/#website"},"primaryImageOfPage":{"@id":"https:\/\/canal7slp.tv\/2019\/dos-mil-200-millones-de-personas-en-el-mundo-carecen-de-agua-potable\/#primaryimage"},"image":{"@id":"https:\/\/canal7slp.tv\/2019\/dos-mil-200-millones-de-personas-en-el-mundo-carecen-de-agua-potable\/#primaryimage"},"thumbnailUrl":"https:\/\/canal7slp.tv\/2019\/wp-content\/uploads\/2019\/06\/07-11.jpg","datePublished":"2019-06-18T18:13:50+00:00","breadcrumb":{"@id":"https:\/\/canal7slp.tv\/2019\/dos-mil-200-millones-de-personas-en-el-mundo-carecen-de-agua-potable\/#breadcrumb"},"inLanguage":"es","potentialAction":[{"@type":"ReadAction","target":["https:\/\/canal7slp.tv\/2019\/dos-mil-200-millones-de-personas-en-el-mundo-carecen-de-agua-potable\/"]}]},{"@type":"ImageObject","inLanguage":"es","@id":"https:\/\/canal7slp.tv\/2019\/dos-mil-200-millones-de-personas-en-el-mundo-carecen-de-agua-potable\/#primaryimage","url":"https:\/\/canal7slp.tv\/2019\/wp-content\/uploads\/2019\/06\/07-11.jpg","contentUrl":"https:\/\/canal7slp.tv\/2019\/wp-content\/uploads\/2019\/06\/07-11.jpg","width":770,"height":420},{"@type":"BreadcrumbList","@id":"https:\/\/canal7slp.tv\/2019\/dos-mil-200-millones-de-personas-en-el-mundo-carecen-de-agua-potable\/#breadcrumb","itemListElement":[{"@type":"ListItem","position":1,"name":"Home","item":"https:\/\/canal7slp.tv\/2019\/"},{"@type":"ListItem","position":2,"name":"Dos mil 200 millones de personas en el mundo carecen de agua potable"}]},{"@type":"WebSite","@id":"https:\/\/canal7slp.tv\/2019\/#website","url":"https:\/\/canal7slp.tv\/2019\/","name":"Canal 7 SLP - Somos TV","description":"Somos un Canal de 10","publisher":{"@id":"https:\/\/canal7slp.tv\/2019\/#organization"},"potentialAction":[{"@type":"SearchAction","target":{"@type":"EntryPoint","urlTemplate":"https:\/\/canal7slp.tv\/2019\/?s={search_term_string}"},"query-input":{"@type":"PropertyValueSpecification","valueRequired":true,"valueName":"search_term_string"}}],"inLanguage":"es"},{"@type":"Organization","@id":"https:\/\/canal7slp.tv\/2019\/#organization","name":"Comunicaci\u00f3n 2000 S.A. de C.V.","url":"https:\/\/canal7slp.tv\/2019\/","logo":{"@type":"ImageObject","inLanguage":"es","@id":"https:\/\/canal7slp.tv\/2019\/#\/schema\/logo\/image\/","url":"https:\/\/canal7slp.tv\/2019\/wp-content\/uploads\/2019\/07\/logo-c7.png","contentUrl":"https:\/\/canal7slp.tv\/2019\/wp-content\/uploads\/2019\/07\/logo-c7.png","width":220,"height":60,"caption":"Comunicaci\u00f3n 2000 S.A. de C.V."},"image":{"@id":"https:\/\/canal7slp.tv\/2019\/#\/schema\/logo\/image\/"},"sameAs":["https:\/\/www.facebook.com\/CANAL7SLP\/","https:\/\/x.com\/canal7_slp","https:\/\/www.instagram.com\/canal7_slp","https:\/\/www.youtube.com\/user\/NOTICIEROSCANAL7SLP\/"]},{"@type":"Person","@id":"https:\/\/canal7slp.tv\/2019\/#\/schema\/person\/11d941c1c6ca30ac0a46b95fa37aa2e3","name":"edicionweb","image":{"@type":"ImageObject","inLanguage":"es","@id":"https:\/\/secure.gravatar.com\/avatar\/eee448fc3f7164808013b816ba91ac7e43bbe82a70bebac296f8bc6f0addaa1a?s=96&d=mm&r=g","url":"https:\/\/secure.gravatar.com\/avatar\/eee448fc3f7164808013b816ba91ac7e43bbe82a70bebac296f8bc6f0addaa1a?s=96&d=mm&r=g","contentUrl":"https:\/\/secure.gravatar.com\/avatar\/eee448fc3f7164808013b816ba91ac7e43bbe82a70bebac296f8bc6f0addaa1a?s=96&d=mm&r=g","caption":"edicionweb"}}]}},"amp_enabled":true,"cmb2":{"video_ids_in_playlist":{"vid_p_videos":""},"video_ids_in_channel":{"vid_c_videos":""},"playlist_ids_in_channel":{"vid_c_playlists":""},"series_ids_in_channel":{"vid_c_series":""},"channel_images":{"vid_c_logo":"","vid_c_banner":""},"poster_feature_image":{"vid_m_poster_image":""},"gif_feature_image":{"vid_m_gif_image":""},"video_movie_settings":{"vid_m_director":"","vid_m_actor":"","vid_m_imdb_ratings":"","vid_m_amazon_associates":""},"vid_youtube_broadcasts_settings":{"vid_yb_broadcast_title":"","vid_yb_q":"","vid_yb_channelid":"","vid_yb_videocategoryid":"","vid_yb_maxresults":"","vid_yb_order":"","vid_yb_regioncode":"","vid_yb_videosyndicated":"","vid_yb_style":"","vid_yb_reload_first":""},"video_series_settings":{"vid_m_director":"","vid_m_actor":"","vid_m_imdb_ratings":"","video_series_group":""},"amazon_associates_settings":{"amazon_associates":"","amazon_native_ad":""},"vid_youtube_automatic_settings":{"vid_ya_youtube_source":"","vid_ya_update_every":"","vid_ya_update_unit":"","vid_ya_categories":"","vid_ya_published_after":"","vid_ya_published_before":"","vid_ya_playlists":"","vid_ya_channels":"","vid_ya_director":"","vid_ya_actor":"","vid_ya_author":"","vid_ya_import_post_date":"","vid_ya_status":"","vid_ya_sub_api_key":""},"vid_ads_m_videoads_settings_post":{"vid_ads_m_video_ads":"","vid_ads_m_video_ads_type":"","vid_ads_m_group_google_ima":"","vid_ads_m_group_image":"","vid_ads_m_group_html5_video":"","vid_ads_m_group_html":"","vid_ads_m_vast_preroll":"","vid_ads_m_vast_postroll":"","vid_ads_m_vast_pauseroll":"","vid_ads_m_vast_midroll":[{"vid_ads_m_vast_timer_seconds":"50"}],"vid_ads_m_time_to_show_ads":"","vid_ads_m_time_skip_ads":"","vid_ads_m_time_to_hide_ads":""},"page_slider_settings":{"display_slider_group":"","page_slider_group":""},"blog_page_settings":{"blog_page_title":"","blog_page_heading":"","blog_page_ic":"","blog_page_it":"","blog_page_ec":"","blog_page_ip":"","archive_loop_style":"","blog_image_ratio":"","blog_show_categories":"","blog_show_excerpt":"","blog_show_author":"","blog_show_date":"","blog_show_comment_count":"","blog_show_view_count":"","blog_show_like_count":"","blog_show_dislike_count":"","blog_items_per_page":"","blog_pag_type":""},"page_options":{"get_page_template":"","color_mode":"","main_layout":"","main_layout_full_with":"","main_logo":"","main_logo_retina":"","main_logo_mobile":"","main_logo_mobile_retina":"","sticky_logo":"","sticky_logo_retina":"","main_nav_layout":"","ajax_search":"","header_background":"","theme_sidebar":"","instagram_feed":"","instagram_feed_position":"","popular_videos":"","popular_videos_title_1":"","popular_videos_title_2":"","popular_videos_ic":"","popular_videos_it":"","theme_background":"","page_custom_css":""},"feature_image_settings":{"feature_image_position":""},"video_player_settings":{"single_video_style":"","video_player_position":"","vm_video_url":"","video_player_library":"","video_streaming":"","vm_media_sources":"","vid_auto_play":"","vm_video_shortcode":"","vid_p_sync_playlist":"","vid_c_sync_channel":"","get_post_format":"","multiple_links_structure":"default","multi_links_title":"","vm_video_multi_links":"","vm_duration":"","vid_social_locker":"off","vid_social_locker_id":"","vid_membership_action":"content-video","vm_video_trailer_url":"","vid_download_type":"free","vid_download_target":"download","vid_woo_product":"","vm_media_download":"","user_rating":"","user_rating_position":"","user_rating_mode":"","user_rating_multi_sets":""},"video_auto_fetch_settings":{"vm_video_fetch":"on"},"video_fake_views_likes":{"vm_fake_views":"","vm_fake_likes":"","vm_fake_dislikes":""},"gallery_settings":{"gallery_position":""},"quote_settings":{"quote_position":""},"post_options":{"main_layout":"","main_logo":"","main_logo_retina":"","main_logo_mobile":"","main_logo_mobile_retina":"","sticky_logo":"","sticky_logo_retina":"","main_nav_layout":"","header_background":"","theme_sidebar":"","single_post_comment_type":"","theme_background":""}},"_links":{"self":[{"href":"https:\/\/canal7slp.tv\/2019\/wp-json\/wp\/v2\/posts\/16942","targetHints":{"allow":["GET"]}}],"collection":[{"href":"https:\/\/canal7slp.tv\/2019\/wp-json\/wp\/v2\/posts"}],"about":[{"href":"https:\/\/canal7slp.tv\/2019\/wp-json\/wp\/v2\/types\/post"}],"author":[{"embeddable":true,"href":"https:\/\/canal7slp.tv\/2019\/wp-json\/wp\/v2\/users\/2"}],"replies":[{"embeddable":true,"href":"https:\/\/canal7slp.tv\/2019\/wp-json\/wp\/v2\/comments?post=16942"}],"version-history":[{"count":0,"href":"https:\/\/canal7slp.tv\/2019\/wp-json\/wp\/v2\/posts\/16942\/revisions"}],"wp:featuredmedia":[{"embeddable":true,"href":"https:\/\/canal7slp.tv\/2019\/wp-json\/wp\/v2\/media\/16943"}],"wp:attachment":[{"href":"https:\/\/canal7slp.tv\/2019\/wp-json\/wp\/v2\/media?parent=16942"}],"wp:term":[{"taxonomy":"category","embeddable":true,"href":"https:\/\/canal7slp.tv\/2019\/wp-json\/wp\/v2\/categories?post=16942"},{"taxonomy":"post_tag","embeddable":true,"href":"https:\/\/canal7slp.tv\/2019\/wp-json\/wp\/v2\/tags?post=16942"}],"curies":[{"name":"wp","href":"https:\/\/api.w.org\/{rel}","templated":true}]}}