{"id":16865,"date":"2019-06-18T11:00:39","date_gmt":"2019-06-18T16:00:39","guid":{"rendered":"https:\/\/canal7slp.tv\/2019\/?p=16865"},"modified":"2019-06-18T08:41:40","modified_gmt":"2019-06-18T13:41:40","slug":"nuevo-comisionado-de-victimas-fruto-de-analisis-entre-senado-y-expertos","status":"publish","type":"post","link":"https:\/\/canal7slp.tv\/2019\/nuevo-comisionado-de-victimas-fruto-de-analisis-entre-senado-y-expertos\/","title":{"rendered":"Nuevo comisionado de v\u00edctimas, fruto de an\u00e1lisis entre Senado y expertos"},"content":{"rendered":"<p style=\"text-align: justify\">M\u00e9xic.- La presidenta de la Comisi\u00f3n de Derechos Humanos del Senado de la Rep\u00fablica, Kenia L\u00f3pez Rabad\u00e1n, afirm\u00f3 que el Ejecutivo federal deber\u00e1 emitir la convocatoria para que los expertos y colectivos de v\u00edctimas opinen en la terna de quien ocupar\u00e1 el puesto de comisionado ejecutivo de Atenci\u00f3n de V\u00edctimas.<\/p>\n<p style=\"text-align: justify\">En entrevista la senadora panista indic\u00f3 que el gobierno federal tendr\u00e1 que privilegiar la construcci\u00f3n de una terna de aspirantes, lo m\u00e1s apegada a las exigencias de la sociedad, de los expertos y de los colectivos de v\u00edctimas.<\/p>\n<p style=\"text-align: justify\">Cabe recordar que Jaime Roch\u00edn del Rinc\u00f3n present\u00f3 al presidente Andr\u00e9s Manuel L\u00f3pez Obrador, su renuncia como titular de la Comisi\u00f3n Ejecutiva de Atenci\u00f3n a V\u00edctimas (CEAV), a partir del d\u00eda 15 de junio, y de acuerdo con la ley del organismo, la convocatoria tiene que sacarla el Ejecutivo federal, donde convoca a las organizaciones de derechos humanos para proponer a los aspirantes.<\/p>\n<p style=\"text-align: justify\">Esta norma se\u00f1ala que la Secretar\u00eda de Gobernaci\u00f3n (Segob) es la que tiene que generar una convocatoria a los expertos en temas de derechos humanos y atenci\u00f3n a las v\u00edctimas, y la ley dicta que \u201ces una consulta previa al colectivo de v\u00edctimas, expertos, organizaciones de la sociedad civil y especialistas\u201d.<\/p>\n<p style=\"text-align: justify\">Despu\u00e9s de lo anterior la Segob env\u00eda una terna al Senado de la Rep\u00fablica, la cual no puede hacer de manera unilateral el Ejecutivo federal, sino que por mandato de ley debe consultar a los colectivos de v\u00edctimas y expertos en derechos humano.<\/p>\n<p style=\"text-align: justify\">La senadora cit\u00f3 al art\u00edculo 85 de dicha ley que indica que \u201cla Comisi\u00f3n Ejecutiva estar\u00e1 a cargo de un Comisionado Ejecutivo elegido por el voto de las dos terceras partes de los miembros presentes de la C\u00e1mara de Senadores, de la terna que enviar\u00e1 el Ejecutivo federal, previa consulta p\u00fablica a los colectivos de v\u00edctimas, expertos y organizaciones de la sociedad civil especializadas en la materia\u201d.<\/p>\n<p style=\"text-align: justify\">L\u00f3pez Rabad\u00e1n confi\u00f3 en que la terna que el presidente de la Rep\u00fablica env\u00ede al Senado sea muy amplia y apegada a la transparencia, y coment\u00f3 que las personas que pueden aspirar a este cargo no tiene l\u00edmite, pues lo que se hace es una consulta y de la misma salen los elegidos.<\/p>\n<p style=\"text-align: justify\">Tambi\u00e9n se tiene que definir el perfil de los aspirantes y los requisitos que deber\u00e1n cumplir, y los que integran la terna ser\u00e1 enviada al Senado, y ser\u00e1 turnada a la Comisi\u00f3n de Derechos Humanos.<\/p>\n<p style=\"text-align: justify\">Consider\u00f3 que adem\u00e1s de tener un buen perfil de comisionada o comisionado ejecutivo, se requieren recursos para la operaci\u00f3n del organismo y responder a las demandas de las v\u00edctimas y su acompa\u00f1amiento legal e incluso psicol\u00f3gico.<\/p>\n<p style=\"text-align: justify\">\u201cNo es posible que un abogado tenga que acompa\u00f1ar al triple de casos que un abogado defensor en el tribunal, es imposible, ni los abogados cumplen su funci\u00f3n, ni las v\u00edctimas encuentran satisfechas todas sus necesidades\u201d, indic\u00f3.<\/p>\n<p style=\"text-align: justify\">Respecto al perfil, enfatiz\u00f3 que deber\u00e1 ser apartidista, un especialista en derechos humanos y atenci\u00f3n a v\u00edctimas, y que conozca todo el proceso por el que pasan los agraviados y sus familias para que pueda ayudar, no solamente en cuesti\u00f3n econ\u00f3mica, sino tambi\u00e9n en t\u00e9rminos legales, psicol\u00f3gicos y de humanidad.<\/p>\n","protected":false},"excerpt":{"rendered":"<p>M\u00e9xic.- La presidenta de la Comisi\u00f3n de Derechos Humanos del Senado de la Rep\u00fablica, Kenia L\u00f3pez Rabad\u00e1n, afirm\u00f3 que el Ejecutivo federal deber\u00e1 emitir la convocatoria para que los expertos y colectivos de v\u00edctimas opinen en la terna de quien ocupar\u00e1 el puesto de comisionado ejecutivo de Atenci\u00f3n de V\u00edctimas. En entrevista la senadora panista [&hellip;]<\/p>\n","protected":false},"author":2,"featured_media":16866,"comment_status":"open","ping_status":"closed","sticky":false,"template":"","format":"standard","meta":{"footnotes":""},"categories":[30],"tags":[],"class_list":["post-16865","post","type-post","status-publish","format-standard","has-post-thumbnail","hentry","category-nacional"],"yoast_head":"<!-- This site is optimized with the Yoast SEO plugin v27.5 - https:\/\/yoast.com\/product\/yoast-seo-wordpress\/ -->\n<title>Nuevo comisionado de v\u00edctimas, fruto de an\u00e1lisis entre Senado y expertos - Canal 7 SLP - 2019<\/title>\n<meta name=\"robots\" content=\"index, follow, max-snippet:-1, max-image-preview:large, max-video-preview:-1\" \/>\n<link rel=\"canonical\" href=\"https:\/\/canal7slp.tv\/2019\/nuevo-comisionado-de-victimas-fruto-de-analisis-entre-senado-y-expertos\/\" \/>\n<meta property=\"og:locale\" content=\"es_ES\" \/>\n<meta property=\"og:type\" content=\"article\" \/>\n<meta property=\"og:title\" content=\"Nuevo comisionado de v\u00edctimas, fruto de an\u00e1lisis entre Senado y expertos - Canal 7 SLP - 2019\" \/>\n<meta property=\"og:description\" content=\"M\u00e9xic.- La presidenta de la Comisi\u00f3n de Derechos Humanos del Senado de la Rep\u00fablica, Kenia L\u00f3pez Rabad\u00e1n, afirm\u00f3 que el Ejecutivo federal deber\u00e1 emitir la convocatoria para que los expertos y colectivos de v\u00edctimas opinen en la terna de quien ocupar\u00e1 el puesto de comisionado ejecutivo de Atenci\u00f3n de V\u00edctimas. En entrevista la senadora panista [&hellip;]\" \/>\n<meta property=\"og:url\" content=\"https:\/\/canal7slp.tv\/2019\/nuevo-comisionado-de-victimas-fruto-de-analisis-entre-senado-y-expertos\/\" \/>\n<meta property=\"og:site_name\" content=\"Canal 7 SLP - 2019\" \/>\n<meta property=\"article:publisher\" content=\"https:\/\/www.facebook.com\/CANAL7SLP\/\" \/>\n<meta property=\"article:published_time\" content=\"2019-06-18T16:00:39+00:00\" \/>\n<meta property=\"og:image\" content=\"https:\/\/canal7slp.tv\/2019\/wp-content\/uploads\/2019\/06\/1100-11.jpg\" \/>\n\t<meta property=\"og:image:width\" content=\"800\" \/>\n\t<meta property=\"og:image:height\" content=\"533\" \/>\n\t<meta property=\"og:image:type\" content=\"image\/jpeg\" \/>\n<meta name=\"author\" content=\"edicionweb\" \/>\n<meta name=\"twitter:card\" content=\"summary_large_image\" \/>\n<meta name=\"twitter:creator\" content=\"@canal7_slp\" \/>\n<meta name=\"twitter:site\" content=\"@canal7_slp\" \/>\n<meta name=\"twitter:label1\" content=\"Escrito por\" \/>\n\t<meta name=\"twitter:data1\" content=\"edicionweb\" \/>\n\t<meta name=\"twitter:label2\" content=\"Tiempo de lectura\" \/>\n\t<meta name=\"twitter:data2\" content=\"3 minutos\" \/>\n<script type=\"application\/ld+json\" class=\"yoast-schema-graph\">{\"@context\":\"https:\\\/\\\/schema.org\",\"@graph\":[{\"@type\":\"Article\",\"@id\":\"https:\\\/\\\/canal7slp.tv\\\/2019\\\/nuevo-comisionado-de-victimas-fruto-de-analisis-entre-senado-y-expertos\\\/#article\",\"isPartOf\":{\"@id\":\"https:\\\/\\\/canal7slp.tv\\\/2019\\\/nuevo-comisionado-de-victimas-fruto-de-analisis-entre-senado-y-expertos\\\/\"},\"author\":{\"name\":\"edicionweb\",\"@id\":\"https:\\\/\\\/canal7slp.tv\\\/2019\\\/#\\\/schema\\\/person\\\/11d941c1c6ca30ac0a46b95fa37aa2e3\"},\"headline\":\"Nuevo comisionado de v\u00edctimas, fruto de an\u00e1lisis entre Senado y expertos\",\"datePublished\":\"2019-06-18T16:00:39+00:00\",\"mainEntityOfPage\":{\"@id\":\"https:\\\/\\\/canal7slp.tv\\\/2019\\\/nuevo-comisionado-de-victimas-fruto-de-analisis-entre-senado-y-expertos\\\/\"},\"wordCount\":592,\"commentCount\":0,\"publisher\":{\"@id\":\"https:\\\/\\\/canal7slp.tv\\\/2019\\\/#organization\"},\"image\":{\"@id\":\"https:\\\/\\\/canal7slp.tv\\\/2019\\\/nuevo-comisionado-de-victimas-fruto-de-analisis-entre-senado-y-expertos\\\/#primaryimage\"},\"thumbnailUrl\":\"https:\\\/\\\/canal7slp.tv\\\/2019\\\/wp-content\\\/uploads\\\/2019\\\/06\\\/1100-11.jpg\",\"articleSection\":[\"NACIONAL\"],\"inLanguage\":\"es\",\"potentialAction\":[{\"@type\":\"CommentAction\",\"name\":\"Comment\",\"target\":[\"https:\\\/\\\/canal7slp.tv\\\/2019\\\/nuevo-comisionado-de-victimas-fruto-de-analisis-entre-senado-y-expertos\\\/#respond\"]}]},{\"@type\":\"WebPage\",\"@id\":\"https:\\\/\\\/canal7slp.tv\\\/2019\\\/nuevo-comisionado-de-victimas-fruto-de-analisis-entre-senado-y-expertos\\\/\",\"url\":\"https:\\\/\\\/canal7slp.tv\\\/2019\\\/nuevo-comisionado-de-victimas-fruto-de-analisis-entre-senado-y-expertos\\\/\",\"name\":\"Nuevo comisionado de v\u00edctimas, fruto de an\u00e1lisis entre Senado y expertos - Canal 7 SLP - 2019\",\"isPartOf\":{\"@id\":\"https:\\\/\\\/canal7slp.tv\\\/2019\\\/#website\"},\"primaryImageOfPage\":{\"@id\":\"https:\\\/\\\/canal7slp.tv\\\/2019\\\/nuevo-comisionado-de-victimas-fruto-de-analisis-entre-senado-y-expertos\\\/#primaryimage\"},\"image\":{\"@id\":\"https:\\\/\\\/canal7slp.tv\\\/2019\\\/nuevo-comisionado-de-victimas-fruto-de-analisis-entre-senado-y-expertos\\\/#primaryimage\"},\"thumbnailUrl\":\"https:\\\/\\\/canal7slp.tv\\\/2019\\\/wp-content\\\/uploads\\\/2019\\\/06\\\/1100-11.jpg\",\"datePublished\":\"2019-06-18T16:00:39+00:00\",\"breadcrumb\":{\"@id\":\"https:\\\/\\\/canal7slp.tv\\\/2019\\\/nuevo-comisionado-de-victimas-fruto-de-analisis-entre-senado-y-expertos\\\/#breadcrumb\"},\"inLanguage\":\"es\",\"potentialAction\":[{\"@type\":\"ReadAction\",\"target\":[\"https:\\\/\\\/canal7slp.tv\\\/2019\\\/nuevo-comisionado-de-victimas-fruto-de-analisis-entre-senado-y-expertos\\\/\"]}]},{\"@type\":\"ImageObject\",\"inLanguage\":\"es\",\"@id\":\"https:\\\/\\\/canal7slp.tv\\\/2019\\\/nuevo-comisionado-de-victimas-fruto-de-analisis-entre-senado-y-expertos\\\/#primaryimage\",\"url\":\"https:\\\/\\\/canal7slp.tv\\\/2019\\\/wp-content\\\/uploads\\\/2019\\\/06\\\/1100-11.jpg\",\"contentUrl\":\"https:\\\/\\\/canal7slp.tv\\\/2019\\\/wp-content\\\/uploads\\\/2019\\\/06\\\/1100-11.jpg\",\"width\":800,\"height\":533},{\"@type\":\"BreadcrumbList\",\"@id\":\"https:\\\/\\\/canal7slp.tv\\\/2019\\\/nuevo-comisionado-de-victimas-fruto-de-analisis-entre-senado-y-expertos\\\/#breadcrumb\",\"itemListElement\":[{\"@type\":\"ListItem\",\"position\":1,\"name\":\"Home\",\"item\":\"https:\\\/\\\/canal7slp.tv\\\/2019\\\/\"},{\"@type\":\"ListItem\",\"position\":2,\"name\":\"Nuevo comisionado de v\u00edctimas, fruto de an\u00e1lisis entre Senado y expertos\"}]},{\"@type\":\"WebSite\",\"@id\":\"https:\\\/\\\/canal7slp.tv\\\/2019\\\/#website\",\"url\":\"https:\\\/\\\/canal7slp.tv\\\/2019\\\/\",\"name\":\"Canal 7 SLP - Somos TV\",\"description\":\"Somos un Canal de 10\",\"publisher\":{\"@id\":\"https:\\\/\\\/canal7slp.tv\\\/2019\\\/#organization\"},\"potentialAction\":[{\"@type\":\"SearchAction\",\"target\":{\"@type\":\"EntryPoint\",\"urlTemplate\":\"https:\\\/\\\/canal7slp.tv\\\/2019\\\/?s={search_term_string}\"},\"query-input\":{\"@type\":\"PropertyValueSpecification\",\"valueRequired\":true,\"valueName\":\"search_term_string\"}}],\"inLanguage\":\"es\"},{\"@type\":\"Organization\",\"@id\":\"https:\\\/\\\/canal7slp.tv\\\/2019\\\/#organization\",\"name\":\"Comunicaci\u00f3n 2000 S.A. de C.V.\",\"url\":\"https:\\\/\\\/canal7slp.tv\\\/2019\\\/\",\"logo\":{\"@type\":\"ImageObject\",\"inLanguage\":\"es\",\"@id\":\"https:\\\/\\\/canal7slp.tv\\\/2019\\\/#\\\/schema\\\/logo\\\/image\\\/\",\"url\":\"https:\\\/\\\/canal7slp.tv\\\/2019\\\/wp-content\\\/uploads\\\/2019\\\/07\\\/logo-c7.png\",\"contentUrl\":\"https:\\\/\\\/canal7slp.tv\\\/2019\\\/wp-content\\\/uploads\\\/2019\\\/07\\\/logo-c7.png\",\"width\":220,\"height\":60,\"caption\":\"Comunicaci\u00f3n 2000 S.A. de C.V.\"},\"image\":{\"@id\":\"https:\\\/\\\/canal7slp.tv\\\/2019\\\/#\\\/schema\\\/logo\\\/image\\\/\"},\"sameAs\":[\"https:\\\/\\\/www.facebook.com\\\/CANAL7SLP\\\/\",\"https:\\\/\\\/x.com\\\/canal7_slp\",\"https:\\\/\\\/www.instagram.com\\\/canal7_slp\",\"https:\\\/\\\/www.youtube.com\\\/user\\\/NOTICIEROSCANAL7SLP\\\/\"]},{\"@type\":\"Person\",\"@id\":\"https:\\\/\\\/canal7slp.tv\\\/2019\\\/#\\\/schema\\\/person\\\/11d941c1c6ca30ac0a46b95fa37aa2e3\",\"name\":\"edicionweb\",\"image\":{\"@type\":\"ImageObject\",\"inLanguage\":\"es\",\"@id\":\"https:\\\/\\\/secure.gravatar.com\\\/avatar\\\/eee448fc3f7164808013b816ba91ac7e43bbe82a70bebac296f8bc6f0addaa1a?s=96&d=mm&r=g\",\"url\":\"https:\\\/\\\/secure.gravatar.com\\\/avatar\\\/eee448fc3f7164808013b816ba91ac7e43bbe82a70bebac296f8bc6f0addaa1a?s=96&d=mm&r=g\",\"contentUrl\":\"https:\\\/\\\/secure.gravatar.com\\\/avatar\\\/eee448fc3f7164808013b816ba91ac7e43bbe82a70bebac296f8bc6f0addaa1a?s=96&d=mm&r=g\",\"caption\":\"edicionweb\"}}]}<\/script>\n<!-- \/ Yoast SEO plugin. -->","yoast_head_json":{"title":"Nuevo comisionado de v\u00edctimas, fruto de an\u00e1lisis entre Senado y expertos - Canal 7 SLP - 2019","robots":{"index":"index","follow":"follow","max-snippet":"max-snippet:-1","max-image-preview":"max-image-preview:large","max-video-preview":"max-video-preview:-1"},"canonical":"https:\/\/canal7slp.tv\/2019\/nuevo-comisionado-de-victimas-fruto-de-analisis-entre-senado-y-expertos\/","og_locale":"es_ES","og_type":"article","og_title":"Nuevo comisionado de v\u00edctimas, fruto de an\u00e1lisis entre Senado y expertos - Canal 7 SLP - 2019","og_description":"M\u00e9xic.- La presidenta de la Comisi\u00f3n de Derechos Humanos del Senado de la Rep\u00fablica, Kenia L\u00f3pez Rabad\u00e1n, afirm\u00f3 que el Ejecutivo federal deber\u00e1 emitir la convocatoria para que los expertos y colectivos de v\u00edctimas opinen en la terna de quien ocupar\u00e1 el puesto de comisionado ejecutivo de Atenci\u00f3n de V\u00edctimas. En entrevista la senadora panista [&hellip;]","og_url":"https:\/\/canal7slp.tv\/2019\/nuevo-comisionado-de-victimas-fruto-de-analisis-entre-senado-y-expertos\/","og_site_name":"Canal 7 SLP - 2019","article_publisher":"https:\/\/www.facebook.com\/CANAL7SLP\/","article_published_time":"2019-06-18T16:00:39+00:00","og_image":[{"width":800,"height":533,"url":"https:\/\/canal7slp.tv\/2019\/wp-content\/uploads\/2019\/06\/1100-11.jpg","type":"image\/jpeg"}],"author":"edicionweb","twitter_card":"summary_large_image","twitter_creator":"@canal7_slp","twitter_site":"@canal7_slp","twitter_misc":{"Escrito por":"edicionweb","Tiempo de lectura":"3 minutos"},"schema":{"@context":"https:\/\/schema.org","@graph":[{"@type":"Article","@id":"https:\/\/canal7slp.tv\/2019\/nuevo-comisionado-de-victimas-fruto-de-analisis-entre-senado-y-expertos\/#article","isPartOf":{"@id":"https:\/\/canal7slp.tv\/2019\/nuevo-comisionado-de-victimas-fruto-de-analisis-entre-senado-y-expertos\/"},"author":{"name":"edicionweb","@id":"https:\/\/canal7slp.tv\/2019\/#\/schema\/person\/11d941c1c6ca30ac0a46b95fa37aa2e3"},"headline":"Nuevo comisionado de v\u00edctimas, fruto de an\u00e1lisis entre Senado y expertos","datePublished":"2019-06-18T16:00:39+00:00","mainEntityOfPage":{"@id":"https:\/\/canal7slp.tv\/2019\/nuevo-comisionado-de-victimas-fruto-de-analisis-entre-senado-y-expertos\/"},"wordCount":592,"commentCount":0,"publisher":{"@id":"https:\/\/canal7slp.tv\/2019\/#organization"},"image":{"@id":"https:\/\/canal7slp.tv\/2019\/nuevo-comisionado-de-victimas-fruto-de-analisis-entre-senado-y-expertos\/#primaryimage"},"thumbnailUrl":"https:\/\/canal7slp.tv\/2019\/wp-content\/uploads\/2019\/06\/1100-11.jpg","articleSection":["NACIONAL"],"inLanguage":"es","potentialAction":[{"@type":"CommentAction","name":"Comment","target":["https:\/\/canal7slp.tv\/2019\/nuevo-comisionado-de-victimas-fruto-de-analisis-entre-senado-y-expertos\/#respond"]}]},{"@type":"WebPage","@id":"https:\/\/canal7slp.tv\/2019\/nuevo-comisionado-de-victimas-fruto-de-analisis-entre-senado-y-expertos\/","url":"https:\/\/canal7slp.tv\/2019\/nuevo-comisionado-de-victimas-fruto-de-analisis-entre-senado-y-expertos\/","name":"Nuevo comisionado de v\u00edctimas, fruto de an\u00e1lisis entre Senado y expertos - Canal 7 SLP - 2019","isPartOf":{"@id":"https:\/\/canal7slp.tv\/2019\/#website"},"primaryImageOfPage":{"@id":"https:\/\/canal7slp.tv\/2019\/nuevo-comisionado-de-victimas-fruto-de-analisis-entre-senado-y-expertos\/#primaryimage"},"image":{"@id":"https:\/\/canal7slp.tv\/2019\/nuevo-comisionado-de-victimas-fruto-de-analisis-entre-senado-y-expertos\/#primaryimage"},"thumbnailUrl":"https:\/\/canal7slp.tv\/2019\/wp-content\/uploads\/2019\/06\/1100-11.jpg","datePublished":"2019-06-18T16:00:39+00:00","breadcrumb":{"@id":"https:\/\/canal7slp.tv\/2019\/nuevo-comisionado-de-victimas-fruto-de-analisis-entre-senado-y-expertos\/#breadcrumb"},"inLanguage":"es","potentialAction":[{"@type":"ReadAction","target":["https:\/\/canal7slp.tv\/2019\/nuevo-comisionado-de-victimas-fruto-de-analisis-entre-senado-y-expertos\/"]}]},{"@type":"ImageObject","inLanguage":"es","@id":"https:\/\/canal7slp.tv\/2019\/nuevo-comisionado-de-victimas-fruto-de-analisis-entre-senado-y-expertos\/#primaryimage","url":"https:\/\/canal7slp.tv\/2019\/wp-content\/uploads\/2019\/06\/1100-11.jpg","contentUrl":"https:\/\/canal7slp.tv\/2019\/wp-content\/uploads\/2019\/06\/1100-11.jpg","width":800,"height":533},{"@type":"BreadcrumbList","@id":"https:\/\/canal7slp.tv\/2019\/nuevo-comisionado-de-victimas-fruto-de-analisis-entre-senado-y-expertos\/#breadcrumb","itemListElement":[{"@type":"ListItem","position":1,"name":"Home","item":"https:\/\/canal7slp.tv\/2019\/"},{"@type":"ListItem","position":2,"name":"Nuevo comisionado de v\u00edctimas, fruto de an\u00e1lisis entre Senado y expertos"}]},{"@type":"WebSite","@id":"https:\/\/canal7slp.tv\/2019\/#website","url":"https:\/\/canal7slp.tv\/2019\/","name":"Canal 7 SLP - Somos TV","description":"Somos un Canal de 10","publisher":{"@id":"https:\/\/canal7slp.tv\/2019\/#organization"},"potentialAction":[{"@type":"SearchAction","target":{"@type":"EntryPoint","urlTemplate":"https:\/\/canal7slp.tv\/2019\/?s={search_term_string}"},"query-input":{"@type":"PropertyValueSpecification","valueRequired":true,"valueName":"search_term_string"}}],"inLanguage":"es"},{"@type":"Organization","@id":"https:\/\/canal7slp.tv\/2019\/#organization","name":"Comunicaci\u00f3n 2000 S.A. de C.V.","url":"https:\/\/canal7slp.tv\/2019\/","logo":{"@type":"ImageObject","inLanguage":"es","@id":"https:\/\/canal7slp.tv\/2019\/#\/schema\/logo\/image\/","url":"https:\/\/canal7slp.tv\/2019\/wp-content\/uploads\/2019\/07\/logo-c7.png","contentUrl":"https:\/\/canal7slp.tv\/2019\/wp-content\/uploads\/2019\/07\/logo-c7.png","width":220,"height":60,"caption":"Comunicaci\u00f3n 2000 S.A. de C.V."},"image":{"@id":"https:\/\/canal7slp.tv\/2019\/#\/schema\/logo\/image\/"},"sameAs":["https:\/\/www.facebook.com\/CANAL7SLP\/","https:\/\/x.com\/canal7_slp","https:\/\/www.instagram.com\/canal7_slp","https:\/\/www.youtube.com\/user\/NOTICIEROSCANAL7SLP\/"]},{"@type":"Person","@id":"https:\/\/canal7slp.tv\/2019\/#\/schema\/person\/11d941c1c6ca30ac0a46b95fa37aa2e3","name":"edicionweb","image":{"@type":"ImageObject","inLanguage":"es","@id":"https:\/\/secure.gravatar.com\/avatar\/eee448fc3f7164808013b816ba91ac7e43bbe82a70bebac296f8bc6f0addaa1a?s=96&d=mm&r=g","url":"https:\/\/secure.gravatar.com\/avatar\/eee448fc3f7164808013b816ba91ac7e43bbe82a70bebac296f8bc6f0addaa1a?s=96&d=mm&r=g","contentUrl":"https:\/\/secure.gravatar.com\/avatar\/eee448fc3f7164808013b816ba91ac7e43bbe82a70bebac296f8bc6f0addaa1a?s=96&d=mm&r=g","caption":"edicionweb"}}]}},"amp_enabled":true,"cmb2":{"video_ids_in_playlist":{"vid_p_videos":""},"video_ids_in_channel":{"vid_c_videos":""},"playlist_ids_in_channel":{"vid_c_playlists":""},"series_ids_in_channel":{"vid_c_series":""},"channel_images":{"vid_c_logo":"","vid_c_banner":""},"poster_feature_image":{"vid_m_poster_image":""},"gif_feature_image":{"vid_m_gif_image":""},"video_movie_settings":{"vid_m_director":"","vid_m_actor":"","vid_m_imdb_ratings":"","vid_m_amazon_associates":""},"vid_youtube_broadcasts_settings":{"vid_yb_broadcast_title":"","vid_yb_q":"","vid_yb_channelid":"","vid_yb_videocategoryid":"","vid_yb_maxresults":"","vid_yb_order":"","vid_yb_regioncode":"","vid_yb_videosyndicated":"","vid_yb_style":"","vid_yb_reload_first":""},"video_series_settings":{"vid_m_director":"","vid_m_actor":"","vid_m_imdb_ratings":"","video_series_group":""},"amazon_associates_settings":{"amazon_associates":"","amazon_native_ad":""},"vid_youtube_automatic_settings":{"vid_ya_youtube_source":"","vid_ya_update_every":"","vid_ya_update_unit":"","vid_ya_categories":"","vid_ya_published_after":"","vid_ya_published_before":"","vid_ya_playlists":"","vid_ya_channels":"","vid_ya_director":"","vid_ya_actor":"","vid_ya_author":"","vid_ya_import_post_date":"","vid_ya_status":"","vid_ya_sub_api_key":""},"vid_ads_m_videoads_settings_post":{"vid_ads_m_video_ads":"","vid_ads_m_video_ads_type":"","vid_ads_m_group_google_ima":"","vid_ads_m_group_image":"","vid_ads_m_group_html5_video":"","vid_ads_m_group_html":"","vid_ads_m_vast_preroll":"","vid_ads_m_vast_postroll":"","vid_ads_m_vast_pauseroll":"","vid_ads_m_vast_midroll":[{"vid_ads_m_vast_timer_seconds":"50"}],"vid_ads_m_time_to_show_ads":"","vid_ads_m_time_skip_ads":"","vid_ads_m_time_to_hide_ads":""},"page_slider_settings":{"display_slider_group":"","page_slider_group":""},"blog_page_settings":{"blog_page_title":"","blog_page_heading":"","blog_page_ic":"","blog_page_it":"","blog_page_ec":"","blog_page_ip":"","archive_loop_style":"","blog_image_ratio":"","blog_show_categories":"","blog_show_excerpt":"","blog_show_author":"","blog_show_date":"","blog_show_comment_count":"","blog_show_view_count":"","blog_show_like_count":"","blog_show_dislike_count":"","blog_items_per_page":"","blog_pag_type":""},"page_options":{"get_page_template":"","color_mode":"","main_layout":"","main_layout_full_with":"","main_logo":"","main_logo_retina":"","main_logo_mobile":"","main_logo_mobile_retina":"","sticky_logo":"","sticky_logo_retina":"","main_nav_layout":"","ajax_search":"","header_background":"","theme_sidebar":"","instagram_feed":"","instagram_feed_position":"","popular_videos":"","popular_videos_title_1":"","popular_videos_title_2":"","popular_videos_ic":"","popular_videos_it":"","theme_background":"","page_custom_css":""},"feature_image_settings":{"feature_image_position":""},"video_player_settings":{"single_video_style":"","video_player_position":"","vm_video_url":"","video_player_library":"","video_streaming":"","vm_media_sources":"","vid_auto_play":"","vm_video_shortcode":"","vid_p_sync_playlist":"","vid_c_sync_channel":"","get_post_format":"","multiple_links_structure":"default","multi_links_title":"","vm_video_multi_links":"","vm_duration":"","vid_social_locker":"off","vid_social_locker_id":"","vid_membership_action":"content-video","vm_video_trailer_url":"","vid_download_type":"free","vid_download_target":"download","vid_woo_product":"","vm_media_download":"","user_rating":"","user_rating_position":"","user_rating_mode":"","user_rating_multi_sets":""},"video_auto_fetch_settings":{"vm_video_fetch":"on"},"video_fake_views_likes":{"vm_fake_views":"","vm_fake_likes":"","vm_fake_dislikes":""},"gallery_settings":{"gallery_position":""},"quote_settings":{"quote_position":""},"post_options":{"main_layout":"","main_logo":"","main_logo_retina":"","main_logo_mobile":"","main_logo_mobile_retina":"","sticky_logo":"","sticky_logo_retina":"","main_nav_layout":"","header_background":"","theme_sidebar":"","single_post_comment_type":"","theme_background":""}},"_links":{"self":[{"href":"https:\/\/canal7slp.tv\/2019\/wp-json\/wp\/v2\/posts\/16865","targetHints":{"allow":["GET"]}}],"collection":[{"href":"https:\/\/canal7slp.tv\/2019\/wp-json\/wp\/v2\/posts"}],"about":[{"href":"https:\/\/canal7slp.tv\/2019\/wp-json\/wp\/v2\/types\/post"}],"author":[{"embeddable":true,"href":"https:\/\/canal7slp.tv\/2019\/wp-json\/wp\/v2\/users\/2"}],"replies":[{"embeddable":true,"href":"https:\/\/canal7slp.tv\/2019\/wp-json\/wp\/v2\/comments?post=16865"}],"version-history":[{"count":0,"href":"https:\/\/canal7slp.tv\/2019\/wp-json\/wp\/v2\/posts\/16865\/revisions"}],"wp:featuredmedia":[{"embeddable":true,"href":"https:\/\/canal7slp.tv\/2019\/wp-json\/wp\/v2\/media\/16866"}],"wp:attachment":[{"href":"https:\/\/canal7slp.tv\/2019\/wp-json\/wp\/v2\/media?parent=16865"}],"wp:term":[{"taxonomy":"category","embeddable":true,"href":"https:\/\/canal7slp.tv\/2019\/wp-json\/wp\/v2\/categories?post=16865"},{"taxonomy":"post_tag","embeddable":true,"href":"https:\/\/canal7slp.tv\/2019\/wp-json\/wp\/v2\/tags?post=16865"}],"curies":[{"name":"wp","href":"https:\/\/api.w.org\/{rel}","templated":true}]}}