{"id":16828,"date":"2019-06-18T09:20:15","date_gmt":"2019-06-18T14:20:15","guid":{"rendered":"https:\/\/canal7slp.tv\/2019\/?p=16828"},"modified":"2019-06-18T09:37:11","modified_gmt":"2019-06-18T14:37:11","slug":"trump-va-por-campos-de-concentracion-para-ninos-migrantes","status":"publish","type":"post","link":"https:\/\/canal7slp.tv\/2019\/trump-va-por-campos-de-concentracion-para-ninos-migrantes\/","title":{"rendered":"Trump va por campos de concentraci\u00f3n para ni\u00f1os migrantes"},"content":{"rendered":"<p style=\"text-align: justify\">Nueva York.- El gobierno del presidente estadunidense Donald Trump prepara campos de concentraci\u00f3n para migrantes, incluyendo menores, para lo cual alista una base militar en Oklahoma que fue un campo de concentraci\u00f3n para japoneses-americanos durante la Segunda Guerra Mundial, advirti\u00f3 el periodista David Brooks.<\/p>\n<p style=\"text-align: justify\">De acuerdo con\u00a0un\u00a0art\u00edculo del tambi\u00e9n corresponsal del diario La Jornada, Trump contin\u00faa sin ubicar a miles de ni\u00f1os que separ\u00f3 de sus padres y advierte que mantendr\u00e1 a familias enteras presas;\u00a0adem\u00e1s, &#8220;en violacion abierta de las leyes de asilo nacional e internacional, deportar\u00e1 casi de inmediato a miles m\u00e1s de refugiados a M\u00e9xico, mientras contin\u00faa sus operaciones de persecuci\u00f3n interna de comunidades inmigrantes a lo largo del pa\u00eds&#8221;.<\/p>\n<p style=\"text-align: justify\">La crueldad, enfatiza, es la base de la pol\u00edtica migratoria del actual gobierno estadunidense, como lo han denunciado defensores de derechos humanos, de libertades civiles, abogados de migraci\u00f3n, as\u00ed como legisladores y pol\u00edticos.<\/p>\n<p style=\"text-align: justify\">El periodista se\u00f1ala que la base militar en Oklahoma tendr\u00eda en reclusi\u00f3n a unos mil 400 ni\u00f1os inmigrantes no acompa\u00f1ados.<\/p>\n<p style=\"text-align: justify\">El texto de David Brooks cita adem\u00e1s que el diario The New York Times report\u00f3 sobre el m\u00e1s joven de los ni\u00f1os inmigrantes separados de sus padres: Constantin, un beb\u00e9 de\u00a0cuatro meses quien, cuando finalmente fue retornado hab\u00eda vivido ya la mayor\u00eda de su vida apartado de sus padres quienes, hab\u00edan intentando migrar desde Romania (son de la comunidad minoritaria Roma) a trav\u00e9s de M\u00e9xico. Hasta la fecha las autoridades no han explicado porqu\u00e9 separaron a la familia.<\/p>\n<p style=\"text-align: justify\">&#8220;El hecho de que a\u00fan no se sabe el n\u00famero preciso de ni\u00f1os separados a la fuerza de sus padres despu\u00e9s de ser detenidos al cruzar la frontera sigue asombrando a defensores de derechos humanos tanto dentro como fuera del pa\u00eds&#8221;, se\u00f1ala el art\u00edculo publicado en La Jornada.<\/p>\n<p style=\"text-align: justify\">A pesar de que unas\u00a0dos mil 800 familias han sido reunificadas bajo orden judicial, a principios de este a\u00f1o inspectores federales reportaron que el gobierno estadunidense habr\u00eda separado a miles m\u00e1s de lo que antes se registr\u00f3 y por ahora a\u00fan se desconoce cu\u00e1ndo, d\u00f3nde ni qui\u00e9nes son.<\/p>\n<p style=\"text-align: justify\">El lunes, ante la sede de la Organizaci\u00f3n de Naciones Unidas en Ginebra, una delegaci\u00f3n que incluy\u00f3 a Randi Weingarten, la presidenta del gremio nacional American Federation of Teachers, su contraparte Alfonso Cepeda Salas, secretario general del Sindicato Nacional de Trabajadores de la Educaci\u00f3n (SNTE), as\u00ed como activistas de Families Belong Together, llamaron a que el gobierno estadunidense reunifique a todas las familias y repitieron su consigna de \u201cAulas, no Jaulas\u201d, expone Brooks en su texto.<\/p>\n","protected":false},"excerpt":{"rendered":"<p>Nueva York.- El gobierno del presidente estadunidense Donald Trump prepara campos de concentraci\u00f3n para migrantes, incluyendo menores, para lo cual alista una base militar en Oklahoma que fue un campo de concentraci\u00f3n para japoneses-americanos durante la Segunda Guerra Mundial, advirti\u00f3 el periodista David Brooks. De acuerdo con\u00a0un\u00a0art\u00edculo del tambi\u00e9n corresponsal del diario La Jornada, Trump [&hellip;]<\/p>\n","protected":false},"author":2,"featured_media":16826,"comment_status":"open","ping_status":"closed","sticky":false,"template":"","format":"standard","meta":{"footnotes":""},"categories":[18],"tags":[],"class_list":["post-16828","post","type-post","status-publish","format-standard","has-post-thumbnail","hentry","category-internacional"],"yoast_head":"<!-- This site is optimized with the Yoast SEO plugin v27.5 - https:\/\/yoast.com\/product\/yoast-seo-wordpress\/ -->\n<title>Trump va por campos de concentraci\u00f3n para ni\u00f1os migrantes - Canal 7 SLP - 2019<\/title>\n<meta name=\"robots\" content=\"index, follow, max-snippet:-1, max-image-preview:large, max-video-preview:-1\" \/>\n<link rel=\"canonical\" href=\"https:\/\/canal7slp.tv\/2019\/trump-va-por-campos-de-concentracion-para-ninos-migrantes\/\" \/>\n<meta property=\"og:locale\" content=\"es_ES\" \/>\n<meta property=\"og:type\" content=\"article\" \/>\n<meta property=\"og:title\" content=\"Trump va por campos de concentraci\u00f3n para ni\u00f1os migrantes - Canal 7 SLP - 2019\" \/>\n<meta property=\"og:description\" content=\"Nueva York.- El gobierno del presidente estadunidense Donald Trump prepara campos de concentraci\u00f3n para migrantes, incluyendo menores, para lo cual alista una base militar en Oklahoma que fue un campo de concentraci\u00f3n para japoneses-americanos durante la Segunda Guerra Mundial, advirti\u00f3 el periodista David Brooks. De acuerdo con\u00a0un\u00a0art\u00edculo del tambi\u00e9n corresponsal del diario La Jornada, Trump [&hellip;]\" \/>\n<meta property=\"og:url\" content=\"https:\/\/canal7slp.tv\/2019\/trump-va-por-campos-de-concentracion-para-ninos-migrantes\/\" \/>\n<meta property=\"og:site_name\" content=\"Canal 7 SLP - 2019\" \/>\n<meta property=\"article:publisher\" content=\"https:\/\/www.facebook.com\/CANAL7SLP\/\" \/>\n<meta property=\"article:published_time\" content=\"2019-06-18T14:20:15+00:00\" \/>\n<meta property=\"article:modified_time\" content=\"2019-06-18T14:37:11+00:00\" \/>\n<meta property=\"og:image\" content=\"https:\/\/canal7slp.tv\/2019\/wp-content\/uploads\/2019\/06\/920-10.jpg\" \/>\n\t<meta property=\"og:image:width\" content=\"800\" \/>\n\t<meta property=\"og:image:height\" content=\"450\" \/>\n\t<meta property=\"og:image:type\" content=\"image\/jpeg\" \/>\n<meta name=\"author\" content=\"edicionweb\" \/>\n<meta name=\"twitter:card\" content=\"summary_large_image\" \/>\n<meta name=\"twitter:creator\" content=\"@canal7_slp\" \/>\n<meta name=\"twitter:site\" content=\"@canal7_slp\" \/>\n<meta name=\"twitter:label1\" content=\"Escrito por\" \/>\n\t<meta name=\"twitter:data1\" content=\"edicionweb\" \/>\n\t<meta name=\"twitter:label2\" content=\"Tiempo de lectura\" \/>\n\t<meta name=\"twitter:data2\" content=\"2 minutos\" \/>\n<script type=\"application\/ld+json\" class=\"yoast-schema-graph\">{\"@context\":\"https:\\\/\\\/schema.org\",\"@graph\":[{\"@type\":\"Article\",\"@id\":\"https:\\\/\\\/canal7slp.tv\\\/2019\\\/trump-va-por-campos-de-concentracion-para-ninos-migrantes\\\/#article\",\"isPartOf\":{\"@id\":\"https:\\\/\\\/canal7slp.tv\\\/2019\\\/trump-va-por-campos-de-concentracion-para-ninos-migrantes\\\/\"},\"author\":{\"name\":\"edicionweb\",\"@id\":\"https:\\\/\\\/canal7slp.tv\\\/2019\\\/#\\\/schema\\\/person\\\/11d941c1c6ca30ac0a46b95fa37aa2e3\"},\"headline\":\"Trump va por campos de concentraci\u00f3n para ni\u00f1os migrantes\",\"datePublished\":\"2019-06-18T14:20:15+00:00\",\"dateModified\":\"2019-06-18T14:37:11+00:00\",\"mainEntityOfPage\":{\"@id\":\"https:\\\/\\\/canal7slp.tv\\\/2019\\\/trump-va-por-campos-de-concentracion-para-ninos-migrantes\\\/\"},\"wordCount\":475,\"commentCount\":0,\"publisher\":{\"@id\":\"https:\\\/\\\/canal7slp.tv\\\/2019\\\/#organization\"},\"image\":{\"@id\":\"https:\\\/\\\/canal7slp.tv\\\/2019\\\/trump-va-por-campos-de-concentracion-para-ninos-migrantes\\\/#primaryimage\"},\"thumbnailUrl\":\"https:\\\/\\\/canal7slp.tv\\\/2019\\\/wp-content\\\/uploads\\\/2019\\\/06\\\/920-10.jpg\",\"articleSection\":[\"INTERNACIONAL\"],\"inLanguage\":\"es\",\"potentialAction\":[{\"@type\":\"CommentAction\",\"name\":\"Comment\",\"target\":[\"https:\\\/\\\/canal7slp.tv\\\/2019\\\/trump-va-por-campos-de-concentracion-para-ninos-migrantes\\\/#respond\"]}]},{\"@type\":\"WebPage\",\"@id\":\"https:\\\/\\\/canal7slp.tv\\\/2019\\\/trump-va-por-campos-de-concentracion-para-ninos-migrantes\\\/\",\"url\":\"https:\\\/\\\/canal7slp.tv\\\/2019\\\/trump-va-por-campos-de-concentracion-para-ninos-migrantes\\\/\",\"name\":\"Trump va por campos de concentraci\u00f3n para ni\u00f1os migrantes - Canal 7 SLP - 2019\",\"isPartOf\":{\"@id\":\"https:\\\/\\\/canal7slp.tv\\\/2019\\\/#website\"},\"primaryImageOfPage\":{\"@id\":\"https:\\\/\\\/canal7slp.tv\\\/2019\\\/trump-va-por-campos-de-concentracion-para-ninos-migrantes\\\/#primaryimage\"},\"image\":{\"@id\":\"https:\\\/\\\/canal7slp.tv\\\/2019\\\/trump-va-por-campos-de-concentracion-para-ninos-migrantes\\\/#primaryimage\"},\"thumbnailUrl\":\"https:\\\/\\\/canal7slp.tv\\\/2019\\\/wp-content\\\/uploads\\\/2019\\\/06\\\/920-10.jpg\",\"datePublished\":\"2019-06-18T14:20:15+00:00\",\"dateModified\":\"2019-06-18T14:37:11+00:00\",\"breadcrumb\":{\"@id\":\"https:\\\/\\\/canal7slp.tv\\\/2019\\\/trump-va-por-campos-de-concentracion-para-ninos-migrantes\\\/#breadcrumb\"},\"inLanguage\":\"es\",\"potentialAction\":[{\"@type\":\"ReadAction\",\"target\":[\"https:\\\/\\\/canal7slp.tv\\\/2019\\\/trump-va-por-campos-de-concentracion-para-ninos-migrantes\\\/\"]}]},{\"@type\":\"ImageObject\",\"inLanguage\":\"es\",\"@id\":\"https:\\\/\\\/canal7slp.tv\\\/2019\\\/trump-va-por-campos-de-concentracion-para-ninos-migrantes\\\/#primaryimage\",\"url\":\"https:\\\/\\\/canal7slp.tv\\\/2019\\\/wp-content\\\/uploads\\\/2019\\\/06\\\/920-10.jpg\",\"contentUrl\":\"https:\\\/\\\/canal7slp.tv\\\/2019\\\/wp-content\\\/uploads\\\/2019\\\/06\\\/920-10.jpg\",\"width\":800,\"height\":450,\"caption\":\"NOGALES, AZ - JUNE 18: Two young girls watch a World Cup soccer match on a television from their holding area where hundreds of mostly Central American immigrant children are being processed and held at the U.S. Customs and Border Protection Nogales Placement Center on June 18, 2014, in Nogales, Arizona. Brownsville, Texas, and Nogales, have been central to processing the more than 47,000 unaccompanied children who have entered the country illegally since Oct. 1. (Photo by Ross D. Franklin-Pool\\\/Getty Images)\"},{\"@type\":\"BreadcrumbList\",\"@id\":\"https:\\\/\\\/canal7slp.tv\\\/2019\\\/trump-va-por-campos-de-concentracion-para-ninos-migrantes\\\/#breadcrumb\",\"itemListElement\":[{\"@type\":\"ListItem\",\"position\":1,\"name\":\"Home\",\"item\":\"https:\\\/\\\/canal7slp.tv\\\/2019\\\/\"},{\"@type\":\"ListItem\",\"position\":2,\"name\":\"Trump va por campos de concentraci\u00f3n para ni\u00f1os migrantes\"}]},{\"@type\":\"WebSite\",\"@id\":\"https:\\\/\\\/canal7slp.tv\\\/2019\\\/#website\",\"url\":\"https:\\\/\\\/canal7slp.tv\\\/2019\\\/\",\"name\":\"Canal 7 SLP - Somos TV\",\"description\":\"Somos un Canal de 10\",\"publisher\":{\"@id\":\"https:\\\/\\\/canal7slp.tv\\\/2019\\\/#organization\"},\"potentialAction\":[{\"@type\":\"SearchAction\",\"target\":{\"@type\":\"EntryPoint\",\"urlTemplate\":\"https:\\\/\\\/canal7slp.tv\\\/2019\\\/?s={search_term_string}\"},\"query-input\":{\"@type\":\"PropertyValueSpecification\",\"valueRequired\":true,\"valueName\":\"search_term_string\"}}],\"inLanguage\":\"es\"},{\"@type\":\"Organization\",\"@id\":\"https:\\\/\\\/canal7slp.tv\\\/2019\\\/#organization\",\"name\":\"Comunicaci\u00f3n 2000 S.A. de C.V.\",\"url\":\"https:\\\/\\\/canal7slp.tv\\\/2019\\\/\",\"logo\":{\"@type\":\"ImageObject\",\"inLanguage\":\"es\",\"@id\":\"https:\\\/\\\/canal7slp.tv\\\/2019\\\/#\\\/schema\\\/logo\\\/image\\\/\",\"url\":\"https:\\\/\\\/canal7slp.tv\\\/2019\\\/wp-content\\\/uploads\\\/2019\\\/07\\\/logo-c7.png\",\"contentUrl\":\"https:\\\/\\\/canal7slp.tv\\\/2019\\\/wp-content\\\/uploads\\\/2019\\\/07\\\/logo-c7.png\",\"width\":220,\"height\":60,\"caption\":\"Comunicaci\u00f3n 2000 S.A. de C.V.\"},\"image\":{\"@id\":\"https:\\\/\\\/canal7slp.tv\\\/2019\\\/#\\\/schema\\\/logo\\\/image\\\/\"},\"sameAs\":[\"https:\\\/\\\/www.facebook.com\\\/CANAL7SLP\\\/\",\"https:\\\/\\\/x.com\\\/canal7_slp\",\"https:\\\/\\\/www.instagram.com\\\/canal7_slp\",\"https:\\\/\\\/www.youtube.com\\\/user\\\/NOTICIEROSCANAL7SLP\\\/\"]},{\"@type\":\"Person\",\"@id\":\"https:\\\/\\\/canal7slp.tv\\\/2019\\\/#\\\/schema\\\/person\\\/11d941c1c6ca30ac0a46b95fa37aa2e3\",\"name\":\"edicionweb\",\"image\":{\"@type\":\"ImageObject\",\"inLanguage\":\"es\",\"@id\":\"https:\\\/\\\/secure.gravatar.com\\\/avatar\\\/eee448fc3f7164808013b816ba91ac7e43bbe82a70bebac296f8bc6f0addaa1a?s=96&d=mm&r=g\",\"url\":\"https:\\\/\\\/secure.gravatar.com\\\/avatar\\\/eee448fc3f7164808013b816ba91ac7e43bbe82a70bebac296f8bc6f0addaa1a?s=96&d=mm&r=g\",\"contentUrl\":\"https:\\\/\\\/secure.gravatar.com\\\/avatar\\\/eee448fc3f7164808013b816ba91ac7e43bbe82a70bebac296f8bc6f0addaa1a?s=96&d=mm&r=g\",\"caption\":\"edicionweb\"}}]}<\/script>\n<!-- \/ Yoast SEO plugin. -->","yoast_head_json":{"title":"Trump va por campos de concentraci\u00f3n para ni\u00f1os migrantes - Canal 7 SLP - 2019","robots":{"index":"index","follow":"follow","max-snippet":"max-snippet:-1","max-image-preview":"max-image-preview:large","max-video-preview":"max-video-preview:-1"},"canonical":"https:\/\/canal7slp.tv\/2019\/trump-va-por-campos-de-concentracion-para-ninos-migrantes\/","og_locale":"es_ES","og_type":"article","og_title":"Trump va por campos de concentraci\u00f3n para ni\u00f1os migrantes - Canal 7 SLP - 2019","og_description":"Nueva York.- El gobierno del presidente estadunidense Donald Trump prepara campos de concentraci\u00f3n para migrantes, incluyendo menores, para lo cual alista una base militar en Oklahoma que fue un campo de concentraci\u00f3n para japoneses-americanos durante la Segunda Guerra Mundial, advirti\u00f3 el periodista David Brooks. De acuerdo con\u00a0un\u00a0art\u00edculo del tambi\u00e9n corresponsal del diario La Jornada, Trump [&hellip;]","og_url":"https:\/\/canal7slp.tv\/2019\/trump-va-por-campos-de-concentracion-para-ninos-migrantes\/","og_site_name":"Canal 7 SLP - 2019","article_publisher":"https:\/\/www.facebook.com\/CANAL7SLP\/","article_published_time":"2019-06-18T14:20:15+00:00","article_modified_time":"2019-06-18T14:37:11+00:00","og_image":[{"width":800,"height":450,"url":"https:\/\/canal7slp.tv\/2019\/wp-content\/uploads\/2019\/06\/920-10.jpg","type":"image\/jpeg"}],"author":"edicionweb","twitter_card":"summary_large_image","twitter_creator":"@canal7_slp","twitter_site":"@canal7_slp","twitter_misc":{"Escrito por":"edicionweb","Tiempo de lectura":"2 minutos"},"schema":{"@context":"https:\/\/schema.org","@graph":[{"@type":"Article","@id":"https:\/\/canal7slp.tv\/2019\/trump-va-por-campos-de-concentracion-para-ninos-migrantes\/#article","isPartOf":{"@id":"https:\/\/canal7slp.tv\/2019\/trump-va-por-campos-de-concentracion-para-ninos-migrantes\/"},"author":{"name":"edicionweb","@id":"https:\/\/canal7slp.tv\/2019\/#\/schema\/person\/11d941c1c6ca30ac0a46b95fa37aa2e3"},"headline":"Trump va por campos de concentraci\u00f3n para ni\u00f1os migrantes","datePublished":"2019-06-18T14:20:15+00:00","dateModified":"2019-06-18T14:37:11+00:00","mainEntityOfPage":{"@id":"https:\/\/canal7slp.tv\/2019\/trump-va-por-campos-de-concentracion-para-ninos-migrantes\/"},"wordCount":475,"commentCount":0,"publisher":{"@id":"https:\/\/canal7slp.tv\/2019\/#organization"},"image":{"@id":"https:\/\/canal7slp.tv\/2019\/trump-va-por-campos-de-concentracion-para-ninos-migrantes\/#primaryimage"},"thumbnailUrl":"https:\/\/canal7slp.tv\/2019\/wp-content\/uploads\/2019\/06\/920-10.jpg","articleSection":["INTERNACIONAL"],"inLanguage":"es","potentialAction":[{"@type":"CommentAction","name":"Comment","target":["https:\/\/canal7slp.tv\/2019\/trump-va-por-campos-de-concentracion-para-ninos-migrantes\/#respond"]}]},{"@type":"WebPage","@id":"https:\/\/canal7slp.tv\/2019\/trump-va-por-campos-de-concentracion-para-ninos-migrantes\/","url":"https:\/\/canal7slp.tv\/2019\/trump-va-por-campos-de-concentracion-para-ninos-migrantes\/","name":"Trump va por campos de concentraci\u00f3n para ni\u00f1os migrantes - Canal 7 SLP - 2019","isPartOf":{"@id":"https:\/\/canal7slp.tv\/2019\/#website"},"primaryImageOfPage":{"@id":"https:\/\/canal7slp.tv\/2019\/trump-va-por-campos-de-concentracion-para-ninos-migrantes\/#primaryimage"},"image":{"@id":"https:\/\/canal7slp.tv\/2019\/trump-va-por-campos-de-concentracion-para-ninos-migrantes\/#primaryimage"},"thumbnailUrl":"https:\/\/canal7slp.tv\/2019\/wp-content\/uploads\/2019\/06\/920-10.jpg","datePublished":"2019-06-18T14:20:15+00:00","dateModified":"2019-06-18T14:37:11+00:00","breadcrumb":{"@id":"https:\/\/canal7slp.tv\/2019\/trump-va-por-campos-de-concentracion-para-ninos-migrantes\/#breadcrumb"},"inLanguage":"es","potentialAction":[{"@type":"ReadAction","target":["https:\/\/canal7slp.tv\/2019\/trump-va-por-campos-de-concentracion-para-ninos-migrantes\/"]}]},{"@type":"ImageObject","inLanguage":"es","@id":"https:\/\/canal7slp.tv\/2019\/trump-va-por-campos-de-concentracion-para-ninos-migrantes\/#primaryimage","url":"https:\/\/canal7slp.tv\/2019\/wp-content\/uploads\/2019\/06\/920-10.jpg","contentUrl":"https:\/\/canal7slp.tv\/2019\/wp-content\/uploads\/2019\/06\/920-10.jpg","width":800,"height":450,"caption":"NOGALES, AZ - JUNE 18: Two young girls watch a World Cup soccer match on a television from their holding area where hundreds of mostly Central American immigrant children are being processed and held at the U.S. Customs and Border Protection Nogales Placement Center on June 18, 2014, in Nogales, Arizona. Brownsville, Texas, and Nogales, have been central to processing the more than 47,000 unaccompanied children who have entered the country illegally since Oct. 1. (Photo by Ross D. Franklin-Pool\/Getty Images)"},{"@type":"BreadcrumbList","@id":"https:\/\/canal7slp.tv\/2019\/trump-va-por-campos-de-concentracion-para-ninos-migrantes\/#breadcrumb","itemListElement":[{"@type":"ListItem","position":1,"name":"Home","item":"https:\/\/canal7slp.tv\/2019\/"},{"@type":"ListItem","position":2,"name":"Trump va por campos de concentraci\u00f3n para ni\u00f1os migrantes"}]},{"@type":"WebSite","@id":"https:\/\/canal7slp.tv\/2019\/#website","url":"https:\/\/canal7slp.tv\/2019\/","name":"Canal 7 SLP - Somos TV","description":"Somos un Canal de 10","publisher":{"@id":"https:\/\/canal7slp.tv\/2019\/#organization"},"potentialAction":[{"@type":"SearchAction","target":{"@type":"EntryPoint","urlTemplate":"https:\/\/canal7slp.tv\/2019\/?s={search_term_string}"},"query-input":{"@type":"PropertyValueSpecification","valueRequired":true,"valueName":"search_term_string"}}],"inLanguage":"es"},{"@type":"Organization","@id":"https:\/\/canal7slp.tv\/2019\/#organization","name":"Comunicaci\u00f3n 2000 S.A. de C.V.","url":"https:\/\/canal7slp.tv\/2019\/","logo":{"@type":"ImageObject","inLanguage":"es","@id":"https:\/\/canal7slp.tv\/2019\/#\/schema\/logo\/image\/","url":"https:\/\/canal7slp.tv\/2019\/wp-content\/uploads\/2019\/07\/logo-c7.png","contentUrl":"https:\/\/canal7slp.tv\/2019\/wp-content\/uploads\/2019\/07\/logo-c7.png","width":220,"height":60,"caption":"Comunicaci\u00f3n 2000 S.A. de C.V."},"image":{"@id":"https:\/\/canal7slp.tv\/2019\/#\/schema\/logo\/image\/"},"sameAs":["https:\/\/www.facebook.com\/CANAL7SLP\/","https:\/\/x.com\/canal7_slp","https:\/\/www.instagram.com\/canal7_slp","https:\/\/www.youtube.com\/user\/NOTICIEROSCANAL7SLP\/"]},{"@type":"Person","@id":"https:\/\/canal7slp.tv\/2019\/#\/schema\/person\/11d941c1c6ca30ac0a46b95fa37aa2e3","name":"edicionweb","image":{"@type":"ImageObject","inLanguage":"es","@id":"https:\/\/secure.gravatar.com\/avatar\/eee448fc3f7164808013b816ba91ac7e43bbe82a70bebac296f8bc6f0addaa1a?s=96&d=mm&r=g","url":"https:\/\/secure.gravatar.com\/avatar\/eee448fc3f7164808013b816ba91ac7e43bbe82a70bebac296f8bc6f0addaa1a?s=96&d=mm&r=g","contentUrl":"https:\/\/secure.gravatar.com\/avatar\/eee448fc3f7164808013b816ba91ac7e43bbe82a70bebac296f8bc6f0addaa1a?s=96&d=mm&r=g","caption":"edicionweb"}}]}},"amp_enabled":true,"cmb2":{"video_ids_in_playlist":{"vid_p_videos":""},"video_ids_in_channel":{"vid_c_videos":""},"playlist_ids_in_channel":{"vid_c_playlists":""},"series_ids_in_channel":{"vid_c_series":""},"channel_images":{"vid_c_logo":"","vid_c_banner":""},"poster_feature_image":{"vid_m_poster_image":""},"gif_feature_image":{"vid_m_gif_image":""},"video_movie_settings":{"vid_m_director":"","vid_m_actor":"","vid_m_imdb_ratings":"","vid_m_amazon_associates":""},"vid_youtube_broadcasts_settings":{"vid_yb_broadcast_title":"","vid_yb_q":"","vid_yb_channelid":"","vid_yb_videocategoryid":"","vid_yb_maxresults":"","vid_yb_order":"","vid_yb_regioncode":"","vid_yb_videosyndicated":"","vid_yb_style":"","vid_yb_reload_first":""},"video_series_settings":{"vid_m_director":"","vid_m_actor":"","vid_m_imdb_ratings":"","video_series_group":""},"amazon_associates_settings":{"amazon_associates":"","amazon_native_ad":""},"vid_youtube_automatic_settings":{"vid_ya_youtube_source":"","vid_ya_update_every":"","vid_ya_update_unit":"","vid_ya_categories":"","vid_ya_published_after":"","vid_ya_published_before":"","vid_ya_playlists":"","vid_ya_channels":"","vid_ya_director":"","vid_ya_actor":"","vid_ya_author":"","vid_ya_import_post_date":"","vid_ya_status":"","vid_ya_sub_api_key":""},"vid_ads_m_videoads_settings_post":{"vid_ads_m_video_ads":"","vid_ads_m_video_ads_type":"","vid_ads_m_group_google_ima":"","vid_ads_m_group_image":"","vid_ads_m_group_html5_video":"","vid_ads_m_group_html":"","vid_ads_m_vast_preroll":"","vid_ads_m_vast_postroll":"","vid_ads_m_vast_pauseroll":"","vid_ads_m_vast_midroll":[{"vid_ads_m_vast_timer_seconds":"50"}],"vid_ads_m_time_to_show_ads":"","vid_ads_m_time_skip_ads":"","vid_ads_m_time_to_hide_ads":""},"page_slider_settings":{"display_slider_group":"","page_slider_group":""},"blog_page_settings":{"blog_page_title":"","blog_page_heading":"","blog_page_ic":"","blog_page_it":"","blog_page_ec":"","blog_page_ip":"","archive_loop_style":"","blog_image_ratio":"","blog_show_categories":"","blog_show_excerpt":"","blog_show_author":"","blog_show_date":"","blog_show_comment_count":"","blog_show_view_count":"","blog_show_like_count":"","blog_show_dislike_count":"","blog_items_per_page":"","blog_pag_type":""},"page_options":{"get_page_template":"","color_mode":"","main_layout":"","main_layout_full_with":"","main_logo":"","main_logo_retina":"","main_logo_mobile":"","main_logo_mobile_retina":"","sticky_logo":"","sticky_logo_retina":"","main_nav_layout":"","ajax_search":"","header_background":"","theme_sidebar":"","instagram_feed":"","instagram_feed_position":"","popular_videos":"","popular_videos_title_1":"","popular_videos_title_2":"","popular_videos_ic":"","popular_videos_it":"","theme_background":"","page_custom_css":""},"feature_image_settings":{"feature_image_position":""},"video_player_settings":{"single_video_style":"","video_player_position":"","vm_video_url":"","video_player_library":"","video_streaming":"","vm_media_sources":"","vid_auto_play":"","vm_video_shortcode":"","vid_p_sync_playlist":"","vid_c_sync_channel":"","get_post_format":"","multiple_links_structure":"default","multi_links_title":"","vm_video_multi_links":"","vm_duration":"","vid_social_locker":"off","vid_social_locker_id":"","vid_membership_action":"content-video","vm_video_trailer_url":"","vid_download_type":"free","vid_download_target":"download","vid_woo_product":"","vm_media_download":"","user_rating":"","user_rating_position":"","user_rating_mode":"","user_rating_multi_sets":""},"video_auto_fetch_settings":{"vm_video_fetch":"on"},"video_fake_views_likes":{"vm_fake_views":"","vm_fake_likes":"","vm_fake_dislikes":""},"gallery_settings":{"gallery_position":""},"quote_settings":{"quote_position":""},"post_options":{"main_layout":"","main_logo":"","main_logo_retina":"","main_logo_mobile":"","main_logo_mobile_retina":"","sticky_logo":"","sticky_logo_retina":"","main_nav_layout":"","header_background":"","theme_sidebar":"","single_post_comment_type":"","theme_background":""}},"_links":{"self":[{"href":"https:\/\/canal7slp.tv\/2019\/wp-json\/wp\/v2\/posts\/16828","targetHints":{"allow":["GET"]}}],"collection":[{"href":"https:\/\/canal7slp.tv\/2019\/wp-json\/wp\/v2\/posts"}],"about":[{"href":"https:\/\/canal7slp.tv\/2019\/wp-json\/wp\/v2\/types\/post"}],"author":[{"embeddable":true,"href":"https:\/\/canal7slp.tv\/2019\/wp-json\/wp\/v2\/users\/2"}],"replies":[{"embeddable":true,"href":"https:\/\/canal7slp.tv\/2019\/wp-json\/wp\/v2\/comments?post=16828"}],"version-history":[{"count":0,"href":"https:\/\/canal7slp.tv\/2019\/wp-json\/wp\/v2\/posts\/16828\/revisions"}],"wp:featuredmedia":[{"embeddable":true,"href":"https:\/\/canal7slp.tv\/2019\/wp-json\/wp\/v2\/media\/16826"}],"wp:attachment":[{"href":"https:\/\/canal7slp.tv\/2019\/wp-json\/wp\/v2\/media?parent=16828"}],"wp:term":[{"taxonomy":"category","embeddable":true,"href":"https:\/\/canal7slp.tv\/2019\/wp-json\/wp\/v2\/categories?post=16828"},{"taxonomy":"post_tag","embeddable":true,"href":"https:\/\/canal7slp.tv\/2019\/wp-json\/wp\/v2\/tags?post=16828"}],"curies":[{"name":"wp","href":"https:\/\/api.w.org\/{rel}","templated":true}]}}