{"id":16662,"date":"2019-06-17T18:30:33","date_gmt":"2019-06-17T23:30:33","guid":{"rendered":"https:\/\/canal7slp.tv\/2019\/?p=16662"},"modified":"2019-06-17T18:30:33","modified_gmt":"2019-06-17T23:30:33","slug":"slp-sede-de-la-xviii-reunion-nacional-de-autoridades-de-educacion-normal","status":"publish","type":"post","link":"https:\/\/canal7slp.tv\/2019\/slp-sede-de-la-xviii-reunion-nacional-de-autoridades-de-educacion-normal\/","title":{"rendered":"SLP sede de la XVIII reuni\u00f3n nacional de autoridades de educaci\u00f3n normal"},"content":{"rendered":"<p style=\"text-align: justify\">SLP.- En el marco de la Estrategia de Fortalecimiento y Transformaci\u00f3n de las Escuelas Normales, San Luis Potos\u00ed fue sede de la XVIII Reuni\u00f3n Nacional de Autoridades de Educaci\u00f3n Normal, en donde participaron el Director General de Educaci\u00f3n Superior para Profesionales de la Educaci\u00f3n de la Secretar\u00eda de Educaci\u00f3n P\u00fablica (SEP), Mario Ch\u00e1vez Campos, y 32 autoridades educativas estatales que conforman el Mecanismo de Coordinaci\u00f3n Nacional, dio a conocer el Secretario de Educaci\u00f3n de Gobierno del Estado, Joel Ram\u00edrez D\u00edaz, quien indic\u00f3 que el prop\u00f3sito de la reuni\u00f3n fue avanzar en el an\u00e1lisis de la estrategia de fortalecimiento a las Escuelas Normales en el pa\u00eds.<\/p>\n<p style=\"text-align: justify\">El titular de SEGE, agradeci\u00f3 el reconocimiento a nuestra entidad al haberla seleccionado como sede de dicho evento y expres\u00f3 que apuntala a San Lu\u00eds Potos\u00ed como precursor de los mecanismos para transformar las condiciones y mejorar las pol\u00edticas en materia de Educaci\u00f3n Normal en el pa\u00eds, a trav\u00e9s de la mejora continua y la b\u00fasqueda de la excelencia en la formaci\u00f3n inicial para la docencia y dijo que: \u201ces un gusto recibirles en San Luis Potos\u00ed, y con la satisfacci\u00f3n de haber sido elegidos para celebrar esta D\u00e9cima Octava Reuni\u00f3n Nacional de Autoridades de Educaci\u00f3n Normal\u201d.<\/p>\n<p style=\"text-align: justify\">Al hacer uso de la palabra, Mario Ch\u00e1vez Campos, Director de Educaci\u00f3n Superior para Profesionales de la Educaci\u00f3n de la SEP, mencion\u00f3 que San Luis Potos\u00ed es un Estado aliado de las escuelas normales y con mucha generosidad ha abierto las puertas para realizar este congreso, adem\u00e1s agradeci\u00f3 por la anfitriona, la solidaridad y por el hacer comunidad con las escuelas normales, expres\u00f3 que: \u201ceste congreso es verdaderamente una cuesti\u00f3n definitoria en el camino de este espacio de construcci\u00f3n colectiva para la estrategia de las escuelas normales, creo que arrancamos bien y tenemos la confianza de tener la madurez para construir lo que sigue\u201d.<\/p>\n<p style=\"text-align: justify\">Al dirigirse a los asistentes Yolanda L\u00f3pez Contreras, Jefa del Departamento de Educaci\u00f3n Normal de SEGE, miembro de la Junta de Coordinaci\u00f3n Nacional Regi\u00f3n Noreste y Directora Nacional de unidades de UPN, se\u00f1al\u00f3 que: \u201ceste es un espacio de gran aprendizaje, de di\u00e1logo, de construcci\u00f3n conjunta y de debate, no solo asistimos a un etapa de madurez de mecanismo de coordinaci\u00f3n general sino tambi\u00e9n asistimos a la planeaci\u00f3n de un congreso definido para darle rumbo a la educaci\u00f3n normal, en el que se plantear\u00e1 una estrategia definida por acciones, metas y objetivos\u201d.<\/p>\n<p style=\"text-align: justify\">Ram\u00edrez D\u00edaz, adem\u00e1s explic\u00f3 que San Luis Potos\u00ed ha sido precursor en mejoramiento de propuestas para las condiciones de las pol\u00edticas en materia educativa en el \u00e1mbito del normalismo en el pa\u00eds, \u201cme permito se\u00f1alar que nuestras escuelas normales y la Universidad Pedag\u00f3gica Nacional han venido trabajando de manera articulada en San Luis Potos\u00ed para fortalecer la formaci\u00f3n de nuevos profesionales de la educaci\u00f3n\u201d, finaliz\u00f3.<\/p>\n<p style=\"text-align: justify\">Adem\u00e1s del Secretario de Educaci\u00f3n, Joel Ram\u00edrez D\u00edaz, asistieron Mario Ch\u00e1vez Campos, Director General de la Direcci\u00f3n de Educaci\u00f3n Superior para Profesionales de la Educaci\u00f3n de la SEP; Rosa Mar\u00eda Torres Hern\u00e1ndez, Rectora de la Universidad Pedag\u00f3gica Nacional; Griselda \u00c1lvarez Oliveros, Directora General del Sistema Educativo Estatal Regular; \u00c1lvaro Flores Zacar\u00edas, Secretario de Trabajos y Conflictos de Educaci\u00f3n Normal y representante del Secretario General de la Secci\u00f3n 26 del SNTE; Nadya Edith Rangel Zavala, Secretaria de Trabajos y Conflictos de Educaci\u00f3n Superior y representante del Secretario General de la Secci\u00f3n 52 del SNTE; Yolanda L\u00f3pez Contreras, Miembro de la Junta de Coordinaci\u00f3n Nacional Regi\u00f3n Noreste; autoridades de Educaci\u00f3n Normal de la Rep\u00fablica y personal del departamento de Educaci\u00f3n Normal de la SEGE.<\/p>\n","protected":false},"excerpt":{"rendered":"<p>SLP.- En el marco de la Estrategia de Fortalecimiento y Transformaci\u00f3n de las Escuelas Normales, San Luis Potos\u00ed fue sede de la XVIII Reuni\u00f3n Nacional de Autoridades de Educaci\u00f3n Normal, en donde participaron el Director General de Educaci\u00f3n Superior para Profesionales de la Educaci\u00f3n de la Secretar\u00eda de Educaci\u00f3n P\u00fablica (SEP), Mario Ch\u00e1vez Campos, y [&hellip;]<\/p>\n","protected":false},"author":2,"featured_media":16663,"comment_status":"open","ping_status":"closed","sticky":false,"template":"","format":"standard","meta":{"footnotes":""},"categories":[17],"tags":[],"class_list":["post-16662","post","type-post","status-publish","format-standard","has-post-thumbnail","hentry","category-localesyregionales"],"yoast_head":"<!-- This site is optimized with the Yoast SEO plugin v27.5 - https:\/\/yoast.com\/product\/yoast-seo-wordpress\/ -->\n<title>SLP sede de la XVIII reuni\u00f3n nacional de autoridades de educaci\u00f3n normal - Canal 7 SLP - 2019<\/title>\n<meta name=\"robots\" content=\"index, follow, max-snippet:-1, max-image-preview:large, max-video-preview:-1\" \/>\n<link rel=\"canonical\" href=\"https:\/\/canal7slp.tv\/2019\/slp-sede-de-la-xviii-reunion-nacional-de-autoridades-de-educacion-normal\/\" \/>\n<meta property=\"og:locale\" content=\"es_ES\" \/>\n<meta property=\"og:type\" content=\"article\" \/>\n<meta property=\"og:title\" content=\"SLP sede de la XVIII reuni\u00f3n nacional de autoridades de educaci\u00f3n normal - Canal 7 SLP - 2019\" \/>\n<meta property=\"og:description\" content=\"SLP.- En el marco de la Estrategia de Fortalecimiento y Transformaci\u00f3n de las Escuelas Normales, San Luis Potos\u00ed fue sede de la XVIII Reuni\u00f3n Nacional de Autoridades de Educaci\u00f3n Normal, en donde participaron el Director General de Educaci\u00f3n Superior para Profesionales de la Educaci\u00f3n de la Secretar\u00eda de Educaci\u00f3n P\u00fablica (SEP), Mario Ch\u00e1vez Campos, y [&hellip;]\" \/>\n<meta property=\"og:url\" content=\"https:\/\/canal7slp.tv\/2019\/slp-sede-de-la-xviii-reunion-nacional-de-autoridades-de-educacion-normal\/\" \/>\n<meta property=\"og:site_name\" content=\"Canal 7 SLP - 2019\" \/>\n<meta property=\"article:publisher\" content=\"https:\/\/www.facebook.com\/CANAL7SLP\/\" \/>\n<meta property=\"article:published_time\" content=\"2019-06-17T23:30:33+00:00\" \/>\n<meta property=\"og:image\" content=\"https:\/\/canal7slp.tv\/2019\/wp-content\/uploads\/2019\/06\/GobiernoSEGE.jpg\" \/>\n\t<meta property=\"og:image:width\" content=\"699\" \/>\n\t<meta property=\"og:image:height\" content=\"410\" \/>\n\t<meta property=\"og:image:type\" content=\"image\/jpeg\" \/>\n<meta name=\"author\" content=\"edicionweb\" \/>\n<meta name=\"twitter:card\" content=\"summary_large_image\" \/>\n<meta name=\"twitter:creator\" content=\"@canal7_slp\" \/>\n<meta name=\"twitter:site\" content=\"@canal7_slp\" \/>\n<meta name=\"twitter:label1\" content=\"Escrito por\" \/>\n\t<meta name=\"twitter:data1\" content=\"edicionweb\" \/>\n\t<meta name=\"twitter:label2\" content=\"Tiempo de lectura\" \/>\n\t<meta name=\"twitter:data2\" content=\"3 minutos\" \/>\n<script type=\"application\/ld+json\" class=\"yoast-schema-graph\">{\"@context\":\"https:\\\/\\\/schema.org\",\"@graph\":[{\"@type\":\"Article\",\"@id\":\"https:\\\/\\\/canal7slp.tv\\\/2019\\\/slp-sede-de-la-xviii-reunion-nacional-de-autoridades-de-educacion-normal\\\/#article\",\"isPartOf\":{\"@id\":\"https:\\\/\\\/canal7slp.tv\\\/2019\\\/slp-sede-de-la-xviii-reunion-nacional-de-autoridades-de-educacion-normal\\\/\"},\"author\":{\"name\":\"edicionweb\",\"@id\":\"https:\\\/\\\/canal7slp.tv\\\/2019\\\/#\\\/schema\\\/person\\\/11d941c1c6ca30ac0a46b95fa37aa2e3\"},\"headline\":\"SLP sede de la XVIII reuni\u00f3n nacional de autoridades de educaci\u00f3n normal\",\"datePublished\":\"2019-06-17T23:30:33+00:00\",\"mainEntityOfPage\":{\"@id\":\"https:\\\/\\\/canal7slp.tv\\\/2019\\\/slp-sede-de-la-xviii-reunion-nacional-de-autoridades-de-educacion-normal\\\/\"},\"wordCount\":673,\"commentCount\":0,\"publisher\":{\"@id\":\"https:\\\/\\\/canal7slp.tv\\\/2019\\\/#organization\"},\"image\":{\"@id\":\"https:\\\/\\\/canal7slp.tv\\\/2019\\\/slp-sede-de-la-xviii-reunion-nacional-de-autoridades-de-educacion-normal\\\/#primaryimage\"},\"thumbnailUrl\":\"https:\\\/\\\/canal7slp.tv\\\/2019\\\/wp-content\\\/uploads\\\/2019\\\/06\\\/GobiernoSEGE.jpg\",\"articleSection\":[\"LOCALES Y REGIONALES\"],\"inLanguage\":\"es\",\"potentialAction\":[{\"@type\":\"CommentAction\",\"name\":\"Comment\",\"target\":[\"https:\\\/\\\/canal7slp.tv\\\/2019\\\/slp-sede-de-la-xviii-reunion-nacional-de-autoridades-de-educacion-normal\\\/#respond\"]}]},{\"@type\":\"WebPage\",\"@id\":\"https:\\\/\\\/canal7slp.tv\\\/2019\\\/slp-sede-de-la-xviii-reunion-nacional-de-autoridades-de-educacion-normal\\\/\",\"url\":\"https:\\\/\\\/canal7slp.tv\\\/2019\\\/slp-sede-de-la-xviii-reunion-nacional-de-autoridades-de-educacion-normal\\\/\",\"name\":\"SLP sede de la XVIII reuni\u00f3n nacional de autoridades de educaci\u00f3n normal - Canal 7 SLP - 2019\",\"isPartOf\":{\"@id\":\"https:\\\/\\\/canal7slp.tv\\\/2019\\\/#website\"},\"primaryImageOfPage\":{\"@id\":\"https:\\\/\\\/canal7slp.tv\\\/2019\\\/slp-sede-de-la-xviii-reunion-nacional-de-autoridades-de-educacion-normal\\\/#primaryimage\"},\"image\":{\"@id\":\"https:\\\/\\\/canal7slp.tv\\\/2019\\\/slp-sede-de-la-xviii-reunion-nacional-de-autoridades-de-educacion-normal\\\/#primaryimage\"},\"thumbnailUrl\":\"https:\\\/\\\/canal7slp.tv\\\/2019\\\/wp-content\\\/uploads\\\/2019\\\/06\\\/GobiernoSEGE.jpg\",\"datePublished\":\"2019-06-17T23:30:33+00:00\",\"breadcrumb\":{\"@id\":\"https:\\\/\\\/canal7slp.tv\\\/2019\\\/slp-sede-de-la-xviii-reunion-nacional-de-autoridades-de-educacion-normal\\\/#breadcrumb\"},\"inLanguage\":\"es\",\"potentialAction\":[{\"@type\":\"ReadAction\",\"target\":[\"https:\\\/\\\/canal7slp.tv\\\/2019\\\/slp-sede-de-la-xviii-reunion-nacional-de-autoridades-de-educacion-normal\\\/\"]}]},{\"@type\":\"ImageObject\",\"inLanguage\":\"es\",\"@id\":\"https:\\\/\\\/canal7slp.tv\\\/2019\\\/slp-sede-de-la-xviii-reunion-nacional-de-autoridades-de-educacion-normal\\\/#primaryimage\",\"url\":\"https:\\\/\\\/canal7slp.tv\\\/2019\\\/wp-content\\\/uploads\\\/2019\\\/06\\\/GobiernoSEGE.jpg\",\"contentUrl\":\"https:\\\/\\\/canal7slp.tv\\\/2019\\\/wp-content\\\/uploads\\\/2019\\\/06\\\/GobiernoSEGE.jpg\",\"width\":699,\"height\":410},{\"@type\":\"BreadcrumbList\",\"@id\":\"https:\\\/\\\/canal7slp.tv\\\/2019\\\/slp-sede-de-la-xviii-reunion-nacional-de-autoridades-de-educacion-normal\\\/#breadcrumb\",\"itemListElement\":[{\"@type\":\"ListItem\",\"position\":1,\"name\":\"Home\",\"item\":\"https:\\\/\\\/canal7slp.tv\\\/2019\\\/\"},{\"@type\":\"ListItem\",\"position\":2,\"name\":\"SLP sede de la XVIII reuni\u00f3n nacional de autoridades de educaci\u00f3n normal\"}]},{\"@type\":\"WebSite\",\"@id\":\"https:\\\/\\\/canal7slp.tv\\\/2019\\\/#website\",\"url\":\"https:\\\/\\\/canal7slp.tv\\\/2019\\\/\",\"name\":\"Canal 7 SLP - Somos TV\",\"description\":\"Somos un Canal de 10\",\"publisher\":{\"@id\":\"https:\\\/\\\/canal7slp.tv\\\/2019\\\/#organization\"},\"potentialAction\":[{\"@type\":\"SearchAction\",\"target\":{\"@type\":\"EntryPoint\",\"urlTemplate\":\"https:\\\/\\\/canal7slp.tv\\\/2019\\\/?s={search_term_string}\"},\"query-input\":{\"@type\":\"PropertyValueSpecification\",\"valueRequired\":true,\"valueName\":\"search_term_string\"}}],\"inLanguage\":\"es\"},{\"@type\":\"Organization\",\"@id\":\"https:\\\/\\\/canal7slp.tv\\\/2019\\\/#organization\",\"name\":\"Comunicaci\u00f3n 2000 S.A. de C.V.\",\"url\":\"https:\\\/\\\/canal7slp.tv\\\/2019\\\/\",\"logo\":{\"@type\":\"ImageObject\",\"inLanguage\":\"es\",\"@id\":\"https:\\\/\\\/canal7slp.tv\\\/2019\\\/#\\\/schema\\\/logo\\\/image\\\/\",\"url\":\"https:\\\/\\\/canal7slp.tv\\\/2019\\\/wp-content\\\/uploads\\\/2019\\\/07\\\/logo-c7.png\",\"contentUrl\":\"https:\\\/\\\/canal7slp.tv\\\/2019\\\/wp-content\\\/uploads\\\/2019\\\/07\\\/logo-c7.png\",\"width\":220,\"height\":60,\"caption\":\"Comunicaci\u00f3n 2000 S.A. de C.V.\"},\"image\":{\"@id\":\"https:\\\/\\\/canal7slp.tv\\\/2019\\\/#\\\/schema\\\/logo\\\/image\\\/\"},\"sameAs\":[\"https:\\\/\\\/www.facebook.com\\\/CANAL7SLP\\\/\",\"https:\\\/\\\/x.com\\\/canal7_slp\",\"https:\\\/\\\/www.instagram.com\\\/canal7_slp\",\"https:\\\/\\\/www.youtube.com\\\/user\\\/NOTICIEROSCANAL7SLP\\\/\"]},{\"@type\":\"Person\",\"@id\":\"https:\\\/\\\/canal7slp.tv\\\/2019\\\/#\\\/schema\\\/person\\\/11d941c1c6ca30ac0a46b95fa37aa2e3\",\"name\":\"edicionweb\",\"image\":{\"@type\":\"ImageObject\",\"inLanguage\":\"es\",\"@id\":\"https:\\\/\\\/secure.gravatar.com\\\/avatar\\\/eee448fc3f7164808013b816ba91ac7e43bbe82a70bebac296f8bc6f0addaa1a?s=96&d=mm&r=g\",\"url\":\"https:\\\/\\\/secure.gravatar.com\\\/avatar\\\/eee448fc3f7164808013b816ba91ac7e43bbe82a70bebac296f8bc6f0addaa1a?s=96&d=mm&r=g\",\"contentUrl\":\"https:\\\/\\\/secure.gravatar.com\\\/avatar\\\/eee448fc3f7164808013b816ba91ac7e43bbe82a70bebac296f8bc6f0addaa1a?s=96&d=mm&r=g\",\"caption\":\"edicionweb\"}}]}<\/script>\n<!-- \/ Yoast SEO plugin. -->","yoast_head_json":{"title":"SLP sede de la XVIII reuni\u00f3n nacional de autoridades de educaci\u00f3n normal - Canal 7 SLP - 2019","robots":{"index":"index","follow":"follow","max-snippet":"max-snippet:-1","max-image-preview":"max-image-preview:large","max-video-preview":"max-video-preview:-1"},"canonical":"https:\/\/canal7slp.tv\/2019\/slp-sede-de-la-xviii-reunion-nacional-de-autoridades-de-educacion-normal\/","og_locale":"es_ES","og_type":"article","og_title":"SLP sede de la XVIII reuni\u00f3n nacional de autoridades de educaci\u00f3n normal - Canal 7 SLP - 2019","og_description":"SLP.- En el marco de la Estrategia de Fortalecimiento y Transformaci\u00f3n de las Escuelas Normales, San Luis Potos\u00ed fue sede de la XVIII Reuni\u00f3n Nacional de Autoridades de Educaci\u00f3n Normal, en donde participaron el Director General de Educaci\u00f3n Superior para Profesionales de la Educaci\u00f3n de la Secretar\u00eda de Educaci\u00f3n P\u00fablica (SEP), Mario Ch\u00e1vez Campos, y [&hellip;]","og_url":"https:\/\/canal7slp.tv\/2019\/slp-sede-de-la-xviii-reunion-nacional-de-autoridades-de-educacion-normal\/","og_site_name":"Canal 7 SLP - 2019","article_publisher":"https:\/\/www.facebook.com\/CANAL7SLP\/","article_published_time":"2019-06-17T23:30:33+00:00","og_image":[{"width":699,"height":410,"url":"https:\/\/canal7slp.tv\/2019\/wp-content\/uploads\/2019\/06\/GobiernoSEGE.jpg","type":"image\/jpeg"}],"author":"edicionweb","twitter_card":"summary_large_image","twitter_creator":"@canal7_slp","twitter_site":"@canal7_slp","twitter_misc":{"Escrito por":"edicionweb","Tiempo de lectura":"3 minutos"},"schema":{"@context":"https:\/\/schema.org","@graph":[{"@type":"Article","@id":"https:\/\/canal7slp.tv\/2019\/slp-sede-de-la-xviii-reunion-nacional-de-autoridades-de-educacion-normal\/#article","isPartOf":{"@id":"https:\/\/canal7slp.tv\/2019\/slp-sede-de-la-xviii-reunion-nacional-de-autoridades-de-educacion-normal\/"},"author":{"name":"edicionweb","@id":"https:\/\/canal7slp.tv\/2019\/#\/schema\/person\/11d941c1c6ca30ac0a46b95fa37aa2e3"},"headline":"SLP sede de la XVIII reuni\u00f3n nacional de autoridades de educaci\u00f3n normal","datePublished":"2019-06-17T23:30:33+00:00","mainEntityOfPage":{"@id":"https:\/\/canal7slp.tv\/2019\/slp-sede-de-la-xviii-reunion-nacional-de-autoridades-de-educacion-normal\/"},"wordCount":673,"commentCount":0,"publisher":{"@id":"https:\/\/canal7slp.tv\/2019\/#organization"},"image":{"@id":"https:\/\/canal7slp.tv\/2019\/slp-sede-de-la-xviii-reunion-nacional-de-autoridades-de-educacion-normal\/#primaryimage"},"thumbnailUrl":"https:\/\/canal7slp.tv\/2019\/wp-content\/uploads\/2019\/06\/GobiernoSEGE.jpg","articleSection":["LOCALES Y REGIONALES"],"inLanguage":"es","potentialAction":[{"@type":"CommentAction","name":"Comment","target":["https:\/\/canal7slp.tv\/2019\/slp-sede-de-la-xviii-reunion-nacional-de-autoridades-de-educacion-normal\/#respond"]}]},{"@type":"WebPage","@id":"https:\/\/canal7slp.tv\/2019\/slp-sede-de-la-xviii-reunion-nacional-de-autoridades-de-educacion-normal\/","url":"https:\/\/canal7slp.tv\/2019\/slp-sede-de-la-xviii-reunion-nacional-de-autoridades-de-educacion-normal\/","name":"SLP sede de la XVIII reuni\u00f3n nacional de autoridades de educaci\u00f3n normal - Canal 7 SLP - 2019","isPartOf":{"@id":"https:\/\/canal7slp.tv\/2019\/#website"},"primaryImageOfPage":{"@id":"https:\/\/canal7slp.tv\/2019\/slp-sede-de-la-xviii-reunion-nacional-de-autoridades-de-educacion-normal\/#primaryimage"},"image":{"@id":"https:\/\/canal7slp.tv\/2019\/slp-sede-de-la-xviii-reunion-nacional-de-autoridades-de-educacion-normal\/#primaryimage"},"thumbnailUrl":"https:\/\/canal7slp.tv\/2019\/wp-content\/uploads\/2019\/06\/GobiernoSEGE.jpg","datePublished":"2019-06-17T23:30:33+00:00","breadcrumb":{"@id":"https:\/\/canal7slp.tv\/2019\/slp-sede-de-la-xviii-reunion-nacional-de-autoridades-de-educacion-normal\/#breadcrumb"},"inLanguage":"es","potentialAction":[{"@type":"ReadAction","target":["https:\/\/canal7slp.tv\/2019\/slp-sede-de-la-xviii-reunion-nacional-de-autoridades-de-educacion-normal\/"]}]},{"@type":"ImageObject","inLanguage":"es","@id":"https:\/\/canal7slp.tv\/2019\/slp-sede-de-la-xviii-reunion-nacional-de-autoridades-de-educacion-normal\/#primaryimage","url":"https:\/\/canal7slp.tv\/2019\/wp-content\/uploads\/2019\/06\/GobiernoSEGE.jpg","contentUrl":"https:\/\/canal7slp.tv\/2019\/wp-content\/uploads\/2019\/06\/GobiernoSEGE.jpg","width":699,"height":410},{"@type":"BreadcrumbList","@id":"https:\/\/canal7slp.tv\/2019\/slp-sede-de-la-xviii-reunion-nacional-de-autoridades-de-educacion-normal\/#breadcrumb","itemListElement":[{"@type":"ListItem","position":1,"name":"Home","item":"https:\/\/canal7slp.tv\/2019\/"},{"@type":"ListItem","position":2,"name":"SLP sede de la XVIII reuni\u00f3n nacional de autoridades de educaci\u00f3n normal"}]},{"@type":"WebSite","@id":"https:\/\/canal7slp.tv\/2019\/#website","url":"https:\/\/canal7slp.tv\/2019\/","name":"Canal 7 SLP - Somos TV","description":"Somos un Canal de 10","publisher":{"@id":"https:\/\/canal7slp.tv\/2019\/#organization"},"potentialAction":[{"@type":"SearchAction","target":{"@type":"EntryPoint","urlTemplate":"https:\/\/canal7slp.tv\/2019\/?s={search_term_string}"},"query-input":{"@type":"PropertyValueSpecification","valueRequired":true,"valueName":"search_term_string"}}],"inLanguage":"es"},{"@type":"Organization","@id":"https:\/\/canal7slp.tv\/2019\/#organization","name":"Comunicaci\u00f3n 2000 S.A. de C.V.","url":"https:\/\/canal7slp.tv\/2019\/","logo":{"@type":"ImageObject","inLanguage":"es","@id":"https:\/\/canal7slp.tv\/2019\/#\/schema\/logo\/image\/","url":"https:\/\/canal7slp.tv\/2019\/wp-content\/uploads\/2019\/07\/logo-c7.png","contentUrl":"https:\/\/canal7slp.tv\/2019\/wp-content\/uploads\/2019\/07\/logo-c7.png","width":220,"height":60,"caption":"Comunicaci\u00f3n 2000 S.A. de C.V."},"image":{"@id":"https:\/\/canal7slp.tv\/2019\/#\/schema\/logo\/image\/"},"sameAs":["https:\/\/www.facebook.com\/CANAL7SLP\/","https:\/\/x.com\/canal7_slp","https:\/\/www.instagram.com\/canal7_slp","https:\/\/www.youtube.com\/user\/NOTICIEROSCANAL7SLP\/"]},{"@type":"Person","@id":"https:\/\/canal7slp.tv\/2019\/#\/schema\/person\/11d941c1c6ca30ac0a46b95fa37aa2e3","name":"edicionweb","image":{"@type":"ImageObject","inLanguage":"es","@id":"https:\/\/secure.gravatar.com\/avatar\/eee448fc3f7164808013b816ba91ac7e43bbe82a70bebac296f8bc6f0addaa1a?s=96&d=mm&r=g","url":"https:\/\/secure.gravatar.com\/avatar\/eee448fc3f7164808013b816ba91ac7e43bbe82a70bebac296f8bc6f0addaa1a?s=96&d=mm&r=g","contentUrl":"https:\/\/secure.gravatar.com\/avatar\/eee448fc3f7164808013b816ba91ac7e43bbe82a70bebac296f8bc6f0addaa1a?s=96&d=mm&r=g","caption":"edicionweb"}}]}},"amp_enabled":true,"cmb2":{"video_ids_in_playlist":{"vid_p_videos":""},"video_ids_in_channel":{"vid_c_videos":""},"playlist_ids_in_channel":{"vid_c_playlists":""},"series_ids_in_channel":{"vid_c_series":""},"channel_images":{"vid_c_logo":"","vid_c_banner":""},"poster_feature_image":{"vid_m_poster_image":""},"gif_feature_image":{"vid_m_gif_image":""},"video_movie_settings":{"vid_m_director":"","vid_m_actor":"","vid_m_imdb_ratings":"","vid_m_amazon_associates":""},"vid_youtube_broadcasts_settings":{"vid_yb_broadcast_title":"","vid_yb_q":"","vid_yb_channelid":"","vid_yb_videocategoryid":"","vid_yb_maxresults":"","vid_yb_order":"","vid_yb_regioncode":"","vid_yb_videosyndicated":"","vid_yb_style":"","vid_yb_reload_first":""},"video_series_settings":{"vid_m_director":"","vid_m_actor":"","vid_m_imdb_ratings":"","video_series_group":""},"amazon_associates_settings":{"amazon_associates":"","amazon_native_ad":""},"vid_youtube_automatic_settings":{"vid_ya_youtube_source":"","vid_ya_update_every":"","vid_ya_update_unit":"","vid_ya_categories":"","vid_ya_published_after":"","vid_ya_published_before":"","vid_ya_playlists":"","vid_ya_channels":"","vid_ya_director":"","vid_ya_actor":"","vid_ya_author":"","vid_ya_import_post_date":"","vid_ya_status":"","vid_ya_sub_api_key":""},"vid_ads_m_videoads_settings_post":{"vid_ads_m_video_ads":"","vid_ads_m_video_ads_type":"","vid_ads_m_group_google_ima":"","vid_ads_m_group_image":"","vid_ads_m_group_html5_video":"","vid_ads_m_group_html":"","vid_ads_m_vast_preroll":"","vid_ads_m_vast_postroll":"","vid_ads_m_vast_pauseroll":"","vid_ads_m_vast_midroll":[{"vid_ads_m_vast_timer_seconds":"50"}],"vid_ads_m_time_to_show_ads":"","vid_ads_m_time_skip_ads":"","vid_ads_m_time_to_hide_ads":""},"page_slider_settings":{"display_slider_group":"","page_slider_group":""},"blog_page_settings":{"blog_page_title":"","blog_page_heading":"","blog_page_ic":"","blog_page_it":"","blog_page_ec":"","blog_page_ip":"","archive_loop_style":"","blog_image_ratio":"","blog_show_categories":"","blog_show_excerpt":"","blog_show_author":"","blog_show_date":"","blog_show_comment_count":"","blog_show_view_count":"","blog_show_like_count":"","blog_show_dislike_count":"","blog_items_per_page":"","blog_pag_type":""},"page_options":{"get_page_template":"","color_mode":"","main_layout":"","main_layout_full_with":"","main_logo":"","main_logo_retina":"","main_logo_mobile":"","main_logo_mobile_retina":"","sticky_logo":"","sticky_logo_retina":"","main_nav_layout":"","ajax_search":"","header_background":"","theme_sidebar":"","instagram_feed":"","instagram_feed_position":"","popular_videos":"","popular_videos_title_1":"","popular_videos_title_2":"","popular_videos_ic":"","popular_videos_it":"","theme_background":"","page_custom_css":""},"feature_image_settings":{"feature_image_position":""},"video_player_settings":{"single_video_style":"","video_player_position":"","vm_video_url":"","video_player_library":"","video_streaming":"","vm_media_sources":"","vid_auto_play":"","vm_video_shortcode":"","vid_p_sync_playlist":"","vid_c_sync_channel":"","get_post_format":"","multiple_links_structure":"default","multi_links_title":"","vm_video_multi_links":"","vm_duration":"","vid_social_locker":"off","vid_social_locker_id":"","vid_membership_action":"content-video","vm_video_trailer_url":"","vid_download_type":"free","vid_download_target":"download","vid_woo_product":"","vm_media_download":"","user_rating":"","user_rating_position":"","user_rating_mode":"","user_rating_multi_sets":""},"video_auto_fetch_settings":{"vm_video_fetch":"on"},"video_fake_views_likes":{"vm_fake_views":"","vm_fake_likes":"","vm_fake_dislikes":""},"gallery_settings":{"gallery_position":""},"quote_settings":{"quote_position":""},"post_options":{"main_layout":"","main_logo":"","main_logo_retina":"","main_logo_mobile":"","main_logo_mobile_retina":"","sticky_logo":"","sticky_logo_retina":"","main_nav_layout":"","header_background":"","theme_sidebar":"","single_post_comment_type":"","theme_background":""}},"_links":{"self":[{"href":"https:\/\/canal7slp.tv\/2019\/wp-json\/wp\/v2\/posts\/16662","targetHints":{"allow":["GET"]}}],"collection":[{"href":"https:\/\/canal7slp.tv\/2019\/wp-json\/wp\/v2\/posts"}],"about":[{"href":"https:\/\/canal7slp.tv\/2019\/wp-json\/wp\/v2\/types\/post"}],"author":[{"embeddable":true,"href":"https:\/\/canal7slp.tv\/2019\/wp-json\/wp\/v2\/users\/2"}],"replies":[{"embeddable":true,"href":"https:\/\/canal7slp.tv\/2019\/wp-json\/wp\/v2\/comments?post=16662"}],"version-history":[{"count":0,"href":"https:\/\/canal7slp.tv\/2019\/wp-json\/wp\/v2\/posts\/16662\/revisions"}],"wp:featuredmedia":[{"embeddable":true,"href":"https:\/\/canal7slp.tv\/2019\/wp-json\/wp\/v2\/media\/16663"}],"wp:attachment":[{"href":"https:\/\/canal7slp.tv\/2019\/wp-json\/wp\/v2\/media?parent=16662"}],"wp:term":[{"taxonomy":"category","embeddable":true,"href":"https:\/\/canal7slp.tv\/2019\/wp-json\/wp\/v2\/categories?post=16662"},{"taxonomy":"post_tag","embeddable":true,"href":"https:\/\/canal7slp.tv\/2019\/wp-json\/wp\/v2\/tags?post=16662"}],"curies":[{"name":"wp","href":"https:\/\/api.w.org\/{rel}","templated":true}]}}