{"id":16655,"date":"2019-06-17T18:09:12","date_gmt":"2019-06-17T23:09:12","guid":{"rendered":"https:\/\/canal7slp.tv\/2019\/?p=16655"},"modified":"2019-06-17T18:09:30","modified_gmt":"2019-06-17T23:09:30","slug":"oea-reconoce-politicas-a-favor-de-la-ninez-y-juventud-en-slp","status":"publish","type":"post","link":"https:\/\/canal7slp.tv\/2019\/oea-reconoce-politicas-a-favor-de-la-ninez-y-juventud-en-slp\/","title":{"rendered":"OEA reconoce pol\u00edticas a favor de la ni\u00f1ez y juventud en SLP"},"content":{"rendered":"<p style=\"text-align: justify\">SLP.- Carlos de Jes\u00fas Hern\u00e1ndez Quijano, corresponsal de Infancia y Adolescencia del Instituto Interamericano de la Ni\u00f1ez de la Organizaci\u00f3n de Estados Americanos (OEA), reconoci\u00f3 las acciones con enfoque de derechos de ni\u00f1os, ni\u00f1as y adolescentes que ha implementado Gobierno del Estado y las buenas pr\u00e1cticas del sistema DIF Estatal, que son acciones afirmativas para poner al centro de las pol\u00edticas e integrar a este importante sector de la poblaci\u00f3n en la toma de decisiones.<\/p>\n<p style=\"text-align: justify\">\n<p style=\"text-align: justify\">El corresponsal, quien tambi\u00e9n forma parte del Sistema de Protecci\u00f3n de Ni\u00f1as, Ni\u00f1os y Adolescentes (SIPINNA) a nivel nacional, indic\u00f3 durante su visita a San Luis Potos\u00ed, que la federaci\u00f3n podr\u00eda replicar las acciones que se realizan en la entidad, en espec\u00edfico, las que est\u00e1n relacionadas con la Agenda 2030.<\/p>\n<p style=\"text-align: justify\">\n<p style=\"text-align: justify\">\u201cLo que venimos a realizar a esta ciudad, es inspirar a j\u00f3venes, ni\u00f1os, ni\u00f1as y adolescente a que la edad no es una barrera para la participaci\u00f3n, adem\u00e1s, desde el SIPINNA nacional se busca establecer proyectos para su inclusi\u00f3n en todos los \u00e1mbitos de la vida p\u00fablica del pa\u00eds\u201d indic\u00f3 Hern\u00e1ndez Quijano.<\/p>\n<p style=\"text-align: justify\">\n<p style=\"text-align: justify\">Al respecto, la Secretaria Ejecutiva, Martha Orta Rodr\u00edguez, del Sistema Estatal de Protecci\u00f3n Integral de Ni\u00f1as, Ni\u00f1os y Adolescentes (SIPINNA), indic\u00f3 que se impulsan acciones para incluir la perspectiva del sector social que atiende la dependencia, en la implementaci\u00f3n a nivel local de las pol\u00edticas p\u00fablicas establecidas en la agenda 2030 para el Desarrollo Sostenible.<\/p>\n<p style=\"text-align: justify\">\n<p style=\"text-align: justify\">Como resultado, se conformar\u00e1 un consejo consultivo en el que participar\u00e1n los 58 municipios del estado, para integrar a la ni\u00f1ez y juventud en la toma de decisiones y propuestas que ser\u00e1n integradas en el Plan Nacional de Desarrollo.<\/p>\n<p style=\"text-align: justify\">\n<p style=\"text-align: justify\">Agreg\u00f3 que con la implementaci\u00f3n de acciones integrales se fomentan mecanismos de participaci\u00f3n de este sector en cada entidad federativa, de ah\u00ed la importancia de integrar al Instituto Potosino de la Juventud (INPOJUVE), para que funja como el enlace con este importante sector, ya que representa un esfuerzo interinstitucional enfocado en el respeto a los derechos humanos.<\/p>\n<p style=\"text-align: justify\">\n<p style=\"text-align: justify\">Martha Orta Rodr\u00edguez, se\u00f1al\u00f3 que es indispensable generar alianzas estrat\u00e9gicas entre las instituciones encargadas de atender a la juventud, en el caso de San Luis Potos\u00ed, inst\u00f3 a sumar esfuerzos SIPINNA e INPOJUVE para incorporar la perspectiva juvenil en las pol\u00edticas p\u00fablicas y atender lo estipulado en la Ley de la Persona Joven vigente en el estado.<\/p>\n<p style=\"text-align: justify\">\n<p style=\"text-align: justify\">Orta Rodr\u00edguez, indic\u00f3 que Carlos de Jes\u00fas Hern\u00e1ndez, quien tambi\u00e9n es ganador del Premio Nacional de la Juventud 2016, realizar\u00e1 una jornada de conferencias y talleres en diversas colonias de la capital para la concientizar acerca de la inclusi\u00f3n del sector social que representa.<\/p>\n<p style=\"text-align: justify\">\n<p style=\"text-align: justify\">Concluy\u00f3 que la conferencia \u201cLa Edad No es una Barrera\u201d, ser\u00e1 impartida en el auditorio Socorro Blanco de la Unidad Administrativa Municipal y el taller \u201cRealizaci\u00f3n de Proyectos Sustentables\u201d, se efectuar\u00e1 en la escuela secundaria municipal Ponciano Arriaga, en la colonia Tercera Grande 2.<\/p>\n<p style=\"text-align: justify\">\n<p style=\"text-align: justify\">\n","protected":false},"excerpt":{"rendered":"<p>SLP.- Carlos de Jes\u00fas Hern\u00e1ndez Quijano, corresponsal de Infancia y Adolescencia del Instituto Interamericano de la Ni\u00f1ez de la Organizaci\u00f3n de Estados Americanos (OEA), reconoci\u00f3 las acciones con enfoque de derechos de ni\u00f1os, ni\u00f1as y adolescentes que ha implementado Gobierno del Estado y las buenas pr\u00e1cticas del sistema DIF Estatal, que son acciones afirmativas para [&hellip;]<\/p>\n","protected":false},"author":2,"featured_media":16656,"comment_status":"open","ping_status":"closed","sticky":false,"template":"","format":"standard","meta":{"footnotes":""},"categories":[17],"tags":[],"class_list":["post-16655","post","type-post","status-publish","format-standard","has-post-thumbnail","hentry","category-localesyregionales"],"yoast_head":"<!-- This site is optimized with the Yoast SEO plugin v27.5 - https:\/\/yoast.com\/product\/yoast-seo-wordpress\/ -->\n<title>OEA reconoce pol\u00edticas a favor de la ni\u00f1ez y juventud en SLP - Canal 7 SLP - 2019<\/title>\n<meta name=\"robots\" content=\"index, follow, max-snippet:-1, max-image-preview:large, max-video-preview:-1\" \/>\n<link rel=\"canonical\" href=\"https:\/\/canal7slp.tv\/2019\/oea-reconoce-politicas-a-favor-de-la-ninez-y-juventud-en-slp\/\" \/>\n<meta property=\"og:locale\" content=\"es_ES\" \/>\n<meta property=\"og:type\" content=\"article\" \/>\n<meta property=\"og:title\" content=\"OEA reconoce pol\u00edticas a favor de la ni\u00f1ez y juventud en SLP - Canal 7 SLP - 2019\" \/>\n<meta property=\"og:description\" content=\"SLP.- Carlos de Jes\u00fas Hern\u00e1ndez Quijano, corresponsal de Infancia y Adolescencia del Instituto Interamericano de la Ni\u00f1ez de la Organizaci\u00f3n de Estados Americanos (OEA), reconoci\u00f3 las acciones con enfoque de derechos de ni\u00f1os, ni\u00f1as y adolescentes que ha implementado Gobierno del Estado y las buenas pr\u00e1cticas del sistema DIF Estatal, que son acciones afirmativas para [&hellip;]\" \/>\n<meta property=\"og:url\" content=\"https:\/\/canal7slp.tv\/2019\/oea-reconoce-politicas-a-favor-de-la-ninez-y-juventud-en-slp\/\" \/>\n<meta property=\"og:site_name\" content=\"Canal 7 SLP - 2019\" \/>\n<meta property=\"article:publisher\" content=\"https:\/\/www.facebook.com\/CANAL7SLP\/\" \/>\n<meta property=\"article:published_time\" content=\"2019-06-17T23:09:12+00:00\" \/>\n<meta property=\"article:modified_time\" content=\"2019-06-17T23:09:30+00:00\" \/>\n<meta property=\"og:image\" content=\"https:\/\/canal7slp.tv\/2019\/wp-content\/uploads\/2019\/06\/GobiernoSpininna.jpg\" \/>\n\t<meta property=\"og:image:width\" content=\"800\" \/>\n\t<meta property=\"og:image:height\" content=\"561\" \/>\n\t<meta property=\"og:image:type\" content=\"image\/jpeg\" \/>\n<meta name=\"author\" content=\"edicionweb\" \/>\n<meta name=\"twitter:card\" content=\"summary_large_image\" \/>\n<meta name=\"twitter:creator\" content=\"@canal7_slp\" \/>\n<meta name=\"twitter:site\" content=\"@canal7_slp\" \/>\n<meta name=\"twitter:label1\" content=\"Escrito por\" \/>\n\t<meta name=\"twitter:data1\" content=\"edicionweb\" \/>\n\t<meta name=\"twitter:label2\" content=\"Tiempo de lectura\" \/>\n\t<meta name=\"twitter:data2\" content=\"3 minutos\" \/>\n<script type=\"application\/ld+json\" class=\"yoast-schema-graph\">{\"@context\":\"https:\\\/\\\/schema.org\",\"@graph\":[{\"@type\":\"Article\",\"@id\":\"https:\\\/\\\/canal7slp.tv\\\/2019\\\/oea-reconoce-politicas-a-favor-de-la-ninez-y-juventud-en-slp\\\/#article\",\"isPartOf\":{\"@id\":\"https:\\\/\\\/canal7slp.tv\\\/2019\\\/oea-reconoce-politicas-a-favor-de-la-ninez-y-juventud-en-slp\\\/\"},\"author\":{\"name\":\"edicionweb\",\"@id\":\"https:\\\/\\\/canal7slp.tv\\\/2019\\\/#\\\/schema\\\/person\\\/11d941c1c6ca30ac0a46b95fa37aa2e3\"},\"headline\":\"OEA reconoce pol\u00edticas a favor de la ni\u00f1ez y juventud en SLP\",\"datePublished\":\"2019-06-17T23:09:12+00:00\",\"dateModified\":\"2019-06-17T23:09:30+00:00\",\"mainEntityOfPage\":{\"@id\":\"https:\\\/\\\/canal7slp.tv\\\/2019\\\/oea-reconoce-politicas-a-favor-de-la-ninez-y-juventud-en-slp\\\/\"},\"wordCount\":532,\"commentCount\":0,\"publisher\":{\"@id\":\"https:\\\/\\\/canal7slp.tv\\\/2019\\\/#organization\"},\"image\":{\"@id\":\"https:\\\/\\\/canal7slp.tv\\\/2019\\\/oea-reconoce-politicas-a-favor-de-la-ninez-y-juventud-en-slp\\\/#primaryimage\"},\"thumbnailUrl\":\"https:\\\/\\\/canal7slp.tv\\\/2019\\\/wp-content\\\/uploads\\\/2019\\\/06\\\/GobiernoSpininna.jpg\",\"articleSection\":[\"LOCALES Y REGIONALES\"],\"inLanguage\":\"es\",\"potentialAction\":[{\"@type\":\"CommentAction\",\"name\":\"Comment\",\"target\":[\"https:\\\/\\\/canal7slp.tv\\\/2019\\\/oea-reconoce-politicas-a-favor-de-la-ninez-y-juventud-en-slp\\\/#respond\"]}]},{\"@type\":\"WebPage\",\"@id\":\"https:\\\/\\\/canal7slp.tv\\\/2019\\\/oea-reconoce-politicas-a-favor-de-la-ninez-y-juventud-en-slp\\\/\",\"url\":\"https:\\\/\\\/canal7slp.tv\\\/2019\\\/oea-reconoce-politicas-a-favor-de-la-ninez-y-juventud-en-slp\\\/\",\"name\":\"OEA reconoce pol\u00edticas a favor de la ni\u00f1ez y juventud en SLP - Canal 7 SLP - 2019\",\"isPartOf\":{\"@id\":\"https:\\\/\\\/canal7slp.tv\\\/2019\\\/#website\"},\"primaryImageOfPage\":{\"@id\":\"https:\\\/\\\/canal7slp.tv\\\/2019\\\/oea-reconoce-politicas-a-favor-de-la-ninez-y-juventud-en-slp\\\/#primaryimage\"},\"image\":{\"@id\":\"https:\\\/\\\/canal7slp.tv\\\/2019\\\/oea-reconoce-politicas-a-favor-de-la-ninez-y-juventud-en-slp\\\/#primaryimage\"},\"thumbnailUrl\":\"https:\\\/\\\/canal7slp.tv\\\/2019\\\/wp-content\\\/uploads\\\/2019\\\/06\\\/GobiernoSpininna.jpg\",\"datePublished\":\"2019-06-17T23:09:12+00:00\",\"dateModified\":\"2019-06-17T23:09:30+00:00\",\"breadcrumb\":{\"@id\":\"https:\\\/\\\/canal7slp.tv\\\/2019\\\/oea-reconoce-politicas-a-favor-de-la-ninez-y-juventud-en-slp\\\/#breadcrumb\"},\"inLanguage\":\"es\",\"potentialAction\":[{\"@type\":\"ReadAction\",\"target\":[\"https:\\\/\\\/canal7slp.tv\\\/2019\\\/oea-reconoce-politicas-a-favor-de-la-ninez-y-juventud-en-slp\\\/\"]}]},{\"@type\":\"ImageObject\",\"inLanguage\":\"es\",\"@id\":\"https:\\\/\\\/canal7slp.tv\\\/2019\\\/oea-reconoce-politicas-a-favor-de-la-ninez-y-juventud-en-slp\\\/#primaryimage\",\"url\":\"https:\\\/\\\/canal7slp.tv\\\/2019\\\/wp-content\\\/uploads\\\/2019\\\/06\\\/GobiernoSpininna.jpg\",\"contentUrl\":\"https:\\\/\\\/canal7slp.tv\\\/2019\\\/wp-content\\\/uploads\\\/2019\\\/06\\\/GobiernoSpininna.jpg\",\"width\":800,\"height\":561},{\"@type\":\"BreadcrumbList\",\"@id\":\"https:\\\/\\\/canal7slp.tv\\\/2019\\\/oea-reconoce-politicas-a-favor-de-la-ninez-y-juventud-en-slp\\\/#breadcrumb\",\"itemListElement\":[{\"@type\":\"ListItem\",\"position\":1,\"name\":\"Home\",\"item\":\"https:\\\/\\\/canal7slp.tv\\\/2019\\\/\"},{\"@type\":\"ListItem\",\"position\":2,\"name\":\"OEA reconoce pol\u00edticas a favor de la ni\u00f1ez y juventud en SLP\"}]},{\"@type\":\"WebSite\",\"@id\":\"https:\\\/\\\/canal7slp.tv\\\/2019\\\/#website\",\"url\":\"https:\\\/\\\/canal7slp.tv\\\/2019\\\/\",\"name\":\"Canal 7 SLP - Somos TV\",\"description\":\"Somos un Canal de 10\",\"publisher\":{\"@id\":\"https:\\\/\\\/canal7slp.tv\\\/2019\\\/#organization\"},\"potentialAction\":[{\"@type\":\"SearchAction\",\"target\":{\"@type\":\"EntryPoint\",\"urlTemplate\":\"https:\\\/\\\/canal7slp.tv\\\/2019\\\/?s={search_term_string}\"},\"query-input\":{\"@type\":\"PropertyValueSpecification\",\"valueRequired\":true,\"valueName\":\"search_term_string\"}}],\"inLanguage\":\"es\"},{\"@type\":\"Organization\",\"@id\":\"https:\\\/\\\/canal7slp.tv\\\/2019\\\/#organization\",\"name\":\"Comunicaci\u00f3n 2000 S.A. de C.V.\",\"url\":\"https:\\\/\\\/canal7slp.tv\\\/2019\\\/\",\"logo\":{\"@type\":\"ImageObject\",\"inLanguage\":\"es\",\"@id\":\"https:\\\/\\\/canal7slp.tv\\\/2019\\\/#\\\/schema\\\/logo\\\/image\\\/\",\"url\":\"https:\\\/\\\/canal7slp.tv\\\/2019\\\/wp-content\\\/uploads\\\/2019\\\/07\\\/logo-c7.png\",\"contentUrl\":\"https:\\\/\\\/canal7slp.tv\\\/2019\\\/wp-content\\\/uploads\\\/2019\\\/07\\\/logo-c7.png\",\"width\":220,\"height\":60,\"caption\":\"Comunicaci\u00f3n 2000 S.A. de C.V.\"},\"image\":{\"@id\":\"https:\\\/\\\/canal7slp.tv\\\/2019\\\/#\\\/schema\\\/logo\\\/image\\\/\"},\"sameAs\":[\"https:\\\/\\\/www.facebook.com\\\/CANAL7SLP\\\/\",\"https:\\\/\\\/x.com\\\/canal7_slp\",\"https:\\\/\\\/www.instagram.com\\\/canal7_slp\",\"https:\\\/\\\/www.youtube.com\\\/user\\\/NOTICIEROSCANAL7SLP\\\/\"]},{\"@type\":\"Person\",\"@id\":\"https:\\\/\\\/canal7slp.tv\\\/2019\\\/#\\\/schema\\\/person\\\/11d941c1c6ca30ac0a46b95fa37aa2e3\",\"name\":\"edicionweb\",\"image\":{\"@type\":\"ImageObject\",\"inLanguage\":\"es\",\"@id\":\"https:\\\/\\\/secure.gravatar.com\\\/avatar\\\/eee448fc3f7164808013b816ba91ac7e43bbe82a70bebac296f8bc6f0addaa1a?s=96&d=mm&r=g\",\"url\":\"https:\\\/\\\/secure.gravatar.com\\\/avatar\\\/eee448fc3f7164808013b816ba91ac7e43bbe82a70bebac296f8bc6f0addaa1a?s=96&d=mm&r=g\",\"contentUrl\":\"https:\\\/\\\/secure.gravatar.com\\\/avatar\\\/eee448fc3f7164808013b816ba91ac7e43bbe82a70bebac296f8bc6f0addaa1a?s=96&d=mm&r=g\",\"caption\":\"edicionweb\"}}]}<\/script>\n<!-- \/ Yoast SEO plugin. -->","yoast_head_json":{"title":"OEA reconoce pol\u00edticas a favor de la ni\u00f1ez y juventud en SLP - Canal 7 SLP - 2019","robots":{"index":"index","follow":"follow","max-snippet":"max-snippet:-1","max-image-preview":"max-image-preview:large","max-video-preview":"max-video-preview:-1"},"canonical":"https:\/\/canal7slp.tv\/2019\/oea-reconoce-politicas-a-favor-de-la-ninez-y-juventud-en-slp\/","og_locale":"es_ES","og_type":"article","og_title":"OEA reconoce pol\u00edticas a favor de la ni\u00f1ez y juventud en SLP - Canal 7 SLP - 2019","og_description":"SLP.- Carlos de Jes\u00fas Hern\u00e1ndez Quijano, corresponsal de Infancia y Adolescencia del Instituto Interamericano de la Ni\u00f1ez de la Organizaci\u00f3n de Estados Americanos (OEA), reconoci\u00f3 las acciones con enfoque de derechos de ni\u00f1os, ni\u00f1as y adolescentes que ha implementado Gobierno del Estado y las buenas pr\u00e1cticas del sistema DIF Estatal, que son acciones afirmativas para [&hellip;]","og_url":"https:\/\/canal7slp.tv\/2019\/oea-reconoce-politicas-a-favor-de-la-ninez-y-juventud-en-slp\/","og_site_name":"Canal 7 SLP - 2019","article_publisher":"https:\/\/www.facebook.com\/CANAL7SLP\/","article_published_time":"2019-06-17T23:09:12+00:00","article_modified_time":"2019-06-17T23:09:30+00:00","og_image":[{"width":800,"height":561,"url":"https:\/\/canal7slp.tv\/2019\/wp-content\/uploads\/2019\/06\/GobiernoSpininna.jpg","type":"image\/jpeg"}],"author":"edicionweb","twitter_card":"summary_large_image","twitter_creator":"@canal7_slp","twitter_site":"@canal7_slp","twitter_misc":{"Escrito por":"edicionweb","Tiempo de lectura":"3 minutos"},"schema":{"@context":"https:\/\/schema.org","@graph":[{"@type":"Article","@id":"https:\/\/canal7slp.tv\/2019\/oea-reconoce-politicas-a-favor-de-la-ninez-y-juventud-en-slp\/#article","isPartOf":{"@id":"https:\/\/canal7slp.tv\/2019\/oea-reconoce-politicas-a-favor-de-la-ninez-y-juventud-en-slp\/"},"author":{"name":"edicionweb","@id":"https:\/\/canal7slp.tv\/2019\/#\/schema\/person\/11d941c1c6ca30ac0a46b95fa37aa2e3"},"headline":"OEA reconoce pol\u00edticas a favor de la ni\u00f1ez y juventud en SLP","datePublished":"2019-06-17T23:09:12+00:00","dateModified":"2019-06-17T23:09:30+00:00","mainEntityOfPage":{"@id":"https:\/\/canal7slp.tv\/2019\/oea-reconoce-politicas-a-favor-de-la-ninez-y-juventud-en-slp\/"},"wordCount":532,"commentCount":0,"publisher":{"@id":"https:\/\/canal7slp.tv\/2019\/#organization"},"image":{"@id":"https:\/\/canal7slp.tv\/2019\/oea-reconoce-politicas-a-favor-de-la-ninez-y-juventud-en-slp\/#primaryimage"},"thumbnailUrl":"https:\/\/canal7slp.tv\/2019\/wp-content\/uploads\/2019\/06\/GobiernoSpininna.jpg","articleSection":["LOCALES Y REGIONALES"],"inLanguage":"es","potentialAction":[{"@type":"CommentAction","name":"Comment","target":["https:\/\/canal7slp.tv\/2019\/oea-reconoce-politicas-a-favor-de-la-ninez-y-juventud-en-slp\/#respond"]}]},{"@type":"WebPage","@id":"https:\/\/canal7slp.tv\/2019\/oea-reconoce-politicas-a-favor-de-la-ninez-y-juventud-en-slp\/","url":"https:\/\/canal7slp.tv\/2019\/oea-reconoce-politicas-a-favor-de-la-ninez-y-juventud-en-slp\/","name":"OEA reconoce pol\u00edticas a favor de la ni\u00f1ez y juventud en SLP - Canal 7 SLP - 2019","isPartOf":{"@id":"https:\/\/canal7slp.tv\/2019\/#website"},"primaryImageOfPage":{"@id":"https:\/\/canal7slp.tv\/2019\/oea-reconoce-politicas-a-favor-de-la-ninez-y-juventud-en-slp\/#primaryimage"},"image":{"@id":"https:\/\/canal7slp.tv\/2019\/oea-reconoce-politicas-a-favor-de-la-ninez-y-juventud-en-slp\/#primaryimage"},"thumbnailUrl":"https:\/\/canal7slp.tv\/2019\/wp-content\/uploads\/2019\/06\/GobiernoSpininna.jpg","datePublished":"2019-06-17T23:09:12+00:00","dateModified":"2019-06-17T23:09:30+00:00","breadcrumb":{"@id":"https:\/\/canal7slp.tv\/2019\/oea-reconoce-politicas-a-favor-de-la-ninez-y-juventud-en-slp\/#breadcrumb"},"inLanguage":"es","potentialAction":[{"@type":"ReadAction","target":["https:\/\/canal7slp.tv\/2019\/oea-reconoce-politicas-a-favor-de-la-ninez-y-juventud-en-slp\/"]}]},{"@type":"ImageObject","inLanguage":"es","@id":"https:\/\/canal7slp.tv\/2019\/oea-reconoce-politicas-a-favor-de-la-ninez-y-juventud-en-slp\/#primaryimage","url":"https:\/\/canal7slp.tv\/2019\/wp-content\/uploads\/2019\/06\/GobiernoSpininna.jpg","contentUrl":"https:\/\/canal7slp.tv\/2019\/wp-content\/uploads\/2019\/06\/GobiernoSpininna.jpg","width":800,"height":561},{"@type":"BreadcrumbList","@id":"https:\/\/canal7slp.tv\/2019\/oea-reconoce-politicas-a-favor-de-la-ninez-y-juventud-en-slp\/#breadcrumb","itemListElement":[{"@type":"ListItem","position":1,"name":"Home","item":"https:\/\/canal7slp.tv\/2019\/"},{"@type":"ListItem","position":2,"name":"OEA reconoce pol\u00edticas a favor de la ni\u00f1ez y juventud en SLP"}]},{"@type":"WebSite","@id":"https:\/\/canal7slp.tv\/2019\/#website","url":"https:\/\/canal7slp.tv\/2019\/","name":"Canal 7 SLP - Somos TV","description":"Somos un Canal de 10","publisher":{"@id":"https:\/\/canal7slp.tv\/2019\/#organization"},"potentialAction":[{"@type":"SearchAction","target":{"@type":"EntryPoint","urlTemplate":"https:\/\/canal7slp.tv\/2019\/?s={search_term_string}"},"query-input":{"@type":"PropertyValueSpecification","valueRequired":true,"valueName":"search_term_string"}}],"inLanguage":"es"},{"@type":"Organization","@id":"https:\/\/canal7slp.tv\/2019\/#organization","name":"Comunicaci\u00f3n 2000 S.A. de C.V.","url":"https:\/\/canal7slp.tv\/2019\/","logo":{"@type":"ImageObject","inLanguage":"es","@id":"https:\/\/canal7slp.tv\/2019\/#\/schema\/logo\/image\/","url":"https:\/\/canal7slp.tv\/2019\/wp-content\/uploads\/2019\/07\/logo-c7.png","contentUrl":"https:\/\/canal7slp.tv\/2019\/wp-content\/uploads\/2019\/07\/logo-c7.png","width":220,"height":60,"caption":"Comunicaci\u00f3n 2000 S.A. de C.V."},"image":{"@id":"https:\/\/canal7slp.tv\/2019\/#\/schema\/logo\/image\/"},"sameAs":["https:\/\/www.facebook.com\/CANAL7SLP\/","https:\/\/x.com\/canal7_slp","https:\/\/www.instagram.com\/canal7_slp","https:\/\/www.youtube.com\/user\/NOTICIEROSCANAL7SLP\/"]},{"@type":"Person","@id":"https:\/\/canal7slp.tv\/2019\/#\/schema\/person\/11d941c1c6ca30ac0a46b95fa37aa2e3","name":"edicionweb","image":{"@type":"ImageObject","inLanguage":"es","@id":"https:\/\/secure.gravatar.com\/avatar\/eee448fc3f7164808013b816ba91ac7e43bbe82a70bebac296f8bc6f0addaa1a?s=96&d=mm&r=g","url":"https:\/\/secure.gravatar.com\/avatar\/eee448fc3f7164808013b816ba91ac7e43bbe82a70bebac296f8bc6f0addaa1a?s=96&d=mm&r=g","contentUrl":"https:\/\/secure.gravatar.com\/avatar\/eee448fc3f7164808013b816ba91ac7e43bbe82a70bebac296f8bc6f0addaa1a?s=96&d=mm&r=g","caption":"edicionweb"}}]}},"amp_enabled":true,"cmb2":{"video_ids_in_playlist":{"vid_p_videos":""},"video_ids_in_channel":{"vid_c_videos":""},"playlist_ids_in_channel":{"vid_c_playlists":""},"series_ids_in_channel":{"vid_c_series":""},"channel_images":{"vid_c_logo":"","vid_c_banner":""},"poster_feature_image":{"vid_m_poster_image":""},"gif_feature_image":{"vid_m_gif_image":""},"video_movie_settings":{"vid_m_director":"","vid_m_actor":"","vid_m_imdb_ratings":"","vid_m_amazon_associates":""},"vid_youtube_broadcasts_settings":{"vid_yb_broadcast_title":"","vid_yb_q":"","vid_yb_channelid":"","vid_yb_videocategoryid":"","vid_yb_maxresults":"","vid_yb_order":"","vid_yb_regioncode":"","vid_yb_videosyndicated":"","vid_yb_style":"","vid_yb_reload_first":""},"video_series_settings":{"vid_m_director":"","vid_m_actor":"","vid_m_imdb_ratings":"","video_series_group":""},"amazon_associates_settings":{"amazon_associates":"","amazon_native_ad":""},"vid_youtube_automatic_settings":{"vid_ya_youtube_source":"","vid_ya_update_every":"","vid_ya_update_unit":"","vid_ya_categories":"","vid_ya_published_after":"","vid_ya_published_before":"","vid_ya_playlists":"","vid_ya_channels":"","vid_ya_director":"","vid_ya_actor":"","vid_ya_author":"","vid_ya_import_post_date":"","vid_ya_status":"","vid_ya_sub_api_key":""},"vid_ads_m_videoads_settings_post":{"vid_ads_m_video_ads":"","vid_ads_m_video_ads_type":"","vid_ads_m_group_google_ima":"","vid_ads_m_group_image":"","vid_ads_m_group_html5_video":"","vid_ads_m_group_html":"","vid_ads_m_vast_preroll":"","vid_ads_m_vast_postroll":"","vid_ads_m_vast_pauseroll":"","vid_ads_m_vast_midroll":[{"vid_ads_m_vast_timer_seconds":"50"}],"vid_ads_m_time_to_show_ads":"","vid_ads_m_time_skip_ads":"","vid_ads_m_time_to_hide_ads":""},"page_slider_settings":{"display_slider_group":"","page_slider_group":""},"blog_page_settings":{"blog_page_title":"","blog_page_heading":"","blog_page_ic":"","blog_page_it":"","blog_page_ec":"","blog_page_ip":"","archive_loop_style":"","blog_image_ratio":"","blog_show_categories":"","blog_show_excerpt":"","blog_show_author":"","blog_show_date":"","blog_show_comment_count":"","blog_show_view_count":"","blog_show_like_count":"","blog_show_dislike_count":"","blog_items_per_page":"","blog_pag_type":""},"page_options":{"get_page_template":"","color_mode":"","main_layout":"","main_layout_full_with":"","main_logo":"","main_logo_retina":"","main_logo_mobile":"","main_logo_mobile_retina":"","sticky_logo":"","sticky_logo_retina":"","main_nav_layout":"","ajax_search":"","header_background":"","theme_sidebar":"","instagram_feed":"","instagram_feed_position":"","popular_videos":"","popular_videos_title_1":"","popular_videos_title_2":"","popular_videos_ic":"","popular_videos_it":"","theme_background":"","page_custom_css":""},"feature_image_settings":{"feature_image_position":""},"video_player_settings":{"single_video_style":"","video_player_position":"","vm_video_url":"","video_player_library":"","video_streaming":"","vm_media_sources":"","vid_auto_play":"","vm_video_shortcode":"","vid_p_sync_playlist":"","vid_c_sync_channel":"","get_post_format":"","multiple_links_structure":"default","multi_links_title":"","vm_video_multi_links":"","vm_duration":"","vid_social_locker":"off","vid_social_locker_id":"","vid_membership_action":"content-video","vm_video_trailer_url":"","vid_download_type":"free","vid_download_target":"download","vid_woo_product":"","vm_media_download":"","user_rating":"","user_rating_position":"","user_rating_mode":"","user_rating_multi_sets":""},"video_auto_fetch_settings":{"vm_video_fetch":"on"},"video_fake_views_likes":{"vm_fake_views":"","vm_fake_likes":"","vm_fake_dislikes":""},"gallery_settings":{"gallery_position":""},"quote_settings":{"quote_position":""},"post_options":{"main_layout":"","main_logo":"","main_logo_retina":"","main_logo_mobile":"","main_logo_mobile_retina":"","sticky_logo":"","sticky_logo_retina":"","main_nav_layout":"","header_background":"","theme_sidebar":"","single_post_comment_type":"","theme_background":""}},"_links":{"self":[{"href":"https:\/\/canal7slp.tv\/2019\/wp-json\/wp\/v2\/posts\/16655","targetHints":{"allow":["GET"]}}],"collection":[{"href":"https:\/\/canal7slp.tv\/2019\/wp-json\/wp\/v2\/posts"}],"about":[{"href":"https:\/\/canal7slp.tv\/2019\/wp-json\/wp\/v2\/types\/post"}],"author":[{"embeddable":true,"href":"https:\/\/canal7slp.tv\/2019\/wp-json\/wp\/v2\/users\/2"}],"replies":[{"embeddable":true,"href":"https:\/\/canal7slp.tv\/2019\/wp-json\/wp\/v2\/comments?post=16655"}],"version-history":[{"count":0,"href":"https:\/\/canal7slp.tv\/2019\/wp-json\/wp\/v2\/posts\/16655\/revisions"}],"wp:featuredmedia":[{"embeddable":true,"href":"https:\/\/canal7slp.tv\/2019\/wp-json\/wp\/v2\/media\/16656"}],"wp:attachment":[{"href":"https:\/\/canal7slp.tv\/2019\/wp-json\/wp\/v2\/media?parent=16655"}],"wp:term":[{"taxonomy":"category","embeddable":true,"href":"https:\/\/canal7slp.tv\/2019\/wp-json\/wp\/v2\/categories?post=16655"},{"taxonomy":"post_tag","embeddable":true,"href":"https:\/\/canal7slp.tv\/2019\/wp-json\/wp\/v2\/tags?post=16655"}],"curies":[{"name":"wp","href":"https:\/\/api.w.org\/{rel}","templated":true}]}}