{"id":16313,"date":"2019-06-17T13:15:40","date_gmt":"2019-06-17T18:15:40","guid":{"rendered":"https:\/\/canal7slp.tv\/2019\/?p=16313"},"modified":"2019-06-17T13:15:40","modified_gmt":"2019-06-17T18:15:40","slug":"entrega-amlo-a-dos-municipios-de-oaxaca-25-6-mdp-recaudados-en-subasta","status":"publish","type":"post","link":"https:\/\/canal7slp.tv\/2019\/entrega-amlo-a-dos-municipios-de-oaxaca-25-6-mdp-recaudados-en-subasta\/","title":{"rendered":"Entrega AMLO a dos municipios de Oaxaca 25.6 mdp recaudados en subasta"},"content":{"rendered":"<p style=\"text-align: justify\">M\u00e9xico.- El presidente Andr\u00e9s Manuel L\u00f3pez Obrador entreg\u00f3 hoy recursos por un monto global de 25.6 millones de pesos a los municipios de Santos Reyes Yucun\u00e1 y Santa Mar\u00eda Zaniza, en Oaxaca, resultado de la subasta de autos de lujo realizada el pasado 26 de mayo.<\/p>\n<p style=\"text-align: justify\">Presidencia de la Rep\u00fablica ajust\u00f3 la cifra de lo entregado, de 28.4 millones de pesos a 25.6 debido a que uno de los compradores finalmente no realiz\u00f3 el pago por casi 2.8 millones en los que hab\u00eda ganado uno de los veh\u00edculos.<\/p>\n<p style=\"text-align: justify\">En su conferencia de prensa matutina en Palacio Nacional, el mandatario agradeci\u00f3 a quienes participaron en este evento realizado en el Centro Cultural Los Pinos, dado que al comprar los veh\u00edculos \u201ccontribuyen para que la gente que m\u00e1s lo necesita reciba estos apoyos\u201d.<\/p>\n<p style=\"text-align: justify\">Se trata de dos de los municipios m\u00e1s pobres del pa\u00eds. Los recursos fueron recibidos por Alberto Adelfo Mart\u00ednez Estrada, presidente municipal de Santos Reyes Yucun\u00e1, y Manuel Crist\u00f3bal V\u00e1zquez, alcalde de Santa Mar\u00eda Zaniza, a trav\u00e9s de sendos cheques.<\/p>\n<p style=\"text-align: justify\">Ambos presidentes municipales recibir\u00e1n los referidos recursos por un monto de 12 millones 836 mil 697 pesos, los cuales se utilizar\u00e1n para pavimentaci\u00f3n del municipio, en el caso de Santos Reyes Yucun\u00e1, y para agua y ba\u00f1os con mijitorios, porque no hay servicios de drenaje, en el caso de Santa Mar\u00eda Zaniza.<\/p>\n<p style=\"text-align: justify\">\u201cNosotros vamos a mejorar las calles porque el municipio no est\u00e1 pavimentado y durante las lluvias causa muchos problemas a la comunidad\u201d, dijo Mart\u00ednez Estrada, quien resalt\u00f3 que los recursos permitir\u00e1n pavimentar las calles aleda\u00f1as al centro del municipio.<\/p>\n<p style=\"text-align: justify\">\u201cSe mira mucho recurso, pero no va alcanzar para todas las comunidades, s\u00f3lo en el centro y de ah\u00ed buscaremos expandirlo, para ello se otorgar\u00e1 trabajo a todo el pueblo, aunque no tenemos un tiempo programado para terminar las obras\u201d, coment\u00f3 a Notimex.<\/p>\n<p style=\"text-align: justify\">Con una poblaci\u00f3n cercana a las dos mil 500 personas, en su mayor\u00eda mujeres dedicados al campo, Santos Reyes Yucan\u00e1 busca dejar de ser el municipio m\u00e1s pobre de Oaxaca, anot\u00f3 el mun\u00edcipe, quien junto con los miembros de su cabildo arrib\u00f3 a la medianoche de este domingo, luego de un trayecto de ocho horas.<\/p>\n<p style=\"text-align: justify\">En su turno, Crist\u00f3bal V\u00e1zquez, alcalde Santa Mar\u00eda Zaniza, que cuenta alto \u00edndice de emigraci\u00f3n, enumer\u00f3 los proyectos a los que destinar\u00e1n los 12 millones 836 mil 697 pesos: se utilizar\u00e1n para agua y construcci\u00f3n de ba\u00f1os con mijitorios, \u201cporque no tenemos drenaje\u201d, adem\u00e1s en educaci\u00f3n y salud.<\/p>\n<p style=\"text-align: justify\">Los ediles agradecieron el apoyo otorgado por Ejecutivo federal, dado que en el caso de Santos Reyes Yucun\u00e1, cumpli\u00f3 su promesa de campa\u00f1a de apoyarlos, y en Santa Mar\u00eda Zaniza (con casi mil 700 habitantes), si bien no los visit\u00f3 como candidato presidencial, se trata del primer presidente con el que han tenido contacto.<\/p>\n<p style=\"text-align: justify\">\u201cYo que tenga memoria no nos ha visitado ning\u00fan candidato a la presidencia, mucho menos un presidente (de la Rep\u00fablica). Mi pap\u00e1 me cuenta que en a\u00f1os muy atr\u00e1s nos visit\u00f3 el general L\u00e1zaro C\u00e1rdenas\u201d, abund\u00f3 Manuel Crist\u00f3bal V\u00e1zquez.<\/p>\n<p style=\"text-align: justify\">A su vez, el director general del Servicio de Administraci\u00f3n y Enajenaci\u00f3n (SAE), Ricardo Rodr\u00edguez Vargas, indic\u00f3 que a las 12:00 horas de este lunes, se entregar\u00e1n los referidos recursos a las dos comunidades.<\/p>\n<p style=\"text-align: justify\">Expres\u00f3 que ser\u00e1 a la Auditor\u00eda Superior de la Federaci\u00f3n y en su caso, al \u00f3rgano de control interno de la Auditor\u00eda de Oaxaca, a la que deber\u00e1n \u201crendir cuentas\u201d del destino del dinero.<\/p>\n<p style=\"text-align: justify\">\u201cHoy ya tendr\u00e1n los recursos disponibles\u201d, anot\u00f3 el tambi\u00e9n coordinador del Instituto para Devolverle al Pueblo lo Robado, al destacar la importancia de que el SAE forme parte de esta labor de apoyo a las comunidades que m\u00e1s lo necesitan.<\/p>\n<p style=\"text-align: justify\">Por otra parte, dio a conocer que la pr\u00f3xima subasta de inmuebles que se llevar\u00e1 a cabo el pr\u00f3ximo domingo 23 de junio, cuyos recursos se destinar\u00e1n a los municipios m\u00e1s pobres de la sierra del estado de Guerrero.<\/p>\n<p style=\"text-align: justify\">Asegur\u00f3 que los inmuebles a subastar son producto de aseguramientos por delincuencia organizada y delitos contra la salud.<\/p>\n<p style=\"text-align: justify\">Detall\u00f3 que para ello se subastar\u00e1 una casa en Los Cabos, Baja California Sur, por un monto de 15 millones de pesos, as\u00ed como tres casas en Metepec, Estado de M\u00e9xico, una de ellas valuada en 21 millones de pesos y, un inmueble en Canc\u00fan, Quintana Roo, por casi 10 millones de pesos.<\/p>\n<p style=\"text-align: justify\">Adem\u00e1s, hay una casa ubicada en Jardines del Pedregal, valuada en 14 millones de pesos. \u201cEn suma, la cantidad por este primer bloque que esperamos recaudar son por 93.5 millones de pesos\u201d, anot\u00f3.<\/p>\n<p style=\"text-align: justify\">Indic\u00f3 que entre los bienes inmuebles que se subastar\u00e1n en la segunda parte, se ubican 12 bienes: 11 en extinci\u00f3n de dominio y un decomiso.<\/p>\n<p style=\"text-align: justify\">Los recursos que se obtengan de este \u00faltimo, ser\u00e1n entregados en cuatro partes iguales: al Poder Judicial, Fiscal\u00eda General de la Rep\u00fablica (FGR), a la Secretar\u00eda de Salud y al Fondo previsto para la Ley General de V\u00edctimas.<\/p>\n<p style=\"text-align: justify\">Lo que se recaude de los 11 restantes bienes en extinci\u00f3n de dominio, ser\u00e1n destinados al Fondo de Apoyo a la Asistencia de las V\u00edctimas de Delitos conforme a la Ley de extinci\u00f3n de dominio. \u201cAh\u00ed esperamos recaudar son alrededor de 75 millones de pesos\u201d, anot\u00f3.<\/p>\n<p style=\"text-align: justify\">Entre los bienes inmuebles que ser\u00e1n subastados est\u00e1n el Rancho en donde se grab\u00f3 la pel\u00edcula \u201cLos Tres Garc\u00eda\u201d, ubicado en Naucalpan, Estado de M\u00e9xico, por un monto de inicial de 32 millones de pesos.<\/p>\n","protected":false},"excerpt":{"rendered":"<p>M\u00e9xico.- El presidente Andr\u00e9s Manuel L\u00f3pez Obrador entreg\u00f3 hoy recursos por un monto global de 25.6 millones de pesos a los municipios de Santos Reyes Yucun\u00e1 y Santa Mar\u00eda Zaniza, en Oaxaca, resultado de la subasta de autos de lujo realizada el pasado 26 de mayo. Presidencia de la Rep\u00fablica ajust\u00f3 la cifra de lo [&hellip;]<\/p>\n","protected":false},"author":2,"featured_media":16314,"comment_status":"open","ping_status":"closed","sticky":false,"template":"","format":"standard","meta":{"footnotes":""},"categories":[30],"tags":[],"class_list":["post-16313","post","type-post","status-publish","format-standard","has-post-thumbnail","hentry","category-nacional"],"yoast_head":"<!-- This site is optimized with the Yoast SEO plugin v27.5 - https:\/\/yoast.com\/product\/yoast-seo-wordpress\/ -->\n<title>Entrega AMLO a dos municipios de Oaxaca 25.6 mdp recaudados en subasta - Canal 7 SLP - 2019<\/title>\n<meta name=\"robots\" content=\"index, follow, max-snippet:-1, max-image-preview:large, max-video-preview:-1\" \/>\n<link rel=\"canonical\" href=\"https:\/\/canal7slp.tv\/2019\/entrega-amlo-a-dos-municipios-de-oaxaca-25-6-mdp-recaudados-en-subasta\/\" \/>\n<meta property=\"og:locale\" content=\"es_ES\" \/>\n<meta property=\"og:type\" content=\"article\" \/>\n<meta property=\"og:title\" content=\"Entrega AMLO a dos municipios de Oaxaca 25.6 mdp recaudados en subasta - Canal 7 SLP - 2019\" \/>\n<meta property=\"og:description\" content=\"M\u00e9xico.- El presidente Andr\u00e9s Manuel L\u00f3pez Obrador entreg\u00f3 hoy recursos por un monto global de 25.6 millones de pesos a los municipios de Santos Reyes Yucun\u00e1 y Santa Mar\u00eda Zaniza, en Oaxaca, resultado de la subasta de autos de lujo realizada el pasado 26 de mayo. Presidencia de la Rep\u00fablica ajust\u00f3 la cifra de lo [&hellip;]\" \/>\n<meta property=\"og:url\" content=\"https:\/\/canal7slp.tv\/2019\/entrega-amlo-a-dos-municipios-de-oaxaca-25-6-mdp-recaudados-en-subasta\/\" \/>\n<meta property=\"og:site_name\" content=\"Canal 7 SLP - 2019\" \/>\n<meta property=\"article:publisher\" content=\"https:\/\/www.facebook.com\/CANAL7SLP\/\" \/>\n<meta property=\"article:published_time\" content=\"2019-06-17T18:15:40+00:00\" \/>\n<meta property=\"og:image\" content=\"https:\/\/canal7slp.tv\/2019\/wp-content\/uploads\/2019\/06\/90617032.jpg\" \/>\n\t<meta property=\"og:image:width\" content=\"800\" \/>\n\t<meta property=\"og:image:height\" content=\"533\" \/>\n\t<meta property=\"og:image:type\" content=\"image\/jpeg\" \/>\n<meta name=\"author\" content=\"edicionweb\" \/>\n<meta name=\"twitter:card\" content=\"summary_large_image\" \/>\n<meta name=\"twitter:creator\" content=\"@canal7_slp\" \/>\n<meta name=\"twitter:site\" content=\"@canal7_slp\" \/>\n<meta name=\"twitter:label1\" content=\"Escrito por\" \/>\n\t<meta name=\"twitter:data1\" content=\"edicionweb\" \/>\n\t<meta name=\"twitter:label2\" content=\"Tiempo de lectura\" \/>\n\t<meta name=\"twitter:data2\" content=\"5 minutos\" \/>\n<script type=\"application\/ld+json\" class=\"yoast-schema-graph\">{\"@context\":\"https:\\\/\\\/schema.org\",\"@graph\":[{\"@type\":\"Article\",\"@id\":\"https:\\\/\\\/canal7slp.tv\\\/2019\\\/entrega-amlo-a-dos-municipios-de-oaxaca-25-6-mdp-recaudados-en-subasta\\\/#article\",\"isPartOf\":{\"@id\":\"https:\\\/\\\/canal7slp.tv\\\/2019\\\/entrega-amlo-a-dos-municipios-de-oaxaca-25-6-mdp-recaudados-en-subasta\\\/\"},\"author\":{\"name\":\"edicionweb\",\"@id\":\"https:\\\/\\\/canal7slp.tv\\\/2019\\\/#\\\/schema\\\/person\\\/11d941c1c6ca30ac0a46b95fa37aa2e3\"},\"headline\":\"Entrega AMLO a dos municipios de Oaxaca 25.6 mdp recaudados en subasta\",\"datePublished\":\"2019-06-17T18:15:40+00:00\",\"mainEntityOfPage\":{\"@id\":\"https:\\\/\\\/canal7slp.tv\\\/2019\\\/entrega-amlo-a-dos-municipios-de-oaxaca-25-6-mdp-recaudados-en-subasta\\\/\"},\"wordCount\":966,\"commentCount\":0,\"publisher\":{\"@id\":\"https:\\\/\\\/canal7slp.tv\\\/2019\\\/#organization\"},\"image\":{\"@id\":\"https:\\\/\\\/canal7slp.tv\\\/2019\\\/entrega-amlo-a-dos-municipios-de-oaxaca-25-6-mdp-recaudados-en-subasta\\\/#primaryimage\"},\"thumbnailUrl\":\"https:\\\/\\\/canal7slp.tv\\\/2019\\\/wp-content\\\/uploads\\\/2019\\\/06\\\/90617032.jpg\",\"articleSection\":[\"NACIONAL\"],\"inLanguage\":\"es\",\"potentialAction\":[{\"@type\":\"CommentAction\",\"name\":\"Comment\",\"target\":[\"https:\\\/\\\/canal7slp.tv\\\/2019\\\/entrega-amlo-a-dos-municipios-de-oaxaca-25-6-mdp-recaudados-en-subasta\\\/#respond\"]}]},{\"@type\":\"WebPage\",\"@id\":\"https:\\\/\\\/canal7slp.tv\\\/2019\\\/entrega-amlo-a-dos-municipios-de-oaxaca-25-6-mdp-recaudados-en-subasta\\\/\",\"url\":\"https:\\\/\\\/canal7slp.tv\\\/2019\\\/entrega-amlo-a-dos-municipios-de-oaxaca-25-6-mdp-recaudados-en-subasta\\\/\",\"name\":\"Entrega AMLO a dos municipios de Oaxaca 25.6 mdp recaudados en subasta - Canal 7 SLP - 2019\",\"isPartOf\":{\"@id\":\"https:\\\/\\\/canal7slp.tv\\\/2019\\\/#website\"},\"primaryImageOfPage\":{\"@id\":\"https:\\\/\\\/canal7slp.tv\\\/2019\\\/entrega-amlo-a-dos-municipios-de-oaxaca-25-6-mdp-recaudados-en-subasta\\\/#primaryimage\"},\"image\":{\"@id\":\"https:\\\/\\\/canal7slp.tv\\\/2019\\\/entrega-amlo-a-dos-municipios-de-oaxaca-25-6-mdp-recaudados-en-subasta\\\/#primaryimage\"},\"thumbnailUrl\":\"https:\\\/\\\/canal7slp.tv\\\/2019\\\/wp-content\\\/uploads\\\/2019\\\/06\\\/90617032.jpg\",\"datePublished\":\"2019-06-17T18:15:40+00:00\",\"breadcrumb\":{\"@id\":\"https:\\\/\\\/canal7slp.tv\\\/2019\\\/entrega-amlo-a-dos-municipios-de-oaxaca-25-6-mdp-recaudados-en-subasta\\\/#breadcrumb\"},\"inLanguage\":\"es\",\"potentialAction\":[{\"@type\":\"ReadAction\",\"target\":[\"https:\\\/\\\/canal7slp.tv\\\/2019\\\/entrega-amlo-a-dos-municipios-de-oaxaca-25-6-mdp-recaudados-en-subasta\\\/\"]}]},{\"@type\":\"ImageObject\",\"inLanguage\":\"es\",\"@id\":\"https:\\\/\\\/canal7slp.tv\\\/2019\\\/entrega-amlo-a-dos-municipios-de-oaxaca-25-6-mdp-recaudados-en-subasta\\\/#primaryimage\",\"url\":\"https:\\\/\\\/canal7slp.tv\\\/2019\\\/wp-content\\\/uploads\\\/2019\\\/06\\\/90617032.jpg\",\"contentUrl\":\"https:\\\/\\\/canal7slp.tv\\\/2019\\\/wp-content\\\/uploads\\\/2019\\\/06\\\/90617032.jpg\",\"width\":800,\"height\":533,\"caption\":\"90617032. M\u00e9xico, 17 Jun 2019 (Notimex- Guillermo Granados).- El presidente Andr\u00e9s Manuel L\u00f3pez Obrador, entreg\u00f3 lo recaudado en la subasta de autos de lujo por medio del Instituto para Devolverle al Pueblo lo Robado; beneficiar\u00e1 a los municipios de Oaxaca, Santos Reyes, Yucan\u00e1 Y Santa Mar\u00eda Zaniza. NOTIMEX\\\/FOTO\\\/GUILLERMO GRANADOS\\\/GGV\\\/POL\\\/4T\\\/\"},{\"@type\":\"BreadcrumbList\",\"@id\":\"https:\\\/\\\/canal7slp.tv\\\/2019\\\/entrega-amlo-a-dos-municipios-de-oaxaca-25-6-mdp-recaudados-en-subasta\\\/#breadcrumb\",\"itemListElement\":[{\"@type\":\"ListItem\",\"position\":1,\"name\":\"Home\",\"item\":\"https:\\\/\\\/canal7slp.tv\\\/2019\\\/\"},{\"@type\":\"ListItem\",\"position\":2,\"name\":\"Entrega AMLO a dos municipios de Oaxaca 25.6 mdp recaudados en subasta\"}]},{\"@type\":\"WebSite\",\"@id\":\"https:\\\/\\\/canal7slp.tv\\\/2019\\\/#website\",\"url\":\"https:\\\/\\\/canal7slp.tv\\\/2019\\\/\",\"name\":\"Canal 7 SLP - Somos TV\",\"description\":\"Somos un Canal de 10\",\"publisher\":{\"@id\":\"https:\\\/\\\/canal7slp.tv\\\/2019\\\/#organization\"},\"potentialAction\":[{\"@type\":\"SearchAction\",\"target\":{\"@type\":\"EntryPoint\",\"urlTemplate\":\"https:\\\/\\\/canal7slp.tv\\\/2019\\\/?s={search_term_string}\"},\"query-input\":{\"@type\":\"PropertyValueSpecification\",\"valueRequired\":true,\"valueName\":\"search_term_string\"}}],\"inLanguage\":\"es\"},{\"@type\":\"Organization\",\"@id\":\"https:\\\/\\\/canal7slp.tv\\\/2019\\\/#organization\",\"name\":\"Comunicaci\u00f3n 2000 S.A. de C.V.\",\"url\":\"https:\\\/\\\/canal7slp.tv\\\/2019\\\/\",\"logo\":{\"@type\":\"ImageObject\",\"inLanguage\":\"es\",\"@id\":\"https:\\\/\\\/canal7slp.tv\\\/2019\\\/#\\\/schema\\\/logo\\\/image\\\/\",\"url\":\"https:\\\/\\\/canal7slp.tv\\\/2019\\\/wp-content\\\/uploads\\\/2019\\\/07\\\/logo-c7.png\",\"contentUrl\":\"https:\\\/\\\/canal7slp.tv\\\/2019\\\/wp-content\\\/uploads\\\/2019\\\/07\\\/logo-c7.png\",\"width\":220,\"height\":60,\"caption\":\"Comunicaci\u00f3n 2000 S.A. de C.V.\"},\"image\":{\"@id\":\"https:\\\/\\\/canal7slp.tv\\\/2019\\\/#\\\/schema\\\/logo\\\/image\\\/\"},\"sameAs\":[\"https:\\\/\\\/www.facebook.com\\\/CANAL7SLP\\\/\",\"https:\\\/\\\/x.com\\\/canal7_slp\",\"https:\\\/\\\/www.instagram.com\\\/canal7_slp\",\"https:\\\/\\\/www.youtube.com\\\/user\\\/NOTICIEROSCANAL7SLP\\\/\"]},{\"@type\":\"Person\",\"@id\":\"https:\\\/\\\/canal7slp.tv\\\/2019\\\/#\\\/schema\\\/person\\\/11d941c1c6ca30ac0a46b95fa37aa2e3\",\"name\":\"edicionweb\",\"image\":{\"@type\":\"ImageObject\",\"inLanguage\":\"es\",\"@id\":\"https:\\\/\\\/secure.gravatar.com\\\/avatar\\\/eee448fc3f7164808013b816ba91ac7e43bbe82a70bebac296f8bc6f0addaa1a?s=96&d=mm&r=g\",\"url\":\"https:\\\/\\\/secure.gravatar.com\\\/avatar\\\/eee448fc3f7164808013b816ba91ac7e43bbe82a70bebac296f8bc6f0addaa1a?s=96&d=mm&r=g\",\"contentUrl\":\"https:\\\/\\\/secure.gravatar.com\\\/avatar\\\/eee448fc3f7164808013b816ba91ac7e43bbe82a70bebac296f8bc6f0addaa1a?s=96&d=mm&r=g\",\"caption\":\"edicionweb\"}}]}<\/script>\n<!-- \/ Yoast SEO plugin. -->","yoast_head_json":{"title":"Entrega AMLO a dos municipios de Oaxaca 25.6 mdp recaudados en subasta - Canal 7 SLP - 2019","robots":{"index":"index","follow":"follow","max-snippet":"max-snippet:-1","max-image-preview":"max-image-preview:large","max-video-preview":"max-video-preview:-1"},"canonical":"https:\/\/canal7slp.tv\/2019\/entrega-amlo-a-dos-municipios-de-oaxaca-25-6-mdp-recaudados-en-subasta\/","og_locale":"es_ES","og_type":"article","og_title":"Entrega AMLO a dos municipios de Oaxaca 25.6 mdp recaudados en subasta - Canal 7 SLP - 2019","og_description":"M\u00e9xico.- El presidente Andr\u00e9s Manuel L\u00f3pez Obrador entreg\u00f3 hoy recursos por un monto global de 25.6 millones de pesos a los municipios de Santos Reyes Yucun\u00e1 y Santa Mar\u00eda Zaniza, en Oaxaca, resultado de la subasta de autos de lujo realizada el pasado 26 de mayo. Presidencia de la Rep\u00fablica ajust\u00f3 la cifra de lo [&hellip;]","og_url":"https:\/\/canal7slp.tv\/2019\/entrega-amlo-a-dos-municipios-de-oaxaca-25-6-mdp-recaudados-en-subasta\/","og_site_name":"Canal 7 SLP - 2019","article_publisher":"https:\/\/www.facebook.com\/CANAL7SLP\/","article_published_time":"2019-06-17T18:15:40+00:00","og_image":[{"width":800,"height":533,"url":"https:\/\/canal7slp.tv\/2019\/wp-content\/uploads\/2019\/06\/90617032.jpg","type":"image\/jpeg"}],"author":"edicionweb","twitter_card":"summary_large_image","twitter_creator":"@canal7_slp","twitter_site":"@canal7_slp","twitter_misc":{"Escrito por":"edicionweb","Tiempo de lectura":"5 minutos"},"schema":{"@context":"https:\/\/schema.org","@graph":[{"@type":"Article","@id":"https:\/\/canal7slp.tv\/2019\/entrega-amlo-a-dos-municipios-de-oaxaca-25-6-mdp-recaudados-en-subasta\/#article","isPartOf":{"@id":"https:\/\/canal7slp.tv\/2019\/entrega-amlo-a-dos-municipios-de-oaxaca-25-6-mdp-recaudados-en-subasta\/"},"author":{"name":"edicionweb","@id":"https:\/\/canal7slp.tv\/2019\/#\/schema\/person\/11d941c1c6ca30ac0a46b95fa37aa2e3"},"headline":"Entrega AMLO a dos municipios de Oaxaca 25.6 mdp recaudados en subasta","datePublished":"2019-06-17T18:15:40+00:00","mainEntityOfPage":{"@id":"https:\/\/canal7slp.tv\/2019\/entrega-amlo-a-dos-municipios-de-oaxaca-25-6-mdp-recaudados-en-subasta\/"},"wordCount":966,"commentCount":0,"publisher":{"@id":"https:\/\/canal7slp.tv\/2019\/#organization"},"image":{"@id":"https:\/\/canal7slp.tv\/2019\/entrega-amlo-a-dos-municipios-de-oaxaca-25-6-mdp-recaudados-en-subasta\/#primaryimage"},"thumbnailUrl":"https:\/\/canal7slp.tv\/2019\/wp-content\/uploads\/2019\/06\/90617032.jpg","articleSection":["NACIONAL"],"inLanguage":"es","potentialAction":[{"@type":"CommentAction","name":"Comment","target":["https:\/\/canal7slp.tv\/2019\/entrega-amlo-a-dos-municipios-de-oaxaca-25-6-mdp-recaudados-en-subasta\/#respond"]}]},{"@type":"WebPage","@id":"https:\/\/canal7slp.tv\/2019\/entrega-amlo-a-dos-municipios-de-oaxaca-25-6-mdp-recaudados-en-subasta\/","url":"https:\/\/canal7slp.tv\/2019\/entrega-amlo-a-dos-municipios-de-oaxaca-25-6-mdp-recaudados-en-subasta\/","name":"Entrega AMLO a dos municipios de Oaxaca 25.6 mdp recaudados en subasta - Canal 7 SLP - 2019","isPartOf":{"@id":"https:\/\/canal7slp.tv\/2019\/#website"},"primaryImageOfPage":{"@id":"https:\/\/canal7slp.tv\/2019\/entrega-amlo-a-dos-municipios-de-oaxaca-25-6-mdp-recaudados-en-subasta\/#primaryimage"},"image":{"@id":"https:\/\/canal7slp.tv\/2019\/entrega-amlo-a-dos-municipios-de-oaxaca-25-6-mdp-recaudados-en-subasta\/#primaryimage"},"thumbnailUrl":"https:\/\/canal7slp.tv\/2019\/wp-content\/uploads\/2019\/06\/90617032.jpg","datePublished":"2019-06-17T18:15:40+00:00","breadcrumb":{"@id":"https:\/\/canal7slp.tv\/2019\/entrega-amlo-a-dos-municipios-de-oaxaca-25-6-mdp-recaudados-en-subasta\/#breadcrumb"},"inLanguage":"es","potentialAction":[{"@type":"ReadAction","target":["https:\/\/canal7slp.tv\/2019\/entrega-amlo-a-dos-municipios-de-oaxaca-25-6-mdp-recaudados-en-subasta\/"]}]},{"@type":"ImageObject","inLanguage":"es","@id":"https:\/\/canal7slp.tv\/2019\/entrega-amlo-a-dos-municipios-de-oaxaca-25-6-mdp-recaudados-en-subasta\/#primaryimage","url":"https:\/\/canal7slp.tv\/2019\/wp-content\/uploads\/2019\/06\/90617032.jpg","contentUrl":"https:\/\/canal7slp.tv\/2019\/wp-content\/uploads\/2019\/06\/90617032.jpg","width":800,"height":533,"caption":"90617032. M\u00e9xico, 17 Jun 2019 (Notimex- Guillermo Granados).- El presidente Andr\u00e9s Manuel L\u00f3pez Obrador, entreg\u00f3 lo recaudado en la subasta de autos de lujo por medio del Instituto para Devolverle al Pueblo lo Robado; beneficiar\u00e1 a los municipios de Oaxaca, Santos Reyes, Yucan\u00e1 Y Santa Mar\u00eda Zaniza. NOTIMEX\/FOTO\/GUILLERMO GRANADOS\/GGV\/POL\/4T\/"},{"@type":"BreadcrumbList","@id":"https:\/\/canal7slp.tv\/2019\/entrega-amlo-a-dos-municipios-de-oaxaca-25-6-mdp-recaudados-en-subasta\/#breadcrumb","itemListElement":[{"@type":"ListItem","position":1,"name":"Home","item":"https:\/\/canal7slp.tv\/2019\/"},{"@type":"ListItem","position":2,"name":"Entrega AMLO a dos municipios de Oaxaca 25.6 mdp recaudados en subasta"}]},{"@type":"WebSite","@id":"https:\/\/canal7slp.tv\/2019\/#website","url":"https:\/\/canal7slp.tv\/2019\/","name":"Canal 7 SLP - Somos TV","description":"Somos un Canal de 10","publisher":{"@id":"https:\/\/canal7slp.tv\/2019\/#organization"},"potentialAction":[{"@type":"SearchAction","target":{"@type":"EntryPoint","urlTemplate":"https:\/\/canal7slp.tv\/2019\/?s={search_term_string}"},"query-input":{"@type":"PropertyValueSpecification","valueRequired":true,"valueName":"search_term_string"}}],"inLanguage":"es"},{"@type":"Organization","@id":"https:\/\/canal7slp.tv\/2019\/#organization","name":"Comunicaci\u00f3n 2000 S.A. de C.V.","url":"https:\/\/canal7slp.tv\/2019\/","logo":{"@type":"ImageObject","inLanguage":"es","@id":"https:\/\/canal7slp.tv\/2019\/#\/schema\/logo\/image\/","url":"https:\/\/canal7slp.tv\/2019\/wp-content\/uploads\/2019\/07\/logo-c7.png","contentUrl":"https:\/\/canal7slp.tv\/2019\/wp-content\/uploads\/2019\/07\/logo-c7.png","width":220,"height":60,"caption":"Comunicaci\u00f3n 2000 S.A. de C.V."},"image":{"@id":"https:\/\/canal7slp.tv\/2019\/#\/schema\/logo\/image\/"},"sameAs":["https:\/\/www.facebook.com\/CANAL7SLP\/","https:\/\/x.com\/canal7_slp","https:\/\/www.instagram.com\/canal7_slp","https:\/\/www.youtube.com\/user\/NOTICIEROSCANAL7SLP\/"]},{"@type":"Person","@id":"https:\/\/canal7slp.tv\/2019\/#\/schema\/person\/11d941c1c6ca30ac0a46b95fa37aa2e3","name":"edicionweb","image":{"@type":"ImageObject","inLanguage":"es","@id":"https:\/\/secure.gravatar.com\/avatar\/eee448fc3f7164808013b816ba91ac7e43bbe82a70bebac296f8bc6f0addaa1a?s=96&d=mm&r=g","url":"https:\/\/secure.gravatar.com\/avatar\/eee448fc3f7164808013b816ba91ac7e43bbe82a70bebac296f8bc6f0addaa1a?s=96&d=mm&r=g","contentUrl":"https:\/\/secure.gravatar.com\/avatar\/eee448fc3f7164808013b816ba91ac7e43bbe82a70bebac296f8bc6f0addaa1a?s=96&d=mm&r=g","caption":"edicionweb"}}]}},"amp_enabled":true,"cmb2":{"video_ids_in_playlist":{"vid_p_videos":""},"video_ids_in_channel":{"vid_c_videos":""},"playlist_ids_in_channel":{"vid_c_playlists":""},"series_ids_in_channel":{"vid_c_series":""},"channel_images":{"vid_c_logo":"","vid_c_banner":""},"poster_feature_image":{"vid_m_poster_image":""},"gif_feature_image":{"vid_m_gif_image":""},"video_movie_settings":{"vid_m_director":"","vid_m_actor":"","vid_m_imdb_ratings":"","vid_m_amazon_associates":""},"vid_youtube_broadcasts_settings":{"vid_yb_broadcast_title":"","vid_yb_q":"","vid_yb_channelid":"","vid_yb_videocategoryid":"","vid_yb_maxresults":"","vid_yb_order":"","vid_yb_regioncode":"","vid_yb_videosyndicated":"","vid_yb_style":"","vid_yb_reload_first":""},"video_series_settings":{"vid_m_director":"","vid_m_actor":"","vid_m_imdb_ratings":"","video_series_group":""},"amazon_associates_settings":{"amazon_associates":"","amazon_native_ad":""},"vid_youtube_automatic_settings":{"vid_ya_youtube_source":"","vid_ya_update_every":"","vid_ya_update_unit":"","vid_ya_categories":"","vid_ya_published_after":"","vid_ya_published_before":"","vid_ya_playlists":"","vid_ya_channels":"","vid_ya_director":"","vid_ya_actor":"","vid_ya_author":"","vid_ya_import_post_date":"","vid_ya_status":"","vid_ya_sub_api_key":""},"vid_ads_m_videoads_settings_post":{"vid_ads_m_video_ads":"","vid_ads_m_video_ads_type":"","vid_ads_m_group_google_ima":"","vid_ads_m_group_image":"","vid_ads_m_group_html5_video":"","vid_ads_m_group_html":"","vid_ads_m_vast_preroll":"","vid_ads_m_vast_postroll":"","vid_ads_m_vast_pauseroll":"","vid_ads_m_vast_midroll":[{"vid_ads_m_vast_timer_seconds":"50"}],"vid_ads_m_time_to_show_ads":"","vid_ads_m_time_skip_ads":"","vid_ads_m_time_to_hide_ads":""},"page_slider_settings":{"display_slider_group":"","page_slider_group":""},"blog_page_settings":{"blog_page_title":"","blog_page_heading":"","blog_page_ic":"","blog_page_it":"","blog_page_ec":"","blog_page_ip":"","archive_loop_style":"","blog_image_ratio":"","blog_show_categories":"","blog_show_excerpt":"","blog_show_author":"","blog_show_date":"","blog_show_comment_count":"","blog_show_view_count":"","blog_show_like_count":"","blog_show_dislike_count":"","blog_items_per_page":"","blog_pag_type":""},"page_options":{"get_page_template":"","color_mode":"","main_layout":"","main_layout_full_with":"","main_logo":"","main_logo_retina":"","main_logo_mobile":"","main_logo_mobile_retina":"","sticky_logo":"","sticky_logo_retina":"","main_nav_layout":"","ajax_search":"","header_background":"","theme_sidebar":"","instagram_feed":"","instagram_feed_position":"","popular_videos":"","popular_videos_title_1":"","popular_videos_title_2":"","popular_videos_ic":"","popular_videos_it":"","theme_background":"","page_custom_css":""},"feature_image_settings":{"feature_image_position":""},"video_player_settings":{"single_video_style":"","video_player_position":"","vm_video_url":"","video_player_library":"","video_streaming":"","vm_media_sources":"","vid_auto_play":"","vm_video_shortcode":"","vid_p_sync_playlist":"","vid_c_sync_channel":"","get_post_format":"","multiple_links_structure":"default","multi_links_title":"","vm_video_multi_links":"","vm_duration":"","vid_social_locker":"off","vid_social_locker_id":"","vid_membership_action":"content-video","vm_video_trailer_url":"","vid_download_type":"free","vid_download_target":"download","vid_woo_product":"","vm_media_download":"","user_rating":"","user_rating_position":"","user_rating_mode":"","user_rating_multi_sets":""},"video_auto_fetch_settings":{"vm_video_fetch":"on"},"video_fake_views_likes":{"vm_fake_views":"","vm_fake_likes":"","vm_fake_dislikes":""},"gallery_settings":{"gallery_position":""},"quote_settings":{"quote_position":""},"post_options":{"main_layout":"","main_logo":"","main_logo_retina":"","main_logo_mobile":"","main_logo_mobile_retina":"","sticky_logo":"","sticky_logo_retina":"","main_nav_layout":"","header_background":"","theme_sidebar":"","single_post_comment_type":"","theme_background":""}},"_links":{"self":[{"href":"https:\/\/canal7slp.tv\/2019\/wp-json\/wp\/v2\/posts\/16313","targetHints":{"allow":["GET"]}}],"collection":[{"href":"https:\/\/canal7slp.tv\/2019\/wp-json\/wp\/v2\/posts"}],"about":[{"href":"https:\/\/canal7slp.tv\/2019\/wp-json\/wp\/v2\/types\/post"}],"author":[{"embeddable":true,"href":"https:\/\/canal7slp.tv\/2019\/wp-json\/wp\/v2\/users\/2"}],"replies":[{"embeddable":true,"href":"https:\/\/canal7slp.tv\/2019\/wp-json\/wp\/v2\/comments?post=16313"}],"version-history":[{"count":0,"href":"https:\/\/canal7slp.tv\/2019\/wp-json\/wp\/v2\/posts\/16313\/revisions"}],"wp:featuredmedia":[{"embeddable":true,"href":"https:\/\/canal7slp.tv\/2019\/wp-json\/wp\/v2\/media\/16314"}],"wp:attachment":[{"href":"https:\/\/canal7slp.tv\/2019\/wp-json\/wp\/v2\/media?parent=16313"}],"wp:term":[{"taxonomy":"category","embeddable":true,"href":"https:\/\/canal7slp.tv\/2019\/wp-json\/wp\/v2\/categories?post=16313"},{"taxonomy":"post_tag","embeddable":true,"href":"https:\/\/canal7slp.tv\/2019\/wp-json\/wp\/v2\/tags?post=16313"}],"curies":[{"name":"wp","href":"https:\/\/api.w.org\/{rel}","templated":true}]}}