{"id":16289,"date":"2019-06-17T12:43:25","date_gmt":"2019-06-17T17:43:25","guid":{"rendered":"https:\/\/canal7slp.tv\/2019\/?p=16289"},"modified":"2019-06-17T12:43:25","modified_gmt":"2019-06-17T17:43:25","slug":"con-homenaje-reviven-a-celia-cruz-en-el-teatro-metropolitan","status":"publish","type":"post","link":"https:\/\/canal7slp.tv\/2019\/con-homenaje-reviven-a-celia-cruz-en-el-teatro-metropolitan\/","title":{"rendered":"Con homenaje, &#8220;reviven&#8221; a Celia Cruz en el Teatro Metrop\u00f3litan"},"content":{"rendered":"<p style=\"text-align: justify\">M\u00e9xico.- Con m\u00fasica, an\u00e9cdotas y ritmos caribe\u00f1os, Celia Cruz, la llamada &#8220;Reina de la Salsa&#8221;, recibi\u00f3 un homenaje p\u00f3stumo este domingo en la Ciudad de M\u00e9xico, en donde se afirm\u00f3 que su legado sigue vivo a trav\u00e9s de sus interpretaciones.<\/p>\n<p style=\"text-align: justify\">Con un recorrido por sus temas ic\u00f3nicos, el p\u00fablico mexicano\u00a0disfrut\u00f3\u00a0de una velada\u00a0en la que imper\u00f3 la alegr\u00eda, con una orquesta en vivo en el espect\u00e1culo &#8220;Celia Cruz, el musical&#8221;, que\u00a0recibi\u00f3 el aplauso de los asistentes al Teatro Metrop\u00f3litan.<\/p>\n<p style=\"text-align: justify\">Los\u00a0fans\u00a0llegaron\u00a0a tiempo\u00a0al recinto capitalino para disfrutar de esta \u00fanica fecha del espect\u00e1culo que se ha ofrecido en otros pa\u00edses.<\/p>\n<p style=\"text-align: justify\">Tras el anuncio de la tercera llamada inici\u00f3 el concierto, que incluy\u00f3 m\u00e1s de 20 melod\u00edas en donde se conjugaron juegos de luces y\u00a0el carisma de la cantante Lucrecia, quien durante dos horas encarn\u00f3 a Celia Cruz.<\/p>\n<p style=\"text-align: justify\">Adem\u00e1s conmovi\u00f3 al p\u00fablico con an\u00e9cdotas de la infancia de la estrella cubana que muri\u00f3 en 2003, desde su juventud, pasando por sus inicios en la m\u00fasica, el cl\u00edmax de su carrera, hasta momentos antes de su muerte.<\/p>\n<p style=\"text-align: justify\">Aproximadamente a las 18:21 horas las luces se apagaron y la orquesta comenz\u00f3 a\u00a0poner ritmo a la velada\u00a0y dar la bienvenida a la protagonista de la noche, quien llen\u00f3 de rumba el lugar.<\/p>\n<p style=\"text-align: justify\">Luego la m\u00fasica empez\u00f3 a sonar y\u00a0un hombre present\u00f3 a Lucrecia. &#8220;La vida es un carnaval&#8221;, &#8220;Que le den candela&#8221; y &#8220;Yemay\u00e1&#8221; fueron los primeros temas del recital, tras los que siguieron &#8220;Drume negrita&#8221;, &#8220;El yerberito&#8221;, entre otros.<\/p>\n<p style=\"text-align: justify\">&#8220;Gracias por estar conmigo esta noche, por el amor que me han dado tantos y tantos a\u00f1os, quiero decirles aqu\u00ed que hay Celia para rato, ustedes son los que me mantienen viva, esta negra est\u00e1 entera caballeros&#8221;, expres\u00f3 la int\u00e9rprete y de alguna manera actriz.<\/p>\n<p style=\"text-align: justify\">\n<p style=\"text-align: justify\">&#8220;Celia&#8221; cont\u00f3 su golpe de suerte con La Sonora Matancera, con quien debut\u00f3 en 1950, lo que le abri\u00f3 las puertas a &#8220;una de las etapas m\u00e1s maravillosas de mi vida&#8221;.<\/p>\n<p style=\"text-align: justify\">Sin embargo no todo era color de rosa, relat\u00f3, pues una &#8220;mujer negra no era f\u00e1cilmente aceptada por el p\u00fablico de esa \u00e9poca&#8221;, recibi\u00f3 cartas que la humillaban.<\/p>\n<p style=\"text-align: justify\">Aunque Cruz sufri\u00f3 al principio, tuvo el apoyo de quien fue su esposo, Pedro Knight. &#8220;Nos fuimos enamorando y no importaba qu\u00e9 momento estuviera pasando, su voz siempre me calmaba y me daba nuevas fuerzas para enfrentar cualquier obst\u00e1culo&#8221;.<\/p>\n<p style=\"text-align: justify\">&#8220;Cucala&#8221;, &#8220;Nostalgia habanera&#8221;, &#8220;Bemba color\u00e1&#8221;, &#8220;La dicha m\u00eda&#8221; y &#8220;La negra tiene tumbao&#8221; fueron otras piezas que tambi\u00e9n sonaron en el Teatro Metrop\u00f3litan.<\/p>\n<p style=\"text-align: justify\">&#8220;Celia&#8221; record\u00f3 que la decisi\u00f3n m\u00e1s dif\u00edcil que tuvo fue dejar su patria para siempre en 1960,\u00a0y rememor\u00f3\u00a0sus giras que tuvo por M\u00e9xico y su visita a Nueva York, en busca de nuevas oportunidades, en donde &#8220;se estaba armando un movimiento musical que quer\u00eda fusionar diferentes ritmos, a lo que le quer\u00edan llamar salsa&#8221;.<\/p>\n<p style=\"text-align: justify\">En el \u00faltimo bloque la cantante utiliz\u00f3 las pelucas coloridas de Celia Cruz, vestidos con la crom\u00e1tica de la bandera de Cuba, otro africano, en canciones como &#8220;R\u00ede y llora&#8221;, as\u00ed como &#8220;Yo vivir\u00e9&#8221;, que se escuch\u00f3 despu\u00e9s de que se mostraron fotograf\u00edas de su funeral.<\/p>\n","protected":false},"excerpt":{"rendered":"<p>M\u00e9xico.- Con m\u00fasica, an\u00e9cdotas y ritmos caribe\u00f1os, Celia Cruz, la llamada &#8220;Reina de la Salsa&#8221;, recibi\u00f3 un homenaje p\u00f3stumo este domingo en la Ciudad de M\u00e9xico, en donde se afirm\u00f3 que su legado sigue vivo a trav\u00e9s de sus interpretaciones. Con un recorrido por sus temas ic\u00f3nicos, el p\u00fablico mexicano\u00a0disfrut\u00f3\u00a0de una velada\u00a0en la que imper\u00f3 [&hellip;]<\/p>\n","protected":false},"author":2,"featured_media":16290,"comment_status":"open","ping_status":"closed","sticky":false,"template":"","format":"standard","meta":{"footnotes":""},"categories":[24],"tags":[],"class_list":["post-16289","post","type-post","status-publish","format-standard","has-post-thumbnail","hentry","category-espectaculos"],"yoast_head":"<!-- This site is optimized with the Yoast SEO plugin v27.5 - https:\/\/yoast.com\/product\/yoast-seo-wordpress\/ -->\n<title>Con homenaje, &quot;reviven&quot; a Celia Cruz en el Teatro Metrop\u00f3litan - Canal 7 SLP - 2019<\/title>\n<meta name=\"robots\" content=\"index, follow, max-snippet:-1, max-image-preview:large, max-video-preview:-1\" \/>\n<link rel=\"canonical\" href=\"https:\/\/canal7slp.tv\/2019\/con-homenaje-reviven-a-celia-cruz-en-el-teatro-metropolitan\/\" \/>\n<meta property=\"og:locale\" content=\"es_ES\" \/>\n<meta property=\"og:type\" content=\"article\" \/>\n<meta property=\"og:title\" content=\"Con homenaje, &quot;reviven&quot; a Celia Cruz en el Teatro Metrop\u00f3litan - Canal 7 SLP - 2019\" \/>\n<meta property=\"og:description\" content=\"M\u00e9xico.- Con m\u00fasica, an\u00e9cdotas y ritmos caribe\u00f1os, Celia Cruz, la llamada &#8220;Reina de la Salsa&#8221;, recibi\u00f3 un homenaje p\u00f3stumo este domingo en la Ciudad de M\u00e9xico, en donde se afirm\u00f3 que su legado sigue vivo a trav\u00e9s de sus interpretaciones. Con un recorrido por sus temas ic\u00f3nicos, el p\u00fablico mexicano\u00a0disfrut\u00f3\u00a0de una velada\u00a0en la que imper\u00f3 [&hellip;]\" \/>\n<meta property=\"og:url\" content=\"https:\/\/canal7slp.tv\/2019\/con-homenaje-reviven-a-celia-cruz-en-el-teatro-metropolitan\/\" \/>\n<meta property=\"og:site_name\" content=\"Canal 7 SLP - 2019\" \/>\n<meta property=\"article:publisher\" content=\"https:\/\/www.facebook.com\/CANAL7SLP\/\" \/>\n<meta property=\"article:published_time\" content=\"2019-06-17T17:43:25+00:00\" \/>\n<meta property=\"og:image\" content=\"https:\/\/canal7slp.tv\/2019\/wp-content\/uploads\/2019\/06\/02-16.jpg\" \/>\n\t<meta property=\"og:image:width\" content=\"800\" \/>\n\t<meta property=\"og:image:height\" content=\"479\" \/>\n\t<meta property=\"og:image:type\" content=\"image\/jpeg\" \/>\n<meta name=\"author\" content=\"edicionweb\" \/>\n<meta name=\"twitter:card\" content=\"summary_large_image\" \/>\n<meta name=\"twitter:creator\" content=\"@canal7_slp\" \/>\n<meta name=\"twitter:site\" content=\"@canal7_slp\" \/>\n<meta name=\"twitter:label1\" content=\"Escrito por\" \/>\n\t<meta name=\"twitter:data1\" content=\"edicionweb\" \/>\n\t<meta name=\"twitter:label2\" content=\"Tiempo de lectura\" \/>\n\t<meta name=\"twitter:data2\" content=\"3 minutos\" \/>\n<script type=\"application\/ld+json\" class=\"yoast-schema-graph\">{\"@context\":\"https:\\\/\\\/schema.org\",\"@graph\":[{\"@type\":\"Article\",\"@id\":\"https:\\\/\\\/canal7slp.tv\\\/2019\\\/con-homenaje-reviven-a-celia-cruz-en-el-teatro-metropolitan\\\/#article\",\"isPartOf\":{\"@id\":\"https:\\\/\\\/canal7slp.tv\\\/2019\\\/con-homenaje-reviven-a-celia-cruz-en-el-teatro-metropolitan\\\/\"},\"author\":{\"name\":\"edicionweb\",\"@id\":\"https:\\\/\\\/canal7slp.tv\\\/2019\\\/#\\\/schema\\\/person\\\/11d941c1c6ca30ac0a46b95fa37aa2e3\"},\"headline\":\"Con homenaje, &#8220;reviven&#8221; a Celia Cruz en el Teatro Metrop\u00f3litan\",\"datePublished\":\"2019-06-17T17:43:25+00:00\",\"mainEntityOfPage\":{\"@id\":\"https:\\\/\\\/canal7slp.tv\\\/2019\\\/con-homenaje-reviven-a-celia-cruz-en-el-teatro-metropolitan\\\/\"},\"wordCount\":571,\"commentCount\":0,\"publisher\":{\"@id\":\"https:\\\/\\\/canal7slp.tv\\\/2019\\\/#organization\"},\"image\":{\"@id\":\"https:\\\/\\\/canal7slp.tv\\\/2019\\\/con-homenaje-reviven-a-celia-cruz-en-el-teatro-metropolitan\\\/#primaryimage\"},\"thumbnailUrl\":\"https:\\\/\\\/canal7slp.tv\\\/2019\\\/wp-content\\\/uploads\\\/2019\\\/06\\\/02-16.jpg\",\"articleSection\":[\"ESPECTACULOS\"],\"inLanguage\":\"es\",\"potentialAction\":[{\"@type\":\"CommentAction\",\"name\":\"Comment\",\"target\":[\"https:\\\/\\\/canal7slp.tv\\\/2019\\\/con-homenaje-reviven-a-celia-cruz-en-el-teatro-metropolitan\\\/#respond\"]}]},{\"@type\":\"WebPage\",\"@id\":\"https:\\\/\\\/canal7slp.tv\\\/2019\\\/con-homenaje-reviven-a-celia-cruz-en-el-teatro-metropolitan\\\/\",\"url\":\"https:\\\/\\\/canal7slp.tv\\\/2019\\\/con-homenaje-reviven-a-celia-cruz-en-el-teatro-metropolitan\\\/\",\"name\":\"Con homenaje, \\\"reviven\\\" a Celia Cruz en el Teatro Metrop\u00f3litan - Canal 7 SLP - 2019\",\"isPartOf\":{\"@id\":\"https:\\\/\\\/canal7slp.tv\\\/2019\\\/#website\"},\"primaryImageOfPage\":{\"@id\":\"https:\\\/\\\/canal7slp.tv\\\/2019\\\/con-homenaje-reviven-a-celia-cruz-en-el-teatro-metropolitan\\\/#primaryimage\"},\"image\":{\"@id\":\"https:\\\/\\\/canal7slp.tv\\\/2019\\\/con-homenaje-reviven-a-celia-cruz-en-el-teatro-metropolitan\\\/#primaryimage\"},\"thumbnailUrl\":\"https:\\\/\\\/canal7slp.tv\\\/2019\\\/wp-content\\\/uploads\\\/2019\\\/06\\\/02-16.jpg\",\"datePublished\":\"2019-06-17T17:43:25+00:00\",\"breadcrumb\":{\"@id\":\"https:\\\/\\\/canal7slp.tv\\\/2019\\\/con-homenaje-reviven-a-celia-cruz-en-el-teatro-metropolitan\\\/#breadcrumb\"},\"inLanguage\":\"es\",\"potentialAction\":[{\"@type\":\"ReadAction\",\"target\":[\"https:\\\/\\\/canal7slp.tv\\\/2019\\\/con-homenaje-reviven-a-celia-cruz-en-el-teatro-metropolitan\\\/\"]}]},{\"@type\":\"ImageObject\",\"inLanguage\":\"es\",\"@id\":\"https:\\\/\\\/canal7slp.tv\\\/2019\\\/con-homenaje-reviven-a-celia-cruz-en-el-teatro-metropolitan\\\/#primaryimage\",\"url\":\"https:\\\/\\\/canal7slp.tv\\\/2019\\\/wp-content\\\/uploads\\\/2019\\\/06\\\/02-16.jpg\",\"contentUrl\":\"https:\\\/\\\/canal7slp.tv\\\/2019\\\/wp-content\\\/uploads\\\/2019\\\/06\\\/02-16.jpg\",\"width\":800,\"height\":479},{\"@type\":\"BreadcrumbList\",\"@id\":\"https:\\\/\\\/canal7slp.tv\\\/2019\\\/con-homenaje-reviven-a-celia-cruz-en-el-teatro-metropolitan\\\/#breadcrumb\",\"itemListElement\":[{\"@type\":\"ListItem\",\"position\":1,\"name\":\"Home\",\"item\":\"https:\\\/\\\/canal7slp.tv\\\/2019\\\/\"},{\"@type\":\"ListItem\",\"position\":2,\"name\":\"Con homenaje, &#8220;reviven&#8221; a Celia Cruz en el Teatro Metrop\u00f3litan\"}]},{\"@type\":\"WebSite\",\"@id\":\"https:\\\/\\\/canal7slp.tv\\\/2019\\\/#website\",\"url\":\"https:\\\/\\\/canal7slp.tv\\\/2019\\\/\",\"name\":\"Canal 7 SLP - Somos TV\",\"description\":\"Somos un Canal de 10\",\"publisher\":{\"@id\":\"https:\\\/\\\/canal7slp.tv\\\/2019\\\/#organization\"},\"potentialAction\":[{\"@type\":\"SearchAction\",\"target\":{\"@type\":\"EntryPoint\",\"urlTemplate\":\"https:\\\/\\\/canal7slp.tv\\\/2019\\\/?s={search_term_string}\"},\"query-input\":{\"@type\":\"PropertyValueSpecification\",\"valueRequired\":true,\"valueName\":\"search_term_string\"}}],\"inLanguage\":\"es\"},{\"@type\":\"Organization\",\"@id\":\"https:\\\/\\\/canal7slp.tv\\\/2019\\\/#organization\",\"name\":\"Comunicaci\u00f3n 2000 S.A. de C.V.\",\"url\":\"https:\\\/\\\/canal7slp.tv\\\/2019\\\/\",\"logo\":{\"@type\":\"ImageObject\",\"inLanguage\":\"es\",\"@id\":\"https:\\\/\\\/canal7slp.tv\\\/2019\\\/#\\\/schema\\\/logo\\\/image\\\/\",\"url\":\"https:\\\/\\\/canal7slp.tv\\\/2019\\\/wp-content\\\/uploads\\\/2019\\\/07\\\/logo-c7.png\",\"contentUrl\":\"https:\\\/\\\/canal7slp.tv\\\/2019\\\/wp-content\\\/uploads\\\/2019\\\/07\\\/logo-c7.png\",\"width\":220,\"height\":60,\"caption\":\"Comunicaci\u00f3n 2000 S.A. de C.V.\"},\"image\":{\"@id\":\"https:\\\/\\\/canal7slp.tv\\\/2019\\\/#\\\/schema\\\/logo\\\/image\\\/\"},\"sameAs\":[\"https:\\\/\\\/www.facebook.com\\\/CANAL7SLP\\\/\",\"https:\\\/\\\/x.com\\\/canal7_slp\",\"https:\\\/\\\/www.instagram.com\\\/canal7_slp\",\"https:\\\/\\\/www.youtube.com\\\/user\\\/NOTICIEROSCANAL7SLP\\\/\"]},{\"@type\":\"Person\",\"@id\":\"https:\\\/\\\/canal7slp.tv\\\/2019\\\/#\\\/schema\\\/person\\\/11d941c1c6ca30ac0a46b95fa37aa2e3\",\"name\":\"edicionweb\",\"image\":{\"@type\":\"ImageObject\",\"inLanguage\":\"es\",\"@id\":\"https:\\\/\\\/secure.gravatar.com\\\/avatar\\\/eee448fc3f7164808013b816ba91ac7e43bbe82a70bebac296f8bc6f0addaa1a?s=96&d=mm&r=g\",\"url\":\"https:\\\/\\\/secure.gravatar.com\\\/avatar\\\/eee448fc3f7164808013b816ba91ac7e43bbe82a70bebac296f8bc6f0addaa1a?s=96&d=mm&r=g\",\"contentUrl\":\"https:\\\/\\\/secure.gravatar.com\\\/avatar\\\/eee448fc3f7164808013b816ba91ac7e43bbe82a70bebac296f8bc6f0addaa1a?s=96&d=mm&r=g\",\"caption\":\"edicionweb\"}}]}<\/script>\n<!-- \/ Yoast SEO plugin. -->","yoast_head_json":{"title":"Con homenaje, \"reviven\" a Celia Cruz en el Teatro Metrop\u00f3litan - Canal 7 SLP - 2019","robots":{"index":"index","follow":"follow","max-snippet":"max-snippet:-1","max-image-preview":"max-image-preview:large","max-video-preview":"max-video-preview:-1"},"canonical":"https:\/\/canal7slp.tv\/2019\/con-homenaje-reviven-a-celia-cruz-en-el-teatro-metropolitan\/","og_locale":"es_ES","og_type":"article","og_title":"Con homenaje, \"reviven\" a Celia Cruz en el Teatro Metrop\u00f3litan - Canal 7 SLP - 2019","og_description":"M\u00e9xico.- Con m\u00fasica, an\u00e9cdotas y ritmos caribe\u00f1os, Celia Cruz, la llamada &#8220;Reina de la Salsa&#8221;, recibi\u00f3 un homenaje p\u00f3stumo este domingo en la Ciudad de M\u00e9xico, en donde se afirm\u00f3 que su legado sigue vivo a trav\u00e9s de sus interpretaciones. Con un recorrido por sus temas ic\u00f3nicos, el p\u00fablico mexicano\u00a0disfrut\u00f3\u00a0de una velada\u00a0en la que imper\u00f3 [&hellip;]","og_url":"https:\/\/canal7slp.tv\/2019\/con-homenaje-reviven-a-celia-cruz-en-el-teatro-metropolitan\/","og_site_name":"Canal 7 SLP - 2019","article_publisher":"https:\/\/www.facebook.com\/CANAL7SLP\/","article_published_time":"2019-06-17T17:43:25+00:00","og_image":[{"width":800,"height":479,"url":"https:\/\/canal7slp.tv\/2019\/wp-content\/uploads\/2019\/06\/02-16.jpg","type":"image\/jpeg"}],"author":"edicionweb","twitter_card":"summary_large_image","twitter_creator":"@canal7_slp","twitter_site":"@canal7_slp","twitter_misc":{"Escrito por":"edicionweb","Tiempo de lectura":"3 minutos"},"schema":{"@context":"https:\/\/schema.org","@graph":[{"@type":"Article","@id":"https:\/\/canal7slp.tv\/2019\/con-homenaje-reviven-a-celia-cruz-en-el-teatro-metropolitan\/#article","isPartOf":{"@id":"https:\/\/canal7slp.tv\/2019\/con-homenaje-reviven-a-celia-cruz-en-el-teatro-metropolitan\/"},"author":{"name":"edicionweb","@id":"https:\/\/canal7slp.tv\/2019\/#\/schema\/person\/11d941c1c6ca30ac0a46b95fa37aa2e3"},"headline":"Con homenaje, &#8220;reviven&#8221; a Celia Cruz en el Teatro Metrop\u00f3litan","datePublished":"2019-06-17T17:43:25+00:00","mainEntityOfPage":{"@id":"https:\/\/canal7slp.tv\/2019\/con-homenaje-reviven-a-celia-cruz-en-el-teatro-metropolitan\/"},"wordCount":571,"commentCount":0,"publisher":{"@id":"https:\/\/canal7slp.tv\/2019\/#organization"},"image":{"@id":"https:\/\/canal7slp.tv\/2019\/con-homenaje-reviven-a-celia-cruz-en-el-teatro-metropolitan\/#primaryimage"},"thumbnailUrl":"https:\/\/canal7slp.tv\/2019\/wp-content\/uploads\/2019\/06\/02-16.jpg","articleSection":["ESPECTACULOS"],"inLanguage":"es","potentialAction":[{"@type":"CommentAction","name":"Comment","target":["https:\/\/canal7slp.tv\/2019\/con-homenaje-reviven-a-celia-cruz-en-el-teatro-metropolitan\/#respond"]}]},{"@type":"WebPage","@id":"https:\/\/canal7slp.tv\/2019\/con-homenaje-reviven-a-celia-cruz-en-el-teatro-metropolitan\/","url":"https:\/\/canal7slp.tv\/2019\/con-homenaje-reviven-a-celia-cruz-en-el-teatro-metropolitan\/","name":"Con homenaje, \"reviven\" a Celia Cruz en el Teatro Metrop\u00f3litan - Canal 7 SLP - 2019","isPartOf":{"@id":"https:\/\/canal7slp.tv\/2019\/#website"},"primaryImageOfPage":{"@id":"https:\/\/canal7slp.tv\/2019\/con-homenaje-reviven-a-celia-cruz-en-el-teatro-metropolitan\/#primaryimage"},"image":{"@id":"https:\/\/canal7slp.tv\/2019\/con-homenaje-reviven-a-celia-cruz-en-el-teatro-metropolitan\/#primaryimage"},"thumbnailUrl":"https:\/\/canal7slp.tv\/2019\/wp-content\/uploads\/2019\/06\/02-16.jpg","datePublished":"2019-06-17T17:43:25+00:00","breadcrumb":{"@id":"https:\/\/canal7slp.tv\/2019\/con-homenaje-reviven-a-celia-cruz-en-el-teatro-metropolitan\/#breadcrumb"},"inLanguage":"es","potentialAction":[{"@type":"ReadAction","target":["https:\/\/canal7slp.tv\/2019\/con-homenaje-reviven-a-celia-cruz-en-el-teatro-metropolitan\/"]}]},{"@type":"ImageObject","inLanguage":"es","@id":"https:\/\/canal7slp.tv\/2019\/con-homenaje-reviven-a-celia-cruz-en-el-teatro-metropolitan\/#primaryimage","url":"https:\/\/canal7slp.tv\/2019\/wp-content\/uploads\/2019\/06\/02-16.jpg","contentUrl":"https:\/\/canal7slp.tv\/2019\/wp-content\/uploads\/2019\/06\/02-16.jpg","width":800,"height":479},{"@type":"BreadcrumbList","@id":"https:\/\/canal7slp.tv\/2019\/con-homenaje-reviven-a-celia-cruz-en-el-teatro-metropolitan\/#breadcrumb","itemListElement":[{"@type":"ListItem","position":1,"name":"Home","item":"https:\/\/canal7slp.tv\/2019\/"},{"@type":"ListItem","position":2,"name":"Con homenaje, &#8220;reviven&#8221; a Celia Cruz en el Teatro Metrop\u00f3litan"}]},{"@type":"WebSite","@id":"https:\/\/canal7slp.tv\/2019\/#website","url":"https:\/\/canal7slp.tv\/2019\/","name":"Canal 7 SLP - Somos TV","description":"Somos un Canal de 10","publisher":{"@id":"https:\/\/canal7slp.tv\/2019\/#organization"},"potentialAction":[{"@type":"SearchAction","target":{"@type":"EntryPoint","urlTemplate":"https:\/\/canal7slp.tv\/2019\/?s={search_term_string}"},"query-input":{"@type":"PropertyValueSpecification","valueRequired":true,"valueName":"search_term_string"}}],"inLanguage":"es"},{"@type":"Organization","@id":"https:\/\/canal7slp.tv\/2019\/#organization","name":"Comunicaci\u00f3n 2000 S.A. de C.V.","url":"https:\/\/canal7slp.tv\/2019\/","logo":{"@type":"ImageObject","inLanguage":"es","@id":"https:\/\/canal7slp.tv\/2019\/#\/schema\/logo\/image\/","url":"https:\/\/canal7slp.tv\/2019\/wp-content\/uploads\/2019\/07\/logo-c7.png","contentUrl":"https:\/\/canal7slp.tv\/2019\/wp-content\/uploads\/2019\/07\/logo-c7.png","width":220,"height":60,"caption":"Comunicaci\u00f3n 2000 S.A. de C.V."},"image":{"@id":"https:\/\/canal7slp.tv\/2019\/#\/schema\/logo\/image\/"},"sameAs":["https:\/\/www.facebook.com\/CANAL7SLP\/","https:\/\/x.com\/canal7_slp","https:\/\/www.instagram.com\/canal7_slp","https:\/\/www.youtube.com\/user\/NOTICIEROSCANAL7SLP\/"]},{"@type":"Person","@id":"https:\/\/canal7slp.tv\/2019\/#\/schema\/person\/11d941c1c6ca30ac0a46b95fa37aa2e3","name":"edicionweb","image":{"@type":"ImageObject","inLanguage":"es","@id":"https:\/\/secure.gravatar.com\/avatar\/eee448fc3f7164808013b816ba91ac7e43bbe82a70bebac296f8bc6f0addaa1a?s=96&d=mm&r=g","url":"https:\/\/secure.gravatar.com\/avatar\/eee448fc3f7164808013b816ba91ac7e43bbe82a70bebac296f8bc6f0addaa1a?s=96&d=mm&r=g","contentUrl":"https:\/\/secure.gravatar.com\/avatar\/eee448fc3f7164808013b816ba91ac7e43bbe82a70bebac296f8bc6f0addaa1a?s=96&d=mm&r=g","caption":"edicionweb"}}]}},"amp_enabled":true,"cmb2":{"video_ids_in_playlist":{"vid_p_videos":""},"video_ids_in_channel":{"vid_c_videos":""},"playlist_ids_in_channel":{"vid_c_playlists":""},"series_ids_in_channel":{"vid_c_series":""},"channel_images":{"vid_c_logo":"","vid_c_banner":""},"poster_feature_image":{"vid_m_poster_image":""},"gif_feature_image":{"vid_m_gif_image":""},"video_movie_settings":{"vid_m_director":"","vid_m_actor":"","vid_m_imdb_ratings":"","vid_m_amazon_associates":""},"vid_youtube_broadcasts_settings":{"vid_yb_broadcast_title":"","vid_yb_q":"","vid_yb_channelid":"","vid_yb_videocategoryid":"","vid_yb_maxresults":"","vid_yb_order":"","vid_yb_regioncode":"","vid_yb_videosyndicated":"","vid_yb_style":"","vid_yb_reload_first":""},"video_series_settings":{"vid_m_director":"","vid_m_actor":"","vid_m_imdb_ratings":"","video_series_group":""},"amazon_associates_settings":{"amazon_associates":"","amazon_native_ad":""},"vid_youtube_automatic_settings":{"vid_ya_youtube_source":"","vid_ya_update_every":"","vid_ya_update_unit":"","vid_ya_categories":"","vid_ya_published_after":"","vid_ya_published_before":"","vid_ya_playlists":"","vid_ya_channels":"","vid_ya_director":"","vid_ya_actor":"","vid_ya_author":"","vid_ya_import_post_date":"","vid_ya_status":"","vid_ya_sub_api_key":""},"vid_ads_m_videoads_settings_post":{"vid_ads_m_video_ads":"","vid_ads_m_video_ads_type":"","vid_ads_m_group_google_ima":"","vid_ads_m_group_image":"","vid_ads_m_group_html5_video":"","vid_ads_m_group_html":"","vid_ads_m_vast_preroll":"","vid_ads_m_vast_postroll":"","vid_ads_m_vast_pauseroll":"","vid_ads_m_vast_midroll":[{"vid_ads_m_vast_timer_seconds":"50"}],"vid_ads_m_time_to_show_ads":"","vid_ads_m_time_skip_ads":"","vid_ads_m_time_to_hide_ads":""},"page_slider_settings":{"display_slider_group":"","page_slider_group":""},"blog_page_settings":{"blog_page_title":"","blog_page_heading":"","blog_page_ic":"","blog_page_it":"","blog_page_ec":"","blog_page_ip":"","archive_loop_style":"","blog_image_ratio":"","blog_show_categories":"","blog_show_excerpt":"","blog_show_author":"","blog_show_date":"","blog_show_comment_count":"","blog_show_view_count":"","blog_show_like_count":"","blog_show_dislike_count":"","blog_items_per_page":"","blog_pag_type":""},"page_options":{"get_page_template":"","color_mode":"","main_layout":"","main_layout_full_with":"","main_logo":"","main_logo_retina":"","main_logo_mobile":"","main_logo_mobile_retina":"","sticky_logo":"","sticky_logo_retina":"","main_nav_layout":"","ajax_search":"","header_background":"","theme_sidebar":"","instagram_feed":"","instagram_feed_position":"","popular_videos":"","popular_videos_title_1":"","popular_videos_title_2":"","popular_videos_ic":"","popular_videos_it":"","theme_background":"","page_custom_css":""},"feature_image_settings":{"feature_image_position":""},"video_player_settings":{"single_video_style":"","video_player_position":"","vm_video_url":"","video_player_library":"","video_streaming":"","vm_media_sources":"","vid_auto_play":"","vm_video_shortcode":"","vid_p_sync_playlist":"","vid_c_sync_channel":"","get_post_format":"","multiple_links_structure":"default","multi_links_title":"","vm_video_multi_links":"","vm_duration":"","vid_social_locker":"off","vid_social_locker_id":"","vid_membership_action":"content-video","vm_video_trailer_url":"","vid_download_type":"free","vid_download_target":"download","vid_woo_product":"","vm_media_download":"","user_rating":"","user_rating_position":"","user_rating_mode":"","user_rating_multi_sets":""},"video_auto_fetch_settings":{"vm_video_fetch":"on"},"video_fake_views_likes":{"vm_fake_views":"","vm_fake_likes":"","vm_fake_dislikes":""},"gallery_settings":{"gallery_position":""},"quote_settings":{"quote_position":""},"post_options":{"main_layout":"","main_logo":"","main_logo_retina":"","main_logo_mobile":"","main_logo_mobile_retina":"","sticky_logo":"","sticky_logo_retina":"","main_nav_layout":"","header_background":"","theme_sidebar":"","single_post_comment_type":"","theme_background":""}},"_links":{"self":[{"href":"https:\/\/canal7slp.tv\/2019\/wp-json\/wp\/v2\/posts\/16289","targetHints":{"allow":["GET"]}}],"collection":[{"href":"https:\/\/canal7slp.tv\/2019\/wp-json\/wp\/v2\/posts"}],"about":[{"href":"https:\/\/canal7slp.tv\/2019\/wp-json\/wp\/v2\/types\/post"}],"author":[{"embeddable":true,"href":"https:\/\/canal7slp.tv\/2019\/wp-json\/wp\/v2\/users\/2"}],"replies":[{"embeddable":true,"href":"https:\/\/canal7slp.tv\/2019\/wp-json\/wp\/v2\/comments?post=16289"}],"version-history":[{"count":0,"href":"https:\/\/canal7slp.tv\/2019\/wp-json\/wp\/v2\/posts\/16289\/revisions"}],"wp:featuredmedia":[{"embeddable":true,"href":"https:\/\/canal7slp.tv\/2019\/wp-json\/wp\/v2\/media\/16290"}],"wp:attachment":[{"href":"https:\/\/canal7slp.tv\/2019\/wp-json\/wp\/v2\/media?parent=16289"}],"wp:term":[{"taxonomy":"category","embeddable":true,"href":"https:\/\/canal7slp.tv\/2019\/wp-json\/wp\/v2\/categories?post=16289"},{"taxonomy":"post_tag","embeddable":true,"href":"https:\/\/canal7slp.tv\/2019\/wp-json\/wp\/v2\/tags?post=16289"}],"curies":[{"name":"wp","href":"https:\/\/api.w.org\/{rel}","templated":true}]}}