{"id":16230,"date":"2019-06-17T08:58:03","date_gmt":"2019-06-17T13:58:03","guid":{"rendered":"https:\/\/canal7slp.tv\/2019\/?p=16230"},"modified":"2019-06-17T08:58:03","modified_gmt":"2019-06-17T13:58:03","slug":"nomasderroches-va-por-suspension-definitiva-de-aeropuerto-santa-lucia","status":"publish","type":"post","link":"https:\/\/canal7slp.tv\/2019\/nomasderroches-va-por-suspension-definitiva-de-aeropuerto-santa-lucia\/","title":{"rendered":"#NoM\u00e1sDerroches va por suspensi\u00f3n definitiva de aeropuerto Santa Luc\u00eda"},"content":{"rendered":"<p style=\"text-align: justify\">M\u00e9xico.- Si la autoridad judicial concede la definitividad de las suspensiones provisionales obtenidas con motivo de los 147 juicios de amparo presentados por el colectivo #NoM\u00e1sDerroches, la construcci\u00f3n del Aeropuerto de Santa Luc\u00eda se detendr\u00eda al menos un a\u00f1o y se preservar\u00edan las obras del de\u00a0 Texcoco.<\/p>\n<p style=\"text-align: justify\">Luis Asali Harfuch, integrante de dicho colectivo y parte del equipo legal, expuso que mientras est\u00e9n las suspensiones el Gobierno Federal no puede empezar a construir Santa Luc\u00eda y si no puede \u201cno veo c\u00f3mo puede terminar en dos o tres a\u00f1os\u201d, como ha afirmado el titular del Ejecutivo Federal.<\/p>\n<p style=\"text-align: justify\">Inform\u00f3 que\u00a0hasta ahora se han dictado cinco resoluciones, en cuatro se ha dado la suspensi\u00f3n de dichas obras y en la \u00faltima de \u00e9stas tambi\u00e9n la presentaci\u00f3n de los trabajos realizados en el Nuevo Aeropuerto Internacional de M\u00e9xico en Texcoco, y una definitiva.<\/p>\n<p style=\"text-align: justify\">\u201cEstamos esperando que las cuatro que son suspensiones provisionales se conviertan en las pr\u00f3ximas tres semanas en una suspensi\u00f3n definitiva que sea dictada por el juez que lleva el asunto\u201d, dijo Luis Asali Harfuch en entrevista.<\/p>\n<p style=\"text-align: justify\">Indic\u00f3 que todos los jueces siguen el criterio de su superior y la suspensi\u00f3n provisional fue otorgada por tribunales colegiados; lo\u00a0normal ser\u00eda que se resuelva en los mismos t\u00e9rminos y se otorgue suspensi\u00f3n definitiva, la cual dura todo el tiempo que lleve resolver el juicio de amparo, alrededor de un a\u00f1o.<\/p>\n<p style=\"text-align: justify\">Por tanto, la construcci\u00f3n del Aeropuerto de Santa Luc\u00eda tendr\u00eda que detenerse y al mismo tiempo conservarse el avance que tienen las obras del de Texcoco hasta que los juicios se resuelvan definitivamente.<\/p>\n<p style=\"text-align: justify\">Se\u00f1al\u00f3 que Santa Luc\u00eda est\u00e1 condicionado a que se redacten permisos ambientales y antropol\u00f3gicos, as\u00ed como de seguridad, estos \u00faltimos dependen de organismos internacionales que tardan a\u00f1os en realizar estudios para autorizarlo.<\/p>\n<p style=\"text-align: justify\">Confi\u00f3 en que una vez que expertos en la materia, con datos duros, han externado la inviabilidad del proyecto de Santa Luc\u00eda, que costar\u00eda cuatro veces m\u00e1s de los 50 mil millones de pesos que se dijo, el presidente Andr\u00e9s Manuel L\u00f3pez Obrador d\u00e9 marcha atr\u00e1s al &#8220;capricho&#8221; tan caro que representa esa obra.<\/p>\n<p style=\"text-align: justify\">En su opini\u00f3n, \u201cno hay duda que todos los datos duros apuntan que Santa Luc\u00eda no es viable y Texcoco es lo mejor que puede haber&#8221;.<\/p>\n<p style=\"text-align: justify\">A su juicio, el aeropuerto propuesto por el mandatario federal no tiene ventaja alguna desde el punto de vista econ\u00f3mico, de funcionalidad o de rendimiento de inversi\u00f3n, adem\u00e1s no tiene permiso ambiental ni antropol\u00f3gico, ni alg\u00fan estudio, nada.<\/p>\n<p style=\"text-align: justify\">\u201cNo puede ser que cambies un proyecto que tiene todo y que puede ser exitoso, que est\u00e1 avanzado y que no necesita el Estado ponerle dinero&#8221;, porque los 80 mil millones de pesos que faltaban ya hab\u00eda dicho la iniciativa privada que los pon\u00eda, agreg\u00f3 el abogado.<\/p>\n","protected":false},"excerpt":{"rendered":"<p>M\u00e9xico.- Si la autoridad judicial concede la definitividad de las suspensiones provisionales obtenidas con motivo de los 147 juicios de amparo presentados por el colectivo #NoM\u00e1sDerroches, la construcci\u00f3n del Aeropuerto de Santa Luc\u00eda se detendr\u00eda al menos un a\u00f1o y se preservar\u00edan las obras del de\u00a0 Texcoco. Luis Asali Harfuch, integrante de dicho colectivo y [&hellip;]<\/p>\n","protected":false},"author":2,"featured_media":16231,"comment_status":"open","ping_status":"closed","sticky":false,"template":"","format":"standard","meta":{"footnotes":""},"categories":[30],"tags":[],"class_list":["post-16230","post","type-post","status-publish","format-standard","has-post-thumbnail","hentry","category-nacional"],"yoast_head":"<!-- This site is optimized with the Yoast SEO plugin v27.5 - https:\/\/yoast.com\/product\/yoast-seo-wordpress\/ -->\n<title>#NoM\u00e1sDerroches va por suspensi\u00f3n definitiva de aeropuerto Santa Luc\u00eda - Canal 7 SLP - 2019<\/title>\n<meta name=\"robots\" content=\"index, follow, max-snippet:-1, max-image-preview:large, max-video-preview:-1\" \/>\n<link rel=\"canonical\" href=\"https:\/\/canal7slp.tv\/2019\/nomasderroches-va-por-suspension-definitiva-de-aeropuerto-santa-lucia\/\" \/>\n<meta property=\"og:locale\" content=\"es_ES\" \/>\n<meta property=\"og:type\" content=\"article\" \/>\n<meta property=\"og:title\" content=\"#NoM\u00e1sDerroches va por suspensi\u00f3n definitiva de aeropuerto Santa Luc\u00eda - Canal 7 SLP - 2019\" \/>\n<meta property=\"og:description\" content=\"M\u00e9xico.- Si la autoridad judicial concede la definitividad de las suspensiones provisionales obtenidas con motivo de los 147 juicios de amparo presentados por el colectivo #NoM\u00e1sDerroches, la construcci\u00f3n del Aeropuerto de Santa Luc\u00eda se detendr\u00eda al menos un a\u00f1o y se preservar\u00edan las obras del de\u00a0 Texcoco. Luis Asali Harfuch, integrante de dicho colectivo y [&hellip;]\" \/>\n<meta property=\"og:url\" content=\"https:\/\/canal7slp.tv\/2019\/nomasderroches-va-por-suspension-definitiva-de-aeropuerto-santa-lucia\/\" \/>\n<meta property=\"og:site_name\" content=\"Canal 7 SLP - 2019\" \/>\n<meta property=\"article:publisher\" content=\"https:\/\/www.facebook.com\/CANAL7SLP\/\" \/>\n<meta property=\"article:published_time\" content=\"2019-06-17T13:58:03+00:00\" \/>\n<meta property=\"og:image\" content=\"https:\/\/canal7slp.tv\/2019\/wp-content\/uploads\/2019\/06\/909.png\" \/>\n\t<meta property=\"og:image:width\" content=\"800\" \/>\n\t<meta property=\"og:image:height\" content=\"434\" \/>\n\t<meta property=\"og:image:type\" content=\"image\/png\" \/>\n<meta name=\"author\" content=\"edicionweb\" \/>\n<meta name=\"twitter:card\" content=\"summary_large_image\" \/>\n<meta name=\"twitter:creator\" content=\"@canal7_slp\" \/>\n<meta name=\"twitter:site\" content=\"@canal7_slp\" \/>\n<meta name=\"twitter:label1\" content=\"Escrito por\" \/>\n\t<meta name=\"twitter:data1\" content=\"edicionweb\" \/>\n\t<meta name=\"twitter:label2\" content=\"Tiempo de lectura\" \/>\n\t<meta name=\"twitter:data2\" content=\"3 minutos\" \/>\n<script type=\"application\/ld+json\" class=\"yoast-schema-graph\">{\"@context\":\"https:\\\/\\\/schema.org\",\"@graph\":[{\"@type\":\"Article\",\"@id\":\"https:\\\/\\\/canal7slp.tv\\\/2019\\\/nomasderroches-va-por-suspension-definitiva-de-aeropuerto-santa-lucia\\\/#article\",\"isPartOf\":{\"@id\":\"https:\\\/\\\/canal7slp.tv\\\/2019\\\/nomasderroches-va-por-suspension-definitiva-de-aeropuerto-santa-lucia\\\/\"},\"author\":{\"name\":\"edicionweb\",\"@id\":\"https:\\\/\\\/canal7slp.tv\\\/2019\\\/#\\\/schema\\\/person\\\/11d941c1c6ca30ac0a46b95fa37aa2e3\"},\"headline\":\"#NoM\u00e1sDerroches va por suspensi\u00f3n definitiva de aeropuerto Santa Luc\u00eda\",\"datePublished\":\"2019-06-17T13:58:03+00:00\",\"mainEntityOfPage\":{\"@id\":\"https:\\\/\\\/canal7slp.tv\\\/2019\\\/nomasderroches-va-por-suspension-definitiva-de-aeropuerto-santa-lucia\\\/\"},\"wordCount\":513,\"commentCount\":0,\"publisher\":{\"@id\":\"https:\\\/\\\/canal7slp.tv\\\/2019\\\/#organization\"},\"image\":{\"@id\":\"https:\\\/\\\/canal7slp.tv\\\/2019\\\/nomasderroches-va-por-suspension-definitiva-de-aeropuerto-santa-lucia\\\/#primaryimage\"},\"thumbnailUrl\":\"https:\\\/\\\/canal7slp.tv\\\/2019\\\/wp-content\\\/uploads\\\/2019\\\/06\\\/909.png\",\"articleSection\":[\"NACIONAL\"],\"inLanguage\":\"es\",\"potentialAction\":[{\"@type\":\"CommentAction\",\"name\":\"Comment\",\"target\":[\"https:\\\/\\\/canal7slp.tv\\\/2019\\\/nomasderroches-va-por-suspension-definitiva-de-aeropuerto-santa-lucia\\\/#respond\"]}]},{\"@type\":\"WebPage\",\"@id\":\"https:\\\/\\\/canal7slp.tv\\\/2019\\\/nomasderroches-va-por-suspension-definitiva-de-aeropuerto-santa-lucia\\\/\",\"url\":\"https:\\\/\\\/canal7slp.tv\\\/2019\\\/nomasderroches-va-por-suspension-definitiva-de-aeropuerto-santa-lucia\\\/\",\"name\":\"#NoM\u00e1sDerroches va por suspensi\u00f3n definitiva de aeropuerto Santa Luc\u00eda - Canal 7 SLP - 2019\",\"isPartOf\":{\"@id\":\"https:\\\/\\\/canal7slp.tv\\\/2019\\\/#website\"},\"primaryImageOfPage\":{\"@id\":\"https:\\\/\\\/canal7slp.tv\\\/2019\\\/nomasderroches-va-por-suspension-definitiva-de-aeropuerto-santa-lucia\\\/#primaryimage\"},\"image\":{\"@id\":\"https:\\\/\\\/canal7slp.tv\\\/2019\\\/nomasderroches-va-por-suspension-definitiva-de-aeropuerto-santa-lucia\\\/#primaryimage\"},\"thumbnailUrl\":\"https:\\\/\\\/canal7slp.tv\\\/2019\\\/wp-content\\\/uploads\\\/2019\\\/06\\\/909.png\",\"datePublished\":\"2019-06-17T13:58:03+00:00\",\"breadcrumb\":{\"@id\":\"https:\\\/\\\/canal7slp.tv\\\/2019\\\/nomasderroches-va-por-suspension-definitiva-de-aeropuerto-santa-lucia\\\/#breadcrumb\"},\"inLanguage\":\"es\",\"potentialAction\":[{\"@type\":\"ReadAction\",\"target\":[\"https:\\\/\\\/canal7slp.tv\\\/2019\\\/nomasderroches-va-por-suspension-definitiva-de-aeropuerto-santa-lucia\\\/\"]}]},{\"@type\":\"ImageObject\",\"inLanguage\":\"es\",\"@id\":\"https:\\\/\\\/canal7slp.tv\\\/2019\\\/nomasderroches-va-por-suspension-definitiva-de-aeropuerto-santa-lucia\\\/#primaryimage\",\"url\":\"https:\\\/\\\/canal7slp.tv\\\/2019\\\/wp-content\\\/uploads\\\/2019\\\/06\\\/909.png\",\"contentUrl\":\"https:\\\/\\\/canal7slp.tv\\\/2019\\\/wp-content\\\/uploads\\\/2019\\\/06\\\/909.png\",\"width\":800,\"height\":434},{\"@type\":\"BreadcrumbList\",\"@id\":\"https:\\\/\\\/canal7slp.tv\\\/2019\\\/nomasderroches-va-por-suspension-definitiva-de-aeropuerto-santa-lucia\\\/#breadcrumb\",\"itemListElement\":[{\"@type\":\"ListItem\",\"position\":1,\"name\":\"Home\",\"item\":\"https:\\\/\\\/canal7slp.tv\\\/2019\\\/\"},{\"@type\":\"ListItem\",\"position\":2,\"name\":\"#NoM\u00e1sDerroches va por suspensi\u00f3n definitiva de aeropuerto Santa Luc\u00eda\"}]},{\"@type\":\"WebSite\",\"@id\":\"https:\\\/\\\/canal7slp.tv\\\/2019\\\/#website\",\"url\":\"https:\\\/\\\/canal7slp.tv\\\/2019\\\/\",\"name\":\"Canal 7 SLP - Somos TV\",\"description\":\"Somos un Canal de 10\",\"publisher\":{\"@id\":\"https:\\\/\\\/canal7slp.tv\\\/2019\\\/#organization\"},\"potentialAction\":[{\"@type\":\"SearchAction\",\"target\":{\"@type\":\"EntryPoint\",\"urlTemplate\":\"https:\\\/\\\/canal7slp.tv\\\/2019\\\/?s={search_term_string}\"},\"query-input\":{\"@type\":\"PropertyValueSpecification\",\"valueRequired\":true,\"valueName\":\"search_term_string\"}}],\"inLanguage\":\"es\"},{\"@type\":\"Organization\",\"@id\":\"https:\\\/\\\/canal7slp.tv\\\/2019\\\/#organization\",\"name\":\"Comunicaci\u00f3n 2000 S.A. de C.V.\",\"url\":\"https:\\\/\\\/canal7slp.tv\\\/2019\\\/\",\"logo\":{\"@type\":\"ImageObject\",\"inLanguage\":\"es\",\"@id\":\"https:\\\/\\\/canal7slp.tv\\\/2019\\\/#\\\/schema\\\/logo\\\/image\\\/\",\"url\":\"https:\\\/\\\/canal7slp.tv\\\/2019\\\/wp-content\\\/uploads\\\/2019\\\/07\\\/logo-c7.png\",\"contentUrl\":\"https:\\\/\\\/canal7slp.tv\\\/2019\\\/wp-content\\\/uploads\\\/2019\\\/07\\\/logo-c7.png\",\"width\":220,\"height\":60,\"caption\":\"Comunicaci\u00f3n 2000 S.A. de C.V.\"},\"image\":{\"@id\":\"https:\\\/\\\/canal7slp.tv\\\/2019\\\/#\\\/schema\\\/logo\\\/image\\\/\"},\"sameAs\":[\"https:\\\/\\\/www.facebook.com\\\/CANAL7SLP\\\/\",\"https:\\\/\\\/x.com\\\/canal7_slp\",\"https:\\\/\\\/www.instagram.com\\\/canal7_slp\",\"https:\\\/\\\/www.youtube.com\\\/user\\\/NOTICIEROSCANAL7SLP\\\/\"]},{\"@type\":\"Person\",\"@id\":\"https:\\\/\\\/canal7slp.tv\\\/2019\\\/#\\\/schema\\\/person\\\/11d941c1c6ca30ac0a46b95fa37aa2e3\",\"name\":\"edicionweb\",\"image\":{\"@type\":\"ImageObject\",\"inLanguage\":\"es\",\"@id\":\"https:\\\/\\\/secure.gravatar.com\\\/avatar\\\/eee448fc3f7164808013b816ba91ac7e43bbe82a70bebac296f8bc6f0addaa1a?s=96&d=mm&r=g\",\"url\":\"https:\\\/\\\/secure.gravatar.com\\\/avatar\\\/eee448fc3f7164808013b816ba91ac7e43bbe82a70bebac296f8bc6f0addaa1a?s=96&d=mm&r=g\",\"contentUrl\":\"https:\\\/\\\/secure.gravatar.com\\\/avatar\\\/eee448fc3f7164808013b816ba91ac7e43bbe82a70bebac296f8bc6f0addaa1a?s=96&d=mm&r=g\",\"caption\":\"edicionweb\"}}]}<\/script>\n<!-- \/ Yoast SEO plugin. -->","yoast_head_json":{"title":"#NoM\u00e1sDerroches va por suspensi\u00f3n definitiva de aeropuerto Santa Luc\u00eda - Canal 7 SLP - 2019","robots":{"index":"index","follow":"follow","max-snippet":"max-snippet:-1","max-image-preview":"max-image-preview:large","max-video-preview":"max-video-preview:-1"},"canonical":"https:\/\/canal7slp.tv\/2019\/nomasderroches-va-por-suspension-definitiva-de-aeropuerto-santa-lucia\/","og_locale":"es_ES","og_type":"article","og_title":"#NoM\u00e1sDerroches va por suspensi\u00f3n definitiva de aeropuerto Santa Luc\u00eda - Canal 7 SLP - 2019","og_description":"M\u00e9xico.- Si la autoridad judicial concede la definitividad de las suspensiones provisionales obtenidas con motivo de los 147 juicios de amparo presentados por el colectivo #NoM\u00e1sDerroches, la construcci\u00f3n del Aeropuerto de Santa Luc\u00eda se detendr\u00eda al menos un a\u00f1o y se preservar\u00edan las obras del de\u00a0 Texcoco. Luis Asali Harfuch, integrante de dicho colectivo y [&hellip;]","og_url":"https:\/\/canal7slp.tv\/2019\/nomasderroches-va-por-suspension-definitiva-de-aeropuerto-santa-lucia\/","og_site_name":"Canal 7 SLP - 2019","article_publisher":"https:\/\/www.facebook.com\/CANAL7SLP\/","article_published_time":"2019-06-17T13:58:03+00:00","og_image":[{"width":800,"height":434,"url":"https:\/\/canal7slp.tv\/2019\/wp-content\/uploads\/2019\/06\/909.png","type":"image\/png"}],"author":"edicionweb","twitter_card":"summary_large_image","twitter_creator":"@canal7_slp","twitter_site":"@canal7_slp","twitter_misc":{"Escrito por":"edicionweb","Tiempo de lectura":"3 minutos"},"schema":{"@context":"https:\/\/schema.org","@graph":[{"@type":"Article","@id":"https:\/\/canal7slp.tv\/2019\/nomasderroches-va-por-suspension-definitiva-de-aeropuerto-santa-lucia\/#article","isPartOf":{"@id":"https:\/\/canal7slp.tv\/2019\/nomasderroches-va-por-suspension-definitiva-de-aeropuerto-santa-lucia\/"},"author":{"name":"edicionweb","@id":"https:\/\/canal7slp.tv\/2019\/#\/schema\/person\/11d941c1c6ca30ac0a46b95fa37aa2e3"},"headline":"#NoM\u00e1sDerroches va por suspensi\u00f3n definitiva de aeropuerto Santa Luc\u00eda","datePublished":"2019-06-17T13:58:03+00:00","mainEntityOfPage":{"@id":"https:\/\/canal7slp.tv\/2019\/nomasderroches-va-por-suspension-definitiva-de-aeropuerto-santa-lucia\/"},"wordCount":513,"commentCount":0,"publisher":{"@id":"https:\/\/canal7slp.tv\/2019\/#organization"},"image":{"@id":"https:\/\/canal7slp.tv\/2019\/nomasderroches-va-por-suspension-definitiva-de-aeropuerto-santa-lucia\/#primaryimage"},"thumbnailUrl":"https:\/\/canal7slp.tv\/2019\/wp-content\/uploads\/2019\/06\/909.png","articleSection":["NACIONAL"],"inLanguage":"es","potentialAction":[{"@type":"CommentAction","name":"Comment","target":["https:\/\/canal7slp.tv\/2019\/nomasderroches-va-por-suspension-definitiva-de-aeropuerto-santa-lucia\/#respond"]}]},{"@type":"WebPage","@id":"https:\/\/canal7slp.tv\/2019\/nomasderroches-va-por-suspension-definitiva-de-aeropuerto-santa-lucia\/","url":"https:\/\/canal7slp.tv\/2019\/nomasderroches-va-por-suspension-definitiva-de-aeropuerto-santa-lucia\/","name":"#NoM\u00e1sDerroches va por suspensi\u00f3n definitiva de aeropuerto Santa Luc\u00eda - Canal 7 SLP - 2019","isPartOf":{"@id":"https:\/\/canal7slp.tv\/2019\/#website"},"primaryImageOfPage":{"@id":"https:\/\/canal7slp.tv\/2019\/nomasderroches-va-por-suspension-definitiva-de-aeropuerto-santa-lucia\/#primaryimage"},"image":{"@id":"https:\/\/canal7slp.tv\/2019\/nomasderroches-va-por-suspension-definitiva-de-aeropuerto-santa-lucia\/#primaryimage"},"thumbnailUrl":"https:\/\/canal7slp.tv\/2019\/wp-content\/uploads\/2019\/06\/909.png","datePublished":"2019-06-17T13:58:03+00:00","breadcrumb":{"@id":"https:\/\/canal7slp.tv\/2019\/nomasderroches-va-por-suspension-definitiva-de-aeropuerto-santa-lucia\/#breadcrumb"},"inLanguage":"es","potentialAction":[{"@type":"ReadAction","target":["https:\/\/canal7slp.tv\/2019\/nomasderroches-va-por-suspension-definitiva-de-aeropuerto-santa-lucia\/"]}]},{"@type":"ImageObject","inLanguage":"es","@id":"https:\/\/canal7slp.tv\/2019\/nomasderroches-va-por-suspension-definitiva-de-aeropuerto-santa-lucia\/#primaryimage","url":"https:\/\/canal7slp.tv\/2019\/wp-content\/uploads\/2019\/06\/909.png","contentUrl":"https:\/\/canal7slp.tv\/2019\/wp-content\/uploads\/2019\/06\/909.png","width":800,"height":434},{"@type":"BreadcrumbList","@id":"https:\/\/canal7slp.tv\/2019\/nomasderroches-va-por-suspension-definitiva-de-aeropuerto-santa-lucia\/#breadcrumb","itemListElement":[{"@type":"ListItem","position":1,"name":"Home","item":"https:\/\/canal7slp.tv\/2019\/"},{"@type":"ListItem","position":2,"name":"#NoM\u00e1sDerroches va por suspensi\u00f3n definitiva de aeropuerto Santa Luc\u00eda"}]},{"@type":"WebSite","@id":"https:\/\/canal7slp.tv\/2019\/#website","url":"https:\/\/canal7slp.tv\/2019\/","name":"Canal 7 SLP - Somos TV","description":"Somos un Canal de 10","publisher":{"@id":"https:\/\/canal7slp.tv\/2019\/#organization"},"potentialAction":[{"@type":"SearchAction","target":{"@type":"EntryPoint","urlTemplate":"https:\/\/canal7slp.tv\/2019\/?s={search_term_string}"},"query-input":{"@type":"PropertyValueSpecification","valueRequired":true,"valueName":"search_term_string"}}],"inLanguage":"es"},{"@type":"Organization","@id":"https:\/\/canal7slp.tv\/2019\/#organization","name":"Comunicaci\u00f3n 2000 S.A. de C.V.","url":"https:\/\/canal7slp.tv\/2019\/","logo":{"@type":"ImageObject","inLanguage":"es","@id":"https:\/\/canal7slp.tv\/2019\/#\/schema\/logo\/image\/","url":"https:\/\/canal7slp.tv\/2019\/wp-content\/uploads\/2019\/07\/logo-c7.png","contentUrl":"https:\/\/canal7slp.tv\/2019\/wp-content\/uploads\/2019\/07\/logo-c7.png","width":220,"height":60,"caption":"Comunicaci\u00f3n 2000 S.A. de C.V."},"image":{"@id":"https:\/\/canal7slp.tv\/2019\/#\/schema\/logo\/image\/"},"sameAs":["https:\/\/www.facebook.com\/CANAL7SLP\/","https:\/\/x.com\/canal7_slp","https:\/\/www.instagram.com\/canal7_slp","https:\/\/www.youtube.com\/user\/NOTICIEROSCANAL7SLP\/"]},{"@type":"Person","@id":"https:\/\/canal7slp.tv\/2019\/#\/schema\/person\/11d941c1c6ca30ac0a46b95fa37aa2e3","name":"edicionweb","image":{"@type":"ImageObject","inLanguage":"es","@id":"https:\/\/secure.gravatar.com\/avatar\/eee448fc3f7164808013b816ba91ac7e43bbe82a70bebac296f8bc6f0addaa1a?s=96&d=mm&r=g","url":"https:\/\/secure.gravatar.com\/avatar\/eee448fc3f7164808013b816ba91ac7e43bbe82a70bebac296f8bc6f0addaa1a?s=96&d=mm&r=g","contentUrl":"https:\/\/secure.gravatar.com\/avatar\/eee448fc3f7164808013b816ba91ac7e43bbe82a70bebac296f8bc6f0addaa1a?s=96&d=mm&r=g","caption":"edicionweb"}}]}},"amp_enabled":true,"cmb2":{"video_ids_in_playlist":{"vid_p_videos":""},"video_ids_in_channel":{"vid_c_videos":""},"playlist_ids_in_channel":{"vid_c_playlists":""},"series_ids_in_channel":{"vid_c_series":""},"channel_images":{"vid_c_logo":"","vid_c_banner":""},"poster_feature_image":{"vid_m_poster_image":""},"gif_feature_image":{"vid_m_gif_image":""},"video_movie_settings":{"vid_m_director":"","vid_m_actor":"","vid_m_imdb_ratings":"","vid_m_amazon_associates":""},"vid_youtube_broadcasts_settings":{"vid_yb_broadcast_title":"","vid_yb_q":"","vid_yb_channelid":"","vid_yb_videocategoryid":"","vid_yb_maxresults":"","vid_yb_order":"","vid_yb_regioncode":"","vid_yb_videosyndicated":"","vid_yb_style":"","vid_yb_reload_first":""},"video_series_settings":{"vid_m_director":"","vid_m_actor":"","vid_m_imdb_ratings":"","video_series_group":""},"amazon_associates_settings":{"amazon_associates":"","amazon_native_ad":""},"vid_youtube_automatic_settings":{"vid_ya_youtube_source":"","vid_ya_update_every":"","vid_ya_update_unit":"","vid_ya_categories":"","vid_ya_published_after":"","vid_ya_published_before":"","vid_ya_playlists":"","vid_ya_channels":"","vid_ya_director":"","vid_ya_actor":"","vid_ya_author":"","vid_ya_import_post_date":"","vid_ya_status":"","vid_ya_sub_api_key":""},"vid_ads_m_videoads_settings_post":{"vid_ads_m_video_ads":"","vid_ads_m_video_ads_type":"","vid_ads_m_group_google_ima":"","vid_ads_m_group_image":"","vid_ads_m_group_html5_video":"","vid_ads_m_group_html":"","vid_ads_m_vast_preroll":"","vid_ads_m_vast_postroll":"","vid_ads_m_vast_pauseroll":"","vid_ads_m_vast_midroll":[{"vid_ads_m_vast_timer_seconds":"50"}],"vid_ads_m_time_to_show_ads":"","vid_ads_m_time_skip_ads":"","vid_ads_m_time_to_hide_ads":""},"page_slider_settings":{"display_slider_group":"","page_slider_group":""},"blog_page_settings":{"blog_page_title":"","blog_page_heading":"","blog_page_ic":"","blog_page_it":"","blog_page_ec":"","blog_page_ip":"","archive_loop_style":"","blog_image_ratio":"","blog_show_categories":"","blog_show_excerpt":"","blog_show_author":"","blog_show_date":"","blog_show_comment_count":"","blog_show_view_count":"","blog_show_like_count":"","blog_show_dislike_count":"","blog_items_per_page":"","blog_pag_type":""},"page_options":{"get_page_template":"","color_mode":"","main_layout":"","main_layout_full_with":"","main_logo":"","main_logo_retina":"","main_logo_mobile":"","main_logo_mobile_retina":"","sticky_logo":"","sticky_logo_retina":"","main_nav_layout":"","ajax_search":"","header_background":"","theme_sidebar":"","instagram_feed":"","instagram_feed_position":"","popular_videos":"","popular_videos_title_1":"","popular_videos_title_2":"","popular_videos_ic":"","popular_videos_it":"","theme_background":"","page_custom_css":""},"feature_image_settings":{"feature_image_position":""},"video_player_settings":{"single_video_style":"","video_player_position":"","vm_video_url":"","video_player_library":"","video_streaming":"","vm_media_sources":"","vid_auto_play":"","vm_video_shortcode":"","vid_p_sync_playlist":"","vid_c_sync_channel":"","get_post_format":"","multiple_links_structure":"default","multi_links_title":"","vm_video_multi_links":"","vm_duration":"","vid_social_locker":"off","vid_social_locker_id":"","vid_membership_action":"content-video","vm_video_trailer_url":"","vid_download_type":"free","vid_download_target":"download","vid_woo_product":"","vm_media_download":"","user_rating":"","user_rating_position":"","user_rating_mode":"","user_rating_multi_sets":""},"video_auto_fetch_settings":{"vm_video_fetch":"on"},"video_fake_views_likes":{"vm_fake_views":"","vm_fake_likes":"","vm_fake_dislikes":""},"gallery_settings":{"gallery_position":""},"quote_settings":{"quote_position":""},"post_options":{"main_layout":"","main_logo":"","main_logo_retina":"","main_logo_mobile":"","main_logo_mobile_retina":"","sticky_logo":"","sticky_logo_retina":"","main_nav_layout":"","header_background":"","theme_sidebar":"","single_post_comment_type":"","theme_background":""}},"_links":{"self":[{"href":"https:\/\/canal7slp.tv\/2019\/wp-json\/wp\/v2\/posts\/16230","targetHints":{"allow":["GET"]}}],"collection":[{"href":"https:\/\/canal7slp.tv\/2019\/wp-json\/wp\/v2\/posts"}],"about":[{"href":"https:\/\/canal7slp.tv\/2019\/wp-json\/wp\/v2\/types\/post"}],"author":[{"embeddable":true,"href":"https:\/\/canal7slp.tv\/2019\/wp-json\/wp\/v2\/users\/2"}],"replies":[{"embeddable":true,"href":"https:\/\/canal7slp.tv\/2019\/wp-json\/wp\/v2\/comments?post=16230"}],"version-history":[{"count":0,"href":"https:\/\/canal7slp.tv\/2019\/wp-json\/wp\/v2\/posts\/16230\/revisions"}],"wp:featuredmedia":[{"embeddable":true,"href":"https:\/\/canal7slp.tv\/2019\/wp-json\/wp\/v2\/media\/16231"}],"wp:attachment":[{"href":"https:\/\/canal7slp.tv\/2019\/wp-json\/wp\/v2\/media?parent=16230"}],"wp:term":[{"taxonomy":"category","embeddable":true,"href":"https:\/\/canal7slp.tv\/2019\/wp-json\/wp\/v2\/categories?post=16230"},{"taxonomy":"post_tag","embeddable":true,"href":"https:\/\/canal7slp.tv\/2019\/wp-json\/wp\/v2\/tags?post=16230"}],"curies":[{"name":"wp","href":"https:\/\/api.w.org\/{rel}","templated":true}]}}