{"id":16036,"date":"2019-06-16T10:05:25","date_gmt":"2019-06-16T15:05:25","guid":{"rendered":"https:\/\/canal7slp.tv\/2019\/?p=16036"},"modified":"2019-06-16T10:05:25","modified_gmt":"2019-06-16T15:05:25","slug":"mas-de-ocho-millones-de-guatemaltecos-convocados-a-fiesta-civica","status":"publish","type":"post","link":"https:\/\/canal7slp.tv\/2019\/mas-de-ocho-millones-de-guatemaltecos-convocados-a-fiesta-civica\/","title":{"rendered":"M\u00e1s de ocho millones de guatemaltecos convocados a fiesta c\u00edvica"},"content":{"rendered":"<p style=\"text-align: justify\">Guatemalq.- La primera vuelta de las elecciones presidenciales en Guatemala, que convoca a m\u00e1s de ocho millones de votantes registrados, se realizar\u00e1 este domingo con la novedosa inclusi\u00f3n del voto en el exterior para elegir de entre 19 candidatos a quien suceder\u00e1 al presidente Jimmy Morales.<\/p>\n<p style=\"text-align: justify\">En medio de un amplio despliegue de seguridad con 42 mil agentes distribuidos en todo el pa\u00eds, los electores deber\u00e1n elegir presidente, vicepresidente, 160 diputados, cargos en 340 municipios, as\u00ed como 20 diputados titulares y 20 suplentes al Parlamento Centroamericano (Parlacen).<\/p>\n<p style=\"text-align: justify\">La Polic\u00eda pidi\u00f3 a los ciudadanos durante la jornada electoral no portar armas de fuego en los centros de votaci\u00f3n, respetar la ley seca y no alterar el orden p\u00fablico.<\/p>\n<p style=\"text-align: justify\">Si ninguno de los candidatos a la Presidencia de Guatemala logra este domingo 50 por ciento de los votos m\u00e1s uno, se realizar\u00e1 una segunda vuelta electoral, prevista para el pr\u00f3ximo 11 de agosto, con los dos candidatos m\u00e1s votados.<\/p>\n<p style=\"text-align: justify\">El Tribunal Supremo Electoral inform\u00f3 que en los comicios generales de este domingo funcionar\u00e1n 22 mil 500 juntas receptoras de votos y unas 100 mil personas formar\u00e1n parte de ellas en todo el pa\u00eds con cinco personas en cada mesa receptora.<\/p>\n<p style=\"text-align: justify\">El organismo se\u00f1al\u00f3 que m\u00e1s de 23 mil ciudadanos estar\u00e1n al frente de las mesas receptoras de votos, s\u00f3lo en el departamento de Guatemala, dividido en 16 municipios.<\/p>\n<p style=\"text-align: justify\">En la jornada electoral fueron acreditados 84 observadores de la Organizaci\u00f3n de Estados Americanos (OEA) quienes estar\u00e1n presentes en los 22 departamentos del pa\u00eds y en dos de los centros de votaci\u00f3n en el exterior en Silver Spring, Maryland, y en Nueva York, en Estados Unidos.<\/p>\n<p style=\"text-align: justify\">Por primera vez los guatemaltecos que viven en Estados Unidos podr\u00e1n sufragar, tras las reformas electorales aprobadas en 2016 y que se aplicar\u00e1n en los comicios de este domingo.<\/p>\n<p style=\"text-align: justify\">Los guatemaltecos en el exterior tuvieron como plazo hasta el 17 de marzo pasado para inscribirse en el padr\u00f3n electoral a fin de emitir su voto v\u00eda electr\u00f3nica.<\/p>\n<p style=\"text-align: justify\">Guatemala, con una extensi\u00f3n de 108 mil 890 kil\u00f3metros cuadrados y una poblaci\u00f3n de 16 mil 919 mil habitantes, enfrenta una pobreza rural extrema, la m\u00e1s alta de Latinoam\u00e9rica.<\/p>\n<p style=\"text-align: justify\">Es adem\u00e1s el pa\u00eds con la mayor desnutrici\u00f3n infantil de la regi\u00f3n, seg\u00fan la Organizaci\u00f3n de Naciones Unidas para la Alimentaci\u00f3n y la Agricultura (FAO).<\/p>\n<p style=\"text-align: justify\">Seg\u00fan la Organizaci\u00f3n Internacional del Trabajo (OIT) Guatemala se encuentra entre las naciones con la mayor informalidad laboral, muy arriba del promedio latinoamericano de 53 por ciento.<\/p>\n<p style=\"text-align: justify\">En los \u00faltimos a\u00f1os el pa\u00eds ha crecido del 2.5 al 3.0 por ciento, con una inflaci\u00f3n y un d\u00e9ficit fiscal bajos, no tiene mala calificaci\u00f3n de riesgo internacional y no ha registrado grandes turbulencias en materia econ\u00f3mica, seg\u00fan datos del sector empresarial local.<\/p>\n<p style=\"text-align: justify\">M\u00e1s de 50 por ciento de la poblaci\u00f3n tiene una edad productiva y, seg\u00fan expertos en demograf\u00eda, esa tendencia seguir\u00e1 en aumento en las pr\u00f3ximas d\u00e9cadas, mientras que la inmigraci\u00f3n a Estados Unidos se ha incrementado en una cifra que Naciones Unidas estima en m\u00e1s de un mill\u00f3n de guatemaltecos.<\/p>\n<p style=\"text-align: justify\">Los candidatos a la presidencia y vicepresidencia inscritos en la boleta electoral son en total 19: Alejandro Giammattei y Guillermo Castillo por Vamos, Sandra Torres y Carlos Ra\u00fal Morales por UNE, Fredy Cabrera y Ricardo Sagastume por Todos, Luis Vel\u00e1squez y Arturo Soto por Unidos, Pablo Duarte y Roberto Villeda por Unionista y Julio H\u00e9ctor Estrada y Yara Argueta por Creo.<\/p>\n<p style=\"text-align: justify\">Tambi\u00e9n Pablo Ceto y Blanca Colop por URNG-Ma\u00edz, Jos\u00e9 Luis Chea y Mario Gonz\u00e1lez por PPT, Estuardo Gald\u00e1mez y Betty Marroqu\u00edn por FCN-Naci\u00f3n, Edmond Mulet y Jorge P\u00e9rez por Humanista y Amilcar Rivera y Erico Can por Victoria.<\/p>\n<p style=\"text-align: justify\">Adem\u00e1s Manfredo Marroqu\u00edn y \u00d3scar Morales por Encuentro por Guatemala, Thelma Cabrera y Neftal\u00ed L\u00f3pez por MLP, Danilo Roca y Manuel Mart\u00ednez por AVANZA, Manuel Villacorta y Liliana Hern\u00e1ndez por Winaq, Anibal Garc\u00eda y Carlos P\u00e9rez por Libre.<\/p>\n<p style=\"text-align: justify\">Le siguen Benito Morales y Claudia Valiente por Convergencia, Roberto Arz\u00fa y Jos\u00e9 Farias por PAN-Podemos y Isaac Farchi y Ricardo Flores por VIVA.<\/p>\n","protected":false},"excerpt":{"rendered":"<p>Guatemalq.- La primera vuelta de las elecciones presidenciales en Guatemala, que convoca a m\u00e1s de ocho millones de votantes registrados, se realizar\u00e1 este domingo con la novedosa inclusi\u00f3n del voto en el exterior para elegir de entre 19 candidatos a quien suceder\u00e1 al presidente Jimmy Morales. En medio de un amplio despliegue de seguridad con [&hellip;]<\/p>\n","protected":false},"author":2,"featured_media":16037,"comment_status":"open","ping_status":"closed","sticky":false,"template":"","format":"standard","meta":{"footnotes":""},"categories":[18],"tags":[],"class_list":["post-16036","post","type-post","status-publish","format-standard","has-post-thumbnail","hentry","category-internacional"],"yoast_head":"<!-- This site is optimized with the Yoast SEO plugin v27.5 - https:\/\/yoast.com\/product\/yoast-seo-wordpress\/ -->\n<title>M\u00e1s de ocho millones de guatemaltecos convocados a fiesta c\u00edvica - Canal 7 SLP - 2019<\/title>\n<meta name=\"robots\" content=\"index, follow, max-snippet:-1, max-image-preview:large, max-video-preview:-1\" \/>\n<link rel=\"canonical\" href=\"https:\/\/canal7slp.tv\/2019\/mas-de-ocho-millones-de-guatemaltecos-convocados-a-fiesta-civica\/\" \/>\n<meta property=\"og:locale\" content=\"es_ES\" \/>\n<meta property=\"og:type\" content=\"article\" \/>\n<meta property=\"og:title\" content=\"M\u00e1s de ocho millones de guatemaltecos convocados a fiesta c\u00edvica - Canal 7 SLP - 2019\" \/>\n<meta property=\"og:description\" content=\"Guatemalq.- La primera vuelta de las elecciones presidenciales en Guatemala, que convoca a m\u00e1s de ocho millones de votantes registrados, se realizar\u00e1 este domingo con la novedosa inclusi\u00f3n del voto en el exterior para elegir de entre 19 candidatos a quien suceder\u00e1 al presidente Jimmy Morales. En medio de un amplio despliegue de seguridad con [&hellip;]\" \/>\n<meta property=\"og:url\" content=\"https:\/\/canal7slp.tv\/2019\/mas-de-ocho-millones-de-guatemaltecos-convocados-a-fiesta-civica\/\" \/>\n<meta property=\"og:site_name\" content=\"Canal 7 SLP - 2019\" \/>\n<meta property=\"article:publisher\" content=\"https:\/\/www.facebook.com\/CANAL7SLP\/\" \/>\n<meta property=\"article:published_time\" content=\"2019-06-16T15:05:25+00:00\" \/>\n<meta property=\"og:image\" content=\"https:\/\/canal7slp.tv\/2019\/wp-content\/uploads\/2019\/06\/1030-13.jpg\" \/>\n\t<meta property=\"og:image:width\" content=\"713\" \/>\n\t<meta property=\"og:image:height\" content=\"410\" \/>\n\t<meta property=\"og:image:type\" content=\"image\/jpeg\" \/>\n<meta name=\"author\" content=\"edicionweb\" \/>\n<meta name=\"twitter:card\" content=\"summary_large_image\" \/>\n<meta name=\"twitter:creator\" content=\"@canal7_slp\" \/>\n<meta name=\"twitter:site\" content=\"@canal7_slp\" \/>\n<meta name=\"twitter:label1\" content=\"Escrito por\" \/>\n\t<meta name=\"twitter:data1\" content=\"edicionweb\" \/>\n\t<meta name=\"twitter:label2\" content=\"Tiempo de lectura\" \/>\n\t<meta name=\"twitter:data2\" content=\"4 minutos\" \/>\n<script type=\"application\/ld+json\" class=\"yoast-schema-graph\">{\"@context\":\"https:\\\/\\\/schema.org\",\"@graph\":[{\"@type\":\"Article\",\"@id\":\"https:\\\/\\\/canal7slp.tv\\\/2019\\\/mas-de-ocho-millones-de-guatemaltecos-convocados-a-fiesta-civica\\\/#article\",\"isPartOf\":{\"@id\":\"https:\\\/\\\/canal7slp.tv\\\/2019\\\/mas-de-ocho-millones-de-guatemaltecos-convocados-a-fiesta-civica\\\/\"},\"author\":{\"name\":\"edicionweb\",\"@id\":\"https:\\\/\\\/canal7slp.tv\\\/2019\\\/#\\\/schema\\\/person\\\/11d941c1c6ca30ac0a46b95fa37aa2e3\"},\"headline\":\"M\u00e1s de ocho millones de guatemaltecos convocados a fiesta c\u00edvica\",\"datePublished\":\"2019-06-16T15:05:25+00:00\",\"mainEntityOfPage\":{\"@id\":\"https:\\\/\\\/canal7slp.tv\\\/2019\\\/mas-de-ocho-millones-de-guatemaltecos-convocados-a-fiesta-civica\\\/\"},\"wordCount\":725,\"commentCount\":0,\"publisher\":{\"@id\":\"https:\\\/\\\/canal7slp.tv\\\/2019\\\/#organization\"},\"image\":{\"@id\":\"https:\\\/\\\/canal7slp.tv\\\/2019\\\/mas-de-ocho-millones-de-guatemaltecos-convocados-a-fiesta-civica\\\/#primaryimage\"},\"thumbnailUrl\":\"https:\\\/\\\/canal7slp.tv\\\/2019\\\/wp-content\\\/uploads\\\/2019\\\/06\\\/1030-13.jpg\",\"articleSection\":[\"INTERNACIONAL\"],\"inLanguage\":\"es\",\"potentialAction\":[{\"@type\":\"CommentAction\",\"name\":\"Comment\",\"target\":[\"https:\\\/\\\/canal7slp.tv\\\/2019\\\/mas-de-ocho-millones-de-guatemaltecos-convocados-a-fiesta-civica\\\/#respond\"]}]},{\"@type\":\"WebPage\",\"@id\":\"https:\\\/\\\/canal7slp.tv\\\/2019\\\/mas-de-ocho-millones-de-guatemaltecos-convocados-a-fiesta-civica\\\/\",\"url\":\"https:\\\/\\\/canal7slp.tv\\\/2019\\\/mas-de-ocho-millones-de-guatemaltecos-convocados-a-fiesta-civica\\\/\",\"name\":\"M\u00e1s de ocho millones de guatemaltecos convocados a fiesta c\u00edvica - Canal 7 SLP - 2019\",\"isPartOf\":{\"@id\":\"https:\\\/\\\/canal7slp.tv\\\/2019\\\/#website\"},\"primaryImageOfPage\":{\"@id\":\"https:\\\/\\\/canal7slp.tv\\\/2019\\\/mas-de-ocho-millones-de-guatemaltecos-convocados-a-fiesta-civica\\\/#primaryimage\"},\"image\":{\"@id\":\"https:\\\/\\\/canal7slp.tv\\\/2019\\\/mas-de-ocho-millones-de-guatemaltecos-convocados-a-fiesta-civica\\\/#primaryimage\"},\"thumbnailUrl\":\"https:\\\/\\\/canal7slp.tv\\\/2019\\\/wp-content\\\/uploads\\\/2019\\\/06\\\/1030-13.jpg\",\"datePublished\":\"2019-06-16T15:05:25+00:00\",\"breadcrumb\":{\"@id\":\"https:\\\/\\\/canal7slp.tv\\\/2019\\\/mas-de-ocho-millones-de-guatemaltecos-convocados-a-fiesta-civica\\\/#breadcrumb\"},\"inLanguage\":\"es\",\"potentialAction\":[{\"@type\":\"ReadAction\",\"target\":[\"https:\\\/\\\/canal7slp.tv\\\/2019\\\/mas-de-ocho-millones-de-guatemaltecos-convocados-a-fiesta-civica\\\/\"]}]},{\"@type\":\"ImageObject\",\"inLanguage\":\"es\",\"@id\":\"https:\\\/\\\/canal7slp.tv\\\/2019\\\/mas-de-ocho-millones-de-guatemaltecos-convocados-a-fiesta-civica\\\/#primaryimage\",\"url\":\"https:\\\/\\\/canal7slp.tv\\\/2019\\\/wp-content\\\/uploads\\\/2019\\\/06\\\/1030-13.jpg\",\"contentUrl\":\"https:\\\/\\\/canal7slp.tv\\\/2019\\\/wp-content\\\/uploads\\\/2019\\\/06\\\/1030-13.jpg\",\"width\":713,\"height\":410},{\"@type\":\"BreadcrumbList\",\"@id\":\"https:\\\/\\\/canal7slp.tv\\\/2019\\\/mas-de-ocho-millones-de-guatemaltecos-convocados-a-fiesta-civica\\\/#breadcrumb\",\"itemListElement\":[{\"@type\":\"ListItem\",\"position\":1,\"name\":\"Home\",\"item\":\"https:\\\/\\\/canal7slp.tv\\\/2019\\\/\"},{\"@type\":\"ListItem\",\"position\":2,\"name\":\"M\u00e1s de ocho millones de guatemaltecos convocados a fiesta c\u00edvica\"}]},{\"@type\":\"WebSite\",\"@id\":\"https:\\\/\\\/canal7slp.tv\\\/2019\\\/#website\",\"url\":\"https:\\\/\\\/canal7slp.tv\\\/2019\\\/\",\"name\":\"Canal 7 SLP - Somos TV\",\"description\":\"Somos un Canal de 10\",\"publisher\":{\"@id\":\"https:\\\/\\\/canal7slp.tv\\\/2019\\\/#organization\"},\"potentialAction\":[{\"@type\":\"SearchAction\",\"target\":{\"@type\":\"EntryPoint\",\"urlTemplate\":\"https:\\\/\\\/canal7slp.tv\\\/2019\\\/?s={search_term_string}\"},\"query-input\":{\"@type\":\"PropertyValueSpecification\",\"valueRequired\":true,\"valueName\":\"search_term_string\"}}],\"inLanguage\":\"es\"},{\"@type\":\"Organization\",\"@id\":\"https:\\\/\\\/canal7slp.tv\\\/2019\\\/#organization\",\"name\":\"Comunicaci\u00f3n 2000 S.A. de C.V.\",\"url\":\"https:\\\/\\\/canal7slp.tv\\\/2019\\\/\",\"logo\":{\"@type\":\"ImageObject\",\"inLanguage\":\"es\",\"@id\":\"https:\\\/\\\/canal7slp.tv\\\/2019\\\/#\\\/schema\\\/logo\\\/image\\\/\",\"url\":\"https:\\\/\\\/canal7slp.tv\\\/2019\\\/wp-content\\\/uploads\\\/2019\\\/07\\\/logo-c7.png\",\"contentUrl\":\"https:\\\/\\\/canal7slp.tv\\\/2019\\\/wp-content\\\/uploads\\\/2019\\\/07\\\/logo-c7.png\",\"width\":220,\"height\":60,\"caption\":\"Comunicaci\u00f3n 2000 S.A. de C.V.\"},\"image\":{\"@id\":\"https:\\\/\\\/canal7slp.tv\\\/2019\\\/#\\\/schema\\\/logo\\\/image\\\/\"},\"sameAs\":[\"https:\\\/\\\/www.facebook.com\\\/CANAL7SLP\\\/\",\"https:\\\/\\\/x.com\\\/canal7_slp\",\"https:\\\/\\\/www.instagram.com\\\/canal7_slp\",\"https:\\\/\\\/www.youtube.com\\\/user\\\/NOTICIEROSCANAL7SLP\\\/\"]},{\"@type\":\"Person\",\"@id\":\"https:\\\/\\\/canal7slp.tv\\\/2019\\\/#\\\/schema\\\/person\\\/11d941c1c6ca30ac0a46b95fa37aa2e3\",\"name\":\"edicionweb\",\"image\":{\"@type\":\"ImageObject\",\"inLanguage\":\"es\",\"@id\":\"https:\\\/\\\/secure.gravatar.com\\\/avatar\\\/eee448fc3f7164808013b816ba91ac7e43bbe82a70bebac296f8bc6f0addaa1a?s=96&d=mm&r=g\",\"url\":\"https:\\\/\\\/secure.gravatar.com\\\/avatar\\\/eee448fc3f7164808013b816ba91ac7e43bbe82a70bebac296f8bc6f0addaa1a?s=96&d=mm&r=g\",\"contentUrl\":\"https:\\\/\\\/secure.gravatar.com\\\/avatar\\\/eee448fc3f7164808013b816ba91ac7e43bbe82a70bebac296f8bc6f0addaa1a?s=96&d=mm&r=g\",\"caption\":\"edicionweb\"}}]}<\/script>\n<!-- \/ Yoast SEO plugin. -->","yoast_head_json":{"title":"M\u00e1s de ocho millones de guatemaltecos convocados a fiesta c\u00edvica - Canal 7 SLP - 2019","robots":{"index":"index","follow":"follow","max-snippet":"max-snippet:-1","max-image-preview":"max-image-preview:large","max-video-preview":"max-video-preview:-1"},"canonical":"https:\/\/canal7slp.tv\/2019\/mas-de-ocho-millones-de-guatemaltecos-convocados-a-fiesta-civica\/","og_locale":"es_ES","og_type":"article","og_title":"M\u00e1s de ocho millones de guatemaltecos convocados a fiesta c\u00edvica - Canal 7 SLP - 2019","og_description":"Guatemalq.- La primera vuelta de las elecciones presidenciales en Guatemala, que convoca a m\u00e1s de ocho millones de votantes registrados, se realizar\u00e1 este domingo con la novedosa inclusi\u00f3n del voto en el exterior para elegir de entre 19 candidatos a quien suceder\u00e1 al presidente Jimmy Morales. En medio de un amplio despliegue de seguridad con [&hellip;]","og_url":"https:\/\/canal7slp.tv\/2019\/mas-de-ocho-millones-de-guatemaltecos-convocados-a-fiesta-civica\/","og_site_name":"Canal 7 SLP - 2019","article_publisher":"https:\/\/www.facebook.com\/CANAL7SLP\/","article_published_time":"2019-06-16T15:05:25+00:00","og_image":[{"width":713,"height":410,"url":"https:\/\/canal7slp.tv\/2019\/wp-content\/uploads\/2019\/06\/1030-13.jpg","type":"image\/jpeg"}],"author":"edicionweb","twitter_card":"summary_large_image","twitter_creator":"@canal7_slp","twitter_site":"@canal7_slp","twitter_misc":{"Escrito por":"edicionweb","Tiempo de lectura":"4 minutos"},"schema":{"@context":"https:\/\/schema.org","@graph":[{"@type":"Article","@id":"https:\/\/canal7slp.tv\/2019\/mas-de-ocho-millones-de-guatemaltecos-convocados-a-fiesta-civica\/#article","isPartOf":{"@id":"https:\/\/canal7slp.tv\/2019\/mas-de-ocho-millones-de-guatemaltecos-convocados-a-fiesta-civica\/"},"author":{"name":"edicionweb","@id":"https:\/\/canal7slp.tv\/2019\/#\/schema\/person\/11d941c1c6ca30ac0a46b95fa37aa2e3"},"headline":"M\u00e1s de ocho millones de guatemaltecos convocados a fiesta c\u00edvica","datePublished":"2019-06-16T15:05:25+00:00","mainEntityOfPage":{"@id":"https:\/\/canal7slp.tv\/2019\/mas-de-ocho-millones-de-guatemaltecos-convocados-a-fiesta-civica\/"},"wordCount":725,"commentCount":0,"publisher":{"@id":"https:\/\/canal7slp.tv\/2019\/#organization"},"image":{"@id":"https:\/\/canal7slp.tv\/2019\/mas-de-ocho-millones-de-guatemaltecos-convocados-a-fiesta-civica\/#primaryimage"},"thumbnailUrl":"https:\/\/canal7slp.tv\/2019\/wp-content\/uploads\/2019\/06\/1030-13.jpg","articleSection":["INTERNACIONAL"],"inLanguage":"es","potentialAction":[{"@type":"CommentAction","name":"Comment","target":["https:\/\/canal7slp.tv\/2019\/mas-de-ocho-millones-de-guatemaltecos-convocados-a-fiesta-civica\/#respond"]}]},{"@type":"WebPage","@id":"https:\/\/canal7slp.tv\/2019\/mas-de-ocho-millones-de-guatemaltecos-convocados-a-fiesta-civica\/","url":"https:\/\/canal7slp.tv\/2019\/mas-de-ocho-millones-de-guatemaltecos-convocados-a-fiesta-civica\/","name":"M\u00e1s de ocho millones de guatemaltecos convocados a fiesta c\u00edvica - Canal 7 SLP - 2019","isPartOf":{"@id":"https:\/\/canal7slp.tv\/2019\/#website"},"primaryImageOfPage":{"@id":"https:\/\/canal7slp.tv\/2019\/mas-de-ocho-millones-de-guatemaltecos-convocados-a-fiesta-civica\/#primaryimage"},"image":{"@id":"https:\/\/canal7slp.tv\/2019\/mas-de-ocho-millones-de-guatemaltecos-convocados-a-fiesta-civica\/#primaryimage"},"thumbnailUrl":"https:\/\/canal7slp.tv\/2019\/wp-content\/uploads\/2019\/06\/1030-13.jpg","datePublished":"2019-06-16T15:05:25+00:00","breadcrumb":{"@id":"https:\/\/canal7slp.tv\/2019\/mas-de-ocho-millones-de-guatemaltecos-convocados-a-fiesta-civica\/#breadcrumb"},"inLanguage":"es","potentialAction":[{"@type":"ReadAction","target":["https:\/\/canal7slp.tv\/2019\/mas-de-ocho-millones-de-guatemaltecos-convocados-a-fiesta-civica\/"]}]},{"@type":"ImageObject","inLanguage":"es","@id":"https:\/\/canal7slp.tv\/2019\/mas-de-ocho-millones-de-guatemaltecos-convocados-a-fiesta-civica\/#primaryimage","url":"https:\/\/canal7slp.tv\/2019\/wp-content\/uploads\/2019\/06\/1030-13.jpg","contentUrl":"https:\/\/canal7slp.tv\/2019\/wp-content\/uploads\/2019\/06\/1030-13.jpg","width":713,"height":410},{"@type":"BreadcrumbList","@id":"https:\/\/canal7slp.tv\/2019\/mas-de-ocho-millones-de-guatemaltecos-convocados-a-fiesta-civica\/#breadcrumb","itemListElement":[{"@type":"ListItem","position":1,"name":"Home","item":"https:\/\/canal7slp.tv\/2019\/"},{"@type":"ListItem","position":2,"name":"M\u00e1s de ocho millones de guatemaltecos convocados a fiesta c\u00edvica"}]},{"@type":"WebSite","@id":"https:\/\/canal7slp.tv\/2019\/#website","url":"https:\/\/canal7slp.tv\/2019\/","name":"Canal 7 SLP - Somos TV","description":"Somos un Canal de 10","publisher":{"@id":"https:\/\/canal7slp.tv\/2019\/#organization"},"potentialAction":[{"@type":"SearchAction","target":{"@type":"EntryPoint","urlTemplate":"https:\/\/canal7slp.tv\/2019\/?s={search_term_string}"},"query-input":{"@type":"PropertyValueSpecification","valueRequired":true,"valueName":"search_term_string"}}],"inLanguage":"es"},{"@type":"Organization","@id":"https:\/\/canal7slp.tv\/2019\/#organization","name":"Comunicaci\u00f3n 2000 S.A. de C.V.","url":"https:\/\/canal7slp.tv\/2019\/","logo":{"@type":"ImageObject","inLanguage":"es","@id":"https:\/\/canal7slp.tv\/2019\/#\/schema\/logo\/image\/","url":"https:\/\/canal7slp.tv\/2019\/wp-content\/uploads\/2019\/07\/logo-c7.png","contentUrl":"https:\/\/canal7slp.tv\/2019\/wp-content\/uploads\/2019\/07\/logo-c7.png","width":220,"height":60,"caption":"Comunicaci\u00f3n 2000 S.A. de C.V."},"image":{"@id":"https:\/\/canal7slp.tv\/2019\/#\/schema\/logo\/image\/"},"sameAs":["https:\/\/www.facebook.com\/CANAL7SLP\/","https:\/\/x.com\/canal7_slp","https:\/\/www.instagram.com\/canal7_slp","https:\/\/www.youtube.com\/user\/NOTICIEROSCANAL7SLP\/"]},{"@type":"Person","@id":"https:\/\/canal7slp.tv\/2019\/#\/schema\/person\/11d941c1c6ca30ac0a46b95fa37aa2e3","name":"edicionweb","image":{"@type":"ImageObject","inLanguage":"es","@id":"https:\/\/secure.gravatar.com\/avatar\/eee448fc3f7164808013b816ba91ac7e43bbe82a70bebac296f8bc6f0addaa1a?s=96&d=mm&r=g","url":"https:\/\/secure.gravatar.com\/avatar\/eee448fc3f7164808013b816ba91ac7e43bbe82a70bebac296f8bc6f0addaa1a?s=96&d=mm&r=g","contentUrl":"https:\/\/secure.gravatar.com\/avatar\/eee448fc3f7164808013b816ba91ac7e43bbe82a70bebac296f8bc6f0addaa1a?s=96&d=mm&r=g","caption":"edicionweb"}}]}},"amp_enabled":true,"cmb2":{"video_ids_in_playlist":{"vid_p_videos":""},"video_ids_in_channel":{"vid_c_videos":""},"playlist_ids_in_channel":{"vid_c_playlists":""},"series_ids_in_channel":{"vid_c_series":""},"channel_images":{"vid_c_logo":"","vid_c_banner":""},"poster_feature_image":{"vid_m_poster_image":""},"gif_feature_image":{"vid_m_gif_image":""},"video_movie_settings":{"vid_m_director":"","vid_m_actor":"","vid_m_imdb_ratings":"","vid_m_amazon_associates":""},"vid_youtube_broadcasts_settings":{"vid_yb_broadcast_title":"","vid_yb_q":"","vid_yb_channelid":"","vid_yb_videocategoryid":"","vid_yb_maxresults":"","vid_yb_order":"","vid_yb_regioncode":"","vid_yb_videosyndicated":"","vid_yb_style":"","vid_yb_reload_first":""},"video_series_settings":{"vid_m_director":"","vid_m_actor":"","vid_m_imdb_ratings":"","video_series_group":""},"amazon_associates_settings":{"amazon_associates":"","amazon_native_ad":""},"vid_youtube_automatic_settings":{"vid_ya_youtube_source":"","vid_ya_update_every":"","vid_ya_update_unit":"","vid_ya_categories":"","vid_ya_published_after":"","vid_ya_published_before":"","vid_ya_playlists":"","vid_ya_channels":"","vid_ya_director":"","vid_ya_actor":"","vid_ya_author":"","vid_ya_import_post_date":"","vid_ya_status":"","vid_ya_sub_api_key":""},"vid_ads_m_videoads_settings_post":{"vid_ads_m_video_ads":"","vid_ads_m_video_ads_type":"","vid_ads_m_group_google_ima":"","vid_ads_m_group_image":"","vid_ads_m_group_html5_video":"","vid_ads_m_group_html":"","vid_ads_m_vast_preroll":"","vid_ads_m_vast_postroll":"","vid_ads_m_vast_pauseroll":"","vid_ads_m_vast_midroll":[{"vid_ads_m_vast_timer_seconds":"50"}],"vid_ads_m_time_to_show_ads":"","vid_ads_m_time_skip_ads":"","vid_ads_m_time_to_hide_ads":""},"page_slider_settings":{"display_slider_group":"","page_slider_group":""},"blog_page_settings":{"blog_page_title":"","blog_page_heading":"","blog_page_ic":"","blog_page_it":"","blog_page_ec":"","blog_page_ip":"","archive_loop_style":"","blog_image_ratio":"","blog_show_categories":"","blog_show_excerpt":"","blog_show_author":"","blog_show_date":"","blog_show_comment_count":"","blog_show_view_count":"","blog_show_like_count":"","blog_show_dislike_count":"","blog_items_per_page":"","blog_pag_type":""},"page_options":{"get_page_template":"","color_mode":"","main_layout":"","main_layout_full_with":"","main_logo":"","main_logo_retina":"","main_logo_mobile":"","main_logo_mobile_retina":"","sticky_logo":"","sticky_logo_retina":"","main_nav_layout":"","ajax_search":"","header_background":"","theme_sidebar":"","instagram_feed":"","instagram_feed_position":"","popular_videos":"","popular_videos_title_1":"","popular_videos_title_2":"","popular_videos_ic":"","popular_videos_it":"","theme_background":"","page_custom_css":""},"feature_image_settings":{"feature_image_position":""},"video_player_settings":{"single_video_style":"","video_player_position":"","vm_video_url":"","video_player_library":"","video_streaming":"","vm_media_sources":"","vid_auto_play":"","vm_video_shortcode":"","vid_p_sync_playlist":"","vid_c_sync_channel":"","get_post_format":"","multiple_links_structure":"default","multi_links_title":"","vm_video_multi_links":"","vm_duration":"","vid_social_locker":"off","vid_social_locker_id":"","vid_membership_action":"content-video","vm_video_trailer_url":"","vid_download_type":"free","vid_download_target":"download","vid_woo_product":"","vm_media_download":"","user_rating":"","user_rating_position":"","user_rating_mode":"","user_rating_multi_sets":""},"video_auto_fetch_settings":{"vm_video_fetch":"on"},"video_fake_views_likes":{"vm_fake_views":"","vm_fake_likes":"","vm_fake_dislikes":""},"gallery_settings":{"gallery_position":""},"quote_settings":{"quote_position":""},"post_options":{"main_layout":"","main_logo":"","main_logo_retina":"","main_logo_mobile":"","main_logo_mobile_retina":"","sticky_logo":"","sticky_logo_retina":"","main_nav_layout":"","header_background":"","theme_sidebar":"","single_post_comment_type":"","theme_background":""}},"_links":{"self":[{"href":"https:\/\/canal7slp.tv\/2019\/wp-json\/wp\/v2\/posts\/16036","targetHints":{"allow":["GET"]}}],"collection":[{"href":"https:\/\/canal7slp.tv\/2019\/wp-json\/wp\/v2\/posts"}],"about":[{"href":"https:\/\/canal7slp.tv\/2019\/wp-json\/wp\/v2\/types\/post"}],"author":[{"embeddable":true,"href":"https:\/\/canal7slp.tv\/2019\/wp-json\/wp\/v2\/users\/2"}],"replies":[{"embeddable":true,"href":"https:\/\/canal7slp.tv\/2019\/wp-json\/wp\/v2\/comments?post=16036"}],"version-history":[{"count":0,"href":"https:\/\/canal7slp.tv\/2019\/wp-json\/wp\/v2\/posts\/16036\/revisions"}],"wp:featuredmedia":[{"embeddable":true,"href":"https:\/\/canal7slp.tv\/2019\/wp-json\/wp\/v2\/media\/16037"}],"wp:attachment":[{"href":"https:\/\/canal7slp.tv\/2019\/wp-json\/wp\/v2\/media?parent=16036"}],"wp:term":[{"taxonomy":"category","embeddable":true,"href":"https:\/\/canal7slp.tv\/2019\/wp-json\/wp\/v2\/categories?post=16036"},{"taxonomy":"post_tag","embeddable":true,"href":"https:\/\/canal7slp.tv\/2019\/wp-json\/wp\/v2\/tags?post=16036"}],"curies":[{"name":"wp","href":"https:\/\/api.w.org\/{rel}","templated":true}]}}