{"id":15733,"date":"2019-06-15T12:55:19","date_gmt":"2019-06-15T17:55:19","guid":{"rendered":"https:\/\/canal7slp.tv\/2019\/?p=15733"},"modified":"2019-06-15T12:55:19","modified_gmt":"2019-06-15T17:55:19","slug":"casi-13-millones-de-mexicanos-en-vejez-sufren-maltrato-y-abuso","status":"publish","type":"post","link":"https:\/\/canal7slp.tv\/2019\/casi-13-millones-de-mexicanos-en-vejez-sufren-maltrato-y-abuso\/","title":{"rendered":"Casi 13 millones de mexicanos en vejez sufren maltrato y abuso"},"content":{"rendered":"<p style=\"text-align: justify\">M\u00e9xico.- Despojo, robo a casa habitaci\u00f3n, fraude, violencia familiar y violaci\u00f3n, as\u00ed como privaci\u00f3n de la libertar y abandono, son las principales formas abuso y maltrato que sufren en M\u00e9xico 12.6 millones de personas mayores en el pa\u00eds, cantidad que equivale al 10.5 por ciento de la poblaci\u00f3n total reportada en 2017.<\/p>\n<p style=\"text-align: justify\">De acuerdo con\u00a0la Comisi\u00f3n Nacional de los Derechos Humanos (CNDH), en la vejez las personas est\u00e1n expuestas a la vulneraci\u00f3n de sus derechos fundamentales y por lo general no denuncian debido al v\u00ednculo familiar que existe con los agresores, la dependencia econ\u00f3mica y f\u00edsica respecto de quien genera la violencia o la falta de acceso a las instancias de procuraci\u00f3n de justicia.<\/p>\n<p style=\"text-align: justify\">No obstante, se sabe que entre el 1 de enero de 2014 y\u00a0el 29 de febrero de 2016 se presentaron 34 mil 200 denuncias por delitos contra personas mayores, apuntan cifras de Informe Especial sobre los Derechos de las Personas Mayores de la CNDH.<\/p>\n<p style=\"text-align: justify\">De esa cantidad, 57 por ciento se inici\u00f3 por delitos patrimoniales (despojo, robo a casa habitaci\u00f3n, fraude y da\u00f1os en propiedad privada, entre otros), 16 por ciento por violencia familiar, ocho por ciento por lesiones, cinco por ciento por amenazas, cuatro por ciento por\u00a0homicidio y, en menor porcentaje, il\u00edcitos como violaci\u00f3n y abuso sexual, privaci\u00f3n ilegal de la libertad, abandono de persona, omisi\u00f3n de cuidados, responsabilidad m\u00e9dica, trata de personas, explotaci\u00f3n y discriminaci\u00f3n.<\/p>\n<p style=\"text-align: justify\">En la mayor\u00eda de los casos, precisa el organismo, las formas de abuso y maltrato se cometen por integrantes de su c\u00edrculo m\u00e1s cercano, como c\u00f3nyuge, hijos o hijas, nietos o nietas, nueras, yernos y cuidadores.<\/p>\n<p style=\"text-align: justify\">Por ello, en el D\u00eda Mundial de Toma de Conciencia del Abuso y Maltrato en la Vejez, que se conmemora el 15 de junio, la CNDH llama a sociedad y autoridades a fortalecer el papel de las familias como n\u00facleo de desarrollo de las personas mayores, y la capacitaci\u00f3n de los cuidadores informales en materia de derechos humanos y trato respetuoso hacia esa poblaci\u00f3n.<\/p>\n<p style=\"text-align: justify\">Adem\u00e1s, enfatiza la necesidad de fortalecer y profesionalizar la vigilancia y supervisi\u00f3n de los centros de asistencia social y albergues p\u00fablicos y privados para garantizar la integridad, dignidad y seguridad de los usuarios.<\/p>\n<p style=\"text-align: justify\">En esos espacios, menciona, es necesario promover la capacitaci\u00f3n de su personal y gestionar que se incorporen los enfoques de derechos humanos, de ciclo de vida, de g\u00e9nero y la transversalidad como ejes rectores de la legislaci\u00f3n, pol\u00edticas p\u00fablicas, planes, programas y cualquier medida dirigida a la poblaci\u00f3n de 60 a\u00f1os en adelante.<\/p>\n<p style=\"text-align: justify\">En el caso de personas mayores LGBTTTI, indica el organismo, suelen enfrentar estigmas y prejuicios indebidamente asociados con su edad, por lo que es preciso dise\u00f1ar e implementar estrategias integrales y acciones diferenciadas para combatir estereotipos, exclusi\u00f3n y agresiones en su contra a causa de su identidad y expresi\u00f3n de g\u00e9nero o su preferencia sexual.<\/p>\n<p style=\"text-align: justify\">Asimismo, la Comisi\u00f3n reitera su llamado a las autoridades mexicanas para iniciar en lo inmediato las gestiones para la firma y ratificaci\u00f3n de la Convenci\u00f3n Interamericana sobre la Protecci\u00f3n de los Derechos de las Personas Mayores.<\/p>\n<p style=\"text-align: justify\">Con ello, las autoridades estar\u00e1n obligadas a armonizar las normas vigentes con su contenido y a implementar mecanismos para garantizar su cumplimiento, incluyendo la asignaci\u00f3n de recursos econ\u00f3micos suficientes.<\/p>\n<p style=\"text-align: justify\">La Asamblea General de las Naciones Unidas, en su Resoluci\u00f3n 66\/127, design\u00f3 el 15 de junio como D\u00eda Mundial de Toma de Conciencia del Abuso y Maltrato en la Vejez, como una forma de visibilizarlo y exhortar a combatir los sufrimientos infligidos a las generaciones mayores.<\/p>\n","protected":false},"excerpt":{"rendered":"<p>M\u00e9xico.- Despojo, robo a casa habitaci\u00f3n, fraude, violencia familiar y violaci\u00f3n, as\u00ed como privaci\u00f3n de la libertar y abandono, son las principales formas abuso y maltrato que sufren en M\u00e9xico 12.6 millones de personas mayores en el pa\u00eds, cantidad que equivale al 10.5 por ciento de la poblaci\u00f3n total reportada en 2017. De acuerdo con\u00a0la [&hellip;]<\/p>\n","protected":false},"author":2,"featured_media":15734,"comment_status":"open","ping_status":"closed","sticky":false,"template":"","format":"standard","meta":{"footnotes":""},"categories":[30],"tags":[],"class_list":["post-15733","post","type-post","status-publish","format-standard","has-post-thumbnail","hentry","category-nacional"],"yoast_head":"<!-- This site is optimized with the Yoast SEO plugin v27.5 - https:\/\/yoast.com\/product\/yoast-seo-wordpress\/ -->\n<title>Casi 13 millones de mexicanos en vejez sufren maltrato y abuso - Canal 7 SLP - 2019<\/title>\n<meta name=\"robots\" content=\"index, follow, max-snippet:-1, max-image-preview:large, max-video-preview:-1\" \/>\n<link rel=\"canonical\" href=\"https:\/\/canal7slp.tv\/2019\/casi-13-millones-de-mexicanos-en-vejez-sufren-maltrato-y-abuso\/\" \/>\n<meta property=\"og:locale\" content=\"es_ES\" \/>\n<meta property=\"og:type\" content=\"article\" \/>\n<meta property=\"og:title\" content=\"Casi 13 millones de mexicanos en vejez sufren maltrato y abuso - Canal 7 SLP - 2019\" \/>\n<meta property=\"og:description\" content=\"M\u00e9xico.- Despojo, robo a casa habitaci\u00f3n, fraude, violencia familiar y violaci\u00f3n, as\u00ed como privaci\u00f3n de la libertar y abandono, son las principales formas abuso y maltrato que sufren en M\u00e9xico 12.6 millones de personas mayores en el pa\u00eds, cantidad que equivale al 10.5 por ciento de la poblaci\u00f3n total reportada en 2017. De acuerdo con\u00a0la [&hellip;]\" \/>\n<meta property=\"og:url\" content=\"https:\/\/canal7slp.tv\/2019\/casi-13-millones-de-mexicanos-en-vejez-sufren-maltrato-y-abuso\/\" \/>\n<meta property=\"og:site_name\" content=\"Canal 7 SLP - 2019\" \/>\n<meta property=\"article:publisher\" content=\"https:\/\/www.facebook.com\/CANAL7SLP\/\" \/>\n<meta property=\"article:published_time\" content=\"2019-06-15T17:55:19+00:00\" \/>\n<meta property=\"og:image\" content=\"https:\/\/canal7slp.tv\/2019\/wp-content\/uploads\/2019\/06\/1300-4.jpg\" \/>\n\t<meta property=\"og:image:width\" content=\"683\" \/>\n\t<meta property=\"og:image:height\" content=\"410\" \/>\n\t<meta property=\"og:image:type\" content=\"image\/jpeg\" \/>\n<meta name=\"author\" content=\"edicionweb\" \/>\n<meta name=\"twitter:card\" content=\"summary_large_image\" \/>\n<meta name=\"twitter:creator\" content=\"@canal7_slp\" \/>\n<meta name=\"twitter:site\" content=\"@canal7_slp\" \/>\n<meta name=\"twitter:label1\" content=\"Escrito por\" \/>\n\t<meta name=\"twitter:data1\" content=\"edicionweb\" \/>\n\t<meta name=\"twitter:label2\" content=\"Tiempo de lectura\" \/>\n\t<meta name=\"twitter:data2\" content=\"3 minutos\" \/>\n<script type=\"application\/ld+json\" class=\"yoast-schema-graph\">{\"@context\":\"https:\\\/\\\/schema.org\",\"@graph\":[{\"@type\":\"Article\",\"@id\":\"https:\\\/\\\/canal7slp.tv\\\/2019\\\/casi-13-millones-de-mexicanos-en-vejez-sufren-maltrato-y-abuso\\\/#article\",\"isPartOf\":{\"@id\":\"https:\\\/\\\/canal7slp.tv\\\/2019\\\/casi-13-millones-de-mexicanos-en-vejez-sufren-maltrato-y-abuso\\\/\"},\"author\":{\"name\":\"edicionweb\",\"@id\":\"https:\\\/\\\/canal7slp.tv\\\/2019\\\/#\\\/schema\\\/person\\\/11d941c1c6ca30ac0a46b95fa37aa2e3\"},\"headline\":\"Casi 13 millones de mexicanos en vejez sufren maltrato y abuso\",\"datePublished\":\"2019-06-15T17:55:19+00:00\",\"mainEntityOfPage\":{\"@id\":\"https:\\\/\\\/canal7slp.tv\\\/2019\\\/casi-13-millones-de-mexicanos-en-vejez-sufren-maltrato-y-abuso\\\/\"},\"wordCount\":636,\"commentCount\":0,\"publisher\":{\"@id\":\"https:\\\/\\\/canal7slp.tv\\\/2019\\\/#organization\"},\"image\":{\"@id\":\"https:\\\/\\\/canal7slp.tv\\\/2019\\\/casi-13-millones-de-mexicanos-en-vejez-sufren-maltrato-y-abuso\\\/#primaryimage\"},\"thumbnailUrl\":\"https:\\\/\\\/canal7slp.tv\\\/2019\\\/wp-content\\\/uploads\\\/2019\\\/06\\\/1300-4.jpg\",\"articleSection\":[\"NACIONAL\"],\"inLanguage\":\"es\",\"potentialAction\":[{\"@type\":\"CommentAction\",\"name\":\"Comment\",\"target\":[\"https:\\\/\\\/canal7slp.tv\\\/2019\\\/casi-13-millones-de-mexicanos-en-vejez-sufren-maltrato-y-abuso\\\/#respond\"]}]},{\"@type\":\"WebPage\",\"@id\":\"https:\\\/\\\/canal7slp.tv\\\/2019\\\/casi-13-millones-de-mexicanos-en-vejez-sufren-maltrato-y-abuso\\\/\",\"url\":\"https:\\\/\\\/canal7slp.tv\\\/2019\\\/casi-13-millones-de-mexicanos-en-vejez-sufren-maltrato-y-abuso\\\/\",\"name\":\"Casi 13 millones de mexicanos en vejez sufren maltrato y abuso - Canal 7 SLP - 2019\",\"isPartOf\":{\"@id\":\"https:\\\/\\\/canal7slp.tv\\\/2019\\\/#website\"},\"primaryImageOfPage\":{\"@id\":\"https:\\\/\\\/canal7slp.tv\\\/2019\\\/casi-13-millones-de-mexicanos-en-vejez-sufren-maltrato-y-abuso\\\/#primaryimage\"},\"image\":{\"@id\":\"https:\\\/\\\/canal7slp.tv\\\/2019\\\/casi-13-millones-de-mexicanos-en-vejez-sufren-maltrato-y-abuso\\\/#primaryimage\"},\"thumbnailUrl\":\"https:\\\/\\\/canal7slp.tv\\\/2019\\\/wp-content\\\/uploads\\\/2019\\\/06\\\/1300-4.jpg\",\"datePublished\":\"2019-06-15T17:55:19+00:00\",\"breadcrumb\":{\"@id\":\"https:\\\/\\\/canal7slp.tv\\\/2019\\\/casi-13-millones-de-mexicanos-en-vejez-sufren-maltrato-y-abuso\\\/#breadcrumb\"},\"inLanguage\":\"es\",\"potentialAction\":[{\"@type\":\"ReadAction\",\"target\":[\"https:\\\/\\\/canal7slp.tv\\\/2019\\\/casi-13-millones-de-mexicanos-en-vejez-sufren-maltrato-y-abuso\\\/\"]}]},{\"@type\":\"ImageObject\",\"inLanguage\":\"es\",\"@id\":\"https:\\\/\\\/canal7slp.tv\\\/2019\\\/casi-13-millones-de-mexicanos-en-vejez-sufren-maltrato-y-abuso\\\/#primaryimage\",\"url\":\"https:\\\/\\\/canal7slp.tv\\\/2019\\\/wp-content\\\/uploads\\\/2019\\\/06\\\/1300-4.jpg\",\"contentUrl\":\"https:\\\/\\\/canal7slp.tv\\\/2019\\\/wp-content\\\/uploads\\\/2019\\\/06\\\/1300-4.jpg\",\"width\":683,\"height\":410},{\"@type\":\"BreadcrumbList\",\"@id\":\"https:\\\/\\\/canal7slp.tv\\\/2019\\\/casi-13-millones-de-mexicanos-en-vejez-sufren-maltrato-y-abuso\\\/#breadcrumb\",\"itemListElement\":[{\"@type\":\"ListItem\",\"position\":1,\"name\":\"Home\",\"item\":\"https:\\\/\\\/canal7slp.tv\\\/2019\\\/\"},{\"@type\":\"ListItem\",\"position\":2,\"name\":\"Casi 13 millones de mexicanos en vejez sufren maltrato y abuso\"}]},{\"@type\":\"WebSite\",\"@id\":\"https:\\\/\\\/canal7slp.tv\\\/2019\\\/#website\",\"url\":\"https:\\\/\\\/canal7slp.tv\\\/2019\\\/\",\"name\":\"Canal 7 SLP - Somos TV\",\"description\":\"Somos un Canal de 10\",\"publisher\":{\"@id\":\"https:\\\/\\\/canal7slp.tv\\\/2019\\\/#organization\"},\"potentialAction\":[{\"@type\":\"SearchAction\",\"target\":{\"@type\":\"EntryPoint\",\"urlTemplate\":\"https:\\\/\\\/canal7slp.tv\\\/2019\\\/?s={search_term_string}\"},\"query-input\":{\"@type\":\"PropertyValueSpecification\",\"valueRequired\":true,\"valueName\":\"search_term_string\"}}],\"inLanguage\":\"es\"},{\"@type\":\"Organization\",\"@id\":\"https:\\\/\\\/canal7slp.tv\\\/2019\\\/#organization\",\"name\":\"Comunicaci\u00f3n 2000 S.A. de C.V.\",\"url\":\"https:\\\/\\\/canal7slp.tv\\\/2019\\\/\",\"logo\":{\"@type\":\"ImageObject\",\"inLanguage\":\"es\",\"@id\":\"https:\\\/\\\/canal7slp.tv\\\/2019\\\/#\\\/schema\\\/logo\\\/image\\\/\",\"url\":\"https:\\\/\\\/canal7slp.tv\\\/2019\\\/wp-content\\\/uploads\\\/2019\\\/07\\\/logo-c7.png\",\"contentUrl\":\"https:\\\/\\\/canal7slp.tv\\\/2019\\\/wp-content\\\/uploads\\\/2019\\\/07\\\/logo-c7.png\",\"width\":220,\"height\":60,\"caption\":\"Comunicaci\u00f3n 2000 S.A. de C.V.\"},\"image\":{\"@id\":\"https:\\\/\\\/canal7slp.tv\\\/2019\\\/#\\\/schema\\\/logo\\\/image\\\/\"},\"sameAs\":[\"https:\\\/\\\/www.facebook.com\\\/CANAL7SLP\\\/\",\"https:\\\/\\\/x.com\\\/canal7_slp\",\"https:\\\/\\\/www.instagram.com\\\/canal7_slp\",\"https:\\\/\\\/www.youtube.com\\\/user\\\/NOTICIEROSCANAL7SLP\\\/\"]},{\"@type\":\"Person\",\"@id\":\"https:\\\/\\\/canal7slp.tv\\\/2019\\\/#\\\/schema\\\/person\\\/11d941c1c6ca30ac0a46b95fa37aa2e3\",\"name\":\"edicionweb\",\"image\":{\"@type\":\"ImageObject\",\"inLanguage\":\"es\",\"@id\":\"https:\\\/\\\/secure.gravatar.com\\\/avatar\\\/eee448fc3f7164808013b816ba91ac7e43bbe82a70bebac296f8bc6f0addaa1a?s=96&d=mm&r=g\",\"url\":\"https:\\\/\\\/secure.gravatar.com\\\/avatar\\\/eee448fc3f7164808013b816ba91ac7e43bbe82a70bebac296f8bc6f0addaa1a?s=96&d=mm&r=g\",\"contentUrl\":\"https:\\\/\\\/secure.gravatar.com\\\/avatar\\\/eee448fc3f7164808013b816ba91ac7e43bbe82a70bebac296f8bc6f0addaa1a?s=96&d=mm&r=g\",\"caption\":\"edicionweb\"}}]}<\/script>\n<!-- \/ Yoast SEO plugin. -->","yoast_head_json":{"title":"Casi 13 millones de mexicanos en vejez sufren maltrato y abuso - Canal 7 SLP - 2019","robots":{"index":"index","follow":"follow","max-snippet":"max-snippet:-1","max-image-preview":"max-image-preview:large","max-video-preview":"max-video-preview:-1"},"canonical":"https:\/\/canal7slp.tv\/2019\/casi-13-millones-de-mexicanos-en-vejez-sufren-maltrato-y-abuso\/","og_locale":"es_ES","og_type":"article","og_title":"Casi 13 millones de mexicanos en vejez sufren maltrato y abuso - Canal 7 SLP - 2019","og_description":"M\u00e9xico.- Despojo, robo a casa habitaci\u00f3n, fraude, violencia familiar y violaci\u00f3n, as\u00ed como privaci\u00f3n de la libertar y abandono, son las principales formas abuso y maltrato que sufren en M\u00e9xico 12.6 millones de personas mayores en el pa\u00eds, cantidad que equivale al 10.5 por ciento de la poblaci\u00f3n total reportada en 2017. De acuerdo con\u00a0la [&hellip;]","og_url":"https:\/\/canal7slp.tv\/2019\/casi-13-millones-de-mexicanos-en-vejez-sufren-maltrato-y-abuso\/","og_site_name":"Canal 7 SLP - 2019","article_publisher":"https:\/\/www.facebook.com\/CANAL7SLP\/","article_published_time":"2019-06-15T17:55:19+00:00","og_image":[{"width":683,"height":410,"url":"https:\/\/canal7slp.tv\/2019\/wp-content\/uploads\/2019\/06\/1300-4.jpg","type":"image\/jpeg"}],"author":"edicionweb","twitter_card":"summary_large_image","twitter_creator":"@canal7_slp","twitter_site":"@canal7_slp","twitter_misc":{"Escrito por":"edicionweb","Tiempo de lectura":"3 minutos"},"schema":{"@context":"https:\/\/schema.org","@graph":[{"@type":"Article","@id":"https:\/\/canal7slp.tv\/2019\/casi-13-millones-de-mexicanos-en-vejez-sufren-maltrato-y-abuso\/#article","isPartOf":{"@id":"https:\/\/canal7slp.tv\/2019\/casi-13-millones-de-mexicanos-en-vejez-sufren-maltrato-y-abuso\/"},"author":{"name":"edicionweb","@id":"https:\/\/canal7slp.tv\/2019\/#\/schema\/person\/11d941c1c6ca30ac0a46b95fa37aa2e3"},"headline":"Casi 13 millones de mexicanos en vejez sufren maltrato y abuso","datePublished":"2019-06-15T17:55:19+00:00","mainEntityOfPage":{"@id":"https:\/\/canal7slp.tv\/2019\/casi-13-millones-de-mexicanos-en-vejez-sufren-maltrato-y-abuso\/"},"wordCount":636,"commentCount":0,"publisher":{"@id":"https:\/\/canal7slp.tv\/2019\/#organization"},"image":{"@id":"https:\/\/canal7slp.tv\/2019\/casi-13-millones-de-mexicanos-en-vejez-sufren-maltrato-y-abuso\/#primaryimage"},"thumbnailUrl":"https:\/\/canal7slp.tv\/2019\/wp-content\/uploads\/2019\/06\/1300-4.jpg","articleSection":["NACIONAL"],"inLanguage":"es","potentialAction":[{"@type":"CommentAction","name":"Comment","target":["https:\/\/canal7slp.tv\/2019\/casi-13-millones-de-mexicanos-en-vejez-sufren-maltrato-y-abuso\/#respond"]}]},{"@type":"WebPage","@id":"https:\/\/canal7slp.tv\/2019\/casi-13-millones-de-mexicanos-en-vejez-sufren-maltrato-y-abuso\/","url":"https:\/\/canal7slp.tv\/2019\/casi-13-millones-de-mexicanos-en-vejez-sufren-maltrato-y-abuso\/","name":"Casi 13 millones de mexicanos en vejez sufren maltrato y abuso - Canal 7 SLP - 2019","isPartOf":{"@id":"https:\/\/canal7slp.tv\/2019\/#website"},"primaryImageOfPage":{"@id":"https:\/\/canal7slp.tv\/2019\/casi-13-millones-de-mexicanos-en-vejez-sufren-maltrato-y-abuso\/#primaryimage"},"image":{"@id":"https:\/\/canal7slp.tv\/2019\/casi-13-millones-de-mexicanos-en-vejez-sufren-maltrato-y-abuso\/#primaryimage"},"thumbnailUrl":"https:\/\/canal7slp.tv\/2019\/wp-content\/uploads\/2019\/06\/1300-4.jpg","datePublished":"2019-06-15T17:55:19+00:00","breadcrumb":{"@id":"https:\/\/canal7slp.tv\/2019\/casi-13-millones-de-mexicanos-en-vejez-sufren-maltrato-y-abuso\/#breadcrumb"},"inLanguage":"es","potentialAction":[{"@type":"ReadAction","target":["https:\/\/canal7slp.tv\/2019\/casi-13-millones-de-mexicanos-en-vejez-sufren-maltrato-y-abuso\/"]}]},{"@type":"ImageObject","inLanguage":"es","@id":"https:\/\/canal7slp.tv\/2019\/casi-13-millones-de-mexicanos-en-vejez-sufren-maltrato-y-abuso\/#primaryimage","url":"https:\/\/canal7slp.tv\/2019\/wp-content\/uploads\/2019\/06\/1300-4.jpg","contentUrl":"https:\/\/canal7slp.tv\/2019\/wp-content\/uploads\/2019\/06\/1300-4.jpg","width":683,"height":410},{"@type":"BreadcrumbList","@id":"https:\/\/canal7slp.tv\/2019\/casi-13-millones-de-mexicanos-en-vejez-sufren-maltrato-y-abuso\/#breadcrumb","itemListElement":[{"@type":"ListItem","position":1,"name":"Home","item":"https:\/\/canal7slp.tv\/2019\/"},{"@type":"ListItem","position":2,"name":"Casi 13 millones de mexicanos en vejez sufren maltrato y abuso"}]},{"@type":"WebSite","@id":"https:\/\/canal7slp.tv\/2019\/#website","url":"https:\/\/canal7slp.tv\/2019\/","name":"Canal 7 SLP - Somos TV","description":"Somos un Canal de 10","publisher":{"@id":"https:\/\/canal7slp.tv\/2019\/#organization"},"potentialAction":[{"@type":"SearchAction","target":{"@type":"EntryPoint","urlTemplate":"https:\/\/canal7slp.tv\/2019\/?s={search_term_string}"},"query-input":{"@type":"PropertyValueSpecification","valueRequired":true,"valueName":"search_term_string"}}],"inLanguage":"es"},{"@type":"Organization","@id":"https:\/\/canal7slp.tv\/2019\/#organization","name":"Comunicaci\u00f3n 2000 S.A. de C.V.","url":"https:\/\/canal7slp.tv\/2019\/","logo":{"@type":"ImageObject","inLanguage":"es","@id":"https:\/\/canal7slp.tv\/2019\/#\/schema\/logo\/image\/","url":"https:\/\/canal7slp.tv\/2019\/wp-content\/uploads\/2019\/07\/logo-c7.png","contentUrl":"https:\/\/canal7slp.tv\/2019\/wp-content\/uploads\/2019\/07\/logo-c7.png","width":220,"height":60,"caption":"Comunicaci\u00f3n 2000 S.A. de C.V."},"image":{"@id":"https:\/\/canal7slp.tv\/2019\/#\/schema\/logo\/image\/"},"sameAs":["https:\/\/www.facebook.com\/CANAL7SLP\/","https:\/\/x.com\/canal7_slp","https:\/\/www.instagram.com\/canal7_slp","https:\/\/www.youtube.com\/user\/NOTICIEROSCANAL7SLP\/"]},{"@type":"Person","@id":"https:\/\/canal7slp.tv\/2019\/#\/schema\/person\/11d941c1c6ca30ac0a46b95fa37aa2e3","name":"edicionweb","image":{"@type":"ImageObject","inLanguage":"es","@id":"https:\/\/secure.gravatar.com\/avatar\/eee448fc3f7164808013b816ba91ac7e43bbe82a70bebac296f8bc6f0addaa1a?s=96&d=mm&r=g","url":"https:\/\/secure.gravatar.com\/avatar\/eee448fc3f7164808013b816ba91ac7e43bbe82a70bebac296f8bc6f0addaa1a?s=96&d=mm&r=g","contentUrl":"https:\/\/secure.gravatar.com\/avatar\/eee448fc3f7164808013b816ba91ac7e43bbe82a70bebac296f8bc6f0addaa1a?s=96&d=mm&r=g","caption":"edicionweb"}}]}},"amp_enabled":true,"cmb2":{"video_ids_in_playlist":{"vid_p_videos":""},"video_ids_in_channel":{"vid_c_videos":""},"playlist_ids_in_channel":{"vid_c_playlists":""},"series_ids_in_channel":{"vid_c_series":""},"channel_images":{"vid_c_logo":"","vid_c_banner":""},"poster_feature_image":{"vid_m_poster_image":""},"gif_feature_image":{"vid_m_gif_image":""},"video_movie_settings":{"vid_m_director":"","vid_m_actor":"","vid_m_imdb_ratings":"","vid_m_amazon_associates":""},"vid_youtube_broadcasts_settings":{"vid_yb_broadcast_title":"","vid_yb_q":"","vid_yb_channelid":"","vid_yb_videocategoryid":"","vid_yb_maxresults":"","vid_yb_order":"","vid_yb_regioncode":"","vid_yb_videosyndicated":"","vid_yb_style":"","vid_yb_reload_first":""},"video_series_settings":{"vid_m_director":"","vid_m_actor":"","vid_m_imdb_ratings":"","video_series_group":""},"amazon_associates_settings":{"amazon_associates":"","amazon_native_ad":""},"vid_youtube_automatic_settings":{"vid_ya_youtube_source":"","vid_ya_update_every":"","vid_ya_update_unit":"","vid_ya_categories":"","vid_ya_published_after":"","vid_ya_published_before":"","vid_ya_playlists":"","vid_ya_channels":"","vid_ya_director":"","vid_ya_actor":"","vid_ya_author":"","vid_ya_import_post_date":"","vid_ya_status":"","vid_ya_sub_api_key":""},"vid_ads_m_videoads_settings_post":{"vid_ads_m_video_ads":"","vid_ads_m_video_ads_type":"","vid_ads_m_group_google_ima":"","vid_ads_m_group_image":"","vid_ads_m_group_html5_video":"","vid_ads_m_group_html":"","vid_ads_m_vast_preroll":"","vid_ads_m_vast_postroll":"","vid_ads_m_vast_pauseroll":"","vid_ads_m_vast_midroll":[{"vid_ads_m_vast_timer_seconds":"50"}],"vid_ads_m_time_to_show_ads":"","vid_ads_m_time_skip_ads":"","vid_ads_m_time_to_hide_ads":""},"page_slider_settings":{"display_slider_group":"","page_slider_group":""},"blog_page_settings":{"blog_page_title":"","blog_page_heading":"","blog_page_ic":"","blog_page_it":"","blog_page_ec":"","blog_page_ip":"","archive_loop_style":"","blog_image_ratio":"","blog_show_categories":"","blog_show_excerpt":"","blog_show_author":"","blog_show_date":"","blog_show_comment_count":"","blog_show_view_count":"","blog_show_like_count":"","blog_show_dislike_count":"","blog_items_per_page":"","blog_pag_type":""},"page_options":{"get_page_template":"","color_mode":"","main_layout":"","main_layout_full_with":"","main_logo":"","main_logo_retina":"","main_logo_mobile":"","main_logo_mobile_retina":"","sticky_logo":"","sticky_logo_retina":"","main_nav_layout":"","ajax_search":"","header_background":"","theme_sidebar":"","instagram_feed":"","instagram_feed_position":"","popular_videos":"","popular_videos_title_1":"","popular_videos_title_2":"","popular_videos_ic":"","popular_videos_it":"","theme_background":"","page_custom_css":""},"feature_image_settings":{"feature_image_position":""},"video_player_settings":{"single_video_style":"","video_player_position":"","vm_video_url":"","video_player_library":"","video_streaming":"","vm_media_sources":"","vid_auto_play":"","vm_video_shortcode":"","vid_p_sync_playlist":"","vid_c_sync_channel":"","get_post_format":"","multiple_links_structure":"default","multi_links_title":"","vm_video_multi_links":"","vm_duration":"","vid_social_locker":"off","vid_social_locker_id":"","vid_membership_action":"content-video","vm_video_trailer_url":"","vid_download_type":"free","vid_download_target":"download","vid_woo_product":"","vm_media_download":"","user_rating":"","user_rating_position":"","user_rating_mode":"","user_rating_multi_sets":""},"video_auto_fetch_settings":{"vm_video_fetch":"on"},"video_fake_views_likes":{"vm_fake_views":"","vm_fake_likes":"","vm_fake_dislikes":""},"gallery_settings":{"gallery_position":""},"quote_settings":{"quote_position":""},"post_options":{"main_layout":"","main_logo":"","main_logo_retina":"","main_logo_mobile":"","main_logo_mobile_retina":"","sticky_logo":"","sticky_logo_retina":"","main_nav_layout":"","header_background":"","theme_sidebar":"","single_post_comment_type":"","theme_background":""}},"_links":{"self":[{"href":"https:\/\/canal7slp.tv\/2019\/wp-json\/wp\/v2\/posts\/15733","targetHints":{"allow":["GET"]}}],"collection":[{"href":"https:\/\/canal7slp.tv\/2019\/wp-json\/wp\/v2\/posts"}],"about":[{"href":"https:\/\/canal7slp.tv\/2019\/wp-json\/wp\/v2\/types\/post"}],"author":[{"embeddable":true,"href":"https:\/\/canal7slp.tv\/2019\/wp-json\/wp\/v2\/users\/2"}],"replies":[{"embeddable":true,"href":"https:\/\/canal7slp.tv\/2019\/wp-json\/wp\/v2\/comments?post=15733"}],"version-history":[{"count":0,"href":"https:\/\/canal7slp.tv\/2019\/wp-json\/wp\/v2\/posts\/15733\/revisions"}],"wp:featuredmedia":[{"embeddable":true,"href":"https:\/\/canal7slp.tv\/2019\/wp-json\/wp\/v2\/media\/15734"}],"wp:attachment":[{"href":"https:\/\/canal7slp.tv\/2019\/wp-json\/wp\/v2\/media?parent=15733"}],"wp:term":[{"taxonomy":"category","embeddable":true,"href":"https:\/\/canal7slp.tv\/2019\/wp-json\/wp\/v2\/categories?post=15733"},{"taxonomy":"post_tag","embeddable":true,"href":"https:\/\/canal7slp.tv\/2019\/wp-json\/wp\/v2\/tags?post=15733"}],"curies":[{"name":"wp","href":"https:\/\/api.w.org\/{rel}","templated":true}]}}