{"id":15725,"date":"2019-06-15T12:27:21","date_gmt":"2019-06-15T17:27:21","guid":{"rendered":"https:\/\/canal7slp.tv\/2019\/?p=15725"},"modified":"2019-06-15T12:27:21","modified_gmt":"2019-06-15T17:27:21","slug":"muere-franco-zeffirelli-cineasta-apasionado-de-la-opera","status":"publish","type":"post","link":"https:\/\/canal7slp.tv\/2019\/muere-franco-zeffirelli-cineasta-apasionado-de-la-opera\/","title":{"rendered":"Muere Franco Zeffirelli, cineasta apasionado de la \u00f3pera"},"content":{"rendered":"<p style=\"text-align: justify\">M\u00e9xico.- El director, escen\u00f3grafo y productor italiano Franco Zeffirelli, quien destac\u00f3, entre otras cosas, por sus adaptaciones de William Shakespeare, su pasi\u00f3n por la \u00f3pera y epopeyas religiosas, falleci\u00f3 a los 96 a\u00f1os tras una larga enfermedad.<\/p>\n<p style=\"text-align: justify\">Gianfranco Corsi, su nombre real, quien obtuvo una nominaci\u00f3n al Oscar en 1968 como Mejor Director por\u00a0<em>Romeo y Julieta<\/em>, muri\u00f3 en su casa de Roma y, ante el lamentable suceso, Dario Nardella, alcalde de Florencia, destac\u00f3 que su ciudad natal nunca lo olvidar\u00e1.<\/p>\n<p style=\"text-align: justify\">\u201cNunca quise que llegara este d\u00eda. Franco #Zeffirelli se ha ido esta ma\u00f1ana. Uno de los m\u00e1s grandes hombres de la cultura mundial. Nos sumamos al dolor de sus seres queridos. Adi\u00f3s, querido Maestro, Florencia nunca te olvidar\u00e1\u201d, escribi\u00f3.<\/p>\n<p style=\"text-align: justify\">Zeffirelli naci\u00f3 en febrero de 1923, fue el hijo ileg\u00edtimo de Adelaide Garosi Cipriani, una dise\u00f1adora de moda, y de Ottorino Corsi, un comerciante de lanas, ambos casados con otras parejas.<\/p>\n<p style=\"text-align: justify\">Su madre falleci\u00f3 cuando \u00e9l ten\u00eda seis a\u00f1os, por lo que fue criado por una t\u00eda. Su amor por el teatro surgi\u00f3 tras ver a las compa\u00f1\u00edas itinerantes de Toscana y decidi\u00f3 estudiar arte y arquitectura, a la par que participaba en producciones radiof\u00f3nicas.<\/p>\n<p style=\"text-align: justify\">Su acercamiento con el cine se dio gracias a Vittorio de Sica, Roberto Rossellini y Luchino Visconti, de quienes fue asistente de direcci\u00f3n. Fue a Visconti a quien consider\u00f3 su mentor y su gran amor.<\/p>\n<p style=\"text-align: justify\"><em>Camping<\/em>\u00a0(1958) fue su \u00f3pera prima; sin embargo, el reconocimiento le lleg\u00f3 una d\u00e9cada despu\u00e9s con\u00a0<em>La fierecilla domada<\/em>\u00a0(1967),\u00a0<em>Romeo y Julieta<\/em>\u00a0(1968),\u00a0<em>Hermano Sol, hermana Luna<\/em>\u00a0(1972) y la miniserie\u00a0<em>Jes\u00fas de Nazareth<\/em>\u00a0(1977).<\/p>\n<p style=\"text-align: justify\">Amigo y admirador de Maria Callas, la \u00fanica mujer de la que se enamor\u00f3 (seg\u00fan confes\u00f3 en su biograf\u00eda publicada en 2006), dirigi\u00f3\u00a0<em>Callas forever<\/em>\u00a0(2002). Anteriormente trabajaron juntos en las \u00f3peras\u00a0<em>Tosca<\/em>\u00a0y\u00a0<em>Norma<\/em>.<\/p>\n<p style=\"text-align: justify\"><em>Falstaff<\/em>,\u00a0<em>La boh\u00e8me<\/em>,\u00a0<em>Carmen<\/em>,\u00a0<em>La traviata<\/em>,\u00a0<em>Tosca<\/em>\u00a0(1985),\u00a0<em>Otello<\/em>,\u00a0<em>Turandot<\/em>,\u00a0<em>The champ<\/em>\u00a0y\u00a0<em>Hamlet<\/em>, dan forma a su legado.<\/p>\n<p style=\"text-align: justify\">Hace 13 a\u00f1os se confes\u00f3 homosexual, a trav\u00e9s de su libro\u00a0<em>Autobiograf\u00eda<\/em>, en el que asegur\u00f3 que detestaba la palabra gay.<\/p>\n<p style=\"text-align: justify\">Su \u00faltimo trabajo registrado fue la serie\u00a0<em>The Metropolitan Opera HD Live<\/em>, de la que dirigi\u00f3 los seis episodios de 2008 a 2018, as\u00ed como el cortometraje\u00a0<em>Zeffirelli\u00b4s inferno<\/em>\u00a0(2017).<\/p>\n","protected":false},"excerpt":{"rendered":"<p>M\u00e9xico.- El director, escen\u00f3grafo y productor italiano Franco Zeffirelli, quien destac\u00f3, entre otras cosas, por sus adaptaciones de William Shakespeare, su pasi\u00f3n por la \u00f3pera y epopeyas religiosas, falleci\u00f3 a los 96 a\u00f1os tras una larga enfermedad. Gianfranco Corsi, su nombre real, quien obtuvo una nominaci\u00f3n al Oscar en 1968 como Mejor Director por\u00a0Romeo y [&hellip;]<\/p>\n","protected":false},"author":2,"featured_media":15726,"comment_status":"open","ping_status":"closed","sticky":false,"template":"","format":"standard","meta":{"footnotes":""},"categories":[24],"tags":[],"class_list":["post-15725","post","type-post","status-publish","format-standard","has-post-thumbnail","hentry","category-espectaculos"],"yoast_head":"<!-- This site is optimized with the Yoast SEO plugin v27.5 - https:\/\/yoast.com\/product\/yoast-seo-wordpress\/ -->\n<title>Muere Franco Zeffirelli, cineasta apasionado de la \u00f3pera - Canal 7 SLP - 2019<\/title>\n<meta name=\"robots\" content=\"index, follow, max-snippet:-1, max-image-preview:large, max-video-preview:-1\" \/>\n<link rel=\"canonical\" href=\"https:\/\/canal7slp.tv\/2019\/muere-franco-zeffirelli-cineasta-apasionado-de-la-opera\/\" \/>\n<meta property=\"og:locale\" content=\"es_ES\" \/>\n<meta property=\"og:type\" content=\"article\" \/>\n<meta property=\"og:title\" content=\"Muere Franco Zeffirelli, cineasta apasionado de la \u00f3pera - Canal 7 SLP - 2019\" \/>\n<meta property=\"og:description\" content=\"M\u00e9xico.- El director, escen\u00f3grafo y productor italiano Franco Zeffirelli, quien destac\u00f3, entre otras cosas, por sus adaptaciones de William Shakespeare, su pasi\u00f3n por la \u00f3pera y epopeyas religiosas, falleci\u00f3 a los 96 a\u00f1os tras una larga enfermedad. Gianfranco Corsi, su nombre real, quien obtuvo una nominaci\u00f3n al Oscar en 1968 como Mejor Director por\u00a0Romeo y [&hellip;]\" \/>\n<meta property=\"og:url\" content=\"https:\/\/canal7slp.tv\/2019\/muere-franco-zeffirelli-cineasta-apasionado-de-la-opera\/\" \/>\n<meta property=\"og:site_name\" content=\"Canal 7 SLP - 2019\" \/>\n<meta property=\"article:publisher\" content=\"https:\/\/www.facebook.com\/CANAL7SLP\/\" \/>\n<meta property=\"article:published_time\" content=\"2019-06-15T17:27:21+00:00\" \/>\n<meta property=\"og:image\" content=\"https:\/\/canal7slp.tv\/2019\/wp-content\/uploads\/2019\/06\/1240-13.jpg\" \/>\n\t<meta property=\"og:image:width\" content=\"980\" \/>\n\t<meta property=\"og:image:height\" content=\"644\" \/>\n\t<meta property=\"og:image:type\" content=\"image\/jpeg\" \/>\n<meta name=\"author\" content=\"edicionweb\" \/>\n<meta name=\"twitter:card\" content=\"summary_large_image\" \/>\n<meta name=\"twitter:creator\" content=\"@canal7_slp\" \/>\n<meta name=\"twitter:site\" content=\"@canal7_slp\" \/>\n<meta name=\"twitter:label1\" content=\"Escrito por\" \/>\n\t<meta name=\"twitter:data1\" content=\"edicionweb\" \/>\n\t<meta name=\"twitter:label2\" content=\"Tiempo de lectura\" \/>\n\t<meta name=\"twitter:data2\" content=\"2 minutos\" \/>\n<script type=\"application\/ld+json\" class=\"yoast-schema-graph\">{\"@context\":\"https:\\\/\\\/schema.org\",\"@graph\":[{\"@type\":\"Article\",\"@id\":\"https:\\\/\\\/canal7slp.tv\\\/2019\\\/muere-franco-zeffirelli-cineasta-apasionado-de-la-opera\\\/#article\",\"isPartOf\":{\"@id\":\"https:\\\/\\\/canal7slp.tv\\\/2019\\\/muere-franco-zeffirelli-cineasta-apasionado-de-la-opera\\\/\"},\"author\":{\"name\":\"edicionweb\",\"@id\":\"https:\\\/\\\/canal7slp.tv\\\/2019\\\/#\\\/schema\\\/person\\\/11d941c1c6ca30ac0a46b95fa37aa2e3\"},\"headline\":\"Muere Franco Zeffirelli, cineasta apasionado de la \u00f3pera\",\"datePublished\":\"2019-06-15T17:27:21+00:00\",\"mainEntityOfPage\":{\"@id\":\"https:\\\/\\\/canal7slp.tv\\\/2019\\\/muere-franco-zeffirelli-cineasta-apasionado-de-la-opera\\\/\"},\"wordCount\":392,\"commentCount\":0,\"publisher\":{\"@id\":\"https:\\\/\\\/canal7slp.tv\\\/2019\\\/#organization\"},\"image\":{\"@id\":\"https:\\\/\\\/canal7slp.tv\\\/2019\\\/muere-franco-zeffirelli-cineasta-apasionado-de-la-opera\\\/#primaryimage\"},\"thumbnailUrl\":\"https:\\\/\\\/canal7slp.tv\\\/2019\\\/wp-content\\\/uploads\\\/2019\\\/06\\\/1240-13.jpg\",\"articleSection\":[\"ESPECTACULOS\"],\"inLanguage\":\"es\",\"potentialAction\":[{\"@type\":\"CommentAction\",\"name\":\"Comment\",\"target\":[\"https:\\\/\\\/canal7slp.tv\\\/2019\\\/muere-franco-zeffirelli-cineasta-apasionado-de-la-opera\\\/#respond\"]}]},{\"@type\":\"WebPage\",\"@id\":\"https:\\\/\\\/canal7slp.tv\\\/2019\\\/muere-franco-zeffirelli-cineasta-apasionado-de-la-opera\\\/\",\"url\":\"https:\\\/\\\/canal7slp.tv\\\/2019\\\/muere-franco-zeffirelli-cineasta-apasionado-de-la-opera\\\/\",\"name\":\"Muere Franco Zeffirelli, cineasta apasionado de la \u00f3pera - Canal 7 SLP - 2019\",\"isPartOf\":{\"@id\":\"https:\\\/\\\/canal7slp.tv\\\/2019\\\/#website\"},\"primaryImageOfPage\":{\"@id\":\"https:\\\/\\\/canal7slp.tv\\\/2019\\\/muere-franco-zeffirelli-cineasta-apasionado-de-la-opera\\\/#primaryimage\"},\"image\":{\"@id\":\"https:\\\/\\\/canal7slp.tv\\\/2019\\\/muere-franco-zeffirelli-cineasta-apasionado-de-la-opera\\\/#primaryimage\"},\"thumbnailUrl\":\"https:\\\/\\\/canal7slp.tv\\\/2019\\\/wp-content\\\/uploads\\\/2019\\\/06\\\/1240-13.jpg\",\"datePublished\":\"2019-06-15T17:27:21+00:00\",\"breadcrumb\":{\"@id\":\"https:\\\/\\\/canal7slp.tv\\\/2019\\\/muere-franco-zeffirelli-cineasta-apasionado-de-la-opera\\\/#breadcrumb\"},\"inLanguage\":\"es\",\"potentialAction\":[{\"@type\":\"ReadAction\",\"target\":[\"https:\\\/\\\/canal7slp.tv\\\/2019\\\/muere-franco-zeffirelli-cineasta-apasionado-de-la-opera\\\/\"]}]},{\"@type\":\"ImageObject\",\"inLanguage\":\"es\",\"@id\":\"https:\\\/\\\/canal7slp.tv\\\/2019\\\/muere-franco-zeffirelli-cineasta-apasionado-de-la-opera\\\/#primaryimage\",\"url\":\"https:\\\/\\\/canal7slp.tv\\\/2019\\\/wp-content\\\/uploads\\\/2019\\\/06\\\/1240-13.jpg\",\"contentUrl\":\"https:\\\/\\\/canal7slp.tv\\\/2019\\\/wp-content\\\/uploads\\\/2019\\\/06\\\/1240-13.jpg\",\"width\":980,\"height\":644},{\"@type\":\"BreadcrumbList\",\"@id\":\"https:\\\/\\\/canal7slp.tv\\\/2019\\\/muere-franco-zeffirelli-cineasta-apasionado-de-la-opera\\\/#breadcrumb\",\"itemListElement\":[{\"@type\":\"ListItem\",\"position\":1,\"name\":\"Home\",\"item\":\"https:\\\/\\\/canal7slp.tv\\\/2019\\\/\"},{\"@type\":\"ListItem\",\"position\":2,\"name\":\"Muere Franco Zeffirelli, cineasta apasionado de la \u00f3pera\"}]},{\"@type\":\"WebSite\",\"@id\":\"https:\\\/\\\/canal7slp.tv\\\/2019\\\/#website\",\"url\":\"https:\\\/\\\/canal7slp.tv\\\/2019\\\/\",\"name\":\"Canal 7 SLP - Somos TV\",\"description\":\"Somos un Canal de 10\",\"publisher\":{\"@id\":\"https:\\\/\\\/canal7slp.tv\\\/2019\\\/#organization\"},\"potentialAction\":[{\"@type\":\"SearchAction\",\"target\":{\"@type\":\"EntryPoint\",\"urlTemplate\":\"https:\\\/\\\/canal7slp.tv\\\/2019\\\/?s={search_term_string}\"},\"query-input\":{\"@type\":\"PropertyValueSpecification\",\"valueRequired\":true,\"valueName\":\"search_term_string\"}}],\"inLanguage\":\"es\"},{\"@type\":\"Organization\",\"@id\":\"https:\\\/\\\/canal7slp.tv\\\/2019\\\/#organization\",\"name\":\"Comunicaci\u00f3n 2000 S.A. de C.V.\",\"url\":\"https:\\\/\\\/canal7slp.tv\\\/2019\\\/\",\"logo\":{\"@type\":\"ImageObject\",\"inLanguage\":\"es\",\"@id\":\"https:\\\/\\\/canal7slp.tv\\\/2019\\\/#\\\/schema\\\/logo\\\/image\\\/\",\"url\":\"https:\\\/\\\/canal7slp.tv\\\/2019\\\/wp-content\\\/uploads\\\/2019\\\/07\\\/logo-c7.png\",\"contentUrl\":\"https:\\\/\\\/canal7slp.tv\\\/2019\\\/wp-content\\\/uploads\\\/2019\\\/07\\\/logo-c7.png\",\"width\":220,\"height\":60,\"caption\":\"Comunicaci\u00f3n 2000 S.A. de C.V.\"},\"image\":{\"@id\":\"https:\\\/\\\/canal7slp.tv\\\/2019\\\/#\\\/schema\\\/logo\\\/image\\\/\"},\"sameAs\":[\"https:\\\/\\\/www.facebook.com\\\/CANAL7SLP\\\/\",\"https:\\\/\\\/x.com\\\/canal7_slp\",\"https:\\\/\\\/www.instagram.com\\\/canal7_slp\",\"https:\\\/\\\/www.youtube.com\\\/user\\\/NOTICIEROSCANAL7SLP\\\/\"]},{\"@type\":\"Person\",\"@id\":\"https:\\\/\\\/canal7slp.tv\\\/2019\\\/#\\\/schema\\\/person\\\/11d941c1c6ca30ac0a46b95fa37aa2e3\",\"name\":\"edicionweb\",\"image\":{\"@type\":\"ImageObject\",\"inLanguage\":\"es\",\"@id\":\"https:\\\/\\\/secure.gravatar.com\\\/avatar\\\/eee448fc3f7164808013b816ba91ac7e43bbe82a70bebac296f8bc6f0addaa1a?s=96&d=mm&r=g\",\"url\":\"https:\\\/\\\/secure.gravatar.com\\\/avatar\\\/eee448fc3f7164808013b816ba91ac7e43bbe82a70bebac296f8bc6f0addaa1a?s=96&d=mm&r=g\",\"contentUrl\":\"https:\\\/\\\/secure.gravatar.com\\\/avatar\\\/eee448fc3f7164808013b816ba91ac7e43bbe82a70bebac296f8bc6f0addaa1a?s=96&d=mm&r=g\",\"caption\":\"edicionweb\"}}]}<\/script>\n<!-- \/ Yoast SEO plugin. -->","yoast_head_json":{"title":"Muere Franco Zeffirelli, cineasta apasionado de la \u00f3pera - Canal 7 SLP - 2019","robots":{"index":"index","follow":"follow","max-snippet":"max-snippet:-1","max-image-preview":"max-image-preview:large","max-video-preview":"max-video-preview:-1"},"canonical":"https:\/\/canal7slp.tv\/2019\/muere-franco-zeffirelli-cineasta-apasionado-de-la-opera\/","og_locale":"es_ES","og_type":"article","og_title":"Muere Franco Zeffirelli, cineasta apasionado de la \u00f3pera - Canal 7 SLP - 2019","og_description":"M\u00e9xico.- El director, escen\u00f3grafo y productor italiano Franco Zeffirelli, quien destac\u00f3, entre otras cosas, por sus adaptaciones de William Shakespeare, su pasi\u00f3n por la \u00f3pera y epopeyas religiosas, falleci\u00f3 a los 96 a\u00f1os tras una larga enfermedad. Gianfranco Corsi, su nombre real, quien obtuvo una nominaci\u00f3n al Oscar en 1968 como Mejor Director por\u00a0Romeo y [&hellip;]","og_url":"https:\/\/canal7slp.tv\/2019\/muere-franco-zeffirelli-cineasta-apasionado-de-la-opera\/","og_site_name":"Canal 7 SLP - 2019","article_publisher":"https:\/\/www.facebook.com\/CANAL7SLP\/","article_published_time":"2019-06-15T17:27:21+00:00","og_image":[{"width":980,"height":644,"url":"https:\/\/canal7slp.tv\/2019\/wp-content\/uploads\/2019\/06\/1240-13.jpg","type":"image\/jpeg"}],"author":"edicionweb","twitter_card":"summary_large_image","twitter_creator":"@canal7_slp","twitter_site":"@canal7_slp","twitter_misc":{"Escrito por":"edicionweb","Tiempo de lectura":"2 minutos"},"schema":{"@context":"https:\/\/schema.org","@graph":[{"@type":"Article","@id":"https:\/\/canal7slp.tv\/2019\/muere-franco-zeffirelli-cineasta-apasionado-de-la-opera\/#article","isPartOf":{"@id":"https:\/\/canal7slp.tv\/2019\/muere-franco-zeffirelli-cineasta-apasionado-de-la-opera\/"},"author":{"name":"edicionweb","@id":"https:\/\/canal7slp.tv\/2019\/#\/schema\/person\/11d941c1c6ca30ac0a46b95fa37aa2e3"},"headline":"Muere Franco Zeffirelli, cineasta apasionado de la \u00f3pera","datePublished":"2019-06-15T17:27:21+00:00","mainEntityOfPage":{"@id":"https:\/\/canal7slp.tv\/2019\/muere-franco-zeffirelli-cineasta-apasionado-de-la-opera\/"},"wordCount":392,"commentCount":0,"publisher":{"@id":"https:\/\/canal7slp.tv\/2019\/#organization"},"image":{"@id":"https:\/\/canal7slp.tv\/2019\/muere-franco-zeffirelli-cineasta-apasionado-de-la-opera\/#primaryimage"},"thumbnailUrl":"https:\/\/canal7slp.tv\/2019\/wp-content\/uploads\/2019\/06\/1240-13.jpg","articleSection":["ESPECTACULOS"],"inLanguage":"es","potentialAction":[{"@type":"CommentAction","name":"Comment","target":["https:\/\/canal7slp.tv\/2019\/muere-franco-zeffirelli-cineasta-apasionado-de-la-opera\/#respond"]}]},{"@type":"WebPage","@id":"https:\/\/canal7slp.tv\/2019\/muere-franco-zeffirelli-cineasta-apasionado-de-la-opera\/","url":"https:\/\/canal7slp.tv\/2019\/muere-franco-zeffirelli-cineasta-apasionado-de-la-opera\/","name":"Muere Franco Zeffirelli, cineasta apasionado de la \u00f3pera - Canal 7 SLP - 2019","isPartOf":{"@id":"https:\/\/canal7slp.tv\/2019\/#website"},"primaryImageOfPage":{"@id":"https:\/\/canal7slp.tv\/2019\/muere-franco-zeffirelli-cineasta-apasionado-de-la-opera\/#primaryimage"},"image":{"@id":"https:\/\/canal7slp.tv\/2019\/muere-franco-zeffirelli-cineasta-apasionado-de-la-opera\/#primaryimage"},"thumbnailUrl":"https:\/\/canal7slp.tv\/2019\/wp-content\/uploads\/2019\/06\/1240-13.jpg","datePublished":"2019-06-15T17:27:21+00:00","breadcrumb":{"@id":"https:\/\/canal7slp.tv\/2019\/muere-franco-zeffirelli-cineasta-apasionado-de-la-opera\/#breadcrumb"},"inLanguage":"es","potentialAction":[{"@type":"ReadAction","target":["https:\/\/canal7slp.tv\/2019\/muere-franco-zeffirelli-cineasta-apasionado-de-la-opera\/"]}]},{"@type":"ImageObject","inLanguage":"es","@id":"https:\/\/canal7slp.tv\/2019\/muere-franco-zeffirelli-cineasta-apasionado-de-la-opera\/#primaryimage","url":"https:\/\/canal7slp.tv\/2019\/wp-content\/uploads\/2019\/06\/1240-13.jpg","contentUrl":"https:\/\/canal7slp.tv\/2019\/wp-content\/uploads\/2019\/06\/1240-13.jpg","width":980,"height":644},{"@type":"BreadcrumbList","@id":"https:\/\/canal7slp.tv\/2019\/muere-franco-zeffirelli-cineasta-apasionado-de-la-opera\/#breadcrumb","itemListElement":[{"@type":"ListItem","position":1,"name":"Home","item":"https:\/\/canal7slp.tv\/2019\/"},{"@type":"ListItem","position":2,"name":"Muere Franco Zeffirelli, cineasta apasionado de la \u00f3pera"}]},{"@type":"WebSite","@id":"https:\/\/canal7slp.tv\/2019\/#website","url":"https:\/\/canal7slp.tv\/2019\/","name":"Canal 7 SLP - Somos TV","description":"Somos un Canal de 10","publisher":{"@id":"https:\/\/canal7slp.tv\/2019\/#organization"},"potentialAction":[{"@type":"SearchAction","target":{"@type":"EntryPoint","urlTemplate":"https:\/\/canal7slp.tv\/2019\/?s={search_term_string}"},"query-input":{"@type":"PropertyValueSpecification","valueRequired":true,"valueName":"search_term_string"}}],"inLanguage":"es"},{"@type":"Organization","@id":"https:\/\/canal7slp.tv\/2019\/#organization","name":"Comunicaci\u00f3n 2000 S.A. de C.V.","url":"https:\/\/canal7slp.tv\/2019\/","logo":{"@type":"ImageObject","inLanguage":"es","@id":"https:\/\/canal7slp.tv\/2019\/#\/schema\/logo\/image\/","url":"https:\/\/canal7slp.tv\/2019\/wp-content\/uploads\/2019\/07\/logo-c7.png","contentUrl":"https:\/\/canal7slp.tv\/2019\/wp-content\/uploads\/2019\/07\/logo-c7.png","width":220,"height":60,"caption":"Comunicaci\u00f3n 2000 S.A. de C.V."},"image":{"@id":"https:\/\/canal7slp.tv\/2019\/#\/schema\/logo\/image\/"},"sameAs":["https:\/\/www.facebook.com\/CANAL7SLP\/","https:\/\/x.com\/canal7_slp","https:\/\/www.instagram.com\/canal7_slp","https:\/\/www.youtube.com\/user\/NOTICIEROSCANAL7SLP\/"]},{"@type":"Person","@id":"https:\/\/canal7slp.tv\/2019\/#\/schema\/person\/11d941c1c6ca30ac0a46b95fa37aa2e3","name":"edicionweb","image":{"@type":"ImageObject","inLanguage":"es","@id":"https:\/\/secure.gravatar.com\/avatar\/eee448fc3f7164808013b816ba91ac7e43bbe82a70bebac296f8bc6f0addaa1a?s=96&d=mm&r=g","url":"https:\/\/secure.gravatar.com\/avatar\/eee448fc3f7164808013b816ba91ac7e43bbe82a70bebac296f8bc6f0addaa1a?s=96&d=mm&r=g","contentUrl":"https:\/\/secure.gravatar.com\/avatar\/eee448fc3f7164808013b816ba91ac7e43bbe82a70bebac296f8bc6f0addaa1a?s=96&d=mm&r=g","caption":"edicionweb"}}]}},"amp_enabled":true,"cmb2":{"video_ids_in_playlist":{"vid_p_videos":""},"video_ids_in_channel":{"vid_c_videos":""},"playlist_ids_in_channel":{"vid_c_playlists":""},"series_ids_in_channel":{"vid_c_series":""},"channel_images":{"vid_c_logo":"","vid_c_banner":""},"poster_feature_image":{"vid_m_poster_image":""},"gif_feature_image":{"vid_m_gif_image":""},"video_movie_settings":{"vid_m_director":"","vid_m_actor":"","vid_m_imdb_ratings":"","vid_m_amazon_associates":""},"vid_youtube_broadcasts_settings":{"vid_yb_broadcast_title":"","vid_yb_q":"","vid_yb_channelid":"","vid_yb_videocategoryid":"","vid_yb_maxresults":"","vid_yb_order":"","vid_yb_regioncode":"","vid_yb_videosyndicated":"","vid_yb_style":"","vid_yb_reload_first":""},"video_series_settings":{"vid_m_director":"","vid_m_actor":"","vid_m_imdb_ratings":"","video_series_group":""},"amazon_associates_settings":{"amazon_associates":"","amazon_native_ad":""},"vid_youtube_automatic_settings":{"vid_ya_youtube_source":"","vid_ya_update_every":"","vid_ya_update_unit":"","vid_ya_categories":"","vid_ya_published_after":"","vid_ya_published_before":"","vid_ya_playlists":"","vid_ya_channels":"","vid_ya_director":"","vid_ya_actor":"","vid_ya_author":"","vid_ya_import_post_date":"","vid_ya_status":"","vid_ya_sub_api_key":""},"vid_ads_m_videoads_settings_post":{"vid_ads_m_video_ads":"","vid_ads_m_video_ads_type":"","vid_ads_m_group_google_ima":"","vid_ads_m_group_image":"","vid_ads_m_group_html5_video":"","vid_ads_m_group_html":"","vid_ads_m_vast_preroll":"","vid_ads_m_vast_postroll":"","vid_ads_m_vast_pauseroll":"","vid_ads_m_vast_midroll":[{"vid_ads_m_vast_timer_seconds":"50"}],"vid_ads_m_time_to_show_ads":"","vid_ads_m_time_skip_ads":"","vid_ads_m_time_to_hide_ads":""},"page_slider_settings":{"display_slider_group":"","page_slider_group":""},"blog_page_settings":{"blog_page_title":"","blog_page_heading":"","blog_page_ic":"","blog_page_it":"","blog_page_ec":"","blog_page_ip":"","archive_loop_style":"","blog_image_ratio":"","blog_show_categories":"","blog_show_excerpt":"","blog_show_author":"","blog_show_date":"","blog_show_comment_count":"","blog_show_view_count":"","blog_show_like_count":"","blog_show_dislike_count":"","blog_items_per_page":"","blog_pag_type":""},"page_options":{"get_page_template":"","color_mode":"","main_layout":"","main_layout_full_with":"","main_logo":"","main_logo_retina":"","main_logo_mobile":"","main_logo_mobile_retina":"","sticky_logo":"","sticky_logo_retina":"","main_nav_layout":"","ajax_search":"","header_background":"","theme_sidebar":"","instagram_feed":"","instagram_feed_position":"","popular_videos":"","popular_videos_title_1":"","popular_videos_title_2":"","popular_videos_ic":"","popular_videos_it":"","theme_background":"","page_custom_css":""},"feature_image_settings":{"feature_image_position":""},"video_player_settings":{"single_video_style":"","video_player_position":"","vm_video_url":"","video_player_library":"","video_streaming":"","vm_media_sources":"","vid_auto_play":"","vm_video_shortcode":"","vid_p_sync_playlist":"","vid_c_sync_channel":"","get_post_format":"","multiple_links_structure":"default","multi_links_title":"","vm_video_multi_links":"","vm_duration":"","vid_social_locker":"off","vid_social_locker_id":"","vid_membership_action":"content-video","vm_video_trailer_url":"","vid_download_type":"free","vid_download_target":"download","vid_woo_product":"","vm_media_download":"","user_rating":"","user_rating_position":"","user_rating_mode":"","user_rating_multi_sets":""},"video_auto_fetch_settings":{"vm_video_fetch":"on"},"video_fake_views_likes":{"vm_fake_views":"","vm_fake_likes":"","vm_fake_dislikes":""},"gallery_settings":{"gallery_position":""},"quote_settings":{"quote_position":""},"post_options":{"main_layout":"","main_logo":"","main_logo_retina":"","main_logo_mobile":"","main_logo_mobile_retina":"","sticky_logo":"","sticky_logo_retina":"","main_nav_layout":"","header_background":"","theme_sidebar":"","single_post_comment_type":"","theme_background":""}},"_links":{"self":[{"href":"https:\/\/canal7slp.tv\/2019\/wp-json\/wp\/v2\/posts\/15725","targetHints":{"allow":["GET"]}}],"collection":[{"href":"https:\/\/canal7slp.tv\/2019\/wp-json\/wp\/v2\/posts"}],"about":[{"href":"https:\/\/canal7slp.tv\/2019\/wp-json\/wp\/v2\/types\/post"}],"author":[{"embeddable":true,"href":"https:\/\/canal7slp.tv\/2019\/wp-json\/wp\/v2\/users\/2"}],"replies":[{"embeddable":true,"href":"https:\/\/canal7slp.tv\/2019\/wp-json\/wp\/v2\/comments?post=15725"}],"version-history":[{"count":0,"href":"https:\/\/canal7slp.tv\/2019\/wp-json\/wp\/v2\/posts\/15725\/revisions"}],"wp:featuredmedia":[{"embeddable":true,"href":"https:\/\/canal7slp.tv\/2019\/wp-json\/wp\/v2\/media\/15726"}],"wp:attachment":[{"href":"https:\/\/canal7slp.tv\/2019\/wp-json\/wp\/v2\/media?parent=15725"}],"wp:term":[{"taxonomy":"category","embeddable":true,"href":"https:\/\/canal7slp.tv\/2019\/wp-json\/wp\/v2\/categories?post=15725"},{"taxonomy":"post_tag","embeddable":true,"href":"https:\/\/canal7slp.tv\/2019\/wp-json\/wp\/v2\/tags?post=15725"}],"curies":[{"name":"wp","href":"https:\/\/api.w.org\/{rel}","templated":true}]}}