{"id":15714,"date":"2019-06-15T11:59:14","date_gmt":"2019-06-15T16:59:14","guid":{"rendered":"https:\/\/canal7slp.tv\/2019\/?p=15714"},"modified":"2019-06-15T11:59:14","modified_gmt":"2019-06-15T16:59:14","slug":"espana-inicia-nueva-era-digital-con-la-puesta-en-marcha-de-la-red-5g","status":"publish","type":"post","link":"https:\/\/canal7slp.tv\/2019\/espana-inicia-nueva-era-digital-con-la-puesta-en-marcha-de-la-red-5g\/","title":{"rendered":"Espa\u00f1a inicia nueva era digital con la puesta en marcha de la red 5G"},"content":{"rendered":"<p style=\"text-align: justify\">Madrid.- Espa\u00f1a se convirti\u00f3 hoy en el primer pa\u00eds en Europa en disfrutar de la red 5G, luego que la operadora brit\u00e1nica Vodafone lanz\u00f3 su primer servicio comercial de conexi\u00f3n ultrar\u00e1pida, que en el futuro alcanzar\u00e1 velocidades 250 veces superiores a las actuales 4G.<\/p>\n<p style=\"text-align: justify\">La compa\u00f1\u00eda brit\u00e1nica, que utilizar\u00e1 la red de la multinacional china Huawei,\u00a0eligi\u00f3 15 ciudades espa\u00f1olas para lanzar este s\u00e1bado la quinta generaci\u00f3n m\u00f3vil: Madrid, Barcelona, Valencia, Sevilla, M\u00e1laga, Zaragoza, Bilbao, Vitoria, San Sebasti\u00e1n, La Coru\u00f1a, Vigo, Gij\u00f3n, Pamplona, Logro\u00f1o y Santander.<\/p>\n<p style=\"text-align: justify\">Mientras que 17 de junio se pondr\u00e1 en marcha la nueva tecnolog\u00eda en Italia y el 3 de julio en Reino Unido, donde los usuarios gozar\u00e1n en la red de velocidades te\u00f3ricas en un entorno ideal de hasta 10 Gigabits por segundo (Gbps), unas 100 veces mayor que la tecnolog\u00eda actual.<\/p>\n<p style=\"text-align: justify\">El peri\u00f3dico El Pa\u00eds rese\u00f1\u00f3 que el lanzamiento en las 15 ciudades espa\u00f1olas se realiz\u00f3 sobre la frecuencia 3.7 gigahertz (GHZ) llegando al 50 por ciento de cobertura de esas ciudades.<\/p>\n<p style=\"text-align: justify\">El servicio se ampliar\u00e1 en lo que falta de este a\u00f1o, tanto en cobertura como en n\u00famero de ciudades, y el grupo brit\u00e1nico dar\u00e1 el servicio a quienes tengan un tel\u00e9fono m\u00f3vil que soporte el 5G, indic\u00f3.<\/p>\n<p style=\"text-align: justify\">Sin embargo, ser\u00e1 hasta el 2021 cuando el 5G empiece a funcionar de manera total y hasta 2025 cuando opere en las mayor\u00eda de las ciudades.<\/p>\n<p style=\"text-align: justify\">Con la red 5G entre otros beneficios los usuarios podr\u00e1n gozar de una velocidad ultrar\u00e1pida, descargar pel\u00edculas de alt\u00edsima definici\u00f3n en segundos, participar en juegos en l\u00ednea de realidad virtual y en tiempo real, y se abre la posibilidad de trabajar con dispositivos IoT, es decir, con el \u201cinternet de las cosas\u201d.<\/p>\n<p style=\"text-align: justify\">\u201cCon esta tecnolog\u00eda, abrimos la posibilidad de trabajar con dispositivos IoT. Gracias a \u00e9l, proveemos de alta capacidad de transmisi\u00f3n de datos a un sinf\u00edn de dispositivos con los que convivimos a diario, desde el refrigerador a una simple botella de agua, explic\u00f3 el experto F\u00e9lix Calvo al diario ABC.<\/p>\n<p style=\"text-align: justify\">Agreg\u00f3 que &#8220;eso que nos permitir\u00e1 recibir informaci\u00f3n a tiempo real de todo lo necesario para interactuar de forma remota en este mundo globalizado en el que vivimos\u201d.<\/p>\n<p style=\"text-align: justify\">Entre otras propiedades de la red 5G, Calvo destac\u00f3 el ancho de banda 100 veces mayor que la tecnolog\u00eda actual; reducci\u00f3n del tiempo de respuesta al enviar y recibir paquetes de datos a s\u00f3lo un milisegundo y menor consumo de energ\u00eda.<\/p>\n<p style=\"text-align: justify\">Adem\u00e1s, permitir\u00e1 que \u201ctodos los dispositivos electr\u00f3nicos que nos rodean puedan estar interconectados entre s\u00ed a trav\u00e9s de internet\u201d, indic\u00f3 Calvo.<\/p>\n","protected":false},"excerpt":{"rendered":"<p>Madrid.- Espa\u00f1a se convirti\u00f3 hoy en el primer pa\u00eds en Europa en disfrutar de la red 5G, luego que la operadora brit\u00e1nica Vodafone lanz\u00f3 su primer servicio comercial de conexi\u00f3n ultrar\u00e1pida, que en el futuro alcanzar\u00e1 velocidades 250 veces superiores a las actuales 4G. La compa\u00f1\u00eda brit\u00e1nica, que utilizar\u00e1 la red de la multinacional china [&hellip;]<\/p>\n","protected":false},"author":2,"featured_media":15717,"comment_status":"open","ping_status":"closed","sticky":false,"template":"","format":"standard","meta":{"footnotes":""},"categories":[98],"tags":[],"class_list":["post-15714","post","type-post","status-publish","format-standard","has-post-thumbnail","hentry","category-finanzas"],"yoast_head":"<!-- This site is optimized with the Yoast SEO plugin v27.5 - https:\/\/yoast.com\/product\/yoast-seo-wordpress\/ -->\n<title>Espa\u00f1a inicia nueva era digital con la puesta en marcha de la red 5G - Canal 7 SLP - 2019<\/title>\n<meta name=\"robots\" content=\"index, follow, max-snippet:-1, max-image-preview:large, max-video-preview:-1\" \/>\n<link rel=\"canonical\" href=\"https:\/\/canal7slp.tv\/2019\/espana-inicia-nueva-era-digital-con-la-puesta-en-marcha-de-la-red-5g\/\" \/>\n<meta property=\"og:locale\" content=\"es_ES\" \/>\n<meta property=\"og:type\" content=\"article\" \/>\n<meta property=\"og:title\" content=\"Espa\u00f1a inicia nueva era digital con la puesta en marcha de la red 5G - Canal 7 SLP - 2019\" \/>\n<meta property=\"og:description\" content=\"Madrid.- Espa\u00f1a se convirti\u00f3 hoy en el primer pa\u00eds en Europa en disfrutar de la red 5G, luego que la operadora brit\u00e1nica Vodafone lanz\u00f3 su primer servicio comercial de conexi\u00f3n ultrar\u00e1pida, que en el futuro alcanzar\u00e1 velocidades 250 veces superiores a las actuales 4G. La compa\u00f1\u00eda brit\u00e1nica, que utilizar\u00e1 la red de la multinacional china [&hellip;]\" \/>\n<meta property=\"og:url\" content=\"https:\/\/canal7slp.tv\/2019\/espana-inicia-nueva-era-digital-con-la-puesta-en-marcha-de-la-red-5g\/\" \/>\n<meta property=\"og:site_name\" content=\"Canal 7 SLP - 2019\" \/>\n<meta property=\"article:publisher\" content=\"https:\/\/www.facebook.com\/CANAL7SLP\/\" \/>\n<meta property=\"article:published_time\" content=\"2019-06-15T16:59:14+00:00\" \/>\n<meta property=\"og:image\" content=\"https:\/\/canal7slp.tv\/2019\/wp-content\/uploads\/2019\/06\/1210-11.jpg\" \/>\n\t<meta property=\"og:image:width\" content=\"730\" \/>\n\t<meta property=\"og:image:height\" content=\"410\" \/>\n\t<meta property=\"og:image:type\" content=\"image\/jpeg\" \/>\n<meta name=\"author\" content=\"edicionweb\" \/>\n<meta name=\"twitter:card\" content=\"summary_large_image\" \/>\n<meta name=\"twitter:creator\" content=\"@canal7_slp\" \/>\n<meta name=\"twitter:site\" content=\"@canal7_slp\" \/>\n<meta name=\"twitter:label1\" content=\"Escrito por\" \/>\n\t<meta name=\"twitter:data1\" content=\"edicionweb\" \/>\n\t<meta name=\"twitter:label2\" content=\"Tiempo de lectura\" \/>\n\t<meta name=\"twitter:data2\" content=\"2 minutos\" \/>\n<script type=\"application\/ld+json\" class=\"yoast-schema-graph\">{\"@context\":\"https:\\\/\\\/schema.org\",\"@graph\":[{\"@type\":\"Article\",\"@id\":\"https:\\\/\\\/canal7slp.tv\\\/2019\\\/espana-inicia-nueva-era-digital-con-la-puesta-en-marcha-de-la-red-5g\\\/#article\",\"isPartOf\":{\"@id\":\"https:\\\/\\\/canal7slp.tv\\\/2019\\\/espana-inicia-nueva-era-digital-con-la-puesta-en-marcha-de-la-red-5g\\\/\"},\"author\":{\"name\":\"edicionweb\",\"@id\":\"https:\\\/\\\/canal7slp.tv\\\/2019\\\/#\\\/schema\\\/person\\\/11d941c1c6ca30ac0a46b95fa37aa2e3\"},\"headline\":\"Espa\u00f1a inicia nueva era digital con la puesta en marcha de la red 5G\",\"datePublished\":\"2019-06-15T16:59:14+00:00\",\"mainEntityOfPage\":{\"@id\":\"https:\\\/\\\/canal7slp.tv\\\/2019\\\/espana-inicia-nueva-era-digital-con-la-puesta-en-marcha-de-la-red-5g\\\/\"},\"wordCount\":474,\"commentCount\":0,\"publisher\":{\"@id\":\"https:\\\/\\\/canal7slp.tv\\\/2019\\\/#organization\"},\"image\":{\"@id\":\"https:\\\/\\\/canal7slp.tv\\\/2019\\\/espana-inicia-nueva-era-digital-con-la-puesta-en-marcha-de-la-red-5g\\\/#primaryimage\"},\"thumbnailUrl\":\"https:\\\/\\\/canal7slp.tv\\\/2019\\\/wp-content\\\/uploads\\\/2019\\\/06\\\/1210-11.jpg\",\"articleSection\":[\"FINANZAS\"],\"inLanguage\":\"es\",\"potentialAction\":[{\"@type\":\"CommentAction\",\"name\":\"Comment\",\"target\":[\"https:\\\/\\\/canal7slp.tv\\\/2019\\\/espana-inicia-nueva-era-digital-con-la-puesta-en-marcha-de-la-red-5g\\\/#respond\"]}]},{\"@type\":\"WebPage\",\"@id\":\"https:\\\/\\\/canal7slp.tv\\\/2019\\\/espana-inicia-nueva-era-digital-con-la-puesta-en-marcha-de-la-red-5g\\\/\",\"url\":\"https:\\\/\\\/canal7slp.tv\\\/2019\\\/espana-inicia-nueva-era-digital-con-la-puesta-en-marcha-de-la-red-5g\\\/\",\"name\":\"Espa\u00f1a inicia nueva era digital con la puesta en marcha de la red 5G - Canal 7 SLP - 2019\",\"isPartOf\":{\"@id\":\"https:\\\/\\\/canal7slp.tv\\\/2019\\\/#website\"},\"primaryImageOfPage\":{\"@id\":\"https:\\\/\\\/canal7slp.tv\\\/2019\\\/espana-inicia-nueva-era-digital-con-la-puesta-en-marcha-de-la-red-5g\\\/#primaryimage\"},\"image\":{\"@id\":\"https:\\\/\\\/canal7slp.tv\\\/2019\\\/espana-inicia-nueva-era-digital-con-la-puesta-en-marcha-de-la-red-5g\\\/#primaryimage\"},\"thumbnailUrl\":\"https:\\\/\\\/canal7slp.tv\\\/2019\\\/wp-content\\\/uploads\\\/2019\\\/06\\\/1210-11.jpg\",\"datePublished\":\"2019-06-15T16:59:14+00:00\",\"breadcrumb\":{\"@id\":\"https:\\\/\\\/canal7slp.tv\\\/2019\\\/espana-inicia-nueva-era-digital-con-la-puesta-en-marcha-de-la-red-5g\\\/#breadcrumb\"},\"inLanguage\":\"es\",\"potentialAction\":[{\"@type\":\"ReadAction\",\"target\":[\"https:\\\/\\\/canal7slp.tv\\\/2019\\\/espana-inicia-nueva-era-digital-con-la-puesta-en-marcha-de-la-red-5g\\\/\"]}]},{\"@type\":\"ImageObject\",\"inLanguage\":\"es\",\"@id\":\"https:\\\/\\\/canal7slp.tv\\\/2019\\\/espana-inicia-nueva-era-digital-con-la-puesta-en-marcha-de-la-red-5g\\\/#primaryimage\",\"url\":\"https:\\\/\\\/canal7slp.tv\\\/2019\\\/wp-content\\\/uploads\\\/2019\\\/06\\\/1210-11.jpg\",\"contentUrl\":\"https:\\\/\\\/canal7slp.tv\\\/2019\\\/wp-content\\\/uploads\\\/2019\\\/06\\\/1210-11.jpg\",\"width\":730,\"height\":410},{\"@type\":\"BreadcrumbList\",\"@id\":\"https:\\\/\\\/canal7slp.tv\\\/2019\\\/espana-inicia-nueva-era-digital-con-la-puesta-en-marcha-de-la-red-5g\\\/#breadcrumb\",\"itemListElement\":[{\"@type\":\"ListItem\",\"position\":1,\"name\":\"Home\",\"item\":\"https:\\\/\\\/canal7slp.tv\\\/2019\\\/\"},{\"@type\":\"ListItem\",\"position\":2,\"name\":\"Espa\u00f1a inicia nueva era digital con la puesta en marcha de la red 5G\"}]},{\"@type\":\"WebSite\",\"@id\":\"https:\\\/\\\/canal7slp.tv\\\/2019\\\/#website\",\"url\":\"https:\\\/\\\/canal7slp.tv\\\/2019\\\/\",\"name\":\"Canal 7 SLP - Somos TV\",\"description\":\"Somos un Canal de 10\",\"publisher\":{\"@id\":\"https:\\\/\\\/canal7slp.tv\\\/2019\\\/#organization\"},\"potentialAction\":[{\"@type\":\"SearchAction\",\"target\":{\"@type\":\"EntryPoint\",\"urlTemplate\":\"https:\\\/\\\/canal7slp.tv\\\/2019\\\/?s={search_term_string}\"},\"query-input\":{\"@type\":\"PropertyValueSpecification\",\"valueRequired\":true,\"valueName\":\"search_term_string\"}}],\"inLanguage\":\"es\"},{\"@type\":\"Organization\",\"@id\":\"https:\\\/\\\/canal7slp.tv\\\/2019\\\/#organization\",\"name\":\"Comunicaci\u00f3n 2000 S.A. de C.V.\",\"url\":\"https:\\\/\\\/canal7slp.tv\\\/2019\\\/\",\"logo\":{\"@type\":\"ImageObject\",\"inLanguage\":\"es\",\"@id\":\"https:\\\/\\\/canal7slp.tv\\\/2019\\\/#\\\/schema\\\/logo\\\/image\\\/\",\"url\":\"https:\\\/\\\/canal7slp.tv\\\/2019\\\/wp-content\\\/uploads\\\/2019\\\/07\\\/logo-c7.png\",\"contentUrl\":\"https:\\\/\\\/canal7slp.tv\\\/2019\\\/wp-content\\\/uploads\\\/2019\\\/07\\\/logo-c7.png\",\"width\":220,\"height\":60,\"caption\":\"Comunicaci\u00f3n 2000 S.A. de C.V.\"},\"image\":{\"@id\":\"https:\\\/\\\/canal7slp.tv\\\/2019\\\/#\\\/schema\\\/logo\\\/image\\\/\"},\"sameAs\":[\"https:\\\/\\\/www.facebook.com\\\/CANAL7SLP\\\/\",\"https:\\\/\\\/x.com\\\/canal7_slp\",\"https:\\\/\\\/www.instagram.com\\\/canal7_slp\",\"https:\\\/\\\/www.youtube.com\\\/user\\\/NOTICIEROSCANAL7SLP\\\/\"]},{\"@type\":\"Person\",\"@id\":\"https:\\\/\\\/canal7slp.tv\\\/2019\\\/#\\\/schema\\\/person\\\/11d941c1c6ca30ac0a46b95fa37aa2e3\",\"name\":\"edicionweb\",\"image\":{\"@type\":\"ImageObject\",\"inLanguage\":\"es\",\"@id\":\"https:\\\/\\\/secure.gravatar.com\\\/avatar\\\/eee448fc3f7164808013b816ba91ac7e43bbe82a70bebac296f8bc6f0addaa1a?s=96&d=mm&r=g\",\"url\":\"https:\\\/\\\/secure.gravatar.com\\\/avatar\\\/eee448fc3f7164808013b816ba91ac7e43bbe82a70bebac296f8bc6f0addaa1a?s=96&d=mm&r=g\",\"contentUrl\":\"https:\\\/\\\/secure.gravatar.com\\\/avatar\\\/eee448fc3f7164808013b816ba91ac7e43bbe82a70bebac296f8bc6f0addaa1a?s=96&d=mm&r=g\",\"caption\":\"edicionweb\"}}]}<\/script>\n<!-- \/ Yoast SEO plugin. -->","yoast_head_json":{"title":"Espa\u00f1a inicia nueva era digital con la puesta en marcha de la red 5G - Canal 7 SLP - 2019","robots":{"index":"index","follow":"follow","max-snippet":"max-snippet:-1","max-image-preview":"max-image-preview:large","max-video-preview":"max-video-preview:-1"},"canonical":"https:\/\/canal7slp.tv\/2019\/espana-inicia-nueva-era-digital-con-la-puesta-en-marcha-de-la-red-5g\/","og_locale":"es_ES","og_type":"article","og_title":"Espa\u00f1a inicia nueva era digital con la puesta en marcha de la red 5G - Canal 7 SLP - 2019","og_description":"Madrid.- Espa\u00f1a se convirti\u00f3 hoy en el primer pa\u00eds en Europa en disfrutar de la red 5G, luego que la operadora brit\u00e1nica Vodafone lanz\u00f3 su primer servicio comercial de conexi\u00f3n ultrar\u00e1pida, que en el futuro alcanzar\u00e1 velocidades 250 veces superiores a las actuales 4G. La compa\u00f1\u00eda brit\u00e1nica, que utilizar\u00e1 la red de la multinacional china [&hellip;]","og_url":"https:\/\/canal7slp.tv\/2019\/espana-inicia-nueva-era-digital-con-la-puesta-en-marcha-de-la-red-5g\/","og_site_name":"Canal 7 SLP - 2019","article_publisher":"https:\/\/www.facebook.com\/CANAL7SLP\/","article_published_time":"2019-06-15T16:59:14+00:00","og_image":[{"width":730,"height":410,"url":"https:\/\/canal7slp.tv\/2019\/wp-content\/uploads\/2019\/06\/1210-11.jpg","type":"image\/jpeg"}],"author":"edicionweb","twitter_card":"summary_large_image","twitter_creator":"@canal7_slp","twitter_site":"@canal7_slp","twitter_misc":{"Escrito por":"edicionweb","Tiempo de lectura":"2 minutos"},"schema":{"@context":"https:\/\/schema.org","@graph":[{"@type":"Article","@id":"https:\/\/canal7slp.tv\/2019\/espana-inicia-nueva-era-digital-con-la-puesta-en-marcha-de-la-red-5g\/#article","isPartOf":{"@id":"https:\/\/canal7slp.tv\/2019\/espana-inicia-nueva-era-digital-con-la-puesta-en-marcha-de-la-red-5g\/"},"author":{"name":"edicionweb","@id":"https:\/\/canal7slp.tv\/2019\/#\/schema\/person\/11d941c1c6ca30ac0a46b95fa37aa2e3"},"headline":"Espa\u00f1a inicia nueva era digital con la puesta en marcha de la red 5G","datePublished":"2019-06-15T16:59:14+00:00","mainEntityOfPage":{"@id":"https:\/\/canal7slp.tv\/2019\/espana-inicia-nueva-era-digital-con-la-puesta-en-marcha-de-la-red-5g\/"},"wordCount":474,"commentCount":0,"publisher":{"@id":"https:\/\/canal7slp.tv\/2019\/#organization"},"image":{"@id":"https:\/\/canal7slp.tv\/2019\/espana-inicia-nueva-era-digital-con-la-puesta-en-marcha-de-la-red-5g\/#primaryimage"},"thumbnailUrl":"https:\/\/canal7slp.tv\/2019\/wp-content\/uploads\/2019\/06\/1210-11.jpg","articleSection":["FINANZAS"],"inLanguage":"es","potentialAction":[{"@type":"CommentAction","name":"Comment","target":["https:\/\/canal7slp.tv\/2019\/espana-inicia-nueva-era-digital-con-la-puesta-en-marcha-de-la-red-5g\/#respond"]}]},{"@type":"WebPage","@id":"https:\/\/canal7slp.tv\/2019\/espana-inicia-nueva-era-digital-con-la-puesta-en-marcha-de-la-red-5g\/","url":"https:\/\/canal7slp.tv\/2019\/espana-inicia-nueva-era-digital-con-la-puesta-en-marcha-de-la-red-5g\/","name":"Espa\u00f1a inicia nueva era digital con la puesta en marcha de la red 5G - Canal 7 SLP - 2019","isPartOf":{"@id":"https:\/\/canal7slp.tv\/2019\/#website"},"primaryImageOfPage":{"@id":"https:\/\/canal7slp.tv\/2019\/espana-inicia-nueva-era-digital-con-la-puesta-en-marcha-de-la-red-5g\/#primaryimage"},"image":{"@id":"https:\/\/canal7slp.tv\/2019\/espana-inicia-nueva-era-digital-con-la-puesta-en-marcha-de-la-red-5g\/#primaryimage"},"thumbnailUrl":"https:\/\/canal7slp.tv\/2019\/wp-content\/uploads\/2019\/06\/1210-11.jpg","datePublished":"2019-06-15T16:59:14+00:00","breadcrumb":{"@id":"https:\/\/canal7slp.tv\/2019\/espana-inicia-nueva-era-digital-con-la-puesta-en-marcha-de-la-red-5g\/#breadcrumb"},"inLanguage":"es","potentialAction":[{"@type":"ReadAction","target":["https:\/\/canal7slp.tv\/2019\/espana-inicia-nueva-era-digital-con-la-puesta-en-marcha-de-la-red-5g\/"]}]},{"@type":"ImageObject","inLanguage":"es","@id":"https:\/\/canal7slp.tv\/2019\/espana-inicia-nueva-era-digital-con-la-puesta-en-marcha-de-la-red-5g\/#primaryimage","url":"https:\/\/canal7slp.tv\/2019\/wp-content\/uploads\/2019\/06\/1210-11.jpg","contentUrl":"https:\/\/canal7slp.tv\/2019\/wp-content\/uploads\/2019\/06\/1210-11.jpg","width":730,"height":410},{"@type":"BreadcrumbList","@id":"https:\/\/canal7slp.tv\/2019\/espana-inicia-nueva-era-digital-con-la-puesta-en-marcha-de-la-red-5g\/#breadcrumb","itemListElement":[{"@type":"ListItem","position":1,"name":"Home","item":"https:\/\/canal7slp.tv\/2019\/"},{"@type":"ListItem","position":2,"name":"Espa\u00f1a inicia nueva era digital con la puesta en marcha de la red 5G"}]},{"@type":"WebSite","@id":"https:\/\/canal7slp.tv\/2019\/#website","url":"https:\/\/canal7slp.tv\/2019\/","name":"Canal 7 SLP - Somos TV","description":"Somos un Canal de 10","publisher":{"@id":"https:\/\/canal7slp.tv\/2019\/#organization"},"potentialAction":[{"@type":"SearchAction","target":{"@type":"EntryPoint","urlTemplate":"https:\/\/canal7slp.tv\/2019\/?s={search_term_string}"},"query-input":{"@type":"PropertyValueSpecification","valueRequired":true,"valueName":"search_term_string"}}],"inLanguage":"es"},{"@type":"Organization","@id":"https:\/\/canal7slp.tv\/2019\/#organization","name":"Comunicaci\u00f3n 2000 S.A. de C.V.","url":"https:\/\/canal7slp.tv\/2019\/","logo":{"@type":"ImageObject","inLanguage":"es","@id":"https:\/\/canal7slp.tv\/2019\/#\/schema\/logo\/image\/","url":"https:\/\/canal7slp.tv\/2019\/wp-content\/uploads\/2019\/07\/logo-c7.png","contentUrl":"https:\/\/canal7slp.tv\/2019\/wp-content\/uploads\/2019\/07\/logo-c7.png","width":220,"height":60,"caption":"Comunicaci\u00f3n 2000 S.A. de C.V."},"image":{"@id":"https:\/\/canal7slp.tv\/2019\/#\/schema\/logo\/image\/"},"sameAs":["https:\/\/www.facebook.com\/CANAL7SLP\/","https:\/\/x.com\/canal7_slp","https:\/\/www.instagram.com\/canal7_slp","https:\/\/www.youtube.com\/user\/NOTICIEROSCANAL7SLP\/"]},{"@type":"Person","@id":"https:\/\/canal7slp.tv\/2019\/#\/schema\/person\/11d941c1c6ca30ac0a46b95fa37aa2e3","name":"edicionweb","image":{"@type":"ImageObject","inLanguage":"es","@id":"https:\/\/secure.gravatar.com\/avatar\/eee448fc3f7164808013b816ba91ac7e43bbe82a70bebac296f8bc6f0addaa1a?s=96&d=mm&r=g","url":"https:\/\/secure.gravatar.com\/avatar\/eee448fc3f7164808013b816ba91ac7e43bbe82a70bebac296f8bc6f0addaa1a?s=96&d=mm&r=g","contentUrl":"https:\/\/secure.gravatar.com\/avatar\/eee448fc3f7164808013b816ba91ac7e43bbe82a70bebac296f8bc6f0addaa1a?s=96&d=mm&r=g","caption":"edicionweb"}}]}},"amp_enabled":true,"cmb2":{"video_ids_in_playlist":{"vid_p_videos":""},"video_ids_in_channel":{"vid_c_videos":""},"playlist_ids_in_channel":{"vid_c_playlists":""},"series_ids_in_channel":{"vid_c_series":""},"channel_images":{"vid_c_logo":"","vid_c_banner":""},"poster_feature_image":{"vid_m_poster_image":""},"gif_feature_image":{"vid_m_gif_image":""},"video_movie_settings":{"vid_m_director":"","vid_m_actor":"","vid_m_imdb_ratings":"","vid_m_amazon_associates":""},"vid_youtube_broadcasts_settings":{"vid_yb_broadcast_title":"","vid_yb_q":"","vid_yb_channelid":"","vid_yb_videocategoryid":"","vid_yb_maxresults":"","vid_yb_order":"","vid_yb_regioncode":"","vid_yb_videosyndicated":"","vid_yb_style":"","vid_yb_reload_first":""},"video_series_settings":{"vid_m_director":"","vid_m_actor":"","vid_m_imdb_ratings":"","video_series_group":""},"amazon_associates_settings":{"amazon_associates":"","amazon_native_ad":""},"vid_youtube_automatic_settings":{"vid_ya_youtube_source":"","vid_ya_update_every":"","vid_ya_update_unit":"","vid_ya_categories":"","vid_ya_published_after":"","vid_ya_published_before":"","vid_ya_playlists":"","vid_ya_channels":"","vid_ya_director":"","vid_ya_actor":"","vid_ya_author":"","vid_ya_import_post_date":"","vid_ya_status":"","vid_ya_sub_api_key":""},"vid_ads_m_videoads_settings_post":{"vid_ads_m_video_ads":"","vid_ads_m_video_ads_type":"","vid_ads_m_group_google_ima":"","vid_ads_m_group_image":"","vid_ads_m_group_html5_video":"","vid_ads_m_group_html":"","vid_ads_m_vast_preroll":"","vid_ads_m_vast_postroll":"","vid_ads_m_vast_pauseroll":"","vid_ads_m_vast_midroll":[{"vid_ads_m_vast_timer_seconds":"50"}],"vid_ads_m_time_to_show_ads":"","vid_ads_m_time_skip_ads":"","vid_ads_m_time_to_hide_ads":""},"page_slider_settings":{"display_slider_group":"","page_slider_group":""},"blog_page_settings":{"blog_page_title":"","blog_page_heading":"","blog_page_ic":"","blog_page_it":"","blog_page_ec":"","blog_page_ip":"","archive_loop_style":"","blog_image_ratio":"","blog_show_categories":"","blog_show_excerpt":"","blog_show_author":"","blog_show_date":"","blog_show_comment_count":"","blog_show_view_count":"","blog_show_like_count":"","blog_show_dislike_count":"","blog_items_per_page":"","blog_pag_type":""},"page_options":{"get_page_template":"","color_mode":"","main_layout":"","main_layout_full_with":"","main_logo":"","main_logo_retina":"","main_logo_mobile":"","main_logo_mobile_retina":"","sticky_logo":"","sticky_logo_retina":"","main_nav_layout":"","ajax_search":"","header_background":"","theme_sidebar":"","instagram_feed":"","instagram_feed_position":"","popular_videos":"","popular_videos_title_1":"","popular_videos_title_2":"","popular_videos_ic":"","popular_videos_it":"","theme_background":"","page_custom_css":""},"feature_image_settings":{"feature_image_position":""},"video_player_settings":{"single_video_style":"","video_player_position":"","vm_video_url":"","video_player_library":"","video_streaming":"","vm_media_sources":"","vid_auto_play":"","vm_video_shortcode":"","vid_p_sync_playlist":"","vid_c_sync_channel":"","get_post_format":"","multiple_links_structure":"default","multi_links_title":"","vm_video_multi_links":"","vm_duration":"","vid_social_locker":"off","vid_social_locker_id":"","vid_membership_action":"content-video","vm_video_trailer_url":"","vid_download_type":"free","vid_download_target":"download","vid_woo_product":"","vm_media_download":"","user_rating":"","user_rating_position":"","user_rating_mode":"","user_rating_multi_sets":""},"video_auto_fetch_settings":{"vm_video_fetch":"on"},"video_fake_views_likes":{"vm_fake_views":"","vm_fake_likes":"","vm_fake_dislikes":""},"gallery_settings":{"gallery_position":""},"quote_settings":{"quote_position":""},"post_options":{"main_layout":"","main_logo":"","main_logo_retina":"","main_logo_mobile":"","main_logo_mobile_retina":"","sticky_logo":"","sticky_logo_retina":"","main_nav_layout":"","header_background":"","theme_sidebar":"","single_post_comment_type":"","theme_background":""}},"_links":{"self":[{"href":"https:\/\/canal7slp.tv\/2019\/wp-json\/wp\/v2\/posts\/15714","targetHints":{"allow":["GET"]}}],"collection":[{"href":"https:\/\/canal7slp.tv\/2019\/wp-json\/wp\/v2\/posts"}],"about":[{"href":"https:\/\/canal7slp.tv\/2019\/wp-json\/wp\/v2\/types\/post"}],"author":[{"embeddable":true,"href":"https:\/\/canal7slp.tv\/2019\/wp-json\/wp\/v2\/users\/2"}],"replies":[{"embeddable":true,"href":"https:\/\/canal7slp.tv\/2019\/wp-json\/wp\/v2\/comments?post=15714"}],"version-history":[{"count":0,"href":"https:\/\/canal7slp.tv\/2019\/wp-json\/wp\/v2\/posts\/15714\/revisions"}],"wp:featuredmedia":[{"embeddable":true,"href":"https:\/\/canal7slp.tv\/2019\/wp-json\/wp\/v2\/media\/15717"}],"wp:attachment":[{"href":"https:\/\/canal7slp.tv\/2019\/wp-json\/wp\/v2\/media?parent=15714"}],"wp:term":[{"taxonomy":"category","embeddable":true,"href":"https:\/\/canal7slp.tv\/2019\/wp-json\/wp\/v2\/categories?post=15714"},{"taxonomy":"post_tag","embeddable":true,"href":"https:\/\/canal7slp.tv\/2019\/wp-json\/wp\/v2\/tags?post=15714"}],"curies":[{"name":"wp","href":"https:\/\/api.w.org\/{rel}","templated":true}]}}