{"id":15708,"date":"2019-06-15T11:33:35","date_gmt":"2019-06-15T16:33:35","guid":{"rendered":"https:\/\/canal7slp.tv\/2019\/?p=15708"},"modified":"2019-06-15T11:33:35","modified_gmt":"2019-06-15T16:33:35","slug":"duda-activista-que-eua-cumpla-su-parte-en-el-tema-migratorio","status":"publish","type":"post","link":"https:\/\/canal7slp.tv\/2019\/duda-activista-que-eua-cumpla-su-parte-en-el-tema-migratorio\/","title":{"rendered":"Duda activista que EUA cumpla su parte en el tema migratorio"},"content":{"rendered":"<p style=\"text-align: justify\">M\u00e9xico.- El Gobierno de M\u00e9xico realiza un excelente papel en el acuerdo migratorio con Estados Unidos, pero est\u00e1 en duda que \u00e9ste \u00faltimo cumpla los acuerdos para el desarrollo de los migrantes, se\u00f1al\u00f3 la activista Marta S\u00e1nchez Soler, coordinadora del Movimiento Migrante Mesoamericano.<\/p>\n<p style=\"text-align: justify\">\u201cAl que s\u00ed le tengo absoluta desconfianza es a Estados Unidos porque ellos son los que han generado las causas de estas famosas caravanas y expulsiones masivas de migrantes de Centroam\u00e9rica\u201d, dijo la tambi\u00e9n fundadora de esa organizaci\u00f3n.<\/p>\n<p style=\"text-align: justify\">M\u00e9xico realiza un buen trabajo en t\u00e9rminos de proponer y ser el que impulse el acuerdo que Estados Unidos no quer\u00eda, sin embargo aclar\u00f3 que no cree en las acciones a las que se comprometi\u00f3 el pa\u00eds vecino, como dar asilo a un sector de los migrantes.<\/p>\n<p style=\"text-align: justify\">\u201cNi de dar asilo ni de prometer el desarrollo\u201d, agreg\u00f3 luego de enumerar sucesos de la historia, como cuando Estados Unidos envi\u00f3 a internos de las c\u00e1rceles de Chicago y California a poblaciones peque\u00f1as de Centroam\u00e9rica, propiciando la destrucci\u00f3n de redes econ\u00f3micas, pol\u00edticas y sociales de la regi\u00f3n.<\/p>\n<p style=\"text-align: justify\">\u201c\u00bfY ahora va a ser el que promueva desarrollo? Eso es lo que m\u00e1s desconfianza causa\u201d, en la opini\u00f3n de la soci\u00f3loga mexicana de familia espa\u00f1ola, al tiempo que sugiri\u00f3\u00a0poner atenci\u00f3n especial en los dichos de Donald Trump, presidente de Estados Unidos, acerca de que M\u00e9xico sea considerado un Tercer Pa\u00eds Seguro.<\/p>\n<p style=\"text-align: justify\">\u201cEl Tercer Pa\u00eds Seguro ser\u00eda una debacle para M\u00e9xico, esto quiere decir que la gente que entra a M\u00e9xico tiene que pedir asilo y si le dan no puede salir del pa\u00eds porque lo pierde.<\/p>\n<p style=\"text-align: justify\">&#8220;No tiene ni pies ni cabeza y M\u00e9xico no puede ser considerado un Tercer Pa\u00eds Seguro, primero que nada porque no es seguro y segundo porque est\u00e1 fuera de las posibilidades y de la filosof\u00eda de lo que debe ser el flujo migratorio\u201d, opin\u00f3.<\/p>\n<p style=\"text-align: justify\">Por otro lado Marta S\u00e1nchez destac\u00f3 la parte positiva del acuerdo; adem\u00e1s de que se evitar\u00e1 la imposici\u00f3n de los aranceles a productos mexicanos, se habl\u00f3 sobre el desarrollo para los pa\u00edses de Centroam\u00e9rica para eliminar las causas que generan \u00e9xodos masivos.<\/p>\n<p style=\"text-align: justify\">Sin embargo, apunt\u00f3 que a las organizaciones de derechos humanos no agrada el tema de la contenci\u00f3n de la migraci\u00f3n. \u201cLos migrantes en tr\u00e1nsito siguen perdiendo, siguen siendo los m\u00e1s vulnerables, siguen siendo objeto de violaci\u00f3n a los derechos humanos y a las reglas inhumanitarias\u201d.<\/p>\n<p style=\"text-align: justify\">La organizadora de la Caravana de Madres de Migrantes Desaparecidos se\u00f1al\u00f3 que entre las principales consecuencias se encuentran los asesinatos, pues se ha reportado que los Maras esperan en los centros de deportaci\u00f3n \u201cporque la pena de muerte de los Maras no tiene fecha de caducidad\u201d.<\/p>\n<p style=\"text-align: justify\">Destac\u00f3 que hasta hace dos a\u00f1os y s\u00f3lo en los Servicios M\u00e9dicos Forenses de Honduras se reportaban 700 migrantes que fueron asesinados a su retorno.<\/p>\n<p style=\"text-align: justify\">Por ello, la activista celebr\u00f3 que el gobierno de M\u00e9xico vaya a invitar al Fondo de las Naciones Unidas para la Infancia (Unicef), a la Comisi\u00f3n Econ\u00f3mica para Am\u00e9rica Latina y el Caribe (Cepal) y a la Organizaci\u00f3n Internacional de las Migraciones (OIM) para lograr el proyecto de desarrollo en Centroam\u00e9rica.<\/p>\n<p style=\"text-align: justify\">Asimismo, indic\u00f3 que ante medidas como la llegada de la Guardia Nacional a la frontera sur, tambi\u00e9n se obligar\u00e1 a las organizaciones civiles a luchar, denunciar y a mantener acciones para que se respeten los derechos humanos.<\/p>\n<p style=\"text-align: justify\">\u201cEn eso estamos, con poca ilusi\u00f3n y m\u00e1s bien capoteando el temporal para ver por d\u00f3nde nos podemos incrustar y que sea una acci\u00f3n constructiva y eficaz\u201d, finaliz\u00f3 S\u00e1nchez Soler.<\/p>\n<p style=\"text-align: justify\">Marta S\u00e1nchez Soler naci\u00f3 en Francia luego de que sus padres espa\u00f1oles sufrieran el exilio durante la dictadura de Francisco Franco, sin embargo radica en M\u00e9xico desde que era ni\u00f1a.<\/p>\n","protected":false},"excerpt":{"rendered":"<p>M\u00e9xico.- El Gobierno de M\u00e9xico realiza un excelente papel en el acuerdo migratorio con Estados Unidos, pero est\u00e1 en duda que \u00e9ste \u00faltimo cumpla los acuerdos para el desarrollo de los migrantes, se\u00f1al\u00f3 la activista Marta S\u00e1nchez Soler, coordinadora del Movimiento Migrante Mesoamericano. \u201cAl que s\u00ed le tengo absoluta desconfianza es a Estados Unidos porque [&hellip;]<\/p>\n","protected":false},"author":2,"featured_media":15709,"comment_status":"open","ping_status":"closed","sticky":false,"template":"","format":"standard","meta":{"footnotes":""},"categories":[30],"tags":[],"class_list":["post-15708","post","type-post","status-publish","format-standard","has-post-thumbnail","hentry","category-nacional"],"yoast_head":"<!-- This site is optimized with the Yoast SEO plugin v27.5 - https:\/\/yoast.com\/product\/yoast-seo-wordpress\/ -->\n<title>Duda activista que EUA cumpla su parte en el tema migratorio - Canal 7 SLP - 2019<\/title>\n<meta name=\"robots\" content=\"index, follow, max-snippet:-1, max-image-preview:large, max-video-preview:-1\" \/>\n<link rel=\"canonical\" href=\"https:\/\/canal7slp.tv\/2019\/duda-activista-que-eua-cumpla-su-parte-en-el-tema-migratorio\/\" \/>\n<meta property=\"og:locale\" content=\"es_ES\" \/>\n<meta property=\"og:type\" content=\"article\" \/>\n<meta property=\"og:title\" content=\"Duda activista que EUA cumpla su parte en el tema migratorio - Canal 7 SLP - 2019\" \/>\n<meta property=\"og:description\" content=\"M\u00e9xico.- El Gobierno de M\u00e9xico realiza un excelente papel en el acuerdo migratorio con Estados Unidos, pero est\u00e1 en duda que \u00e9ste \u00faltimo cumpla los acuerdos para el desarrollo de los migrantes, se\u00f1al\u00f3 la activista Marta S\u00e1nchez Soler, coordinadora del Movimiento Migrante Mesoamericano. \u201cAl que s\u00ed le tengo absoluta desconfianza es a Estados Unidos porque [&hellip;]\" \/>\n<meta property=\"og:url\" content=\"https:\/\/canal7slp.tv\/2019\/duda-activista-que-eua-cumpla-su-parte-en-el-tema-migratorio\/\" \/>\n<meta property=\"og:site_name\" content=\"Canal 7 SLP - 2019\" \/>\n<meta property=\"article:publisher\" content=\"https:\/\/www.facebook.com\/CANAL7SLP\/\" \/>\n<meta property=\"article:published_time\" content=\"2019-06-15T16:33:35+00:00\" \/>\n<meta property=\"og:image\" content=\"https:\/\/canal7slp.tv\/2019\/wp-content\/uploads\/2019\/06\/1150-14.jpg\" \/>\n\t<meta property=\"og:image:width\" content=\"800\" \/>\n\t<meta property=\"og:image:height\" content=\"600\" \/>\n\t<meta property=\"og:image:type\" content=\"image\/jpeg\" \/>\n<meta name=\"author\" content=\"edicionweb\" \/>\n<meta name=\"twitter:card\" content=\"summary_large_image\" \/>\n<meta name=\"twitter:creator\" content=\"@canal7_slp\" \/>\n<meta name=\"twitter:site\" content=\"@canal7_slp\" \/>\n<meta name=\"twitter:label1\" content=\"Escrito por\" \/>\n\t<meta name=\"twitter:data1\" content=\"edicionweb\" \/>\n\t<meta name=\"twitter:label2\" content=\"Tiempo de lectura\" \/>\n\t<meta name=\"twitter:data2\" content=\"3 minutos\" \/>\n<script type=\"application\/ld+json\" class=\"yoast-schema-graph\">{\"@context\":\"https:\\\/\\\/schema.org\",\"@graph\":[{\"@type\":\"Article\",\"@id\":\"https:\\\/\\\/canal7slp.tv\\\/2019\\\/duda-activista-que-eua-cumpla-su-parte-en-el-tema-migratorio\\\/#article\",\"isPartOf\":{\"@id\":\"https:\\\/\\\/canal7slp.tv\\\/2019\\\/duda-activista-que-eua-cumpla-su-parte-en-el-tema-migratorio\\\/\"},\"author\":{\"name\":\"edicionweb\",\"@id\":\"https:\\\/\\\/canal7slp.tv\\\/2019\\\/#\\\/schema\\\/person\\\/11d941c1c6ca30ac0a46b95fa37aa2e3\"},\"headline\":\"Duda activista que EUA cumpla su parte en el tema migratorio\",\"datePublished\":\"2019-06-15T16:33:35+00:00\",\"mainEntityOfPage\":{\"@id\":\"https:\\\/\\\/canal7slp.tv\\\/2019\\\/duda-activista-que-eua-cumpla-su-parte-en-el-tema-migratorio\\\/\"},\"wordCount\":689,\"commentCount\":0,\"publisher\":{\"@id\":\"https:\\\/\\\/canal7slp.tv\\\/2019\\\/#organization\"},\"image\":{\"@id\":\"https:\\\/\\\/canal7slp.tv\\\/2019\\\/duda-activista-que-eua-cumpla-su-parte-en-el-tema-migratorio\\\/#primaryimage\"},\"thumbnailUrl\":\"https:\\\/\\\/canal7slp.tv\\\/2019\\\/wp-content\\\/uploads\\\/2019\\\/06\\\/1150-14.jpg\",\"articleSection\":[\"NACIONAL\"],\"inLanguage\":\"es\",\"potentialAction\":[{\"@type\":\"CommentAction\",\"name\":\"Comment\",\"target\":[\"https:\\\/\\\/canal7slp.tv\\\/2019\\\/duda-activista-que-eua-cumpla-su-parte-en-el-tema-migratorio\\\/#respond\"]}]},{\"@type\":\"WebPage\",\"@id\":\"https:\\\/\\\/canal7slp.tv\\\/2019\\\/duda-activista-que-eua-cumpla-su-parte-en-el-tema-migratorio\\\/\",\"url\":\"https:\\\/\\\/canal7slp.tv\\\/2019\\\/duda-activista-que-eua-cumpla-su-parte-en-el-tema-migratorio\\\/\",\"name\":\"Duda activista que EUA cumpla su parte en el tema migratorio - Canal 7 SLP - 2019\",\"isPartOf\":{\"@id\":\"https:\\\/\\\/canal7slp.tv\\\/2019\\\/#website\"},\"primaryImageOfPage\":{\"@id\":\"https:\\\/\\\/canal7slp.tv\\\/2019\\\/duda-activista-que-eua-cumpla-su-parte-en-el-tema-migratorio\\\/#primaryimage\"},\"image\":{\"@id\":\"https:\\\/\\\/canal7slp.tv\\\/2019\\\/duda-activista-que-eua-cumpla-su-parte-en-el-tema-migratorio\\\/#primaryimage\"},\"thumbnailUrl\":\"https:\\\/\\\/canal7slp.tv\\\/2019\\\/wp-content\\\/uploads\\\/2019\\\/06\\\/1150-14.jpg\",\"datePublished\":\"2019-06-15T16:33:35+00:00\",\"breadcrumb\":{\"@id\":\"https:\\\/\\\/canal7slp.tv\\\/2019\\\/duda-activista-que-eua-cumpla-su-parte-en-el-tema-migratorio\\\/#breadcrumb\"},\"inLanguage\":\"es\",\"potentialAction\":[{\"@type\":\"ReadAction\",\"target\":[\"https:\\\/\\\/canal7slp.tv\\\/2019\\\/duda-activista-que-eua-cumpla-su-parte-en-el-tema-migratorio\\\/\"]}]},{\"@type\":\"ImageObject\",\"inLanguage\":\"es\",\"@id\":\"https:\\\/\\\/canal7slp.tv\\\/2019\\\/duda-activista-que-eua-cumpla-su-parte-en-el-tema-migratorio\\\/#primaryimage\",\"url\":\"https:\\\/\\\/canal7slp.tv\\\/2019\\\/wp-content\\\/uploads\\\/2019\\\/06\\\/1150-14.jpg\",\"contentUrl\":\"https:\\\/\\\/canal7slp.tv\\\/2019\\\/wp-content\\\/uploads\\\/2019\\\/06\\\/1150-14.jpg\",\"width\":800,\"height\":600},{\"@type\":\"BreadcrumbList\",\"@id\":\"https:\\\/\\\/canal7slp.tv\\\/2019\\\/duda-activista-que-eua-cumpla-su-parte-en-el-tema-migratorio\\\/#breadcrumb\",\"itemListElement\":[{\"@type\":\"ListItem\",\"position\":1,\"name\":\"Home\",\"item\":\"https:\\\/\\\/canal7slp.tv\\\/2019\\\/\"},{\"@type\":\"ListItem\",\"position\":2,\"name\":\"Duda activista que EUA cumpla su parte en el tema migratorio\"}]},{\"@type\":\"WebSite\",\"@id\":\"https:\\\/\\\/canal7slp.tv\\\/2019\\\/#website\",\"url\":\"https:\\\/\\\/canal7slp.tv\\\/2019\\\/\",\"name\":\"Canal 7 SLP - Somos TV\",\"description\":\"Somos un Canal de 10\",\"publisher\":{\"@id\":\"https:\\\/\\\/canal7slp.tv\\\/2019\\\/#organization\"},\"potentialAction\":[{\"@type\":\"SearchAction\",\"target\":{\"@type\":\"EntryPoint\",\"urlTemplate\":\"https:\\\/\\\/canal7slp.tv\\\/2019\\\/?s={search_term_string}\"},\"query-input\":{\"@type\":\"PropertyValueSpecification\",\"valueRequired\":true,\"valueName\":\"search_term_string\"}}],\"inLanguage\":\"es\"},{\"@type\":\"Organization\",\"@id\":\"https:\\\/\\\/canal7slp.tv\\\/2019\\\/#organization\",\"name\":\"Comunicaci\u00f3n 2000 S.A. de C.V.\",\"url\":\"https:\\\/\\\/canal7slp.tv\\\/2019\\\/\",\"logo\":{\"@type\":\"ImageObject\",\"inLanguage\":\"es\",\"@id\":\"https:\\\/\\\/canal7slp.tv\\\/2019\\\/#\\\/schema\\\/logo\\\/image\\\/\",\"url\":\"https:\\\/\\\/canal7slp.tv\\\/2019\\\/wp-content\\\/uploads\\\/2019\\\/07\\\/logo-c7.png\",\"contentUrl\":\"https:\\\/\\\/canal7slp.tv\\\/2019\\\/wp-content\\\/uploads\\\/2019\\\/07\\\/logo-c7.png\",\"width\":220,\"height\":60,\"caption\":\"Comunicaci\u00f3n 2000 S.A. de C.V.\"},\"image\":{\"@id\":\"https:\\\/\\\/canal7slp.tv\\\/2019\\\/#\\\/schema\\\/logo\\\/image\\\/\"},\"sameAs\":[\"https:\\\/\\\/www.facebook.com\\\/CANAL7SLP\\\/\",\"https:\\\/\\\/x.com\\\/canal7_slp\",\"https:\\\/\\\/www.instagram.com\\\/canal7_slp\",\"https:\\\/\\\/www.youtube.com\\\/user\\\/NOTICIEROSCANAL7SLP\\\/\"]},{\"@type\":\"Person\",\"@id\":\"https:\\\/\\\/canal7slp.tv\\\/2019\\\/#\\\/schema\\\/person\\\/11d941c1c6ca30ac0a46b95fa37aa2e3\",\"name\":\"edicionweb\",\"image\":{\"@type\":\"ImageObject\",\"inLanguage\":\"es\",\"@id\":\"https:\\\/\\\/secure.gravatar.com\\\/avatar\\\/eee448fc3f7164808013b816ba91ac7e43bbe82a70bebac296f8bc6f0addaa1a?s=96&d=mm&r=g\",\"url\":\"https:\\\/\\\/secure.gravatar.com\\\/avatar\\\/eee448fc3f7164808013b816ba91ac7e43bbe82a70bebac296f8bc6f0addaa1a?s=96&d=mm&r=g\",\"contentUrl\":\"https:\\\/\\\/secure.gravatar.com\\\/avatar\\\/eee448fc3f7164808013b816ba91ac7e43bbe82a70bebac296f8bc6f0addaa1a?s=96&d=mm&r=g\",\"caption\":\"edicionweb\"}}]}<\/script>\n<!-- \/ Yoast SEO plugin. -->","yoast_head_json":{"title":"Duda activista que EUA cumpla su parte en el tema migratorio - Canal 7 SLP - 2019","robots":{"index":"index","follow":"follow","max-snippet":"max-snippet:-1","max-image-preview":"max-image-preview:large","max-video-preview":"max-video-preview:-1"},"canonical":"https:\/\/canal7slp.tv\/2019\/duda-activista-que-eua-cumpla-su-parte-en-el-tema-migratorio\/","og_locale":"es_ES","og_type":"article","og_title":"Duda activista que EUA cumpla su parte en el tema migratorio - Canal 7 SLP - 2019","og_description":"M\u00e9xico.- El Gobierno de M\u00e9xico realiza un excelente papel en el acuerdo migratorio con Estados Unidos, pero est\u00e1 en duda que \u00e9ste \u00faltimo cumpla los acuerdos para el desarrollo de los migrantes, se\u00f1al\u00f3 la activista Marta S\u00e1nchez Soler, coordinadora del Movimiento Migrante Mesoamericano. \u201cAl que s\u00ed le tengo absoluta desconfianza es a Estados Unidos porque [&hellip;]","og_url":"https:\/\/canal7slp.tv\/2019\/duda-activista-que-eua-cumpla-su-parte-en-el-tema-migratorio\/","og_site_name":"Canal 7 SLP - 2019","article_publisher":"https:\/\/www.facebook.com\/CANAL7SLP\/","article_published_time":"2019-06-15T16:33:35+00:00","og_image":[{"width":800,"height":600,"url":"https:\/\/canal7slp.tv\/2019\/wp-content\/uploads\/2019\/06\/1150-14.jpg","type":"image\/jpeg"}],"author":"edicionweb","twitter_card":"summary_large_image","twitter_creator":"@canal7_slp","twitter_site":"@canal7_slp","twitter_misc":{"Escrito por":"edicionweb","Tiempo de lectura":"3 minutos"},"schema":{"@context":"https:\/\/schema.org","@graph":[{"@type":"Article","@id":"https:\/\/canal7slp.tv\/2019\/duda-activista-que-eua-cumpla-su-parte-en-el-tema-migratorio\/#article","isPartOf":{"@id":"https:\/\/canal7slp.tv\/2019\/duda-activista-que-eua-cumpla-su-parte-en-el-tema-migratorio\/"},"author":{"name":"edicionweb","@id":"https:\/\/canal7slp.tv\/2019\/#\/schema\/person\/11d941c1c6ca30ac0a46b95fa37aa2e3"},"headline":"Duda activista que EUA cumpla su parte en el tema migratorio","datePublished":"2019-06-15T16:33:35+00:00","mainEntityOfPage":{"@id":"https:\/\/canal7slp.tv\/2019\/duda-activista-que-eua-cumpla-su-parte-en-el-tema-migratorio\/"},"wordCount":689,"commentCount":0,"publisher":{"@id":"https:\/\/canal7slp.tv\/2019\/#organization"},"image":{"@id":"https:\/\/canal7slp.tv\/2019\/duda-activista-que-eua-cumpla-su-parte-en-el-tema-migratorio\/#primaryimage"},"thumbnailUrl":"https:\/\/canal7slp.tv\/2019\/wp-content\/uploads\/2019\/06\/1150-14.jpg","articleSection":["NACIONAL"],"inLanguage":"es","potentialAction":[{"@type":"CommentAction","name":"Comment","target":["https:\/\/canal7slp.tv\/2019\/duda-activista-que-eua-cumpla-su-parte-en-el-tema-migratorio\/#respond"]}]},{"@type":"WebPage","@id":"https:\/\/canal7slp.tv\/2019\/duda-activista-que-eua-cumpla-su-parte-en-el-tema-migratorio\/","url":"https:\/\/canal7slp.tv\/2019\/duda-activista-que-eua-cumpla-su-parte-en-el-tema-migratorio\/","name":"Duda activista que EUA cumpla su parte en el tema migratorio - Canal 7 SLP - 2019","isPartOf":{"@id":"https:\/\/canal7slp.tv\/2019\/#website"},"primaryImageOfPage":{"@id":"https:\/\/canal7slp.tv\/2019\/duda-activista-que-eua-cumpla-su-parte-en-el-tema-migratorio\/#primaryimage"},"image":{"@id":"https:\/\/canal7slp.tv\/2019\/duda-activista-que-eua-cumpla-su-parte-en-el-tema-migratorio\/#primaryimage"},"thumbnailUrl":"https:\/\/canal7slp.tv\/2019\/wp-content\/uploads\/2019\/06\/1150-14.jpg","datePublished":"2019-06-15T16:33:35+00:00","breadcrumb":{"@id":"https:\/\/canal7slp.tv\/2019\/duda-activista-que-eua-cumpla-su-parte-en-el-tema-migratorio\/#breadcrumb"},"inLanguage":"es","potentialAction":[{"@type":"ReadAction","target":["https:\/\/canal7slp.tv\/2019\/duda-activista-que-eua-cumpla-su-parte-en-el-tema-migratorio\/"]}]},{"@type":"ImageObject","inLanguage":"es","@id":"https:\/\/canal7slp.tv\/2019\/duda-activista-que-eua-cumpla-su-parte-en-el-tema-migratorio\/#primaryimage","url":"https:\/\/canal7slp.tv\/2019\/wp-content\/uploads\/2019\/06\/1150-14.jpg","contentUrl":"https:\/\/canal7slp.tv\/2019\/wp-content\/uploads\/2019\/06\/1150-14.jpg","width":800,"height":600},{"@type":"BreadcrumbList","@id":"https:\/\/canal7slp.tv\/2019\/duda-activista-que-eua-cumpla-su-parte-en-el-tema-migratorio\/#breadcrumb","itemListElement":[{"@type":"ListItem","position":1,"name":"Home","item":"https:\/\/canal7slp.tv\/2019\/"},{"@type":"ListItem","position":2,"name":"Duda activista que EUA cumpla su parte en el tema migratorio"}]},{"@type":"WebSite","@id":"https:\/\/canal7slp.tv\/2019\/#website","url":"https:\/\/canal7slp.tv\/2019\/","name":"Canal 7 SLP - Somos TV","description":"Somos un Canal de 10","publisher":{"@id":"https:\/\/canal7slp.tv\/2019\/#organization"},"potentialAction":[{"@type":"SearchAction","target":{"@type":"EntryPoint","urlTemplate":"https:\/\/canal7slp.tv\/2019\/?s={search_term_string}"},"query-input":{"@type":"PropertyValueSpecification","valueRequired":true,"valueName":"search_term_string"}}],"inLanguage":"es"},{"@type":"Organization","@id":"https:\/\/canal7slp.tv\/2019\/#organization","name":"Comunicaci\u00f3n 2000 S.A. de C.V.","url":"https:\/\/canal7slp.tv\/2019\/","logo":{"@type":"ImageObject","inLanguage":"es","@id":"https:\/\/canal7slp.tv\/2019\/#\/schema\/logo\/image\/","url":"https:\/\/canal7slp.tv\/2019\/wp-content\/uploads\/2019\/07\/logo-c7.png","contentUrl":"https:\/\/canal7slp.tv\/2019\/wp-content\/uploads\/2019\/07\/logo-c7.png","width":220,"height":60,"caption":"Comunicaci\u00f3n 2000 S.A. de C.V."},"image":{"@id":"https:\/\/canal7slp.tv\/2019\/#\/schema\/logo\/image\/"},"sameAs":["https:\/\/www.facebook.com\/CANAL7SLP\/","https:\/\/x.com\/canal7_slp","https:\/\/www.instagram.com\/canal7_slp","https:\/\/www.youtube.com\/user\/NOTICIEROSCANAL7SLP\/"]},{"@type":"Person","@id":"https:\/\/canal7slp.tv\/2019\/#\/schema\/person\/11d941c1c6ca30ac0a46b95fa37aa2e3","name":"edicionweb","image":{"@type":"ImageObject","inLanguage":"es","@id":"https:\/\/secure.gravatar.com\/avatar\/eee448fc3f7164808013b816ba91ac7e43bbe82a70bebac296f8bc6f0addaa1a?s=96&d=mm&r=g","url":"https:\/\/secure.gravatar.com\/avatar\/eee448fc3f7164808013b816ba91ac7e43bbe82a70bebac296f8bc6f0addaa1a?s=96&d=mm&r=g","contentUrl":"https:\/\/secure.gravatar.com\/avatar\/eee448fc3f7164808013b816ba91ac7e43bbe82a70bebac296f8bc6f0addaa1a?s=96&d=mm&r=g","caption":"edicionweb"}}]}},"amp_enabled":true,"cmb2":{"video_ids_in_playlist":{"vid_p_videos":""},"video_ids_in_channel":{"vid_c_videos":""},"playlist_ids_in_channel":{"vid_c_playlists":""},"series_ids_in_channel":{"vid_c_series":""},"channel_images":{"vid_c_logo":"","vid_c_banner":""},"poster_feature_image":{"vid_m_poster_image":""},"gif_feature_image":{"vid_m_gif_image":""},"video_movie_settings":{"vid_m_director":"","vid_m_actor":"","vid_m_imdb_ratings":"","vid_m_amazon_associates":""},"vid_youtube_broadcasts_settings":{"vid_yb_broadcast_title":"","vid_yb_q":"","vid_yb_channelid":"","vid_yb_videocategoryid":"","vid_yb_maxresults":"","vid_yb_order":"","vid_yb_regioncode":"","vid_yb_videosyndicated":"","vid_yb_style":"","vid_yb_reload_first":""},"video_series_settings":{"vid_m_director":"","vid_m_actor":"","vid_m_imdb_ratings":"","video_series_group":""},"amazon_associates_settings":{"amazon_associates":"","amazon_native_ad":""},"vid_youtube_automatic_settings":{"vid_ya_youtube_source":"","vid_ya_update_every":"","vid_ya_update_unit":"","vid_ya_categories":"","vid_ya_published_after":"","vid_ya_published_before":"","vid_ya_playlists":"","vid_ya_channels":"","vid_ya_director":"","vid_ya_actor":"","vid_ya_author":"","vid_ya_import_post_date":"","vid_ya_status":"","vid_ya_sub_api_key":""},"vid_ads_m_videoads_settings_post":{"vid_ads_m_video_ads":"","vid_ads_m_video_ads_type":"","vid_ads_m_group_google_ima":"","vid_ads_m_group_image":"","vid_ads_m_group_html5_video":"","vid_ads_m_group_html":"","vid_ads_m_vast_preroll":"","vid_ads_m_vast_postroll":"","vid_ads_m_vast_pauseroll":"","vid_ads_m_vast_midroll":[{"vid_ads_m_vast_timer_seconds":"50"}],"vid_ads_m_time_to_show_ads":"","vid_ads_m_time_skip_ads":"","vid_ads_m_time_to_hide_ads":""},"page_slider_settings":{"display_slider_group":"","page_slider_group":""},"blog_page_settings":{"blog_page_title":"","blog_page_heading":"","blog_page_ic":"","blog_page_it":"","blog_page_ec":"","blog_page_ip":"","archive_loop_style":"","blog_image_ratio":"","blog_show_categories":"","blog_show_excerpt":"","blog_show_author":"","blog_show_date":"","blog_show_comment_count":"","blog_show_view_count":"","blog_show_like_count":"","blog_show_dislike_count":"","blog_items_per_page":"","blog_pag_type":""},"page_options":{"get_page_template":"","color_mode":"","main_layout":"","main_layout_full_with":"","main_logo":"","main_logo_retina":"","main_logo_mobile":"","main_logo_mobile_retina":"","sticky_logo":"","sticky_logo_retina":"","main_nav_layout":"","ajax_search":"","header_background":"","theme_sidebar":"","instagram_feed":"","instagram_feed_position":"","popular_videos":"","popular_videos_title_1":"","popular_videos_title_2":"","popular_videos_ic":"","popular_videos_it":"","theme_background":"","page_custom_css":""},"feature_image_settings":{"feature_image_position":""},"video_player_settings":{"single_video_style":"","video_player_position":"","vm_video_url":"","video_player_library":"","video_streaming":"","vm_media_sources":"","vid_auto_play":"","vm_video_shortcode":"","vid_p_sync_playlist":"","vid_c_sync_channel":"","get_post_format":"","multiple_links_structure":"default","multi_links_title":"","vm_video_multi_links":"","vm_duration":"","vid_social_locker":"off","vid_social_locker_id":"","vid_membership_action":"content-video","vm_video_trailer_url":"","vid_download_type":"free","vid_download_target":"download","vid_woo_product":"","vm_media_download":"","user_rating":"","user_rating_position":"","user_rating_mode":"","user_rating_multi_sets":""},"video_auto_fetch_settings":{"vm_video_fetch":"on"},"video_fake_views_likes":{"vm_fake_views":"","vm_fake_likes":"","vm_fake_dislikes":""},"gallery_settings":{"gallery_position":""},"quote_settings":{"quote_position":""},"post_options":{"main_layout":"","main_logo":"","main_logo_retina":"","main_logo_mobile":"","main_logo_mobile_retina":"","sticky_logo":"","sticky_logo_retina":"","main_nav_layout":"","header_background":"","theme_sidebar":"","single_post_comment_type":"","theme_background":""}},"_links":{"self":[{"href":"https:\/\/canal7slp.tv\/2019\/wp-json\/wp\/v2\/posts\/15708","targetHints":{"allow":["GET"]}}],"collection":[{"href":"https:\/\/canal7slp.tv\/2019\/wp-json\/wp\/v2\/posts"}],"about":[{"href":"https:\/\/canal7slp.tv\/2019\/wp-json\/wp\/v2\/types\/post"}],"author":[{"embeddable":true,"href":"https:\/\/canal7slp.tv\/2019\/wp-json\/wp\/v2\/users\/2"}],"replies":[{"embeddable":true,"href":"https:\/\/canal7slp.tv\/2019\/wp-json\/wp\/v2\/comments?post=15708"}],"version-history":[{"count":0,"href":"https:\/\/canal7slp.tv\/2019\/wp-json\/wp\/v2\/posts\/15708\/revisions"}],"wp:featuredmedia":[{"embeddable":true,"href":"https:\/\/canal7slp.tv\/2019\/wp-json\/wp\/v2\/media\/15709"}],"wp:attachment":[{"href":"https:\/\/canal7slp.tv\/2019\/wp-json\/wp\/v2\/media?parent=15708"}],"wp:term":[{"taxonomy":"category","embeddable":true,"href":"https:\/\/canal7slp.tv\/2019\/wp-json\/wp\/v2\/categories?post=15708"},{"taxonomy":"post_tag","embeddable":true,"href":"https:\/\/canal7slp.tv\/2019\/wp-json\/wp\/v2\/tags?post=15708"}],"curies":[{"name":"wp","href":"https:\/\/api.w.org\/{rel}","templated":true}]}}