{"id":15705,"date":"2019-06-15T11:25:35","date_gmt":"2019-06-15T16:25:35","guid":{"rendered":"https:\/\/canal7slp.tv\/2019\/?p=15705"},"modified":"2019-06-15T11:25:35","modified_gmt":"2019-06-15T16:25:35","slug":"accion-nacional-acusa-a-ana-guevara-de-favoritismos-en-la-conade","status":"publish","type":"post","link":"https:\/\/canal7slp.tv\/2019\/accion-nacional-acusa-a-ana-guevara-de-favoritismos-en-la-conade\/","title":{"rendered":"Acci\u00f3n Nacional acusa a Ana Guevara de favoritismos en la Conade"},"content":{"rendered":"<p style=\"text-align: justify\">M\u00e9xico.- La coordinadora de Promoci\u00f3n del Deporte del Comit\u00e9 Ejecutivo Nacional del Partido Acci\u00f3n Nacional (PAN), Karla Karina Osuna Carranco, acus\u00f3 a la directora de la Comisi\u00f3n Nacional de Cultura F\u00edsica y Deporte (Conade), Ana Gabriela Guevara, de designar sueldos para colaboradores cercanos a partir del compadrazgo, y critic\u00f3 los recortes y retrasos en las becas para atletas.<\/p>\n<p style=\"text-align: justify\">Se\u00f1al\u00f3 que a seis meses de estar al frente de la Conade, el trabajo de la funcionaria ha dejado mucho que desear por sus malas decisiones al frente de la instituci\u00f3n y destac\u00f3 que \u201cAcci\u00f3n Nacional descalifica las actitudes por parte de Ana Gabriela Guevara a lo largo de seis meses que lleva como titular de una de las dependencias m\u00e1s importantes de M\u00e9xico en el \u00e1mbito deportivo\u201d.<\/p>\n<p style=\"text-align: justify\">La panista record\u00f3 que desde\u00a0el ingreso de Guevara hubo pol\u00e9mica, ya que la Secretar\u00eda de Educaci\u00f3n P\u00fablica (SEP) modific\u00f3 sus estatutos para que pudiera dirigir dicho organismo.<\/p>\n<p style=\"text-align: justify\">A dicha situaci\u00f3n se suma la controversia que ha generado el retraso de becas a los deportistas, porque desde octubre de 2018 debido a cambios administrativos, fueron suspendidos los apoyos econ\u00f3micos.<\/p>\n<p style=\"text-align: justify\">Osuna Carranco detall\u00f3 que el aplazamiento de recursos fue para atletas ol\u00edmpicos y paral\u00edmpicos ganadores de medallas, y fue hasta enero del 2019 cuando se hicieron los dep\u00f3sitos correspondientes a octubre del a\u00f1o pasado. Sin embargo, siguen pendientes los pagos de noviembre y diciembre, as\u00ed como el de los meses de enero, febrero, marzo, abril y mayo de 2019.<\/p>\n<p style=\"text-align: justify\">Por otro lado, la coordinadora de Promoci\u00f3n del Deporte dijo que no es posible que exista una disminuci\u00f3n de becas para atletas de alto rendimiento y paralelo a ello abunde el compadrazgo en el organismo.<\/p>\n<p style=\"text-align: justify\">Ello ya que una de sus colaboradoras y amigas cercanas; Luz Mar\u00eda Ch\u00e1vez, quien funge como directora de Becas y Atenci\u00f3n de Deportistas de Conade, fue premiada con una beca de 35 mil pesos mensuales como entrenadora de deportes acu\u00e1ticos.<\/p>\n<p style=\"text-align: justify\">\u201cEs inadmisible que desde principios de a\u00f1o Luz Mar\u00eda Ch\u00e1vez reciba tal cantidad de dinero proveniente de un fondo exclusivo para atletas y entrenadores elite, donde las reglas de operaci\u00f3n del Fondo establecen que ninguna persona distinta a un atleta, entrenador o equipo multidisciplinario pueda recibir ese recurso\u201d, enfatiz\u00f3.<\/p>\n<p style=\"text-align: justify\">En el rubro de becas, mencion\u00f3 que al menos cinco atletas publicaron en redes sociales mensajes sobre las afectaciones por los recortes, en los que enfatizaron que ahora ganan menos que los \u201cninis\u201d (j\u00f3venes que no estudian ni trabajan) debido a que las becas pasaron de cinco mil a dos mil pesos, a lo cual la titular de Conade calific\u00f3 a los deportistas como \u201cberrinchudos\u201d.<\/p>\n<p style=\"text-align: justify\">Por \u00faltimo, Karla Osuna expuso que existe un desconocimiento total de las instituciones por parte de Ana Guevara.<\/p>\n<p style=\"text-align: justify\">Muestra de ello fue el altercado en redes sociales entre el clavadista Jahir Ocampo y ella, en el que desconoci\u00f3 el criterio de selecci\u00f3n para los deportistas representativos de los pr\u00f3ximos Juegos Panamericanos y cambi\u00f3 las siglas de la Federaci\u00f3n Mexicana de Nataci\u00f3n (FMN) por FMNA, argument\u00f3 la panista.<\/p>\n","protected":false},"excerpt":{"rendered":"<p>M\u00e9xico.- La coordinadora de Promoci\u00f3n del Deporte del Comit\u00e9 Ejecutivo Nacional del Partido Acci\u00f3n Nacional (PAN), Karla Karina Osuna Carranco, acus\u00f3 a la directora de la Comisi\u00f3n Nacional de Cultura F\u00edsica y Deporte (Conade), Ana Gabriela Guevara, de designar sueldos para colaboradores cercanos a partir del compadrazgo, y critic\u00f3 los recortes y retrasos en las [&hellip;]<\/p>\n","protected":false},"author":2,"featured_media":15706,"comment_status":"open","ping_status":"closed","sticky":false,"template":"","format":"standard","meta":{"footnotes":""},"categories":[30],"tags":[],"class_list":["post-15705","post","type-post","status-publish","format-standard","has-post-thumbnail","hentry","category-nacional"],"yoast_head":"<!-- This site is optimized with the Yoast SEO plugin v27.5 - https:\/\/yoast.com\/product\/yoast-seo-wordpress\/ -->\n<title>Acci\u00f3n Nacional acusa a Ana Guevara de favoritismos en la Conade - Canal 7 SLP - 2019<\/title>\n<meta name=\"robots\" content=\"index, follow, max-snippet:-1, max-image-preview:large, max-video-preview:-1\" \/>\n<link rel=\"canonical\" href=\"https:\/\/canal7slp.tv\/2019\/accion-nacional-acusa-a-ana-guevara-de-favoritismos-en-la-conade\/\" \/>\n<meta property=\"og:locale\" content=\"es_ES\" \/>\n<meta property=\"og:type\" content=\"article\" \/>\n<meta property=\"og:title\" content=\"Acci\u00f3n Nacional acusa a Ana Guevara de favoritismos en la Conade - Canal 7 SLP - 2019\" \/>\n<meta property=\"og:description\" content=\"M\u00e9xico.- La coordinadora de Promoci\u00f3n del Deporte del Comit\u00e9 Ejecutivo Nacional del Partido Acci\u00f3n Nacional (PAN), Karla Karina Osuna Carranco, acus\u00f3 a la directora de la Comisi\u00f3n Nacional de Cultura F\u00edsica y Deporte (Conade), Ana Gabriela Guevara, de designar sueldos para colaboradores cercanos a partir del compadrazgo, y critic\u00f3 los recortes y retrasos en las [&hellip;]\" \/>\n<meta property=\"og:url\" content=\"https:\/\/canal7slp.tv\/2019\/accion-nacional-acusa-a-ana-guevara-de-favoritismos-en-la-conade\/\" \/>\n<meta property=\"og:site_name\" content=\"Canal 7 SLP - 2019\" \/>\n<meta property=\"article:publisher\" content=\"https:\/\/www.facebook.com\/CANAL7SLP\/\" \/>\n<meta property=\"article:published_time\" content=\"2019-06-15T16:25:35+00:00\" \/>\n<meta property=\"og:image\" content=\"https:\/\/canal7slp.tv\/2019\/wp-content\/uploads\/2019\/06\/1140-14.jpg\" \/>\n\t<meta property=\"og:image:width\" content=\"780\" \/>\n\t<meta property=\"og:image:height\" content=\"410\" \/>\n\t<meta property=\"og:image:type\" content=\"image\/jpeg\" \/>\n<meta name=\"author\" content=\"edicionweb\" \/>\n<meta name=\"twitter:card\" content=\"summary_large_image\" \/>\n<meta name=\"twitter:creator\" content=\"@canal7_slp\" \/>\n<meta name=\"twitter:site\" content=\"@canal7_slp\" \/>\n<meta name=\"twitter:label1\" content=\"Escrito por\" \/>\n\t<meta name=\"twitter:data1\" content=\"edicionweb\" \/>\n\t<meta name=\"twitter:label2\" content=\"Tiempo de lectura\" \/>\n\t<meta name=\"twitter:data2\" content=\"3 minutos\" \/>\n<script type=\"application\/ld+json\" class=\"yoast-schema-graph\">{\"@context\":\"https:\\\/\\\/schema.org\",\"@graph\":[{\"@type\":\"Article\",\"@id\":\"https:\\\/\\\/canal7slp.tv\\\/2019\\\/accion-nacional-acusa-a-ana-guevara-de-favoritismos-en-la-conade\\\/#article\",\"isPartOf\":{\"@id\":\"https:\\\/\\\/canal7slp.tv\\\/2019\\\/accion-nacional-acusa-a-ana-guevara-de-favoritismos-en-la-conade\\\/\"},\"author\":{\"name\":\"edicionweb\",\"@id\":\"https:\\\/\\\/canal7slp.tv\\\/2019\\\/#\\\/schema\\\/person\\\/11d941c1c6ca30ac0a46b95fa37aa2e3\"},\"headline\":\"Acci\u00f3n Nacional acusa a Ana Guevara de favoritismos en la Conade\",\"datePublished\":\"2019-06-15T16:25:35+00:00\",\"mainEntityOfPage\":{\"@id\":\"https:\\\/\\\/canal7slp.tv\\\/2019\\\/accion-nacional-acusa-a-ana-guevara-de-favoritismos-en-la-conade\\\/\"},\"wordCount\":544,\"commentCount\":0,\"publisher\":{\"@id\":\"https:\\\/\\\/canal7slp.tv\\\/2019\\\/#organization\"},\"image\":{\"@id\":\"https:\\\/\\\/canal7slp.tv\\\/2019\\\/accion-nacional-acusa-a-ana-guevara-de-favoritismos-en-la-conade\\\/#primaryimage\"},\"thumbnailUrl\":\"https:\\\/\\\/canal7slp.tv\\\/2019\\\/wp-content\\\/uploads\\\/2019\\\/06\\\/1140-14.jpg\",\"articleSection\":[\"NACIONAL\"],\"inLanguage\":\"es\",\"potentialAction\":[{\"@type\":\"CommentAction\",\"name\":\"Comment\",\"target\":[\"https:\\\/\\\/canal7slp.tv\\\/2019\\\/accion-nacional-acusa-a-ana-guevara-de-favoritismos-en-la-conade\\\/#respond\"]}]},{\"@type\":\"WebPage\",\"@id\":\"https:\\\/\\\/canal7slp.tv\\\/2019\\\/accion-nacional-acusa-a-ana-guevara-de-favoritismos-en-la-conade\\\/\",\"url\":\"https:\\\/\\\/canal7slp.tv\\\/2019\\\/accion-nacional-acusa-a-ana-guevara-de-favoritismos-en-la-conade\\\/\",\"name\":\"Acci\u00f3n Nacional acusa a Ana Guevara de favoritismos en la Conade - Canal 7 SLP - 2019\",\"isPartOf\":{\"@id\":\"https:\\\/\\\/canal7slp.tv\\\/2019\\\/#website\"},\"primaryImageOfPage\":{\"@id\":\"https:\\\/\\\/canal7slp.tv\\\/2019\\\/accion-nacional-acusa-a-ana-guevara-de-favoritismos-en-la-conade\\\/#primaryimage\"},\"image\":{\"@id\":\"https:\\\/\\\/canal7slp.tv\\\/2019\\\/accion-nacional-acusa-a-ana-guevara-de-favoritismos-en-la-conade\\\/#primaryimage\"},\"thumbnailUrl\":\"https:\\\/\\\/canal7slp.tv\\\/2019\\\/wp-content\\\/uploads\\\/2019\\\/06\\\/1140-14.jpg\",\"datePublished\":\"2019-06-15T16:25:35+00:00\",\"breadcrumb\":{\"@id\":\"https:\\\/\\\/canal7slp.tv\\\/2019\\\/accion-nacional-acusa-a-ana-guevara-de-favoritismos-en-la-conade\\\/#breadcrumb\"},\"inLanguage\":\"es\",\"potentialAction\":[{\"@type\":\"ReadAction\",\"target\":[\"https:\\\/\\\/canal7slp.tv\\\/2019\\\/accion-nacional-acusa-a-ana-guevara-de-favoritismos-en-la-conade\\\/\"]}]},{\"@type\":\"ImageObject\",\"inLanguage\":\"es\",\"@id\":\"https:\\\/\\\/canal7slp.tv\\\/2019\\\/accion-nacional-acusa-a-ana-guevara-de-favoritismos-en-la-conade\\\/#primaryimage\",\"url\":\"https:\\\/\\\/canal7slp.tv\\\/2019\\\/wp-content\\\/uploads\\\/2019\\\/06\\\/1140-14.jpg\",\"contentUrl\":\"https:\\\/\\\/canal7slp.tv\\\/2019\\\/wp-content\\\/uploads\\\/2019\\\/06\\\/1140-14.jpg\",\"width\":780,\"height\":410},{\"@type\":\"BreadcrumbList\",\"@id\":\"https:\\\/\\\/canal7slp.tv\\\/2019\\\/accion-nacional-acusa-a-ana-guevara-de-favoritismos-en-la-conade\\\/#breadcrumb\",\"itemListElement\":[{\"@type\":\"ListItem\",\"position\":1,\"name\":\"Home\",\"item\":\"https:\\\/\\\/canal7slp.tv\\\/2019\\\/\"},{\"@type\":\"ListItem\",\"position\":2,\"name\":\"Acci\u00f3n Nacional acusa a Ana Guevara de favoritismos en la Conade\"}]},{\"@type\":\"WebSite\",\"@id\":\"https:\\\/\\\/canal7slp.tv\\\/2019\\\/#website\",\"url\":\"https:\\\/\\\/canal7slp.tv\\\/2019\\\/\",\"name\":\"Canal 7 SLP - Somos TV\",\"description\":\"Somos un Canal de 10\",\"publisher\":{\"@id\":\"https:\\\/\\\/canal7slp.tv\\\/2019\\\/#organization\"},\"potentialAction\":[{\"@type\":\"SearchAction\",\"target\":{\"@type\":\"EntryPoint\",\"urlTemplate\":\"https:\\\/\\\/canal7slp.tv\\\/2019\\\/?s={search_term_string}\"},\"query-input\":{\"@type\":\"PropertyValueSpecification\",\"valueRequired\":true,\"valueName\":\"search_term_string\"}}],\"inLanguage\":\"es\"},{\"@type\":\"Organization\",\"@id\":\"https:\\\/\\\/canal7slp.tv\\\/2019\\\/#organization\",\"name\":\"Comunicaci\u00f3n 2000 S.A. de C.V.\",\"url\":\"https:\\\/\\\/canal7slp.tv\\\/2019\\\/\",\"logo\":{\"@type\":\"ImageObject\",\"inLanguage\":\"es\",\"@id\":\"https:\\\/\\\/canal7slp.tv\\\/2019\\\/#\\\/schema\\\/logo\\\/image\\\/\",\"url\":\"https:\\\/\\\/canal7slp.tv\\\/2019\\\/wp-content\\\/uploads\\\/2019\\\/07\\\/logo-c7.png\",\"contentUrl\":\"https:\\\/\\\/canal7slp.tv\\\/2019\\\/wp-content\\\/uploads\\\/2019\\\/07\\\/logo-c7.png\",\"width\":220,\"height\":60,\"caption\":\"Comunicaci\u00f3n 2000 S.A. de C.V.\"},\"image\":{\"@id\":\"https:\\\/\\\/canal7slp.tv\\\/2019\\\/#\\\/schema\\\/logo\\\/image\\\/\"},\"sameAs\":[\"https:\\\/\\\/www.facebook.com\\\/CANAL7SLP\\\/\",\"https:\\\/\\\/x.com\\\/canal7_slp\",\"https:\\\/\\\/www.instagram.com\\\/canal7_slp\",\"https:\\\/\\\/www.youtube.com\\\/user\\\/NOTICIEROSCANAL7SLP\\\/\"]},{\"@type\":\"Person\",\"@id\":\"https:\\\/\\\/canal7slp.tv\\\/2019\\\/#\\\/schema\\\/person\\\/11d941c1c6ca30ac0a46b95fa37aa2e3\",\"name\":\"edicionweb\",\"image\":{\"@type\":\"ImageObject\",\"inLanguage\":\"es\",\"@id\":\"https:\\\/\\\/secure.gravatar.com\\\/avatar\\\/eee448fc3f7164808013b816ba91ac7e43bbe82a70bebac296f8bc6f0addaa1a?s=96&d=mm&r=g\",\"url\":\"https:\\\/\\\/secure.gravatar.com\\\/avatar\\\/eee448fc3f7164808013b816ba91ac7e43bbe82a70bebac296f8bc6f0addaa1a?s=96&d=mm&r=g\",\"contentUrl\":\"https:\\\/\\\/secure.gravatar.com\\\/avatar\\\/eee448fc3f7164808013b816ba91ac7e43bbe82a70bebac296f8bc6f0addaa1a?s=96&d=mm&r=g\",\"caption\":\"edicionweb\"}}]}<\/script>\n<!-- \/ Yoast SEO plugin. -->","yoast_head_json":{"title":"Acci\u00f3n Nacional acusa a Ana Guevara de favoritismos en la Conade - Canal 7 SLP - 2019","robots":{"index":"index","follow":"follow","max-snippet":"max-snippet:-1","max-image-preview":"max-image-preview:large","max-video-preview":"max-video-preview:-1"},"canonical":"https:\/\/canal7slp.tv\/2019\/accion-nacional-acusa-a-ana-guevara-de-favoritismos-en-la-conade\/","og_locale":"es_ES","og_type":"article","og_title":"Acci\u00f3n Nacional acusa a Ana Guevara de favoritismos en la Conade - Canal 7 SLP - 2019","og_description":"M\u00e9xico.- La coordinadora de Promoci\u00f3n del Deporte del Comit\u00e9 Ejecutivo Nacional del Partido Acci\u00f3n Nacional (PAN), Karla Karina Osuna Carranco, acus\u00f3 a la directora de la Comisi\u00f3n Nacional de Cultura F\u00edsica y Deporte (Conade), Ana Gabriela Guevara, de designar sueldos para colaboradores cercanos a partir del compadrazgo, y critic\u00f3 los recortes y retrasos en las [&hellip;]","og_url":"https:\/\/canal7slp.tv\/2019\/accion-nacional-acusa-a-ana-guevara-de-favoritismos-en-la-conade\/","og_site_name":"Canal 7 SLP - 2019","article_publisher":"https:\/\/www.facebook.com\/CANAL7SLP\/","article_published_time":"2019-06-15T16:25:35+00:00","og_image":[{"width":780,"height":410,"url":"https:\/\/canal7slp.tv\/2019\/wp-content\/uploads\/2019\/06\/1140-14.jpg","type":"image\/jpeg"}],"author":"edicionweb","twitter_card":"summary_large_image","twitter_creator":"@canal7_slp","twitter_site":"@canal7_slp","twitter_misc":{"Escrito por":"edicionweb","Tiempo de lectura":"3 minutos"},"schema":{"@context":"https:\/\/schema.org","@graph":[{"@type":"Article","@id":"https:\/\/canal7slp.tv\/2019\/accion-nacional-acusa-a-ana-guevara-de-favoritismos-en-la-conade\/#article","isPartOf":{"@id":"https:\/\/canal7slp.tv\/2019\/accion-nacional-acusa-a-ana-guevara-de-favoritismos-en-la-conade\/"},"author":{"name":"edicionweb","@id":"https:\/\/canal7slp.tv\/2019\/#\/schema\/person\/11d941c1c6ca30ac0a46b95fa37aa2e3"},"headline":"Acci\u00f3n Nacional acusa a Ana Guevara de favoritismos en la Conade","datePublished":"2019-06-15T16:25:35+00:00","mainEntityOfPage":{"@id":"https:\/\/canal7slp.tv\/2019\/accion-nacional-acusa-a-ana-guevara-de-favoritismos-en-la-conade\/"},"wordCount":544,"commentCount":0,"publisher":{"@id":"https:\/\/canal7slp.tv\/2019\/#organization"},"image":{"@id":"https:\/\/canal7slp.tv\/2019\/accion-nacional-acusa-a-ana-guevara-de-favoritismos-en-la-conade\/#primaryimage"},"thumbnailUrl":"https:\/\/canal7slp.tv\/2019\/wp-content\/uploads\/2019\/06\/1140-14.jpg","articleSection":["NACIONAL"],"inLanguage":"es","potentialAction":[{"@type":"CommentAction","name":"Comment","target":["https:\/\/canal7slp.tv\/2019\/accion-nacional-acusa-a-ana-guevara-de-favoritismos-en-la-conade\/#respond"]}]},{"@type":"WebPage","@id":"https:\/\/canal7slp.tv\/2019\/accion-nacional-acusa-a-ana-guevara-de-favoritismos-en-la-conade\/","url":"https:\/\/canal7slp.tv\/2019\/accion-nacional-acusa-a-ana-guevara-de-favoritismos-en-la-conade\/","name":"Acci\u00f3n Nacional acusa a Ana Guevara de favoritismos en la Conade - Canal 7 SLP - 2019","isPartOf":{"@id":"https:\/\/canal7slp.tv\/2019\/#website"},"primaryImageOfPage":{"@id":"https:\/\/canal7slp.tv\/2019\/accion-nacional-acusa-a-ana-guevara-de-favoritismos-en-la-conade\/#primaryimage"},"image":{"@id":"https:\/\/canal7slp.tv\/2019\/accion-nacional-acusa-a-ana-guevara-de-favoritismos-en-la-conade\/#primaryimage"},"thumbnailUrl":"https:\/\/canal7slp.tv\/2019\/wp-content\/uploads\/2019\/06\/1140-14.jpg","datePublished":"2019-06-15T16:25:35+00:00","breadcrumb":{"@id":"https:\/\/canal7slp.tv\/2019\/accion-nacional-acusa-a-ana-guevara-de-favoritismos-en-la-conade\/#breadcrumb"},"inLanguage":"es","potentialAction":[{"@type":"ReadAction","target":["https:\/\/canal7slp.tv\/2019\/accion-nacional-acusa-a-ana-guevara-de-favoritismos-en-la-conade\/"]}]},{"@type":"ImageObject","inLanguage":"es","@id":"https:\/\/canal7slp.tv\/2019\/accion-nacional-acusa-a-ana-guevara-de-favoritismos-en-la-conade\/#primaryimage","url":"https:\/\/canal7slp.tv\/2019\/wp-content\/uploads\/2019\/06\/1140-14.jpg","contentUrl":"https:\/\/canal7slp.tv\/2019\/wp-content\/uploads\/2019\/06\/1140-14.jpg","width":780,"height":410},{"@type":"BreadcrumbList","@id":"https:\/\/canal7slp.tv\/2019\/accion-nacional-acusa-a-ana-guevara-de-favoritismos-en-la-conade\/#breadcrumb","itemListElement":[{"@type":"ListItem","position":1,"name":"Home","item":"https:\/\/canal7slp.tv\/2019\/"},{"@type":"ListItem","position":2,"name":"Acci\u00f3n Nacional acusa a Ana Guevara de favoritismos en la Conade"}]},{"@type":"WebSite","@id":"https:\/\/canal7slp.tv\/2019\/#website","url":"https:\/\/canal7slp.tv\/2019\/","name":"Canal 7 SLP - Somos TV","description":"Somos un Canal de 10","publisher":{"@id":"https:\/\/canal7slp.tv\/2019\/#organization"},"potentialAction":[{"@type":"SearchAction","target":{"@type":"EntryPoint","urlTemplate":"https:\/\/canal7slp.tv\/2019\/?s={search_term_string}"},"query-input":{"@type":"PropertyValueSpecification","valueRequired":true,"valueName":"search_term_string"}}],"inLanguage":"es"},{"@type":"Organization","@id":"https:\/\/canal7slp.tv\/2019\/#organization","name":"Comunicaci\u00f3n 2000 S.A. de C.V.","url":"https:\/\/canal7slp.tv\/2019\/","logo":{"@type":"ImageObject","inLanguage":"es","@id":"https:\/\/canal7slp.tv\/2019\/#\/schema\/logo\/image\/","url":"https:\/\/canal7slp.tv\/2019\/wp-content\/uploads\/2019\/07\/logo-c7.png","contentUrl":"https:\/\/canal7slp.tv\/2019\/wp-content\/uploads\/2019\/07\/logo-c7.png","width":220,"height":60,"caption":"Comunicaci\u00f3n 2000 S.A. de C.V."},"image":{"@id":"https:\/\/canal7slp.tv\/2019\/#\/schema\/logo\/image\/"},"sameAs":["https:\/\/www.facebook.com\/CANAL7SLP\/","https:\/\/x.com\/canal7_slp","https:\/\/www.instagram.com\/canal7_slp","https:\/\/www.youtube.com\/user\/NOTICIEROSCANAL7SLP\/"]},{"@type":"Person","@id":"https:\/\/canal7slp.tv\/2019\/#\/schema\/person\/11d941c1c6ca30ac0a46b95fa37aa2e3","name":"edicionweb","image":{"@type":"ImageObject","inLanguage":"es","@id":"https:\/\/secure.gravatar.com\/avatar\/eee448fc3f7164808013b816ba91ac7e43bbe82a70bebac296f8bc6f0addaa1a?s=96&d=mm&r=g","url":"https:\/\/secure.gravatar.com\/avatar\/eee448fc3f7164808013b816ba91ac7e43bbe82a70bebac296f8bc6f0addaa1a?s=96&d=mm&r=g","contentUrl":"https:\/\/secure.gravatar.com\/avatar\/eee448fc3f7164808013b816ba91ac7e43bbe82a70bebac296f8bc6f0addaa1a?s=96&d=mm&r=g","caption":"edicionweb"}}]}},"amp_enabled":true,"cmb2":{"video_ids_in_playlist":{"vid_p_videos":""},"video_ids_in_channel":{"vid_c_videos":""},"playlist_ids_in_channel":{"vid_c_playlists":""},"series_ids_in_channel":{"vid_c_series":""},"channel_images":{"vid_c_logo":"","vid_c_banner":""},"poster_feature_image":{"vid_m_poster_image":""},"gif_feature_image":{"vid_m_gif_image":""},"video_movie_settings":{"vid_m_director":"","vid_m_actor":"","vid_m_imdb_ratings":"","vid_m_amazon_associates":""},"vid_youtube_broadcasts_settings":{"vid_yb_broadcast_title":"","vid_yb_q":"","vid_yb_channelid":"","vid_yb_videocategoryid":"","vid_yb_maxresults":"","vid_yb_order":"","vid_yb_regioncode":"","vid_yb_videosyndicated":"","vid_yb_style":"","vid_yb_reload_first":""},"video_series_settings":{"vid_m_director":"","vid_m_actor":"","vid_m_imdb_ratings":"","video_series_group":""},"amazon_associates_settings":{"amazon_associates":"","amazon_native_ad":""},"vid_youtube_automatic_settings":{"vid_ya_youtube_source":"","vid_ya_update_every":"","vid_ya_update_unit":"","vid_ya_categories":"","vid_ya_published_after":"","vid_ya_published_before":"","vid_ya_playlists":"","vid_ya_channels":"","vid_ya_director":"","vid_ya_actor":"","vid_ya_author":"","vid_ya_import_post_date":"","vid_ya_status":"","vid_ya_sub_api_key":""},"vid_ads_m_videoads_settings_post":{"vid_ads_m_video_ads":"","vid_ads_m_video_ads_type":"","vid_ads_m_group_google_ima":"","vid_ads_m_group_image":"","vid_ads_m_group_html5_video":"","vid_ads_m_group_html":"","vid_ads_m_vast_preroll":"","vid_ads_m_vast_postroll":"","vid_ads_m_vast_pauseroll":"","vid_ads_m_vast_midroll":[{"vid_ads_m_vast_timer_seconds":"50"}],"vid_ads_m_time_to_show_ads":"","vid_ads_m_time_skip_ads":"","vid_ads_m_time_to_hide_ads":""},"page_slider_settings":{"display_slider_group":"","page_slider_group":""},"blog_page_settings":{"blog_page_title":"","blog_page_heading":"","blog_page_ic":"","blog_page_it":"","blog_page_ec":"","blog_page_ip":"","archive_loop_style":"","blog_image_ratio":"","blog_show_categories":"","blog_show_excerpt":"","blog_show_author":"","blog_show_date":"","blog_show_comment_count":"","blog_show_view_count":"","blog_show_like_count":"","blog_show_dislike_count":"","blog_items_per_page":"","blog_pag_type":""},"page_options":{"get_page_template":"","color_mode":"","main_layout":"","main_layout_full_with":"","main_logo":"","main_logo_retina":"","main_logo_mobile":"","main_logo_mobile_retina":"","sticky_logo":"","sticky_logo_retina":"","main_nav_layout":"","ajax_search":"","header_background":"","theme_sidebar":"","instagram_feed":"","instagram_feed_position":"","popular_videos":"","popular_videos_title_1":"","popular_videos_title_2":"","popular_videos_ic":"","popular_videos_it":"","theme_background":"","page_custom_css":""},"feature_image_settings":{"feature_image_position":""},"video_player_settings":{"single_video_style":"","video_player_position":"","vm_video_url":"","video_player_library":"","video_streaming":"","vm_media_sources":"","vid_auto_play":"","vm_video_shortcode":"","vid_p_sync_playlist":"","vid_c_sync_channel":"","get_post_format":"","multiple_links_structure":"default","multi_links_title":"","vm_video_multi_links":"","vm_duration":"","vid_social_locker":"off","vid_social_locker_id":"","vid_membership_action":"content-video","vm_video_trailer_url":"","vid_download_type":"free","vid_download_target":"download","vid_woo_product":"","vm_media_download":"","user_rating":"","user_rating_position":"","user_rating_mode":"","user_rating_multi_sets":""},"video_auto_fetch_settings":{"vm_video_fetch":"on"},"video_fake_views_likes":{"vm_fake_views":"","vm_fake_likes":"","vm_fake_dislikes":""},"gallery_settings":{"gallery_position":""},"quote_settings":{"quote_position":""},"post_options":{"main_layout":"","main_logo":"","main_logo_retina":"","main_logo_mobile":"","main_logo_mobile_retina":"","sticky_logo":"","sticky_logo_retina":"","main_nav_layout":"","header_background":"","theme_sidebar":"","single_post_comment_type":"","theme_background":""}},"_links":{"self":[{"href":"https:\/\/canal7slp.tv\/2019\/wp-json\/wp\/v2\/posts\/15705","targetHints":{"allow":["GET"]}}],"collection":[{"href":"https:\/\/canal7slp.tv\/2019\/wp-json\/wp\/v2\/posts"}],"about":[{"href":"https:\/\/canal7slp.tv\/2019\/wp-json\/wp\/v2\/types\/post"}],"author":[{"embeddable":true,"href":"https:\/\/canal7slp.tv\/2019\/wp-json\/wp\/v2\/users\/2"}],"replies":[{"embeddable":true,"href":"https:\/\/canal7slp.tv\/2019\/wp-json\/wp\/v2\/comments?post=15705"}],"version-history":[{"count":0,"href":"https:\/\/canal7slp.tv\/2019\/wp-json\/wp\/v2\/posts\/15705\/revisions"}],"wp:featuredmedia":[{"embeddable":true,"href":"https:\/\/canal7slp.tv\/2019\/wp-json\/wp\/v2\/media\/15706"}],"wp:attachment":[{"href":"https:\/\/canal7slp.tv\/2019\/wp-json\/wp\/v2\/media?parent=15705"}],"wp:term":[{"taxonomy":"category","embeddable":true,"href":"https:\/\/canal7slp.tv\/2019\/wp-json\/wp\/v2\/categories?post=15705"},{"taxonomy":"post_tag","embeddable":true,"href":"https:\/\/canal7slp.tv\/2019\/wp-json\/wp\/v2\/tags?post=15705"}],"curies":[{"name":"wp","href":"https:\/\/api.w.org\/{rel}","templated":true}]}}