{"id":14901,"date":"2019-06-14T08:20:17","date_gmt":"2019-06-14T13:20:17","guid":{"rendered":"https:\/\/canal7slp.tv\/2019\/?p=14901"},"modified":"2019-06-14T08:20:17","modified_gmt":"2019-06-14T13:20:17","slug":"las-bolsas-europeas-abren-a-la-baja-en-medio-de-tensiones-geopoliticas","status":"publish","type":"post","link":"https:\/\/canal7slp.tv\/2019\/las-bolsas-europeas-abren-a-la-baja-en-medio-de-tensiones-geopoliticas\/","title":{"rendered":"Las bolsas europeas abren a la baja en medio de tensiones geopol\u00edticas"},"content":{"rendered":"<p style=\"text-align: justify\">Madrid.- Las principales bolsas europeas abrieron este viernes a la baja, ante el aumento de las tensiones entre Estados Unidos e Ir\u00e1n luego de los ataques a dos buques petroleros en el Golfo de Om\u00e1n.<\/p>\n<p style=\"text-align: justify\">Los ataques sufridos por dos buques petroleros en el Golfo de Om\u00e1n, frente a la costa de Ir\u00e1n, son interpretados por los analistas como un paso m\u00e1s en las represalias adoptadas por el r\u00e9gimen de Teher\u00e1n al veto impuesto por Estados Unidos a sus exportaciones de petr\u00f3leo, de acuerdo con el diario Expansi\u00f3n.<\/p>\n<p style=\"text-align: justify\">En el mercado de divisas, el euro subi\u00f3 frente al d\u00f3lar y se cambiaba a 1.1277 d\u00f3lares, frente a los 1.1272 d\u00f3lares de la v\u00edspera.<\/p>\n<p style=\"text-align: justify\">El \u00edndice Stoxx Europe 600, que agrupa a las 600 compa\u00f1\u00edas m\u00e1s importantes que cotizan en los mercados de renta variable de 18 pa\u00edses europeos, baj\u00f3 a las 08:15 horas de Londres, 0.32 por ciento para ubicarse en 379.12 unidades.<\/p>\n<p style=\"text-align: justify\">A continuaci\u00f3n la apertura de las principales bolsas europeas:<\/p>\n<table width=\"539\">\n<tbody>\n<tr>\n<td>BOLSA<\/td>\n<td>INDICE<\/td>\n<td>APERTURA<\/td>\n<td>PUNTOS<\/td>\n<td>PORCENTAJE<\/td>\n<\/tr>\n<tr>\n<td>Londres<\/td>\n<td>FTSE-100<\/td>\n<td>7,366.32<\/td>\n<td>-2.25<\/td>\n<td>-0.03%<\/td>\n<\/tr>\n<tr>\n<td>Par\u00eds<\/td>\n<td>CAC-40<\/td>\n<td>5,367.10<\/td>\n<td>-8.53<\/td>\n<td>-0.16%<\/td>\n<\/tr>\n<tr>\n<td>Frankfurt<\/td>\n<td>DAX<\/td>\n<td>12,124.36<\/td>\n<td>-44.69<\/td>\n<td>-0.37%<\/td>\n<\/tr>\n<tr>\n<td>Zurich<\/td>\n<td>SMI<\/td>\n<td>9,824.75<\/td>\n<td>-13.86<\/td>\n<td>-0.14%<\/td>\n<\/tr>\n<tr>\n<td>Madrid<\/td>\n<td>Ibex-35<\/td>\n<td>9,233.80<\/td>\n<td>-13.30<\/td>\n<td>-0.14%<\/td>\n<\/tr>\n<tr>\n<td>Mil\u00e1n<\/td>\n<td>MIB Index<\/td>\n<td>20,586.09<\/td>\n<td>-44.66<\/td>\n<td>-0.22%<\/td>\n<\/tr>\n<tr>\n<td>Lisboa<\/td>\n<td>PSI-20<\/td>\n<td>5,181.49<\/td>\n<td>-12.59<\/td>\n<td>-0.24%<\/td>\n<\/tr>\n<\/tbody>\n<\/table>\n","protected":false},"excerpt":{"rendered":"<p>Madrid.- Las principales bolsas europeas abrieron este viernes a la baja, ante el aumento de las tensiones entre Estados Unidos e Ir\u00e1n luego de los ataques a dos buques petroleros en el Golfo de Om\u00e1n. Los ataques sufridos por dos buques petroleros en el Golfo de Om\u00e1n, frente a la costa de Ir\u00e1n, son interpretados [&hellip;]<\/p>\n","protected":false},"author":2,"featured_media":14904,"comment_status":"open","ping_status":"closed","sticky":false,"template":"","format":"standard","meta":{"footnotes":""},"categories":[98],"tags":[],"class_list":["post-14901","post","type-post","status-publish","format-standard","has-post-thumbnail","hentry","category-finanzas"],"yoast_head":"<!-- This site is optimized with the Yoast SEO plugin v27.5 - https:\/\/yoast.com\/product\/yoast-seo-wordpress\/ -->\n<title>Las bolsas europeas abren a la baja en medio de tensiones geopol\u00edticas - Canal 7 SLP - 2019<\/title>\n<meta name=\"robots\" content=\"index, follow, max-snippet:-1, max-image-preview:large, max-video-preview:-1\" \/>\n<link rel=\"canonical\" href=\"https:\/\/canal7slp.tv\/2019\/las-bolsas-europeas-abren-a-la-baja-en-medio-de-tensiones-geopoliticas\/\" \/>\n<meta property=\"og:locale\" content=\"es_ES\" \/>\n<meta property=\"og:type\" content=\"article\" \/>\n<meta property=\"og:title\" content=\"Las bolsas europeas abren a la baja en medio de tensiones geopol\u00edticas - Canal 7 SLP - 2019\" \/>\n<meta property=\"og:description\" content=\"Madrid.- Las principales bolsas europeas abrieron este viernes a la baja, ante el aumento de las tensiones entre Estados Unidos e Ir\u00e1n luego de los ataques a dos buques petroleros en el Golfo de Om\u00e1n. Los ataques sufridos por dos buques petroleros en el Golfo de Om\u00e1n, frente a la costa de Ir\u00e1n, son interpretados [&hellip;]\" \/>\n<meta property=\"og:url\" content=\"https:\/\/canal7slp.tv\/2019\/las-bolsas-europeas-abren-a-la-baja-en-medio-de-tensiones-geopoliticas\/\" \/>\n<meta property=\"og:site_name\" content=\"Canal 7 SLP - 2019\" \/>\n<meta property=\"article:publisher\" content=\"https:\/\/www.facebook.com\/CANAL7SLP\/\" \/>\n<meta property=\"article:published_time\" content=\"2019-06-14T13:20:17+00:00\" \/>\n<meta property=\"og:image\" content=\"https:\/\/canal7slp.tv\/2019\/wp-content\/uploads\/2019\/06\/940-9.jpg\" \/>\n\t<meta property=\"og:image:width\" content=\"800\" \/>\n\t<meta property=\"og:image:height\" content=\"501\" \/>\n\t<meta property=\"og:image:type\" content=\"image\/jpeg\" \/>\n<meta name=\"author\" content=\"edicionweb\" \/>\n<meta name=\"twitter:card\" content=\"summary_large_image\" \/>\n<meta name=\"twitter:creator\" content=\"@canal7_slp\" \/>\n<meta name=\"twitter:site\" content=\"@canal7_slp\" \/>\n<meta name=\"twitter:label1\" content=\"Escrito por\" \/>\n\t<meta name=\"twitter:data1\" content=\"edicionweb\" \/>\n\t<meta name=\"twitter:label2\" content=\"Tiempo de lectura\" \/>\n\t<meta name=\"twitter:data2\" content=\"1 minuto\" \/>\n<script type=\"application\/ld+json\" class=\"yoast-schema-graph\">{\"@context\":\"https:\\\/\\\/schema.org\",\"@graph\":[{\"@type\":\"Article\",\"@id\":\"https:\\\/\\\/canal7slp.tv\\\/2019\\\/las-bolsas-europeas-abren-a-la-baja-en-medio-de-tensiones-geopoliticas\\\/#article\",\"isPartOf\":{\"@id\":\"https:\\\/\\\/canal7slp.tv\\\/2019\\\/las-bolsas-europeas-abren-a-la-baja-en-medio-de-tensiones-geopoliticas\\\/\"},\"author\":{\"name\":\"edicionweb\",\"@id\":\"https:\\\/\\\/canal7slp.tv\\\/2019\\\/#\\\/schema\\\/person\\\/11d941c1c6ca30ac0a46b95fa37aa2e3\"},\"headline\":\"Las bolsas europeas abren a la baja en medio de tensiones geopol\u00edticas\",\"datePublished\":\"2019-06-14T13:20:17+00:00\",\"mainEntityOfPage\":{\"@id\":\"https:\\\/\\\/canal7slp.tv\\\/2019\\\/las-bolsas-europeas-abren-a-la-baja-en-medio-de-tensiones-geopoliticas\\\/\"},\"wordCount\":221,\"commentCount\":0,\"publisher\":{\"@id\":\"https:\\\/\\\/canal7slp.tv\\\/2019\\\/#organization\"},\"image\":{\"@id\":\"https:\\\/\\\/canal7slp.tv\\\/2019\\\/las-bolsas-europeas-abren-a-la-baja-en-medio-de-tensiones-geopoliticas\\\/#primaryimage\"},\"thumbnailUrl\":\"https:\\\/\\\/canal7slp.tv\\\/2019\\\/wp-content\\\/uploads\\\/2019\\\/06\\\/940-9.jpg\",\"articleSection\":[\"FINANZAS\"],\"inLanguage\":\"es\",\"potentialAction\":[{\"@type\":\"CommentAction\",\"name\":\"Comment\",\"target\":[\"https:\\\/\\\/canal7slp.tv\\\/2019\\\/las-bolsas-europeas-abren-a-la-baja-en-medio-de-tensiones-geopoliticas\\\/#respond\"]}]},{\"@type\":\"WebPage\",\"@id\":\"https:\\\/\\\/canal7slp.tv\\\/2019\\\/las-bolsas-europeas-abren-a-la-baja-en-medio-de-tensiones-geopoliticas\\\/\",\"url\":\"https:\\\/\\\/canal7slp.tv\\\/2019\\\/las-bolsas-europeas-abren-a-la-baja-en-medio-de-tensiones-geopoliticas\\\/\",\"name\":\"Las bolsas europeas abren a la baja en medio de tensiones geopol\u00edticas - Canal 7 SLP - 2019\",\"isPartOf\":{\"@id\":\"https:\\\/\\\/canal7slp.tv\\\/2019\\\/#website\"},\"primaryImageOfPage\":{\"@id\":\"https:\\\/\\\/canal7slp.tv\\\/2019\\\/las-bolsas-europeas-abren-a-la-baja-en-medio-de-tensiones-geopoliticas\\\/#primaryimage\"},\"image\":{\"@id\":\"https:\\\/\\\/canal7slp.tv\\\/2019\\\/las-bolsas-europeas-abren-a-la-baja-en-medio-de-tensiones-geopoliticas\\\/#primaryimage\"},\"thumbnailUrl\":\"https:\\\/\\\/canal7slp.tv\\\/2019\\\/wp-content\\\/uploads\\\/2019\\\/06\\\/940-9.jpg\",\"datePublished\":\"2019-06-14T13:20:17+00:00\",\"breadcrumb\":{\"@id\":\"https:\\\/\\\/canal7slp.tv\\\/2019\\\/las-bolsas-europeas-abren-a-la-baja-en-medio-de-tensiones-geopoliticas\\\/#breadcrumb\"},\"inLanguage\":\"es\",\"potentialAction\":[{\"@type\":\"ReadAction\",\"target\":[\"https:\\\/\\\/canal7slp.tv\\\/2019\\\/las-bolsas-europeas-abren-a-la-baja-en-medio-de-tensiones-geopoliticas\\\/\"]}]},{\"@type\":\"ImageObject\",\"inLanguage\":\"es\",\"@id\":\"https:\\\/\\\/canal7slp.tv\\\/2019\\\/las-bolsas-europeas-abren-a-la-baja-en-medio-de-tensiones-geopoliticas\\\/#primaryimage\",\"url\":\"https:\\\/\\\/canal7slp.tv\\\/2019\\\/wp-content\\\/uploads\\\/2019\\\/06\\\/940-9.jpg\",\"contentUrl\":\"https:\\\/\\\/canal7slp.tv\\\/2019\\\/wp-content\\\/uploads\\\/2019\\\/06\\\/940-9.jpg\",\"width\":800,\"height\":501,\"caption\":\"Las 124 firmas de Bolsa -sociedades y agencias de valores, y sociedades gestoras de cartera- registradas en la Comisi\u00f3n Nacional del Mercado de Valores (CNMV) lograron un beneficio neto de 117,4 millones de euros en el primer trimestre de este a\u00f1o, lo que representa un incremento del 40,96 por ciento respecto a los tres primeros meses de 2004. Seg\u00fan el informe de la CNMV sobre las empresas de servicios de inversi\u00f3n, las sociedades de valores consiguieron unos resultados de 101,4 millones de euros, lo que representa un 86,37 por ciento del total de los beneficios obtenidos por las firmas burs\u00e1tiles entre enero y marzo de este a\u00f1o. En cuanto a las agencias de valores -entidades que s\u00f3lo pueden operar para terceros y no por cuenta propia como las sociedades- sus resultados en el primer trimestre fueron de 15,3 millones de euros, un 13,06 por ciento del total.\"},{\"@type\":\"BreadcrumbList\",\"@id\":\"https:\\\/\\\/canal7slp.tv\\\/2019\\\/las-bolsas-europeas-abren-a-la-baja-en-medio-de-tensiones-geopoliticas\\\/#breadcrumb\",\"itemListElement\":[{\"@type\":\"ListItem\",\"position\":1,\"name\":\"Home\",\"item\":\"https:\\\/\\\/canal7slp.tv\\\/2019\\\/\"},{\"@type\":\"ListItem\",\"position\":2,\"name\":\"Las bolsas europeas abren a la baja en medio de tensiones geopol\u00edticas\"}]},{\"@type\":\"WebSite\",\"@id\":\"https:\\\/\\\/canal7slp.tv\\\/2019\\\/#website\",\"url\":\"https:\\\/\\\/canal7slp.tv\\\/2019\\\/\",\"name\":\"Canal 7 SLP - Somos TV\",\"description\":\"Somos un Canal de 10\",\"publisher\":{\"@id\":\"https:\\\/\\\/canal7slp.tv\\\/2019\\\/#organization\"},\"potentialAction\":[{\"@type\":\"SearchAction\",\"target\":{\"@type\":\"EntryPoint\",\"urlTemplate\":\"https:\\\/\\\/canal7slp.tv\\\/2019\\\/?s={search_term_string}\"},\"query-input\":{\"@type\":\"PropertyValueSpecification\",\"valueRequired\":true,\"valueName\":\"search_term_string\"}}],\"inLanguage\":\"es\"},{\"@type\":\"Organization\",\"@id\":\"https:\\\/\\\/canal7slp.tv\\\/2019\\\/#organization\",\"name\":\"Comunicaci\u00f3n 2000 S.A. de C.V.\",\"url\":\"https:\\\/\\\/canal7slp.tv\\\/2019\\\/\",\"logo\":{\"@type\":\"ImageObject\",\"inLanguage\":\"es\",\"@id\":\"https:\\\/\\\/canal7slp.tv\\\/2019\\\/#\\\/schema\\\/logo\\\/image\\\/\",\"url\":\"https:\\\/\\\/canal7slp.tv\\\/2019\\\/wp-content\\\/uploads\\\/2019\\\/07\\\/logo-c7.png\",\"contentUrl\":\"https:\\\/\\\/canal7slp.tv\\\/2019\\\/wp-content\\\/uploads\\\/2019\\\/07\\\/logo-c7.png\",\"width\":220,\"height\":60,\"caption\":\"Comunicaci\u00f3n 2000 S.A. de C.V.\"},\"image\":{\"@id\":\"https:\\\/\\\/canal7slp.tv\\\/2019\\\/#\\\/schema\\\/logo\\\/image\\\/\"},\"sameAs\":[\"https:\\\/\\\/www.facebook.com\\\/CANAL7SLP\\\/\",\"https:\\\/\\\/x.com\\\/canal7_slp\",\"https:\\\/\\\/www.instagram.com\\\/canal7_slp\",\"https:\\\/\\\/www.youtube.com\\\/user\\\/NOTICIEROSCANAL7SLP\\\/\"]},{\"@type\":\"Person\",\"@id\":\"https:\\\/\\\/canal7slp.tv\\\/2019\\\/#\\\/schema\\\/person\\\/11d941c1c6ca30ac0a46b95fa37aa2e3\",\"name\":\"edicionweb\",\"image\":{\"@type\":\"ImageObject\",\"inLanguage\":\"es\",\"@id\":\"https:\\\/\\\/secure.gravatar.com\\\/avatar\\\/eee448fc3f7164808013b816ba91ac7e43bbe82a70bebac296f8bc6f0addaa1a?s=96&d=mm&r=g\",\"url\":\"https:\\\/\\\/secure.gravatar.com\\\/avatar\\\/eee448fc3f7164808013b816ba91ac7e43bbe82a70bebac296f8bc6f0addaa1a?s=96&d=mm&r=g\",\"contentUrl\":\"https:\\\/\\\/secure.gravatar.com\\\/avatar\\\/eee448fc3f7164808013b816ba91ac7e43bbe82a70bebac296f8bc6f0addaa1a?s=96&d=mm&r=g\",\"caption\":\"edicionweb\"}}]}<\/script>\n<!-- \/ Yoast SEO plugin. -->","yoast_head_json":{"title":"Las bolsas europeas abren a la baja en medio de tensiones geopol\u00edticas - Canal 7 SLP - 2019","robots":{"index":"index","follow":"follow","max-snippet":"max-snippet:-1","max-image-preview":"max-image-preview:large","max-video-preview":"max-video-preview:-1"},"canonical":"https:\/\/canal7slp.tv\/2019\/las-bolsas-europeas-abren-a-la-baja-en-medio-de-tensiones-geopoliticas\/","og_locale":"es_ES","og_type":"article","og_title":"Las bolsas europeas abren a la baja en medio de tensiones geopol\u00edticas - Canal 7 SLP - 2019","og_description":"Madrid.- Las principales bolsas europeas abrieron este viernes a la baja, ante el aumento de las tensiones entre Estados Unidos e Ir\u00e1n luego de los ataques a dos buques petroleros en el Golfo de Om\u00e1n. Los ataques sufridos por dos buques petroleros en el Golfo de Om\u00e1n, frente a la costa de Ir\u00e1n, son interpretados [&hellip;]","og_url":"https:\/\/canal7slp.tv\/2019\/las-bolsas-europeas-abren-a-la-baja-en-medio-de-tensiones-geopoliticas\/","og_site_name":"Canal 7 SLP - 2019","article_publisher":"https:\/\/www.facebook.com\/CANAL7SLP\/","article_published_time":"2019-06-14T13:20:17+00:00","og_image":[{"width":800,"height":501,"url":"https:\/\/canal7slp.tv\/2019\/wp-content\/uploads\/2019\/06\/940-9.jpg","type":"image\/jpeg"}],"author":"edicionweb","twitter_card":"summary_large_image","twitter_creator":"@canal7_slp","twitter_site":"@canal7_slp","twitter_misc":{"Escrito por":"edicionweb","Tiempo de lectura":"1 minuto"},"schema":{"@context":"https:\/\/schema.org","@graph":[{"@type":"Article","@id":"https:\/\/canal7slp.tv\/2019\/las-bolsas-europeas-abren-a-la-baja-en-medio-de-tensiones-geopoliticas\/#article","isPartOf":{"@id":"https:\/\/canal7slp.tv\/2019\/las-bolsas-europeas-abren-a-la-baja-en-medio-de-tensiones-geopoliticas\/"},"author":{"name":"edicionweb","@id":"https:\/\/canal7slp.tv\/2019\/#\/schema\/person\/11d941c1c6ca30ac0a46b95fa37aa2e3"},"headline":"Las bolsas europeas abren a la baja en medio de tensiones geopol\u00edticas","datePublished":"2019-06-14T13:20:17+00:00","mainEntityOfPage":{"@id":"https:\/\/canal7slp.tv\/2019\/las-bolsas-europeas-abren-a-la-baja-en-medio-de-tensiones-geopoliticas\/"},"wordCount":221,"commentCount":0,"publisher":{"@id":"https:\/\/canal7slp.tv\/2019\/#organization"},"image":{"@id":"https:\/\/canal7slp.tv\/2019\/las-bolsas-europeas-abren-a-la-baja-en-medio-de-tensiones-geopoliticas\/#primaryimage"},"thumbnailUrl":"https:\/\/canal7slp.tv\/2019\/wp-content\/uploads\/2019\/06\/940-9.jpg","articleSection":["FINANZAS"],"inLanguage":"es","potentialAction":[{"@type":"CommentAction","name":"Comment","target":["https:\/\/canal7slp.tv\/2019\/las-bolsas-europeas-abren-a-la-baja-en-medio-de-tensiones-geopoliticas\/#respond"]}]},{"@type":"WebPage","@id":"https:\/\/canal7slp.tv\/2019\/las-bolsas-europeas-abren-a-la-baja-en-medio-de-tensiones-geopoliticas\/","url":"https:\/\/canal7slp.tv\/2019\/las-bolsas-europeas-abren-a-la-baja-en-medio-de-tensiones-geopoliticas\/","name":"Las bolsas europeas abren a la baja en medio de tensiones geopol\u00edticas - Canal 7 SLP - 2019","isPartOf":{"@id":"https:\/\/canal7slp.tv\/2019\/#website"},"primaryImageOfPage":{"@id":"https:\/\/canal7slp.tv\/2019\/las-bolsas-europeas-abren-a-la-baja-en-medio-de-tensiones-geopoliticas\/#primaryimage"},"image":{"@id":"https:\/\/canal7slp.tv\/2019\/las-bolsas-europeas-abren-a-la-baja-en-medio-de-tensiones-geopoliticas\/#primaryimage"},"thumbnailUrl":"https:\/\/canal7slp.tv\/2019\/wp-content\/uploads\/2019\/06\/940-9.jpg","datePublished":"2019-06-14T13:20:17+00:00","breadcrumb":{"@id":"https:\/\/canal7slp.tv\/2019\/las-bolsas-europeas-abren-a-la-baja-en-medio-de-tensiones-geopoliticas\/#breadcrumb"},"inLanguage":"es","potentialAction":[{"@type":"ReadAction","target":["https:\/\/canal7slp.tv\/2019\/las-bolsas-europeas-abren-a-la-baja-en-medio-de-tensiones-geopoliticas\/"]}]},{"@type":"ImageObject","inLanguage":"es","@id":"https:\/\/canal7slp.tv\/2019\/las-bolsas-europeas-abren-a-la-baja-en-medio-de-tensiones-geopoliticas\/#primaryimage","url":"https:\/\/canal7slp.tv\/2019\/wp-content\/uploads\/2019\/06\/940-9.jpg","contentUrl":"https:\/\/canal7slp.tv\/2019\/wp-content\/uploads\/2019\/06\/940-9.jpg","width":800,"height":501,"caption":"Las 124 firmas de Bolsa -sociedades y agencias de valores, y sociedades gestoras de cartera- registradas en la Comisi\u00f3n Nacional del Mercado de Valores (CNMV) lograron un beneficio neto de 117,4 millones de euros en el primer trimestre de este a\u00f1o, lo que representa un incremento del 40,96 por ciento respecto a los tres primeros meses de 2004. Seg\u00fan el informe de la CNMV sobre las empresas de servicios de inversi\u00f3n, las sociedades de valores consiguieron unos resultados de 101,4 millones de euros, lo que representa un 86,37 por ciento del total de los beneficios obtenidos por las firmas burs\u00e1tiles entre enero y marzo de este a\u00f1o. En cuanto a las agencias de valores -entidades que s\u00f3lo pueden operar para terceros y no por cuenta propia como las sociedades- sus resultados en el primer trimestre fueron de 15,3 millones de euros, un 13,06 por ciento del total."},{"@type":"BreadcrumbList","@id":"https:\/\/canal7slp.tv\/2019\/las-bolsas-europeas-abren-a-la-baja-en-medio-de-tensiones-geopoliticas\/#breadcrumb","itemListElement":[{"@type":"ListItem","position":1,"name":"Home","item":"https:\/\/canal7slp.tv\/2019\/"},{"@type":"ListItem","position":2,"name":"Las bolsas europeas abren a la baja en medio de tensiones geopol\u00edticas"}]},{"@type":"WebSite","@id":"https:\/\/canal7slp.tv\/2019\/#website","url":"https:\/\/canal7slp.tv\/2019\/","name":"Canal 7 SLP - Somos TV","description":"Somos un Canal de 10","publisher":{"@id":"https:\/\/canal7slp.tv\/2019\/#organization"},"potentialAction":[{"@type":"SearchAction","target":{"@type":"EntryPoint","urlTemplate":"https:\/\/canal7slp.tv\/2019\/?s={search_term_string}"},"query-input":{"@type":"PropertyValueSpecification","valueRequired":true,"valueName":"search_term_string"}}],"inLanguage":"es"},{"@type":"Organization","@id":"https:\/\/canal7slp.tv\/2019\/#organization","name":"Comunicaci\u00f3n 2000 S.A. de C.V.","url":"https:\/\/canal7slp.tv\/2019\/","logo":{"@type":"ImageObject","inLanguage":"es","@id":"https:\/\/canal7slp.tv\/2019\/#\/schema\/logo\/image\/","url":"https:\/\/canal7slp.tv\/2019\/wp-content\/uploads\/2019\/07\/logo-c7.png","contentUrl":"https:\/\/canal7slp.tv\/2019\/wp-content\/uploads\/2019\/07\/logo-c7.png","width":220,"height":60,"caption":"Comunicaci\u00f3n 2000 S.A. de C.V."},"image":{"@id":"https:\/\/canal7slp.tv\/2019\/#\/schema\/logo\/image\/"},"sameAs":["https:\/\/www.facebook.com\/CANAL7SLP\/","https:\/\/x.com\/canal7_slp","https:\/\/www.instagram.com\/canal7_slp","https:\/\/www.youtube.com\/user\/NOTICIEROSCANAL7SLP\/"]},{"@type":"Person","@id":"https:\/\/canal7slp.tv\/2019\/#\/schema\/person\/11d941c1c6ca30ac0a46b95fa37aa2e3","name":"edicionweb","image":{"@type":"ImageObject","inLanguage":"es","@id":"https:\/\/secure.gravatar.com\/avatar\/eee448fc3f7164808013b816ba91ac7e43bbe82a70bebac296f8bc6f0addaa1a?s=96&d=mm&r=g","url":"https:\/\/secure.gravatar.com\/avatar\/eee448fc3f7164808013b816ba91ac7e43bbe82a70bebac296f8bc6f0addaa1a?s=96&d=mm&r=g","contentUrl":"https:\/\/secure.gravatar.com\/avatar\/eee448fc3f7164808013b816ba91ac7e43bbe82a70bebac296f8bc6f0addaa1a?s=96&d=mm&r=g","caption":"edicionweb"}}]}},"amp_enabled":true,"cmb2":{"video_ids_in_playlist":{"vid_p_videos":""},"video_ids_in_channel":{"vid_c_videos":""},"playlist_ids_in_channel":{"vid_c_playlists":""},"series_ids_in_channel":{"vid_c_series":""},"channel_images":{"vid_c_logo":"","vid_c_banner":""},"poster_feature_image":{"vid_m_poster_image":""},"gif_feature_image":{"vid_m_gif_image":""},"video_movie_settings":{"vid_m_director":"","vid_m_actor":"","vid_m_imdb_ratings":"","vid_m_amazon_associates":""},"vid_youtube_broadcasts_settings":{"vid_yb_broadcast_title":"","vid_yb_q":"","vid_yb_channelid":"","vid_yb_videocategoryid":"","vid_yb_maxresults":"","vid_yb_order":"","vid_yb_regioncode":"","vid_yb_videosyndicated":"","vid_yb_style":"","vid_yb_reload_first":""},"video_series_settings":{"vid_m_director":"","vid_m_actor":"","vid_m_imdb_ratings":"","video_series_group":""},"amazon_associates_settings":{"amazon_associates":"","amazon_native_ad":""},"vid_youtube_automatic_settings":{"vid_ya_youtube_source":"","vid_ya_update_every":"","vid_ya_update_unit":"","vid_ya_categories":"","vid_ya_published_after":"","vid_ya_published_before":"","vid_ya_playlists":"","vid_ya_channels":"","vid_ya_director":"","vid_ya_actor":"","vid_ya_author":"","vid_ya_import_post_date":"","vid_ya_status":"","vid_ya_sub_api_key":""},"vid_ads_m_videoads_settings_post":{"vid_ads_m_video_ads":"","vid_ads_m_video_ads_type":"","vid_ads_m_group_google_ima":"","vid_ads_m_group_image":"","vid_ads_m_group_html5_video":"","vid_ads_m_group_html":"","vid_ads_m_vast_preroll":"","vid_ads_m_vast_postroll":"","vid_ads_m_vast_pauseroll":"","vid_ads_m_vast_midroll":[{"vid_ads_m_vast_timer_seconds":"50"}],"vid_ads_m_time_to_show_ads":"","vid_ads_m_time_skip_ads":"","vid_ads_m_time_to_hide_ads":""},"page_slider_settings":{"display_slider_group":"","page_slider_group":""},"blog_page_settings":{"blog_page_title":"","blog_page_heading":"","blog_page_ic":"","blog_page_it":"","blog_page_ec":"","blog_page_ip":"","archive_loop_style":"","blog_image_ratio":"","blog_show_categories":"","blog_show_excerpt":"","blog_show_author":"","blog_show_date":"","blog_show_comment_count":"","blog_show_view_count":"","blog_show_like_count":"","blog_show_dislike_count":"","blog_items_per_page":"","blog_pag_type":""},"page_options":{"get_page_template":"","color_mode":"","main_layout":"","main_layout_full_with":"","main_logo":"","main_logo_retina":"","main_logo_mobile":"","main_logo_mobile_retina":"","sticky_logo":"","sticky_logo_retina":"","main_nav_layout":"","ajax_search":"","header_background":"","theme_sidebar":"","instagram_feed":"","instagram_feed_position":"","popular_videos":"","popular_videos_title_1":"","popular_videos_title_2":"","popular_videos_ic":"","popular_videos_it":"","theme_background":"","page_custom_css":""},"feature_image_settings":{"feature_image_position":""},"video_player_settings":{"single_video_style":"","video_player_position":"","vm_video_url":"","video_player_library":"","video_streaming":"","vm_media_sources":"","vid_auto_play":"","vm_video_shortcode":"","vid_p_sync_playlist":"","vid_c_sync_channel":"","get_post_format":"","multiple_links_structure":"default","multi_links_title":"","vm_video_multi_links":"","vm_duration":"","vid_social_locker":"off","vid_social_locker_id":"","vid_membership_action":"content-video","vm_video_trailer_url":"","vid_download_type":"free","vid_download_target":"download","vid_woo_product":"","vm_media_download":"","user_rating":"","user_rating_position":"","user_rating_mode":"","user_rating_multi_sets":""},"video_auto_fetch_settings":{"vm_video_fetch":"on"},"video_fake_views_likes":{"vm_fake_views":"","vm_fake_likes":"","vm_fake_dislikes":""},"gallery_settings":{"gallery_position":""},"quote_settings":{"quote_position":""},"post_options":{"main_layout":"","main_logo":"","main_logo_retina":"","main_logo_mobile":"","main_logo_mobile_retina":"","sticky_logo":"","sticky_logo_retina":"","main_nav_layout":"","header_background":"","theme_sidebar":"","single_post_comment_type":"","theme_background":""}},"_links":{"self":[{"href":"https:\/\/canal7slp.tv\/2019\/wp-json\/wp\/v2\/posts\/14901","targetHints":{"allow":["GET"]}}],"collection":[{"href":"https:\/\/canal7slp.tv\/2019\/wp-json\/wp\/v2\/posts"}],"about":[{"href":"https:\/\/canal7slp.tv\/2019\/wp-json\/wp\/v2\/types\/post"}],"author":[{"embeddable":true,"href":"https:\/\/canal7slp.tv\/2019\/wp-json\/wp\/v2\/users\/2"}],"replies":[{"embeddable":true,"href":"https:\/\/canal7slp.tv\/2019\/wp-json\/wp\/v2\/comments?post=14901"}],"version-history":[{"count":0,"href":"https:\/\/canal7slp.tv\/2019\/wp-json\/wp\/v2\/posts\/14901\/revisions"}],"wp:featuredmedia":[{"embeddable":true,"href":"https:\/\/canal7slp.tv\/2019\/wp-json\/wp\/v2\/media\/14904"}],"wp:attachment":[{"href":"https:\/\/canal7slp.tv\/2019\/wp-json\/wp\/v2\/media?parent=14901"}],"wp:term":[{"taxonomy":"category","embeddable":true,"href":"https:\/\/canal7slp.tv\/2019\/wp-json\/wp\/v2\/categories?post=14901"},{"taxonomy":"post_tag","embeddable":true,"href":"https:\/\/canal7slp.tv\/2019\/wp-json\/wp\/v2\/tags?post=14901"}],"curies":[{"name":"wp","href":"https:\/\/api.w.org\/{rel}","templated":true}]}}