{"id":14893,"date":"2019-06-14T07:58:29","date_gmt":"2019-06-14T12:58:29","guid":{"rendered":"https:\/\/canal7slp.tv\/2019\/?p=14893"},"modified":"2019-06-14T07:58:29","modified_gmt":"2019-06-14T12:58:29","slug":"iran-acusa-a-eua-de-sabotear-la-diplomacia-tras-rechazar-acusacion","status":"publish","type":"post","link":"https:\/\/canal7slp.tv\/2019\/iran-acusa-a-eua-de-sabotear-la-diplomacia-tras-rechazar-acusacion\/","title":{"rendered":"Ir\u00e1n acusa a EUA de &#8220;sabotear la diplomacia&#8221; tras rechazar acusaci\u00f3n"},"content":{"rendered":"<p style=\"text-align: justify\">Teher\u00e1n.- El ministro iran\u00ed de Asuntos Exteriores, Mohamad Yavad Zarif, rechaz\u00f3 las acusaciones de Estados Unidos en torno al ataque contra dos buques petroleros en el golfo de Om\u00e1n, y acus\u00f3 a Washington y a sus aliados de &#8220;sabotear la diplomacia&#8221;.<\/p>\n<p style=\"text-align: justify\">El canciller iran\u00ed describi\u00f3 las recientes acusaciones de Estados Unidos como un nuevo cap\u00edtulo de la diplomacia de sabotaje del equipo B, formado por el asesor de seguridad nacional estadounidense, John Bolton; el primer ministro israel\u00ed, Benjamin Netanyahu, el pr\u00edncipe heredero saud\u00ed Mohamed Bin Salman Al Saud y el pr\u00edncipe heredero de Abu Dhabi, Mohammed Bin Zayed Al Nahyan.<\/p>\n<p style=\"text-align: justify\">&#8220;Que Estados Unidos lanzara inmediatamente acusaciones contra Ir\u00e1n, sin ninguna evidencia objetiva o circunstancial, solo hace m\u00e1s claro que el equipo B est\u00e1 movi\u00e9ndose al plan B: sabotear la diplomacia y ocultar su terrorismo econ\u00f3mico contra Ir\u00e1n&#8221;, denunci\u00f3 Zarif en su cuenta oficial de Twitter, de acuerdo con un despacho de la agencia iran\u00ed IRNA.<\/p>\n<p style=\"text-align: justify\">&#8220;Advert\u00ed exactamente de este escenario hace algunos meses, no porque sea adivino, sino porque conozco de donde viene el equipo B&#8221;, agreg\u00f3 Zarif, quien calific\u00f3 el ataque de &#8220;sospechoso&#8221;.<\/p>\n<p style=\"text-align: justify\">Dos barcos cisterna, uno propiedad de un armador noruego y otro japon\u00e9s, sufrieron el jueves impactos y explosiones mientras sal\u00edan del estrecho de Ormuz, a unas 30 millas de la costa de Ir\u00e1n, uno de cuyos barcos rescat\u00f3 a los 44 miembros de la tripulaci\u00f3n.<\/p>\n<p style=\"text-align: justify\">El secretario de Estado estadunidense, Mike Pompeo, responsabiliz\u00f3 a Ir\u00e1n de los ataques perpetrados contra dos buques petroleros en el golfo de Om\u00e1n, a la entrada del estrecho de Ormuz<\/p>\n<p style=\"text-align: justify\">La evaluaci\u00f3n de Estados Unidos -seg\u00fan Pompeo- se basa en la inteligencia, las armas usadas, el nivel de experiencia necesario para ejecutar la operaci\u00f3n, los ataques iran\u00edes similares realizados recientemente y el hecho de que ning\u00fan grupo que opera en el \u00e1rea tiene los recursos y la capacidad para actuar con este grado de sofisticaci\u00f3n.<\/p>\n<p style=\"text-align: justify\">El Ej\u00e9rcito de Estados Unidos public\u00f3 un v\u00eddeo en el que se muestra a la Guardia Revolucionaria Isl\u00e1mica de Ir\u00e1n (IRGC, por sus siglas en ingl\u00e9s) retirando una mina sin explotar del lado del petrolero de propiedad japonesa.<\/p>\n<p style=\"text-align: justify\">El golfo de Om\u00e1n, ubicado a la entrada del estrecho de Ormuz, es considerado un sitio estrat\u00e9gico, ya que por \u00e9l transita un tercio de todo el petr\u00f3leo comercializado en el mundo.<\/p>\n<p style=\"text-align: justify\">La Marina iran\u00ed anunci\u00f3 que est\u00e1n investigando los hechos y no ha escatimado esfuerzos para facilitar la ayuda necesaria, independientemente de la nacionalidad de la tripulaci\u00f3n.<\/p>\n","protected":false},"excerpt":{"rendered":"<p>Teher\u00e1n.- El ministro iran\u00ed de Asuntos Exteriores, Mohamad Yavad Zarif, rechaz\u00f3 las acusaciones de Estados Unidos en torno al ataque contra dos buques petroleros en el golfo de Om\u00e1n, y acus\u00f3 a Washington y a sus aliados de &#8220;sabotear la diplomacia&#8221;. El canciller iran\u00ed describi\u00f3 las recientes acusaciones de Estados Unidos como un nuevo cap\u00edtulo [&hellip;]<\/p>\n","protected":false},"author":2,"featured_media":14896,"comment_status":"open","ping_status":"closed","sticky":false,"template":"","format":"standard","meta":{"footnotes":""},"categories":[18],"tags":[],"class_list":["post-14893","post","type-post","status-publish","format-standard","has-post-thumbnail","hentry","category-internacional"],"yoast_head":"<!-- This site is optimized with the Yoast SEO plugin v27.5 - https:\/\/yoast.com\/product\/yoast-seo-wordpress\/ -->\n<title>Ir\u00e1n acusa a EUA de &quot;sabotear la diplomacia&quot; tras rechazar acusaci\u00f3n - Canal 7 SLP - 2019<\/title>\n<meta name=\"robots\" content=\"index, follow, max-snippet:-1, max-image-preview:large, max-video-preview:-1\" \/>\n<link rel=\"canonical\" href=\"https:\/\/canal7slp.tv\/2019\/iran-acusa-a-eua-de-sabotear-la-diplomacia-tras-rechazar-acusacion\/\" \/>\n<meta property=\"og:locale\" content=\"es_ES\" \/>\n<meta property=\"og:type\" content=\"article\" \/>\n<meta property=\"og:title\" content=\"Ir\u00e1n acusa a EUA de &quot;sabotear la diplomacia&quot; tras rechazar acusaci\u00f3n - Canal 7 SLP - 2019\" \/>\n<meta property=\"og:description\" content=\"Teher\u00e1n.- El ministro iran\u00ed de Asuntos Exteriores, Mohamad Yavad Zarif, rechaz\u00f3 las acusaciones de Estados Unidos en torno al ataque contra dos buques petroleros en el golfo de Om\u00e1n, y acus\u00f3 a Washington y a sus aliados de &#8220;sabotear la diplomacia&#8221;. El canciller iran\u00ed describi\u00f3 las recientes acusaciones de Estados Unidos como un nuevo cap\u00edtulo [&hellip;]\" \/>\n<meta property=\"og:url\" content=\"https:\/\/canal7slp.tv\/2019\/iran-acusa-a-eua-de-sabotear-la-diplomacia-tras-rechazar-acusacion\/\" \/>\n<meta property=\"og:site_name\" content=\"Canal 7 SLP - 2019\" \/>\n<meta property=\"article:publisher\" content=\"https:\/\/www.facebook.com\/CANAL7SLP\/\" \/>\n<meta property=\"article:published_time\" content=\"2019-06-14T12:58:29+00:00\" \/>\n<meta property=\"og:image\" content=\"https:\/\/canal7slp.tv\/2019\/wp-content\/uploads\/2019\/06\/920.png\" \/>\n\t<meta property=\"og:image:width\" content=\"800\" \/>\n\t<meta property=\"og:image:height\" content=\"450\" \/>\n\t<meta property=\"og:image:type\" content=\"image\/png\" \/>\n<meta name=\"author\" content=\"edicionweb\" \/>\n<meta name=\"twitter:card\" content=\"summary_large_image\" \/>\n<meta name=\"twitter:creator\" content=\"@canal7_slp\" \/>\n<meta name=\"twitter:site\" content=\"@canal7_slp\" \/>\n<meta name=\"twitter:label1\" content=\"Escrito por\" \/>\n\t<meta name=\"twitter:data1\" content=\"edicionweb\" \/>\n\t<meta name=\"twitter:label2\" content=\"Tiempo de lectura\" \/>\n\t<meta name=\"twitter:data2\" content=\"2 minutos\" \/>\n<script type=\"application\/ld+json\" class=\"yoast-schema-graph\">{\"@context\":\"https:\\\/\\\/schema.org\",\"@graph\":[{\"@type\":\"Article\",\"@id\":\"https:\\\/\\\/canal7slp.tv\\\/2019\\\/iran-acusa-a-eua-de-sabotear-la-diplomacia-tras-rechazar-acusacion\\\/#article\",\"isPartOf\":{\"@id\":\"https:\\\/\\\/canal7slp.tv\\\/2019\\\/iran-acusa-a-eua-de-sabotear-la-diplomacia-tras-rechazar-acusacion\\\/\"},\"author\":{\"name\":\"edicionweb\",\"@id\":\"https:\\\/\\\/canal7slp.tv\\\/2019\\\/#\\\/schema\\\/person\\\/11d941c1c6ca30ac0a46b95fa37aa2e3\"},\"headline\":\"Ir\u00e1n acusa a EUA de &#8220;sabotear la diplomacia&#8221; tras rechazar acusaci\u00f3n\",\"datePublished\":\"2019-06-14T12:58:29+00:00\",\"mainEntityOfPage\":{\"@id\":\"https:\\\/\\\/canal7slp.tv\\\/2019\\\/iran-acusa-a-eua-de-sabotear-la-diplomacia-tras-rechazar-acusacion\\\/\"},\"wordCount\":454,\"commentCount\":0,\"publisher\":{\"@id\":\"https:\\\/\\\/canal7slp.tv\\\/2019\\\/#organization\"},\"image\":{\"@id\":\"https:\\\/\\\/canal7slp.tv\\\/2019\\\/iran-acusa-a-eua-de-sabotear-la-diplomacia-tras-rechazar-acusacion\\\/#primaryimage\"},\"thumbnailUrl\":\"https:\\\/\\\/canal7slp.tv\\\/2019\\\/wp-content\\\/uploads\\\/2019\\\/06\\\/920.png\",\"articleSection\":[\"INTERNACIONAL\"],\"inLanguage\":\"es\",\"potentialAction\":[{\"@type\":\"CommentAction\",\"name\":\"Comment\",\"target\":[\"https:\\\/\\\/canal7slp.tv\\\/2019\\\/iran-acusa-a-eua-de-sabotear-la-diplomacia-tras-rechazar-acusacion\\\/#respond\"]}]},{\"@type\":\"WebPage\",\"@id\":\"https:\\\/\\\/canal7slp.tv\\\/2019\\\/iran-acusa-a-eua-de-sabotear-la-diplomacia-tras-rechazar-acusacion\\\/\",\"url\":\"https:\\\/\\\/canal7slp.tv\\\/2019\\\/iran-acusa-a-eua-de-sabotear-la-diplomacia-tras-rechazar-acusacion\\\/\",\"name\":\"Ir\u00e1n acusa a EUA de \\\"sabotear la diplomacia\\\" tras rechazar acusaci\u00f3n - Canal 7 SLP - 2019\",\"isPartOf\":{\"@id\":\"https:\\\/\\\/canal7slp.tv\\\/2019\\\/#website\"},\"primaryImageOfPage\":{\"@id\":\"https:\\\/\\\/canal7slp.tv\\\/2019\\\/iran-acusa-a-eua-de-sabotear-la-diplomacia-tras-rechazar-acusacion\\\/#primaryimage\"},\"image\":{\"@id\":\"https:\\\/\\\/canal7slp.tv\\\/2019\\\/iran-acusa-a-eua-de-sabotear-la-diplomacia-tras-rechazar-acusacion\\\/#primaryimage\"},\"thumbnailUrl\":\"https:\\\/\\\/canal7slp.tv\\\/2019\\\/wp-content\\\/uploads\\\/2019\\\/06\\\/920.png\",\"datePublished\":\"2019-06-14T12:58:29+00:00\",\"breadcrumb\":{\"@id\":\"https:\\\/\\\/canal7slp.tv\\\/2019\\\/iran-acusa-a-eua-de-sabotear-la-diplomacia-tras-rechazar-acusacion\\\/#breadcrumb\"},\"inLanguage\":\"es\",\"potentialAction\":[{\"@type\":\"ReadAction\",\"target\":[\"https:\\\/\\\/canal7slp.tv\\\/2019\\\/iran-acusa-a-eua-de-sabotear-la-diplomacia-tras-rechazar-acusacion\\\/\"]}]},{\"@type\":\"ImageObject\",\"inLanguage\":\"es\",\"@id\":\"https:\\\/\\\/canal7slp.tv\\\/2019\\\/iran-acusa-a-eua-de-sabotear-la-diplomacia-tras-rechazar-acusacion\\\/#primaryimage\",\"url\":\"https:\\\/\\\/canal7slp.tv\\\/2019\\\/wp-content\\\/uploads\\\/2019\\\/06\\\/920.png\",\"contentUrl\":\"https:\\\/\\\/canal7slp.tv\\\/2019\\\/wp-content\\\/uploads\\\/2019\\\/06\\\/920.png\",\"width\":800,\"height\":450},{\"@type\":\"BreadcrumbList\",\"@id\":\"https:\\\/\\\/canal7slp.tv\\\/2019\\\/iran-acusa-a-eua-de-sabotear-la-diplomacia-tras-rechazar-acusacion\\\/#breadcrumb\",\"itemListElement\":[{\"@type\":\"ListItem\",\"position\":1,\"name\":\"Home\",\"item\":\"https:\\\/\\\/canal7slp.tv\\\/2019\\\/\"},{\"@type\":\"ListItem\",\"position\":2,\"name\":\"Ir\u00e1n acusa a EUA de &#8220;sabotear la diplomacia&#8221; tras rechazar acusaci\u00f3n\"}]},{\"@type\":\"WebSite\",\"@id\":\"https:\\\/\\\/canal7slp.tv\\\/2019\\\/#website\",\"url\":\"https:\\\/\\\/canal7slp.tv\\\/2019\\\/\",\"name\":\"Canal 7 SLP - Somos TV\",\"description\":\"Somos un Canal de 10\",\"publisher\":{\"@id\":\"https:\\\/\\\/canal7slp.tv\\\/2019\\\/#organization\"},\"potentialAction\":[{\"@type\":\"SearchAction\",\"target\":{\"@type\":\"EntryPoint\",\"urlTemplate\":\"https:\\\/\\\/canal7slp.tv\\\/2019\\\/?s={search_term_string}\"},\"query-input\":{\"@type\":\"PropertyValueSpecification\",\"valueRequired\":true,\"valueName\":\"search_term_string\"}}],\"inLanguage\":\"es\"},{\"@type\":\"Organization\",\"@id\":\"https:\\\/\\\/canal7slp.tv\\\/2019\\\/#organization\",\"name\":\"Comunicaci\u00f3n 2000 S.A. de C.V.\",\"url\":\"https:\\\/\\\/canal7slp.tv\\\/2019\\\/\",\"logo\":{\"@type\":\"ImageObject\",\"inLanguage\":\"es\",\"@id\":\"https:\\\/\\\/canal7slp.tv\\\/2019\\\/#\\\/schema\\\/logo\\\/image\\\/\",\"url\":\"https:\\\/\\\/canal7slp.tv\\\/2019\\\/wp-content\\\/uploads\\\/2019\\\/07\\\/logo-c7.png\",\"contentUrl\":\"https:\\\/\\\/canal7slp.tv\\\/2019\\\/wp-content\\\/uploads\\\/2019\\\/07\\\/logo-c7.png\",\"width\":220,\"height\":60,\"caption\":\"Comunicaci\u00f3n 2000 S.A. de C.V.\"},\"image\":{\"@id\":\"https:\\\/\\\/canal7slp.tv\\\/2019\\\/#\\\/schema\\\/logo\\\/image\\\/\"},\"sameAs\":[\"https:\\\/\\\/www.facebook.com\\\/CANAL7SLP\\\/\",\"https:\\\/\\\/x.com\\\/canal7_slp\",\"https:\\\/\\\/www.instagram.com\\\/canal7_slp\",\"https:\\\/\\\/www.youtube.com\\\/user\\\/NOTICIEROSCANAL7SLP\\\/\"]},{\"@type\":\"Person\",\"@id\":\"https:\\\/\\\/canal7slp.tv\\\/2019\\\/#\\\/schema\\\/person\\\/11d941c1c6ca30ac0a46b95fa37aa2e3\",\"name\":\"edicionweb\",\"image\":{\"@type\":\"ImageObject\",\"inLanguage\":\"es\",\"@id\":\"https:\\\/\\\/secure.gravatar.com\\\/avatar\\\/eee448fc3f7164808013b816ba91ac7e43bbe82a70bebac296f8bc6f0addaa1a?s=96&d=mm&r=g\",\"url\":\"https:\\\/\\\/secure.gravatar.com\\\/avatar\\\/eee448fc3f7164808013b816ba91ac7e43bbe82a70bebac296f8bc6f0addaa1a?s=96&d=mm&r=g\",\"contentUrl\":\"https:\\\/\\\/secure.gravatar.com\\\/avatar\\\/eee448fc3f7164808013b816ba91ac7e43bbe82a70bebac296f8bc6f0addaa1a?s=96&d=mm&r=g\",\"caption\":\"edicionweb\"}}]}<\/script>\n<!-- \/ Yoast SEO plugin. -->","yoast_head_json":{"title":"Ir\u00e1n acusa a EUA de \"sabotear la diplomacia\" tras rechazar acusaci\u00f3n - Canal 7 SLP - 2019","robots":{"index":"index","follow":"follow","max-snippet":"max-snippet:-1","max-image-preview":"max-image-preview:large","max-video-preview":"max-video-preview:-1"},"canonical":"https:\/\/canal7slp.tv\/2019\/iran-acusa-a-eua-de-sabotear-la-diplomacia-tras-rechazar-acusacion\/","og_locale":"es_ES","og_type":"article","og_title":"Ir\u00e1n acusa a EUA de \"sabotear la diplomacia\" tras rechazar acusaci\u00f3n - Canal 7 SLP - 2019","og_description":"Teher\u00e1n.- El ministro iran\u00ed de Asuntos Exteriores, Mohamad Yavad Zarif, rechaz\u00f3 las acusaciones de Estados Unidos en torno al ataque contra dos buques petroleros en el golfo de Om\u00e1n, y acus\u00f3 a Washington y a sus aliados de &#8220;sabotear la diplomacia&#8221;. El canciller iran\u00ed describi\u00f3 las recientes acusaciones de Estados Unidos como un nuevo cap\u00edtulo [&hellip;]","og_url":"https:\/\/canal7slp.tv\/2019\/iran-acusa-a-eua-de-sabotear-la-diplomacia-tras-rechazar-acusacion\/","og_site_name":"Canal 7 SLP - 2019","article_publisher":"https:\/\/www.facebook.com\/CANAL7SLP\/","article_published_time":"2019-06-14T12:58:29+00:00","og_image":[{"width":800,"height":450,"url":"https:\/\/canal7slp.tv\/2019\/wp-content\/uploads\/2019\/06\/920.png","type":"image\/png"}],"author":"edicionweb","twitter_card":"summary_large_image","twitter_creator":"@canal7_slp","twitter_site":"@canal7_slp","twitter_misc":{"Escrito por":"edicionweb","Tiempo de lectura":"2 minutos"},"schema":{"@context":"https:\/\/schema.org","@graph":[{"@type":"Article","@id":"https:\/\/canal7slp.tv\/2019\/iran-acusa-a-eua-de-sabotear-la-diplomacia-tras-rechazar-acusacion\/#article","isPartOf":{"@id":"https:\/\/canal7slp.tv\/2019\/iran-acusa-a-eua-de-sabotear-la-diplomacia-tras-rechazar-acusacion\/"},"author":{"name":"edicionweb","@id":"https:\/\/canal7slp.tv\/2019\/#\/schema\/person\/11d941c1c6ca30ac0a46b95fa37aa2e3"},"headline":"Ir\u00e1n acusa a EUA de &#8220;sabotear la diplomacia&#8221; tras rechazar acusaci\u00f3n","datePublished":"2019-06-14T12:58:29+00:00","mainEntityOfPage":{"@id":"https:\/\/canal7slp.tv\/2019\/iran-acusa-a-eua-de-sabotear-la-diplomacia-tras-rechazar-acusacion\/"},"wordCount":454,"commentCount":0,"publisher":{"@id":"https:\/\/canal7slp.tv\/2019\/#organization"},"image":{"@id":"https:\/\/canal7slp.tv\/2019\/iran-acusa-a-eua-de-sabotear-la-diplomacia-tras-rechazar-acusacion\/#primaryimage"},"thumbnailUrl":"https:\/\/canal7slp.tv\/2019\/wp-content\/uploads\/2019\/06\/920.png","articleSection":["INTERNACIONAL"],"inLanguage":"es","potentialAction":[{"@type":"CommentAction","name":"Comment","target":["https:\/\/canal7slp.tv\/2019\/iran-acusa-a-eua-de-sabotear-la-diplomacia-tras-rechazar-acusacion\/#respond"]}]},{"@type":"WebPage","@id":"https:\/\/canal7slp.tv\/2019\/iran-acusa-a-eua-de-sabotear-la-diplomacia-tras-rechazar-acusacion\/","url":"https:\/\/canal7slp.tv\/2019\/iran-acusa-a-eua-de-sabotear-la-diplomacia-tras-rechazar-acusacion\/","name":"Ir\u00e1n acusa a EUA de \"sabotear la diplomacia\" tras rechazar acusaci\u00f3n - Canal 7 SLP - 2019","isPartOf":{"@id":"https:\/\/canal7slp.tv\/2019\/#website"},"primaryImageOfPage":{"@id":"https:\/\/canal7slp.tv\/2019\/iran-acusa-a-eua-de-sabotear-la-diplomacia-tras-rechazar-acusacion\/#primaryimage"},"image":{"@id":"https:\/\/canal7slp.tv\/2019\/iran-acusa-a-eua-de-sabotear-la-diplomacia-tras-rechazar-acusacion\/#primaryimage"},"thumbnailUrl":"https:\/\/canal7slp.tv\/2019\/wp-content\/uploads\/2019\/06\/920.png","datePublished":"2019-06-14T12:58:29+00:00","breadcrumb":{"@id":"https:\/\/canal7slp.tv\/2019\/iran-acusa-a-eua-de-sabotear-la-diplomacia-tras-rechazar-acusacion\/#breadcrumb"},"inLanguage":"es","potentialAction":[{"@type":"ReadAction","target":["https:\/\/canal7slp.tv\/2019\/iran-acusa-a-eua-de-sabotear-la-diplomacia-tras-rechazar-acusacion\/"]}]},{"@type":"ImageObject","inLanguage":"es","@id":"https:\/\/canal7slp.tv\/2019\/iran-acusa-a-eua-de-sabotear-la-diplomacia-tras-rechazar-acusacion\/#primaryimage","url":"https:\/\/canal7slp.tv\/2019\/wp-content\/uploads\/2019\/06\/920.png","contentUrl":"https:\/\/canal7slp.tv\/2019\/wp-content\/uploads\/2019\/06\/920.png","width":800,"height":450},{"@type":"BreadcrumbList","@id":"https:\/\/canal7slp.tv\/2019\/iran-acusa-a-eua-de-sabotear-la-diplomacia-tras-rechazar-acusacion\/#breadcrumb","itemListElement":[{"@type":"ListItem","position":1,"name":"Home","item":"https:\/\/canal7slp.tv\/2019\/"},{"@type":"ListItem","position":2,"name":"Ir\u00e1n acusa a EUA de &#8220;sabotear la diplomacia&#8221; tras rechazar acusaci\u00f3n"}]},{"@type":"WebSite","@id":"https:\/\/canal7slp.tv\/2019\/#website","url":"https:\/\/canal7slp.tv\/2019\/","name":"Canal 7 SLP - Somos TV","description":"Somos un Canal de 10","publisher":{"@id":"https:\/\/canal7slp.tv\/2019\/#organization"},"potentialAction":[{"@type":"SearchAction","target":{"@type":"EntryPoint","urlTemplate":"https:\/\/canal7slp.tv\/2019\/?s={search_term_string}"},"query-input":{"@type":"PropertyValueSpecification","valueRequired":true,"valueName":"search_term_string"}}],"inLanguage":"es"},{"@type":"Organization","@id":"https:\/\/canal7slp.tv\/2019\/#organization","name":"Comunicaci\u00f3n 2000 S.A. de C.V.","url":"https:\/\/canal7slp.tv\/2019\/","logo":{"@type":"ImageObject","inLanguage":"es","@id":"https:\/\/canal7slp.tv\/2019\/#\/schema\/logo\/image\/","url":"https:\/\/canal7slp.tv\/2019\/wp-content\/uploads\/2019\/07\/logo-c7.png","contentUrl":"https:\/\/canal7slp.tv\/2019\/wp-content\/uploads\/2019\/07\/logo-c7.png","width":220,"height":60,"caption":"Comunicaci\u00f3n 2000 S.A. de C.V."},"image":{"@id":"https:\/\/canal7slp.tv\/2019\/#\/schema\/logo\/image\/"},"sameAs":["https:\/\/www.facebook.com\/CANAL7SLP\/","https:\/\/x.com\/canal7_slp","https:\/\/www.instagram.com\/canal7_slp","https:\/\/www.youtube.com\/user\/NOTICIEROSCANAL7SLP\/"]},{"@type":"Person","@id":"https:\/\/canal7slp.tv\/2019\/#\/schema\/person\/11d941c1c6ca30ac0a46b95fa37aa2e3","name":"edicionweb","image":{"@type":"ImageObject","inLanguage":"es","@id":"https:\/\/secure.gravatar.com\/avatar\/eee448fc3f7164808013b816ba91ac7e43bbe82a70bebac296f8bc6f0addaa1a?s=96&d=mm&r=g","url":"https:\/\/secure.gravatar.com\/avatar\/eee448fc3f7164808013b816ba91ac7e43bbe82a70bebac296f8bc6f0addaa1a?s=96&d=mm&r=g","contentUrl":"https:\/\/secure.gravatar.com\/avatar\/eee448fc3f7164808013b816ba91ac7e43bbe82a70bebac296f8bc6f0addaa1a?s=96&d=mm&r=g","caption":"edicionweb"}}]}},"amp_enabled":true,"cmb2":{"video_ids_in_playlist":{"vid_p_videos":""},"video_ids_in_channel":{"vid_c_videos":""},"playlist_ids_in_channel":{"vid_c_playlists":""},"series_ids_in_channel":{"vid_c_series":""},"channel_images":{"vid_c_logo":"","vid_c_banner":""},"poster_feature_image":{"vid_m_poster_image":""},"gif_feature_image":{"vid_m_gif_image":""},"video_movie_settings":{"vid_m_director":"","vid_m_actor":"","vid_m_imdb_ratings":"","vid_m_amazon_associates":""},"vid_youtube_broadcasts_settings":{"vid_yb_broadcast_title":"","vid_yb_q":"","vid_yb_channelid":"","vid_yb_videocategoryid":"","vid_yb_maxresults":"","vid_yb_order":"","vid_yb_regioncode":"","vid_yb_videosyndicated":"","vid_yb_style":"","vid_yb_reload_first":""},"video_series_settings":{"vid_m_director":"","vid_m_actor":"","vid_m_imdb_ratings":"","video_series_group":""},"amazon_associates_settings":{"amazon_associates":"","amazon_native_ad":""},"vid_youtube_automatic_settings":{"vid_ya_youtube_source":"","vid_ya_update_every":"","vid_ya_update_unit":"","vid_ya_categories":"","vid_ya_published_after":"","vid_ya_published_before":"","vid_ya_playlists":"","vid_ya_channels":"","vid_ya_director":"","vid_ya_actor":"","vid_ya_author":"","vid_ya_import_post_date":"","vid_ya_status":"","vid_ya_sub_api_key":""},"vid_ads_m_videoads_settings_post":{"vid_ads_m_video_ads":"","vid_ads_m_video_ads_type":"","vid_ads_m_group_google_ima":"","vid_ads_m_group_image":"","vid_ads_m_group_html5_video":"","vid_ads_m_group_html":"","vid_ads_m_vast_preroll":"","vid_ads_m_vast_postroll":"","vid_ads_m_vast_pauseroll":"","vid_ads_m_vast_midroll":[{"vid_ads_m_vast_timer_seconds":"50"}],"vid_ads_m_time_to_show_ads":"","vid_ads_m_time_skip_ads":"","vid_ads_m_time_to_hide_ads":""},"page_slider_settings":{"display_slider_group":"","page_slider_group":""},"blog_page_settings":{"blog_page_title":"","blog_page_heading":"","blog_page_ic":"","blog_page_it":"","blog_page_ec":"","blog_page_ip":"","archive_loop_style":"","blog_image_ratio":"","blog_show_categories":"","blog_show_excerpt":"","blog_show_author":"","blog_show_date":"","blog_show_comment_count":"","blog_show_view_count":"","blog_show_like_count":"","blog_show_dislike_count":"","blog_items_per_page":"","blog_pag_type":""},"page_options":{"get_page_template":"","color_mode":"","main_layout":"","main_layout_full_with":"","main_logo":"","main_logo_retina":"","main_logo_mobile":"","main_logo_mobile_retina":"","sticky_logo":"","sticky_logo_retina":"","main_nav_layout":"","ajax_search":"","header_background":"","theme_sidebar":"","instagram_feed":"","instagram_feed_position":"","popular_videos":"","popular_videos_title_1":"","popular_videos_title_2":"","popular_videos_ic":"","popular_videos_it":"","theme_background":"","page_custom_css":""},"feature_image_settings":{"feature_image_position":""},"video_player_settings":{"single_video_style":"","video_player_position":"","vm_video_url":"","video_player_library":"","video_streaming":"","vm_media_sources":"","vid_auto_play":"","vm_video_shortcode":"","vid_p_sync_playlist":"","vid_c_sync_channel":"","get_post_format":"","multiple_links_structure":"default","multi_links_title":"","vm_video_multi_links":"","vm_duration":"","vid_social_locker":"off","vid_social_locker_id":"","vid_membership_action":"content-video","vm_video_trailer_url":"","vid_download_type":"free","vid_download_target":"download","vid_woo_product":"","vm_media_download":"","user_rating":"","user_rating_position":"","user_rating_mode":"","user_rating_multi_sets":""},"video_auto_fetch_settings":{"vm_video_fetch":"on"},"video_fake_views_likes":{"vm_fake_views":"","vm_fake_likes":"","vm_fake_dislikes":""},"gallery_settings":{"gallery_position":""},"quote_settings":{"quote_position":""},"post_options":{"main_layout":"","main_logo":"","main_logo_retina":"","main_logo_mobile":"","main_logo_mobile_retina":"","sticky_logo":"","sticky_logo_retina":"","main_nav_layout":"","header_background":"","theme_sidebar":"","single_post_comment_type":"","theme_background":""}},"_links":{"self":[{"href":"https:\/\/canal7slp.tv\/2019\/wp-json\/wp\/v2\/posts\/14893","targetHints":{"allow":["GET"]}}],"collection":[{"href":"https:\/\/canal7slp.tv\/2019\/wp-json\/wp\/v2\/posts"}],"about":[{"href":"https:\/\/canal7slp.tv\/2019\/wp-json\/wp\/v2\/types\/post"}],"author":[{"embeddable":true,"href":"https:\/\/canal7slp.tv\/2019\/wp-json\/wp\/v2\/users\/2"}],"replies":[{"embeddable":true,"href":"https:\/\/canal7slp.tv\/2019\/wp-json\/wp\/v2\/comments?post=14893"}],"version-history":[{"count":0,"href":"https:\/\/canal7slp.tv\/2019\/wp-json\/wp\/v2\/posts\/14893\/revisions"}],"wp:featuredmedia":[{"embeddable":true,"href":"https:\/\/canal7slp.tv\/2019\/wp-json\/wp\/v2\/media\/14896"}],"wp:attachment":[{"href":"https:\/\/canal7slp.tv\/2019\/wp-json\/wp\/v2\/media?parent=14893"}],"wp:term":[{"taxonomy":"category","embeddable":true,"href":"https:\/\/canal7slp.tv\/2019\/wp-json\/wp\/v2\/categories?post=14893"},{"taxonomy":"post_tag","embeddable":true,"href":"https:\/\/canal7slp.tv\/2019\/wp-json\/wp\/v2\/tags?post=14893"}],"curies":[{"name":"wp","href":"https:\/\/api.w.org\/{rel}","templated":true}]}}