{"id":14526,"date":"2019-06-13T18:46:36","date_gmt":"2019-06-13T23:46:36","guid":{"rendered":"https:\/\/canal7slp.tv\/2019\/?p=14526"},"modified":"2019-06-13T18:46:36","modified_gmt":"2019-06-13T23:46:36","slug":"el-imes-impulsa-la-creacion-de-las-unidades-para-la-igualdad-de-genero-uig","status":"publish","type":"post","link":"https:\/\/canal7slp.tv\/2019\/el-imes-impulsa-la-creacion-de-las-unidades-para-la-igualdad-de-genero-uig\/","title":{"rendered":"El IMES impulsa la creaci\u00f3n de las Unidades para la Igualdad de G\u00e9nero (UIG)"},"content":{"rendered":"<p style=\"text-align: justify\">SLP.- Con el objetivo de brindar asesor\u00eda a las responsables de las Unidades para la Igualdad de G\u00e9nero (UIG) de las dependencias de gobierno, el Instituto de la Mujeres del Estado (IMES) a trav\u00e9s del \u00e1rea de Transversalidad efectu\u00f3 una reuni\u00f3n de trabajo, inform\u00f3 Erika Vel\u00e1zquez Guti\u00e9rrez, Directora General del Instituto.<\/p>\n<p style=\"text-align: justify\">Explic\u00f3 que las reuniones tienen el prop\u00f3sito de formular estrategias conjuntas para su implementaci\u00f3n y efectuar los \u00faltimos ajustes al plan de trabajo de las Unidades para la Igualdad de G\u00e9nero, mismas que se ejecutar\u00e1n en las dependencias de la administraci\u00f3n p\u00fablica estatal.<\/p>\n<p style=\"text-align: justify\">Con este motivo dijo que la pl\u00e1tica se llev\u00f3 a cabo en la Casa de la Cultura Jur\u00eddica con las titulares de las Unidades para la Igualdad G\u00e9nero de las siguientes dependencias: Sistema Estatal para el Desarrollo Integral de la Familia, Secretar\u00eda de Comunicaciones y Transportes, Finanzas, Secretar\u00eda General de Gobierno, Junta Estatal de Caminos, Oficial\u00eda Mayor, Instituto de la Vivienda en el Estado, Secretar\u00eda de Educaci\u00f3n de Gobierno del Estado y Secretar\u00eda de Desarrollo Social y Regional.<\/p>\n<p style=\"text-align: justify\">Tambi\u00e9n asisti\u00f3 el Instituto de Capacitaci\u00f3n para el Trabajo, Servicios de Salud de San Luis Potos\u00ed, Secretar\u00eda de Seguridad P\u00fablica, Centro de Justicia para la Mujeres, Secretar\u00eda del Trabajo y Previsi\u00f3n Social, Secretar\u00eda de Ecolog\u00eda y Gesti\u00f3n Ambiental, y Coordinaci\u00f3n Estatal para el Fortalecimiento Institucional de los Municipios.<\/p>\n<p style=\"text-align: justify\">La funcionaria estatal se\u00f1al\u00f3 que lo anterior se lleva a cabo para dar cumplimiento al Decreto Administrativo mediante el cual, se crean las Unidades para la Igualdad de G\u00e9nero de las dependencias y entidades de la Administraci\u00f3n P\u00fablica del Estado de San Luis Potos\u00ed, publicado en el Peri\u00f3dico Oficial del Gobierno del Estado.<\/p>\n<p style=\"text-align: justify\">Por \u00faltimo, la licenciada Erika Vel\u00e1zquez dijo que el decreto fue publicado el 21 de junio del a\u00f1o 2017 por el gobernador del estado Juan Manuel Carreras L\u00f3pez, para establecer las reglas de operaci\u00f3n de las Unidades para la Igualdad de G\u00e9nero y el fortalecimiento de medidas para prevenir y erradicar la violencia contra las mujeres.<\/p>\n","protected":false},"excerpt":{"rendered":"<p>SLP.- Con el objetivo de brindar asesor\u00eda a las responsables de las Unidades para la Igualdad de G\u00e9nero (UIG) de las dependencias de gobierno, el Instituto de la Mujeres del Estado (IMES) a trav\u00e9s del \u00e1rea de Transversalidad efectu\u00f3 una reuni\u00f3n de trabajo, inform\u00f3 Erika Vel\u00e1zquez Guti\u00e9rrez, Directora General del Instituto. Explic\u00f3 que las reuniones [&hellip;]<\/p>\n","protected":false},"author":2,"featured_media":14543,"comment_status":"open","ping_status":"closed","sticky":false,"template":"","format":"standard","meta":{"footnotes":""},"categories":[17],"tags":[111,181],"class_list":["post-14526","post","type-post","status-publish","format-standard","has-post-thumbnail","hentry","category-localesyregionales","tag-gobierno-slp","tag-imes"],"yoast_head":"<!-- This site is optimized with the Yoast SEO plugin v27.5 - https:\/\/yoast.com\/product\/yoast-seo-wordpress\/ -->\n<title>El IMES impulsa la creaci\u00f3n de las Unidades para la Igualdad de G\u00e9nero (UIG) - Canal 7 SLP - 2019<\/title>\n<meta name=\"robots\" content=\"index, follow, max-snippet:-1, max-image-preview:large, max-video-preview:-1\" \/>\n<link rel=\"canonical\" href=\"https:\/\/canal7slp.tv\/2019\/el-imes-impulsa-la-creacion-de-las-unidades-para-la-igualdad-de-genero-uig\/\" \/>\n<meta property=\"og:locale\" content=\"es_ES\" \/>\n<meta property=\"og:type\" content=\"article\" \/>\n<meta property=\"og:title\" content=\"El IMES impulsa la creaci\u00f3n de las Unidades para la Igualdad de G\u00e9nero (UIG) - Canal 7 SLP - 2019\" \/>\n<meta property=\"og:description\" content=\"SLP.- Con el objetivo de brindar asesor\u00eda a las responsables de las Unidades para la Igualdad de G\u00e9nero (UIG) de las dependencias de gobierno, el Instituto de la Mujeres del Estado (IMES) a trav\u00e9s del \u00e1rea de Transversalidad efectu\u00f3 una reuni\u00f3n de trabajo, inform\u00f3 Erika Vel\u00e1zquez Guti\u00e9rrez, Directora General del Instituto. Explic\u00f3 que las reuniones [&hellip;]\" \/>\n<meta property=\"og:url\" content=\"https:\/\/canal7slp.tv\/2019\/el-imes-impulsa-la-creacion-de-las-unidades-para-la-igualdad-de-genero-uig\/\" \/>\n<meta property=\"og:site_name\" content=\"Canal 7 SLP - 2019\" \/>\n<meta property=\"article:publisher\" content=\"https:\/\/www.facebook.com\/CANAL7SLP\/\" \/>\n<meta property=\"article:published_time\" content=\"2019-06-13T23:46:36+00:00\" \/>\n<meta property=\"og:image\" content=\"https:\/\/canal7slp.tv\/2019\/wp-content\/uploads\/2019\/06\/GobiernoIMES.jpeg\" \/>\n\t<meta property=\"og:image:width\" content=\"800\" \/>\n\t<meta property=\"og:image:height\" content=\"466\" \/>\n\t<meta property=\"og:image:type\" content=\"image\/jpeg\" \/>\n<meta name=\"author\" content=\"edicionweb\" \/>\n<meta name=\"twitter:card\" content=\"summary_large_image\" \/>\n<meta name=\"twitter:creator\" content=\"@canal7_slp\" \/>\n<meta name=\"twitter:site\" content=\"@canal7_slp\" \/>\n<meta name=\"twitter:label1\" content=\"Escrito por\" \/>\n\t<meta name=\"twitter:data1\" content=\"edicionweb\" \/>\n\t<meta name=\"twitter:label2\" content=\"Tiempo de lectura\" \/>\n\t<meta name=\"twitter:data2\" content=\"2 minutos\" \/>\n<script type=\"application\/ld+json\" class=\"yoast-schema-graph\">{\"@context\":\"https:\\\/\\\/schema.org\",\"@graph\":[{\"@type\":\"Article\",\"@id\":\"https:\\\/\\\/canal7slp.tv\\\/2019\\\/el-imes-impulsa-la-creacion-de-las-unidades-para-la-igualdad-de-genero-uig\\\/#article\",\"isPartOf\":{\"@id\":\"https:\\\/\\\/canal7slp.tv\\\/2019\\\/el-imes-impulsa-la-creacion-de-las-unidades-para-la-igualdad-de-genero-uig\\\/\"},\"author\":{\"name\":\"edicionweb\",\"@id\":\"https:\\\/\\\/canal7slp.tv\\\/2019\\\/#\\\/schema\\\/person\\\/11d941c1c6ca30ac0a46b95fa37aa2e3\"},\"headline\":\"El IMES impulsa la creaci\u00f3n de las Unidades para la Igualdad de G\u00e9nero (UIG)\",\"datePublished\":\"2019-06-13T23:46:36+00:00\",\"mainEntityOfPage\":{\"@id\":\"https:\\\/\\\/canal7slp.tv\\\/2019\\\/el-imes-impulsa-la-creacion-de-las-unidades-para-la-igualdad-de-genero-uig\\\/\"},\"wordCount\":385,\"commentCount\":0,\"publisher\":{\"@id\":\"https:\\\/\\\/canal7slp.tv\\\/2019\\\/#organization\"},\"image\":{\"@id\":\"https:\\\/\\\/canal7slp.tv\\\/2019\\\/el-imes-impulsa-la-creacion-de-las-unidades-para-la-igualdad-de-genero-uig\\\/#primaryimage\"},\"thumbnailUrl\":\"https:\\\/\\\/canal7slp.tv\\\/2019\\\/wp-content\\\/uploads\\\/2019\\\/06\\\/GobiernoIMES.jpeg\",\"keywords\":[\"Gobierno SLP\",\"IMES\"],\"articleSection\":[\"LOCALES Y REGIONALES\"],\"inLanguage\":\"es\",\"potentialAction\":[{\"@type\":\"CommentAction\",\"name\":\"Comment\",\"target\":[\"https:\\\/\\\/canal7slp.tv\\\/2019\\\/el-imes-impulsa-la-creacion-de-las-unidades-para-la-igualdad-de-genero-uig\\\/#respond\"]}]},{\"@type\":\"WebPage\",\"@id\":\"https:\\\/\\\/canal7slp.tv\\\/2019\\\/el-imes-impulsa-la-creacion-de-las-unidades-para-la-igualdad-de-genero-uig\\\/\",\"url\":\"https:\\\/\\\/canal7slp.tv\\\/2019\\\/el-imes-impulsa-la-creacion-de-las-unidades-para-la-igualdad-de-genero-uig\\\/\",\"name\":\"El IMES impulsa la creaci\u00f3n de las Unidades para la Igualdad de G\u00e9nero (UIG) - Canal 7 SLP - 2019\",\"isPartOf\":{\"@id\":\"https:\\\/\\\/canal7slp.tv\\\/2019\\\/#website\"},\"primaryImageOfPage\":{\"@id\":\"https:\\\/\\\/canal7slp.tv\\\/2019\\\/el-imes-impulsa-la-creacion-de-las-unidades-para-la-igualdad-de-genero-uig\\\/#primaryimage\"},\"image\":{\"@id\":\"https:\\\/\\\/canal7slp.tv\\\/2019\\\/el-imes-impulsa-la-creacion-de-las-unidades-para-la-igualdad-de-genero-uig\\\/#primaryimage\"},\"thumbnailUrl\":\"https:\\\/\\\/canal7slp.tv\\\/2019\\\/wp-content\\\/uploads\\\/2019\\\/06\\\/GobiernoIMES.jpeg\",\"datePublished\":\"2019-06-13T23:46:36+00:00\",\"breadcrumb\":{\"@id\":\"https:\\\/\\\/canal7slp.tv\\\/2019\\\/el-imes-impulsa-la-creacion-de-las-unidades-para-la-igualdad-de-genero-uig\\\/#breadcrumb\"},\"inLanguage\":\"es\",\"potentialAction\":[{\"@type\":\"ReadAction\",\"target\":[\"https:\\\/\\\/canal7slp.tv\\\/2019\\\/el-imes-impulsa-la-creacion-de-las-unidades-para-la-igualdad-de-genero-uig\\\/\"]}]},{\"@type\":\"ImageObject\",\"inLanguage\":\"es\",\"@id\":\"https:\\\/\\\/canal7slp.tv\\\/2019\\\/el-imes-impulsa-la-creacion-de-las-unidades-para-la-igualdad-de-genero-uig\\\/#primaryimage\",\"url\":\"https:\\\/\\\/canal7slp.tv\\\/2019\\\/wp-content\\\/uploads\\\/2019\\\/06\\\/GobiernoIMES.jpeg\",\"contentUrl\":\"https:\\\/\\\/canal7slp.tv\\\/2019\\\/wp-content\\\/uploads\\\/2019\\\/06\\\/GobiernoIMES.jpeg\",\"width\":800,\"height\":466},{\"@type\":\"BreadcrumbList\",\"@id\":\"https:\\\/\\\/canal7slp.tv\\\/2019\\\/el-imes-impulsa-la-creacion-de-las-unidades-para-la-igualdad-de-genero-uig\\\/#breadcrumb\",\"itemListElement\":[{\"@type\":\"ListItem\",\"position\":1,\"name\":\"Home\",\"item\":\"https:\\\/\\\/canal7slp.tv\\\/2019\\\/\"},{\"@type\":\"ListItem\",\"position\":2,\"name\":\"El IMES impulsa la creaci\u00f3n de las Unidades para la Igualdad de G\u00e9nero (UIG)\"}]},{\"@type\":\"WebSite\",\"@id\":\"https:\\\/\\\/canal7slp.tv\\\/2019\\\/#website\",\"url\":\"https:\\\/\\\/canal7slp.tv\\\/2019\\\/\",\"name\":\"Canal 7 SLP - Somos TV\",\"description\":\"Somos un Canal de 10\",\"publisher\":{\"@id\":\"https:\\\/\\\/canal7slp.tv\\\/2019\\\/#organization\"},\"potentialAction\":[{\"@type\":\"SearchAction\",\"target\":{\"@type\":\"EntryPoint\",\"urlTemplate\":\"https:\\\/\\\/canal7slp.tv\\\/2019\\\/?s={search_term_string}\"},\"query-input\":{\"@type\":\"PropertyValueSpecification\",\"valueRequired\":true,\"valueName\":\"search_term_string\"}}],\"inLanguage\":\"es\"},{\"@type\":\"Organization\",\"@id\":\"https:\\\/\\\/canal7slp.tv\\\/2019\\\/#organization\",\"name\":\"Comunicaci\u00f3n 2000 S.A. de C.V.\",\"url\":\"https:\\\/\\\/canal7slp.tv\\\/2019\\\/\",\"logo\":{\"@type\":\"ImageObject\",\"inLanguage\":\"es\",\"@id\":\"https:\\\/\\\/canal7slp.tv\\\/2019\\\/#\\\/schema\\\/logo\\\/image\\\/\",\"url\":\"https:\\\/\\\/canal7slp.tv\\\/2019\\\/wp-content\\\/uploads\\\/2019\\\/07\\\/logo-c7.png\",\"contentUrl\":\"https:\\\/\\\/canal7slp.tv\\\/2019\\\/wp-content\\\/uploads\\\/2019\\\/07\\\/logo-c7.png\",\"width\":220,\"height\":60,\"caption\":\"Comunicaci\u00f3n 2000 S.A. de C.V.\"},\"image\":{\"@id\":\"https:\\\/\\\/canal7slp.tv\\\/2019\\\/#\\\/schema\\\/logo\\\/image\\\/\"},\"sameAs\":[\"https:\\\/\\\/www.facebook.com\\\/CANAL7SLP\\\/\",\"https:\\\/\\\/x.com\\\/canal7_slp\",\"https:\\\/\\\/www.instagram.com\\\/canal7_slp\",\"https:\\\/\\\/www.youtube.com\\\/user\\\/NOTICIEROSCANAL7SLP\\\/\"]},{\"@type\":\"Person\",\"@id\":\"https:\\\/\\\/canal7slp.tv\\\/2019\\\/#\\\/schema\\\/person\\\/11d941c1c6ca30ac0a46b95fa37aa2e3\",\"name\":\"edicionweb\",\"image\":{\"@type\":\"ImageObject\",\"inLanguage\":\"es\",\"@id\":\"https:\\\/\\\/secure.gravatar.com\\\/avatar\\\/eee448fc3f7164808013b816ba91ac7e43bbe82a70bebac296f8bc6f0addaa1a?s=96&d=mm&r=g\",\"url\":\"https:\\\/\\\/secure.gravatar.com\\\/avatar\\\/eee448fc3f7164808013b816ba91ac7e43bbe82a70bebac296f8bc6f0addaa1a?s=96&d=mm&r=g\",\"contentUrl\":\"https:\\\/\\\/secure.gravatar.com\\\/avatar\\\/eee448fc3f7164808013b816ba91ac7e43bbe82a70bebac296f8bc6f0addaa1a?s=96&d=mm&r=g\",\"caption\":\"edicionweb\"}}]}<\/script>\n<!-- \/ Yoast SEO plugin. -->","yoast_head_json":{"title":"El IMES impulsa la creaci\u00f3n de las Unidades para la Igualdad de G\u00e9nero (UIG) - Canal 7 SLP - 2019","robots":{"index":"index","follow":"follow","max-snippet":"max-snippet:-1","max-image-preview":"max-image-preview:large","max-video-preview":"max-video-preview:-1"},"canonical":"https:\/\/canal7slp.tv\/2019\/el-imes-impulsa-la-creacion-de-las-unidades-para-la-igualdad-de-genero-uig\/","og_locale":"es_ES","og_type":"article","og_title":"El IMES impulsa la creaci\u00f3n de las Unidades para la Igualdad de G\u00e9nero (UIG) - Canal 7 SLP - 2019","og_description":"SLP.- Con el objetivo de brindar asesor\u00eda a las responsables de las Unidades para la Igualdad de G\u00e9nero (UIG) de las dependencias de gobierno, el Instituto de la Mujeres del Estado (IMES) a trav\u00e9s del \u00e1rea de Transversalidad efectu\u00f3 una reuni\u00f3n de trabajo, inform\u00f3 Erika Vel\u00e1zquez Guti\u00e9rrez, Directora General del Instituto. Explic\u00f3 que las reuniones [&hellip;]","og_url":"https:\/\/canal7slp.tv\/2019\/el-imes-impulsa-la-creacion-de-las-unidades-para-la-igualdad-de-genero-uig\/","og_site_name":"Canal 7 SLP - 2019","article_publisher":"https:\/\/www.facebook.com\/CANAL7SLP\/","article_published_time":"2019-06-13T23:46:36+00:00","og_image":[{"width":800,"height":466,"url":"https:\/\/canal7slp.tv\/2019\/wp-content\/uploads\/2019\/06\/GobiernoIMES.jpeg","type":"image\/jpeg"}],"author":"edicionweb","twitter_card":"summary_large_image","twitter_creator":"@canal7_slp","twitter_site":"@canal7_slp","twitter_misc":{"Escrito por":"edicionweb","Tiempo de lectura":"2 minutos"},"schema":{"@context":"https:\/\/schema.org","@graph":[{"@type":"Article","@id":"https:\/\/canal7slp.tv\/2019\/el-imes-impulsa-la-creacion-de-las-unidades-para-la-igualdad-de-genero-uig\/#article","isPartOf":{"@id":"https:\/\/canal7slp.tv\/2019\/el-imes-impulsa-la-creacion-de-las-unidades-para-la-igualdad-de-genero-uig\/"},"author":{"name":"edicionweb","@id":"https:\/\/canal7slp.tv\/2019\/#\/schema\/person\/11d941c1c6ca30ac0a46b95fa37aa2e3"},"headline":"El IMES impulsa la creaci\u00f3n de las Unidades para la Igualdad de G\u00e9nero (UIG)","datePublished":"2019-06-13T23:46:36+00:00","mainEntityOfPage":{"@id":"https:\/\/canal7slp.tv\/2019\/el-imes-impulsa-la-creacion-de-las-unidades-para-la-igualdad-de-genero-uig\/"},"wordCount":385,"commentCount":0,"publisher":{"@id":"https:\/\/canal7slp.tv\/2019\/#organization"},"image":{"@id":"https:\/\/canal7slp.tv\/2019\/el-imes-impulsa-la-creacion-de-las-unidades-para-la-igualdad-de-genero-uig\/#primaryimage"},"thumbnailUrl":"https:\/\/canal7slp.tv\/2019\/wp-content\/uploads\/2019\/06\/GobiernoIMES.jpeg","keywords":["Gobierno SLP","IMES"],"articleSection":["LOCALES Y REGIONALES"],"inLanguage":"es","potentialAction":[{"@type":"CommentAction","name":"Comment","target":["https:\/\/canal7slp.tv\/2019\/el-imes-impulsa-la-creacion-de-las-unidades-para-la-igualdad-de-genero-uig\/#respond"]}]},{"@type":"WebPage","@id":"https:\/\/canal7slp.tv\/2019\/el-imes-impulsa-la-creacion-de-las-unidades-para-la-igualdad-de-genero-uig\/","url":"https:\/\/canal7slp.tv\/2019\/el-imes-impulsa-la-creacion-de-las-unidades-para-la-igualdad-de-genero-uig\/","name":"El IMES impulsa la creaci\u00f3n de las Unidades para la Igualdad de G\u00e9nero (UIG) - Canal 7 SLP - 2019","isPartOf":{"@id":"https:\/\/canal7slp.tv\/2019\/#website"},"primaryImageOfPage":{"@id":"https:\/\/canal7slp.tv\/2019\/el-imes-impulsa-la-creacion-de-las-unidades-para-la-igualdad-de-genero-uig\/#primaryimage"},"image":{"@id":"https:\/\/canal7slp.tv\/2019\/el-imes-impulsa-la-creacion-de-las-unidades-para-la-igualdad-de-genero-uig\/#primaryimage"},"thumbnailUrl":"https:\/\/canal7slp.tv\/2019\/wp-content\/uploads\/2019\/06\/GobiernoIMES.jpeg","datePublished":"2019-06-13T23:46:36+00:00","breadcrumb":{"@id":"https:\/\/canal7slp.tv\/2019\/el-imes-impulsa-la-creacion-de-las-unidades-para-la-igualdad-de-genero-uig\/#breadcrumb"},"inLanguage":"es","potentialAction":[{"@type":"ReadAction","target":["https:\/\/canal7slp.tv\/2019\/el-imes-impulsa-la-creacion-de-las-unidades-para-la-igualdad-de-genero-uig\/"]}]},{"@type":"ImageObject","inLanguage":"es","@id":"https:\/\/canal7slp.tv\/2019\/el-imes-impulsa-la-creacion-de-las-unidades-para-la-igualdad-de-genero-uig\/#primaryimage","url":"https:\/\/canal7slp.tv\/2019\/wp-content\/uploads\/2019\/06\/GobiernoIMES.jpeg","contentUrl":"https:\/\/canal7slp.tv\/2019\/wp-content\/uploads\/2019\/06\/GobiernoIMES.jpeg","width":800,"height":466},{"@type":"BreadcrumbList","@id":"https:\/\/canal7slp.tv\/2019\/el-imes-impulsa-la-creacion-de-las-unidades-para-la-igualdad-de-genero-uig\/#breadcrumb","itemListElement":[{"@type":"ListItem","position":1,"name":"Home","item":"https:\/\/canal7slp.tv\/2019\/"},{"@type":"ListItem","position":2,"name":"El IMES impulsa la creaci\u00f3n de las Unidades para la Igualdad de G\u00e9nero (UIG)"}]},{"@type":"WebSite","@id":"https:\/\/canal7slp.tv\/2019\/#website","url":"https:\/\/canal7slp.tv\/2019\/","name":"Canal 7 SLP - Somos TV","description":"Somos un Canal de 10","publisher":{"@id":"https:\/\/canal7slp.tv\/2019\/#organization"},"potentialAction":[{"@type":"SearchAction","target":{"@type":"EntryPoint","urlTemplate":"https:\/\/canal7slp.tv\/2019\/?s={search_term_string}"},"query-input":{"@type":"PropertyValueSpecification","valueRequired":true,"valueName":"search_term_string"}}],"inLanguage":"es"},{"@type":"Organization","@id":"https:\/\/canal7slp.tv\/2019\/#organization","name":"Comunicaci\u00f3n 2000 S.A. de C.V.","url":"https:\/\/canal7slp.tv\/2019\/","logo":{"@type":"ImageObject","inLanguage":"es","@id":"https:\/\/canal7slp.tv\/2019\/#\/schema\/logo\/image\/","url":"https:\/\/canal7slp.tv\/2019\/wp-content\/uploads\/2019\/07\/logo-c7.png","contentUrl":"https:\/\/canal7slp.tv\/2019\/wp-content\/uploads\/2019\/07\/logo-c7.png","width":220,"height":60,"caption":"Comunicaci\u00f3n 2000 S.A. de C.V."},"image":{"@id":"https:\/\/canal7slp.tv\/2019\/#\/schema\/logo\/image\/"},"sameAs":["https:\/\/www.facebook.com\/CANAL7SLP\/","https:\/\/x.com\/canal7_slp","https:\/\/www.instagram.com\/canal7_slp","https:\/\/www.youtube.com\/user\/NOTICIEROSCANAL7SLP\/"]},{"@type":"Person","@id":"https:\/\/canal7slp.tv\/2019\/#\/schema\/person\/11d941c1c6ca30ac0a46b95fa37aa2e3","name":"edicionweb","image":{"@type":"ImageObject","inLanguage":"es","@id":"https:\/\/secure.gravatar.com\/avatar\/eee448fc3f7164808013b816ba91ac7e43bbe82a70bebac296f8bc6f0addaa1a?s=96&d=mm&r=g","url":"https:\/\/secure.gravatar.com\/avatar\/eee448fc3f7164808013b816ba91ac7e43bbe82a70bebac296f8bc6f0addaa1a?s=96&d=mm&r=g","contentUrl":"https:\/\/secure.gravatar.com\/avatar\/eee448fc3f7164808013b816ba91ac7e43bbe82a70bebac296f8bc6f0addaa1a?s=96&d=mm&r=g","caption":"edicionweb"}}]}},"amp_enabled":true,"cmb2":{"video_ids_in_playlist":{"vid_p_videos":""},"video_ids_in_channel":{"vid_c_videos":""},"playlist_ids_in_channel":{"vid_c_playlists":""},"series_ids_in_channel":{"vid_c_series":""},"channel_images":{"vid_c_logo":"","vid_c_banner":""},"poster_feature_image":{"vid_m_poster_image":""},"gif_feature_image":{"vid_m_gif_image":""},"video_movie_settings":{"vid_m_director":"","vid_m_actor":"","vid_m_imdb_ratings":"","vid_m_amazon_associates":""},"vid_youtube_broadcasts_settings":{"vid_yb_broadcast_title":"","vid_yb_q":"","vid_yb_channelid":"","vid_yb_videocategoryid":"","vid_yb_maxresults":"","vid_yb_order":"","vid_yb_regioncode":"","vid_yb_videosyndicated":"","vid_yb_style":"","vid_yb_reload_first":""},"video_series_settings":{"vid_m_director":"","vid_m_actor":"","vid_m_imdb_ratings":"","video_series_group":""},"amazon_associates_settings":{"amazon_associates":"","amazon_native_ad":""},"vid_youtube_automatic_settings":{"vid_ya_youtube_source":"","vid_ya_update_every":"","vid_ya_update_unit":"","vid_ya_categories":"","vid_ya_published_after":"","vid_ya_published_before":"","vid_ya_playlists":"","vid_ya_channels":"","vid_ya_director":"","vid_ya_actor":"","vid_ya_author":"","vid_ya_import_post_date":"","vid_ya_status":"","vid_ya_sub_api_key":""},"vid_ads_m_videoads_settings_post":{"vid_ads_m_video_ads":"","vid_ads_m_video_ads_type":"","vid_ads_m_group_google_ima":"","vid_ads_m_group_image":"","vid_ads_m_group_html5_video":"","vid_ads_m_group_html":"","vid_ads_m_vast_preroll":"","vid_ads_m_vast_postroll":"","vid_ads_m_vast_pauseroll":"","vid_ads_m_vast_midroll":[{"vid_ads_m_vast_timer_seconds":"50"}],"vid_ads_m_time_to_show_ads":"","vid_ads_m_time_skip_ads":"","vid_ads_m_time_to_hide_ads":""},"page_slider_settings":{"display_slider_group":"","page_slider_group":""},"blog_page_settings":{"blog_page_title":"","blog_page_heading":"","blog_page_ic":"","blog_page_it":"","blog_page_ec":"","blog_page_ip":"","archive_loop_style":"","blog_image_ratio":"","blog_show_categories":"","blog_show_excerpt":"","blog_show_author":"","blog_show_date":"","blog_show_comment_count":"","blog_show_view_count":"","blog_show_like_count":"","blog_show_dislike_count":"","blog_items_per_page":"","blog_pag_type":""},"page_options":{"get_page_template":"","color_mode":"","main_layout":"","main_layout_full_with":"","main_logo":"","main_logo_retina":"","main_logo_mobile":"","main_logo_mobile_retina":"","sticky_logo":"","sticky_logo_retina":"","main_nav_layout":"","ajax_search":"","header_background":"","theme_sidebar":"","instagram_feed":"","instagram_feed_position":"","popular_videos":"","popular_videos_title_1":"","popular_videos_title_2":"","popular_videos_ic":"","popular_videos_it":"","theme_background":"","page_custom_css":""},"feature_image_settings":{"feature_image_position":""},"video_player_settings":{"single_video_style":"","video_player_position":"","vm_video_url":"","video_player_library":"","video_streaming":"","vm_media_sources":"","vid_auto_play":"","vm_video_shortcode":"","vid_p_sync_playlist":"","vid_c_sync_channel":"","get_post_format":"","multiple_links_structure":"default","multi_links_title":"","vm_video_multi_links":"","vm_duration":"","vid_social_locker":"off","vid_social_locker_id":"","vid_membership_action":"content-video","vm_video_trailer_url":"","vid_download_type":"free","vid_download_target":"download","vid_woo_product":"","vm_media_download":"","user_rating":"","user_rating_position":"","user_rating_mode":"","user_rating_multi_sets":""},"video_auto_fetch_settings":{"vm_video_fetch":"on"},"video_fake_views_likes":{"vm_fake_views":"","vm_fake_likes":"","vm_fake_dislikes":""},"gallery_settings":{"gallery_position":""},"quote_settings":{"quote_position":""},"post_options":{"main_layout":"","main_logo":"","main_logo_retina":"","main_logo_mobile":"","main_logo_mobile_retina":"","sticky_logo":"","sticky_logo_retina":"","main_nav_layout":"","header_background":"","theme_sidebar":"","single_post_comment_type":"","theme_background":""}},"_links":{"self":[{"href":"https:\/\/canal7slp.tv\/2019\/wp-json\/wp\/v2\/posts\/14526","targetHints":{"allow":["GET"]}}],"collection":[{"href":"https:\/\/canal7slp.tv\/2019\/wp-json\/wp\/v2\/posts"}],"about":[{"href":"https:\/\/canal7slp.tv\/2019\/wp-json\/wp\/v2\/types\/post"}],"author":[{"embeddable":true,"href":"https:\/\/canal7slp.tv\/2019\/wp-json\/wp\/v2\/users\/2"}],"replies":[{"embeddable":true,"href":"https:\/\/canal7slp.tv\/2019\/wp-json\/wp\/v2\/comments?post=14526"}],"version-history":[{"count":0,"href":"https:\/\/canal7slp.tv\/2019\/wp-json\/wp\/v2\/posts\/14526\/revisions"}],"wp:featuredmedia":[{"embeddable":true,"href":"https:\/\/canal7slp.tv\/2019\/wp-json\/wp\/v2\/media\/14543"}],"wp:attachment":[{"href":"https:\/\/canal7slp.tv\/2019\/wp-json\/wp\/v2\/media?parent=14526"}],"wp:term":[{"taxonomy":"category","embeddable":true,"href":"https:\/\/canal7slp.tv\/2019\/wp-json\/wp\/v2\/categories?post=14526"},{"taxonomy":"post_tag","embeddable":true,"href":"https:\/\/canal7slp.tv\/2019\/wp-json\/wp\/v2\/tags?post=14526"}],"curies":[{"name":"wp","href":"https:\/\/api.w.org\/{rel}","templated":true}]}}