{"id":14241,"date":"2019-06-13T14:22:31","date_gmt":"2019-06-13T19:22:31","guid":{"rendered":"https:\/\/canal7slp.tv\/2019\/?p=14241"},"modified":"2019-06-13T14:22:31","modified_gmt":"2019-06-13T19:22:31","slug":"asegura-ifetel-que-la-vision-de-dios-no-es-asociacion-religiosa","status":"publish","type":"post","link":"https:\/\/canal7slp.tv\/2019\/asegura-ifetel-que-la-vision-de-dios-no-es-asociacion-religiosa\/","title":{"rendered":"Asegura Ifetel que &#8220;La Visi\u00f3n de Dios&#8221; no es asociaci\u00f3n religiosa"},"content":{"rendered":"<p style=\"text-align: justify\">M\u00e9xico.-El Instituto Federal de Telecomunicaciones (Ifetel) asegur\u00f3 que entreg\u00f3 a La Visi\u00f3n de Dios A.C., una concesi\u00f3n para prestar servicios p\u00fablicos de telecomunicaciones y radiodifusi\u00f3n porque luego de que una investigaci\u00f3n determin\u00f3 que no es una asociaci\u00f3n religiosa.<\/p>\n<p style=\"text-align: justify\">\u201cPara el otorgamiento de concesi\u00f3n a la Visi\u00f3n de Dios, A.C., al igual que en todos los casos, se realiz\u00f3 una revisi\u00f3n al Directorio de Ministros de Culto de la Direcci\u00f3n General de Asociaciones Religiosas de la Secretar\u00eda de Gobernaci\u00f3n, y no se encontr\u00f3 registro de la representante legal o de sus asociados como ministros de culto que pudieran administrar, por s\u00ed o por interp\u00f3sita persona, una concesi\u00f3n\u201d, se\u00f1al\u00f3.<\/p>\n<p style=\"text-align: justify\">Como parte del proceso, abund\u00f3, \u201cel Ifetel pudo advertir que dentro del objeto de la asociaci\u00f3n no se encuentra alguna menci\u00f3n o forma de cumplimiento del mismo a trav\u00e9s de un culto religioso, o contar con apoyo de ministros de culto, ni que la realizaci\u00f3n de sus actividades sea encaminada a actos de culto religiosos\u201d.<\/p>\n<p style=\"text-align: justify\">\u201cEl Ifetel no ha otorgado concesi\u00f3n alguna a asociaciones religiosas. En todo momento, el Ifetel ha dado estricto cumplimiento a lo previsto en el marco legal para el otorgamiento de concesiones de radiodifusi\u00f3n y telecomunicaciones\u201d, afirm\u00f3.<\/p>\n<p style=\"text-align: justify\">El mi\u00e9rcoles,\u00a0<strong>Notimex\u00a0<\/strong>inform\u00f3 que el Ifetel otorg\u00f3 una concesi\u00f3n para telecomunicaciones y radiodifusi\u00f3n a un organismo religioso.<\/p>\n<p style=\"text-align: justify\">El \u00f3rgano regulador indic\u00f3 que la determinaci\u00f3n del nombre de la asociaci\u00f3n civil (La Visi\u00f3n de Dios) no establece como causa para el rechazo de una denominaci\u00f3n o raz\u00f3n social establecer nombres con alusi\u00f3n religiosa.<\/p>\n<p style=\"text-align: justify\">Notimex cuenta con una copia del \u201cT\u00edtulo de concesi\u00f3n \u00fanica para uso social que otorga el Instituto Federal de Telecomunicaciones para prestar servicios p\u00fablicos de telecomunicaciones y radiodifusi\u00f3n a favor de La Visi\u00f3n de Dios A.C.\u201d, el cual fue entregado el pasado 22 de mayo a Rebeca Chan, quien firm\u00f3 de recibido como representante legal de La Visi\u00f3n de Dios, A.C..<\/p>\n<p style=\"text-align: justify\">En el documento se establece que el concesionario se\u00f1al\u00f3 como domicilio para o\u00edr y recibir todo tipo de notificaciones y documentos: Calle 38 entre calles 35 y 37, Tablaje 20296, Colonia Chichi Su\u00e1rez, C.P. 97306, M\u00e9rida, Yucat\u00e1n.<\/p>\n<p style=\"text-align: justify\">Refiere que la Concesi\u00f3n \u00fanica se otorg\u00f3 para uso social y confiere a su titular el derecho para prestar servicios de telecomunicaciones y radiodifusi\u00f3n que sean t\u00e9cnicamente factibles, con prop\u00f3sitos culturales o a la comunidad sin fines de lucro, a trav\u00e9s de la infraestructura asociada a una red de telecomunicaciones, o estaciones de radiodifusi\u00f3n.<\/p>\n<p style=\"text-align: justify\">\u201cLa Concesi\u00f3n \u00fanica autoriza la prestaci\u00f3n, sin fines de lucro, de cualquier servicio de telecomunicaciones y radiodifusi\u00f3n que t\u00e9cnicamente sea factible, considerando la infraestructura requerida y medios de transmisi\u00f3n propios o de terceros con los que cuente el Concesionario en t\u00e9rminos de la Ley\u201d, se\u00f1ala el t\u00edtulo de concesi\u00f3n.<\/p>\n<p style=\"text-align: justify\">Refiere que la concesi\u00f3n \u00fanica para uso social tendr\u00e1 una vigencia de 30 a\u00f1os, contados a partir de la fecha de expedici\u00f3n del presente t\u00edtulo y podr\u00e1 ser prorrogada hasta por plazos iguales conforme a lo dispuesto en la ley.<\/p>\n<p style=\"text-align: justify\">Notimex tambi\u00e9n cuenta con otro documento nombrado \u201cT\u00edtulo de concesi\u00f3n para usar y aprovechar bandas de frecuencias del espectro radioel\u00e9ctrico para uso cial que otorga el Instituto Federal de Telecomunicaciones a favor de La Visi\u00f3n de Dios A.C.\u201d.<\/p>\n<p style=\"text-align: justify\">En \u00e9l se se\u00f1ala que con la concesi\u00f3n de espectro radioel\u00e9ctrico se otorga el uso y aprovechamiento de las bandas de frecuencias del espectro para uso social, sin fines de lucro, con prop\u00f3sitos culturales, cient\u00edficos, educativos o a la comunidad.<\/p>\n<p style=\"text-align: justify\">El t\u00edtulo de concesi\u00f3n refiere que La Visi\u00f3n de Dios A.C podr\u00e1 usar y aprovechar las bandas de frecuencias del espectro radioel\u00e9ctrico de radiodifusi\u00f3n en la frecuencia 1Ol .9 MHz.<\/p>\n<p style=\"text-align: justify\">Tambi\u00e9n se\u00f1ala que el concesionario deber\u00e1 usar y aprovechar las frecuencias radioel\u00e9ctricas para prestar el Servicio P\u00fablico de Radiodifusi\u00f3n Sonora en la ciudad de M\u00e9rida, Yucat\u00e1n.<\/p>\n<p style=\"text-align: justify\">Notimex solicit\u00f3 al Ifetel detalles de la concesi\u00f3n; adem\u00e1s se le cuestion\u00f3 si tiene plena certeza de que no le entregaron una concesi\u00f3n a una asociaci\u00f3n religiosa, sin embargo, se limit\u00f3 a decir que la respuesta ya estaba dada en una nota aclaratoria previamente enviada.<\/p>\n","protected":false},"excerpt":{"rendered":"<p>M\u00e9xico.-El Instituto Federal de Telecomunicaciones (Ifetel) asegur\u00f3 que entreg\u00f3 a La Visi\u00f3n de Dios A.C., una concesi\u00f3n para prestar servicios p\u00fablicos de telecomunicaciones y radiodifusi\u00f3n porque luego de que una investigaci\u00f3n determin\u00f3 que no es una asociaci\u00f3n religiosa. \u201cPara el otorgamiento de concesi\u00f3n a la Visi\u00f3n de Dios, A.C., al igual que en todos los [&hellip;]<\/p>\n","protected":false},"author":2,"featured_media":14242,"comment_status":"open","ping_status":"closed","sticky":false,"template":"","format":"standard","meta":{"footnotes":""},"categories":[30],"tags":[],"class_list":["post-14241","post","type-post","status-publish","format-standard","has-post-thumbnail","hentry","category-nacional"],"yoast_head":"<!-- This site is optimized with the Yoast SEO plugin v27.5 - https:\/\/yoast.com\/product\/yoast-seo-wordpress\/ -->\n<title>Asegura Ifetel que &quot;La Visi\u00f3n de Dios&quot; no es asociaci\u00f3n religiosa - Canal 7 SLP - 2019<\/title>\n<meta name=\"robots\" content=\"index, follow, max-snippet:-1, max-image-preview:large, max-video-preview:-1\" \/>\n<link rel=\"canonical\" href=\"https:\/\/canal7slp.tv\/2019\/asegura-ifetel-que-la-vision-de-dios-no-es-asociacion-religiosa\/\" \/>\n<meta property=\"og:locale\" content=\"es_ES\" \/>\n<meta property=\"og:type\" content=\"article\" \/>\n<meta property=\"og:title\" content=\"Asegura Ifetel que &quot;La Visi\u00f3n de Dios&quot; no es asociaci\u00f3n religiosa - Canal 7 SLP - 2019\" \/>\n<meta property=\"og:description\" content=\"M\u00e9xico.-El Instituto Federal de Telecomunicaciones (Ifetel) asegur\u00f3 que entreg\u00f3 a La Visi\u00f3n de Dios A.C., una concesi\u00f3n para prestar servicios p\u00fablicos de telecomunicaciones y radiodifusi\u00f3n porque luego de que una investigaci\u00f3n determin\u00f3 que no es una asociaci\u00f3n religiosa. \u201cPara el otorgamiento de concesi\u00f3n a la Visi\u00f3n de Dios, A.C., al igual que en todos los [&hellip;]\" \/>\n<meta property=\"og:url\" content=\"https:\/\/canal7slp.tv\/2019\/asegura-ifetel-que-la-vision-de-dios-no-es-asociacion-religiosa\/\" \/>\n<meta property=\"og:site_name\" content=\"Canal 7 SLP - 2019\" \/>\n<meta property=\"article:publisher\" content=\"https:\/\/www.facebook.com\/CANAL7SLP\/\" \/>\n<meta property=\"article:published_time\" content=\"2019-06-13T19:22:31+00:00\" \/>\n<meta property=\"og:image\" content=\"https:\/\/canal7slp.tv\/2019\/wp-content\/uploads\/2019\/06\/19.png\" \/>\n\t<meta property=\"og:image:width\" content=\"730\" \/>\n\t<meta property=\"og:image:height\" content=\"410\" \/>\n\t<meta property=\"og:image:type\" content=\"image\/png\" \/>\n<meta name=\"author\" content=\"edicionweb\" \/>\n<meta name=\"twitter:card\" content=\"summary_large_image\" \/>\n<meta name=\"twitter:creator\" content=\"@canal7_slp\" \/>\n<meta name=\"twitter:site\" content=\"@canal7_slp\" \/>\n<meta name=\"twitter:label1\" content=\"Escrito por\" \/>\n\t<meta name=\"twitter:data1\" content=\"edicionweb\" \/>\n\t<meta name=\"twitter:label2\" content=\"Tiempo de lectura\" \/>\n\t<meta name=\"twitter:data2\" content=\"4 minutos\" \/>\n<script type=\"application\/ld+json\" class=\"yoast-schema-graph\">{\"@context\":\"https:\\\/\\\/schema.org\",\"@graph\":[{\"@type\":\"Article\",\"@id\":\"https:\\\/\\\/canal7slp.tv\\\/2019\\\/asegura-ifetel-que-la-vision-de-dios-no-es-asociacion-religiosa\\\/#article\",\"isPartOf\":{\"@id\":\"https:\\\/\\\/canal7slp.tv\\\/2019\\\/asegura-ifetel-que-la-vision-de-dios-no-es-asociacion-religiosa\\\/\"},\"author\":{\"name\":\"edicionweb\",\"@id\":\"https:\\\/\\\/canal7slp.tv\\\/2019\\\/#\\\/schema\\\/person\\\/11d941c1c6ca30ac0a46b95fa37aa2e3\"},\"headline\":\"Asegura Ifetel que &#8220;La Visi\u00f3n de Dios&#8221; no es asociaci\u00f3n religiosa\",\"datePublished\":\"2019-06-13T19:22:31+00:00\",\"mainEntityOfPage\":{\"@id\":\"https:\\\/\\\/canal7slp.tv\\\/2019\\\/asegura-ifetel-que-la-vision-de-dios-no-es-asociacion-religiosa\\\/\"},\"wordCount\":771,\"commentCount\":0,\"publisher\":{\"@id\":\"https:\\\/\\\/canal7slp.tv\\\/2019\\\/#organization\"},\"image\":{\"@id\":\"https:\\\/\\\/canal7slp.tv\\\/2019\\\/asegura-ifetel-que-la-vision-de-dios-no-es-asociacion-religiosa\\\/#primaryimage\"},\"thumbnailUrl\":\"https:\\\/\\\/canal7slp.tv\\\/2019\\\/wp-content\\\/uploads\\\/2019\\\/06\\\/19.png\",\"articleSection\":[\"NACIONAL\"],\"inLanguage\":\"es\",\"potentialAction\":[{\"@type\":\"CommentAction\",\"name\":\"Comment\",\"target\":[\"https:\\\/\\\/canal7slp.tv\\\/2019\\\/asegura-ifetel-que-la-vision-de-dios-no-es-asociacion-religiosa\\\/#respond\"]}]},{\"@type\":\"WebPage\",\"@id\":\"https:\\\/\\\/canal7slp.tv\\\/2019\\\/asegura-ifetel-que-la-vision-de-dios-no-es-asociacion-religiosa\\\/\",\"url\":\"https:\\\/\\\/canal7slp.tv\\\/2019\\\/asegura-ifetel-que-la-vision-de-dios-no-es-asociacion-religiosa\\\/\",\"name\":\"Asegura Ifetel que \\\"La Visi\u00f3n de Dios\\\" no es asociaci\u00f3n religiosa - Canal 7 SLP - 2019\",\"isPartOf\":{\"@id\":\"https:\\\/\\\/canal7slp.tv\\\/2019\\\/#website\"},\"primaryImageOfPage\":{\"@id\":\"https:\\\/\\\/canal7slp.tv\\\/2019\\\/asegura-ifetel-que-la-vision-de-dios-no-es-asociacion-religiosa\\\/#primaryimage\"},\"image\":{\"@id\":\"https:\\\/\\\/canal7slp.tv\\\/2019\\\/asegura-ifetel-que-la-vision-de-dios-no-es-asociacion-religiosa\\\/#primaryimage\"},\"thumbnailUrl\":\"https:\\\/\\\/canal7slp.tv\\\/2019\\\/wp-content\\\/uploads\\\/2019\\\/06\\\/19.png\",\"datePublished\":\"2019-06-13T19:22:31+00:00\",\"breadcrumb\":{\"@id\":\"https:\\\/\\\/canal7slp.tv\\\/2019\\\/asegura-ifetel-que-la-vision-de-dios-no-es-asociacion-religiosa\\\/#breadcrumb\"},\"inLanguage\":\"es\",\"potentialAction\":[{\"@type\":\"ReadAction\",\"target\":[\"https:\\\/\\\/canal7slp.tv\\\/2019\\\/asegura-ifetel-que-la-vision-de-dios-no-es-asociacion-religiosa\\\/\"]}]},{\"@type\":\"ImageObject\",\"inLanguage\":\"es\",\"@id\":\"https:\\\/\\\/canal7slp.tv\\\/2019\\\/asegura-ifetel-que-la-vision-de-dios-no-es-asociacion-religiosa\\\/#primaryimage\",\"url\":\"https:\\\/\\\/canal7slp.tv\\\/2019\\\/wp-content\\\/uploads\\\/2019\\\/06\\\/19.png\",\"contentUrl\":\"https:\\\/\\\/canal7slp.tv\\\/2019\\\/wp-content\\\/uploads\\\/2019\\\/06\\\/19.png\",\"width\":730,\"height\":410},{\"@type\":\"BreadcrumbList\",\"@id\":\"https:\\\/\\\/canal7slp.tv\\\/2019\\\/asegura-ifetel-que-la-vision-de-dios-no-es-asociacion-religiosa\\\/#breadcrumb\",\"itemListElement\":[{\"@type\":\"ListItem\",\"position\":1,\"name\":\"Home\",\"item\":\"https:\\\/\\\/canal7slp.tv\\\/2019\\\/\"},{\"@type\":\"ListItem\",\"position\":2,\"name\":\"Asegura Ifetel que &#8220;La Visi\u00f3n de Dios&#8221; no es asociaci\u00f3n religiosa\"}]},{\"@type\":\"WebSite\",\"@id\":\"https:\\\/\\\/canal7slp.tv\\\/2019\\\/#website\",\"url\":\"https:\\\/\\\/canal7slp.tv\\\/2019\\\/\",\"name\":\"Canal 7 SLP - Somos TV\",\"description\":\"Somos un Canal de 10\",\"publisher\":{\"@id\":\"https:\\\/\\\/canal7slp.tv\\\/2019\\\/#organization\"},\"potentialAction\":[{\"@type\":\"SearchAction\",\"target\":{\"@type\":\"EntryPoint\",\"urlTemplate\":\"https:\\\/\\\/canal7slp.tv\\\/2019\\\/?s={search_term_string}\"},\"query-input\":{\"@type\":\"PropertyValueSpecification\",\"valueRequired\":true,\"valueName\":\"search_term_string\"}}],\"inLanguage\":\"es\"},{\"@type\":\"Organization\",\"@id\":\"https:\\\/\\\/canal7slp.tv\\\/2019\\\/#organization\",\"name\":\"Comunicaci\u00f3n 2000 S.A. de C.V.\",\"url\":\"https:\\\/\\\/canal7slp.tv\\\/2019\\\/\",\"logo\":{\"@type\":\"ImageObject\",\"inLanguage\":\"es\",\"@id\":\"https:\\\/\\\/canal7slp.tv\\\/2019\\\/#\\\/schema\\\/logo\\\/image\\\/\",\"url\":\"https:\\\/\\\/canal7slp.tv\\\/2019\\\/wp-content\\\/uploads\\\/2019\\\/07\\\/logo-c7.png\",\"contentUrl\":\"https:\\\/\\\/canal7slp.tv\\\/2019\\\/wp-content\\\/uploads\\\/2019\\\/07\\\/logo-c7.png\",\"width\":220,\"height\":60,\"caption\":\"Comunicaci\u00f3n 2000 S.A. de C.V.\"},\"image\":{\"@id\":\"https:\\\/\\\/canal7slp.tv\\\/2019\\\/#\\\/schema\\\/logo\\\/image\\\/\"},\"sameAs\":[\"https:\\\/\\\/www.facebook.com\\\/CANAL7SLP\\\/\",\"https:\\\/\\\/x.com\\\/canal7_slp\",\"https:\\\/\\\/www.instagram.com\\\/canal7_slp\",\"https:\\\/\\\/www.youtube.com\\\/user\\\/NOTICIEROSCANAL7SLP\\\/\"]},{\"@type\":\"Person\",\"@id\":\"https:\\\/\\\/canal7slp.tv\\\/2019\\\/#\\\/schema\\\/person\\\/11d941c1c6ca30ac0a46b95fa37aa2e3\",\"name\":\"edicionweb\",\"image\":{\"@type\":\"ImageObject\",\"inLanguage\":\"es\",\"@id\":\"https:\\\/\\\/secure.gravatar.com\\\/avatar\\\/eee448fc3f7164808013b816ba91ac7e43bbe82a70bebac296f8bc6f0addaa1a?s=96&d=mm&r=g\",\"url\":\"https:\\\/\\\/secure.gravatar.com\\\/avatar\\\/eee448fc3f7164808013b816ba91ac7e43bbe82a70bebac296f8bc6f0addaa1a?s=96&d=mm&r=g\",\"contentUrl\":\"https:\\\/\\\/secure.gravatar.com\\\/avatar\\\/eee448fc3f7164808013b816ba91ac7e43bbe82a70bebac296f8bc6f0addaa1a?s=96&d=mm&r=g\",\"caption\":\"edicionweb\"}}]}<\/script>\n<!-- \/ Yoast SEO plugin. -->","yoast_head_json":{"title":"Asegura Ifetel que \"La Visi\u00f3n de Dios\" no es asociaci\u00f3n religiosa - Canal 7 SLP - 2019","robots":{"index":"index","follow":"follow","max-snippet":"max-snippet:-1","max-image-preview":"max-image-preview:large","max-video-preview":"max-video-preview:-1"},"canonical":"https:\/\/canal7slp.tv\/2019\/asegura-ifetel-que-la-vision-de-dios-no-es-asociacion-religiosa\/","og_locale":"es_ES","og_type":"article","og_title":"Asegura Ifetel que \"La Visi\u00f3n de Dios\" no es asociaci\u00f3n religiosa - Canal 7 SLP - 2019","og_description":"M\u00e9xico.-El Instituto Federal de Telecomunicaciones (Ifetel) asegur\u00f3 que entreg\u00f3 a La Visi\u00f3n de Dios A.C., una concesi\u00f3n para prestar servicios p\u00fablicos de telecomunicaciones y radiodifusi\u00f3n porque luego de que una investigaci\u00f3n determin\u00f3 que no es una asociaci\u00f3n religiosa. \u201cPara el otorgamiento de concesi\u00f3n a la Visi\u00f3n de Dios, A.C., al igual que en todos los [&hellip;]","og_url":"https:\/\/canal7slp.tv\/2019\/asegura-ifetel-que-la-vision-de-dios-no-es-asociacion-religiosa\/","og_site_name":"Canal 7 SLP - 2019","article_publisher":"https:\/\/www.facebook.com\/CANAL7SLP\/","article_published_time":"2019-06-13T19:22:31+00:00","og_image":[{"width":730,"height":410,"url":"https:\/\/canal7slp.tv\/2019\/wp-content\/uploads\/2019\/06\/19.png","type":"image\/png"}],"author":"edicionweb","twitter_card":"summary_large_image","twitter_creator":"@canal7_slp","twitter_site":"@canal7_slp","twitter_misc":{"Escrito por":"edicionweb","Tiempo de lectura":"4 minutos"},"schema":{"@context":"https:\/\/schema.org","@graph":[{"@type":"Article","@id":"https:\/\/canal7slp.tv\/2019\/asegura-ifetel-que-la-vision-de-dios-no-es-asociacion-religiosa\/#article","isPartOf":{"@id":"https:\/\/canal7slp.tv\/2019\/asegura-ifetel-que-la-vision-de-dios-no-es-asociacion-religiosa\/"},"author":{"name":"edicionweb","@id":"https:\/\/canal7slp.tv\/2019\/#\/schema\/person\/11d941c1c6ca30ac0a46b95fa37aa2e3"},"headline":"Asegura Ifetel que &#8220;La Visi\u00f3n de Dios&#8221; no es asociaci\u00f3n religiosa","datePublished":"2019-06-13T19:22:31+00:00","mainEntityOfPage":{"@id":"https:\/\/canal7slp.tv\/2019\/asegura-ifetel-que-la-vision-de-dios-no-es-asociacion-religiosa\/"},"wordCount":771,"commentCount":0,"publisher":{"@id":"https:\/\/canal7slp.tv\/2019\/#organization"},"image":{"@id":"https:\/\/canal7slp.tv\/2019\/asegura-ifetel-que-la-vision-de-dios-no-es-asociacion-religiosa\/#primaryimage"},"thumbnailUrl":"https:\/\/canal7slp.tv\/2019\/wp-content\/uploads\/2019\/06\/19.png","articleSection":["NACIONAL"],"inLanguage":"es","potentialAction":[{"@type":"CommentAction","name":"Comment","target":["https:\/\/canal7slp.tv\/2019\/asegura-ifetel-que-la-vision-de-dios-no-es-asociacion-religiosa\/#respond"]}]},{"@type":"WebPage","@id":"https:\/\/canal7slp.tv\/2019\/asegura-ifetel-que-la-vision-de-dios-no-es-asociacion-religiosa\/","url":"https:\/\/canal7slp.tv\/2019\/asegura-ifetel-que-la-vision-de-dios-no-es-asociacion-religiosa\/","name":"Asegura Ifetel que \"La Visi\u00f3n de Dios\" no es asociaci\u00f3n religiosa - Canal 7 SLP - 2019","isPartOf":{"@id":"https:\/\/canal7slp.tv\/2019\/#website"},"primaryImageOfPage":{"@id":"https:\/\/canal7slp.tv\/2019\/asegura-ifetel-que-la-vision-de-dios-no-es-asociacion-religiosa\/#primaryimage"},"image":{"@id":"https:\/\/canal7slp.tv\/2019\/asegura-ifetel-que-la-vision-de-dios-no-es-asociacion-religiosa\/#primaryimage"},"thumbnailUrl":"https:\/\/canal7slp.tv\/2019\/wp-content\/uploads\/2019\/06\/19.png","datePublished":"2019-06-13T19:22:31+00:00","breadcrumb":{"@id":"https:\/\/canal7slp.tv\/2019\/asegura-ifetel-que-la-vision-de-dios-no-es-asociacion-religiosa\/#breadcrumb"},"inLanguage":"es","potentialAction":[{"@type":"ReadAction","target":["https:\/\/canal7slp.tv\/2019\/asegura-ifetel-que-la-vision-de-dios-no-es-asociacion-religiosa\/"]}]},{"@type":"ImageObject","inLanguage":"es","@id":"https:\/\/canal7slp.tv\/2019\/asegura-ifetel-que-la-vision-de-dios-no-es-asociacion-religiosa\/#primaryimage","url":"https:\/\/canal7slp.tv\/2019\/wp-content\/uploads\/2019\/06\/19.png","contentUrl":"https:\/\/canal7slp.tv\/2019\/wp-content\/uploads\/2019\/06\/19.png","width":730,"height":410},{"@type":"BreadcrumbList","@id":"https:\/\/canal7slp.tv\/2019\/asegura-ifetel-que-la-vision-de-dios-no-es-asociacion-religiosa\/#breadcrumb","itemListElement":[{"@type":"ListItem","position":1,"name":"Home","item":"https:\/\/canal7slp.tv\/2019\/"},{"@type":"ListItem","position":2,"name":"Asegura Ifetel que &#8220;La Visi\u00f3n de Dios&#8221; no es asociaci\u00f3n religiosa"}]},{"@type":"WebSite","@id":"https:\/\/canal7slp.tv\/2019\/#website","url":"https:\/\/canal7slp.tv\/2019\/","name":"Canal 7 SLP - Somos TV","description":"Somos un Canal de 10","publisher":{"@id":"https:\/\/canal7slp.tv\/2019\/#organization"},"potentialAction":[{"@type":"SearchAction","target":{"@type":"EntryPoint","urlTemplate":"https:\/\/canal7slp.tv\/2019\/?s={search_term_string}"},"query-input":{"@type":"PropertyValueSpecification","valueRequired":true,"valueName":"search_term_string"}}],"inLanguage":"es"},{"@type":"Organization","@id":"https:\/\/canal7slp.tv\/2019\/#organization","name":"Comunicaci\u00f3n 2000 S.A. de C.V.","url":"https:\/\/canal7slp.tv\/2019\/","logo":{"@type":"ImageObject","inLanguage":"es","@id":"https:\/\/canal7slp.tv\/2019\/#\/schema\/logo\/image\/","url":"https:\/\/canal7slp.tv\/2019\/wp-content\/uploads\/2019\/07\/logo-c7.png","contentUrl":"https:\/\/canal7slp.tv\/2019\/wp-content\/uploads\/2019\/07\/logo-c7.png","width":220,"height":60,"caption":"Comunicaci\u00f3n 2000 S.A. de C.V."},"image":{"@id":"https:\/\/canal7slp.tv\/2019\/#\/schema\/logo\/image\/"},"sameAs":["https:\/\/www.facebook.com\/CANAL7SLP\/","https:\/\/x.com\/canal7_slp","https:\/\/www.instagram.com\/canal7_slp","https:\/\/www.youtube.com\/user\/NOTICIEROSCANAL7SLP\/"]},{"@type":"Person","@id":"https:\/\/canal7slp.tv\/2019\/#\/schema\/person\/11d941c1c6ca30ac0a46b95fa37aa2e3","name":"edicionweb","image":{"@type":"ImageObject","inLanguage":"es","@id":"https:\/\/secure.gravatar.com\/avatar\/eee448fc3f7164808013b816ba91ac7e43bbe82a70bebac296f8bc6f0addaa1a?s=96&d=mm&r=g","url":"https:\/\/secure.gravatar.com\/avatar\/eee448fc3f7164808013b816ba91ac7e43bbe82a70bebac296f8bc6f0addaa1a?s=96&d=mm&r=g","contentUrl":"https:\/\/secure.gravatar.com\/avatar\/eee448fc3f7164808013b816ba91ac7e43bbe82a70bebac296f8bc6f0addaa1a?s=96&d=mm&r=g","caption":"edicionweb"}}]}},"amp_enabled":true,"cmb2":{"video_ids_in_playlist":{"vid_p_videos":""},"video_ids_in_channel":{"vid_c_videos":""},"playlist_ids_in_channel":{"vid_c_playlists":""},"series_ids_in_channel":{"vid_c_series":""},"channel_images":{"vid_c_logo":"","vid_c_banner":""},"poster_feature_image":{"vid_m_poster_image":""},"gif_feature_image":{"vid_m_gif_image":""},"video_movie_settings":{"vid_m_director":"","vid_m_actor":"","vid_m_imdb_ratings":"","vid_m_amazon_associates":""},"vid_youtube_broadcasts_settings":{"vid_yb_broadcast_title":"","vid_yb_q":"","vid_yb_channelid":"","vid_yb_videocategoryid":"","vid_yb_maxresults":"","vid_yb_order":"","vid_yb_regioncode":"","vid_yb_videosyndicated":"","vid_yb_style":"","vid_yb_reload_first":""},"video_series_settings":{"vid_m_director":"","vid_m_actor":"","vid_m_imdb_ratings":"","video_series_group":""},"amazon_associates_settings":{"amazon_associates":"","amazon_native_ad":""},"vid_youtube_automatic_settings":{"vid_ya_youtube_source":"","vid_ya_update_every":"","vid_ya_update_unit":"","vid_ya_categories":"","vid_ya_published_after":"","vid_ya_published_before":"","vid_ya_playlists":"","vid_ya_channels":"","vid_ya_director":"","vid_ya_actor":"","vid_ya_author":"","vid_ya_import_post_date":"","vid_ya_status":"","vid_ya_sub_api_key":""},"vid_ads_m_videoads_settings_post":{"vid_ads_m_video_ads":"","vid_ads_m_video_ads_type":"","vid_ads_m_group_google_ima":"","vid_ads_m_group_image":"","vid_ads_m_group_html5_video":"","vid_ads_m_group_html":"","vid_ads_m_vast_preroll":"","vid_ads_m_vast_postroll":"","vid_ads_m_vast_pauseroll":"","vid_ads_m_vast_midroll":[{"vid_ads_m_vast_timer_seconds":"50"}],"vid_ads_m_time_to_show_ads":"","vid_ads_m_time_skip_ads":"","vid_ads_m_time_to_hide_ads":""},"page_slider_settings":{"display_slider_group":"","page_slider_group":""},"blog_page_settings":{"blog_page_title":"","blog_page_heading":"","blog_page_ic":"","blog_page_it":"","blog_page_ec":"","blog_page_ip":"","archive_loop_style":"","blog_image_ratio":"","blog_show_categories":"","blog_show_excerpt":"","blog_show_author":"","blog_show_date":"","blog_show_comment_count":"","blog_show_view_count":"","blog_show_like_count":"","blog_show_dislike_count":"","blog_items_per_page":"","blog_pag_type":""},"page_options":{"get_page_template":"","color_mode":"","main_layout":"","main_layout_full_with":"","main_logo":"","main_logo_retina":"","main_logo_mobile":"","main_logo_mobile_retina":"","sticky_logo":"","sticky_logo_retina":"","main_nav_layout":"","ajax_search":"","header_background":"","theme_sidebar":"","instagram_feed":"","instagram_feed_position":"","popular_videos":"","popular_videos_title_1":"","popular_videos_title_2":"","popular_videos_ic":"","popular_videos_it":"","theme_background":"","page_custom_css":""},"feature_image_settings":{"feature_image_position":""},"video_player_settings":{"single_video_style":"","video_player_position":"","vm_video_url":"","video_player_library":"","video_streaming":"","vm_media_sources":"","vid_auto_play":"","vm_video_shortcode":"","vid_p_sync_playlist":"","vid_c_sync_channel":"","get_post_format":"","multiple_links_structure":"default","multi_links_title":"","vm_video_multi_links":"","vm_duration":"","vid_social_locker":"off","vid_social_locker_id":"","vid_membership_action":"content-video","vm_video_trailer_url":"","vid_download_type":"free","vid_download_target":"download","vid_woo_product":"","vm_media_download":"","user_rating":"","user_rating_position":"","user_rating_mode":"","user_rating_multi_sets":""},"video_auto_fetch_settings":{"vm_video_fetch":"on"},"video_fake_views_likes":{"vm_fake_views":"","vm_fake_likes":"","vm_fake_dislikes":""},"gallery_settings":{"gallery_position":""},"quote_settings":{"quote_position":""},"post_options":{"main_layout":"","main_logo":"","main_logo_retina":"","main_logo_mobile":"","main_logo_mobile_retina":"","sticky_logo":"","sticky_logo_retina":"","main_nav_layout":"","header_background":"","theme_sidebar":"","single_post_comment_type":"","theme_background":""}},"_links":{"self":[{"href":"https:\/\/canal7slp.tv\/2019\/wp-json\/wp\/v2\/posts\/14241","targetHints":{"allow":["GET"]}}],"collection":[{"href":"https:\/\/canal7slp.tv\/2019\/wp-json\/wp\/v2\/posts"}],"about":[{"href":"https:\/\/canal7slp.tv\/2019\/wp-json\/wp\/v2\/types\/post"}],"author":[{"embeddable":true,"href":"https:\/\/canal7slp.tv\/2019\/wp-json\/wp\/v2\/users\/2"}],"replies":[{"embeddable":true,"href":"https:\/\/canal7slp.tv\/2019\/wp-json\/wp\/v2\/comments?post=14241"}],"version-history":[{"count":0,"href":"https:\/\/canal7slp.tv\/2019\/wp-json\/wp\/v2\/posts\/14241\/revisions"}],"wp:featuredmedia":[{"embeddable":true,"href":"https:\/\/canal7slp.tv\/2019\/wp-json\/wp\/v2\/media\/14242"}],"wp:attachment":[{"href":"https:\/\/canal7slp.tv\/2019\/wp-json\/wp\/v2\/media?parent=14241"}],"wp:term":[{"taxonomy":"category","embeddable":true,"href":"https:\/\/canal7slp.tv\/2019\/wp-json\/wp\/v2\/categories?post=14241"},{"taxonomy":"post_tag","embeddable":true,"href":"https:\/\/canal7slp.tv\/2019\/wp-json\/wp\/v2\/tags?post=14241"}],"curies":[{"name":"wp","href":"https:\/\/api.w.org\/{rel}","templated":true}]}}