{"id":14216,"date":"2019-06-13T13:31:37","date_gmt":"2019-06-13T18:31:37","guid":{"rendered":"https:\/\/canal7slp.tv\/2019\/?p=14216"},"modified":"2019-06-13T13:31:37","modified_gmt":"2019-06-13T18:31:37","slug":"familia-decidio-desconectar-a-edith-asegura-mara-patricia-castaneda","status":"publish","type":"post","link":"https:\/\/canal7slp.tv\/2019\/familia-decidio-desconectar-a-edith-asegura-mara-patricia-castaneda\/","title":{"rendered":"Familia decidi\u00f3 desconectar a Edith, asegura Mara Patricia Casta\u00f1eda"},"content":{"rendered":"<p style=\"text-align: justify\">M\u00e9xico.- La actriz mexicana Edith Gonz\u00e1lez fue desconectada la madrugada de este jueves por decisi\u00f3n de la familia, en un hospital de Huixquilucan, Estado de M\u00e9xico, donde se encontraba internada desde hace un par de semanas debido a que el c\u00e1ncer volvi\u00f3 a su cuerpo, aunque se desconoce en qu\u00e9 sitio de su organismo.<\/p>\n<p style=\"text-align: justify\">La noticia fue confirmada la periodista Mara Patricia Casta\u00f1eda con la autorizaci\u00f3n de Cynthia Klitbo, secretaria de Previsi\u00f3n Social de la Asociaci\u00f3n Nacional de Actores (ANDA), y quien est\u00e1 a cargo de los servicios funerarios a fin de cumplir con la \u00faltima voluntad de la protagonista de telenovelas como\u00a0<em>Coraz\u00f3n salvaje<\/em>\u00a0(1993),\u00a0<em>Salom\u00e9<\/em>\u00a0y\u00a0<em>Do\u00f1a B\u00e1rbara<\/em>\u00a0(2008), entre otras.<\/p>\n<p style=\"text-align: justify\">\u201cEdith ten\u00eda 54 a\u00f1os y decidieron desconectarla durante la madrugada de este jueves. El c\u00e1ncer volvi\u00f3 a su cuerpo, pero desconozco en qu\u00e9 parte. S\u00f3lo puedo decir que este mal la llev\u00f3 a una condici\u00f3n de debilidad\u201d, coment\u00f3 Casta\u00f1eda, directora general de Televisa Espect\u00e1culos.<\/p>\n<p style=\"text-align: justify\">La familia, dijo, \u201copt\u00f3 por desconectarla porque no s\u00e9 si se haya puesto mal del coraz\u00f3n o de alg\u00fan otro \u00f3rgano. Edith siempre fue muy discreta y nunca quiso confirmar que el c\u00e1ncer hab\u00eda vuelto\u201d.<\/p>\n<p style=\"text-align: justify\">Casta\u00f1eda inform\u00f3 que la actriz Vanessa Bauche le comunic\u00f3 a Cynthia Klitbo que Edith anhelaba ser velada en el Teatro &#8220;Jorge Negrete&#8221;, de la ANDA, pero a\u00fan no se sabe si se cumplir\u00e1 esa petici\u00f3n.<\/p>\n<p style=\"text-align: justify\">Fue hace dos meses cuando trascendi\u00f3 que a Edith Gonz\u00e1lez le hab\u00eda regresado el c\u00e1ncer. No obstante, fue la propia actriz quien desminti\u00f3 la noticia en un encuentro con la prensa.<\/p>\n<p style=\"text-align: justify\">\u201cPues s\u00ed ya, ni modo, ah\u00ed que se queden con su nota. Sin comentarios, aqu\u00ed estoy y punto\u201d, expres\u00f3 el pasado 22 de abril al explicar que por diversi\u00f3n portaba una peluca rosa en la cabeza.<\/p>\n<p style=\"text-align: justify\">En agosto de 2016, a trav\u00e9s de sus redes sociales, la artista revel\u00f3 que padec\u00eda c\u00e1ncer de ovario y hab\u00eda sido sometida a una intervenci\u00f3n quir\u00fargica para luego continuar con un tratamiento de quimioterapias y radioterapias. Dos a\u00f1os despu\u00e9s declar\u00f3 que hab\u00eda ganado la batalla contra esa enfermedad.<\/p>\n<p style=\"text-align: justify\">Mara Patricia Casta\u00f1eda\u00a0record\u00f3 que la \u00faltima vez que vio a Edith fue en una comida de un amigo en com\u00fan.<\/p>\n<p style=\"text-align: justify\">\u201cLleg\u00f3 acompa\u00f1ada de Constanza, que est\u00e1 preciosa, y de su asistente. Su marido no pudo ir. La vi muy contenta y con eso me quiero quedar, con su sonrisa, con las ganas de no victimizarse sino seguir luchando y trabajando\u201d, resalt\u00f3.<\/p>\n<p style=\"text-align: justify\">Consider\u00f3 que se le debe recordar \u201ccomo un ejemplo, como una mujer que no se venci\u00f3 y que luch\u00f3 hasta el \u00faltimo d\u00eda de su vida. Debe ser un ejemplo para todas las mujeres\u201d.<\/p>\n<p style=\"text-align: justify\">De acuerdo con Casta\u00f1eda, Lorenzo Lazo, esposo de la actriz, padece c\u00e1ncer en el est\u00f3mago.<\/p>\n<p style=\"text-align: justify\">A Edith Gonz\u00e1lez le sobreviven su hija Constanza de 14 a\u00f1os, su madre Ofelia Fuentes, su marido y su hermano V\u00edctor Manuel.<\/p>\n","protected":false},"excerpt":{"rendered":"<p>M\u00e9xico.- La actriz mexicana Edith Gonz\u00e1lez fue desconectada la madrugada de este jueves por decisi\u00f3n de la familia, en un hospital de Huixquilucan, Estado de M\u00e9xico, donde se encontraba internada desde hace un par de semanas debido a que el c\u00e1ncer volvi\u00f3 a su cuerpo, aunque se desconoce en qu\u00e9 sitio de su organismo. La [&hellip;]<\/p>\n","protected":false},"author":2,"featured_media":14217,"comment_status":"open","ping_status":"closed","sticky":false,"template":"","format":"standard","meta":{"footnotes":""},"categories":[24],"tags":[],"class_list":["post-14216","post","type-post","status-publish","format-standard","has-post-thumbnail","hentry","category-espectaculos"],"yoast_head":"<!-- This site is optimized with the Yoast SEO plugin v27.5 - https:\/\/yoast.com\/product\/yoast-seo-wordpress\/ -->\n<title>Familia decidi\u00f3 desconectar a Edith, asegura Mara Patricia Casta\u00f1eda - Canal 7 SLP - 2019<\/title>\n<meta name=\"robots\" content=\"index, follow, max-snippet:-1, max-image-preview:large, max-video-preview:-1\" \/>\n<link rel=\"canonical\" href=\"https:\/\/canal7slp.tv\/2019\/familia-decidio-desconectar-a-edith-asegura-mara-patricia-castaneda\/\" \/>\n<meta property=\"og:locale\" content=\"es_ES\" \/>\n<meta property=\"og:type\" content=\"article\" \/>\n<meta property=\"og:title\" content=\"Familia decidi\u00f3 desconectar a Edith, asegura Mara Patricia Casta\u00f1eda - Canal 7 SLP - 2019\" \/>\n<meta property=\"og:description\" content=\"M\u00e9xico.- La actriz mexicana Edith Gonz\u00e1lez fue desconectada la madrugada de este jueves por decisi\u00f3n de la familia, en un hospital de Huixquilucan, Estado de M\u00e9xico, donde se encontraba internada desde hace un par de semanas debido a que el c\u00e1ncer volvi\u00f3 a su cuerpo, aunque se desconoce en qu\u00e9 sitio de su organismo. La [&hellip;]\" \/>\n<meta property=\"og:url\" content=\"https:\/\/canal7slp.tv\/2019\/familia-decidio-desconectar-a-edith-asegura-mara-patricia-castaneda\/\" \/>\n<meta property=\"og:site_name\" content=\"Canal 7 SLP - 2019\" \/>\n<meta property=\"article:publisher\" content=\"https:\/\/www.facebook.com\/CANAL7SLP\/\" \/>\n<meta property=\"article:published_time\" content=\"2019-06-13T18:31:37+00:00\" \/>\n<meta property=\"og:image\" content=\"https:\/\/canal7slp.tv\/2019\/wp-content\/uploads\/2019\/06\/11-7.jpg\" \/>\n\t<meta property=\"og:image:width\" content=\"800\" \/>\n\t<meta property=\"og:image:height\" content=\"532\" \/>\n\t<meta property=\"og:image:type\" content=\"image\/jpeg\" \/>\n<meta name=\"author\" content=\"edicionweb\" \/>\n<meta name=\"twitter:card\" content=\"summary_large_image\" \/>\n<meta name=\"twitter:creator\" content=\"@canal7_slp\" \/>\n<meta name=\"twitter:site\" content=\"@canal7_slp\" \/>\n<meta name=\"twitter:label1\" content=\"Escrito por\" \/>\n\t<meta name=\"twitter:data1\" content=\"edicionweb\" \/>\n\t<meta name=\"twitter:label2\" content=\"Tiempo de lectura\" \/>\n\t<meta name=\"twitter:data2\" content=\"3 minutos\" \/>\n<script type=\"application\/ld+json\" class=\"yoast-schema-graph\">{\"@context\":\"https:\\\/\\\/schema.org\",\"@graph\":[{\"@type\":\"Article\",\"@id\":\"https:\\\/\\\/canal7slp.tv\\\/2019\\\/familia-decidio-desconectar-a-edith-asegura-mara-patricia-castaneda\\\/#article\",\"isPartOf\":{\"@id\":\"https:\\\/\\\/canal7slp.tv\\\/2019\\\/familia-decidio-desconectar-a-edith-asegura-mara-patricia-castaneda\\\/\"},\"author\":{\"name\":\"edicionweb\",\"@id\":\"https:\\\/\\\/canal7slp.tv\\\/2019\\\/#\\\/schema\\\/person\\\/11d941c1c6ca30ac0a46b95fa37aa2e3\"},\"headline\":\"Familia decidi\u00f3 desconectar a Edith, asegura Mara Patricia Casta\u00f1eda\",\"datePublished\":\"2019-06-13T18:31:37+00:00\",\"mainEntityOfPage\":{\"@id\":\"https:\\\/\\\/canal7slp.tv\\\/2019\\\/familia-decidio-desconectar-a-edith-asegura-mara-patricia-castaneda\\\/\"},\"wordCount\":529,\"commentCount\":0,\"publisher\":{\"@id\":\"https:\\\/\\\/canal7slp.tv\\\/2019\\\/#organization\"},\"image\":{\"@id\":\"https:\\\/\\\/canal7slp.tv\\\/2019\\\/familia-decidio-desconectar-a-edith-asegura-mara-patricia-castaneda\\\/#primaryimage\"},\"thumbnailUrl\":\"https:\\\/\\\/canal7slp.tv\\\/2019\\\/wp-content\\\/uploads\\\/2019\\\/06\\\/11-7.jpg\",\"articleSection\":[\"ESPECTACULOS\"],\"inLanguage\":\"es\",\"potentialAction\":[{\"@type\":\"CommentAction\",\"name\":\"Comment\",\"target\":[\"https:\\\/\\\/canal7slp.tv\\\/2019\\\/familia-decidio-desconectar-a-edith-asegura-mara-patricia-castaneda\\\/#respond\"]}]},{\"@type\":\"WebPage\",\"@id\":\"https:\\\/\\\/canal7slp.tv\\\/2019\\\/familia-decidio-desconectar-a-edith-asegura-mara-patricia-castaneda\\\/\",\"url\":\"https:\\\/\\\/canal7slp.tv\\\/2019\\\/familia-decidio-desconectar-a-edith-asegura-mara-patricia-castaneda\\\/\",\"name\":\"Familia decidi\u00f3 desconectar a Edith, asegura Mara Patricia Casta\u00f1eda - Canal 7 SLP - 2019\",\"isPartOf\":{\"@id\":\"https:\\\/\\\/canal7slp.tv\\\/2019\\\/#website\"},\"primaryImageOfPage\":{\"@id\":\"https:\\\/\\\/canal7slp.tv\\\/2019\\\/familia-decidio-desconectar-a-edith-asegura-mara-patricia-castaneda\\\/#primaryimage\"},\"image\":{\"@id\":\"https:\\\/\\\/canal7slp.tv\\\/2019\\\/familia-decidio-desconectar-a-edith-asegura-mara-patricia-castaneda\\\/#primaryimage\"},\"thumbnailUrl\":\"https:\\\/\\\/canal7slp.tv\\\/2019\\\/wp-content\\\/uploads\\\/2019\\\/06\\\/11-7.jpg\",\"datePublished\":\"2019-06-13T18:31:37+00:00\",\"breadcrumb\":{\"@id\":\"https:\\\/\\\/canal7slp.tv\\\/2019\\\/familia-decidio-desconectar-a-edith-asegura-mara-patricia-castaneda\\\/#breadcrumb\"},\"inLanguage\":\"es\",\"potentialAction\":[{\"@type\":\"ReadAction\",\"target\":[\"https:\\\/\\\/canal7slp.tv\\\/2019\\\/familia-decidio-desconectar-a-edith-asegura-mara-patricia-castaneda\\\/\"]}]},{\"@type\":\"ImageObject\",\"inLanguage\":\"es\",\"@id\":\"https:\\\/\\\/canal7slp.tv\\\/2019\\\/familia-decidio-desconectar-a-edith-asegura-mara-patricia-castaneda\\\/#primaryimage\",\"url\":\"https:\\\/\\\/canal7slp.tv\\\/2019\\\/wp-content\\\/uploads\\\/2019\\\/06\\\/11-7.jpg\",\"contentUrl\":\"https:\\\/\\\/canal7slp.tv\\\/2019\\\/wp-content\\\/uploads\\\/2019\\\/06\\\/11-7.jpg\",\"width\":800,\"height\":532,\"caption\":\"90613029.M\u00e9xico, 13 Jun 2019 (Notimex-Archivo).- La actriz mexicana Edith Gonz\u00e1lez, quien destac\u00f3 por sus actuaciones en las telenovelas Coraz\u00f3n salvaje, Salom\u00e9 y Do\u00f1a B\u00e1rbara, falleci\u00f3 la madrugada de este jueves a los 54 a\u00f1os, tras perder la lucha contra el c\u00e1ncer. NOTIMEX\\\/FOTO\\\/ARCHIVO\\\/COR\\\/ACE\\\/\"},{\"@type\":\"BreadcrumbList\",\"@id\":\"https:\\\/\\\/canal7slp.tv\\\/2019\\\/familia-decidio-desconectar-a-edith-asegura-mara-patricia-castaneda\\\/#breadcrumb\",\"itemListElement\":[{\"@type\":\"ListItem\",\"position\":1,\"name\":\"Home\",\"item\":\"https:\\\/\\\/canal7slp.tv\\\/2019\\\/\"},{\"@type\":\"ListItem\",\"position\":2,\"name\":\"Familia decidi\u00f3 desconectar a Edith, asegura Mara Patricia Casta\u00f1eda\"}]},{\"@type\":\"WebSite\",\"@id\":\"https:\\\/\\\/canal7slp.tv\\\/2019\\\/#website\",\"url\":\"https:\\\/\\\/canal7slp.tv\\\/2019\\\/\",\"name\":\"Canal 7 SLP - Somos TV\",\"description\":\"Somos un Canal de 10\",\"publisher\":{\"@id\":\"https:\\\/\\\/canal7slp.tv\\\/2019\\\/#organization\"},\"potentialAction\":[{\"@type\":\"SearchAction\",\"target\":{\"@type\":\"EntryPoint\",\"urlTemplate\":\"https:\\\/\\\/canal7slp.tv\\\/2019\\\/?s={search_term_string}\"},\"query-input\":{\"@type\":\"PropertyValueSpecification\",\"valueRequired\":true,\"valueName\":\"search_term_string\"}}],\"inLanguage\":\"es\"},{\"@type\":\"Organization\",\"@id\":\"https:\\\/\\\/canal7slp.tv\\\/2019\\\/#organization\",\"name\":\"Comunicaci\u00f3n 2000 S.A. de C.V.\",\"url\":\"https:\\\/\\\/canal7slp.tv\\\/2019\\\/\",\"logo\":{\"@type\":\"ImageObject\",\"inLanguage\":\"es\",\"@id\":\"https:\\\/\\\/canal7slp.tv\\\/2019\\\/#\\\/schema\\\/logo\\\/image\\\/\",\"url\":\"https:\\\/\\\/canal7slp.tv\\\/2019\\\/wp-content\\\/uploads\\\/2019\\\/07\\\/logo-c7.png\",\"contentUrl\":\"https:\\\/\\\/canal7slp.tv\\\/2019\\\/wp-content\\\/uploads\\\/2019\\\/07\\\/logo-c7.png\",\"width\":220,\"height\":60,\"caption\":\"Comunicaci\u00f3n 2000 S.A. de C.V.\"},\"image\":{\"@id\":\"https:\\\/\\\/canal7slp.tv\\\/2019\\\/#\\\/schema\\\/logo\\\/image\\\/\"},\"sameAs\":[\"https:\\\/\\\/www.facebook.com\\\/CANAL7SLP\\\/\",\"https:\\\/\\\/x.com\\\/canal7_slp\",\"https:\\\/\\\/www.instagram.com\\\/canal7_slp\",\"https:\\\/\\\/www.youtube.com\\\/user\\\/NOTICIEROSCANAL7SLP\\\/\"]},{\"@type\":\"Person\",\"@id\":\"https:\\\/\\\/canal7slp.tv\\\/2019\\\/#\\\/schema\\\/person\\\/11d941c1c6ca30ac0a46b95fa37aa2e3\",\"name\":\"edicionweb\",\"image\":{\"@type\":\"ImageObject\",\"inLanguage\":\"es\",\"@id\":\"https:\\\/\\\/secure.gravatar.com\\\/avatar\\\/eee448fc3f7164808013b816ba91ac7e43bbe82a70bebac296f8bc6f0addaa1a?s=96&d=mm&r=g\",\"url\":\"https:\\\/\\\/secure.gravatar.com\\\/avatar\\\/eee448fc3f7164808013b816ba91ac7e43bbe82a70bebac296f8bc6f0addaa1a?s=96&d=mm&r=g\",\"contentUrl\":\"https:\\\/\\\/secure.gravatar.com\\\/avatar\\\/eee448fc3f7164808013b816ba91ac7e43bbe82a70bebac296f8bc6f0addaa1a?s=96&d=mm&r=g\",\"caption\":\"edicionweb\"}}]}<\/script>\n<!-- \/ Yoast SEO plugin. -->","yoast_head_json":{"title":"Familia decidi\u00f3 desconectar a Edith, asegura Mara Patricia Casta\u00f1eda - Canal 7 SLP - 2019","robots":{"index":"index","follow":"follow","max-snippet":"max-snippet:-1","max-image-preview":"max-image-preview:large","max-video-preview":"max-video-preview:-1"},"canonical":"https:\/\/canal7slp.tv\/2019\/familia-decidio-desconectar-a-edith-asegura-mara-patricia-castaneda\/","og_locale":"es_ES","og_type":"article","og_title":"Familia decidi\u00f3 desconectar a Edith, asegura Mara Patricia Casta\u00f1eda - Canal 7 SLP - 2019","og_description":"M\u00e9xico.- La actriz mexicana Edith Gonz\u00e1lez fue desconectada la madrugada de este jueves por decisi\u00f3n de la familia, en un hospital de Huixquilucan, Estado de M\u00e9xico, donde se encontraba internada desde hace un par de semanas debido a que el c\u00e1ncer volvi\u00f3 a su cuerpo, aunque se desconoce en qu\u00e9 sitio de su organismo. La [&hellip;]","og_url":"https:\/\/canal7slp.tv\/2019\/familia-decidio-desconectar-a-edith-asegura-mara-patricia-castaneda\/","og_site_name":"Canal 7 SLP - 2019","article_publisher":"https:\/\/www.facebook.com\/CANAL7SLP\/","article_published_time":"2019-06-13T18:31:37+00:00","og_image":[{"width":800,"height":532,"url":"https:\/\/canal7slp.tv\/2019\/wp-content\/uploads\/2019\/06\/11-7.jpg","type":"image\/jpeg"}],"author":"edicionweb","twitter_card":"summary_large_image","twitter_creator":"@canal7_slp","twitter_site":"@canal7_slp","twitter_misc":{"Escrito por":"edicionweb","Tiempo de lectura":"3 minutos"},"schema":{"@context":"https:\/\/schema.org","@graph":[{"@type":"Article","@id":"https:\/\/canal7slp.tv\/2019\/familia-decidio-desconectar-a-edith-asegura-mara-patricia-castaneda\/#article","isPartOf":{"@id":"https:\/\/canal7slp.tv\/2019\/familia-decidio-desconectar-a-edith-asegura-mara-patricia-castaneda\/"},"author":{"name":"edicionweb","@id":"https:\/\/canal7slp.tv\/2019\/#\/schema\/person\/11d941c1c6ca30ac0a46b95fa37aa2e3"},"headline":"Familia decidi\u00f3 desconectar a Edith, asegura Mara Patricia Casta\u00f1eda","datePublished":"2019-06-13T18:31:37+00:00","mainEntityOfPage":{"@id":"https:\/\/canal7slp.tv\/2019\/familia-decidio-desconectar-a-edith-asegura-mara-patricia-castaneda\/"},"wordCount":529,"commentCount":0,"publisher":{"@id":"https:\/\/canal7slp.tv\/2019\/#organization"},"image":{"@id":"https:\/\/canal7slp.tv\/2019\/familia-decidio-desconectar-a-edith-asegura-mara-patricia-castaneda\/#primaryimage"},"thumbnailUrl":"https:\/\/canal7slp.tv\/2019\/wp-content\/uploads\/2019\/06\/11-7.jpg","articleSection":["ESPECTACULOS"],"inLanguage":"es","potentialAction":[{"@type":"CommentAction","name":"Comment","target":["https:\/\/canal7slp.tv\/2019\/familia-decidio-desconectar-a-edith-asegura-mara-patricia-castaneda\/#respond"]}]},{"@type":"WebPage","@id":"https:\/\/canal7slp.tv\/2019\/familia-decidio-desconectar-a-edith-asegura-mara-patricia-castaneda\/","url":"https:\/\/canal7slp.tv\/2019\/familia-decidio-desconectar-a-edith-asegura-mara-patricia-castaneda\/","name":"Familia decidi\u00f3 desconectar a Edith, asegura Mara Patricia Casta\u00f1eda - Canal 7 SLP - 2019","isPartOf":{"@id":"https:\/\/canal7slp.tv\/2019\/#website"},"primaryImageOfPage":{"@id":"https:\/\/canal7slp.tv\/2019\/familia-decidio-desconectar-a-edith-asegura-mara-patricia-castaneda\/#primaryimage"},"image":{"@id":"https:\/\/canal7slp.tv\/2019\/familia-decidio-desconectar-a-edith-asegura-mara-patricia-castaneda\/#primaryimage"},"thumbnailUrl":"https:\/\/canal7slp.tv\/2019\/wp-content\/uploads\/2019\/06\/11-7.jpg","datePublished":"2019-06-13T18:31:37+00:00","breadcrumb":{"@id":"https:\/\/canal7slp.tv\/2019\/familia-decidio-desconectar-a-edith-asegura-mara-patricia-castaneda\/#breadcrumb"},"inLanguage":"es","potentialAction":[{"@type":"ReadAction","target":["https:\/\/canal7slp.tv\/2019\/familia-decidio-desconectar-a-edith-asegura-mara-patricia-castaneda\/"]}]},{"@type":"ImageObject","inLanguage":"es","@id":"https:\/\/canal7slp.tv\/2019\/familia-decidio-desconectar-a-edith-asegura-mara-patricia-castaneda\/#primaryimage","url":"https:\/\/canal7slp.tv\/2019\/wp-content\/uploads\/2019\/06\/11-7.jpg","contentUrl":"https:\/\/canal7slp.tv\/2019\/wp-content\/uploads\/2019\/06\/11-7.jpg","width":800,"height":532,"caption":"90613029.M\u00e9xico, 13 Jun 2019 (Notimex-Archivo).- La actriz mexicana Edith Gonz\u00e1lez, quien destac\u00f3 por sus actuaciones en las telenovelas Coraz\u00f3n salvaje, Salom\u00e9 y Do\u00f1a B\u00e1rbara, falleci\u00f3 la madrugada de este jueves a los 54 a\u00f1os, tras perder la lucha contra el c\u00e1ncer. NOTIMEX\/FOTO\/ARCHIVO\/COR\/ACE\/"},{"@type":"BreadcrumbList","@id":"https:\/\/canal7slp.tv\/2019\/familia-decidio-desconectar-a-edith-asegura-mara-patricia-castaneda\/#breadcrumb","itemListElement":[{"@type":"ListItem","position":1,"name":"Home","item":"https:\/\/canal7slp.tv\/2019\/"},{"@type":"ListItem","position":2,"name":"Familia decidi\u00f3 desconectar a Edith, asegura Mara Patricia Casta\u00f1eda"}]},{"@type":"WebSite","@id":"https:\/\/canal7slp.tv\/2019\/#website","url":"https:\/\/canal7slp.tv\/2019\/","name":"Canal 7 SLP - Somos TV","description":"Somos un Canal de 10","publisher":{"@id":"https:\/\/canal7slp.tv\/2019\/#organization"},"potentialAction":[{"@type":"SearchAction","target":{"@type":"EntryPoint","urlTemplate":"https:\/\/canal7slp.tv\/2019\/?s={search_term_string}"},"query-input":{"@type":"PropertyValueSpecification","valueRequired":true,"valueName":"search_term_string"}}],"inLanguage":"es"},{"@type":"Organization","@id":"https:\/\/canal7slp.tv\/2019\/#organization","name":"Comunicaci\u00f3n 2000 S.A. de C.V.","url":"https:\/\/canal7slp.tv\/2019\/","logo":{"@type":"ImageObject","inLanguage":"es","@id":"https:\/\/canal7slp.tv\/2019\/#\/schema\/logo\/image\/","url":"https:\/\/canal7slp.tv\/2019\/wp-content\/uploads\/2019\/07\/logo-c7.png","contentUrl":"https:\/\/canal7slp.tv\/2019\/wp-content\/uploads\/2019\/07\/logo-c7.png","width":220,"height":60,"caption":"Comunicaci\u00f3n 2000 S.A. de C.V."},"image":{"@id":"https:\/\/canal7slp.tv\/2019\/#\/schema\/logo\/image\/"},"sameAs":["https:\/\/www.facebook.com\/CANAL7SLP\/","https:\/\/x.com\/canal7_slp","https:\/\/www.instagram.com\/canal7_slp","https:\/\/www.youtube.com\/user\/NOTICIEROSCANAL7SLP\/"]},{"@type":"Person","@id":"https:\/\/canal7slp.tv\/2019\/#\/schema\/person\/11d941c1c6ca30ac0a46b95fa37aa2e3","name":"edicionweb","image":{"@type":"ImageObject","inLanguage":"es","@id":"https:\/\/secure.gravatar.com\/avatar\/eee448fc3f7164808013b816ba91ac7e43bbe82a70bebac296f8bc6f0addaa1a?s=96&d=mm&r=g","url":"https:\/\/secure.gravatar.com\/avatar\/eee448fc3f7164808013b816ba91ac7e43bbe82a70bebac296f8bc6f0addaa1a?s=96&d=mm&r=g","contentUrl":"https:\/\/secure.gravatar.com\/avatar\/eee448fc3f7164808013b816ba91ac7e43bbe82a70bebac296f8bc6f0addaa1a?s=96&d=mm&r=g","caption":"edicionweb"}}]}},"amp_enabled":true,"cmb2":{"video_ids_in_playlist":{"vid_p_videos":""},"video_ids_in_channel":{"vid_c_videos":""},"playlist_ids_in_channel":{"vid_c_playlists":""},"series_ids_in_channel":{"vid_c_series":""},"channel_images":{"vid_c_logo":"","vid_c_banner":""},"poster_feature_image":{"vid_m_poster_image":""},"gif_feature_image":{"vid_m_gif_image":""},"video_movie_settings":{"vid_m_director":"","vid_m_actor":"","vid_m_imdb_ratings":"","vid_m_amazon_associates":""},"vid_youtube_broadcasts_settings":{"vid_yb_broadcast_title":"","vid_yb_q":"","vid_yb_channelid":"","vid_yb_videocategoryid":"","vid_yb_maxresults":"","vid_yb_order":"","vid_yb_regioncode":"","vid_yb_videosyndicated":"","vid_yb_style":"","vid_yb_reload_first":""},"video_series_settings":{"vid_m_director":"","vid_m_actor":"","vid_m_imdb_ratings":"","video_series_group":""},"amazon_associates_settings":{"amazon_associates":"","amazon_native_ad":""},"vid_youtube_automatic_settings":{"vid_ya_youtube_source":"","vid_ya_update_every":"","vid_ya_update_unit":"","vid_ya_categories":"","vid_ya_published_after":"","vid_ya_published_before":"","vid_ya_playlists":"","vid_ya_channels":"","vid_ya_director":"","vid_ya_actor":"","vid_ya_author":"","vid_ya_import_post_date":"","vid_ya_status":"","vid_ya_sub_api_key":""},"vid_ads_m_videoads_settings_post":{"vid_ads_m_video_ads":"","vid_ads_m_video_ads_type":"","vid_ads_m_group_google_ima":"","vid_ads_m_group_image":"","vid_ads_m_group_html5_video":"","vid_ads_m_group_html":"","vid_ads_m_vast_preroll":"","vid_ads_m_vast_postroll":"","vid_ads_m_vast_pauseroll":"","vid_ads_m_vast_midroll":[{"vid_ads_m_vast_timer_seconds":"50"}],"vid_ads_m_time_to_show_ads":"","vid_ads_m_time_skip_ads":"","vid_ads_m_time_to_hide_ads":""},"page_slider_settings":{"display_slider_group":"","page_slider_group":""},"blog_page_settings":{"blog_page_title":"","blog_page_heading":"","blog_page_ic":"","blog_page_it":"","blog_page_ec":"","blog_page_ip":"","archive_loop_style":"","blog_image_ratio":"","blog_show_categories":"","blog_show_excerpt":"","blog_show_author":"","blog_show_date":"","blog_show_comment_count":"","blog_show_view_count":"","blog_show_like_count":"","blog_show_dislike_count":"","blog_items_per_page":"","blog_pag_type":""},"page_options":{"get_page_template":"","color_mode":"","main_layout":"","main_layout_full_with":"","main_logo":"","main_logo_retina":"","main_logo_mobile":"","main_logo_mobile_retina":"","sticky_logo":"","sticky_logo_retina":"","main_nav_layout":"","ajax_search":"","header_background":"","theme_sidebar":"","instagram_feed":"","instagram_feed_position":"","popular_videos":"","popular_videos_title_1":"","popular_videos_title_2":"","popular_videos_ic":"","popular_videos_it":"","theme_background":"","page_custom_css":""},"feature_image_settings":{"feature_image_position":""},"video_player_settings":{"single_video_style":"","video_player_position":"","vm_video_url":"","video_player_library":"","video_streaming":"","vm_media_sources":"","vid_auto_play":"","vm_video_shortcode":"","vid_p_sync_playlist":"","vid_c_sync_channel":"","get_post_format":"","multiple_links_structure":"default","multi_links_title":"","vm_video_multi_links":"","vm_duration":"","vid_social_locker":"off","vid_social_locker_id":"","vid_membership_action":"content-video","vm_video_trailer_url":"","vid_download_type":"free","vid_download_target":"download","vid_woo_product":"","vm_media_download":"","user_rating":"","user_rating_position":"","user_rating_mode":"","user_rating_multi_sets":""},"video_auto_fetch_settings":{"vm_video_fetch":"on"},"video_fake_views_likes":{"vm_fake_views":"","vm_fake_likes":"","vm_fake_dislikes":""},"gallery_settings":{"gallery_position":""},"quote_settings":{"quote_position":""},"post_options":{"main_layout":"","main_logo":"","main_logo_retina":"","main_logo_mobile":"","main_logo_mobile_retina":"","sticky_logo":"","sticky_logo_retina":"","main_nav_layout":"","header_background":"","theme_sidebar":"","single_post_comment_type":"","theme_background":""}},"_links":{"self":[{"href":"https:\/\/canal7slp.tv\/2019\/wp-json\/wp\/v2\/posts\/14216","targetHints":{"allow":["GET"]}}],"collection":[{"href":"https:\/\/canal7slp.tv\/2019\/wp-json\/wp\/v2\/posts"}],"about":[{"href":"https:\/\/canal7slp.tv\/2019\/wp-json\/wp\/v2\/types\/post"}],"author":[{"embeddable":true,"href":"https:\/\/canal7slp.tv\/2019\/wp-json\/wp\/v2\/users\/2"}],"replies":[{"embeddable":true,"href":"https:\/\/canal7slp.tv\/2019\/wp-json\/wp\/v2\/comments?post=14216"}],"version-history":[{"count":0,"href":"https:\/\/canal7slp.tv\/2019\/wp-json\/wp\/v2\/posts\/14216\/revisions"}],"wp:featuredmedia":[{"embeddable":true,"href":"https:\/\/canal7slp.tv\/2019\/wp-json\/wp\/v2\/media\/14217"}],"wp:attachment":[{"href":"https:\/\/canal7slp.tv\/2019\/wp-json\/wp\/v2\/media?parent=14216"}],"wp:term":[{"taxonomy":"category","embeddable":true,"href":"https:\/\/canal7slp.tv\/2019\/wp-json\/wp\/v2\/categories?post=14216"},{"taxonomy":"post_tag","embeddable":true,"href":"https:\/\/canal7slp.tv\/2019\/wp-json\/wp\/v2\/tags?post=14216"}],"curies":[{"name":"wp","href":"https:\/\/api.w.org\/{rel}","templated":true}]}}