{"id":13527,"date":"2019-06-12T17:37:11","date_gmt":"2019-06-12T22:37:11","guid":{"rendered":"https:\/\/canal7slp.tv\/2019\/?p=13527"},"modified":"2019-06-12T17:37:12","modified_gmt":"2019-06-12T22:37:12","slug":"la-capital-presento-denuncia-por-desacato-judicial-en-cambio-de-uso-de-suelo","status":"publish","type":"post","link":"https:\/\/canal7slp.tv\/2019\/la-capital-presento-denuncia-por-desacato-judicial-en-cambio-de-uso-de-suelo\/","title":{"rendered":"La Capital present\u00f3 denuncia por desacato judicial en cambio de uso de suelo."},"content":{"rendered":"<p>SLP.- El Ayuntamiento de la Capital present\u00f3 una denuncia ante la Fiscal\u00eda General del Estado contra quien resulte responsable, por el cambio ilegal de uso de suelo efectuado en el caso conocido como Camino a la Presa.<\/p>\n<p>En rueda de prensa efectuada en la Unidad Administrativa Municipal (UAM), el abogado, Jorge Chessal Palau se refiri\u00f3 a dos hechos con apariencia de delito, que involucran a la pasada administraci\u00f3n y un acuerdo de Cabildo.<\/p>\n<p>Record\u00f3 que una empresa solicit\u00f3 a la gesti\u00f3n anterior, el cambio de uso de suelo en un inmueble que se encuentra en el \u00e1rea natural protegida.<\/p>\n<p>La conducta fue puesta a consideraci\u00f3n por una asociaci\u00f3n civil a un juzgado de distrito mediante juicio de amparo, el cual determin\u00f3 una suspensi\u00f3n, que consist\u00eda en la imposibilidad de realizar alg\u00fan tipo de movimiento respecto de la superficie que comprendiera el \u00e1rea mencionada.<\/p>\n<p>Explic\u00f3 que la violaci\u00f3n a la suspensi\u00f3n est\u00e1 prevista como una conducta que deriva en una pena de prisi\u00f3n, conforme la ley de amparo, con un caso de tres a nueve a\u00f1os y la inhabilitaci\u00f3n para el ejercicio de un cargo p\u00fablico que ronda en el mismo per\u00edodo.<\/p>\n<p>Fue advertido que aquellos integrantes del Cuerpo Edilicio en la gesti\u00f3n 2015-2018, que votaron a favor del cambio de uso de suelo, son quienes podr\u00edan resultar responsables.<\/p>\n<p>Aclar\u00f3 que se trata de delitos que por su naturaleza, no merecen prisi\u00f3n preventiva oficiosa, pero podr\u00eda haber prisi\u00f3n preventiva justificada -siempre que el juez de control lo considere-.<\/p>\n<p>La orden de aprehensi\u00f3n que se dicta conforme el sistema es un mecanismo para llevar a juicio a quienes son renuentes a serlo.<\/p>\n<p>Por: Paulina Rodr\u00edguez<\/p>\n","protected":false},"excerpt":{"rendered":"<p>SLP.- El Ayuntamiento de la Capital present\u00f3 una denuncia ante la Fiscal\u00eda General del Estado contra quien resulte responsable, por el cambio ilegal de uso de suelo efectuado en el caso conocido como Camino a la Presa. En rueda de prensa efectuada en la Unidad Administrativa Municipal (UAM), el abogado, Jorge Chessal Palau se refiri\u00f3 [&hellip;]<\/p>\n","protected":false},"author":2,"featured_media":13528,"comment_status":"open","ping_status":"closed","sticky":false,"template":"","format":"video","meta":{"footnotes":""},"categories":[17],"tags":[114,274,273,272],"class_list":["post-13527","post","type-post","status-publish","format-video","has-post-thumbnail","hentry","category-localesyregionales","tag-ayuntamiento-slp","tag-camino-a-la-presa","tag-denuncia","tag-uso-de-suelo","post_format-post-format-video"],"yoast_head":"<!-- This site is optimized with the Yoast SEO plugin v27.4 - https:\/\/yoast.com\/product\/yoast-seo-wordpress\/ -->\n<title>La Capital present\u00f3 denuncia por desacato judicial en cambio de uso de suelo. - Canal 7 SLP - 2019<\/title>\n<meta name=\"robots\" content=\"index, follow, max-snippet:-1, max-image-preview:large, max-video-preview:-1\" \/>\n<link rel=\"canonical\" href=\"https:\/\/canal7slp.tv\/2019\/la-capital-presento-denuncia-por-desacato-judicial-en-cambio-de-uso-de-suelo\/\" \/>\n<meta property=\"og:locale\" content=\"es_ES\" \/>\n<meta property=\"og:type\" content=\"article\" \/>\n<meta property=\"og:title\" content=\"La Capital present\u00f3 denuncia por desacato judicial en cambio de uso de suelo. - Canal 7 SLP - 2019\" \/>\n<meta property=\"og:description\" content=\"SLP.- El Ayuntamiento de la Capital present\u00f3 una denuncia ante la Fiscal\u00eda General del Estado contra quien resulte responsable, por el cambio ilegal de uso de suelo efectuado en el caso conocido como Camino a la Presa. En rueda de prensa efectuada en la Unidad Administrativa Municipal (UAM), el abogado, Jorge Chessal Palau se refiri\u00f3 [&hellip;]\" \/>\n<meta property=\"og:url\" content=\"https:\/\/canal7slp.tv\/2019\/la-capital-presento-denuncia-por-desacato-judicial-en-cambio-de-uso-de-suelo\/\" \/>\n<meta property=\"og:site_name\" content=\"Canal 7 SLP - 2019\" \/>\n<meta property=\"article:publisher\" content=\"https:\/\/www.facebook.com\/CANAL7SLP\/\" \/>\n<meta property=\"article:published_time\" content=\"2019-06-12T22:37:11+00:00\" \/>\n<meta property=\"article:modified_time\" content=\"2019-06-12T22:37:12+00:00\" \/>\n<meta property=\"og:image\" content=\"https:\/\/canal7slp.tv\/2019\/wp-content\/uploads\/2019\/06\/denunciachessal.jpg\" \/>\n\t<meta property=\"og:image:width\" content=\"800\" \/>\n\t<meta property=\"og:image:height\" content=\"449\" \/>\n\t<meta property=\"og:image:type\" content=\"image\/jpeg\" \/>\n<meta name=\"author\" content=\"edicionweb\" \/>\n<meta name=\"twitter:card\" content=\"summary_large_image\" \/>\n<meta name=\"twitter:creator\" content=\"@canal7_slp\" \/>\n<meta name=\"twitter:site\" content=\"@canal7_slp\" \/>\n<meta name=\"twitter:label1\" content=\"Escrito por\" \/>\n\t<meta name=\"twitter:data1\" content=\"edicionweb\" \/>\n\t<meta name=\"twitter:label2\" content=\"Tiempo de lectura\" \/>\n\t<meta name=\"twitter:data2\" content=\"1 minuto\" \/>\n<script type=\"application\/ld+json\" class=\"yoast-schema-graph\">{\"@context\":\"https:\\\/\\\/schema.org\",\"@graph\":[{\"@type\":\"Article\",\"@id\":\"https:\\\/\\\/canal7slp.tv\\\/2019\\\/la-capital-presento-denuncia-por-desacato-judicial-en-cambio-de-uso-de-suelo\\\/#article\",\"isPartOf\":{\"@id\":\"https:\\\/\\\/canal7slp.tv\\\/2019\\\/la-capital-presento-denuncia-por-desacato-judicial-en-cambio-de-uso-de-suelo\\\/\"},\"author\":{\"name\":\"edicionweb\",\"@id\":\"https:\\\/\\\/canal7slp.tv\\\/2019\\\/#\\\/schema\\\/person\\\/11d941c1c6ca30ac0a46b95fa37aa2e3\"},\"headline\":\"La Capital present\u00f3 denuncia por desacato judicial en cambio de uso de suelo.\",\"datePublished\":\"2019-06-12T22:37:11+00:00\",\"dateModified\":\"2019-06-12T22:37:12+00:00\",\"mainEntityOfPage\":{\"@id\":\"https:\\\/\\\/canal7slp.tv\\\/2019\\\/la-capital-presento-denuncia-por-desacato-judicial-en-cambio-de-uso-de-suelo\\\/\"},\"wordCount\":309,\"commentCount\":0,\"publisher\":{\"@id\":\"https:\\\/\\\/canal7slp.tv\\\/2019\\\/#organization\"},\"image\":{\"@id\":\"https:\\\/\\\/canal7slp.tv\\\/2019\\\/la-capital-presento-denuncia-por-desacato-judicial-en-cambio-de-uso-de-suelo\\\/#primaryimage\"},\"thumbnailUrl\":\"https:\\\/\\\/canal7slp.tv\\\/2019\\\/wp-content\\\/uploads\\\/2019\\\/06\\\/denunciachessal.jpg\",\"keywords\":[\"Ayuntamiento SLP\",\"Camino a la Presa\",\"Denuncia\",\"Uso de Suelo\"],\"articleSection\":[\"LOCALES Y REGIONALES\"],\"inLanguage\":\"es\",\"potentialAction\":[{\"@type\":\"CommentAction\",\"name\":\"Comment\",\"target\":[\"https:\\\/\\\/canal7slp.tv\\\/2019\\\/la-capital-presento-denuncia-por-desacato-judicial-en-cambio-de-uso-de-suelo\\\/#respond\"]}]},{\"@type\":\"WebPage\",\"@id\":\"https:\\\/\\\/canal7slp.tv\\\/2019\\\/la-capital-presento-denuncia-por-desacato-judicial-en-cambio-de-uso-de-suelo\\\/\",\"url\":\"https:\\\/\\\/canal7slp.tv\\\/2019\\\/la-capital-presento-denuncia-por-desacato-judicial-en-cambio-de-uso-de-suelo\\\/\",\"name\":\"La Capital present\u00f3 denuncia por desacato judicial en cambio de uso de suelo. - Canal 7 SLP - 2019\",\"isPartOf\":{\"@id\":\"https:\\\/\\\/canal7slp.tv\\\/2019\\\/#website\"},\"primaryImageOfPage\":{\"@id\":\"https:\\\/\\\/canal7slp.tv\\\/2019\\\/la-capital-presento-denuncia-por-desacato-judicial-en-cambio-de-uso-de-suelo\\\/#primaryimage\"},\"image\":{\"@id\":\"https:\\\/\\\/canal7slp.tv\\\/2019\\\/la-capital-presento-denuncia-por-desacato-judicial-en-cambio-de-uso-de-suelo\\\/#primaryimage\"},\"thumbnailUrl\":\"https:\\\/\\\/canal7slp.tv\\\/2019\\\/wp-content\\\/uploads\\\/2019\\\/06\\\/denunciachessal.jpg\",\"datePublished\":\"2019-06-12T22:37:11+00:00\",\"dateModified\":\"2019-06-12T22:37:12+00:00\",\"breadcrumb\":{\"@id\":\"https:\\\/\\\/canal7slp.tv\\\/2019\\\/la-capital-presento-denuncia-por-desacato-judicial-en-cambio-de-uso-de-suelo\\\/#breadcrumb\"},\"inLanguage\":\"es\",\"potentialAction\":[{\"@type\":\"ReadAction\",\"target\":[\"https:\\\/\\\/canal7slp.tv\\\/2019\\\/la-capital-presento-denuncia-por-desacato-judicial-en-cambio-de-uso-de-suelo\\\/\"]}]},{\"@type\":\"ImageObject\",\"inLanguage\":\"es\",\"@id\":\"https:\\\/\\\/canal7slp.tv\\\/2019\\\/la-capital-presento-denuncia-por-desacato-judicial-en-cambio-de-uso-de-suelo\\\/#primaryimage\",\"url\":\"https:\\\/\\\/canal7slp.tv\\\/2019\\\/wp-content\\\/uploads\\\/2019\\\/06\\\/denunciachessal.jpg\",\"contentUrl\":\"https:\\\/\\\/canal7slp.tv\\\/2019\\\/wp-content\\\/uploads\\\/2019\\\/06\\\/denunciachessal.jpg\",\"width\":800,\"height\":449},{\"@type\":\"BreadcrumbList\",\"@id\":\"https:\\\/\\\/canal7slp.tv\\\/2019\\\/la-capital-presento-denuncia-por-desacato-judicial-en-cambio-de-uso-de-suelo\\\/#breadcrumb\",\"itemListElement\":[{\"@type\":\"ListItem\",\"position\":1,\"name\":\"Home\",\"item\":\"https:\\\/\\\/canal7slp.tv\\\/2019\\\/\"},{\"@type\":\"ListItem\",\"position\":2,\"name\":\"La Capital present\u00f3 denuncia por desacato judicial en cambio de uso de suelo.\"}]},{\"@type\":\"WebSite\",\"@id\":\"https:\\\/\\\/canal7slp.tv\\\/2019\\\/#website\",\"url\":\"https:\\\/\\\/canal7slp.tv\\\/2019\\\/\",\"name\":\"Canal 7 SLP - Somos TV\",\"description\":\"Somos un Canal de 10\",\"publisher\":{\"@id\":\"https:\\\/\\\/canal7slp.tv\\\/2019\\\/#organization\"},\"potentialAction\":[{\"@type\":\"SearchAction\",\"target\":{\"@type\":\"EntryPoint\",\"urlTemplate\":\"https:\\\/\\\/canal7slp.tv\\\/2019\\\/?s={search_term_string}\"},\"query-input\":{\"@type\":\"PropertyValueSpecification\",\"valueRequired\":true,\"valueName\":\"search_term_string\"}}],\"inLanguage\":\"es\"},{\"@type\":\"Organization\",\"@id\":\"https:\\\/\\\/canal7slp.tv\\\/2019\\\/#organization\",\"name\":\"Comunicaci\u00f3n 2000 S.A. de C.V.\",\"url\":\"https:\\\/\\\/canal7slp.tv\\\/2019\\\/\",\"logo\":{\"@type\":\"ImageObject\",\"inLanguage\":\"es\",\"@id\":\"https:\\\/\\\/canal7slp.tv\\\/2019\\\/#\\\/schema\\\/logo\\\/image\\\/\",\"url\":\"https:\\\/\\\/canal7slp.tv\\\/2019\\\/wp-content\\\/uploads\\\/2019\\\/07\\\/logo-c7.png\",\"contentUrl\":\"https:\\\/\\\/canal7slp.tv\\\/2019\\\/wp-content\\\/uploads\\\/2019\\\/07\\\/logo-c7.png\",\"width\":220,\"height\":60,\"caption\":\"Comunicaci\u00f3n 2000 S.A. de C.V.\"},\"image\":{\"@id\":\"https:\\\/\\\/canal7slp.tv\\\/2019\\\/#\\\/schema\\\/logo\\\/image\\\/\"},\"sameAs\":[\"https:\\\/\\\/www.facebook.com\\\/CANAL7SLP\\\/\",\"https:\\\/\\\/x.com\\\/canal7_slp\",\"https:\\\/\\\/www.instagram.com\\\/canal7_slp\",\"https:\\\/\\\/www.youtube.com\\\/user\\\/NOTICIEROSCANAL7SLP\\\/\"]},{\"@type\":\"Person\",\"@id\":\"https:\\\/\\\/canal7slp.tv\\\/2019\\\/#\\\/schema\\\/person\\\/11d941c1c6ca30ac0a46b95fa37aa2e3\",\"name\":\"edicionweb\",\"image\":{\"@type\":\"ImageObject\",\"inLanguage\":\"es\",\"@id\":\"https:\\\/\\\/secure.gravatar.com\\\/avatar\\\/eee448fc3f7164808013b816ba91ac7e43bbe82a70bebac296f8bc6f0addaa1a?s=96&d=mm&r=g\",\"url\":\"https:\\\/\\\/secure.gravatar.com\\\/avatar\\\/eee448fc3f7164808013b816ba91ac7e43bbe82a70bebac296f8bc6f0addaa1a?s=96&d=mm&r=g\",\"contentUrl\":\"https:\\\/\\\/secure.gravatar.com\\\/avatar\\\/eee448fc3f7164808013b816ba91ac7e43bbe82a70bebac296f8bc6f0addaa1a?s=96&d=mm&r=g\",\"caption\":\"edicionweb\"}}]}<\/script>\n<!-- \/ Yoast SEO plugin. -->","yoast_head_json":{"title":"La Capital present\u00f3 denuncia por desacato judicial en cambio de uso de suelo. - Canal 7 SLP - 2019","robots":{"index":"index","follow":"follow","max-snippet":"max-snippet:-1","max-image-preview":"max-image-preview:large","max-video-preview":"max-video-preview:-1"},"canonical":"https:\/\/canal7slp.tv\/2019\/la-capital-presento-denuncia-por-desacato-judicial-en-cambio-de-uso-de-suelo\/","og_locale":"es_ES","og_type":"article","og_title":"La Capital present\u00f3 denuncia por desacato judicial en cambio de uso de suelo. - Canal 7 SLP - 2019","og_description":"SLP.- El Ayuntamiento de la Capital present\u00f3 una denuncia ante la Fiscal\u00eda General del Estado contra quien resulte responsable, por el cambio ilegal de uso de suelo efectuado en el caso conocido como Camino a la Presa. En rueda de prensa efectuada en la Unidad Administrativa Municipal (UAM), el abogado, Jorge Chessal Palau se refiri\u00f3 [&hellip;]","og_url":"https:\/\/canal7slp.tv\/2019\/la-capital-presento-denuncia-por-desacato-judicial-en-cambio-de-uso-de-suelo\/","og_site_name":"Canal 7 SLP - 2019","article_publisher":"https:\/\/www.facebook.com\/CANAL7SLP\/","article_published_time":"2019-06-12T22:37:11+00:00","article_modified_time":"2019-06-12T22:37:12+00:00","og_image":[{"width":800,"height":449,"url":"https:\/\/canal7slp.tv\/2019\/wp-content\/uploads\/2019\/06\/denunciachessal.jpg","type":"image\/jpeg"}],"author":"edicionweb","twitter_card":"summary_large_image","twitter_creator":"@canal7_slp","twitter_site":"@canal7_slp","twitter_misc":{"Escrito por":"edicionweb","Tiempo de lectura":"1 minuto"},"schema":{"@context":"https:\/\/schema.org","@graph":[{"@type":"Article","@id":"https:\/\/canal7slp.tv\/2019\/la-capital-presento-denuncia-por-desacato-judicial-en-cambio-de-uso-de-suelo\/#article","isPartOf":{"@id":"https:\/\/canal7slp.tv\/2019\/la-capital-presento-denuncia-por-desacato-judicial-en-cambio-de-uso-de-suelo\/"},"author":{"name":"edicionweb","@id":"https:\/\/canal7slp.tv\/2019\/#\/schema\/person\/11d941c1c6ca30ac0a46b95fa37aa2e3"},"headline":"La Capital present\u00f3 denuncia por desacato judicial en cambio de uso de suelo.","datePublished":"2019-06-12T22:37:11+00:00","dateModified":"2019-06-12T22:37:12+00:00","mainEntityOfPage":{"@id":"https:\/\/canal7slp.tv\/2019\/la-capital-presento-denuncia-por-desacato-judicial-en-cambio-de-uso-de-suelo\/"},"wordCount":309,"commentCount":0,"publisher":{"@id":"https:\/\/canal7slp.tv\/2019\/#organization"},"image":{"@id":"https:\/\/canal7slp.tv\/2019\/la-capital-presento-denuncia-por-desacato-judicial-en-cambio-de-uso-de-suelo\/#primaryimage"},"thumbnailUrl":"https:\/\/canal7slp.tv\/2019\/wp-content\/uploads\/2019\/06\/denunciachessal.jpg","keywords":["Ayuntamiento SLP","Camino a la Presa","Denuncia","Uso de Suelo"],"articleSection":["LOCALES Y REGIONALES"],"inLanguage":"es","potentialAction":[{"@type":"CommentAction","name":"Comment","target":["https:\/\/canal7slp.tv\/2019\/la-capital-presento-denuncia-por-desacato-judicial-en-cambio-de-uso-de-suelo\/#respond"]}]},{"@type":"WebPage","@id":"https:\/\/canal7slp.tv\/2019\/la-capital-presento-denuncia-por-desacato-judicial-en-cambio-de-uso-de-suelo\/","url":"https:\/\/canal7slp.tv\/2019\/la-capital-presento-denuncia-por-desacato-judicial-en-cambio-de-uso-de-suelo\/","name":"La Capital present\u00f3 denuncia por desacato judicial en cambio de uso de suelo. - Canal 7 SLP - 2019","isPartOf":{"@id":"https:\/\/canal7slp.tv\/2019\/#website"},"primaryImageOfPage":{"@id":"https:\/\/canal7slp.tv\/2019\/la-capital-presento-denuncia-por-desacato-judicial-en-cambio-de-uso-de-suelo\/#primaryimage"},"image":{"@id":"https:\/\/canal7slp.tv\/2019\/la-capital-presento-denuncia-por-desacato-judicial-en-cambio-de-uso-de-suelo\/#primaryimage"},"thumbnailUrl":"https:\/\/canal7slp.tv\/2019\/wp-content\/uploads\/2019\/06\/denunciachessal.jpg","datePublished":"2019-06-12T22:37:11+00:00","dateModified":"2019-06-12T22:37:12+00:00","breadcrumb":{"@id":"https:\/\/canal7slp.tv\/2019\/la-capital-presento-denuncia-por-desacato-judicial-en-cambio-de-uso-de-suelo\/#breadcrumb"},"inLanguage":"es","potentialAction":[{"@type":"ReadAction","target":["https:\/\/canal7slp.tv\/2019\/la-capital-presento-denuncia-por-desacato-judicial-en-cambio-de-uso-de-suelo\/"]}]},{"@type":"ImageObject","inLanguage":"es","@id":"https:\/\/canal7slp.tv\/2019\/la-capital-presento-denuncia-por-desacato-judicial-en-cambio-de-uso-de-suelo\/#primaryimage","url":"https:\/\/canal7slp.tv\/2019\/wp-content\/uploads\/2019\/06\/denunciachessal.jpg","contentUrl":"https:\/\/canal7slp.tv\/2019\/wp-content\/uploads\/2019\/06\/denunciachessal.jpg","width":800,"height":449},{"@type":"BreadcrumbList","@id":"https:\/\/canal7slp.tv\/2019\/la-capital-presento-denuncia-por-desacato-judicial-en-cambio-de-uso-de-suelo\/#breadcrumb","itemListElement":[{"@type":"ListItem","position":1,"name":"Home","item":"https:\/\/canal7slp.tv\/2019\/"},{"@type":"ListItem","position":2,"name":"La Capital present\u00f3 denuncia por desacato judicial en cambio de uso de suelo."}]},{"@type":"WebSite","@id":"https:\/\/canal7slp.tv\/2019\/#website","url":"https:\/\/canal7slp.tv\/2019\/","name":"Canal 7 SLP - Somos TV","description":"Somos un Canal de 10","publisher":{"@id":"https:\/\/canal7slp.tv\/2019\/#organization"},"potentialAction":[{"@type":"SearchAction","target":{"@type":"EntryPoint","urlTemplate":"https:\/\/canal7slp.tv\/2019\/?s={search_term_string}"},"query-input":{"@type":"PropertyValueSpecification","valueRequired":true,"valueName":"search_term_string"}}],"inLanguage":"es"},{"@type":"Organization","@id":"https:\/\/canal7slp.tv\/2019\/#organization","name":"Comunicaci\u00f3n 2000 S.A. de C.V.","url":"https:\/\/canal7slp.tv\/2019\/","logo":{"@type":"ImageObject","inLanguage":"es","@id":"https:\/\/canal7slp.tv\/2019\/#\/schema\/logo\/image\/","url":"https:\/\/canal7slp.tv\/2019\/wp-content\/uploads\/2019\/07\/logo-c7.png","contentUrl":"https:\/\/canal7slp.tv\/2019\/wp-content\/uploads\/2019\/07\/logo-c7.png","width":220,"height":60,"caption":"Comunicaci\u00f3n 2000 S.A. de C.V."},"image":{"@id":"https:\/\/canal7slp.tv\/2019\/#\/schema\/logo\/image\/"},"sameAs":["https:\/\/www.facebook.com\/CANAL7SLP\/","https:\/\/x.com\/canal7_slp","https:\/\/www.instagram.com\/canal7_slp","https:\/\/www.youtube.com\/user\/NOTICIEROSCANAL7SLP\/"]},{"@type":"Person","@id":"https:\/\/canal7slp.tv\/2019\/#\/schema\/person\/11d941c1c6ca30ac0a46b95fa37aa2e3","name":"edicionweb","image":{"@type":"ImageObject","inLanguage":"es","@id":"https:\/\/secure.gravatar.com\/avatar\/eee448fc3f7164808013b816ba91ac7e43bbe82a70bebac296f8bc6f0addaa1a?s=96&d=mm&r=g","url":"https:\/\/secure.gravatar.com\/avatar\/eee448fc3f7164808013b816ba91ac7e43bbe82a70bebac296f8bc6f0addaa1a?s=96&d=mm&r=g","contentUrl":"https:\/\/secure.gravatar.com\/avatar\/eee448fc3f7164808013b816ba91ac7e43bbe82a70bebac296f8bc6f0addaa1a?s=96&d=mm&r=g","caption":"edicionweb"}}]}},"amp_enabled":true,"cmb2":{"video_ids_in_playlist":{"vid_p_videos":""},"video_ids_in_channel":{"vid_c_videos":""},"playlist_ids_in_channel":{"vid_c_playlists":""},"series_ids_in_channel":{"vid_c_series":""},"channel_images":{"vid_c_logo":"","vid_c_banner":""},"poster_feature_image":{"vid_m_poster_image":""},"gif_feature_image":{"vid_m_gif_image":""},"video_movie_settings":{"vid_m_director":"","vid_m_actor":"","vid_m_imdb_ratings":"","vid_m_amazon_associates":""},"vid_youtube_broadcasts_settings":{"vid_yb_broadcast_title":"","vid_yb_q":"","vid_yb_channelid":"","vid_yb_videocategoryid":"","vid_yb_maxresults":"","vid_yb_order":"","vid_yb_regioncode":"","vid_yb_videosyndicated":"","vid_yb_style":"","vid_yb_reload_first":""},"video_series_settings":{"vid_m_director":"","vid_m_actor":"","vid_m_imdb_ratings":"","video_series_group":""},"amazon_associates_settings":{"amazon_associates":"","amazon_native_ad":""},"vid_youtube_automatic_settings":{"vid_ya_youtube_source":"","vid_ya_update_every":"","vid_ya_update_unit":"","vid_ya_categories":"","vid_ya_published_after":"","vid_ya_published_before":"","vid_ya_playlists":"","vid_ya_channels":"","vid_ya_director":"","vid_ya_actor":"","vid_ya_author":"","vid_ya_import_post_date":"","vid_ya_status":"","vid_ya_sub_api_key":""},"vid_ads_m_videoads_settings_post":{"vid_ads_m_video_ads":"","vid_ads_m_video_ads_type":"","vid_ads_m_group_google_ima":"","vid_ads_m_group_image":"","vid_ads_m_group_html5_video":"","vid_ads_m_group_html":"","vid_ads_m_vast_preroll":"","vid_ads_m_vast_postroll":"","vid_ads_m_vast_pauseroll":"","vid_ads_m_vast_midroll":[{"vid_ads_m_vast_timer_seconds":"50"}],"vid_ads_m_time_to_show_ads":"","vid_ads_m_time_skip_ads":"","vid_ads_m_time_to_hide_ads":""},"page_slider_settings":{"display_slider_group":"","page_slider_group":""},"blog_page_settings":{"blog_page_title":"","blog_page_heading":"","blog_page_ic":"","blog_page_it":"","blog_page_ec":"","blog_page_ip":"","archive_loop_style":"","blog_image_ratio":"","blog_show_categories":"","blog_show_excerpt":"","blog_show_author":"","blog_show_date":"","blog_show_comment_count":"","blog_show_view_count":"","blog_show_like_count":"","blog_show_dislike_count":"","blog_items_per_page":"","blog_pag_type":""},"page_options":{"get_page_template":"","color_mode":"","main_layout":"","main_layout_full_with":"","main_logo":"","main_logo_retina":"","main_logo_mobile":"","main_logo_mobile_retina":"","sticky_logo":"","sticky_logo_retina":"","main_nav_layout":"","ajax_search":"","header_background":"","theme_sidebar":"","instagram_feed":"","instagram_feed_position":"","popular_videos":"","popular_videos_title_1":"","popular_videos_title_2":"","popular_videos_ic":"","popular_videos_it":"","theme_background":"","page_custom_css":""},"feature_image_settings":{"feature_image_position":""},"video_player_settings":{"single_video_style":"","video_player_position":"special","vm_video_url":"https:\/\/youtu.be\/j1cGtGH6Ii8","video_player_library":"","video_streaming":"","vm_media_sources":"","vid_auto_play":"","vm_video_shortcode":"","vid_p_sync_playlist":"","vid_c_sync_channel":"","get_post_format":"","multiple_links_structure":"default","multi_links_title":"","vm_video_multi_links":"","vm_duration":"03:32","vid_social_locker":"off","vid_social_locker_id":"","vid_membership_action":"content-video","vm_video_trailer_url":"","vid_download_type":"free","vid_download_target":"download","vid_woo_product":"","vm_media_download":"","user_rating":"","user_rating_position":"","user_rating_mode":"","user_rating_multi_sets":""},"video_auto_fetch_settings":{"vm_video_fetch":"on"},"video_fake_views_likes":{"vm_fake_views":"","vm_fake_likes":"","vm_fake_dislikes":""},"gallery_settings":{"gallery_position":""},"quote_settings":{"quote_position":""},"post_options":{"main_layout":"","main_logo":"","main_logo_retina":"","main_logo_mobile":"","main_logo_mobile_retina":"","sticky_logo":"","sticky_logo_retina":"","main_nav_layout":"","header_background":"","theme_sidebar":"","single_post_comment_type":"","theme_background":""}},"_links":{"self":[{"href":"https:\/\/canal7slp.tv\/2019\/wp-json\/wp\/v2\/posts\/13527","targetHints":{"allow":["GET"]}}],"collection":[{"href":"https:\/\/canal7slp.tv\/2019\/wp-json\/wp\/v2\/posts"}],"about":[{"href":"https:\/\/canal7slp.tv\/2019\/wp-json\/wp\/v2\/types\/post"}],"author":[{"embeddable":true,"href":"https:\/\/canal7slp.tv\/2019\/wp-json\/wp\/v2\/users\/2"}],"replies":[{"embeddable":true,"href":"https:\/\/canal7slp.tv\/2019\/wp-json\/wp\/v2\/comments?post=13527"}],"version-history":[{"count":0,"href":"https:\/\/canal7slp.tv\/2019\/wp-json\/wp\/v2\/posts\/13527\/revisions"}],"wp:featuredmedia":[{"embeddable":true,"href":"https:\/\/canal7slp.tv\/2019\/wp-json\/wp\/v2\/media\/13528"}],"wp:attachment":[{"href":"https:\/\/canal7slp.tv\/2019\/wp-json\/wp\/v2\/media?parent=13527"}],"wp:term":[{"taxonomy":"category","embeddable":true,"href":"https:\/\/canal7slp.tv\/2019\/wp-json\/wp\/v2\/categories?post=13527"},{"taxonomy":"post_tag","embeddable":true,"href":"https:\/\/canal7slp.tv\/2019\/wp-json\/wp\/v2\/tags?post=13527"}],"curies":[{"name":"wp","href":"https:\/\/api.w.org\/{rel}","templated":true}]}}