{"id":13258,"date":"2019-06-12T13:59:02","date_gmt":"2019-06-12T18:59:02","guid":{"rendered":"https:\/\/canal7slp.tv\/2019\/?p=13258"},"modified":"2019-06-12T13:59:02","modified_gmt":"2019-06-12T18:59:02","slug":"convoca-sanchez-cordero-a-integrar-agenda-que-ponga-fin-a-la-violencia","status":"publish","type":"post","link":"https:\/\/canal7slp.tv\/2019\/convoca-sanchez-cordero-a-integrar-agenda-que-ponga-fin-a-la-violencia\/","title":{"rendered":"Convoca S\u00e1nchez Cordero a integrar agenda que ponga fin a la violencia"},"content":{"rendered":"<p style=\"text-align: justify\">M\u00e9xico.- Al reconocer la crisis de derechos humanos que vive el pa\u00eds, la titular de la Secretar\u00eda de Gobernaci\u00f3n (Segob), Olga S\u00e1nchez Cordero, llam\u00f3 a la sociedad mexicana a actuar en coordinaci\u00f3n y crear una agenda nacional que ponga fin a flagelos como la violencia que ha \u201cdesgarrado\u201d el tejido social.<\/p>\n<p style=\"text-align: justify\">\u201cEstamos seguros que nadie se opondr\u00e1 cuando la meta es frenar la violencia, construir una sociedad m\u00e1s igualitaria, promover la paz y la reconciliaci\u00f3n nacional\u201d, dijo en el inicio de los trabajos para el Programa Nacional de Derechos Humanos 2019-2024, el cual\u00a0incluir\u00e1 la instalaci\u00f3n de 15 foros y mesas de trabajo, cuyas sedes y fechas ser\u00e1n dadas a conocer en breve.<\/p>\n<p style=\"text-align: justify\">El Programa, anot\u00f3 S\u00e1nchez Cordero, sentar\u00e1n las bases de una pol\u00edtica de Estado orientada al respeto, garant\u00eda, promoci\u00f3n, protecci\u00f3n de los derechos humanos de todas las personas que viven y transitan por el pa\u00eds e integrar\u00e1 los compromisos internacionales en esta materia.<\/p>\n<p style=\"text-align: justify\">De tal suerte, hizo un llamado a todos los gobiernos locales, \u00f3rdenes de gobierno y municipios del pa\u00eds, a construir una agenda nacional con perspectiva de g\u00e9nero y de derechos humanos, que atiendan las causas de la desigualdad social.<\/p>\n<p style=\"text-align: justify\">\u201cEs impostergable ir al fondo de las problem\u00e1ticas y atenderlas con total y absoluto compromiso\u201d, sin maquillas las cifras, remarc\u00f3 la titular de Gobernaci\u00f3n.<\/p>\n<p style=\"text-align: justify\">Record\u00f3 que el presidente Andr\u00e9s Manuel L\u00f3pez Obrador ha conocido de cerca algunos hechos que han desgarrado el tejido social y que han trasladado su costo a las familias de las v\u00edctimas.<\/p>\n<p style=\"text-align: justify\">\u201cPor ello, hacemos un llamado a toda la sociedad mexicana para actuar en coordinaci\u00f3n y terminar con esos flagelos que tanto han da\u00f1ado a nuestro pa\u00eds\u201d, enfatiz\u00f3 la funcionaria federal, quien estuvo acompa\u00f1ada por el subsecretario de Derechos Humanos, Poblaci\u00f3n y Migraci\u00f3n, Alejandro Encinas.<\/p>\n<p style=\"text-align: justify\">En el Sal\u00f3n Revoluci\u00f3n del conjunto Bucareli, al que asistieron legisladores representantes del cuerpo diplom\u00e1tico acreditado en M\u00e9xico, de organizaciones de la sociedad civil y la academia, entre otro, la responsable de la pol\u00edtica interna del pa\u00eds destac\u00f3 el compromiso de la Comisi\u00f3n Nacional de Gobernadores (Conago), de sumarse a este esfuerzo.<\/p>\n<p style=\"text-align: justify\">S\u00e1nchez Cordero resalt\u00f3 la urgencia de fortalecer derechos en el pa\u00eds, como el relativo a la identidad, \u201cel respeto y reconocimiento a las personas y a todas las familias, as\u00ed como el reconocimiento a la paridad recientemente aprobada\u201d.<\/p>\n<p style=\"text-align: justify\">As\u00ed, el Programa establecer\u00e1 los grandes objetivos de la pol\u00edtica p\u00fablica y los mecanismos de coordinaci\u00f3n entre la Administraci\u00f3n P\u00fablica Federal (APF), los poderes de la Uni\u00f3n, los tres \u00f3rdenes de gobierno, la iniciativa privada y las organizaciones de la sociedad civil.<\/p>\n<p style=\"text-align: justify\">Con ello, expuso, se dar\u00e1 cumplimiento al compromiso internacional, impulsado por la Organizaci\u00f3n de las Naciones Unidas (ONU) para incentivar a los Estados a crear planes nacionales de acci\u00f3n de derechos humanos.<\/p>\n<p style=\"text-align: justify\">La titular de la Segob agreg\u00f3 que el inicio de los trabajos del Programa Nacional de Derechos Humanos 2019-2024 ha sido arropado por la sociedad en su conjunto, por lo que \u201cnos resta organizar los foros en los estados de la rep\u00fablica para hacer de este proceso colaborativo de un gran valor\u201d.<\/p>\n","protected":false},"excerpt":{"rendered":"<p>M\u00e9xico.- Al reconocer la crisis de derechos humanos que vive el pa\u00eds, la titular de la Secretar\u00eda de Gobernaci\u00f3n (Segob), Olga S\u00e1nchez Cordero, llam\u00f3 a la sociedad mexicana a actuar en coordinaci\u00f3n y crear una agenda nacional que ponga fin a flagelos como la violencia que ha \u201cdesgarrado\u201d el tejido social. \u201cEstamos seguros que nadie [&hellip;]<\/p>\n","protected":false},"author":2,"featured_media":13259,"comment_status":"open","ping_status":"closed","sticky":false,"template":"","format":"standard","meta":{"footnotes":""},"categories":[30],"tags":[],"class_list":["post-13258","post","type-post","status-publish","format-standard","has-post-thumbnail","hentry","category-nacional"],"yoast_head":"<!-- This site is optimized with the Yoast SEO plugin v27.5 - https:\/\/yoast.com\/product\/yoast-seo-wordpress\/ -->\n<title>Convoca S\u00e1nchez Cordero a integrar agenda que ponga fin a la violencia - Canal 7 SLP - 2019<\/title>\n<meta name=\"robots\" content=\"index, follow, max-snippet:-1, max-image-preview:large, max-video-preview:-1\" \/>\n<link rel=\"canonical\" href=\"https:\/\/canal7slp.tv\/2019\/convoca-sanchez-cordero-a-integrar-agenda-que-ponga-fin-a-la-violencia\/\" \/>\n<meta property=\"og:locale\" content=\"es_ES\" \/>\n<meta property=\"og:type\" content=\"article\" \/>\n<meta property=\"og:title\" content=\"Convoca S\u00e1nchez Cordero a integrar agenda que ponga fin a la violencia - Canal 7 SLP - 2019\" \/>\n<meta property=\"og:description\" content=\"M\u00e9xico.- Al reconocer la crisis de derechos humanos que vive el pa\u00eds, la titular de la Secretar\u00eda de Gobernaci\u00f3n (Segob), Olga S\u00e1nchez Cordero, llam\u00f3 a la sociedad mexicana a actuar en coordinaci\u00f3n y crear una agenda nacional que ponga fin a flagelos como la violencia que ha \u201cdesgarrado\u201d el tejido social. \u201cEstamos seguros que nadie [&hellip;]\" \/>\n<meta property=\"og:url\" content=\"https:\/\/canal7slp.tv\/2019\/convoca-sanchez-cordero-a-integrar-agenda-que-ponga-fin-a-la-violencia\/\" \/>\n<meta property=\"og:site_name\" content=\"Canal 7 SLP - 2019\" \/>\n<meta property=\"article:publisher\" content=\"https:\/\/www.facebook.com\/CANAL7SLP\/\" \/>\n<meta property=\"article:published_time\" content=\"2019-06-12T18:59:02+00:00\" \/>\n<meta property=\"og:image\" content=\"https:\/\/canal7slp.tv\/2019\/wp-content\/uploads\/2019\/06\/19-5.jpg\" \/>\n\t<meta property=\"og:image:width\" content=\"711\" \/>\n\t<meta property=\"og:image:height\" content=\"410\" \/>\n\t<meta property=\"og:image:type\" content=\"image\/jpeg\" \/>\n<meta name=\"author\" content=\"edicionweb\" \/>\n<meta name=\"twitter:card\" content=\"summary_large_image\" \/>\n<meta name=\"twitter:creator\" content=\"@canal7_slp\" \/>\n<meta name=\"twitter:site\" content=\"@canal7_slp\" \/>\n<meta name=\"twitter:label1\" content=\"Escrito por\" \/>\n\t<meta name=\"twitter:data1\" content=\"edicionweb\" \/>\n\t<meta name=\"twitter:label2\" content=\"Tiempo de lectura\" \/>\n\t<meta name=\"twitter:data2\" content=\"3 minutos\" \/>\n<script type=\"application\/ld+json\" class=\"yoast-schema-graph\">{\"@context\":\"https:\\\/\\\/schema.org\",\"@graph\":[{\"@type\":\"Article\",\"@id\":\"https:\\\/\\\/canal7slp.tv\\\/2019\\\/convoca-sanchez-cordero-a-integrar-agenda-que-ponga-fin-a-la-violencia\\\/#article\",\"isPartOf\":{\"@id\":\"https:\\\/\\\/canal7slp.tv\\\/2019\\\/convoca-sanchez-cordero-a-integrar-agenda-que-ponga-fin-a-la-violencia\\\/\"},\"author\":{\"name\":\"edicionweb\",\"@id\":\"https:\\\/\\\/canal7slp.tv\\\/2019\\\/#\\\/schema\\\/person\\\/11d941c1c6ca30ac0a46b95fa37aa2e3\"},\"headline\":\"Convoca S\u00e1nchez Cordero a integrar agenda que ponga fin a la violencia\",\"datePublished\":\"2019-06-12T18:59:02+00:00\",\"mainEntityOfPage\":{\"@id\":\"https:\\\/\\\/canal7slp.tv\\\/2019\\\/convoca-sanchez-cordero-a-integrar-agenda-que-ponga-fin-a-la-violencia\\\/\"},\"wordCount\":571,\"commentCount\":0,\"publisher\":{\"@id\":\"https:\\\/\\\/canal7slp.tv\\\/2019\\\/#organization\"},\"image\":{\"@id\":\"https:\\\/\\\/canal7slp.tv\\\/2019\\\/convoca-sanchez-cordero-a-integrar-agenda-que-ponga-fin-a-la-violencia\\\/#primaryimage\"},\"thumbnailUrl\":\"https:\\\/\\\/canal7slp.tv\\\/2019\\\/wp-content\\\/uploads\\\/2019\\\/06\\\/19-5.jpg\",\"articleSection\":[\"NACIONAL\"],\"inLanguage\":\"es\",\"potentialAction\":[{\"@type\":\"CommentAction\",\"name\":\"Comment\",\"target\":[\"https:\\\/\\\/canal7slp.tv\\\/2019\\\/convoca-sanchez-cordero-a-integrar-agenda-que-ponga-fin-a-la-violencia\\\/#respond\"]}]},{\"@type\":\"WebPage\",\"@id\":\"https:\\\/\\\/canal7slp.tv\\\/2019\\\/convoca-sanchez-cordero-a-integrar-agenda-que-ponga-fin-a-la-violencia\\\/\",\"url\":\"https:\\\/\\\/canal7slp.tv\\\/2019\\\/convoca-sanchez-cordero-a-integrar-agenda-que-ponga-fin-a-la-violencia\\\/\",\"name\":\"Convoca S\u00e1nchez Cordero a integrar agenda que ponga fin a la violencia - Canal 7 SLP - 2019\",\"isPartOf\":{\"@id\":\"https:\\\/\\\/canal7slp.tv\\\/2019\\\/#website\"},\"primaryImageOfPage\":{\"@id\":\"https:\\\/\\\/canal7slp.tv\\\/2019\\\/convoca-sanchez-cordero-a-integrar-agenda-que-ponga-fin-a-la-violencia\\\/#primaryimage\"},\"image\":{\"@id\":\"https:\\\/\\\/canal7slp.tv\\\/2019\\\/convoca-sanchez-cordero-a-integrar-agenda-que-ponga-fin-a-la-violencia\\\/#primaryimage\"},\"thumbnailUrl\":\"https:\\\/\\\/canal7slp.tv\\\/2019\\\/wp-content\\\/uploads\\\/2019\\\/06\\\/19-5.jpg\",\"datePublished\":\"2019-06-12T18:59:02+00:00\",\"breadcrumb\":{\"@id\":\"https:\\\/\\\/canal7slp.tv\\\/2019\\\/convoca-sanchez-cordero-a-integrar-agenda-que-ponga-fin-a-la-violencia\\\/#breadcrumb\"},\"inLanguage\":\"es\",\"potentialAction\":[{\"@type\":\"ReadAction\",\"target\":[\"https:\\\/\\\/canal7slp.tv\\\/2019\\\/convoca-sanchez-cordero-a-integrar-agenda-que-ponga-fin-a-la-violencia\\\/\"]}]},{\"@type\":\"ImageObject\",\"inLanguage\":\"es\",\"@id\":\"https:\\\/\\\/canal7slp.tv\\\/2019\\\/convoca-sanchez-cordero-a-integrar-agenda-que-ponga-fin-a-la-violencia\\\/#primaryimage\",\"url\":\"https:\\\/\\\/canal7slp.tv\\\/2019\\\/wp-content\\\/uploads\\\/2019\\\/06\\\/19-5.jpg\",\"contentUrl\":\"https:\\\/\\\/canal7slp.tv\\\/2019\\\/wp-content\\\/uploads\\\/2019\\\/06\\\/19-5.jpg\",\"width\":711,\"height\":410},{\"@type\":\"BreadcrumbList\",\"@id\":\"https:\\\/\\\/canal7slp.tv\\\/2019\\\/convoca-sanchez-cordero-a-integrar-agenda-que-ponga-fin-a-la-violencia\\\/#breadcrumb\",\"itemListElement\":[{\"@type\":\"ListItem\",\"position\":1,\"name\":\"Home\",\"item\":\"https:\\\/\\\/canal7slp.tv\\\/2019\\\/\"},{\"@type\":\"ListItem\",\"position\":2,\"name\":\"Convoca S\u00e1nchez Cordero a integrar agenda que ponga fin a la violencia\"}]},{\"@type\":\"WebSite\",\"@id\":\"https:\\\/\\\/canal7slp.tv\\\/2019\\\/#website\",\"url\":\"https:\\\/\\\/canal7slp.tv\\\/2019\\\/\",\"name\":\"Canal 7 SLP - Somos TV\",\"description\":\"Somos un Canal de 10\",\"publisher\":{\"@id\":\"https:\\\/\\\/canal7slp.tv\\\/2019\\\/#organization\"},\"potentialAction\":[{\"@type\":\"SearchAction\",\"target\":{\"@type\":\"EntryPoint\",\"urlTemplate\":\"https:\\\/\\\/canal7slp.tv\\\/2019\\\/?s={search_term_string}\"},\"query-input\":{\"@type\":\"PropertyValueSpecification\",\"valueRequired\":true,\"valueName\":\"search_term_string\"}}],\"inLanguage\":\"es\"},{\"@type\":\"Organization\",\"@id\":\"https:\\\/\\\/canal7slp.tv\\\/2019\\\/#organization\",\"name\":\"Comunicaci\u00f3n 2000 S.A. de C.V.\",\"url\":\"https:\\\/\\\/canal7slp.tv\\\/2019\\\/\",\"logo\":{\"@type\":\"ImageObject\",\"inLanguage\":\"es\",\"@id\":\"https:\\\/\\\/canal7slp.tv\\\/2019\\\/#\\\/schema\\\/logo\\\/image\\\/\",\"url\":\"https:\\\/\\\/canal7slp.tv\\\/2019\\\/wp-content\\\/uploads\\\/2019\\\/07\\\/logo-c7.png\",\"contentUrl\":\"https:\\\/\\\/canal7slp.tv\\\/2019\\\/wp-content\\\/uploads\\\/2019\\\/07\\\/logo-c7.png\",\"width\":220,\"height\":60,\"caption\":\"Comunicaci\u00f3n 2000 S.A. de C.V.\"},\"image\":{\"@id\":\"https:\\\/\\\/canal7slp.tv\\\/2019\\\/#\\\/schema\\\/logo\\\/image\\\/\"},\"sameAs\":[\"https:\\\/\\\/www.facebook.com\\\/CANAL7SLP\\\/\",\"https:\\\/\\\/x.com\\\/canal7_slp\",\"https:\\\/\\\/www.instagram.com\\\/canal7_slp\",\"https:\\\/\\\/www.youtube.com\\\/user\\\/NOTICIEROSCANAL7SLP\\\/\"]},{\"@type\":\"Person\",\"@id\":\"https:\\\/\\\/canal7slp.tv\\\/2019\\\/#\\\/schema\\\/person\\\/11d941c1c6ca30ac0a46b95fa37aa2e3\",\"name\":\"edicionweb\",\"image\":{\"@type\":\"ImageObject\",\"inLanguage\":\"es\",\"@id\":\"https:\\\/\\\/secure.gravatar.com\\\/avatar\\\/eee448fc3f7164808013b816ba91ac7e43bbe82a70bebac296f8bc6f0addaa1a?s=96&d=mm&r=g\",\"url\":\"https:\\\/\\\/secure.gravatar.com\\\/avatar\\\/eee448fc3f7164808013b816ba91ac7e43bbe82a70bebac296f8bc6f0addaa1a?s=96&d=mm&r=g\",\"contentUrl\":\"https:\\\/\\\/secure.gravatar.com\\\/avatar\\\/eee448fc3f7164808013b816ba91ac7e43bbe82a70bebac296f8bc6f0addaa1a?s=96&d=mm&r=g\",\"caption\":\"edicionweb\"}}]}<\/script>\n<!-- \/ Yoast SEO plugin. -->","yoast_head_json":{"title":"Convoca S\u00e1nchez Cordero a integrar agenda que ponga fin a la violencia - Canal 7 SLP - 2019","robots":{"index":"index","follow":"follow","max-snippet":"max-snippet:-1","max-image-preview":"max-image-preview:large","max-video-preview":"max-video-preview:-1"},"canonical":"https:\/\/canal7slp.tv\/2019\/convoca-sanchez-cordero-a-integrar-agenda-que-ponga-fin-a-la-violencia\/","og_locale":"es_ES","og_type":"article","og_title":"Convoca S\u00e1nchez Cordero a integrar agenda que ponga fin a la violencia - Canal 7 SLP - 2019","og_description":"M\u00e9xico.- Al reconocer la crisis de derechos humanos que vive el pa\u00eds, la titular de la Secretar\u00eda de Gobernaci\u00f3n (Segob), Olga S\u00e1nchez Cordero, llam\u00f3 a la sociedad mexicana a actuar en coordinaci\u00f3n y crear una agenda nacional que ponga fin a flagelos como la violencia que ha \u201cdesgarrado\u201d el tejido social. \u201cEstamos seguros que nadie [&hellip;]","og_url":"https:\/\/canal7slp.tv\/2019\/convoca-sanchez-cordero-a-integrar-agenda-que-ponga-fin-a-la-violencia\/","og_site_name":"Canal 7 SLP - 2019","article_publisher":"https:\/\/www.facebook.com\/CANAL7SLP\/","article_published_time":"2019-06-12T18:59:02+00:00","og_image":[{"width":711,"height":410,"url":"https:\/\/canal7slp.tv\/2019\/wp-content\/uploads\/2019\/06\/19-5.jpg","type":"image\/jpeg"}],"author":"edicionweb","twitter_card":"summary_large_image","twitter_creator":"@canal7_slp","twitter_site":"@canal7_slp","twitter_misc":{"Escrito por":"edicionweb","Tiempo de lectura":"3 minutos"},"schema":{"@context":"https:\/\/schema.org","@graph":[{"@type":"Article","@id":"https:\/\/canal7slp.tv\/2019\/convoca-sanchez-cordero-a-integrar-agenda-que-ponga-fin-a-la-violencia\/#article","isPartOf":{"@id":"https:\/\/canal7slp.tv\/2019\/convoca-sanchez-cordero-a-integrar-agenda-que-ponga-fin-a-la-violencia\/"},"author":{"name":"edicionweb","@id":"https:\/\/canal7slp.tv\/2019\/#\/schema\/person\/11d941c1c6ca30ac0a46b95fa37aa2e3"},"headline":"Convoca S\u00e1nchez Cordero a integrar agenda que ponga fin a la violencia","datePublished":"2019-06-12T18:59:02+00:00","mainEntityOfPage":{"@id":"https:\/\/canal7slp.tv\/2019\/convoca-sanchez-cordero-a-integrar-agenda-que-ponga-fin-a-la-violencia\/"},"wordCount":571,"commentCount":0,"publisher":{"@id":"https:\/\/canal7slp.tv\/2019\/#organization"},"image":{"@id":"https:\/\/canal7slp.tv\/2019\/convoca-sanchez-cordero-a-integrar-agenda-que-ponga-fin-a-la-violencia\/#primaryimage"},"thumbnailUrl":"https:\/\/canal7slp.tv\/2019\/wp-content\/uploads\/2019\/06\/19-5.jpg","articleSection":["NACIONAL"],"inLanguage":"es","potentialAction":[{"@type":"CommentAction","name":"Comment","target":["https:\/\/canal7slp.tv\/2019\/convoca-sanchez-cordero-a-integrar-agenda-que-ponga-fin-a-la-violencia\/#respond"]}]},{"@type":"WebPage","@id":"https:\/\/canal7slp.tv\/2019\/convoca-sanchez-cordero-a-integrar-agenda-que-ponga-fin-a-la-violencia\/","url":"https:\/\/canal7slp.tv\/2019\/convoca-sanchez-cordero-a-integrar-agenda-que-ponga-fin-a-la-violencia\/","name":"Convoca S\u00e1nchez Cordero a integrar agenda que ponga fin a la violencia - Canal 7 SLP - 2019","isPartOf":{"@id":"https:\/\/canal7slp.tv\/2019\/#website"},"primaryImageOfPage":{"@id":"https:\/\/canal7slp.tv\/2019\/convoca-sanchez-cordero-a-integrar-agenda-que-ponga-fin-a-la-violencia\/#primaryimage"},"image":{"@id":"https:\/\/canal7slp.tv\/2019\/convoca-sanchez-cordero-a-integrar-agenda-que-ponga-fin-a-la-violencia\/#primaryimage"},"thumbnailUrl":"https:\/\/canal7slp.tv\/2019\/wp-content\/uploads\/2019\/06\/19-5.jpg","datePublished":"2019-06-12T18:59:02+00:00","breadcrumb":{"@id":"https:\/\/canal7slp.tv\/2019\/convoca-sanchez-cordero-a-integrar-agenda-que-ponga-fin-a-la-violencia\/#breadcrumb"},"inLanguage":"es","potentialAction":[{"@type":"ReadAction","target":["https:\/\/canal7slp.tv\/2019\/convoca-sanchez-cordero-a-integrar-agenda-que-ponga-fin-a-la-violencia\/"]}]},{"@type":"ImageObject","inLanguage":"es","@id":"https:\/\/canal7slp.tv\/2019\/convoca-sanchez-cordero-a-integrar-agenda-que-ponga-fin-a-la-violencia\/#primaryimage","url":"https:\/\/canal7slp.tv\/2019\/wp-content\/uploads\/2019\/06\/19-5.jpg","contentUrl":"https:\/\/canal7slp.tv\/2019\/wp-content\/uploads\/2019\/06\/19-5.jpg","width":711,"height":410},{"@type":"BreadcrumbList","@id":"https:\/\/canal7slp.tv\/2019\/convoca-sanchez-cordero-a-integrar-agenda-que-ponga-fin-a-la-violencia\/#breadcrumb","itemListElement":[{"@type":"ListItem","position":1,"name":"Home","item":"https:\/\/canal7slp.tv\/2019\/"},{"@type":"ListItem","position":2,"name":"Convoca S\u00e1nchez Cordero a integrar agenda que ponga fin a la violencia"}]},{"@type":"WebSite","@id":"https:\/\/canal7slp.tv\/2019\/#website","url":"https:\/\/canal7slp.tv\/2019\/","name":"Canal 7 SLP - Somos TV","description":"Somos un Canal de 10","publisher":{"@id":"https:\/\/canal7slp.tv\/2019\/#organization"},"potentialAction":[{"@type":"SearchAction","target":{"@type":"EntryPoint","urlTemplate":"https:\/\/canal7slp.tv\/2019\/?s={search_term_string}"},"query-input":{"@type":"PropertyValueSpecification","valueRequired":true,"valueName":"search_term_string"}}],"inLanguage":"es"},{"@type":"Organization","@id":"https:\/\/canal7slp.tv\/2019\/#organization","name":"Comunicaci\u00f3n 2000 S.A. de C.V.","url":"https:\/\/canal7slp.tv\/2019\/","logo":{"@type":"ImageObject","inLanguage":"es","@id":"https:\/\/canal7slp.tv\/2019\/#\/schema\/logo\/image\/","url":"https:\/\/canal7slp.tv\/2019\/wp-content\/uploads\/2019\/07\/logo-c7.png","contentUrl":"https:\/\/canal7slp.tv\/2019\/wp-content\/uploads\/2019\/07\/logo-c7.png","width":220,"height":60,"caption":"Comunicaci\u00f3n 2000 S.A. de C.V."},"image":{"@id":"https:\/\/canal7slp.tv\/2019\/#\/schema\/logo\/image\/"},"sameAs":["https:\/\/www.facebook.com\/CANAL7SLP\/","https:\/\/x.com\/canal7_slp","https:\/\/www.instagram.com\/canal7_slp","https:\/\/www.youtube.com\/user\/NOTICIEROSCANAL7SLP\/"]},{"@type":"Person","@id":"https:\/\/canal7slp.tv\/2019\/#\/schema\/person\/11d941c1c6ca30ac0a46b95fa37aa2e3","name":"edicionweb","image":{"@type":"ImageObject","inLanguage":"es","@id":"https:\/\/secure.gravatar.com\/avatar\/eee448fc3f7164808013b816ba91ac7e43bbe82a70bebac296f8bc6f0addaa1a?s=96&d=mm&r=g","url":"https:\/\/secure.gravatar.com\/avatar\/eee448fc3f7164808013b816ba91ac7e43bbe82a70bebac296f8bc6f0addaa1a?s=96&d=mm&r=g","contentUrl":"https:\/\/secure.gravatar.com\/avatar\/eee448fc3f7164808013b816ba91ac7e43bbe82a70bebac296f8bc6f0addaa1a?s=96&d=mm&r=g","caption":"edicionweb"}}]}},"amp_enabled":true,"cmb2":{"video_ids_in_playlist":{"vid_p_videos":""},"video_ids_in_channel":{"vid_c_videos":""},"playlist_ids_in_channel":{"vid_c_playlists":""},"series_ids_in_channel":{"vid_c_series":""},"channel_images":{"vid_c_logo":"","vid_c_banner":""},"poster_feature_image":{"vid_m_poster_image":""},"gif_feature_image":{"vid_m_gif_image":""},"video_movie_settings":{"vid_m_director":"","vid_m_actor":"","vid_m_imdb_ratings":"","vid_m_amazon_associates":""},"vid_youtube_broadcasts_settings":{"vid_yb_broadcast_title":"","vid_yb_q":"","vid_yb_channelid":"","vid_yb_videocategoryid":"","vid_yb_maxresults":"","vid_yb_order":"","vid_yb_regioncode":"","vid_yb_videosyndicated":"","vid_yb_style":"","vid_yb_reload_first":""},"video_series_settings":{"vid_m_director":"","vid_m_actor":"","vid_m_imdb_ratings":"","video_series_group":""},"amazon_associates_settings":{"amazon_associates":"","amazon_native_ad":""},"vid_youtube_automatic_settings":{"vid_ya_youtube_source":"","vid_ya_update_every":"","vid_ya_update_unit":"","vid_ya_categories":"","vid_ya_published_after":"","vid_ya_published_before":"","vid_ya_playlists":"","vid_ya_channels":"","vid_ya_director":"","vid_ya_actor":"","vid_ya_author":"","vid_ya_import_post_date":"","vid_ya_status":"","vid_ya_sub_api_key":""},"vid_ads_m_videoads_settings_post":{"vid_ads_m_video_ads":"","vid_ads_m_video_ads_type":"","vid_ads_m_group_google_ima":"","vid_ads_m_group_image":"","vid_ads_m_group_html5_video":"","vid_ads_m_group_html":"","vid_ads_m_vast_preroll":"","vid_ads_m_vast_postroll":"","vid_ads_m_vast_pauseroll":"","vid_ads_m_vast_midroll":[{"vid_ads_m_vast_timer_seconds":"50"}],"vid_ads_m_time_to_show_ads":"","vid_ads_m_time_skip_ads":"","vid_ads_m_time_to_hide_ads":""},"page_slider_settings":{"display_slider_group":"","page_slider_group":""},"blog_page_settings":{"blog_page_title":"","blog_page_heading":"","blog_page_ic":"","blog_page_it":"","blog_page_ec":"","blog_page_ip":"","archive_loop_style":"","blog_image_ratio":"","blog_show_categories":"","blog_show_excerpt":"","blog_show_author":"","blog_show_date":"","blog_show_comment_count":"","blog_show_view_count":"","blog_show_like_count":"","blog_show_dislike_count":"","blog_items_per_page":"","blog_pag_type":""},"page_options":{"get_page_template":"","color_mode":"","main_layout":"","main_layout_full_with":"","main_logo":"","main_logo_retina":"","main_logo_mobile":"","main_logo_mobile_retina":"","sticky_logo":"","sticky_logo_retina":"","main_nav_layout":"","ajax_search":"","header_background":"","theme_sidebar":"","instagram_feed":"","instagram_feed_position":"","popular_videos":"","popular_videos_title_1":"","popular_videos_title_2":"","popular_videos_ic":"","popular_videos_it":"","theme_background":"","page_custom_css":""},"feature_image_settings":{"feature_image_position":""},"video_player_settings":{"single_video_style":"","video_player_position":"","vm_video_url":"","video_player_library":"","video_streaming":"","vm_media_sources":"","vid_auto_play":"","vm_video_shortcode":"","vid_p_sync_playlist":"","vid_c_sync_channel":"","get_post_format":"","multiple_links_structure":"default","multi_links_title":"","vm_video_multi_links":"","vm_duration":"","vid_social_locker":"off","vid_social_locker_id":"","vid_membership_action":"content-video","vm_video_trailer_url":"","vid_download_type":"free","vid_download_target":"download","vid_woo_product":"","vm_media_download":"","user_rating":"","user_rating_position":"","user_rating_mode":"","user_rating_multi_sets":""},"video_auto_fetch_settings":{"vm_video_fetch":"on"},"video_fake_views_likes":{"vm_fake_views":"","vm_fake_likes":"","vm_fake_dislikes":""},"gallery_settings":{"gallery_position":""},"quote_settings":{"quote_position":""},"post_options":{"main_layout":"","main_logo":"","main_logo_retina":"","main_logo_mobile":"","main_logo_mobile_retina":"","sticky_logo":"","sticky_logo_retina":"","main_nav_layout":"","header_background":"","theme_sidebar":"","single_post_comment_type":"","theme_background":""}},"_links":{"self":[{"href":"https:\/\/canal7slp.tv\/2019\/wp-json\/wp\/v2\/posts\/13258","targetHints":{"allow":["GET"]}}],"collection":[{"href":"https:\/\/canal7slp.tv\/2019\/wp-json\/wp\/v2\/posts"}],"about":[{"href":"https:\/\/canal7slp.tv\/2019\/wp-json\/wp\/v2\/types\/post"}],"author":[{"embeddable":true,"href":"https:\/\/canal7slp.tv\/2019\/wp-json\/wp\/v2\/users\/2"}],"replies":[{"embeddable":true,"href":"https:\/\/canal7slp.tv\/2019\/wp-json\/wp\/v2\/comments?post=13258"}],"version-history":[{"count":0,"href":"https:\/\/canal7slp.tv\/2019\/wp-json\/wp\/v2\/posts\/13258\/revisions"}],"wp:featuredmedia":[{"embeddable":true,"href":"https:\/\/canal7slp.tv\/2019\/wp-json\/wp\/v2\/media\/13259"}],"wp:attachment":[{"href":"https:\/\/canal7slp.tv\/2019\/wp-json\/wp\/v2\/media?parent=13258"}],"wp:term":[{"taxonomy":"category","embeddable":true,"href":"https:\/\/canal7slp.tv\/2019\/wp-json\/wp\/v2\/categories?post=13258"},{"taxonomy":"post_tag","embeddable":true,"href":"https:\/\/canal7slp.tv\/2019\/wp-json\/wp\/v2\/tags?post=13258"}],"curies":[{"name":"wp","href":"https:\/\/api.w.org\/{rel}","templated":true}]}}