{"id":13255,"date":"2019-06-12T13:48:37","date_gmt":"2019-06-12T18:48:37","guid":{"rendered":"https:\/\/canal7slp.tv\/2019\/?p=13255"},"modified":"2019-06-12T13:49:17","modified_gmt":"2019-06-12T18:49:17","slug":"mas-de-400-detenidos-en-marcha-en-apoyo-al-periodista-ruso-ivan-golunov","status":"publish","type":"post","link":"https:\/\/canal7slp.tv\/2019\/mas-de-400-detenidos-en-marcha-en-apoyo-al-periodista-ruso-ivan-golunov\/","title":{"rendered":"M\u00e1s de 400 detenidos en marcha en apoyo al periodista ruso Iv\u00e1n Golunov"},"content":{"rendered":"<p style=\"text-align: justify\">Mosc\u00fa.- M\u00e1s de 400 personas fueron detenidas hoy, entre ellas el l\u00edder opositor Alexei Navalni, durante una manifestaci\u00f3n para exigir castigo contra los polic\u00edas implicados en el arresto del periodista ruso Iv\u00e1n Golunov, acusado de narcotr\u00e1fico y quien fue liberado la v\u00edspera.<\/p>\n<p style=\"text-align: justify\">Navalni, l\u00edder de la oposici\u00f3n parlamentaria, acudi\u00f3 a la protesta no autorizada contra la supuesta impunidad y corrupci\u00f3n de los organismos encargados de hacer cumplir la ley, as\u00ed como su vocera Kira Yarmysh y varios periodistas.<\/p>\n<p style=\"text-align: justify\">La polic\u00eda rusa precis\u00f3 que m\u00e1s de 200 manifestantes fueron arrestados en esta capital, mientras la organizaci\u00f3n de observadores OVD-Info, especializada en el seguimiento de arrestos, dio cuenta de al menos 400, inform\u00f3 por su parte el diario Moscow Times.<\/p>\n<p style=\"text-align: justify\">A pesar de que el reportero fue liberado la v\u00edspera tras retirarle los cargos que le imputaban, m\u00e1s de mil 200 personas marcharon por el centro de Mosc\u00fa y San Petersburgo, la segunda ciudad del pa\u00eds, coreando \u201cRusia ser\u00e1 libre\u201d y \u201cRusia sin Putin\u201d.<\/p>\n<p style=\"text-align: justify\">Algunos de los manifestantes vest\u00edan camisetas blancas en las que se pod\u00eda leer &#8220;Yo soy\/Nosotros somos Iv\u00e1n Golunov&#8221;, el mismo lema que apareci\u00f3 el lunes pasado en las portadas de los tres principales diarios rusos, en un acto ins\u00f3lito para las costumbre pol\u00edticas y period\u00edsticas del pa\u00eds.<\/p>\n<p style=\"text-align: justify\">El periodista, de 36 a\u00f1os y que trabaja para la publicaci\u00f3n digital Meduza, con sede en Letonia, fue detenido el pasado jueves por el presunto delito de distribuci\u00f3n de drogas y dos d\u00edas despu\u00e9s un tribunal lo puso bajo arresto domiciliario como medida cautelar.<\/p>\n<p style=\"text-align: justify\">Los agentes que le detuvieron aseguraron que en su mochila y luego en su departamento encontraron coca\u00edna y mefedrona, una droga sint\u00e9tica, as\u00ed como balanzas para medir narc\u00f3ticos, pero el periodista asegur\u00f3 que las sustancias fueron sembradas para acusarlo.<\/p>\n<p style=\"text-align: justify\">Tras su liberaci\u00f3n, Golunov sostuvo que seguir\u00e1 con su trabajo y sus investigaciones sobre casos de corrupci\u00f3n en el pa\u00eds, adem\u00e1s manifest\u00f3 su deseo de que nadie pase una situaci\u00f3n similar a la suya.<\/p>\n<p style=\"text-align: justify\">Este caso origin\u00f3 una ola de solidaridad tanto de sus compa\u00f1eros de profesi\u00f3n como de la sociedad civil y de famosos del mundo de la cultura, adem\u00e1s organizaciones internacionales como Amnist\u00eda Internacional (AI) pidieron su liberaci\u00f3n.<\/p>\n","protected":false},"excerpt":{"rendered":"<p>Mosc\u00fa.- M\u00e1s de 400 personas fueron detenidas hoy, entre ellas el l\u00edder opositor Alexei Navalni, durante una manifestaci\u00f3n para exigir castigo contra los polic\u00edas implicados en el arresto del periodista ruso Iv\u00e1n Golunov, acusado de narcotr\u00e1fico y quien fue liberado la v\u00edspera. Navalni, l\u00edder de la oposici\u00f3n parlamentaria, acudi\u00f3 a la protesta no autorizada contra [&hellip;]<\/p>\n","protected":false},"author":2,"featured_media":13256,"comment_status":"open","ping_status":"closed","sticky":false,"template":"","format":"standard","meta":{"footnotes":""},"categories":[18],"tags":[],"class_list":["post-13255","post","type-post","status-publish","format-standard","has-post-thumbnail","hentry","category-internacional"],"yoast_head":"<!-- This site is optimized with the Yoast SEO plugin v27.5 - https:\/\/yoast.com\/product\/yoast-seo-wordpress\/ -->\n<title>M\u00e1s de 400 detenidos en marcha en apoyo al periodista ruso Iv\u00e1n Golunov - Canal 7 SLP - 2019<\/title>\n<meta name=\"robots\" content=\"index, follow, max-snippet:-1, max-image-preview:large, max-video-preview:-1\" \/>\n<link rel=\"canonical\" href=\"https:\/\/canal7slp.tv\/2019\/mas-de-400-detenidos-en-marcha-en-apoyo-al-periodista-ruso-ivan-golunov\/\" \/>\n<meta property=\"og:locale\" content=\"es_ES\" \/>\n<meta property=\"og:type\" content=\"article\" \/>\n<meta property=\"og:title\" content=\"M\u00e1s de 400 detenidos en marcha en apoyo al periodista ruso Iv\u00e1n Golunov - Canal 7 SLP - 2019\" \/>\n<meta property=\"og:description\" content=\"Mosc\u00fa.- M\u00e1s de 400 personas fueron detenidas hoy, entre ellas el l\u00edder opositor Alexei Navalni, durante una manifestaci\u00f3n para exigir castigo contra los polic\u00edas implicados en el arresto del periodista ruso Iv\u00e1n Golunov, acusado de narcotr\u00e1fico y quien fue liberado la v\u00edspera. Navalni, l\u00edder de la oposici\u00f3n parlamentaria, acudi\u00f3 a la protesta no autorizada contra [&hellip;]\" \/>\n<meta property=\"og:url\" content=\"https:\/\/canal7slp.tv\/2019\/mas-de-400-detenidos-en-marcha-en-apoyo-al-periodista-ruso-ivan-golunov\/\" \/>\n<meta property=\"og:site_name\" content=\"Canal 7 SLP - 2019\" \/>\n<meta property=\"article:publisher\" content=\"https:\/\/www.facebook.com\/CANAL7SLP\/\" \/>\n<meta property=\"article:published_time\" content=\"2019-06-12T18:48:37+00:00\" \/>\n<meta property=\"article:modified_time\" content=\"2019-06-12T18:49:17+00:00\" \/>\n<meta property=\"og:image\" content=\"https:\/\/canal7slp.tv\/2019\/wp-content\/uploads\/2019\/06\/18.jpeg\" \/>\n\t<meta property=\"og:image:width\" content=\"714\" \/>\n\t<meta property=\"og:image:height\" content=\"410\" \/>\n\t<meta property=\"og:image:type\" content=\"image\/jpeg\" \/>\n<meta name=\"author\" content=\"edicionweb\" \/>\n<meta name=\"twitter:card\" content=\"summary_large_image\" \/>\n<meta name=\"twitter:creator\" content=\"@canal7_slp\" \/>\n<meta name=\"twitter:site\" content=\"@canal7_slp\" \/>\n<meta name=\"twitter:label1\" content=\"Escrito por\" \/>\n\t<meta name=\"twitter:data1\" content=\"edicionweb\" \/>\n\t<meta name=\"twitter:label2\" content=\"Tiempo de lectura\" \/>\n\t<meta name=\"twitter:data2\" content=\"2 minutos\" \/>\n<script type=\"application\/ld+json\" class=\"yoast-schema-graph\">{\"@context\":\"https:\\\/\\\/schema.org\",\"@graph\":[{\"@type\":\"Article\",\"@id\":\"https:\\\/\\\/canal7slp.tv\\\/2019\\\/mas-de-400-detenidos-en-marcha-en-apoyo-al-periodista-ruso-ivan-golunov\\\/#article\",\"isPartOf\":{\"@id\":\"https:\\\/\\\/canal7slp.tv\\\/2019\\\/mas-de-400-detenidos-en-marcha-en-apoyo-al-periodista-ruso-ivan-golunov\\\/\"},\"author\":{\"name\":\"edicionweb\",\"@id\":\"https:\\\/\\\/canal7slp.tv\\\/2019\\\/#\\\/schema\\\/person\\\/11d941c1c6ca30ac0a46b95fa37aa2e3\"},\"headline\":\"M\u00e1s de 400 detenidos en marcha en apoyo al periodista ruso Iv\u00e1n Golunov\",\"datePublished\":\"2019-06-12T18:48:37+00:00\",\"dateModified\":\"2019-06-12T18:49:17+00:00\",\"mainEntityOfPage\":{\"@id\":\"https:\\\/\\\/canal7slp.tv\\\/2019\\\/mas-de-400-detenidos-en-marcha-en-apoyo-al-periodista-ruso-ivan-golunov\\\/\"},\"wordCount\":414,\"commentCount\":0,\"publisher\":{\"@id\":\"https:\\\/\\\/canal7slp.tv\\\/2019\\\/#organization\"},\"image\":{\"@id\":\"https:\\\/\\\/canal7slp.tv\\\/2019\\\/mas-de-400-detenidos-en-marcha-en-apoyo-al-periodista-ruso-ivan-golunov\\\/#primaryimage\"},\"thumbnailUrl\":\"https:\\\/\\\/canal7slp.tv\\\/2019\\\/wp-content\\\/uploads\\\/2019\\\/06\\\/18.jpeg\",\"articleSection\":[\"INTERNACIONAL\"],\"inLanguage\":\"es\",\"potentialAction\":[{\"@type\":\"CommentAction\",\"name\":\"Comment\",\"target\":[\"https:\\\/\\\/canal7slp.tv\\\/2019\\\/mas-de-400-detenidos-en-marcha-en-apoyo-al-periodista-ruso-ivan-golunov\\\/#respond\"]}]},{\"@type\":\"WebPage\",\"@id\":\"https:\\\/\\\/canal7slp.tv\\\/2019\\\/mas-de-400-detenidos-en-marcha-en-apoyo-al-periodista-ruso-ivan-golunov\\\/\",\"url\":\"https:\\\/\\\/canal7slp.tv\\\/2019\\\/mas-de-400-detenidos-en-marcha-en-apoyo-al-periodista-ruso-ivan-golunov\\\/\",\"name\":\"M\u00e1s de 400 detenidos en marcha en apoyo al periodista ruso Iv\u00e1n Golunov - Canal 7 SLP - 2019\",\"isPartOf\":{\"@id\":\"https:\\\/\\\/canal7slp.tv\\\/2019\\\/#website\"},\"primaryImageOfPage\":{\"@id\":\"https:\\\/\\\/canal7slp.tv\\\/2019\\\/mas-de-400-detenidos-en-marcha-en-apoyo-al-periodista-ruso-ivan-golunov\\\/#primaryimage\"},\"image\":{\"@id\":\"https:\\\/\\\/canal7slp.tv\\\/2019\\\/mas-de-400-detenidos-en-marcha-en-apoyo-al-periodista-ruso-ivan-golunov\\\/#primaryimage\"},\"thumbnailUrl\":\"https:\\\/\\\/canal7slp.tv\\\/2019\\\/wp-content\\\/uploads\\\/2019\\\/06\\\/18.jpeg\",\"datePublished\":\"2019-06-12T18:48:37+00:00\",\"dateModified\":\"2019-06-12T18:49:17+00:00\",\"breadcrumb\":{\"@id\":\"https:\\\/\\\/canal7slp.tv\\\/2019\\\/mas-de-400-detenidos-en-marcha-en-apoyo-al-periodista-ruso-ivan-golunov\\\/#breadcrumb\"},\"inLanguage\":\"es\",\"potentialAction\":[{\"@type\":\"ReadAction\",\"target\":[\"https:\\\/\\\/canal7slp.tv\\\/2019\\\/mas-de-400-detenidos-en-marcha-en-apoyo-al-periodista-ruso-ivan-golunov\\\/\"]}]},{\"@type\":\"ImageObject\",\"inLanguage\":\"es\",\"@id\":\"https:\\\/\\\/canal7slp.tv\\\/2019\\\/mas-de-400-detenidos-en-marcha-en-apoyo-al-periodista-ruso-ivan-golunov\\\/#primaryimage\",\"url\":\"https:\\\/\\\/canal7slp.tv\\\/2019\\\/wp-content\\\/uploads\\\/2019\\\/06\\\/18.jpeg\",\"contentUrl\":\"https:\\\/\\\/canal7slp.tv\\\/2019\\\/wp-content\\\/uploads\\\/2019\\\/06\\\/18.jpeg\",\"width\":714,\"height\":410},{\"@type\":\"BreadcrumbList\",\"@id\":\"https:\\\/\\\/canal7slp.tv\\\/2019\\\/mas-de-400-detenidos-en-marcha-en-apoyo-al-periodista-ruso-ivan-golunov\\\/#breadcrumb\",\"itemListElement\":[{\"@type\":\"ListItem\",\"position\":1,\"name\":\"Home\",\"item\":\"https:\\\/\\\/canal7slp.tv\\\/2019\\\/\"},{\"@type\":\"ListItem\",\"position\":2,\"name\":\"M\u00e1s de 400 detenidos en marcha en apoyo al periodista ruso Iv\u00e1n Golunov\"}]},{\"@type\":\"WebSite\",\"@id\":\"https:\\\/\\\/canal7slp.tv\\\/2019\\\/#website\",\"url\":\"https:\\\/\\\/canal7slp.tv\\\/2019\\\/\",\"name\":\"Canal 7 SLP - Somos TV\",\"description\":\"Somos un Canal de 10\",\"publisher\":{\"@id\":\"https:\\\/\\\/canal7slp.tv\\\/2019\\\/#organization\"},\"potentialAction\":[{\"@type\":\"SearchAction\",\"target\":{\"@type\":\"EntryPoint\",\"urlTemplate\":\"https:\\\/\\\/canal7slp.tv\\\/2019\\\/?s={search_term_string}\"},\"query-input\":{\"@type\":\"PropertyValueSpecification\",\"valueRequired\":true,\"valueName\":\"search_term_string\"}}],\"inLanguage\":\"es\"},{\"@type\":\"Organization\",\"@id\":\"https:\\\/\\\/canal7slp.tv\\\/2019\\\/#organization\",\"name\":\"Comunicaci\u00f3n 2000 S.A. de C.V.\",\"url\":\"https:\\\/\\\/canal7slp.tv\\\/2019\\\/\",\"logo\":{\"@type\":\"ImageObject\",\"inLanguage\":\"es\",\"@id\":\"https:\\\/\\\/canal7slp.tv\\\/2019\\\/#\\\/schema\\\/logo\\\/image\\\/\",\"url\":\"https:\\\/\\\/canal7slp.tv\\\/2019\\\/wp-content\\\/uploads\\\/2019\\\/07\\\/logo-c7.png\",\"contentUrl\":\"https:\\\/\\\/canal7slp.tv\\\/2019\\\/wp-content\\\/uploads\\\/2019\\\/07\\\/logo-c7.png\",\"width\":220,\"height\":60,\"caption\":\"Comunicaci\u00f3n 2000 S.A. de C.V.\"},\"image\":{\"@id\":\"https:\\\/\\\/canal7slp.tv\\\/2019\\\/#\\\/schema\\\/logo\\\/image\\\/\"},\"sameAs\":[\"https:\\\/\\\/www.facebook.com\\\/CANAL7SLP\\\/\",\"https:\\\/\\\/x.com\\\/canal7_slp\",\"https:\\\/\\\/www.instagram.com\\\/canal7_slp\",\"https:\\\/\\\/www.youtube.com\\\/user\\\/NOTICIEROSCANAL7SLP\\\/\"]},{\"@type\":\"Person\",\"@id\":\"https:\\\/\\\/canal7slp.tv\\\/2019\\\/#\\\/schema\\\/person\\\/11d941c1c6ca30ac0a46b95fa37aa2e3\",\"name\":\"edicionweb\",\"image\":{\"@type\":\"ImageObject\",\"inLanguage\":\"es\",\"@id\":\"https:\\\/\\\/secure.gravatar.com\\\/avatar\\\/eee448fc3f7164808013b816ba91ac7e43bbe82a70bebac296f8bc6f0addaa1a?s=96&d=mm&r=g\",\"url\":\"https:\\\/\\\/secure.gravatar.com\\\/avatar\\\/eee448fc3f7164808013b816ba91ac7e43bbe82a70bebac296f8bc6f0addaa1a?s=96&d=mm&r=g\",\"contentUrl\":\"https:\\\/\\\/secure.gravatar.com\\\/avatar\\\/eee448fc3f7164808013b816ba91ac7e43bbe82a70bebac296f8bc6f0addaa1a?s=96&d=mm&r=g\",\"caption\":\"edicionweb\"}}]}<\/script>\n<!-- \/ Yoast SEO plugin. -->","yoast_head_json":{"title":"M\u00e1s de 400 detenidos en marcha en apoyo al periodista ruso Iv\u00e1n Golunov - Canal 7 SLP - 2019","robots":{"index":"index","follow":"follow","max-snippet":"max-snippet:-1","max-image-preview":"max-image-preview:large","max-video-preview":"max-video-preview:-1"},"canonical":"https:\/\/canal7slp.tv\/2019\/mas-de-400-detenidos-en-marcha-en-apoyo-al-periodista-ruso-ivan-golunov\/","og_locale":"es_ES","og_type":"article","og_title":"M\u00e1s de 400 detenidos en marcha en apoyo al periodista ruso Iv\u00e1n Golunov - Canal 7 SLP - 2019","og_description":"Mosc\u00fa.- M\u00e1s de 400 personas fueron detenidas hoy, entre ellas el l\u00edder opositor Alexei Navalni, durante una manifestaci\u00f3n para exigir castigo contra los polic\u00edas implicados en el arresto del periodista ruso Iv\u00e1n Golunov, acusado de narcotr\u00e1fico y quien fue liberado la v\u00edspera. Navalni, l\u00edder de la oposici\u00f3n parlamentaria, acudi\u00f3 a la protesta no autorizada contra [&hellip;]","og_url":"https:\/\/canal7slp.tv\/2019\/mas-de-400-detenidos-en-marcha-en-apoyo-al-periodista-ruso-ivan-golunov\/","og_site_name":"Canal 7 SLP - 2019","article_publisher":"https:\/\/www.facebook.com\/CANAL7SLP\/","article_published_time":"2019-06-12T18:48:37+00:00","article_modified_time":"2019-06-12T18:49:17+00:00","og_image":[{"width":714,"height":410,"url":"https:\/\/canal7slp.tv\/2019\/wp-content\/uploads\/2019\/06\/18.jpeg","type":"image\/jpeg"}],"author":"edicionweb","twitter_card":"summary_large_image","twitter_creator":"@canal7_slp","twitter_site":"@canal7_slp","twitter_misc":{"Escrito por":"edicionweb","Tiempo de lectura":"2 minutos"},"schema":{"@context":"https:\/\/schema.org","@graph":[{"@type":"Article","@id":"https:\/\/canal7slp.tv\/2019\/mas-de-400-detenidos-en-marcha-en-apoyo-al-periodista-ruso-ivan-golunov\/#article","isPartOf":{"@id":"https:\/\/canal7slp.tv\/2019\/mas-de-400-detenidos-en-marcha-en-apoyo-al-periodista-ruso-ivan-golunov\/"},"author":{"name":"edicionweb","@id":"https:\/\/canal7slp.tv\/2019\/#\/schema\/person\/11d941c1c6ca30ac0a46b95fa37aa2e3"},"headline":"M\u00e1s de 400 detenidos en marcha en apoyo al periodista ruso Iv\u00e1n Golunov","datePublished":"2019-06-12T18:48:37+00:00","dateModified":"2019-06-12T18:49:17+00:00","mainEntityOfPage":{"@id":"https:\/\/canal7slp.tv\/2019\/mas-de-400-detenidos-en-marcha-en-apoyo-al-periodista-ruso-ivan-golunov\/"},"wordCount":414,"commentCount":0,"publisher":{"@id":"https:\/\/canal7slp.tv\/2019\/#organization"},"image":{"@id":"https:\/\/canal7slp.tv\/2019\/mas-de-400-detenidos-en-marcha-en-apoyo-al-periodista-ruso-ivan-golunov\/#primaryimage"},"thumbnailUrl":"https:\/\/canal7slp.tv\/2019\/wp-content\/uploads\/2019\/06\/18.jpeg","articleSection":["INTERNACIONAL"],"inLanguage":"es","potentialAction":[{"@type":"CommentAction","name":"Comment","target":["https:\/\/canal7slp.tv\/2019\/mas-de-400-detenidos-en-marcha-en-apoyo-al-periodista-ruso-ivan-golunov\/#respond"]}]},{"@type":"WebPage","@id":"https:\/\/canal7slp.tv\/2019\/mas-de-400-detenidos-en-marcha-en-apoyo-al-periodista-ruso-ivan-golunov\/","url":"https:\/\/canal7slp.tv\/2019\/mas-de-400-detenidos-en-marcha-en-apoyo-al-periodista-ruso-ivan-golunov\/","name":"M\u00e1s de 400 detenidos en marcha en apoyo al periodista ruso Iv\u00e1n Golunov - Canal 7 SLP - 2019","isPartOf":{"@id":"https:\/\/canal7slp.tv\/2019\/#website"},"primaryImageOfPage":{"@id":"https:\/\/canal7slp.tv\/2019\/mas-de-400-detenidos-en-marcha-en-apoyo-al-periodista-ruso-ivan-golunov\/#primaryimage"},"image":{"@id":"https:\/\/canal7slp.tv\/2019\/mas-de-400-detenidos-en-marcha-en-apoyo-al-periodista-ruso-ivan-golunov\/#primaryimage"},"thumbnailUrl":"https:\/\/canal7slp.tv\/2019\/wp-content\/uploads\/2019\/06\/18.jpeg","datePublished":"2019-06-12T18:48:37+00:00","dateModified":"2019-06-12T18:49:17+00:00","breadcrumb":{"@id":"https:\/\/canal7slp.tv\/2019\/mas-de-400-detenidos-en-marcha-en-apoyo-al-periodista-ruso-ivan-golunov\/#breadcrumb"},"inLanguage":"es","potentialAction":[{"@type":"ReadAction","target":["https:\/\/canal7slp.tv\/2019\/mas-de-400-detenidos-en-marcha-en-apoyo-al-periodista-ruso-ivan-golunov\/"]}]},{"@type":"ImageObject","inLanguage":"es","@id":"https:\/\/canal7slp.tv\/2019\/mas-de-400-detenidos-en-marcha-en-apoyo-al-periodista-ruso-ivan-golunov\/#primaryimage","url":"https:\/\/canal7slp.tv\/2019\/wp-content\/uploads\/2019\/06\/18.jpeg","contentUrl":"https:\/\/canal7slp.tv\/2019\/wp-content\/uploads\/2019\/06\/18.jpeg","width":714,"height":410},{"@type":"BreadcrumbList","@id":"https:\/\/canal7slp.tv\/2019\/mas-de-400-detenidos-en-marcha-en-apoyo-al-periodista-ruso-ivan-golunov\/#breadcrumb","itemListElement":[{"@type":"ListItem","position":1,"name":"Home","item":"https:\/\/canal7slp.tv\/2019\/"},{"@type":"ListItem","position":2,"name":"M\u00e1s de 400 detenidos en marcha en apoyo al periodista ruso Iv\u00e1n Golunov"}]},{"@type":"WebSite","@id":"https:\/\/canal7slp.tv\/2019\/#website","url":"https:\/\/canal7slp.tv\/2019\/","name":"Canal 7 SLP - Somos TV","description":"Somos un Canal de 10","publisher":{"@id":"https:\/\/canal7slp.tv\/2019\/#organization"},"potentialAction":[{"@type":"SearchAction","target":{"@type":"EntryPoint","urlTemplate":"https:\/\/canal7slp.tv\/2019\/?s={search_term_string}"},"query-input":{"@type":"PropertyValueSpecification","valueRequired":true,"valueName":"search_term_string"}}],"inLanguage":"es"},{"@type":"Organization","@id":"https:\/\/canal7slp.tv\/2019\/#organization","name":"Comunicaci\u00f3n 2000 S.A. de C.V.","url":"https:\/\/canal7slp.tv\/2019\/","logo":{"@type":"ImageObject","inLanguage":"es","@id":"https:\/\/canal7slp.tv\/2019\/#\/schema\/logo\/image\/","url":"https:\/\/canal7slp.tv\/2019\/wp-content\/uploads\/2019\/07\/logo-c7.png","contentUrl":"https:\/\/canal7slp.tv\/2019\/wp-content\/uploads\/2019\/07\/logo-c7.png","width":220,"height":60,"caption":"Comunicaci\u00f3n 2000 S.A. de C.V."},"image":{"@id":"https:\/\/canal7slp.tv\/2019\/#\/schema\/logo\/image\/"},"sameAs":["https:\/\/www.facebook.com\/CANAL7SLP\/","https:\/\/x.com\/canal7_slp","https:\/\/www.instagram.com\/canal7_slp","https:\/\/www.youtube.com\/user\/NOTICIEROSCANAL7SLP\/"]},{"@type":"Person","@id":"https:\/\/canal7slp.tv\/2019\/#\/schema\/person\/11d941c1c6ca30ac0a46b95fa37aa2e3","name":"edicionweb","image":{"@type":"ImageObject","inLanguage":"es","@id":"https:\/\/secure.gravatar.com\/avatar\/eee448fc3f7164808013b816ba91ac7e43bbe82a70bebac296f8bc6f0addaa1a?s=96&d=mm&r=g","url":"https:\/\/secure.gravatar.com\/avatar\/eee448fc3f7164808013b816ba91ac7e43bbe82a70bebac296f8bc6f0addaa1a?s=96&d=mm&r=g","contentUrl":"https:\/\/secure.gravatar.com\/avatar\/eee448fc3f7164808013b816ba91ac7e43bbe82a70bebac296f8bc6f0addaa1a?s=96&d=mm&r=g","caption":"edicionweb"}}]}},"amp_enabled":true,"cmb2":{"video_ids_in_playlist":{"vid_p_videos":""},"video_ids_in_channel":{"vid_c_videos":""},"playlist_ids_in_channel":{"vid_c_playlists":""},"series_ids_in_channel":{"vid_c_series":""},"channel_images":{"vid_c_logo":"","vid_c_banner":""},"poster_feature_image":{"vid_m_poster_image":""},"gif_feature_image":{"vid_m_gif_image":""},"video_movie_settings":{"vid_m_director":"","vid_m_actor":"","vid_m_imdb_ratings":"","vid_m_amazon_associates":""},"vid_youtube_broadcasts_settings":{"vid_yb_broadcast_title":"","vid_yb_q":"","vid_yb_channelid":"","vid_yb_videocategoryid":"","vid_yb_maxresults":"","vid_yb_order":"","vid_yb_regioncode":"","vid_yb_videosyndicated":"","vid_yb_style":"","vid_yb_reload_first":""},"video_series_settings":{"vid_m_director":"","vid_m_actor":"","vid_m_imdb_ratings":"","video_series_group":""},"amazon_associates_settings":{"amazon_associates":"","amazon_native_ad":""},"vid_youtube_automatic_settings":{"vid_ya_youtube_source":"","vid_ya_update_every":"","vid_ya_update_unit":"","vid_ya_categories":"","vid_ya_published_after":"","vid_ya_published_before":"","vid_ya_playlists":"","vid_ya_channels":"","vid_ya_director":"","vid_ya_actor":"","vid_ya_author":"","vid_ya_import_post_date":"","vid_ya_status":"","vid_ya_sub_api_key":""},"vid_ads_m_videoads_settings_post":{"vid_ads_m_video_ads":"","vid_ads_m_video_ads_type":"","vid_ads_m_group_google_ima":"","vid_ads_m_group_image":"","vid_ads_m_group_html5_video":"","vid_ads_m_group_html":"","vid_ads_m_vast_preroll":"","vid_ads_m_vast_postroll":"","vid_ads_m_vast_pauseroll":"","vid_ads_m_vast_midroll":[{"vid_ads_m_vast_timer_seconds":"50"}],"vid_ads_m_time_to_show_ads":"","vid_ads_m_time_skip_ads":"","vid_ads_m_time_to_hide_ads":""},"page_slider_settings":{"display_slider_group":"","page_slider_group":""},"blog_page_settings":{"blog_page_title":"","blog_page_heading":"","blog_page_ic":"","blog_page_it":"","blog_page_ec":"","blog_page_ip":"","archive_loop_style":"","blog_image_ratio":"","blog_show_categories":"","blog_show_excerpt":"","blog_show_author":"","blog_show_date":"","blog_show_comment_count":"","blog_show_view_count":"","blog_show_like_count":"","blog_show_dislike_count":"","blog_items_per_page":"","blog_pag_type":""},"page_options":{"get_page_template":"","color_mode":"","main_layout":"","main_layout_full_with":"","main_logo":"","main_logo_retina":"","main_logo_mobile":"","main_logo_mobile_retina":"","sticky_logo":"","sticky_logo_retina":"","main_nav_layout":"","ajax_search":"","header_background":"","theme_sidebar":"","instagram_feed":"","instagram_feed_position":"","popular_videos":"","popular_videos_title_1":"","popular_videos_title_2":"","popular_videos_ic":"","popular_videos_it":"","theme_background":"","page_custom_css":""},"feature_image_settings":{"feature_image_position":""},"video_player_settings":{"single_video_style":"","video_player_position":"","vm_video_url":"","video_player_library":"","video_streaming":"","vm_media_sources":"","vid_auto_play":"","vm_video_shortcode":"","vid_p_sync_playlist":"","vid_c_sync_channel":"","get_post_format":"","multiple_links_structure":"default","multi_links_title":"","vm_video_multi_links":"","vm_duration":"","vid_social_locker":"off","vid_social_locker_id":"","vid_membership_action":"content-video","vm_video_trailer_url":"","vid_download_type":"free","vid_download_target":"download","vid_woo_product":"","vm_media_download":"","user_rating":"","user_rating_position":"","user_rating_mode":"","user_rating_multi_sets":""},"video_auto_fetch_settings":{"vm_video_fetch":"on"},"video_fake_views_likes":{"vm_fake_views":"","vm_fake_likes":"","vm_fake_dislikes":""},"gallery_settings":{"gallery_position":""},"quote_settings":{"quote_position":""},"post_options":{"main_layout":"","main_logo":"","main_logo_retina":"","main_logo_mobile":"","main_logo_mobile_retina":"","sticky_logo":"","sticky_logo_retina":"","main_nav_layout":"","header_background":"","theme_sidebar":"","single_post_comment_type":"","theme_background":""}},"_links":{"self":[{"href":"https:\/\/canal7slp.tv\/2019\/wp-json\/wp\/v2\/posts\/13255","targetHints":{"allow":["GET"]}}],"collection":[{"href":"https:\/\/canal7slp.tv\/2019\/wp-json\/wp\/v2\/posts"}],"about":[{"href":"https:\/\/canal7slp.tv\/2019\/wp-json\/wp\/v2\/types\/post"}],"author":[{"embeddable":true,"href":"https:\/\/canal7slp.tv\/2019\/wp-json\/wp\/v2\/users\/2"}],"replies":[{"embeddable":true,"href":"https:\/\/canal7slp.tv\/2019\/wp-json\/wp\/v2\/comments?post=13255"}],"version-history":[{"count":0,"href":"https:\/\/canal7slp.tv\/2019\/wp-json\/wp\/v2\/posts\/13255\/revisions"}],"wp:featuredmedia":[{"embeddable":true,"href":"https:\/\/canal7slp.tv\/2019\/wp-json\/wp\/v2\/media\/13256"}],"wp:attachment":[{"href":"https:\/\/canal7slp.tv\/2019\/wp-json\/wp\/v2\/media?parent=13255"}],"wp:term":[{"taxonomy":"category","embeddable":true,"href":"https:\/\/canal7slp.tv\/2019\/wp-json\/wp\/v2\/categories?post=13255"},{"taxonomy":"post_tag","embeddable":true,"href":"https:\/\/canal7slp.tv\/2019\/wp-json\/wp\/v2\/tags?post=13255"}],"curies":[{"name":"wp","href":"https:\/\/api.w.org\/{rel}","templated":true}]}}